{"id":66667,"date":"2019-01-10T13:17:02","date_gmt":"2019-01-10T16:17:02","guid":{"rendered":"http:\/\/anoticiaonline.com.br\/site\/?p=66667"},"modified":"2019-01-10T13:20:30","modified_gmt":"2019-01-10T16:20:30","slug":"ataque-reforcado","status":"publish","type":"post","link":"https:\/\/anoticiaonline.com.br\/site\/ataque-reforcado\/","title":{"rendered":"Ataque refor\u00e7ado"},"content":{"rendered":"<p><a href=\"https:\/\/anoticiaonline.com.br\/site\/wp-content\/uploads\/2019\/01\/capa-fubetol.jpg\"><img fetchpriority=\"high\" decoding=\"async\" class=\"aligncenter size-full wp-image-66672\" src=\"https:\/\/anoticiaonline.com.br\/site\/wp-content\/uploads\/2019\/01\/capa-fubetol.jpg\" alt=\"\" width=\"1000\" height=\"750\" srcset=\"https:\/\/anoticiaonline.com.br\/site\/wp-content\/uploads\/2019\/01\/capa-fubetol.jpg 1000w, https:\/\/anoticiaonline.com.br\/site\/wp-content\/uploads\/2019\/01\/capa-fubetol-300x225.jpg 300w, https:\/\/anoticiaonline.com.br\/site\/wp-content\/uploads\/2019\/01\/capa-fubetol-768x576.jpg 768w, https:\/\/anoticiaonline.com.br\/site\/wp-content\/uploads\/2019\/01\/capa-fubetol-105x80.jpg 105w\" sizes=\"(max-width: 1000px) 100vw, 1000px\" \/><\/a>O Nacional contratou mais dois jogadores para a disputa do M\u00f3dulo II do Campeonato Mineiro: o centroavante Gleisson, de 36 anos e o atacante Lucas Sales, de 22 anos.<\/p>\n<p>Os atletas j\u00e1 est\u00e3o treinando com o restante do elenco, que agora conta com 24 jogadores, mais tr\u00eas garotos da base. Pelo regulamento da competi\u00e7\u00e3o, s\u00e3o permitidas as inscri\u00e7\u00f5es de 30 jogadores, sendo sete acima de 24 anos. O Nacional tem mais duas vagas acima da idade para sempre preenchidas.<\/p>\n<p><!--more--><\/p>\n<p><strong>Saiba mais sobre os novos refor\u00e7os do NAC:<\/strong><\/p>\n<p><strong>ATACANTE:\u00a0GLEISSON<\/strong><\/p>\n<figure id=\"attachment_66668\" aria-describedby=\"caption-attachment-66668\" style=\"width: 690px\" class=\"wp-caption aligncenter\"><a href=\"https:\/\/anoticiaonline.com.br\/site\/wp-content\/uploads\/2019\/01\/136382_med_gleisson.jpg\"><img decoding=\"async\" class=\"wp-image-66668 size-full\" src=\"https:\/\/anoticiaonline.com.br\/site\/wp-content\/uploads\/2019\/01\/136382_med_gleisson.jpg\" alt=\"\" width=\"700\" height=\"783\" srcset=\"https:\/\/anoticiaonline.com.br\/site\/wp-content\/uploads\/2019\/01\/136382_med_gleisson.jpg 700w, https:\/\/anoticiaonline.com.br\/site\/wp-content\/uploads\/2019\/01\/136382_med_gleisson-268x300.jpg 268w\" sizes=\"(max-width: 700px) 100vw, 700px\" \/><\/a><figcaption id=\"caption-attachment-66668\" class=\"wp-caption-text\">Foto: ASCOM NAC<\/figcaption><\/figure>\n<p>Nome Completo: Gleisson Jorge de Souza Freire<br \/>\nIdade: 36 anos (03\/05\/1982)<br \/>\nAltura: 1,88<br \/>\nClubes: Rio Negro\/AM; Am\u00e9rica\/RJ; Al Minaa\/IRQ; Duque de Caxias\/RJ; Barra da Tijuca\/RJ; Madureira\/RJ; Kawkab\/MAR; Mesquita\/RJ; Terengganu\/TAI; Asante\/GAN; Dyto\/TOG; Americano\/RJ; Salamanca\/ESP; Danubio\/URU; Portuguesa\/RJ<\/p>\n<p>Ficha: http:\/\/<a href=\"http:\/\/www.ogol.com.br\/player.php?id=332003\">www.ogol.com.br\/player.php?id=332003<\/a><br \/>\nV\u00eddeo: http:\/\/<a href=\"http:\/\/www.youtube.com\/watch?v=wwe9Z0fnmf4\">www.youtube.com\/watch?v=wwe9Z0fnmf4<\/a><\/p>\n<p>&nbsp;<\/p>\n<p><strong>ATACANTE: LUCAS SALES<\/strong><\/p>\n<figure id=\"attachment_66670\" aria-describedby=\"caption-attachment-66670\" style=\"width: 647px\" class=\"wp-caption aligncenter\"><a href=\"https:\/\/anoticiaonline.com.br\/site\/wp-content\/uploads\/2019\/01\/download.jpg\"><img decoding=\"async\" class=\"wp-image-66670 size-full\" src=\"https:\/\/anoticiaonline.com.br\/site\/wp-content\/uploads\/2019\/01\/download.jpg\" alt=\"\" width=\"657\" height=\"800\" srcset=\"https:\/\/anoticiaonline.com.br\/site\/wp-content\/uploads\/2019\/01\/download.jpg 657w, https:\/\/anoticiaonline.com.br\/site\/wp-content\/uploads\/2019\/01\/download-246x300.jpg 246w\" sizes=\"(max-width: 657px) 100vw, 657px\" \/><\/a><figcaption id=\"caption-attachment-66670\" class=\"wp-caption-text\">Foto: http:\/\/www.jornadainterativa.com.br<\/figcaption><\/figure>\n<p>Nome Completo: Lucas da Silva Sales<br \/>\nIdade: 22 anos (26\/07\/1996)<br \/>\nClubes: Friburguense\/RJ; Nova Igua\u00e7u\/RJ; Santa Cruz (RJ)<br \/>\nFicha: http:\/\/<a href=\"http:\/\/www.ogol.com.br\/player.php?id=470187\">www.ogol.com.br\/player.php?id=470187<\/a><\/p>\n<p>&nbsp;<\/p>\n<p><strong>CONFIRA O ELENCO ATUALIZADO:<\/strong><br \/>\nGoleiros: Giovanni, Jorge Luiz e Lucas Fritz<br \/>\nLaterais-Direitos: Ga\u00facho, Jairo e Lucas Henrique<br \/>\nLateral-Esquerdo: Matheus do \u00d3<br \/>\nZagueiros: Bruno Sim\u00f5es, Igor Caldeira, Luiz Felipe e Vidal<br \/>\nVolantes: Caio, Rodrigo Paulista, Ronald e Yuri<br \/>\nMeias: Felipe Camacho, Igor Salles, Jo\u00e3o Willian, Juninho e Mateus Jorge<br \/>\nAtacantes: Gleisson, Lucas Sales, Ramon e Wagner Jr<\/p>\n","protected":false},"excerpt":{"rendered":"<p>O Nacional contratou mais dois jogadores para a disputa do M\u00f3dulo II do Campeonato Mineiro: o centroavante Gleisson, de 36 anos e o atacante Lucas Sales, de 22 anos. Os atletas j\u00e1 est\u00e3o treinando com o restante do elenco, que agora conta com 24 jogadores, mais tr\u00eas garotos da base. Pelo regulamento da competi\u00e7\u00e3o, s\u00e3o &#8230; <a title=\"Ataque refor\u00e7ado\" class=\"read-more\" href=\"https:\/\/anoticiaonline.com.br\/site\/ataque-reforcado\/\" aria-label=\"Read more about Ataque refor\u00e7ado\">Ler mais<\/a><\/p>\n","protected":false},"author":2,"featured_media":66672,"comment_status":"open","ping_status":"open","sticky":false,"template":"","format":"standard","meta":{"_acf_changed":false,"_monsterinsights_skip_tracking":false,"footnotes":""},"categories":[30,29],"tags":[3608,325,3609],"class_list":["post-66667","post","type-post","status-publish","format-standard","has-post-thumbnail","hentry","category-muriae","category-esporte","tag-ataque-reforcado","tag-nac","tag-nac-muriae"],"acf":[],"aioseo_notices":[],"aioseo_head":"\n\t\t<!-- All in One SEO 5.0.0.1 - aioseo.com -->\n\t<meta name=\"description\" content=\"O Nacional contratou mais dois jogadores para a disputa do M\u00f3dulo II do Campeonato Mineiro: o centroavante Gleisson, de 36 anos e o atacante Lucas Sales, de 22 anos. Os atletas j\u00e1 est\u00e3o treinando com o restante do elenco, que agora conta com 24 jogadores, mais tr\u00eas garotos da base. Pelo regulamento da competi\u00e7\u00e3o, s\u00e3o\" \/>\n\t<meta name=\"robots\" content=\"max-image-preview:large\" \/>\n\t<meta name=\"author\" content=\"Juliana Laviola\"\/>\n\t<link rel=\"canonical\" href=\"https:\/\/anoticiaonline.com.br\/site\/ataque-reforcado\/\" \/>\n\t<meta name=\"generator\" content=\"All in One SEO (AIOSEO) 5.0.0.1\" \/>\n\t\t<meta property=\"og:locale\" content=\"pt_BR\" \/>\n\t\t<meta property=\"og:site_name\" content=\"A Not\u00edcia Online - Noticias de Muria\u00e9 e regi\u00e3o\" \/>\n\t\t<meta property=\"og:type\" content=\"article\" \/>\n\t\t<meta property=\"og:title\" content=\"Ataque refor\u00e7ado - A Not\u00edcia Online\" \/>\n\t\t<meta property=\"og:description\" content=\"O Nacional contratou mais dois jogadores para a disputa do M\u00f3dulo II do Campeonato Mineiro: o centroavante Gleisson, de 36 anos e o atacante Lucas Sales, de 22 anos. Os atletas j\u00e1 est\u00e3o treinando com o restante do elenco, que agora conta com 24 jogadores, mais tr\u00eas garotos da base. Pelo regulamento da competi\u00e7\u00e3o, s\u00e3o\" \/>\n\t\t<meta property=\"og:url\" content=\"https:\/\/anoticiaonline.com.br\/site\/ataque-reforcado\/\" \/>\n\t\t<meta property=\"og:image\" content=\"https:\/\/scontent-gig4-1.xx.fbcdn.net\/v\/t39.30808-1\/270437624_4564083193639691_6907940295614233970_n.jpg?stp=dst-jpg_s200x200_tt6&#038;_nc_cat=111&#038;ccb=1-7&#038;_nc_sid=f907e8&#038;_nc_ohc=SM1wRlP3lJwQ7kNvwEPuBYA&#038;_nc_oc=AdnqrjDN_BNjSSHWO-GbkIWH6fkGMLw4bqvL_NH6e2wMveX7G-rP2dAqsDSq1mJMOaY&#038;_nc_zt=24&#038;_nc_ht=scontent-gig4-1.xx&#038;_nc_gid=AoBFJeGrT1hVaew_6rchkQ&#038;oh=00_AfX7QmFGhQhG2jAllVgXCiM1ZrWgvtp80-Bfppyexh1QEg&#038;oe=689E923C\" \/>\n\t\t<meta property=\"og:image:secure_url\" content=\"https:\/\/scontent-gig4-1.xx.fbcdn.net\/v\/t39.30808-1\/270437624_4564083193639691_6907940295614233970_n.jpg?stp=dst-jpg_s200x200_tt6&#038;_nc_cat=111&#038;ccb=1-7&#038;_nc_sid=f907e8&#038;_nc_ohc=SM1wRlP3lJwQ7kNvwEPuBYA&#038;_nc_oc=AdnqrjDN_BNjSSHWO-GbkIWH6fkGMLw4bqvL_NH6e2wMveX7G-rP2dAqsDSq1mJMOaY&#038;_nc_zt=24&#038;_nc_ht=scontent-gig4-1.xx&#038;_nc_gid=AoBFJeGrT1hVaew_6rchkQ&#038;oh=00_AfX7QmFGhQhG2jAllVgXCiM1ZrWgvtp80-Bfppyexh1QEg&#038;oe=689E923C\" \/>\n\t\t<meta property=\"article:published_time\" content=\"2019-01-10T16:17:02+00:00\" \/>\n\t\t<meta property=\"article:modified_time\" content=\"2019-01-10T16:20:30+00:00\" \/>\n\t\t<meta name=\"twitter:card\" content=\"summary_large_image\" \/>\n\t\t<meta name=\"twitter:title\" content=\"Ataque refor\u00e7ado - A Not\u00edcia Online\" \/>\n\t\t<meta name=\"twitter:description\" content=\"O Nacional contratou mais dois jogadores para a disputa do M\u00f3dulo II do Campeonato Mineiro: o centroavante Gleisson, de 36 anos e o atacante Lucas Sales, de 22 anos. Os atletas j\u00e1 est\u00e3o treinando com o restante do elenco, que agora conta com 24 jogadores, mais tr\u00eas garotos da base. Pelo regulamento da competi\u00e7\u00e3o, s\u00e3o\" \/>\n\t\t<meta name=\"twitter:image\" content=\"https:\/\/scontent-gig4-1.xx.fbcdn.net\/v\/t39.30808-1\/270437624_4564083193639691_6907940295614233970_n.jpg?stp=dst-jpg_s200x200_tt6&amp;_nc_cat=111&amp;ccb=1-7&amp;_nc_sid=f907e8&amp;_nc_ohc=SM1wRlP3lJwQ7kNvwEPuBYA&amp;_nc_oc=AdnqrjDN_BNjSSHWO-GbkIWH6fkGMLw4bqvL_NH6e2wMveX7G-rP2dAqsDSq1mJMOaY&amp;_nc_zt=24&amp;_nc_ht=scontent-gig4-1.xx&amp;_nc_gid=AoBFJeGrT1hVaew_6rchkQ&amp;oh=00_AfX7QmFGhQhG2jAllVgXCiM1ZrWgvtp80-Bfppyexh1QEg&amp;oe=689E923C\" \/>\n\t\t<script type=\"application\/ld+json\" class=\"aioseo-schema\">\n\t\t\t{\"@context\":\"https:\\\/\\\/schema.org\",\"@graph\":[{\"@type\":\"BlogPosting\",\"@id\":\"https:\\\/\\\/anoticiaonline.com.br\\\/site\\\/ataque-reforcado\\\/#blogposting\",\"name\":\"Ataque refor\\u00e7ado - A Not\\u00edcia Online\",\"headline\":\"Ataque refor\\u00e7ado\",\"author\":{\"@id\":\"https:\\\/\\\/anoticiaonline.com.br\\\/site\\\/author\\\/juliana\\\/#author\"},\"publisher\":{\"@id\":\"https:\\\/\\\/anoticiaonline.com.br\\\/site\\\/#organization\"},\"image\":{\"@type\":\"ImageObject\",\"url\":\"https:\\\/\\\/anoticiaonline.com.br\\\/site\\\/wp-content\\\/uploads\\\/2019\\\/01\\\/capa-fubetol.jpg\",\"width\":1000,\"height\":750},\"datePublished\":\"2019-01-10T13:17:02-03:00\",\"dateModified\":\"2019-01-10T13:20:30-03:00\",\"inLanguage\":\"pt-BR\",\"mainEntityOfPage\":{\"@id\":\"https:\\\/\\\/anoticiaonline.com.br\\\/site\\\/ataque-reforcado\\\/#webpage\"},\"isPartOf\":{\"@id\":\"https:\\\/\\\/anoticiaonline.com.br\\\/site\\\/ataque-reforcado\\\/#webpage\"},\"articleSection\":\"Blog, Esporte, Ataque refor\\u00e7ado, nac, NAC Muria\\u00e9\"},{\"@type\":\"BreadcrumbList\",\"@id\":\"https:\\\/\\\/anoticiaonline.com.br\\\/site\\\/ataque-reforcado\\\/#breadcrumblist\",\"itemListElement\":[{\"@type\":\"ListItem\",\"@id\":\"https:\\\/\\\/anoticiaonline.com.br\\\/site#listItem\",\"position\":1,\"name\":\"Home\",\"item\":\"https:\\\/\\\/anoticiaonline.com.br\\\/site\",\"nextItem\":{\"@type\":\"ListItem\",\"@id\":\"https:\\\/\\\/anoticiaonline.com.br\\\/site\\\/categoria\\\/esporte\\\/#listItem\",\"name\":\"Esporte\"}},{\"@type\":\"ListItem\",\"@id\":\"https:\\\/\\\/anoticiaonline.com.br\\\/site\\\/categoria\\\/esporte\\\/#listItem\",\"position\":2,\"name\":\"Esporte\",\"item\":\"https:\\\/\\\/anoticiaonline.com.br\\\/site\\\/categoria\\\/esporte\\\/\",\"nextItem\":{\"@type\":\"ListItem\",\"@id\":\"https:\\\/\\\/anoticiaonline.com.br\\\/site\\\/ataque-reforcado\\\/#listItem\",\"name\":\"Ataque refor\\u00e7ado\"},\"previousItem\":{\"@type\":\"ListItem\",\"@id\":\"https:\\\/\\\/anoticiaonline.com.br\\\/site#listItem\",\"name\":\"Home\"}},{\"@type\":\"ListItem\",\"@id\":\"https:\\\/\\\/anoticiaonline.com.br\\\/site\\\/ataque-reforcado\\\/#listItem\",\"position\":3,\"name\":\"Ataque refor\\u00e7ado\",\"previousItem\":{\"@type\":\"ListItem\",\"@id\":\"https:\\\/\\\/anoticiaonline.com.br\\\/site\\\/categoria\\\/esporte\\\/#listItem\",\"name\":\"Esporte\"}}]},{\"@type\":\"Organization\",\"@id\":\"https:\\\/\\\/anoticiaonline.com.br\\\/site\\\/#organization\",\"name\":\"A Not\\u00edcia Online\",\"description\":\"Noticias de Muria\\u00e9 e regi\\u00e3o\",\"url\":\"https:\\\/\\\/anoticiaonline.com.br\\\/site\\\/\",\"logo\":{\"@type\":\"ImageObject\",\"url\":\"https:\\\/\\\/scontent-gig4-1.xx.fbcdn.net\\\/v\\\/t39.30808-1\\\/270437624_4564083193639691_6907940295614233970_n.jpg?stp=dst-jpg_s200x200_tt6&_nc_cat=111&ccb=1-7&_nc_sid=f907e8&_nc_ohc=SM1wRlP3lJwQ7kNvwEPuBYA&_nc_oc=AdnqrjDN_BNjSSHWO-GbkIWH6fkGMLw4bqvL_NH6e2wMveX7G-rP2dAqsDSq1mJMOaY&_nc_zt=24&_nc_ht=scontent-gig4-1.xx&_nc_gid=AoBFJeGrT1hVaew_6rchkQ&oh=00_AfX7QmFGhQhG2jAllVgXCiM1ZrWgvtp80-Bfppyexh1QEg&oe=689E923C\",\"@id\":\"https:\\\/\\\/anoticiaonline.com.br\\\/site\\\/ataque-reforcado\\\/#organizationLogo\"},\"image\":{\"@id\":\"https:\\\/\\\/anoticiaonline.com.br\\\/site\\\/ataque-reforcado\\\/#organizationLogo\"}},{\"@type\":\"Person\",\"@id\":\"https:\\\/\\\/anoticiaonline.com.br\\\/site\\\/author\\\/juliana\\\/#author\",\"url\":\"https:\\\/\\\/anoticiaonline.com.br\\\/site\\\/author\\\/juliana\\\/\",\"name\":\"Juliana Laviola\",\"image\":{\"@type\":\"ImageObject\",\"@id\":\"https:\\\/\\\/anoticiaonline.com.br\\\/site\\\/ataque-reforcado\\\/#authorImage\",\"url\":\"https:\\\/\\\/secure.gravatar.com\\\/avatar\\\/b8d45f5c699b100dfaf0e543582f38f38bf94cb7ae3a5e9abf8d891a34773335?s=96&d=mm&r=g\",\"width\":96,\"height\":96,\"caption\":\"Juliana Laviola\"}},{\"@type\":\"WebPage\",\"@id\":\"https:\\\/\\\/anoticiaonline.com.br\\\/site\\\/ataque-reforcado\\\/#webpage\",\"url\":\"https:\\\/\\\/anoticiaonline.com.br\\\/site\\\/ataque-reforcado\\\/\",\"name\":\"Ataque refor\\u00e7ado - A Not\\u00edcia Online\",\"description\":\"O Nacional contratou mais dois jogadores para a disputa do M\\u00f3dulo II do Campeonato Mineiro: o centroavante Gleisson, de 36 anos e o atacante Lucas Sales, de 22 anos. Os atletas j\\u00e1 est\\u00e3o treinando com o restante do elenco, que agora conta com 24 jogadores, mais tr\\u00eas garotos da base. Pelo regulamento da competi\\u00e7\\u00e3o, s\\u00e3o\",\"inLanguage\":\"pt-BR\",\"isPartOf\":{\"@id\":\"https:\\\/\\\/anoticiaonline.com.br\\\/site\\\/#website\"},\"breadcrumb\":{\"@id\":\"https:\\\/\\\/anoticiaonline.com.br\\\/site\\\/ataque-reforcado\\\/#breadcrumblist\"},\"author\":{\"@id\":\"https:\\\/\\\/anoticiaonline.com.br\\\/site\\\/author\\\/juliana\\\/#author\"},\"creator\":{\"@id\":\"https:\\\/\\\/anoticiaonline.com.br\\\/site\\\/author\\\/juliana\\\/#author\"},\"image\":{\"@type\":\"ImageObject\",\"url\":\"https:\\\/\\\/anoticiaonline.com.br\\\/site\\\/wp-content\\\/uploads\\\/2019\\\/01\\\/capa-fubetol.jpg\",\"@id\":\"https:\\\/\\\/anoticiaonline.com.br\\\/site\\\/ataque-reforcado\\\/#mainImage\",\"width\":1000,\"height\":750},\"primaryImageOfPage\":{\"@id\":\"https:\\\/\\\/anoticiaonline.com.br\\\/site\\\/ataque-reforcado\\\/#mainImage\"},\"datePublished\":\"2019-01-10T13:17:02-03:00\",\"dateModified\":\"2019-01-10T13:20:30-03:00\"},{\"@type\":\"WebSite\",\"@id\":\"https:\\\/\\\/anoticiaonline.com.br\\\/site\\\/#website\",\"url\":\"https:\\\/\\\/anoticiaonline.com.br\\\/site\\\/\",\"name\":\"A Not\\u00edcia Online\",\"description\":\"Noticias de Muria\\u00e9 e regi\\u00e3o\",\"inLanguage\":\"pt-BR\",\"publisher\":{\"@id\":\"https:\\\/\\\/anoticiaonline.com.br\\\/site\\\/#organization\"}}]}\n\t\t<\/script>\n\t\t<!-- All in One SEO -->\n\n","aioseo_head_json":{"title":"Ataque refor\u00e7ado - A Not\u00edcia Online","description":"O Nacional contratou mais dois jogadores para a disputa do M\u00f3dulo II do Campeonato Mineiro: o centroavante Gleisson, de 36 anos e o atacante Lucas Sales, de 22 anos. Os atletas j\u00e1 est\u00e3o treinando com o restante do elenco, que agora conta com 24 jogadores, mais tr\u00eas garotos da base. Pelo regulamento da competi\u00e7\u00e3o, s\u00e3o","canonical_url":"https:\/\/anoticiaonline.com.br\/site\/ataque-reforcado\/","robots":"max-image-preview:large","keywords":"","webmasterTools":{"miscellaneous":""},"schema":{"@context":"https:\/\/schema.org","@graph":[{"@type":"BlogPosting","@id":"https:\/\/anoticiaonline.com.br\/site\/ataque-reforcado\/#blogposting","name":"Ataque refor\u00e7ado - A Not\u00edcia Online","headline":"Ataque refor\u00e7ado","author":{"@id":"https:\/\/anoticiaonline.com.br\/site\/author\/juliana\/#author"},"publisher":{"@id":"https:\/\/anoticiaonline.com.br\/site\/#organization"},"image":{"@type":"ImageObject","url":"https:\/\/anoticiaonline.com.br\/site\/wp-content\/uploads\/2019\/01\/capa-fubetol.jpg","width":1000,"height":750},"datePublished":"2019-01-10T13:17:02-03:00","dateModified":"2019-01-10T13:20:30-03:00","inLanguage":"pt-BR","mainEntityOfPage":{"@id":"https:\/\/anoticiaonline.com.br\/site\/ataque-reforcado\/#webpage"},"isPartOf":{"@id":"https:\/\/anoticiaonline.com.br\/site\/ataque-reforcado\/#webpage"},"articleSection":"Blog, Esporte, Ataque refor\u00e7ado, nac, NAC Muria\u00e9"},{"@type":"BreadcrumbList","@id":"https:\/\/anoticiaonline.com.br\/site\/ataque-reforcado\/#breadcrumblist","itemListElement":[{"@type":"ListItem","@id":"https:\/\/anoticiaonline.com.br\/site#listItem","position":1,"name":"Home","item":"https:\/\/anoticiaonline.com.br\/site","nextItem":{"@type":"ListItem","@id":"https:\/\/anoticiaonline.com.br\/site\/categoria\/esporte\/#listItem","name":"Esporte"}},{"@type":"ListItem","@id":"https:\/\/anoticiaonline.com.br\/site\/categoria\/esporte\/#listItem","position":2,"name":"Esporte","item":"https:\/\/anoticiaonline.com.br\/site\/categoria\/esporte\/","nextItem":{"@type":"ListItem","@id":"https:\/\/anoticiaonline.com.br\/site\/ataque-reforcado\/#listItem","name":"Ataque refor\u00e7ado"},"previousItem":{"@type":"ListItem","@id":"https:\/\/anoticiaonline.com.br\/site#listItem","name":"Home"}},{"@type":"ListItem","@id":"https:\/\/anoticiaonline.com.br\/site\/ataque-reforcado\/#listItem","position":3,"name":"Ataque refor\u00e7ado","previousItem":{"@type":"ListItem","@id":"https:\/\/anoticiaonline.com.br\/site\/categoria\/esporte\/#listItem","name":"Esporte"}}]},{"@type":"Organization","@id":"https:\/\/anoticiaonline.com.br\/site\/#organization","name":"A Not\u00edcia Online","description":"Noticias de Muria\u00e9 e regi\u00e3o","url":"https:\/\/anoticiaonline.com.br\/site\/","logo":{"@type":"ImageObject","url":"https:\/\/scontent-gig4-1.xx.fbcdn.net\/v\/t39.30808-1\/270437624_4564083193639691_6907940295614233970_n.jpg?stp=dst-jpg_s200x200_tt6&_nc_cat=111&ccb=1-7&_nc_sid=f907e8&_nc_ohc=SM1wRlP3lJwQ7kNvwEPuBYA&_nc_oc=AdnqrjDN_BNjSSHWO-GbkIWH6fkGMLw4bqvL_NH6e2wMveX7G-rP2dAqsDSq1mJMOaY&_nc_zt=24&_nc_ht=scontent-gig4-1.xx&_nc_gid=AoBFJeGrT1hVaew_6rchkQ&oh=00_AfX7QmFGhQhG2jAllVgXCiM1ZrWgvtp80-Bfppyexh1QEg&oe=689E923C","@id":"https:\/\/anoticiaonline.com.br\/site\/ataque-reforcado\/#organizationLogo"},"image":{"@id":"https:\/\/anoticiaonline.com.br\/site\/ataque-reforcado\/#organizationLogo"}},{"@type":"Person","@id":"https:\/\/anoticiaonline.com.br\/site\/author\/juliana\/#author","url":"https:\/\/anoticiaonline.com.br\/site\/author\/juliana\/","name":"Juliana Laviola","image":{"@type":"ImageObject","@id":"https:\/\/anoticiaonline.com.br\/site\/ataque-reforcado\/#authorImage","url":"https:\/\/secure.gravatar.com\/avatar\/b8d45f5c699b100dfaf0e543582f38f38bf94cb7ae3a5e9abf8d891a34773335?s=96&d=mm&r=g","width":96,"height":96,"caption":"Juliana Laviola"}},{"@type":"WebPage","@id":"https:\/\/anoticiaonline.com.br\/site\/ataque-reforcado\/#webpage","url":"https:\/\/anoticiaonline.com.br\/site\/ataque-reforcado\/","name":"Ataque refor\u00e7ado - A Not\u00edcia Online","description":"O Nacional contratou mais dois jogadores para a disputa do M\u00f3dulo II do Campeonato Mineiro: o centroavante Gleisson, de 36 anos e o atacante Lucas Sales, de 22 anos. Os atletas j\u00e1 est\u00e3o treinando com o restante do elenco, que agora conta com 24 jogadores, mais tr\u00eas garotos da base. Pelo regulamento da competi\u00e7\u00e3o, s\u00e3o","inLanguage":"pt-BR","isPartOf":{"@id":"https:\/\/anoticiaonline.com.br\/site\/#website"},"breadcrumb":{"@id":"https:\/\/anoticiaonline.com.br\/site\/ataque-reforcado\/#breadcrumblist"},"author":{"@id":"https:\/\/anoticiaonline.com.br\/site\/author\/juliana\/#author"},"creator":{"@id":"https:\/\/anoticiaonline.com.br\/site\/author\/juliana\/#author"},"image":{"@type":"ImageObject","url":"https:\/\/anoticiaonline.com.br\/site\/wp-content\/uploads\/2019\/01\/capa-fubetol.jpg","@id":"https:\/\/anoticiaonline.com.br\/site\/ataque-reforcado\/#mainImage","width":1000,"height":750},"primaryImageOfPage":{"@id":"https:\/\/anoticiaonline.com.br\/site\/ataque-reforcado\/#mainImage"},"datePublished":"2019-01-10T13:17:02-03:00","dateModified":"2019-01-10T13:20:30-03:00"},{"@type":"WebSite","@id":"https:\/\/anoticiaonline.com.br\/site\/#website","url":"https:\/\/anoticiaonline.com.br\/site\/","name":"A Not\u00edcia Online","description":"Noticias de Muria\u00e9 e regi\u00e3o","inLanguage":"pt-BR","publisher":{"@id":"https:\/\/anoticiaonline.com.br\/site\/#organization"}}]},"og:locale":"pt_BR","og:site_name":"A Not\u00edcia Online - Noticias de Muria\u00e9 e regi\u00e3o","og:type":"article","og:title":"Ataque refor\u00e7ado - A Not\u00edcia Online","og:description":"O Nacional contratou mais dois jogadores para a disputa do M\u00f3dulo II do Campeonato Mineiro: o centroavante Gleisson, de 36 anos e o atacante Lucas Sales, de 22 anos. Os atletas j\u00e1 est\u00e3o treinando com o restante do elenco, que agora conta com 24 jogadores, mais tr\u00eas garotos da base. Pelo regulamento da competi\u00e7\u00e3o, s\u00e3o","og:url":"https:\/\/anoticiaonline.com.br\/site\/ataque-reforcado\/","og:image":"https:\/\/scontent-gig4-1.xx.fbcdn.net\/v\/t39.30808-1\/270437624_4564083193639691_6907940295614233970_n.jpg?stp=dst-jpg_s200x200_tt6&#038;_nc_cat=111&#038;ccb=1-7&#038;_nc_sid=f907e8&#038;_nc_ohc=SM1wRlP3lJwQ7kNvwEPuBYA&#038;_nc_oc=AdnqrjDN_BNjSSHWO-GbkIWH6fkGMLw4bqvL_NH6e2wMveX7G-rP2dAqsDSq1mJMOaY&#038;_nc_zt=24&#038;_nc_ht=scontent-gig4-1.xx&#038;_nc_gid=AoBFJeGrT1hVaew_6rchkQ&#038;oh=00_AfX7QmFGhQhG2jAllVgXCiM1ZrWgvtp80-Bfppyexh1QEg&#038;oe=689E923C","og:image:secure_url":"https:\/\/scontent-gig4-1.xx.fbcdn.net\/v\/t39.30808-1\/270437624_4564083193639691_6907940295614233970_n.jpg?stp=dst-jpg_s200x200_tt6&#038;_nc_cat=111&#038;ccb=1-7&#038;_nc_sid=f907e8&#038;_nc_ohc=SM1wRlP3lJwQ7kNvwEPuBYA&#038;_nc_oc=AdnqrjDN_BNjSSHWO-GbkIWH6fkGMLw4bqvL_NH6e2wMveX7G-rP2dAqsDSq1mJMOaY&#038;_nc_zt=24&#038;_nc_ht=scontent-gig4-1.xx&#038;_nc_gid=AoBFJeGrT1hVaew_6rchkQ&#038;oh=00_AfX7QmFGhQhG2jAllVgXCiM1ZrWgvtp80-Bfppyexh1QEg&#038;oe=689E923C","article:published_time":"2019-01-10T16:17:02+00:00","article:modified_time":"2019-01-10T16:20:30+00:00","twitter:card":"summary_large_image","twitter:title":"Ataque refor\u00e7ado - A Not\u00edcia Online","twitter:description":"O Nacional contratou mais dois jogadores para a disputa do M\u00f3dulo II do Campeonato Mineiro: o centroavante Gleisson, de 36 anos e o atacante Lucas Sales, de 22 anos. Os atletas j\u00e1 est\u00e3o treinando com o restante do elenco, que agora conta com 24 jogadores, mais tr\u00eas garotos da base. Pelo regulamento da competi\u00e7\u00e3o, s\u00e3o","twitter:image":"https:\/\/scontent-gig4-1.xx.fbcdn.net\/v\/t39.30808-1\/270437624_4564083193639691_6907940295614233970_n.jpg?stp=dst-jpg_s200x200_tt6&_nc_cat=111&ccb=1-7&_nc_sid=f907e8&_nc_ohc=SM1wRlP3lJwQ7kNvwEPuBYA&_nc_oc=AdnqrjDN_BNjSSHWO-GbkIWH6fkGMLw4bqvL_NH6e2wMveX7G-rP2dAqsDSq1mJMOaY&_nc_zt=24&_nc_ht=scontent-gig4-1.xx&_nc_gid=AoBFJeGrT1hVaew_6rchkQ&oh=00_AfX7QmFGhQhG2jAllVgXCiM1ZrWgvtp80-Bfppyexh1QEg&oe=689E923C"},"aioseo_meta_data":{"post_id":"66667","title":null,"description":null,"keywords":null,"keyphrases":null,"primary_term":null,"canonical_url":null,"og_title":null,"og_description":null,"og_object_type":"default","og_image_type":"default","og_image_url":null,"og_image_width":null,"og_image_height":null,"og_image_custom_url":null,"og_image_custom_fields":null,"og_video":null,"og_custom_url":null,"og_article_section":null,"og_article_tags":null,"twitter_use_og":false,"twitter_card":"default","twitter_image_type":"default","twitter_image_url":null,"twitter_image_custom_url":null,"twitter_image_custom_fields":null,"twitter_title":null,"twitter_description":null,"schema":{"blockGraphs":[],"customGraphs":[],"default":{"data":{"Article":[],"Course":[],"Dataset":[],"FAQPage":[],"Movie":[],"Person":[],"Product":[],"ProductReview":[],"Car":[],"Recipe":[],"Service":[],"SoftwareApplication":[],"WebPage":[]},"graphName":"","isEnabled":true},"graphs":[]},"schema_type":"default","schema_type_options":null,"pillar_content":false,"robots_default":true,"robots_noindex":false,"robots_noarchive":false,"robots_nosnippet":false,"robots_nofollow":false,"robots_noimageindex":false,"robots_noodp":false,"robots_notranslate":false,"robots_max_snippet":null,"robots_max_videopreview":null,"robots_max_imagepreview":"large","priority":null,"frequency":null,"local_seo":null,"breadcrumb_settings":null,"limit_modified_date":false,"ai":null,"created":"2025-08-16 22:38:33","updated":"2025-08-16 22:38:33","focus_keyword":null,"additional_keywords":null,"truseo_locale":null,"seo_analyzer_scan_date":null},"aioseo_breadcrumb":"<div class=\"aioseo-breadcrumbs\"><span class=\"aioseo-breadcrumb\">\n\t\t\t<a href=\"https:\/\/anoticiaonline.com.br\/site\" title=\"Home\">Home<\/a>\n\t\t<\/span><span class=\"aioseo-breadcrumb-separator\">&raquo;<\/span><span class=\"aioseo-breadcrumb\">\n\t\t\t<a href=\"https:\/\/anoticiaonline.com.br\/site\/categoria\/esporte\/\" title=\"Esporte\">Esporte<\/a>\n\t\t<\/span><span class=\"aioseo-breadcrumb-separator\">&raquo;<\/span><span class=\"aioseo-breadcrumb\">\n\t\t\tAtaque refor\u00e7ado\n\t\t<\/span><\/div>","aioseo_breadcrumb_json":[{"label":"Home","link":"https:\/\/anoticiaonline.com.br\/site"},{"label":"Esporte","link":"https:\/\/anoticiaonline.com.br\/site\/categoria\/esporte\/"},{"label":"Ataque refor\u00e7ado","link":"https:\/\/anoticiaonline.com.br\/site\/ataque-reforcado\/"}],"views":166,"_links":{"self":[{"href":"https:\/\/anoticiaonline.com.br\/site\/wp-json\/wp\/v2\/posts\/66667","targetHints":{"allow":["GET"]}}],"collection":[{"href":"https:\/\/anoticiaonline.com.br\/site\/wp-json\/wp\/v2\/posts"}],"about":[{"href":"https:\/\/anoticiaonline.com.br\/site\/wp-json\/wp\/v2\/types\/post"}],"author":[{"embeddable":true,"href":"https:\/\/anoticiaonline.com.br\/site\/wp-json\/wp\/v2\/users\/2"}],"replies":[{"embeddable":true,"href":"https:\/\/anoticiaonline.com.br\/site\/wp-json\/wp\/v2\/comments?post=66667"}],"version-history":[{"count":0,"href":"https:\/\/anoticiaonline.com.br\/site\/wp-json\/wp\/v2\/posts\/66667\/revisions"}],"wp:featuredmedia":[{"embeddable":true,"href":"https:\/\/anoticiaonline.com.br\/site\/wp-json\/wp\/v2\/media\/66672"}],"wp:attachment":[{"href":"https:\/\/anoticiaonline.com.br\/site\/wp-json\/wp\/v2\/media?parent=66667"}],"wp:term":[{"taxonomy":"category","embeddable":true,"href":"https:\/\/anoticiaonline.com.br\/site\/wp-json\/wp\/v2\/categories?post=66667"},{"taxonomy":"post_tag","embeddable":true,"href":"https:\/\/anoticiaonline.com.br\/site\/wp-json\/wp\/v2\/tags?post=66667"}],"curies":[{"name":"wp","href":"https:\/\/api.w.org\/{rel}","templated":true}]}}