{"id":66661,"date":"2019-01-09T17:55:16","date_gmt":"2019-01-09T20:55:16","guid":{"rendered":"http:\/\/anoticiaonline.com.br\/site\/?p=66661"},"modified":"2019-01-09T17:55:16","modified_gmt":"2019-01-09T20:55:16","slug":"prefeitura-reinicia-obras-de-complexo-ecoesportivo-dom-delfim","status":"publish","type":"post","link":"https:\/\/anoticiaonline.com.br\/site\/prefeitura-reinicia-obras-de-complexo-ecoesportivo-dom-delfim\/","title":{"rendered":"Prefeitura reinicia obras de Complexo Ecoesportivo Dom Delfim"},"content":{"rendered":"<h2 class=\"m_-3603203692954608054gmail-MsoNoSpacing\" style=\"text-align: left;\" align=\"center\"><i><a href=\"https:\/\/anoticiaonline.com.br\/site\/wp-content\/uploads\/2019\/01\/IMG_0896.jpg\"><img fetchpriority=\"high\" decoding=\"async\" class=\"aligncenter size-full wp-image-66664\" src=\"https:\/\/anoticiaonline.com.br\/site\/wp-content\/uploads\/2019\/01\/IMG_0896.jpg\" alt=\"\" width=\"1000\" height=\"667\" srcset=\"https:\/\/anoticiaonline.com.br\/site\/wp-content\/uploads\/2019\/01\/IMG_0896.jpg 1000w, https:\/\/anoticiaonline.com.br\/site\/wp-content\/uploads\/2019\/01\/IMG_0896-300x200.jpg 300w, https:\/\/anoticiaonline.com.br\/site\/wp-content\/uploads\/2019\/01\/IMG_0896-768x512.jpg 768w\" sizes=\"(max-width: 1000px) 100vw, 1000px\" \/><\/a>Servi\u00e7os foram reiniciados nesta semana; local ter\u00e1 pra\u00e7a de alimenta\u00e7\u00e3o, banheiros e vesti\u00e1rios para receber atletas e visitantes<\/i><\/h2>\n<p class=\"m_-3603203692954608054gmail-MsoNoSpacing\">As obras do Complexo Ecoesportivo Dom Delfim, localizado na regi\u00e3o da antiga Febem, na Barra, foram retomadas na \u00faltima segunda-feira (7). A Prefeitura de Muria\u00e9 vem trabalhando na constru\u00e7\u00e3o de pra\u00e7a de alimenta\u00e7\u00e3o, banheiros e vesti\u00e1rios, tornando o local mais completo para receber atletas e visitantes. A previs\u00e3o \u00e9 que esta etapa seja conclu\u00edda dentro de 120 dias.<\/p>\n<p><!--more--><\/p>\n<h2 class=\"m_-3603203692954608054gmail-MsoNoSpacing\" style=\"text-align: left;\" align=\"center\"><i><a href=\"https:\/\/anoticiaonline.com.br\/site\/wp-content\/uploads\/2019\/01\/IMG_0901.jpg\"><img decoding=\"async\" class=\"aligncenter size-full wp-image-66665\" src=\"https:\/\/anoticiaonline.com.br\/site\/wp-content\/uploads\/2019\/01\/IMG_0901.jpg\" alt=\"\" width=\"1000\" height=\"667\" srcset=\"https:\/\/anoticiaonline.com.br\/site\/wp-content\/uploads\/2019\/01\/IMG_0901.jpg 1000w, https:\/\/anoticiaonline.com.br\/site\/wp-content\/uploads\/2019\/01\/IMG_0901-300x200.jpg 300w, https:\/\/anoticiaonline.com.br\/site\/wp-content\/uploads\/2019\/01\/IMG_0901-768x512.jpg 768w\" sizes=\"(max-width: 1000px) 100vw, 1000px\" \/><\/a><\/i><\/h2>\n<h2 class=\"m_-3603203692954608054gmail-MsoNoSpacing\" style=\"text-align: left;\" align=\"center\"><i><a href=\"https:\/\/anoticiaonline.com.br\/site\/wp-content\/uploads\/2019\/01\/IMG_0890.jpg\"><img decoding=\"async\" class=\"aligncenter size-full wp-image-66663\" src=\"https:\/\/anoticiaonline.com.br\/site\/wp-content\/uploads\/2019\/01\/IMG_0890.jpg\" alt=\"\" width=\"1000\" height=\"667\" srcset=\"https:\/\/anoticiaonline.com.br\/site\/wp-content\/uploads\/2019\/01\/IMG_0890.jpg 1000w, https:\/\/anoticiaonline.com.br\/site\/wp-content\/uploads\/2019\/01\/IMG_0890-300x200.jpg 300w, https:\/\/anoticiaonline.com.br\/site\/wp-content\/uploads\/2019\/01\/IMG_0890-768x512.jpg 768w\" sizes=\"(max-width: 1000px) 100vw, 1000px\" \/><\/a><\/i><\/h2>\n<p class=\"m_-3603203692954608054gmail-MsoNoSpacing\">Contemplando uma \u00e1rea de mais de 123 mil metros quadrados, o projeto prev\u00ea ainda a cria\u00e7\u00e3o de um ambiente integrado de servi\u00e7os, esportes e lazer. A ideia \u00e9 que, al\u00e9m da pra\u00e7a de alimenta\u00e7\u00e3o, o local conte com espa\u00e7os como campo de futebol, pista de atletismo, \u00e1rea de skate e playground, possibilitando a pr\u00e1tica de diferentes atividades.<\/p>\n<p class=\"m_-3603203692954608054gmail-MsoNoSpacing\">Em tempos de preserva\u00e7\u00e3o ambiental como tema que ganha cada vez mais importante, outro ponto a se destacar \u00e9 que o complexo ser\u00e1 cercado de \u00e1rvores \u2013 da\u00ed se d\u00e1 a denomina\u00e7\u00e3o de \u201cecoesportivo\u201d. Nesse sentido, o projeto da obra tamb\u00e9m inclui a cria\u00e7\u00e3o de um plat\u00f4 verde para a realiza\u00e7\u00e3o de recrea\u00e7\u00f5es ao ar livre, como piqueniques, jogos de peteca e brincadeiras com pipas, por exemplo.<\/p>\n<p class=\"m_-3603203692954608054gmail-MsoNoSpacing\">A constru\u00e7\u00e3o do Complexo Ecoesportivo chega para revitalizar uma \u00e1rea que durante anos foi subutilizada e permaneceu abandonada. \u201cFelizmente, essa situa\u00e7\u00e3o j\u00e1 come\u00e7ou a mudar. Com esta obra, pretendemos trazer mais qualidade de vida para os moradores da regi\u00e3o, especialmente crian\u00e7as e jovens, com a ativa\u00e7\u00e3o de escolinhas de futebol para a forma\u00e7\u00e3o de futuros atletas em nossa cidade\u201d, afirma o prefeito de Muria\u00e9.<\/p>\n","protected":false},"excerpt":{"rendered":"<p>Servi\u00e7os foram reiniciados nesta semana; local ter\u00e1 pra\u00e7a de alimenta\u00e7\u00e3o, banheiros e vesti\u00e1rios para receber atletas e visitantes As obras do Complexo Ecoesportivo Dom Delfim, localizado na regi\u00e3o da antiga Febem, na Barra, foram retomadas na \u00faltima segunda-feira (7). A Prefeitura de Muria\u00e9 vem trabalhando na constru\u00e7\u00e3o de pra\u00e7a de alimenta\u00e7\u00e3o, banheiros e vesti\u00e1rios, tornando &#8230; <a title=\"Prefeitura reinicia obras de Complexo Ecoesportivo Dom Delfim\" class=\"read-more\" href=\"https:\/\/anoticiaonline.com.br\/site\/prefeitura-reinicia-obras-de-complexo-ecoesportivo-dom-delfim\/\" aria-label=\"Read more about Prefeitura reinicia obras de Complexo Ecoesportivo Dom Delfim\">Ler mais<\/a><\/p>\n","protected":false},"author":2,"featured_media":66664,"comment_status":"open","ping_status":"open","sticky":false,"template":"","format":"standard","meta":{"_acf_changed":false,"_monsterinsights_skip_tracking":false,"footnotes":""},"categories":[30],"tags":[3605,3607,3606],"class_list":["post-66661","post","type-post","status-publish","format-standard","has-post-thumbnail","hentry","category-muriae","tag-complexo-ecoesportivo-dom-delfim","tag-dom-delfim","tag-febem"],"acf":[],"aioseo_notices":[],"aioseo_head":"\n\t\t<!-- All in One SEO 5.0.0.1 - aioseo.com -->\n\t<meta name=\"description\" content=\"Servi\u00e7os foram reiniciados nesta semana; local ter\u00e1 pra\u00e7a de alimenta\u00e7\u00e3o, banheiros e vesti\u00e1rios para receber atletas e visitantes As obras do Complexo Ecoesportivo Dom Delfim, localizado na regi\u00e3o da antiga Febem, na Barra, foram retomadas na \u00faltima segunda-feira (7). A Prefeitura de Muria\u00e9 vem trabalhando na constru\u00e7\u00e3o de pra\u00e7a de alimenta\u00e7\u00e3o, banheiros e vesti\u00e1rios, tornando\" \/>\n\t<meta name=\"robots\" content=\"max-image-preview:large\" \/>\n\t<meta name=\"author\" content=\"Juliana Laviola\"\/>\n\t<link rel=\"canonical\" href=\"https:\/\/anoticiaonline.com.br\/site\/prefeitura-reinicia-obras-de-complexo-ecoesportivo-dom-delfim\/\" \/>\n\t<meta name=\"generator\" content=\"All in One SEO (AIOSEO) 5.0.0.1\" \/>\n\t\t<meta property=\"og:locale\" content=\"pt_BR\" \/>\n\t\t<meta property=\"og:site_name\" content=\"A Not\u00edcia Online - Noticias de Muria\u00e9 e regi\u00e3o\" \/>\n\t\t<meta property=\"og:type\" content=\"article\" \/>\n\t\t<meta property=\"og:title\" content=\"Prefeitura reinicia obras de Complexo Ecoesportivo Dom Delfim - A Not\u00edcia Online\" \/>\n\t\t<meta property=\"og:description\" content=\"Servi\u00e7os foram reiniciados nesta semana; local ter\u00e1 pra\u00e7a de alimenta\u00e7\u00e3o, banheiros e vesti\u00e1rios para receber atletas e visitantes As obras do Complexo Ecoesportivo Dom Delfim, localizado na regi\u00e3o da antiga Febem, na Barra, foram retomadas na \u00faltima segunda-feira (7). A Prefeitura de Muria\u00e9 vem trabalhando na constru\u00e7\u00e3o de pra\u00e7a de alimenta\u00e7\u00e3o, banheiros e vesti\u00e1rios, tornando\" \/>\n\t\t<meta property=\"og:url\" content=\"https:\/\/anoticiaonline.com.br\/site\/prefeitura-reinicia-obras-de-complexo-ecoesportivo-dom-delfim\/\" \/>\n\t\t<meta property=\"og:image\" content=\"https:\/\/scontent-gig4-1.xx.fbcdn.net\/v\/t39.30808-1\/270437624_4564083193639691_6907940295614233970_n.jpg?stp=dst-jpg_s200x200_tt6&#038;_nc_cat=111&#038;ccb=1-7&#038;_nc_sid=f907e8&#038;_nc_ohc=SM1wRlP3lJwQ7kNvwEPuBYA&#038;_nc_oc=AdnqrjDN_BNjSSHWO-GbkIWH6fkGMLw4bqvL_NH6e2wMveX7G-rP2dAqsDSq1mJMOaY&#038;_nc_zt=24&#038;_nc_ht=scontent-gig4-1.xx&#038;_nc_gid=AoBFJeGrT1hVaew_6rchkQ&#038;oh=00_AfX7QmFGhQhG2jAllVgXCiM1ZrWgvtp80-Bfppyexh1QEg&#038;oe=689E923C\" \/>\n\t\t<meta property=\"og:image:secure_url\" content=\"https:\/\/scontent-gig4-1.xx.fbcdn.net\/v\/t39.30808-1\/270437624_4564083193639691_6907940295614233970_n.jpg?stp=dst-jpg_s200x200_tt6&#038;_nc_cat=111&#038;ccb=1-7&#038;_nc_sid=f907e8&#038;_nc_ohc=SM1wRlP3lJwQ7kNvwEPuBYA&#038;_nc_oc=AdnqrjDN_BNjSSHWO-GbkIWH6fkGMLw4bqvL_NH6e2wMveX7G-rP2dAqsDSq1mJMOaY&#038;_nc_zt=24&#038;_nc_ht=scontent-gig4-1.xx&#038;_nc_gid=AoBFJeGrT1hVaew_6rchkQ&#038;oh=00_AfX7QmFGhQhG2jAllVgXCiM1ZrWgvtp80-Bfppyexh1QEg&#038;oe=689E923C\" \/>\n\t\t<meta property=\"article:published_time\" content=\"2019-01-09T20:55:16+00:00\" \/>\n\t\t<meta property=\"article:modified_time\" content=\"2019-01-09T20:55:16+00:00\" \/>\n\t\t<meta name=\"twitter:card\" content=\"summary_large_image\" \/>\n\t\t<meta name=\"twitter:title\" content=\"Prefeitura reinicia obras de Complexo Ecoesportivo Dom Delfim - A Not\u00edcia Online\" \/>\n\t\t<meta name=\"twitter:description\" content=\"Servi\u00e7os foram reiniciados nesta semana; local ter\u00e1 pra\u00e7a de alimenta\u00e7\u00e3o, banheiros e vesti\u00e1rios para receber atletas e visitantes As obras do Complexo Ecoesportivo Dom Delfim, localizado na regi\u00e3o da antiga Febem, na Barra, foram retomadas na \u00faltima segunda-feira (7). A Prefeitura de Muria\u00e9 vem trabalhando na constru\u00e7\u00e3o de pra\u00e7a de alimenta\u00e7\u00e3o, banheiros e vesti\u00e1rios, tornando\" \/>\n\t\t<meta name=\"twitter:image\" content=\"https:\/\/scontent-gig4-1.xx.fbcdn.net\/v\/t39.30808-1\/270437624_4564083193639691_6907940295614233970_n.jpg?stp=dst-jpg_s200x200_tt6&amp;_nc_cat=111&amp;ccb=1-7&amp;_nc_sid=f907e8&amp;_nc_ohc=SM1wRlP3lJwQ7kNvwEPuBYA&amp;_nc_oc=AdnqrjDN_BNjSSHWO-GbkIWH6fkGMLw4bqvL_NH6e2wMveX7G-rP2dAqsDSq1mJMOaY&amp;_nc_zt=24&amp;_nc_ht=scontent-gig4-1.xx&amp;_nc_gid=AoBFJeGrT1hVaew_6rchkQ&amp;oh=00_AfX7QmFGhQhG2jAllVgXCiM1ZrWgvtp80-Bfppyexh1QEg&amp;oe=689E923C\" \/>\n\t\t<script type=\"application\/ld+json\" class=\"aioseo-schema\">\n\t\t\t{\"@context\":\"https:\\\/\\\/schema.org\",\"@graph\":[{\"@type\":\"BlogPosting\",\"@id\":\"https:\\\/\\\/anoticiaonline.com.br\\\/site\\\/prefeitura-reinicia-obras-de-complexo-ecoesportivo-dom-delfim\\\/#blogposting\",\"name\":\"Prefeitura reinicia obras de Complexo Ecoesportivo Dom Delfim - A Not\\u00edcia Online\",\"headline\":\"Prefeitura reinicia obras de Complexo Ecoesportivo Dom Delfim\",\"author\":{\"@id\":\"https:\\\/\\\/anoticiaonline.com.br\\\/site\\\/author\\\/juliana\\\/#author\"},\"publisher\":{\"@id\":\"https:\\\/\\\/anoticiaonline.com.br\\\/site\\\/#organization\"},\"image\":{\"@type\":\"ImageObject\",\"url\":\"https:\\\/\\\/anoticiaonline.com.br\\\/site\\\/wp-content\\\/uploads\\\/2019\\\/01\\\/IMG_0896.jpg\",\"width\":1000,\"height\":667},\"datePublished\":\"2019-01-09T17:55:16-03:00\",\"dateModified\":\"2019-01-09T17:55:16-03:00\",\"inLanguage\":\"pt-BR\",\"mainEntityOfPage\":{\"@id\":\"https:\\\/\\\/anoticiaonline.com.br\\\/site\\\/prefeitura-reinicia-obras-de-complexo-ecoesportivo-dom-delfim\\\/#webpage\"},\"isPartOf\":{\"@id\":\"https:\\\/\\\/anoticiaonline.com.br\\\/site\\\/prefeitura-reinicia-obras-de-complexo-ecoesportivo-dom-delfim\\\/#webpage\"},\"articleSection\":\"Blog, Complexo Ecoesportivo Dom Delfim, Dom Delfim, Febem\"},{\"@type\":\"BreadcrumbList\",\"@id\":\"https:\\\/\\\/anoticiaonline.com.br\\\/site\\\/prefeitura-reinicia-obras-de-complexo-ecoesportivo-dom-delfim\\\/#breadcrumblist\",\"itemListElement\":[{\"@type\":\"ListItem\",\"@id\":\"https:\\\/\\\/anoticiaonline.com.br\\\/site#listItem\",\"position\":1,\"name\":\"Home\",\"item\":\"https:\\\/\\\/anoticiaonline.com.br\\\/site\",\"nextItem\":{\"@type\":\"ListItem\",\"@id\":\"https:\\\/\\\/anoticiaonline.com.br\\\/site\\\/categoria\\\/muriae\\\/#listItem\",\"name\":\"Blog\"}},{\"@type\":\"ListItem\",\"@id\":\"https:\\\/\\\/anoticiaonline.com.br\\\/site\\\/categoria\\\/muriae\\\/#listItem\",\"position\":2,\"name\":\"Blog\",\"item\":\"https:\\\/\\\/anoticiaonline.com.br\\\/site\\\/categoria\\\/muriae\\\/\",\"nextItem\":{\"@type\":\"ListItem\",\"@id\":\"https:\\\/\\\/anoticiaonline.com.br\\\/site\\\/prefeitura-reinicia-obras-de-complexo-ecoesportivo-dom-delfim\\\/#listItem\",\"name\":\"Prefeitura reinicia obras de Complexo Ecoesportivo Dom Delfim\"},\"previousItem\":{\"@type\":\"ListItem\",\"@id\":\"https:\\\/\\\/anoticiaonline.com.br\\\/site#listItem\",\"name\":\"Home\"}},{\"@type\":\"ListItem\",\"@id\":\"https:\\\/\\\/anoticiaonline.com.br\\\/site\\\/prefeitura-reinicia-obras-de-complexo-ecoesportivo-dom-delfim\\\/#listItem\",\"position\":3,\"name\":\"Prefeitura reinicia obras de Complexo Ecoesportivo Dom Delfim\",\"previousItem\":{\"@type\":\"ListItem\",\"@id\":\"https:\\\/\\\/anoticiaonline.com.br\\\/site\\\/categoria\\\/muriae\\\/#listItem\",\"name\":\"Blog\"}}]},{\"@type\":\"Organization\",\"@id\":\"https:\\\/\\\/anoticiaonline.com.br\\\/site\\\/#organization\",\"name\":\"A Not\\u00edcia Online\",\"description\":\"Noticias de Muria\\u00e9 e regi\\u00e3o\",\"url\":\"https:\\\/\\\/anoticiaonline.com.br\\\/site\\\/\",\"logo\":{\"@type\":\"ImageObject\",\"url\":\"https:\\\/\\\/scontent-gig4-1.xx.fbcdn.net\\\/v\\\/t39.30808-1\\\/270437624_4564083193639691_6907940295614233970_n.jpg?stp=dst-jpg_s200x200_tt6&_nc_cat=111&ccb=1-7&_nc_sid=f907e8&_nc_ohc=SM1wRlP3lJwQ7kNvwEPuBYA&_nc_oc=AdnqrjDN_BNjSSHWO-GbkIWH6fkGMLw4bqvL_NH6e2wMveX7G-rP2dAqsDSq1mJMOaY&_nc_zt=24&_nc_ht=scontent-gig4-1.xx&_nc_gid=AoBFJeGrT1hVaew_6rchkQ&oh=00_AfX7QmFGhQhG2jAllVgXCiM1ZrWgvtp80-Bfppyexh1QEg&oe=689E923C\",\"@id\":\"https:\\\/\\\/anoticiaonline.com.br\\\/site\\\/prefeitura-reinicia-obras-de-complexo-ecoesportivo-dom-delfim\\\/#organizationLogo\"},\"image\":{\"@id\":\"https:\\\/\\\/anoticiaonline.com.br\\\/site\\\/prefeitura-reinicia-obras-de-complexo-ecoesportivo-dom-delfim\\\/#organizationLogo\"}},{\"@type\":\"Person\",\"@id\":\"https:\\\/\\\/anoticiaonline.com.br\\\/site\\\/author\\\/juliana\\\/#author\",\"url\":\"https:\\\/\\\/anoticiaonline.com.br\\\/site\\\/author\\\/juliana\\\/\",\"name\":\"Juliana Laviola\",\"image\":{\"@type\":\"ImageObject\",\"@id\":\"https:\\\/\\\/anoticiaonline.com.br\\\/site\\\/prefeitura-reinicia-obras-de-complexo-ecoesportivo-dom-delfim\\\/#authorImage\",\"url\":\"https:\\\/\\\/secure.gravatar.com\\\/avatar\\\/b8d45f5c699b100dfaf0e543582f38f38bf94cb7ae3a5e9abf8d891a34773335?s=96&d=mm&r=g\",\"width\":96,\"height\":96,\"caption\":\"Juliana Laviola\"}},{\"@type\":\"WebPage\",\"@id\":\"https:\\\/\\\/anoticiaonline.com.br\\\/site\\\/prefeitura-reinicia-obras-de-complexo-ecoesportivo-dom-delfim\\\/#webpage\",\"url\":\"https:\\\/\\\/anoticiaonline.com.br\\\/site\\\/prefeitura-reinicia-obras-de-complexo-ecoesportivo-dom-delfim\\\/\",\"name\":\"Prefeitura reinicia obras de Complexo Ecoesportivo Dom Delfim - A Not\\u00edcia Online\",\"description\":\"Servi\\u00e7os foram reiniciados nesta semana; local ter\\u00e1 pra\\u00e7a de alimenta\\u00e7\\u00e3o, banheiros e vesti\\u00e1rios para receber atletas e visitantes As obras do Complexo Ecoesportivo Dom Delfim, localizado na regi\\u00e3o da antiga Febem, na Barra, foram retomadas na \\u00faltima segunda-feira (7). A Prefeitura de Muria\\u00e9 vem trabalhando na constru\\u00e7\\u00e3o de pra\\u00e7a de alimenta\\u00e7\\u00e3o, banheiros e vesti\\u00e1rios, tornando\",\"inLanguage\":\"pt-BR\",\"isPartOf\":{\"@id\":\"https:\\\/\\\/anoticiaonline.com.br\\\/site\\\/#website\"},\"breadcrumb\":{\"@id\":\"https:\\\/\\\/anoticiaonline.com.br\\\/site\\\/prefeitura-reinicia-obras-de-complexo-ecoesportivo-dom-delfim\\\/#breadcrumblist\"},\"author\":{\"@id\":\"https:\\\/\\\/anoticiaonline.com.br\\\/site\\\/author\\\/juliana\\\/#author\"},\"creator\":{\"@id\":\"https:\\\/\\\/anoticiaonline.com.br\\\/site\\\/author\\\/juliana\\\/#author\"},\"image\":{\"@type\":\"ImageObject\",\"url\":\"https:\\\/\\\/anoticiaonline.com.br\\\/site\\\/wp-content\\\/uploads\\\/2019\\\/01\\\/IMG_0896.jpg\",\"@id\":\"https:\\\/\\\/anoticiaonline.com.br\\\/site\\\/prefeitura-reinicia-obras-de-complexo-ecoesportivo-dom-delfim\\\/#mainImage\",\"width\":1000,\"height\":667},\"primaryImageOfPage\":{\"@id\":\"https:\\\/\\\/anoticiaonline.com.br\\\/site\\\/prefeitura-reinicia-obras-de-complexo-ecoesportivo-dom-delfim\\\/#mainImage\"},\"datePublished\":\"2019-01-09T17:55:16-03:00\",\"dateModified\":\"2019-01-09T17:55:16-03:00\"},{\"@type\":\"WebSite\",\"@id\":\"https:\\\/\\\/anoticiaonline.com.br\\\/site\\\/#website\",\"url\":\"https:\\\/\\\/anoticiaonline.com.br\\\/site\\\/\",\"name\":\"A Not\\u00edcia Online\",\"description\":\"Noticias de Muria\\u00e9 e regi\\u00e3o\",\"inLanguage\":\"pt-BR\",\"publisher\":{\"@id\":\"https:\\\/\\\/anoticiaonline.com.br\\\/site\\\/#organization\"}}]}\n\t\t<\/script>\n\t\t<!-- All in One SEO -->\n\n","aioseo_head_json":{"title":"Prefeitura reinicia obras de Complexo Ecoesportivo Dom Delfim - A Not\u00edcia Online","description":"Servi\u00e7os foram reiniciados nesta semana; local ter\u00e1 pra\u00e7a de alimenta\u00e7\u00e3o, banheiros e vesti\u00e1rios para receber atletas e visitantes As obras do Complexo Ecoesportivo Dom Delfim, localizado na regi\u00e3o da antiga Febem, na Barra, foram retomadas na \u00faltima segunda-feira (7). A Prefeitura de Muria\u00e9 vem trabalhando na constru\u00e7\u00e3o de pra\u00e7a de alimenta\u00e7\u00e3o, banheiros e vesti\u00e1rios, tornando","canonical_url":"https:\/\/anoticiaonline.com.br\/site\/prefeitura-reinicia-obras-de-complexo-ecoesportivo-dom-delfim\/","robots":"max-image-preview:large","keywords":"","webmasterTools":{"miscellaneous":""},"schema":{"@context":"https:\/\/schema.org","@graph":[{"@type":"BlogPosting","@id":"https:\/\/anoticiaonline.com.br\/site\/prefeitura-reinicia-obras-de-complexo-ecoesportivo-dom-delfim\/#blogposting","name":"Prefeitura reinicia obras de Complexo Ecoesportivo Dom Delfim - A Not\u00edcia Online","headline":"Prefeitura reinicia obras de Complexo Ecoesportivo Dom Delfim","author":{"@id":"https:\/\/anoticiaonline.com.br\/site\/author\/juliana\/#author"},"publisher":{"@id":"https:\/\/anoticiaonline.com.br\/site\/#organization"},"image":{"@type":"ImageObject","url":"https:\/\/anoticiaonline.com.br\/site\/wp-content\/uploads\/2019\/01\/IMG_0896.jpg","width":1000,"height":667},"datePublished":"2019-01-09T17:55:16-03:00","dateModified":"2019-01-09T17:55:16-03:00","inLanguage":"pt-BR","mainEntityOfPage":{"@id":"https:\/\/anoticiaonline.com.br\/site\/prefeitura-reinicia-obras-de-complexo-ecoesportivo-dom-delfim\/#webpage"},"isPartOf":{"@id":"https:\/\/anoticiaonline.com.br\/site\/prefeitura-reinicia-obras-de-complexo-ecoesportivo-dom-delfim\/#webpage"},"articleSection":"Blog, Complexo Ecoesportivo Dom Delfim, Dom Delfim, Febem"},{"@type":"BreadcrumbList","@id":"https:\/\/anoticiaonline.com.br\/site\/prefeitura-reinicia-obras-de-complexo-ecoesportivo-dom-delfim\/#breadcrumblist","itemListElement":[{"@type":"ListItem","@id":"https:\/\/anoticiaonline.com.br\/site#listItem","position":1,"name":"Home","item":"https:\/\/anoticiaonline.com.br\/site","nextItem":{"@type":"ListItem","@id":"https:\/\/anoticiaonline.com.br\/site\/categoria\/muriae\/#listItem","name":"Blog"}},{"@type":"ListItem","@id":"https:\/\/anoticiaonline.com.br\/site\/categoria\/muriae\/#listItem","position":2,"name":"Blog","item":"https:\/\/anoticiaonline.com.br\/site\/categoria\/muriae\/","nextItem":{"@type":"ListItem","@id":"https:\/\/anoticiaonline.com.br\/site\/prefeitura-reinicia-obras-de-complexo-ecoesportivo-dom-delfim\/#listItem","name":"Prefeitura reinicia obras de Complexo Ecoesportivo Dom Delfim"},"previousItem":{"@type":"ListItem","@id":"https:\/\/anoticiaonline.com.br\/site#listItem","name":"Home"}},{"@type":"ListItem","@id":"https:\/\/anoticiaonline.com.br\/site\/prefeitura-reinicia-obras-de-complexo-ecoesportivo-dom-delfim\/#listItem","position":3,"name":"Prefeitura reinicia obras de Complexo Ecoesportivo Dom Delfim","previousItem":{"@type":"ListItem","@id":"https:\/\/anoticiaonline.com.br\/site\/categoria\/muriae\/#listItem","name":"Blog"}}]},{"@type":"Organization","@id":"https:\/\/anoticiaonline.com.br\/site\/#organization","name":"A Not\u00edcia Online","description":"Noticias de Muria\u00e9 e regi\u00e3o","url":"https:\/\/anoticiaonline.com.br\/site\/","logo":{"@type":"ImageObject","url":"https:\/\/scontent-gig4-1.xx.fbcdn.net\/v\/t39.30808-1\/270437624_4564083193639691_6907940295614233970_n.jpg?stp=dst-jpg_s200x200_tt6&_nc_cat=111&ccb=1-7&_nc_sid=f907e8&_nc_ohc=SM1wRlP3lJwQ7kNvwEPuBYA&_nc_oc=AdnqrjDN_BNjSSHWO-GbkIWH6fkGMLw4bqvL_NH6e2wMveX7G-rP2dAqsDSq1mJMOaY&_nc_zt=24&_nc_ht=scontent-gig4-1.xx&_nc_gid=AoBFJeGrT1hVaew_6rchkQ&oh=00_AfX7QmFGhQhG2jAllVgXCiM1ZrWgvtp80-Bfppyexh1QEg&oe=689E923C","@id":"https:\/\/anoticiaonline.com.br\/site\/prefeitura-reinicia-obras-de-complexo-ecoesportivo-dom-delfim\/#organizationLogo"},"image":{"@id":"https:\/\/anoticiaonline.com.br\/site\/prefeitura-reinicia-obras-de-complexo-ecoesportivo-dom-delfim\/#organizationLogo"}},{"@type":"Person","@id":"https:\/\/anoticiaonline.com.br\/site\/author\/juliana\/#author","url":"https:\/\/anoticiaonline.com.br\/site\/author\/juliana\/","name":"Juliana Laviola","image":{"@type":"ImageObject","@id":"https:\/\/anoticiaonline.com.br\/site\/prefeitura-reinicia-obras-de-complexo-ecoesportivo-dom-delfim\/#authorImage","url":"https:\/\/secure.gravatar.com\/avatar\/b8d45f5c699b100dfaf0e543582f38f38bf94cb7ae3a5e9abf8d891a34773335?s=96&d=mm&r=g","width":96,"height":96,"caption":"Juliana Laviola"}},{"@type":"WebPage","@id":"https:\/\/anoticiaonline.com.br\/site\/prefeitura-reinicia-obras-de-complexo-ecoesportivo-dom-delfim\/#webpage","url":"https:\/\/anoticiaonline.com.br\/site\/prefeitura-reinicia-obras-de-complexo-ecoesportivo-dom-delfim\/","name":"Prefeitura reinicia obras de Complexo Ecoesportivo Dom Delfim - A Not\u00edcia Online","description":"Servi\u00e7os foram reiniciados nesta semana; local ter\u00e1 pra\u00e7a de alimenta\u00e7\u00e3o, banheiros e vesti\u00e1rios para receber atletas e visitantes As obras do Complexo Ecoesportivo Dom Delfim, localizado na regi\u00e3o da antiga Febem, na Barra, foram retomadas na \u00faltima segunda-feira (7). A Prefeitura de Muria\u00e9 vem trabalhando na constru\u00e7\u00e3o de pra\u00e7a de alimenta\u00e7\u00e3o, banheiros e vesti\u00e1rios, tornando","inLanguage":"pt-BR","isPartOf":{"@id":"https:\/\/anoticiaonline.com.br\/site\/#website"},"breadcrumb":{"@id":"https:\/\/anoticiaonline.com.br\/site\/prefeitura-reinicia-obras-de-complexo-ecoesportivo-dom-delfim\/#breadcrumblist"},"author":{"@id":"https:\/\/anoticiaonline.com.br\/site\/author\/juliana\/#author"},"creator":{"@id":"https:\/\/anoticiaonline.com.br\/site\/author\/juliana\/#author"},"image":{"@type":"ImageObject","url":"https:\/\/anoticiaonline.com.br\/site\/wp-content\/uploads\/2019\/01\/IMG_0896.jpg","@id":"https:\/\/anoticiaonline.com.br\/site\/prefeitura-reinicia-obras-de-complexo-ecoesportivo-dom-delfim\/#mainImage","width":1000,"height":667},"primaryImageOfPage":{"@id":"https:\/\/anoticiaonline.com.br\/site\/prefeitura-reinicia-obras-de-complexo-ecoesportivo-dom-delfim\/#mainImage"},"datePublished":"2019-01-09T17:55:16-03:00","dateModified":"2019-01-09T17:55:16-03:00"},{"@type":"WebSite","@id":"https:\/\/anoticiaonline.com.br\/site\/#website","url":"https:\/\/anoticiaonline.com.br\/site\/","name":"A Not\u00edcia Online","description":"Noticias de Muria\u00e9 e regi\u00e3o","inLanguage":"pt-BR","publisher":{"@id":"https:\/\/anoticiaonline.com.br\/site\/#organization"}}]},"og:locale":"pt_BR","og:site_name":"A Not\u00edcia Online - Noticias de Muria\u00e9 e regi\u00e3o","og:type":"article","og:title":"Prefeitura reinicia obras de Complexo Ecoesportivo Dom Delfim - A Not\u00edcia Online","og:description":"Servi\u00e7os foram reiniciados nesta semana; local ter\u00e1 pra\u00e7a de alimenta\u00e7\u00e3o, banheiros e vesti\u00e1rios para receber atletas e visitantes As obras do Complexo Ecoesportivo Dom Delfim, localizado na regi\u00e3o da antiga Febem, na Barra, foram retomadas na \u00faltima segunda-feira (7). A Prefeitura de Muria\u00e9 vem trabalhando na constru\u00e7\u00e3o de pra\u00e7a de alimenta\u00e7\u00e3o, banheiros e vesti\u00e1rios, tornando","og:url":"https:\/\/anoticiaonline.com.br\/site\/prefeitura-reinicia-obras-de-complexo-ecoesportivo-dom-delfim\/","og:image":"https:\/\/scontent-gig4-1.xx.fbcdn.net\/v\/t39.30808-1\/270437624_4564083193639691_6907940295614233970_n.jpg?stp=dst-jpg_s200x200_tt6&#038;_nc_cat=111&#038;ccb=1-7&#038;_nc_sid=f907e8&#038;_nc_ohc=SM1wRlP3lJwQ7kNvwEPuBYA&#038;_nc_oc=AdnqrjDN_BNjSSHWO-GbkIWH6fkGMLw4bqvL_NH6e2wMveX7G-rP2dAqsDSq1mJMOaY&#038;_nc_zt=24&#038;_nc_ht=scontent-gig4-1.xx&#038;_nc_gid=AoBFJeGrT1hVaew_6rchkQ&#038;oh=00_AfX7QmFGhQhG2jAllVgXCiM1ZrWgvtp80-Bfppyexh1QEg&#038;oe=689E923C","og:image:secure_url":"https:\/\/scontent-gig4-1.xx.fbcdn.net\/v\/t39.30808-1\/270437624_4564083193639691_6907940295614233970_n.jpg?stp=dst-jpg_s200x200_tt6&#038;_nc_cat=111&#038;ccb=1-7&#038;_nc_sid=f907e8&#038;_nc_ohc=SM1wRlP3lJwQ7kNvwEPuBYA&#038;_nc_oc=AdnqrjDN_BNjSSHWO-GbkIWH6fkGMLw4bqvL_NH6e2wMveX7G-rP2dAqsDSq1mJMOaY&#038;_nc_zt=24&#038;_nc_ht=scontent-gig4-1.xx&#038;_nc_gid=AoBFJeGrT1hVaew_6rchkQ&#038;oh=00_AfX7QmFGhQhG2jAllVgXCiM1ZrWgvtp80-Bfppyexh1QEg&#038;oe=689E923C","article:published_time":"2019-01-09T20:55:16+00:00","article:modified_time":"2019-01-09T20:55:16+00:00","twitter:card":"summary_large_image","twitter:title":"Prefeitura reinicia obras de Complexo Ecoesportivo Dom Delfim - A Not\u00edcia Online","twitter:description":"Servi\u00e7os foram reiniciados nesta semana; local ter\u00e1 pra\u00e7a de alimenta\u00e7\u00e3o, banheiros e vesti\u00e1rios para receber atletas e visitantes As obras do Complexo Ecoesportivo Dom Delfim, localizado na regi\u00e3o da antiga Febem, na Barra, foram retomadas na \u00faltima segunda-feira (7). A Prefeitura de Muria\u00e9 vem trabalhando na constru\u00e7\u00e3o de pra\u00e7a de alimenta\u00e7\u00e3o, banheiros e vesti\u00e1rios, tornando","twitter:image":"https:\/\/scontent-gig4-1.xx.fbcdn.net\/v\/t39.30808-1\/270437624_4564083193639691_6907940295614233970_n.jpg?stp=dst-jpg_s200x200_tt6&_nc_cat=111&ccb=1-7&_nc_sid=f907e8&_nc_ohc=SM1wRlP3lJwQ7kNvwEPuBYA&_nc_oc=AdnqrjDN_BNjSSHWO-GbkIWH6fkGMLw4bqvL_NH6e2wMveX7G-rP2dAqsDSq1mJMOaY&_nc_zt=24&_nc_ht=scontent-gig4-1.xx&_nc_gid=AoBFJeGrT1hVaew_6rchkQ&oh=00_AfX7QmFGhQhG2jAllVgXCiM1ZrWgvtp80-Bfppyexh1QEg&oe=689E923C"},"aioseo_meta_data":{"post_id":"66661","title":null,"description":null,"keywords":null,"keyphrases":null,"primary_term":null,"canonical_url":null,"og_title":null,"og_description":null,"og_object_type":"default","og_image_type":"default","og_image_url":null,"og_image_width":null,"og_image_height":null,"og_image_custom_url":null,"og_image_custom_fields":null,"og_video":null,"og_custom_url":null,"og_article_section":null,"og_article_tags":null,"twitter_use_og":false,"twitter_card":"default","twitter_image_type":"default","twitter_image_url":null,"twitter_image_custom_url":null,"twitter_image_custom_fields":null,"twitter_title":null,"twitter_description":null,"schema":{"blockGraphs":[],"customGraphs":[],"default":{"data":{"Article":[],"Course":[],"Dataset":[],"FAQPage":[],"Movie":[],"Person":[],"Product":[],"ProductReview":[],"Car":[],"Recipe":[],"Service":[],"SoftwareApplication":[],"WebPage":[]},"graphName":"","isEnabled":true},"graphs":[]},"schema_type":"default","schema_type_options":null,"pillar_content":false,"robots_default":true,"robots_noindex":false,"robots_noarchive":false,"robots_nosnippet":false,"robots_nofollow":false,"robots_noimageindex":false,"robots_noodp":false,"robots_notranslate":false,"robots_max_snippet":null,"robots_max_videopreview":null,"robots_max_imagepreview":"large","priority":null,"frequency":null,"local_seo":null,"breadcrumb_settings":null,"limit_modified_date":false,"ai":null,"created":"2025-08-16 22:38:33","updated":"2025-08-16 22:38:33","focus_keyword":null,"additional_keywords":null,"truseo_locale":null,"seo_analyzer_scan_date":null},"aioseo_breadcrumb":"<div class=\"aioseo-breadcrumbs\"><span class=\"aioseo-breadcrumb\">\n\t\t\t<a href=\"https:\/\/anoticiaonline.com.br\/site\" title=\"Home\">Home<\/a>\n\t\t<\/span><span class=\"aioseo-breadcrumb-separator\">&raquo;<\/span><span class=\"aioseo-breadcrumb\">\n\t\t\t<a href=\"https:\/\/anoticiaonline.com.br\/site\/categoria\/muriae\/\" title=\"Blog\">Blog<\/a>\n\t\t<\/span><span class=\"aioseo-breadcrumb-separator\">&raquo;<\/span><span class=\"aioseo-breadcrumb\">\n\t\t\tPrefeitura reinicia obras de Complexo Ecoesportivo Dom Delfim\n\t\t<\/span><\/div>","aioseo_breadcrumb_json":[{"label":"Home","link":"https:\/\/anoticiaonline.com.br\/site"},{"label":"Blog","link":"https:\/\/anoticiaonline.com.br\/site\/categoria\/muriae\/"},{"label":"Prefeitura reinicia obras de Complexo Ecoesportivo Dom Delfim","link":"https:\/\/anoticiaonline.com.br\/site\/prefeitura-reinicia-obras-de-complexo-ecoesportivo-dom-delfim\/"}],"views":181,"_links":{"self":[{"href":"https:\/\/anoticiaonline.com.br\/site\/wp-json\/wp\/v2\/posts\/66661","targetHints":{"allow":["GET"]}}],"collection":[{"href":"https:\/\/anoticiaonline.com.br\/site\/wp-json\/wp\/v2\/posts"}],"about":[{"href":"https:\/\/anoticiaonline.com.br\/site\/wp-json\/wp\/v2\/types\/post"}],"author":[{"embeddable":true,"href":"https:\/\/anoticiaonline.com.br\/site\/wp-json\/wp\/v2\/users\/2"}],"replies":[{"embeddable":true,"href":"https:\/\/anoticiaonline.com.br\/site\/wp-json\/wp\/v2\/comments?post=66661"}],"version-history":[{"count":0,"href":"https:\/\/anoticiaonline.com.br\/site\/wp-json\/wp\/v2\/posts\/66661\/revisions"}],"wp:featuredmedia":[{"embeddable":true,"href":"https:\/\/anoticiaonline.com.br\/site\/wp-json\/wp\/v2\/media\/66664"}],"wp:attachment":[{"href":"https:\/\/anoticiaonline.com.br\/site\/wp-json\/wp\/v2\/media?parent=66661"}],"wp:term":[{"taxonomy":"category","embeddable":true,"href":"https:\/\/anoticiaonline.com.br\/site\/wp-json\/wp\/v2\/categories?post=66661"},{"taxonomy":"post_tag","embeddable":true,"href":"https:\/\/anoticiaonline.com.br\/site\/wp-json\/wp\/v2\/tags?post=66661"}],"curies":[{"name":"wp","href":"https:\/\/api.w.org\/{rel}","templated":true}]}}