{"id":66658,"date":"2019-01-09T17:48:13","date_gmt":"2019-01-09T20:48:13","guid":{"rendered":"http:\/\/anoticiaonline.com.br\/site\/?p=66658"},"modified":"2019-01-09T17:50:00","modified_gmt":"2019-01-09T20:50:00","slug":"esocial","status":"publish","type":"post","link":"https:\/\/anoticiaonline.com.br\/site\/esocial\/","title":{"rendered":"eSocial"},"content":{"rendered":"<h2><a href=\"https:\/\/anoticiaonline.com.br\/site\/wp-content\/uploads\/2019\/01\/esocial.jpg\"><img fetchpriority=\"high\" decoding=\"async\" class=\"aligncenter size-full wp-image-66659\" src=\"https:\/\/anoticiaonline.com.br\/site\/wp-content\/uploads\/2019\/01\/esocial.jpg\" alt=\"\" width=\"1000\" height=\"575\" srcset=\"https:\/\/anoticiaonline.com.br\/site\/wp-content\/uploads\/2019\/01\/esocial.jpg 1000w, https:\/\/anoticiaonline.com.br\/site\/wp-content\/uploads\/2019\/01\/esocial-300x173.jpg 300w, https:\/\/anoticiaonline.com.br\/site\/wp-content\/uploads\/2019\/01\/esocial-768x442.jpg 768w\" sizes=\"(max-width: 1000px) 100vw, 1000px\" \/><\/a>Agora \u00e9 para valer: cadastramento no eSocial para empresas do Simples Nacional<\/h2>\n<p>No pr\u00f3ximo dia 10 de janeiro come\u00e7a o cadastramento no eSocial para mais de 99% das empresas brasileiras, devendo assim atingir 14 milh\u00f5es de empreendimentos. Essas empresas fazem parte do grupo 3 \u2013 que incluem os empregadores pessoa f\u00edsica (exceto dom\u00e9stico), empresas do Simples Nacional, produtores rurais pessoa f\u00edsica e entidades sem fins lucrativos.<\/p>\n<p><!--more--><\/p>\n<p>Com isso, at\u00e9 o dia 9 de abril, essas empresas dever\u00e3o se integrar ao eSocial, tendo que enviar informa\u00e7\u00f5es\u00a0essenciais do empregador, incluindo o registro de abertura da empresa dentre outros.<\/p>\n<p>\u201cEsse novo momento ir\u00e1 atingir a grande maioria das empresas, e \u00e9 fundamental se adequar a essa nova obriga\u00e7\u00e3o, sob o risco de receber pesadas multas. Para n\u00e3o ter problema com prazos, na Confirp j\u00e1 nos antecipamos e j\u00e1 estamos com todos os clientes cadastrados\u201d, conta Daniel Raimundo dos Santos.<\/p>\n<p>O eSocial j\u00e1 era realidade para as empresas brasileiras do lucro real e presumido e os primeiros ensinamentos j\u00e1 est\u00e3o sendo aprendidos. \u201cObservamos que o processo de adequa\u00e7\u00e3o realmente \u00e9 bastante complexo, j\u00e1 que exige mudan\u00e7as culturais, principalmente dos departamentos pessoais das empresas. Mas acreditamos que com o tempo as empresas observar\u00e3o resultados positivos\u201d, acredita o consultor Daniel Raimundo dos Santos.<\/p>\n<p>Ele conta que na Confirp, com base nessas mudan\u00e7as e pesados investimentos em tecnologia, foi criado um sistema em que todas as informa\u00e7\u00f5es trabalhistas sejam centralizadas e transmitidas para o eSocial, em um ambiente muito seguro para as empresas.<\/p>\n<p>A experi\u00eancia de quem j\u00e1 vem utilizando a plataforma do governo pode ajudar aqueles que a partir de agora devem se adequar. Inicialmente, acreditava-se que o sistema teria como ponto cr\u00edtico a implementa\u00e7\u00e3o. De fato, o ambiente digital apresentou falhas, mas o verdadeiro impacto ficou por conta da imposi\u00e7\u00e3o de um novo fluxo e ritmo de trabalho.<\/p>\n<p>O eSocial alterou a realidade dos profissionais que atuam em \u00e1reas como departamento pessoal e recursos humanos das empresas que j\u00e1 s\u00e3o obrigadas, gerando aumento na demanda de atividades relacionadas \u00e0 adequa\u00e7\u00e3o do sistema de processamento eletr\u00f4nico e coleta de dados, formaliza\u00e7\u00e3o de processos e padroniza\u00e7\u00e3o de rotinas.<\/p>\n<p>Como a plataforma demanda capacidade t\u00e9cnica e conhecimento da legisla\u00e7\u00e3o para o cumprimento pleno dos requisitos e dos prazos, quem investe na qualifica\u00e7\u00e3o e conscientiza\u00e7\u00e3o de sua equipe consegue passar de forma serena pelas pr\u00f3ximas etapas do eSocial.<\/p>\n","protected":false},"excerpt":{"rendered":"<p>Agora \u00e9 para valer: cadastramento no eSocial para empresas do Simples Nacional No pr\u00f3ximo dia 10 de janeiro come\u00e7a o cadastramento no eSocial para mais de 99% das empresas brasileiras, devendo assim atingir 14 milh\u00f5es de empreendimentos. Essas empresas fazem parte do grupo 3 \u2013 que incluem os empregadores pessoa f\u00edsica (exceto dom\u00e9stico), empresas do &#8230; <a title=\"eSocial\" class=\"read-more\" href=\"https:\/\/anoticiaonline.com.br\/site\/esocial\/\" aria-label=\"Read more about eSocial\">Ler mais<\/a><\/p>\n","protected":false},"author":2,"featured_media":66659,"comment_status":"open","ping_status":"open","sticky":false,"template":"","format":"standard","meta":{"_acf_changed":false,"_monsterinsights_skip_tracking":false,"footnotes":""},"categories":[30],"tags":[],"class_list":["post-66658","post","type-post","status-publish","format-standard","has-post-thumbnail","hentry","category-muriae"],"acf":[],"aioseo_notices":[],"aioseo_head":"\n\t\t<!-- All in One SEO 5.0.0.1 - aioseo.com -->\n\t<meta name=\"description\" content=\"Agora \u00e9 para valer: cadastramento no eSocial para empresas do Simples Nacional No pr\u00f3ximo dia 10 de janeiro come\u00e7a o cadastramento no eSocial para mais de 99% das empresas brasileiras, devendo assim atingir 14 milh\u00f5es de empreendimentos. Essas empresas fazem parte do grupo 3 \u2013 que incluem os empregadores pessoa f\u00edsica (exceto dom\u00e9stico), empresas do\" \/>\n\t<meta name=\"robots\" content=\"max-image-preview:large\" \/>\n\t<meta name=\"author\" content=\"Juliana Laviola\"\/>\n\t<link rel=\"canonical\" href=\"https:\/\/anoticiaonline.com.br\/site\/esocial\/\" \/>\n\t<meta name=\"generator\" content=\"All in One SEO (AIOSEO) 5.0.0.1\" \/>\n\t\t<meta property=\"og:locale\" content=\"pt_BR\" \/>\n\t\t<meta property=\"og:site_name\" content=\"A Not\u00edcia Online - Noticias de Muria\u00e9 e regi\u00e3o\" \/>\n\t\t<meta property=\"og:type\" content=\"article\" \/>\n\t\t<meta property=\"og:title\" content=\"eSocial - A Not\u00edcia Online\" \/>\n\t\t<meta property=\"og:description\" content=\"Agora \u00e9 para valer: cadastramento no eSocial para empresas do Simples Nacional No pr\u00f3ximo dia 10 de janeiro come\u00e7a o cadastramento no eSocial para mais de 99% das empresas brasileiras, devendo assim atingir 14 milh\u00f5es de empreendimentos. Essas empresas fazem parte do grupo 3 \u2013 que incluem os empregadores pessoa f\u00edsica (exceto dom\u00e9stico), empresas do\" \/>\n\t\t<meta property=\"og:url\" content=\"https:\/\/anoticiaonline.com.br\/site\/esocial\/\" \/>\n\t\t<meta property=\"og:image\" content=\"https:\/\/scontent-gig4-1.xx.fbcdn.net\/v\/t39.30808-1\/270437624_4564083193639691_6907940295614233970_n.jpg?stp=dst-jpg_s200x200_tt6&#038;_nc_cat=111&#038;ccb=1-7&#038;_nc_sid=f907e8&#038;_nc_ohc=SM1wRlP3lJwQ7kNvwEPuBYA&#038;_nc_oc=AdnqrjDN_BNjSSHWO-GbkIWH6fkGMLw4bqvL_NH6e2wMveX7G-rP2dAqsDSq1mJMOaY&#038;_nc_zt=24&#038;_nc_ht=scontent-gig4-1.xx&#038;_nc_gid=AoBFJeGrT1hVaew_6rchkQ&#038;oh=00_AfX7QmFGhQhG2jAllVgXCiM1ZrWgvtp80-Bfppyexh1QEg&#038;oe=689E923C\" \/>\n\t\t<meta property=\"og:image:secure_url\" content=\"https:\/\/scontent-gig4-1.xx.fbcdn.net\/v\/t39.30808-1\/270437624_4564083193639691_6907940295614233970_n.jpg?stp=dst-jpg_s200x200_tt6&#038;_nc_cat=111&#038;ccb=1-7&#038;_nc_sid=f907e8&#038;_nc_ohc=SM1wRlP3lJwQ7kNvwEPuBYA&#038;_nc_oc=AdnqrjDN_BNjSSHWO-GbkIWH6fkGMLw4bqvL_NH6e2wMveX7G-rP2dAqsDSq1mJMOaY&#038;_nc_zt=24&#038;_nc_ht=scontent-gig4-1.xx&#038;_nc_gid=AoBFJeGrT1hVaew_6rchkQ&#038;oh=00_AfX7QmFGhQhG2jAllVgXCiM1ZrWgvtp80-Bfppyexh1QEg&#038;oe=689E923C\" \/>\n\t\t<meta property=\"article:published_time\" content=\"2019-01-09T20:48:13+00:00\" \/>\n\t\t<meta property=\"article:modified_time\" content=\"2019-01-09T20:50:00+00:00\" \/>\n\t\t<meta name=\"twitter:card\" content=\"summary_large_image\" \/>\n\t\t<meta name=\"twitter:title\" content=\"eSocial - A Not\u00edcia Online\" \/>\n\t\t<meta name=\"twitter:description\" content=\"Agora \u00e9 para valer: cadastramento no eSocial para empresas do Simples Nacional No pr\u00f3ximo dia 10 de janeiro come\u00e7a o cadastramento no eSocial para mais de 99% das empresas brasileiras, devendo assim atingir 14 milh\u00f5es de empreendimentos. Essas empresas fazem parte do grupo 3 \u2013 que incluem os empregadores pessoa f\u00edsica (exceto dom\u00e9stico), empresas do\" \/>\n\t\t<meta name=\"twitter:image\" content=\"https:\/\/scontent-gig4-1.xx.fbcdn.net\/v\/t39.30808-1\/270437624_4564083193639691_6907940295614233970_n.jpg?stp=dst-jpg_s200x200_tt6&amp;_nc_cat=111&amp;ccb=1-7&amp;_nc_sid=f907e8&amp;_nc_ohc=SM1wRlP3lJwQ7kNvwEPuBYA&amp;_nc_oc=AdnqrjDN_BNjSSHWO-GbkIWH6fkGMLw4bqvL_NH6e2wMveX7G-rP2dAqsDSq1mJMOaY&amp;_nc_zt=24&amp;_nc_ht=scontent-gig4-1.xx&amp;_nc_gid=AoBFJeGrT1hVaew_6rchkQ&amp;oh=00_AfX7QmFGhQhG2jAllVgXCiM1ZrWgvtp80-Bfppyexh1QEg&amp;oe=689E923C\" \/>\n\t\t<script type=\"application\/ld+json\" class=\"aioseo-schema\">\n\t\t\t{\"@context\":\"https:\\\/\\\/schema.org\",\"@graph\":[{\"@type\":\"BlogPosting\",\"@id\":\"https:\\\/\\\/anoticiaonline.com.br\\\/site\\\/esocial\\\/#blogposting\",\"name\":\"eSocial - A Not\\u00edcia Online\",\"headline\":\"eSocial\",\"author\":{\"@id\":\"https:\\\/\\\/anoticiaonline.com.br\\\/site\\\/author\\\/juliana\\\/#author\"},\"publisher\":{\"@id\":\"https:\\\/\\\/anoticiaonline.com.br\\\/site\\\/#organization\"},\"image\":{\"@type\":\"ImageObject\",\"url\":\"https:\\\/\\\/anoticiaonline.com.br\\\/site\\\/wp-content\\\/uploads\\\/2019\\\/01\\\/esocial.jpg\",\"width\":1000,\"height\":575},\"datePublished\":\"2019-01-09T17:48:13-03:00\",\"dateModified\":\"2019-01-09T17:50:00-03:00\",\"inLanguage\":\"pt-BR\",\"mainEntityOfPage\":{\"@id\":\"https:\\\/\\\/anoticiaonline.com.br\\\/site\\\/esocial\\\/#webpage\"},\"isPartOf\":{\"@id\":\"https:\\\/\\\/anoticiaonline.com.br\\\/site\\\/esocial\\\/#webpage\"},\"articleSection\":\"Blog\"},{\"@type\":\"BreadcrumbList\",\"@id\":\"https:\\\/\\\/anoticiaonline.com.br\\\/site\\\/esocial\\\/#breadcrumblist\",\"itemListElement\":[{\"@type\":\"ListItem\",\"@id\":\"https:\\\/\\\/anoticiaonline.com.br\\\/site#listItem\",\"position\":1,\"name\":\"Home\",\"item\":\"https:\\\/\\\/anoticiaonline.com.br\\\/site\",\"nextItem\":{\"@type\":\"ListItem\",\"@id\":\"https:\\\/\\\/anoticiaonline.com.br\\\/site\\\/categoria\\\/muriae\\\/#listItem\",\"name\":\"Blog\"}},{\"@type\":\"ListItem\",\"@id\":\"https:\\\/\\\/anoticiaonline.com.br\\\/site\\\/categoria\\\/muriae\\\/#listItem\",\"position\":2,\"name\":\"Blog\",\"item\":\"https:\\\/\\\/anoticiaonline.com.br\\\/site\\\/categoria\\\/muriae\\\/\",\"nextItem\":{\"@type\":\"ListItem\",\"@id\":\"https:\\\/\\\/anoticiaonline.com.br\\\/site\\\/esocial\\\/#listItem\",\"name\":\"eSocial\"},\"previousItem\":{\"@type\":\"ListItem\",\"@id\":\"https:\\\/\\\/anoticiaonline.com.br\\\/site#listItem\",\"name\":\"Home\"}},{\"@type\":\"ListItem\",\"@id\":\"https:\\\/\\\/anoticiaonline.com.br\\\/site\\\/esocial\\\/#listItem\",\"position\":3,\"name\":\"eSocial\",\"previousItem\":{\"@type\":\"ListItem\",\"@id\":\"https:\\\/\\\/anoticiaonline.com.br\\\/site\\\/categoria\\\/muriae\\\/#listItem\",\"name\":\"Blog\"}}]},{\"@type\":\"Organization\",\"@id\":\"https:\\\/\\\/anoticiaonline.com.br\\\/site\\\/#organization\",\"name\":\"A Not\\u00edcia Online\",\"description\":\"Noticias de Muria\\u00e9 e regi\\u00e3o\",\"url\":\"https:\\\/\\\/anoticiaonline.com.br\\\/site\\\/\",\"logo\":{\"@type\":\"ImageObject\",\"url\":\"https:\\\/\\\/scontent-gig4-1.xx.fbcdn.net\\\/v\\\/t39.30808-1\\\/270437624_4564083193639691_6907940295614233970_n.jpg?stp=dst-jpg_s200x200_tt6&_nc_cat=111&ccb=1-7&_nc_sid=f907e8&_nc_ohc=SM1wRlP3lJwQ7kNvwEPuBYA&_nc_oc=AdnqrjDN_BNjSSHWO-GbkIWH6fkGMLw4bqvL_NH6e2wMveX7G-rP2dAqsDSq1mJMOaY&_nc_zt=24&_nc_ht=scontent-gig4-1.xx&_nc_gid=AoBFJeGrT1hVaew_6rchkQ&oh=00_AfX7QmFGhQhG2jAllVgXCiM1ZrWgvtp80-Bfppyexh1QEg&oe=689E923C\",\"@id\":\"https:\\\/\\\/anoticiaonline.com.br\\\/site\\\/esocial\\\/#organizationLogo\"},\"image\":{\"@id\":\"https:\\\/\\\/anoticiaonline.com.br\\\/site\\\/esocial\\\/#organizationLogo\"}},{\"@type\":\"Person\",\"@id\":\"https:\\\/\\\/anoticiaonline.com.br\\\/site\\\/author\\\/juliana\\\/#author\",\"url\":\"https:\\\/\\\/anoticiaonline.com.br\\\/site\\\/author\\\/juliana\\\/\",\"name\":\"Juliana Laviola\",\"image\":{\"@type\":\"ImageObject\",\"@id\":\"https:\\\/\\\/anoticiaonline.com.br\\\/site\\\/esocial\\\/#authorImage\",\"url\":\"https:\\\/\\\/secure.gravatar.com\\\/avatar\\\/b8d45f5c699b100dfaf0e543582f38f38bf94cb7ae3a5e9abf8d891a34773335?s=96&d=mm&r=g\",\"width\":96,\"height\":96,\"caption\":\"Juliana Laviola\"}},{\"@type\":\"WebPage\",\"@id\":\"https:\\\/\\\/anoticiaonline.com.br\\\/site\\\/esocial\\\/#webpage\",\"url\":\"https:\\\/\\\/anoticiaonline.com.br\\\/site\\\/esocial\\\/\",\"name\":\"eSocial - A Not\\u00edcia Online\",\"description\":\"Agora \\u00e9 para valer: cadastramento no eSocial para empresas do Simples Nacional No pr\\u00f3ximo dia 10 de janeiro come\\u00e7a o cadastramento no eSocial para mais de 99% das empresas brasileiras, devendo assim atingir 14 milh\\u00f5es de empreendimentos. Essas empresas fazem parte do grupo 3 \\u2013 que incluem os empregadores pessoa f\\u00edsica (exceto dom\\u00e9stico), empresas do\",\"inLanguage\":\"pt-BR\",\"isPartOf\":{\"@id\":\"https:\\\/\\\/anoticiaonline.com.br\\\/site\\\/#website\"},\"breadcrumb\":{\"@id\":\"https:\\\/\\\/anoticiaonline.com.br\\\/site\\\/esocial\\\/#breadcrumblist\"},\"author\":{\"@id\":\"https:\\\/\\\/anoticiaonline.com.br\\\/site\\\/author\\\/juliana\\\/#author\"},\"creator\":{\"@id\":\"https:\\\/\\\/anoticiaonline.com.br\\\/site\\\/author\\\/juliana\\\/#author\"},\"image\":{\"@type\":\"ImageObject\",\"url\":\"https:\\\/\\\/anoticiaonline.com.br\\\/site\\\/wp-content\\\/uploads\\\/2019\\\/01\\\/esocial.jpg\",\"@id\":\"https:\\\/\\\/anoticiaonline.com.br\\\/site\\\/esocial\\\/#mainImage\",\"width\":1000,\"height\":575},\"primaryImageOfPage\":{\"@id\":\"https:\\\/\\\/anoticiaonline.com.br\\\/site\\\/esocial\\\/#mainImage\"},\"datePublished\":\"2019-01-09T17:48:13-03:00\",\"dateModified\":\"2019-01-09T17:50:00-03:00\"},{\"@type\":\"WebSite\",\"@id\":\"https:\\\/\\\/anoticiaonline.com.br\\\/site\\\/#website\",\"url\":\"https:\\\/\\\/anoticiaonline.com.br\\\/site\\\/\",\"name\":\"A Not\\u00edcia Online\",\"description\":\"Noticias de Muria\\u00e9 e regi\\u00e3o\",\"inLanguage\":\"pt-BR\",\"publisher\":{\"@id\":\"https:\\\/\\\/anoticiaonline.com.br\\\/site\\\/#organization\"}}]}\n\t\t<\/script>\n\t\t<!-- All in One SEO -->\n\n","aioseo_head_json":{"title":"eSocial - A Not\u00edcia Online","description":"Agora \u00e9 para valer: cadastramento no eSocial para empresas do Simples Nacional No pr\u00f3ximo dia 10 de janeiro come\u00e7a o cadastramento no eSocial para mais de 99% das empresas brasileiras, devendo assim atingir 14 milh\u00f5es de empreendimentos. Essas empresas fazem parte do grupo 3 \u2013 que incluem os empregadores pessoa f\u00edsica (exceto dom\u00e9stico), empresas do","canonical_url":"https:\/\/anoticiaonline.com.br\/site\/esocial\/","robots":"max-image-preview:large","keywords":"","webmasterTools":{"miscellaneous":""},"schema":{"@context":"https:\/\/schema.org","@graph":[{"@type":"BlogPosting","@id":"https:\/\/anoticiaonline.com.br\/site\/esocial\/#blogposting","name":"eSocial - A Not\u00edcia Online","headline":"eSocial","author":{"@id":"https:\/\/anoticiaonline.com.br\/site\/author\/juliana\/#author"},"publisher":{"@id":"https:\/\/anoticiaonline.com.br\/site\/#organization"},"image":{"@type":"ImageObject","url":"https:\/\/anoticiaonline.com.br\/site\/wp-content\/uploads\/2019\/01\/esocial.jpg","width":1000,"height":575},"datePublished":"2019-01-09T17:48:13-03:00","dateModified":"2019-01-09T17:50:00-03:00","inLanguage":"pt-BR","mainEntityOfPage":{"@id":"https:\/\/anoticiaonline.com.br\/site\/esocial\/#webpage"},"isPartOf":{"@id":"https:\/\/anoticiaonline.com.br\/site\/esocial\/#webpage"},"articleSection":"Blog"},{"@type":"BreadcrumbList","@id":"https:\/\/anoticiaonline.com.br\/site\/esocial\/#breadcrumblist","itemListElement":[{"@type":"ListItem","@id":"https:\/\/anoticiaonline.com.br\/site#listItem","position":1,"name":"Home","item":"https:\/\/anoticiaonline.com.br\/site","nextItem":{"@type":"ListItem","@id":"https:\/\/anoticiaonline.com.br\/site\/categoria\/muriae\/#listItem","name":"Blog"}},{"@type":"ListItem","@id":"https:\/\/anoticiaonline.com.br\/site\/categoria\/muriae\/#listItem","position":2,"name":"Blog","item":"https:\/\/anoticiaonline.com.br\/site\/categoria\/muriae\/","nextItem":{"@type":"ListItem","@id":"https:\/\/anoticiaonline.com.br\/site\/esocial\/#listItem","name":"eSocial"},"previousItem":{"@type":"ListItem","@id":"https:\/\/anoticiaonline.com.br\/site#listItem","name":"Home"}},{"@type":"ListItem","@id":"https:\/\/anoticiaonline.com.br\/site\/esocial\/#listItem","position":3,"name":"eSocial","previousItem":{"@type":"ListItem","@id":"https:\/\/anoticiaonline.com.br\/site\/categoria\/muriae\/#listItem","name":"Blog"}}]},{"@type":"Organization","@id":"https:\/\/anoticiaonline.com.br\/site\/#organization","name":"A Not\u00edcia Online","description":"Noticias de Muria\u00e9 e regi\u00e3o","url":"https:\/\/anoticiaonline.com.br\/site\/","logo":{"@type":"ImageObject","url":"https:\/\/scontent-gig4-1.xx.fbcdn.net\/v\/t39.30808-1\/270437624_4564083193639691_6907940295614233970_n.jpg?stp=dst-jpg_s200x200_tt6&_nc_cat=111&ccb=1-7&_nc_sid=f907e8&_nc_ohc=SM1wRlP3lJwQ7kNvwEPuBYA&_nc_oc=AdnqrjDN_BNjSSHWO-GbkIWH6fkGMLw4bqvL_NH6e2wMveX7G-rP2dAqsDSq1mJMOaY&_nc_zt=24&_nc_ht=scontent-gig4-1.xx&_nc_gid=AoBFJeGrT1hVaew_6rchkQ&oh=00_AfX7QmFGhQhG2jAllVgXCiM1ZrWgvtp80-Bfppyexh1QEg&oe=689E923C","@id":"https:\/\/anoticiaonline.com.br\/site\/esocial\/#organizationLogo"},"image":{"@id":"https:\/\/anoticiaonline.com.br\/site\/esocial\/#organizationLogo"}},{"@type":"Person","@id":"https:\/\/anoticiaonline.com.br\/site\/author\/juliana\/#author","url":"https:\/\/anoticiaonline.com.br\/site\/author\/juliana\/","name":"Juliana Laviola","image":{"@type":"ImageObject","@id":"https:\/\/anoticiaonline.com.br\/site\/esocial\/#authorImage","url":"https:\/\/secure.gravatar.com\/avatar\/b8d45f5c699b100dfaf0e543582f38f38bf94cb7ae3a5e9abf8d891a34773335?s=96&d=mm&r=g","width":96,"height":96,"caption":"Juliana Laviola"}},{"@type":"WebPage","@id":"https:\/\/anoticiaonline.com.br\/site\/esocial\/#webpage","url":"https:\/\/anoticiaonline.com.br\/site\/esocial\/","name":"eSocial - A Not\u00edcia Online","description":"Agora \u00e9 para valer: cadastramento no eSocial para empresas do Simples Nacional No pr\u00f3ximo dia 10 de janeiro come\u00e7a o cadastramento no eSocial para mais de 99% das empresas brasileiras, devendo assim atingir 14 milh\u00f5es de empreendimentos. Essas empresas fazem parte do grupo 3 \u2013 que incluem os empregadores pessoa f\u00edsica (exceto dom\u00e9stico), empresas do","inLanguage":"pt-BR","isPartOf":{"@id":"https:\/\/anoticiaonline.com.br\/site\/#website"},"breadcrumb":{"@id":"https:\/\/anoticiaonline.com.br\/site\/esocial\/#breadcrumblist"},"author":{"@id":"https:\/\/anoticiaonline.com.br\/site\/author\/juliana\/#author"},"creator":{"@id":"https:\/\/anoticiaonline.com.br\/site\/author\/juliana\/#author"},"image":{"@type":"ImageObject","url":"https:\/\/anoticiaonline.com.br\/site\/wp-content\/uploads\/2019\/01\/esocial.jpg","@id":"https:\/\/anoticiaonline.com.br\/site\/esocial\/#mainImage","width":1000,"height":575},"primaryImageOfPage":{"@id":"https:\/\/anoticiaonline.com.br\/site\/esocial\/#mainImage"},"datePublished":"2019-01-09T17:48:13-03:00","dateModified":"2019-01-09T17:50:00-03:00"},{"@type":"WebSite","@id":"https:\/\/anoticiaonline.com.br\/site\/#website","url":"https:\/\/anoticiaonline.com.br\/site\/","name":"A Not\u00edcia Online","description":"Noticias de Muria\u00e9 e regi\u00e3o","inLanguage":"pt-BR","publisher":{"@id":"https:\/\/anoticiaonline.com.br\/site\/#organization"}}]},"og:locale":"pt_BR","og:site_name":"A Not\u00edcia Online - Noticias de Muria\u00e9 e regi\u00e3o","og:type":"article","og:title":"eSocial - A Not\u00edcia Online","og:description":"Agora \u00e9 para valer: cadastramento no eSocial para empresas do Simples Nacional No pr\u00f3ximo dia 10 de janeiro come\u00e7a o cadastramento no eSocial para mais de 99% das empresas brasileiras, devendo assim atingir 14 milh\u00f5es de empreendimentos. Essas empresas fazem parte do grupo 3 \u2013 que incluem os empregadores pessoa f\u00edsica (exceto dom\u00e9stico), empresas do","og:url":"https:\/\/anoticiaonline.com.br\/site\/esocial\/","og:image":"https:\/\/scontent-gig4-1.xx.fbcdn.net\/v\/t39.30808-1\/270437624_4564083193639691_6907940295614233970_n.jpg?stp=dst-jpg_s200x200_tt6&#038;_nc_cat=111&#038;ccb=1-7&#038;_nc_sid=f907e8&#038;_nc_ohc=SM1wRlP3lJwQ7kNvwEPuBYA&#038;_nc_oc=AdnqrjDN_BNjSSHWO-GbkIWH6fkGMLw4bqvL_NH6e2wMveX7G-rP2dAqsDSq1mJMOaY&#038;_nc_zt=24&#038;_nc_ht=scontent-gig4-1.xx&#038;_nc_gid=AoBFJeGrT1hVaew_6rchkQ&#038;oh=00_AfX7QmFGhQhG2jAllVgXCiM1ZrWgvtp80-Bfppyexh1QEg&#038;oe=689E923C","og:image:secure_url":"https:\/\/scontent-gig4-1.xx.fbcdn.net\/v\/t39.30808-1\/270437624_4564083193639691_6907940295614233970_n.jpg?stp=dst-jpg_s200x200_tt6&#038;_nc_cat=111&#038;ccb=1-7&#038;_nc_sid=f907e8&#038;_nc_ohc=SM1wRlP3lJwQ7kNvwEPuBYA&#038;_nc_oc=AdnqrjDN_BNjSSHWO-GbkIWH6fkGMLw4bqvL_NH6e2wMveX7G-rP2dAqsDSq1mJMOaY&#038;_nc_zt=24&#038;_nc_ht=scontent-gig4-1.xx&#038;_nc_gid=AoBFJeGrT1hVaew_6rchkQ&#038;oh=00_AfX7QmFGhQhG2jAllVgXCiM1ZrWgvtp80-Bfppyexh1QEg&#038;oe=689E923C","article:published_time":"2019-01-09T20:48:13+00:00","article:modified_time":"2019-01-09T20:50:00+00:00","twitter:card":"summary_large_image","twitter:title":"eSocial - A Not\u00edcia Online","twitter:description":"Agora \u00e9 para valer: cadastramento no eSocial para empresas do Simples Nacional No pr\u00f3ximo dia 10 de janeiro come\u00e7a o cadastramento no eSocial para mais de 99% das empresas brasileiras, devendo assim atingir 14 milh\u00f5es de empreendimentos. Essas empresas fazem parte do grupo 3 \u2013 que incluem os empregadores pessoa f\u00edsica (exceto dom\u00e9stico), empresas do","twitter:image":"https:\/\/scontent-gig4-1.xx.fbcdn.net\/v\/t39.30808-1\/270437624_4564083193639691_6907940295614233970_n.jpg?stp=dst-jpg_s200x200_tt6&_nc_cat=111&ccb=1-7&_nc_sid=f907e8&_nc_ohc=SM1wRlP3lJwQ7kNvwEPuBYA&_nc_oc=AdnqrjDN_BNjSSHWO-GbkIWH6fkGMLw4bqvL_NH6e2wMveX7G-rP2dAqsDSq1mJMOaY&_nc_zt=24&_nc_ht=scontent-gig4-1.xx&_nc_gid=AoBFJeGrT1hVaew_6rchkQ&oh=00_AfX7QmFGhQhG2jAllVgXCiM1ZrWgvtp80-Bfppyexh1QEg&oe=689E923C"},"aioseo_meta_data":{"post_id":"66658","title":null,"description":null,"keywords":null,"keyphrases":null,"primary_term":null,"canonical_url":null,"og_title":null,"og_description":null,"og_object_type":"default","og_image_type":"default","og_image_url":null,"og_image_width":null,"og_image_height":null,"og_image_custom_url":null,"og_image_custom_fields":null,"og_video":null,"og_custom_url":null,"og_article_section":null,"og_article_tags":null,"twitter_use_og":false,"twitter_card":"default","twitter_image_type":"default","twitter_image_url":null,"twitter_image_custom_url":null,"twitter_image_custom_fields":null,"twitter_title":null,"twitter_description":null,"schema":{"blockGraphs":[],"customGraphs":[],"default":{"data":{"Article":[],"Course":[],"Dataset":[],"FAQPage":[],"Movie":[],"Person":[],"Product":[],"ProductReview":[],"Car":[],"Recipe":[],"Service":[],"SoftwareApplication":[],"WebPage":[]},"graphName":"","isEnabled":true},"graphs":[]},"schema_type":"default","schema_type_options":null,"pillar_content":false,"robots_default":true,"robots_noindex":false,"robots_noarchive":false,"robots_nosnippet":false,"robots_nofollow":false,"robots_noimageindex":false,"robots_noodp":false,"robots_notranslate":false,"robots_max_snippet":null,"robots_max_videopreview":null,"robots_max_imagepreview":"large","priority":null,"frequency":null,"local_seo":null,"breadcrumb_settings":null,"limit_modified_date":false,"ai":null,"created":"2025-08-16 22:38:33","updated":"2025-08-16 22:38:33","focus_keyword":null,"additional_keywords":null,"truseo_locale":null,"seo_analyzer_scan_date":null},"aioseo_breadcrumb":"<div class=\"aioseo-breadcrumbs\"><span class=\"aioseo-breadcrumb\">\n\t\t\t<a href=\"https:\/\/anoticiaonline.com.br\/site\" title=\"Home\">Home<\/a>\n\t\t<\/span><span class=\"aioseo-breadcrumb-separator\">&raquo;<\/span><span class=\"aioseo-breadcrumb\">\n\t\t\t<a href=\"https:\/\/anoticiaonline.com.br\/site\/categoria\/muriae\/\" title=\"Blog\">Blog<\/a>\n\t\t<\/span><span class=\"aioseo-breadcrumb-separator\">&raquo;<\/span><span class=\"aioseo-breadcrumb\">\n\t\t\teSocial\n\t\t<\/span><\/div>","aioseo_breadcrumb_json":[{"label":"Home","link":"https:\/\/anoticiaonline.com.br\/site"},{"label":"Blog","link":"https:\/\/anoticiaonline.com.br\/site\/categoria\/muriae\/"},{"label":"eSocial","link":"https:\/\/anoticiaonline.com.br\/site\/esocial\/"}],"views":155,"_links":{"self":[{"href":"https:\/\/anoticiaonline.com.br\/site\/wp-json\/wp\/v2\/posts\/66658","targetHints":{"allow":["GET"]}}],"collection":[{"href":"https:\/\/anoticiaonline.com.br\/site\/wp-json\/wp\/v2\/posts"}],"about":[{"href":"https:\/\/anoticiaonline.com.br\/site\/wp-json\/wp\/v2\/types\/post"}],"author":[{"embeddable":true,"href":"https:\/\/anoticiaonline.com.br\/site\/wp-json\/wp\/v2\/users\/2"}],"replies":[{"embeddable":true,"href":"https:\/\/anoticiaonline.com.br\/site\/wp-json\/wp\/v2\/comments?post=66658"}],"version-history":[{"count":0,"href":"https:\/\/anoticiaonline.com.br\/site\/wp-json\/wp\/v2\/posts\/66658\/revisions"}],"wp:featuredmedia":[{"embeddable":true,"href":"https:\/\/anoticiaonline.com.br\/site\/wp-json\/wp\/v2\/media\/66659"}],"wp:attachment":[{"href":"https:\/\/anoticiaonline.com.br\/site\/wp-json\/wp\/v2\/media?parent=66658"}],"wp:term":[{"taxonomy":"category","embeddable":true,"href":"https:\/\/anoticiaonline.com.br\/site\/wp-json\/wp\/v2\/categories?post=66658"},{"taxonomy":"post_tag","embeddable":true,"href":"https:\/\/anoticiaonline.com.br\/site\/wp-json\/wp\/v2\/tags?post=66658"}],"curies":[{"name":"wp","href":"https:\/\/api.w.org\/{rel}","templated":true}]}}