{"id":66641,"date":"2019-01-09T17:43:09","date_gmt":"2019-01-09T20:43:09","guid":{"rendered":"http:\/\/anoticiaonline.com.br\/site\/?p=66641"},"modified":"2019-01-09T17:43:09","modified_gmt":"2019-01-09T20:43:09","slug":"david-lacerda-toma-posse-como-presidente-da-camara-municipal-de-muriae","status":"publish","type":"post","link":"https:\/\/anoticiaonline.com.br\/site\/david-lacerda-toma-posse-como-presidente-da-camara-municipal-de-muriae\/","title":{"rendered":"David Lacerda toma posse como presidente da C\u00e2mara Municipal de Muria\u00e9"},"content":{"rendered":"<p><span style=\"font-family: Calibri;\"><span style=\"font-size: medium;\"><span style=\"color: #000000;\"><a href=\"https:\/\/anoticiaonline.com.br\/site\/wp-content\/uploads\/2019\/01\/f7aa30ce-eca7-41f0-9b32-6e88c2e421fc.jpg\"><img fetchpriority=\"high\" decoding=\"async\" class=\"aligncenter size-full wp-image-66646\" src=\"https:\/\/anoticiaonline.com.br\/site\/wp-content\/uploads\/2019\/01\/f7aa30ce-eca7-41f0-9b32-6e88c2e421fc.jpg\" alt=\"\" width=\"1000\" height=\"750\" srcset=\"https:\/\/anoticiaonline.com.br\/site\/wp-content\/uploads\/2019\/01\/f7aa30ce-eca7-41f0-9b32-6e88c2e421fc.jpg 1000w, https:\/\/anoticiaonline.com.br\/site\/wp-content\/uploads\/2019\/01\/f7aa30ce-eca7-41f0-9b32-6e88c2e421fc-300x225.jpg 300w, https:\/\/anoticiaonline.com.br\/site\/wp-content\/uploads\/2019\/01\/f7aa30ce-eca7-41f0-9b32-6e88c2e421fc-768x576.jpg 768w, https:\/\/anoticiaonline.com.br\/site\/wp-content\/uploads\/2019\/01\/f7aa30ce-eca7-41f0-9b32-6e88c2e421fc-105x80.jpg 105w\" sizes=\"(max-width: 1000px) 100vw, 1000px\" \/><\/a> <a href=\"https:\/\/anoticiaonline.com.br\/site\/wp-content\/uploads\/2019\/01\/PRESIDENTE-DAVID-LACERDA.jpg\"><img decoding=\"async\" class=\"aligncenter size-full wp-image-66647\" src=\"https:\/\/anoticiaonline.com.br\/site\/wp-content\/uploads\/2019\/01\/PRESIDENTE-DAVID-LACERDA.jpg\" alt=\"\" width=\"1000\" height=\"428\" srcset=\"https:\/\/anoticiaonline.com.br\/site\/wp-content\/uploads\/2019\/01\/PRESIDENTE-DAVID-LACERDA.jpg 1000w, https:\/\/anoticiaonline.com.br\/site\/wp-content\/uploads\/2019\/01\/PRESIDENTE-DAVID-LACERDA-300x128.jpg 300w, https:\/\/anoticiaonline.com.br\/site\/wp-content\/uploads\/2019\/01\/PRESIDENTE-DAVID-LACERDA-768x329.jpg 768w\" sizes=\"(max-width: 1000px) 100vw, 1000px\" \/><\/a>O vereador David Pinheiro de Lacerda (DEM) recebeu o cargo de presidente da C\u00e2mara de Muria\u00e9 de seu antecessor Ademar Camerino (PROS) numa cerim\u00f4nia r\u00e1pida, repleta de autoridades e l\u00edderes comunit\u00e1rios, realizada no Plen\u00e1rio Dr. Jo\u00e3o Evangelista Bandeira de Mello na noite do dia 07.\u00a0\u00a0<\/span><\/span><span style=\"color: #000000; font-size: medium;\">Eleita em dezembro, a nova Mesa Diretora da C\u00e2mara de Muria\u00e9 \u00e9 composta, al\u00e9m do presidente, pelo 1\u00ba vice-presidente Lelei (DEM), 2\u00ba vice-presidente Ademar Camerino (PROS), 1\u00ba secret\u00e1rio Carlos Delfim (PSDB) e 2\u00ba secret\u00e1rio Evandro Cheroso (PR).<\/span><\/span><\/p>\n<p><!--more--><\/p>\n<div id='gallery-1' class='gallery galleryid-66641 gallery-columns-1 gallery-size-large'><figure class='gallery-item'>\n\t\t\t<div class='gallery-icon landscape'>\n\t\t\t\t<a href='https:\/\/anoticiaonline.com.br\/site\/david-lacerda-toma-posse-como-presidente-da-camara-municipal-de-muriae\/427c38a1-b297-4d13-b0e8-076c991ccace\/#main'><img decoding=\"async\" width=\"900\" height=\"675\" src=\"https:\/\/anoticiaonline.com.br\/site\/wp-content\/uploads\/2019\/01\/427c38a1-b297-4d13-b0e8-076c991ccace.jpg\" class=\"attachment-large size-large\" alt=\"\" srcset=\"https:\/\/anoticiaonline.com.br\/site\/wp-content\/uploads\/2019\/01\/427c38a1-b297-4d13-b0e8-076c991ccace.jpg 1000w, https:\/\/anoticiaonline.com.br\/site\/wp-content\/uploads\/2019\/01\/427c38a1-b297-4d13-b0e8-076c991ccace-300x225.jpg 300w, https:\/\/anoticiaonline.com.br\/site\/wp-content\/uploads\/2019\/01\/427c38a1-b297-4d13-b0e8-076c991ccace-768x576.jpg 768w, https:\/\/anoticiaonline.com.br\/site\/wp-content\/uploads\/2019\/01\/427c38a1-b297-4d13-b0e8-076c991ccace-105x80.jpg 105w\" sizes=\"(max-width: 900px) 100vw, 900px\" \/><\/a>\n\t\t\t<\/div><\/figure><figure class='gallery-item'>\n\t\t\t<div class='gallery-icon landscape'>\n\t\t\t\t<a href='https:\/\/anoticiaonline.com.br\/site\/david-lacerda-toma-posse-como-presidente-da-camara-municipal-de-muriae\/b90780de-7095-45e9-84e4-38c89419ecaf\/#main'><img loading=\"lazy\" decoding=\"async\" width=\"900\" height=\"675\" src=\"https:\/\/anoticiaonline.com.br\/site\/wp-content\/uploads\/2019\/01\/b90780de-7095-45e9-84e4-38c89419ecaf.jpg\" class=\"attachment-large size-large\" alt=\"\" srcset=\"https:\/\/anoticiaonline.com.br\/site\/wp-content\/uploads\/2019\/01\/b90780de-7095-45e9-84e4-38c89419ecaf.jpg 1000w, https:\/\/anoticiaonline.com.br\/site\/wp-content\/uploads\/2019\/01\/b90780de-7095-45e9-84e4-38c89419ecaf-300x225.jpg 300w, https:\/\/anoticiaonline.com.br\/site\/wp-content\/uploads\/2019\/01\/b90780de-7095-45e9-84e4-38c89419ecaf-768x576.jpg 768w, https:\/\/anoticiaonline.com.br\/site\/wp-content\/uploads\/2019\/01\/b90780de-7095-45e9-84e4-38c89419ecaf-105x80.jpg 105w\" sizes=\"(max-width: 900px) 100vw, 900px\" \/><\/a>\n\t\t\t<\/div><\/figure><figure class='gallery-item'>\n\t\t\t<div class='gallery-icon landscape'>\n\t\t\t\t<a href='https:\/\/anoticiaonline.com.br\/site\/david-lacerda-toma-posse-como-presidente-da-camara-municipal-de-muriae\/cerimonia-de-transmissao-de-cargos\/#main'><img loading=\"lazy\" decoding=\"async\" width=\"900\" height=\"475\" src=\"https:\/\/anoticiaonline.com.br\/site\/wp-content\/uploads\/2019\/01\/CERIM\u00d4NIA-DE-TRANSMISS\u00c3O-DE-CARGOS.jpg\" class=\"attachment-large size-large\" alt=\"\" srcset=\"https:\/\/anoticiaonline.com.br\/site\/wp-content\/uploads\/2019\/01\/CERIM\u00d4NIA-DE-TRANSMISS\u00c3O-DE-CARGOS.jpg 1000w, https:\/\/anoticiaonline.com.br\/site\/wp-content\/uploads\/2019\/01\/CERIM\u00d4NIA-DE-TRANSMISS\u00c3O-DE-CARGOS-300x158.jpg 300w, https:\/\/anoticiaonline.com.br\/site\/wp-content\/uploads\/2019\/01\/CERIM\u00d4NIA-DE-TRANSMISS\u00c3O-DE-CARGOS-768x406.jpg 768w\" sizes=\"(max-width: 900px) 100vw, 900px\" \/><\/a>\n\t\t\t<\/div><\/figure><figure class='gallery-item'>\n\t\t\t<div class='gallery-icon landscape'>\n\t\t\t\t<a href='https:\/\/anoticiaonline.com.br\/site\/david-lacerda-toma-posse-como-presidente-da-camara-municipal-de-muriae\/ex-presidente-ademar-camerino\/#main'><img loading=\"lazy\" decoding=\"async\" width=\"900\" height=\"484\" src=\"https:\/\/anoticiaonline.com.br\/site\/wp-content\/uploads\/2019\/01\/EX-PRESIDENTE-ADEMAR-CAMERINO.jpg\" class=\"attachment-large size-large\" alt=\"\" srcset=\"https:\/\/anoticiaonline.com.br\/site\/wp-content\/uploads\/2019\/01\/EX-PRESIDENTE-ADEMAR-CAMERINO.jpg 1000w, https:\/\/anoticiaonline.com.br\/site\/wp-content\/uploads\/2019\/01\/EX-PRESIDENTE-ADEMAR-CAMERINO-300x161.jpg 300w, https:\/\/anoticiaonline.com.br\/site\/wp-content\/uploads\/2019\/01\/EX-PRESIDENTE-ADEMAR-CAMERINO-768x413.jpg 768w\" sizes=\"(max-width: 900px) 100vw, 900px\" \/><\/a>\n\t\t\t<\/div><\/figure><figure class='gallery-item'>\n\t\t\t<div class='gallery-icon landscape'>\n\t\t\t\t<a href='https:\/\/anoticiaonline.com.br\/site\/david-lacerda-toma-posse-como-presidente-da-camara-municipal-de-muriae\/mesa-diretora-2019\/#main'><img loading=\"lazy\" decoding=\"async\" width=\"900\" height=\"511\" src=\"https:\/\/anoticiaonline.com.br\/site\/wp-content\/uploads\/2019\/01\/MESA-DIRETORA-2019.jpg\" class=\"attachment-large size-large\" alt=\"\" srcset=\"https:\/\/anoticiaonline.com.br\/site\/wp-content\/uploads\/2019\/01\/MESA-DIRETORA-2019.jpg 1000w, https:\/\/anoticiaonline.com.br\/site\/wp-content\/uploads\/2019\/01\/MESA-DIRETORA-2019-300x170.jpg 300w, https:\/\/anoticiaonline.com.br\/site\/wp-content\/uploads\/2019\/01\/MESA-DIRETORA-2019-768x436.jpg 768w\" sizes=\"(max-width: 900px) 100vw, 900px\" \/><\/a>\n\t\t\t<\/div><\/figure><figure class='gallery-item'>\n\t\t\t<div class='gallery-icon landscape'>\n\t\t\t\t<a href='https:\/\/anoticiaonline.com.br\/site\/david-lacerda-toma-posse-como-presidente-da-camara-municipal-de-muriae\/prefeito-grego\/#main'><img loading=\"lazy\" decoding=\"async\" width=\"900\" height=\"507\" src=\"https:\/\/anoticiaonline.com.br\/site\/wp-content\/uploads\/2019\/01\/PREFEITO-GREGO.jpg\" class=\"attachment-large size-large\" alt=\"\" srcset=\"https:\/\/anoticiaonline.com.br\/site\/wp-content\/uploads\/2019\/01\/PREFEITO-GREGO.jpg 1000w, https:\/\/anoticiaonline.com.br\/site\/wp-content\/uploads\/2019\/01\/PREFEITO-GREGO-300x169.jpg 300w, https:\/\/anoticiaonline.com.br\/site\/wp-content\/uploads\/2019\/01\/PREFEITO-GREGO-768x432.jpg 768w\" sizes=\"(max-width: 900px) 100vw, 900px\" \/><\/a>\n\t\t\t<\/div><\/figure>\n\t\t<\/div>\n\n<p><span style=\"color: #000000; font-family: Calibri; font-size: medium;\">Na cerim\u00f4nia de transmiss\u00e3o de cargos da Mesa Diretora, o novo presidente David Lacerda deixou claro que pretende realizar um mandato austero no que diz respeito aos gastos p\u00fablicos, prezando pela efici\u00eancia e agilidade na a\u00e7\u00e3o legisladora a fim de que as necessidades da popula\u00e7\u00e3o possam ser adequadamente supridas. \u201cN\u00e3o podemos errar, nem eu, nem nossos servidores, pois quero uma gest\u00e3o comprometida com o bem p\u00fablico, procurando fazer o que for correto, necess\u00e1rio, sem populismo, mas com muita responsabilidade\u201d, afirmou Lacerda.<\/span><\/p>\n<p><span style=\"font-family: Calibri;\"><span style=\"font-size: medium;\"><span style=\"color: #000000;\">Presente \u00e0 solenidade, o prefeito de Muria\u00e9,\u00a0Ioannis Konstantinos Grammatikopoulos \u2013 Gre<\/span><\/span><span style=\"color: #000000; font-size: medium;\">go (DEM), informou sobre sua preocupa\u00e7\u00e3o com os rumos que o novo governo estadual est\u00e1 tomando com rela\u00e7\u00e3o aos recursos destinados aos munic\u00edpios (j\u00e1 que o governador j\u00e1 vem promovendo bloqueios na destina\u00e7\u00e3o destes recursos, assim como fez seu antecessor) e convocou os vereadores a se empenharem no combate a esse grave problema enfrentado pelos administradores municipais de Minas Gerais. Com perspectivas negativas quanto ao ano de 2019, o prefeito falou sobre o corte promovido pela empresa de transporte p\u00fablico local\u00a0<\/span><span style=\"color: #000000; font-size: medium;\">de meia passagem aos estudantes<\/span><span style=\"color: #000000; font-size: medium;\">\u00a0e convocou os vereadores a unir-se ao Executivo em busca de uma solu\u00e7\u00e3o urgente a esse problema. Por fim, deixou registrados seu apoio e sua admira\u00e7\u00e3o a novo dire\u00e7\u00e3o da C\u00e2mara.<\/span><\/span><\/p>\n<p><span style=\"color: #000000; font-family: Calibri; font-size: medium;\">O vereador Ademar Camerino que deixo a presid\u00eancia, mantendo-se na mesa diretora da atual gest\u00e3o como 2\u00ba vice-presidente, agradeceu ao apoio recebido pelos colegas, servidores, popula\u00e7\u00e3o durante seu mandato, lembrando que conseguiu economizar R$ 148 mil que foram restitu\u00eddos ao Executivo para serem revertidos em benef\u00edcios diversos as comunidades. Declarou seu comprometimento com a nova gest\u00e3o da C\u00e2mara, da qual faz parte, e a certeza de que 2019 ser\u00e1 um ano positivo e de grandes conquistas no Legislativo de Muria\u00e9.<\/span><\/p>\n<p><span style=\"font-family: Calibri;\"><span style=\"font-size: medium;\"><span style=\"color: #000000;\">Com a presen\u00e7a de grande maioria dos vereadores, secret\u00e1rios municipais, l\u00edderes comunit\u00e1rios (presidentes das associa\u00e7\u00f5es de bairros,\u00a0\u00a0<\/span><\/span><span style=\"color: #000000; font-size: medium;\">clubes de servi\u00e7os, entidades de classes e beneficentes), al\u00e9m de familiares e popula\u00e7\u00e3o em geral, David Lacerda iniciou sua gest\u00e3o na C\u00e2mara de Muria\u00e9 com seu lema popularmente conhecido por todos: \u201cvamos juntinhos\u201d.<\/span><\/span><\/p>\n","protected":false},"excerpt":{"rendered":"<p>O vereador David Pinheiro de Lacerda (DEM) recebeu o cargo de presidente da C\u00e2mara de Muria\u00e9 de seu antecessor Ademar Camerino (PROS) numa cerim\u00f4nia r\u00e1pida, repleta de autoridades e l\u00edderes comunit\u00e1rios, realizada no Plen\u00e1rio Dr. Jo\u00e3o Evangelista Bandeira de Mello na noite do dia 07.\u00a0\u00a0Eleita em dezembro, a nova Mesa Diretora da C\u00e2mara de Muria\u00e9 &#8230; <a title=\"David Lacerda toma posse como presidente da C\u00e2mara Municipal de Muria\u00e9\" class=\"read-more\" href=\"https:\/\/anoticiaonline.com.br\/site\/david-lacerda-toma-posse-como-presidente-da-camara-municipal-de-muriae\/\" aria-label=\"Read more about David Lacerda toma posse como presidente da C\u00e2mara Municipal de Muria\u00e9\">Ler mais<\/a><\/p>\n","protected":false},"author":2,"featured_media":66656,"comment_status":"open","ping_status":"open","sticky":false,"template":"","format":"standard","meta":{"_acf_changed":false,"_monsterinsights_skip_tracking":false,"footnotes":""},"categories":[1],"tags":[1747,89,3603,3602,3601,1896,3604],"class_list":["post-66641","post","type-post","status-publish","format-standard","has-post-thumbnail","hentry","category-gerais","tag-ademar-camerino","tag-camara-de-muriae","tag-carlos-delfim","tag-david-pinheiro-de-lacerda","tag-david-pinheiro-de-lacerda-dem","tag-dem","tag-evandro-cheroso"],"acf":[],"aioseo_notices":[],"aioseo_head":"\n\t\t<!-- All in One SEO 5.0.0.1 - aioseo.com -->\n\t<meta name=\"description\" content=\"O vereador David Pinheiro de Lacerda (DEM) recebeu o cargo de presidente da C\u00e2mara de Muria\u00e9 de seu antecessor Ademar Camerino (PROS) numa cerim\u00f4nia r\u00e1pida, repleta de autoridades e l\u00edderes comunit\u00e1rios, realizada no Plen\u00e1rio Dr. Jo\u00e3o Evangelista Bandeira de Mello na noite do dia 07. Eleita em dezembro, a nova Mesa Diretora da C\u00e2mara de Muria\u00e9\" \/>\n\t<meta name=\"robots\" content=\"max-image-preview:large\" \/>\n\t<meta name=\"author\" content=\"Juliana Laviola\"\/>\n\t<link rel=\"canonical\" href=\"https:\/\/anoticiaonline.com.br\/site\/david-lacerda-toma-posse-como-presidente-da-camara-municipal-de-muriae\/\" \/>\n\t<meta name=\"generator\" content=\"All in One SEO (AIOSEO) 5.0.0.1\" \/>\n\t\t<meta property=\"og:locale\" content=\"pt_BR\" \/>\n\t\t<meta property=\"og:site_name\" content=\"A Not\u00edcia Online - Noticias de Muria\u00e9 e regi\u00e3o\" \/>\n\t\t<meta property=\"og:type\" content=\"article\" \/>\n\t\t<meta property=\"og:title\" content=\"David Lacerda toma posse como presidente da C\u00e2mara Municipal de Muria\u00e9 - A Not\u00edcia Online\" \/>\n\t\t<meta property=\"og:description\" content=\"O vereador David Pinheiro de Lacerda (DEM) recebeu o cargo de presidente da C\u00e2mara de Muria\u00e9 de seu antecessor Ademar Camerino (PROS) numa cerim\u00f4nia r\u00e1pida, repleta de autoridades e l\u00edderes comunit\u00e1rios, realizada no Plen\u00e1rio Dr. Jo\u00e3o Evangelista Bandeira de Mello na noite do dia 07. Eleita em dezembro, a nova Mesa Diretora da C\u00e2mara de Muria\u00e9\" \/>\n\t\t<meta property=\"og:url\" content=\"https:\/\/anoticiaonline.com.br\/site\/david-lacerda-toma-posse-como-presidente-da-camara-municipal-de-muriae\/\" \/>\n\t\t<meta property=\"og:image\" content=\"https:\/\/scontent-gig4-1.xx.fbcdn.net\/v\/t39.30808-1\/270437624_4564083193639691_6907940295614233970_n.jpg?stp=dst-jpg_s200x200_tt6&#038;_nc_cat=111&#038;ccb=1-7&#038;_nc_sid=f907e8&#038;_nc_ohc=SM1wRlP3lJwQ7kNvwEPuBYA&#038;_nc_oc=AdnqrjDN_BNjSSHWO-GbkIWH6fkGMLw4bqvL_NH6e2wMveX7G-rP2dAqsDSq1mJMOaY&#038;_nc_zt=24&#038;_nc_ht=scontent-gig4-1.xx&#038;_nc_gid=AoBFJeGrT1hVaew_6rchkQ&#038;oh=00_AfX7QmFGhQhG2jAllVgXCiM1ZrWgvtp80-Bfppyexh1QEg&#038;oe=689E923C\" \/>\n\t\t<meta property=\"og:image:secure_url\" content=\"https:\/\/scontent-gig4-1.xx.fbcdn.net\/v\/t39.30808-1\/270437624_4564083193639691_6907940295614233970_n.jpg?stp=dst-jpg_s200x200_tt6&#038;_nc_cat=111&#038;ccb=1-7&#038;_nc_sid=f907e8&#038;_nc_ohc=SM1wRlP3lJwQ7kNvwEPuBYA&#038;_nc_oc=AdnqrjDN_BNjSSHWO-GbkIWH6fkGMLw4bqvL_NH6e2wMveX7G-rP2dAqsDSq1mJMOaY&#038;_nc_zt=24&#038;_nc_ht=scontent-gig4-1.xx&#038;_nc_gid=AoBFJeGrT1hVaew_6rchkQ&#038;oh=00_AfX7QmFGhQhG2jAllVgXCiM1ZrWgvtp80-Bfppyexh1QEg&#038;oe=689E923C\" \/>\n\t\t<meta property=\"article:published_time\" content=\"2019-01-09T20:43:09+00:00\" \/>\n\t\t<meta property=\"article:modified_time\" content=\"2019-01-09T20:43:09+00:00\" \/>\n\t\t<meta name=\"twitter:card\" content=\"summary_large_image\" \/>\n\t\t<meta name=\"twitter:title\" content=\"David Lacerda toma posse como presidente da C\u00e2mara Municipal de Muria\u00e9 - A Not\u00edcia Online\" \/>\n\t\t<meta name=\"twitter:description\" content=\"O vereador David Pinheiro de Lacerda (DEM) recebeu o cargo de presidente da C\u00e2mara de Muria\u00e9 de seu antecessor Ademar Camerino (PROS) numa cerim\u00f4nia r\u00e1pida, repleta de autoridades e l\u00edderes comunit\u00e1rios, realizada no Plen\u00e1rio Dr. Jo\u00e3o Evangelista Bandeira de Mello na noite do dia 07. Eleita em dezembro, a nova Mesa Diretora da C\u00e2mara de Muria\u00e9\" \/>\n\t\t<meta name=\"twitter:image\" content=\"https:\/\/scontent-gig4-1.xx.fbcdn.net\/v\/t39.30808-1\/270437624_4564083193639691_6907940295614233970_n.jpg?stp=dst-jpg_s200x200_tt6&amp;_nc_cat=111&amp;ccb=1-7&amp;_nc_sid=f907e8&amp;_nc_ohc=SM1wRlP3lJwQ7kNvwEPuBYA&amp;_nc_oc=AdnqrjDN_BNjSSHWO-GbkIWH6fkGMLw4bqvL_NH6e2wMveX7G-rP2dAqsDSq1mJMOaY&amp;_nc_zt=24&amp;_nc_ht=scontent-gig4-1.xx&amp;_nc_gid=AoBFJeGrT1hVaew_6rchkQ&amp;oh=00_AfX7QmFGhQhG2jAllVgXCiM1ZrWgvtp80-Bfppyexh1QEg&amp;oe=689E923C\" \/>\n\t\t<script type=\"application\/ld+json\" class=\"aioseo-schema\">\n\t\t\t{\"@context\":\"https:\\\/\\\/schema.org\",\"@graph\":[{\"@type\":\"BlogPosting\",\"@id\":\"https:\\\/\\\/anoticiaonline.com.br\\\/site\\\/david-lacerda-toma-posse-como-presidente-da-camara-municipal-de-muriae\\\/#blogposting\",\"name\":\"David Lacerda toma posse como presidente da C\\u00e2mara Municipal de Muria\\u00e9 - A Not\\u00edcia Online\",\"headline\":\"David Lacerda toma posse como presidente da C\\u00e2mara Municipal de Muria\\u00e9\",\"author\":{\"@id\":\"https:\\\/\\\/anoticiaonline.com.br\\\/site\\\/author\\\/juliana\\\/#author\"},\"publisher\":{\"@id\":\"https:\\\/\\\/anoticiaonline.com.br\\\/site\\\/#organization\"},\"image\":{\"@type\":\"ImageObject\",\"url\":\"https:\\\/\\\/anoticiaonline.com.br\\\/site\\\/wp-content\\\/uploads\\\/2019\\\/01\\\/capa-3.jpg\",\"width\":1000,\"height\":350},\"datePublished\":\"2019-01-09T17:43:09-03:00\",\"dateModified\":\"2019-01-09T17:43:09-03:00\",\"inLanguage\":\"pt-BR\",\"mainEntityOfPage\":{\"@id\":\"https:\\\/\\\/anoticiaonline.com.br\\\/site\\\/david-lacerda-toma-posse-como-presidente-da-camara-municipal-de-muriae\\\/#webpage\"},\"isPartOf\":{\"@id\":\"https:\\\/\\\/anoticiaonline.com.br\\\/site\\\/david-lacerda-toma-posse-como-presidente-da-camara-municipal-de-muriae\\\/#webpage\"},\"articleSection\":\"Gerais, Ademar Camerino, c\\u00e2mara de muria\\u00e9, Carlos Delfim, David Pinheiro de Lacerda, David Pinheiro de Lacerda (DEM), DEM, Evandro Cheroso\"},{\"@type\":\"BreadcrumbList\",\"@id\":\"https:\\\/\\\/anoticiaonline.com.br\\\/site\\\/david-lacerda-toma-posse-como-presidente-da-camara-municipal-de-muriae\\\/#breadcrumblist\",\"itemListElement\":[{\"@type\":\"ListItem\",\"@id\":\"https:\\\/\\\/anoticiaonline.com.br\\\/site#listItem\",\"position\":1,\"name\":\"Home\",\"item\":\"https:\\\/\\\/anoticiaonline.com.br\\\/site\",\"nextItem\":{\"@type\":\"ListItem\",\"@id\":\"https:\\\/\\\/anoticiaonline.com.br\\\/site\\\/categoria\\\/gerais\\\/#listItem\",\"name\":\"Gerais\"}},{\"@type\":\"ListItem\",\"@id\":\"https:\\\/\\\/anoticiaonline.com.br\\\/site\\\/categoria\\\/gerais\\\/#listItem\",\"position\":2,\"name\":\"Gerais\",\"item\":\"https:\\\/\\\/anoticiaonline.com.br\\\/site\\\/categoria\\\/gerais\\\/\",\"nextItem\":{\"@type\":\"ListItem\",\"@id\":\"https:\\\/\\\/anoticiaonline.com.br\\\/site\\\/david-lacerda-toma-posse-como-presidente-da-camara-municipal-de-muriae\\\/#listItem\",\"name\":\"David Lacerda toma posse como presidente da C\\u00e2mara Municipal de Muria\\u00e9\"},\"previousItem\":{\"@type\":\"ListItem\",\"@id\":\"https:\\\/\\\/anoticiaonline.com.br\\\/site#listItem\",\"name\":\"Home\"}},{\"@type\":\"ListItem\",\"@id\":\"https:\\\/\\\/anoticiaonline.com.br\\\/site\\\/david-lacerda-toma-posse-como-presidente-da-camara-municipal-de-muriae\\\/#listItem\",\"position\":3,\"name\":\"David Lacerda toma posse como presidente da C\\u00e2mara Municipal de Muria\\u00e9\",\"previousItem\":{\"@type\":\"ListItem\",\"@id\":\"https:\\\/\\\/anoticiaonline.com.br\\\/site\\\/categoria\\\/gerais\\\/#listItem\",\"name\":\"Gerais\"}}]},{\"@type\":\"Organization\",\"@id\":\"https:\\\/\\\/anoticiaonline.com.br\\\/site\\\/#organization\",\"name\":\"A Not\\u00edcia Online\",\"description\":\"Noticias de Muria\\u00e9 e regi\\u00e3o\",\"url\":\"https:\\\/\\\/anoticiaonline.com.br\\\/site\\\/\",\"logo\":{\"@type\":\"ImageObject\",\"url\":\"https:\\\/\\\/scontent-gig4-1.xx.fbcdn.net\\\/v\\\/t39.30808-1\\\/270437624_4564083193639691_6907940295614233970_n.jpg?stp=dst-jpg_s200x200_tt6&_nc_cat=111&ccb=1-7&_nc_sid=f907e8&_nc_ohc=SM1wRlP3lJwQ7kNvwEPuBYA&_nc_oc=AdnqrjDN_BNjSSHWO-GbkIWH6fkGMLw4bqvL_NH6e2wMveX7G-rP2dAqsDSq1mJMOaY&_nc_zt=24&_nc_ht=scontent-gig4-1.xx&_nc_gid=AoBFJeGrT1hVaew_6rchkQ&oh=00_AfX7QmFGhQhG2jAllVgXCiM1ZrWgvtp80-Bfppyexh1QEg&oe=689E923C\",\"@id\":\"https:\\\/\\\/anoticiaonline.com.br\\\/site\\\/david-lacerda-toma-posse-como-presidente-da-camara-municipal-de-muriae\\\/#organizationLogo\"},\"image\":{\"@id\":\"https:\\\/\\\/anoticiaonline.com.br\\\/site\\\/david-lacerda-toma-posse-como-presidente-da-camara-municipal-de-muriae\\\/#organizationLogo\"}},{\"@type\":\"Person\",\"@id\":\"https:\\\/\\\/anoticiaonline.com.br\\\/site\\\/author\\\/juliana\\\/#author\",\"url\":\"https:\\\/\\\/anoticiaonline.com.br\\\/site\\\/author\\\/juliana\\\/\",\"name\":\"Juliana Laviola\",\"image\":{\"@type\":\"ImageObject\",\"@id\":\"https:\\\/\\\/anoticiaonline.com.br\\\/site\\\/david-lacerda-toma-posse-como-presidente-da-camara-municipal-de-muriae\\\/#authorImage\",\"url\":\"https:\\\/\\\/secure.gravatar.com\\\/avatar\\\/b8d45f5c699b100dfaf0e543582f38f38bf94cb7ae3a5e9abf8d891a34773335?s=96&d=mm&r=g\",\"width\":96,\"height\":96,\"caption\":\"Juliana Laviola\"}},{\"@type\":\"WebPage\",\"@id\":\"https:\\\/\\\/anoticiaonline.com.br\\\/site\\\/david-lacerda-toma-posse-como-presidente-da-camara-municipal-de-muriae\\\/#webpage\",\"url\":\"https:\\\/\\\/anoticiaonline.com.br\\\/site\\\/david-lacerda-toma-posse-como-presidente-da-camara-municipal-de-muriae\\\/\",\"name\":\"David Lacerda toma posse como presidente da C\\u00e2mara Municipal de Muria\\u00e9 - A Not\\u00edcia Online\",\"description\":\"O vereador David Pinheiro de Lacerda (DEM) recebeu o cargo de presidente da C\\u00e2mara de Muria\\u00e9 de seu antecessor Ademar Camerino (PROS) numa cerim\\u00f4nia r\\u00e1pida, repleta de autoridades e l\\u00edderes comunit\\u00e1rios, realizada no Plen\\u00e1rio Dr. Jo\\u00e3o Evangelista Bandeira de Mello na noite do dia 07. Eleita em dezembro, a nova Mesa Diretora da C\\u00e2mara de Muria\\u00e9\",\"inLanguage\":\"pt-BR\",\"isPartOf\":{\"@id\":\"https:\\\/\\\/anoticiaonline.com.br\\\/site\\\/#website\"},\"breadcrumb\":{\"@id\":\"https:\\\/\\\/anoticiaonline.com.br\\\/site\\\/david-lacerda-toma-posse-como-presidente-da-camara-municipal-de-muriae\\\/#breadcrumblist\"},\"author\":{\"@id\":\"https:\\\/\\\/anoticiaonline.com.br\\\/site\\\/author\\\/juliana\\\/#author\"},\"creator\":{\"@id\":\"https:\\\/\\\/anoticiaonline.com.br\\\/site\\\/author\\\/juliana\\\/#author\"},\"image\":{\"@type\":\"ImageObject\",\"url\":\"https:\\\/\\\/anoticiaonline.com.br\\\/site\\\/wp-content\\\/uploads\\\/2019\\\/01\\\/capa-3.jpg\",\"@id\":\"https:\\\/\\\/anoticiaonline.com.br\\\/site\\\/david-lacerda-toma-posse-como-presidente-da-camara-municipal-de-muriae\\\/#mainImage\",\"width\":1000,\"height\":350},\"primaryImageOfPage\":{\"@id\":\"https:\\\/\\\/anoticiaonline.com.br\\\/site\\\/david-lacerda-toma-posse-como-presidente-da-camara-municipal-de-muriae\\\/#mainImage\"},\"datePublished\":\"2019-01-09T17:43:09-03:00\",\"dateModified\":\"2019-01-09T17:43:09-03:00\"},{\"@type\":\"WebSite\",\"@id\":\"https:\\\/\\\/anoticiaonline.com.br\\\/site\\\/#website\",\"url\":\"https:\\\/\\\/anoticiaonline.com.br\\\/site\\\/\",\"name\":\"A Not\\u00edcia Online\",\"description\":\"Noticias de Muria\\u00e9 e regi\\u00e3o\",\"inLanguage\":\"pt-BR\",\"publisher\":{\"@id\":\"https:\\\/\\\/anoticiaonline.com.br\\\/site\\\/#organization\"}}]}\n\t\t<\/script>\n\t\t<!-- All in One SEO -->\n\n","aioseo_head_json":{"title":"David Lacerda toma posse como presidente da C\u00e2mara Municipal de Muria\u00e9 - A Not\u00edcia Online","description":"O vereador David Pinheiro de Lacerda (DEM) recebeu o cargo de presidente da C\u00e2mara de Muria\u00e9 de seu antecessor Ademar Camerino (PROS) numa cerim\u00f4nia r\u00e1pida, repleta de autoridades e l\u00edderes comunit\u00e1rios, realizada no Plen\u00e1rio Dr. Jo\u00e3o Evangelista Bandeira de Mello na noite do dia 07. Eleita em dezembro, a nova Mesa Diretora da C\u00e2mara de Muria\u00e9","canonical_url":"https:\/\/anoticiaonline.com.br\/site\/david-lacerda-toma-posse-como-presidente-da-camara-municipal-de-muriae\/","robots":"max-image-preview:large","keywords":"","webmasterTools":{"miscellaneous":""},"schema":{"@context":"https:\/\/schema.org","@graph":[{"@type":"BlogPosting","@id":"https:\/\/anoticiaonline.com.br\/site\/david-lacerda-toma-posse-como-presidente-da-camara-municipal-de-muriae\/#blogposting","name":"David Lacerda toma posse como presidente da C\u00e2mara Municipal de Muria\u00e9 - A Not\u00edcia Online","headline":"David Lacerda toma posse como presidente da C\u00e2mara Municipal de Muria\u00e9","author":{"@id":"https:\/\/anoticiaonline.com.br\/site\/author\/juliana\/#author"},"publisher":{"@id":"https:\/\/anoticiaonline.com.br\/site\/#organization"},"image":{"@type":"ImageObject","url":"https:\/\/anoticiaonline.com.br\/site\/wp-content\/uploads\/2019\/01\/capa-3.jpg","width":1000,"height":350},"datePublished":"2019-01-09T17:43:09-03:00","dateModified":"2019-01-09T17:43:09-03:00","inLanguage":"pt-BR","mainEntityOfPage":{"@id":"https:\/\/anoticiaonline.com.br\/site\/david-lacerda-toma-posse-como-presidente-da-camara-municipal-de-muriae\/#webpage"},"isPartOf":{"@id":"https:\/\/anoticiaonline.com.br\/site\/david-lacerda-toma-posse-como-presidente-da-camara-municipal-de-muriae\/#webpage"},"articleSection":"Gerais, Ademar Camerino, c\u00e2mara de muria\u00e9, Carlos Delfim, David Pinheiro de Lacerda, David Pinheiro de Lacerda (DEM), DEM, Evandro Cheroso"},{"@type":"BreadcrumbList","@id":"https:\/\/anoticiaonline.com.br\/site\/david-lacerda-toma-posse-como-presidente-da-camara-municipal-de-muriae\/#breadcrumblist","itemListElement":[{"@type":"ListItem","@id":"https:\/\/anoticiaonline.com.br\/site#listItem","position":1,"name":"Home","item":"https:\/\/anoticiaonline.com.br\/site","nextItem":{"@type":"ListItem","@id":"https:\/\/anoticiaonline.com.br\/site\/categoria\/gerais\/#listItem","name":"Gerais"}},{"@type":"ListItem","@id":"https:\/\/anoticiaonline.com.br\/site\/categoria\/gerais\/#listItem","position":2,"name":"Gerais","item":"https:\/\/anoticiaonline.com.br\/site\/categoria\/gerais\/","nextItem":{"@type":"ListItem","@id":"https:\/\/anoticiaonline.com.br\/site\/david-lacerda-toma-posse-como-presidente-da-camara-municipal-de-muriae\/#listItem","name":"David Lacerda toma posse como presidente da C\u00e2mara Municipal de Muria\u00e9"},"previousItem":{"@type":"ListItem","@id":"https:\/\/anoticiaonline.com.br\/site#listItem","name":"Home"}},{"@type":"ListItem","@id":"https:\/\/anoticiaonline.com.br\/site\/david-lacerda-toma-posse-como-presidente-da-camara-municipal-de-muriae\/#listItem","position":3,"name":"David Lacerda toma posse como presidente da C\u00e2mara Municipal de Muria\u00e9","previousItem":{"@type":"ListItem","@id":"https:\/\/anoticiaonline.com.br\/site\/categoria\/gerais\/#listItem","name":"Gerais"}}]},{"@type":"Organization","@id":"https:\/\/anoticiaonline.com.br\/site\/#organization","name":"A Not\u00edcia Online","description":"Noticias de Muria\u00e9 e regi\u00e3o","url":"https:\/\/anoticiaonline.com.br\/site\/","logo":{"@type":"ImageObject","url":"https:\/\/scontent-gig4-1.xx.fbcdn.net\/v\/t39.30808-1\/270437624_4564083193639691_6907940295614233970_n.jpg?stp=dst-jpg_s200x200_tt6&_nc_cat=111&ccb=1-7&_nc_sid=f907e8&_nc_ohc=SM1wRlP3lJwQ7kNvwEPuBYA&_nc_oc=AdnqrjDN_BNjSSHWO-GbkIWH6fkGMLw4bqvL_NH6e2wMveX7G-rP2dAqsDSq1mJMOaY&_nc_zt=24&_nc_ht=scontent-gig4-1.xx&_nc_gid=AoBFJeGrT1hVaew_6rchkQ&oh=00_AfX7QmFGhQhG2jAllVgXCiM1ZrWgvtp80-Bfppyexh1QEg&oe=689E923C","@id":"https:\/\/anoticiaonline.com.br\/site\/david-lacerda-toma-posse-como-presidente-da-camara-municipal-de-muriae\/#organizationLogo"},"image":{"@id":"https:\/\/anoticiaonline.com.br\/site\/david-lacerda-toma-posse-como-presidente-da-camara-municipal-de-muriae\/#organizationLogo"}},{"@type":"Person","@id":"https:\/\/anoticiaonline.com.br\/site\/author\/juliana\/#author","url":"https:\/\/anoticiaonline.com.br\/site\/author\/juliana\/","name":"Juliana Laviola","image":{"@type":"ImageObject","@id":"https:\/\/anoticiaonline.com.br\/site\/david-lacerda-toma-posse-como-presidente-da-camara-municipal-de-muriae\/#authorImage","url":"https:\/\/secure.gravatar.com\/avatar\/b8d45f5c699b100dfaf0e543582f38f38bf94cb7ae3a5e9abf8d891a34773335?s=96&d=mm&r=g","width":96,"height":96,"caption":"Juliana Laviola"}},{"@type":"WebPage","@id":"https:\/\/anoticiaonline.com.br\/site\/david-lacerda-toma-posse-como-presidente-da-camara-municipal-de-muriae\/#webpage","url":"https:\/\/anoticiaonline.com.br\/site\/david-lacerda-toma-posse-como-presidente-da-camara-municipal-de-muriae\/","name":"David Lacerda toma posse como presidente da C\u00e2mara Municipal de Muria\u00e9 - A Not\u00edcia Online","description":"O vereador David Pinheiro de Lacerda (DEM) recebeu o cargo de presidente da C\u00e2mara de Muria\u00e9 de seu antecessor Ademar Camerino (PROS) numa cerim\u00f4nia r\u00e1pida, repleta de autoridades e l\u00edderes comunit\u00e1rios, realizada no Plen\u00e1rio Dr. Jo\u00e3o Evangelista Bandeira de Mello na noite do dia 07. Eleita em dezembro, a nova Mesa Diretora da C\u00e2mara de Muria\u00e9","inLanguage":"pt-BR","isPartOf":{"@id":"https:\/\/anoticiaonline.com.br\/site\/#website"},"breadcrumb":{"@id":"https:\/\/anoticiaonline.com.br\/site\/david-lacerda-toma-posse-como-presidente-da-camara-municipal-de-muriae\/#breadcrumblist"},"author":{"@id":"https:\/\/anoticiaonline.com.br\/site\/author\/juliana\/#author"},"creator":{"@id":"https:\/\/anoticiaonline.com.br\/site\/author\/juliana\/#author"},"image":{"@type":"ImageObject","url":"https:\/\/anoticiaonline.com.br\/site\/wp-content\/uploads\/2019\/01\/capa-3.jpg","@id":"https:\/\/anoticiaonline.com.br\/site\/david-lacerda-toma-posse-como-presidente-da-camara-municipal-de-muriae\/#mainImage","width":1000,"height":350},"primaryImageOfPage":{"@id":"https:\/\/anoticiaonline.com.br\/site\/david-lacerda-toma-posse-como-presidente-da-camara-municipal-de-muriae\/#mainImage"},"datePublished":"2019-01-09T17:43:09-03:00","dateModified":"2019-01-09T17:43:09-03:00"},{"@type":"WebSite","@id":"https:\/\/anoticiaonline.com.br\/site\/#website","url":"https:\/\/anoticiaonline.com.br\/site\/","name":"A Not\u00edcia Online","description":"Noticias de Muria\u00e9 e regi\u00e3o","inLanguage":"pt-BR","publisher":{"@id":"https:\/\/anoticiaonline.com.br\/site\/#organization"}}]},"og:locale":"pt_BR","og:site_name":"A Not\u00edcia Online - Noticias de Muria\u00e9 e regi\u00e3o","og:type":"article","og:title":"David Lacerda toma posse como presidente da C\u00e2mara Municipal de Muria\u00e9 - A Not\u00edcia Online","og:description":"O vereador David Pinheiro de Lacerda (DEM) recebeu o cargo de presidente da C\u00e2mara de Muria\u00e9 de seu antecessor Ademar Camerino (PROS) numa cerim\u00f4nia r\u00e1pida, repleta de autoridades e l\u00edderes comunit\u00e1rios, realizada no Plen\u00e1rio Dr. Jo\u00e3o Evangelista Bandeira de Mello na noite do dia 07. Eleita em dezembro, a nova Mesa Diretora da C\u00e2mara de Muria\u00e9","og:url":"https:\/\/anoticiaonline.com.br\/site\/david-lacerda-toma-posse-como-presidente-da-camara-municipal-de-muriae\/","og:image":"https:\/\/scontent-gig4-1.xx.fbcdn.net\/v\/t39.30808-1\/270437624_4564083193639691_6907940295614233970_n.jpg?stp=dst-jpg_s200x200_tt6&#038;_nc_cat=111&#038;ccb=1-7&#038;_nc_sid=f907e8&#038;_nc_ohc=SM1wRlP3lJwQ7kNvwEPuBYA&#038;_nc_oc=AdnqrjDN_BNjSSHWO-GbkIWH6fkGMLw4bqvL_NH6e2wMveX7G-rP2dAqsDSq1mJMOaY&#038;_nc_zt=24&#038;_nc_ht=scontent-gig4-1.xx&#038;_nc_gid=AoBFJeGrT1hVaew_6rchkQ&#038;oh=00_AfX7QmFGhQhG2jAllVgXCiM1ZrWgvtp80-Bfppyexh1QEg&#038;oe=689E923C","og:image:secure_url":"https:\/\/scontent-gig4-1.xx.fbcdn.net\/v\/t39.30808-1\/270437624_4564083193639691_6907940295614233970_n.jpg?stp=dst-jpg_s200x200_tt6&#038;_nc_cat=111&#038;ccb=1-7&#038;_nc_sid=f907e8&#038;_nc_ohc=SM1wRlP3lJwQ7kNvwEPuBYA&#038;_nc_oc=AdnqrjDN_BNjSSHWO-GbkIWH6fkGMLw4bqvL_NH6e2wMveX7G-rP2dAqsDSq1mJMOaY&#038;_nc_zt=24&#038;_nc_ht=scontent-gig4-1.xx&#038;_nc_gid=AoBFJeGrT1hVaew_6rchkQ&#038;oh=00_AfX7QmFGhQhG2jAllVgXCiM1ZrWgvtp80-Bfppyexh1QEg&#038;oe=689E923C","article:published_time":"2019-01-09T20:43:09+00:00","article:modified_time":"2019-01-09T20:43:09+00:00","twitter:card":"summary_large_image","twitter:title":"David Lacerda toma posse como presidente da C\u00e2mara Municipal de Muria\u00e9 - A Not\u00edcia Online","twitter:description":"O vereador David Pinheiro de Lacerda (DEM) recebeu o cargo de presidente da C\u00e2mara de Muria\u00e9 de seu antecessor Ademar Camerino (PROS) numa cerim\u00f4nia r\u00e1pida, repleta de autoridades e l\u00edderes comunit\u00e1rios, realizada no Plen\u00e1rio Dr. Jo\u00e3o Evangelista Bandeira de Mello na noite do dia 07. Eleita em dezembro, a nova Mesa Diretora da C\u00e2mara de Muria\u00e9","twitter:image":"https:\/\/scontent-gig4-1.xx.fbcdn.net\/v\/t39.30808-1\/270437624_4564083193639691_6907940295614233970_n.jpg?stp=dst-jpg_s200x200_tt6&_nc_cat=111&ccb=1-7&_nc_sid=f907e8&_nc_ohc=SM1wRlP3lJwQ7kNvwEPuBYA&_nc_oc=AdnqrjDN_BNjSSHWO-GbkIWH6fkGMLw4bqvL_NH6e2wMveX7G-rP2dAqsDSq1mJMOaY&_nc_zt=24&_nc_ht=scontent-gig4-1.xx&_nc_gid=AoBFJeGrT1hVaew_6rchkQ&oh=00_AfX7QmFGhQhG2jAllVgXCiM1ZrWgvtp80-Bfppyexh1QEg&oe=689E923C"},"aioseo_meta_data":{"post_id":"66641","title":null,"description":null,"keywords":null,"keyphrases":null,"primary_term":null,"canonical_url":null,"og_title":null,"og_description":null,"og_object_type":"default","og_image_type":"default","og_image_url":null,"og_image_width":null,"og_image_height":null,"og_image_custom_url":null,"og_image_custom_fields":null,"og_video":null,"og_custom_url":null,"og_article_section":null,"og_article_tags":null,"twitter_use_og":false,"twitter_card":"default","twitter_image_type":"default","twitter_image_url":null,"twitter_image_custom_url":null,"twitter_image_custom_fields":null,"twitter_title":null,"twitter_description":null,"schema":{"blockGraphs":[],"customGraphs":[],"default":{"data":{"Article":[],"Course":[],"Dataset":[],"FAQPage":[],"Movie":[],"Person":[],"Product":[],"ProductReview":[],"Car":[],"Recipe":[],"Service":[],"SoftwareApplication":[],"WebPage":[]},"graphName":"","isEnabled":true},"graphs":[]},"schema_type":"default","schema_type_options":null,"pillar_content":false,"robots_default":true,"robots_noindex":false,"robots_noarchive":false,"robots_nosnippet":false,"robots_nofollow":false,"robots_noimageindex":false,"robots_noodp":false,"robots_notranslate":false,"robots_max_snippet":null,"robots_max_videopreview":null,"robots_max_imagepreview":"large","priority":null,"frequency":null,"local_seo":null,"breadcrumb_settings":null,"limit_modified_date":false,"ai":null,"created":"2025-08-16 22:38:33","updated":"2025-08-16 22:38:33","focus_keyword":null,"additional_keywords":null,"truseo_locale":null,"seo_analyzer_scan_date":null},"aioseo_breadcrumb":"<div class=\"aioseo-breadcrumbs\"><span class=\"aioseo-breadcrumb\">\n\t\t\t<a href=\"https:\/\/anoticiaonline.com.br\/site\" title=\"Home\">Home<\/a>\n\t\t<\/span><span class=\"aioseo-breadcrumb-separator\">&raquo;<\/span><span class=\"aioseo-breadcrumb\">\n\t\t\t<a href=\"https:\/\/anoticiaonline.com.br\/site\/categoria\/gerais\/\" title=\"Gerais\">Gerais<\/a>\n\t\t<\/span><span class=\"aioseo-breadcrumb-separator\">&raquo;<\/span><span class=\"aioseo-breadcrumb\">\n\t\t\tDavid Lacerda toma posse como presidente da C\u00e2mara Municipal de Muria\u00e9\n\t\t<\/span><\/div>","aioseo_breadcrumb_json":[{"label":"Home","link":"https:\/\/anoticiaonline.com.br\/site"},{"label":"Gerais","link":"https:\/\/anoticiaonline.com.br\/site\/categoria\/gerais\/"},{"label":"David Lacerda toma posse como presidente da C\u00e2mara Municipal de Muria\u00e9","link":"https:\/\/anoticiaonline.com.br\/site\/david-lacerda-toma-posse-como-presidente-da-camara-municipal-de-muriae\/"}],"views":181,"_links":{"self":[{"href":"https:\/\/anoticiaonline.com.br\/site\/wp-json\/wp\/v2\/posts\/66641","targetHints":{"allow":["GET"]}}],"collection":[{"href":"https:\/\/anoticiaonline.com.br\/site\/wp-json\/wp\/v2\/posts"}],"about":[{"href":"https:\/\/anoticiaonline.com.br\/site\/wp-json\/wp\/v2\/types\/post"}],"author":[{"embeddable":true,"href":"https:\/\/anoticiaonline.com.br\/site\/wp-json\/wp\/v2\/users\/2"}],"replies":[{"embeddable":true,"href":"https:\/\/anoticiaonline.com.br\/site\/wp-json\/wp\/v2\/comments?post=66641"}],"version-history":[{"count":0,"href":"https:\/\/anoticiaonline.com.br\/site\/wp-json\/wp\/v2\/posts\/66641\/revisions"}],"wp:featuredmedia":[{"embeddable":true,"href":"https:\/\/anoticiaonline.com.br\/site\/wp-json\/wp\/v2\/media\/66656"}],"wp:attachment":[{"href":"https:\/\/anoticiaonline.com.br\/site\/wp-json\/wp\/v2\/media?parent=66641"}],"wp:term":[{"taxonomy":"category","embeddable":true,"href":"https:\/\/anoticiaonline.com.br\/site\/wp-json\/wp\/v2\/categories?post=66641"},{"taxonomy":"post_tag","embeddable":true,"href":"https:\/\/anoticiaonline.com.br\/site\/wp-json\/wp\/v2\/tags?post=66641"}],"curies":[{"name":"wp","href":"https:\/\/api.w.org\/{rel}","templated":true}]}}