{"id":66618,"date":"2019-01-07T17:14:51","date_gmt":"2019-01-07T20:14:51","guid":{"rendered":"http:\/\/anoticiaonline.com.br\/site\/?p=66618"},"modified":"2019-01-07T17:16:09","modified_gmt":"2019-01-07T20:16:09","slug":"natal-marcante-para-duas-entidades-sociais-de-espera-feliz","status":"publish","type":"post","link":"https:\/\/anoticiaonline.com.br\/site\/natal-marcante-para-duas-entidades-sociais-de-espera-feliz\/","title":{"rendered":"Natal marcante para duas entidades sociais de Espera Feliz"},"content":{"rendered":"<h2><em><a href=\"https:\/\/anoticiaonline.com.br\/site\/wp-content\/uploads\/2019\/01\/3e106059-9560-4591-a8c9-4e3c64d4a6d3.jpg\"><img fetchpriority=\"high\" decoding=\"async\" class=\"aligncenter size-full wp-image-66630\" src=\"https:\/\/anoticiaonline.com.br\/site\/wp-content\/uploads\/2019\/01\/3e106059-9560-4591-a8c9-4e3c64d4a6d3.jpg\" alt=\"\" width=\"1000\" height=\"750\" srcset=\"https:\/\/anoticiaonline.com.br\/site\/wp-content\/uploads\/2019\/01\/3e106059-9560-4591-a8c9-4e3c64d4a6d3.jpg 1000w, https:\/\/anoticiaonline.com.br\/site\/wp-content\/uploads\/2019\/01\/3e106059-9560-4591-a8c9-4e3c64d4a6d3-300x225.jpg 300w, https:\/\/anoticiaonline.com.br\/site\/wp-content\/uploads\/2019\/01\/3e106059-9560-4591-a8c9-4e3c64d4a6d3-768x576.jpg 768w, https:\/\/anoticiaonline.com.br\/site\/wp-content\/uploads\/2019\/01\/3e106059-9560-4591-a8c9-4e3c64d4a6d3-105x80.jpg 105w\" sizes=\"(max-width: 1000px) 100vw, 1000px\" \/><\/a><a href=\"https:\/\/anoticiaonline.com.br\/site\/wp-content\/uploads\/2019\/01\/575af9e2-e4da-4fae-8f6b-14fd6465f712.jpg\"><img decoding=\"async\" class=\"aligncenter size-full wp-image-66632\" src=\"https:\/\/anoticiaonline.com.br\/site\/wp-content\/uploads\/2019\/01\/575af9e2-e4da-4fae-8f6b-14fd6465f712.jpg\" alt=\"\" width=\"1000\" height=\"750\" srcset=\"https:\/\/anoticiaonline.com.br\/site\/wp-content\/uploads\/2019\/01\/575af9e2-e4da-4fae-8f6b-14fd6465f712.jpg 1000w, https:\/\/anoticiaonline.com.br\/site\/wp-content\/uploads\/2019\/01\/575af9e2-e4da-4fae-8f6b-14fd6465f712-300x225.jpg 300w, https:\/\/anoticiaonline.com.br\/site\/wp-content\/uploads\/2019\/01\/575af9e2-e4da-4fae-8f6b-14fd6465f712-768x576.jpg 768w, https:\/\/anoticiaonline.com.br\/site\/wp-content\/uploads\/2019\/01\/575af9e2-e4da-4fae-8f6b-14fd6465f712-105x80.jpg 105w\" sizes=\"(max-width: 1000px) 100vw, 1000px\" \/><\/a>Funcion\u00e1rios da ag\u00eancia Sicoob Credisudeste\u00a0 distribu\u00edram presentes para crian\u00e7as e idosos<\/em><\/h2>\n<p>Nos dias 23 e 24 de dezembro, duas entidades sociais foram contempladas pela a\u00e7\u00e3o social promovida por funcion\u00e1rios da ag\u00eancia do Sicoob Credisudeste de Espera Feliz (MG). A iniciativa garantiu um natal mais feliz para os idosos do Lar S\u00e3o Sebasti\u00e3o e as crian\u00e7as da Casa de Acolhimento Leleco.<\/p>\n<p><!--more--><\/p>\n<p>Com mais de 40 anos de funda\u00e7\u00e3o, o Lar S\u00e3o Sebasti\u00e3o \u00e9 uma entidade filantr\u00f3pica que d\u00e1 assist\u00eancia a 40 idosos em tempo integral e \u00e9 assistida pela comunidade.<\/p>\n<p>Para marcar a data, a equipe do Sicoob promoveu uma tarde de m\u00fasicas natalinas com a banda Pedro Bernardes da Veiga, al\u00e9m de um caf\u00e9 e entrega de kits de higiene pessoal para os idosos.<\/p>\n<p>A alegria tamb\u00e9m tomou conta da a\u00e7\u00e3o social na Casa de acolhimento Leleco. Trata-se de outra entidade filantr\u00f3pica de Espera Feliz, que atende crian\u00e7as e adolescentes abandonados pela fam\u00edlia (v\u00edtima de maus tratos, entre outros) com suporte do Minist\u00e9rio P\u00fablico. Atualmente, o local abriga cinco menores, sendo uma excepcional, com idades entre 12 e 17 anos.<\/p>\n<p>Os funcion\u00e1rios das entidades foram presenteados pelo Sicoob Credisudeste com panetones e os menores com brinquedos, chocolates e roupas.<\/p>\n<h2><em><a href=\"https:\/\/anoticiaonline.com.br\/site\/wp-content\/uploads\/2019\/01\/1d16b763-2acc-4c02-a9fe-bf3815cca669.jpg\"><img decoding=\"async\" class=\"aligncenter size-full wp-image-66629\" src=\"https:\/\/anoticiaonline.com.br\/site\/wp-content\/uploads\/2019\/01\/1d16b763-2acc-4c02-a9fe-bf3815cca669.jpg\" alt=\"\" width=\"1000\" height=\"750\" srcset=\"https:\/\/anoticiaonline.com.br\/site\/wp-content\/uploads\/2019\/01\/1d16b763-2acc-4c02-a9fe-bf3815cca669.jpg 1000w, https:\/\/anoticiaonline.com.br\/site\/wp-content\/uploads\/2019\/01\/1d16b763-2acc-4c02-a9fe-bf3815cca669-300x225.jpg 300w, https:\/\/anoticiaonline.com.br\/site\/wp-content\/uploads\/2019\/01\/1d16b763-2acc-4c02-a9fe-bf3815cca669-768x576.jpg 768w, https:\/\/anoticiaonline.com.br\/site\/wp-content\/uploads\/2019\/01\/1d16b763-2acc-4c02-a9fe-bf3815cca669-105x80.jpg 105w\" sizes=\"(max-width: 1000px) 100vw, 1000px\" \/><\/a><\/em><\/h2>\n<h2><em><a href=\"https:\/\/anoticiaonline.com.br\/site\/wp-content\/uploads\/2019\/01\/493dec9b-f59a-4d5f-be05-fbfbc2c0839b.jpg\"><img loading=\"lazy\" decoding=\"async\" class=\"aligncenter size-full wp-image-66631\" src=\"https:\/\/anoticiaonline.com.br\/site\/wp-content\/uploads\/2019\/01\/493dec9b-f59a-4d5f-be05-fbfbc2c0839b.jpg\" alt=\"\" width=\"1000\" height=\"750\" srcset=\"https:\/\/anoticiaonline.com.br\/site\/wp-content\/uploads\/2019\/01\/493dec9b-f59a-4d5f-be05-fbfbc2c0839b.jpg 1000w, https:\/\/anoticiaonline.com.br\/site\/wp-content\/uploads\/2019\/01\/493dec9b-f59a-4d5f-be05-fbfbc2c0839b-300x225.jpg 300w, https:\/\/anoticiaonline.com.br\/site\/wp-content\/uploads\/2019\/01\/493dec9b-f59a-4d5f-be05-fbfbc2c0839b-768x576.jpg 768w, https:\/\/anoticiaonline.com.br\/site\/wp-content\/uploads\/2019\/01\/493dec9b-f59a-4d5f-be05-fbfbc2c0839b-105x80.jpg 105w\" sizes=\"(max-width: 1000px) 100vw, 1000px\" \/><\/a><\/em><\/h2>\n","protected":false},"excerpt":{"rendered":"<p>Funcion\u00e1rios da ag\u00eancia Sicoob Credisudeste\u00a0 distribu\u00edram presentes para crian\u00e7as e idosos Nos dias 23 e 24 de dezembro, duas entidades sociais foram contempladas pela a\u00e7\u00e3o social promovida por funcion\u00e1rios da ag\u00eancia do Sicoob Credisudeste de Espera Feliz (MG). A iniciativa garantiu um natal mais feliz para os idosos do Lar S\u00e3o Sebasti\u00e3o e as crian\u00e7as &#8230; <a title=\"Natal marcante para duas entidades sociais de Espera Feliz\" class=\"read-more\" href=\"https:\/\/anoticiaonline.com.br\/site\/natal-marcante-para-duas-entidades-sociais-de-espera-feliz\/\" aria-label=\"Read more about Natal marcante para duas entidades sociais de Espera Feliz\">Ler mais<\/a><\/p>\n","protected":false},"author":2,"featured_media":66633,"comment_status":"open","ping_status":"open","sticky":false,"template":"","format":"standard","meta":{"_acf_changed":false,"_monsterinsights_skip_tracking":false,"footnotes":""},"categories":[1],"tags":[3596,1544,3597,596],"class_list":["post-66618","post","type-post","status-publish","format-standard","has-post-thumbnail","hentry","category-gerais","tag-lar-sao-sebastiao","tag-natal","tag-pedro-bernardes-da-veiga","tag-sicoob-credisudeste"],"acf":[],"aioseo_notices":[],"aioseo_head":"\n\t\t<!-- All in One SEO 5.0.0.1 - aioseo.com -->\n\t<meta name=\"description\" content=\"Funcion\u00e1rios da ag\u00eancia Sicoob Credisudeste distribu\u00edram presentes para crian\u00e7as e idosos Nos dias 23 e 24 de dezembro, duas entidades sociais foram contempladas pela a\u00e7\u00e3o social promovida por funcion\u00e1rios da ag\u00eancia do Sicoob Credisudeste de Espera Feliz (MG). A iniciativa garantiu um natal mais feliz para os idosos do Lar S\u00e3o Sebasti\u00e3o e as crian\u00e7as\" \/>\n\t<meta name=\"robots\" content=\"max-image-preview:large\" \/>\n\t<meta name=\"author\" content=\"Juliana Laviola\"\/>\n\t<link rel=\"canonical\" href=\"https:\/\/anoticiaonline.com.br\/site\/natal-marcante-para-duas-entidades-sociais-de-espera-feliz\/\" \/>\n\t<meta name=\"generator\" content=\"All in One SEO (AIOSEO) 5.0.0.1\" \/>\n\t\t<meta property=\"og:locale\" content=\"pt_BR\" \/>\n\t\t<meta property=\"og:site_name\" content=\"A Not\u00edcia Online - Noticias de Muria\u00e9 e regi\u00e3o\" \/>\n\t\t<meta property=\"og:type\" content=\"article\" \/>\n\t\t<meta property=\"og:title\" content=\"Natal marcante para duas entidades sociais de Espera Feliz - A Not\u00edcia Online\" \/>\n\t\t<meta property=\"og:description\" content=\"Funcion\u00e1rios da ag\u00eancia Sicoob Credisudeste distribu\u00edram presentes para crian\u00e7as e idosos Nos dias 23 e 24 de dezembro, duas entidades sociais foram contempladas pela a\u00e7\u00e3o social promovida por funcion\u00e1rios da ag\u00eancia do Sicoob Credisudeste de Espera Feliz (MG). A iniciativa garantiu um natal mais feliz para os idosos do Lar S\u00e3o Sebasti\u00e3o e as crian\u00e7as\" \/>\n\t\t<meta property=\"og:url\" content=\"https:\/\/anoticiaonline.com.br\/site\/natal-marcante-para-duas-entidades-sociais-de-espera-feliz\/\" \/>\n\t\t<meta property=\"og:image\" content=\"https:\/\/scontent-gig4-1.xx.fbcdn.net\/v\/t39.30808-1\/270437624_4564083193639691_6907940295614233970_n.jpg?stp=dst-jpg_s200x200_tt6&#038;_nc_cat=111&#038;ccb=1-7&#038;_nc_sid=f907e8&#038;_nc_ohc=SM1wRlP3lJwQ7kNvwEPuBYA&#038;_nc_oc=AdnqrjDN_BNjSSHWO-GbkIWH6fkGMLw4bqvL_NH6e2wMveX7G-rP2dAqsDSq1mJMOaY&#038;_nc_zt=24&#038;_nc_ht=scontent-gig4-1.xx&#038;_nc_gid=AoBFJeGrT1hVaew_6rchkQ&#038;oh=00_AfX7QmFGhQhG2jAllVgXCiM1ZrWgvtp80-Bfppyexh1QEg&#038;oe=689E923C\" \/>\n\t\t<meta property=\"og:image:secure_url\" content=\"https:\/\/scontent-gig4-1.xx.fbcdn.net\/v\/t39.30808-1\/270437624_4564083193639691_6907940295614233970_n.jpg?stp=dst-jpg_s200x200_tt6&#038;_nc_cat=111&#038;ccb=1-7&#038;_nc_sid=f907e8&#038;_nc_ohc=SM1wRlP3lJwQ7kNvwEPuBYA&#038;_nc_oc=AdnqrjDN_BNjSSHWO-GbkIWH6fkGMLw4bqvL_NH6e2wMveX7G-rP2dAqsDSq1mJMOaY&#038;_nc_zt=24&#038;_nc_ht=scontent-gig4-1.xx&#038;_nc_gid=AoBFJeGrT1hVaew_6rchkQ&#038;oh=00_AfX7QmFGhQhG2jAllVgXCiM1ZrWgvtp80-Bfppyexh1QEg&#038;oe=689E923C\" \/>\n\t\t<meta property=\"article:published_time\" content=\"2019-01-07T20:14:51+00:00\" \/>\n\t\t<meta property=\"article:modified_time\" content=\"2019-01-07T20:16:09+00:00\" \/>\n\t\t<meta name=\"twitter:card\" content=\"summary_large_image\" \/>\n\t\t<meta name=\"twitter:title\" content=\"Natal marcante para duas entidades sociais de Espera Feliz - A Not\u00edcia Online\" \/>\n\t\t<meta name=\"twitter:description\" content=\"Funcion\u00e1rios da ag\u00eancia Sicoob Credisudeste distribu\u00edram presentes para crian\u00e7as e idosos Nos dias 23 e 24 de dezembro, duas entidades sociais foram contempladas pela a\u00e7\u00e3o social promovida por funcion\u00e1rios da ag\u00eancia do Sicoob Credisudeste de Espera Feliz (MG). A iniciativa garantiu um natal mais feliz para os idosos do Lar S\u00e3o Sebasti\u00e3o e as crian\u00e7as\" \/>\n\t\t<meta name=\"twitter:image\" content=\"https:\/\/scontent-gig4-1.xx.fbcdn.net\/v\/t39.30808-1\/270437624_4564083193639691_6907940295614233970_n.jpg?stp=dst-jpg_s200x200_tt6&amp;_nc_cat=111&amp;ccb=1-7&amp;_nc_sid=f907e8&amp;_nc_ohc=SM1wRlP3lJwQ7kNvwEPuBYA&amp;_nc_oc=AdnqrjDN_BNjSSHWO-GbkIWH6fkGMLw4bqvL_NH6e2wMveX7G-rP2dAqsDSq1mJMOaY&amp;_nc_zt=24&amp;_nc_ht=scontent-gig4-1.xx&amp;_nc_gid=AoBFJeGrT1hVaew_6rchkQ&amp;oh=00_AfX7QmFGhQhG2jAllVgXCiM1ZrWgvtp80-Bfppyexh1QEg&amp;oe=689E923C\" \/>\n\t\t<script type=\"application\/ld+json\" class=\"aioseo-schema\">\n\t\t\t{\"@context\":\"https:\\\/\\\/schema.org\",\"@graph\":[{\"@type\":\"BlogPosting\",\"@id\":\"https:\\\/\\\/anoticiaonline.com.br\\\/site\\\/natal-marcante-para-duas-entidades-sociais-de-espera-feliz\\\/#blogposting\",\"name\":\"Natal marcante para duas entidades sociais de Espera Feliz - A Not\\u00edcia Online\",\"headline\":\"Natal marcante para duas entidades sociais de Espera Feliz\",\"author\":{\"@id\":\"https:\\\/\\\/anoticiaonline.com.br\\\/site\\\/author\\\/juliana\\\/#author\"},\"publisher\":{\"@id\":\"https:\\\/\\\/anoticiaonline.com.br\\\/site\\\/#organization\"},\"image\":{\"@type\":\"ImageObject\",\"url\":\"https:\\\/\\\/anoticiaonline.com.br\\\/site\\\/wp-content\\\/uploads\\\/2019\\\/01\\\/capa-2-1.jpg\",\"width\":1000,\"height\":350},\"datePublished\":\"2019-01-07T17:14:51-03:00\",\"dateModified\":\"2019-01-07T17:16:09-03:00\",\"inLanguage\":\"pt-BR\",\"mainEntityOfPage\":{\"@id\":\"https:\\\/\\\/anoticiaonline.com.br\\\/site\\\/natal-marcante-para-duas-entidades-sociais-de-espera-feliz\\\/#webpage\"},\"isPartOf\":{\"@id\":\"https:\\\/\\\/anoticiaonline.com.br\\\/site\\\/natal-marcante-para-duas-entidades-sociais-de-espera-feliz\\\/#webpage\"},\"articleSection\":\"Gerais, Lar S\\u00e3o Sebasti\\u00e3o, natal, Pedro Bernardes da Veiga, SICOOB\\u00a0 CREDISUDESTE\"},{\"@type\":\"BreadcrumbList\",\"@id\":\"https:\\\/\\\/anoticiaonline.com.br\\\/site\\\/natal-marcante-para-duas-entidades-sociais-de-espera-feliz\\\/#breadcrumblist\",\"itemListElement\":[{\"@type\":\"ListItem\",\"@id\":\"https:\\\/\\\/anoticiaonline.com.br\\\/site#listItem\",\"position\":1,\"name\":\"Home\",\"item\":\"https:\\\/\\\/anoticiaonline.com.br\\\/site\",\"nextItem\":{\"@type\":\"ListItem\",\"@id\":\"https:\\\/\\\/anoticiaonline.com.br\\\/site\\\/categoria\\\/gerais\\\/#listItem\",\"name\":\"Gerais\"}},{\"@type\":\"ListItem\",\"@id\":\"https:\\\/\\\/anoticiaonline.com.br\\\/site\\\/categoria\\\/gerais\\\/#listItem\",\"position\":2,\"name\":\"Gerais\",\"item\":\"https:\\\/\\\/anoticiaonline.com.br\\\/site\\\/categoria\\\/gerais\\\/\",\"nextItem\":{\"@type\":\"ListItem\",\"@id\":\"https:\\\/\\\/anoticiaonline.com.br\\\/site\\\/natal-marcante-para-duas-entidades-sociais-de-espera-feliz\\\/#listItem\",\"name\":\"Natal marcante para duas entidades sociais de Espera Feliz\"},\"previousItem\":{\"@type\":\"ListItem\",\"@id\":\"https:\\\/\\\/anoticiaonline.com.br\\\/site#listItem\",\"name\":\"Home\"}},{\"@type\":\"ListItem\",\"@id\":\"https:\\\/\\\/anoticiaonline.com.br\\\/site\\\/natal-marcante-para-duas-entidades-sociais-de-espera-feliz\\\/#listItem\",\"position\":3,\"name\":\"Natal marcante para duas entidades sociais de Espera Feliz\",\"previousItem\":{\"@type\":\"ListItem\",\"@id\":\"https:\\\/\\\/anoticiaonline.com.br\\\/site\\\/categoria\\\/gerais\\\/#listItem\",\"name\":\"Gerais\"}}]},{\"@type\":\"Organization\",\"@id\":\"https:\\\/\\\/anoticiaonline.com.br\\\/site\\\/#organization\",\"name\":\"A Not\\u00edcia Online\",\"description\":\"Noticias de Muria\\u00e9 e regi\\u00e3o\",\"url\":\"https:\\\/\\\/anoticiaonline.com.br\\\/site\\\/\",\"logo\":{\"@type\":\"ImageObject\",\"url\":\"https:\\\/\\\/scontent-gig4-1.xx.fbcdn.net\\\/v\\\/t39.30808-1\\\/270437624_4564083193639691_6907940295614233970_n.jpg?stp=dst-jpg_s200x200_tt6&_nc_cat=111&ccb=1-7&_nc_sid=f907e8&_nc_ohc=SM1wRlP3lJwQ7kNvwEPuBYA&_nc_oc=AdnqrjDN_BNjSSHWO-GbkIWH6fkGMLw4bqvL_NH6e2wMveX7G-rP2dAqsDSq1mJMOaY&_nc_zt=24&_nc_ht=scontent-gig4-1.xx&_nc_gid=AoBFJeGrT1hVaew_6rchkQ&oh=00_AfX7QmFGhQhG2jAllVgXCiM1ZrWgvtp80-Bfppyexh1QEg&oe=689E923C\",\"@id\":\"https:\\\/\\\/anoticiaonline.com.br\\\/site\\\/natal-marcante-para-duas-entidades-sociais-de-espera-feliz\\\/#organizationLogo\"},\"image\":{\"@id\":\"https:\\\/\\\/anoticiaonline.com.br\\\/site\\\/natal-marcante-para-duas-entidades-sociais-de-espera-feliz\\\/#organizationLogo\"}},{\"@type\":\"Person\",\"@id\":\"https:\\\/\\\/anoticiaonline.com.br\\\/site\\\/author\\\/juliana\\\/#author\",\"url\":\"https:\\\/\\\/anoticiaonline.com.br\\\/site\\\/author\\\/juliana\\\/\",\"name\":\"Juliana Laviola\",\"image\":{\"@type\":\"ImageObject\",\"@id\":\"https:\\\/\\\/anoticiaonline.com.br\\\/site\\\/natal-marcante-para-duas-entidades-sociais-de-espera-feliz\\\/#authorImage\",\"url\":\"https:\\\/\\\/secure.gravatar.com\\\/avatar\\\/b8d45f5c699b100dfaf0e543582f38f38bf94cb7ae3a5e9abf8d891a34773335?s=96&d=mm&r=g\",\"width\":96,\"height\":96,\"caption\":\"Juliana Laviola\"}},{\"@type\":\"WebPage\",\"@id\":\"https:\\\/\\\/anoticiaonline.com.br\\\/site\\\/natal-marcante-para-duas-entidades-sociais-de-espera-feliz\\\/#webpage\",\"url\":\"https:\\\/\\\/anoticiaonline.com.br\\\/site\\\/natal-marcante-para-duas-entidades-sociais-de-espera-feliz\\\/\",\"name\":\"Natal marcante para duas entidades sociais de Espera Feliz - A Not\\u00edcia Online\",\"description\":\"Funcion\\u00e1rios da ag\\u00eancia Sicoob Credisudeste distribu\\u00edram presentes para crian\\u00e7as e idosos Nos dias 23 e 24 de dezembro, duas entidades sociais foram contempladas pela a\\u00e7\\u00e3o social promovida por funcion\\u00e1rios da ag\\u00eancia do Sicoob Credisudeste de Espera Feliz (MG). A iniciativa garantiu um natal mais feliz para os idosos do Lar S\\u00e3o Sebasti\\u00e3o e as crian\\u00e7as\",\"inLanguage\":\"pt-BR\",\"isPartOf\":{\"@id\":\"https:\\\/\\\/anoticiaonline.com.br\\\/site\\\/#website\"},\"breadcrumb\":{\"@id\":\"https:\\\/\\\/anoticiaonline.com.br\\\/site\\\/natal-marcante-para-duas-entidades-sociais-de-espera-feliz\\\/#breadcrumblist\"},\"author\":{\"@id\":\"https:\\\/\\\/anoticiaonline.com.br\\\/site\\\/author\\\/juliana\\\/#author\"},\"creator\":{\"@id\":\"https:\\\/\\\/anoticiaonline.com.br\\\/site\\\/author\\\/juliana\\\/#author\"},\"image\":{\"@type\":\"ImageObject\",\"url\":\"https:\\\/\\\/anoticiaonline.com.br\\\/site\\\/wp-content\\\/uploads\\\/2019\\\/01\\\/capa-2-1.jpg\",\"@id\":\"https:\\\/\\\/anoticiaonline.com.br\\\/site\\\/natal-marcante-para-duas-entidades-sociais-de-espera-feliz\\\/#mainImage\",\"width\":1000,\"height\":350},\"primaryImageOfPage\":{\"@id\":\"https:\\\/\\\/anoticiaonline.com.br\\\/site\\\/natal-marcante-para-duas-entidades-sociais-de-espera-feliz\\\/#mainImage\"},\"datePublished\":\"2019-01-07T17:14:51-03:00\",\"dateModified\":\"2019-01-07T17:16:09-03:00\"},{\"@type\":\"WebSite\",\"@id\":\"https:\\\/\\\/anoticiaonline.com.br\\\/site\\\/#website\",\"url\":\"https:\\\/\\\/anoticiaonline.com.br\\\/site\\\/\",\"name\":\"A Not\\u00edcia Online\",\"description\":\"Noticias de Muria\\u00e9 e regi\\u00e3o\",\"inLanguage\":\"pt-BR\",\"publisher\":{\"@id\":\"https:\\\/\\\/anoticiaonline.com.br\\\/site\\\/#organization\"}}]}\n\t\t<\/script>\n\t\t<!-- All in One SEO -->\n\n","aioseo_head_json":{"title":"Natal marcante para duas entidades sociais de Espera Feliz - A Not\u00edcia Online","description":"Funcion\u00e1rios da ag\u00eancia Sicoob Credisudeste distribu\u00edram presentes para crian\u00e7as e idosos Nos dias 23 e 24 de dezembro, duas entidades sociais foram contempladas pela a\u00e7\u00e3o social promovida por funcion\u00e1rios da ag\u00eancia do Sicoob Credisudeste de Espera Feliz (MG). A iniciativa garantiu um natal mais feliz para os idosos do Lar S\u00e3o Sebasti\u00e3o e as crian\u00e7as","canonical_url":"https:\/\/anoticiaonline.com.br\/site\/natal-marcante-para-duas-entidades-sociais-de-espera-feliz\/","robots":"max-image-preview:large","keywords":"","webmasterTools":{"miscellaneous":""},"schema":{"@context":"https:\/\/schema.org","@graph":[{"@type":"BlogPosting","@id":"https:\/\/anoticiaonline.com.br\/site\/natal-marcante-para-duas-entidades-sociais-de-espera-feliz\/#blogposting","name":"Natal marcante para duas entidades sociais de Espera Feliz - A Not\u00edcia Online","headline":"Natal marcante para duas entidades sociais de Espera Feliz","author":{"@id":"https:\/\/anoticiaonline.com.br\/site\/author\/juliana\/#author"},"publisher":{"@id":"https:\/\/anoticiaonline.com.br\/site\/#organization"},"image":{"@type":"ImageObject","url":"https:\/\/anoticiaonline.com.br\/site\/wp-content\/uploads\/2019\/01\/capa-2-1.jpg","width":1000,"height":350},"datePublished":"2019-01-07T17:14:51-03:00","dateModified":"2019-01-07T17:16:09-03:00","inLanguage":"pt-BR","mainEntityOfPage":{"@id":"https:\/\/anoticiaonline.com.br\/site\/natal-marcante-para-duas-entidades-sociais-de-espera-feliz\/#webpage"},"isPartOf":{"@id":"https:\/\/anoticiaonline.com.br\/site\/natal-marcante-para-duas-entidades-sociais-de-espera-feliz\/#webpage"},"articleSection":"Gerais, Lar S\u00e3o Sebasti\u00e3o, natal, Pedro Bernardes da Veiga, SICOOB\u00a0 CREDISUDESTE"},{"@type":"BreadcrumbList","@id":"https:\/\/anoticiaonline.com.br\/site\/natal-marcante-para-duas-entidades-sociais-de-espera-feliz\/#breadcrumblist","itemListElement":[{"@type":"ListItem","@id":"https:\/\/anoticiaonline.com.br\/site#listItem","position":1,"name":"Home","item":"https:\/\/anoticiaonline.com.br\/site","nextItem":{"@type":"ListItem","@id":"https:\/\/anoticiaonline.com.br\/site\/categoria\/gerais\/#listItem","name":"Gerais"}},{"@type":"ListItem","@id":"https:\/\/anoticiaonline.com.br\/site\/categoria\/gerais\/#listItem","position":2,"name":"Gerais","item":"https:\/\/anoticiaonline.com.br\/site\/categoria\/gerais\/","nextItem":{"@type":"ListItem","@id":"https:\/\/anoticiaonline.com.br\/site\/natal-marcante-para-duas-entidades-sociais-de-espera-feliz\/#listItem","name":"Natal marcante para duas entidades sociais de Espera Feliz"},"previousItem":{"@type":"ListItem","@id":"https:\/\/anoticiaonline.com.br\/site#listItem","name":"Home"}},{"@type":"ListItem","@id":"https:\/\/anoticiaonline.com.br\/site\/natal-marcante-para-duas-entidades-sociais-de-espera-feliz\/#listItem","position":3,"name":"Natal marcante para duas entidades sociais de Espera Feliz","previousItem":{"@type":"ListItem","@id":"https:\/\/anoticiaonline.com.br\/site\/categoria\/gerais\/#listItem","name":"Gerais"}}]},{"@type":"Organization","@id":"https:\/\/anoticiaonline.com.br\/site\/#organization","name":"A Not\u00edcia Online","description":"Noticias de Muria\u00e9 e regi\u00e3o","url":"https:\/\/anoticiaonline.com.br\/site\/","logo":{"@type":"ImageObject","url":"https:\/\/scontent-gig4-1.xx.fbcdn.net\/v\/t39.30808-1\/270437624_4564083193639691_6907940295614233970_n.jpg?stp=dst-jpg_s200x200_tt6&_nc_cat=111&ccb=1-7&_nc_sid=f907e8&_nc_ohc=SM1wRlP3lJwQ7kNvwEPuBYA&_nc_oc=AdnqrjDN_BNjSSHWO-GbkIWH6fkGMLw4bqvL_NH6e2wMveX7G-rP2dAqsDSq1mJMOaY&_nc_zt=24&_nc_ht=scontent-gig4-1.xx&_nc_gid=AoBFJeGrT1hVaew_6rchkQ&oh=00_AfX7QmFGhQhG2jAllVgXCiM1ZrWgvtp80-Bfppyexh1QEg&oe=689E923C","@id":"https:\/\/anoticiaonline.com.br\/site\/natal-marcante-para-duas-entidades-sociais-de-espera-feliz\/#organizationLogo"},"image":{"@id":"https:\/\/anoticiaonline.com.br\/site\/natal-marcante-para-duas-entidades-sociais-de-espera-feliz\/#organizationLogo"}},{"@type":"Person","@id":"https:\/\/anoticiaonline.com.br\/site\/author\/juliana\/#author","url":"https:\/\/anoticiaonline.com.br\/site\/author\/juliana\/","name":"Juliana Laviola","image":{"@type":"ImageObject","@id":"https:\/\/anoticiaonline.com.br\/site\/natal-marcante-para-duas-entidades-sociais-de-espera-feliz\/#authorImage","url":"https:\/\/secure.gravatar.com\/avatar\/b8d45f5c699b100dfaf0e543582f38f38bf94cb7ae3a5e9abf8d891a34773335?s=96&d=mm&r=g","width":96,"height":96,"caption":"Juliana Laviola"}},{"@type":"WebPage","@id":"https:\/\/anoticiaonline.com.br\/site\/natal-marcante-para-duas-entidades-sociais-de-espera-feliz\/#webpage","url":"https:\/\/anoticiaonline.com.br\/site\/natal-marcante-para-duas-entidades-sociais-de-espera-feliz\/","name":"Natal marcante para duas entidades sociais de Espera Feliz - A Not\u00edcia Online","description":"Funcion\u00e1rios da ag\u00eancia Sicoob Credisudeste distribu\u00edram presentes para crian\u00e7as e idosos Nos dias 23 e 24 de dezembro, duas entidades sociais foram contempladas pela a\u00e7\u00e3o social promovida por funcion\u00e1rios da ag\u00eancia do Sicoob Credisudeste de Espera Feliz (MG). A iniciativa garantiu um natal mais feliz para os idosos do Lar S\u00e3o Sebasti\u00e3o e as crian\u00e7as","inLanguage":"pt-BR","isPartOf":{"@id":"https:\/\/anoticiaonline.com.br\/site\/#website"},"breadcrumb":{"@id":"https:\/\/anoticiaonline.com.br\/site\/natal-marcante-para-duas-entidades-sociais-de-espera-feliz\/#breadcrumblist"},"author":{"@id":"https:\/\/anoticiaonline.com.br\/site\/author\/juliana\/#author"},"creator":{"@id":"https:\/\/anoticiaonline.com.br\/site\/author\/juliana\/#author"},"image":{"@type":"ImageObject","url":"https:\/\/anoticiaonline.com.br\/site\/wp-content\/uploads\/2019\/01\/capa-2-1.jpg","@id":"https:\/\/anoticiaonline.com.br\/site\/natal-marcante-para-duas-entidades-sociais-de-espera-feliz\/#mainImage","width":1000,"height":350},"primaryImageOfPage":{"@id":"https:\/\/anoticiaonline.com.br\/site\/natal-marcante-para-duas-entidades-sociais-de-espera-feliz\/#mainImage"},"datePublished":"2019-01-07T17:14:51-03:00","dateModified":"2019-01-07T17:16:09-03:00"},{"@type":"WebSite","@id":"https:\/\/anoticiaonline.com.br\/site\/#website","url":"https:\/\/anoticiaonline.com.br\/site\/","name":"A Not\u00edcia Online","description":"Noticias de Muria\u00e9 e regi\u00e3o","inLanguage":"pt-BR","publisher":{"@id":"https:\/\/anoticiaonline.com.br\/site\/#organization"}}]},"og:locale":"pt_BR","og:site_name":"A Not\u00edcia Online - Noticias de Muria\u00e9 e regi\u00e3o","og:type":"article","og:title":"Natal marcante para duas entidades sociais de Espera Feliz - A Not\u00edcia Online","og:description":"Funcion\u00e1rios da ag\u00eancia Sicoob Credisudeste distribu\u00edram presentes para crian\u00e7as e idosos Nos dias 23 e 24 de dezembro, duas entidades sociais foram contempladas pela a\u00e7\u00e3o social promovida por funcion\u00e1rios da ag\u00eancia do Sicoob Credisudeste de Espera Feliz (MG). A iniciativa garantiu um natal mais feliz para os idosos do Lar S\u00e3o Sebasti\u00e3o e as crian\u00e7as","og:url":"https:\/\/anoticiaonline.com.br\/site\/natal-marcante-para-duas-entidades-sociais-de-espera-feliz\/","og:image":"https:\/\/scontent-gig4-1.xx.fbcdn.net\/v\/t39.30808-1\/270437624_4564083193639691_6907940295614233970_n.jpg?stp=dst-jpg_s200x200_tt6&#038;_nc_cat=111&#038;ccb=1-7&#038;_nc_sid=f907e8&#038;_nc_ohc=SM1wRlP3lJwQ7kNvwEPuBYA&#038;_nc_oc=AdnqrjDN_BNjSSHWO-GbkIWH6fkGMLw4bqvL_NH6e2wMveX7G-rP2dAqsDSq1mJMOaY&#038;_nc_zt=24&#038;_nc_ht=scontent-gig4-1.xx&#038;_nc_gid=AoBFJeGrT1hVaew_6rchkQ&#038;oh=00_AfX7QmFGhQhG2jAllVgXCiM1ZrWgvtp80-Bfppyexh1QEg&#038;oe=689E923C","og:image:secure_url":"https:\/\/scontent-gig4-1.xx.fbcdn.net\/v\/t39.30808-1\/270437624_4564083193639691_6907940295614233970_n.jpg?stp=dst-jpg_s200x200_tt6&#038;_nc_cat=111&#038;ccb=1-7&#038;_nc_sid=f907e8&#038;_nc_ohc=SM1wRlP3lJwQ7kNvwEPuBYA&#038;_nc_oc=AdnqrjDN_BNjSSHWO-GbkIWH6fkGMLw4bqvL_NH6e2wMveX7G-rP2dAqsDSq1mJMOaY&#038;_nc_zt=24&#038;_nc_ht=scontent-gig4-1.xx&#038;_nc_gid=AoBFJeGrT1hVaew_6rchkQ&#038;oh=00_AfX7QmFGhQhG2jAllVgXCiM1ZrWgvtp80-Bfppyexh1QEg&#038;oe=689E923C","article:published_time":"2019-01-07T20:14:51+00:00","article:modified_time":"2019-01-07T20:16:09+00:00","twitter:card":"summary_large_image","twitter:title":"Natal marcante para duas entidades sociais de Espera Feliz - A Not\u00edcia Online","twitter:description":"Funcion\u00e1rios da ag\u00eancia Sicoob Credisudeste distribu\u00edram presentes para crian\u00e7as e idosos Nos dias 23 e 24 de dezembro, duas entidades sociais foram contempladas pela a\u00e7\u00e3o social promovida por funcion\u00e1rios da ag\u00eancia do Sicoob Credisudeste de Espera Feliz (MG). A iniciativa garantiu um natal mais feliz para os idosos do Lar S\u00e3o Sebasti\u00e3o e as crian\u00e7as","twitter:image":"https:\/\/scontent-gig4-1.xx.fbcdn.net\/v\/t39.30808-1\/270437624_4564083193639691_6907940295614233970_n.jpg?stp=dst-jpg_s200x200_tt6&_nc_cat=111&ccb=1-7&_nc_sid=f907e8&_nc_ohc=SM1wRlP3lJwQ7kNvwEPuBYA&_nc_oc=AdnqrjDN_BNjSSHWO-GbkIWH6fkGMLw4bqvL_NH6e2wMveX7G-rP2dAqsDSq1mJMOaY&_nc_zt=24&_nc_ht=scontent-gig4-1.xx&_nc_gid=AoBFJeGrT1hVaew_6rchkQ&oh=00_AfX7QmFGhQhG2jAllVgXCiM1ZrWgvtp80-Bfppyexh1QEg&oe=689E923C"},"aioseo_meta_data":{"post_id":"66618","title":null,"description":null,"keywords":null,"keyphrases":null,"primary_term":null,"canonical_url":null,"og_title":null,"og_description":null,"og_object_type":"default","og_image_type":"default","og_image_url":null,"og_image_width":null,"og_image_height":null,"og_image_custom_url":null,"og_image_custom_fields":null,"og_video":null,"og_custom_url":null,"og_article_section":null,"og_article_tags":null,"twitter_use_og":false,"twitter_card":"default","twitter_image_type":"default","twitter_image_url":null,"twitter_image_custom_url":null,"twitter_image_custom_fields":null,"twitter_title":null,"twitter_description":null,"schema":{"blockGraphs":[],"customGraphs":[],"default":{"data":{"Article":[],"Course":[],"Dataset":[],"FAQPage":[],"Movie":[],"Person":[],"Product":[],"ProductReview":[],"Car":[],"Recipe":[],"Service":[],"SoftwareApplication":[],"WebPage":[]},"graphName":"","isEnabled":true},"graphs":[]},"schema_type":"default","schema_type_options":null,"pillar_content":false,"robots_default":true,"robots_noindex":false,"robots_noarchive":false,"robots_nosnippet":false,"robots_nofollow":false,"robots_noimageindex":false,"robots_noodp":false,"robots_notranslate":false,"robots_max_snippet":null,"robots_max_videopreview":null,"robots_max_imagepreview":"large","priority":null,"frequency":null,"local_seo":null,"breadcrumb_settings":null,"limit_modified_date":false,"ai":null,"created":"2025-08-16 22:38:33","updated":"2025-08-16 22:38:33","focus_keyword":null,"additional_keywords":null,"truseo_locale":null,"seo_analyzer_scan_date":null},"aioseo_breadcrumb":"<div class=\"aioseo-breadcrumbs\"><span class=\"aioseo-breadcrumb\">\n\t\t\t<a href=\"https:\/\/anoticiaonline.com.br\/site\" title=\"Home\">Home<\/a>\n\t\t<\/span><span class=\"aioseo-breadcrumb-separator\">&raquo;<\/span><span class=\"aioseo-breadcrumb\">\n\t\t\t<a href=\"https:\/\/anoticiaonline.com.br\/site\/categoria\/gerais\/\" title=\"Gerais\">Gerais<\/a>\n\t\t<\/span><span class=\"aioseo-breadcrumb-separator\">&raquo;<\/span><span class=\"aioseo-breadcrumb\">\n\t\t\tNatal marcante para duas entidades sociais de Espera Feliz\n\t\t<\/span><\/div>","aioseo_breadcrumb_json":[{"label":"Home","link":"https:\/\/anoticiaonline.com.br\/site"},{"label":"Gerais","link":"https:\/\/anoticiaonline.com.br\/site\/categoria\/gerais\/"},{"label":"Natal marcante para duas entidades sociais de Espera Feliz","link":"https:\/\/anoticiaonline.com.br\/site\/natal-marcante-para-duas-entidades-sociais-de-espera-feliz\/"}],"views":140,"_links":{"self":[{"href":"https:\/\/anoticiaonline.com.br\/site\/wp-json\/wp\/v2\/posts\/66618","targetHints":{"allow":["GET"]}}],"collection":[{"href":"https:\/\/anoticiaonline.com.br\/site\/wp-json\/wp\/v2\/posts"}],"about":[{"href":"https:\/\/anoticiaonline.com.br\/site\/wp-json\/wp\/v2\/types\/post"}],"author":[{"embeddable":true,"href":"https:\/\/anoticiaonline.com.br\/site\/wp-json\/wp\/v2\/users\/2"}],"replies":[{"embeddable":true,"href":"https:\/\/anoticiaonline.com.br\/site\/wp-json\/wp\/v2\/comments?post=66618"}],"version-history":[{"count":0,"href":"https:\/\/anoticiaonline.com.br\/site\/wp-json\/wp\/v2\/posts\/66618\/revisions"}],"wp:featuredmedia":[{"embeddable":true,"href":"https:\/\/anoticiaonline.com.br\/site\/wp-json\/wp\/v2\/media\/66633"}],"wp:attachment":[{"href":"https:\/\/anoticiaonline.com.br\/site\/wp-json\/wp\/v2\/media?parent=66618"}],"wp:term":[{"taxonomy":"category","embeddable":true,"href":"https:\/\/anoticiaonline.com.br\/site\/wp-json\/wp\/v2\/categories?post=66618"},{"taxonomy":"post_tag","embeddable":true,"href":"https:\/\/anoticiaonline.com.br\/site\/wp-json\/wp\/v2\/tags?post=66618"}],"curies":[{"name":"wp","href":"https:\/\/api.w.org\/{rel}","templated":true}]}}