{"id":66608,"date":"2019-01-03T14:55:43","date_gmt":"2019-01-03T17:55:43","guid":{"rendered":"http:\/\/anoticiaonline.com.br\/site\/?p=66608"},"modified":"2019-01-04T07:58:44","modified_gmt":"2019-01-04T10:58:44","slug":"66608-2","status":"publish","type":"post","link":"https:\/\/anoticiaonline.com.br\/site\/66608-2\/","title":{"rendered":"Prefeitura publica edital de processo seletivo para Est\u00e1gio Jovem"},"content":{"rendered":"<p><a href=\"https:\/\/anoticiaonline.com.br\/site\/wp-content\/uploads\/2019\/01\/E16910F6-7AC8-4B27-A862-7A0270C558CD.jpeg\"><img fetchpriority=\"high\" decoding=\"async\" class=\"aligncenter size-full wp-image-66609\" src=\"https:\/\/anoticiaonline.com.br\/site\/wp-content\/uploads\/2019\/01\/E16910F6-7AC8-4B27-A862-7A0270C558CD.jpeg\" alt=\"\" width=\"800\" height=\"800\" srcset=\"https:\/\/anoticiaonline.com.br\/site\/wp-content\/uploads\/2019\/01\/E16910F6-7AC8-4B27-A862-7A0270C558CD.jpeg 800w, https:\/\/anoticiaonline.com.br\/site\/wp-content\/uploads\/2019\/01\/E16910F6-7AC8-4B27-A862-7A0270C558CD-150x150.jpeg 150w, https:\/\/anoticiaonline.com.br\/site\/wp-content\/uploads\/2019\/01\/E16910F6-7AC8-4B27-A862-7A0270C558CD-300x300.jpeg 300w, https:\/\/anoticiaonline.com.br\/site\/wp-content\/uploads\/2019\/01\/E16910F6-7AC8-4B27-A862-7A0270C558CD-768x768.jpeg 768w\" sizes=\"(max-width: 800px) 100vw, 800px\" \/><\/a>Inscri\u00e7\u00f5es devem ser feitas de 4 a 14 de janeiro, no Centro Educacional Dom Delfim, na Barra<\/p>\n<p>A Prefeitura de Muria\u00e9 publicou edital de processo seletivo para o preenchimento de vagas e forma\u00e7\u00e3o de cadastro de reserva para o Programa Est\u00e1gio Jovem (mais conhecido como \u201cAtitude Jovem\u201d), desenvolvido pela Secretaria Municipal de Desenvolvimento Social.<\/p>\n<p><!--more--><\/p>\n<p>Podem participar estudantes entre 16 e 18 anos, que sejam residentes em Muria\u00e9 e que perten\u00e7am a fam\u00edlias inscritas no Cadastro \u00danico para Programas Sociais do Governo Federal (Cad\u00danico) com renda per capita de at\u00e9 meio sal\u00e1rio m\u00ednimo. Al\u00e9m disso, \u00e9 necess\u00e1rio que os jovens tenham conclu\u00eddo o 1\u00ba ano do Ensino M\u00e9dio no momento da assinatura do termo de compromisso de est\u00e1gio e que estejam matriculados em institui\u00e7\u00f5es p\u00fablicas de ensino ou em institui\u00e7\u00f5es privadas, desde que beneficiados com bolsa de estudos integral e cadastrados no NIS.<\/p>\n<p>Com jornada de 20 horas semanais, distribu\u00eddas em quatro horas di\u00e1rias e cinco dias por semana (sem preju\u00edzo das atividades escolares), o valor da bolsa-est\u00e1gio corresponde atualmente a R$386,00 (valor referente ao ano de 2018). Al\u00e9m disso, o candidato tem direito a seguro de vida e acidentes pessoais, f\u00e9rias e, quando necess\u00e1rio, vale-transporte.<\/p>\n<p>Inscri\u00e7\u00f5es &#8211; As inscri\u00e7\u00f5es s\u00e3o gratuitas e devem ser feitas entre 4 e 14 de janeiro, de segunda a sexta-feira, das 13h \u00e0s 17h, no Centro Educacional Dom Delfim, localizado na Rua Itajiba de Oliveira, s\/n, Barra.<\/p>\n<p>Consulta ao edital &#8211; O edital, assim como os resultados deste processo seletivo, podem ser consultados no site da Prefeitura de Muria\u00e9 (www.muriae.mg.gov.br, link \u201cCidad\u00e3o\u201d, aba \u201cEst\u00e1gios\u201d) e no Di\u00e1rio Oficial dos Munic\u00edpios (www.diariomunicipal.com.br\/ amm-mg).<\/p>\n<p>Etapas de sele\u00e7\u00e3o &#8211; O processo seletivo contar\u00e1 com duas etapas. A primeira fase \u00e9 composta de uma prova de reda\u00e7\u00e3o em l\u00edngua portuguesa (com car\u00e1ter classificat\u00f3rio e eliminat\u00f3rio), a qual deve ser realizada provavelmente dia 20 de janeiro, das 9h \u00e0s 12h, em local a ser definido. J\u00e1 a segunda compreende a an\u00e1lise de documentos (com car\u00e1ter classificat\u00f3rio).<\/p>\n<p>&nbsp;<\/p>\n<p>Servi\u00e7o<\/p>\n<p>Processo seletivo para est\u00e1gio Jovem:<\/p>\n<p>Per\u00edodo: 4 a 14 de janeiro<\/p>\n<p>Hor\u00e1rio: 13h \u00e0s 17h<\/p>\n<p>Local: Centro Educacional Dom Delfim, localizado na Rua Itajiba de Oliveira, s\/n, Barra<\/p>\n<p>Edital: www.muriae.mg.gov.br, link \u201cCidad\u00e3o\u201d, aba \u201cEst\u00e1gios\u201d<\/p>\n<p>Inscri\u00e7\u00f5es gratuitas<\/p>\n<p>Podem participar estudantes:<\/p>\n<p>&#8211; Entre 16 e 18 anos;<\/p>\n<p>&#8211; Residentes em Muria\u00e9;<\/p>\n<p>&#8211; Perten\u00e7am a fam\u00edlias inscritas no Cadastro \u00danico para Programas Sociais do Governo Federal (Cad\u00danico), com renda per capita de at\u00e9 meio sal\u00e1rio m\u00ednimo;<\/p>\n<p>&#8211; Tenham conclu\u00eddo o 1\u00ba ano do Ensino M\u00e9dio no momento da assinatura do termo de compromisso de est\u00e1gio;<\/p>\n<p>&#8211; Estejam matriculados em institui\u00e7\u00f5es p\u00fablicas de ensino ou em institui\u00e7\u00f5es privadas, desde que beneficiados com bolsa de estudos integral e cadastrados no NIS.<\/p>\n<p>&nbsp;<\/p>\n<p>Documentos para inscri\u00e7\u00e3o:<\/p>\n<p>No ato da inscri\u00e7\u00e3o, o candidato dever\u00e1 entregar os seguintes documentos:<\/p>\n<p>&#8211; Formul\u00e1rio de Inscri\u00e7\u00e3o (disponibilizado no momento da inscri\u00e7\u00e3o) devidamente preenchido;<\/p>\n<p>&#8211; C\u00f3pia de documento de identidade ou Certid\u00e3o de Nascimento;<\/p>\n<p>&#8211; C\u00f3pia de documento de identidade e CPF do representante\/assistente legal do candidato, nos casos em que for menor de 18 anos;<\/p>\n<p>&#8211; C\u00f3pia do comprovante de resid\u00eancia;<\/p>\n<p>&#8211; Comprovante de inclus\u00e3o no Cad\u00danico atualizado;<\/p>\n<p>&#8211; Declara\u00e7\u00e3o expedida pela institui\u00e7\u00e3o de ensino informando que o estudante est\u00e1 regularmente matriculado no Ensino M\u00e9dio;<\/p>\n<p>&#8211; Declara\u00e7\u00e3o expedida pela institui\u00e7\u00e3o de ensino informando que o estudante \u00e9 beneficiado com bolsa integral de estudos (para estudantes matriculados em institui\u00e7\u00f5es privadas de ensino);<\/p>\n<p>&#8211; Comprovante de cadastro no NIS (para estudantes matriculados em institui\u00e7\u00f5es privadas de ensino);<\/p>\n<p>&#8211; Comprova\u00e7\u00e3o de inscri\u00e7\u00e3o no Programa de Erradica\u00e7\u00e3o do Trabalho Infantil (PETI), caso possuir (a ser fornecida no local de inscri\u00e7\u00e3o).<\/p>\n","protected":false},"excerpt":{"rendered":"<p>Inscri\u00e7\u00f5es devem ser feitas de 4 a 14 de janeiro, no Centro Educacional Dom Delfim, na Barra A Prefeitura de Muria\u00e9 publicou edital de processo seletivo para o preenchimento de vagas e forma\u00e7\u00e3o de cadastro de reserva para o Programa Est\u00e1gio Jovem (mais conhecido como \u201cAtitude Jovem\u201d), desenvolvido pela Secretaria Municipal de Desenvolvimento Social.<\/p>\n","protected":false},"author":2,"featured_media":66609,"comment_status":"open","ping_status":"open","sticky":false,"template":"","format":"standard","meta":{"_acf_changed":false,"_monsterinsights_skip_tracking":false,"footnotes":""},"categories":[30,1],"tags":[],"class_list":["post-66608","post","type-post","status-publish","format-standard","has-post-thumbnail","hentry","category-muriae","category-gerais"],"acf":[],"aioseo_notices":[],"aioseo_head":"\n\t\t<!-- All in One SEO 5.0.0.1 - aioseo.com -->\n\t<meta name=\"description\" content=\"Inscri\u00e7\u00f5es devem ser feitas de 4 a 14 de janeiro, no Centro Educacional Dom Delfim, na Barra A Prefeitura de Muria\u00e9 publicou edital de processo seletivo para o preenchimento de vagas e forma\u00e7\u00e3o de cadastro de reserva para o Programa Est\u00e1gio Jovem (mais conhecido como \u201cAtitude Jovem\u201d), desenvolvido pela Secretaria Municipal de Desenvolvimento Social. Podem\" \/>\n\t<meta name=\"robots\" content=\"max-image-preview:large\" \/>\n\t<meta name=\"author\" content=\"Juliana Laviola\"\/>\n\t<link rel=\"canonical\" href=\"https:\/\/anoticiaonline.com.br\/site\/66608-2\/\" \/>\n\t<meta name=\"generator\" content=\"All in One SEO (AIOSEO) 5.0.0.1\" \/>\n\t\t<meta property=\"og:locale\" content=\"pt_BR\" \/>\n\t\t<meta property=\"og:site_name\" content=\"A Not\u00edcia Online - Noticias de Muria\u00e9 e regi\u00e3o\" \/>\n\t\t<meta property=\"og:type\" content=\"article\" \/>\n\t\t<meta property=\"og:title\" content=\"Prefeitura publica edital de processo seletivo para Est\u00e1gio Jovem - A Not\u00edcia Online\" \/>\n\t\t<meta property=\"og:description\" content=\"Inscri\u00e7\u00f5es devem ser feitas de 4 a 14 de janeiro, no Centro Educacional Dom Delfim, na Barra A Prefeitura de Muria\u00e9 publicou edital de processo seletivo para o preenchimento de vagas e forma\u00e7\u00e3o de cadastro de reserva para o Programa Est\u00e1gio Jovem (mais conhecido como \u201cAtitude Jovem\u201d), desenvolvido pela Secretaria Municipal de Desenvolvimento Social. Podem\" \/>\n\t\t<meta property=\"og:url\" content=\"https:\/\/anoticiaonline.com.br\/site\/66608-2\/\" \/>\n\t\t<meta property=\"og:image\" content=\"https:\/\/scontent-gig4-1.xx.fbcdn.net\/v\/t39.30808-1\/270437624_4564083193639691_6907940295614233970_n.jpg?stp=dst-jpg_s200x200_tt6&#038;_nc_cat=111&#038;ccb=1-7&#038;_nc_sid=f907e8&#038;_nc_ohc=SM1wRlP3lJwQ7kNvwEPuBYA&#038;_nc_oc=AdnqrjDN_BNjSSHWO-GbkIWH6fkGMLw4bqvL_NH6e2wMveX7G-rP2dAqsDSq1mJMOaY&#038;_nc_zt=24&#038;_nc_ht=scontent-gig4-1.xx&#038;_nc_gid=AoBFJeGrT1hVaew_6rchkQ&#038;oh=00_AfX7QmFGhQhG2jAllVgXCiM1ZrWgvtp80-Bfppyexh1QEg&#038;oe=689E923C\" \/>\n\t\t<meta property=\"og:image:secure_url\" content=\"https:\/\/scontent-gig4-1.xx.fbcdn.net\/v\/t39.30808-1\/270437624_4564083193639691_6907940295614233970_n.jpg?stp=dst-jpg_s200x200_tt6&#038;_nc_cat=111&#038;ccb=1-7&#038;_nc_sid=f907e8&#038;_nc_ohc=SM1wRlP3lJwQ7kNvwEPuBYA&#038;_nc_oc=AdnqrjDN_BNjSSHWO-GbkIWH6fkGMLw4bqvL_NH6e2wMveX7G-rP2dAqsDSq1mJMOaY&#038;_nc_zt=24&#038;_nc_ht=scontent-gig4-1.xx&#038;_nc_gid=AoBFJeGrT1hVaew_6rchkQ&#038;oh=00_AfX7QmFGhQhG2jAllVgXCiM1ZrWgvtp80-Bfppyexh1QEg&#038;oe=689E923C\" \/>\n\t\t<meta property=\"article:published_time\" content=\"2019-01-03T17:55:43+00:00\" \/>\n\t\t<meta property=\"article:modified_time\" content=\"2019-01-04T10:58:44+00:00\" \/>\n\t\t<meta name=\"twitter:card\" content=\"summary_large_image\" \/>\n\t\t<meta name=\"twitter:title\" content=\"Prefeitura publica edital de processo seletivo para Est\u00e1gio Jovem - A Not\u00edcia Online\" \/>\n\t\t<meta name=\"twitter:description\" content=\"Inscri\u00e7\u00f5es devem ser feitas de 4 a 14 de janeiro, no Centro Educacional Dom Delfim, na Barra A Prefeitura de Muria\u00e9 publicou edital de processo seletivo para o preenchimento de vagas e forma\u00e7\u00e3o de cadastro de reserva para o Programa Est\u00e1gio Jovem (mais conhecido como \u201cAtitude Jovem\u201d), desenvolvido pela Secretaria Municipal de Desenvolvimento Social. Podem\" \/>\n\t\t<meta name=\"twitter:image\" content=\"https:\/\/scontent-gig4-1.xx.fbcdn.net\/v\/t39.30808-1\/270437624_4564083193639691_6907940295614233970_n.jpg?stp=dst-jpg_s200x200_tt6&amp;_nc_cat=111&amp;ccb=1-7&amp;_nc_sid=f907e8&amp;_nc_ohc=SM1wRlP3lJwQ7kNvwEPuBYA&amp;_nc_oc=AdnqrjDN_BNjSSHWO-GbkIWH6fkGMLw4bqvL_NH6e2wMveX7G-rP2dAqsDSq1mJMOaY&amp;_nc_zt=24&amp;_nc_ht=scontent-gig4-1.xx&amp;_nc_gid=AoBFJeGrT1hVaew_6rchkQ&amp;oh=00_AfX7QmFGhQhG2jAllVgXCiM1ZrWgvtp80-Bfppyexh1QEg&amp;oe=689E923C\" \/>\n\t\t<script type=\"application\/ld+json\" class=\"aioseo-schema\">\n\t\t\t{\"@context\":\"https:\\\/\\\/schema.org\",\"@graph\":[{\"@type\":\"BlogPosting\",\"@id\":\"https:\\\/\\\/anoticiaonline.com.br\\\/site\\\/66608-2\\\/#blogposting\",\"name\":\"Prefeitura publica edital de processo seletivo para Est\\u00e1gio Jovem - A Not\\u00edcia Online\",\"headline\":\"Prefeitura publica edital de processo seletivo para Est\\u00e1gio Jovem\",\"author\":{\"@id\":\"https:\\\/\\\/anoticiaonline.com.br\\\/site\\\/author\\\/juliana\\\/#author\"},\"publisher\":{\"@id\":\"https:\\\/\\\/anoticiaonline.com.br\\\/site\\\/#organization\"},\"image\":{\"@type\":\"ImageObject\",\"url\":\"https:\\\/\\\/anoticiaonline.com.br\\\/site\\\/wp-content\\\/uploads\\\/2019\\\/01\\\/E16910F6-7AC8-4B27-A862-7A0270C558CD.jpeg\",\"width\":800,\"height\":800},\"datePublished\":\"2019-01-03T14:55:43-03:00\",\"dateModified\":\"2019-01-04T07:58:44-03:00\",\"inLanguage\":\"pt-BR\",\"mainEntityOfPage\":{\"@id\":\"https:\\\/\\\/anoticiaonline.com.br\\\/site\\\/66608-2\\\/#webpage\"},\"isPartOf\":{\"@id\":\"https:\\\/\\\/anoticiaonline.com.br\\\/site\\\/66608-2\\\/#webpage\"},\"articleSection\":\"Blog, Gerais\"},{\"@type\":\"BreadcrumbList\",\"@id\":\"https:\\\/\\\/anoticiaonline.com.br\\\/site\\\/66608-2\\\/#breadcrumblist\",\"itemListElement\":[{\"@type\":\"ListItem\",\"@id\":\"https:\\\/\\\/anoticiaonline.com.br\\\/site#listItem\",\"position\":1,\"name\":\"Home\",\"item\":\"https:\\\/\\\/anoticiaonline.com.br\\\/site\",\"nextItem\":{\"@type\":\"ListItem\",\"@id\":\"https:\\\/\\\/anoticiaonline.com.br\\\/site\\\/categoria\\\/gerais\\\/#listItem\",\"name\":\"Gerais\"}},{\"@type\":\"ListItem\",\"@id\":\"https:\\\/\\\/anoticiaonline.com.br\\\/site\\\/categoria\\\/gerais\\\/#listItem\",\"position\":2,\"name\":\"Gerais\",\"item\":\"https:\\\/\\\/anoticiaonline.com.br\\\/site\\\/categoria\\\/gerais\\\/\",\"nextItem\":{\"@type\":\"ListItem\",\"@id\":\"https:\\\/\\\/anoticiaonline.com.br\\\/site\\\/66608-2\\\/#listItem\",\"name\":\"Prefeitura publica edital de processo seletivo para Est\\u00e1gio Jovem\"},\"previousItem\":{\"@type\":\"ListItem\",\"@id\":\"https:\\\/\\\/anoticiaonline.com.br\\\/site#listItem\",\"name\":\"Home\"}},{\"@type\":\"ListItem\",\"@id\":\"https:\\\/\\\/anoticiaonline.com.br\\\/site\\\/66608-2\\\/#listItem\",\"position\":3,\"name\":\"Prefeitura publica edital de processo seletivo para Est\\u00e1gio Jovem\",\"previousItem\":{\"@type\":\"ListItem\",\"@id\":\"https:\\\/\\\/anoticiaonline.com.br\\\/site\\\/categoria\\\/gerais\\\/#listItem\",\"name\":\"Gerais\"}}]},{\"@type\":\"Organization\",\"@id\":\"https:\\\/\\\/anoticiaonline.com.br\\\/site\\\/#organization\",\"name\":\"A Not\\u00edcia Online\",\"description\":\"Noticias de Muria\\u00e9 e regi\\u00e3o\",\"url\":\"https:\\\/\\\/anoticiaonline.com.br\\\/site\\\/\",\"logo\":{\"@type\":\"ImageObject\",\"url\":\"https:\\\/\\\/scontent-gig4-1.xx.fbcdn.net\\\/v\\\/t39.30808-1\\\/270437624_4564083193639691_6907940295614233970_n.jpg?stp=dst-jpg_s200x200_tt6&_nc_cat=111&ccb=1-7&_nc_sid=f907e8&_nc_ohc=SM1wRlP3lJwQ7kNvwEPuBYA&_nc_oc=AdnqrjDN_BNjSSHWO-GbkIWH6fkGMLw4bqvL_NH6e2wMveX7G-rP2dAqsDSq1mJMOaY&_nc_zt=24&_nc_ht=scontent-gig4-1.xx&_nc_gid=AoBFJeGrT1hVaew_6rchkQ&oh=00_AfX7QmFGhQhG2jAllVgXCiM1ZrWgvtp80-Bfppyexh1QEg&oe=689E923C\",\"@id\":\"https:\\\/\\\/anoticiaonline.com.br\\\/site\\\/66608-2\\\/#organizationLogo\"},\"image\":{\"@id\":\"https:\\\/\\\/anoticiaonline.com.br\\\/site\\\/66608-2\\\/#organizationLogo\"}},{\"@type\":\"Person\",\"@id\":\"https:\\\/\\\/anoticiaonline.com.br\\\/site\\\/author\\\/juliana\\\/#author\",\"url\":\"https:\\\/\\\/anoticiaonline.com.br\\\/site\\\/author\\\/juliana\\\/\",\"name\":\"Juliana Laviola\",\"image\":{\"@type\":\"ImageObject\",\"@id\":\"https:\\\/\\\/anoticiaonline.com.br\\\/site\\\/66608-2\\\/#authorImage\",\"url\":\"https:\\\/\\\/secure.gravatar.com\\\/avatar\\\/b8d45f5c699b100dfaf0e543582f38f38bf94cb7ae3a5e9abf8d891a34773335?s=96&d=mm&r=g\",\"width\":96,\"height\":96,\"caption\":\"Juliana Laviola\"}},{\"@type\":\"WebPage\",\"@id\":\"https:\\\/\\\/anoticiaonline.com.br\\\/site\\\/66608-2\\\/#webpage\",\"url\":\"https:\\\/\\\/anoticiaonline.com.br\\\/site\\\/66608-2\\\/\",\"name\":\"Prefeitura publica edital de processo seletivo para Est\\u00e1gio Jovem - A Not\\u00edcia Online\",\"description\":\"Inscri\\u00e7\\u00f5es devem ser feitas de 4 a 14 de janeiro, no Centro Educacional Dom Delfim, na Barra A Prefeitura de Muria\\u00e9 publicou edital de processo seletivo para o preenchimento de vagas e forma\\u00e7\\u00e3o de cadastro de reserva para o Programa Est\\u00e1gio Jovem (mais conhecido como \\u201cAtitude Jovem\\u201d), desenvolvido pela Secretaria Municipal de Desenvolvimento Social. Podem\",\"inLanguage\":\"pt-BR\",\"isPartOf\":{\"@id\":\"https:\\\/\\\/anoticiaonline.com.br\\\/site\\\/#website\"},\"breadcrumb\":{\"@id\":\"https:\\\/\\\/anoticiaonline.com.br\\\/site\\\/66608-2\\\/#breadcrumblist\"},\"author\":{\"@id\":\"https:\\\/\\\/anoticiaonline.com.br\\\/site\\\/author\\\/juliana\\\/#author\"},\"creator\":{\"@id\":\"https:\\\/\\\/anoticiaonline.com.br\\\/site\\\/author\\\/juliana\\\/#author\"},\"image\":{\"@type\":\"ImageObject\",\"url\":\"https:\\\/\\\/anoticiaonline.com.br\\\/site\\\/wp-content\\\/uploads\\\/2019\\\/01\\\/E16910F6-7AC8-4B27-A862-7A0270C558CD.jpeg\",\"@id\":\"https:\\\/\\\/anoticiaonline.com.br\\\/site\\\/66608-2\\\/#mainImage\",\"width\":800,\"height\":800},\"primaryImageOfPage\":{\"@id\":\"https:\\\/\\\/anoticiaonline.com.br\\\/site\\\/66608-2\\\/#mainImage\"},\"datePublished\":\"2019-01-03T14:55:43-03:00\",\"dateModified\":\"2019-01-04T07:58:44-03:00\"},{\"@type\":\"WebSite\",\"@id\":\"https:\\\/\\\/anoticiaonline.com.br\\\/site\\\/#website\",\"url\":\"https:\\\/\\\/anoticiaonline.com.br\\\/site\\\/\",\"name\":\"A Not\\u00edcia Online\",\"description\":\"Noticias de Muria\\u00e9 e regi\\u00e3o\",\"inLanguage\":\"pt-BR\",\"publisher\":{\"@id\":\"https:\\\/\\\/anoticiaonline.com.br\\\/site\\\/#organization\"}}]}\n\t\t<\/script>\n\t\t<!-- All in One SEO -->\n\n","aioseo_head_json":{"title":"Prefeitura publica edital de processo seletivo para Est\u00e1gio Jovem - A Not\u00edcia Online","description":"Inscri\u00e7\u00f5es devem ser feitas de 4 a 14 de janeiro, no Centro Educacional Dom Delfim, na Barra A Prefeitura de Muria\u00e9 publicou edital de processo seletivo para o preenchimento de vagas e forma\u00e7\u00e3o de cadastro de reserva para o Programa Est\u00e1gio Jovem (mais conhecido como \u201cAtitude Jovem\u201d), desenvolvido pela Secretaria Municipal de Desenvolvimento Social. Podem","canonical_url":"https:\/\/anoticiaonline.com.br\/site\/66608-2\/","robots":"max-image-preview:large","keywords":"","webmasterTools":{"miscellaneous":""},"schema":{"@context":"https:\/\/schema.org","@graph":[{"@type":"BlogPosting","@id":"https:\/\/anoticiaonline.com.br\/site\/66608-2\/#blogposting","name":"Prefeitura publica edital de processo seletivo para Est\u00e1gio Jovem - A Not\u00edcia Online","headline":"Prefeitura publica edital de processo seletivo para Est\u00e1gio Jovem","author":{"@id":"https:\/\/anoticiaonline.com.br\/site\/author\/juliana\/#author"},"publisher":{"@id":"https:\/\/anoticiaonline.com.br\/site\/#organization"},"image":{"@type":"ImageObject","url":"https:\/\/anoticiaonline.com.br\/site\/wp-content\/uploads\/2019\/01\/E16910F6-7AC8-4B27-A862-7A0270C558CD.jpeg","width":800,"height":800},"datePublished":"2019-01-03T14:55:43-03:00","dateModified":"2019-01-04T07:58:44-03:00","inLanguage":"pt-BR","mainEntityOfPage":{"@id":"https:\/\/anoticiaonline.com.br\/site\/66608-2\/#webpage"},"isPartOf":{"@id":"https:\/\/anoticiaonline.com.br\/site\/66608-2\/#webpage"},"articleSection":"Blog, Gerais"},{"@type":"BreadcrumbList","@id":"https:\/\/anoticiaonline.com.br\/site\/66608-2\/#breadcrumblist","itemListElement":[{"@type":"ListItem","@id":"https:\/\/anoticiaonline.com.br\/site#listItem","position":1,"name":"Home","item":"https:\/\/anoticiaonline.com.br\/site","nextItem":{"@type":"ListItem","@id":"https:\/\/anoticiaonline.com.br\/site\/categoria\/gerais\/#listItem","name":"Gerais"}},{"@type":"ListItem","@id":"https:\/\/anoticiaonline.com.br\/site\/categoria\/gerais\/#listItem","position":2,"name":"Gerais","item":"https:\/\/anoticiaonline.com.br\/site\/categoria\/gerais\/","nextItem":{"@type":"ListItem","@id":"https:\/\/anoticiaonline.com.br\/site\/66608-2\/#listItem","name":"Prefeitura publica edital de processo seletivo para Est\u00e1gio Jovem"},"previousItem":{"@type":"ListItem","@id":"https:\/\/anoticiaonline.com.br\/site#listItem","name":"Home"}},{"@type":"ListItem","@id":"https:\/\/anoticiaonline.com.br\/site\/66608-2\/#listItem","position":3,"name":"Prefeitura publica edital de processo seletivo para Est\u00e1gio Jovem","previousItem":{"@type":"ListItem","@id":"https:\/\/anoticiaonline.com.br\/site\/categoria\/gerais\/#listItem","name":"Gerais"}}]},{"@type":"Organization","@id":"https:\/\/anoticiaonline.com.br\/site\/#organization","name":"A Not\u00edcia Online","description":"Noticias de Muria\u00e9 e regi\u00e3o","url":"https:\/\/anoticiaonline.com.br\/site\/","logo":{"@type":"ImageObject","url":"https:\/\/scontent-gig4-1.xx.fbcdn.net\/v\/t39.30808-1\/270437624_4564083193639691_6907940295614233970_n.jpg?stp=dst-jpg_s200x200_tt6&_nc_cat=111&ccb=1-7&_nc_sid=f907e8&_nc_ohc=SM1wRlP3lJwQ7kNvwEPuBYA&_nc_oc=AdnqrjDN_BNjSSHWO-GbkIWH6fkGMLw4bqvL_NH6e2wMveX7G-rP2dAqsDSq1mJMOaY&_nc_zt=24&_nc_ht=scontent-gig4-1.xx&_nc_gid=AoBFJeGrT1hVaew_6rchkQ&oh=00_AfX7QmFGhQhG2jAllVgXCiM1ZrWgvtp80-Bfppyexh1QEg&oe=689E923C","@id":"https:\/\/anoticiaonline.com.br\/site\/66608-2\/#organizationLogo"},"image":{"@id":"https:\/\/anoticiaonline.com.br\/site\/66608-2\/#organizationLogo"}},{"@type":"Person","@id":"https:\/\/anoticiaonline.com.br\/site\/author\/juliana\/#author","url":"https:\/\/anoticiaonline.com.br\/site\/author\/juliana\/","name":"Juliana Laviola","image":{"@type":"ImageObject","@id":"https:\/\/anoticiaonline.com.br\/site\/66608-2\/#authorImage","url":"https:\/\/secure.gravatar.com\/avatar\/b8d45f5c699b100dfaf0e543582f38f38bf94cb7ae3a5e9abf8d891a34773335?s=96&d=mm&r=g","width":96,"height":96,"caption":"Juliana Laviola"}},{"@type":"WebPage","@id":"https:\/\/anoticiaonline.com.br\/site\/66608-2\/#webpage","url":"https:\/\/anoticiaonline.com.br\/site\/66608-2\/","name":"Prefeitura publica edital de processo seletivo para Est\u00e1gio Jovem - A Not\u00edcia Online","description":"Inscri\u00e7\u00f5es devem ser feitas de 4 a 14 de janeiro, no Centro Educacional Dom Delfim, na Barra A Prefeitura de Muria\u00e9 publicou edital de processo seletivo para o preenchimento de vagas e forma\u00e7\u00e3o de cadastro de reserva para o Programa Est\u00e1gio Jovem (mais conhecido como \u201cAtitude Jovem\u201d), desenvolvido pela Secretaria Municipal de Desenvolvimento Social. Podem","inLanguage":"pt-BR","isPartOf":{"@id":"https:\/\/anoticiaonline.com.br\/site\/#website"},"breadcrumb":{"@id":"https:\/\/anoticiaonline.com.br\/site\/66608-2\/#breadcrumblist"},"author":{"@id":"https:\/\/anoticiaonline.com.br\/site\/author\/juliana\/#author"},"creator":{"@id":"https:\/\/anoticiaonline.com.br\/site\/author\/juliana\/#author"},"image":{"@type":"ImageObject","url":"https:\/\/anoticiaonline.com.br\/site\/wp-content\/uploads\/2019\/01\/E16910F6-7AC8-4B27-A862-7A0270C558CD.jpeg","@id":"https:\/\/anoticiaonline.com.br\/site\/66608-2\/#mainImage","width":800,"height":800},"primaryImageOfPage":{"@id":"https:\/\/anoticiaonline.com.br\/site\/66608-2\/#mainImage"},"datePublished":"2019-01-03T14:55:43-03:00","dateModified":"2019-01-04T07:58:44-03:00"},{"@type":"WebSite","@id":"https:\/\/anoticiaonline.com.br\/site\/#website","url":"https:\/\/anoticiaonline.com.br\/site\/","name":"A Not\u00edcia Online","description":"Noticias de Muria\u00e9 e regi\u00e3o","inLanguage":"pt-BR","publisher":{"@id":"https:\/\/anoticiaonline.com.br\/site\/#organization"}}]},"og:locale":"pt_BR","og:site_name":"A Not\u00edcia Online - Noticias de Muria\u00e9 e regi\u00e3o","og:type":"article","og:title":"Prefeitura publica edital de processo seletivo para Est\u00e1gio Jovem - A Not\u00edcia Online","og:description":"Inscri\u00e7\u00f5es devem ser feitas de 4 a 14 de janeiro, no Centro Educacional Dom Delfim, na Barra A Prefeitura de Muria\u00e9 publicou edital de processo seletivo para o preenchimento de vagas e forma\u00e7\u00e3o de cadastro de reserva para o Programa Est\u00e1gio Jovem (mais conhecido como \u201cAtitude Jovem\u201d), desenvolvido pela Secretaria Municipal de Desenvolvimento Social. Podem","og:url":"https:\/\/anoticiaonline.com.br\/site\/66608-2\/","og:image":"https:\/\/scontent-gig4-1.xx.fbcdn.net\/v\/t39.30808-1\/270437624_4564083193639691_6907940295614233970_n.jpg?stp=dst-jpg_s200x200_tt6&#038;_nc_cat=111&#038;ccb=1-7&#038;_nc_sid=f907e8&#038;_nc_ohc=SM1wRlP3lJwQ7kNvwEPuBYA&#038;_nc_oc=AdnqrjDN_BNjSSHWO-GbkIWH6fkGMLw4bqvL_NH6e2wMveX7G-rP2dAqsDSq1mJMOaY&#038;_nc_zt=24&#038;_nc_ht=scontent-gig4-1.xx&#038;_nc_gid=AoBFJeGrT1hVaew_6rchkQ&#038;oh=00_AfX7QmFGhQhG2jAllVgXCiM1ZrWgvtp80-Bfppyexh1QEg&#038;oe=689E923C","og:image:secure_url":"https:\/\/scontent-gig4-1.xx.fbcdn.net\/v\/t39.30808-1\/270437624_4564083193639691_6907940295614233970_n.jpg?stp=dst-jpg_s200x200_tt6&#038;_nc_cat=111&#038;ccb=1-7&#038;_nc_sid=f907e8&#038;_nc_ohc=SM1wRlP3lJwQ7kNvwEPuBYA&#038;_nc_oc=AdnqrjDN_BNjSSHWO-GbkIWH6fkGMLw4bqvL_NH6e2wMveX7G-rP2dAqsDSq1mJMOaY&#038;_nc_zt=24&#038;_nc_ht=scontent-gig4-1.xx&#038;_nc_gid=AoBFJeGrT1hVaew_6rchkQ&#038;oh=00_AfX7QmFGhQhG2jAllVgXCiM1ZrWgvtp80-Bfppyexh1QEg&#038;oe=689E923C","article:published_time":"2019-01-03T17:55:43+00:00","article:modified_time":"2019-01-04T10:58:44+00:00","twitter:card":"summary_large_image","twitter:title":"Prefeitura publica edital de processo seletivo para Est\u00e1gio Jovem - A Not\u00edcia Online","twitter:description":"Inscri\u00e7\u00f5es devem ser feitas de 4 a 14 de janeiro, no Centro Educacional Dom Delfim, na Barra A Prefeitura de Muria\u00e9 publicou edital de processo seletivo para o preenchimento de vagas e forma\u00e7\u00e3o de cadastro de reserva para o Programa Est\u00e1gio Jovem (mais conhecido como \u201cAtitude Jovem\u201d), desenvolvido pela Secretaria Municipal de Desenvolvimento Social. Podem","twitter:image":"https:\/\/scontent-gig4-1.xx.fbcdn.net\/v\/t39.30808-1\/270437624_4564083193639691_6907940295614233970_n.jpg?stp=dst-jpg_s200x200_tt6&_nc_cat=111&ccb=1-7&_nc_sid=f907e8&_nc_ohc=SM1wRlP3lJwQ7kNvwEPuBYA&_nc_oc=AdnqrjDN_BNjSSHWO-GbkIWH6fkGMLw4bqvL_NH6e2wMveX7G-rP2dAqsDSq1mJMOaY&_nc_zt=24&_nc_ht=scontent-gig4-1.xx&_nc_gid=AoBFJeGrT1hVaew_6rchkQ&oh=00_AfX7QmFGhQhG2jAllVgXCiM1ZrWgvtp80-Bfppyexh1QEg&oe=689E923C"},"aioseo_meta_data":{"post_id":"66608","title":null,"description":null,"keywords":null,"keyphrases":null,"primary_term":null,"canonical_url":null,"og_title":null,"og_description":null,"og_object_type":"default","og_image_type":"default","og_image_url":null,"og_image_width":null,"og_image_height":null,"og_image_custom_url":null,"og_image_custom_fields":null,"og_video":null,"og_custom_url":null,"og_article_section":null,"og_article_tags":null,"twitter_use_og":false,"twitter_card":"default","twitter_image_type":"default","twitter_image_url":null,"twitter_image_custom_url":null,"twitter_image_custom_fields":null,"twitter_title":null,"twitter_description":null,"schema":{"blockGraphs":[],"customGraphs":[],"default":{"data":{"Article":[],"Course":[],"Dataset":[],"FAQPage":[],"Movie":[],"Person":[],"Product":[],"ProductReview":[],"Car":[],"Recipe":[],"Service":[],"SoftwareApplication":[],"WebPage":[]},"graphName":"","isEnabled":true},"graphs":[]},"schema_type":"default","schema_type_options":null,"pillar_content":false,"robots_default":true,"robots_noindex":false,"robots_noarchive":false,"robots_nosnippet":false,"robots_nofollow":false,"robots_noimageindex":false,"robots_noodp":false,"robots_notranslate":false,"robots_max_snippet":null,"robots_max_videopreview":null,"robots_max_imagepreview":"large","priority":null,"frequency":null,"local_seo":null,"breadcrumb_settings":null,"limit_modified_date":false,"ai":null,"created":"2025-08-16 22:38:33","updated":"2025-08-16 22:38:33","focus_keyword":null,"additional_keywords":null,"truseo_locale":null,"seo_analyzer_scan_date":null},"aioseo_breadcrumb":"<div class=\"aioseo-breadcrumbs\"><span class=\"aioseo-breadcrumb\">\n\t\t\t<a href=\"https:\/\/anoticiaonline.com.br\/site\" title=\"Home\">Home<\/a>\n\t\t<\/span><span class=\"aioseo-breadcrumb-separator\">&raquo;<\/span><span class=\"aioseo-breadcrumb\">\n\t\t\t<a href=\"https:\/\/anoticiaonline.com.br\/site\/categoria\/gerais\/\" title=\"Gerais\">Gerais<\/a>\n\t\t<\/span><span class=\"aioseo-breadcrumb-separator\">&raquo;<\/span><span class=\"aioseo-breadcrumb\">\n\t\t\tPrefeitura publica edital de processo seletivo para Est\u00e1gio Jovem\n\t\t<\/span><\/div>","aioseo_breadcrumb_json":[{"label":"Home","link":"https:\/\/anoticiaonline.com.br\/site"},{"label":"Gerais","link":"https:\/\/anoticiaonline.com.br\/site\/categoria\/gerais\/"},{"label":"Prefeitura publica edital de processo seletivo para Est\u00e1gio Jovem","link":"https:\/\/anoticiaonline.com.br\/site\/66608-2\/"}],"views":200,"_links":{"self":[{"href":"https:\/\/anoticiaonline.com.br\/site\/wp-json\/wp\/v2\/posts\/66608","targetHints":{"allow":["GET"]}}],"collection":[{"href":"https:\/\/anoticiaonline.com.br\/site\/wp-json\/wp\/v2\/posts"}],"about":[{"href":"https:\/\/anoticiaonline.com.br\/site\/wp-json\/wp\/v2\/types\/post"}],"author":[{"embeddable":true,"href":"https:\/\/anoticiaonline.com.br\/site\/wp-json\/wp\/v2\/users\/2"}],"replies":[{"embeddable":true,"href":"https:\/\/anoticiaonline.com.br\/site\/wp-json\/wp\/v2\/comments?post=66608"}],"version-history":[{"count":0,"href":"https:\/\/anoticiaonline.com.br\/site\/wp-json\/wp\/v2\/posts\/66608\/revisions"}],"wp:featuredmedia":[{"embeddable":true,"href":"https:\/\/anoticiaonline.com.br\/site\/wp-json\/wp\/v2\/media\/66609"}],"wp:attachment":[{"href":"https:\/\/anoticiaonline.com.br\/site\/wp-json\/wp\/v2\/media?parent=66608"}],"wp:term":[{"taxonomy":"category","embeddable":true,"href":"https:\/\/anoticiaonline.com.br\/site\/wp-json\/wp\/v2\/categories?post=66608"},{"taxonomy":"post_tag","embeddable":true,"href":"https:\/\/anoticiaonline.com.br\/site\/wp-json\/wp\/v2\/tags?post=66608"}],"curies":[{"name":"wp","href":"https:\/\/api.w.org\/{rel}","templated":true}]}}