{"id":6658,"date":"2015-11-23T08:33:32","date_gmt":"2015-11-23T11:33:32","guid":{"rendered":"http:\/\/anoticiaonline.com.br\/site\/?p=6658"},"modified":"2015-11-23T08:33:32","modified_gmt":"2015-11-23T11:33:32","slug":"as-anunciacoes-atraves-dos-tempos","status":"publish","type":"post","link":"https:\/\/anoticiaonline.com.br\/site\/as-anunciacoes-atraves-dos-tempos\/","title":{"rendered":"As anuncia\u00e7\u00f5es atrav\u00e9s dos tempos"},"content":{"rendered":"<p><em><strong>As Vozes dos C\u00e9us esclarecem os homens e convida-os \u00e0 pr\u00e1tica do Evangelho<\/strong> <\/em><\/p>\n<p><em>\u201c(\u2026) e apareceu-lhe o anjo do Senhor em uma chama de fogo no meio duma sar\u00e7a. (&#8230;) Vem agora, pois, e eu te enviarei ao Fara\u00f3, para que tires o meu povo do Egito\u201d. (Di\u00e1logo entre o Anjo do Senhor e Mois\u00e9s \u2013 \u00eaxodo 3:2 e 10).<\/em><\/p>\n<p><em>\u201c(&#8230;) Eis que em teu ventre conceber\u00e1s e dar\u00e1s \u00e0 luz um filho&#8230;\u201d &#8211; Eis aqui a serva do Senhor; cumpra-se em mim segundo a tua palavra&#8230;\u201d (Di\u00e1logo entre o Anjo Gabriel a Maria, m\u00e3e de Jesus).<\/em><\/p>\n<p><em>\u201c(&#8230;) Confirmo o que foi dito com rela\u00e7\u00e3o \u00e0 tua miss\u00e3o. &#8211; Aceito tudo sem restri\u00e7\u00e3o e sem ideia preconcebida; disp\u00f5e-te do teu servo&#8230;\u201d (Di\u00e1logo entre o Esp\u00edrito de Verdade e Kardec).<\/em><\/p>\n<p>Podemos observar pelos tr\u00eas di\u00e1logos acima, a perfeita intera\u00e7\u00e3o entre o Mundo Espiritual e o Corporal. Isso sem falar no c\u00e9lebre di\u00e1logo entre Mois\u00e9s,\u00a0 Elias e Jesus no Monte Tabor.<\/p>\n<p>Inegavelmente, todos os lances importantes que dizem respeito aos planos Deus para Suas criaturas t\u00eam o endosso direto e irrestrito da Espiritualidade Maior!<\/p>\n<p>A Terra, portanto, n\u00e3o \u00e9 um barco \u00e0 matroca.<\/p>\n<p>N\u00e3o foi sem motivos que Jesus anunciou para os fins dos tempos o recrudescimento da mediunidade. Ele sabe o qu\u00e3o importante \u00e9 esse canal de comunica\u00e7\u00e3o entre encarnados e desencarnados com vista ao progresso de todos. Cada um de n\u00f3s, portanto, tem o seu papel nos planos de Deus para a ascens\u00e3o espiritual dos seres humanos.<\/p>\n<p>Lemos na introdu\u00e7\u00e3o do livro \u201cO Evangelho Segundo o Espiritismo\u201d:\u00a0 (&#8230;) gra\u00e7as \u00e0s rela\u00e7\u00f5es estabelecidas \u2013 permanentemente \u2013 entre os homens e o Mundo Invis\u00edvel, a lei evang\u00e9lica que os pr\u00f3prios Esp\u00edritos ensinaram a todas as na\u00e7\u00f5es, j\u00e1 n\u00e3o ser\u00e1 letra morta, porque cada um a compreender\u00e1 e se ver\u00e1 incessantemente compelido a p\u00f4-la em pr\u00e1tica, a conselho de seus guias espirituais.<\/p>\n<p>As instru\u00e7\u00f5es que promanam dos Esp\u00edritos s\u00e3o verdadeiramente as Vozes do C\u00e9u que v\u00eam esclarecer aos homens e convid\u00e1-los \u00e0 pr\u00e1tica do Evangelho.<\/p>\n<p>(&#8230;) Quis Deus que a nova revela\u00e7\u00e3o chegasse aos homens por mais r\u00e1pido caminho e mais aut\u00eantico. Incumbiu, pois, os Esp\u00edritos de lev\u00e1-la de um p\u00f3lo a outro, manifestando-se por toda a parte, sem conferir a ningu\u00e9m o privil\u00e9gio de lhes ouvir a palavra.<\/p>\n<p>(&#8230;) S\u00e3o, pois, os pr\u00f3prios Esp\u00edritos que fazem a propaga\u00e7\u00e3o, com o aux\u00edlio dos in\u00fameros m\u00e9diuns que, tamb\u00e9m eles, os Esp\u00edritos, v\u00e3o suscitando de todos os lados.<\/p>\n<p>(&#8230;) Os Esp\u00edritos se comunicam em todos os pontos da Terra, a todos os povos, a todas as seitas, a todos os partidos, e todos os aceitam. Qualquer pessoa pode receber instru\u00e7\u00f5es de seus parentes e amigos de al\u00e9m-t\u00famulo.<\/p>\n<p>(&#8230;) Este s\u00e9culo n\u00e3o passar\u00e1 sem que o conhecimento esp\u00edrita resplande\u00e7a em todo o seu brilho, de modo a dissipar todas as incertezas, porquanto potentes vozes ter\u00e3o recebido a miss\u00e3o de se fazerem ouvir, para congregar os homens sob a mesma bandeira, uma vez que o campo se ache suficientemente lavrado. Enquanto isso se n\u00e3o d\u00e1, aquele que flutue entre dois sistemas opostos pode observar em que sentido se forma a opini\u00e3o geral; essa ser\u00e1 a indica\u00e7\u00e3o certa do sentido em que se pronuncia a maioria dos Esp\u00edritos, nos diversos pontos em que se comunicam, e um sinal n\u00e3o menos certo de qual dos dois sistemas prevalecer\u00e1\u201d.<\/p>\n<p>Os Esp\u00edritos aguardam \u2013 agora \u2013 o empenho dos encarnados para prosseguir com a tarefa de divulgar as \u201cVozes do C\u00e9u\u201d.\u00a0 E Santo Agostinho chega mesmo a afirmar que os Esp\u00edritos elaboraram \u201cO Livro dos Esp\u00edritos\u201d para que n\u00f3s os encarnados o divulg\u00e1ssemos .<\/p>\n<p>Ainda hoje as \u201cVozes do C\u00e9u\u201d n\u00e3o se fazem de rogadas: atrav\u00e9s da mediunidade de Chico Xavier, Divaldo Pereira Franco, Yvonne do Amaral Pereira, Raul Teixeira t\u00eam chegado essas modernas \u201canuncia\u00e7\u00f5es\u201d, como se fossem um novo Pentecostes a nos beneficiar a todos com o indispens\u00e1vel conhecimento superior, conhecimento este que n\u00e3o pode se transformar em talento enterrado por nossas m\u00e3os!<\/p>\n","protected":false},"excerpt":{"rendered":"<p>As Vozes dos C\u00e9us esclarecem os homens e convida-os \u00e0 pr\u00e1tica do Evangelho \u201c(\u2026) e apareceu-lhe o anjo do Senhor em uma chama de fogo no meio duma sar\u00e7a. (&#8230;) Vem agora, pois, e eu te enviarei ao Fara\u00f3, para que tires o meu povo do Egito\u201d. (Di\u00e1logo entre o Anjo do Senhor e Mois\u00e9s &#8230; <a title=\"As anuncia\u00e7\u00f5es atrav\u00e9s dos tempos\" class=\"read-more\" href=\"https:\/\/anoticiaonline.com.br\/site\/as-anunciacoes-atraves-dos-tempos\/\" aria-label=\"Read more about As anuncia\u00e7\u00f5es atrav\u00e9s dos tempos\">Ler mais<\/a><\/p>\n","protected":false},"author":2,"featured_media":0,"comment_status":"open","ping_status":"open","sticky":false,"template":"","format":"standard","meta":{"_acf_changed":false,"_monsterinsights_skip_tracking":false,"footnotes":""},"categories":[44],"tags":[],"class_list":["post-6658","post","type-post","status-publish","format-standard","hentry","category-espiritismo-em-foco-de-rogerio-coelho"],"acf":[],"aioseo_notices":[],"aioseo_head":"\n\t\t<!-- All in One SEO 5.0.0.1 - aioseo.com -->\n\t<meta name=\"description\" content=\"As Vozes dos C\u00e9us esclarecem os homens e convida-os \u00e0 pr\u00e1tica do Evangelho \u201c(\u2026) e apareceu-lhe o anjo do Senhor em uma chama de fogo no meio duma sar\u00e7a. (...) Vem agora, pois, e eu te enviarei ao Fara\u00f3, para que tires o meu povo do Egito\u201d. (Di\u00e1logo entre o Anjo do Senhor e Mois\u00e9s\" \/>\n\t<meta name=\"robots\" content=\"max-image-preview:large\" \/>\n\t<meta name=\"author\" content=\"Juliana Laviola\"\/>\n\t<link rel=\"canonical\" href=\"https:\/\/anoticiaonline.com.br\/site\/as-anunciacoes-atraves-dos-tempos\/\" \/>\n\t<meta name=\"generator\" content=\"All in One SEO (AIOSEO) 5.0.0.1\" \/>\n\t\t<meta property=\"og:locale\" content=\"pt_BR\" \/>\n\t\t<meta property=\"og:site_name\" content=\"A Not\u00edcia Online - Noticias de Muria\u00e9 e regi\u00e3o\" \/>\n\t\t<meta property=\"og:type\" content=\"article\" \/>\n\t\t<meta property=\"og:title\" content=\"As anuncia\u00e7\u00f5es atrav\u00e9s dos tempos - A Not\u00edcia Online\" \/>\n\t\t<meta property=\"og:description\" content=\"As Vozes dos C\u00e9us esclarecem os homens e convida-os \u00e0 pr\u00e1tica do Evangelho \u201c(\u2026) e apareceu-lhe o anjo do Senhor em uma chama de fogo no meio duma sar\u00e7a. (...) Vem agora, pois, e eu te enviarei ao Fara\u00f3, para que tires o meu povo do Egito\u201d. (Di\u00e1logo entre o Anjo do Senhor e Mois\u00e9s\" \/>\n\t\t<meta property=\"og:url\" content=\"https:\/\/anoticiaonline.com.br\/site\/as-anunciacoes-atraves-dos-tempos\/\" \/>\n\t\t<meta property=\"og:image\" content=\"https:\/\/scontent-gig4-1.xx.fbcdn.net\/v\/t39.30808-1\/270437624_4564083193639691_6907940295614233970_n.jpg?stp=dst-jpg_s200x200_tt6&#038;_nc_cat=111&#038;ccb=1-7&#038;_nc_sid=f907e8&#038;_nc_ohc=SM1wRlP3lJwQ7kNvwEPuBYA&#038;_nc_oc=AdnqrjDN_BNjSSHWO-GbkIWH6fkGMLw4bqvL_NH6e2wMveX7G-rP2dAqsDSq1mJMOaY&#038;_nc_zt=24&#038;_nc_ht=scontent-gig4-1.xx&#038;_nc_gid=AoBFJeGrT1hVaew_6rchkQ&#038;oh=00_AfX7QmFGhQhG2jAllVgXCiM1ZrWgvtp80-Bfppyexh1QEg&#038;oe=689E923C\" \/>\n\t\t<meta property=\"og:image:secure_url\" content=\"https:\/\/scontent-gig4-1.xx.fbcdn.net\/v\/t39.30808-1\/270437624_4564083193639691_6907940295614233970_n.jpg?stp=dst-jpg_s200x200_tt6&#038;_nc_cat=111&#038;ccb=1-7&#038;_nc_sid=f907e8&#038;_nc_ohc=SM1wRlP3lJwQ7kNvwEPuBYA&#038;_nc_oc=AdnqrjDN_BNjSSHWO-GbkIWH6fkGMLw4bqvL_NH6e2wMveX7G-rP2dAqsDSq1mJMOaY&#038;_nc_zt=24&#038;_nc_ht=scontent-gig4-1.xx&#038;_nc_gid=AoBFJeGrT1hVaew_6rchkQ&#038;oh=00_AfX7QmFGhQhG2jAllVgXCiM1ZrWgvtp80-Bfppyexh1QEg&#038;oe=689E923C\" \/>\n\t\t<meta property=\"article:published_time\" content=\"2015-11-23T11:33:32+00:00\" \/>\n\t\t<meta property=\"article:modified_time\" content=\"2015-11-23T11:33:32+00:00\" \/>\n\t\t<meta name=\"twitter:card\" content=\"summary_large_image\" \/>\n\t\t<meta name=\"twitter:title\" content=\"As anuncia\u00e7\u00f5es atrav\u00e9s dos tempos - A Not\u00edcia Online\" \/>\n\t\t<meta name=\"twitter:description\" content=\"As Vozes dos C\u00e9us esclarecem os homens e convida-os \u00e0 pr\u00e1tica do Evangelho \u201c(\u2026) e apareceu-lhe o anjo do Senhor em uma chama de fogo no meio duma sar\u00e7a. (...) Vem agora, pois, e eu te enviarei ao Fara\u00f3, para que tires o meu povo do Egito\u201d. (Di\u00e1logo entre o Anjo do Senhor e Mois\u00e9s\" \/>\n\t\t<meta name=\"twitter:image\" content=\"https:\/\/scontent-gig4-1.xx.fbcdn.net\/v\/t39.30808-1\/270437624_4564083193639691_6907940295614233970_n.jpg?stp=dst-jpg_s200x200_tt6&amp;_nc_cat=111&amp;ccb=1-7&amp;_nc_sid=f907e8&amp;_nc_ohc=SM1wRlP3lJwQ7kNvwEPuBYA&amp;_nc_oc=AdnqrjDN_BNjSSHWO-GbkIWH6fkGMLw4bqvL_NH6e2wMveX7G-rP2dAqsDSq1mJMOaY&amp;_nc_zt=24&amp;_nc_ht=scontent-gig4-1.xx&amp;_nc_gid=AoBFJeGrT1hVaew_6rchkQ&amp;oh=00_AfX7QmFGhQhG2jAllVgXCiM1ZrWgvtp80-Bfppyexh1QEg&amp;oe=689E923C\" \/>\n\t\t<script type=\"application\/ld+json\" class=\"aioseo-schema\">\n\t\t\t{\"@context\":\"https:\\\/\\\/schema.org\",\"@graph\":[{\"@type\":\"BlogPosting\",\"@id\":\"https:\\\/\\\/anoticiaonline.com.br\\\/site\\\/as-anunciacoes-atraves-dos-tempos\\\/#blogposting\",\"name\":\"As anuncia\\u00e7\\u00f5es atrav\\u00e9s dos tempos - A Not\\u00edcia Online\",\"headline\":\"As anuncia\\u00e7\\u00f5es atrav\\u00e9s dos tempos\",\"author\":{\"@id\":\"https:\\\/\\\/anoticiaonline.com.br\\\/site\\\/author\\\/juliana\\\/#author\"},\"publisher\":{\"@id\":\"https:\\\/\\\/anoticiaonline.com.br\\\/site\\\/#organization\"},\"image\":{\"@type\":\"ImageObject\",\"url\":\"https:\\\/\\\/scontent-gig4-1.xx.fbcdn.net\\\/v\\\/t39.30808-1\\\/270437624_4564083193639691_6907940295614233970_n.jpg?stp=dst-jpg_s200x200_tt6&_nc_cat=111&ccb=1-7&_nc_sid=f907e8&_nc_ohc=SM1wRlP3lJwQ7kNvwEPuBYA&_nc_oc=AdnqrjDN_BNjSSHWO-GbkIWH6fkGMLw4bqvL_NH6e2wMveX7G-rP2dAqsDSq1mJMOaY&_nc_zt=24&_nc_ht=scontent-gig4-1.xx&_nc_gid=AoBFJeGrT1hVaew_6rchkQ&oh=00_AfX7QmFGhQhG2jAllVgXCiM1ZrWgvtp80-Bfppyexh1QEg&oe=689E923C\",\"@id\":\"https:\\\/\\\/anoticiaonline.com.br\\\/site\\\/#articleImage\"},\"datePublished\":\"2015-11-23T08:33:32-03:00\",\"dateModified\":\"2015-11-23T08:33:32-03:00\",\"inLanguage\":\"pt-BR\",\"mainEntityOfPage\":{\"@id\":\"https:\\\/\\\/anoticiaonline.com.br\\\/site\\\/as-anunciacoes-atraves-dos-tempos\\\/#webpage\"},\"isPartOf\":{\"@id\":\"https:\\\/\\\/anoticiaonline.com.br\\\/site\\\/as-anunciacoes-atraves-dos-tempos\\\/#webpage\"},\"articleSection\":\"Espiritismo em Foco, por Rog\\u00e9rio Coelho\"},{\"@type\":\"BreadcrumbList\",\"@id\":\"https:\\\/\\\/anoticiaonline.com.br\\\/site\\\/as-anunciacoes-atraves-dos-tempos\\\/#breadcrumblist\",\"itemListElement\":[{\"@type\":\"ListItem\",\"@id\":\"https:\\\/\\\/anoticiaonline.com.br\\\/site#listItem\",\"position\":1,\"name\":\"Home\",\"item\":\"https:\\\/\\\/anoticiaonline.com.br\\\/site\",\"nextItem\":{\"@type\":\"ListItem\",\"@id\":\"https:\\\/\\\/anoticiaonline.com.br\\\/site\\\/categoria\\\/colunistas\\\/#listItem\",\"name\":\"Colunistas\"}},{\"@type\":\"ListItem\",\"@id\":\"https:\\\/\\\/anoticiaonline.com.br\\\/site\\\/categoria\\\/colunistas\\\/#listItem\",\"position\":2,\"name\":\"Colunistas\",\"item\":\"https:\\\/\\\/anoticiaonline.com.br\\\/site\\\/categoria\\\/colunistas\\\/\",\"nextItem\":{\"@type\":\"ListItem\",\"@id\":\"https:\\\/\\\/anoticiaonline.com.br\\\/site\\\/categoria\\\/colunistas\\\/espiritismo-em-foco-de-rogerio-coelho\\\/#listItem\",\"name\":\"Espiritismo em Foco, por Rog\\u00e9rio Coelho\"},\"previousItem\":{\"@type\":\"ListItem\",\"@id\":\"https:\\\/\\\/anoticiaonline.com.br\\\/site#listItem\",\"name\":\"Home\"}},{\"@type\":\"ListItem\",\"@id\":\"https:\\\/\\\/anoticiaonline.com.br\\\/site\\\/categoria\\\/colunistas\\\/espiritismo-em-foco-de-rogerio-coelho\\\/#listItem\",\"position\":3,\"name\":\"Espiritismo em Foco, por Rog\\u00e9rio Coelho\",\"item\":\"https:\\\/\\\/anoticiaonline.com.br\\\/site\\\/categoria\\\/colunistas\\\/espiritismo-em-foco-de-rogerio-coelho\\\/\",\"nextItem\":{\"@type\":\"ListItem\",\"@id\":\"https:\\\/\\\/anoticiaonline.com.br\\\/site\\\/as-anunciacoes-atraves-dos-tempos\\\/#listItem\",\"name\":\"As anuncia\\u00e7\\u00f5es atrav\\u00e9s dos tempos\"},\"previousItem\":{\"@type\":\"ListItem\",\"@id\":\"https:\\\/\\\/anoticiaonline.com.br\\\/site\\\/categoria\\\/colunistas\\\/#listItem\",\"name\":\"Colunistas\"}},{\"@type\":\"ListItem\",\"@id\":\"https:\\\/\\\/anoticiaonline.com.br\\\/site\\\/as-anunciacoes-atraves-dos-tempos\\\/#listItem\",\"position\":4,\"name\":\"As anuncia\\u00e7\\u00f5es atrav\\u00e9s dos tempos\",\"previousItem\":{\"@type\":\"ListItem\",\"@id\":\"https:\\\/\\\/anoticiaonline.com.br\\\/site\\\/categoria\\\/colunistas\\\/espiritismo-em-foco-de-rogerio-coelho\\\/#listItem\",\"name\":\"Espiritismo em Foco, por Rog\\u00e9rio Coelho\"}}]},{\"@type\":\"Organization\",\"@id\":\"https:\\\/\\\/anoticiaonline.com.br\\\/site\\\/#organization\",\"name\":\"A Not\\u00edcia Online\",\"description\":\"Noticias de Muria\\u00e9 e regi\\u00e3o\",\"url\":\"https:\\\/\\\/anoticiaonline.com.br\\\/site\\\/\",\"logo\":{\"@type\":\"ImageObject\",\"url\":\"https:\\\/\\\/scontent-gig4-1.xx.fbcdn.net\\\/v\\\/t39.30808-1\\\/270437624_4564083193639691_6907940295614233970_n.jpg?stp=dst-jpg_s200x200_tt6&_nc_cat=111&ccb=1-7&_nc_sid=f907e8&_nc_ohc=SM1wRlP3lJwQ7kNvwEPuBYA&_nc_oc=AdnqrjDN_BNjSSHWO-GbkIWH6fkGMLw4bqvL_NH6e2wMveX7G-rP2dAqsDSq1mJMOaY&_nc_zt=24&_nc_ht=scontent-gig4-1.xx&_nc_gid=AoBFJeGrT1hVaew_6rchkQ&oh=00_AfX7QmFGhQhG2jAllVgXCiM1ZrWgvtp80-Bfppyexh1QEg&oe=689E923C\",\"@id\":\"https:\\\/\\\/anoticiaonline.com.br\\\/site\\\/as-anunciacoes-atraves-dos-tempos\\\/#organizationLogo\"},\"image\":{\"@id\":\"https:\\\/\\\/anoticiaonline.com.br\\\/site\\\/as-anunciacoes-atraves-dos-tempos\\\/#organizationLogo\"}},{\"@type\":\"Person\",\"@id\":\"https:\\\/\\\/anoticiaonline.com.br\\\/site\\\/author\\\/juliana\\\/#author\",\"url\":\"https:\\\/\\\/anoticiaonline.com.br\\\/site\\\/author\\\/juliana\\\/\",\"name\":\"Juliana Laviola\",\"image\":{\"@type\":\"ImageObject\",\"@id\":\"https:\\\/\\\/anoticiaonline.com.br\\\/site\\\/as-anunciacoes-atraves-dos-tempos\\\/#authorImage\",\"url\":\"https:\\\/\\\/secure.gravatar.com\\\/avatar\\\/b8d45f5c699b100dfaf0e543582f38f38bf94cb7ae3a5e9abf8d891a34773335?s=96&d=mm&r=g\",\"width\":96,\"height\":96,\"caption\":\"Juliana Laviola\"}},{\"@type\":\"WebPage\",\"@id\":\"https:\\\/\\\/anoticiaonline.com.br\\\/site\\\/as-anunciacoes-atraves-dos-tempos\\\/#webpage\",\"url\":\"https:\\\/\\\/anoticiaonline.com.br\\\/site\\\/as-anunciacoes-atraves-dos-tempos\\\/\",\"name\":\"As anuncia\\u00e7\\u00f5es atrav\\u00e9s dos tempos - A Not\\u00edcia Online\",\"description\":\"As Vozes dos C\\u00e9us esclarecem os homens e convida-os \\u00e0 pr\\u00e1tica do Evangelho \\u201c(\\u2026) e apareceu-lhe o anjo do Senhor em uma chama de fogo no meio duma sar\\u00e7a. (...) Vem agora, pois, e eu te enviarei ao Fara\\u00f3, para que tires o meu povo do Egito\\u201d. (Di\\u00e1logo entre o Anjo do Senhor e Mois\\u00e9s\",\"inLanguage\":\"pt-BR\",\"isPartOf\":{\"@id\":\"https:\\\/\\\/anoticiaonline.com.br\\\/site\\\/#website\"},\"breadcrumb\":{\"@id\":\"https:\\\/\\\/anoticiaonline.com.br\\\/site\\\/as-anunciacoes-atraves-dos-tempos\\\/#breadcrumblist\"},\"author\":{\"@id\":\"https:\\\/\\\/anoticiaonline.com.br\\\/site\\\/author\\\/juliana\\\/#author\"},\"creator\":{\"@id\":\"https:\\\/\\\/anoticiaonline.com.br\\\/site\\\/author\\\/juliana\\\/#author\"},\"datePublished\":\"2015-11-23T08:33:32-03:00\",\"dateModified\":\"2015-11-23T08:33:32-03:00\"},{\"@type\":\"WebSite\",\"@id\":\"https:\\\/\\\/anoticiaonline.com.br\\\/site\\\/#website\",\"url\":\"https:\\\/\\\/anoticiaonline.com.br\\\/site\\\/\",\"name\":\"A Not\\u00edcia Online\",\"description\":\"Noticias de Muria\\u00e9 e regi\\u00e3o\",\"inLanguage\":\"pt-BR\",\"publisher\":{\"@id\":\"https:\\\/\\\/anoticiaonline.com.br\\\/site\\\/#organization\"}}]}\n\t\t<\/script>\n\t\t<!-- All in One SEO -->\n\n","aioseo_head_json":{"title":"As anuncia\u00e7\u00f5es atrav\u00e9s dos tempos - A Not\u00edcia Online","description":"As Vozes dos C\u00e9us esclarecem os homens e convida-os \u00e0 pr\u00e1tica do Evangelho \u201c(\u2026) e apareceu-lhe o anjo do Senhor em uma chama de fogo no meio duma sar\u00e7a. (...) Vem agora, pois, e eu te enviarei ao Fara\u00f3, para que tires o meu povo do Egito\u201d. (Di\u00e1logo entre o Anjo do Senhor e Mois\u00e9s","canonical_url":"https:\/\/anoticiaonline.com.br\/site\/as-anunciacoes-atraves-dos-tempos\/","robots":"max-image-preview:large","keywords":"","webmasterTools":{"miscellaneous":""},"schema":{"@context":"https:\/\/schema.org","@graph":[{"@type":"BlogPosting","@id":"https:\/\/anoticiaonline.com.br\/site\/as-anunciacoes-atraves-dos-tempos\/#blogposting","name":"As anuncia\u00e7\u00f5es atrav\u00e9s dos tempos - A Not\u00edcia Online","headline":"As anuncia\u00e7\u00f5es atrav\u00e9s dos tempos","author":{"@id":"https:\/\/anoticiaonline.com.br\/site\/author\/juliana\/#author"},"publisher":{"@id":"https:\/\/anoticiaonline.com.br\/site\/#organization"},"image":{"@type":"ImageObject","url":"https:\/\/scontent-gig4-1.xx.fbcdn.net\/v\/t39.30808-1\/270437624_4564083193639691_6907940295614233970_n.jpg?stp=dst-jpg_s200x200_tt6&_nc_cat=111&ccb=1-7&_nc_sid=f907e8&_nc_ohc=SM1wRlP3lJwQ7kNvwEPuBYA&_nc_oc=AdnqrjDN_BNjSSHWO-GbkIWH6fkGMLw4bqvL_NH6e2wMveX7G-rP2dAqsDSq1mJMOaY&_nc_zt=24&_nc_ht=scontent-gig4-1.xx&_nc_gid=AoBFJeGrT1hVaew_6rchkQ&oh=00_AfX7QmFGhQhG2jAllVgXCiM1ZrWgvtp80-Bfppyexh1QEg&oe=689E923C","@id":"https:\/\/anoticiaonline.com.br\/site\/#articleImage"},"datePublished":"2015-11-23T08:33:32-03:00","dateModified":"2015-11-23T08:33:32-03:00","inLanguage":"pt-BR","mainEntityOfPage":{"@id":"https:\/\/anoticiaonline.com.br\/site\/as-anunciacoes-atraves-dos-tempos\/#webpage"},"isPartOf":{"@id":"https:\/\/anoticiaonline.com.br\/site\/as-anunciacoes-atraves-dos-tempos\/#webpage"},"articleSection":"Espiritismo em Foco, por Rog\u00e9rio Coelho"},{"@type":"BreadcrumbList","@id":"https:\/\/anoticiaonline.com.br\/site\/as-anunciacoes-atraves-dos-tempos\/#breadcrumblist","itemListElement":[{"@type":"ListItem","@id":"https:\/\/anoticiaonline.com.br\/site#listItem","position":1,"name":"Home","item":"https:\/\/anoticiaonline.com.br\/site","nextItem":{"@type":"ListItem","@id":"https:\/\/anoticiaonline.com.br\/site\/categoria\/colunistas\/#listItem","name":"Colunistas"}},{"@type":"ListItem","@id":"https:\/\/anoticiaonline.com.br\/site\/categoria\/colunistas\/#listItem","position":2,"name":"Colunistas","item":"https:\/\/anoticiaonline.com.br\/site\/categoria\/colunistas\/","nextItem":{"@type":"ListItem","@id":"https:\/\/anoticiaonline.com.br\/site\/categoria\/colunistas\/espiritismo-em-foco-de-rogerio-coelho\/#listItem","name":"Espiritismo em Foco, por Rog\u00e9rio Coelho"},"previousItem":{"@type":"ListItem","@id":"https:\/\/anoticiaonline.com.br\/site#listItem","name":"Home"}},{"@type":"ListItem","@id":"https:\/\/anoticiaonline.com.br\/site\/categoria\/colunistas\/espiritismo-em-foco-de-rogerio-coelho\/#listItem","position":3,"name":"Espiritismo em Foco, por Rog\u00e9rio Coelho","item":"https:\/\/anoticiaonline.com.br\/site\/categoria\/colunistas\/espiritismo-em-foco-de-rogerio-coelho\/","nextItem":{"@type":"ListItem","@id":"https:\/\/anoticiaonline.com.br\/site\/as-anunciacoes-atraves-dos-tempos\/#listItem","name":"As anuncia\u00e7\u00f5es atrav\u00e9s dos tempos"},"previousItem":{"@type":"ListItem","@id":"https:\/\/anoticiaonline.com.br\/site\/categoria\/colunistas\/#listItem","name":"Colunistas"}},{"@type":"ListItem","@id":"https:\/\/anoticiaonline.com.br\/site\/as-anunciacoes-atraves-dos-tempos\/#listItem","position":4,"name":"As anuncia\u00e7\u00f5es atrav\u00e9s dos tempos","previousItem":{"@type":"ListItem","@id":"https:\/\/anoticiaonline.com.br\/site\/categoria\/colunistas\/espiritismo-em-foco-de-rogerio-coelho\/#listItem","name":"Espiritismo em Foco, por Rog\u00e9rio Coelho"}}]},{"@type":"Organization","@id":"https:\/\/anoticiaonline.com.br\/site\/#organization","name":"A Not\u00edcia Online","description":"Noticias de Muria\u00e9 e regi\u00e3o","url":"https:\/\/anoticiaonline.com.br\/site\/","logo":{"@type":"ImageObject","url":"https:\/\/scontent-gig4-1.xx.fbcdn.net\/v\/t39.30808-1\/270437624_4564083193639691_6907940295614233970_n.jpg?stp=dst-jpg_s200x200_tt6&_nc_cat=111&ccb=1-7&_nc_sid=f907e8&_nc_ohc=SM1wRlP3lJwQ7kNvwEPuBYA&_nc_oc=AdnqrjDN_BNjSSHWO-GbkIWH6fkGMLw4bqvL_NH6e2wMveX7G-rP2dAqsDSq1mJMOaY&_nc_zt=24&_nc_ht=scontent-gig4-1.xx&_nc_gid=AoBFJeGrT1hVaew_6rchkQ&oh=00_AfX7QmFGhQhG2jAllVgXCiM1ZrWgvtp80-Bfppyexh1QEg&oe=689E923C","@id":"https:\/\/anoticiaonline.com.br\/site\/as-anunciacoes-atraves-dos-tempos\/#organizationLogo"},"image":{"@id":"https:\/\/anoticiaonline.com.br\/site\/as-anunciacoes-atraves-dos-tempos\/#organizationLogo"}},{"@type":"Person","@id":"https:\/\/anoticiaonline.com.br\/site\/author\/juliana\/#author","url":"https:\/\/anoticiaonline.com.br\/site\/author\/juliana\/","name":"Juliana Laviola","image":{"@type":"ImageObject","@id":"https:\/\/anoticiaonline.com.br\/site\/as-anunciacoes-atraves-dos-tempos\/#authorImage","url":"https:\/\/secure.gravatar.com\/avatar\/b8d45f5c699b100dfaf0e543582f38f38bf94cb7ae3a5e9abf8d891a34773335?s=96&d=mm&r=g","width":96,"height":96,"caption":"Juliana Laviola"}},{"@type":"WebPage","@id":"https:\/\/anoticiaonline.com.br\/site\/as-anunciacoes-atraves-dos-tempos\/#webpage","url":"https:\/\/anoticiaonline.com.br\/site\/as-anunciacoes-atraves-dos-tempos\/","name":"As anuncia\u00e7\u00f5es atrav\u00e9s dos tempos - A Not\u00edcia Online","description":"As Vozes dos C\u00e9us esclarecem os homens e convida-os \u00e0 pr\u00e1tica do Evangelho \u201c(\u2026) e apareceu-lhe o anjo do Senhor em uma chama de fogo no meio duma sar\u00e7a. (...) Vem agora, pois, e eu te enviarei ao Fara\u00f3, para que tires o meu povo do Egito\u201d. (Di\u00e1logo entre o Anjo do Senhor e Mois\u00e9s","inLanguage":"pt-BR","isPartOf":{"@id":"https:\/\/anoticiaonline.com.br\/site\/#website"},"breadcrumb":{"@id":"https:\/\/anoticiaonline.com.br\/site\/as-anunciacoes-atraves-dos-tempos\/#breadcrumblist"},"author":{"@id":"https:\/\/anoticiaonline.com.br\/site\/author\/juliana\/#author"},"creator":{"@id":"https:\/\/anoticiaonline.com.br\/site\/author\/juliana\/#author"},"datePublished":"2015-11-23T08:33:32-03:00","dateModified":"2015-11-23T08:33:32-03:00"},{"@type":"WebSite","@id":"https:\/\/anoticiaonline.com.br\/site\/#website","url":"https:\/\/anoticiaonline.com.br\/site\/","name":"A Not\u00edcia Online","description":"Noticias de Muria\u00e9 e regi\u00e3o","inLanguage":"pt-BR","publisher":{"@id":"https:\/\/anoticiaonline.com.br\/site\/#organization"}}]},"og:locale":"pt_BR","og:site_name":"A Not\u00edcia Online - Noticias de Muria\u00e9 e regi\u00e3o","og:type":"article","og:title":"As anuncia\u00e7\u00f5es atrav\u00e9s dos tempos - A Not\u00edcia Online","og:description":"As Vozes dos C\u00e9us esclarecem os homens e convida-os \u00e0 pr\u00e1tica do Evangelho \u201c(\u2026) e apareceu-lhe o anjo do Senhor em uma chama de fogo no meio duma sar\u00e7a. (...) Vem agora, pois, e eu te enviarei ao Fara\u00f3, para que tires o meu povo do Egito\u201d. (Di\u00e1logo entre o Anjo do Senhor e Mois\u00e9s","og:url":"https:\/\/anoticiaonline.com.br\/site\/as-anunciacoes-atraves-dos-tempos\/","og:image":"https:\/\/scontent-gig4-1.xx.fbcdn.net\/v\/t39.30808-1\/270437624_4564083193639691_6907940295614233970_n.jpg?stp=dst-jpg_s200x200_tt6&#038;_nc_cat=111&#038;ccb=1-7&#038;_nc_sid=f907e8&#038;_nc_ohc=SM1wRlP3lJwQ7kNvwEPuBYA&#038;_nc_oc=AdnqrjDN_BNjSSHWO-GbkIWH6fkGMLw4bqvL_NH6e2wMveX7G-rP2dAqsDSq1mJMOaY&#038;_nc_zt=24&#038;_nc_ht=scontent-gig4-1.xx&#038;_nc_gid=AoBFJeGrT1hVaew_6rchkQ&#038;oh=00_AfX7QmFGhQhG2jAllVgXCiM1ZrWgvtp80-Bfppyexh1QEg&#038;oe=689E923C","og:image:secure_url":"https:\/\/scontent-gig4-1.xx.fbcdn.net\/v\/t39.30808-1\/270437624_4564083193639691_6907940295614233970_n.jpg?stp=dst-jpg_s200x200_tt6&#038;_nc_cat=111&#038;ccb=1-7&#038;_nc_sid=f907e8&#038;_nc_ohc=SM1wRlP3lJwQ7kNvwEPuBYA&#038;_nc_oc=AdnqrjDN_BNjSSHWO-GbkIWH6fkGMLw4bqvL_NH6e2wMveX7G-rP2dAqsDSq1mJMOaY&#038;_nc_zt=24&#038;_nc_ht=scontent-gig4-1.xx&#038;_nc_gid=AoBFJeGrT1hVaew_6rchkQ&#038;oh=00_AfX7QmFGhQhG2jAllVgXCiM1ZrWgvtp80-Bfppyexh1QEg&#038;oe=689E923C","article:published_time":"2015-11-23T11:33:32+00:00","article:modified_time":"2015-11-23T11:33:32+00:00","twitter:card":"summary_large_image","twitter:title":"As anuncia\u00e7\u00f5es atrav\u00e9s dos tempos - A Not\u00edcia Online","twitter:description":"As Vozes dos C\u00e9us esclarecem os homens e convida-os \u00e0 pr\u00e1tica do Evangelho \u201c(\u2026) e apareceu-lhe o anjo do Senhor em uma chama de fogo no meio duma sar\u00e7a. (...) Vem agora, pois, e eu te enviarei ao Fara\u00f3, para que tires o meu povo do Egito\u201d. (Di\u00e1logo entre o Anjo do Senhor e Mois\u00e9s","twitter:image":"https:\/\/scontent-gig4-1.xx.fbcdn.net\/v\/t39.30808-1\/270437624_4564083193639691_6907940295614233970_n.jpg?stp=dst-jpg_s200x200_tt6&_nc_cat=111&ccb=1-7&_nc_sid=f907e8&_nc_ohc=SM1wRlP3lJwQ7kNvwEPuBYA&_nc_oc=AdnqrjDN_BNjSSHWO-GbkIWH6fkGMLw4bqvL_NH6e2wMveX7G-rP2dAqsDSq1mJMOaY&_nc_zt=24&_nc_ht=scontent-gig4-1.xx&_nc_gid=AoBFJeGrT1hVaew_6rchkQ&oh=00_AfX7QmFGhQhG2jAllVgXCiM1ZrWgvtp80-Bfppyexh1QEg&oe=689E923C"},"aioseo_meta_data":{"post_id":"6658","title":null,"description":null,"keywords":null,"keyphrases":null,"primary_term":null,"canonical_url":null,"og_title":null,"og_description":null,"og_object_type":"default","og_image_type":"default","og_image_url":null,"og_image_width":null,"og_image_height":null,"og_image_custom_url":null,"og_image_custom_fields":null,"og_video":null,"og_custom_url":null,"og_article_section":null,"og_article_tags":null,"twitter_use_og":false,"twitter_card":"default","twitter_image_type":"default","twitter_image_url":null,"twitter_image_custom_url":null,"twitter_image_custom_fields":null,"twitter_title":null,"twitter_description":null,"schema":{"blockGraphs":[],"customGraphs":[],"default":{"data":{"Article":[],"Course":[],"Dataset":[],"FAQPage":[],"Movie":[],"Person":[],"Product":[],"ProductReview":[],"Car":[],"Recipe":[],"Service":[],"SoftwareApplication":[],"WebPage":[]},"graphName":"","isEnabled":true},"graphs":[]},"schema_type":"default","schema_type_options":null,"pillar_content":false,"robots_default":true,"robots_noindex":false,"robots_noarchive":false,"robots_nosnippet":false,"robots_nofollow":false,"robots_noimageindex":false,"robots_noodp":false,"robots_notranslate":false,"robots_max_snippet":null,"robots_max_videopreview":null,"robots_max_imagepreview":"large","priority":null,"frequency":null,"local_seo":null,"breadcrumb_settings":null,"limit_modified_date":false,"ai":null,"created":"2025-08-16 14:08:34","updated":"2025-08-16 14:08:34","focus_keyword":null,"additional_keywords":null,"truseo_locale":null,"seo_analyzer_scan_date":null},"aioseo_breadcrumb":"<div class=\"aioseo-breadcrumbs\"><span class=\"aioseo-breadcrumb\">\n\t\t\t<a href=\"https:\/\/anoticiaonline.com.br\/site\" title=\"Home\">Home<\/a>\n\t\t<\/span><span class=\"aioseo-breadcrumb-separator\">&raquo;<\/span><span class=\"aioseo-breadcrumb\">\n\t\t\t<a href=\"https:\/\/anoticiaonline.com.br\/site\/categoria\/colunistas\/\" title=\"Colunistas\">Colunistas<\/a>\n\t\t<\/span><span class=\"aioseo-breadcrumb-separator\">&raquo;<\/span><span class=\"aioseo-breadcrumb\">\n\t\t\t<a href=\"https:\/\/anoticiaonline.com.br\/site\/categoria\/colunistas\/espiritismo-em-foco-de-rogerio-coelho\/\" title=\"Espiritismo em Foco, por Rog\u00e9rio Coelho\">Espiritismo em Foco, por Rog\u00e9rio Coelho<\/a>\n\t\t<\/span><span class=\"aioseo-breadcrumb-separator\">&raquo;<\/span><span class=\"aioseo-breadcrumb\">\n\t\t\tAs anuncia\u00e7\u00f5es atrav\u00e9s dos tempos\n\t\t<\/span><\/div>","aioseo_breadcrumb_json":[{"label":"Home","link":"https:\/\/anoticiaonline.com.br\/site"},{"label":"Colunistas","link":"https:\/\/anoticiaonline.com.br\/site\/categoria\/colunistas\/"},{"label":"Espiritismo em Foco, por Rog\u00e9rio Coelho","link":"https:\/\/anoticiaonline.com.br\/site\/categoria\/colunistas\/espiritismo-em-foco-de-rogerio-coelho\/"},{"label":"As anuncia\u00e7\u00f5es atrav\u00e9s dos tempos","link":"https:\/\/anoticiaonline.com.br\/site\/as-anunciacoes-atraves-dos-tempos\/"}],"views":141,"_links":{"self":[{"href":"https:\/\/anoticiaonline.com.br\/site\/wp-json\/wp\/v2\/posts\/6658","targetHints":{"allow":["GET"]}}],"collection":[{"href":"https:\/\/anoticiaonline.com.br\/site\/wp-json\/wp\/v2\/posts"}],"about":[{"href":"https:\/\/anoticiaonline.com.br\/site\/wp-json\/wp\/v2\/types\/post"}],"author":[{"embeddable":true,"href":"https:\/\/anoticiaonline.com.br\/site\/wp-json\/wp\/v2\/users\/2"}],"replies":[{"embeddable":true,"href":"https:\/\/anoticiaonline.com.br\/site\/wp-json\/wp\/v2\/comments?post=6658"}],"version-history":[{"count":0,"href":"https:\/\/anoticiaonline.com.br\/site\/wp-json\/wp\/v2\/posts\/6658\/revisions"}],"wp:attachment":[{"href":"https:\/\/anoticiaonline.com.br\/site\/wp-json\/wp\/v2\/media?parent=6658"}],"wp:term":[{"taxonomy":"category","embeddable":true,"href":"https:\/\/anoticiaonline.com.br\/site\/wp-json\/wp\/v2\/categories?post=6658"},{"taxonomy":"post_tag","embeddable":true,"href":"https:\/\/anoticiaonline.com.br\/site\/wp-json\/wp\/v2\/tags?post=6658"}],"curies":[{"name":"wp","href":"https:\/\/api.w.org\/{rel}","templated":true}]}}