{"id":66546,"date":"2018-12-28T15:33:32","date_gmt":"2018-12-28T18:33:32","guid":{"rendered":"http:\/\/anoticiaonline.com.br\/site\/?p=66546"},"modified":"2018-12-28T15:37:35","modified_gmt":"2018-12-28T18:37:35","slug":"festa-de-confraternizacao-marca-encerramento-de-2018-na-escola-sao-paulo","status":"publish","type":"post","link":"https:\/\/anoticiaonline.com.br\/site\/festa-de-confraternizacao-marca-encerramento-de-2018-na-escola-sao-paulo\/","title":{"rendered":"Festa de confraterniza\u00e7\u00e3o marca encerramento de 2018 na Escola S\u00e3o Paulo"},"content":{"rendered":"<p><a href=\"https:\/\/anoticiaonline.com.br\/site\/wp-content\/uploads\/2018\/12\/IMG_6684.jpg\"><img fetchpriority=\"high\" decoding=\"async\" class=\"aligncenter size-full wp-image-66548\" src=\"https:\/\/anoticiaonline.com.br\/site\/wp-content\/uploads\/2018\/12\/IMG_6684.jpg\" alt=\"\" width=\"1000\" height=\"750\" srcset=\"https:\/\/anoticiaonline.com.br\/site\/wp-content\/uploads\/2018\/12\/IMG_6684.jpg 1000w, https:\/\/anoticiaonline.com.br\/site\/wp-content\/uploads\/2018\/12\/IMG_6684-300x225.jpg 300w, https:\/\/anoticiaonline.com.br\/site\/wp-content\/uploads\/2018\/12\/IMG_6684-768x576.jpg 768w, https:\/\/anoticiaonline.com.br\/site\/wp-content\/uploads\/2018\/12\/IMG_6684-105x80.jpg 105w\" sizes=\"(max-width: 1000px) 100vw, 1000px\" \/><\/a> <a href=\"https:\/\/anoticiaonline.com.br\/site\/wp-content\/uploads\/2018\/12\/IMG_6809.jpg\"><img decoding=\"async\" class=\"aligncenter size-full wp-image-66549\" src=\"https:\/\/anoticiaonline.com.br\/site\/wp-content\/uploads\/2018\/12\/IMG_6809.jpg\" alt=\"\" width=\"1000\" height=\"750\" srcset=\"https:\/\/anoticiaonline.com.br\/site\/wp-content\/uploads\/2018\/12\/IMG_6809.jpg 1000w, https:\/\/anoticiaonline.com.br\/site\/wp-content\/uploads\/2018\/12\/IMG_6809-300x225.jpg 300w, https:\/\/anoticiaonline.com.br\/site\/wp-content\/uploads\/2018\/12\/IMG_6809-768x576.jpg 768w, https:\/\/anoticiaonline.com.br\/site\/wp-content\/uploads\/2018\/12\/IMG_6809-105x80.jpg 105w\" sizes=\"(max-width: 1000px) 100vw, 1000px\" \/><\/a> <a href=\"https:\/\/anoticiaonline.com.br\/site\/wp-content\/uploads\/2018\/12\/IMG_6814.jpg\"><img decoding=\"async\" class=\"aligncenter size-full wp-image-66550\" src=\"https:\/\/anoticiaonline.com.br\/site\/wp-content\/uploads\/2018\/12\/IMG_6814.jpg\" alt=\"\" width=\"1000\" height=\"750\" srcset=\"https:\/\/anoticiaonline.com.br\/site\/wp-content\/uploads\/2018\/12\/IMG_6814.jpg 1000w, https:\/\/anoticiaonline.com.br\/site\/wp-content\/uploads\/2018\/12\/IMG_6814-300x225.jpg 300w, https:\/\/anoticiaonline.com.br\/site\/wp-content\/uploads\/2018\/12\/IMG_6814-768x576.jpg 768w, https:\/\/anoticiaonline.com.br\/site\/wp-content\/uploads\/2018\/12\/IMG_6814-105x80.jpg 105w\" sizes=\"(max-width: 1000px) 100vw, 1000px\" \/><\/a><\/p>\n<p>Em comemora\u00e7\u00e3o ao encerramento de mais um ano de sucesso e grandes realiza\u00e7\u00f5es, a Escola S\u00e3o Paulo promoveu uma grande confraterniza\u00e7\u00e3o entre sua equipe, na noite de s\u00e1bado (15). Realizado nas depend\u00eancias da escola, o evento contou com a presen\u00e7a de diretores, professores, auxiliares e convidados.<\/p>\n<p>A uni\u00e3o entre todos os colaboradores \u00e9 um fator primordial para o sucesso da Escola S\u00e3o Paulo, vanguardista no cen\u00e1rio educacional e sempre apontada com destaque por pais, alunos e sociedade. Para deixar tudo ainda melhor, foi preparado um delicioso jantar, com o \u201cporco no rolete\u201d, preparado por Jorge Maisena, Varrido e Cristina, como prato principal.<\/p>\n<p><!--more--><\/p>\n<p>Um dos momentos mais animados da noite foi a revela\u00e7\u00e3o do \u201cAmigo Secreto\u201d e a troca de presentes entre os colaboradores. De acordo com o diretor da Escola, Professor Jos\u00e9 Nicodemos Couto, a equipe \u00e9 parte fundamental para o sucesso da institui\u00e7\u00e3o. \u201cA Escola S\u00e3o Paulo tem uma hist\u00f3ria riqu\u00edssima, com muitas conquistas e supera\u00e7\u00f5es. Nossa equipe \u00e9 parte fundamental nisso, pois contamos com pessoas comprometidas em fazer da institui\u00e7\u00e3o um lugar cada vez mais pautado na excel\u00eancia em Educa\u00e7\u00e3o\u201d, avaliou.<\/p>\n<p><strong>Diretor faz agradecimento por seus 15 anos de ESP<\/strong> \u2013 2018 marca tamb\u00e9m os 15 anos de Nicodemos \u00e0 frente da centen\u00e1ria Escola. O diretor relembrou v\u00e1rios momentos importantes e emocionantes, como a visita do ent\u00e3o vice-presidente da Rep\u00fablica, Jos\u00e9 Alencar, \u00e0 escola, em 2003. \u201cDurante toda essa caminhada, tive ao meu lado pessoas fundamentais para que consegu\u00edssemos realizar nossos objetivos. Sem essas pessoas, certamente n\u00e3o ter\u00edamos alcan\u00e7ado tantas vit\u00f3rias\u201d, avaliou.<\/p>\n<p>Em homenagem a essas pessoas, que participaram ininterruptamente dos 15 anos da trajet\u00f3ria de Nicodemos na ESP, o diretor realizou um sorteio exclusivo de uma Smart TV de 48\u201d. Houve tamb\u00e9m um show de pr\u00eamios sorteados para os colaboradores. Foram entregues uma Smart TV, al\u00e9m de muitos outros itens, como churrasqueira, sanduicheira, panela de press\u00e3o, aspirador de p\u00f3, entre outros. \u201cEsperamos que o ano de 2019 seja repleto de vit\u00f3rias para a Escola S\u00e3o Paulo e tamb\u00e9m para todos os que fazem parte desse time, desde a equipe, alunos, pais e diretoria\u201d, encerrou o diretor.<\/p>\n<div id='gallery-1' class='gallery galleryid-66546 gallery-columns-1 gallery-size-large'><figure class='gallery-item'>\n\t\t\t<div class='gallery-icon portrait'>\n\t\t\t\t<a href='https:\/\/anoticiaonline.com.br\/site\/festa-de-confraternizacao-marca-encerramento-de-2018-na-escola-sao-paulo\/img_6644\/#main'><img loading=\"lazy\" decoding=\"async\" width=\"600\" height=\"800\" src=\"https:\/\/anoticiaonline.com.br\/site\/wp-content\/uploads\/2018\/12\/IMG_6644.jpg\" class=\"attachment-large size-large\" alt=\"\" srcset=\"https:\/\/anoticiaonline.com.br\/site\/wp-content\/uploads\/2018\/12\/IMG_6644.jpg 600w, https:\/\/anoticiaonline.com.br\/site\/wp-content\/uploads\/2018\/12\/IMG_6644-225x300.jpg 225w\" sizes=\"(max-width: 600px) 100vw, 600px\" \/><\/a>\n\t\t\t<\/div><\/figure><figure class='gallery-item'>\n\t\t\t<div class='gallery-icon landscape'>\n\t\t\t\t<a href='https:\/\/anoticiaonline.com.br\/site\/festa-de-confraternizacao-marca-encerramento-de-2018-na-escola-sao-paulo\/img_6669\/#main'><img loading=\"lazy\" decoding=\"async\" width=\"900\" height=\"675\" src=\"https:\/\/anoticiaonline.com.br\/site\/wp-content\/uploads\/2018\/12\/IMG_6669.jpg\" class=\"attachment-large size-large\" alt=\"\" srcset=\"https:\/\/anoticiaonline.com.br\/site\/wp-content\/uploads\/2018\/12\/IMG_6669.jpg 1000w, https:\/\/anoticiaonline.com.br\/site\/wp-content\/uploads\/2018\/12\/IMG_6669-300x225.jpg 300w, https:\/\/anoticiaonline.com.br\/site\/wp-content\/uploads\/2018\/12\/IMG_6669-768x576.jpg 768w, https:\/\/anoticiaonline.com.br\/site\/wp-content\/uploads\/2018\/12\/IMG_6669-105x80.jpg 105w\" sizes=\"(max-width: 900px) 100vw, 900px\" \/><\/a>\n\t\t\t<\/div><\/figure><figure class='gallery-item'>\n\t\t\t<div class='gallery-icon landscape'>\n\t\t\t\t<a href='https:\/\/anoticiaonline.com.br\/site\/festa-de-confraternizacao-marca-encerramento-de-2018-na-escola-sao-paulo\/img_6680\/#main'><img loading=\"lazy\" decoding=\"async\" width=\"900\" height=\"675\" src=\"https:\/\/anoticiaonline.com.br\/site\/wp-content\/uploads\/2018\/12\/IMG_6680.jpg\" class=\"attachment-large size-large\" alt=\"\" srcset=\"https:\/\/anoticiaonline.com.br\/site\/wp-content\/uploads\/2018\/12\/IMG_6680.jpg 1000w, https:\/\/anoticiaonline.com.br\/site\/wp-content\/uploads\/2018\/12\/IMG_6680-300x225.jpg 300w, https:\/\/anoticiaonline.com.br\/site\/wp-content\/uploads\/2018\/12\/IMG_6680-768x576.jpg 768w, https:\/\/anoticiaonline.com.br\/site\/wp-content\/uploads\/2018\/12\/IMG_6680-105x80.jpg 105w\" sizes=\"(max-width: 900px) 100vw, 900px\" \/><\/a>\n\t\t\t<\/div><\/figure><figure class='gallery-item'>\n\t\t\t<div class='gallery-icon portrait'>\n\t\t\t\t<a href='https:\/\/anoticiaonline.com.br\/site\/festa-de-confraternizacao-marca-encerramento-de-2018-na-escola-sao-paulo\/img_6697\/#main'><img loading=\"lazy\" decoding=\"async\" width=\"600\" height=\"800\" src=\"https:\/\/anoticiaonline.com.br\/site\/wp-content\/uploads\/2018\/12\/IMG_6697.jpg\" class=\"attachment-large size-large\" alt=\"\" srcset=\"https:\/\/anoticiaonline.com.br\/site\/wp-content\/uploads\/2018\/12\/IMG_6697.jpg 600w, https:\/\/anoticiaonline.com.br\/site\/wp-content\/uploads\/2018\/12\/IMG_6697-225x300.jpg 225w\" sizes=\"(max-width: 600px) 100vw, 600px\" \/><\/a>\n\t\t\t<\/div><\/figure><figure class='gallery-item'>\n\t\t\t<div class='gallery-icon landscape'>\n\t\t\t\t<a href='https:\/\/anoticiaonline.com.br\/site\/festa-de-confraternizacao-marca-encerramento-de-2018-na-escola-sao-paulo\/img_6731\/#main'><img loading=\"lazy\" decoding=\"async\" width=\"900\" height=\"675\" src=\"https:\/\/anoticiaonline.com.br\/site\/wp-content\/uploads\/2018\/12\/IMG_6731.jpg\" class=\"attachment-large size-large\" alt=\"\" srcset=\"https:\/\/anoticiaonline.com.br\/site\/wp-content\/uploads\/2018\/12\/IMG_6731.jpg 1000w, https:\/\/anoticiaonline.com.br\/site\/wp-content\/uploads\/2018\/12\/IMG_6731-300x225.jpg 300w, https:\/\/anoticiaonline.com.br\/site\/wp-content\/uploads\/2018\/12\/IMG_6731-768x576.jpg 768w, https:\/\/anoticiaonline.com.br\/site\/wp-content\/uploads\/2018\/12\/IMG_6731-105x80.jpg 105w\" sizes=\"(max-width: 900px) 100vw, 900px\" \/><\/a>\n\t\t\t<\/div><\/figure><figure class='gallery-item'>\n\t\t\t<div class='gallery-icon landscape'>\n\t\t\t\t<a href='https:\/\/anoticiaonline.com.br\/site\/festa-de-confraternizacao-marca-encerramento-de-2018-na-escola-sao-paulo\/img_6737\/#main'><img loading=\"lazy\" decoding=\"async\" width=\"900\" height=\"675\" src=\"https:\/\/anoticiaonline.com.br\/site\/wp-content\/uploads\/2018\/12\/IMG_6737.jpg\" class=\"attachment-large size-large\" alt=\"\" srcset=\"https:\/\/anoticiaonline.com.br\/site\/wp-content\/uploads\/2018\/12\/IMG_6737.jpg 1000w, https:\/\/anoticiaonline.com.br\/site\/wp-content\/uploads\/2018\/12\/IMG_6737-300x225.jpg 300w, https:\/\/anoticiaonline.com.br\/site\/wp-content\/uploads\/2018\/12\/IMG_6737-768x576.jpg 768w, https:\/\/anoticiaonline.com.br\/site\/wp-content\/uploads\/2018\/12\/IMG_6737-105x80.jpg 105w\" sizes=\"(max-width: 900px) 100vw, 900px\" \/><\/a>\n\t\t\t<\/div><\/figure><figure class='gallery-item'>\n\t\t\t<div class='gallery-icon portrait'>\n\t\t\t\t<a href='https:\/\/anoticiaonline.com.br\/site\/festa-de-confraternizacao-marca-encerramento-de-2018-na-escola-sao-paulo\/img_6739\/#main'><img loading=\"lazy\" decoding=\"async\" width=\"600\" height=\"800\" src=\"https:\/\/anoticiaonline.com.br\/site\/wp-content\/uploads\/2018\/12\/IMG_6739.jpg\" class=\"attachment-large size-large\" alt=\"\" srcset=\"https:\/\/anoticiaonline.com.br\/site\/wp-content\/uploads\/2018\/12\/IMG_6739.jpg 600w, https:\/\/anoticiaonline.com.br\/site\/wp-content\/uploads\/2018\/12\/IMG_6739-225x300.jpg 225w\" sizes=\"(max-width: 600px) 100vw, 600px\" \/><\/a>\n\t\t\t<\/div><\/figure><figure class='gallery-item'>\n\t\t\t<div class='gallery-icon portrait'>\n\t\t\t\t<a href='https:\/\/anoticiaonline.com.br\/site\/festa-de-confraternizacao-marca-encerramento-de-2018-na-escola-sao-paulo\/img_6743\/#main'><img loading=\"lazy\" decoding=\"async\" width=\"600\" height=\"800\" src=\"https:\/\/anoticiaonline.com.br\/site\/wp-content\/uploads\/2018\/12\/IMG_6743.jpg\" class=\"attachment-large size-large\" alt=\"\" srcset=\"https:\/\/anoticiaonline.com.br\/site\/wp-content\/uploads\/2018\/12\/IMG_6743.jpg 600w, https:\/\/anoticiaonline.com.br\/site\/wp-content\/uploads\/2018\/12\/IMG_6743-225x300.jpg 225w\" sizes=\"(max-width: 600px) 100vw, 600px\" \/><\/a>\n\t\t\t<\/div><\/figure><figure class='gallery-item'>\n\t\t\t<div class='gallery-icon portrait'>\n\t\t\t\t<a href='https:\/\/anoticiaonline.com.br\/site\/festa-de-confraternizacao-marca-encerramento-de-2018-na-escola-sao-paulo\/img_6745\/#main'><img loading=\"lazy\" decoding=\"async\" width=\"600\" height=\"800\" src=\"https:\/\/anoticiaonline.com.br\/site\/wp-content\/uploads\/2018\/12\/IMG_6745.jpg\" class=\"attachment-large size-large\" alt=\"\" srcset=\"https:\/\/anoticiaonline.com.br\/site\/wp-content\/uploads\/2018\/12\/IMG_6745.jpg 600w, https:\/\/anoticiaonline.com.br\/site\/wp-content\/uploads\/2018\/12\/IMG_6745-225x300.jpg 225w\" sizes=\"(max-width: 600px) 100vw, 600px\" \/><\/a>\n\t\t\t<\/div><\/figure><figure class='gallery-item'>\n\t\t\t<div class='gallery-icon portrait'>\n\t\t\t\t<a href='https:\/\/anoticiaonline.com.br\/site\/festa-de-confraternizacao-marca-encerramento-de-2018-na-escola-sao-paulo\/img_6749\/#main'><img loading=\"lazy\" decoding=\"async\" width=\"600\" height=\"800\" src=\"https:\/\/anoticiaonline.com.br\/site\/wp-content\/uploads\/2018\/12\/IMG_6749.jpg\" class=\"attachment-large size-large\" alt=\"\" srcset=\"https:\/\/anoticiaonline.com.br\/site\/wp-content\/uploads\/2018\/12\/IMG_6749.jpg 600w, https:\/\/anoticiaonline.com.br\/site\/wp-content\/uploads\/2018\/12\/IMG_6749-225x300.jpg 225w\" sizes=\"(max-width: 600px) 100vw, 600px\" \/><\/a>\n\t\t\t<\/div><\/figure><figure class='gallery-item'>\n\t\t\t<div class='gallery-icon portrait'>\n\t\t\t\t<a href='https:\/\/anoticiaonline.com.br\/site\/festa-de-confraternizacao-marca-encerramento-de-2018-na-escola-sao-paulo\/img_6751\/#main'><img loading=\"lazy\" decoding=\"async\" width=\"600\" height=\"800\" src=\"https:\/\/anoticiaonline.com.br\/site\/wp-content\/uploads\/2018\/12\/IMG_6751.jpg\" class=\"attachment-large size-large\" alt=\"\" srcset=\"https:\/\/anoticiaonline.com.br\/site\/wp-content\/uploads\/2018\/12\/IMG_6751.jpg 600w, https:\/\/anoticiaonline.com.br\/site\/wp-content\/uploads\/2018\/12\/IMG_6751-225x300.jpg 225w\" sizes=\"(max-width: 600px) 100vw, 600px\" \/><\/a>\n\t\t\t<\/div><\/figure><figure class='gallery-item'>\n\t\t\t<div class='gallery-icon portrait'>\n\t\t\t\t<a href='https:\/\/anoticiaonline.com.br\/site\/festa-de-confraternizacao-marca-encerramento-de-2018-na-escola-sao-paulo\/img_6761\/#main'><img loading=\"lazy\" decoding=\"async\" width=\"600\" height=\"800\" src=\"https:\/\/anoticiaonline.com.br\/site\/wp-content\/uploads\/2018\/12\/IMG_6761.jpg\" class=\"attachment-large size-large\" alt=\"\" srcset=\"https:\/\/anoticiaonline.com.br\/site\/wp-content\/uploads\/2018\/12\/IMG_6761.jpg 600w, https:\/\/anoticiaonline.com.br\/site\/wp-content\/uploads\/2018\/12\/IMG_6761-225x300.jpg 225w\" sizes=\"(max-width: 600px) 100vw, 600px\" \/><\/a>\n\t\t\t<\/div><\/figure><figure class='gallery-item'>\n\t\t\t<div class='gallery-icon portrait'>\n\t\t\t\t<a href='https:\/\/anoticiaonline.com.br\/site\/festa-de-confraternizacao-marca-encerramento-de-2018-na-escola-sao-paulo\/img_6764\/#main'><img loading=\"lazy\" decoding=\"async\" width=\"600\" height=\"800\" src=\"https:\/\/anoticiaonline.com.br\/site\/wp-content\/uploads\/2018\/12\/IMG_6764.jpg\" class=\"attachment-large size-large\" alt=\"\" srcset=\"https:\/\/anoticiaonline.com.br\/site\/wp-content\/uploads\/2018\/12\/IMG_6764.jpg 600w, https:\/\/anoticiaonline.com.br\/site\/wp-content\/uploads\/2018\/12\/IMG_6764-225x300.jpg 225w\" sizes=\"(max-width: 600px) 100vw, 600px\" \/><\/a>\n\t\t\t<\/div><\/figure><figure class='gallery-item'>\n\t\t\t<div class='gallery-icon portrait'>\n\t\t\t\t<a href='https:\/\/anoticiaonline.com.br\/site\/festa-de-confraternizacao-marca-encerramento-de-2018-na-escola-sao-paulo\/img_6767\/#main'><img loading=\"lazy\" decoding=\"async\" width=\"600\" height=\"800\" src=\"https:\/\/anoticiaonline.com.br\/site\/wp-content\/uploads\/2018\/12\/IMG_6767.jpg\" class=\"attachment-large size-large\" alt=\"\" srcset=\"https:\/\/anoticiaonline.com.br\/site\/wp-content\/uploads\/2018\/12\/IMG_6767.jpg 600w, https:\/\/anoticiaonline.com.br\/site\/wp-content\/uploads\/2018\/12\/IMG_6767-225x300.jpg 225w\" sizes=\"(max-width: 600px) 100vw, 600px\" \/><\/a>\n\t\t\t<\/div><\/figure><figure class='gallery-item'>\n\t\t\t<div class='gallery-icon portrait'>\n\t\t\t\t<a href='https:\/\/anoticiaonline.com.br\/site\/festa-de-confraternizacao-marca-encerramento-de-2018-na-escola-sao-paulo\/img_6770\/#main'><img loading=\"lazy\" decoding=\"async\" width=\"600\" height=\"800\" src=\"https:\/\/anoticiaonline.com.br\/site\/wp-content\/uploads\/2018\/12\/IMG_6770.jpg\" class=\"attachment-large size-large\" alt=\"\" srcset=\"https:\/\/anoticiaonline.com.br\/site\/wp-content\/uploads\/2018\/12\/IMG_6770.jpg 600w, https:\/\/anoticiaonline.com.br\/site\/wp-content\/uploads\/2018\/12\/IMG_6770-225x300.jpg 225w\" sizes=\"(max-width: 600px) 100vw, 600px\" \/><\/a>\n\t\t\t<\/div><\/figure><figure class='gallery-item'>\n\t\t\t<div class='gallery-icon portrait'>\n\t\t\t\t<a href='https:\/\/anoticiaonline.com.br\/site\/festa-de-confraternizacao-marca-encerramento-de-2018-na-escola-sao-paulo\/img_6779\/#main'><img loading=\"lazy\" decoding=\"async\" width=\"600\" height=\"800\" src=\"https:\/\/anoticiaonline.com.br\/site\/wp-content\/uploads\/2018\/12\/IMG_6779.jpg\" class=\"attachment-large size-large\" alt=\"\" srcset=\"https:\/\/anoticiaonline.com.br\/site\/wp-content\/uploads\/2018\/12\/IMG_6779.jpg 600w, https:\/\/anoticiaonline.com.br\/site\/wp-content\/uploads\/2018\/12\/IMG_6779-225x300.jpg 225w\" sizes=\"(max-width: 600px) 100vw, 600px\" \/><\/a>\n\t\t\t<\/div><\/figure><figure class='gallery-item'>\n\t\t\t<div class='gallery-icon landscape'>\n\t\t\t\t<a href='https:\/\/anoticiaonline.com.br\/site\/festa-de-confraternizacao-marca-encerramento-de-2018-na-escola-sao-paulo\/img_6782\/#main'><img loading=\"lazy\" decoding=\"async\" width=\"900\" height=\"675\" src=\"https:\/\/anoticiaonline.com.br\/site\/wp-content\/uploads\/2018\/12\/IMG_6782.jpg\" class=\"attachment-large size-large\" alt=\"\" srcset=\"https:\/\/anoticiaonline.com.br\/site\/wp-content\/uploads\/2018\/12\/IMG_6782.jpg 1000w, https:\/\/anoticiaonline.com.br\/site\/wp-content\/uploads\/2018\/12\/IMG_6782-300x225.jpg 300w, https:\/\/anoticiaonline.com.br\/site\/wp-content\/uploads\/2018\/12\/IMG_6782-768x576.jpg 768w, https:\/\/anoticiaonline.com.br\/site\/wp-content\/uploads\/2018\/12\/IMG_6782-105x80.jpg 105w\" sizes=\"(max-width: 900px) 100vw, 900px\" \/><\/a>\n\t\t\t<\/div><\/figure><figure class='gallery-item'>\n\t\t\t<div class='gallery-icon landscape'>\n\t\t\t\t<a href='https:\/\/anoticiaonline.com.br\/site\/festa-de-confraternizacao-marca-encerramento-de-2018-na-escola-sao-paulo\/img_6806\/#main'><img loading=\"lazy\" decoding=\"async\" width=\"900\" height=\"455\" src=\"https:\/\/anoticiaonline.com.br\/site\/wp-content\/uploads\/2018\/12\/IMG_6806.jpg\" class=\"attachment-large size-large\" alt=\"\" srcset=\"https:\/\/anoticiaonline.com.br\/site\/wp-content\/uploads\/2018\/12\/IMG_6806.jpg 1000w, https:\/\/anoticiaonline.com.br\/site\/wp-content\/uploads\/2018\/12\/IMG_6806-300x152.jpg 300w, https:\/\/anoticiaonline.com.br\/site\/wp-content\/uploads\/2018\/12\/IMG_6806-768x389.jpg 768w\" sizes=\"(max-width: 900px) 100vw, 900px\" \/><\/a>\n\t\t\t<\/div><\/figure><figure class='gallery-item'>\n\t\t\t<div class='gallery-icon landscape'>\n\t\t\t\t<a href='https:\/\/anoticiaonline.com.br\/site\/festa-de-confraternizacao-marca-encerramento-de-2018-na-escola-sao-paulo\/img_6823\/#main'><img loading=\"lazy\" decoding=\"async\" width=\"900\" height=\"675\" src=\"https:\/\/anoticiaonline.com.br\/site\/wp-content\/uploads\/2018\/12\/IMG_6823.jpg\" class=\"attachment-large size-large\" alt=\"\" srcset=\"https:\/\/anoticiaonline.com.br\/site\/wp-content\/uploads\/2018\/12\/IMG_6823.jpg 1000w, https:\/\/anoticiaonline.com.br\/site\/wp-content\/uploads\/2018\/12\/IMG_6823-300x225.jpg 300w, https:\/\/anoticiaonline.com.br\/site\/wp-content\/uploads\/2018\/12\/IMG_6823-768x576.jpg 768w, https:\/\/anoticiaonline.com.br\/site\/wp-content\/uploads\/2018\/12\/IMG_6823-105x80.jpg 105w\" sizes=\"(max-width: 900px) 100vw, 900px\" \/><\/a>\n\t\t\t<\/div><\/figure><figure class='gallery-item'>\n\t\t\t<div class='gallery-icon landscape'>\n\t\t\t\t<a href='https:\/\/anoticiaonline.com.br\/site\/festa-de-confraternizacao-marca-encerramento-de-2018-na-escola-sao-paulo\/img_6825\/#main'><img loading=\"lazy\" decoding=\"async\" width=\"900\" height=\"675\" src=\"https:\/\/anoticiaonline.com.br\/site\/wp-content\/uploads\/2018\/12\/IMG_6825.jpg\" class=\"attachment-large size-large\" alt=\"\" srcset=\"https:\/\/anoticiaonline.com.br\/site\/wp-content\/uploads\/2018\/12\/IMG_6825.jpg 1000w, https:\/\/anoticiaonline.com.br\/site\/wp-content\/uploads\/2018\/12\/IMG_6825-300x225.jpg 300w, https:\/\/anoticiaonline.com.br\/site\/wp-content\/uploads\/2018\/12\/IMG_6825-768x576.jpg 768w, https:\/\/anoticiaonline.com.br\/site\/wp-content\/uploads\/2018\/12\/IMG_6825-105x80.jpg 105w\" sizes=\"(max-width: 900px) 100vw, 900px\" \/><\/a>\n\t\t\t<\/div><\/figure>\n\t\t<\/div>\n\n<p>&nbsp;<\/p>\n<p>&nbsp;<\/p>\n<p>&nbsp;<\/p>\n<p>&nbsp;<\/p>\n","protected":false},"excerpt":{"rendered":"<p>Em comemora\u00e7\u00e3o ao encerramento de mais um ano de sucesso e grandes realiza\u00e7\u00f5es, a Escola S\u00e3o Paulo promoveu uma grande confraterniza\u00e7\u00e3o entre sua equipe, na noite de s\u00e1bado (15). Realizado nas depend\u00eancias da escola, o evento contou com a presen\u00e7a de diretores, professores, auxiliares e convidados. A uni\u00e3o entre todos os colaboradores \u00e9 um fator &#8230; <a title=\"Festa de confraterniza\u00e7\u00e3o marca encerramento de 2018 na Escola S\u00e3o Paulo\" class=\"read-more\" href=\"https:\/\/anoticiaonline.com.br\/site\/festa-de-confraternizacao-marca-encerramento-de-2018-na-escola-sao-paulo\/\" aria-label=\"Read more about Festa de confraterniza\u00e7\u00e3o marca encerramento de 2018 na Escola S\u00e3o Paulo\">Ler mais<\/a><\/p>\n","protected":false},"author":2,"featured_media":66572,"comment_status":"open","ping_status":"open","sticky":false,"template":"","format":"standard","meta":{"_acf_changed":false,"_monsterinsights_skip_tracking":false,"footnotes":""},"categories":[30],"tags":[1821,249,547],"class_list":["post-66546","post","type-post","status-publish","format-standard","has-post-thumbnail","hentry","category-muriae","tag-confraternizacao","tag-escola-sao-paulo","tag-esp"],"acf":[],"aioseo_notices":[],"aioseo_head":"\n\t\t<!-- All in One SEO 5.0.0.1 - aioseo.com -->\n\t<meta name=\"description\" content=\"Em comemora\u00e7\u00e3o ao encerramento de mais um ano de sucesso e grandes realiza\u00e7\u00f5es, a Escola S\u00e3o Paulo promoveu uma grande confraterniza\u00e7\u00e3o entre sua equipe, na noite de s\u00e1bado (15). Realizado nas depend\u00eancias da escola, o evento contou com a presen\u00e7a de diretores, professores, auxiliares e convidados. A uni\u00e3o entre todos os colaboradores \u00e9 um fator\" \/>\n\t<meta name=\"robots\" content=\"max-image-preview:large\" \/>\n\t<meta name=\"author\" content=\"Juliana Laviola\"\/>\n\t<link rel=\"canonical\" href=\"https:\/\/anoticiaonline.com.br\/site\/festa-de-confraternizacao-marca-encerramento-de-2018-na-escola-sao-paulo\/\" \/>\n\t<meta name=\"generator\" content=\"All in One SEO (AIOSEO) 5.0.0.1\" \/>\n\t\t<meta property=\"og:locale\" content=\"pt_BR\" \/>\n\t\t<meta property=\"og:site_name\" content=\"A Not\u00edcia Online - Noticias de Muria\u00e9 e regi\u00e3o\" \/>\n\t\t<meta property=\"og:type\" content=\"article\" \/>\n\t\t<meta property=\"og:title\" content=\"Festa de confraterniza\u00e7\u00e3o marca encerramento de 2018 na Escola S\u00e3o Paulo - A Not\u00edcia Online\" \/>\n\t\t<meta property=\"og:description\" content=\"Em comemora\u00e7\u00e3o ao encerramento de mais um ano de sucesso e grandes realiza\u00e7\u00f5es, a Escola S\u00e3o Paulo promoveu uma grande confraterniza\u00e7\u00e3o entre sua equipe, na noite de s\u00e1bado (15). Realizado nas depend\u00eancias da escola, o evento contou com a presen\u00e7a de diretores, professores, auxiliares e convidados. A uni\u00e3o entre todos os colaboradores \u00e9 um fator\" \/>\n\t\t<meta property=\"og:url\" content=\"https:\/\/anoticiaonline.com.br\/site\/festa-de-confraternizacao-marca-encerramento-de-2018-na-escola-sao-paulo\/\" \/>\n\t\t<meta property=\"og:image\" content=\"https:\/\/scontent-gig4-1.xx.fbcdn.net\/v\/t39.30808-1\/270437624_4564083193639691_6907940295614233970_n.jpg?stp=dst-jpg_s200x200_tt6&#038;_nc_cat=111&#038;ccb=1-7&#038;_nc_sid=f907e8&#038;_nc_ohc=SM1wRlP3lJwQ7kNvwEPuBYA&#038;_nc_oc=AdnqrjDN_BNjSSHWO-GbkIWH6fkGMLw4bqvL_NH6e2wMveX7G-rP2dAqsDSq1mJMOaY&#038;_nc_zt=24&#038;_nc_ht=scontent-gig4-1.xx&#038;_nc_gid=AoBFJeGrT1hVaew_6rchkQ&#038;oh=00_AfX7QmFGhQhG2jAllVgXCiM1ZrWgvtp80-Bfppyexh1QEg&#038;oe=689E923C\" \/>\n\t\t<meta property=\"og:image:secure_url\" content=\"https:\/\/scontent-gig4-1.xx.fbcdn.net\/v\/t39.30808-1\/270437624_4564083193639691_6907940295614233970_n.jpg?stp=dst-jpg_s200x200_tt6&#038;_nc_cat=111&#038;ccb=1-7&#038;_nc_sid=f907e8&#038;_nc_ohc=SM1wRlP3lJwQ7kNvwEPuBYA&#038;_nc_oc=AdnqrjDN_BNjSSHWO-GbkIWH6fkGMLw4bqvL_NH6e2wMveX7G-rP2dAqsDSq1mJMOaY&#038;_nc_zt=24&#038;_nc_ht=scontent-gig4-1.xx&#038;_nc_gid=AoBFJeGrT1hVaew_6rchkQ&#038;oh=00_AfX7QmFGhQhG2jAllVgXCiM1ZrWgvtp80-Bfppyexh1QEg&#038;oe=689E923C\" \/>\n\t\t<meta property=\"article:published_time\" content=\"2018-12-28T18:33:32+00:00\" \/>\n\t\t<meta property=\"article:modified_time\" content=\"2018-12-28T18:37:35+00:00\" \/>\n\t\t<meta name=\"twitter:card\" content=\"summary_large_image\" \/>\n\t\t<meta name=\"twitter:title\" content=\"Festa de confraterniza\u00e7\u00e3o marca encerramento de 2018 na Escola S\u00e3o Paulo - A Not\u00edcia Online\" \/>\n\t\t<meta name=\"twitter:description\" content=\"Em comemora\u00e7\u00e3o ao encerramento de mais um ano de sucesso e grandes realiza\u00e7\u00f5es, a Escola S\u00e3o Paulo promoveu uma grande confraterniza\u00e7\u00e3o entre sua equipe, na noite de s\u00e1bado (15). Realizado nas depend\u00eancias da escola, o evento contou com a presen\u00e7a de diretores, professores, auxiliares e convidados. A uni\u00e3o entre todos os colaboradores \u00e9 um fator\" \/>\n\t\t<meta name=\"twitter:image\" content=\"https:\/\/scontent-gig4-1.xx.fbcdn.net\/v\/t39.30808-1\/270437624_4564083193639691_6907940295614233970_n.jpg?stp=dst-jpg_s200x200_tt6&amp;_nc_cat=111&amp;ccb=1-7&amp;_nc_sid=f907e8&amp;_nc_ohc=SM1wRlP3lJwQ7kNvwEPuBYA&amp;_nc_oc=AdnqrjDN_BNjSSHWO-GbkIWH6fkGMLw4bqvL_NH6e2wMveX7G-rP2dAqsDSq1mJMOaY&amp;_nc_zt=24&amp;_nc_ht=scontent-gig4-1.xx&amp;_nc_gid=AoBFJeGrT1hVaew_6rchkQ&amp;oh=00_AfX7QmFGhQhG2jAllVgXCiM1ZrWgvtp80-Bfppyexh1QEg&amp;oe=689E923C\" \/>\n\t\t<script type=\"application\/ld+json\" class=\"aioseo-schema\">\n\t\t\t{\"@context\":\"https:\\\/\\\/schema.org\",\"@graph\":[{\"@type\":\"BlogPosting\",\"@id\":\"https:\\\/\\\/anoticiaonline.com.br\\\/site\\\/festa-de-confraternizacao-marca-encerramento-de-2018-na-escola-sao-paulo\\\/#blogposting\",\"name\":\"Festa de confraterniza\\u00e7\\u00e3o marca encerramento de 2018 na Escola S\\u00e3o Paulo - A Not\\u00edcia Online\",\"headline\":\"Festa de confraterniza\\u00e7\\u00e3o marca encerramento de 2018 na Escola S\\u00e3o Paulo\",\"author\":{\"@id\":\"https:\\\/\\\/anoticiaonline.com.br\\\/site\\\/author\\\/juliana\\\/#author\"},\"publisher\":{\"@id\":\"https:\\\/\\\/anoticiaonline.com.br\\\/site\\\/#organization\"},\"image\":{\"@type\":\"ImageObject\",\"url\":\"https:\\\/\\\/anoticiaonline.com.br\\\/site\\\/wp-content\\\/uploads\\\/2018\\\/12\\\/capa-5.jpg\",\"width\":1000,\"height\":350},\"datePublished\":\"2018-12-28T15:33:32-03:00\",\"dateModified\":\"2018-12-28T15:37:35-03:00\",\"inLanguage\":\"pt-BR\",\"mainEntityOfPage\":{\"@id\":\"https:\\\/\\\/anoticiaonline.com.br\\\/site\\\/festa-de-confraternizacao-marca-encerramento-de-2018-na-escola-sao-paulo\\\/#webpage\"},\"isPartOf\":{\"@id\":\"https:\\\/\\\/anoticiaonline.com.br\\\/site\\\/festa-de-confraternizacao-marca-encerramento-de-2018-na-escola-sao-paulo\\\/#webpage\"},\"articleSection\":\"Blog, confraterniza\\u00e7\\u00e3o, escola s\\u00e3o paulo, ESP\"},{\"@type\":\"BreadcrumbList\",\"@id\":\"https:\\\/\\\/anoticiaonline.com.br\\\/site\\\/festa-de-confraternizacao-marca-encerramento-de-2018-na-escola-sao-paulo\\\/#breadcrumblist\",\"itemListElement\":[{\"@type\":\"ListItem\",\"@id\":\"https:\\\/\\\/anoticiaonline.com.br\\\/site#listItem\",\"position\":1,\"name\":\"Home\",\"item\":\"https:\\\/\\\/anoticiaonline.com.br\\\/site\",\"nextItem\":{\"@type\":\"ListItem\",\"@id\":\"https:\\\/\\\/anoticiaonline.com.br\\\/site\\\/categoria\\\/muriae\\\/#listItem\",\"name\":\"Blog\"}},{\"@type\":\"ListItem\",\"@id\":\"https:\\\/\\\/anoticiaonline.com.br\\\/site\\\/categoria\\\/muriae\\\/#listItem\",\"position\":2,\"name\":\"Blog\",\"item\":\"https:\\\/\\\/anoticiaonline.com.br\\\/site\\\/categoria\\\/muriae\\\/\",\"nextItem\":{\"@type\":\"ListItem\",\"@id\":\"https:\\\/\\\/anoticiaonline.com.br\\\/site\\\/festa-de-confraternizacao-marca-encerramento-de-2018-na-escola-sao-paulo\\\/#listItem\",\"name\":\"Festa de confraterniza\\u00e7\\u00e3o marca encerramento de 2018 na Escola S\\u00e3o Paulo\"},\"previousItem\":{\"@type\":\"ListItem\",\"@id\":\"https:\\\/\\\/anoticiaonline.com.br\\\/site#listItem\",\"name\":\"Home\"}},{\"@type\":\"ListItem\",\"@id\":\"https:\\\/\\\/anoticiaonline.com.br\\\/site\\\/festa-de-confraternizacao-marca-encerramento-de-2018-na-escola-sao-paulo\\\/#listItem\",\"position\":3,\"name\":\"Festa de confraterniza\\u00e7\\u00e3o marca encerramento de 2018 na Escola S\\u00e3o Paulo\",\"previousItem\":{\"@type\":\"ListItem\",\"@id\":\"https:\\\/\\\/anoticiaonline.com.br\\\/site\\\/categoria\\\/muriae\\\/#listItem\",\"name\":\"Blog\"}}]},{\"@type\":\"Organization\",\"@id\":\"https:\\\/\\\/anoticiaonline.com.br\\\/site\\\/#organization\",\"name\":\"A Not\\u00edcia Online\",\"description\":\"Noticias de Muria\\u00e9 e regi\\u00e3o\",\"url\":\"https:\\\/\\\/anoticiaonline.com.br\\\/site\\\/\",\"logo\":{\"@type\":\"ImageObject\",\"url\":\"https:\\\/\\\/scontent-gig4-1.xx.fbcdn.net\\\/v\\\/t39.30808-1\\\/270437624_4564083193639691_6907940295614233970_n.jpg?stp=dst-jpg_s200x200_tt6&_nc_cat=111&ccb=1-7&_nc_sid=f907e8&_nc_ohc=SM1wRlP3lJwQ7kNvwEPuBYA&_nc_oc=AdnqrjDN_BNjSSHWO-GbkIWH6fkGMLw4bqvL_NH6e2wMveX7G-rP2dAqsDSq1mJMOaY&_nc_zt=24&_nc_ht=scontent-gig4-1.xx&_nc_gid=AoBFJeGrT1hVaew_6rchkQ&oh=00_AfX7QmFGhQhG2jAllVgXCiM1ZrWgvtp80-Bfppyexh1QEg&oe=689E923C\",\"@id\":\"https:\\\/\\\/anoticiaonline.com.br\\\/site\\\/festa-de-confraternizacao-marca-encerramento-de-2018-na-escola-sao-paulo\\\/#organizationLogo\"},\"image\":{\"@id\":\"https:\\\/\\\/anoticiaonline.com.br\\\/site\\\/festa-de-confraternizacao-marca-encerramento-de-2018-na-escola-sao-paulo\\\/#organizationLogo\"}},{\"@type\":\"Person\",\"@id\":\"https:\\\/\\\/anoticiaonline.com.br\\\/site\\\/author\\\/juliana\\\/#author\",\"url\":\"https:\\\/\\\/anoticiaonline.com.br\\\/site\\\/author\\\/juliana\\\/\",\"name\":\"Juliana Laviola\",\"image\":{\"@type\":\"ImageObject\",\"@id\":\"https:\\\/\\\/anoticiaonline.com.br\\\/site\\\/festa-de-confraternizacao-marca-encerramento-de-2018-na-escola-sao-paulo\\\/#authorImage\",\"url\":\"https:\\\/\\\/secure.gravatar.com\\\/avatar\\\/b8d45f5c699b100dfaf0e543582f38f38bf94cb7ae3a5e9abf8d891a34773335?s=96&d=mm&r=g\",\"width\":96,\"height\":96,\"caption\":\"Juliana Laviola\"}},{\"@type\":\"WebPage\",\"@id\":\"https:\\\/\\\/anoticiaonline.com.br\\\/site\\\/festa-de-confraternizacao-marca-encerramento-de-2018-na-escola-sao-paulo\\\/#webpage\",\"url\":\"https:\\\/\\\/anoticiaonline.com.br\\\/site\\\/festa-de-confraternizacao-marca-encerramento-de-2018-na-escola-sao-paulo\\\/\",\"name\":\"Festa de confraterniza\\u00e7\\u00e3o marca encerramento de 2018 na Escola S\\u00e3o Paulo - A Not\\u00edcia Online\",\"description\":\"Em comemora\\u00e7\\u00e3o ao encerramento de mais um ano de sucesso e grandes realiza\\u00e7\\u00f5es, a Escola S\\u00e3o Paulo promoveu uma grande confraterniza\\u00e7\\u00e3o entre sua equipe, na noite de s\\u00e1bado (15). Realizado nas depend\\u00eancias da escola, o evento contou com a presen\\u00e7a de diretores, professores, auxiliares e convidados. A uni\\u00e3o entre todos os colaboradores \\u00e9 um fator\",\"inLanguage\":\"pt-BR\",\"isPartOf\":{\"@id\":\"https:\\\/\\\/anoticiaonline.com.br\\\/site\\\/#website\"},\"breadcrumb\":{\"@id\":\"https:\\\/\\\/anoticiaonline.com.br\\\/site\\\/festa-de-confraternizacao-marca-encerramento-de-2018-na-escola-sao-paulo\\\/#breadcrumblist\"},\"author\":{\"@id\":\"https:\\\/\\\/anoticiaonline.com.br\\\/site\\\/author\\\/juliana\\\/#author\"},\"creator\":{\"@id\":\"https:\\\/\\\/anoticiaonline.com.br\\\/site\\\/author\\\/juliana\\\/#author\"},\"image\":{\"@type\":\"ImageObject\",\"url\":\"https:\\\/\\\/anoticiaonline.com.br\\\/site\\\/wp-content\\\/uploads\\\/2018\\\/12\\\/capa-5.jpg\",\"@id\":\"https:\\\/\\\/anoticiaonline.com.br\\\/site\\\/festa-de-confraternizacao-marca-encerramento-de-2018-na-escola-sao-paulo\\\/#mainImage\",\"width\":1000,\"height\":350},\"primaryImageOfPage\":{\"@id\":\"https:\\\/\\\/anoticiaonline.com.br\\\/site\\\/festa-de-confraternizacao-marca-encerramento-de-2018-na-escola-sao-paulo\\\/#mainImage\"},\"datePublished\":\"2018-12-28T15:33:32-03:00\",\"dateModified\":\"2018-12-28T15:37:35-03:00\"},{\"@type\":\"WebSite\",\"@id\":\"https:\\\/\\\/anoticiaonline.com.br\\\/site\\\/#website\",\"url\":\"https:\\\/\\\/anoticiaonline.com.br\\\/site\\\/\",\"name\":\"A Not\\u00edcia Online\",\"description\":\"Noticias de Muria\\u00e9 e regi\\u00e3o\",\"inLanguage\":\"pt-BR\",\"publisher\":{\"@id\":\"https:\\\/\\\/anoticiaonline.com.br\\\/site\\\/#organization\"}}]}\n\t\t<\/script>\n\t\t<!-- All in One SEO -->\n\n","aioseo_head_json":{"title":"Festa de confraterniza\u00e7\u00e3o marca encerramento de 2018 na Escola S\u00e3o Paulo - A Not\u00edcia Online","description":"Em comemora\u00e7\u00e3o ao encerramento de mais um ano de sucesso e grandes realiza\u00e7\u00f5es, a Escola S\u00e3o Paulo promoveu uma grande confraterniza\u00e7\u00e3o entre sua equipe, na noite de s\u00e1bado (15). Realizado nas depend\u00eancias da escola, o evento contou com a presen\u00e7a de diretores, professores, auxiliares e convidados. A uni\u00e3o entre todos os colaboradores \u00e9 um fator","canonical_url":"https:\/\/anoticiaonline.com.br\/site\/festa-de-confraternizacao-marca-encerramento-de-2018-na-escola-sao-paulo\/","robots":"max-image-preview:large","keywords":"","webmasterTools":{"miscellaneous":""},"schema":{"@context":"https:\/\/schema.org","@graph":[{"@type":"BlogPosting","@id":"https:\/\/anoticiaonline.com.br\/site\/festa-de-confraternizacao-marca-encerramento-de-2018-na-escola-sao-paulo\/#blogposting","name":"Festa de confraterniza\u00e7\u00e3o marca encerramento de 2018 na Escola S\u00e3o Paulo - A Not\u00edcia Online","headline":"Festa de confraterniza\u00e7\u00e3o marca encerramento de 2018 na Escola S\u00e3o Paulo","author":{"@id":"https:\/\/anoticiaonline.com.br\/site\/author\/juliana\/#author"},"publisher":{"@id":"https:\/\/anoticiaonline.com.br\/site\/#organization"},"image":{"@type":"ImageObject","url":"https:\/\/anoticiaonline.com.br\/site\/wp-content\/uploads\/2018\/12\/capa-5.jpg","width":1000,"height":350},"datePublished":"2018-12-28T15:33:32-03:00","dateModified":"2018-12-28T15:37:35-03:00","inLanguage":"pt-BR","mainEntityOfPage":{"@id":"https:\/\/anoticiaonline.com.br\/site\/festa-de-confraternizacao-marca-encerramento-de-2018-na-escola-sao-paulo\/#webpage"},"isPartOf":{"@id":"https:\/\/anoticiaonline.com.br\/site\/festa-de-confraternizacao-marca-encerramento-de-2018-na-escola-sao-paulo\/#webpage"},"articleSection":"Blog, confraterniza\u00e7\u00e3o, escola s\u00e3o paulo, ESP"},{"@type":"BreadcrumbList","@id":"https:\/\/anoticiaonline.com.br\/site\/festa-de-confraternizacao-marca-encerramento-de-2018-na-escola-sao-paulo\/#breadcrumblist","itemListElement":[{"@type":"ListItem","@id":"https:\/\/anoticiaonline.com.br\/site#listItem","position":1,"name":"Home","item":"https:\/\/anoticiaonline.com.br\/site","nextItem":{"@type":"ListItem","@id":"https:\/\/anoticiaonline.com.br\/site\/categoria\/muriae\/#listItem","name":"Blog"}},{"@type":"ListItem","@id":"https:\/\/anoticiaonline.com.br\/site\/categoria\/muriae\/#listItem","position":2,"name":"Blog","item":"https:\/\/anoticiaonline.com.br\/site\/categoria\/muriae\/","nextItem":{"@type":"ListItem","@id":"https:\/\/anoticiaonline.com.br\/site\/festa-de-confraternizacao-marca-encerramento-de-2018-na-escola-sao-paulo\/#listItem","name":"Festa de confraterniza\u00e7\u00e3o marca encerramento de 2018 na Escola S\u00e3o Paulo"},"previousItem":{"@type":"ListItem","@id":"https:\/\/anoticiaonline.com.br\/site#listItem","name":"Home"}},{"@type":"ListItem","@id":"https:\/\/anoticiaonline.com.br\/site\/festa-de-confraternizacao-marca-encerramento-de-2018-na-escola-sao-paulo\/#listItem","position":3,"name":"Festa de confraterniza\u00e7\u00e3o marca encerramento de 2018 na Escola S\u00e3o Paulo","previousItem":{"@type":"ListItem","@id":"https:\/\/anoticiaonline.com.br\/site\/categoria\/muriae\/#listItem","name":"Blog"}}]},{"@type":"Organization","@id":"https:\/\/anoticiaonline.com.br\/site\/#organization","name":"A Not\u00edcia Online","description":"Noticias de Muria\u00e9 e regi\u00e3o","url":"https:\/\/anoticiaonline.com.br\/site\/","logo":{"@type":"ImageObject","url":"https:\/\/scontent-gig4-1.xx.fbcdn.net\/v\/t39.30808-1\/270437624_4564083193639691_6907940295614233970_n.jpg?stp=dst-jpg_s200x200_tt6&_nc_cat=111&ccb=1-7&_nc_sid=f907e8&_nc_ohc=SM1wRlP3lJwQ7kNvwEPuBYA&_nc_oc=AdnqrjDN_BNjSSHWO-GbkIWH6fkGMLw4bqvL_NH6e2wMveX7G-rP2dAqsDSq1mJMOaY&_nc_zt=24&_nc_ht=scontent-gig4-1.xx&_nc_gid=AoBFJeGrT1hVaew_6rchkQ&oh=00_AfX7QmFGhQhG2jAllVgXCiM1ZrWgvtp80-Bfppyexh1QEg&oe=689E923C","@id":"https:\/\/anoticiaonline.com.br\/site\/festa-de-confraternizacao-marca-encerramento-de-2018-na-escola-sao-paulo\/#organizationLogo"},"image":{"@id":"https:\/\/anoticiaonline.com.br\/site\/festa-de-confraternizacao-marca-encerramento-de-2018-na-escola-sao-paulo\/#organizationLogo"}},{"@type":"Person","@id":"https:\/\/anoticiaonline.com.br\/site\/author\/juliana\/#author","url":"https:\/\/anoticiaonline.com.br\/site\/author\/juliana\/","name":"Juliana Laviola","image":{"@type":"ImageObject","@id":"https:\/\/anoticiaonline.com.br\/site\/festa-de-confraternizacao-marca-encerramento-de-2018-na-escola-sao-paulo\/#authorImage","url":"https:\/\/secure.gravatar.com\/avatar\/b8d45f5c699b100dfaf0e543582f38f38bf94cb7ae3a5e9abf8d891a34773335?s=96&d=mm&r=g","width":96,"height":96,"caption":"Juliana Laviola"}},{"@type":"WebPage","@id":"https:\/\/anoticiaonline.com.br\/site\/festa-de-confraternizacao-marca-encerramento-de-2018-na-escola-sao-paulo\/#webpage","url":"https:\/\/anoticiaonline.com.br\/site\/festa-de-confraternizacao-marca-encerramento-de-2018-na-escola-sao-paulo\/","name":"Festa de confraterniza\u00e7\u00e3o marca encerramento de 2018 na Escola S\u00e3o Paulo - A Not\u00edcia Online","description":"Em comemora\u00e7\u00e3o ao encerramento de mais um ano de sucesso e grandes realiza\u00e7\u00f5es, a Escola S\u00e3o Paulo promoveu uma grande confraterniza\u00e7\u00e3o entre sua equipe, na noite de s\u00e1bado (15). Realizado nas depend\u00eancias da escola, o evento contou com a presen\u00e7a de diretores, professores, auxiliares e convidados. A uni\u00e3o entre todos os colaboradores \u00e9 um fator","inLanguage":"pt-BR","isPartOf":{"@id":"https:\/\/anoticiaonline.com.br\/site\/#website"},"breadcrumb":{"@id":"https:\/\/anoticiaonline.com.br\/site\/festa-de-confraternizacao-marca-encerramento-de-2018-na-escola-sao-paulo\/#breadcrumblist"},"author":{"@id":"https:\/\/anoticiaonline.com.br\/site\/author\/juliana\/#author"},"creator":{"@id":"https:\/\/anoticiaonline.com.br\/site\/author\/juliana\/#author"},"image":{"@type":"ImageObject","url":"https:\/\/anoticiaonline.com.br\/site\/wp-content\/uploads\/2018\/12\/capa-5.jpg","@id":"https:\/\/anoticiaonline.com.br\/site\/festa-de-confraternizacao-marca-encerramento-de-2018-na-escola-sao-paulo\/#mainImage","width":1000,"height":350},"primaryImageOfPage":{"@id":"https:\/\/anoticiaonline.com.br\/site\/festa-de-confraternizacao-marca-encerramento-de-2018-na-escola-sao-paulo\/#mainImage"},"datePublished":"2018-12-28T15:33:32-03:00","dateModified":"2018-12-28T15:37:35-03:00"},{"@type":"WebSite","@id":"https:\/\/anoticiaonline.com.br\/site\/#website","url":"https:\/\/anoticiaonline.com.br\/site\/","name":"A Not\u00edcia Online","description":"Noticias de Muria\u00e9 e regi\u00e3o","inLanguage":"pt-BR","publisher":{"@id":"https:\/\/anoticiaonline.com.br\/site\/#organization"}}]},"og:locale":"pt_BR","og:site_name":"A Not\u00edcia Online - Noticias de Muria\u00e9 e regi\u00e3o","og:type":"article","og:title":"Festa de confraterniza\u00e7\u00e3o marca encerramento de 2018 na Escola S\u00e3o Paulo - A Not\u00edcia Online","og:description":"Em comemora\u00e7\u00e3o ao encerramento de mais um ano de sucesso e grandes realiza\u00e7\u00f5es, a Escola S\u00e3o Paulo promoveu uma grande confraterniza\u00e7\u00e3o entre sua equipe, na noite de s\u00e1bado (15). Realizado nas depend\u00eancias da escola, o evento contou com a presen\u00e7a de diretores, professores, auxiliares e convidados. A uni\u00e3o entre todos os colaboradores \u00e9 um fator","og:url":"https:\/\/anoticiaonline.com.br\/site\/festa-de-confraternizacao-marca-encerramento-de-2018-na-escola-sao-paulo\/","og:image":"https:\/\/scontent-gig4-1.xx.fbcdn.net\/v\/t39.30808-1\/270437624_4564083193639691_6907940295614233970_n.jpg?stp=dst-jpg_s200x200_tt6&#038;_nc_cat=111&#038;ccb=1-7&#038;_nc_sid=f907e8&#038;_nc_ohc=SM1wRlP3lJwQ7kNvwEPuBYA&#038;_nc_oc=AdnqrjDN_BNjSSHWO-GbkIWH6fkGMLw4bqvL_NH6e2wMveX7G-rP2dAqsDSq1mJMOaY&#038;_nc_zt=24&#038;_nc_ht=scontent-gig4-1.xx&#038;_nc_gid=AoBFJeGrT1hVaew_6rchkQ&#038;oh=00_AfX7QmFGhQhG2jAllVgXCiM1ZrWgvtp80-Bfppyexh1QEg&#038;oe=689E923C","og:image:secure_url":"https:\/\/scontent-gig4-1.xx.fbcdn.net\/v\/t39.30808-1\/270437624_4564083193639691_6907940295614233970_n.jpg?stp=dst-jpg_s200x200_tt6&#038;_nc_cat=111&#038;ccb=1-7&#038;_nc_sid=f907e8&#038;_nc_ohc=SM1wRlP3lJwQ7kNvwEPuBYA&#038;_nc_oc=AdnqrjDN_BNjSSHWO-GbkIWH6fkGMLw4bqvL_NH6e2wMveX7G-rP2dAqsDSq1mJMOaY&#038;_nc_zt=24&#038;_nc_ht=scontent-gig4-1.xx&#038;_nc_gid=AoBFJeGrT1hVaew_6rchkQ&#038;oh=00_AfX7QmFGhQhG2jAllVgXCiM1ZrWgvtp80-Bfppyexh1QEg&#038;oe=689E923C","article:published_time":"2018-12-28T18:33:32+00:00","article:modified_time":"2018-12-28T18:37:35+00:00","twitter:card":"summary_large_image","twitter:title":"Festa de confraterniza\u00e7\u00e3o marca encerramento de 2018 na Escola S\u00e3o Paulo - A Not\u00edcia Online","twitter:description":"Em comemora\u00e7\u00e3o ao encerramento de mais um ano de sucesso e grandes realiza\u00e7\u00f5es, a Escola S\u00e3o Paulo promoveu uma grande confraterniza\u00e7\u00e3o entre sua equipe, na noite de s\u00e1bado (15). Realizado nas depend\u00eancias da escola, o evento contou com a presen\u00e7a de diretores, professores, auxiliares e convidados. A uni\u00e3o entre todos os colaboradores \u00e9 um fator","twitter:image":"https:\/\/scontent-gig4-1.xx.fbcdn.net\/v\/t39.30808-1\/270437624_4564083193639691_6907940295614233970_n.jpg?stp=dst-jpg_s200x200_tt6&_nc_cat=111&ccb=1-7&_nc_sid=f907e8&_nc_ohc=SM1wRlP3lJwQ7kNvwEPuBYA&_nc_oc=AdnqrjDN_BNjSSHWO-GbkIWH6fkGMLw4bqvL_NH6e2wMveX7G-rP2dAqsDSq1mJMOaY&_nc_zt=24&_nc_ht=scontent-gig4-1.xx&_nc_gid=AoBFJeGrT1hVaew_6rchkQ&oh=00_AfX7QmFGhQhG2jAllVgXCiM1ZrWgvtp80-Bfppyexh1QEg&oe=689E923C"},"aioseo_meta_data":{"post_id":"66546","title":null,"description":null,"keywords":null,"keyphrases":null,"primary_term":null,"canonical_url":null,"og_title":null,"og_description":null,"og_object_type":"default","og_image_type":"default","og_image_url":null,"og_image_width":null,"og_image_height":null,"og_image_custom_url":null,"og_image_custom_fields":null,"og_video":null,"og_custom_url":null,"og_article_section":null,"og_article_tags":null,"twitter_use_og":false,"twitter_card":"default","twitter_image_type":"default","twitter_image_url":null,"twitter_image_custom_url":null,"twitter_image_custom_fields":null,"twitter_title":null,"twitter_description":null,"schema":{"blockGraphs":[],"customGraphs":[],"default":{"data":{"Article":[],"Course":[],"Dataset":[],"FAQPage":[],"Movie":[],"Person":[],"Product":[],"ProductReview":[],"Car":[],"Recipe":[],"Service":[],"SoftwareApplication":[],"WebPage":[]},"graphName":"","isEnabled":true},"graphs":[]},"schema_type":"default","schema_type_options":null,"pillar_content":false,"robots_default":true,"robots_noindex":false,"robots_noarchive":false,"robots_nosnippet":false,"robots_nofollow":false,"robots_noimageindex":false,"robots_noodp":false,"robots_notranslate":false,"robots_max_snippet":null,"robots_max_videopreview":null,"robots_max_imagepreview":"large","priority":null,"frequency":null,"local_seo":null,"breadcrumb_settings":null,"limit_modified_date":false,"ai":null,"created":"2025-08-16 22:37:17","updated":"2025-08-16 22:37:17","focus_keyword":null,"additional_keywords":null,"truseo_locale":null,"seo_analyzer_scan_date":null},"aioseo_breadcrumb":"<div class=\"aioseo-breadcrumbs\"><span class=\"aioseo-breadcrumb\">\n\t\t\t<a href=\"https:\/\/anoticiaonline.com.br\/site\" title=\"Home\">Home<\/a>\n\t\t<\/span><span class=\"aioseo-breadcrumb-separator\">&raquo;<\/span><span class=\"aioseo-breadcrumb\">\n\t\t\t<a href=\"https:\/\/anoticiaonline.com.br\/site\/categoria\/muriae\/\" title=\"Blog\">Blog<\/a>\n\t\t<\/span><span class=\"aioseo-breadcrumb-separator\">&raquo;<\/span><span class=\"aioseo-breadcrumb\">\n\t\t\tFesta de confraterniza\u00e7\u00e3o marca encerramento de 2018 na Escola S\u00e3o Paulo\n\t\t<\/span><\/div>","aioseo_breadcrumb_json":[{"label":"Home","link":"https:\/\/anoticiaonline.com.br\/site"},{"label":"Blog","link":"https:\/\/anoticiaonline.com.br\/site\/categoria\/muriae\/"},{"label":"Festa de confraterniza\u00e7\u00e3o marca encerramento de 2018 na Escola S\u00e3o Paulo","link":"https:\/\/anoticiaonline.com.br\/site\/festa-de-confraternizacao-marca-encerramento-de-2018-na-escola-sao-paulo\/"}],"views":184,"_links":{"self":[{"href":"https:\/\/anoticiaonline.com.br\/site\/wp-json\/wp\/v2\/posts\/66546","targetHints":{"allow":["GET"]}}],"collection":[{"href":"https:\/\/anoticiaonline.com.br\/site\/wp-json\/wp\/v2\/posts"}],"about":[{"href":"https:\/\/anoticiaonline.com.br\/site\/wp-json\/wp\/v2\/types\/post"}],"author":[{"embeddable":true,"href":"https:\/\/anoticiaonline.com.br\/site\/wp-json\/wp\/v2\/users\/2"}],"replies":[{"embeddable":true,"href":"https:\/\/anoticiaonline.com.br\/site\/wp-json\/wp\/v2\/comments?post=66546"}],"version-history":[{"count":0,"href":"https:\/\/anoticiaonline.com.br\/site\/wp-json\/wp\/v2\/posts\/66546\/revisions"}],"wp:featuredmedia":[{"embeddable":true,"href":"https:\/\/anoticiaonline.com.br\/site\/wp-json\/wp\/v2\/media\/66572"}],"wp:attachment":[{"href":"https:\/\/anoticiaonline.com.br\/site\/wp-json\/wp\/v2\/media?parent=66546"}],"wp:term":[{"taxonomy":"category","embeddable":true,"href":"https:\/\/anoticiaonline.com.br\/site\/wp-json\/wp\/v2\/categories?post=66546"},{"taxonomy":"post_tag","embeddable":true,"href":"https:\/\/anoticiaonline.com.br\/site\/wp-json\/wp\/v2\/tags?post=66546"}],"curies":[{"name":"wp","href":"https:\/\/api.w.org\/{rel}","templated":true}]}}