{"id":66450,"date":"2018-12-27T19:01:34","date_gmt":"2018-12-27T22:01:34","guid":{"rendered":"http:\/\/anoticiaonline.com.br\/site\/?p=66450"},"modified":"2018-12-27T19:01:34","modified_gmt":"2018-12-27T22:01:34","slug":"a-certeza-de-um-brasil-melhor-a-partir-de-2019","status":"publish","type":"post","link":"https:\/\/anoticiaonline.com.br\/site\/a-certeza-de-um-brasil-melhor-a-partir-de-2019\/","title":{"rendered":"A CERTEZA DE UM BRASIL MELHOR A PARTIR DE 2019"},"content":{"rendered":"<p>Sofremos muito durante uma d\u00e9cada e meia de desgovernos. Nossa economia foi para o buraco, o sistema educacional entrou em fal\u00eancia, o povo sofrendo nas filas e no prec\u00e1rio atendimento de um sistema falido de sa\u00fade p\u00fablica, o desemprego batendo o recorde em nossa hist\u00f3ria e, pior do que tudo isso, a nossa p\u00e1tria ultrajada internacionalmente pelo maior esquema de corrup\u00e7\u00e3o do planeta. Sem d\u00favida alguma o Lulopetismo ficar\u00e1 na Hist\u00f3ria como o coveiro que enterrou o nosso pa\u00eds nesse profundo po\u00e7o de incompet\u00eancia e desvios morais.<\/p>\n<p>Construir um pa\u00eds, uma nacionalidade com o aperfei\u00e7oamento gradativo das suas institui\u00e7\u00f5es \u00e9 uma tarefa que demanda vontade, esfor\u00e7o e muito tempo hist\u00f3rico. Mas para destruir todas essas bases, basta uma d\u00e9cada e meia de incompet\u00eancia e desapego aos valores morais.<\/p>\n<p>Mas o brasileiro \u00e9 acima de tudo um forte e o que n\u00e3o lhe falta \u00e9 a esperan\u00e7a. Uma esperan\u00e7a sempre renovada de dias melhores.<\/p>\n<p>N\u00e3o vai ser f\u00e1cil consertar em quatro anos os estragos que fizeram em nosso pa\u00eds durante os \u00faltimos tempos. Muitos corruptos foram presos e condenados. Os l\u00edderes da quadrilha podem estar enjaulados, mas continuam buscando nos corredores tortuosos do nosso complexo sistema de justi\u00e7a, uma forma de se livrarem e enquanto n\u00e3o conseguem, rosnam e ladram de suas celas e de suas tornozeleiras por uma liberdade imerecida.<\/p>\n<p>O novo Governo que se inicia em 2019 carrega em seus ombros a esperan\u00e7a de todo um povo. Vem com o apoio maci\u00e7o de uma popula\u00e7\u00e3o que, mais do que tudo, votou pelo aniquilamento da estrutura viciada de poder que se instalara em nossa p\u00e1tria h\u00e1 uma d\u00e9cada e meia. Disse um ostensivo N\u00c3O \u00e0 esquerda que detivera o poder por tantos anos, aos pseudos artistas que, se locupletando com as benesses da \u201cgenerosa\u201d Lei Rouanet, queriam manter o \u201cestado de coisas\u201d e que com o seu \u201cEle n\u00e3o\u201d, queriam dizer na verdade N\u00c3O \u00e0s mudan\u00e7as e \u00e0 moraliza\u00e7\u00e3o do nosso pa\u00eds. Mas o povo reagiu rapidamente pelas Redes Sociais e como uma onda gigantesca optou por uma mudan\u00e7a hist\u00f3rica em nosso pa\u00eds.<\/p>\n<p>Mas n\u00e3o pensem que o monstro est\u00e1 definitivamente morto, embora exale os odores da sua morte. V\u00e3o tentar atrapalhar ao m\u00e1ximo a governabilidade em nosso pa\u00eds, usando justamente as liberdades de uma democracia que eles tanto tentaram destruir no passado como no presente, para inquietarem o pa\u00eds com badernas, como no long\u00ednquo desgoverno de Jo\u00e3o Goulart.<\/p>\n<p>A sorte \u00e9 que o \u201cCapit\u00e3o\u201d do navio est\u00e1 decidido a comandar a embarca\u00e7\u00e3o rumo a um porto seguro, fortalecendo a nossa economia, diminuindo o tamanho gigantesco do Estado, restaurando a qualidade dos nossos sistemas de Educa\u00e7\u00e3o e de Sa\u00fade, desideologizando as nossas Universidades e as nossas Escolas e reduzindo o desemprego que hoje atormenta as fam\u00edlias brasileiras. Para isso, \u00e9 fundamental a moraliza\u00e7\u00e3o das Institui\u00e7\u00f5es de Governo do pa\u00eds, com o aprofundamento e garantia de a\u00e7\u00e3o da Opera\u00e7\u00e3o \u2018Lava Jato\u201d.<\/p>\n<p>Pela equipe convocada pelo novo Presidente e pelas a\u00e7\u00f5es propostas podemos acreditar que, como na saudosa can\u00e7\u00e3o de Roberto Carlos, \u201cdaqui para frente tudo vai ser diferente&#8230;\u201d.<\/p>\n<p>Acredito que o nosso pa\u00eds caminhar\u00e1 calmo, dentro da lei e da ordem rumo ao desenvolvimento, pois \u00e9 isso que o povo deseja. Que cada um fa\u00e7a a sua parte para que o novo ano concretize as nossas esperan\u00e7as de um Brasil melhor para todos. O povo brasileiro cresceu em estatura pol\u00edtica e tem nas redes sociais um poderoso instrumento de voz. Badernas como no passado, creio que n\u00e3o haver\u00e1 espa\u00e7o para isso em nossa Democracia j\u00e1 consolidada.<\/p>\n","protected":false},"excerpt":{"rendered":"<p>Sofremos muito durante uma d\u00e9cada e meia de desgovernos. Nossa economia foi para o buraco, o sistema educacional entrou em fal\u00eancia, o povo sofrendo nas filas e no prec\u00e1rio atendimento de um sistema falido de sa\u00fade p\u00fablica, o desemprego batendo o recorde em nossa hist\u00f3ria e, pior do que tudo isso, a nossa p\u00e1tria ultrajada &#8230; <a title=\"A CERTEZA DE UM BRASIL MELHOR A PARTIR DE 2019\" class=\"read-more\" href=\"https:\/\/anoticiaonline.com.br\/site\/a-certeza-de-um-brasil-melhor-a-partir-de-2019\/\" aria-label=\"Read more about A CERTEZA DE UM BRASIL MELHOR A PARTIR DE 2019\">Ler mais<\/a><\/p>\n","protected":false},"author":2,"featured_media":0,"comment_status":"open","ping_status":"open","sticky":false,"template":"","format":"standard","meta":{"_acf_changed":false,"_monsterinsights_skip_tracking":false,"footnotes":""},"categories":[31,36],"tags":[],"class_list":["post-66450","post","type-post","status-publish","format-standard","hentry","category-colunistas","category-logos-adellunar-marge"],"acf":[],"aioseo_notices":[],"aioseo_head":"\n\t\t<!-- All in One SEO 5.0.0.1 - aioseo.com -->\n\t<meta name=\"description\" content=\"Sofremos muito durante uma d\u00e9cada e meia de desgovernos. Nossa economia foi para o buraco, o sistema educacional entrou em fal\u00eancia, o povo sofrendo nas filas e no prec\u00e1rio atendimento de um sistema falido de sa\u00fade p\u00fablica, o desemprego batendo o recorde em nossa hist\u00f3ria e, pior do que tudo isso, a nossa p\u00e1tria ultrajada\" \/>\n\t<meta name=\"robots\" content=\"max-image-preview:large\" \/>\n\t<meta name=\"author\" content=\"Juliana Laviola\"\/>\n\t<link rel=\"canonical\" href=\"https:\/\/anoticiaonline.com.br\/site\/a-certeza-de-um-brasil-melhor-a-partir-de-2019\/\" \/>\n\t<meta name=\"generator\" content=\"All in One SEO (AIOSEO) 5.0.0.1\" \/>\n\t\t<meta property=\"og:locale\" content=\"pt_BR\" \/>\n\t\t<meta property=\"og:site_name\" content=\"A Not\u00edcia Online - Noticias de Muria\u00e9 e regi\u00e3o\" \/>\n\t\t<meta property=\"og:type\" content=\"article\" \/>\n\t\t<meta property=\"og:title\" content=\"A CERTEZA DE UM BRASIL MELHOR A PARTIR DE 2019 - A Not\u00edcia Online\" \/>\n\t\t<meta property=\"og:description\" content=\"Sofremos muito durante uma d\u00e9cada e meia de desgovernos. Nossa economia foi para o buraco, o sistema educacional entrou em fal\u00eancia, o povo sofrendo nas filas e no prec\u00e1rio atendimento de um sistema falido de sa\u00fade p\u00fablica, o desemprego batendo o recorde em nossa hist\u00f3ria e, pior do que tudo isso, a nossa p\u00e1tria ultrajada\" \/>\n\t\t<meta property=\"og:url\" content=\"https:\/\/anoticiaonline.com.br\/site\/a-certeza-de-um-brasil-melhor-a-partir-de-2019\/\" \/>\n\t\t<meta property=\"og:image\" content=\"https:\/\/scontent-gig4-1.xx.fbcdn.net\/v\/t39.30808-1\/270437624_4564083193639691_6907940295614233970_n.jpg?stp=dst-jpg_s200x200_tt6&#038;_nc_cat=111&#038;ccb=1-7&#038;_nc_sid=f907e8&#038;_nc_ohc=SM1wRlP3lJwQ7kNvwEPuBYA&#038;_nc_oc=AdnqrjDN_BNjSSHWO-GbkIWH6fkGMLw4bqvL_NH6e2wMveX7G-rP2dAqsDSq1mJMOaY&#038;_nc_zt=24&#038;_nc_ht=scontent-gig4-1.xx&#038;_nc_gid=AoBFJeGrT1hVaew_6rchkQ&#038;oh=00_AfX7QmFGhQhG2jAllVgXCiM1ZrWgvtp80-Bfppyexh1QEg&#038;oe=689E923C\" \/>\n\t\t<meta property=\"og:image:secure_url\" content=\"https:\/\/scontent-gig4-1.xx.fbcdn.net\/v\/t39.30808-1\/270437624_4564083193639691_6907940295614233970_n.jpg?stp=dst-jpg_s200x200_tt6&#038;_nc_cat=111&#038;ccb=1-7&#038;_nc_sid=f907e8&#038;_nc_ohc=SM1wRlP3lJwQ7kNvwEPuBYA&#038;_nc_oc=AdnqrjDN_BNjSSHWO-GbkIWH6fkGMLw4bqvL_NH6e2wMveX7G-rP2dAqsDSq1mJMOaY&#038;_nc_zt=24&#038;_nc_ht=scontent-gig4-1.xx&#038;_nc_gid=AoBFJeGrT1hVaew_6rchkQ&#038;oh=00_AfX7QmFGhQhG2jAllVgXCiM1ZrWgvtp80-Bfppyexh1QEg&#038;oe=689E923C\" \/>\n\t\t<meta property=\"article:published_time\" content=\"2018-12-27T22:01:34+00:00\" \/>\n\t\t<meta property=\"article:modified_time\" content=\"2018-12-27T22:01:34+00:00\" \/>\n\t\t<meta name=\"twitter:card\" content=\"summary_large_image\" \/>\n\t\t<meta name=\"twitter:title\" content=\"A CERTEZA DE UM BRASIL MELHOR A PARTIR DE 2019 - A Not\u00edcia Online\" \/>\n\t\t<meta name=\"twitter:description\" content=\"Sofremos muito durante uma d\u00e9cada e meia de desgovernos. Nossa economia foi para o buraco, o sistema educacional entrou em fal\u00eancia, o povo sofrendo nas filas e no prec\u00e1rio atendimento de um sistema falido de sa\u00fade p\u00fablica, o desemprego batendo o recorde em nossa hist\u00f3ria e, pior do que tudo isso, a nossa p\u00e1tria ultrajada\" \/>\n\t\t<meta name=\"twitter:image\" content=\"https:\/\/scontent-gig4-1.xx.fbcdn.net\/v\/t39.30808-1\/270437624_4564083193639691_6907940295614233970_n.jpg?stp=dst-jpg_s200x200_tt6&amp;_nc_cat=111&amp;ccb=1-7&amp;_nc_sid=f907e8&amp;_nc_ohc=SM1wRlP3lJwQ7kNvwEPuBYA&amp;_nc_oc=AdnqrjDN_BNjSSHWO-GbkIWH6fkGMLw4bqvL_NH6e2wMveX7G-rP2dAqsDSq1mJMOaY&amp;_nc_zt=24&amp;_nc_ht=scontent-gig4-1.xx&amp;_nc_gid=AoBFJeGrT1hVaew_6rchkQ&amp;oh=00_AfX7QmFGhQhG2jAllVgXCiM1ZrWgvtp80-Bfppyexh1QEg&amp;oe=689E923C\" \/>\n\t\t<script type=\"application\/ld+json\" class=\"aioseo-schema\">\n\t\t\t{\"@context\":\"https:\\\/\\\/schema.org\",\"@graph\":[{\"@type\":\"BlogPosting\",\"@id\":\"https:\\\/\\\/anoticiaonline.com.br\\\/site\\\/a-certeza-de-um-brasil-melhor-a-partir-de-2019\\\/#blogposting\",\"name\":\"A CERTEZA DE UM BRASIL MELHOR A PARTIR DE 2019 - A Not\\u00edcia Online\",\"headline\":\"A CERTEZA DE UM BRASIL MELHOR A PARTIR DE 2019\",\"author\":{\"@id\":\"https:\\\/\\\/anoticiaonline.com.br\\\/site\\\/author\\\/juliana\\\/#author\"},\"publisher\":{\"@id\":\"https:\\\/\\\/anoticiaonline.com.br\\\/site\\\/#organization\"},\"image\":{\"@type\":\"ImageObject\",\"url\":\"https:\\\/\\\/scontent-gig4-1.xx.fbcdn.net\\\/v\\\/t39.30808-1\\\/270437624_4564083193639691_6907940295614233970_n.jpg?stp=dst-jpg_s200x200_tt6&_nc_cat=111&ccb=1-7&_nc_sid=f907e8&_nc_ohc=SM1wRlP3lJwQ7kNvwEPuBYA&_nc_oc=AdnqrjDN_BNjSSHWO-GbkIWH6fkGMLw4bqvL_NH6e2wMveX7G-rP2dAqsDSq1mJMOaY&_nc_zt=24&_nc_ht=scontent-gig4-1.xx&_nc_gid=AoBFJeGrT1hVaew_6rchkQ&oh=00_AfX7QmFGhQhG2jAllVgXCiM1ZrWgvtp80-Bfppyexh1QEg&oe=689E923C\",\"@id\":\"https:\\\/\\\/anoticiaonline.com.br\\\/site\\\/#articleImage\"},\"datePublished\":\"2018-12-27T19:01:34-03:00\",\"dateModified\":\"2018-12-27T19:01:34-03:00\",\"inLanguage\":\"pt-BR\",\"mainEntityOfPage\":{\"@id\":\"https:\\\/\\\/anoticiaonline.com.br\\\/site\\\/a-certeza-de-um-brasil-melhor-a-partir-de-2019\\\/#webpage\"},\"isPartOf\":{\"@id\":\"https:\\\/\\\/anoticiaonline.com.br\\\/site\\\/a-certeza-de-um-brasil-melhor-a-partir-de-2019\\\/#webpage\"},\"articleSection\":\"Colunistas, Logos - Adellunar Marge\"},{\"@type\":\"BreadcrumbList\",\"@id\":\"https:\\\/\\\/anoticiaonline.com.br\\\/site\\\/a-certeza-de-um-brasil-melhor-a-partir-de-2019\\\/#breadcrumblist\",\"itemListElement\":[{\"@type\":\"ListItem\",\"@id\":\"https:\\\/\\\/anoticiaonline.com.br\\\/site#listItem\",\"position\":1,\"name\":\"Home\",\"item\":\"https:\\\/\\\/anoticiaonline.com.br\\\/site\",\"nextItem\":{\"@type\":\"ListItem\",\"@id\":\"https:\\\/\\\/anoticiaonline.com.br\\\/site\\\/categoria\\\/colunistas\\\/#listItem\",\"name\":\"Colunistas\"}},{\"@type\":\"ListItem\",\"@id\":\"https:\\\/\\\/anoticiaonline.com.br\\\/site\\\/categoria\\\/colunistas\\\/#listItem\",\"position\":2,\"name\":\"Colunistas\",\"item\":\"https:\\\/\\\/anoticiaonline.com.br\\\/site\\\/categoria\\\/colunistas\\\/\",\"nextItem\":{\"@type\":\"ListItem\",\"@id\":\"https:\\\/\\\/anoticiaonline.com.br\\\/site\\\/categoria\\\/colunistas\\\/logos-adellunar-marge\\\/#listItem\",\"name\":\"Logos - Adellunar Marge\"},\"previousItem\":{\"@type\":\"ListItem\",\"@id\":\"https:\\\/\\\/anoticiaonline.com.br\\\/site#listItem\",\"name\":\"Home\"}},{\"@type\":\"ListItem\",\"@id\":\"https:\\\/\\\/anoticiaonline.com.br\\\/site\\\/categoria\\\/colunistas\\\/logos-adellunar-marge\\\/#listItem\",\"position\":3,\"name\":\"Logos - Adellunar Marge\",\"item\":\"https:\\\/\\\/anoticiaonline.com.br\\\/site\\\/categoria\\\/colunistas\\\/logos-adellunar-marge\\\/\",\"nextItem\":{\"@type\":\"ListItem\",\"@id\":\"https:\\\/\\\/anoticiaonline.com.br\\\/site\\\/a-certeza-de-um-brasil-melhor-a-partir-de-2019\\\/#listItem\",\"name\":\"A CERTEZA DE UM BRASIL MELHOR A PARTIR DE 2019\"},\"previousItem\":{\"@type\":\"ListItem\",\"@id\":\"https:\\\/\\\/anoticiaonline.com.br\\\/site\\\/categoria\\\/colunistas\\\/#listItem\",\"name\":\"Colunistas\"}},{\"@type\":\"ListItem\",\"@id\":\"https:\\\/\\\/anoticiaonline.com.br\\\/site\\\/a-certeza-de-um-brasil-melhor-a-partir-de-2019\\\/#listItem\",\"position\":4,\"name\":\"A CERTEZA DE UM BRASIL MELHOR A PARTIR DE 2019\",\"previousItem\":{\"@type\":\"ListItem\",\"@id\":\"https:\\\/\\\/anoticiaonline.com.br\\\/site\\\/categoria\\\/colunistas\\\/logos-adellunar-marge\\\/#listItem\",\"name\":\"Logos - Adellunar Marge\"}}]},{\"@type\":\"Organization\",\"@id\":\"https:\\\/\\\/anoticiaonline.com.br\\\/site\\\/#organization\",\"name\":\"A Not\\u00edcia Online\",\"description\":\"Noticias de Muria\\u00e9 e regi\\u00e3o\",\"url\":\"https:\\\/\\\/anoticiaonline.com.br\\\/site\\\/\",\"logo\":{\"@type\":\"ImageObject\",\"url\":\"https:\\\/\\\/scontent-gig4-1.xx.fbcdn.net\\\/v\\\/t39.30808-1\\\/270437624_4564083193639691_6907940295614233970_n.jpg?stp=dst-jpg_s200x200_tt6&_nc_cat=111&ccb=1-7&_nc_sid=f907e8&_nc_ohc=SM1wRlP3lJwQ7kNvwEPuBYA&_nc_oc=AdnqrjDN_BNjSSHWO-GbkIWH6fkGMLw4bqvL_NH6e2wMveX7G-rP2dAqsDSq1mJMOaY&_nc_zt=24&_nc_ht=scontent-gig4-1.xx&_nc_gid=AoBFJeGrT1hVaew_6rchkQ&oh=00_AfX7QmFGhQhG2jAllVgXCiM1ZrWgvtp80-Bfppyexh1QEg&oe=689E923C\",\"@id\":\"https:\\\/\\\/anoticiaonline.com.br\\\/site\\\/a-certeza-de-um-brasil-melhor-a-partir-de-2019\\\/#organizationLogo\"},\"image\":{\"@id\":\"https:\\\/\\\/anoticiaonline.com.br\\\/site\\\/a-certeza-de-um-brasil-melhor-a-partir-de-2019\\\/#organizationLogo\"}},{\"@type\":\"Person\",\"@id\":\"https:\\\/\\\/anoticiaonline.com.br\\\/site\\\/author\\\/juliana\\\/#author\",\"url\":\"https:\\\/\\\/anoticiaonline.com.br\\\/site\\\/author\\\/juliana\\\/\",\"name\":\"Juliana Laviola\",\"image\":{\"@type\":\"ImageObject\",\"@id\":\"https:\\\/\\\/anoticiaonline.com.br\\\/site\\\/a-certeza-de-um-brasil-melhor-a-partir-de-2019\\\/#authorImage\",\"url\":\"https:\\\/\\\/secure.gravatar.com\\\/avatar\\\/b8d45f5c699b100dfaf0e543582f38f38bf94cb7ae3a5e9abf8d891a34773335?s=96&d=mm&r=g\",\"width\":96,\"height\":96,\"caption\":\"Juliana Laviola\"}},{\"@type\":\"WebPage\",\"@id\":\"https:\\\/\\\/anoticiaonline.com.br\\\/site\\\/a-certeza-de-um-brasil-melhor-a-partir-de-2019\\\/#webpage\",\"url\":\"https:\\\/\\\/anoticiaonline.com.br\\\/site\\\/a-certeza-de-um-brasil-melhor-a-partir-de-2019\\\/\",\"name\":\"A CERTEZA DE UM BRASIL MELHOR A PARTIR DE 2019 - A Not\\u00edcia Online\",\"description\":\"Sofremos muito durante uma d\\u00e9cada e meia de desgovernos. Nossa economia foi para o buraco, o sistema educacional entrou em fal\\u00eancia, o povo sofrendo nas filas e no prec\\u00e1rio atendimento de um sistema falido de sa\\u00fade p\\u00fablica, o desemprego batendo o recorde em nossa hist\\u00f3ria e, pior do que tudo isso, a nossa p\\u00e1tria ultrajada\",\"inLanguage\":\"pt-BR\",\"isPartOf\":{\"@id\":\"https:\\\/\\\/anoticiaonline.com.br\\\/site\\\/#website\"},\"breadcrumb\":{\"@id\":\"https:\\\/\\\/anoticiaonline.com.br\\\/site\\\/a-certeza-de-um-brasil-melhor-a-partir-de-2019\\\/#breadcrumblist\"},\"author\":{\"@id\":\"https:\\\/\\\/anoticiaonline.com.br\\\/site\\\/author\\\/juliana\\\/#author\"},\"creator\":{\"@id\":\"https:\\\/\\\/anoticiaonline.com.br\\\/site\\\/author\\\/juliana\\\/#author\"},\"datePublished\":\"2018-12-27T19:01:34-03:00\",\"dateModified\":\"2018-12-27T19:01:34-03:00\"},{\"@type\":\"WebSite\",\"@id\":\"https:\\\/\\\/anoticiaonline.com.br\\\/site\\\/#website\",\"url\":\"https:\\\/\\\/anoticiaonline.com.br\\\/site\\\/\",\"name\":\"A Not\\u00edcia Online\",\"description\":\"Noticias de Muria\\u00e9 e regi\\u00e3o\",\"inLanguage\":\"pt-BR\",\"publisher\":{\"@id\":\"https:\\\/\\\/anoticiaonline.com.br\\\/site\\\/#organization\"}}]}\n\t\t<\/script>\n\t\t<!-- All in One SEO -->\n\n","aioseo_head_json":{"title":"A CERTEZA DE UM BRASIL MELHOR A PARTIR DE 2019 - A Not\u00edcia Online","description":"Sofremos muito durante uma d\u00e9cada e meia de desgovernos. Nossa economia foi para o buraco, o sistema educacional entrou em fal\u00eancia, o povo sofrendo nas filas e no prec\u00e1rio atendimento de um sistema falido de sa\u00fade p\u00fablica, o desemprego batendo o recorde em nossa hist\u00f3ria e, pior do que tudo isso, a nossa p\u00e1tria ultrajada","canonical_url":"https:\/\/anoticiaonline.com.br\/site\/a-certeza-de-um-brasil-melhor-a-partir-de-2019\/","robots":"max-image-preview:large","keywords":"","webmasterTools":{"miscellaneous":""},"schema":{"@context":"https:\/\/schema.org","@graph":[{"@type":"BlogPosting","@id":"https:\/\/anoticiaonline.com.br\/site\/a-certeza-de-um-brasil-melhor-a-partir-de-2019\/#blogposting","name":"A CERTEZA DE UM BRASIL MELHOR A PARTIR DE 2019 - A Not\u00edcia Online","headline":"A CERTEZA DE UM BRASIL MELHOR A PARTIR DE 2019","author":{"@id":"https:\/\/anoticiaonline.com.br\/site\/author\/juliana\/#author"},"publisher":{"@id":"https:\/\/anoticiaonline.com.br\/site\/#organization"},"image":{"@type":"ImageObject","url":"https:\/\/scontent-gig4-1.xx.fbcdn.net\/v\/t39.30808-1\/270437624_4564083193639691_6907940295614233970_n.jpg?stp=dst-jpg_s200x200_tt6&_nc_cat=111&ccb=1-7&_nc_sid=f907e8&_nc_ohc=SM1wRlP3lJwQ7kNvwEPuBYA&_nc_oc=AdnqrjDN_BNjSSHWO-GbkIWH6fkGMLw4bqvL_NH6e2wMveX7G-rP2dAqsDSq1mJMOaY&_nc_zt=24&_nc_ht=scontent-gig4-1.xx&_nc_gid=AoBFJeGrT1hVaew_6rchkQ&oh=00_AfX7QmFGhQhG2jAllVgXCiM1ZrWgvtp80-Bfppyexh1QEg&oe=689E923C","@id":"https:\/\/anoticiaonline.com.br\/site\/#articleImage"},"datePublished":"2018-12-27T19:01:34-03:00","dateModified":"2018-12-27T19:01:34-03:00","inLanguage":"pt-BR","mainEntityOfPage":{"@id":"https:\/\/anoticiaonline.com.br\/site\/a-certeza-de-um-brasil-melhor-a-partir-de-2019\/#webpage"},"isPartOf":{"@id":"https:\/\/anoticiaonline.com.br\/site\/a-certeza-de-um-brasil-melhor-a-partir-de-2019\/#webpage"},"articleSection":"Colunistas, Logos - Adellunar Marge"},{"@type":"BreadcrumbList","@id":"https:\/\/anoticiaonline.com.br\/site\/a-certeza-de-um-brasil-melhor-a-partir-de-2019\/#breadcrumblist","itemListElement":[{"@type":"ListItem","@id":"https:\/\/anoticiaonline.com.br\/site#listItem","position":1,"name":"Home","item":"https:\/\/anoticiaonline.com.br\/site","nextItem":{"@type":"ListItem","@id":"https:\/\/anoticiaonline.com.br\/site\/categoria\/colunistas\/#listItem","name":"Colunistas"}},{"@type":"ListItem","@id":"https:\/\/anoticiaonline.com.br\/site\/categoria\/colunistas\/#listItem","position":2,"name":"Colunistas","item":"https:\/\/anoticiaonline.com.br\/site\/categoria\/colunistas\/","nextItem":{"@type":"ListItem","@id":"https:\/\/anoticiaonline.com.br\/site\/categoria\/colunistas\/logos-adellunar-marge\/#listItem","name":"Logos - Adellunar Marge"},"previousItem":{"@type":"ListItem","@id":"https:\/\/anoticiaonline.com.br\/site#listItem","name":"Home"}},{"@type":"ListItem","@id":"https:\/\/anoticiaonline.com.br\/site\/categoria\/colunistas\/logos-adellunar-marge\/#listItem","position":3,"name":"Logos - Adellunar Marge","item":"https:\/\/anoticiaonline.com.br\/site\/categoria\/colunistas\/logos-adellunar-marge\/","nextItem":{"@type":"ListItem","@id":"https:\/\/anoticiaonline.com.br\/site\/a-certeza-de-um-brasil-melhor-a-partir-de-2019\/#listItem","name":"A CERTEZA DE UM BRASIL MELHOR A PARTIR DE 2019"},"previousItem":{"@type":"ListItem","@id":"https:\/\/anoticiaonline.com.br\/site\/categoria\/colunistas\/#listItem","name":"Colunistas"}},{"@type":"ListItem","@id":"https:\/\/anoticiaonline.com.br\/site\/a-certeza-de-um-brasil-melhor-a-partir-de-2019\/#listItem","position":4,"name":"A CERTEZA DE UM BRASIL MELHOR A PARTIR DE 2019","previousItem":{"@type":"ListItem","@id":"https:\/\/anoticiaonline.com.br\/site\/categoria\/colunistas\/logos-adellunar-marge\/#listItem","name":"Logos - Adellunar Marge"}}]},{"@type":"Organization","@id":"https:\/\/anoticiaonline.com.br\/site\/#organization","name":"A Not\u00edcia Online","description":"Noticias de Muria\u00e9 e regi\u00e3o","url":"https:\/\/anoticiaonline.com.br\/site\/","logo":{"@type":"ImageObject","url":"https:\/\/scontent-gig4-1.xx.fbcdn.net\/v\/t39.30808-1\/270437624_4564083193639691_6907940295614233970_n.jpg?stp=dst-jpg_s200x200_tt6&_nc_cat=111&ccb=1-7&_nc_sid=f907e8&_nc_ohc=SM1wRlP3lJwQ7kNvwEPuBYA&_nc_oc=AdnqrjDN_BNjSSHWO-GbkIWH6fkGMLw4bqvL_NH6e2wMveX7G-rP2dAqsDSq1mJMOaY&_nc_zt=24&_nc_ht=scontent-gig4-1.xx&_nc_gid=AoBFJeGrT1hVaew_6rchkQ&oh=00_AfX7QmFGhQhG2jAllVgXCiM1ZrWgvtp80-Bfppyexh1QEg&oe=689E923C","@id":"https:\/\/anoticiaonline.com.br\/site\/a-certeza-de-um-brasil-melhor-a-partir-de-2019\/#organizationLogo"},"image":{"@id":"https:\/\/anoticiaonline.com.br\/site\/a-certeza-de-um-brasil-melhor-a-partir-de-2019\/#organizationLogo"}},{"@type":"Person","@id":"https:\/\/anoticiaonline.com.br\/site\/author\/juliana\/#author","url":"https:\/\/anoticiaonline.com.br\/site\/author\/juliana\/","name":"Juliana Laviola","image":{"@type":"ImageObject","@id":"https:\/\/anoticiaonline.com.br\/site\/a-certeza-de-um-brasil-melhor-a-partir-de-2019\/#authorImage","url":"https:\/\/secure.gravatar.com\/avatar\/b8d45f5c699b100dfaf0e543582f38f38bf94cb7ae3a5e9abf8d891a34773335?s=96&d=mm&r=g","width":96,"height":96,"caption":"Juliana Laviola"}},{"@type":"WebPage","@id":"https:\/\/anoticiaonline.com.br\/site\/a-certeza-de-um-brasil-melhor-a-partir-de-2019\/#webpage","url":"https:\/\/anoticiaonline.com.br\/site\/a-certeza-de-um-brasil-melhor-a-partir-de-2019\/","name":"A CERTEZA DE UM BRASIL MELHOR A PARTIR DE 2019 - A Not\u00edcia Online","description":"Sofremos muito durante uma d\u00e9cada e meia de desgovernos. Nossa economia foi para o buraco, o sistema educacional entrou em fal\u00eancia, o povo sofrendo nas filas e no prec\u00e1rio atendimento de um sistema falido de sa\u00fade p\u00fablica, o desemprego batendo o recorde em nossa hist\u00f3ria e, pior do que tudo isso, a nossa p\u00e1tria ultrajada","inLanguage":"pt-BR","isPartOf":{"@id":"https:\/\/anoticiaonline.com.br\/site\/#website"},"breadcrumb":{"@id":"https:\/\/anoticiaonline.com.br\/site\/a-certeza-de-um-brasil-melhor-a-partir-de-2019\/#breadcrumblist"},"author":{"@id":"https:\/\/anoticiaonline.com.br\/site\/author\/juliana\/#author"},"creator":{"@id":"https:\/\/anoticiaonline.com.br\/site\/author\/juliana\/#author"},"datePublished":"2018-12-27T19:01:34-03:00","dateModified":"2018-12-27T19:01:34-03:00"},{"@type":"WebSite","@id":"https:\/\/anoticiaonline.com.br\/site\/#website","url":"https:\/\/anoticiaonline.com.br\/site\/","name":"A Not\u00edcia Online","description":"Noticias de Muria\u00e9 e regi\u00e3o","inLanguage":"pt-BR","publisher":{"@id":"https:\/\/anoticiaonline.com.br\/site\/#organization"}}]},"og:locale":"pt_BR","og:site_name":"A Not\u00edcia Online - Noticias de Muria\u00e9 e regi\u00e3o","og:type":"article","og:title":"A CERTEZA DE UM BRASIL MELHOR A PARTIR DE 2019 - A Not\u00edcia Online","og:description":"Sofremos muito durante uma d\u00e9cada e meia de desgovernos. Nossa economia foi para o buraco, o sistema educacional entrou em fal\u00eancia, o povo sofrendo nas filas e no prec\u00e1rio atendimento de um sistema falido de sa\u00fade p\u00fablica, o desemprego batendo o recorde em nossa hist\u00f3ria e, pior do que tudo isso, a nossa p\u00e1tria ultrajada","og:url":"https:\/\/anoticiaonline.com.br\/site\/a-certeza-de-um-brasil-melhor-a-partir-de-2019\/","og:image":"https:\/\/scontent-gig4-1.xx.fbcdn.net\/v\/t39.30808-1\/270437624_4564083193639691_6907940295614233970_n.jpg?stp=dst-jpg_s200x200_tt6&#038;_nc_cat=111&#038;ccb=1-7&#038;_nc_sid=f907e8&#038;_nc_ohc=SM1wRlP3lJwQ7kNvwEPuBYA&#038;_nc_oc=AdnqrjDN_BNjSSHWO-GbkIWH6fkGMLw4bqvL_NH6e2wMveX7G-rP2dAqsDSq1mJMOaY&#038;_nc_zt=24&#038;_nc_ht=scontent-gig4-1.xx&#038;_nc_gid=AoBFJeGrT1hVaew_6rchkQ&#038;oh=00_AfX7QmFGhQhG2jAllVgXCiM1ZrWgvtp80-Bfppyexh1QEg&#038;oe=689E923C","og:image:secure_url":"https:\/\/scontent-gig4-1.xx.fbcdn.net\/v\/t39.30808-1\/270437624_4564083193639691_6907940295614233970_n.jpg?stp=dst-jpg_s200x200_tt6&#038;_nc_cat=111&#038;ccb=1-7&#038;_nc_sid=f907e8&#038;_nc_ohc=SM1wRlP3lJwQ7kNvwEPuBYA&#038;_nc_oc=AdnqrjDN_BNjSSHWO-GbkIWH6fkGMLw4bqvL_NH6e2wMveX7G-rP2dAqsDSq1mJMOaY&#038;_nc_zt=24&#038;_nc_ht=scontent-gig4-1.xx&#038;_nc_gid=AoBFJeGrT1hVaew_6rchkQ&#038;oh=00_AfX7QmFGhQhG2jAllVgXCiM1ZrWgvtp80-Bfppyexh1QEg&#038;oe=689E923C","article:published_time":"2018-12-27T22:01:34+00:00","article:modified_time":"2018-12-27T22:01:34+00:00","twitter:card":"summary_large_image","twitter:title":"A CERTEZA DE UM BRASIL MELHOR A PARTIR DE 2019 - A Not\u00edcia Online","twitter:description":"Sofremos muito durante uma d\u00e9cada e meia de desgovernos. Nossa economia foi para o buraco, o sistema educacional entrou em fal\u00eancia, o povo sofrendo nas filas e no prec\u00e1rio atendimento de um sistema falido de sa\u00fade p\u00fablica, o desemprego batendo o recorde em nossa hist\u00f3ria e, pior do que tudo isso, a nossa p\u00e1tria ultrajada","twitter:image":"https:\/\/scontent-gig4-1.xx.fbcdn.net\/v\/t39.30808-1\/270437624_4564083193639691_6907940295614233970_n.jpg?stp=dst-jpg_s200x200_tt6&_nc_cat=111&ccb=1-7&_nc_sid=f907e8&_nc_ohc=SM1wRlP3lJwQ7kNvwEPuBYA&_nc_oc=AdnqrjDN_BNjSSHWO-GbkIWH6fkGMLw4bqvL_NH6e2wMveX7G-rP2dAqsDSq1mJMOaY&_nc_zt=24&_nc_ht=scontent-gig4-1.xx&_nc_gid=AoBFJeGrT1hVaew_6rchkQ&oh=00_AfX7QmFGhQhG2jAllVgXCiM1ZrWgvtp80-Bfppyexh1QEg&oe=689E923C"},"aioseo_meta_data":{"post_id":"66450","title":null,"description":null,"keywords":null,"keyphrases":null,"primary_term":null,"canonical_url":null,"og_title":null,"og_description":null,"og_object_type":"default","og_image_type":"default","og_image_url":null,"og_image_width":null,"og_image_height":null,"og_image_custom_url":null,"og_image_custom_fields":null,"og_video":null,"og_custom_url":null,"og_article_section":null,"og_article_tags":null,"twitter_use_og":false,"twitter_card":"default","twitter_image_type":"default","twitter_image_url":null,"twitter_image_custom_url":null,"twitter_image_custom_fields":null,"twitter_title":null,"twitter_description":null,"schema":{"blockGraphs":[],"customGraphs":[],"default":{"data":{"Article":[],"Course":[],"Dataset":[],"FAQPage":[],"Movie":[],"Person":[],"Product":[],"ProductReview":[],"Car":[],"Recipe":[],"Service":[],"SoftwareApplication":[],"WebPage":[]},"graphName":"","isEnabled":true},"graphs":[]},"schema_type":"default","schema_type_options":null,"pillar_content":false,"robots_default":true,"robots_noindex":false,"robots_noarchive":false,"robots_nosnippet":false,"robots_nofollow":false,"robots_noimageindex":false,"robots_noodp":false,"robots_notranslate":false,"robots_max_snippet":null,"robots_max_videopreview":null,"robots_max_imagepreview":"large","priority":null,"frequency":null,"local_seo":null,"breadcrumb_settings":null,"limit_modified_date":false,"ai":null,"created":"2025-08-16 22:35:58","updated":"2025-08-16 22:35:58","focus_keyword":null,"additional_keywords":null,"truseo_locale":null,"seo_analyzer_scan_date":null},"aioseo_breadcrumb":"<div class=\"aioseo-breadcrumbs\"><span class=\"aioseo-breadcrumb\">\n\t\t\t<a href=\"https:\/\/anoticiaonline.com.br\/site\" title=\"Home\">Home<\/a>\n\t\t<\/span><span class=\"aioseo-breadcrumb-separator\">&raquo;<\/span><span class=\"aioseo-breadcrumb\">\n\t\t\t<a href=\"https:\/\/anoticiaonline.com.br\/site\/categoria\/colunistas\/\" title=\"Colunistas\">Colunistas<\/a>\n\t\t<\/span><span class=\"aioseo-breadcrumb-separator\">&raquo;<\/span><span class=\"aioseo-breadcrumb\">\n\t\t\t<a href=\"https:\/\/anoticiaonline.com.br\/site\/categoria\/colunistas\/logos-adellunar-marge\/\" title=\"Logos - Adellunar Marge\">Logos - Adellunar Marge<\/a>\n\t\t<\/span><span class=\"aioseo-breadcrumb-separator\">&raquo;<\/span><span class=\"aioseo-breadcrumb\">\n\t\t\tA CERTEZA DE UM BRASIL MELHOR A PARTIR DE 2019\n\t\t<\/span><\/div>","aioseo_breadcrumb_json":[{"label":"Home","link":"https:\/\/anoticiaonline.com.br\/site"},{"label":"Colunistas","link":"https:\/\/anoticiaonline.com.br\/site\/categoria\/colunistas\/"},{"label":"Logos - Adellunar Marge","link":"https:\/\/anoticiaonline.com.br\/site\/categoria\/colunistas\/logos-adellunar-marge\/"},{"label":"A CERTEZA DE UM BRASIL MELHOR A PARTIR DE 2019","link":"https:\/\/anoticiaonline.com.br\/site\/a-certeza-de-um-brasil-melhor-a-partir-de-2019\/"}],"views":133,"_links":{"self":[{"href":"https:\/\/anoticiaonline.com.br\/site\/wp-json\/wp\/v2\/posts\/66450","targetHints":{"allow":["GET"]}}],"collection":[{"href":"https:\/\/anoticiaonline.com.br\/site\/wp-json\/wp\/v2\/posts"}],"about":[{"href":"https:\/\/anoticiaonline.com.br\/site\/wp-json\/wp\/v2\/types\/post"}],"author":[{"embeddable":true,"href":"https:\/\/anoticiaonline.com.br\/site\/wp-json\/wp\/v2\/users\/2"}],"replies":[{"embeddable":true,"href":"https:\/\/anoticiaonline.com.br\/site\/wp-json\/wp\/v2\/comments?post=66450"}],"version-history":[{"count":0,"href":"https:\/\/anoticiaonline.com.br\/site\/wp-json\/wp\/v2\/posts\/66450\/revisions"}],"wp:attachment":[{"href":"https:\/\/anoticiaonline.com.br\/site\/wp-json\/wp\/v2\/media?parent=66450"}],"wp:term":[{"taxonomy":"category","embeddable":true,"href":"https:\/\/anoticiaonline.com.br\/site\/wp-json\/wp\/v2\/categories?post=66450"},{"taxonomy":"post_tag","embeddable":true,"href":"https:\/\/anoticiaonline.com.br\/site\/wp-json\/wp\/v2\/tags?post=66450"}],"curies":[{"name":"wp","href":"https:\/\/api.w.org\/{rel}","templated":true}]}}