{"id":66443,"date":"2018-12-27T18:50:40","date_gmt":"2018-12-27T21:50:40","guid":{"rendered":"http:\/\/anoticiaonline.com.br\/site\/?p=66443"},"modified":"2018-12-27T18:50:40","modified_gmt":"2018-12-27T21:50:40","slug":"feira-de-adocao-garante-lar-para-caes-e-gatos-em-muriae","status":"publish","type":"post","link":"https:\/\/anoticiaonline.com.br\/site\/feira-de-adocao-garante-lar-para-caes-e-gatos-em-muriae\/","title":{"rendered":"Feira de Ado\u00e7\u00e3o garante lar para c\u00e3es e gatos em Muria\u00e9"},"content":{"rendered":"<p><em>Ao todo, 15 animais foram adotados no evento; quem n\u00e3o conseguiu ir \u00e0 Feira pode comparecer ao Centro de Zoonoses para adotar<\/em><\/p>\n<p><a href=\"https:\/\/anoticiaonline.com.br\/site\/wp-content\/uploads\/2018\/12\/01.jpg\"><img fetchpriority=\"high\" decoding=\"async\" class=\"aligncenter size-full wp-image-66444\" src=\"https:\/\/anoticiaonline.com.br\/site\/wp-content\/uploads\/2018\/12\/01.jpg\" alt=\"\" width=\"996\" height=\"768\" srcset=\"https:\/\/anoticiaonline.com.br\/site\/wp-content\/uploads\/2018\/12\/01.jpg 996w, https:\/\/anoticiaonline.com.br\/site\/wp-content\/uploads\/2018\/12\/01-300x231.jpg 300w, https:\/\/anoticiaonline.com.br\/site\/wp-content\/uploads\/2018\/12\/01-768x592.jpg 768w, https:\/\/anoticiaonline.com.br\/site\/wp-content\/uploads\/2018\/12\/01-105x80.jpg 105w\" sizes=\"(max-width: 996px) 100vw, 996px\" \/><\/a><\/p>\n<p>Quinze animais, sendo nove c\u00e3es e seis gatos, ganharam um novo lar em Muria\u00e9. Eles foram adotados durante a Feira de Ado\u00e7\u00e3o de C\u00e3es, que aconteceu no s\u00e1bado (22), na Pra\u00e7a Jo\u00e3o Pinheiro, Centro.\u00a0<!--more--><\/p>\n<p>Ao todo, 35 c\u00e3es e gatos (inclusive um deficiente) foram disponibilizados para ado\u00e7\u00e3o. Segundo a Secretaria Municipal de Sa\u00fade, a iniciativa foi importante para abrir mais vagas para tratamentos de cachorros de rua atropelados, doentes, entre outros, al\u00e9m de retirar esses animais das ruas. Desde 2017 a Prefeitura, por meio do Centro de Controle de Zoonoses (CCZ), j\u00e1 retirou e cuidou mais de 300 cachorros que vivem nas vias p\u00fablicas da cidade.<\/p>\n<p>A expectativa \u00e9 que uma nova edi\u00e7\u00e3o da Feira (a primeira do ano) seja realizada em mar\u00e7o de 2019.<\/p>\n<p><strong>Quem perdeu a Feira \u2013<\/strong>\u00a0Quem n\u00e3o p\u00f4de comparecer \u00e0 Feira de Ado\u00e7\u00e3o e quiser adotar um animalzinho pode procurar o CCZ (localizado na estrada Muria\u00e9-Vermelho) ou entrar em contato pelos telefones 3729-1301 e 99907-1663.<\/p>\n<p>Para quem tem dificuldades em chegar ao Centro de Zoonoses, basta ligar em um desses n\u00fameros. Uma equipe do CCZ faz a entrega do animal na resid\u00eancia. As fotos dos c\u00e3es est\u00e3o dispon\u00edveis no Facebook da Prefeitura de Muria\u00e9 (<a href=\"http:\/\/www.facebook.com\/prefeiturademuriae\">www.facebook.com\/prefeiturademuriae<\/a>).<\/p>\n<p><em>Fonte: ASCOM\/PMM<\/em><\/p>\n","protected":false},"excerpt":{"rendered":"<p>Ao todo, 15 animais foram adotados no evento; quem n\u00e3o conseguiu ir \u00e0 Feira pode comparecer ao Centro de Zoonoses para adotar Quinze animais, sendo nove c\u00e3es e seis gatos, ganharam um novo lar em Muria\u00e9. Eles foram adotados durante a Feira de Ado\u00e7\u00e3o de C\u00e3es, que aconteceu no s\u00e1bado (22), na Pra\u00e7a Jo\u00e3o Pinheiro, &#8230; <a title=\"Feira de Ado\u00e7\u00e3o garante lar para c\u00e3es e gatos em Muria\u00e9\" class=\"read-more\" href=\"https:\/\/anoticiaonline.com.br\/site\/feira-de-adocao-garante-lar-para-caes-e-gatos-em-muriae\/\" aria-label=\"Read more about Feira de Ado\u00e7\u00e3o garante lar para c\u00e3es e gatos em Muria\u00e9\">Ler mais<\/a><\/p>\n","protected":false},"author":2,"featured_media":0,"comment_status":"open","ping_status":"open","sticky":false,"template":"","format":"standard","meta":{"_acf_changed":false,"_monsterinsights_skip_tracking":false,"footnotes":""},"categories":[30],"tags":[1242,396,74],"class_list":["post-66443","post","type-post","status-publish","format-standard","hentry","category-muriae","tag-adocao","tag-feira","tag-muriae"],"acf":[],"aioseo_notices":[],"aioseo_head":"\n\t\t<!-- All in One SEO 5.0.0.1 - aioseo.com -->\n\t<meta name=\"description\" content=\"Ao todo, 15 animais foram adotados no evento; quem n\u00e3o conseguiu ir \u00e0 Feira pode comparecer ao Centro de Zoonoses para adotar Quinze animais, sendo nove c\u00e3es e seis gatos, ganharam um novo lar em Muria\u00e9. Eles foram adotados durante a Feira de Ado\u00e7\u00e3o de C\u00e3es, que aconteceu no s\u00e1bado (22), na Pra\u00e7a Jo\u00e3o Pinheiro,\" \/>\n\t<meta name=\"robots\" content=\"max-image-preview:large\" \/>\n\t<meta name=\"author\" content=\"Juliana Laviola\"\/>\n\t<link rel=\"canonical\" href=\"https:\/\/anoticiaonline.com.br\/site\/feira-de-adocao-garante-lar-para-caes-e-gatos-em-muriae\/\" \/>\n\t<meta name=\"generator\" content=\"All in One SEO (AIOSEO) 5.0.0.1\" \/>\n\t\t<meta property=\"og:locale\" content=\"pt_BR\" \/>\n\t\t<meta property=\"og:site_name\" content=\"A Not\u00edcia Online - Noticias de Muria\u00e9 e regi\u00e3o\" \/>\n\t\t<meta property=\"og:type\" content=\"article\" \/>\n\t\t<meta property=\"og:title\" content=\"Feira de Ado\u00e7\u00e3o garante lar para c\u00e3es e gatos em Muria\u00e9 - A Not\u00edcia Online\" \/>\n\t\t<meta property=\"og:description\" content=\"Ao todo, 15 animais foram adotados no evento; quem n\u00e3o conseguiu ir \u00e0 Feira pode comparecer ao Centro de Zoonoses para adotar Quinze animais, sendo nove c\u00e3es e seis gatos, ganharam um novo lar em Muria\u00e9. Eles foram adotados durante a Feira de Ado\u00e7\u00e3o de C\u00e3es, que aconteceu no s\u00e1bado (22), na Pra\u00e7a Jo\u00e3o Pinheiro,\" \/>\n\t\t<meta property=\"og:url\" content=\"https:\/\/anoticiaonline.com.br\/site\/feira-de-adocao-garante-lar-para-caes-e-gatos-em-muriae\/\" \/>\n\t\t<meta property=\"og:image\" content=\"https:\/\/scontent-gig4-1.xx.fbcdn.net\/v\/t39.30808-1\/270437624_4564083193639691_6907940295614233970_n.jpg?stp=dst-jpg_s200x200_tt6&#038;_nc_cat=111&#038;ccb=1-7&#038;_nc_sid=f907e8&#038;_nc_ohc=SM1wRlP3lJwQ7kNvwEPuBYA&#038;_nc_oc=AdnqrjDN_BNjSSHWO-GbkIWH6fkGMLw4bqvL_NH6e2wMveX7G-rP2dAqsDSq1mJMOaY&#038;_nc_zt=24&#038;_nc_ht=scontent-gig4-1.xx&#038;_nc_gid=AoBFJeGrT1hVaew_6rchkQ&#038;oh=00_AfX7QmFGhQhG2jAllVgXCiM1ZrWgvtp80-Bfppyexh1QEg&#038;oe=689E923C\" \/>\n\t\t<meta property=\"og:image:secure_url\" content=\"https:\/\/scontent-gig4-1.xx.fbcdn.net\/v\/t39.30808-1\/270437624_4564083193639691_6907940295614233970_n.jpg?stp=dst-jpg_s200x200_tt6&#038;_nc_cat=111&#038;ccb=1-7&#038;_nc_sid=f907e8&#038;_nc_ohc=SM1wRlP3lJwQ7kNvwEPuBYA&#038;_nc_oc=AdnqrjDN_BNjSSHWO-GbkIWH6fkGMLw4bqvL_NH6e2wMveX7G-rP2dAqsDSq1mJMOaY&#038;_nc_zt=24&#038;_nc_ht=scontent-gig4-1.xx&#038;_nc_gid=AoBFJeGrT1hVaew_6rchkQ&#038;oh=00_AfX7QmFGhQhG2jAllVgXCiM1ZrWgvtp80-Bfppyexh1QEg&#038;oe=689E923C\" \/>\n\t\t<meta property=\"article:published_time\" content=\"2018-12-27T21:50:40+00:00\" \/>\n\t\t<meta property=\"article:modified_time\" content=\"2018-12-27T21:50:40+00:00\" \/>\n\t\t<meta name=\"twitter:card\" content=\"summary_large_image\" \/>\n\t\t<meta name=\"twitter:title\" content=\"Feira de Ado\u00e7\u00e3o garante lar para c\u00e3es e gatos em Muria\u00e9 - A Not\u00edcia Online\" \/>\n\t\t<meta name=\"twitter:description\" content=\"Ao todo, 15 animais foram adotados no evento; quem n\u00e3o conseguiu ir \u00e0 Feira pode comparecer ao Centro de Zoonoses para adotar Quinze animais, sendo nove c\u00e3es e seis gatos, ganharam um novo lar em Muria\u00e9. Eles foram adotados durante a Feira de Ado\u00e7\u00e3o de C\u00e3es, que aconteceu no s\u00e1bado (22), na Pra\u00e7a Jo\u00e3o Pinheiro,\" \/>\n\t\t<meta name=\"twitter:image\" content=\"https:\/\/scontent-gig4-1.xx.fbcdn.net\/v\/t39.30808-1\/270437624_4564083193639691_6907940295614233970_n.jpg?stp=dst-jpg_s200x200_tt6&amp;_nc_cat=111&amp;ccb=1-7&amp;_nc_sid=f907e8&amp;_nc_ohc=SM1wRlP3lJwQ7kNvwEPuBYA&amp;_nc_oc=AdnqrjDN_BNjSSHWO-GbkIWH6fkGMLw4bqvL_NH6e2wMveX7G-rP2dAqsDSq1mJMOaY&amp;_nc_zt=24&amp;_nc_ht=scontent-gig4-1.xx&amp;_nc_gid=AoBFJeGrT1hVaew_6rchkQ&amp;oh=00_AfX7QmFGhQhG2jAllVgXCiM1ZrWgvtp80-Bfppyexh1QEg&amp;oe=689E923C\" \/>\n\t\t<script type=\"application\/ld+json\" class=\"aioseo-schema\">\n\t\t\t{\"@context\":\"https:\\\/\\\/schema.org\",\"@graph\":[{\"@type\":\"BlogPosting\",\"@id\":\"https:\\\/\\\/anoticiaonline.com.br\\\/site\\\/feira-de-adocao-garante-lar-para-caes-e-gatos-em-muriae\\\/#blogposting\",\"name\":\"Feira de Ado\\u00e7\\u00e3o garante lar para c\\u00e3es e gatos em Muria\\u00e9 - A Not\\u00edcia Online\",\"headline\":\"Feira de Ado\\u00e7\\u00e3o garante lar para c\\u00e3es e gatos em Muria\\u00e9\",\"author\":{\"@id\":\"https:\\\/\\\/anoticiaonline.com.br\\\/site\\\/author\\\/juliana\\\/#author\"},\"publisher\":{\"@id\":\"https:\\\/\\\/anoticiaonline.com.br\\\/site\\\/#organization\"},\"image\":{\"@type\":\"ImageObject\",\"url\":\"https:\\\/\\\/anoticiaonline.com.br\\\/site\\\/wp-content\\\/uploads\\\/2018\\\/12\\\/01.jpg\",\"@id\":\"https:\\\/\\\/anoticiaonline.com.br\\\/site\\\/feira-de-adocao-garante-lar-para-caes-e-gatos-em-muriae\\\/#articleImage\",\"width\":996,\"height\":768},\"datePublished\":\"2018-12-27T18:50:40-03:00\",\"dateModified\":\"2018-12-27T18:50:40-03:00\",\"inLanguage\":\"pt-BR\",\"mainEntityOfPage\":{\"@id\":\"https:\\\/\\\/anoticiaonline.com.br\\\/site\\\/feira-de-adocao-garante-lar-para-caes-e-gatos-em-muriae\\\/#webpage\"},\"isPartOf\":{\"@id\":\"https:\\\/\\\/anoticiaonline.com.br\\\/site\\\/feira-de-adocao-garante-lar-para-caes-e-gatos-em-muriae\\\/#webpage\"},\"articleSection\":\"Blog, ado\\u00e7\\u00e3o, feira, Muria\\u00e9\"},{\"@type\":\"BreadcrumbList\",\"@id\":\"https:\\\/\\\/anoticiaonline.com.br\\\/site\\\/feira-de-adocao-garante-lar-para-caes-e-gatos-em-muriae\\\/#breadcrumblist\",\"itemListElement\":[{\"@type\":\"ListItem\",\"@id\":\"https:\\\/\\\/anoticiaonline.com.br\\\/site#listItem\",\"position\":1,\"name\":\"Home\",\"item\":\"https:\\\/\\\/anoticiaonline.com.br\\\/site\",\"nextItem\":{\"@type\":\"ListItem\",\"@id\":\"https:\\\/\\\/anoticiaonline.com.br\\\/site\\\/categoria\\\/muriae\\\/#listItem\",\"name\":\"Blog\"}},{\"@type\":\"ListItem\",\"@id\":\"https:\\\/\\\/anoticiaonline.com.br\\\/site\\\/categoria\\\/muriae\\\/#listItem\",\"position\":2,\"name\":\"Blog\",\"item\":\"https:\\\/\\\/anoticiaonline.com.br\\\/site\\\/categoria\\\/muriae\\\/\",\"nextItem\":{\"@type\":\"ListItem\",\"@id\":\"https:\\\/\\\/anoticiaonline.com.br\\\/site\\\/feira-de-adocao-garante-lar-para-caes-e-gatos-em-muriae\\\/#listItem\",\"name\":\"Feira de Ado\\u00e7\\u00e3o garante lar para c\\u00e3es e gatos em Muria\\u00e9\"},\"previousItem\":{\"@type\":\"ListItem\",\"@id\":\"https:\\\/\\\/anoticiaonline.com.br\\\/site#listItem\",\"name\":\"Home\"}},{\"@type\":\"ListItem\",\"@id\":\"https:\\\/\\\/anoticiaonline.com.br\\\/site\\\/feira-de-adocao-garante-lar-para-caes-e-gatos-em-muriae\\\/#listItem\",\"position\":3,\"name\":\"Feira de Ado\\u00e7\\u00e3o garante lar para c\\u00e3es e gatos em Muria\\u00e9\",\"previousItem\":{\"@type\":\"ListItem\",\"@id\":\"https:\\\/\\\/anoticiaonline.com.br\\\/site\\\/categoria\\\/muriae\\\/#listItem\",\"name\":\"Blog\"}}]},{\"@type\":\"Organization\",\"@id\":\"https:\\\/\\\/anoticiaonline.com.br\\\/site\\\/#organization\",\"name\":\"A Not\\u00edcia Online\",\"description\":\"Noticias de Muria\\u00e9 e regi\\u00e3o\",\"url\":\"https:\\\/\\\/anoticiaonline.com.br\\\/site\\\/\",\"logo\":{\"@type\":\"ImageObject\",\"url\":\"https:\\\/\\\/scontent-gig4-1.xx.fbcdn.net\\\/v\\\/t39.30808-1\\\/270437624_4564083193639691_6907940295614233970_n.jpg?stp=dst-jpg_s200x200_tt6&_nc_cat=111&ccb=1-7&_nc_sid=f907e8&_nc_ohc=SM1wRlP3lJwQ7kNvwEPuBYA&_nc_oc=AdnqrjDN_BNjSSHWO-GbkIWH6fkGMLw4bqvL_NH6e2wMveX7G-rP2dAqsDSq1mJMOaY&_nc_zt=24&_nc_ht=scontent-gig4-1.xx&_nc_gid=AoBFJeGrT1hVaew_6rchkQ&oh=00_AfX7QmFGhQhG2jAllVgXCiM1ZrWgvtp80-Bfppyexh1QEg&oe=689E923C\",\"@id\":\"https:\\\/\\\/anoticiaonline.com.br\\\/site\\\/feira-de-adocao-garante-lar-para-caes-e-gatos-em-muriae\\\/#organizationLogo\"},\"image\":{\"@id\":\"https:\\\/\\\/anoticiaonline.com.br\\\/site\\\/feira-de-adocao-garante-lar-para-caes-e-gatos-em-muriae\\\/#organizationLogo\"}},{\"@type\":\"Person\",\"@id\":\"https:\\\/\\\/anoticiaonline.com.br\\\/site\\\/author\\\/juliana\\\/#author\",\"url\":\"https:\\\/\\\/anoticiaonline.com.br\\\/site\\\/author\\\/juliana\\\/\",\"name\":\"Juliana Laviola\",\"image\":{\"@type\":\"ImageObject\",\"@id\":\"https:\\\/\\\/anoticiaonline.com.br\\\/site\\\/feira-de-adocao-garante-lar-para-caes-e-gatos-em-muriae\\\/#authorImage\",\"url\":\"https:\\\/\\\/secure.gravatar.com\\\/avatar\\\/b8d45f5c699b100dfaf0e543582f38f38bf94cb7ae3a5e9abf8d891a34773335?s=96&d=mm&r=g\",\"width\":96,\"height\":96,\"caption\":\"Juliana Laviola\"}},{\"@type\":\"WebPage\",\"@id\":\"https:\\\/\\\/anoticiaonline.com.br\\\/site\\\/feira-de-adocao-garante-lar-para-caes-e-gatos-em-muriae\\\/#webpage\",\"url\":\"https:\\\/\\\/anoticiaonline.com.br\\\/site\\\/feira-de-adocao-garante-lar-para-caes-e-gatos-em-muriae\\\/\",\"name\":\"Feira de Ado\\u00e7\\u00e3o garante lar para c\\u00e3es e gatos em Muria\\u00e9 - A Not\\u00edcia Online\",\"description\":\"Ao todo, 15 animais foram adotados no evento; quem n\\u00e3o conseguiu ir \\u00e0 Feira pode comparecer ao Centro de Zoonoses para adotar Quinze animais, sendo nove c\\u00e3es e seis gatos, ganharam um novo lar em Muria\\u00e9. Eles foram adotados durante a Feira de Ado\\u00e7\\u00e3o de C\\u00e3es, que aconteceu no s\\u00e1bado (22), na Pra\\u00e7a Jo\\u00e3o Pinheiro,\",\"inLanguage\":\"pt-BR\",\"isPartOf\":{\"@id\":\"https:\\\/\\\/anoticiaonline.com.br\\\/site\\\/#website\"},\"breadcrumb\":{\"@id\":\"https:\\\/\\\/anoticiaonline.com.br\\\/site\\\/feira-de-adocao-garante-lar-para-caes-e-gatos-em-muriae\\\/#breadcrumblist\"},\"author\":{\"@id\":\"https:\\\/\\\/anoticiaonline.com.br\\\/site\\\/author\\\/juliana\\\/#author\"},\"creator\":{\"@id\":\"https:\\\/\\\/anoticiaonline.com.br\\\/site\\\/author\\\/juliana\\\/#author\"},\"datePublished\":\"2018-12-27T18:50:40-03:00\",\"dateModified\":\"2018-12-27T18:50:40-03:00\"},{\"@type\":\"WebSite\",\"@id\":\"https:\\\/\\\/anoticiaonline.com.br\\\/site\\\/#website\",\"url\":\"https:\\\/\\\/anoticiaonline.com.br\\\/site\\\/\",\"name\":\"A Not\\u00edcia Online\",\"description\":\"Noticias de Muria\\u00e9 e regi\\u00e3o\",\"inLanguage\":\"pt-BR\",\"publisher\":{\"@id\":\"https:\\\/\\\/anoticiaonline.com.br\\\/site\\\/#organization\"}}]}\n\t\t<\/script>\n\t\t<!-- All in One SEO -->\n\n","aioseo_head_json":{"title":"Feira de Ado\u00e7\u00e3o garante lar para c\u00e3es e gatos em Muria\u00e9 - A Not\u00edcia Online","description":"Ao todo, 15 animais foram adotados no evento; quem n\u00e3o conseguiu ir \u00e0 Feira pode comparecer ao Centro de Zoonoses para adotar Quinze animais, sendo nove c\u00e3es e seis gatos, ganharam um novo lar em Muria\u00e9. Eles foram adotados durante a Feira de Ado\u00e7\u00e3o de C\u00e3es, que aconteceu no s\u00e1bado (22), na Pra\u00e7a Jo\u00e3o Pinheiro,","canonical_url":"https:\/\/anoticiaonline.com.br\/site\/feira-de-adocao-garante-lar-para-caes-e-gatos-em-muriae\/","robots":"max-image-preview:large","keywords":"","webmasterTools":{"miscellaneous":""},"schema":{"@context":"https:\/\/schema.org","@graph":[{"@type":"BlogPosting","@id":"https:\/\/anoticiaonline.com.br\/site\/feira-de-adocao-garante-lar-para-caes-e-gatos-em-muriae\/#blogposting","name":"Feira de Ado\u00e7\u00e3o garante lar para c\u00e3es e gatos em Muria\u00e9 - A Not\u00edcia Online","headline":"Feira de Ado\u00e7\u00e3o garante lar para c\u00e3es e gatos em Muria\u00e9","author":{"@id":"https:\/\/anoticiaonline.com.br\/site\/author\/juliana\/#author"},"publisher":{"@id":"https:\/\/anoticiaonline.com.br\/site\/#organization"},"image":{"@type":"ImageObject","url":"https:\/\/anoticiaonline.com.br\/site\/wp-content\/uploads\/2018\/12\/01.jpg","@id":"https:\/\/anoticiaonline.com.br\/site\/feira-de-adocao-garante-lar-para-caes-e-gatos-em-muriae\/#articleImage","width":996,"height":768},"datePublished":"2018-12-27T18:50:40-03:00","dateModified":"2018-12-27T18:50:40-03:00","inLanguage":"pt-BR","mainEntityOfPage":{"@id":"https:\/\/anoticiaonline.com.br\/site\/feira-de-adocao-garante-lar-para-caes-e-gatos-em-muriae\/#webpage"},"isPartOf":{"@id":"https:\/\/anoticiaonline.com.br\/site\/feira-de-adocao-garante-lar-para-caes-e-gatos-em-muriae\/#webpage"},"articleSection":"Blog, ado\u00e7\u00e3o, feira, Muria\u00e9"},{"@type":"BreadcrumbList","@id":"https:\/\/anoticiaonline.com.br\/site\/feira-de-adocao-garante-lar-para-caes-e-gatos-em-muriae\/#breadcrumblist","itemListElement":[{"@type":"ListItem","@id":"https:\/\/anoticiaonline.com.br\/site#listItem","position":1,"name":"Home","item":"https:\/\/anoticiaonline.com.br\/site","nextItem":{"@type":"ListItem","@id":"https:\/\/anoticiaonline.com.br\/site\/categoria\/muriae\/#listItem","name":"Blog"}},{"@type":"ListItem","@id":"https:\/\/anoticiaonline.com.br\/site\/categoria\/muriae\/#listItem","position":2,"name":"Blog","item":"https:\/\/anoticiaonline.com.br\/site\/categoria\/muriae\/","nextItem":{"@type":"ListItem","@id":"https:\/\/anoticiaonline.com.br\/site\/feira-de-adocao-garante-lar-para-caes-e-gatos-em-muriae\/#listItem","name":"Feira de Ado\u00e7\u00e3o garante lar para c\u00e3es e gatos em Muria\u00e9"},"previousItem":{"@type":"ListItem","@id":"https:\/\/anoticiaonline.com.br\/site#listItem","name":"Home"}},{"@type":"ListItem","@id":"https:\/\/anoticiaonline.com.br\/site\/feira-de-adocao-garante-lar-para-caes-e-gatos-em-muriae\/#listItem","position":3,"name":"Feira de Ado\u00e7\u00e3o garante lar para c\u00e3es e gatos em Muria\u00e9","previousItem":{"@type":"ListItem","@id":"https:\/\/anoticiaonline.com.br\/site\/categoria\/muriae\/#listItem","name":"Blog"}}]},{"@type":"Organization","@id":"https:\/\/anoticiaonline.com.br\/site\/#organization","name":"A Not\u00edcia Online","description":"Noticias de Muria\u00e9 e regi\u00e3o","url":"https:\/\/anoticiaonline.com.br\/site\/","logo":{"@type":"ImageObject","url":"https:\/\/scontent-gig4-1.xx.fbcdn.net\/v\/t39.30808-1\/270437624_4564083193639691_6907940295614233970_n.jpg?stp=dst-jpg_s200x200_tt6&_nc_cat=111&ccb=1-7&_nc_sid=f907e8&_nc_ohc=SM1wRlP3lJwQ7kNvwEPuBYA&_nc_oc=AdnqrjDN_BNjSSHWO-GbkIWH6fkGMLw4bqvL_NH6e2wMveX7G-rP2dAqsDSq1mJMOaY&_nc_zt=24&_nc_ht=scontent-gig4-1.xx&_nc_gid=AoBFJeGrT1hVaew_6rchkQ&oh=00_AfX7QmFGhQhG2jAllVgXCiM1ZrWgvtp80-Bfppyexh1QEg&oe=689E923C","@id":"https:\/\/anoticiaonline.com.br\/site\/feira-de-adocao-garante-lar-para-caes-e-gatos-em-muriae\/#organizationLogo"},"image":{"@id":"https:\/\/anoticiaonline.com.br\/site\/feira-de-adocao-garante-lar-para-caes-e-gatos-em-muriae\/#organizationLogo"}},{"@type":"Person","@id":"https:\/\/anoticiaonline.com.br\/site\/author\/juliana\/#author","url":"https:\/\/anoticiaonline.com.br\/site\/author\/juliana\/","name":"Juliana Laviola","image":{"@type":"ImageObject","@id":"https:\/\/anoticiaonline.com.br\/site\/feira-de-adocao-garante-lar-para-caes-e-gatos-em-muriae\/#authorImage","url":"https:\/\/secure.gravatar.com\/avatar\/b8d45f5c699b100dfaf0e543582f38f38bf94cb7ae3a5e9abf8d891a34773335?s=96&d=mm&r=g","width":96,"height":96,"caption":"Juliana Laviola"}},{"@type":"WebPage","@id":"https:\/\/anoticiaonline.com.br\/site\/feira-de-adocao-garante-lar-para-caes-e-gatos-em-muriae\/#webpage","url":"https:\/\/anoticiaonline.com.br\/site\/feira-de-adocao-garante-lar-para-caes-e-gatos-em-muriae\/","name":"Feira de Ado\u00e7\u00e3o garante lar para c\u00e3es e gatos em Muria\u00e9 - A Not\u00edcia Online","description":"Ao todo, 15 animais foram adotados no evento; quem n\u00e3o conseguiu ir \u00e0 Feira pode comparecer ao Centro de Zoonoses para adotar Quinze animais, sendo nove c\u00e3es e seis gatos, ganharam um novo lar em Muria\u00e9. Eles foram adotados durante a Feira de Ado\u00e7\u00e3o de C\u00e3es, que aconteceu no s\u00e1bado (22), na Pra\u00e7a Jo\u00e3o Pinheiro,","inLanguage":"pt-BR","isPartOf":{"@id":"https:\/\/anoticiaonline.com.br\/site\/#website"},"breadcrumb":{"@id":"https:\/\/anoticiaonline.com.br\/site\/feira-de-adocao-garante-lar-para-caes-e-gatos-em-muriae\/#breadcrumblist"},"author":{"@id":"https:\/\/anoticiaonline.com.br\/site\/author\/juliana\/#author"},"creator":{"@id":"https:\/\/anoticiaonline.com.br\/site\/author\/juliana\/#author"},"datePublished":"2018-12-27T18:50:40-03:00","dateModified":"2018-12-27T18:50:40-03:00"},{"@type":"WebSite","@id":"https:\/\/anoticiaonline.com.br\/site\/#website","url":"https:\/\/anoticiaonline.com.br\/site\/","name":"A Not\u00edcia Online","description":"Noticias de Muria\u00e9 e regi\u00e3o","inLanguage":"pt-BR","publisher":{"@id":"https:\/\/anoticiaonline.com.br\/site\/#organization"}}]},"og:locale":"pt_BR","og:site_name":"A Not\u00edcia Online - Noticias de Muria\u00e9 e regi\u00e3o","og:type":"article","og:title":"Feira de Ado\u00e7\u00e3o garante lar para c\u00e3es e gatos em Muria\u00e9 - A Not\u00edcia Online","og:description":"Ao todo, 15 animais foram adotados no evento; quem n\u00e3o conseguiu ir \u00e0 Feira pode comparecer ao Centro de Zoonoses para adotar Quinze animais, sendo nove c\u00e3es e seis gatos, ganharam um novo lar em Muria\u00e9. Eles foram adotados durante a Feira de Ado\u00e7\u00e3o de C\u00e3es, que aconteceu no s\u00e1bado (22), na Pra\u00e7a Jo\u00e3o Pinheiro,","og:url":"https:\/\/anoticiaonline.com.br\/site\/feira-de-adocao-garante-lar-para-caes-e-gatos-em-muriae\/","og:image":"https:\/\/scontent-gig4-1.xx.fbcdn.net\/v\/t39.30808-1\/270437624_4564083193639691_6907940295614233970_n.jpg?stp=dst-jpg_s200x200_tt6&#038;_nc_cat=111&#038;ccb=1-7&#038;_nc_sid=f907e8&#038;_nc_ohc=SM1wRlP3lJwQ7kNvwEPuBYA&#038;_nc_oc=AdnqrjDN_BNjSSHWO-GbkIWH6fkGMLw4bqvL_NH6e2wMveX7G-rP2dAqsDSq1mJMOaY&#038;_nc_zt=24&#038;_nc_ht=scontent-gig4-1.xx&#038;_nc_gid=AoBFJeGrT1hVaew_6rchkQ&#038;oh=00_AfX7QmFGhQhG2jAllVgXCiM1ZrWgvtp80-Bfppyexh1QEg&#038;oe=689E923C","og:image:secure_url":"https:\/\/scontent-gig4-1.xx.fbcdn.net\/v\/t39.30808-1\/270437624_4564083193639691_6907940295614233970_n.jpg?stp=dst-jpg_s200x200_tt6&#038;_nc_cat=111&#038;ccb=1-7&#038;_nc_sid=f907e8&#038;_nc_ohc=SM1wRlP3lJwQ7kNvwEPuBYA&#038;_nc_oc=AdnqrjDN_BNjSSHWO-GbkIWH6fkGMLw4bqvL_NH6e2wMveX7G-rP2dAqsDSq1mJMOaY&#038;_nc_zt=24&#038;_nc_ht=scontent-gig4-1.xx&#038;_nc_gid=AoBFJeGrT1hVaew_6rchkQ&#038;oh=00_AfX7QmFGhQhG2jAllVgXCiM1ZrWgvtp80-Bfppyexh1QEg&#038;oe=689E923C","article:published_time":"2018-12-27T21:50:40+00:00","article:modified_time":"2018-12-27T21:50:40+00:00","twitter:card":"summary_large_image","twitter:title":"Feira de Ado\u00e7\u00e3o garante lar para c\u00e3es e gatos em Muria\u00e9 - A Not\u00edcia Online","twitter:description":"Ao todo, 15 animais foram adotados no evento; quem n\u00e3o conseguiu ir \u00e0 Feira pode comparecer ao Centro de Zoonoses para adotar Quinze animais, sendo nove c\u00e3es e seis gatos, ganharam um novo lar em Muria\u00e9. Eles foram adotados durante a Feira de Ado\u00e7\u00e3o de C\u00e3es, que aconteceu no s\u00e1bado (22), na Pra\u00e7a Jo\u00e3o Pinheiro,","twitter:image":"https:\/\/scontent-gig4-1.xx.fbcdn.net\/v\/t39.30808-1\/270437624_4564083193639691_6907940295614233970_n.jpg?stp=dst-jpg_s200x200_tt6&_nc_cat=111&ccb=1-7&_nc_sid=f907e8&_nc_ohc=SM1wRlP3lJwQ7kNvwEPuBYA&_nc_oc=AdnqrjDN_BNjSSHWO-GbkIWH6fkGMLw4bqvL_NH6e2wMveX7G-rP2dAqsDSq1mJMOaY&_nc_zt=24&_nc_ht=scontent-gig4-1.xx&_nc_gid=AoBFJeGrT1hVaew_6rchkQ&oh=00_AfX7QmFGhQhG2jAllVgXCiM1ZrWgvtp80-Bfppyexh1QEg&oe=689E923C"},"aioseo_meta_data":{"post_id":"66443","title":null,"description":null,"keywords":null,"keyphrases":null,"primary_term":null,"canonical_url":null,"og_title":null,"og_description":null,"og_object_type":"default","og_image_type":"default","og_image_url":null,"og_image_width":null,"og_image_height":null,"og_image_custom_url":null,"og_image_custom_fields":null,"og_video":null,"og_custom_url":null,"og_article_section":null,"og_article_tags":null,"twitter_use_og":false,"twitter_card":"default","twitter_image_type":"default","twitter_image_url":null,"twitter_image_custom_url":null,"twitter_image_custom_fields":null,"twitter_title":null,"twitter_description":null,"schema":{"blockGraphs":[],"customGraphs":[],"default":{"data":{"Article":[],"Course":[],"Dataset":[],"FAQPage":[],"Movie":[],"Person":[],"Product":[],"ProductReview":[],"Car":[],"Recipe":[],"Service":[],"SoftwareApplication":[],"WebPage":[]},"graphName":"","isEnabled":true},"graphs":[]},"schema_type":"default","schema_type_options":null,"pillar_content":false,"robots_default":true,"robots_noindex":false,"robots_noarchive":false,"robots_nosnippet":false,"robots_nofollow":false,"robots_noimageindex":false,"robots_noodp":false,"robots_notranslate":false,"robots_max_snippet":null,"robots_max_videopreview":null,"robots_max_imagepreview":"large","priority":null,"frequency":null,"local_seo":null,"breadcrumb_settings":null,"limit_modified_date":false,"ai":null,"created":"2025-08-16 22:35:58","updated":"2025-08-16 22:35:58","focus_keyword":null,"additional_keywords":null,"truseo_locale":null,"seo_analyzer_scan_date":null},"aioseo_breadcrumb":"<div class=\"aioseo-breadcrumbs\"><span class=\"aioseo-breadcrumb\">\n\t\t\t<a href=\"https:\/\/anoticiaonline.com.br\/site\" title=\"Home\">Home<\/a>\n\t\t<\/span><span class=\"aioseo-breadcrumb-separator\">&raquo;<\/span><span class=\"aioseo-breadcrumb\">\n\t\t\t<a href=\"https:\/\/anoticiaonline.com.br\/site\/categoria\/muriae\/\" title=\"Blog\">Blog<\/a>\n\t\t<\/span><span class=\"aioseo-breadcrumb-separator\">&raquo;<\/span><span class=\"aioseo-breadcrumb\">\n\t\t\tFeira de Ado\u00e7\u00e3o garante lar para c\u00e3es e gatos em Muria\u00e9\n\t\t<\/span><\/div>","aioseo_breadcrumb_json":[{"label":"Home","link":"https:\/\/anoticiaonline.com.br\/site"},{"label":"Blog","link":"https:\/\/anoticiaonline.com.br\/site\/categoria\/muriae\/"},{"label":"Feira de Ado\u00e7\u00e3o garante lar para c\u00e3es e gatos em Muria\u00e9","link":"https:\/\/anoticiaonline.com.br\/site\/feira-de-adocao-garante-lar-para-caes-e-gatos-em-muriae\/"}],"views":160,"_links":{"self":[{"href":"https:\/\/anoticiaonline.com.br\/site\/wp-json\/wp\/v2\/posts\/66443","targetHints":{"allow":["GET"]}}],"collection":[{"href":"https:\/\/anoticiaonline.com.br\/site\/wp-json\/wp\/v2\/posts"}],"about":[{"href":"https:\/\/anoticiaonline.com.br\/site\/wp-json\/wp\/v2\/types\/post"}],"author":[{"embeddable":true,"href":"https:\/\/anoticiaonline.com.br\/site\/wp-json\/wp\/v2\/users\/2"}],"replies":[{"embeddable":true,"href":"https:\/\/anoticiaonline.com.br\/site\/wp-json\/wp\/v2\/comments?post=66443"}],"version-history":[{"count":0,"href":"https:\/\/anoticiaonline.com.br\/site\/wp-json\/wp\/v2\/posts\/66443\/revisions"}],"wp:attachment":[{"href":"https:\/\/anoticiaonline.com.br\/site\/wp-json\/wp\/v2\/media?parent=66443"}],"wp:term":[{"taxonomy":"category","embeddable":true,"href":"https:\/\/anoticiaonline.com.br\/site\/wp-json\/wp\/v2\/categories?post=66443"},{"taxonomy":"post_tag","embeddable":true,"href":"https:\/\/anoticiaonline.com.br\/site\/wp-json\/wp\/v2\/tags?post=66443"}],"curies":[{"name":"wp","href":"https:\/\/api.w.org\/{rel}","templated":true}]}}