{"id":66435,"date":"2018-12-27T18:35:24","date_gmt":"2018-12-27T21:35:24","guid":{"rendered":"http:\/\/anoticiaonline.com.br\/site\/?p=66435"},"modified":"2018-12-27T18:35:24","modified_gmt":"2018-12-27T21:35:24","slug":"geladeira-solidaria-populacao-carente-tera-acesso-gratuito-a-alimentos","status":"publish","type":"post","link":"https:\/\/anoticiaonline.com.br\/site\/geladeira-solidaria-populacao-carente-tera-acesso-gratuito-a-alimentos\/","title":{"rendered":"\u201cGeladeira solid\u00e1ria\u201d: popula\u00e7\u00e3o carente ter\u00e1 acesso gratuito a alimentos"},"content":{"rendered":"<figure id=\"attachment_66436\" aria-describedby=\"caption-attachment-66436\" style=\"width: 371px\" class=\"wp-caption alignleft\"><a href=\"https:\/\/anoticiaonline.com.br\/site\/wp-content\/uploads\/2018\/12\/Geladeira-solid\u00e1ria-1.jpg\"><img fetchpriority=\"high\" decoding=\"async\" class=\"size-full wp-image-66436\" src=\"https:\/\/anoticiaonline.com.br\/site\/wp-content\/uploads\/2018\/12\/Geladeira-solid\u00e1ria-1.jpg\" alt=\"\" width=\"381\" height=\"285\" srcset=\"https:\/\/anoticiaonline.com.br\/site\/wp-content\/uploads\/2018\/12\/Geladeira-solid\u00e1ria-1.jpg 381w, https:\/\/anoticiaonline.com.br\/site\/wp-content\/uploads\/2018\/12\/Geladeira-solid\u00e1ria-1-300x224.jpg 300w, https:\/\/anoticiaonline.com.br\/site\/wp-content\/uploads\/2018\/12\/Geladeira-solid\u00e1ria-1-105x80.jpg 105w\" sizes=\"(max-width: 381px) 100vw, 381px\" \/><\/a><figcaption id=\"caption-attachment-66436\" class=\"wp-caption-text\">(Foto: Diones Castro\/Facebook)<\/figcaption><\/figure>\n<p>Uma novidade chamou a aten\u00e7\u00e3o de quem passava pela Rua Desembargador Can\u00eado, no Centro de Muria\u00e9. A Igreja Metodista Central lan\u00e7ou o projeto \u201cGeladeira Solid\u00e1ria\u201d, voltado a oferecer alimentos gratuitos para a popula\u00e7\u00e3o carente da cidade. O acesso \u00e0 geladeira \u00e9 livre.<\/p>\n<p>Para abastecer a geladeira, todos podem colaborar. Os alimentos doados devem estar devidamente manipulados, embalados e com a data de validade vis\u00edvel. As entregas s\u00e3o aceitas na pr\u00f3pria igreja, em hor\u00e1rio comercial. Em comunicado, a igreja informou que o objetivo \u00e9 \u201camenizar o sofrimento causado pela fome\u201d.<\/p>\n<p>&nbsp;<\/p>\n","protected":false},"excerpt":{"rendered":"<p>Uma novidade chamou a aten\u00e7\u00e3o de quem passava pela Rua Desembargador Can\u00eado, no Centro de Muria\u00e9. A Igreja Metodista Central lan\u00e7ou o projeto \u201cGeladeira Solid\u00e1ria\u201d, voltado a oferecer alimentos gratuitos para a popula\u00e7\u00e3o carente da cidade. O acesso \u00e0 geladeira \u00e9 livre. Para abastecer a geladeira, todos podem colaborar. Os alimentos doados devem estar devidamente &#8230; <a title=\"\u201cGeladeira solid\u00e1ria\u201d: popula\u00e7\u00e3o carente ter\u00e1 acesso gratuito a alimentos\" class=\"read-more\" href=\"https:\/\/anoticiaonline.com.br\/site\/geladeira-solidaria-populacao-carente-tera-acesso-gratuito-a-alimentos\/\" aria-label=\"Read more about \u201cGeladeira solid\u00e1ria\u201d: popula\u00e7\u00e3o carente ter\u00e1 acesso gratuito a alimentos\">Ler mais<\/a><\/p>\n","protected":false},"author":2,"featured_media":0,"comment_status":"open","ping_status":"open","sticky":false,"template":"","format":"standard","meta":{"_acf_changed":false,"_monsterinsights_skip_tracking":false,"footnotes":""},"categories":[30],"tags":[],"class_list":["post-66435","post","type-post","status-publish","format-standard","hentry","category-muriae"],"acf":[],"aioseo_notices":[],"aioseo_head":"\n\t\t<!-- All in One SEO 5.0.0.1 - aioseo.com -->\n\t<meta name=\"description\" content=\"Uma novidade chamou a aten\u00e7\u00e3o de quem passava pela Rua Desembargador Can\u00eado, no Centro de Muria\u00e9. A Igreja Metodista Central lan\u00e7ou o projeto \u201cGeladeira Solid\u00e1ria\u201d, voltado a oferecer alimentos gratuitos para a popula\u00e7\u00e3o carente da cidade. O acesso \u00e0 geladeira \u00e9 livre. Para abastecer a geladeira, todos podem colaborar. Os alimentos doados devem estar devidamente\" \/>\n\t<meta name=\"robots\" content=\"max-image-preview:large\" \/>\n\t<meta name=\"author\" content=\"Juliana Laviola\"\/>\n\t<link rel=\"canonical\" href=\"https:\/\/anoticiaonline.com.br\/site\/geladeira-solidaria-populacao-carente-tera-acesso-gratuito-a-alimentos\/\" \/>\n\t<meta name=\"generator\" content=\"All in One SEO (AIOSEO) 5.0.0.1\" \/>\n\t\t<meta property=\"og:locale\" content=\"pt_BR\" \/>\n\t\t<meta property=\"og:site_name\" content=\"A Not\u00edcia Online - Noticias de Muria\u00e9 e regi\u00e3o\" \/>\n\t\t<meta property=\"og:type\" content=\"article\" \/>\n\t\t<meta property=\"og:title\" content=\"\u201cGeladeira solid\u00e1ria\u201d: popula\u00e7\u00e3o carente ter\u00e1 acesso gratuito a alimentos - A Not\u00edcia Online\" \/>\n\t\t<meta property=\"og:description\" content=\"Uma novidade chamou a aten\u00e7\u00e3o de quem passava pela Rua Desembargador Can\u00eado, no Centro de Muria\u00e9. A Igreja Metodista Central lan\u00e7ou o projeto \u201cGeladeira Solid\u00e1ria\u201d, voltado a oferecer alimentos gratuitos para a popula\u00e7\u00e3o carente da cidade. O acesso \u00e0 geladeira \u00e9 livre. Para abastecer a geladeira, todos podem colaborar. Os alimentos doados devem estar devidamente\" \/>\n\t\t<meta property=\"og:url\" content=\"https:\/\/anoticiaonline.com.br\/site\/geladeira-solidaria-populacao-carente-tera-acesso-gratuito-a-alimentos\/\" \/>\n\t\t<meta property=\"og:image\" content=\"https:\/\/scontent-gig4-1.xx.fbcdn.net\/v\/t39.30808-1\/270437624_4564083193639691_6907940295614233970_n.jpg?stp=dst-jpg_s200x200_tt6&#038;_nc_cat=111&#038;ccb=1-7&#038;_nc_sid=f907e8&#038;_nc_ohc=SM1wRlP3lJwQ7kNvwEPuBYA&#038;_nc_oc=AdnqrjDN_BNjSSHWO-GbkIWH6fkGMLw4bqvL_NH6e2wMveX7G-rP2dAqsDSq1mJMOaY&#038;_nc_zt=24&#038;_nc_ht=scontent-gig4-1.xx&#038;_nc_gid=AoBFJeGrT1hVaew_6rchkQ&#038;oh=00_AfX7QmFGhQhG2jAllVgXCiM1ZrWgvtp80-Bfppyexh1QEg&#038;oe=689E923C\" \/>\n\t\t<meta property=\"og:image:secure_url\" content=\"https:\/\/scontent-gig4-1.xx.fbcdn.net\/v\/t39.30808-1\/270437624_4564083193639691_6907940295614233970_n.jpg?stp=dst-jpg_s200x200_tt6&#038;_nc_cat=111&#038;ccb=1-7&#038;_nc_sid=f907e8&#038;_nc_ohc=SM1wRlP3lJwQ7kNvwEPuBYA&#038;_nc_oc=AdnqrjDN_BNjSSHWO-GbkIWH6fkGMLw4bqvL_NH6e2wMveX7G-rP2dAqsDSq1mJMOaY&#038;_nc_zt=24&#038;_nc_ht=scontent-gig4-1.xx&#038;_nc_gid=AoBFJeGrT1hVaew_6rchkQ&#038;oh=00_AfX7QmFGhQhG2jAllVgXCiM1ZrWgvtp80-Bfppyexh1QEg&#038;oe=689E923C\" \/>\n\t\t<meta property=\"article:published_time\" content=\"2018-12-27T21:35:24+00:00\" \/>\n\t\t<meta property=\"article:modified_time\" content=\"2018-12-27T21:35:24+00:00\" \/>\n\t\t<meta name=\"twitter:card\" content=\"summary_large_image\" \/>\n\t\t<meta name=\"twitter:title\" content=\"\u201cGeladeira solid\u00e1ria\u201d: popula\u00e7\u00e3o carente ter\u00e1 acesso gratuito a alimentos - A Not\u00edcia Online\" \/>\n\t\t<meta name=\"twitter:description\" content=\"Uma novidade chamou a aten\u00e7\u00e3o de quem passava pela Rua Desembargador Can\u00eado, no Centro de Muria\u00e9. A Igreja Metodista Central lan\u00e7ou o projeto \u201cGeladeira Solid\u00e1ria\u201d, voltado a oferecer alimentos gratuitos para a popula\u00e7\u00e3o carente da cidade. O acesso \u00e0 geladeira \u00e9 livre. Para abastecer a geladeira, todos podem colaborar. Os alimentos doados devem estar devidamente\" \/>\n\t\t<meta name=\"twitter:image\" content=\"https:\/\/scontent-gig4-1.xx.fbcdn.net\/v\/t39.30808-1\/270437624_4564083193639691_6907940295614233970_n.jpg?stp=dst-jpg_s200x200_tt6&amp;_nc_cat=111&amp;ccb=1-7&amp;_nc_sid=f907e8&amp;_nc_ohc=SM1wRlP3lJwQ7kNvwEPuBYA&amp;_nc_oc=AdnqrjDN_BNjSSHWO-GbkIWH6fkGMLw4bqvL_NH6e2wMveX7G-rP2dAqsDSq1mJMOaY&amp;_nc_zt=24&amp;_nc_ht=scontent-gig4-1.xx&amp;_nc_gid=AoBFJeGrT1hVaew_6rchkQ&amp;oh=00_AfX7QmFGhQhG2jAllVgXCiM1ZrWgvtp80-Bfppyexh1QEg&amp;oe=689E923C\" \/>\n\t\t<script type=\"application\/ld+json\" class=\"aioseo-schema\">\n\t\t\t{\"@context\":\"https:\\\/\\\/schema.org\",\"@graph\":[{\"@type\":\"BlogPosting\",\"@id\":\"https:\\\/\\\/anoticiaonline.com.br\\\/site\\\/geladeira-solidaria-populacao-carente-tera-acesso-gratuito-a-alimentos\\\/#blogposting\",\"name\":\"\\u201cGeladeira solid\\u00e1ria\\u201d: popula\\u00e7\\u00e3o carente ter\\u00e1 acesso gratuito a alimentos - A Not\\u00edcia Online\",\"headline\":\"\\u201cGeladeira solid\\u00e1ria\\u201d: popula\\u00e7\\u00e3o carente ter\\u00e1 acesso gratuito a alimentos\",\"author\":{\"@id\":\"https:\\\/\\\/anoticiaonline.com.br\\\/site\\\/author\\\/juliana\\\/#author\"},\"publisher\":{\"@id\":\"https:\\\/\\\/anoticiaonline.com.br\\\/site\\\/#organization\"},\"image\":{\"@type\":\"ImageObject\",\"url\":\"https:\\\/\\\/anoticiaonline.com.br\\\/site\\\/wp-content\\\/uploads\\\/2018\\\/12\\\/Geladeira-solid\\u00e1ria-1.jpg\",\"@id\":\"https:\\\/\\\/anoticiaonline.com.br\\\/site\\\/geladeira-solidaria-populacao-carente-tera-acesso-gratuito-a-alimentos\\\/#articleImage\",\"width\":381,\"height\":285,\"caption\":\"(Foto: Diones Castro\\\/Facebook)\"},\"datePublished\":\"2018-12-27T18:35:24-03:00\",\"dateModified\":\"2018-12-27T18:35:24-03:00\",\"inLanguage\":\"pt-BR\",\"mainEntityOfPage\":{\"@id\":\"https:\\\/\\\/anoticiaonline.com.br\\\/site\\\/geladeira-solidaria-populacao-carente-tera-acesso-gratuito-a-alimentos\\\/#webpage\"},\"isPartOf\":{\"@id\":\"https:\\\/\\\/anoticiaonline.com.br\\\/site\\\/geladeira-solidaria-populacao-carente-tera-acesso-gratuito-a-alimentos\\\/#webpage\"},\"articleSection\":\"Blog\"},{\"@type\":\"BreadcrumbList\",\"@id\":\"https:\\\/\\\/anoticiaonline.com.br\\\/site\\\/geladeira-solidaria-populacao-carente-tera-acesso-gratuito-a-alimentos\\\/#breadcrumblist\",\"itemListElement\":[{\"@type\":\"ListItem\",\"@id\":\"https:\\\/\\\/anoticiaonline.com.br\\\/site#listItem\",\"position\":1,\"name\":\"Home\",\"item\":\"https:\\\/\\\/anoticiaonline.com.br\\\/site\",\"nextItem\":{\"@type\":\"ListItem\",\"@id\":\"https:\\\/\\\/anoticiaonline.com.br\\\/site\\\/categoria\\\/muriae\\\/#listItem\",\"name\":\"Blog\"}},{\"@type\":\"ListItem\",\"@id\":\"https:\\\/\\\/anoticiaonline.com.br\\\/site\\\/categoria\\\/muriae\\\/#listItem\",\"position\":2,\"name\":\"Blog\",\"item\":\"https:\\\/\\\/anoticiaonline.com.br\\\/site\\\/categoria\\\/muriae\\\/\",\"nextItem\":{\"@type\":\"ListItem\",\"@id\":\"https:\\\/\\\/anoticiaonline.com.br\\\/site\\\/geladeira-solidaria-populacao-carente-tera-acesso-gratuito-a-alimentos\\\/#listItem\",\"name\":\"\\u201cGeladeira solid\\u00e1ria\\u201d: popula\\u00e7\\u00e3o carente ter\\u00e1 acesso gratuito a alimentos\"},\"previousItem\":{\"@type\":\"ListItem\",\"@id\":\"https:\\\/\\\/anoticiaonline.com.br\\\/site#listItem\",\"name\":\"Home\"}},{\"@type\":\"ListItem\",\"@id\":\"https:\\\/\\\/anoticiaonline.com.br\\\/site\\\/geladeira-solidaria-populacao-carente-tera-acesso-gratuito-a-alimentos\\\/#listItem\",\"position\":3,\"name\":\"\\u201cGeladeira solid\\u00e1ria\\u201d: popula\\u00e7\\u00e3o carente ter\\u00e1 acesso gratuito a alimentos\",\"previousItem\":{\"@type\":\"ListItem\",\"@id\":\"https:\\\/\\\/anoticiaonline.com.br\\\/site\\\/categoria\\\/muriae\\\/#listItem\",\"name\":\"Blog\"}}]},{\"@type\":\"Organization\",\"@id\":\"https:\\\/\\\/anoticiaonline.com.br\\\/site\\\/#organization\",\"name\":\"A Not\\u00edcia Online\",\"description\":\"Noticias de Muria\\u00e9 e regi\\u00e3o\",\"url\":\"https:\\\/\\\/anoticiaonline.com.br\\\/site\\\/\",\"logo\":{\"@type\":\"ImageObject\",\"url\":\"https:\\\/\\\/scontent-gig4-1.xx.fbcdn.net\\\/v\\\/t39.30808-1\\\/270437624_4564083193639691_6907940295614233970_n.jpg?stp=dst-jpg_s200x200_tt6&_nc_cat=111&ccb=1-7&_nc_sid=f907e8&_nc_ohc=SM1wRlP3lJwQ7kNvwEPuBYA&_nc_oc=AdnqrjDN_BNjSSHWO-GbkIWH6fkGMLw4bqvL_NH6e2wMveX7G-rP2dAqsDSq1mJMOaY&_nc_zt=24&_nc_ht=scontent-gig4-1.xx&_nc_gid=AoBFJeGrT1hVaew_6rchkQ&oh=00_AfX7QmFGhQhG2jAllVgXCiM1ZrWgvtp80-Bfppyexh1QEg&oe=689E923C\",\"@id\":\"https:\\\/\\\/anoticiaonline.com.br\\\/site\\\/geladeira-solidaria-populacao-carente-tera-acesso-gratuito-a-alimentos\\\/#organizationLogo\"},\"image\":{\"@id\":\"https:\\\/\\\/anoticiaonline.com.br\\\/site\\\/geladeira-solidaria-populacao-carente-tera-acesso-gratuito-a-alimentos\\\/#organizationLogo\"}},{\"@type\":\"Person\",\"@id\":\"https:\\\/\\\/anoticiaonline.com.br\\\/site\\\/author\\\/juliana\\\/#author\",\"url\":\"https:\\\/\\\/anoticiaonline.com.br\\\/site\\\/author\\\/juliana\\\/\",\"name\":\"Juliana Laviola\",\"image\":{\"@type\":\"ImageObject\",\"@id\":\"https:\\\/\\\/anoticiaonline.com.br\\\/site\\\/geladeira-solidaria-populacao-carente-tera-acesso-gratuito-a-alimentos\\\/#authorImage\",\"url\":\"https:\\\/\\\/secure.gravatar.com\\\/avatar\\\/b8d45f5c699b100dfaf0e543582f38f38bf94cb7ae3a5e9abf8d891a34773335?s=96&d=mm&r=g\",\"width\":96,\"height\":96,\"caption\":\"Juliana Laviola\"}},{\"@type\":\"WebPage\",\"@id\":\"https:\\\/\\\/anoticiaonline.com.br\\\/site\\\/geladeira-solidaria-populacao-carente-tera-acesso-gratuito-a-alimentos\\\/#webpage\",\"url\":\"https:\\\/\\\/anoticiaonline.com.br\\\/site\\\/geladeira-solidaria-populacao-carente-tera-acesso-gratuito-a-alimentos\\\/\",\"name\":\"\\u201cGeladeira solid\\u00e1ria\\u201d: popula\\u00e7\\u00e3o carente ter\\u00e1 acesso gratuito a alimentos - A Not\\u00edcia Online\",\"description\":\"Uma novidade chamou a aten\\u00e7\\u00e3o de quem passava pela Rua Desembargador Can\\u00eado, no Centro de Muria\\u00e9. A Igreja Metodista Central lan\\u00e7ou o projeto \\u201cGeladeira Solid\\u00e1ria\\u201d, voltado a oferecer alimentos gratuitos para a popula\\u00e7\\u00e3o carente da cidade. O acesso \\u00e0 geladeira \\u00e9 livre. Para abastecer a geladeira, todos podem colaborar. Os alimentos doados devem estar devidamente\",\"inLanguage\":\"pt-BR\",\"isPartOf\":{\"@id\":\"https:\\\/\\\/anoticiaonline.com.br\\\/site\\\/#website\"},\"breadcrumb\":{\"@id\":\"https:\\\/\\\/anoticiaonline.com.br\\\/site\\\/geladeira-solidaria-populacao-carente-tera-acesso-gratuito-a-alimentos\\\/#breadcrumblist\"},\"author\":{\"@id\":\"https:\\\/\\\/anoticiaonline.com.br\\\/site\\\/author\\\/juliana\\\/#author\"},\"creator\":{\"@id\":\"https:\\\/\\\/anoticiaonline.com.br\\\/site\\\/author\\\/juliana\\\/#author\"},\"datePublished\":\"2018-12-27T18:35:24-03:00\",\"dateModified\":\"2018-12-27T18:35:24-03:00\"},{\"@type\":\"WebSite\",\"@id\":\"https:\\\/\\\/anoticiaonline.com.br\\\/site\\\/#website\",\"url\":\"https:\\\/\\\/anoticiaonline.com.br\\\/site\\\/\",\"name\":\"A Not\\u00edcia Online\",\"description\":\"Noticias de Muria\\u00e9 e regi\\u00e3o\",\"inLanguage\":\"pt-BR\",\"publisher\":{\"@id\":\"https:\\\/\\\/anoticiaonline.com.br\\\/site\\\/#organization\"}}]}\n\t\t<\/script>\n\t\t<!-- All in One SEO -->\n\n","aioseo_head_json":{"title":"\u201cGeladeira solid\u00e1ria\u201d: popula\u00e7\u00e3o carente ter\u00e1 acesso gratuito a alimentos - A Not\u00edcia Online","description":"Uma novidade chamou a aten\u00e7\u00e3o de quem passava pela Rua Desembargador Can\u00eado, no Centro de Muria\u00e9. A Igreja Metodista Central lan\u00e7ou o projeto \u201cGeladeira Solid\u00e1ria\u201d, voltado a oferecer alimentos gratuitos para a popula\u00e7\u00e3o carente da cidade. O acesso \u00e0 geladeira \u00e9 livre. Para abastecer a geladeira, todos podem colaborar. Os alimentos doados devem estar devidamente","canonical_url":"https:\/\/anoticiaonline.com.br\/site\/geladeira-solidaria-populacao-carente-tera-acesso-gratuito-a-alimentos\/","robots":"max-image-preview:large","keywords":"","webmasterTools":{"miscellaneous":""},"schema":{"@context":"https:\/\/schema.org","@graph":[{"@type":"BlogPosting","@id":"https:\/\/anoticiaonline.com.br\/site\/geladeira-solidaria-populacao-carente-tera-acesso-gratuito-a-alimentos\/#blogposting","name":"\u201cGeladeira solid\u00e1ria\u201d: popula\u00e7\u00e3o carente ter\u00e1 acesso gratuito a alimentos - A Not\u00edcia Online","headline":"\u201cGeladeira solid\u00e1ria\u201d: popula\u00e7\u00e3o carente ter\u00e1 acesso gratuito a alimentos","author":{"@id":"https:\/\/anoticiaonline.com.br\/site\/author\/juliana\/#author"},"publisher":{"@id":"https:\/\/anoticiaonline.com.br\/site\/#organization"},"image":{"@type":"ImageObject","url":"https:\/\/anoticiaonline.com.br\/site\/wp-content\/uploads\/2018\/12\/Geladeira-solid\u00e1ria-1.jpg","@id":"https:\/\/anoticiaonline.com.br\/site\/geladeira-solidaria-populacao-carente-tera-acesso-gratuito-a-alimentos\/#articleImage","width":381,"height":285,"caption":"(Foto: Diones Castro\/Facebook)"},"datePublished":"2018-12-27T18:35:24-03:00","dateModified":"2018-12-27T18:35:24-03:00","inLanguage":"pt-BR","mainEntityOfPage":{"@id":"https:\/\/anoticiaonline.com.br\/site\/geladeira-solidaria-populacao-carente-tera-acesso-gratuito-a-alimentos\/#webpage"},"isPartOf":{"@id":"https:\/\/anoticiaonline.com.br\/site\/geladeira-solidaria-populacao-carente-tera-acesso-gratuito-a-alimentos\/#webpage"},"articleSection":"Blog"},{"@type":"BreadcrumbList","@id":"https:\/\/anoticiaonline.com.br\/site\/geladeira-solidaria-populacao-carente-tera-acesso-gratuito-a-alimentos\/#breadcrumblist","itemListElement":[{"@type":"ListItem","@id":"https:\/\/anoticiaonline.com.br\/site#listItem","position":1,"name":"Home","item":"https:\/\/anoticiaonline.com.br\/site","nextItem":{"@type":"ListItem","@id":"https:\/\/anoticiaonline.com.br\/site\/categoria\/muriae\/#listItem","name":"Blog"}},{"@type":"ListItem","@id":"https:\/\/anoticiaonline.com.br\/site\/categoria\/muriae\/#listItem","position":2,"name":"Blog","item":"https:\/\/anoticiaonline.com.br\/site\/categoria\/muriae\/","nextItem":{"@type":"ListItem","@id":"https:\/\/anoticiaonline.com.br\/site\/geladeira-solidaria-populacao-carente-tera-acesso-gratuito-a-alimentos\/#listItem","name":"\u201cGeladeira solid\u00e1ria\u201d: popula\u00e7\u00e3o carente ter\u00e1 acesso gratuito a alimentos"},"previousItem":{"@type":"ListItem","@id":"https:\/\/anoticiaonline.com.br\/site#listItem","name":"Home"}},{"@type":"ListItem","@id":"https:\/\/anoticiaonline.com.br\/site\/geladeira-solidaria-populacao-carente-tera-acesso-gratuito-a-alimentos\/#listItem","position":3,"name":"\u201cGeladeira solid\u00e1ria\u201d: popula\u00e7\u00e3o carente ter\u00e1 acesso gratuito a alimentos","previousItem":{"@type":"ListItem","@id":"https:\/\/anoticiaonline.com.br\/site\/categoria\/muriae\/#listItem","name":"Blog"}}]},{"@type":"Organization","@id":"https:\/\/anoticiaonline.com.br\/site\/#organization","name":"A Not\u00edcia Online","description":"Noticias de Muria\u00e9 e regi\u00e3o","url":"https:\/\/anoticiaonline.com.br\/site\/","logo":{"@type":"ImageObject","url":"https:\/\/scontent-gig4-1.xx.fbcdn.net\/v\/t39.30808-1\/270437624_4564083193639691_6907940295614233970_n.jpg?stp=dst-jpg_s200x200_tt6&_nc_cat=111&ccb=1-7&_nc_sid=f907e8&_nc_ohc=SM1wRlP3lJwQ7kNvwEPuBYA&_nc_oc=AdnqrjDN_BNjSSHWO-GbkIWH6fkGMLw4bqvL_NH6e2wMveX7G-rP2dAqsDSq1mJMOaY&_nc_zt=24&_nc_ht=scontent-gig4-1.xx&_nc_gid=AoBFJeGrT1hVaew_6rchkQ&oh=00_AfX7QmFGhQhG2jAllVgXCiM1ZrWgvtp80-Bfppyexh1QEg&oe=689E923C","@id":"https:\/\/anoticiaonline.com.br\/site\/geladeira-solidaria-populacao-carente-tera-acesso-gratuito-a-alimentos\/#organizationLogo"},"image":{"@id":"https:\/\/anoticiaonline.com.br\/site\/geladeira-solidaria-populacao-carente-tera-acesso-gratuito-a-alimentos\/#organizationLogo"}},{"@type":"Person","@id":"https:\/\/anoticiaonline.com.br\/site\/author\/juliana\/#author","url":"https:\/\/anoticiaonline.com.br\/site\/author\/juliana\/","name":"Juliana Laviola","image":{"@type":"ImageObject","@id":"https:\/\/anoticiaonline.com.br\/site\/geladeira-solidaria-populacao-carente-tera-acesso-gratuito-a-alimentos\/#authorImage","url":"https:\/\/secure.gravatar.com\/avatar\/b8d45f5c699b100dfaf0e543582f38f38bf94cb7ae3a5e9abf8d891a34773335?s=96&d=mm&r=g","width":96,"height":96,"caption":"Juliana Laviola"}},{"@type":"WebPage","@id":"https:\/\/anoticiaonline.com.br\/site\/geladeira-solidaria-populacao-carente-tera-acesso-gratuito-a-alimentos\/#webpage","url":"https:\/\/anoticiaonline.com.br\/site\/geladeira-solidaria-populacao-carente-tera-acesso-gratuito-a-alimentos\/","name":"\u201cGeladeira solid\u00e1ria\u201d: popula\u00e7\u00e3o carente ter\u00e1 acesso gratuito a alimentos - A Not\u00edcia Online","description":"Uma novidade chamou a aten\u00e7\u00e3o de quem passava pela Rua Desembargador Can\u00eado, no Centro de Muria\u00e9. A Igreja Metodista Central lan\u00e7ou o projeto \u201cGeladeira Solid\u00e1ria\u201d, voltado a oferecer alimentos gratuitos para a popula\u00e7\u00e3o carente da cidade. O acesso \u00e0 geladeira \u00e9 livre. Para abastecer a geladeira, todos podem colaborar. Os alimentos doados devem estar devidamente","inLanguage":"pt-BR","isPartOf":{"@id":"https:\/\/anoticiaonline.com.br\/site\/#website"},"breadcrumb":{"@id":"https:\/\/anoticiaonline.com.br\/site\/geladeira-solidaria-populacao-carente-tera-acesso-gratuito-a-alimentos\/#breadcrumblist"},"author":{"@id":"https:\/\/anoticiaonline.com.br\/site\/author\/juliana\/#author"},"creator":{"@id":"https:\/\/anoticiaonline.com.br\/site\/author\/juliana\/#author"},"datePublished":"2018-12-27T18:35:24-03:00","dateModified":"2018-12-27T18:35:24-03:00"},{"@type":"WebSite","@id":"https:\/\/anoticiaonline.com.br\/site\/#website","url":"https:\/\/anoticiaonline.com.br\/site\/","name":"A Not\u00edcia Online","description":"Noticias de Muria\u00e9 e regi\u00e3o","inLanguage":"pt-BR","publisher":{"@id":"https:\/\/anoticiaonline.com.br\/site\/#organization"}}]},"og:locale":"pt_BR","og:site_name":"A Not\u00edcia Online - Noticias de Muria\u00e9 e regi\u00e3o","og:type":"article","og:title":"\u201cGeladeira solid\u00e1ria\u201d: popula\u00e7\u00e3o carente ter\u00e1 acesso gratuito a alimentos - A Not\u00edcia Online","og:description":"Uma novidade chamou a aten\u00e7\u00e3o de quem passava pela Rua Desembargador Can\u00eado, no Centro de Muria\u00e9. A Igreja Metodista Central lan\u00e7ou o projeto \u201cGeladeira Solid\u00e1ria\u201d, voltado a oferecer alimentos gratuitos para a popula\u00e7\u00e3o carente da cidade. O acesso \u00e0 geladeira \u00e9 livre. Para abastecer a geladeira, todos podem colaborar. Os alimentos doados devem estar devidamente","og:url":"https:\/\/anoticiaonline.com.br\/site\/geladeira-solidaria-populacao-carente-tera-acesso-gratuito-a-alimentos\/","og:image":"https:\/\/scontent-gig4-1.xx.fbcdn.net\/v\/t39.30808-1\/270437624_4564083193639691_6907940295614233970_n.jpg?stp=dst-jpg_s200x200_tt6&#038;_nc_cat=111&#038;ccb=1-7&#038;_nc_sid=f907e8&#038;_nc_ohc=SM1wRlP3lJwQ7kNvwEPuBYA&#038;_nc_oc=AdnqrjDN_BNjSSHWO-GbkIWH6fkGMLw4bqvL_NH6e2wMveX7G-rP2dAqsDSq1mJMOaY&#038;_nc_zt=24&#038;_nc_ht=scontent-gig4-1.xx&#038;_nc_gid=AoBFJeGrT1hVaew_6rchkQ&#038;oh=00_AfX7QmFGhQhG2jAllVgXCiM1ZrWgvtp80-Bfppyexh1QEg&#038;oe=689E923C","og:image:secure_url":"https:\/\/scontent-gig4-1.xx.fbcdn.net\/v\/t39.30808-1\/270437624_4564083193639691_6907940295614233970_n.jpg?stp=dst-jpg_s200x200_tt6&#038;_nc_cat=111&#038;ccb=1-7&#038;_nc_sid=f907e8&#038;_nc_ohc=SM1wRlP3lJwQ7kNvwEPuBYA&#038;_nc_oc=AdnqrjDN_BNjSSHWO-GbkIWH6fkGMLw4bqvL_NH6e2wMveX7G-rP2dAqsDSq1mJMOaY&#038;_nc_zt=24&#038;_nc_ht=scontent-gig4-1.xx&#038;_nc_gid=AoBFJeGrT1hVaew_6rchkQ&#038;oh=00_AfX7QmFGhQhG2jAllVgXCiM1ZrWgvtp80-Bfppyexh1QEg&#038;oe=689E923C","article:published_time":"2018-12-27T21:35:24+00:00","article:modified_time":"2018-12-27T21:35:24+00:00","twitter:card":"summary_large_image","twitter:title":"\u201cGeladeira solid\u00e1ria\u201d: popula\u00e7\u00e3o carente ter\u00e1 acesso gratuito a alimentos - A Not\u00edcia Online","twitter:description":"Uma novidade chamou a aten\u00e7\u00e3o de quem passava pela Rua Desembargador Can\u00eado, no Centro de Muria\u00e9. A Igreja Metodista Central lan\u00e7ou o projeto \u201cGeladeira Solid\u00e1ria\u201d, voltado a oferecer alimentos gratuitos para a popula\u00e7\u00e3o carente da cidade. O acesso \u00e0 geladeira \u00e9 livre. Para abastecer a geladeira, todos podem colaborar. Os alimentos doados devem estar devidamente","twitter:image":"https:\/\/scontent-gig4-1.xx.fbcdn.net\/v\/t39.30808-1\/270437624_4564083193639691_6907940295614233970_n.jpg?stp=dst-jpg_s200x200_tt6&_nc_cat=111&ccb=1-7&_nc_sid=f907e8&_nc_ohc=SM1wRlP3lJwQ7kNvwEPuBYA&_nc_oc=AdnqrjDN_BNjSSHWO-GbkIWH6fkGMLw4bqvL_NH6e2wMveX7G-rP2dAqsDSq1mJMOaY&_nc_zt=24&_nc_ht=scontent-gig4-1.xx&_nc_gid=AoBFJeGrT1hVaew_6rchkQ&oh=00_AfX7QmFGhQhG2jAllVgXCiM1ZrWgvtp80-Bfppyexh1QEg&oe=689E923C"},"aioseo_meta_data":{"post_id":"66435","title":null,"description":null,"keywords":null,"keyphrases":null,"primary_term":null,"canonical_url":null,"og_title":null,"og_description":null,"og_object_type":"default","og_image_type":"default","og_image_url":null,"og_image_width":null,"og_image_height":null,"og_image_custom_url":null,"og_image_custom_fields":null,"og_video":null,"og_custom_url":null,"og_article_section":null,"og_article_tags":null,"twitter_use_og":false,"twitter_card":"default","twitter_image_type":"default","twitter_image_url":null,"twitter_image_custom_url":null,"twitter_image_custom_fields":null,"twitter_title":null,"twitter_description":null,"schema":{"blockGraphs":[],"customGraphs":[],"default":{"data":{"Article":[],"Course":[],"Dataset":[],"FAQPage":[],"Movie":[],"Person":[],"Product":[],"ProductReview":[],"Car":[],"Recipe":[],"Service":[],"SoftwareApplication":[],"WebPage":[]},"graphName":"","isEnabled":true},"graphs":[]},"schema_type":"default","schema_type_options":null,"pillar_content":false,"robots_default":true,"robots_noindex":false,"robots_noarchive":false,"robots_nosnippet":false,"robots_nofollow":false,"robots_noimageindex":false,"robots_noodp":false,"robots_notranslate":false,"robots_max_snippet":null,"robots_max_videopreview":null,"robots_max_imagepreview":"large","priority":null,"frequency":null,"local_seo":null,"breadcrumb_settings":null,"limit_modified_date":false,"ai":null,"created":"2025-08-16 22:35:58","updated":"2025-08-16 22:35:58","focus_keyword":null,"additional_keywords":null,"truseo_locale":null,"seo_analyzer_scan_date":null},"aioseo_breadcrumb":"<div class=\"aioseo-breadcrumbs\"><span class=\"aioseo-breadcrumb\">\n\t\t\t<a href=\"https:\/\/anoticiaonline.com.br\/site\" title=\"Home\">Home<\/a>\n\t\t<\/span><span class=\"aioseo-breadcrumb-separator\">&raquo;<\/span><span class=\"aioseo-breadcrumb\">\n\t\t\t<a href=\"https:\/\/anoticiaonline.com.br\/site\/categoria\/muriae\/\" title=\"Blog\">Blog<\/a>\n\t\t<\/span><span class=\"aioseo-breadcrumb-separator\">&raquo;<\/span><span class=\"aioseo-breadcrumb\">\n\t\t\t\u201cGeladeira solid\u00e1ria\u201d: popula\u00e7\u00e3o carente ter\u00e1 acesso gratuito a alimentos\n\t\t<\/span><\/div>","aioseo_breadcrumb_json":[{"label":"Home","link":"https:\/\/anoticiaonline.com.br\/site"},{"label":"Blog","link":"https:\/\/anoticiaonline.com.br\/site\/categoria\/muriae\/"},{"label":"\u201cGeladeira solid\u00e1ria\u201d: popula\u00e7\u00e3o carente ter\u00e1 acesso gratuito a alimentos","link":"https:\/\/anoticiaonline.com.br\/site\/geladeira-solidaria-populacao-carente-tera-acesso-gratuito-a-alimentos\/"}],"views":155,"_links":{"self":[{"href":"https:\/\/anoticiaonline.com.br\/site\/wp-json\/wp\/v2\/posts\/66435","targetHints":{"allow":["GET"]}}],"collection":[{"href":"https:\/\/anoticiaonline.com.br\/site\/wp-json\/wp\/v2\/posts"}],"about":[{"href":"https:\/\/anoticiaonline.com.br\/site\/wp-json\/wp\/v2\/types\/post"}],"author":[{"embeddable":true,"href":"https:\/\/anoticiaonline.com.br\/site\/wp-json\/wp\/v2\/users\/2"}],"replies":[{"embeddable":true,"href":"https:\/\/anoticiaonline.com.br\/site\/wp-json\/wp\/v2\/comments?post=66435"}],"version-history":[{"count":0,"href":"https:\/\/anoticiaonline.com.br\/site\/wp-json\/wp\/v2\/posts\/66435\/revisions"}],"wp:attachment":[{"href":"https:\/\/anoticiaonline.com.br\/site\/wp-json\/wp\/v2\/media?parent=66435"}],"wp:term":[{"taxonomy":"category","embeddable":true,"href":"https:\/\/anoticiaonline.com.br\/site\/wp-json\/wp\/v2\/categories?post=66435"},{"taxonomy":"post_tag","embeddable":true,"href":"https:\/\/anoticiaonline.com.br\/site\/wp-json\/wp\/v2\/tags?post=66435"}],"curies":[{"name":"wp","href":"https:\/\/api.w.org\/{rel}","templated":true}]}}