{"id":66432,"date":"2018-12-27T18:22:38","date_gmt":"2018-12-27T21:22:38","guid":{"rendered":"http:\/\/anoticiaonline.com.br\/site\/?p=66432"},"modified":"2018-12-27T18:43:52","modified_gmt":"2018-12-27T21:43:52","slug":"operacao-natal-da-prf-registra-11-mortes-nas-brs-de-minas","status":"publish","type":"post","link":"https:\/\/anoticiaonline.com.br\/site\/operacao-natal-da-prf-registra-11-mortes-nas-brs-de-minas\/","title":{"rendered":"Opera\u00e7\u00e3o Natal da PRF registra 11 mortes nas BRs de Minas"},"content":{"rendered":"<figure id=\"attachment_66433\" aria-describedby=\"caption-attachment-66433\" style=\"width: 990px\" class=\"wp-caption alignnone\"><a href=\"https:\/\/anoticiaonline.com.br\/site\/wp-content\/uploads\/2018\/12\/PRF.jpg\"><img fetchpriority=\"high\" decoding=\"async\" class=\"wp-image-66433 size-full\" src=\"https:\/\/anoticiaonline.com.br\/site\/wp-content\/uploads\/2018\/12\/PRF.jpg\" alt=\"\" width=\"1000\" height=\"547\" srcset=\"https:\/\/anoticiaonline.com.br\/site\/wp-content\/uploads\/2018\/12\/PRF.jpg 1000w, https:\/\/anoticiaonline.com.br\/site\/wp-content\/uploads\/2018\/12\/PRF-300x164.jpg 300w, https:\/\/anoticiaonline.com.br\/site\/wp-content\/uploads\/2018\/12\/PRF-768x420.jpg 768w\" sizes=\"(max-width: 1000px) 100vw, 1000px\" \/><\/a><figcaption id=\"caption-attachment-66433\" class=\"wp-caption-text\">Acidente em Leopoldina deixou dois mortos, no dia 23 (Foto: Silvan Alves\/O Vigilante Online)<\/figcaption><\/figure>\n<p>A Pol\u00edcia Rodovi\u00e1ria Federal (PRF) de Minas Gerais apresentou, na quinta-feira (27), um balan\u00e7o da sua \u201cOpera\u00e7\u00e3o Natal 2018\u201d, realizada em todas as rodovias federais que cortam o estado. Entre os dias 21 e 26 de dezembro, foram registrados 172 acidentes, com 250 feridos e 11 mortos.<!--more--><\/p>\n<p>Mesmo com um dia a mais de opera\u00e7\u00e3o em rela\u00e7\u00e3o a 2017, o n\u00famero de v\u00edtimas fatais caiu de 14 para 11. Respons\u00e1vel pela regi\u00e3o de Muria\u00e9, a PRF de Leopoldina registrou apenas um acidente com \u00f3bitos: duas pessoas morreram em uma colis\u00e3o frontal em Leopoldina, no dia 23. A campe\u00e3 em \u00f3bitos entre as rodovias federais do estado foi a BR-040, com quatro mortes.<\/p>\n<p>No total, a PRF registrou, em todo o estado 9.227 flagrantes com radar eletr\u00f4nico por excesso de velocidade, 736 multas por ultrapassagens proibidas, 7.279 ve\u00edculos fiscalizados e 4.789 testes com baf\u00f4metro, que resultaram em 93 autua\u00e7\u00f5es e 11 pris\u00f5es por dire\u00e7\u00e3o sob efeito de \u00e1lcool.<\/p>\n<p><em>Informa\u00e7\u00f5es: PRF MG<\/em><\/p>\n","protected":false},"excerpt":{"rendered":"<p>A Pol\u00edcia Rodovi\u00e1ria Federal (PRF) de Minas Gerais apresentou, na quinta-feira (27), um balan\u00e7o da sua \u201cOpera\u00e7\u00e3o Natal 2018\u201d, realizada em todas as rodovias federais que cortam o estado. Entre os dias 21 e 26 de dezembro, foram registrados 172 acidentes, com 250 feridos e 11 mortos.<\/p>\n","protected":false},"author":2,"featured_media":0,"comment_status":"open","ping_status":"open","sticky":false,"template":"","format":"standard","meta":{"_acf_changed":false,"_monsterinsights_skip_tracking":false,"footnotes":""},"categories":[30],"tags":[388,1173],"class_list":["post-66432","post","type-post","status-publish","format-standard","hentry","category-muriae","tag-balanco","tag-prf"],"acf":[],"aioseo_notices":[],"aioseo_head":"\n\t\t<!-- All in One SEO 5.0.0.1 - aioseo.com -->\n\t<meta name=\"description\" content=\"A Pol\u00edcia Rodovi\u00e1ria Federal (PRF) de Minas Gerais apresentou, na quinta-feira (27), um balan\u00e7o da sua \u201cOpera\u00e7\u00e3o Natal 2018\u201d, realizada em todas as rodovias federais que cortam o estado. Entre os dias 21 e 26 de dezembro, foram registrados 172 acidentes, com 250 feridos e 11 mortos. Mesmo com um dia a mais de opera\u00e7\u00e3o\" \/>\n\t<meta name=\"robots\" content=\"max-image-preview:large\" \/>\n\t<meta name=\"author\" content=\"Juliana Laviola\"\/>\n\t<link rel=\"canonical\" href=\"https:\/\/anoticiaonline.com.br\/site\/operacao-natal-da-prf-registra-11-mortes-nas-brs-de-minas\/\" \/>\n\t<meta name=\"generator\" content=\"All in One SEO (AIOSEO) 5.0.0.1\" \/>\n\t\t<meta property=\"og:locale\" content=\"pt_BR\" \/>\n\t\t<meta property=\"og:site_name\" content=\"A Not\u00edcia Online - Noticias de Muria\u00e9 e regi\u00e3o\" \/>\n\t\t<meta property=\"og:type\" content=\"article\" \/>\n\t\t<meta property=\"og:title\" content=\"Opera\u00e7\u00e3o Natal da PRF registra 11 mortes nas BRs de Minas - A Not\u00edcia Online\" \/>\n\t\t<meta property=\"og:description\" content=\"A Pol\u00edcia Rodovi\u00e1ria Federal (PRF) de Minas Gerais apresentou, na quinta-feira (27), um balan\u00e7o da sua \u201cOpera\u00e7\u00e3o Natal 2018\u201d, realizada em todas as rodovias federais que cortam o estado. Entre os dias 21 e 26 de dezembro, foram registrados 172 acidentes, com 250 feridos e 11 mortos. Mesmo com um dia a mais de opera\u00e7\u00e3o\" \/>\n\t\t<meta property=\"og:url\" content=\"https:\/\/anoticiaonline.com.br\/site\/operacao-natal-da-prf-registra-11-mortes-nas-brs-de-minas\/\" \/>\n\t\t<meta property=\"og:image\" content=\"https:\/\/scontent-gig4-1.xx.fbcdn.net\/v\/t39.30808-1\/270437624_4564083193639691_6907940295614233970_n.jpg?stp=dst-jpg_s200x200_tt6&#038;_nc_cat=111&#038;ccb=1-7&#038;_nc_sid=f907e8&#038;_nc_ohc=SM1wRlP3lJwQ7kNvwEPuBYA&#038;_nc_oc=AdnqrjDN_BNjSSHWO-GbkIWH6fkGMLw4bqvL_NH6e2wMveX7G-rP2dAqsDSq1mJMOaY&#038;_nc_zt=24&#038;_nc_ht=scontent-gig4-1.xx&#038;_nc_gid=AoBFJeGrT1hVaew_6rchkQ&#038;oh=00_AfX7QmFGhQhG2jAllVgXCiM1ZrWgvtp80-Bfppyexh1QEg&#038;oe=689E923C\" \/>\n\t\t<meta property=\"og:image:secure_url\" content=\"https:\/\/scontent-gig4-1.xx.fbcdn.net\/v\/t39.30808-1\/270437624_4564083193639691_6907940295614233970_n.jpg?stp=dst-jpg_s200x200_tt6&#038;_nc_cat=111&#038;ccb=1-7&#038;_nc_sid=f907e8&#038;_nc_ohc=SM1wRlP3lJwQ7kNvwEPuBYA&#038;_nc_oc=AdnqrjDN_BNjSSHWO-GbkIWH6fkGMLw4bqvL_NH6e2wMveX7G-rP2dAqsDSq1mJMOaY&#038;_nc_zt=24&#038;_nc_ht=scontent-gig4-1.xx&#038;_nc_gid=AoBFJeGrT1hVaew_6rchkQ&#038;oh=00_AfX7QmFGhQhG2jAllVgXCiM1ZrWgvtp80-Bfppyexh1QEg&#038;oe=689E923C\" \/>\n\t\t<meta property=\"article:published_time\" content=\"2018-12-27T21:22:38+00:00\" \/>\n\t\t<meta property=\"article:modified_time\" content=\"2018-12-27T21:43:52+00:00\" \/>\n\t\t<meta name=\"twitter:card\" content=\"summary_large_image\" \/>\n\t\t<meta name=\"twitter:title\" content=\"Opera\u00e7\u00e3o Natal da PRF registra 11 mortes nas BRs de Minas - A Not\u00edcia Online\" \/>\n\t\t<meta name=\"twitter:description\" content=\"A Pol\u00edcia Rodovi\u00e1ria Federal (PRF) de Minas Gerais apresentou, na quinta-feira (27), um balan\u00e7o da sua \u201cOpera\u00e7\u00e3o Natal 2018\u201d, realizada em todas as rodovias federais que cortam o estado. Entre os dias 21 e 26 de dezembro, foram registrados 172 acidentes, com 250 feridos e 11 mortos. Mesmo com um dia a mais de opera\u00e7\u00e3o\" \/>\n\t\t<meta name=\"twitter:image\" content=\"https:\/\/scontent-gig4-1.xx.fbcdn.net\/v\/t39.30808-1\/270437624_4564083193639691_6907940295614233970_n.jpg?stp=dst-jpg_s200x200_tt6&amp;_nc_cat=111&amp;ccb=1-7&amp;_nc_sid=f907e8&amp;_nc_ohc=SM1wRlP3lJwQ7kNvwEPuBYA&amp;_nc_oc=AdnqrjDN_BNjSSHWO-GbkIWH6fkGMLw4bqvL_NH6e2wMveX7G-rP2dAqsDSq1mJMOaY&amp;_nc_zt=24&amp;_nc_ht=scontent-gig4-1.xx&amp;_nc_gid=AoBFJeGrT1hVaew_6rchkQ&amp;oh=00_AfX7QmFGhQhG2jAllVgXCiM1ZrWgvtp80-Bfppyexh1QEg&amp;oe=689E923C\" \/>\n\t\t<script type=\"application\/ld+json\" class=\"aioseo-schema\">\n\t\t\t{\"@context\":\"https:\\\/\\\/schema.org\",\"@graph\":[{\"@type\":\"BlogPosting\",\"@id\":\"https:\\\/\\\/anoticiaonline.com.br\\\/site\\\/operacao-natal-da-prf-registra-11-mortes-nas-brs-de-minas\\\/#blogposting\",\"name\":\"Opera\\u00e7\\u00e3o Natal da PRF registra 11 mortes nas BRs de Minas - A Not\\u00edcia Online\",\"headline\":\"Opera\\u00e7\\u00e3o Natal da PRF registra 11 mortes nas BRs de Minas\",\"author\":{\"@id\":\"https:\\\/\\\/anoticiaonline.com.br\\\/site\\\/author\\\/juliana\\\/#author\"},\"publisher\":{\"@id\":\"https:\\\/\\\/anoticiaonline.com.br\\\/site\\\/#organization\"},\"image\":{\"@type\":\"ImageObject\",\"url\":\"https:\\\/\\\/anoticiaonline.com.br\\\/site\\\/wp-content\\\/uploads\\\/2018\\\/12\\\/PRF.jpg\",\"@id\":\"https:\\\/\\\/anoticiaonline.com.br\\\/site\\\/operacao-natal-da-prf-registra-11-mortes-nas-brs-de-minas\\\/#articleImage\",\"width\":1000,\"height\":547},\"datePublished\":\"2018-12-27T18:22:38-03:00\",\"dateModified\":\"2018-12-27T18:43:52-03:00\",\"inLanguage\":\"pt-BR\",\"mainEntityOfPage\":{\"@id\":\"https:\\\/\\\/anoticiaonline.com.br\\\/site\\\/operacao-natal-da-prf-registra-11-mortes-nas-brs-de-minas\\\/#webpage\"},\"isPartOf\":{\"@id\":\"https:\\\/\\\/anoticiaonline.com.br\\\/site\\\/operacao-natal-da-prf-registra-11-mortes-nas-brs-de-minas\\\/#webpage\"},\"articleSection\":\"Blog, balan\\u00e7o, prf\"},{\"@type\":\"BreadcrumbList\",\"@id\":\"https:\\\/\\\/anoticiaonline.com.br\\\/site\\\/operacao-natal-da-prf-registra-11-mortes-nas-brs-de-minas\\\/#breadcrumblist\",\"itemListElement\":[{\"@type\":\"ListItem\",\"@id\":\"https:\\\/\\\/anoticiaonline.com.br\\\/site#listItem\",\"position\":1,\"name\":\"Home\",\"item\":\"https:\\\/\\\/anoticiaonline.com.br\\\/site\",\"nextItem\":{\"@type\":\"ListItem\",\"@id\":\"https:\\\/\\\/anoticiaonline.com.br\\\/site\\\/categoria\\\/muriae\\\/#listItem\",\"name\":\"Blog\"}},{\"@type\":\"ListItem\",\"@id\":\"https:\\\/\\\/anoticiaonline.com.br\\\/site\\\/categoria\\\/muriae\\\/#listItem\",\"position\":2,\"name\":\"Blog\",\"item\":\"https:\\\/\\\/anoticiaonline.com.br\\\/site\\\/categoria\\\/muriae\\\/\",\"nextItem\":{\"@type\":\"ListItem\",\"@id\":\"https:\\\/\\\/anoticiaonline.com.br\\\/site\\\/operacao-natal-da-prf-registra-11-mortes-nas-brs-de-minas\\\/#listItem\",\"name\":\"Opera\\u00e7\\u00e3o Natal da PRF registra 11 mortes nas BRs de Minas\"},\"previousItem\":{\"@type\":\"ListItem\",\"@id\":\"https:\\\/\\\/anoticiaonline.com.br\\\/site#listItem\",\"name\":\"Home\"}},{\"@type\":\"ListItem\",\"@id\":\"https:\\\/\\\/anoticiaonline.com.br\\\/site\\\/operacao-natal-da-prf-registra-11-mortes-nas-brs-de-minas\\\/#listItem\",\"position\":3,\"name\":\"Opera\\u00e7\\u00e3o Natal da PRF registra 11 mortes nas BRs de Minas\",\"previousItem\":{\"@type\":\"ListItem\",\"@id\":\"https:\\\/\\\/anoticiaonline.com.br\\\/site\\\/categoria\\\/muriae\\\/#listItem\",\"name\":\"Blog\"}}]},{\"@type\":\"Organization\",\"@id\":\"https:\\\/\\\/anoticiaonline.com.br\\\/site\\\/#organization\",\"name\":\"A Not\\u00edcia Online\",\"description\":\"Noticias de Muria\\u00e9 e regi\\u00e3o\",\"url\":\"https:\\\/\\\/anoticiaonline.com.br\\\/site\\\/\",\"logo\":{\"@type\":\"ImageObject\",\"url\":\"https:\\\/\\\/scontent-gig4-1.xx.fbcdn.net\\\/v\\\/t39.30808-1\\\/270437624_4564083193639691_6907940295614233970_n.jpg?stp=dst-jpg_s200x200_tt6&_nc_cat=111&ccb=1-7&_nc_sid=f907e8&_nc_ohc=SM1wRlP3lJwQ7kNvwEPuBYA&_nc_oc=AdnqrjDN_BNjSSHWO-GbkIWH6fkGMLw4bqvL_NH6e2wMveX7G-rP2dAqsDSq1mJMOaY&_nc_zt=24&_nc_ht=scontent-gig4-1.xx&_nc_gid=AoBFJeGrT1hVaew_6rchkQ&oh=00_AfX7QmFGhQhG2jAllVgXCiM1ZrWgvtp80-Bfppyexh1QEg&oe=689E923C\",\"@id\":\"https:\\\/\\\/anoticiaonline.com.br\\\/site\\\/operacao-natal-da-prf-registra-11-mortes-nas-brs-de-minas\\\/#organizationLogo\"},\"image\":{\"@id\":\"https:\\\/\\\/anoticiaonline.com.br\\\/site\\\/operacao-natal-da-prf-registra-11-mortes-nas-brs-de-minas\\\/#organizationLogo\"}},{\"@type\":\"Person\",\"@id\":\"https:\\\/\\\/anoticiaonline.com.br\\\/site\\\/author\\\/juliana\\\/#author\",\"url\":\"https:\\\/\\\/anoticiaonline.com.br\\\/site\\\/author\\\/juliana\\\/\",\"name\":\"Juliana Laviola\",\"image\":{\"@type\":\"ImageObject\",\"@id\":\"https:\\\/\\\/anoticiaonline.com.br\\\/site\\\/operacao-natal-da-prf-registra-11-mortes-nas-brs-de-minas\\\/#authorImage\",\"url\":\"https:\\\/\\\/secure.gravatar.com\\\/avatar\\\/b8d45f5c699b100dfaf0e543582f38f38bf94cb7ae3a5e9abf8d891a34773335?s=96&d=mm&r=g\",\"width\":96,\"height\":96,\"caption\":\"Juliana Laviola\"}},{\"@type\":\"WebPage\",\"@id\":\"https:\\\/\\\/anoticiaonline.com.br\\\/site\\\/operacao-natal-da-prf-registra-11-mortes-nas-brs-de-minas\\\/#webpage\",\"url\":\"https:\\\/\\\/anoticiaonline.com.br\\\/site\\\/operacao-natal-da-prf-registra-11-mortes-nas-brs-de-minas\\\/\",\"name\":\"Opera\\u00e7\\u00e3o Natal da PRF registra 11 mortes nas BRs de Minas - A Not\\u00edcia Online\",\"description\":\"A Pol\\u00edcia Rodovi\\u00e1ria Federal (PRF) de Minas Gerais apresentou, na quinta-feira (27), um balan\\u00e7o da sua \\u201cOpera\\u00e7\\u00e3o Natal 2018\\u201d, realizada em todas as rodovias federais que cortam o estado. Entre os dias 21 e 26 de dezembro, foram registrados 172 acidentes, com 250 feridos e 11 mortos. Mesmo com um dia a mais de opera\\u00e7\\u00e3o\",\"inLanguage\":\"pt-BR\",\"isPartOf\":{\"@id\":\"https:\\\/\\\/anoticiaonline.com.br\\\/site\\\/#website\"},\"breadcrumb\":{\"@id\":\"https:\\\/\\\/anoticiaonline.com.br\\\/site\\\/operacao-natal-da-prf-registra-11-mortes-nas-brs-de-minas\\\/#breadcrumblist\"},\"author\":{\"@id\":\"https:\\\/\\\/anoticiaonline.com.br\\\/site\\\/author\\\/juliana\\\/#author\"},\"creator\":{\"@id\":\"https:\\\/\\\/anoticiaonline.com.br\\\/site\\\/author\\\/juliana\\\/#author\"},\"datePublished\":\"2018-12-27T18:22:38-03:00\",\"dateModified\":\"2018-12-27T18:43:52-03:00\"},{\"@type\":\"WebSite\",\"@id\":\"https:\\\/\\\/anoticiaonline.com.br\\\/site\\\/#website\",\"url\":\"https:\\\/\\\/anoticiaonline.com.br\\\/site\\\/\",\"name\":\"A Not\\u00edcia Online\",\"description\":\"Noticias de Muria\\u00e9 e regi\\u00e3o\",\"inLanguage\":\"pt-BR\",\"publisher\":{\"@id\":\"https:\\\/\\\/anoticiaonline.com.br\\\/site\\\/#organization\"}}]}\n\t\t<\/script>\n\t\t<!-- All in One SEO -->\n\n","aioseo_head_json":{"title":"Opera\u00e7\u00e3o Natal da PRF registra 11 mortes nas BRs de Minas - A Not\u00edcia Online","description":"A Pol\u00edcia Rodovi\u00e1ria Federal (PRF) de Minas Gerais apresentou, na quinta-feira (27), um balan\u00e7o da sua \u201cOpera\u00e7\u00e3o Natal 2018\u201d, realizada em todas as rodovias federais que cortam o estado. Entre os dias 21 e 26 de dezembro, foram registrados 172 acidentes, com 250 feridos e 11 mortos. Mesmo com um dia a mais de opera\u00e7\u00e3o","canonical_url":"https:\/\/anoticiaonline.com.br\/site\/operacao-natal-da-prf-registra-11-mortes-nas-brs-de-minas\/","robots":"max-image-preview:large","keywords":"","webmasterTools":{"miscellaneous":""},"schema":{"@context":"https:\/\/schema.org","@graph":[{"@type":"BlogPosting","@id":"https:\/\/anoticiaonline.com.br\/site\/operacao-natal-da-prf-registra-11-mortes-nas-brs-de-minas\/#blogposting","name":"Opera\u00e7\u00e3o Natal da PRF registra 11 mortes nas BRs de Minas - A Not\u00edcia Online","headline":"Opera\u00e7\u00e3o Natal da PRF registra 11 mortes nas BRs de Minas","author":{"@id":"https:\/\/anoticiaonline.com.br\/site\/author\/juliana\/#author"},"publisher":{"@id":"https:\/\/anoticiaonline.com.br\/site\/#organization"},"image":{"@type":"ImageObject","url":"https:\/\/anoticiaonline.com.br\/site\/wp-content\/uploads\/2018\/12\/PRF.jpg","@id":"https:\/\/anoticiaonline.com.br\/site\/operacao-natal-da-prf-registra-11-mortes-nas-brs-de-minas\/#articleImage","width":1000,"height":547},"datePublished":"2018-12-27T18:22:38-03:00","dateModified":"2018-12-27T18:43:52-03:00","inLanguage":"pt-BR","mainEntityOfPage":{"@id":"https:\/\/anoticiaonline.com.br\/site\/operacao-natal-da-prf-registra-11-mortes-nas-brs-de-minas\/#webpage"},"isPartOf":{"@id":"https:\/\/anoticiaonline.com.br\/site\/operacao-natal-da-prf-registra-11-mortes-nas-brs-de-minas\/#webpage"},"articleSection":"Blog, balan\u00e7o, prf"},{"@type":"BreadcrumbList","@id":"https:\/\/anoticiaonline.com.br\/site\/operacao-natal-da-prf-registra-11-mortes-nas-brs-de-minas\/#breadcrumblist","itemListElement":[{"@type":"ListItem","@id":"https:\/\/anoticiaonline.com.br\/site#listItem","position":1,"name":"Home","item":"https:\/\/anoticiaonline.com.br\/site","nextItem":{"@type":"ListItem","@id":"https:\/\/anoticiaonline.com.br\/site\/categoria\/muriae\/#listItem","name":"Blog"}},{"@type":"ListItem","@id":"https:\/\/anoticiaonline.com.br\/site\/categoria\/muriae\/#listItem","position":2,"name":"Blog","item":"https:\/\/anoticiaonline.com.br\/site\/categoria\/muriae\/","nextItem":{"@type":"ListItem","@id":"https:\/\/anoticiaonline.com.br\/site\/operacao-natal-da-prf-registra-11-mortes-nas-brs-de-minas\/#listItem","name":"Opera\u00e7\u00e3o Natal da PRF registra 11 mortes nas BRs de Minas"},"previousItem":{"@type":"ListItem","@id":"https:\/\/anoticiaonline.com.br\/site#listItem","name":"Home"}},{"@type":"ListItem","@id":"https:\/\/anoticiaonline.com.br\/site\/operacao-natal-da-prf-registra-11-mortes-nas-brs-de-minas\/#listItem","position":3,"name":"Opera\u00e7\u00e3o Natal da PRF registra 11 mortes nas BRs de Minas","previousItem":{"@type":"ListItem","@id":"https:\/\/anoticiaonline.com.br\/site\/categoria\/muriae\/#listItem","name":"Blog"}}]},{"@type":"Organization","@id":"https:\/\/anoticiaonline.com.br\/site\/#organization","name":"A Not\u00edcia Online","description":"Noticias de Muria\u00e9 e regi\u00e3o","url":"https:\/\/anoticiaonline.com.br\/site\/","logo":{"@type":"ImageObject","url":"https:\/\/scontent-gig4-1.xx.fbcdn.net\/v\/t39.30808-1\/270437624_4564083193639691_6907940295614233970_n.jpg?stp=dst-jpg_s200x200_tt6&_nc_cat=111&ccb=1-7&_nc_sid=f907e8&_nc_ohc=SM1wRlP3lJwQ7kNvwEPuBYA&_nc_oc=AdnqrjDN_BNjSSHWO-GbkIWH6fkGMLw4bqvL_NH6e2wMveX7G-rP2dAqsDSq1mJMOaY&_nc_zt=24&_nc_ht=scontent-gig4-1.xx&_nc_gid=AoBFJeGrT1hVaew_6rchkQ&oh=00_AfX7QmFGhQhG2jAllVgXCiM1ZrWgvtp80-Bfppyexh1QEg&oe=689E923C","@id":"https:\/\/anoticiaonline.com.br\/site\/operacao-natal-da-prf-registra-11-mortes-nas-brs-de-minas\/#organizationLogo"},"image":{"@id":"https:\/\/anoticiaonline.com.br\/site\/operacao-natal-da-prf-registra-11-mortes-nas-brs-de-minas\/#organizationLogo"}},{"@type":"Person","@id":"https:\/\/anoticiaonline.com.br\/site\/author\/juliana\/#author","url":"https:\/\/anoticiaonline.com.br\/site\/author\/juliana\/","name":"Juliana Laviola","image":{"@type":"ImageObject","@id":"https:\/\/anoticiaonline.com.br\/site\/operacao-natal-da-prf-registra-11-mortes-nas-brs-de-minas\/#authorImage","url":"https:\/\/secure.gravatar.com\/avatar\/b8d45f5c699b100dfaf0e543582f38f38bf94cb7ae3a5e9abf8d891a34773335?s=96&d=mm&r=g","width":96,"height":96,"caption":"Juliana Laviola"}},{"@type":"WebPage","@id":"https:\/\/anoticiaonline.com.br\/site\/operacao-natal-da-prf-registra-11-mortes-nas-brs-de-minas\/#webpage","url":"https:\/\/anoticiaonline.com.br\/site\/operacao-natal-da-prf-registra-11-mortes-nas-brs-de-minas\/","name":"Opera\u00e7\u00e3o Natal da PRF registra 11 mortes nas BRs de Minas - A Not\u00edcia Online","description":"A Pol\u00edcia Rodovi\u00e1ria Federal (PRF) de Minas Gerais apresentou, na quinta-feira (27), um balan\u00e7o da sua \u201cOpera\u00e7\u00e3o Natal 2018\u201d, realizada em todas as rodovias federais que cortam o estado. Entre os dias 21 e 26 de dezembro, foram registrados 172 acidentes, com 250 feridos e 11 mortos. Mesmo com um dia a mais de opera\u00e7\u00e3o","inLanguage":"pt-BR","isPartOf":{"@id":"https:\/\/anoticiaonline.com.br\/site\/#website"},"breadcrumb":{"@id":"https:\/\/anoticiaonline.com.br\/site\/operacao-natal-da-prf-registra-11-mortes-nas-brs-de-minas\/#breadcrumblist"},"author":{"@id":"https:\/\/anoticiaonline.com.br\/site\/author\/juliana\/#author"},"creator":{"@id":"https:\/\/anoticiaonline.com.br\/site\/author\/juliana\/#author"},"datePublished":"2018-12-27T18:22:38-03:00","dateModified":"2018-12-27T18:43:52-03:00"},{"@type":"WebSite","@id":"https:\/\/anoticiaonline.com.br\/site\/#website","url":"https:\/\/anoticiaonline.com.br\/site\/","name":"A Not\u00edcia Online","description":"Noticias de Muria\u00e9 e regi\u00e3o","inLanguage":"pt-BR","publisher":{"@id":"https:\/\/anoticiaonline.com.br\/site\/#organization"}}]},"og:locale":"pt_BR","og:site_name":"A Not\u00edcia Online - Noticias de Muria\u00e9 e regi\u00e3o","og:type":"article","og:title":"Opera\u00e7\u00e3o Natal da PRF registra 11 mortes nas BRs de Minas - A Not\u00edcia Online","og:description":"A Pol\u00edcia Rodovi\u00e1ria Federal (PRF) de Minas Gerais apresentou, na quinta-feira (27), um balan\u00e7o da sua \u201cOpera\u00e7\u00e3o Natal 2018\u201d, realizada em todas as rodovias federais que cortam o estado. Entre os dias 21 e 26 de dezembro, foram registrados 172 acidentes, com 250 feridos e 11 mortos. Mesmo com um dia a mais de opera\u00e7\u00e3o","og:url":"https:\/\/anoticiaonline.com.br\/site\/operacao-natal-da-prf-registra-11-mortes-nas-brs-de-minas\/","og:image":"https:\/\/scontent-gig4-1.xx.fbcdn.net\/v\/t39.30808-1\/270437624_4564083193639691_6907940295614233970_n.jpg?stp=dst-jpg_s200x200_tt6&#038;_nc_cat=111&#038;ccb=1-7&#038;_nc_sid=f907e8&#038;_nc_ohc=SM1wRlP3lJwQ7kNvwEPuBYA&#038;_nc_oc=AdnqrjDN_BNjSSHWO-GbkIWH6fkGMLw4bqvL_NH6e2wMveX7G-rP2dAqsDSq1mJMOaY&#038;_nc_zt=24&#038;_nc_ht=scontent-gig4-1.xx&#038;_nc_gid=AoBFJeGrT1hVaew_6rchkQ&#038;oh=00_AfX7QmFGhQhG2jAllVgXCiM1ZrWgvtp80-Bfppyexh1QEg&#038;oe=689E923C","og:image:secure_url":"https:\/\/scontent-gig4-1.xx.fbcdn.net\/v\/t39.30808-1\/270437624_4564083193639691_6907940295614233970_n.jpg?stp=dst-jpg_s200x200_tt6&#038;_nc_cat=111&#038;ccb=1-7&#038;_nc_sid=f907e8&#038;_nc_ohc=SM1wRlP3lJwQ7kNvwEPuBYA&#038;_nc_oc=AdnqrjDN_BNjSSHWO-GbkIWH6fkGMLw4bqvL_NH6e2wMveX7G-rP2dAqsDSq1mJMOaY&#038;_nc_zt=24&#038;_nc_ht=scontent-gig4-1.xx&#038;_nc_gid=AoBFJeGrT1hVaew_6rchkQ&#038;oh=00_AfX7QmFGhQhG2jAllVgXCiM1ZrWgvtp80-Bfppyexh1QEg&#038;oe=689E923C","article:published_time":"2018-12-27T21:22:38+00:00","article:modified_time":"2018-12-27T21:43:52+00:00","twitter:card":"summary_large_image","twitter:title":"Opera\u00e7\u00e3o Natal da PRF registra 11 mortes nas BRs de Minas - A Not\u00edcia Online","twitter:description":"A Pol\u00edcia Rodovi\u00e1ria Federal (PRF) de Minas Gerais apresentou, na quinta-feira (27), um balan\u00e7o da sua \u201cOpera\u00e7\u00e3o Natal 2018\u201d, realizada em todas as rodovias federais que cortam o estado. Entre os dias 21 e 26 de dezembro, foram registrados 172 acidentes, com 250 feridos e 11 mortos. Mesmo com um dia a mais de opera\u00e7\u00e3o","twitter:image":"https:\/\/scontent-gig4-1.xx.fbcdn.net\/v\/t39.30808-1\/270437624_4564083193639691_6907940295614233970_n.jpg?stp=dst-jpg_s200x200_tt6&_nc_cat=111&ccb=1-7&_nc_sid=f907e8&_nc_ohc=SM1wRlP3lJwQ7kNvwEPuBYA&_nc_oc=AdnqrjDN_BNjSSHWO-GbkIWH6fkGMLw4bqvL_NH6e2wMveX7G-rP2dAqsDSq1mJMOaY&_nc_zt=24&_nc_ht=scontent-gig4-1.xx&_nc_gid=AoBFJeGrT1hVaew_6rchkQ&oh=00_AfX7QmFGhQhG2jAllVgXCiM1ZrWgvtp80-Bfppyexh1QEg&oe=689E923C"},"aioseo_meta_data":{"post_id":"66432","title":null,"description":null,"keywords":null,"keyphrases":null,"primary_term":null,"canonical_url":null,"og_title":null,"og_description":null,"og_object_type":"default","og_image_type":"default","og_image_url":null,"og_image_width":null,"og_image_height":null,"og_image_custom_url":null,"og_image_custom_fields":null,"og_video":null,"og_custom_url":null,"og_article_section":null,"og_article_tags":null,"twitter_use_og":false,"twitter_card":"default","twitter_image_type":"default","twitter_image_url":null,"twitter_image_custom_url":null,"twitter_image_custom_fields":null,"twitter_title":null,"twitter_description":null,"schema":{"blockGraphs":[],"customGraphs":[],"default":{"data":{"Article":[],"Course":[],"Dataset":[],"FAQPage":[],"Movie":[],"Person":[],"Product":[],"ProductReview":[],"Car":[],"Recipe":[],"Service":[],"SoftwareApplication":[],"WebPage":[]},"graphName":"","isEnabled":true},"graphs":[]},"schema_type":"default","schema_type_options":null,"pillar_content":false,"robots_default":true,"robots_noindex":false,"robots_noarchive":false,"robots_nosnippet":false,"robots_nofollow":false,"robots_noimageindex":false,"robots_noodp":false,"robots_notranslate":false,"robots_max_snippet":null,"robots_max_videopreview":null,"robots_max_imagepreview":"large","priority":null,"frequency":null,"local_seo":null,"breadcrumb_settings":null,"limit_modified_date":false,"ai":null,"created":"2025-08-16 22:35:58","updated":"2025-08-16 22:35:58","focus_keyword":null,"additional_keywords":null,"truseo_locale":null,"seo_analyzer_scan_date":null},"aioseo_breadcrumb":"<div class=\"aioseo-breadcrumbs\"><span class=\"aioseo-breadcrumb\">\n\t\t\t<a href=\"https:\/\/anoticiaonline.com.br\/site\" title=\"Home\">Home<\/a>\n\t\t<\/span><span class=\"aioseo-breadcrumb-separator\">&raquo;<\/span><span class=\"aioseo-breadcrumb\">\n\t\t\t<a href=\"https:\/\/anoticiaonline.com.br\/site\/categoria\/muriae\/\" title=\"Blog\">Blog<\/a>\n\t\t<\/span><span class=\"aioseo-breadcrumb-separator\">&raquo;<\/span><span class=\"aioseo-breadcrumb\">\n\t\t\tOpera\u00e7\u00e3o Natal da PRF registra 11 mortes nas BRs de Minas\n\t\t<\/span><\/div>","aioseo_breadcrumb_json":[{"label":"Home","link":"https:\/\/anoticiaonline.com.br\/site"},{"label":"Blog","link":"https:\/\/anoticiaonline.com.br\/site\/categoria\/muriae\/"},{"label":"Opera\u00e7\u00e3o Natal da PRF registra 11 mortes nas BRs de Minas","link":"https:\/\/anoticiaonline.com.br\/site\/operacao-natal-da-prf-registra-11-mortes-nas-brs-de-minas\/"}],"views":160,"_links":{"self":[{"href":"https:\/\/anoticiaonline.com.br\/site\/wp-json\/wp\/v2\/posts\/66432","targetHints":{"allow":["GET"]}}],"collection":[{"href":"https:\/\/anoticiaonline.com.br\/site\/wp-json\/wp\/v2\/posts"}],"about":[{"href":"https:\/\/anoticiaonline.com.br\/site\/wp-json\/wp\/v2\/types\/post"}],"author":[{"embeddable":true,"href":"https:\/\/anoticiaonline.com.br\/site\/wp-json\/wp\/v2\/users\/2"}],"replies":[{"embeddable":true,"href":"https:\/\/anoticiaonline.com.br\/site\/wp-json\/wp\/v2\/comments?post=66432"}],"version-history":[{"count":0,"href":"https:\/\/anoticiaonline.com.br\/site\/wp-json\/wp\/v2\/posts\/66432\/revisions"}],"wp:attachment":[{"href":"https:\/\/anoticiaonline.com.br\/site\/wp-json\/wp\/v2\/media?parent=66432"}],"wp:term":[{"taxonomy":"category","embeddable":true,"href":"https:\/\/anoticiaonline.com.br\/site\/wp-json\/wp\/v2\/categories?post=66432"},{"taxonomy":"post_tag","embeddable":true,"href":"https:\/\/anoticiaonline.com.br\/site\/wp-json\/wp\/v2\/tags?post=66432"}],"curies":[{"name":"wp","href":"https:\/\/api.w.org\/{rel}","templated":true}]}}