{"id":66383,"date":"2018-12-20T19:13:15","date_gmt":"2018-12-20T22:13:15","guid":{"rendered":"http:\/\/anoticiaonline.com.br\/site\/?p=66383"},"modified":"2018-12-20T19:13:15","modified_gmt":"2018-12-20T22:13:15","slug":"as-esquerdas-no-destino-do-brasil","status":"publish","type":"post","link":"https:\/\/anoticiaonline.com.br\/site\/as-esquerdas-no-destino-do-brasil\/","title":{"rendered":"AS ESQUERDAS NO DESTINO DO BRASIL"},"content":{"rendered":"<p>As ideias da esquerda h\u00e1 muito tempo t\u00eam estado no caminho do nosso pa\u00eds, como pedras que dificultam o nosso desenvolvimento e atravancam a nossa na\u00e7\u00e3o. Com os olhos sempre voltados para horizontes ut\u00f3picos e, por isso mesmo jamais realiz\u00e1veis, sonham sonhos imposs\u00edveis, ao mesmo tempo que aparelham a m\u00e1quina do Estado apenas para o exerc\u00edcio do poder e jamais para um estado de governan\u00e7a.<\/p>\n<p>A esquerda, em qualquer dos seus matizes, costuma engrossar suas fileiras com a juventude, sonhadora e ainda incauta que, ap\u00f3s a decep\u00e7\u00e3o advinda com a maturidade, vai esvaziando os seus quadros, restando entre seus defensores apenas os imaturos de consci\u00eancia ou integrantes org\u00e2nicos do sistema que se lucram do aboletamento do poder. Tir\u00e1-los do poder onde est\u00e3o encistados como \u00f3vulos de ameba, demanda um tremendo esfor\u00e7o em raz\u00e3o da sacraliza\u00e7\u00e3o quase religiosa dos seus l\u00edderes e da ades\u00e3o obcecada dos seus seguidores.<\/p>\n<p>\u00c0s vezes a doutrina esquerdista apresenta-se travestida de matiz Leninista, Stalinista, Mao\u00edsta, Trotskista ou at\u00e9 mesmo de express\u00f5es menores como a ditadura de Fidel Castro na pequena ilha de Cuba, que atrofiou a mente de uma gera\u00e7\u00e3o de jovens em nosso pa\u00eds que s\u00f3 n\u00e3o chegou ao poder, a despeito de toda a viol\u00eancia de assaltos a Bancos e Quart\u00e9is, de badernas urbanas e atos terroristas, gra\u00e7as \u00e0 Revolu\u00e7\u00e3o de 31 de Mar\u00e7o de 1964 que ainda que apoiada pela grande maioria da popula\u00e7\u00e3o, acabou mergulhando o nosso pa\u00eds em um Estado de exce\u00e7\u00e3o que, mesmo necess\u00e1rio naquele momento, jamais \u00e9 um rem\u00e9dio saud\u00e1vel para um pa\u00eds de voca\u00e7\u00e3o democr\u00e1tica como o nosso.<\/p>\n<p>Depois, gra\u00e7as justamente \u00e0 op\u00e7\u00e3o democr\u00e1tica do nosso povo, os mesmos baderneiros daqueles anos passados, voltaram ao poder atrav\u00e9s do voto, pois assim funciona uma democracia, e se instalaram nas institui\u00e7\u00f5es n\u00e3o com um plano de governo, mas com um plano de poder, como \u00e9 do feitio dos sistemas extremistas. N\u00e3o vai ser f\u00e1cil tir\u00e1-los do poder, onde se instalaram como cistos amebianos. Foram impedidos de voltar ao governo pela san\u00e7\u00e3o penalizadora popular, atrav\u00e9s do voto livre e secreto da popula\u00e7\u00e3o. Mas n\u00e3o ser\u00e1 f\u00e1cil remover as seq\u00fcelas da doen\u00e7a que continuam encistadas nas c\u00e1tedras universit\u00e1rias e capilarizadas por extensos setores da educa\u00e7\u00e3o.<\/p>\n<p>Ainda mais que uma parcela consider\u00e1vel da m\u00eddia, regiamente remunerada, usou de todos os artif\u00edcios para manter o \u201cstatus quo\u201d e permanecer usufruindo dos generosos contratos com o governo. Nos governos Lula e Dilma, de 2003 a 2014, por exemplo, conforme noticiado no Portal da Transpar\u00eancia, a Rede Globo (sem contar as afiliadas) recebeu do Governo Federal a import\u00e2ncia de 6,2 Bilh\u00f5es de Reais para veicula\u00e7\u00e3o de mat\u00e9rias do governo, o que deu uma m\u00e9dia de 47 milh\u00f5es de reais por m\u00eas. O ent\u00e3o candidato Jair Bolsonaro, posteriormente eleito e diplomado como futuro Presidente da Rep\u00fablica a partir de janeiro pr\u00f3ximo, havia denunciado essas cifras milion\u00e1rias. Como o Governo Temer n\u00e3o publicou mais o montante das verbas com m\u00eddia a partir de 2017, esses dois \u00faltimos anos s\u00e3o uma inc\u00f3gnita. O certo \u00e9 que se n\u00e3o fossem as redes sociais, com toda a sua capilaridade e liberdade de express\u00e3o, seria muito mais dif\u00edcil impedir a volta ao poder do lulopetismo, agora atrav\u00e9s do sistema de \u201cposteamento\u201d de candidatos.<\/p>\n<p>Pior do que assistir a volta ao poder dos mesmos quadros pol\u00edticos que escandalizaram o mundo com a mega corrup\u00e7\u00e3o, seria assistir \u00e0 morte anunciada da Opera\u00e7\u00e3o Lava Jato, o arquivamento da infinidade de processos de corrup\u00e7\u00e3o que correm nas v\u00e1rias inst\u00e2ncias e a infinidade de \u201cHabeas Corruptus\u201d (me permitam o neologismo) que seriam impetrados por esse Brasil afora.<\/p>\n<p>A democracia, embora traga em si in\u00fameras imperfei\u00e7\u00f5es, ainda \u00e9 o melhor sistema de governo. Pelo seu esp\u00edrito de equidade, trata todos os cidad\u00e3os da mesma forma. Por isso, honestos e bandidos s\u00e3o assistidos por todos os recursos legais e n\u00e3o poderia ser diferente&#8230;<\/p>\n","protected":false},"excerpt":{"rendered":"<p>As ideias da esquerda h\u00e1 muito tempo t\u00eam estado no caminho do nosso pa\u00eds, como pedras que dificultam o nosso desenvolvimento e atravancam a nossa na\u00e7\u00e3o. Com os olhos sempre voltados para horizontes ut\u00f3picos e, por isso mesmo jamais realiz\u00e1veis, sonham sonhos imposs\u00edveis, ao mesmo tempo que aparelham a m\u00e1quina do Estado apenas para o &#8230; <a title=\"AS ESQUERDAS NO DESTINO DO BRASIL\" class=\"read-more\" href=\"https:\/\/anoticiaonline.com.br\/site\/as-esquerdas-no-destino-do-brasil\/\" aria-label=\"Read more about AS ESQUERDAS NO DESTINO DO BRASIL\">Ler mais<\/a><\/p>\n","protected":false},"author":2,"featured_media":0,"comment_status":"open","ping_status":"open","sticky":false,"template":"","format":"standard","meta":{"_acf_changed":false,"_monsterinsights_skip_tracking":false,"footnotes":""},"categories":[31,36],"tags":[],"class_list":["post-66383","post","type-post","status-publish","format-standard","hentry","category-colunistas","category-logos-adellunar-marge"],"acf":[],"aioseo_notices":[],"aioseo_head":"\n\t\t<!-- All in One SEO 5.0.0.1 - aioseo.com -->\n\t<meta name=\"description\" content=\"As ideias da esquerda h\u00e1 muito tempo t\u00eam estado no caminho do nosso pa\u00eds, como pedras que dificultam o nosso desenvolvimento e atravancam a nossa na\u00e7\u00e3o. Com os olhos sempre voltados para horizontes ut\u00f3picos e, por isso mesmo jamais realiz\u00e1veis, sonham sonhos imposs\u00edveis, ao mesmo tempo que aparelham a m\u00e1quina do Estado apenas para o\" \/>\n\t<meta name=\"robots\" content=\"max-image-preview:large\" \/>\n\t<meta name=\"author\" content=\"Juliana Laviola\"\/>\n\t<link rel=\"canonical\" href=\"https:\/\/anoticiaonline.com.br\/site\/as-esquerdas-no-destino-do-brasil\/\" \/>\n\t<meta name=\"generator\" content=\"All in One SEO (AIOSEO) 5.0.0.1\" \/>\n\t\t<meta property=\"og:locale\" content=\"pt_BR\" \/>\n\t\t<meta property=\"og:site_name\" content=\"A Not\u00edcia Online - Noticias de Muria\u00e9 e regi\u00e3o\" \/>\n\t\t<meta property=\"og:type\" content=\"article\" \/>\n\t\t<meta property=\"og:title\" content=\"AS ESQUERDAS NO DESTINO DO BRASIL - A Not\u00edcia Online\" \/>\n\t\t<meta property=\"og:description\" content=\"As ideias da esquerda h\u00e1 muito tempo t\u00eam estado no caminho do nosso pa\u00eds, como pedras que dificultam o nosso desenvolvimento e atravancam a nossa na\u00e7\u00e3o. Com os olhos sempre voltados para horizontes ut\u00f3picos e, por isso mesmo jamais realiz\u00e1veis, sonham sonhos imposs\u00edveis, ao mesmo tempo que aparelham a m\u00e1quina do Estado apenas para o\" \/>\n\t\t<meta property=\"og:url\" content=\"https:\/\/anoticiaonline.com.br\/site\/as-esquerdas-no-destino-do-brasil\/\" \/>\n\t\t<meta property=\"og:image\" content=\"https:\/\/scontent-gig4-1.xx.fbcdn.net\/v\/t39.30808-1\/270437624_4564083193639691_6907940295614233970_n.jpg?stp=dst-jpg_s200x200_tt6&#038;_nc_cat=111&#038;ccb=1-7&#038;_nc_sid=f907e8&#038;_nc_ohc=SM1wRlP3lJwQ7kNvwEPuBYA&#038;_nc_oc=AdnqrjDN_BNjSSHWO-GbkIWH6fkGMLw4bqvL_NH6e2wMveX7G-rP2dAqsDSq1mJMOaY&#038;_nc_zt=24&#038;_nc_ht=scontent-gig4-1.xx&#038;_nc_gid=AoBFJeGrT1hVaew_6rchkQ&#038;oh=00_AfX7QmFGhQhG2jAllVgXCiM1ZrWgvtp80-Bfppyexh1QEg&#038;oe=689E923C\" \/>\n\t\t<meta property=\"og:image:secure_url\" content=\"https:\/\/scontent-gig4-1.xx.fbcdn.net\/v\/t39.30808-1\/270437624_4564083193639691_6907940295614233970_n.jpg?stp=dst-jpg_s200x200_tt6&#038;_nc_cat=111&#038;ccb=1-7&#038;_nc_sid=f907e8&#038;_nc_ohc=SM1wRlP3lJwQ7kNvwEPuBYA&#038;_nc_oc=AdnqrjDN_BNjSSHWO-GbkIWH6fkGMLw4bqvL_NH6e2wMveX7G-rP2dAqsDSq1mJMOaY&#038;_nc_zt=24&#038;_nc_ht=scontent-gig4-1.xx&#038;_nc_gid=AoBFJeGrT1hVaew_6rchkQ&#038;oh=00_AfX7QmFGhQhG2jAllVgXCiM1ZrWgvtp80-Bfppyexh1QEg&#038;oe=689E923C\" \/>\n\t\t<meta property=\"article:published_time\" content=\"2018-12-20T22:13:15+00:00\" \/>\n\t\t<meta property=\"article:modified_time\" content=\"2018-12-20T22:13:15+00:00\" \/>\n\t\t<meta name=\"twitter:card\" content=\"summary_large_image\" \/>\n\t\t<meta name=\"twitter:title\" content=\"AS ESQUERDAS NO DESTINO DO BRASIL - A Not\u00edcia Online\" \/>\n\t\t<meta name=\"twitter:description\" content=\"As ideias da esquerda h\u00e1 muito tempo t\u00eam estado no caminho do nosso pa\u00eds, como pedras que dificultam o nosso desenvolvimento e atravancam a nossa na\u00e7\u00e3o. Com os olhos sempre voltados para horizontes ut\u00f3picos e, por isso mesmo jamais realiz\u00e1veis, sonham sonhos imposs\u00edveis, ao mesmo tempo que aparelham a m\u00e1quina do Estado apenas para o\" \/>\n\t\t<meta name=\"twitter:image\" content=\"https:\/\/scontent-gig4-1.xx.fbcdn.net\/v\/t39.30808-1\/270437624_4564083193639691_6907940295614233970_n.jpg?stp=dst-jpg_s200x200_tt6&amp;_nc_cat=111&amp;ccb=1-7&amp;_nc_sid=f907e8&amp;_nc_ohc=SM1wRlP3lJwQ7kNvwEPuBYA&amp;_nc_oc=AdnqrjDN_BNjSSHWO-GbkIWH6fkGMLw4bqvL_NH6e2wMveX7G-rP2dAqsDSq1mJMOaY&amp;_nc_zt=24&amp;_nc_ht=scontent-gig4-1.xx&amp;_nc_gid=AoBFJeGrT1hVaew_6rchkQ&amp;oh=00_AfX7QmFGhQhG2jAllVgXCiM1ZrWgvtp80-Bfppyexh1QEg&amp;oe=689E923C\" \/>\n\t\t<script type=\"application\/ld+json\" class=\"aioseo-schema\">\n\t\t\t{\"@context\":\"https:\\\/\\\/schema.org\",\"@graph\":[{\"@type\":\"BlogPosting\",\"@id\":\"https:\\\/\\\/anoticiaonline.com.br\\\/site\\\/as-esquerdas-no-destino-do-brasil\\\/#blogposting\",\"name\":\"AS ESQUERDAS NO DESTINO DO BRASIL - A Not\\u00edcia Online\",\"headline\":\"AS ESQUERDAS NO DESTINO DO BRASIL\",\"author\":{\"@id\":\"https:\\\/\\\/anoticiaonline.com.br\\\/site\\\/author\\\/juliana\\\/#author\"},\"publisher\":{\"@id\":\"https:\\\/\\\/anoticiaonline.com.br\\\/site\\\/#organization\"},\"image\":{\"@type\":\"ImageObject\",\"url\":\"https:\\\/\\\/scontent-gig4-1.xx.fbcdn.net\\\/v\\\/t39.30808-1\\\/270437624_4564083193639691_6907940295614233970_n.jpg?stp=dst-jpg_s200x200_tt6&_nc_cat=111&ccb=1-7&_nc_sid=f907e8&_nc_ohc=SM1wRlP3lJwQ7kNvwEPuBYA&_nc_oc=AdnqrjDN_BNjSSHWO-GbkIWH6fkGMLw4bqvL_NH6e2wMveX7G-rP2dAqsDSq1mJMOaY&_nc_zt=24&_nc_ht=scontent-gig4-1.xx&_nc_gid=AoBFJeGrT1hVaew_6rchkQ&oh=00_AfX7QmFGhQhG2jAllVgXCiM1ZrWgvtp80-Bfppyexh1QEg&oe=689E923C\",\"@id\":\"https:\\\/\\\/anoticiaonline.com.br\\\/site\\\/#articleImage\"},\"datePublished\":\"2018-12-20T19:13:15-03:00\",\"dateModified\":\"2018-12-20T19:13:15-03:00\",\"inLanguage\":\"pt-BR\",\"mainEntityOfPage\":{\"@id\":\"https:\\\/\\\/anoticiaonline.com.br\\\/site\\\/as-esquerdas-no-destino-do-brasil\\\/#webpage\"},\"isPartOf\":{\"@id\":\"https:\\\/\\\/anoticiaonline.com.br\\\/site\\\/as-esquerdas-no-destino-do-brasil\\\/#webpage\"},\"articleSection\":\"Colunistas, Logos - Adellunar Marge\"},{\"@type\":\"BreadcrumbList\",\"@id\":\"https:\\\/\\\/anoticiaonline.com.br\\\/site\\\/as-esquerdas-no-destino-do-brasil\\\/#breadcrumblist\",\"itemListElement\":[{\"@type\":\"ListItem\",\"@id\":\"https:\\\/\\\/anoticiaonline.com.br\\\/site#listItem\",\"position\":1,\"name\":\"Home\",\"item\":\"https:\\\/\\\/anoticiaonline.com.br\\\/site\",\"nextItem\":{\"@type\":\"ListItem\",\"@id\":\"https:\\\/\\\/anoticiaonline.com.br\\\/site\\\/categoria\\\/colunistas\\\/#listItem\",\"name\":\"Colunistas\"}},{\"@type\":\"ListItem\",\"@id\":\"https:\\\/\\\/anoticiaonline.com.br\\\/site\\\/categoria\\\/colunistas\\\/#listItem\",\"position\":2,\"name\":\"Colunistas\",\"item\":\"https:\\\/\\\/anoticiaonline.com.br\\\/site\\\/categoria\\\/colunistas\\\/\",\"nextItem\":{\"@type\":\"ListItem\",\"@id\":\"https:\\\/\\\/anoticiaonline.com.br\\\/site\\\/categoria\\\/colunistas\\\/logos-adellunar-marge\\\/#listItem\",\"name\":\"Logos - Adellunar Marge\"},\"previousItem\":{\"@type\":\"ListItem\",\"@id\":\"https:\\\/\\\/anoticiaonline.com.br\\\/site#listItem\",\"name\":\"Home\"}},{\"@type\":\"ListItem\",\"@id\":\"https:\\\/\\\/anoticiaonline.com.br\\\/site\\\/categoria\\\/colunistas\\\/logos-adellunar-marge\\\/#listItem\",\"position\":3,\"name\":\"Logos - Adellunar Marge\",\"item\":\"https:\\\/\\\/anoticiaonline.com.br\\\/site\\\/categoria\\\/colunistas\\\/logos-adellunar-marge\\\/\",\"nextItem\":{\"@type\":\"ListItem\",\"@id\":\"https:\\\/\\\/anoticiaonline.com.br\\\/site\\\/as-esquerdas-no-destino-do-brasil\\\/#listItem\",\"name\":\"AS ESQUERDAS NO DESTINO DO BRASIL\"},\"previousItem\":{\"@type\":\"ListItem\",\"@id\":\"https:\\\/\\\/anoticiaonline.com.br\\\/site\\\/categoria\\\/colunistas\\\/#listItem\",\"name\":\"Colunistas\"}},{\"@type\":\"ListItem\",\"@id\":\"https:\\\/\\\/anoticiaonline.com.br\\\/site\\\/as-esquerdas-no-destino-do-brasil\\\/#listItem\",\"position\":4,\"name\":\"AS ESQUERDAS NO DESTINO DO BRASIL\",\"previousItem\":{\"@type\":\"ListItem\",\"@id\":\"https:\\\/\\\/anoticiaonline.com.br\\\/site\\\/categoria\\\/colunistas\\\/logos-adellunar-marge\\\/#listItem\",\"name\":\"Logos - Adellunar Marge\"}}]},{\"@type\":\"Organization\",\"@id\":\"https:\\\/\\\/anoticiaonline.com.br\\\/site\\\/#organization\",\"name\":\"A Not\\u00edcia Online\",\"description\":\"Noticias de Muria\\u00e9 e regi\\u00e3o\",\"url\":\"https:\\\/\\\/anoticiaonline.com.br\\\/site\\\/\",\"logo\":{\"@type\":\"ImageObject\",\"url\":\"https:\\\/\\\/scontent-gig4-1.xx.fbcdn.net\\\/v\\\/t39.30808-1\\\/270437624_4564083193639691_6907940295614233970_n.jpg?stp=dst-jpg_s200x200_tt6&_nc_cat=111&ccb=1-7&_nc_sid=f907e8&_nc_ohc=SM1wRlP3lJwQ7kNvwEPuBYA&_nc_oc=AdnqrjDN_BNjSSHWO-GbkIWH6fkGMLw4bqvL_NH6e2wMveX7G-rP2dAqsDSq1mJMOaY&_nc_zt=24&_nc_ht=scontent-gig4-1.xx&_nc_gid=AoBFJeGrT1hVaew_6rchkQ&oh=00_AfX7QmFGhQhG2jAllVgXCiM1ZrWgvtp80-Bfppyexh1QEg&oe=689E923C\",\"@id\":\"https:\\\/\\\/anoticiaonline.com.br\\\/site\\\/as-esquerdas-no-destino-do-brasil\\\/#organizationLogo\"},\"image\":{\"@id\":\"https:\\\/\\\/anoticiaonline.com.br\\\/site\\\/as-esquerdas-no-destino-do-brasil\\\/#organizationLogo\"}},{\"@type\":\"Person\",\"@id\":\"https:\\\/\\\/anoticiaonline.com.br\\\/site\\\/author\\\/juliana\\\/#author\",\"url\":\"https:\\\/\\\/anoticiaonline.com.br\\\/site\\\/author\\\/juliana\\\/\",\"name\":\"Juliana Laviola\",\"image\":{\"@type\":\"ImageObject\",\"@id\":\"https:\\\/\\\/anoticiaonline.com.br\\\/site\\\/as-esquerdas-no-destino-do-brasil\\\/#authorImage\",\"url\":\"https:\\\/\\\/secure.gravatar.com\\\/avatar\\\/b8d45f5c699b100dfaf0e543582f38f38bf94cb7ae3a5e9abf8d891a34773335?s=96&d=mm&r=g\",\"width\":96,\"height\":96,\"caption\":\"Juliana Laviola\"}},{\"@type\":\"WebPage\",\"@id\":\"https:\\\/\\\/anoticiaonline.com.br\\\/site\\\/as-esquerdas-no-destino-do-brasil\\\/#webpage\",\"url\":\"https:\\\/\\\/anoticiaonline.com.br\\\/site\\\/as-esquerdas-no-destino-do-brasil\\\/\",\"name\":\"AS ESQUERDAS NO DESTINO DO BRASIL - A Not\\u00edcia Online\",\"description\":\"As ideias da esquerda h\\u00e1 muito tempo t\\u00eam estado no caminho do nosso pa\\u00eds, como pedras que dificultam o nosso desenvolvimento e atravancam a nossa na\\u00e7\\u00e3o. Com os olhos sempre voltados para horizontes ut\\u00f3picos e, por isso mesmo jamais realiz\\u00e1veis, sonham sonhos imposs\\u00edveis, ao mesmo tempo que aparelham a m\\u00e1quina do Estado apenas para o\",\"inLanguage\":\"pt-BR\",\"isPartOf\":{\"@id\":\"https:\\\/\\\/anoticiaonline.com.br\\\/site\\\/#website\"},\"breadcrumb\":{\"@id\":\"https:\\\/\\\/anoticiaonline.com.br\\\/site\\\/as-esquerdas-no-destino-do-brasil\\\/#breadcrumblist\"},\"author\":{\"@id\":\"https:\\\/\\\/anoticiaonline.com.br\\\/site\\\/author\\\/juliana\\\/#author\"},\"creator\":{\"@id\":\"https:\\\/\\\/anoticiaonline.com.br\\\/site\\\/author\\\/juliana\\\/#author\"},\"datePublished\":\"2018-12-20T19:13:15-03:00\",\"dateModified\":\"2018-12-20T19:13:15-03:00\"},{\"@type\":\"WebSite\",\"@id\":\"https:\\\/\\\/anoticiaonline.com.br\\\/site\\\/#website\",\"url\":\"https:\\\/\\\/anoticiaonline.com.br\\\/site\\\/\",\"name\":\"A Not\\u00edcia Online\",\"description\":\"Noticias de Muria\\u00e9 e regi\\u00e3o\",\"inLanguage\":\"pt-BR\",\"publisher\":{\"@id\":\"https:\\\/\\\/anoticiaonline.com.br\\\/site\\\/#organization\"}}]}\n\t\t<\/script>\n\t\t<!-- All in One SEO -->\n\n","aioseo_head_json":{"title":"AS ESQUERDAS NO DESTINO DO BRASIL - A Not\u00edcia Online","description":"As ideias da esquerda h\u00e1 muito tempo t\u00eam estado no caminho do nosso pa\u00eds, como pedras que dificultam o nosso desenvolvimento e atravancam a nossa na\u00e7\u00e3o. Com os olhos sempre voltados para horizontes ut\u00f3picos e, por isso mesmo jamais realiz\u00e1veis, sonham sonhos imposs\u00edveis, ao mesmo tempo que aparelham a m\u00e1quina do Estado apenas para o","canonical_url":"https:\/\/anoticiaonline.com.br\/site\/as-esquerdas-no-destino-do-brasil\/","robots":"max-image-preview:large","keywords":"","webmasterTools":{"miscellaneous":""},"schema":{"@context":"https:\/\/schema.org","@graph":[{"@type":"BlogPosting","@id":"https:\/\/anoticiaonline.com.br\/site\/as-esquerdas-no-destino-do-brasil\/#blogposting","name":"AS ESQUERDAS NO DESTINO DO BRASIL - A Not\u00edcia Online","headline":"AS ESQUERDAS NO DESTINO DO BRASIL","author":{"@id":"https:\/\/anoticiaonline.com.br\/site\/author\/juliana\/#author"},"publisher":{"@id":"https:\/\/anoticiaonline.com.br\/site\/#organization"},"image":{"@type":"ImageObject","url":"https:\/\/scontent-gig4-1.xx.fbcdn.net\/v\/t39.30808-1\/270437624_4564083193639691_6907940295614233970_n.jpg?stp=dst-jpg_s200x200_tt6&_nc_cat=111&ccb=1-7&_nc_sid=f907e8&_nc_ohc=SM1wRlP3lJwQ7kNvwEPuBYA&_nc_oc=AdnqrjDN_BNjSSHWO-GbkIWH6fkGMLw4bqvL_NH6e2wMveX7G-rP2dAqsDSq1mJMOaY&_nc_zt=24&_nc_ht=scontent-gig4-1.xx&_nc_gid=AoBFJeGrT1hVaew_6rchkQ&oh=00_AfX7QmFGhQhG2jAllVgXCiM1ZrWgvtp80-Bfppyexh1QEg&oe=689E923C","@id":"https:\/\/anoticiaonline.com.br\/site\/#articleImage"},"datePublished":"2018-12-20T19:13:15-03:00","dateModified":"2018-12-20T19:13:15-03:00","inLanguage":"pt-BR","mainEntityOfPage":{"@id":"https:\/\/anoticiaonline.com.br\/site\/as-esquerdas-no-destino-do-brasil\/#webpage"},"isPartOf":{"@id":"https:\/\/anoticiaonline.com.br\/site\/as-esquerdas-no-destino-do-brasil\/#webpage"},"articleSection":"Colunistas, Logos - Adellunar Marge"},{"@type":"BreadcrumbList","@id":"https:\/\/anoticiaonline.com.br\/site\/as-esquerdas-no-destino-do-brasil\/#breadcrumblist","itemListElement":[{"@type":"ListItem","@id":"https:\/\/anoticiaonline.com.br\/site#listItem","position":1,"name":"Home","item":"https:\/\/anoticiaonline.com.br\/site","nextItem":{"@type":"ListItem","@id":"https:\/\/anoticiaonline.com.br\/site\/categoria\/colunistas\/#listItem","name":"Colunistas"}},{"@type":"ListItem","@id":"https:\/\/anoticiaonline.com.br\/site\/categoria\/colunistas\/#listItem","position":2,"name":"Colunistas","item":"https:\/\/anoticiaonline.com.br\/site\/categoria\/colunistas\/","nextItem":{"@type":"ListItem","@id":"https:\/\/anoticiaonline.com.br\/site\/categoria\/colunistas\/logos-adellunar-marge\/#listItem","name":"Logos - Adellunar Marge"},"previousItem":{"@type":"ListItem","@id":"https:\/\/anoticiaonline.com.br\/site#listItem","name":"Home"}},{"@type":"ListItem","@id":"https:\/\/anoticiaonline.com.br\/site\/categoria\/colunistas\/logos-adellunar-marge\/#listItem","position":3,"name":"Logos - Adellunar Marge","item":"https:\/\/anoticiaonline.com.br\/site\/categoria\/colunistas\/logos-adellunar-marge\/","nextItem":{"@type":"ListItem","@id":"https:\/\/anoticiaonline.com.br\/site\/as-esquerdas-no-destino-do-brasil\/#listItem","name":"AS ESQUERDAS NO DESTINO DO BRASIL"},"previousItem":{"@type":"ListItem","@id":"https:\/\/anoticiaonline.com.br\/site\/categoria\/colunistas\/#listItem","name":"Colunistas"}},{"@type":"ListItem","@id":"https:\/\/anoticiaonline.com.br\/site\/as-esquerdas-no-destino-do-brasil\/#listItem","position":4,"name":"AS ESQUERDAS NO DESTINO DO BRASIL","previousItem":{"@type":"ListItem","@id":"https:\/\/anoticiaonline.com.br\/site\/categoria\/colunistas\/logos-adellunar-marge\/#listItem","name":"Logos - Adellunar Marge"}}]},{"@type":"Organization","@id":"https:\/\/anoticiaonline.com.br\/site\/#organization","name":"A Not\u00edcia Online","description":"Noticias de Muria\u00e9 e regi\u00e3o","url":"https:\/\/anoticiaonline.com.br\/site\/","logo":{"@type":"ImageObject","url":"https:\/\/scontent-gig4-1.xx.fbcdn.net\/v\/t39.30808-1\/270437624_4564083193639691_6907940295614233970_n.jpg?stp=dst-jpg_s200x200_tt6&_nc_cat=111&ccb=1-7&_nc_sid=f907e8&_nc_ohc=SM1wRlP3lJwQ7kNvwEPuBYA&_nc_oc=AdnqrjDN_BNjSSHWO-GbkIWH6fkGMLw4bqvL_NH6e2wMveX7G-rP2dAqsDSq1mJMOaY&_nc_zt=24&_nc_ht=scontent-gig4-1.xx&_nc_gid=AoBFJeGrT1hVaew_6rchkQ&oh=00_AfX7QmFGhQhG2jAllVgXCiM1ZrWgvtp80-Bfppyexh1QEg&oe=689E923C","@id":"https:\/\/anoticiaonline.com.br\/site\/as-esquerdas-no-destino-do-brasil\/#organizationLogo"},"image":{"@id":"https:\/\/anoticiaonline.com.br\/site\/as-esquerdas-no-destino-do-brasil\/#organizationLogo"}},{"@type":"Person","@id":"https:\/\/anoticiaonline.com.br\/site\/author\/juliana\/#author","url":"https:\/\/anoticiaonline.com.br\/site\/author\/juliana\/","name":"Juliana Laviola","image":{"@type":"ImageObject","@id":"https:\/\/anoticiaonline.com.br\/site\/as-esquerdas-no-destino-do-brasil\/#authorImage","url":"https:\/\/secure.gravatar.com\/avatar\/b8d45f5c699b100dfaf0e543582f38f38bf94cb7ae3a5e9abf8d891a34773335?s=96&d=mm&r=g","width":96,"height":96,"caption":"Juliana Laviola"}},{"@type":"WebPage","@id":"https:\/\/anoticiaonline.com.br\/site\/as-esquerdas-no-destino-do-brasil\/#webpage","url":"https:\/\/anoticiaonline.com.br\/site\/as-esquerdas-no-destino-do-brasil\/","name":"AS ESQUERDAS NO DESTINO DO BRASIL - A Not\u00edcia Online","description":"As ideias da esquerda h\u00e1 muito tempo t\u00eam estado no caminho do nosso pa\u00eds, como pedras que dificultam o nosso desenvolvimento e atravancam a nossa na\u00e7\u00e3o. Com os olhos sempre voltados para horizontes ut\u00f3picos e, por isso mesmo jamais realiz\u00e1veis, sonham sonhos imposs\u00edveis, ao mesmo tempo que aparelham a m\u00e1quina do Estado apenas para o","inLanguage":"pt-BR","isPartOf":{"@id":"https:\/\/anoticiaonline.com.br\/site\/#website"},"breadcrumb":{"@id":"https:\/\/anoticiaonline.com.br\/site\/as-esquerdas-no-destino-do-brasil\/#breadcrumblist"},"author":{"@id":"https:\/\/anoticiaonline.com.br\/site\/author\/juliana\/#author"},"creator":{"@id":"https:\/\/anoticiaonline.com.br\/site\/author\/juliana\/#author"},"datePublished":"2018-12-20T19:13:15-03:00","dateModified":"2018-12-20T19:13:15-03:00"},{"@type":"WebSite","@id":"https:\/\/anoticiaonline.com.br\/site\/#website","url":"https:\/\/anoticiaonline.com.br\/site\/","name":"A Not\u00edcia Online","description":"Noticias de Muria\u00e9 e regi\u00e3o","inLanguage":"pt-BR","publisher":{"@id":"https:\/\/anoticiaonline.com.br\/site\/#organization"}}]},"og:locale":"pt_BR","og:site_name":"A Not\u00edcia Online - Noticias de Muria\u00e9 e regi\u00e3o","og:type":"article","og:title":"AS ESQUERDAS NO DESTINO DO BRASIL - A Not\u00edcia Online","og:description":"As ideias da esquerda h\u00e1 muito tempo t\u00eam estado no caminho do nosso pa\u00eds, como pedras que dificultam o nosso desenvolvimento e atravancam a nossa na\u00e7\u00e3o. Com os olhos sempre voltados para horizontes ut\u00f3picos e, por isso mesmo jamais realiz\u00e1veis, sonham sonhos imposs\u00edveis, ao mesmo tempo que aparelham a m\u00e1quina do Estado apenas para o","og:url":"https:\/\/anoticiaonline.com.br\/site\/as-esquerdas-no-destino-do-brasil\/","og:image":"https:\/\/scontent-gig4-1.xx.fbcdn.net\/v\/t39.30808-1\/270437624_4564083193639691_6907940295614233970_n.jpg?stp=dst-jpg_s200x200_tt6&#038;_nc_cat=111&#038;ccb=1-7&#038;_nc_sid=f907e8&#038;_nc_ohc=SM1wRlP3lJwQ7kNvwEPuBYA&#038;_nc_oc=AdnqrjDN_BNjSSHWO-GbkIWH6fkGMLw4bqvL_NH6e2wMveX7G-rP2dAqsDSq1mJMOaY&#038;_nc_zt=24&#038;_nc_ht=scontent-gig4-1.xx&#038;_nc_gid=AoBFJeGrT1hVaew_6rchkQ&#038;oh=00_AfX7QmFGhQhG2jAllVgXCiM1ZrWgvtp80-Bfppyexh1QEg&#038;oe=689E923C","og:image:secure_url":"https:\/\/scontent-gig4-1.xx.fbcdn.net\/v\/t39.30808-1\/270437624_4564083193639691_6907940295614233970_n.jpg?stp=dst-jpg_s200x200_tt6&#038;_nc_cat=111&#038;ccb=1-7&#038;_nc_sid=f907e8&#038;_nc_ohc=SM1wRlP3lJwQ7kNvwEPuBYA&#038;_nc_oc=AdnqrjDN_BNjSSHWO-GbkIWH6fkGMLw4bqvL_NH6e2wMveX7G-rP2dAqsDSq1mJMOaY&#038;_nc_zt=24&#038;_nc_ht=scontent-gig4-1.xx&#038;_nc_gid=AoBFJeGrT1hVaew_6rchkQ&#038;oh=00_AfX7QmFGhQhG2jAllVgXCiM1ZrWgvtp80-Bfppyexh1QEg&#038;oe=689E923C","article:published_time":"2018-12-20T22:13:15+00:00","article:modified_time":"2018-12-20T22:13:15+00:00","twitter:card":"summary_large_image","twitter:title":"AS ESQUERDAS NO DESTINO DO BRASIL - A Not\u00edcia Online","twitter:description":"As ideias da esquerda h\u00e1 muito tempo t\u00eam estado no caminho do nosso pa\u00eds, como pedras que dificultam o nosso desenvolvimento e atravancam a nossa na\u00e7\u00e3o. Com os olhos sempre voltados para horizontes ut\u00f3picos e, por isso mesmo jamais realiz\u00e1veis, sonham sonhos imposs\u00edveis, ao mesmo tempo que aparelham a m\u00e1quina do Estado apenas para o","twitter:image":"https:\/\/scontent-gig4-1.xx.fbcdn.net\/v\/t39.30808-1\/270437624_4564083193639691_6907940295614233970_n.jpg?stp=dst-jpg_s200x200_tt6&_nc_cat=111&ccb=1-7&_nc_sid=f907e8&_nc_ohc=SM1wRlP3lJwQ7kNvwEPuBYA&_nc_oc=AdnqrjDN_BNjSSHWO-GbkIWH6fkGMLw4bqvL_NH6e2wMveX7G-rP2dAqsDSq1mJMOaY&_nc_zt=24&_nc_ht=scontent-gig4-1.xx&_nc_gid=AoBFJeGrT1hVaew_6rchkQ&oh=00_AfX7QmFGhQhG2jAllVgXCiM1ZrWgvtp80-Bfppyexh1QEg&oe=689E923C"},"aioseo_meta_data":{"post_id":"66383","title":null,"description":null,"keywords":null,"keyphrases":null,"primary_term":null,"canonical_url":null,"og_title":null,"og_description":null,"og_object_type":"default","og_image_type":"default","og_image_url":null,"og_image_width":null,"og_image_height":null,"og_image_custom_url":null,"og_image_custom_fields":null,"og_video":null,"og_custom_url":null,"og_article_section":null,"og_article_tags":null,"twitter_use_og":false,"twitter_card":"default","twitter_image_type":"default","twitter_image_url":null,"twitter_image_custom_url":null,"twitter_image_custom_fields":null,"twitter_title":null,"twitter_description":null,"schema":{"blockGraphs":[],"customGraphs":[],"default":{"data":{"Article":[],"Course":[],"Dataset":[],"FAQPage":[],"Movie":[],"Person":[],"Product":[],"ProductReview":[],"Car":[],"Recipe":[],"Service":[],"SoftwareApplication":[],"WebPage":[]},"graphName":"","isEnabled":true},"graphs":[]},"schema_type":"default","schema_type_options":null,"pillar_content":false,"robots_default":true,"robots_noindex":false,"robots_noarchive":false,"robots_nosnippet":false,"robots_nofollow":false,"robots_noimageindex":false,"robots_noodp":false,"robots_notranslate":false,"robots_max_snippet":null,"robots_max_videopreview":null,"robots_max_imagepreview":"large","priority":null,"frequency":null,"local_seo":null,"breadcrumb_settings":null,"limit_modified_date":false,"ai":null,"created":"2025-08-16 22:34:08","updated":"2025-08-16 22:34:08","focus_keyword":null,"additional_keywords":null,"truseo_locale":null,"seo_analyzer_scan_date":null},"aioseo_breadcrumb":"<div class=\"aioseo-breadcrumbs\"><span class=\"aioseo-breadcrumb\">\n\t\t\t<a href=\"https:\/\/anoticiaonline.com.br\/site\" title=\"Home\">Home<\/a>\n\t\t<\/span><span class=\"aioseo-breadcrumb-separator\">&raquo;<\/span><span class=\"aioseo-breadcrumb\">\n\t\t\t<a href=\"https:\/\/anoticiaonline.com.br\/site\/categoria\/colunistas\/\" title=\"Colunistas\">Colunistas<\/a>\n\t\t<\/span><span class=\"aioseo-breadcrumb-separator\">&raquo;<\/span><span class=\"aioseo-breadcrumb\">\n\t\t\t<a href=\"https:\/\/anoticiaonline.com.br\/site\/categoria\/colunistas\/logos-adellunar-marge\/\" title=\"Logos - Adellunar Marge\">Logos - Adellunar Marge<\/a>\n\t\t<\/span><span class=\"aioseo-breadcrumb-separator\">&raquo;<\/span><span class=\"aioseo-breadcrumb\">\n\t\t\tAS ESQUERDAS NO DESTINO DO BRASIL\n\t\t<\/span><\/div>","aioseo_breadcrumb_json":[{"label":"Home","link":"https:\/\/anoticiaonline.com.br\/site"},{"label":"Colunistas","link":"https:\/\/anoticiaonline.com.br\/site\/categoria\/colunistas\/"},{"label":"Logos - Adellunar Marge","link":"https:\/\/anoticiaonline.com.br\/site\/categoria\/colunistas\/logos-adellunar-marge\/"},{"label":"AS ESQUERDAS NO DESTINO DO BRASIL","link":"https:\/\/anoticiaonline.com.br\/site\/as-esquerdas-no-destino-do-brasil\/"}],"views":141,"_links":{"self":[{"href":"https:\/\/anoticiaonline.com.br\/site\/wp-json\/wp\/v2\/posts\/66383","targetHints":{"allow":["GET"]}}],"collection":[{"href":"https:\/\/anoticiaonline.com.br\/site\/wp-json\/wp\/v2\/posts"}],"about":[{"href":"https:\/\/anoticiaonline.com.br\/site\/wp-json\/wp\/v2\/types\/post"}],"author":[{"embeddable":true,"href":"https:\/\/anoticiaonline.com.br\/site\/wp-json\/wp\/v2\/users\/2"}],"replies":[{"embeddable":true,"href":"https:\/\/anoticiaonline.com.br\/site\/wp-json\/wp\/v2\/comments?post=66383"}],"version-history":[{"count":0,"href":"https:\/\/anoticiaonline.com.br\/site\/wp-json\/wp\/v2\/posts\/66383\/revisions"}],"wp:attachment":[{"href":"https:\/\/anoticiaonline.com.br\/site\/wp-json\/wp\/v2\/media?parent=66383"}],"wp:term":[{"taxonomy":"category","embeddable":true,"href":"https:\/\/anoticiaonline.com.br\/site\/wp-json\/wp\/v2\/categories?post=66383"},{"taxonomy":"post_tag","embeddable":true,"href":"https:\/\/anoticiaonline.com.br\/site\/wp-json\/wp\/v2\/tags?post=66383"}],"curies":[{"name":"wp","href":"https:\/\/api.w.org\/{rel}","templated":true}]}}