{"id":6635,"date":"2015-11-19T14:21:42","date_gmt":"2015-11-19T17:21:42","guid":{"rendered":"http:\/\/anoticiaonline.com.br\/site\/?p=6635"},"modified":"2015-11-19T14:21:42","modified_gmt":"2015-11-19T17:21:42","slug":"prefeitura-e-faminas-terao-parceria-para-acoes-de-saude","status":"publish","type":"post","link":"https:\/\/anoticiaonline.com.br\/site\/prefeitura-e-faminas-terao-parceria-para-acoes-de-saude\/","title":{"rendered":"Prefeitura e Faminas ter\u00e3o parceria para a\u00e7\u00f5es de sa\u00fade"},"content":{"rendered":"<figure id=\"attachment_5027\" aria-describedby=\"caption-attachment-5027\" style=\"width: 290px\" class=\"wp-caption alignleft\"><a href=\"https:\/\/anoticiaonline.com.br\/site\/wp-content\/uploads\/2015\/10\/1233981_586027921443761_738229735_n.jpg\"><img fetchpriority=\"high\" decoding=\"async\" class=\"size-medium wp-image-5027\" src=\"https:\/\/anoticiaonline.com.br\/site\/wp-content\/uploads\/2015\/10\/1233981_586027921443761_738229735_n-300x201.jpg\" alt=\"Arquivo\/ Faminas Muria\u00e9\" width=\"300\" height=\"201\" srcset=\"https:\/\/anoticiaonline.com.br\/site\/wp-content\/uploads\/2015\/10\/1233981_586027921443761_738229735_n-300x201.jpg 300w, https:\/\/anoticiaonline.com.br\/site\/wp-content\/uploads\/2015\/10\/1233981_586027921443761_738229735_n.jpg 540w\" sizes=\"(max-width: 300px) 100vw, 300px\" \/><\/a><figcaption id=\"caption-attachment-5027\" class=\"wp-caption-text\">Arquivo\/ Faminas Muria\u00e9<\/figcaption><\/figure>\n<p>A Prefeitura de Muria\u00e9 e a Faminas firmam, na pr\u00f3xima semana, protocolo de inten\u00e7\u00f5es entre si. O Contrato Organizativo de A\u00e7\u00e3o P\u00fablica Ensino \u2013 Sa\u00fade (Coapes), que valer\u00e1 para a realiza\u00e7\u00e3o de a\u00e7\u00f5es integradas entre a Secretaria Municipal de Sa\u00fade e o curso de gradua\u00e7\u00e3o em Medicina, ser\u00e1 assinado na pr\u00f3xima ter\u00e7a-feira (24), \u00e0s 8h30min, no Sal\u00e3o Nobre da faculdade.<\/p>\n<p>O Coapes ter\u00e1 o objetivo de estabelecer condi\u00e7\u00f5es de coopera\u00e7\u00e3o entre as partes, no sentido de se buscar a intera\u00e7\u00e3o entre os acad\u00eamicos e os m\u00e9dicos atuantes na sa\u00fade p\u00fablica em Muria\u00e9. Dessa forma, o protocolo de inten\u00e7\u00f5es ser\u00e1 uma ferramenta para a apresenta\u00e7\u00e3o de novas propostas e para o fomento da sensibiliza\u00e7\u00e3o de gestores e profissionais em rela\u00e7\u00e3o ao desenvolvimento do programa educativo.<\/p>\n<p>\u201cOs estudantes do curso de Medicina ter\u00e3o a oportunidade de acompanharem o dia a dia nas unidades b\u00e1sicas de Muria\u00e9, adquirindo conhecimento e experi\u00eancia, bem como de participarem de eventos relacionados \u00e0 \u00e1rea, como cursos, semin\u00e1rios, congressos, confer\u00eancias e palestras\u201d, informa o secret\u00e1rio municipal de Sa\u00fade, Franklin Leandro Neto.<\/p>\n<p>O prazo de vig\u00eancia do Coapes ser\u00e1 de 12 meses, contados a partir da data de sua assinatura, podendo ser prorrogado automaticamente por iguais per\u00edodos. Vale lembrar que o contrato n\u00e3o inclui qualquer tipo de transfer\u00eancia financeira entre as partes.<\/p>\n","protected":false},"excerpt":{"rendered":"<p>A Prefeitura de Muria\u00e9 e a Faminas firmam, na pr\u00f3xima semana, protocolo de inten\u00e7\u00f5es entre si. O Contrato Organizativo de A\u00e7\u00e3o P\u00fablica Ensino \u2013 Sa\u00fade (Coapes), que valer\u00e1 para a realiza\u00e7\u00e3o de a\u00e7\u00f5es integradas entre a Secretaria Municipal de Sa\u00fade e o curso de gradua\u00e7\u00e3o em Medicina, ser\u00e1 assinado na pr\u00f3xima ter\u00e7a-feira (24), \u00e0s 8h30min, &#8230; <a title=\"Prefeitura e Faminas ter\u00e3o parceria para a\u00e7\u00f5es de sa\u00fade\" class=\"read-more\" href=\"https:\/\/anoticiaonline.com.br\/site\/prefeitura-e-faminas-terao-parceria-para-acoes-de-saude\/\" aria-label=\"Read more about Prefeitura e Faminas ter\u00e3o parceria para a\u00e7\u00f5es de sa\u00fade\">Ler mais<\/a><\/p>\n","protected":false},"author":2,"featured_media":5027,"comment_status":"open","ping_status":"open","sticky":false,"template":"","format":"standard","meta":{"_acf_changed":false,"_monsterinsights_skip_tracking":false,"footnotes":""},"categories":[30],"tags":[3],"class_list":["post-6635","post","type-post","status-publish","format-standard","has-post-thumbnail","hentry","category-muriae","tag-slide"],"acf":[],"aioseo_notices":[],"aioseo_head":"\n\t\t<!-- All in One SEO 5.0.0.1 - aioseo.com -->\n\t<meta name=\"description\" content=\"A Prefeitura de Muria\u00e9 e a Faminas firmam, na pr\u00f3xima semana, protocolo de inten\u00e7\u00f5es entre si. O Contrato Organizativo de A\u00e7\u00e3o P\u00fablica Ensino \u2013 Sa\u00fade (Coapes), que valer\u00e1 para a realiza\u00e7\u00e3o de a\u00e7\u00f5es integradas entre a Secretaria Municipal de Sa\u00fade e o curso de gradua\u00e7\u00e3o em Medicina, ser\u00e1 assinado na pr\u00f3xima ter\u00e7a-feira (24), \u00e0s 8h30min,\" \/>\n\t<meta name=\"robots\" content=\"max-image-preview:large\" \/>\n\t<meta name=\"author\" content=\"Juliana Laviola\"\/>\n\t<link rel=\"canonical\" href=\"https:\/\/anoticiaonline.com.br\/site\/prefeitura-e-faminas-terao-parceria-para-acoes-de-saude\/\" \/>\n\t<meta name=\"generator\" content=\"All in One SEO (AIOSEO) 5.0.0.1\" \/>\n\t\t<meta property=\"og:locale\" content=\"pt_BR\" \/>\n\t\t<meta property=\"og:site_name\" content=\"A Not\u00edcia Online - Noticias de Muria\u00e9 e regi\u00e3o\" \/>\n\t\t<meta property=\"og:type\" content=\"article\" \/>\n\t\t<meta property=\"og:title\" content=\"Prefeitura e Faminas ter\u00e3o parceria para a\u00e7\u00f5es de sa\u00fade - A Not\u00edcia Online\" \/>\n\t\t<meta property=\"og:description\" content=\"A Prefeitura de Muria\u00e9 e a Faminas firmam, na pr\u00f3xima semana, protocolo de inten\u00e7\u00f5es entre si. O Contrato Organizativo de A\u00e7\u00e3o P\u00fablica Ensino \u2013 Sa\u00fade (Coapes), que valer\u00e1 para a realiza\u00e7\u00e3o de a\u00e7\u00f5es integradas entre a Secretaria Municipal de Sa\u00fade e o curso de gradua\u00e7\u00e3o em Medicina, ser\u00e1 assinado na pr\u00f3xima ter\u00e7a-feira (24), \u00e0s 8h30min,\" \/>\n\t\t<meta property=\"og:url\" content=\"https:\/\/anoticiaonline.com.br\/site\/prefeitura-e-faminas-terao-parceria-para-acoes-de-saude\/\" \/>\n\t\t<meta property=\"og:image\" content=\"https:\/\/scontent-gig4-1.xx.fbcdn.net\/v\/t39.30808-1\/270437624_4564083193639691_6907940295614233970_n.jpg?stp=dst-jpg_s200x200_tt6&#038;_nc_cat=111&#038;ccb=1-7&#038;_nc_sid=f907e8&#038;_nc_ohc=SM1wRlP3lJwQ7kNvwEPuBYA&#038;_nc_oc=AdnqrjDN_BNjSSHWO-GbkIWH6fkGMLw4bqvL_NH6e2wMveX7G-rP2dAqsDSq1mJMOaY&#038;_nc_zt=24&#038;_nc_ht=scontent-gig4-1.xx&#038;_nc_gid=AoBFJeGrT1hVaew_6rchkQ&#038;oh=00_AfX7QmFGhQhG2jAllVgXCiM1ZrWgvtp80-Bfppyexh1QEg&#038;oe=689E923C\" \/>\n\t\t<meta property=\"og:image:secure_url\" content=\"https:\/\/scontent-gig4-1.xx.fbcdn.net\/v\/t39.30808-1\/270437624_4564083193639691_6907940295614233970_n.jpg?stp=dst-jpg_s200x200_tt6&#038;_nc_cat=111&#038;ccb=1-7&#038;_nc_sid=f907e8&#038;_nc_ohc=SM1wRlP3lJwQ7kNvwEPuBYA&#038;_nc_oc=AdnqrjDN_BNjSSHWO-GbkIWH6fkGMLw4bqvL_NH6e2wMveX7G-rP2dAqsDSq1mJMOaY&#038;_nc_zt=24&#038;_nc_ht=scontent-gig4-1.xx&#038;_nc_gid=AoBFJeGrT1hVaew_6rchkQ&#038;oh=00_AfX7QmFGhQhG2jAllVgXCiM1ZrWgvtp80-Bfppyexh1QEg&#038;oe=689E923C\" \/>\n\t\t<meta property=\"article:published_time\" content=\"2015-11-19T17:21:42+00:00\" \/>\n\t\t<meta property=\"article:modified_time\" content=\"2015-11-19T17:21:42+00:00\" \/>\n\t\t<meta name=\"twitter:card\" content=\"summary_large_image\" \/>\n\t\t<meta name=\"twitter:title\" content=\"Prefeitura e Faminas ter\u00e3o parceria para a\u00e7\u00f5es de sa\u00fade - A Not\u00edcia Online\" \/>\n\t\t<meta name=\"twitter:description\" content=\"A Prefeitura de Muria\u00e9 e a Faminas firmam, na pr\u00f3xima semana, protocolo de inten\u00e7\u00f5es entre si. O Contrato Organizativo de A\u00e7\u00e3o P\u00fablica Ensino \u2013 Sa\u00fade (Coapes), que valer\u00e1 para a realiza\u00e7\u00e3o de a\u00e7\u00f5es integradas entre a Secretaria Municipal de Sa\u00fade e o curso de gradua\u00e7\u00e3o em Medicina, ser\u00e1 assinado na pr\u00f3xima ter\u00e7a-feira (24), \u00e0s 8h30min,\" \/>\n\t\t<meta name=\"twitter:image\" content=\"https:\/\/scontent-gig4-1.xx.fbcdn.net\/v\/t39.30808-1\/270437624_4564083193639691_6907940295614233970_n.jpg?stp=dst-jpg_s200x200_tt6&amp;_nc_cat=111&amp;ccb=1-7&amp;_nc_sid=f907e8&amp;_nc_ohc=SM1wRlP3lJwQ7kNvwEPuBYA&amp;_nc_oc=AdnqrjDN_BNjSSHWO-GbkIWH6fkGMLw4bqvL_NH6e2wMveX7G-rP2dAqsDSq1mJMOaY&amp;_nc_zt=24&amp;_nc_ht=scontent-gig4-1.xx&amp;_nc_gid=AoBFJeGrT1hVaew_6rchkQ&amp;oh=00_AfX7QmFGhQhG2jAllVgXCiM1ZrWgvtp80-Bfppyexh1QEg&amp;oe=689E923C\" \/>\n\t\t<script type=\"application\/ld+json\" class=\"aioseo-schema\">\n\t\t\t{\"@context\":\"https:\\\/\\\/schema.org\",\"@graph\":[{\"@type\":\"BlogPosting\",\"@id\":\"https:\\\/\\\/anoticiaonline.com.br\\\/site\\\/prefeitura-e-faminas-terao-parceria-para-acoes-de-saude\\\/#blogposting\",\"name\":\"Prefeitura e Faminas ter\\u00e3o parceria para a\\u00e7\\u00f5es de sa\\u00fade - A Not\\u00edcia Online\",\"headline\":\"Prefeitura e Faminas ter\\u00e3o parceria para a\\u00e7\\u00f5es de sa\\u00fade\",\"author\":{\"@id\":\"https:\\\/\\\/anoticiaonline.com.br\\\/site\\\/author\\\/juliana\\\/#author\"},\"publisher\":{\"@id\":\"https:\\\/\\\/anoticiaonline.com.br\\\/site\\\/#organization\"},\"image\":{\"@type\":\"ImageObject\",\"url\":\"https:\\\/\\\/anoticiaonline.com.br\\\/site\\\/wp-content\\\/uploads\\\/2015\\\/10\\\/1233981_586027921443761_738229735_n.jpg\",\"width\":540,\"height\":361,\"caption\":\"Arquivo\\\/ Faminas Muria\\u00e9\"},\"datePublished\":\"2015-11-19T14:21:42-03:00\",\"dateModified\":\"2015-11-19T14:21:42-03:00\",\"inLanguage\":\"pt-BR\",\"mainEntityOfPage\":{\"@id\":\"https:\\\/\\\/anoticiaonline.com.br\\\/site\\\/prefeitura-e-faminas-terao-parceria-para-acoes-de-saude\\\/#webpage\"},\"isPartOf\":{\"@id\":\"https:\\\/\\\/anoticiaonline.com.br\\\/site\\\/prefeitura-e-faminas-terao-parceria-para-acoes-de-saude\\\/#webpage\"},\"articleSection\":\"Blog, slide\"},{\"@type\":\"BreadcrumbList\",\"@id\":\"https:\\\/\\\/anoticiaonline.com.br\\\/site\\\/prefeitura-e-faminas-terao-parceria-para-acoes-de-saude\\\/#breadcrumblist\",\"itemListElement\":[{\"@type\":\"ListItem\",\"@id\":\"https:\\\/\\\/anoticiaonline.com.br\\\/site#listItem\",\"position\":1,\"name\":\"Home\",\"item\":\"https:\\\/\\\/anoticiaonline.com.br\\\/site\",\"nextItem\":{\"@type\":\"ListItem\",\"@id\":\"https:\\\/\\\/anoticiaonline.com.br\\\/site\\\/categoria\\\/muriae\\\/#listItem\",\"name\":\"Blog\"}},{\"@type\":\"ListItem\",\"@id\":\"https:\\\/\\\/anoticiaonline.com.br\\\/site\\\/categoria\\\/muriae\\\/#listItem\",\"position\":2,\"name\":\"Blog\",\"item\":\"https:\\\/\\\/anoticiaonline.com.br\\\/site\\\/categoria\\\/muriae\\\/\",\"nextItem\":{\"@type\":\"ListItem\",\"@id\":\"https:\\\/\\\/anoticiaonline.com.br\\\/site\\\/prefeitura-e-faminas-terao-parceria-para-acoes-de-saude\\\/#listItem\",\"name\":\"Prefeitura e Faminas ter\\u00e3o parceria para a\\u00e7\\u00f5es de sa\\u00fade\"},\"previousItem\":{\"@type\":\"ListItem\",\"@id\":\"https:\\\/\\\/anoticiaonline.com.br\\\/site#listItem\",\"name\":\"Home\"}},{\"@type\":\"ListItem\",\"@id\":\"https:\\\/\\\/anoticiaonline.com.br\\\/site\\\/prefeitura-e-faminas-terao-parceria-para-acoes-de-saude\\\/#listItem\",\"position\":3,\"name\":\"Prefeitura e Faminas ter\\u00e3o parceria para a\\u00e7\\u00f5es de sa\\u00fade\",\"previousItem\":{\"@type\":\"ListItem\",\"@id\":\"https:\\\/\\\/anoticiaonline.com.br\\\/site\\\/categoria\\\/muriae\\\/#listItem\",\"name\":\"Blog\"}}]},{\"@type\":\"Organization\",\"@id\":\"https:\\\/\\\/anoticiaonline.com.br\\\/site\\\/#organization\",\"name\":\"A Not\\u00edcia Online\",\"description\":\"Noticias de Muria\\u00e9 e regi\\u00e3o\",\"url\":\"https:\\\/\\\/anoticiaonline.com.br\\\/site\\\/\",\"logo\":{\"@type\":\"ImageObject\",\"url\":\"https:\\\/\\\/scontent-gig4-1.xx.fbcdn.net\\\/v\\\/t39.30808-1\\\/270437624_4564083193639691_6907940295614233970_n.jpg?stp=dst-jpg_s200x200_tt6&_nc_cat=111&ccb=1-7&_nc_sid=f907e8&_nc_ohc=SM1wRlP3lJwQ7kNvwEPuBYA&_nc_oc=AdnqrjDN_BNjSSHWO-GbkIWH6fkGMLw4bqvL_NH6e2wMveX7G-rP2dAqsDSq1mJMOaY&_nc_zt=24&_nc_ht=scontent-gig4-1.xx&_nc_gid=AoBFJeGrT1hVaew_6rchkQ&oh=00_AfX7QmFGhQhG2jAllVgXCiM1ZrWgvtp80-Bfppyexh1QEg&oe=689E923C\",\"@id\":\"https:\\\/\\\/anoticiaonline.com.br\\\/site\\\/prefeitura-e-faminas-terao-parceria-para-acoes-de-saude\\\/#organizationLogo\"},\"image\":{\"@id\":\"https:\\\/\\\/anoticiaonline.com.br\\\/site\\\/prefeitura-e-faminas-terao-parceria-para-acoes-de-saude\\\/#organizationLogo\"}},{\"@type\":\"Person\",\"@id\":\"https:\\\/\\\/anoticiaonline.com.br\\\/site\\\/author\\\/juliana\\\/#author\",\"url\":\"https:\\\/\\\/anoticiaonline.com.br\\\/site\\\/author\\\/juliana\\\/\",\"name\":\"Juliana Laviola\",\"image\":{\"@type\":\"ImageObject\",\"@id\":\"https:\\\/\\\/anoticiaonline.com.br\\\/site\\\/prefeitura-e-faminas-terao-parceria-para-acoes-de-saude\\\/#authorImage\",\"url\":\"https:\\\/\\\/secure.gravatar.com\\\/avatar\\\/b8d45f5c699b100dfaf0e543582f38f38bf94cb7ae3a5e9abf8d891a34773335?s=96&d=mm&r=g\",\"width\":96,\"height\":96,\"caption\":\"Juliana Laviola\"}},{\"@type\":\"WebPage\",\"@id\":\"https:\\\/\\\/anoticiaonline.com.br\\\/site\\\/prefeitura-e-faminas-terao-parceria-para-acoes-de-saude\\\/#webpage\",\"url\":\"https:\\\/\\\/anoticiaonline.com.br\\\/site\\\/prefeitura-e-faminas-terao-parceria-para-acoes-de-saude\\\/\",\"name\":\"Prefeitura e Faminas ter\\u00e3o parceria para a\\u00e7\\u00f5es de sa\\u00fade - A Not\\u00edcia Online\",\"description\":\"A Prefeitura de Muria\\u00e9 e a Faminas firmam, na pr\\u00f3xima semana, protocolo de inten\\u00e7\\u00f5es entre si. O Contrato Organizativo de A\\u00e7\\u00e3o P\\u00fablica Ensino \\u2013 Sa\\u00fade (Coapes), que valer\\u00e1 para a realiza\\u00e7\\u00e3o de a\\u00e7\\u00f5es integradas entre a Secretaria Municipal de Sa\\u00fade e o curso de gradua\\u00e7\\u00e3o em Medicina, ser\\u00e1 assinado na pr\\u00f3xima ter\\u00e7a-feira (24), \\u00e0s 8h30min,\",\"inLanguage\":\"pt-BR\",\"isPartOf\":{\"@id\":\"https:\\\/\\\/anoticiaonline.com.br\\\/site\\\/#website\"},\"breadcrumb\":{\"@id\":\"https:\\\/\\\/anoticiaonline.com.br\\\/site\\\/prefeitura-e-faminas-terao-parceria-para-acoes-de-saude\\\/#breadcrumblist\"},\"author\":{\"@id\":\"https:\\\/\\\/anoticiaonline.com.br\\\/site\\\/author\\\/juliana\\\/#author\"},\"creator\":{\"@id\":\"https:\\\/\\\/anoticiaonline.com.br\\\/site\\\/author\\\/juliana\\\/#author\"},\"image\":{\"@type\":\"ImageObject\",\"url\":\"https:\\\/\\\/anoticiaonline.com.br\\\/site\\\/wp-content\\\/uploads\\\/2015\\\/10\\\/1233981_586027921443761_738229735_n.jpg\",\"@id\":\"https:\\\/\\\/anoticiaonline.com.br\\\/site\\\/prefeitura-e-faminas-terao-parceria-para-acoes-de-saude\\\/#mainImage\",\"width\":540,\"height\":361,\"caption\":\"Arquivo\\\/ Faminas Muria\\u00e9\"},\"primaryImageOfPage\":{\"@id\":\"https:\\\/\\\/anoticiaonline.com.br\\\/site\\\/prefeitura-e-faminas-terao-parceria-para-acoes-de-saude\\\/#mainImage\"},\"datePublished\":\"2015-11-19T14:21:42-03:00\",\"dateModified\":\"2015-11-19T14:21:42-03:00\"},{\"@type\":\"WebSite\",\"@id\":\"https:\\\/\\\/anoticiaonline.com.br\\\/site\\\/#website\",\"url\":\"https:\\\/\\\/anoticiaonline.com.br\\\/site\\\/\",\"name\":\"A Not\\u00edcia Online\",\"description\":\"Noticias de Muria\\u00e9 e regi\\u00e3o\",\"inLanguage\":\"pt-BR\",\"publisher\":{\"@id\":\"https:\\\/\\\/anoticiaonline.com.br\\\/site\\\/#organization\"}}]}\n\t\t<\/script>\n\t\t<!-- All in One SEO -->\n\n","aioseo_head_json":{"title":"Prefeitura e Faminas ter\u00e3o parceria para a\u00e7\u00f5es de sa\u00fade - A Not\u00edcia Online","description":"A Prefeitura de Muria\u00e9 e a Faminas firmam, na pr\u00f3xima semana, protocolo de inten\u00e7\u00f5es entre si. O Contrato Organizativo de A\u00e7\u00e3o P\u00fablica Ensino \u2013 Sa\u00fade (Coapes), que valer\u00e1 para a realiza\u00e7\u00e3o de a\u00e7\u00f5es integradas entre a Secretaria Municipal de Sa\u00fade e o curso de gradua\u00e7\u00e3o em Medicina, ser\u00e1 assinado na pr\u00f3xima ter\u00e7a-feira (24), \u00e0s 8h30min,","canonical_url":"https:\/\/anoticiaonline.com.br\/site\/prefeitura-e-faminas-terao-parceria-para-acoes-de-saude\/","robots":"max-image-preview:large","keywords":"","webmasterTools":{"miscellaneous":""},"schema":{"@context":"https:\/\/schema.org","@graph":[{"@type":"BlogPosting","@id":"https:\/\/anoticiaonline.com.br\/site\/prefeitura-e-faminas-terao-parceria-para-acoes-de-saude\/#blogposting","name":"Prefeitura e Faminas ter\u00e3o parceria para a\u00e7\u00f5es de sa\u00fade - A Not\u00edcia Online","headline":"Prefeitura e Faminas ter\u00e3o parceria para a\u00e7\u00f5es de sa\u00fade","author":{"@id":"https:\/\/anoticiaonline.com.br\/site\/author\/juliana\/#author"},"publisher":{"@id":"https:\/\/anoticiaonline.com.br\/site\/#organization"},"image":{"@type":"ImageObject","url":"https:\/\/anoticiaonline.com.br\/site\/wp-content\/uploads\/2015\/10\/1233981_586027921443761_738229735_n.jpg","width":540,"height":361,"caption":"Arquivo\/ Faminas Muria\u00e9"},"datePublished":"2015-11-19T14:21:42-03:00","dateModified":"2015-11-19T14:21:42-03:00","inLanguage":"pt-BR","mainEntityOfPage":{"@id":"https:\/\/anoticiaonline.com.br\/site\/prefeitura-e-faminas-terao-parceria-para-acoes-de-saude\/#webpage"},"isPartOf":{"@id":"https:\/\/anoticiaonline.com.br\/site\/prefeitura-e-faminas-terao-parceria-para-acoes-de-saude\/#webpage"},"articleSection":"Blog, slide"},{"@type":"BreadcrumbList","@id":"https:\/\/anoticiaonline.com.br\/site\/prefeitura-e-faminas-terao-parceria-para-acoes-de-saude\/#breadcrumblist","itemListElement":[{"@type":"ListItem","@id":"https:\/\/anoticiaonline.com.br\/site#listItem","position":1,"name":"Home","item":"https:\/\/anoticiaonline.com.br\/site","nextItem":{"@type":"ListItem","@id":"https:\/\/anoticiaonline.com.br\/site\/categoria\/muriae\/#listItem","name":"Blog"}},{"@type":"ListItem","@id":"https:\/\/anoticiaonline.com.br\/site\/categoria\/muriae\/#listItem","position":2,"name":"Blog","item":"https:\/\/anoticiaonline.com.br\/site\/categoria\/muriae\/","nextItem":{"@type":"ListItem","@id":"https:\/\/anoticiaonline.com.br\/site\/prefeitura-e-faminas-terao-parceria-para-acoes-de-saude\/#listItem","name":"Prefeitura e Faminas ter\u00e3o parceria para a\u00e7\u00f5es de sa\u00fade"},"previousItem":{"@type":"ListItem","@id":"https:\/\/anoticiaonline.com.br\/site#listItem","name":"Home"}},{"@type":"ListItem","@id":"https:\/\/anoticiaonline.com.br\/site\/prefeitura-e-faminas-terao-parceria-para-acoes-de-saude\/#listItem","position":3,"name":"Prefeitura e Faminas ter\u00e3o parceria para a\u00e7\u00f5es de sa\u00fade","previousItem":{"@type":"ListItem","@id":"https:\/\/anoticiaonline.com.br\/site\/categoria\/muriae\/#listItem","name":"Blog"}}]},{"@type":"Organization","@id":"https:\/\/anoticiaonline.com.br\/site\/#organization","name":"A Not\u00edcia Online","description":"Noticias de Muria\u00e9 e regi\u00e3o","url":"https:\/\/anoticiaonline.com.br\/site\/","logo":{"@type":"ImageObject","url":"https:\/\/scontent-gig4-1.xx.fbcdn.net\/v\/t39.30808-1\/270437624_4564083193639691_6907940295614233970_n.jpg?stp=dst-jpg_s200x200_tt6&_nc_cat=111&ccb=1-7&_nc_sid=f907e8&_nc_ohc=SM1wRlP3lJwQ7kNvwEPuBYA&_nc_oc=AdnqrjDN_BNjSSHWO-GbkIWH6fkGMLw4bqvL_NH6e2wMveX7G-rP2dAqsDSq1mJMOaY&_nc_zt=24&_nc_ht=scontent-gig4-1.xx&_nc_gid=AoBFJeGrT1hVaew_6rchkQ&oh=00_AfX7QmFGhQhG2jAllVgXCiM1ZrWgvtp80-Bfppyexh1QEg&oe=689E923C","@id":"https:\/\/anoticiaonline.com.br\/site\/prefeitura-e-faminas-terao-parceria-para-acoes-de-saude\/#organizationLogo"},"image":{"@id":"https:\/\/anoticiaonline.com.br\/site\/prefeitura-e-faminas-terao-parceria-para-acoes-de-saude\/#organizationLogo"}},{"@type":"Person","@id":"https:\/\/anoticiaonline.com.br\/site\/author\/juliana\/#author","url":"https:\/\/anoticiaonline.com.br\/site\/author\/juliana\/","name":"Juliana Laviola","image":{"@type":"ImageObject","@id":"https:\/\/anoticiaonline.com.br\/site\/prefeitura-e-faminas-terao-parceria-para-acoes-de-saude\/#authorImage","url":"https:\/\/secure.gravatar.com\/avatar\/b8d45f5c699b100dfaf0e543582f38f38bf94cb7ae3a5e9abf8d891a34773335?s=96&d=mm&r=g","width":96,"height":96,"caption":"Juliana Laviola"}},{"@type":"WebPage","@id":"https:\/\/anoticiaonline.com.br\/site\/prefeitura-e-faminas-terao-parceria-para-acoes-de-saude\/#webpage","url":"https:\/\/anoticiaonline.com.br\/site\/prefeitura-e-faminas-terao-parceria-para-acoes-de-saude\/","name":"Prefeitura e Faminas ter\u00e3o parceria para a\u00e7\u00f5es de sa\u00fade - A Not\u00edcia Online","description":"A Prefeitura de Muria\u00e9 e a Faminas firmam, na pr\u00f3xima semana, protocolo de inten\u00e7\u00f5es entre si. O Contrato Organizativo de A\u00e7\u00e3o P\u00fablica Ensino \u2013 Sa\u00fade (Coapes), que valer\u00e1 para a realiza\u00e7\u00e3o de a\u00e7\u00f5es integradas entre a Secretaria Municipal de Sa\u00fade e o curso de gradua\u00e7\u00e3o em Medicina, ser\u00e1 assinado na pr\u00f3xima ter\u00e7a-feira (24), \u00e0s 8h30min,","inLanguage":"pt-BR","isPartOf":{"@id":"https:\/\/anoticiaonline.com.br\/site\/#website"},"breadcrumb":{"@id":"https:\/\/anoticiaonline.com.br\/site\/prefeitura-e-faminas-terao-parceria-para-acoes-de-saude\/#breadcrumblist"},"author":{"@id":"https:\/\/anoticiaonline.com.br\/site\/author\/juliana\/#author"},"creator":{"@id":"https:\/\/anoticiaonline.com.br\/site\/author\/juliana\/#author"},"image":{"@type":"ImageObject","url":"https:\/\/anoticiaonline.com.br\/site\/wp-content\/uploads\/2015\/10\/1233981_586027921443761_738229735_n.jpg","@id":"https:\/\/anoticiaonline.com.br\/site\/prefeitura-e-faminas-terao-parceria-para-acoes-de-saude\/#mainImage","width":540,"height":361,"caption":"Arquivo\/ Faminas Muria\u00e9"},"primaryImageOfPage":{"@id":"https:\/\/anoticiaonline.com.br\/site\/prefeitura-e-faminas-terao-parceria-para-acoes-de-saude\/#mainImage"},"datePublished":"2015-11-19T14:21:42-03:00","dateModified":"2015-11-19T14:21:42-03:00"},{"@type":"WebSite","@id":"https:\/\/anoticiaonline.com.br\/site\/#website","url":"https:\/\/anoticiaonline.com.br\/site\/","name":"A Not\u00edcia Online","description":"Noticias de Muria\u00e9 e regi\u00e3o","inLanguage":"pt-BR","publisher":{"@id":"https:\/\/anoticiaonline.com.br\/site\/#organization"}}]},"og:locale":"pt_BR","og:site_name":"A Not\u00edcia Online - Noticias de Muria\u00e9 e regi\u00e3o","og:type":"article","og:title":"Prefeitura e Faminas ter\u00e3o parceria para a\u00e7\u00f5es de sa\u00fade - A Not\u00edcia Online","og:description":"A Prefeitura de Muria\u00e9 e a Faminas firmam, na pr\u00f3xima semana, protocolo de inten\u00e7\u00f5es entre si. O Contrato Organizativo de A\u00e7\u00e3o P\u00fablica Ensino \u2013 Sa\u00fade (Coapes), que valer\u00e1 para a realiza\u00e7\u00e3o de a\u00e7\u00f5es integradas entre a Secretaria Municipal de Sa\u00fade e o curso de gradua\u00e7\u00e3o em Medicina, ser\u00e1 assinado na pr\u00f3xima ter\u00e7a-feira (24), \u00e0s 8h30min,","og:url":"https:\/\/anoticiaonline.com.br\/site\/prefeitura-e-faminas-terao-parceria-para-acoes-de-saude\/","og:image":"https:\/\/scontent-gig4-1.xx.fbcdn.net\/v\/t39.30808-1\/270437624_4564083193639691_6907940295614233970_n.jpg?stp=dst-jpg_s200x200_tt6&#038;_nc_cat=111&#038;ccb=1-7&#038;_nc_sid=f907e8&#038;_nc_ohc=SM1wRlP3lJwQ7kNvwEPuBYA&#038;_nc_oc=AdnqrjDN_BNjSSHWO-GbkIWH6fkGMLw4bqvL_NH6e2wMveX7G-rP2dAqsDSq1mJMOaY&#038;_nc_zt=24&#038;_nc_ht=scontent-gig4-1.xx&#038;_nc_gid=AoBFJeGrT1hVaew_6rchkQ&#038;oh=00_AfX7QmFGhQhG2jAllVgXCiM1ZrWgvtp80-Bfppyexh1QEg&#038;oe=689E923C","og:image:secure_url":"https:\/\/scontent-gig4-1.xx.fbcdn.net\/v\/t39.30808-1\/270437624_4564083193639691_6907940295614233970_n.jpg?stp=dst-jpg_s200x200_tt6&#038;_nc_cat=111&#038;ccb=1-7&#038;_nc_sid=f907e8&#038;_nc_ohc=SM1wRlP3lJwQ7kNvwEPuBYA&#038;_nc_oc=AdnqrjDN_BNjSSHWO-GbkIWH6fkGMLw4bqvL_NH6e2wMveX7G-rP2dAqsDSq1mJMOaY&#038;_nc_zt=24&#038;_nc_ht=scontent-gig4-1.xx&#038;_nc_gid=AoBFJeGrT1hVaew_6rchkQ&#038;oh=00_AfX7QmFGhQhG2jAllVgXCiM1ZrWgvtp80-Bfppyexh1QEg&#038;oe=689E923C","article:published_time":"2015-11-19T17:21:42+00:00","article:modified_time":"2015-11-19T17:21:42+00:00","twitter:card":"summary_large_image","twitter:title":"Prefeitura e Faminas ter\u00e3o parceria para a\u00e7\u00f5es de sa\u00fade - A Not\u00edcia Online","twitter:description":"A Prefeitura de Muria\u00e9 e a Faminas firmam, na pr\u00f3xima semana, protocolo de inten\u00e7\u00f5es entre si. O Contrato Organizativo de A\u00e7\u00e3o P\u00fablica Ensino \u2013 Sa\u00fade (Coapes), que valer\u00e1 para a realiza\u00e7\u00e3o de a\u00e7\u00f5es integradas entre a Secretaria Municipal de Sa\u00fade e o curso de gradua\u00e7\u00e3o em Medicina, ser\u00e1 assinado na pr\u00f3xima ter\u00e7a-feira (24), \u00e0s 8h30min,","twitter:image":"https:\/\/scontent-gig4-1.xx.fbcdn.net\/v\/t39.30808-1\/270437624_4564083193639691_6907940295614233970_n.jpg?stp=dst-jpg_s200x200_tt6&_nc_cat=111&ccb=1-7&_nc_sid=f907e8&_nc_ohc=SM1wRlP3lJwQ7kNvwEPuBYA&_nc_oc=AdnqrjDN_BNjSSHWO-GbkIWH6fkGMLw4bqvL_NH6e2wMveX7G-rP2dAqsDSq1mJMOaY&_nc_zt=24&_nc_ht=scontent-gig4-1.xx&_nc_gid=AoBFJeGrT1hVaew_6rchkQ&oh=00_AfX7QmFGhQhG2jAllVgXCiM1ZrWgvtp80-Bfppyexh1QEg&oe=689E923C"},"aioseo_meta_data":{"post_id":"6635","title":null,"description":null,"keywords":null,"keyphrases":null,"primary_term":null,"canonical_url":null,"og_title":null,"og_description":null,"og_object_type":"default","og_image_type":"default","og_image_url":null,"og_image_width":null,"og_image_height":null,"og_image_custom_url":null,"og_image_custom_fields":null,"og_video":null,"og_custom_url":null,"og_article_section":null,"og_article_tags":null,"twitter_use_og":false,"twitter_card":"default","twitter_image_type":"default","twitter_image_url":null,"twitter_image_custom_url":null,"twitter_image_custom_fields":null,"twitter_title":null,"twitter_description":null,"schema":{"blockGraphs":[],"customGraphs":[],"default":{"data":{"Article":[],"Course":[],"Dataset":[],"FAQPage":[],"Movie":[],"Person":[],"Product":[],"ProductReview":[],"Car":[],"Recipe":[],"Service":[],"SoftwareApplication":[],"WebPage":[]},"graphName":"","isEnabled":true},"graphs":[]},"schema_type":"default","schema_type_options":null,"pillar_content":false,"robots_default":true,"robots_noindex":false,"robots_noarchive":false,"robots_nosnippet":false,"robots_nofollow":false,"robots_noimageindex":false,"robots_noodp":false,"robots_notranslate":false,"robots_max_snippet":null,"robots_max_videopreview":null,"robots_max_imagepreview":"large","priority":null,"frequency":null,"local_seo":null,"breadcrumb_settings":null,"limit_modified_date":false,"ai":null,"created":"2025-08-16 14:03:37","updated":"2025-08-16 14:03:37","focus_keyword":null,"additional_keywords":null,"truseo_locale":null,"seo_analyzer_scan_date":null},"aioseo_breadcrumb":"<div class=\"aioseo-breadcrumbs\"><span class=\"aioseo-breadcrumb\">\n\t\t\t<a href=\"https:\/\/anoticiaonline.com.br\/site\" title=\"Home\">Home<\/a>\n\t\t<\/span><span class=\"aioseo-breadcrumb-separator\">&raquo;<\/span><span class=\"aioseo-breadcrumb\">\n\t\t\t<a href=\"https:\/\/anoticiaonline.com.br\/site\/categoria\/muriae\/\" title=\"Blog\">Blog<\/a>\n\t\t<\/span><span class=\"aioseo-breadcrumb-separator\">&raquo;<\/span><span class=\"aioseo-breadcrumb\">\n\t\t\tPrefeitura e Faminas ter\u00e3o parceria para a\u00e7\u00f5es de sa\u00fade\n\t\t<\/span><\/div>","aioseo_breadcrumb_json":[{"label":"Home","link":"https:\/\/anoticiaonline.com.br\/site"},{"label":"Blog","link":"https:\/\/anoticiaonline.com.br\/site\/categoria\/muriae\/"},{"label":"Prefeitura e Faminas ter\u00e3o parceria para a\u00e7\u00f5es de sa\u00fade","link":"https:\/\/anoticiaonline.com.br\/site\/prefeitura-e-faminas-terao-parceria-para-acoes-de-saude\/"}],"views":160,"_links":{"self":[{"href":"https:\/\/anoticiaonline.com.br\/site\/wp-json\/wp\/v2\/posts\/6635","targetHints":{"allow":["GET"]}}],"collection":[{"href":"https:\/\/anoticiaonline.com.br\/site\/wp-json\/wp\/v2\/posts"}],"about":[{"href":"https:\/\/anoticiaonline.com.br\/site\/wp-json\/wp\/v2\/types\/post"}],"author":[{"embeddable":true,"href":"https:\/\/anoticiaonline.com.br\/site\/wp-json\/wp\/v2\/users\/2"}],"replies":[{"embeddable":true,"href":"https:\/\/anoticiaonline.com.br\/site\/wp-json\/wp\/v2\/comments?post=6635"}],"version-history":[{"count":0,"href":"https:\/\/anoticiaonline.com.br\/site\/wp-json\/wp\/v2\/posts\/6635\/revisions"}],"wp:featuredmedia":[{"embeddable":true,"href":"https:\/\/anoticiaonline.com.br\/site\/wp-json\/wp\/v2\/media\/5027"}],"wp:attachment":[{"href":"https:\/\/anoticiaonline.com.br\/site\/wp-json\/wp\/v2\/media?parent=6635"}],"wp:term":[{"taxonomy":"category","embeddable":true,"href":"https:\/\/anoticiaonline.com.br\/site\/wp-json\/wp\/v2\/categories?post=6635"},{"taxonomy":"post_tag","embeddable":true,"href":"https:\/\/anoticiaonline.com.br\/site\/wp-json\/wp\/v2\/tags?post=6635"}],"curies":[{"name":"wp","href":"https:\/\/api.w.org\/{rel}","templated":true}]}}