{"id":6623,"date":"2015-11-19T14:10:14","date_gmt":"2015-11-19T17:10:14","guid":{"rendered":"http:\/\/anoticiaonline.com.br\/site\/?p=6623"},"modified":"2015-11-19T14:12:14","modified_gmt":"2015-11-19T17:12:14","slug":"sociarte-15","status":"publish","type":"post","link":"https:\/\/anoticiaonline.com.br\/site\/sociarte-15\/","title":{"rendered":"Sociarte"},"content":{"rendered":"<p><strong>Edi\u00e7\u00e3o 463, de 20 de novembro de 2015<\/strong><\/p>\n<p>&nbsp;<br \/>\n<strong>Em alta<\/strong><\/p>\n<p>A Secretaria Municipal de Desenvolvimento Social levar\u00e1 120 participantes do Clube da Maior Idade (CMI) para curtir a praia em Pi\u00fama (ES), com sa\u00edda na madrugada de 23 de novembro e retorno no fim da tarde do dia seguinte. A viagem inclui transporte, hospedagem e alimenta\u00e7\u00e3o dos participantes. As vagas s\u00e3o destinadas aos idosos que participam regularmente dos bailes dan\u00e7antes de s\u00e1bado e das oficinas desenvolvidas no CMI. Parab\u00e9ns pela iniciativa!<\/p>\n<p>&nbsp;<\/p>\n<p>&nbsp;<\/p>\n<p><a href=\"https:\/\/anoticiaonline.com.br\/site\/wp-content\/uploads\/2015\/11\/Tributo-a-Jos\u00e9-Alonso.jpg\"><img fetchpriority=\"high\" decoding=\"async\" class=\"alignnone size-medium wp-image-6624\" src=\"https:\/\/anoticiaonline.com.br\/site\/wp-content\/uploads\/2015\/11\/Tributo-a-Jos\u00e9-Alonso-199x300.jpg\" alt=\"Tributo a Jos\u00e9 Alonso\" width=\"199\" height=\"300\" srcset=\"https:\/\/anoticiaonline.com.br\/site\/wp-content\/uploads\/2015\/11\/Tributo-a-Jos\u00e9-Alonso-199x300.jpg 199w, https:\/\/anoticiaonline.com.br\/site\/wp-content\/uploads\/2015\/11\/Tributo-a-Jos\u00e9-Alonso.jpg 424w\" sizes=\"(max-width: 199px) 100vw, 199px\" \/><\/a><br \/>\n<strong>Tributo ao Dr. Jos\u00e9 Alonso<\/strong><\/p>\n<p>Morreu na manh\u00e3 de domingo (15), o conhecido advogado Dr. Jos\u00e9 Alonso da Silveira. Dr. Jos\u00e9 Alonso advogava no Demsur e era presidente do Tribunal de Justi\u00e7a da Liga Esportiva de Muria\u00e9 e tamb\u00e9m era apaixonado pelo Nacional Atl\u00e9tico Clube de Muria\u00e9 \u2013 NAC, fazendo parte, inclusive, de sua diretoria. H\u00e1 v\u00e1rios meses Jos\u00e9 Alonso lutava contra o c\u00e2ncer. Aos familiares, os sinceros sentimentos de pesar da equipe do A NOT\u00cdCIA.<\/p>\n<p>&nbsp;<\/p>\n<p>&nbsp;<\/p>\n<p><a href=\"https:\/\/anoticiaonline.com.br\/site\/wp-content\/uploads\/2015\/11\/Quem-foi.jpg\"><img decoding=\"async\" class=\"alignnone size-medium wp-image-6625\" src=\"https:\/\/anoticiaonline.com.br\/site\/wp-content\/uploads\/2015\/11\/Quem-foi-225x300.jpg\" alt=\"Quem foi\" width=\"225\" height=\"300\" srcset=\"https:\/\/anoticiaonline.com.br\/site\/wp-content\/uploads\/2015\/11\/Quem-foi-225x300.jpg 225w, https:\/\/anoticiaonline.com.br\/site\/wp-content\/uploads\/2015\/11\/Quem-foi.jpg 480w\" sizes=\"(max-width: 225px) 100vw, 225px\" \/><\/a><br \/>\n<strong>Quem foi<\/strong><\/p>\n<p>Quem foi curtir os ares e as belas paisagens de Barcelona, na Espanha, foi o arquiteto muriaeense, Evandro Melato. Ele visitou os principais pontos tur\u00edsticos e arquitet\u00f4nicos da cidade espanhola e curtiu \u00f3timos momentos com amigos.<\/p>\n<p>&nbsp;<\/p>\n<p>&nbsp;<\/p>\n<p><a href=\"https:\/\/anoticiaonline.com.br\/site\/wp-content\/uploads\/2015\/11\/Casamento-de-An\u00e1lia-e-Eduardo.jpg\"><img decoding=\"async\" class=\"alignnone size-medium wp-image-6626\" src=\"https:\/\/anoticiaonline.com.br\/site\/wp-content\/uploads\/2015\/11\/Casamento-de-An\u00e1lia-e-Eduardo-300x300.jpg\" alt=\"Casamento de An\u00e1lia e Eduardo\" width=\"300\" height=\"300\" srcset=\"https:\/\/anoticiaonline.com.br\/site\/wp-content\/uploads\/2015\/11\/Casamento-de-An\u00e1lia-e-Eduardo-300x300.jpg 300w, https:\/\/anoticiaonline.com.br\/site\/wp-content\/uploads\/2015\/11\/Casamento-de-An\u00e1lia-e-Eduardo-150x150.jpg 150w, https:\/\/anoticiaonline.com.br\/site\/wp-content\/uploads\/2015\/11\/Casamento-de-An\u00e1lia-e-Eduardo-144x144.jpg 144w, https:\/\/anoticiaonline.com.br\/site\/wp-content\/uploads\/2015\/11\/Casamento-de-An\u00e1lia-e-Eduardo.jpg 640w\" sizes=\"(max-width: 300px) 100vw, 300px\" \/><\/a><br \/>\n<strong>Casamento de An\u00e1lia e Eduardo<\/strong><\/p>\n<p>An\u00e1lia Vaz Marques e Eduardo Marques Silva (Dudu do Couro &amp; Corda) receberam as b\u00ean\u00e7\u00e3os matrimoniais durante uma cerim\u00f4nia realizada no dia 1\u00ba de novembro, na Igreja Metodista Central e celebrada pela pastora Rosangela Donato. Logo ap\u00f3s, foi servido um almo\u00e7o para familiares e padrinhos no Restaurante Alto da Serra, em Pirapanema. Toda a ornamenta\u00e7\u00e3o da igreja e os mimos, inclusive as gravatas do noivo e dos padrinhos, foram feitos pela pr\u00f3pria noiva. Tudo ficou de muito bom gosto e muito charmoso. Felicidades mil ao casal e para toda essa linda fam\u00edlia. Na foto est\u00e3o Lav\u00ednia, An\u00e1lia, Pedro, Eduardo e Sophia Marques. (Arquivo Pessoal\/Facebook)<\/p>\n<p>&nbsp;<\/p>\n<p>&nbsp;<\/p>\n<p><a href=\"https:\/\/anoticiaonline.com.br\/site\/wp-content\/uploads\/2015\/11\/3-anos-de-Laura-Karla.jpg\"><img loading=\"lazy\" decoding=\"async\" class=\"alignnone size-medium wp-image-6627\" src=\"https:\/\/anoticiaonline.com.br\/site\/wp-content\/uploads\/2015\/11\/3-anos-de-Laura-Karla-225x300.jpg\" alt=\"3 anos de Laura Karla\" width=\"225\" height=\"300\" srcset=\"https:\/\/anoticiaonline.com.br\/site\/wp-content\/uploads\/2015\/11\/3-anos-de-Laura-Karla-225x300.jpg 225w, https:\/\/anoticiaonline.com.br\/site\/wp-content\/uploads\/2015\/11\/3-anos-de-Laura-Karla.jpg 480w\" sizes=\"(max-width: 225px) 100vw, 225px\" \/><\/a><br \/>\n<strong>3 anos de Laura Karla<\/strong><\/p>\n<p>Os 3 aninhos de Laura Karla foram comemorados com uma linda festa, que aconteceu no dia 9 de novembro, em sua resid\u00eancia. O tema foi da Minie. A aniversariante recebe os parab\u00e9ns dos pais, Paulo S\u00e9rgio e Carla Franklin e dos irm\u00e3os, Carlos, Murilo, Pedro, Ester, Israel, Jo\u00e3o Marcos, Ana Gabriela e Maria Eduarda. (Revele Photo)<\/p>\n<p>&nbsp;<\/p>\n<p>&nbsp;<\/p>\n<p><a href=\"https:\/\/anoticiaonline.com.br\/site\/wp-content\/uploads\/2015\/11\/Enlace-de-Maria-Fernanda-e-Thiago.jpg\"><img loading=\"lazy\" decoding=\"async\" class=\"alignnone size-medium wp-image-6628\" src=\"https:\/\/anoticiaonline.com.br\/site\/wp-content\/uploads\/2015\/11\/Enlace-de-Maria-Fernanda-e-Thiago-199x300.jpg\" alt=\"Enlace de Maria Fernanda e Thiago\" width=\"199\" height=\"300\" srcset=\"https:\/\/anoticiaonline.com.br\/site\/wp-content\/uploads\/2015\/11\/Enlace-de-Maria-Fernanda-e-Thiago-199x300.jpg 199w, https:\/\/anoticiaonline.com.br\/site\/wp-content\/uploads\/2015\/11\/Enlace-de-Maria-Fernanda-e-Thiago.jpg 424w\" sizes=\"(max-width: 199px) 100vw, 199px\" \/><\/a><br \/>\n<strong>Enlace de Maria Fernanda e Thiago<\/strong><\/p>\n<p>Maria Fernanda Nery Guimar\u00e3es e Thiago Carlos de Oliveira da Silva trocaram alian\u00e7as no s\u00e1bado (14), durante cerim\u00f4nia realizada na Par\u00f3quia Nossa Senhora Aparecida, no Porto. Felicidades ao casal! (Foto Central)<\/p>\n<p>&nbsp;<\/p>\n<p>&nbsp;<\/p>\n<p><a href=\"https:\/\/anoticiaonline.com.br\/site\/wp-content\/uploads\/2015\/11\/2-anos-de-Ot\u00e1vio.jpg\"><img loading=\"lazy\" decoding=\"async\" class=\"alignnone size-medium wp-image-6629\" src=\"https:\/\/anoticiaonline.com.br\/site\/wp-content\/uploads\/2015\/11\/2-anos-de-Ot\u00e1vio-300x199.jpg\" alt=\"2 anos de Ot\u00e1vio\" width=\"300\" height=\"199\" srcset=\"https:\/\/anoticiaonline.com.br\/site\/wp-content\/uploads\/2015\/11\/2-anos-de-Ot\u00e1vio-300x199.jpg 300w, https:\/\/anoticiaonline.com.br\/site\/wp-content\/uploads\/2015\/11\/2-anos-de-Ot\u00e1vio-290x192.jpg 290w, https:\/\/anoticiaonline.com.br\/site\/wp-content\/uploads\/2015\/11\/2-anos-de-Ot\u00e1vio.jpg 640w\" sizes=\"(max-width: 300px) 100vw, 300px\" \/><\/a><br \/>\n<strong>2 anos de Ot\u00e1vio<\/strong><\/p>\n<p>S\u00e1bado (14) foi dia de comemorar a chegada dos 2 anos de Ot\u00e1vio do Prado Belo, primog\u00eanito do casal Otaviano e Gislene. A festa aconteceu na Casa da Amizade. Parab\u00e9ns, Ot\u00e1vio! Que ele cres\u00e7a com muita sa\u00fade! (Foto Kennedy)<\/p>\n<p>&nbsp;<\/p>\n<p>&nbsp;<\/p>\n<p><a href=\"https:\/\/anoticiaonline.com.br\/site\/wp-content\/uploads\/2015\/11\/O-\u201csim\u201d-de-Romanza-e-Wellington.jpg\"><img loading=\"lazy\" decoding=\"async\" class=\"alignnone size-medium wp-image-6630\" src=\"https:\/\/anoticiaonline.com.br\/site\/wp-content\/uploads\/2015\/11\/O-\u201csim\u201d-de-Romanza-e-Wellington-200x300.jpg\" alt=\"O \u201csim\u201d de Romanza e Wellington\" width=\"200\" height=\"300\" srcset=\"https:\/\/anoticiaonline.com.br\/site\/wp-content\/uploads\/2015\/11\/O-\u201csim\u201d-de-Romanza-e-Wellington-200x300.jpg 200w, https:\/\/anoticiaonline.com.br\/site\/wp-content\/uploads\/2015\/11\/O-\u201csim\u201d-de-Romanza-e-Wellington.jpg 426w\" sizes=\"(max-width: 200px) 100vw, 200px\" \/><\/a><br \/>\n<strong>O \u201csim\u201d de Romanza e Wellington<\/strong><\/p>\n<p>Romanza e Wellington se uniram em matrim\u00f4nio no s\u00e1bado (14), na Igreja Metodista Wesleyana da Barra. Logo ap\u00f3s, houve uma recep\u00e7\u00e3o bem \u00edntima para familiares e padrinhos. Felicidades aos noivos! (Revele Photo)<\/p>\n<p>&nbsp;<\/p>\n<p>&nbsp;<\/p>\n<p><a href=\"https:\/\/anoticiaonline.com.br\/site\/wp-content\/uploads\/2015\/11\/Idade-nova-de-Cleo.jpg\"><img loading=\"lazy\" decoding=\"async\" class=\"alignnone size-medium wp-image-6631\" src=\"https:\/\/anoticiaonline.com.br\/site\/wp-content\/uploads\/2015\/11\/Idade-nova-de-Cleo-300x225.jpg\" alt=\"Idade nova de Cleo\" width=\"300\" height=\"225\" srcset=\"https:\/\/anoticiaonline.com.br\/site\/wp-content\/uploads\/2015\/11\/Idade-nova-de-Cleo-300x225.jpg 300w, https:\/\/anoticiaonline.com.br\/site\/wp-content\/uploads\/2015\/11\/Idade-nova-de-Cleo.jpg 640w\" sizes=\"(max-width: 300px) 100vw, 300px\" \/><\/a><br \/>\n<strong>Idade nova de Cleo<\/strong><\/p>\n<p>Cleo Gomes (V\u00eddeo Cl\u00ednica) comemorou a chegada dos seus 43 anos em grande estilo, juntamente com o esposo, Jos\u00e9 Geraldo, familiares e amigos, durante a Noite \u00c1rabe, realizada no dia 13 deste m\u00eas, na Matriz S\u00e3o Paulo. Parab\u00e9ns, Cleo!<\/p>\n<p>&nbsp;<\/p>\n<p>&nbsp;<\/p>\n<p><a href=\"https:\/\/anoticiaonline.com.br\/site\/wp-content\/uploads\/2015\/11\/2-anos-de-Mateus.jpg\"><img loading=\"lazy\" decoding=\"async\" class=\"alignnone size-medium wp-image-6632\" src=\"https:\/\/anoticiaonline.com.br\/site\/wp-content\/uploads\/2015\/11\/2-anos-de-Mateus-300x197.jpg\" alt=\"2 anos de Mateus\" width=\"300\" height=\"197\" srcset=\"https:\/\/anoticiaonline.com.br\/site\/wp-content\/uploads\/2015\/11\/2-anos-de-Mateus-300x197.jpg 300w, https:\/\/anoticiaonline.com.br\/site\/wp-content\/uploads\/2015\/11\/2-anos-de-Mateus.jpg 640w\" sizes=\"(max-width: 300px) 100vw, 300px\" \/><\/a><br \/>\n<strong>2 anos de Mateus<\/strong><\/p>\n<p>Os 2 aninhos de vida de Mateus de Paula Seren\u00e1rio, filho de Paulo Marcos Seren\u00e1rio e Regiane, foram comemorados com uma linda festa, que aconteceu no s\u00e1bado (14), no Espa\u00e7o Garcia. Parab\u00e9ns, Mateus! (Revele Photo)<\/p>\n","protected":false},"excerpt":{"rendered":"<p>Edi\u00e7\u00e3o 463, de 20 de novembro de 2015 &nbsp; Em alta A Secretaria Municipal de Desenvolvimento Social levar\u00e1 120 participantes do Clube da Maior Idade (CMI) para curtir a praia em Pi\u00fama (ES), com sa\u00edda na madrugada de 23 de novembro e retorno no fim da tarde do dia seguinte. A viagem inclui transporte, hospedagem &#8230; <a title=\"Sociarte\" class=\"read-more\" href=\"https:\/\/anoticiaonline.com.br\/site\/sociarte-15\/\" aria-label=\"Read more about Sociarte\">Ler mais<\/a><\/p>\n","protected":false},"author":2,"featured_media":0,"comment_status":"open","ping_status":"open","sticky":false,"template":"","format":"standard","meta":{"_acf_changed":false,"_monsterinsights_skip_tracking":false,"footnotes":""},"categories":[38],"tags":[],"class_list":["post-6623","post","type-post","status-publish","format-standard","hentry","category-sociarte"],"acf":[],"aioseo_notices":[],"aioseo_head":"\n\t\t<!-- All in One SEO 5.0.0.1 - aioseo.com -->\n\t<meta name=\"description\" content=\"Edi\u00e7\u00e3o 463, de 20 de novembro de 2015 Em alta A Secretaria Municipal de Desenvolvimento Social levar\u00e1 120 participantes do Clube da Maior Idade (CMI) para curtir a praia em Pi\u00fama (ES), com sa\u00edda na madrugada de 23 de novembro e retorno no fim da tarde do dia seguinte. A viagem inclui transporte, hospedagem\" \/>\n\t<meta name=\"robots\" content=\"max-image-preview:large\" \/>\n\t<meta name=\"author\" content=\"Juliana Laviola\"\/>\n\t<link rel=\"canonical\" href=\"https:\/\/anoticiaonline.com.br\/site\/sociarte-15\/\" \/>\n\t<meta name=\"generator\" content=\"All in One SEO (AIOSEO) 5.0.0.1\" \/>\n\t\t<meta property=\"og:locale\" content=\"pt_BR\" \/>\n\t\t<meta property=\"og:site_name\" content=\"A Not\u00edcia Online - Noticias de Muria\u00e9 e regi\u00e3o\" \/>\n\t\t<meta property=\"og:type\" content=\"article\" \/>\n\t\t<meta property=\"og:title\" content=\"Sociarte - A Not\u00edcia Online\" \/>\n\t\t<meta property=\"og:description\" content=\"Edi\u00e7\u00e3o 463, de 20 de novembro de 2015 Em alta A Secretaria Municipal de Desenvolvimento Social levar\u00e1 120 participantes do Clube da Maior Idade (CMI) para curtir a praia em Pi\u00fama (ES), com sa\u00edda na madrugada de 23 de novembro e retorno no fim da tarde do dia seguinte. A viagem inclui transporte, hospedagem\" \/>\n\t\t<meta property=\"og:url\" content=\"https:\/\/anoticiaonline.com.br\/site\/sociarte-15\/\" \/>\n\t\t<meta property=\"og:image\" content=\"https:\/\/scontent-gig4-1.xx.fbcdn.net\/v\/t39.30808-1\/270437624_4564083193639691_6907940295614233970_n.jpg?stp=dst-jpg_s200x200_tt6&#038;_nc_cat=111&#038;ccb=1-7&#038;_nc_sid=f907e8&#038;_nc_ohc=SM1wRlP3lJwQ7kNvwEPuBYA&#038;_nc_oc=AdnqrjDN_BNjSSHWO-GbkIWH6fkGMLw4bqvL_NH6e2wMveX7G-rP2dAqsDSq1mJMOaY&#038;_nc_zt=24&#038;_nc_ht=scontent-gig4-1.xx&#038;_nc_gid=AoBFJeGrT1hVaew_6rchkQ&#038;oh=00_AfX7QmFGhQhG2jAllVgXCiM1ZrWgvtp80-Bfppyexh1QEg&#038;oe=689E923C\" \/>\n\t\t<meta property=\"og:image:secure_url\" content=\"https:\/\/scontent-gig4-1.xx.fbcdn.net\/v\/t39.30808-1\/270437624_4564083193639691_6907940295614233970_n.jpg?stp=dst-jpg_s200x200_tt6&#038;_nc_cat=111&#038;ccb=1-7&#038;_nc_sid=f907e8&#038;_nc_ohc=SM1wRlP3lJwQ7kNvwEPuBYA&#038;_nc_oc=AdnqrjDN_BNjSSHWO-GbkIWH6fkGMLw4bqvL_NH6e2wMveX7G-rP2dAqsDSq1mJMOaY&#038;_nc_zt=24&#038;_nc_ht=scontent-gig4-1.xx&#038;_nc_gid=AoBFJeGrT1hVaew_6rchkQ&#038;oh=00_AfX7QmFGhQhG2jAllVgXCiM1ZrWgvtp80-Bfppyexh1QEg&#038;oe=689E923C\" \/>\n\t\t<meta property=\"article:published_time\" content=\"2015-11-19T17:10:14+00:00\" \/>\n\t\t<meta property=\"article:modified_time\" content=\"2015-11-19T17:12:14+00:00\" \/>\n\t\t<meta name=\"twitter:card\" content=\"summary_large_image\" \/>\n\t\t<meta name=\"twitter:title\" content=\"Sociarte - A Not\u00edcia Online\" \/>\n\t\t<meta name=\"twitter:description\" content=\"Edi\u00e7\u00e3o 463, de 20 de novembro de 2015 Em alta A Secretaria Municipal de Desenvolvimento Social levar\u00e1 120 participantes do Clube da Maior Idade (CMI) para curtir a praia em Pi\u00fama (ES), com sa\u00edda na madrugada de 23 de novembro e retorno no fim da tarde do dia seguinte. A viagem inclui transporte, hospedagem\" \/>\n\t\t<meta name=\"twitter:image\" content=\"https:\/\/scontent-gig4-1.xx.fbcdn.net\/v\/t39.30808-1\/270437624_4564083193639691_6907940295614233970_n.jpg?stp=dst-jpg_s200x200_tt6&amp;_nc_cat=111&amp;ccb=1-7&amp;_nc_sid=f907e8&amp;_nc_ohc=SM1wRlP3lJwQ7kNvwEPuBYA&amp;_nc_oc=AdnqrjDN_BNjSSHWO-GbkIWH6fkGMLw4bqvL_NH6e2wMveX7G-rP2dAqsDSq1mJMOaY&amp;_nc_zt=24&amp;_nc_ht=scontent-gig4-1.xx&amp;_nc_gid=AoBFJeGrT1hVaew_6rchkQ&amp;oh=00_AfX7QmFGhQhG2jAllVgXCiM1ZrWgvtp80-Bfppyexh1QEg&amp;oe=689E923C\" \/>\n\t\t<script type=\"application\/ld+json\" class=\"aioseo-schema\">\n\t\t\t{\"@context\":\"https:\\\/\\\/schema.org\",\"@graph\":[{\"@type\":\"BlogPosting\",\"@id\":\"https:\\\/\\\/anoticiaonline.com.br\\\/site\\\/sociarte-15\\\/#blogposting\",\"name\":\"Sociarte - A Not\\u00edcia Online\",\"headline\":\"Sociarte\",\"author\":{\"@id\":\"https:\\\/\\\/anoticiaonline.com.br\\\/site\\\/author\\\/juliana\\\/#author\"},\"publisher\":{\"@id\":\"https:\\\/\\\/anoticiaonline.com.br\\\/site\\\/#organization\"},\"image\":{\"@type\":\"ImageObject\",\"url\":\"http:\\\/\\\/anoticiaonline.com.br\\\/site\\\/wp-content\\\/uploads\\\/2015\\\/11\\\/Tributo-a-Jos\\u00e9-Alonso-199x300.jpg\",\"@id\":\"https:\\\/\\\/anoticiaonline.com.br\\\/site\\\/sociarte-15\\\/#articleImage\"},\"datePublished\":\"2015-11-19T14:10:14-03:00\",\"dateModified\":\"2015-11-19T14:12:14-03:00\",\"inLanguage\":\"pt-BR\",\"mainEntityOfPage\":{\"@id\":\"https:\\\/\\\/anoticiaonline.com.br\\\/site\\\/sociarte-15\\\/#webpage\"},\"isPartOf\":{\"@id\":\"https:\\\/\\\/anoticiaonline.com.br\\\/site\\\/sociarte-15\\\/#webpage\"},\"articleSection\":\"Sociarte\"},{\"@type\":\"BreadcrumbList\",\"@id\":\"https:\\\/\\\/anoticiaonline.com.br\\\/site\\\/sociarte-15\\\/#breadcrumblist\",\"itemListElement\":[{\"@type\":\"ListItem\",\"@id\":\"https:\\\/\\\/anoticiaonline.com.br\\\/site#listItem\",\"position\":1,\"name\":\"Home\",\"item\":\"https:\\\/\\\/anoticiaonline.com.br\\\/site\",\"nextItem\":{\"@type\":\"ListItem\",\"@id\":\"https:\\\/\\\/anoticiaonline.com.br\\\/site\\\/categoria\\\/colunistas\\\/#listItem\",\"name\":\"Colunistas\"}},{\"@type\":\"ListItem\",\"@id\":\"https:\\\/\\\/anoticiaonline.com.br\\\/site\\\/categoria\\\/colunistas\\\/#listItem\",\"position\":2,\"name\":\"Colunistas\",\"item\":\"https:\\\/\\\/anoticiaonline.com.br\\\/site\\\/categoria\\\/colunistas\\\/\",\"nextItem\":{\"@type\":\"ListItem\",\"@id\":\"https:\\\/\\\/anoticiaonline.com.br\\\/site\\\/categoria\\\/colunistas\\\/sociarte\\\/#listItem\",\"name\":\"Sociarte\"},\"previousItem\":{\"@type\":\"ListItem\",\"@id\":\"https:\\\/\\\/anoticiaonline.com.br\\\/site#listItem\",\"name\":\"Home\"}},{\"@type\":\"ListItem\",\"@id\":\"https:\\\/\\\/anoticiaonline.com.br\\\/site\\\/categoria\\\/colunistas\\\/sociarte\\\/#listItem\",\"position\":3,\"name\":\"Sociarte\",\"item\":\"https:\\\/\\\/anoticiaonline.com.br\\\/site\\\/categoria\\\/colunistas\\\/sociarte\\\/\",\"nextItem\":{\"@type\":\"ListItem\",\"@id\":\"https:\\\/\\\/anoticiaonline.com.br\\\/site\\\/sociarte-15\\\/#listItem\",\"name\":\"Sociarte\"},\"previousItem\":{\"@type\":\"ListItem\",\"@id\":\"https:\\\/\\\/anoticiaonline.com.br\\\/site\\\/categoria\\\/colunistas\\\/#listItem\",\"name\":\"Colunistas\"}},{\"@type\":\"ListItem\",\"@id\":\"https:\\\/\\\/anoticiaonline.com.br\\\/site\\\/sociarte-15\\\/#listItem\",\"position\":4,\"name\":\"Sociarte\",\"previousItem\":{\"@type\":\"ListItem\",\"@id\":\"https:\\\/\\\/anoticiaonline.com.br\\\/site\\\/categoria\\\/colunistas\\\/sociarte\\\/#listItem\",\"name\":\"Sociarte\"}}]},{\"@type\":\"Organization\",\"@id\":\"https:\\\/\\\/anoticiaonline.com.br\\\/site\\\/#organization\",\"name\":\"A Not\\u00edcia Online\",\"description\":\"Noticias de Muria\\u00e9 e regi\\u00e3o\",\"url\":\"https:\\\/\\\/anoticiaonline.com.br\\\/site\\\/\",\"logo\":{\"@type\":\"ImageObject\",\"url\":\"https:\\\/\\\/scontent-gig4-1.xx.fbcdn.net\\\/v\\\/t39.30808-1\\\/270437624_4564083193639691_6907940295614233970_n.jpg?stp=dst-jpg_s200x200_tt6&_nc_cat=111&ccb=1-7&_nc_sid=f907e8&_nc_ohc=SM1wRlP3lJwQ7kNvwEPuBYA&_nc_oc=AdnqrjDN_BNjSSHWO-GbkIWH6fkGMLw4bqvL_NH6e2wMveX7G-rP2dAqsDSq1mJMOaY&_nc_zt=24&_nc_ht=scontent-gig4-1.xx&_nc_gid=AoBFJeGrT1hVaew_6rchkQ&oh=00_AfX7QmFGhQhG2jAllVgXCiM1ZrWgvtp80-Bfppyexh1QEg&oe=689E923C\",\"@id\":\"https:\\\/\\\/anoticiaonline.com.br\\\/site\\\/sociarte-15\\\/#organizationLogo\"},\"image\":{\"@id\":\"https:\\\/\\\/anoticiaonline.com.br\\\/site\\\/sociarte-15\\\/#organizationLogo\"}},{\"@type\":\"Person\",\"@id\":\"https:\\\/\\\/anoticiaonline.com.br\\\/site\\\/author\\\/juliana\\\/#author\",\"url\":\"https:\\\/\\\/anoticiaonline.com.br\\\/site\\\/author\\\/juliana\\\/\",\"name\":\"Juliana Laviola\",\"image\":{\"@type\":\"ImageObject\",\"@id\":\"https:\\\/\\\/anoticiaonline.com.br\\\/site\\\/sociarte-15\\\/#authorImage\",\"url\":\"https:\\\/\\\/secure.gravatar.com\\\/avatar\\\/b8d45f5c699b100dfaf0e543582f38f38bf94cb7ae3a5e9abf8d891a34773335?s=96&d=mm&r=g\",\"width\":96,\"height\":96,\"caption\":\"Juliana Laviola\"}},{\"@type\":\"WebPage\",\"@id\":\"https:\\\/\\\/anoticiaonline.com.br\\\/site\\\/sociarte-15\\\/#webpage\",\"url\":\"https:\\\/\\\/anoticiaonline.com.br\\\/site\\\/sociarte-15\\\/\",\"name\":\"Sociarte - A Not\\u00edcia Online\",\"description\":\"Edi\\u00e7\\u00e3o 463, de 20 de novembro de 2015 Em alta A Secretaria Municipal de Desenvolvimento Social levar\\u00e1 120 participantes do Clube da Maior Idade (CMI) para curtir a praia em Pi\\u00fama (ES), com sa\\u00edda na madrugada de 23 de novembro e retorno no fim da tarde do dia seguinte. A viagem inclui transporte, hospedagem\",\"inLanguage\":\"pt-BR\",\"isPartOf\":{\"@id\":\"https:\\\/\\\/anoticiaonline.com.br\\\/site\\\/#website\"},\"breadcrumb\":{\"@id\":\"https:\\\/\\\/anoticiaonline.com.br\\\/site\\\/sociarte-15\\\/#breadcrumblist\"},\"author\":{\"@id\":\"https:\\\/\\\/anoticiaonline.com.br\\\/site\\\/author\\\/juliana\\\/#author\"},\"creator\":{\"@id\":\"https:\\\/\\\/anoticiaonline.com.br\\\/site\\\/author\\\/juliana\\\/#author\"},\"datePublished\":\"2015-11-19T14:10:14-03:00\",\"dateModified\":\"2015-11-19T14:12:14-03:00\"},{\"@type\":\"WebSite\",\"@id\":\"https:\\\/\\\/anoticiaonline.com.br\\\/site\\\/#website\",\"url\":\"https:\\\/\\\/anoticiaonline.com.br\\\/site\\\/\",\"name\":\"A Not\\u00edcia Online\",\"description\":\"Noticias de Muria\\u00e9 e regi\\u00e3o\",\"inLanguage\":\"pt-BR\",\"publisher\":{\"@id\":\"https:\\\/\\\/anoticiaonline.com.br\\\/site\\\/#organization\"}}]}\n\t\t<\/script>\n\t\t<!-- All in One SEO -->\n\n","aioseo_head_json":{"title":"Sociarte - A Not\u00edcia Online","description":"Edi\u00e7\u00e3o 463, de 20 de novembro de 2015 Em alta A Secretaria Municipal de Desenvolvimento Social levar\u00e1 120 participantes do Clube da Maior Idade (CMI) para curtir a praia em Pi\u00fama (ES), com sa\u00edda na madrugada de 23 de novembro e retorno no fim da tarde do dia seguinte. A viagem inclui transporte, hospedagem","canonical_url":"https:\/\/anoticiaonline.com.br\/site\/sociarte-15\/","robots":"max-image-preview:large","keywords":"","webmasterTools":{"miscellaneous":""},"schema":{"@context":"https:\/\/schema.org","@graph":[{"@type":"BlogPosting","@id":"https:\/\/anoticiaonline.com.br\/site\/sociarte-15\/#blogposting","name":"Sociarte - A Not\u00edcia Online","headline":"Sociarte","author":{"@id":"https:\/\/anoticiaonline.com.br\/site\/author\/juliana\/#author"},"publisher":{"@id":"https:\/\/anoticiaonline.com.br\/site\/#organization"},"image":{"@type":"ImageObject","url":"http:\/\/anoticiaonline.com.br\/site\/wp-content\/uploads\/2015\/11\/Tributo-a-Jos\u00e9-Alonso-199x300.jpg","@id":"https:\/\/anoticiaonline.com.br\/site\/sociarte-15\/#articleImage"},"datePublished":"2015-11-19T14:10:14-03:00","dateModified":"2015-11-19T14:12:14-03:00","inLanguage":"pt-BR","mainEntityOfPage":{"@id":"https:\/\/anoticiaonline.com.br\/site\/sociarte-15\/#webpage"},"isPartOf":{"@id":"https:\/\/anoticiaonline.com.br\/site\/sociarte-15\/#webpage"},"articleSection":"Sociarte"},{"@type":"BreadcrumbList","@id":"https:\/\/anoticiaonline.com.br\/site\/sociarte-15\/#breadcrumblist","itemListElement":[{"@type":"ListItem","@id":"https:\/\/anoticiaonline.com.br\/site#listItem","position":1,"name":"Home","item":"https:\/\/anoticiaonline.com.br\/site","nextItem":{"@type":"ListItem","@id":"https:\/\/anoticiaonline.com.br\/site\/categoria\/colunistas\/#listItem","name":"Colunistas"}},{"@type":"ListItem","@id":"https:\/\/anoticiaonline.com.br\/site\/categoria\/colunistas\/#listItem","position":2,"name":"Colunistas","item":"https:\/\/anoticiaonline.com.br\/site\/categoria\/colunistas\/","nextItem":{"@type":"ListItem","@id":"https:\/\/anoticiaonline.com.br\/site\/categoria\/colunistas\/sociarte\/#listItem","name":"Sociarte"},"previousItem":{"@type":"ListItem","@id":"https:\/\/anoticiaonline.com.br\/site#listItem","name":"Home"}},{"@type":"ListItem","@id":"https:\/\/anoticiaonline.com.br\/site\/categoria\/colunistas\/sociarte\/#listItem","position":3,"name":"Sociarte","item":"https:\/\/anoticiaonline.com.br\/site\/categoria\/colunistas\/sociarte\/","nextItem":{"@type":"ListItem","@id":"https:\/\/anoticiaonline.com.br\/site\/sociarte-15\/#listItem","name":"Sociarte"},"previousItem":{"@type":"ListItem","@id":"https:\/\/anoticiaonline.com.br\/site\/categoria\/colunistas\/#listItem","name":"Colunistas"}},{"@type":"ListItem","@id":"https:\/\/anoticiaonline.com.br\/site\/sociarte-15\/#listItem","position":4,"name":"Sociarte","previousItem":{"@type":"ListItem","@id":"https:\/\/anoticiaonline.com.br\/site\/categoria\/colunistas\/sociarte\/#listItem","name":"Sociarte"}}]},{"@type":"Organization","@id":"https:\/\/anoticiaonline.com.br\/site\/#organization","name":"A Not\u00edcia Online","description":"Noticias de Muria\u00e9 e regi\u00e3o","url":"https:\/\/anoticiaonline.com.br\/site\/","logo":{"@type":"ImageObject","url":"https:\/\/scontent-gig4-1.xx.fbcdn.net\/v\/t39.30808-1\/270437624_4564083193639691_6907940295614233970_n.jpg?stp=dst-jpg_s200x200_tt6&_nc_cat=111&ccb=1-7&_nc_sid=f907e8&_nc_ohc=SM1wRlP3lJwQ7kNvwEPuBYA&_nc_oc=AdnqrjDN_BNjSSHWO-GbkIWH6fkGMLw4bqvL_NH6e2wMveX7G-rP2dAqsDSq1mJMOaY&_nc_zt=24&_nc_ht=scontent-gig4-1.xx&_nc_gid=AoBFJeGrT1hVaew_6rchkQ&oh=00_AfX7QmFGhQhG2jAllVgXCiM1ZrWgvtp80-Bfppyexh1QEg&oe=689E923C","@id":"https:\/\/anoticiaonline.com.br\/site\/sociarte-15\/#organizationLogo"},"image":{"@id":"https:\/\/anoticiaonline.com.br\/site\/sociarte-15\/#organizationLogo"}},{"@type":"Person","@id":"https:\/\/anoticiaonline.com.br\/site\/author\/juliana\/#author","url":"https:\/\/anoticiaonline.com.br\/site\/author\/juliana\/","name":"Juliana Laviola","image":{"@type":"ImageObject","@id":"https:\/\/anoticiaonline.com.br\/site\/sociarte-15\/#authorImage","url":"https:\/\/secure.gravatar.com\/avatar\/b8d45f5c699b100dfaf0e543582f38f38bf94cb7ae3a5e9abf8d891a34773335?s=96&d=mm&r=g","width":96,"height":96,"caption":"Juliana Laviola"}},{"@type":"WebPage","@id":"https:\/\/anoticiaonline.com.br\/site\/sociarte-15\/#webpage","url":"https:\/\/anoticiaonline.com.br\/site\/sociarte-15\/","name":"Sociarte - A Not\u00edcia Online","description":"Edi\u00e7\u00e3o 463, de 20 de novembro de 2015 Em alta A Secretaria Municipal de Desenvolvimento Social levar\u00e1 120 participantes do Clube da Maior Idade (CMI) para curtir a praia em Pi\u00fama (ES), com sa\u00edda na madrugada de 23 de novembro e retorno no fim da tarde do dia seguinte. A viagem inclui transporte, hospedagem","inLanguage":"pt-BR","isPartOf":{"@id":"https:\/\/anoticiaonline.com.br\/site\/#website"},"breadcrumb":{"@id":"https:\/\/anoticiaonline.com.br\/site\/sociarte-15\/#breadcrumblist"},"author":{"@id":"https:\/\/anoticiaonline.com.br\/site\/author\/juliana\/#author"},"creator":{"@id":"https:\/\/anoticiaonline.com.br\/site\/author\/juliana\/#author"},"datePublished":"2015-11-19T14:10:14-03:00","dateModified":"2015-11-19T14:12:14-03:00"},{"@type":"WebSite","@id":"https:\/\/anoticiaonline.com.br\/site\/#website","url":"https:\/\/anoticiaonline.com.br\/site\/","name":"A Not\u00edcia Online","description":"Noticias de Muria\u00e9 e regi\u00e3o","inLanguage":"pt-BR","publisher":{"@id":"https:\/\/anoticiaonline.com.br\/site\/#organization"}}]},"og:locale":"pt_BR","og:site_name":"A Not\u00edcia Online - Noticias de Muria\u00e9 e regi\u00e3o","og:type":"article","og:title":"Sociarte - A Not\u00edcia Online","og:description":"Edi\u00e7\u00e3o 463, de 20 de novembro de 2015 Em alta A Secretaria Municipal de Desenvolvimento Social levar\u00e1 120 participantes do Clube da Maior Idade (CMI) para curtir a praia em Pi\u00fama (ES), com sa\u00edda na madrugada de 23 de novembro e retorno no fim da tarde do dia seguinte. A viagem inclui transporte, hospedagem","og:url":"https:\/\/anoticiaonline.com.br\/site\/sociarte-15\/","og:image":"https:\/\/scontent-gig4-1.xx.fbcdn.net\/v\/t39.30808-1\/270437624_4564083193639691_6907940295614233970_n.jpg?stp=dst-jpg_s200x200_tt6&#038;_nc_cat=111&#038;ccb=1-7&#038;_nc_sid=f907e8&#038;_nc_ohc=SM1wRlP3lJwQ7kNvwEPuBYA&#038;_nc_oc=AdnqrjDN_BNjSSHWO-GbkIWH6fkGMLw4bqvL_NH6e2wMveX7G-rP2dAqsDSq1mJMOaY&#038;_nc_zt=24&#038;_nc_ht=scontent-gig4-1.xx&#038;_nc_gid=AoBFJeGrT1hVaew_6rchkQ&#038;oh=00_AfX7QmFGhQhG2jAllVgXCiM1ZrWgvtp80-Bfppyexh1QEg&#038;oe=689E923C","og:image:secure_url":"https:\/\/scontent-gig4-1.xx.fbcdn.net\/v\/t39.30808-1\/270437624_4564083193639691_6907940295614233970_n.jpg?stp=dst-jpg_s200x200_tt6&#038;_nc_cat=111&#038;ccb=1-7&#038;_nc_sid=f907e8&#038;_nc_ohc=SM1wRlP3lJwQ7kNvwEPuBYA&#038;_nc_oc=AdnqrjDN_BNjSSHWO-GbkIWH6fkGMLw4bqvL_NH6e2wMveX7G-rP2dAqsDSq1mJMOaY&#038;_nc_zt=24&#038;_nc_ht=scontent-gig4-1.xx&#038;_nc_gid=AoBFJeGrT1hVaew_6rchkQ&#038;oh=00_AfX7QmFGhQhG2jAllVgXCiM1ZrWgvtp80-Bfppyexh1QEg&#038;oe=689E923C","article:published_time":"2015-11-19T17:10:14+00:00","article:modified_time":"2015-11-19T17:12:14+00:00","twitter:card":"summary_large_image","twitter:title":"Sociarte - A Not\u00edcia Online","twitter:description":"Edi\u00e7\u00e3o 463, de 20 de novembro de 2015 Em alta A Secretaria Municipal de Desenvolvimento Social levar\u00e1 120 participantes do Clube da Maior Idade (CMI) para curtir a praia em Pi\u00fama (ES), com sa\u00edda na madrugada de 23 de novembro e retorno no fim da tarde do dia seguinte. A viagem inclui transporte, hospedagem","twitter:image":"https:\/\/scontent-gig4-1.xx.fbcdn.net\/v\/t39.30808-1\/270437624_4564083193639691_6907940295614233970_n.jpg?stp=dst-jpg_s200x200_tt6&_nc_cat=111&ccb=1-7&_nc_sid=f907e8&_nc_ohc=SM1wRlP3lJwQ7kNvwEPuBYA&_nc_oc=AdnqrjDN_BNjSSHWO-GbkIWH6fkGMLw4bqvL_NH6e2wMveX7G-rP2dAqsDSq1mJMOaY&_nc_zt=24&_nc_ht=scontent-gig4-1.xx&_nc_gid=AoBFJeGrT1hVaew_6rchkQ&oh=00_AfX7QmFGhQhG2jAllVgXCiM1ZrWgvtp80-Bfppyexh1QEg&oe=689E923C"},"aioseo_meta_data":{"post_id":"6623","title":null,"description":null,"keywords":null,"keyphrases":null,"primary_term":null,"canonical_url":null,"og_title":null,"og_description":null,"og_object_type":"default","og_image_type":"default","og_image_url":null,"og_image_width":null,"og_image_height":null,"og_image_custom_url":null,"og_image_custom_fields":null,"og_video":null,"og_custom_url":null,"og_article_section":null,"og_article_tags":null,"twitter_use_og":false,"twitter_card":"default","twitter_image_type":"default","twitter_image_url":null,"twitter_image_custom_url":null,"twitter_image_custom_fields":null,"twitter_title":null,"twitter_description":null,"schema":{"blockGraphs":[],"customGraphs":[],"default":{"data":{"Article":[],"Course":[],"Dataset":[],"FAQPage":[],"Movie":[],"Person":[],"Product":[],"ProductReview":[],"Car":[],"Recipe":[],"Service":[],"SoftwareApplication":[],"WebPage":[]},"graphName":"","isEnabled":true},"graphs":[]},"schema_type":"default","schema_type_options":null,"pillar_content":false,"robots_default":true,"robots_noindex":false,"robots_noarchive":false,"robots_nosnippet":false,"robots_nofollow":false,"robots_noimageindex":false,"robots_noodp":false,"robots_notranslate":false,"robots_max_snippet":null,"robots_max_videopreview":null,"robots_max_imagepreview":"large","priority":null,"frequency":null,"local_seo":null,"breadcrumb_settings":null,"limit_modified_date":false,"ai":null,"created":"2025-08-16 14:03:37","updated":"2025-08-16 14:03:37","focus_keyword":null,"additional_keywords":null,"truseo_locale":null,"seo_analyzer_scan_date":null},"aioseo_breadcrumb":"<div class=\"aioseo-breadcrumbs\"><span class=\"aioseo-breadcrumb\">\n\t\t\t<a href=\"https:\/\/anoticiaonline.com.br\/site\" title=\"Home\">Home<\/a>\n\t\t<\/span><span class=\"aioseo-breadcrumb-separator\">&raquo;<\/span><span class=\"aioseo-breadcrumb\">\n\t\t\t<a href=\"https:\/\/anoticiaonline.com.br\/site\/categoria\/colunistas\/\" title=\"Colunistas\">Colunistas<\/a>\n\t\t<\/span><span class=\"aioseo-breadcrumb-separator\">&raquo;<\/span><span class=\"aioseo-breadcrumb\">\n\t\t\t<a href=\"https:\/\/anoticiaonline.com.br\/site\/categoria\/colunistas\/sociarte\/\" title=\"Sociarte\">Sociarte<\/a>\n\t\t<\/span><span class=\"aioseo-breadcrumb-separator\">&raquo;<\/span><span class=\"aioseo-breadcrumb\">\n\t\t\tSociarte\n\t\t<\/span><\/div>","aioseo_breadcrumb_json":[{"label":"Home","link":"https:\/\/anoticiaonline.com.br\/site"},{"label":"Colunistas","link":"https:\/\/anoticiaonline.com.br\/site\/categoria\/colunistas\/"},{"label":"Sociarte","link":"https:\/\/anoticiaonline.com.br\/site\/categoria\/colunistas\/sociarte\/"},{"label":"Sociarte","link":"https:\/\/anoticiaonline.com.br\/site\/sociarte-15\/"}],"views":173,"_links":{"self":[{"href":"https:\/\/anoticiaonline.com.br\/site\/wp-json\/wp\/v2\/posts\/6623","targetHints":{"allow":["GET"]}}],"collection":[{"href":"https:\/\/anoticiaonline.com.br\/site\/wp-json\/wp\/v2\/posts"}],"about":[{"href":"https:\/\/anoticiaonline.com.br\/site\/wp-json\/wp\/v2\/types\/post"}],"author":[{"embeddable":true,"href":"https:\/\/anoticiaonline.com.br\/site\/wp-json\/wp\/v2\/users\/2"}],"replies":[{"embeddable":true,"href":"https:\/\/anoticiaonline.com.br\/site\/wp-json\/wp\/v2\/comments?post=6623"}],"version-history":[{"count":0,"href":"https:\/\/anoticiaonline.com.br\/site\/wp-json\/wp\/v2\/posts\/6623\/revisions"}],"wp:attachment":[{"href":"https:\/\/anoticiaonline.com.br\/site\/wp-json\/wp\/v2\/media?parent=6623"}],"wp:term":[{"taxonomy":"category","embeddable":true,"href":"https:\/\/anoticiaonline.com.br\/site\/wp-json\/wp\/v2\/categories?post=6623"},{"taxonomy":"post_tag","embeddable":true,"href":"https:\/\/anoticiaonline.com.br\/site\/wp-json\/wp\/v2\/tags?post=6623"}],"curies":[{"name":"wp","href":"https:\/\/api.w.org\/{rel}","templated":true}]}}