{"id":66170,"date":"2018-12-22T15:35:57","date_gmt":"2018-12-22T18:35:57","guid":{"rendered":"http:\/\/anoticiaonline.com.br\/site\/?p=66170"},"modified":"2018-12-20T17:01:55","modified_gmt":"2018-12-20T20:01:55","slug":"festa-das-criancas-promovida-pelo-sitio-do-grego-e-unifaminas-leva-diversao-para-criancas-muriaeenses-2","status":"publish","type":"post","link":"https:\/\/anoticiaonline.com.br\/site\/festa-das-criancas-promovida-pelo-sitio-do-grego-e-unifaminas-leva-diversao-para-criancas-muriaeenses-2\/","title":{"rendered":"Festa das Crian\u00e7as, promovida pelo S\u00edtio do Grego e Unifaminas, leva divers\u00e3o para crian\u00e7as muriaeenses"},"content":{"rendered":"<p><a href=\"https:\/\/anoticiaonline.com.br\/site\/wp-content\/uploads\/2018\/12\/DSC_0336.jpg\"><img fetchpriority=\"high\" decoding=\"async\" class=\"alignnone size-full wp-image-66171\" src=\"https:\/\/anoticiaonline.com.br\/site\/wp-content\/uploads\/2018\/12\/DSC_0336.jpg\" alt=\"\" width=\"1000\" height=\"668\" srcset=\"https:\/\/anoticiaonline.com.br\/site\/wp-content\/uploads\/2018\/12\/DSC_0336.jpg 1000w, https:\/\/anoticiaonline.com.br\/site\/wp-content\/uploads\/2018\/12\/DSC_0336-300x200.jpg 300w, https:\/\/anoticiaonline.com.br\/site\/wp-content\/uploads\/2018\/12\/DSC_0336-768x513.jpg 768w\" sizes=\"(max-width: 1000px) 100vw, 1000px\" \/><\/a>A tradicional Festa das Crian\u00e7as, promovida pelo S\u00edtio do Grego e pelo Centro Universit\u00e1rio Unifaminas, levou alegria e divers\u00e3o para milhares de crian\u00e7as muriaeenses na tarde do \u00faltimo s\u00e1bado (15), no campus do Centro Universit\u00e1rio.<!--more--><\/p>\n<p>A programa\u00e7\u00e3o incluiu diversas atra\u00e7\u00f5es art\u00edsticas, como a presen\u00e7a da Turma do Batatinha, do Esquadr\u00e3o do Demsur, a chegada do Papai Noel, brinquedos infl\u00e1veis e m\u00fasica. Houve distribui\u00e7\u00e3o de pipoca, algod\u00e3o-doce, picol\u00e9, cachorro-quente, refrigerante, sacolinha de guloseimas e brindes.<\/p>\n<p>O idealizador da festa, que acontece h\u00e1 7 anos, o empres\u00e1rio, Grego, disse que o evento foi criado para proporcionar momentos de alegria e divers\u00e3o para os pequenos.<\/p>\n<p>A Festa das Crian\u00e7as de 2018 teve patroc\u00ednio dos Salgadinhos Click, Refrigerantes Pakera, Sorvetes Paul, Coletivos Uni\u00e3o, Frigor\u00edfico Sabor de Minas e, aproximadamente, 250 volunt\u00e1rios.<\/p>\n<p><a href=\"https:\/\/anoticiaonline.com.br\/site\/wp-content\/uploads\/2018\/12\/DSC_0348-1.jpg\"><img decoding=\"async\" class=\"alignnone size-full wp-image-66172\" src=\"https:\/\/anoticiaonline.com.br\/site\/wp-content\/uploads\/2018\/12\/DSC_0348-1.jpg\" alt=\"\" width=\"1000\" height=\"668\" srcset=\"https:\/\/anoticiaonline.com.br\/site\/wp-content\/uploads\/2018\/12\/DSC_0348-1.jpg 1000w, https:\/\/anoticiaonline.com.br\/site\/wp-content\/uploads\/2018\/12\/DSC_0348-1-300x200.jpg 300w, https:\/\/anoticiaonline.com.br\/site\/wp-content\/uploads\/2018\/12\/DSC_0348-1-768x513.jpg 768w\" sizes=\"(max-width: 1000px) 100vw, 1000px\" \/><\/a> <a href=\"https:\/\/anoticiaonline.com.br\/site\/wp-content\/uploads\/2018\/12\/DSC_0375.jpg\"><img decoding=\"async\" class=\"alignnone size-full wp-image-66173\" src=\"https:\/\/anoticiaonline.com.br\/site\/wp-content\/uploads\/2018\/12\/DSC_0375.jpg\" alt=\"\" width=\"1000\" height=\"668\" srcset=\"https:\/\/anoticiaonline.com.br\/site\/wp-content\/uploads\/2018\/12\/DSC_0375.jpg 1000w, https:\/\/anoticiaonline.com.br\/site\/wp-content\/uploads\/2018\/12\/DSC_0375-300x200.jpg 300w, https:\/\/anoticiaonline.com.br\/site\/wp-content\/uploads\/2018\/12\/DSC_0375-768x513.jpg 768w\" sizes=\"(max-width: 1000px) 100vw, 1000px\" \/><\/a> <a href=\"https:\/\/anoticiaonline.com.br\/site\/wp-content\/uploads\/2018\/12\/DSC_0381.jpg\"><img loading=\"lazy\" decoding=\"async\" class=\"alignnone size-full wp-image-66174\" src=\"https:\/\/anoticiaonline.com.br\/site\/wp-content\/uploads\/2018\/12\/DSC_0381.jpg\" alt=\"\" width=\"1000\" height=\"668\" srcset=\"https:\/\/anoticiaonline.com.br\/site\/wp-content\/uploads\/2018\/12\/DSC_0381.jpg 1000w, https:\/\/anoticiaonline.com.br\/site\/wp-content\/uploads\/2018\/12\/DSC_0381-300x200.jpg 300w, https:\/\/anoticiaonline.com.br\/site\/wp-content\/uploads\/2018\/12\/DSC_0381-768x513.jpg 768w\" sizes=\"(max-width: 1000px) 100vw, 1000px\" \/><\/a> <a href=\"https:\/\/anoticiaonline.com.br\/site\/wp-content\/uploads\/2018\/12\/DSC_0386.jpg\"><img loading=\"lazy\" decoding=\"async\" class=\"alignnone size-full wp-image-66175\" src=\"https:\/\/anoticiaonline.com.br\/site\/wp-content\/uploads\/2018\/12\/DSC_0386.jpg\" alt=\"\" width=\"1000\" height=\"668\" srcset=\"https:\/\/anoticiaonline.com.br\/site\/wp-content\/uploads\/2018\/12\/DSC_0386.jpg 1000w, https:\/\/anoticiaonline.com.br\/site\/wp-content\/uploads\/2018\/12\/DSC_0386-300x200.jpg 300w, https:\/\/anoticiaonline.com.br\/site\/wp-content\/uploads\/2018\/12\/DSC_0386-768x513.jpg 768w\" sizes=\"(max-width: 1000px) 100vw, 1000px\" \/><\/a> <a href=\"https:\/\/anoticiaonline.com.br\/site\/wp-content\/uploads\/2018\/12\/DSC_0396.jpg\"><img loading=\"lazy\" decoding=\"async\" class=\"alignnone size-full wp-image-66176\" src=\"https:\/\/anoticiaonline.com.br\/site\/wp-content\/uploads\/2018\/12\/DSC_0396.jpg\" alt=\"\" width=\"1000\" height=\"668\" srcset=\"https:\/\/anoticiaonline.com.br\/site\/wp-content\/uploads\/2018\/12\/DSC_0396.jpg 1000w, https:\/\/anoticiaonline.com.br\/site\/wp-content\/uploads\/2018\/12\/DSC_0396-300x200.jpg 300w, https:\/\/anoticiaonline.com.br\/site\/wp-content\/uploads\/2018\/12\/DSC_0396-768x513.jpg 768w\" sizes=\"(max-width: 1000px) 100vw, 1000px\" \/><\/a> <a href=\"https:\/\/anoticiaonline.com.br\/site\/wp-content\/uploads\/2018\/12\/DSC_0414.jpg\"><img loading=\"lazy\" decoding=\"async\" class=\"alignnone size-full wp-image-66177\" src=\"https:\/\/anoticiaonline.com.br\/site\/wp-content\/uploads\/2018\/12\/DSC_0414.jpg\" alt=\"\" width=\"1000\" height=\"668\" srcset=\"https:\/\/anoticiaonline.com.br\/site\/wp-content\/uploads\/2018\/12\/DSC_0414.jpg 1000w, https:\/\/anoticiaonline.com.br\/site\/wp-content\/uploads\/2018\/12\/DSC_0414-300x200.jpg 300w, https:\/\/anoticiaonline.com.br\/site\/wp-content\/uploads\/2018\/12\/DSC_0414-768x513.jpg 768w\" sizes=\"(max-width: 1000px) 100vw, 1000px\" \/><\/a> <a href=\"https:\/\/anoticiaonline.com.br\/site\/wp-content\/uploads\/2018\/12\/DSC_0440.jpg\"><img loading=\"lazy\" decoding=\"async\" class=\"alignnone size-full wp-image-66178\" src=\"https:\/\/anoticiaonline.com.br\/site\/wp-content\/uploads\/2018\/12\/DSC_0440.jpg\" alt=\"\" width=\"1000\" height=\"668\" srcset=\"https:\/\/anoticiaonline.com.br\/site\/wp-content\/uploads\/2018\/12\/DSC_0440.jpg 1000w, https:\/\/anoticiaonline.com.br\/site\/wp-content\/uploads\/2018\/12\/DSC_0440-300x200.jpg 300w, https:\/\/anoticiaonline.com.br\/site\/wp-content\/uploads\/2018\/12\/DSC_0440-768x513.jpg 768w\" sizes=\"(max-width: 1000px) 100vw, 1000px\" \/><\/a> <a href=\"https:\/\/anoticiaonline.com.br\/site\/wp-content\/uploads\/2018\/12\/DSC_0451.jpg\"><img loading=\"lazy\" decoding=\"async\" class=\"alignnone size-full wp-image-66179\" src=\"https:\/\/anoticiaonline.com.br\/site\/wp-content\/uploads\/2018\/12\/DSC_0451.jpg\" alt=\"\" width=\"1000\" height=\"668\" srcset=\"https:\/\/anoticiaonline.com.br\/site\/wp-content\/uploads\/2018\/12\/DSC_0451.jpg 1000w, https:\/\/anoticiaonline.com.br\/site\/wp-content\/uploads\/2018\/12\/DSC_0451-300x200.jpg 300w, https:\/\/anoticiaonline.com.br\/site\/wp-content\/uploads\/2018\/12\/DSC_0451-768x513.jpg 768w\" sizes=\"(max-width: 1000px) 100vw, 1000px\" \/><\/a> <a href=\"https:\/\/anoticiaonline.com.br\/site\/wp-content\/uploads\/2018\/12\/DSC_0458-1.jpg\"><img loading=\"lazy\" decoding=\"async\" class=\"alignnone size-full wp-image-66180\" src=\"https:\/\/anoticiaonline.com.br\/site\/wp-content\/uploads\/2018\/12\/DSC_0458-1.jpg\" alt=\"\" width=\"1000\" height=\"668\" srcset=\"https:\/\/anoticiaonline.com.br\/site\/wp-content\/uploads\/2018\/12\/DSC_0458-1.jpg 1000w, https:\/\/anoticiaonline.com.br\/site\/wp-content\/uploads\/2018\/12\/DSC_0458-1-300x200.jpg 300w, https:\/\/anoticiaonline.com.br\/site\/wp-content\/uploads\/2018\/12\/DSC_0458-1-768x513.jpg 768w\" sizes=\"(max-width: 1000px) 100vw, 1000px\" \/><\/a> <a href=\"https:\/\/anoticiaonline.com.br\/site\/wp-content\/uploads\/2018\/12\/DSC_0462.jpg\"><img loading=\"lazy\" decoding=\"async\" class=\"alignnone size-full wp-image-66181\" src=\"https:\/\/anoticiaonline.com.br\/site\/wp-content\/uploads\/2018\/12\/DSC_0462.jpg\" alt=\"\" width=\"1000\" height=\"668\" srcset=\"https:\/\/anoticiaonline.com.br\/site\/wp-content\/uploads\/2018\/12\/DSC_0462.jpg 1000w, https:\/\/anoticiaonline.com.br\/site\/wp-content\/uploads\/2018\/12\/DSC_0462-300x200.jpg 300w, https:\/\/anoticiaonline.com.br\/site\/wp-content\/uploads\/2018\/12\/DSC_0462-768x513.jpg 768w\" sizes=\"(max-width: 1000px) 100vw, 1000px\" \/><\/a> <a href=\"https:\/\/anoticiaonline.com.br\/site\/wp-content\/uploads\/2018\/12\/DSC_0473.jpg\"><img loading=\"lazy\" decoding=\"async\" class=\"alignnone size-full wp-image-66182\" src=\"https:\/\/anoticiaonline.com.br\/site\/wp-content\/uploads\/2018\/12\/DSC_0473.jpg\" alt=\"\" width=\"1000\" height=\"668\" srcset=\"https:\/\/anoticiaonline.com.br\/site\/wp-content\/uploads\/2018\/12\/DSC_0473.jpg 1000w, https:\/\/anoticiaonline.com.br\/site\/wp-content\/uploads\/2018\/12\/DSC_0473-300x200.jpg 300w, https:\/\/anoticiaonline.com.br\/site\/wp-content\/uploads\/2018\/12\/DSC_0473-768x513.jpg 768w\" sizes=\"(max-width: 1000px) 100vw, 1000px\" \/><\/a> <a href=\"https:\/\/anoticiaonline.com.br\/site\/wp-content\/uploads\/2018\/12\/DSC_0493.jpg\"><img loading=\"lazy\" decoding=\"async\" class=\"alignnone size-full wp-image-66183\" src=\"https:\/\/anoticiaonline.com.br\/site\/wp-content\/uploads\/2018\/12\/DSC_0493.jpg\" alt=\"\" width=\"1000\" height=\"668\" srcset=\"https:\/\/anoticiaonline.com.br\/site\/wp-content\/uploads\/2018\/12\/DSC_0493.jpg 1000w, https:\/\/anoticiaonline.com.br\/site\/wp-content\/uploads\/2018\/12\/DSC_0493-300x200.jpg 300w, https:\/\/anoticiaonline.com.br\/site\/wp-content\/uploads\/2018\/12\/DSC_0493-768x513.jpg 768w\" sizes=\"(max-width: 1000px) 100vw, 1000px\" \/><\/a> <a href=\"https:\/\/anoticiaonline.com.br\/site\/wp-content\/uploads\/2018\/12\/DSC_0548.jpg\"><img loading=\"lazy\" decoding=\"async\" class=\"alignnone size-full wp-image-66184\" src=\"https:\/\/anoticiaonline.com.br\/site\/wp-content\/uploads\/2018\/12\/DSC_0548.jpg\" alt=\"\" width=\"1000\" height=\"668\" srcset=\"https:\/\/anoticiaonline.com.br\/site\/wp-content\/uploads\/2018\/12\/DSC_0548.jpg 1000w, https:\/\/anoticiaonline.com.br\/site\/wp-content\/uploads\/2018\/12\/DSC_0548-300x200.jpg 300w, https:\/\/anoticiaonline.com.br\/site\/wp-content\/uploads\/2018\/12\/DSC_0548-768x513.jpg 768w\" sizes=\"(max-width: 1000px) 100vw, 1000px\" \/><\/a> <a href=\"https:\/\/anoticiaonline.com.br\/site\/wp-content\/uploads\/2018\/12\/DSC_0564.jpg\"><img loading=\"lazy\" decoding=\"async\" class=\"alignnone size-full wp-image-66185\" src=\"https:\/\/anoticiaonline.com.br\/site\/wp-content\/uploads\/2018\/12\/DSC_0564.jpg\" alt=\"\" width=\"1000\" height=\"668\" srcset=\"https:\/\/anoticiaonline.com.br\/site\/wp-content\/uploads\/2018\/12\/DSC_0564.jpg 1000w, https:\/\/anoticiaonline.com.br\/site\/wp-content\/uploads\/2018\/12\/DSC_0564-300x200.jpg 300w, https:\/\/anoticiaonline.com.br\/site\/wp-content\/uploads\/2018\/12\/DSC_0564-768x513.jpg 768w\" sizes=\"(max-width: 1000px) 100vw, 1000px\" \/><\/a> <a href=\"https:\/\/anoticiaonline.com.br\/site\/wp-content\/uploads\/2018\/12\/DSC_0575.jpg\"><img loading=\"lazy\" decoding=\"async\" class=\"alignnone size-full wp-image-66186\" src=\"https:\/\/anoticiaonline.com.br\/site\/wp-content\/uploads\/2018\/12\/DSC_0575.jpg\" alt=\"\" width=\"1000\" height=\"668\" srcset=\"https:\/\/anoticiaonline.com.br\/site\/wp-content\/uploads\/2018\/12\/DSC_0575.jpg 1000w, https:\/\/anoticiaonline.com.br\/site\/wp-content\/uploads\/2018\/12\/DSC_0575-300x200.jpg 300w, https:\/\/anoticiaonline.com.br\/site\/wp-content\/uploads\/2018\/12\/DSC_0575-768x513.jpg 768w\" sizes=\"(max-width: 1000px) 100vw, 1000px\" \/><\/a> <a href=\"https:\/\/anoticiaonline.com.br\/site\/wp-content\/uploads\/2018\/12\/DSC_0580.jpg\"><img loading=\"lazy\" decoding=\"async\" class=\"alignnone size-full wp-image-66187\" src=\"https:\/\/anoticiaonline.com.br\/site\/wp-content\/uploads\/2018\/12\/DSC_0580.jpg\" alt=\"\" width=\"501\" height=\"750\" srcset=\"https:\/\/anoticiaonline.com.br\/site\/wp-content\/uploads\/2018\/12\/DSC_0580.jpg 501w, https:\/\/anoticiaonline.com.br\/site\/wp-content\/uploads\/2018\/12\/DSC_0580-200x300.jpg 200w\" sizes=\"(max-width: 501px) 100vw, 501px\" \/><\/a> <a href=\"https:\/\/anoticiaonline.com.br\/site\/wp-content\/uploads\/2018\/12\/DSC_0583-1.jpg\"><img loading=\"lazy\" decoding=\"async\" class=\"alignnone size-full wp-image-66188\" src=\"https:\/\/anoticiaonline.com.br\/site\/wp-content\/uploads\/2018\/12\/DSC_0583-1.jpg\" alt=\"\" width=\"501\" height=\"750\" srcset=\"https:\/\/anoticiaonline.com.br\/site\/wp-content\/uploads\/2018\/12\/DSC_0583-1.jpg 501w, https:\/\/anoticiaonline.com.br\/site\/wp-content\/uploads\/2018\/12\/DSC_0583-1-200x300.jpg 200w\" sizes=\"(max-width: 501px) 100vw, 501px\" \/><\/a> <a href=\"https:\/\/anoticiaonline.com.br\/site\/wp-content\/uploads\/2018\/12\/DSC_0593.jpg\"><img loading=\"lazy\" decoding=\"async\" class=\"alignnone size-full wp-image-66189\" src=\"https:\/\/anoticiaonline.com.br\/site\/wp-content\/uploads\/2018\/12\/DSC_0593.jpg\" alt=\"\" width=\"1000\" height=\"668\" srcset=\"https:\/\/anoticiaonline.com.br\/site\/wp-content\/uploads\/2018\/12\/DSC_0593.jpg 1000w, https:\/\/anoticiaonline.com.br\/site\/wp-content\/uploads\/2018\/12\/DSC_0593-300x200.jpg 300w, https:\/\/anoticiaonline.com.br\/site\/wp-content\/uploads\/2018\/12\/DSC_0593-768x513.jpg 768w\" sizes=\"(max-width: 1000px) 100vw, 1000px\" \/><\/a> <a href=\"https:\/\/anoticiaonline.com.br\/site\/wp-content\/uploads\/2018\/12\/DSC_0607.jpg\"><img loading=\"lazy\" decoding=\"async\" class=\"alignnone size-full wp-image-66190\" src=\"https:\/\/anoticiaonline.com.br\/site\/wp-content\/uploads\/2018\/12\/DSC_0607.jpg\" alt=\"\" width=\"1000\" height=\"668\" srcset=\"https:\/\/anoticiaonline.com.br\/site\/wp-content\/uploads\/2018\/12\/DSC_0607.jpg 1000w, https:\/\/anoticiaonline.com.br\/site\/wp-content\/uploads\/2018\/12\/DSC_0607-300x200.jpg 300w, https:\/\/anoticiaonline.com.br\/site\/wp-content\/uploads\/2018\/12\/DSC_0607-768x513.jpg 768w\" sizes=\"(max-width: 1000px) 100vw, 1000px\" \/><\/a> <a href=\"https:\/\/anoticiaonline.com.br\/site\/wp-content\/uploads\/2018\/12\/DSC_0616.jpg\"><img loading=\"lazy\" decoding=\"async\" class=\"alignnone size-full wp-image-66191\" src=\"https:\/\/anoticiaonline.com.br\/site\/wp-content\/uploads\/2018\/12\/DSC_0616.jpg\" alt=\"\" width=\"1000\" height=\"668\" srcset=\"https:\/\/anoticiaonline.com.br\/site\/wp-content\/uploads\/2018\/12\/DSC_0616.jpg 1000w, https:\/\/anoticiaonline.com.br\/site\/wp-content\/uploads\/2018\/12\/DSC_0616-300x200.jpg 300w, https:\/\/anoticiaonline.com.br\/site\/wp-content\/uploads\/2018\/12\/DSC_0616-768x513.jpg 768w\" sizes=\"(max-width: 1000px) 100vw, 1000px\" \/><\/a> <a href=\"https:\/\/anoticiaonline.com.br\/site\/wp-content\/uploads\/2018\/12\/DSC_0650-1.jpg\"><img loading=\"lazy\" decoding=\"async\" class=\"alignnone size-full wp-image-66192\" src=\"https:\/\/anoticiaonline.com.br\/site\/wp-content\/uploads\/2018\/12\/DSC_0650-1.jpg\" alt=\"\" width=\"1000\" height=\"668\" srcset=\"https:\/\/anoticiaonline.com.br\/site\/wp-content\/uploads\/2018\/12\/DSC_0650-1.jpg 1000w, https:\/\/anoticiaonline.com.br\/site\/wp-content\/uploads\/2018\/12\/DSC_0650-1-300x200.jpg 300w, https:\/\/anoticiaonline.com.br\/site\/wp-content\/uploads\/2018\/12\/DSC_0650-1-768x513.jpg 768w\" sizes=\"(max-width: 1000px) 100vw, 1000px\" \/><\/a> <a href=\"https:\/\/anoticiaonline.com.br\/site\/wp-content\/uploads\/2018\/12\/DSC_0653.jpg\"><img loading=\"lazy\" decoding=\"async\" class=\"alignnone size-full wp-image-66193\" src=\"https:\/\/anoticiaonline.com.br\/site\/wp-content\/uploads\/2018\/12\/DSC_0653.jpg\" alt=\"\" width=\"1000\" height=\"668\" srcset=\"https:\/\/anoticiaonline.com.br\/site\/wp-content\/uploads\/2018\/12\/DSC_0653.jpg 1000w, https:\/\/anoticiaonline.com.br\/site\/wp-content\/uploads\/2018\/12\/DSC_0653-300x200.jpg 300w, https:\/\/anoticiaonline.com.br\/site\/wp-content\/uploads\/2018\/12\/DSC_0653-768x513.jpg 768w\" sizes=\"(max-width: 1000px) 100vw, 1000px\" \/><\/a> <a href=\"https:\/\/anoticiaonline.com.br\/site\/wp-content\/uploads\/2018\/12\/DSC00764-Copy.jpg\"><img loading=\"lazy\" decoding=\"async\" class=\"alignnone size-full wp-image-66194\" src=\"https:\/\/anoticiaonline.com.br\/site\/wp-content\/uploads\/2018\/12\/DSC00764-Copy.jpg\" alt=\"\" width=\"1000\" height=\"750\" srcset=\"https:\/\/anoticiaonline.com.br\/site\/wp-content\/uploads\/2018\/12\/DSC00764-Copy.jpg 1000w, https:\/\/anoticiaonline.com.br\/site\/wp-content\/uploads\/2018\/12\/DSC00764-Copy-300x225.jpg 300w, https:\/\/anoticiaonline.com.br\/site\/wp-content\/uploads\/2018\/12\/DSC00764-Copy-768x576.jpg 768w, https:\/\/anoticiaonline.com.br\/site\/wp-content\/uploads\/2018\/12\/DSC00764-Copy-105x80.jpg 105w\" sizes=\"(max-width: 1000px) 100vw, 1000px\" \/><\/a> <a href=\"https:\/\/anoticiaonline.com.br\/site\/wp-content\/uploads\/2018\/12\/DSC00767-Copy.jpg\"><img loading=\"lazy\" decoding=\"async\" class=\"alignnone size-full wp-image-66195\" src=\"https:\/\/anoticiaonline.com.br\/site\/wp-content\/uploads\/2018\/12\/DSC00767-Copy.jpg\" alt=\"\" width=\"1000\" height=\"750\" srcset=\"https:\/\/anoticiaonline.com.br\/site\/wp-content\/uploads\/2018\/12\/DSC00767-Copy.jpg 1000w, https:\/\/anoticiaonline.com.br\/site\/wp-content\/uploads\/2018\/12\/DSC00767-Copy-300x225.jpg 300w, https:\/\/anoticiaonline.com.br\/site\/wp-content\/uploads\/2018\/12\/DSC00767-Copy-768x576.jpg 768w, https:\/\/anoticiaonline.com.br\/site\/wp-content\/uploads\/2018\/12\/DSC00767-Copy-105x80.jpg 105w\" sizes=\"(max-width: 1000px) 100vw, 1000px\" \/><\/a> <a href=\"https:\/\/anoticiaonline.com.br\/site\/wp-content\/uploads\/2018\/12\/DSC00807-Copy.jpg\"><img loading=\"lazy\" decoding=\"async\" class=\"alignnone size-full wp-image-66196\" src=\"https:\/\/anoticiaonline.com.br\/site\/wp-content\/uploads\/2018\/12\/DSC00807-Copy.jpg\" alt=\"\" width=\"1000\" height=\"750\" srcset=\"https:\/\/anoticiaonline.com.br\/site\/wp-content\/uploads\/2018\/12\/DSC00807-Copy.jpg 1000w, https:\/\/anoticiaonline.com.br\/site\/wp-content\/uploads\/2018\/12\/DSC00807-Copy-300x225.jpg 300w, https:\/\/anoticiaonline.com.br\/site\/wp-content\/uploads\/2018\/12\/DSC00807-Copy-768x576.jpg 768w, https:\/\/anoticiaonline.com.br\/site\/wp-content\/uploads\/2018\/12\/DSC00807-Copy-105x80.jpg 105w\" sizes=\"(max-width: 1000px) 100vw, 1000px\" \/><\/a> <a href=\"https:\/\/anoticiaonline.com.br\/site\/wp-content\/uploads\/2018\/12\/DSC00814-Copy-707x405.jpg\"><img loading=\"lazy\" decoding=\"async\" class=\"alignnone size-full wp-image-66197\" src=\"https:\/\/anoticiaonline.com.br\/site\/wp-content\/uploads\/2018\/12\/DSC00814-Copy-707x405.jpg\" alt=\"\" width=\"1000\" height=\"573\" srcset=\"https:\/\/anoticiaonline.com.br\/site\/wp-content\/uploads\/2018\/12\/DSC00814-Copy-707x405.jpg 1000w, https:\/\/anoticiaonline.com.br\/site\/wp-content\/uploads\/2018\/12\/DSC00814-Copy-707x405-300x172.jpg 300w, https:\/\/anoticiaonline.com.br\/site\/wp-content\/uploads\/2018\/12\/DSC00814-Copy-707x405-768x440.jpg 768w\" sizes=\"(max-width: 1000px) 100vw, 1000px\" \/><\/a><\/p>\n","protected":false},"excerpt":{"rendered":"<p>A tradicional Festa das Crian\u00e7as, promovida pelo S\u00edtio do Grego e pelo Centro Universit\u00e1rio Unifaminas, levou alegria e divers\u00e3o para milhares de crian\u00e7as muriaeenses na tarde do \u00faltimo s\u00e1bado (15), no campus do Centro Universit\u00e1rio.<\/p>\n","protected":false},"author":2,"featured_media":66171,"comment_status":"open","ping_status":"open","sticky":false,"template":"","format":"standard","meta":{"_acf_changed":false,"_monsterinsights_skip_tracking":false,"footnotes":""},"categories":[30,2893,24],"tags":[879,218,308,199,74],"class_list":["post-66170","post","type-post","status-publish","format-standard","has-post-thumbnail","hentry","category-muriae","category-cotidiano","category-eventos","tag-criancas","tag-evento","tag-festa","tag-grego","tag-muriae"],"acf":[],"aioseo_notices":[],"aioseo_head":"\n\t\t<!-- All in One SEO 5.0.0.1 - aioseo.com -->\n\t<meta name=\"description\" content=\"A tradicional Festa das Crian\u00e7as, promovida pelo S\u00edtio do Grego e pelo Centro Universit\u00e1rio Unifaminas, levou alegria e divers\u00e3o para milhares de crian\u00e7as muriaeenses na tarde do \u00faltimo s\u00e1bado (15), no campus do Centro Universit\u00e1rio. A programa\u00e7\u00e3o incluiu diversas atra\u00e7\u00f5es art\u00edsticas, como a presen\u00e7a da Turma do Batatinha, do Esquadr\u00e3o do Demsur, a chegada do\" \/>\n\t<meta name=\"robots\" content=\"max-image-preview:large\" \/>\n\t<meta name=\"author\" content=\"Juliana Laviola\"\/>\n\t<link rel=\"canonical\" href=\"https:\/\/anoticiaonline.com.br\/site\/festa-das-criancas-promovida-pelo-sitio-do-grego-e-unifaminas-leva-diversao-para-criancas-muriaeenses-2\/\" \/>\n\t<meta name=\"generator\" content=\"All in One SEO (AIOSEO) 5.0.0.1\" \/>\n\t\t<meta property=\"og:locale\" content=\"pt_BR\" \/>\n\t\t<meta property=\"og:site_name\" content=\"A Not\u00edcia Online - Noticias de Muria\u00e9 e regi\u00e3o\" \/>\n\t\t<meta property=\"og:type\" content=\"article\" \/>\n\t\t<meta property=\"og:title\" content=\"Festa das Crian\u00e7as, promovida pelo S\u00edtio do Grego e Unifaminas, leva divers\u00e3o para crian\u00e7as muriaeenses - A Not\u00edcia Online\" \/>\n\t\t<meta property=\"og:description\" content=\"A tradicional Festa das Crian\u00e7as, promovida pelo S\u00edtio do Grego e pelo Centro Universit\u00e1rio Unifaminas, levou alegria e divers\u00e3o para milhares de crian\u00e7as muriaeenses na tarde do \u00faltimo s\u00e1bado (15), no campus do Centro Universit\u00e1rio. A programa\u00e7\u00e3o incluiu diversas atra\u00e7\u00f5es art\u00edsticas, como a presen\u00e7a da Turma do Batatinha, do Esquadr\u00e3o do Demsur, a chegada do\" \/>\n\t\t<meta property=\"og:url\" content=\"https:\/\/anoticiaonline.com.br\/site\/festa-das-criancas-promovida-pelo-sitio-do-grego-e-unifaminas-leva-diversao-para-criancas-muriaeenses-2\/\" \/>\n\t\t<meta property=\"og:image\" content=\"https:\/\/scontent-gig4-1.xx.fbcdn.net\/v\/t39.30808-1\/270437624_4564083193639691_6907940295614233970_n.jpg?stp=dst-jpg_s200x200_tt6&#038;_nc_cat=111&#038;ccb=1-7&#038;_nc_sid=f907e8&#038;_nc_ohc=SM1wRlP3lJwQ7kNvwEPuBYA&#038;_nc_oc=AdnqrjDN_BNjSSHWO-GbkIWH6fkGMLw4bqvL_NH6e2wMveX7G-rP2dAqsDSq1mJMOaY&#038;_nc_zt=24&#038;_nc_ht=scontent-gig4-1.xx&#038;_nc_gid=AoBFJeGrT1hVaew_6rchkQ&#038;oh=00_AfX7QmFGhQhG2jAllVgXCiM1ZrWgvtp80-Bfppyexh1QEg&#038;oe=689E923C\" \/>\n\t\t<meta property=\"og:image:secure_url\" content=\"https:\/\/scontent-gig4-1.xx.fbcdn.net\/v\/t39.30808-1\/270437624_4564083193639691_6907940295614233970_n.jpg?stp=dst-jpg_s200x200_tt6&#038;_nc_cat=111&#038;ccb=1-7&#038;_nc_sid=f907e8&#038;_nc_ohc=SM1wRlP3lJwQ7kNvwEPuBYA&#038;_nc_oc=AdnqrjDN_BNjSSHWO-GbkIWH6fkGMLw4bqvL_NH6e2wMveX7G-rP2dAqsDSq1mJMOaY&#038;_nc_zt=24&#038;_nc_ht=scontent-gig4-1.xx&#038;_nc_gid=AoBFJeGrT1hVaew_6rchkQ&#038;oh=00_AfX7QmFGhQhG2jAllVgXCiM1ZrWgvtp80-Bfppyexh1QEg&#038;oe=689E923C\" \/>\n\t\t<meta property=\"article:published_time\" content=\"2018-12-22T18:35:57+00:00\" \/>\n\t\t<meta property=\"article:modified_time\" content=\"2018-12-20T20:01:55+00:00\" \/>\n\t\t<meta name=\"twitter:card\" content=\"summary_large_image\" \/>\n\t\t<meta name=\"twitter:title\" content=\"Festa das Crian\u00e7as, promovida pelo S\u00edtio do Grego e Unifaminas, leva divers\u00e3o para crian\u00e7as muriaeenses - A Not\u00edcia Online\" \/>\n\t\t<meta name=\"twitter:description\" content=\"A tradicional Festa das Crian\u00e7as, promovida pelo S\u00edtio do Grego e pelo Centro Universit\u00e1rio Unifaminas, levou alegria e divers\u00e3o para milhares de crian\u00e7as muriaeenses na tarde do \u00faltimo s\u00e1bado (15), no campus do Centro Universit\u00e1rio. A programa\u00e7\u00e3o incluiu diversas atra\u00e7\u00f5es art\u00edsticas, como a presen\u00e7a da Turma do Batatinha, do Esquadr\u00e3o do Demsur, a chegada do\" \/>\n\t\t<meta name=\"twitter:image\" content=\"https:\/\/scontent-gig4-1.xx.fbcdn.net\/v\/t39.30808-1\/270437624_4564083193639691_6907940295614233970_n.jpg?stp=dst-jpg_s200x200_tt6&amp;_nc_cat=111&amp;ccb=1-7&amp;_nc_sid=f907e8&amp;_nc_ohc=SM1wRlP3lJwQ7kNvwEPuBYA&amp;_nc_oc=AdnqrjDN_BNjSSHWO-GbkIWH6fkGMLw4bqvL_NH6e2wMveX7G-rP2dAqsDSq1mJMOaY&amp;_nc_zt=24&amp;_nc_ht=scontent-gig4-1.xx&amp;_nc_gid=AoBFJeGrT1hVaew_6rchkQ&amp;oh=00_AfX7QmFGhQhG2jAllVgXCiM1ZrWgvtp80-Bfppyexh1QEg&amp;oe=689E923C\" \/>\n\t\t<script type=\"application\/ld+json\" class=\"aioseo-schema\">\n\t\t\t{\"@context\":\"https:\\\/\\\/schema.org\",\"@graph\":[{\"@type\":\"BlogPosting\",\"@id\":\"https:\\\/\\\/anoticiaonline.com.br\\\/site\\\/festa-das-criancas-promovida-pelo-sitio-do-grego-e-unifaminas-leva-diversao-para-criancas-muriaeenses-2\\\/#blogposting\",\"name\":\"Festa das Crian\\u00e7as, promovida pelo S\\u00edtio do Grego e Unifaminas, leva divers\\u00e3o para crian\\u00e7as muriaeenses - A Not\\u00edcia Online\",\"headline\":\"Festa das Crian\\u00e7as, promovida pelo S\\u00edtio do Grego e Unifaminas, leva divers\\u00e3o para crian\\u00e7as muriaeenses\",\"author\":{\"@id\":\"https:\\\/\\\/anoticiaonline.com.br\\\/site\\\/author\\\/juliana\\\/#author\"},\"publisher\":{\"@id\":\"https:\\\/\\\/anoticiaonline.com.br\\\/site\\\/#organization\"},\"image\":{\"@type\":\"ImageObject\",\"url\":\"https:\\\/\\\/anoticiaonline.com.br\\\/site\\\/wp-content\\\/uploads\\\/2018\\\/12\\\/DSC_0336.jpg\",\"width\":1000,\"height\":668},\"datePublished\":\"2018-12-22T15:35:57-03:00\",\"dateModified\":\"2018-12-20T17:01:55-03:00\",\"inLanguage\":\"pt-BR\",\"mainEntityOfPage\":{\"@id\":\"https:\\\/\\\/anoticiaonline.com.br\\\/site\\\/festa-das-criancas-promovida-pelo-sitio-do-grego-e-unifaminas-leva-diversao-para-criancas-muriaeenses-2\\\/#webpage\"},\"isPartOf\":{\"@id\":\"https:\\\/\\\/anoticiaonline.com.br\\\/site\\\/festa-das-criancas-promovida-pelo-sitio-do-grego-e-unifaminas-leva-diversao-para-criancas-muriaeenses-2\\\/#webpage\"},\"articleSection\":\"Blog, Cotidiano, Eventos, crian\\u00e7as, evento, festa, grego, Muria\\u00e9\"},{\"@type\":\"BreadcrumbList\",\"@id\":\"https:\\\/\\\/anoticiaonline.com.br\\\/site\\\/festa-das-criancas-promovida-pelo-sitio-do-grego-e-unifaminas-leva-diversao-para-criancas-muriaeenses-2\\\/#breadcrumblist\",\"itemListElement\":[{\"@type\":\"ListItem\",\"@id\":\"https:\\\/\\\/anoticiaonline.com.br\\\/site#listItem\",\"position\":1,\"name\":\"Home\",\"item\":\"https:\\\/\\\/anoticiaonline.com.br\\\/site\",\"nextItem\":{\"@type\":\"ListItem\",\"@id\":\"https:\\\/\\\/anoticiaonline.com.br\\\/site\\\/categoria\\\/muriae\\\/#listItem\",\"name\":\"Blog\"}},{\"@type\":\"ListItem\",\"@id\":\"https:\\\/\\\/anoticiaonline.com.br\\\/site\\\/categoria\\\/muriae\\\/#listItem\",\"position\":2,\"name\":\"Blog\",\"item\":\"https:\\\/\\\/anoticiaonline.com.br\\\/site\\\/categoria\\\/muriae\\\/\",\"nextItem\":{\"@type\":\"ListItem\",\"@id\":\"https:\\\/\\\/anoticiaonline.com.br\\\/site\\\/categoria\\\/muriae\\\/cotidiano\\\/#listItem\",\"name\":\"Cotidiano\"},\"previousItem\":{\"@type\":\"ListItem\",\"@id\":\"https:\\\/\\\/anoticiaonline.com.br\\\/site#listItem\",\"name\":\"Home\"}},{\"@type\":\"ListItem\",\"@id\":\"https:\\\/\\\/anoticiaonline.com.br\\\/site\\\/categoria\\\/muriae\\\/cotidiano\\\/#listItem\",\"position\":3,\"name\":\"Cotidiano\",\"item\":\"https:\\\/\\\/anoticiaonline.com.br\\\/site\\\/categoria\\\/muriae\\\/cotidiano\\\/\",\"nextItem\":{\"@type\":\"ListItem\",\"@id\":\"https:\\\/\\\/anoticiaonline.com.br\\\/site\\\/festa-das-criancas-promovida-pelo-sitio-do-grego-e-unifaminas-leva-diversao-para-criancas-muriaeenses-2\\\/#listItem\",\"name\":\"Festa das Crian\\u00e7as, promovida pelo S\\u00edtio do Grego e Unifaminas, leva divers\\u00e3o para crian\\u00e7as muriaeenses\"},\"previousItem\":{\"@type\":\"ListItem\",\"@id\":\"https:\\\/\\\/anoticiaonline.com.br\\\/site\\\/categoria\\\/muriae\\\/#listItem\",\"name\":\"Blog\"}},{\"@type\":\"ListItem\",\"@id\":\"https:\\\/\\\/anoticiaonline.com.br\\\/site\\\/festa-das-criancas-promovida-pelo-sitio-do-grego-e-unifaminas-leva-diversao-para-criancas-muriaeenses-2\\\/#listItem\",\"position\":4,\"name\":\"Festa das Crian\\u00e7as, promovida pelo S\\u00edtio do Grego e Unifaminas, leva divers\\u00e3o para crian\\u00e7as muriaeenses\",\"previousItem\":{\"@type\":\"ListItem\",\"@id\":\"https:\\\/\\\/anoticiaonline.com.br\\\/site\\\/categoria\\\/muriae\\\/cotidiano\\\/#listItem\",\"name\":\"Cotidiano\"}}]},{\"@type\":\"Organization\",\"@id\":\"https:\\\/\\\/anoticiaonline.com.br\\\/site\\\/#organization\",\"name\":\"A Not\\u00edcia Online\",\"description\":\"Noticias de Muria\\u00e9 e regi\\u00e3o\",\"url\":\"https:\\\/\\\/anoticiaonline.com.br\\\/site\\\/\",\"logo\":{\"@type\":\"ImageObject\",\"url\":\"https:\\\/\\\/scontent-gig4-1.xx.fbcdn.net\\\/v\\\/t39.30808-1\\\/270437624_4564083193639691_6907940295614233970_n.jpg?stp=dst-jpg_s200x200_tt6&_nc_cat=111&ccb=1-7&_nc_sid=f907e8&_nc_ohc=SM1wRlP3lJwQ7kNvwEPuBYA&_nc_oc=AdnqrjDN_BNjSSHWO-GbkIWH6fkGMLw4bqvL_NH6e2wMveX7G-rP2dAqsDSq1mJMOaY&_nc_zt=24&_nc_ht=scontent-gig4-1.xx&_nc_gid=AoBFJeGrT1hVaew_6rchkQ&oh=00_AfX7QmFGhQhG2jAllVgXCiM1ZrWgvtp80-Bfppyexh1QEg&oe=689E923C\",\"@id\":\"https:\\\/\\\/anoticiaonline.com.br\\\/site\\\/festa-das-criancas-promovida-pelo-sitio-do-grego-e-unifaminas-leva-diversao-para-criancas-muriaeenses-2\\\/#organizationLogo\"},\"image\":{\"@id\":\"https:\\\/\\\/anoticiaonline.com.br\\\/site\\\/festa-das-criancas-promovida-pelo-sitio-do-grego-e-unifaminas-leva-diversao-para-criancas-muriaeenses-2\\\/#organizationLogo\"}},{\"@type\":\"Person\",\"@id\":\"https:\\\/\\\/anoticiaonline.com.br\\\/site\\\/author\\\/juliana\\\/#author\",\"url\":\"https:\\\/\\\/anoticiaonline.com.br\\\/site\\\/author\\\/juliana\\\/\",\"name\":\"Juliana Laviola\",\"image\":{\"@type\":\"ImageObject\",\"@id\":\"https:\\\/\\\/anoticiaonline.com.br\\\/site\\\/festa-das-criancas-promovida-pelo-sitio-do-grego-e-unifaminas-leva-diversao-para-criancas-muriaeenses-2\\\/#authorImage\",\"url\":\"https:\\\/\\\/secure.gravatar.com\\\/avatar\\\/b8d45f5c699b100dfaf0e543582f38f38bf94cb7ae3a5e9abf8d891a34773335?s=96&d=mm&r=g\",\"width\":96,\"height\":96,\"caption\":\"Juliana Laviola\"}},{\"@type\":\"WebPage\",\"@id\":\"https:\\\/\\\/anoticiaonline.com.br\\\/site\\\/festa-das-criancas-promovida-pelo-sitio-do-grego-e-unifaminas-leva-diversao-para-criancas-muriaeenses-2\\\/#webpage\",\"url\":\"https:\\\/\\\/anoticiaonline.com.br\\\/site\\\/festa-das-criancas-promovida-pelo-sitio-do-grego-e-unifaminas-leva-diversao-para-criancas-muriaeenses-2\\\/\",\"name\":\"Festa das Crian\\u00e7as, promovida pelo S\\u00edtio do Grego e Unifaminas, leva divers\\u00e3o para crian\\u00e7as muriaeenses - A Not\\u00edcia Online\",\"description\":\"A tradicional Festa das Crian\\u00e7as, promovida pelo S\\u00edtio do Grego e pelo Centro Universit\\u00e1rio Unifaminas, levou alegria e divers\\u00e3o para milhares de crian\\u00e7as muriaeenses na tarde do \\u00faltimo s\\u00e1bado (15), no campus do Centro Universit\\u00e1rio. A programa\\u00e7\\u00e3o incluiu diversas atra\\u00e7\\u00f5es art\\u00edsticas, como a presen\\u00e7a da Turma do Batatinha, do Esquadr\\u00e3o do Demsur, a chegada do\",\"inLanguage\":\"pt-BR\",\"isPartOf\":{\"@id\":\"https:\\\/\\\/anoticiaonline.com.br\\\/site\\\/#website\"},\"breadcrumb\":{\"@id\":\"https:\\\/\\\/anoticiaonline.com.br\\\/site\\\/festa-das-criancas-promovida-pelo-sitio-do-grego-e-unifaminas-leva-diversao-para-criancas-muriaeenses-2\\\/#breadcrumblist\"},\"author\":{\"@id\":\"https:\\\/\\\/anoticiaonline.com.br\\\/site\\\/author\\\/juliana\\\/#author\"},\"creator\":{\"@id\":\"https:\\\/\\\/anoticiaonline.com.br\\\/site\\\/author\\\/juliana\\\/#author\"},\"image\":{\"@type\":\"ImageObject\",\"url\":\"https:\\\/\\\/anoticiaonline.com.br\\\/site\\\/wp-content\\\/uploads\\\/2018\\\/12\\\/DSC_0336.jpg\",\"@id\":\"https:\\\/\\\/anoticiaonline.com.br\\\/site\\\/festa-das-criancas-promovida-pelo-sitio-do-grego-e-unifaminas-leva-diversao-para-criancas-muriaeenses-2\\\/#mainImage\",\"width\":1000,\"height\":668},\"primaryImageOfPage\":{\"@id\":\"https:\\\/\\\/anoticiaonline.com.br\\\/site\\\/festa-das-criancas-promovida-pelo-sitio-do-grego-e-unifaminas-leva-diversao-para-criancas-muriaeenses-2\\\/#mainImage\"},\"datePublished\":\"2018-12-22T15:35:57-03:00\",\"dateModified\":\"2018-12-20T17:01:55-03:00\"},{\"@type\":\"WebSite\",\"@id\":\"https:\\\/\\\/anoticiaonline.com.br\\\/site\\\/#website\",\"url\":\"https:\\\/\\\/anoticiaonline.com.br\\\/site\\\/\",\"name\":\"A Not\\u00edcia Online\",\"description\":\"Noticias de Muria\\u00e9 e regi\\u00e3o\",\"inLanguage\":\"pt-BR\",\"publisher\":{\"@id\":\"https:\\\/\\\/anoticiaonline.com.br\\\/site\\\/#organization\"}}]}\n\t\t<\/script>\n\t\t<!-- All in One SEO -->\n\n","aioseo_head_json":{"title":"Festa das Crian\u00e7as, promovida pelo S\u00edtio do Grego e Unifaminas, leva divers\u00e3o para crian\u00e7as muriaeenses - A Not\u00edcia Online","description":"A tradicional Festa das Crian\u00e7as, promovida pelo S\u00edtio do Grego e pelo Centro Universit\u00e1rio Unifaminas, levou alegria e divers\u00e3o para milhares de crian\u00e7as muriaeenses na tarde do \u00faltimo s\u00e1bado (15), no campus do Centro Universit\u00e1rio. A programa\u00e7\u00e3o incluiu diversas atra\u00e7\u00f5es art\u00edsticas, como a presen\u00e7a da Turma do Batatinha, do Esquadr\u00e3o do Demsur, a chegada do","canonical_url":"https:\/\/anoticiaonline.com.br\/site\/festa-das-criancas-promovida-pelo-sitio-do-grego-e-unifaminas-leva-diversao-para-criancas-muriaeenses-2\/","robots":"max-image-preview:large","keywords":"","webmasterTools":{"miscellaneous":""},"schema":{"@context":"https:\/\/schema.org","@graph":[{"@type":"BlogPosting","@id":"https:\/\/anoticiaonline.com.br\/site\/festa-das-criancas-promovida-pelo-sitio-do-grego-e-unifaminas-leva-diversao-para-criancas-muriaeenses-2\/#blogposting","name":"Festa das Crian\u00e7as, promovida pelo S\u00edtio do Grego e Unifaminas, leva divers\u00e3o para crian\u00e7as muriaeenses - A Not\u00edcia Online","headline":"Festa das Crian\u00e7as, promovida pelo S\u00edtio do Grego e Unifaminas, leva divers\u00e3o para crian\u00e7as muriaeenses","author":{"@id":"https:\/\/anoticiaonline.com.br\/site\/author\/juliana\/#author"},"publisher":{"@id":"https:\/\/anoticiaonline.com.br\/site\/#organization"},"image":{"@type":"ImageObject","url":"https:\/\/anoticiaonline.com.br\/site\/wp-content\/uploads\/2018\/12\/DSC_0336.jpg","width":1000,"height":668},"datePublished":"2018-12-22T15:35:57-03:00","dateModified":"2018-12-20T17:01:55-03:00","inLanguage":"pt-BR","mainEntityOfPage":{"@id":"https:\/\/anoticiaonline.com.br\/site\/festa-das-criancas-promovida-pelo-sitio-do-grego-e-unifaminas-leva-diversao-para-criancas-muriaeenses-2\/#webpage"},"isPartOf":{"@id":"https:\/\/anoticiaonline.com.br\/site\/festa-das-criancas-promovida-pelo-sitio-do-grego-e-unifaminas-leva-diversao-para-criancas-muriaeenses-2\/#webpage"},"articleSection":"Blog, Cotidiano, Eventos, crian\u00e7as, evento, festa, grego, Muria\u00e9"},{"@type":"BreadcrumbList","@id":"https:\/\/anoticiaonline.com.br\/site\/festa-das-criancas-promovida-pelo-sitio-do-grego-e-unifaminas-leva-diversao-para-criancas-muriaeenses-2\/#breadcrumblist","itemListElement":[{"@type":"ListItem","@id":"https:\/\/anoticiaonline.com.br\/site#listItem","position":1,"name":"Home","item":"https:\/\/anoticiaonline.com.br\/site","nextItem":{"@type":"ListItem","@id":"https:\/\/anoticiaonline.com.br\/site\/categoria\/muriae\/#listItem","name":"Blog"}},{"@type":"ListItem","@id":"https:\/\/anoticiaonline.com.br\/site\/categoria\/muriae\/#listItem","position":2,"name":"Blog","item":"https:\/\/anoticiaonline.com.br\/site\/categoria\/muriae\/","nextItem":{"@type":"ListItem","@id":"https:\/\/anoticiaonline.com.br\/site\/categoria\/muriae\/cotidiano\/#listItem","name":"Cotidiano"},"previousItem":{"@type":"ListItem","@id":"https:\/\/anoticiaonline.com.br\/site#listItem","name":"Home"}},{"@type":"ListItem","@id":"https:\/\/anoticiaonline.com.br\/site\/categoria\/muriae\/cotidiano\/#listItem","position":3,"name":"Cotidiano","item":"https:\/\/anoticiaonline.com.br\/site\/categoria\/muriae\/cotidiano\/","nextItem":{"@type":"ListItem","@id":"https:\/\/anoticiaonline.com.br\/site\/festa-das-criancas-promovida-pelo-sitio-do-grego-e-unifaminas-leva-diversao-para-criancas-muriaeenses-2\/#listItem","name":"Festa das Crian\u00e7as, promovida pelo S\u00edtio do Grego e Unifaminas, leva divers\u00e3o para crian\u00e7as muriaeenses"},"previousItem":{"@type":"ListItem","@id":"https:\/\/anoticiaonline.com.br\/site\/categoria\/muriae\/#listItem","name":"Blog"}},{"@type":"ListItem","@id":"https:\/\/anoticiaonline.com.br\/site\/festa-das-criancas-promovida-pelo-sitio-do-grego-e-unifaminas-leva-diversao-para-criancas-muriaeenses-2\/#listItem","position":4,"name":"Festa das Crian\u00e7as, promovida pelo S\u00edtio do Grego e Unifaminas, leva divers\u00e3o para crian\u00e7as muriaeenses","previousItem":{"@type":"ListItem","@id":"https:\/\/anoticiaonline.com.br\/site\/categoria\/muriae\/cotidiano\/#listItem","name":"Cotidiano"}}]},{"@type":"Organization","@id":"https:\/\/anoticiaonline.com.br\/site\/#organization","name":"A Not\u00edcia Online","description":"Noticias de Muria\u00e9 e regi\u00e3o","url":"https:\/\/anoticiaonline.com.br\/site\/","logo":{"@type":"ImageObject","url":"https:\/\/scontent-gig4-1.xx.fbcdn.net\/v\/t39.30808-1\/270437624_4564083193639691_6907940295614233970_n.jpg?stp=dst-jpg_s200x200_tt6&_nc_cat=111&ccb=1-7&_nc_sid=f907e8&_nc_ohc=SM1wRlP3lJwQ7kNvwEPuBYA&_nc_oc=AdnqrjDN_BNjSSHWO-GbkIWH6fkGMLw4bqvL_NH6e2wMveX7G-rP2dAqsDSq1mJMOaY&_nc_zt=24&_nc_ht=scontent-gig4-1.xx&_nc_gid=AoBFJeGrT1hVaew_6rchkQ&oh=00_AfX7QmFGhQhG2jAllVgXCiM1ZrWgvtp80-Bfppyexh1QEg&oe=689E923C","@id":"https:\/\/anoticiaonline.com.br\/site\/festa-das-criancas-promovida-pelo-sitio-do-grego-e-unifaminas-leva-diversao-para-criancas-muriaeenses-2\/#organizationLogo"},"image":{"@id":"https:\/\/anoticiaonline.com.br\/site\/festa-das-criancas-promovida-pelo-sitio-do-grego-e-unifaminas-leva-diversao-para-criancas-muriaeenses-2\/#organizationLogo"}},{"@type":"Person","@id":"https:\/\/anoticiaonline.com.br\/site\/author\/juliana\/#author","url":"https:\/\/anoticiaonline.com.br\/site\/author\/juliana\/","name":"Juliana Laviola","image":{"@type":"ImageObject","@id":"https:\/\/anoticiaonline.com.br\/site\/festa-das-criancas-promovida-pelo-sitio-do-grego-e-unifaminas-leva-diversao-para-criancas-muriaeenses-2\/#authorImage","url":"https:\/\/secure.gravatar.com\/avatar\/b8d45f5c699b100dfaf0e543582f38f38bf94cb7ae3a5e9abf8d891a34773335?s=96&d=mm&r=g","width":96,"height":96,"caption":"Juliana Laviola"}},{"@type":"WebPage","@id":"https:\/\/anoticiaonline.com.br\/site\/festa-das-criancas-promovida-pelo-sitio-do-grego-e-unifaminas-leva-diversao-para-criancas-muriaeenses-2\/#webpage","url":"https:\/\/anoticiaonline.com.br\/site\/festa-das-criancas-promovida-pelo-sitio-do-grego-e-unifaminas-leva-diversao-para-criancas-muriaeenses-2\/","name":"Festa das Crian\u00e7as, promovida pelo S\u00edtio do Grego e Unifaminas, leva divers\u00e3o para crian\u00e7as muriaeenses - A Not\u00edcia Online","description":"A tradicional Festa das Crian\u00e7as, promovida pelo S\u00edtio do Grego e pelo Centro Universit\u00e1rio Unifaminas, levou alegria e divers\u00e3o para milhares de crian\u00e7as muriaeenses na tarde do \u00faltimo s\u00e1bado (15), no campus do Centro Universit\u00e1rio. A programa\u00e7\u00e3o incluiu diversas atra\u00e7\u00f5es art\u00edsticas, como a presen\u00e7a da Turma do Batatinha, do Esquadr\u00e3o do Demsur, a chegada do","inLanguage":"pt-BR","isPartOf":{"@id":"https:\/\/anoticiaonline.com.br\/site\/#website"},"breadcrumb":{"@id":"https:\/\/anoticiaonline.com.br\/site\/festa-das-criancas-promovida-pelo-sitio-do-grego-e-unifaminas-leva-diversao-para-criancas-muriaeenses-2\/#breadcrumblist"},"author":{"@id":"https:\/\/anoticiaonline.com.br\/site\/author\/juliana\/#author"},"creator":{"@id":"https:\/\/anoticiaonline.com.br\/site\/author\/juliana\/#author"},"image":{"@type":"ImageObject","url":"https:\/\/anoticiaonline.com.br\/site\/wp-content\/uploads\/2018\/12\/DSC_0336.jpg","@id":"https:\/\/anoticiaonline.com.br\/site\/festa-das-criancas-promovida-pelo-sitio-do-grego-e-unifaminas-leva-diversao-para-criancas-muriaeenses-2\/#mainImage","width":1000,"height":668},"primaryImageOfPage":{"@id":"https:\/\/anoticiaonline.com.br\/site\/festa-das-criancas-promovida-pelo-sitio-do-grego-e-unifaminas-leva-diversao-para-criancas-muriaeenses-2\/#mainImage"},"datePublished":"2018-12-22T15:35:57-03:00","dateModified":"2018-12-20T17:01:55-03:00"},{"@type":"WebSite","@id":"https:\/\/anoticiaonline.com.br\/site\/#website","url":"https:\/\/anoticiaonline.com.br\/site\/","name":"A Not\u00edcia Online","description":"Noticias de Muria\u00e9 e regi\u00e3o","inLanguage":"pt-BR","publisher":{"@id":"https:\/\/anoticiaonline.com.br\/site\/#organization"}}]},"og:locale":"pt_BR","og:site_name":"A Not\u00edcia Online - Noticias de Muria\u00e9 e regi\u00e3o","og:type":"article","og:title":"Festa das Crian\u00e7as, promovida pelo S\u00edtio do Grego e Unifaminas, leva divers\u00e3o para crian\u00e7as muriaeenses - A Not\u00edcia Online","og:description":"A tradicional Festa das Crian\u00e7as, promovida pelo S\u00edtio do Grego e pelo Centro Universit\u00e1rio Unifaminas, levou alegria e divers\u00e3o para milhares de crian\u00e7as muriaeenses na tarde do \u00faltimo s\u00e1bado (15), no campus do Centro Universit\u00e1rio. A programa\u00e7\u00e3o incluiu diversas atra\u00e7\u00f5es art\u00edsticas, como a presen\u00e7a da Turma do Batatinha, do Esquadr\u00e3o do Demsur, a chegada do","og:url":"https:\/\/anoticiaonline.com.br\/site\/festa-das-criancas-promovida-pelo-sitio-do-grego-e-unifaminas-leva-diversao-para-criancas-muriaeenses-2\/","og:image":"https:\/\/scontent-gig4-1.xx.fbcdn.net\/v\/t39.30808-1\/270437624_4564083193639691_6907940295614233970_n.jpg?stp=dst-jpg_s200x200_tt6&#038;_nc_cat=111&#038;ccb=1-7&#038;_nc_sid=f907e8&#038;_nc_ohc=SM1wRlP3lJwQ7kNvwEPuBYA&#038;_nc_oc=AdnqrjDN_BNjSSHWO-GbkIWH6fkGMLw4bqvL_NH6e2wMveX7G-rP2dAqsDSq1mJMOaY&#038;_nc_zt=24&#038;_nc_ht=scontent-gig4-1.xx&#038;_nc_gid=AoBFJeGrT1hVaew_6rchkQ&#038;oh=00_AfX7QmFGhQhG2jAllVgXCiM1ZrWgvtp80-Bfppyexh1QEg&#038;oe=689E923C","og:image:secure_url":"https:\/\/scontent-gig4-1.xx.fbcdn.net\/v\/t39.30808-1\/270437624_4564083193639691_6907940295614233970_n.jpg?stp=dst-jpg_s200x200_tt6&#038;_nc_cat=111&#038;ccb=1-7&#038;_nc_sid=f907e8&#038;_nc_ohc=SM1wRlP3lJwQ7kNvwEPuBYA&#038;_nc_oc=AdnqrjDN_BNjSSHWO-GbkIWH6fkGMLw4bqvL_NH6e2wMveX7G-rP2dAqsDSq1mJMOaY&#038;_nc_zt=24&#038;_nc_ht=scontent-gig4-1.xx&#038;_nc_gid=AoBFJeGrT1hVaew_6rchkQ&#038;oh=00_AfX7QmFGhQhG2jAllVgXCiM1ZrWgvtp80-Bfppyexh1QEg&#038;oe=689E923C","article:published_time":"2018-12-22T18:35:57+00:00","article:modified_time":"2018-12-20T20:01:55+00:00","twitter:card":"summary_large_image","twitter:title":"Festa das Crian\u00e7as, promovida pelo S\u00edtio do Grego e Unifaminas, leva divers\u00e3o para crian\u00e7as muriaeenses - A Not\u00edcia Online","twitter:description":"A tradicional Festa das Crian\u00e7as, promovida pelo S\u00edtio do Grego e pelo Centro Universit\u00e1rio Unifaminas, levou alegria e divers\u00e3o para milhares de crian\u00e7as muriaeenses na tarde do \u00faltimo s\u00e1bado (15), no campus do Centro Universit\u00e1rio. A programa\u00e7\u00e3o incluiu diversas atra\u00e7\u00f5es art\u00edsticas, como a presen\u00e7a da Turma do Batatinha, do Esquadr\u00e3o do Demsur, a chegada do","twitter:image":"https:\/\/scontent-gig4-1.xx.fbcdn.net\/v\/t39.30808-1\/270437624_4564083193639691_6907940295614233970_n.jpg?stp=dst-jpg_s200x200_tt6&_nc_cat=111&ccb=1-7&_nc_sid=f907e8&_nc_ohc=SM1wRlP3lJwQ7kNvwEPuBYA&_nc_oc=AdnqrjDN_BNjSSHWO-GbkIWH6fkGMLw4bqvL_NH6e2wMveX7G-rP2dAqsDSq1mJMOaY&_nc_zt=24&_nc_ht=scontent-gig4-1.xx&_nc_gid=AoBFJeGrT1hVaew_6rchkQ&oh=00_AfX7QmFGhQhG2jAllVgXCiM1ZrWgvtp80-Bfppyexh1QEg&oe=689E923C"},"aioseo_meta_data":{"post_id":"66170","title":null,"description":null,"keywords":null,"keyphrases":null,"primary_term":null,"canonical_url":null,"og_title":null,"og_description":null,"og_object_type":"default","og_image_type":"default","og_image_url":null,"og_image_width":null,"og_image_height":null,"og_image_custom_url":null,"og_image_custom_fields":null,"og_video":null,"og_custom_url":null,"og_article_section":null,"og_article_tags":null,"twitter_use_og":false,"twitter_card":"default","twitter_image_type":"default","twitter_image_url":null,"twitter_image_custom_url":null,"twitter_image_custom_fields":null,"twitter_title":null,"twitter_description":null,"schema":{"blockGraphs":[],"customGraphs":[],"default":{"data":{"Article":[],"Course":[],"Dataset":[],"FAQPage":[],"Movie":[],"Person":[],"Product":[],"ProductReview":[],"Car":[],"Recipe":[],"Service":[],"SoftwareApplication":[],"WebPage":[]},"graphName":"","isEnabled":true},"graphs":[]},"schema_type":"default","schema_type_options":null,"pillar_content":false,"robots_default":true,"robots_noindex":false,"robots_noarchive":false,"robots_nosnippet":false,"robots_nofollow":false,"robots_noimageindex":false,"robots_noodp":false,"robots_notranslate":false,"robots_max_snippet":null,"robots_max_videopreview":null,"robots_max_imagepreview":"large","priority":null,"frequency":null,"local_seo":null,"breadcrumb_settings":null,"limit_modified_date":false,"ai":null,"created":"2025-08-16 22:32:42","updated":"2025-08-16 22:32:42","focus_keyword":null,"additional_keywords":null,"truseo_locale":null,"seo_analyzer_scan_date":null},"aioseo_breadcrumb":"<div class=\"aioseo-breadcrumbs\"><span class=\"aioseo-breadcrumb\">\n\t\t\t<a href=\"https:\/\/anoticiaonline.com.br\/site\" title=\"Home\">Home<\/a>\n\t\t<\/span><span class=\"aioseo-breadcrumb-separator\">&raquo;<\/span><span class=\"aioseo-breadcrumb\">\n\t\t\t<a href=\"https:\/\/anoticiaonline.com.br\/site\/categoria\/muriae\/\" title=\"Blog\">Blog<\/a>\n\t\t<\/span><span class=\"aioseo-breadcrumb-separator\">&raquo;<\/span><span class=\"aioseo-breadcrumb\">\n\t\t\t<a href=\"https:\/\/anoticiaonline.com.br\/site\/categoria\/muriae\/cotidiano\/\" title=\"Cotidiano\">Cotidiano<\/a>\n\t\t<\/span><span class=\"aioseo-breadcrumb-separator\">&raquo;<\/span><span class=\"aioseo-breadcrumb\">\n\t\t\tFesta das Crian\u00e7as, promovida pelo S\u00edtio do Grego e Unifaminas, leva divers\u00e3o para crian\u00e7as muriaeenses\n\t\t<\/span><\/div>","aioseo_breadcrumb_json":[{"label":"Home","link":"https:\/\/anoticiaonline.com.br\/site"},{"label":"Blog","link":"https:\/\/anoticiaonline.com.br\/site\/categoria\/muriae\/"},{"label":"Cotidiano","link":"https:\/\/anoticiaonline.com.br\/site\/categoria\/muriae\/cotidiano\/"},{"label":"Festa das Crian\u00e7as, promovida pelo S\u00edtio do Grego e Unifaminas, leva divers\u00e3o para crian\u00e7as muriaeenses","link":"https:\/\/anoticiaonline.com.br\/site\/festa-das-criancas-promovida-pelo-sitio-do-grego-e-unifaminas-leva-diversao-para-criancas-muriaeenses-2\/"}],"views":198,"_links":{"self":[{"href":"https:\/\/anoticiaonline.com.br\/site\/wp-json\/wp\/v2\/posts\/66170","targetHints":{"allow":["GET"]}}],"collection":[{"href":"https:\/\/anoticiaonline.com.br\/site\/wp-json\/wp\/v2\/posts"}],"about":[{"href":"https:\/\/anoticiaonline.com.br\/site\/wp-json\/wp\/v2\/types\/post"}],"author":[{"embeddable":true,"href":"https:\/\/anoticiaonline.com.br\/site\/wp-json\/wp\/v2\/users\/2"}],"replies":[{"embeddable":true,"href":"https:\/\/anoticiaonline.com.br\/site\/wp-json\/wp\/v2\/comments?post=66170"}],"version-history":[{"count":0,"href":"https:\/\/anoticiaonline.com.br\/site\/wp-json\/wp\/v2\/posts\/66170\/revisions"}],"wp:featuredmedia":[{"embeddable":true,"href":"https:\/\/anoticiaonline.com.br\/site\/wp-json\/wp\/v2\/media\/66171"}],"wp:attachment":[{"href":"https:\/\/anoticiaonline.com.br\/site\/wp-json\/wp\/v2\/media?parent=66170"}],"wp:term":[{"taxonomy":"category","embeddable":true,"href":"https:\/\/anoticiaonline.com.br\/site\/wp-json\/wp\/v2\/categories?post=66170"},{"taxonomy":"post_tag","embeddable":true,"href":"https:\/\/anoticiaonline.com.br\/site\/wp-json\/wp\/v2\/tags?post=66170"}],"curies":[{"name":"wp","href":"https:\/\/api.w.org\/{rel}","templated":true}]}}