{"id":66149,"date":"2018-12-21T15:15:54","date_gmt":"2018-12-21T18:15:54","guid":{"rendered":"http:\/\/anoticiaonline.com.br\/site\/?p=66149"},"modified":"2018-12-20T17:19:36","modified_gmt":"2018-12-20T20:19:36","slug":"apae-muriae-realiza-confraternizacao-e-inaugura-centro-dia-em-homenagem-a-monica-vidon","status":"publish","type":"post","link":"https:\/\/anoticiaonline.com.br\/site\/apae-muriae-realiza-confraternizacao-e-inaugura-centro-dia-em-homenagem-a-monica-vidon\/","title":{"rendered":"APAE Muria\u00e9 realiza confraterniza\u00e7\u00e3o e inaugura Centro-Dia em homenagem a M\u00f4nica Vidon"},"content":{"rendered":"<p><em><a href=\"https:\/\/anoticiaonline.com.br\/site\/wp-content\/uploads\/2018\/12\/DSC_0184.jpg\"><img fetchpriority=\"high\" decoding=\"async\" class=\"alignnone size-full wp-image-66150\" src=\"https:\/\/anoticiaonline.com.br\/site\/wp-content\/uploads\/2018\/12\/DSC_0184.jpg\" alt=\"\" width=\"1000\" height=\"668\" srcset=\"https:\/\/anoticiaonline.com.br\/site\/wp-content\/uploads\/2018\/12\/DSC_0184.jpg 1000w, https:\/\/anoticiaonline.com.br\/site\/wp-content\/uploads\/2018\/12\/DSC_0184-300x200.jpg 300w, https:\/\/anoticiaonline.com.br\/site\/wp-content\/uploads\/2018\/12\/DSC_0184-768x513.jpg 768w\" sizes=\"(max-width: 1000px) 100vw, 1000px\" \/><\/a>Solenidade tamb\u00e9m marcou diploma\u00e7\u00e3o de formandos da Escola Walter Vasconcelos<\/em><\/p>\n<p>A Associa\u00e7\u00e3o de Pais e Amigos dos Excepcionais (APAE) de Muria\u00e9 e a Escola Estadual de Educa\u00e7\u00e3o Especial Walter Vasconcelos realizaram uma grande festa na sexta-feira (14). O evento serviu como confraterniza\u00e7\u00e3o de fim de ano para equipe de trabalho, alunos e familiares, mas tamb\u00e9m marcou a entrega de diplomas aos formandos do 8\u00ba ano da Educa\u00e7\u00e3o de Jovens e Adultos (EJA) e a inaugura\u00e7\u00e3o do Centro-Dia de Refer\u00eancia para a Pessoa com Defici\u00eancia \u201cM\u00f4nica Vidon Alvarenga\u201d. Houve apresenta\u00e7\u00f5es de dan\u00e7as dos alunos.<!--more--><\/p>\n<p>O Centro-Dia \u00e9 uma unidade de atendimento a jovens e adultos com defici\u00eancia, entre 18 e 59 anos, que muitas vezes n\u00e3o encontram oportunidades no mercado de trabalho e t\u00eam dificuldades com a socializa\u00e7\u00e3o. Nesta unidade, s\u00e3o desenvolvidas atividades que permitam a conviv\u00eancia em grupo; cuidados pessoais; fortalecimento das rela\u00e7\u00f5es sociais; apoio e orienta\u00e7\u00e3o aos cuidadores familiares; acesso a outros servi\u00e7os e a tecnologias que proporcionam autonomia e conviv\u00eancia.<\/p>\n<p>De acordo com o diretor cl\u00ednico da APAE Muria\u00e9, Marcos Guarino de Oliveira, h\u00e1 muito tempo a institui\u00e7\u00e3o tenta viabilizar a cria\u00e7\u00e3o do Centro-Dia. Ele afirma que a conquista trar\u00e1 muitos benef\u00edcios aos usu\u00e1rios. \u201c\u00c9 um passo muito importante para a conviv\u00eancia destas pessoas com defici\u00eancia, que muitas vezes n\u00e3o s\u00e3o inclu\u00eddas no mercado de trabalho. \u00c9 uma maneira de fazerem atividades diversas, de mostrarem as efici\u00eancias que cada um tem dentro de suas defici\u00eancias. \u00c9 um sonho que APAE Muria\u00e9 est\u00e1 realizando\u201d, afirmou o m\u00e9dico.<\/p>\n<p><strong>Homenagem a M\u00f4nica Vidon Alvarenga<\/strong> \u2013 O batismo do Centro-Dia com o nome de M\u00f4nica foi uma forma de homenagear a ex-professora, que morreu h\u00e1 10 anos e deixou muitas saudades na entidade, onde era muito querida e teve v\u00e1rios anos de atua\u00e7\u00e3o. \u201cEstamos honrados e felizes, realizando um sonho que tamb\u00e9m era um desejo da M\u00f4nica. Ficamos felizes com a presen\u00e7a da fam\u00edlia, pois fizemos tudo com muito amor e carinho\u201d, disse Val\u00e9ria Cristina Silva Gonzalez Martinez, diretora da Escola Estadual de Educa\u00e7\u00e3o Especial Walter Vasconcelos.<\/p>\n<p>Marli Vidon Alvarenga, m\u00e3e da homenageada, tamb\u00e9m esteve presente e agradeceu o empenho da entidade em manter o bom trabalho que sua filha buscou desenvolver. \u201cTodos n\u00f3s temos um tempo de passagem por aqui e quando colocamos nossos dons a servi\u00e7o da comunidade, \u00e9 \u00f3timo. A M\u00f4nica fez isso e as pessoas que continuaram sua trajet\u00f3ria aqui na APAE e na Escola Walter Vasconcelos tamb\u00e9m. Um trabalho feito com carinho, cuidado e amor, que valoriza ainda mais a homenagem a ela, o que nos deixa muito satisfeitos e felizes. Agrade\u00e7o a toda a dire\u00e7\u00e3o e equipe, concluiu Marli.<\/p>\n<p><a href=\"https:\/\/anoticiaonline.com.br\/site\/wp-content\/uploads\/2018\/12\/DSC_0185.jpg\"><img decoding=\"async\" class=\"alignnone size-full wp-image-66151\" src=\"https:\/\/anoticiaonline.com.br\/site\/wp-content\/uploads\/2018\/12\/DSC_0185.jpg\" alt=\"\" width=\"1000\" height=\"668\" srcset=\"https:\/\/anoticiaonline.com.br\/site\/wp-content\/uploads\/2018\/12\/DSC_0185.jpg 1000w, https:\/\/anoticiaonline.com.br\/site\/wp-content\/uploads\/2018\/12\/DSC_0185-300x200.jpg 300w, https:\/\/anoticiaonline.com.br\/site\/wp-content\/uploads\/2018\/12\/DSC_0185-768x513.jpg 768w\" sizes=\"(max-width: 1000px) 100vw, 1000px\" \/><\/a> <a href=\"https:\/\/anoticiaonline.com.br\/site\/wp-content\/uploads\/2018\/12\/DSC_0192.jpg\"><img decoding=\"async\" class=\"alignnone size-full wp-image-66152\" src=\"https:\/\/anoticiaonline.com.br\/site\/wp-content\/uploads\/2018\/12\/DSC_0192.jpg\" alt=\"\" width=\"501\" height=\"750\" srcset=\"https:\/\/anoticiaonline.com.br\/site\/wp-content\/uploads\/2018\/12\/DSC_0192.jpg 501w, https:\/\/anoticiaonline.com.br\/site\/wp-content\/uploads\/2018\/12\/DSC_0192-200x300.jpg 200w\" sizes=\"(max-width: 501px) 100vw, 501px\" \/><\/a> <a href=\"https:\/\/anoticiaonline.com.br\/site\/wp-content\/uploads\/2018\/12\/DSC_0222.jpg\"><img loading=\"lazy\" decoding=\"async\" class=\"alignnone size-full wp-image-66153\" src=\"https:\/\/anoticiaonline.com.br\/site\/wp-content\/uploads\/2018\/12\/DSC_0222.jpg\" alt=\"\" width=\"1000\" height=\"668\" srcset=\"https:\/\/anoticiaonline.com.br\/site\/wp-content\/uploads\/2018\/12\/DSC_0222.jpg 1000w, https:\/\/anoticiaonline.com.br\/site\/wp-content\/uploads\/2018\/12\/DSC_0222-300x200.jpg 300w, https:\/\/anoticiaonline.com.br\/site\/wp-content\/uploads\/2018\/12\/DSC_0222-768x513.jpg 768w\" sizes=\"(max-width: 1000px) 100vw, 1000px\" \/><\/a> <a href=\"https:\/\/anoticiaonline.com.br\/site\/wp-content\/uploads\/2018\/12\/DSC_0241.jpg\"><img loading=\"lazy\" decoding=\"async\" class=\"alignnone size-full wp-image-66154\" src=\"https:\/\/anoticiaonline.com.br\/site\/wp-content\/uploads\/2018\/12\/DSC_0241.jpg\" alt=\"\" width=\"501\" height=\"750\" srcset=\"https:\/\/anoticiaonline.com.br\/site\/wp-content\/uploads\/2018\/12\/DSC_0241.jpg 501w, https:\/\/anoticiaonline.com.br\/site\/wp-content\/uploads\/2018\/12\/DSC_0241-200x300.jpg 200w\" sizes=\"(max-width: 501px) 100vw, 501px\" \/><\/a> <a href=\"https:\/\/anoticiaonline.com.br\/site\/wp-content\/uploads\/2018\/12\/DSC_0264.jpg\"><img loading=\"lazy\" decoding=\"async\" class=\"alignnone size-full wp-image-66155\" src=\"https:\/\/anoticiaonline.com.br\/site\/wp-content\/uploads\/2018\/12\/DSC_0264.jpg\" alt=\"\" width=\"1000\" height=\"668\" srcset=\"https:\/\/anoticiaonline.com.br\/site\/wp-content\/uploads\/2018\/12\/DSC_0264.jpg 1000w, https:\/\/anoticiaonline.com.br\/site\/wp-content\/uploads\/2018\/12\/DSC_0264-300x200.jpg 300w, https:\/\/anoticiaonline.com.br\/site\/wp-content\/uploads\/2018\/12\/DSC_0264-768x513.jpg 768w\" sizes=\"(max-width: 1000px) 100vw, 1000px\" \/><\/a> <a href=\"https:\/\/anoticiaonline.com.br\/site\/wp-content\/uploads\/2018\/12\/DSC_0269.jpg\"><img loading=\"lazy\" decoding=\"async\" class=\"alignnone size-full wp-image-66156\" src=\"https:\/\/anoticiaonline.com.br\/site\/wp-content\/uploads\/2018\/12\/DSC_0269.jpg\" alt=\"\" width=\"1000\" height=\"668\" srcset=\"https:\/\/anoticiaonline.com.br\/site\/wp-content\/uploads\/2018\/12\/DSC_0269.jpg 1000w, https:\/\/anoticiaonline.com.br\/site\/wp-content\/uploads\/2018\/12\/DSC_0269-300x200.jpg 300w, https:\/\/anoticiaonline.com.br\/site\/wp-content\/uploads\/2018\/12\/DSC_0269-768x513.jpg 768w\" sizes=\"(max-width: 1000px) 100vw, 1000px\" \/><\/a> <a href=\"https:\/\/anoticiaonline.com.br\/site\/wp-content\/uploads\/2018\/12\/DSC_0276-1.jpg\"><img loading=\"lazy\" decoding=\"async\" class=\"alignnone size-full wp-image-66157\" src=\"https:\/\/anoticiaonline.com.br\/site\/wp-content\/uploads\/2018\/12\/DSC_0276-1.jpg\" alt=\"\" width=\"1000\" height=\"668\" srcset=\"https:\/\/anoticiaonline.com.br\/site\/wp-content\/uploads\/2018\/12\/DSC_0276-1.jpg 1000w, https:\/\/anoticiaonline.com.br\/site\/wp-content\/uploads\/2018\/12\/DSC_0276-1-300x200.jpg 300w, https:\/\/anoticiaonline.com.br\/site\/wp-content\/uploads\/2018\/12\/DSC_0276-1-768x513.jpg 768w\" sizes=\"(max-width: 1000px) 100vw, 1000px\" \/><\/a> <a href=\"https:\/\/anoticiaonline.com.br\/site\/wp-content\/uploads\/2018\/12\/DSC_0278.jpg\"><img loading=\"lazy\" decoding=\"async\" class=\"alignnone size-full wp-image-66158\" src=\"https:\/\/anoticiaonline.com.br\/site\/wp-content\/uploads\/2018\/12\/DSC_0278.jpg\" alt=\"\" width=\"1000\" height=\"668\" srcset=\"https:\/\/anoticiaonline.com.br\/site\/wp-content\/uploads\/2018\/12\/DSC_0278.jpg 1000w, https:\/\/anoticiaonline.com.br\/site\/wp-content\/uploads\/2018\/12\/DSC_0278-300x200.jpg 300w, https:\/\/anoticiaonline.com.br\/site\/wp-content\/uploads\/2018\/12\/DSC_0278-768x513.jpg 768w\" sizes=\"(max-width: 1000px) 100vw, 1000px\" \/><\/a> <a href=\"https:\/\/anoticiaonline.com.br\/site\/wp-content\/uploads\/2018\/12\/DSC_0280.jpg\"><img loading=\"lazy\" decoding=\"async\" class=\"alignnone size-full wp-image-66159\" src=\"https:\/\/anoticiaonline.com.br\/site\/wp-content\/uploads\/2018\/12\/DSC_0280.jpg\" alt=\"\" width=\"1000\" height=\"668\" srcset=\"https:\/\/anoticiaonline.com.br\/site\/wp-content\/uploads\/2018\/12\/DSC_0280.jpg 1000w, https:\/\/anoticiaonline.com.br\/site\/wp-content\/uploads\/2018\/12\/DSC_0280-300x200.jpg 300w, https:\/\/anoticiaonline.com.br\/site\/wp-content\/uploads\/2018\/12\/DSC_0280-768x513.jpg 768w\" sizes=\"(max-width: 1000px) 100vw, 1000px\" \/><\/a> <a href=\"https:\/\/anoticiaonline.com.br\/site\/wp-content\/uploads\/2018\/12\/DSC_0284.jpg\"><img loading=\"lazy\" decoding=\"async\" class=\"alignnone size-full wp-image-66160\" src=\"https:\/\/anoticiaonline.com.br\/site\/wp-content\/uploads\/2018\/12\/DSC_0284.jpg\" alt=\"\" width=\"1000\" height=\"668\" srcset=\"https:\/\/anoticiaonline.com.br\/site\/wp-content\/uploads\/2018\/12\/DSC_0284.jpg 1000w, https:\/\/anoticiaonline.com.br\/site\/wp-content\/uploads\/2018\/12\/DSC_0284-300x200.jpg 300w, https:\/\/anoticiaonline.com.br\/site\/wp-content\/uploads\/2018\/12\/DSC_0284-768x513.jpg 768w\" sizes=\"(max-width: 1000px) 100vw, 1000px\" \/><\/a> <a href=\"https:\/\/anoticiaonline.com.br\/site\/wp-content\/uploads\/2018\/12\/DSC_0292.jpg\"><img loading=\"lazy\" decoding=\"async\" class=\"alignnone size-full wp-image-66161\" src=\"https:\/\/anoticiaonline.com.br\/site\/wp-content\/uploads\/2018\/12\/DSC_0292.jpg\" alt=\"\" width=\"1000\" height=\"668\" srcset=\"https:\/\/anoticiaonline.com.br\/site\/wp-content\/uploads\/2018\/12\/DSC_0292.jpg 1000w, https:\/\/anoticiaonline.com.br\/site\/wp-content\/uploads\/2018\/12\/DSC_0292-300x200.jpg 300w, https:\/\/anoticiaonline.com.br\/site\/wp-content\/uploads\/2018\/12\/DSC_0292-768x513.jpg 768w\" sizes=\"(max-width: 1000px) 100vw, 1000px\" \/><\/a> <a href=\"https:\/\/anoticiaonline.com.br\/site\/wp-content\/uploads\/2018\/12\/DSC_0296.jpg\"><img loading=\"lazy\" decoding=\"async\" class=\"alignnone size-full wp-image-66162\" src=\"https:\/\/anoticiaonline.com.br\/site\/wp-content\/uploads\/2018\/12\/DSC_0296.jpg\" alt=\"\" width=\"1000\" height=\"668\" srcset=\"https:\/\/anoticiaonline.com.br\/site\/wp-content\/uploads\/2018\/12\/DSC_0296.jpg 1000w, https:\/\/anoticiaonline.com.br\/site\/wp-content\/uploads\/2018\/12\/DSC_0296-300x200.jpg 300w, https:\/\/anoticiaonline.com.br\/site\/wp-content\/uploads\/2018\/12\/DSC_0296-768x513.jpg 768w\" sizes=\"(max-width: 1000px) 100vw, 1000px\" \/><\/a> <a href=\"https:\/\/anoticiaonline.com.br\/site\/wp-content\/uploads\/2018\/12\/DSC_0309.jpg\"><img loading=\"lazy\" decoding=\"async\" class=\"alignnone size-full wp-image-66163\" src=\"https:\/\/anoticiaonline.com.br\/site\/wp-content\/uploads\/2018\/12\/DSC_0309.jpg\" alt=\"\" width=\"1000\" height=\"668\" srcset=\"https:\/\/anoticiaonline.com.br\/site\/wp-content\/uploads\/2018\/12\/DSC_0309.jpg 1000w, https:\/\/anoticiaonline.com.br\/site\/wp-content\/uploads\/2018\/12\/DSC_0309-300x200.jpg 300w, https:\/\/anoticiaonline.com.br\/site\/wp-content\/uploads\/2018\/12\/DSC_0309-768x513.jpg 768w\" sizes=\"(max-width: 1000px) 100vw, 1000px\" \/><\/a> <a href=\"https:\/\/anoticiaonline.com.br\/site\/wp-content\/uploads\/2018\/12\/DSC_0314.jpg\"><img loading=\"lazy\" decoding=\"async\" class=\"alignnone size-full wp-image-66164\" src=\"https:\/\/anoticiaonline.com.br\/site\/wp-content\/uploads\/2018\/12\/DSC_0314.jpg\" alt=\"\" width=\"1000\" height=\"668\" srcset=\"https:\/\/anoticiaonline.com.br\/site\/wp-content\/uploads\/2018\/12\/DSC_0314.jpg 1000w, https:\/\/anoticiaonline.com.br\/site\/wp-content\/uploads\/2018\/12\/DSC_0314-300x200.jpg 300w, https:\/\/anoticiaonline.com.br\/site\/wp-content\/uploads\/2018\/12\/DSC_0314-768x513.jpg 768w\" sizes=\"(max-width: 1000px) 100vw, 1000px\" \/><\/a> <a href=\"https:\/\/anoticiaonline.com.br\/site\/wp-content\/uploads\/2018\/12\/DSC_0315.jpg\"><img loading=\"lazy\" decoding=\"async\" class=\"alignnone size-full wp-image-66165\" src=\"https:\/\/anoticiaonline.com.br\/site\/wp-content\/uploads\/2018\/12\/DSC_0315.jpg\" alt=\"\" width=\"1000\" height=\"668\" srcset=\"https:\/\/anoticiaonline.com.br\/site\/wp-content\/uploads\/2018\/12\/DSC_0315.jpg 1000w, https:\/\/anoticiaonline.com.br\/site\/wp-content\/uploads\/2018\/12\/DSC_0315-300x200.jpg 300w, https:\/\/anoticiaonline.com.br\/site\/wp-content\/uploads\/2018\/12\/DSC_0315-768x513.jpg 768w\" sizes=\"(max-width: 1000px) 100vw, 1000px\" \/><\/a> <a href=\"https:\/\/anoticiaonline.com.br\/site\/wp-content\/uploads\/2018\/12\/DSC_0330.jpg\"><img loading=\"lazy\" decoding=\"async\" class=\"alignnone size-full wp-image-66166\" src=\"https:\/\/anoticiaonline.com.br\/site\/wp-content\/uploads\/2018\/12\/DSC_0330.jpg\" alt=\"\" width=\"1000\" height=\"668\" srcset=\"https:\/\/anoticiaonline.com.br\/site\/wp-content\/uploads\/2018\/12\/DSC_0330.jpg 1000w, https:\/\/anoticiaonline.com.br\/site\/wp-content\/uploads\/2018\/12\/DSC_0330-300x200.jpg 300w, https:\/\/anoticiaonline.com.br\/site\/wp-content\/uploads\/2018\/12\/DSC_0330-768x513.jpg 768w\" sizes=\"(max-width: 1000px) 100vw, 1000px\" \/><\/a> <a href=\"https:\/\/anoticiaonline.com.br\/site\/wp-content\/uploads\/2018\/12\/DSC_0339.jpg\"><img loading=\"lazy\" decoding=\"async\" class=\"alignnone size-full wp-image-66167\" src=\"https:\/\/anoticiaonline.com.br\/site\/wp-content\/uploads\/2018\/12\/DSC_0339.jpg\" alt=\"\" width=\"501\" height=\"750\" srcset=\"https:\/\/anoticiaonline.com.br\/site\/wp-content\/uploads\/2018\/12\/DSC_0339.jpg 501w, https:\/\/anoticiaonline.com.br\/site\/wp-content\/uploads\/2018\/12\/DSC_0339-200x300.jpg 200w\" sizes=\"(max-width: 501px) 100vw, 501px\" \/><\/a> <a href=\"https:\/\/anoticiaonline.com.br\/site\/wp-content\/uploads\/2018\/12\/DSC_0345.jpg\"><img loading=\"lazy\" decoding=\"async\" class=\"alignnone size-full wp-image-66168\" src=\"https:\/\/anoticiaonline.com.br\/site\/wp-content\/uploads\/2018\/12\/DSC_0345.jpg\" alt=\"\" width=\"1000\" height=\"668\" srcset=\"https:\/\/anoticiaonline.com.br\/site\/wp-content\/uploads\/2018\/12\/DSC_0345.jpg 1000w, https:\/\/anoticiaonline.com.br\/site\/wp-content\/uploads\/2018\/12\/DSC_0345-300x200.jpg 300w, https:\/\/anoticiaonline.com.br\/site\/wp-content\/uploads\/2018\/12\/DSC_0345-768x513.jpg 768w\" sizes=\"(max-width: 1000px) 100vw, 1000px\" \/><\/a><\/p>\n","protected":false},"excerpt":{"rendered":"<p>Solenidade tamb\u00e9m marcou diploma\u00e7\u00e3o de formandos da Escola Walter Vasconcelos A Associa\u00e7\u00e3o de Pais e Amigos dos Excepcionais (APAE) de Muria\u00e9 e a Escola Estadual de Educa\u00e7\u00e3o Especial Walter Vasconcelos realizaram uma grande festa na sexta-feira (14). O evento serviu como confraterniza\u00e7\u00e3o de fim de ano para equipe de trabalho, alunos e familiares, mas tamb\u00e9m &#8230; <a title=\"APAE Muria\u00e9 realiza confraterniza\u00e7\u00e3o e inaugura Centro-Dia em homenagem a M\u00f4nica Vidon\" class=\"read-more\" href=\"https:\/\/anoticiaonline.com.br\/site\/apae-muriae-realiza-confraternizacao-e-inaugura-centro-dia-em-homenagem-a-monica-vidon\/\" aria-label=\"Read more about APAE Muria\u00e9 realiza confraterniza\u00e7\u00e3o e inaugura Centro-Dia em homenagem a M\u00f4nica Vidon\">Ler mais<\/a><\/p>\n","protected":false},"author":2,"featured_media":66150,"comment_status":"open","ping_status":"open","sticky":false,"template":"","format":"standard","meta":{"_acf_changed":false,"_monsterinsights_skip_tracking":false,"footnotes":""},"categories":[30],"tags":[],"class_list":["post-66149","post","type-post","status-publish","format-standard","has-post-thumbnail","hentry","category-muriae"],"acf":[],"aioseo_notices":[],"aioseo_head":"\n\t\t<!-- All in One SEO 5.0.0.1 - aioseo.com -->\n\t<meta name=\"description\" content=\"Solenidade tamb\u00e9m marcou diploma\u00e7\u00e3o de formandos da Escola Walter Vasconcelos A Associa\u00e7\u00e3o de Pais e Amigos dos Excepcionais (APAE) de Muria\u00e9 e a Escola Estadual de Educa\u00e7\u00e3o Especial Walter Vasconcelos realizaram uma grande festa na sexta-feira (14). O evento serviu como confraterniza\u00e7\u00e3o de fim de ano para equipe de trabalho, alunos e familiares, mas tamb\u00e9m\" \/>\n\t<meta name=\"robots\" content=\"max-image-preview:large\" \/>\n\t<meta name=\"author\" content=\"Juliana Laviola\"\/>\n\t<link rel=\"canonical\" href=\"https:\/\/anoticiaonline.com.br\/site\/apae-muriae-realiza-confraternizacao-e-inaugura-centro-dia-em-homenagem-a-monica-vidon\/\" \/>\n\t<meta name=\"generator\" content=\"All in One SEO (AIOSEO) 5.0.0.1\" \/>\n\t\t<meta property=\"og:locale\" content=\"pt_BR\" \/>\n\t\t<meta property=\"og:site_name\" content=\"A Not\u00edcia Online - Noticias de Muria\u00e9 e regi\u00e3o\" \/>\n\t\t<meta property=\"og:type\" content=\"article\" \/>\n\t\t<meta property=\"og:title\" content=\"APAE Muria\u00e9 realiza confraterniza\u00e7\u00e3o e inaugura Centro-Dia em homenagem a M\u00f4nica Vidon - A Not\u00edcia Online\" \/>\n\t\t<meta property=\"og:description\" content=\"Solenidade tamb\u00e9m marcou diploma\u00e7\u00e3o de formandos da Escola Walter Vasconcelos A Associa\u00e7\u00e3o de Pais e Amigos dos Excepcionais (APAE) de Muria\u00e9 e a Escola Estadual de Educa\u00e7\u00e3o Especial Walter Vasconcelos realizaram uma grande festa na sexta-feira (14). O evento serviu como confraterniza\u00e7\u00e3o de fim de ano para equipe de trabalho, alunos e familiares, mas tamb\u00e9m\" \/>\n\t\t<meta property=\"og:url\" content=\"https:\/\/anoticiaonline.com.br\/site\/apae-muriae-realiza-confraternizacao-e-inaugura-centro-dia-em-homenagem-a-monica-vidon\/\" \/>\n\t\t<meta property=\"og:image\" content=\"https:\/\/scontent-gig4-1.xx.fbcdn.net\/v\/t39.30808-1\/270437624_4564083193639691_6907940295614233970_n.jpg?stp=dst-jpg_s200x200_tt6&#038;_nc_cat=111&#038;ccb=1-7&#038;_nc_sid=f907e8&#038;_nc_ohc=SM1wRlP3lJwQ7kNvwEPuBYA&#038;_nc_oc=AdnqrjDN_BNjSSHWO-GbkIWH6fkGMLw4bqvL_NH6e2wMveX7G-rP2dAqsDSq1mJMOaY&#038;_nc_zt=24&#038;_nc_ht=scontent-gig4-1.xx&#038;_nc_gid=AoBFJeGrT1hVaew_6rchkQ&#038;oh=00_AfX7QmFGhQhG2jAllVgXCiM1ZrWgvtp80-Bfppyexh1QEg&#038;oe=689E923C\" \/>\n\t\t<meta property=\"og:image:secure_url\" content=\"https:\/\/scontent-gig4-1.xx.fbcdn.net\/v\/t39.30808-1\/270437624_4564083193639691_6907940295614233970_n.jpg?stp=dst-jpg_s200x200_tt6&#038;_nc_cat=111&#038;ccb=1-7&#038;_nc_sid=f907e8&#038;_nc_ohc=SM1wRlP3lJwQ7kNvwEPuBYA&#038;_nc_oc=AdnqrjDN_BNjSSHWO-GbkIWH6fkGMLw4bqvL_NH6e2wMveX7G-rP2dAqsDSq1mJMOaY&#038;_nc_zt=24&#038;_nc_ht=scontent-gig4-1.xx&#038;_nc_gid=AoBFJeGrT1hVaew_6rchkQ&#038;oh=00_AfX7QmFGhQhG2jAllVgXCiM1ZrWgvtp80-Bfppyexh1QEg&#038;oe=689E923C\" \/>\n\t\t<meta property=\"article:published_time\" content=\"2018-12-21T18:15:54+00:00\" \/>\n\t\t<meta property=\"article:modified_time\" content=\"2018-12-20T20:19:36+00:00\" \/>\n\t\t<meta name=\"twitter:card\" content=\"summary_large_image\" \/>\n\t\t<meta name=\"twitter:title\" content=\"APAE Muria\u00e9 realiza confraterniza\u00e7\u00e3o e inaugura Centro-Dia em homenagem a M\u00f4nica Vidon - A Not\u00edcia Online\" \/>\n\t\t<meta name=\"twitter:description\" content=\"Solenidade tamb\u00e9m marcou diploma\u00e7\u00e3o de formandos da Escola Walter Vasconcelos A Associa\u00e7\u00e3o de Pais e Amigos dos Excepcionais (APAE) de Muria\u00e9 e a Escola Estadual de Educa\u00e7\u00e3o Especial Walter Vasconcelos realizaram uma grande festa na sexta-feira (14). O evento serviu como confraterniza\u00e7\u00e3o de fim de ano para equipe de trabalho, alunos e familiares, mas tamb\u00e9m\" \/>\n\t\t<meta name=\"twitter:image\" content=\"https:\/\/scontent-gig4-1.xx.fbcdn.net\/v\/t39.30808-1\/270437624_4564083193639691_6907940295614233970_n.jpg?stp=dst-jpg_s200x200_tt6&amp;_nc_cat=111&amp;ccb=1-7&amp;_nc_sid=f907e8&amp;_nc_ohc=SM1wRlP3lJwQ7kNvwEPuBYA&amp;_nc_oc=AdnqrjDN_BNjSSHWO-GbkIWH6fkGMLw4bqvL_NH6e2wMveX7G-rP2dAqsDSq1mJMOaY&amp;_nc_zt=24&amp;_nc_ht=scontent-gig4-1.xx&amp;_nc_gid=AoBFJeGrT1hVaew_6rchkQ&amp;oh=00_AfX7QmFGhQhG2jAllVgXCiM1ZrWgvtp80-Bfppyexh1QEg&amp;oe=689E923C\" \/>\n\t\t<script type=\"application\/ld+json\" class=\"aioseo-schema\">\n\t\t\t{\"@context\":\"https:\\\/\\\/schema.org\",\"@graph\":[{\"@type\":\"BlogPosting\",\"@id\":\"https:\\\/\\\/anoticiaonline.com.br\\\/site\\\/apae-muriae-realiza-confraternizacao-e-inaugura-centro-dia-em-homenagem-a-monica-vidon\\\/#blogposting\",\"name\":\"APAE Muria\\u00e9 realiza confraterniza\\u00e7\\u00e3o e inaugura Centro-Dia em homenagem a M\\u00f4nica Vidon - A Not\\u00edcia Online\",\"headline\":\"APAE Muria\\u00e9 realiza confraterniza\\u00e7\\u00e3o e inaugura Centro-Dia em homenagem a M\\u00f4nica Vidon\",\"author\":{\"@id\":\"https:\\\/\\\/anoticiaonline.com.br\\\/site\\\/author\\\/juliana\\\/#author\"},\"publisher\":{\"@id\":\"https:\\\/\\\/anoticiaonline.com.br\\\/site\\\/#organization\"},\"image\":{\"@type\":\"ImageObject\",\"url\":\"https:\\\/\\\/anoticiaonline.com.br\\\/site\\\/wp-content\\\/uploads\\\/2018\\\/12\\\/DSC_0184.jpg\",\"width\":1000,\"height\":668},\"datePublished\":\"2018-12-21T15:15:54-03:00\",\"dateModified\":\"2018-12-20T17:19:36-03:00\",\"inLanguage\":\"pt-BR\",\"mainEntityOfPage\":{\"@id\":\"https:\\\/\\\/anoticiaonline.com.br\\\/site\\\/apae-muriae-realiza-confraternizacao-e-inaugura-centro-dia-em-homenagem-a-monica-vidon\\\/#webpage\"},\"isPartOf\":{\"@id\":\"https:\\\/\\\/anoticiaonline.com.br\\\/site\\\/apae-muriae-realiza-confraternizacao-e-inaugura-centro-dia-em-homenagem-a-monica-vidon\\\/#webpage\"},\"articleSection\":\"Blog\"},{\"@type\":\"BreadcrumbList\",\"@id\":\"https:\\\/\\\/anoticiaonline.com.br\\\/site\\\/apae-muriae-realiza-confraternizacao-e-inaugura-centro-dia-em-homenagem-a-monica-vidon\\\/#breadcrumblist\",\"itemListElement\":[{\"@type\":\"ListItem\",\"@id\":\"https:\\\/\\\/anoticiaonline.com.br\\\/site#listItem\",\"position\":1,\"name\":\"Home\",\"item\":\"https:\\\/\\\/anoticiaonline.com.br\\\/site\",\"nextItem\":{\"@type\":\"ListItem\",\"@id\":\"https:\\\/\\\/anoticiaonline.com.br\\\/site\\\/categoria\\\/muriae\\\/#listItem\",\"name\":\"Blog\"}},{\"@type\":\"ListItem\",\"@id\":\"https:\\\/\\\/anoticiaonline.com.br\\\/site\\\/categoria\\\/muriae\\\/#listItem\",\"position\":2,\"name\":\"Blog\",\"item\":\"https:\\\/\\\/anoticiaonline.com.br\\\/site\\\/categoria\\\/muriae\\\/\",\"nextItem\":{\"@type\":\"ListItem\",\"@id\":\"https:\\\/\\\/anoticiaonline.com.br\\\/site\\\/apae-muriae-realiza-confraternizacao-e-inaugura-centro-dia-em-homenagem-a-monica-vidon\\\/#listItem\",\"name\":\"APAE Muria\\u00e9 realiza confraterniza\\u00e7\\u00e3o e inaugura Centro-Dia em homenagem a M\\u00f4nica Vidon\"},\"previousItem\":{\"@type\":\"ListItem\",\"@id\":\"https:\\\/\\\/anoticiaonline.com.br\\\/site#listItem\",\"name\":\"Home\"}},{\"@type\":\"ListItem\",\"@id\":\"https:\\\/\\\/anoticiaonline.com.br\\\/site\\\/apae-muriae-realiza-confraternizacao-e-inaugura-centro-dia-em-homenagem-a-monica-vidon\\\/#listItem\",\"position\":3,\"name\":\"APAE Muria\\u00e9 realiza confraterniza\\u00e7\\u00e3o e inaugura Centro-Dia em homenagem a M\\u00f4nica Vidon\",\"previousItem\":{\"@type\":\"ListItem\",\"@id\":\"https:\\\/\\\/anoticiaonline.com.br\\\/site\\\/categoria\\\/muriae\\\/#listItem\",\"name\":\"Blog\"}}]},{\"@type\":\"Organization\",\"@id\":\"https:\\\/\\\/anoticiaonline.com.br\\\/site\\\/#organization\",\"name\":\"A Not\\u00edcia Online\",\"description\":\"Noticias de Muria\\u00e9 e regi\\u00e3o\",\"url\":\"https:\\\/\\\/anoticiaonline.com.br\\\/site\\\/\",\"logo\":{\"@type\":\"ImageObject\",\"url\":\"https:\\\/\\\/scontent-gig4-1.xx.fbcdn.net\\\/v\\\/t39.30808-1\\\/270437624_4564083193639691_6907940295614233970_n.jpg?stp=dst-jpg_s200x200_tt6&_nc_cat=111&ccb=1-7&_nc_sid=f907e8&_nc_ohc=SM1wRlP3lJwQ7kNvwEPuBYA&_nc_oc=AdnqrjDN_BNjSSHWO-GbkIWH6fkGMLw4bqvL_NH6e2wMveX7G-rP2dAqsDSq1mJMOaY&_nc_zt=24&_nc_ht=scontent-gig4-1.xx&_nc_gid=AoBFJeGrT1hVaew_6rchkQ&oh=00_AfX7QmFGhQhG2jAllVgXCiM1ZrWgvtp80-Bfppyexh1QEg&oe=689E923C\",\"@id\":\"https:\\\/\\\/anoticiaonline.com.br\\\/site\\\/apae-muriae-realiza-confraternizacao-e-inaugura-centro-dia-em-homenagem-a-monica-vidon\\\/#organizationLogo\"},\"image\":{\"@id\":\"https:\\\/\\\/anoticiaonline.com.br\\\/site\\\/apae-muriae-realiza-confraternizacao-e-inaugura-centro-dia-em-homenagem-a-monica-vidon\\\/#organizationLogo\"}},{\"@type\":\"Person\",\"@id\":\"https:\\\/\\\/anoticiaonline.com.br\\\/site\\\/author\\\/juliana\\\/#author\",\"url\":\"https:\\\/\\\/anoticiaonline.com.br\\\/site\\\/author\\\/juliana\\\/\",\"name\":\"Juliana Laviola\",\"image\":{\"@type\":\"ImageObject\",\"@id\":\"https:\\\/\\\/anoticiaonline.com.br\\\/site\\\/apae-muriae-realiza-confraternizacao-e-inaugura-centro-dia-em-homenagem-a-monica-vidon\\\/#authorImage\",\"url\":\"https:\\\/\\\/secure.gravatar.com\\\/avatar\\\/b8d45f5c699b100dfaf0e543582f38f38bf94cb7ae3a5e9abf8d891a34773335?s=96&d=mm&r=g\",\"width\":96,\"height\":96,\"caption\":\"Juliana Laviola\"}},{\"@type\":\"WebPage\",\"@id\":\"https:\\\/\\\/anoticiaonline.com.br\\\/site\\\/apae-muriae-realiza-confraternizacao-e-inaugura-centro-dia-em-homenagem-a-monica-vidon\\\/#webpage\",\"url\":\"https:\\\/\\\/anoticiaonline.com.br\\\/site\\\/apae-muriae-realiza-confraternizacao-e-inaugura-centro-dia-em-homenagem-a-monica-vidon\\\/\",\"name\":\"APAE Muria\\u00e9 realiza confraterniza\\u00e7\\u00e3o e inaugura Centro-Dia em homenagem a M\\u00f4nica Vidon - A Not\\u00edcia Online\",\"description\":\"Solenidade tamb\\u00e9m marcou diploma\\u00e7\\u00e3o de formandos da Escola Walter Vasconcelos A Associa\\u00e7\\u00e3o de Pais e Amigos dos Excepcionais (APAE) de Muria\\u00e9 e a Escola Estadual de Educa\\u00e7\\u00e3o Especial Walter Vasconcelos realizaram uma grande festa na sexta-feira (14). O evento serviu como confraterniza\\u00e7\\u00e3o de fim de ano para equipe de trabalho, alunos e familiares, mas tamb\\u00e9m\",\"inLanguage\":\"pt-BR\",\"isPartOf\":{\"@id\":\"https:\\\/\\\/anoticiaonline.com.br\\\/site\\\/#website\"},\"breadcrumb\":{\"@id\":\"https:\\\/\\\/anoticiaonline.com.br\\\/site\\\/apae-muriae-realiza-confraternizacao-e-inaugura-centro-dia-em-homenagem-a-monica-vidon\\\/#breadcrumblist\"},\"author\":{\"@id\":\"https:\\\/\\\/anoticiaonline.com.br\\\/site\\\/author\\\/juliana\\\/#author\"},\"creator\":{\"@id\":\"https:\\\/\\\/anoticiaonline.com.br\\\/site\\\/author\\\/juliana\\\/#author\"},\"image\":{\"@type\":\"ImageObject\",\"url\":\"https:\\\/\\\/anoticiaonline.com.br\\\/site\\\/wp-content\\\/uploads\\\/2018\\\/12\\\/DSC_0184.jpg\",\"@id\":\"https:\\\/\\\/anoticiaonline.com.br\\\/site\\\/apae-muriae-realiza-confraternizacao-e-inaugura-centro-dia-em-homenagem-a-monica-vidon\\\/#mainImage\",\"width\":1000,\"height\":668},\"primaryImageOfPage\":{\"@id\":\"https:\\\/\\\/anoticiaonline.com.br\\\/site\\\/apae-muriae-realiza-confraternizacao-e-inaugura-centro-dia-em-homenagem-a-monica-vidon\\\/#mainImage\"},\"datePublished\":\"2018-12-21T15:15:54-03:00\",\"dateModified\":\"2018-12-20T17:19:36-03:00\"},{\"@type\":\"WebSite\",\"@id\":\"https:\\\/\\\/anoticiaonline.com.br\\\/site\\\/#website\",\"url\":\"https:\\\/\\\/anoticiaonline.com.br\\\/site\\\/\",\"name\":\"A Not\\u00edcia Online\",\"description\":\"Noticias de Muria\\u00e9 e regi\\u00e3o\",\"inLanguage\":\"pt-BR\",\"publisher\":{\"@id\":\"https:\\\/\\\/anoticiaonline.com.br\\\/site\\\/#organization\"}}]}\n\t\t<\/script>\n\t\t<!-- All in One SEO -->\n\n","aioseo_head_json":{"title":"APAE Muria\u00e9 realiza confraterniza\u00e7\u00e3o e inaugura Centro-Dia em homenagem a M\u00f4nica Vidon - A Not\u00edcia Online","description":"Solenidade tamb\u00e9m marcou diploma\u00e7\u00e3o de formandos da Escola Walter Vasconcelos A Associa\u00e7\u00e3o de Pais e Amigos dos Excepcionais (APAE) de Muria\u00e9 e a Escola Estadual de Educa\u00e7\u00e3o Especial Walter Vasconcelos realizaram uma grande festa na sexta-feira (14). O evento serviu como confraterniza\u00e7\u00e3o de fim de ano para equipe de trabalho, alunos e familiares, mas tamb\u00e9m","canonical_url":"https:\/\/anoticiaonline.com.br\/site\/apae-muriae-realiza-confraternizacao-e-inaugura-centro-dia-em-homenagem-a-monica-vidon\/","robots":"max-image-preview:large","keywords":"","webmasterTools":{"miscellaneous":""},"schema":{"@context":"https:\/\/schema.org","@graph":[{"@type":"BlogPosting","@id":"https:\/\/anoticiaonline.com.br\/site\/apae-muriae-realiza-confraternizacao-e-inaugura-centro-dia-em-homenagem-a-monica-vidon\/#blogposting","name":"APAE Muria\u00e9 realiza confraterniza\u00e7\u00e3o e inaugura Centro-Dia em homenagem a M\u00f4nica Vidon - A Not\u00edcia Online","headline":"APAE Muria\u00e9 realiza confraterniza\u00e7\u00e3o e inaugura Centro-Dia em homenagem a M\u00f4nica Vidon","author":{"@id":"https:\/\/anoticiaonline.com.br\/site\/author\/juliana\/#author"},"publisher":{"@id":"https:\/\/anoticiaonline.com.br\/site\/#organization"},"image":{"@type":"ImageObject","url":"https:\/\/anoticiaonline.com.br\/site\/wp-content\/uploads\/2018\/12\/DSC_0184.jpg","width":1000,"height":668},"datePublished":"2018-12-21T15:15:54-03:00","dateModified":"2018-12-20T17:19:36-03:00","inLanguage":"pt-BR","mainEntityOfPage":{"@id":"https:\/\/anoticiaonline.com.br\/site\/apae-muriae-realiza-confraternizacao-e-inaugura-centro-dia-em-homenagem-a-monica-vidon\/#webpage"},"isPartOf":{"@id":"https:\/\/anoticiaonline.com.br\/site\/apae-muriae-realiza-confraternizacao-e-inaugura-centro-dia-em-homenagem-a-monica-vidon\/#webpage"},"articleSection":"Blog"},{"@type":"BreadcrumbList","@id":"https:\/\/anoticiaonline.com.br\/site\/apae-muriae-realiza-confraternizacao-e-inaugura-centro-dia-em-homenagem-a-monica-vidon\/#breadcrumblist","itemListElement":[{"@type":"ListItem","@id":"https:\/\/anoticiaonline.com.br\/site#listItem","position":1,"name":"Home","item":"https:\/\/anoticiaonline.com.br\/site","nextItem":{"@type":"ListItem","@id":"https:\/\/anoticiaonline.com.br\/site\/categoria\/muriae\/#listItem","name":"Blog"}},{"@type":"ListItem","@id":"https:\/\/anoticiaonline.com.br\/site\/categoria\/muriae\/#listItem","position":2,"name":"Blog","item":"https:\/\/anoticiaonline.com.br\/site\/categoria\/muriae\/","nextItem":{"@type":"ListItem","@id":"https:\/\/anoticiaonline.com.br\/site\/apae-muriae-realiza-confraternizacao-e-inaugura-centro-dia-em-homenagem-a-monica-vidon\/#listItem","name":"APAE Muria\u00e9 realiza confraterniza\u00e7\u00e3o e inaugura Centro-Dia em homenagem a M\u00f4nica Vidon"},"previousItem":{"@type":"ListItem","@id":"https:\/\/anoticiaonline.com.br\/site#listItem","name":"Home"}},{"@type":"ListItem","@id":"https:\/\/anoticiaonline.com.br\/site\/apae-muriae-realiza-confraternizacao-e-inaugura-centro-dia-em-homenagem-a-monica-vidon\/#listItem","position":3,"name":"APAE Muria\u00e9 realiza confraterniza\u00e7\u00e3o e inaugura Centro-Dia em homenagem a M\u00f4nica Vidon","previousItem":{"@type":"ListItem","@id":"https:\/\/anoticiaonline.com.br\/site\/categoria\/muriae\/#listItem","name":"Blog"}}]},{"@type":"Organization","@id":"https:\/\/anoticiaonline.com.br\/site\/#organization","name":"A Not\u00edcia Online","description":"Noticias de Muria\u00e9 e regi\u00e3o","url":"https:\/\/anoticiaonline.com.br\/site\/","logo":{"@type":"ImageObject","url":"https:\/\/scontent-gig4-1.xx.fbcdn.net\/v\/t39.30808-1\/270437624_4564083193639691_6907940295614233970_n.jpg?stp=dst-jpg_s200x200_tt6&_nc_cat=111&ccb=1-7&_nc_sid=f907e8&_nc_ohc=SM1wRlP3lJwQ7kNvwEPuBYA&_nc_oc=AdnqrjDN_BNjSSHWO-GbkIWH6fkGMLw4bqvL_NH6e2wMveX7G-rP2dAqsDSq1mJMOaY&_nc_zt=24&_nc_ht=scontent-gig4-1.xx&_nc_gid=AoBFJeGrT1hVaew_6rchkQ&oh=00_AfX7QmFGhQhG2jAllVgXCiM1ZrWgvtp80-Bfppyexh1QEg&oe=689E923C","@id":"https:\/\/anoticiaonline.com.br\/site\/apae-muriae-realiza-confraternizacao-e-inaugura-centro-dia-em-homenagem-a-monica-vidon\/#organizationLogo"},"image":{"@id":"https:\/\/anoticiaonline.com.br\/site\/apae-muriae-realiza-confraternizacao-e-inaugura-centro-dia-em-homenagem-a-monica-vidon\/#organizationLogo"}},{"@type":"Person","@id":"https:\/\/anoticiaonline.com.br\/site\/author\/juliana\/#author","url":"https:\/\/anoticiaonline.com.br\/site\/author\/juliana\/","name":"Juliana Laviola","image":{"@type":"ImageObject","@id":"https:\/\/anoticiaonline.com.br\/site\/apae-muriae-realiza-confraternizacao-e-inaugura-centro-dia-em-homenagem-a-monica-vidon\/#authorImage","url":"https:\/\/secure.gravatar.com\/avatar\/b8d45f5c699b100dfaf0e543582f38f38bf94cb7ae3a5e9abf8d891a34773335?s=96&d=mm&r=g","width":96,"height":96,"caption":"Juliana Laviola"}},{"@type":"WebPage","@id":"https:\/\/anoticiaonline.com.br\/site\/apae-muriae-realiza-confraternizacao-e-inaugura-centro-dia-em-homenagem-a-monica-vidon\/#webpage","url":"https:\/\/anoticiaonline.com.br\/site\/apae-muriae-realiza-confraternizacao-e-inaugura-centro-dia-em-homenagem-a-monica-vidon\/","name":"APAE Muria\u00e9 realiza confraterniza\u00e7\u00e3o e inaugura Centro-Dia em homenagem a M\u00f4nica Vidon - A Not\u00edcia Online","description":"Solenidade tamb\u00e9m marcou diploma\u00e7\u00e3o de formandos da Escola Walter Vasconcelos A Associa\u00e7\u00e3o de Pais e Amigos dos Excepcionais (APAE) de Muria\u00e9 e a Escola Estadual de Educa\u00e7\u00e3o Especial Walter Vasconcelos realizaram uma grande festa na sexta-feira (14). O evento serviu como confraterniza\u00e7\u00e3o de fim de ano para equipe de trabalho, alunos e familiares, mas tamb\u00e9m","inLanguage":"pt-BR","isPartOf":{"@id":"https:\/\/anoticiaonline.com.br\/site\/#website"},"breadcrumb":{"@id":"https:\/\/anoticiaonline.com.br\/site\/apae-muriae-realiza-confraternizacao-e-inaugura-centro-dia-em-homenagem-a-monica-vidon\/#breadcrumblist"},"author":{"@id":"https:\/\/anoticiaonline.com.br\/site\/author\/juliana\/#author"},"creator":{"@id":"https:\/\/anoticiaonline.com.br\/site\/author\/juliana\/#author"},"image":{"@type":"ImageObject","url":"https:\/\/anoticiaonline.com.br\/site\/wp-content\/uploads\/2018\/12\/DSC_0184.jpg","@id":"https:\/\/anoticiaonline.com.br\/site\/apae-muriae-realiza-confraternizacao-e-inaugura-centro-dia-em-homenagem-a-monica-vidon\/#mainImage","width":1000,"height":668},"primaryImageOfPage":{"@id":"https:\/\/anoticiaonline.com.br\/site\/apae-muriae-realiza-confraternizacao-e-inaugura-centro-dia-em-homenagem-a-monica-vidon\/#mainImage"},"datePublished":"2018-12-21T15:15:54-03:00","dateModified":"2018-12-20T17:19:36-03:00"},{"@type":"WebSite","@id":"https:\/\/anoticiaonline.com.br\/site\/#website","url":"https:\/\/anoticiaonline.com.br\/site\/","name":"A Not\u00edcia Online","description":"Noticias de Muria\u00e9 e regi\u00e3o","inLanguage":"pt-BR","publisher":{"@id":"https:\/\/anoticiaonline.com.br\/site\/#organization"}}]},"og:locale":"pt_BR","og:site_name":"A Not\u00edcia Online - Noticias de Muria\u00e9 e regi\u00e3o","og:type":"article","og:title":"APAE Muria\u00e9 realiza confraterniza\u00e7\u00e3o e inaugura Centro-Dia em homenagem a M\u00f4nica Vidon - A Not\u00edcia Online","og:description":"Solenidade tamb\u00e9m marcou diploma\u00e7\u00e3o de formandos da Escola Walter Vasconcelos A Associa\u00e7\u00e3o de Pais e Amigos dos Excepcionais (APAE) de Muria\u00e9 e a Escola Estadual de Educa\u00e7\u00e3o Especial Walter Vasconcelos realizaram uma grande festa na sexta-feira (14). O evento serviu como confraterniza\u00e7\u00e3o de fim de ano para equipe de trabalho, alunos e familiares, mas tamb\u00e9m","og:url":"https:\/\/anoticiaonline.com.br\/site\/apae-muriae-realiza-confraternizacao-e-inaugura-centro-dia-em-homenagem-a-monica-vidon\/","og:image":"https:\/\/scontent-gig4-1.xx.fbcdn.net\/v\/t39.30808-1\/270437624_4564083193639691_6907940295614233970_n.jpg?stp=dst-jpg_s200x200_tt6&#038;_nc_cat=111&#038;ccb=1-7&#038;_nc_sid=f907e8&#038;_nc_ohc=SM1wRlP3lJwQ7kNvwEPuBYA&#038;_nc_oc=AdnqrjDN_BNjSSHWO-GbkIWH6fkGMLw4bqvL_NH6e2wMveX7G-rP2dAqsDSq1mJMOaY&#038;_nc_zt=24&#038;_nc_ht=scontent-gig4-1.xx&#038;_nc_gid=AoBFJeGrT1hVaew_6rchkQ&#038;oh=00_AfX7QmFGhQhG2jAllVgXCiM1ZrWgvtp80-Bfppyexh1QEg&#038;oe=689E923C","og:image:secure_url":"https:\/\/scontent-gig4-1.xx.fbcdn.net\/v\/t39.30808-1\/270437624_4564083193639691_6907940295614233970_n.jpg?stp=dst-jpg_s200x200_tt6&#038;_nc_cat=111&#038;ccb=1-7&#038;_nc_sid=f907e8&#038;_nc_ohc=SM1wRlP3lJwQ7kNvwEPuBYA&#038;_nc_oc=AdnqrjDN_BNjSSHWO-GbkIWH6fkGMLw4bqvL_NH6e2wMveX7G-rP2dAqsDSq1mJMOaY&#038;_nc_zt=24&#038;_nc_ht=scontent-gig4-1.xx&#038;_nc_gid=AoBFJeGrT1hVaew_6rchkQ&#038;oh=00_AfX7QmFGhQhG2jAllVgXCiM1ZrWgvtp80-Bfppyexh1QEg&#038;oe=689E923C","article:published_time":"2018-12-21T18:15:54+00:00","article:modified_time":"2018-12-20T20:19:36+00:00","twitter:card":"summary_large_image","twitter:title":"APAE Muria\u00e9 realiza confraterniza\u00e7\u00e3o e inaugura Centro-Dia em homenagem a M\u00f4nica Vidon - A Not\u00edcia Online","twitter:description":"Solenidade tamb\u00e9m marcou diploma\u00e7\u00e3o de formandos da Escola Walter Vasconcelos A Associa\u00e7\u00e3o de Pais e Amigos dos Excepcionais (APAE) de Muria\u00e9 e a Escola Estadual de Educa\u00e7\u00e3o Especial Walter Vasconcelos realizaram uma grande festa na sexta-feira (14). O evento serviu como confraterniza\u00e7\u00e3o de fim de ano para equipe de trabalho, alunos e familiares, mas tamb\u00e9m","twitter:image":"https:\/\/scontent-gig4-1.xx.fbcdn.net\/v\/t39.30808-1\/270437624_4564083193639691_6907940295614233970_n.jpg?stp=dst-jpg_s200x200_tt6&_nc_cat=111&ccb=1-7&_nc_sid=f907e8&_nc_ohc=SM1wRlP3lJwQ7kNvwEPuBYA&_nc_oc=AdnqrjDN_BNjSSHWO-GbkIWH6fkGMLw4bqvL_NH6e2wMveX7G-rP2dAqsDSq1mJMOaY&_nc_zt=24&_nc_ht=scontent-gig4-1.xx&_nc_gid=AoBFJeGrT1hVaew_6rchkQ&oh=00_AfX7QmFGhQhG2jAllVgXCiM1ZrWgvtp80-Bfppyexh1QEg&oe=689E923C"},"aioseo_meta_data":{"post_id":"66149","title":null,"description":null,"keywords":null,"keyphrases":null,"primary_term":null,"canonical_url":null,"og_title":null,"og_description":null,"og_object_type":"default","og_image_type":"default","og_image_url":null,"og_image_width":null,"og_image_height":null,"og_image_custom_url":null,"og_image_custom_fields":null,"og_video":null,"og_custom_url":null,"og_article_section":null,"og_article_tags":null,"twitter_use_og":false,"twitter_card":"default","twitter_image_type":"default","twitter_image_url":null,"twitter_image_custom_url":null,"twitter_image_custom_fields":null,"twitter_title":null,"twitter_description":null,"schema":{"blockGraphs":[],"customGraphs":[],"default":{"data":{"Article":[],"Course":[],"Dataset":[],"FAQPage":[],"Movie":[],"Person":[],"Product":[],"ProductReview":[],"Car":[],"Recipe":[],"Service":[],"SoftwareApplication":[],"WebPage":[]},"graphName":"","isEnabled":true},"graphs":[]},"schema_type":"default","schema_type_options":null,"pillar_content":false,"robots_default":true,"robots_noindex":false,"robots_noarchive":false,"robots_nosnippet":false,"robots_nofollow":false,"robots_noimageindex":false,"robots_noodp":false,"robots_notranslate":false,"robots_max_snippet":null,"robots_max_videopreview":null,"robots_max_imagepreview":"large","priority":null,"frequency":null,"local_seo":null,"breadcrumb_settings":null,"limit_modified_date":false,"ai":null,"created":"2025-08-16 22:32:42","updated":"2025-08-16 22:32:42","focus_keyword":null,"additional_keywords":null,"truseo_locale":null,"seo_analyzer_scan_date":null},"aioseo_breadcrumb":"<div class=\"aioseo-breadcrumbs\"><span class=\"aioseo-breadcrumb\">\n\t\t\t<a href=\"https:\/\/anoticiaonline.com.br\/site\" title=\"Home\">Home<\/a>\n\t\t<\/span><span class=\"aioseo-breadcrumb-separator\">&raquo;<\/span><span class=\"aioseo-breadcrumb\">\n\t\t\t<a href=\"https:\/\/anoticiaonline.com.br\/site\/categoria\/muriae\/\" title=\"Blog\">Blog<\/a>\n\t\t<\/span><span class=\"aioseo-breadcrumb-separator\">&raquo;<\/span><span class=\"aioseo-breadcrumb\">\n\t\t\tAPAE Muria\u00e9 realiza confraterniza\u00e7\u00e3o e inaugura Centro-Dia em homenagem a M\u00f4nica Vidon\n\t\t<\/span><\/div>","aioseo_breadcrumb_json":[{"label":"Home","link":"https:\/\/anoticiaonline.com.br\/site"},{"label":"Blog","link":"https:\/\/anoticiaonline.com.br\/site\/categoria\/muriae\/"},{"label":"APAE Muria\u00e9 realiza confraterniza\u00e7\u00e3o e inaugura Centro-Dia em homenagem a M\u00f4nica Vidon","link":"https:\/\/anoticiaonline.com.br\/site\/apae-muriae-realiza-confraternizacao-e-inaugura-centro-dia-em-homenagem-a-monica-vidon\/"}],"views":250,"_links":{"self":[{"href":"https:\/\/anoticiaonline.com.br\/site\/wp-json\/wp\/v2\/posts\/66149","targetHints":{"allow":["GET"]}}],"collection":[{"href":"https:\/\/anoticiaonline.com.br\/site\/wp-json\/wp\/v2\/posts"}],"about":[{"href":"https:\/\/anoticiaonline.com.br\/site\/wp-json\/wp\/v2\/types\/post"}],"author":[{"embeddable":true,"href":"https:\/\/anoticiaonline.com.br\/site\/wp-json\/wp\/v2\/users\/2"}],"replies":[{"embeddable":true,"href":"https:\/\/anoticiaonline.com.br\/site\/wp-json\/wp\/v2\/comments?post=66149"}],"version-history":[{"count":0,"href":"https:\/\/anoticiaonline.com.br\/site\/wp-json\/wp\/v2\/posts\/66149\/revisions"}],"wp:featuredmedia":[{"embeddable":true,"href":"https:\/\/anoticiaonline.com.br\/site\/wp-json\/wp\/v2\/media\/66150"}],"wp:attachment":[{"href":"https:\/\/anoticiaonline.com.br\/site\/wp-json\/wp\/v2\/media?parent=66149"}],"wp:term":[{"taxonomy":"category","embeddable":true,"href":"https:\/\/anoticiaonline.com.br\/site\/wp-json\/wp\/v2\/categories?post=66149"},{"taxonomy":"post_tag","embeddable":true,"href":"https:\/\/anoticiaonline.com.br\/site\/wp-json\/wp\/v2\/tags?post=66149"}],"curies":[{"name":"wp","href":"https:\/\/api.w.org\/{rel}","templated":true}]}}