{"id":66083,"date":"2018-12-21T13:00:01","date_gmt":"2018-12-21T16:00:01","guid":{"rendered":"http:\/\/anoticiaonline.com.br\/site\/?p=66083"},"modified":"2018-12-21T18:02:50","modified_gmt":"2018-12-21T21:02:50","slug":"tire-as-principais-duvidas-sobre-ferias-coletivas","status":"publish","type":"post","link":"https:\/\/anoticiaonline.com.br\/site\/tire-as-principais-duvidas-sobre-ferias-coletivas\/","title":{"rendered":"Tire as principais d\u00favidas sobre f\u00e9rias coletivas"},"content":{"rendered":"<p><a href=\"https:\/\/anoticiaonline.com.br\/site\/wp-content\/uploads\/2018\/12\/ferias.jpg\"><img fetchpriority=\"high\" decoding=\"async\" class=\"aligncenter size-full wp-image-66087\" src=\"https:\/\/anoticiaonline.com.br\/site\/wp-content\/uploads\/2018\/12\/ferias.jpg\" alt=\"\" width=\"1000\" height=\"562\" srcset=\"https:\/\/anoticiaonline.com.br\/site\/wp-content\/uploads\/2018\/12\/ferias.jpg 1000w, https:\/\/anoticiaonline.com.br\/site\/wp-content\/uploads\/2018\/12\/ferias-300x169.jpg 300w, https:\/\/anoticiaonline.com.br\/site\/wp-content\/uploads\/2018\/12\/ferias-768x432.jpg 768w\" sizes=\"(max-width: 1000px) 100vw, 1000px\" \/><\/a><\/p>\n<p>A decis\u00e3o sobre se as empresas terem ou n\u00e3o f\u00e9rias coletivas no fim de ano j\u00e1 deve ser definida pelos administradores de algumas empresas, assim seriam\u00a0menores as dificuldades na hora de tomar essa decis\u00e3o e realizar esse acordo com os trabalhadores. Uma d\u00favida muito grande \u00e9 em rela\u00e7\u00e3o a mudan\u00e7as nas f\u00e9rias coletivas em fun\u00e7\u00e3o da Reforma Trabalhista, contudo, as modifica\u00e7\u00f5es n\u00e3o atingira o artigo que regulamenta esse tema.<\/p>\n<p><!--more--><\/p>\n<p>Assim, continuam a valer as mesmas regras, lembrando que\u00a0n\u00e3o basta apenas\u00a0definir pelas f\u00e9rias coletivas, v\u00e1rias a\u00e7\u00f5es pr\u00e9vias devem ser tomadas antes de iniciar esses per\u00edodos, o que gera muitas confus\u00f5es por parte de empregadores e empregados. &#8220;O que vemos na Confirp \u00e9 que a correria em busca de informa\u00e7\u00f5es ocorre principalmente com a proximidade do fim de ano, isto \u00e9, a partir de outubro. As principais d\u00favidas que observamos s\u00e3o referentes a prazos, pagamentos e limites&#8221;, conta o consultor trabalhista da Confirp Consultoria Cont\u00e1bil, Fabiano Giusti.<\/p>\n<p><strong>Entenda melhor<\/strong> &#8211; As f\u00e9rias coletivas s\u00e3o per\u00edodos de paraliza\u00e7\u00f5es concedidos de forma simult\u00e2nea para todos os trabalhadores de uma empresa, ou para apenas alguns setores. Para facilitar o trabalho dos leitores, a Confirp Consultoria Cont\u00e1bil preparou um tira-d\u00favidas sobre o tema:<br \/>\n<strong><br \/>\nQuais os principais pontos em rela\u00e7\u00e3o \u00e0s f\u00e9rias coletivas?<\/strong><strong>\u00a0<\/strong><\/p>\n<p>Esse per\u00edodo \u00e9 determinado pelo empregador, buscando a melhor forma de ajustar os trabalhos realizados, contudo h\u00e1 a necessidade de nunca extrapolar a limita\u00e7\u00e3o de 11 meses subsequentes a obten\u00e7\u00e3o do direito a f\u00e9rias do empregado.<\/p>\n<p>Existe a op\u00e7\u00e3o de conceder f\u00e9rias coletivas para apenas determinados setores da empresa, mas tamb\u00e9m pode ser para todos os trabalhadores.<\/p>\n<p>H\u00e1 a possibilidade de realizar dois per\u00edodos, todavia essa \u00e9 uma excepcionalidade, e nesse caso nenhum poder\u00e1 ser menor a 10 dias.<\/p>\n<p>A comunica\u00e7\u00e3o do empregado sobre as f\u00e9rias e as regras deve ser feita por escrito, com anteced\u00eancia m\u00ednima de 30 dias do in\u00edcio do per\u00edodo.<\/p>\n<p>Todos os dados sobre as f\u00e9rias devem ser anotados na Carteira Profissional e no livro ou ficha de registro de empregados.<\/p>\n<p>Quais os passos a serem seguidos antes de determinar as f\u00e9rias coletivas? O empregador deve, com anteced\u00eancia m\u00ednima de 15 dias ao per\u00edodo das f\u00e9rias coletivas, comunicar a Delegacia Regional do Trabalho Comunicar (D.R.T.) sobre a decis\u00e3o com dados referentes ao in\u00edcio e fim das f\u00e9rias, indicando quais os setores ou estabelecimentos atingidos;<\/p>\n<p>Enviar uma c\u00f3pia da comunica\u00e7\u00e3o feita ao D.R.T. aos sindicatos das categorias que ser\u00e3o abrangidos pelas f\u00e9rias;<\/p>\n<p>Lembrando que os trabalhadores tamb\u00e9m dever\u00e3o ser avisados mas neste caso com anteced\u00eancia de 30 dias, colocando comunicados nos locais de trabalho.<\/p>\n<p><strong>No caso de empregados que n\u00e3o completaram o per\u00edodo de direito para f\u00e9rias, como dever\u00e1 ser o procedimento?<\/strong><\/p>\n<p>Primeiramente, se deve definir quantos dias o funcion\u00e1rio possui de direito, por ocasi\u00e3o das f\u00e9rias coletivas, considerando o tempo de servi\u00e7o e faltas existente no per\u00edodo. Caso este empregado tenha direito a menos dias do que a empresa estipulou para f\u00e9rias coletivas, este empregado ficar\u00e1 de licen\u00e7a remunerada, devendo retornar ao trabalho na mesma data dos outros empregados.<br \/>\n<strong><br \/>\nComo se d\u00e1 o pagamento das f\u00e9rias coletivas?<\/strong><\/p>\n<p>Realmente grande parte dos questionamentos sobre o tema \u00e9 em rela\u00e7\u00e3o ao pagamento dos funcion\u00e1rios, contudo, neste ponto n\u00e3o existe mist\u00e9rio, tendo o mesmo formato das demais f\u00e9rias dadas aos trabalhadores. Lembrando que no caso do funcion\u00e1rio n\u00e3o tiver completo um ano de per\u00edodo de trabalho, o pagamento ser\u00e1 proporcional ao per\u00edodo de f\u00e9rias que tem direito e o restante ser\u00e1 dado como licen\u00e7a remunerada.<br \/>\n<strong><br \/>\nQuais outros pontos relevantes e rela\u00e7\u00e3o ao tema?<\/strong><\/p>\n<p>Empregados com menos de 18 anos ou com mais de 50 anos devem ter o per\u00edodo de f\u00e9rias uma \u00fanica vez, assim, se as f\u00e9rias coletivas forem menores do que esses possuem por direito, dever\u00e3o prolongar o per\u00edodo para eles, para que possam assim aproveitar integralmente esse direito. Caso o per\u00edodo por direito seja menor dever\u00e1 se considerar o per\u00edodo excedente de coletiva como licen\u00e7a remunerada.<\/p>\n<p>Estudante menor de 18 anos dever\u00e1 ter o per\u00edodo coincidente com o de f\u00e9rias escolares, nos casos em que as coletivas ocorrerem em \u00e9poca diversa, o per\u00edodo de f\u00e9rias coletivas dever\u00e1 ser considerado como licen\u00e7a remunerada, e as f\u00e9rias legais, ser\u00e3o concedidas juntamente com as f\u00e9rias escolares.<\/p>\n<p><em>Fonte &#8211; Confirp Consultoria Cont\u00e1bil<\/em><\/p>\n","protected":false},"excerpt":{"rendered":"<p>A decis\u00e3o sobre se as empresas terem ou n\u00e3o f\u00e9rias coletivas no fim de ano j\u00e1 deve ser definida pelos administradores de algumas empresas, assim seriam\u00a0menores as dificuldades na hora de tomar essa decis\u00e3o e realizar esse acordo com os trabalhadores. Uma d\u00favida muito grande \u00e9 em rela\u00e7\u00e3o a mudan\u00e7as nas f\u00e9rias coletivas em fun\u00e7\u00e3o &#8230; <a title=\"Tire as principais d\u00favidas sobre f\u00e9rias coletivas\" class=\"read-more\" href=\"https:\/\/anoticiaonline.com.br\/site\/tire-as-principais-duvidas-sobre-ferias-coletivas\/\" aria-label=\"Read more about Tire as principais d\u00favidas sobre f\u00e9rias coletivas\">Ler mais<\/a><\/p>\n","protected":false},"author":2,"featured_media":0,"comment_status":"open","ping_status":"open","sticky":false,"template":"","format":"standard","meta":{"_acf_changed":false,"_monsterinsights_skip_tracking":false,"footnotes":""},"categories":[30],"tags":[3554],"class_list":["post-66083","post","type-post","status-publish","format-standard","hentry","category-muriae","tag-ferias-coletivas"],"acf":[],"aioseo_notices":[],"aioseo_head":"\n\t\t<!-- All in One SEO 5.0.0.1 - aioseo.com -->\n\t<meta name=\"description\" content=\"A decis\u00e3o sobre se as empresas terem ou n\u00e3o f\u00e9rias coletivas no fim de ano j\u00e1 deve ser definida pelos administradores de algumas empresas, assim seriam menores as dificuldades na hora de tomar essa decis\u00e3o e realizar esse acordo com os trabalhadores. Uma d\u00favida muito grande \u00e9 em rela\u00e7\u00e3o a mudan\u00e7as nas f\u00e9rias coletivas em fun\u00e7\u00e3o\" \/>\n\t<meta name=\"robots\" content=\"max-image-preview:large\" \/>\n\t<meta name=\"author\" content=\"Juliana Laviola\"\/>\n\t<link rel=\"canonical\" href=\"https:\/\/anoticiaonline.com.br\/site\/tire-as-principais-duvidas-sobre-ferias-coletivas\/\" \/>\n\t<meta name=\"generator\" content=\"All in One SEO (AIOSEO) 5.0.0.1\" \/>\n\t\t<meta property=\"og:locale\" content=\"pt_BR\" \/>\n\t\t<meta property=\"og:site_name\" content=\"A Not\u00edcia Online - Noticias de Muria\u00e9 e regi\u00e3o\" \/>\n\t\t<meta property=\"og:type\" content=\"article\" \/>\n\t\t<meta property=\"og:title\" content=\"Tire as principais d\u00favidas sobre f\u00e9rias coletivas - A Not\u00edcia Online\" \/>\n\t\t<meta property=\"og:description\" content=\"A decis\u00e3o sobre se as empresas terem ou n\u00e3o f\u00e9rias coletivas no fim de ano j\u00e1 deve ser definida pelos administradores de algumas empresas, assim seriam menores as dificuldades na hora de tomar essa decis\u00e3o e realizar esse acordo com os trabalhadores. Uma d\u00favida muito grande \u00e9 em rela\u00e7\u00e3o a mudan\u00e7as nas f\u00e9rias coletivas em fun\u00e7\u00e3o\" \/>\n\t\t<meta property=\"og:url\" content=\"https:\/\/anoticiaonline.com.br\/site\/tire-as-principais-duvidas-sobre-ferias-coletivas\/\" \/>\n\t\t<meta property=\"og:image\" content=\"https:\/\/scontent-gig4-1.xx.fbcdn.net\/v\/t39.30808-1\/270437624_4564083193639691_6907940295614233970_n.jpg?stp=dst-jpg_s200x200_tt6&#038;_nc_cat=111&#038;ccb=1-7&#038;_nc_sid=f907e8&#038;_nc_ohc=SM1wRlP3lJwQ7kNvwEPuBYA&#038;_nc_oc=AdnqrjDN_BNjSSHWO-GbkIWH6fkGMLw4bqvL_NH6e2wMveX7G-rP2dAqsDSq1mJMOaY&#038;_nc_zt=24&#038;_nc_ht=scontent-gig4-1.xx&#038;_nc_gid=AoBFJeGrT1hVaew_6rchkQ&#038;oh=00_AfX7QmFGhQhG2jAllVgXCiM1ZrWgvtp80-Bfppyexh1QEg&#038;oe=689E923C\" \/>\n\t\t<meta property=\"og:image:secure_url\" content=\"https:\/\/scontent-gig4-1.xx.fbcdn.net\/v\/t39.30808-1\/270437624_4564083193639691_6907940295614233970_n.jpg?stp=dst-jpg_s200x200_tt6&#038;_nc_cat=111&#038;ccb=1-7&#038;_nc_sid=f907e8&#038;_nc_ohc=SM1wRlP3lJwQ7kNvwEPuBYA&#038;_nc_oc=AdnqrjDN_BNjSSHWO-GbkIWH6fkGMLw4bqvL_NH6e2wMveX7G-rP2dAqsDSq1mJMOaY&#038;_nc_zt=24&#038;_nc_ht=scontent-gig4-1.xx&#038;_nc_gid=AoBFJeGrT1hVaew_6rchkQ&#038;oh=00_AfX7QmFGhQhG2jAllVgXCiM1ZrWgvtp80-Bfppyexh1QEg&#038;oe=689E923C\" \/>\n\t\t<meta property=\"article:published_time\" content=\"2018-12-21T16:00:01+00:00\" \/>\n\t\t<meta property=\"article:modified_time\" content=\"2018-12-21T21:02:50+00:00\" \/>\n\t\t<meta name=\"twitter:card\" content=\"summary_large_image\" \/>\n\t\t<meta name=\"twitter:title\" content=\"Tire as principais d\u00favidas sobre f\u00e9rias coletivas - A Not\u00edcia Online\" \/>\n\t\t<meta name=\"twitter:description\" content=\"A decis\u00e3o sobre se as empresas terem ou n\u00e3o f\u00e9rias coletivas no fim de ano j\u00e1 deve ser definida pelos administradores de algumas empresas, assim seriam menores as dificuldades na hora de tomar essa decis\u00e3o e realizar esse acordo com os trabalhadores. Uma d\u00favida muito grande \u00e9 em rela\u00e7\u00e3o a mudan\u00e7as nas f\u00e9rias coletivas em fun\u00e7\u00e3o\" \/>\n\t\t<meta name=\"twitter:image\" content=\"https:\/\/scontent-gig4-1.xx.fbcdn.net\/v\/t39.30808-1\/270437624_4564083193639691_6907940295614233970_n.jpg?stp=dst-jpg_s200x200_tt6&amp;_nc_cat=111&amp;ccb=1-7&amp;_nc_sid=f907e8&amp;_nc_ohc=SM1wRlP3lJwQ7kNvwEPuBYA&amp;_nc_oc=AdnqrjDN_BNjSSHWO-GbkIWH6fkGMLw4bqvL_NH6e2wMveX7G-rP2dAqsDSq1mJMOaY&amp;_nc_zt=24&amp;_nc_ht=scontent-gig4-1.xx&amp;_nc_gid=AoBFJeGrT1hVaew_6rchkQ&amp;oh=00_AfX7QmFGhQhG2jAllVgXCiM1ZrWgvtp80-Bfppyexh1QEg&amp;oe=689E923C\" \/>\n\t\t<script type=\"application\/ld+json\" class=\"aioseo-schema\">\n\t\t\t{\"@context\":\"https:\\\/\\\/schema.org\",\"@graph\":[{\"@type\":\"BlogPosting\",\"@id\":\"https:\\\/\\\/anoticiaonline.com.br\\\/site\\\/tire-as-principais-duvidas-sobre-ferias-coletivas\\\/#blogposting\",\"name\":\"Tire as principais d\\u00favidas sobre f\\u00e9rias coletivas - A Not\\u00edcia Online\",\"headline\":\"Tire as principais d\\u00favidas sobre f\\u00e9rias coletivas\",\"author\":{\"@id\":\"https:\\\/\\\/anoticiaonline.com.br\\\/site\\\/author\\\/juliana\\\/#author\"},\"publisher\":{\"@id\":\"https:\\\/\\\/anoticiaonline.com.br\\\/site\\\/#organization\"},\"image\":{\"@type\":\"ImageObject\",\"url\":\"https:\\\/\\\/anoticiaonline.com.br\\\/site\\\/wp-content\\\/uploads\\\/2018\\\/12\\\/ferias.jpg\",\"@id\":\"https:\\\/\\\/anoticiaonline.com.br\\\/site\\\/tire-as-principais-duvidas-sobre-ferias-coletivas\\\/#articleImage\",\"width\":1000,\"height\":562},\"datePublished\":\"2018-12-21T13:00:01-03:00\",\"dateModified\":\"2018-12-21T18:02:50-03:00\",\"inLanguage\":\"pt-BR\",\"mainEntityOfPage\":{\"@id\":\"https:\\\/\\\/anoticiaonline.com.br\\\/site\\\/tire-as-principais-duvidas-sobre-ferias-coletivas\\\/#webpage\"},\"isPartOf\":{\"@id\":\"https:\\\/\\\/anoticiaonline.com.br\\\/site\\\/tire-as-principais-duvidas-sobre-ferias-coletivas\\\/#webpage\"},\"articleSection\":\"Blog, F\\u00e9rias coletivas\"},{\"@type\":\"BreadcrumbList\",\"@id\":\"https:\\\/\\\/anoticiaonline.com.br\\\/site\\\/tire-as-principais-duvidas-sobre-ferias-coletivas\\\/#breadcrumblist\",\"itemListElement\":[{\"@type\":\"ListItem\",\"@id\":\"https:\\\/\\\/anoticiaonline.com.br\\\/site#listItem\",\"position\":1,\"name\":\"Home\",\"item\":\"https:\\\/\\\/anoticiaonline.com.br\\\/site\",\"nextItem\":{\"@type\":\"ListItem\",\"@id\":\"https:\\\/\\\/anoticiaonline.com.br\\\/site\\\/categoria\\\/muriae\\\/#listItem\",\"name\":\"Blog\"}},{\"@type\":\"ListItem\",\"@id\":\"https:\\\/\\\/anoticiaonline.com.br\\\/site\\\/categoria\\\/muriae\\\/#listItem\",\"position\":2,\"name\":\"Blog\",\"item\":\"https:\\\/\\\/anoticiaonline.com.br\\\/site\\\/categoria\\\/muriae\\\/\",\"nextItem\":{\"@type\":\"ListItem\",\"@id\":\"https:\\\/\\\/anoticiaonline.com.br\\\/site\\\/tire-as-principais-duvidas-sobre-ferias-coletivas\\\/#listItem\",\"name\":\"Tire as principais d\\u00favidas sobre f\\u00e9rias coletivas\"},\"previousItem\":{\"@type\":\"ListItem\",\"@id\":\"https:\\\/\\\/anoticiaonline.com.br\\\/site#listItem\",\"name\":\"Home\"}},{\"@type\":\"ListItem\",\"@id\":\"https:\\\/\\\/anoticiaonline.com.br\\\/site\\\/tire-as-principais-duvidas-sobre-ferias-coletivas\\\/#listItem\",\"position\":3,\"name\":\"Tire as principais d\\u00favidas sobre f\\u00e9rias coletivas\",\"previousItem\":{\"@type\":\"ListItem\",\"@id\":\"https:\\\/\\\/anoticiaonline.com.br\\\/site\\\/categoria\\\/muriae\\\/#listItem\",\"name\":\"Blog\"}}]},{\"@type\":\"Organization\",\"@id\":\"https:\\\/\\\/anoticiaonline.com.br\\\/site\\\/#organization\",\"name\":\"A Not\\u00edcia Online\",\"description\":\"Noticias de Muria\\u00e9 e regi\\u00e3o\",\"url\":\"https:\\\/\\\/anoticiaonline.com.br\\\/site\\\/\",\"logo\":{\"@type\":\"ImageObject\",\"url\":\"https:\\\/\\\/scontent-gig4-1.xx.fbcdn.net\\\/v\\\/t39.30808-1\\\/270437624_4564083193639691_6907940295614233970_n.jpg?stp=dst-jpg_s200x200_tt6&_nc_cat=111&ccb=1-7&_nc_sid=f907e8&_nc_ohc=SM1wRlP3lJwQ7kNvwEPuBYA&_nc_oc=AdnqrjDN_BNjSSHWO-GbkIWH6fkGMLw4bqvL_NH6e2wMveX7G-rP2dAqsDSq1mJMOaY&_nc_zt=24&_nc_ht=scontent-gig4-1.xx&_nc_gid=AoBFJeGrT1hVaew_6rchkQ&oh=00_AfX7QmFGhQhG2jAllVgXCiM1ZrWgvtp80-Bfppyexh1QEg&oe=689E923C\",\"@id\":\"https:\\\/\\\/anoticiaonline.com.br\\\/site\\\/tire-as-principais-duvidas-sobre-ferias-coletivas\\\/#organizationLogo\"},\"image\":{\"@id\":\"https:\\\/\\\/anoticiaonline.com.br\\\/site\\\/tire-as-principais-duvidas-sobre-ferias-coletivas\\\/#organizationLogo\"}},{\"@type\":\"Person\",\"@id\":\"https:\\\/\\\/anoticiaonline.com.br\\\/site\\\/author\\\/juliana\\\/#author\",\"url\":\"https:\\\/\\\/anoticiaonline.com.br\\\/site\\\/author\\\/juliana\\\/\",\"name\":\"Juliana Laviola\",\"image\":{\"@type\":\"ImageObject\",\"@id\":\"https:\\\/\\\/anoticiaonline.com.br\\\/site\\\/tire-as-principais-duvidas-sobre-ferias-coletivas\\\/#authorImage\",\"url\":\"https:\\\/\\\/secure.gravatar.com\\\/avatar\\\/b8d45f5c699b100dfaf0e543582f38f38bf94cb7ae3a5e9abf8d891a34773335?s=96&d=mm&r=g\",\"width\":96,\"height\":96,\"caption\":\"Juliana Laviola\"}},{\"@type\":\"WebPage\",\"@id\":\"https:\\\/\\\/anoticiaonline.com.br\\\/site\\\/tire-as-principais-duvidas-sobre-ferias-coletivas\\\/#webpage\",\"url\":\"https:\\\/\\\/anoticiaonline.com.br\\\/site\\\/tire-as-principais-duvidas-sobre-ferias-coletivas\\\/\",\"name\":\"Tire as principais d\\u00favidas sobre f\\u00e9rias coletivas - A Not\\u00edcia Online\",\"description\":\"A decis\\u00e3o sobre se as empresas terem ou n\\u00e3o f\\u00e9rias coletivas no fim de ano j\\u00e1 deve ser definida pelos administradores de algumas empresas, assim seriam menores as dificuldades na hora de tomar essa decis\\u00e3o e realizar esse acordo com os trabalhadores. Uma d\\u00favida muito grande \\u00e9 em rela\\u00e7\\u00e3o a mudan\\u00e7as nas f\\u00e9rias coletivas em fun\\u00e7\\u00e3o\",\"inLanguage\":\"pt-BR\",\"isPartOf\":{\"@id\":\"https:\\\/\\\/anoticiaonline.com.br\\\/site\\\/#website\"},\"breadcrumb\":{\"@id\":\"https:\\\/\\\/anoticiaonline.com.br\\\/site\\\/tire-as-principais-duvidas-sobre-ferias-coletivas\\\/#breadcrumblist\"},\"author\":{\"@id\":\"https:\\\/\\\/anoticiaonline.com.br\\\/site\\\/author\\\/juliana\\\/#author\"},\"creator\":{\"@id\":\"https:\\\/\\\/anoticiaonline.com.br\\\/site\\\/author\\\/juliana\\\/#author\"},\"datePublished\":\"2018-12-21T13:00:01-03:00\",\"dateModified\":\"2018-12-21T18:02:50-03:00\"},{\"@type\":\"WebSite\",\"@id\":\"https:\\\/\\\/anoticiaonline.com.br\\\/site\\\/#website\",\"url\":\"https:\\\/\\\/anoticiaonline.com.br\\\/site\\\/\",\"name\":\"A Not\\u00edcia Online\",\"description\":\"Noticias de Muria\\u00e9 e regi\\u00e3o\",\"inLanguage\":\"pt-BR\",\"publisher\":{\"@id\":\"https:\\\/\\\/anoticiaonline.com.br\\\/site\\\/#organization\"}}]}\n\t\t<\/script>\n\t\t<!-- All in One SEO -->\n\n","aioseo_head_json":{"title":"Tire as principais d\u00favidas sobre f\u00e9rias coletivas - A Not\u00edcia Online","description":"A decis\u00e3o sobre se as empresas terem ou n\u00e3o f\u00e9rias coletivas no fim de ano j\u00e1 deve ser definida pelos administradores de algumas empresas, assim seriam menores as dificuldades na hora de tomar essa decis\u00e3o e realizar esse acordo com os trabalhadores. Uma d\u00favida muito grande \u00e9 em rela\u00e7\u00e3o a mudan\u00e7as nas f\u00e9rias coletivas em fun\u00e7\u00e3o","canonical_url":"https:\/\/anoticiaonline.com.br\/site\/tire-as-principais-duvidas-sobre-ferias-coletivas\/","robots":"max-image-preview:large","keywords":"","webmasterTools":{"miscellaneous":""},"schema":{"@context":"https:\/\/schema.org","@graph":[{"@type":"BlogPosting","@id":"https:\/\/anoticiaonline.com.br\/site\/tire-as-principais-duvidas-sobre-ferias-coletivas\/#blogposting","name":"Tire as principais d\u00favidas sobre f\u00e9rias coletivas - A Not\u00edcia Online","headline":"Tire as principais d\u00favidas sobre f\u00e9rias coletivas","author":{"@id":"https:\/\/anoticiaonline.com.br\/site\/author\/juliana\/#author"},"publisher":{"@id":"https:\/\/anoticiaonline.com.br\/site\/#organization"},"image":{"@type":"ImageObject","url":"https:\/\/anoticiaonline.com.br\/site\/wp-content\/uploads\/2018\/12\/ferias.jpg","@id":"https:\/\/anoticiaonline.com.br\/site\/tire-as-principais-duvidas-sobre-ferias-coletivas\/#articleImage","width":1000,"height":562},"datePublished":"2018-12-21T13:00:01-03:00","dateModified":"2018-12-21T18:02:50-03:00","inLanguage":"pt-BR","mainEntityOfPage":{"@id":"https:\/\/anoticiaonline.com.br\/site\/tire-as-principais-duvidas-sobre-ferias-coletivas\/#webpage"},"isPartOf":{"@id":"https:\/\/anoticiaonline.com.br\/site\/tire-as-principais-duvidas-sobre-ferias-coletivas\/#webpage"},"articleSection":"Blog, F\u00e9rias coletivas"},{"@type":"BreadcrumbList","@id":"https:\/\/anoticiaonline.com.br\/site\/tire-as-principais-duvidas-sobre-ferias-coletivas\/#breadcrumblist","itemListElement":[{"@type":"ListItem","@id":"https:\/\/anoticiaonline.com.br\/site#listItem","position":1,"name":"Home","item":"https:\/\/anoticiaonline.com.br\/site","nextItem":{"@type":"ListItem","@id":"https:\/\/anoticiaonline.com.br\/site\/categoria\/muriae\/#listItem","name":"Blog"}},{"@type":"ListItem","@id":"https:\/\/anoticiaonline.com.br\/site\/categoria\/muriae\/#listItem","position":2,"name":"Blog","item":"https:\/\/anoticiaonline.com.br\/site\/categoria\/muriae\/","nextItem":{"@type":"ListItem","@id":"https:\/\/anoticiaonline.com.br\/site\/tire-as-principais-duvidas-sobre-ferias-coletivas\/#listItem","name":"Tire as principais d\u00favidas sobre f\u00e9rias coletivas"},"previousItem":{"@type":"ListItem","@id":"https:\/\/anoticiaonline.com.br\/site#listItem","name":"Home"}},{"@type":"ListItem","@id":"https:\/\/anoticiaonline.com.br\/site\/tire-as-principais-duvidas-sobre-ferias-coletivas\/#listItem","position":3,"name":"Tire as principais d\u00favidas sobre f\u00e9rias coletivas","previousItem":{"@type":"ListItem","@id":"https:\/\/anoticiaonline.com.br\/site\/categoria\/muriae\/#listItem","name":"Blog"}}]},{"@type":"Organization","@id":"https:\/\/anoticiaonline.com.br\/site\/#organization","name":"A Not\u00edcia Online","description":"Noticias de Muria\u00e9 e regi\u00e3o","url":"https:\/\/anoticiaonline.com.br\/site\/","logo":{"@type":"ImageObject","url":"https:\/\/scontent-gig4-1.xx.fbcdn.net\/v\/t39.30808-1\/270437624_4564083193639691_6907940295614233970_n.jpg?stp=dst-jpg_s200x200_tt6&_nc_cat=111&ccb=1-7&_nc_sid=f907e8&_nc_ohc=SM1wRlP3lJwQ7kNvwEPuBYA&_nc_oc=AdnqrjDN_BNjSSHWO-GbkIWH6fkGMLw4bqvL_NH6e2wMveX7G-rP2dAqsDSq1mJMOaY&_nc_zt=24&_nc_ht=scontent-gig4-1.xx&_nc_gid=AoBFJeGrT1hVaew_6rchkQ&oh=00_AfX7QmFGhQhG2jAllVgXCiM1ZrWgvtp80-Bfppyexh1QEg&oe=689E923C","@id":"https:\/\/anoticiaonline.com.br\/site\/tire-as-principais-duvidas-sobre-ferias-coletivas\/#organizationLogo"},"image":{"@id":"https:\/\/anoticiaonline.com.br\/site\/tire-as-principais-duvidas-sobre-ferias-coletivas\/#organizationLogo"}},{"@type":"Person","@id":"https:\/\/anoticiaonline.com.br\/site\/author\/juliana\/#author","url":"https:\/\/anoticiaonline.com.br\/site\/author\/juliana\/","name":"Juliana Laviola","image":{"@type":"ImageObject","@id":"https:\/\/anoticiaonline.com.br\/site\/tire-as-principais-duvidas-sobre-ferias-coletivas\/#authorImage","url":"https:\/\/secure.gravatar.com\/avatar\/b8d45f5c699b100dfaf0e543582f38f38bf94cb7ae3a5e9abf8d891a34773335?s=96&d=mm&r=g","width":96,"height":96,"caption":"Juliana Laviola"}},{"@type":"WebPage","@id":"https:\/\/anoticiaonline.com.br\/site\/tire-as-principais-duvidas-sobre-ferias-coletivas\/#webpage","url":"https:\/\/anoticiaonline.com.br\/site\/tire-as-principais-duvidas-sobre-ferias-coletivas\/","name":"Tire as principais d\u00favidas sobre f\u00e9rias coletivas - A Not\u00edcia Online","description":"A decis\u00e3o sobre se as empresas terem ou n\u00e3o f\u00e9rias coletivas no fim de ano j\u00e1 deve ser definida pelos administradores de algumas empresas, assim seriam menores as dificuldades na hora de tomar essa decis\u00e3o e realizar esse acordo com os trabalhadores. Uma d\u00favida muito grande \u00e9 em rela\u00e7\u00e3o a mudan\u00e7as nas f\u00e9rias coletivas em fun\u00e7\u00e3o","inLanguage":"pt-BR","isPartOf":{"@id":"https:\/\/anoticiaonline.com.br\/site\/#website"},"breadcrumb":{"@id":"https:\/\/anoticiaonline.com.br\/site\/tire-as-principais-duvidas-sobre-ferias-coletivas\/#breadcrumblist"},"author":{"@id":"https:\/\/anoticiaonline.com.br\/site\/author\/juliana\/#author"},"creator":{"@id":"https:\/\/anoticiaonline.com.br\/site\/author\/juliana\/#author"},"datePublished":"2018-12-21T13:00:01-03:00","dateModified":"2018-12-21T18:02:50-03:00"},{"@type":"WebSite","@id":"https:\/\/anoticiaonline.com.br\/site\/#website","url":"https:\/\/anoticiaonline.com.br\/site\/","name":"A Not\u00edcia Online","description":"Noticias de Muria\u00e9 e regi\u00e3o","inLanguage":"pt-BR","publisher":{"@id":"https:\/\/anoticiaonline.com.br\/site\/#organization"}}]},"og:locale":"pt_BR","og:site_name":"A Not\u00edcia Online - Noticias de Muria\u00e9 e regi\u00e3o","og:type":"article","og:title":"Tire as principais d\u00favidas sobre f\u00e9rias coletivas - A Not\u00edcia Online","og:description":"A decis\u00e3o sobre se as empresas terem ou n\u00e3o f\u00e9rias coletivas no fim de ano j\u00e1 deve ser definida pelos administradores de algumas empresas, assim seriam menores as dificuldades na hora de tomar essa decis\u00e3o e realizar esse acordo com os trabalhadores. Uma d\u00favida muito grande \u00e9 em rela\u00e7\u00e3o a mudan\u00e7as nas f\u00e9rias coletivas em fun\u00e7\u00e3o","og:url":"https:\/\/anoticiaonline.com.br\/site\/tire-as-principais-duvidas-sobre-ferias-coletivas\/","og:image":"https:\/\/scontent-gig4-1.xx.fbcdn.net\/v\/t39.30808-1\/270437624_4564083193639691_6907940295614233970_n.jpg?stp=dst-jpg_s200x200_tt6&#038;_nc_cat=111&#038;ccb=1-7&#038;_nc_sid=f907e8&#038;_nc_ohc=SM1wRlP3lJwQ7kNvwEPuBYA&#038;_nc_oc=AdnqrjDN_BNjSSHWO-GbkIWH6fkGMLw4bqvL_NH6e2wMveX7G-rP2dAqsDSq1mJMOaY&#038;_nc_zt=24&#038;_nc_ht=scontent-gig4-1.xx&#038;_nc_gid=AoBFJeGrT1hVaew_6rchkQ&#038;oh=00_AfX7QmFGhQhG2jAllVgXCiM1ZrWgvtp80-Bfppyexh1QEg&#038;oe=689E923C","og:image:secure_url":"https:\/\/scontent-gig4-1.xx.fbcdn.net\/v\/t39.30808-1\/270437624_4564083193639691_6907940295614233970_n.jpg?stp=dst-jpg_s200x200_tt6&#038;_nc_cat=111&#038;ccb=1-7&#038;_nc_sid=f907e8&#038;_nc_ohc=SM1wRlP3lJwQ7kNvwEPuBYA&#038;_nc_oc=AdnqrjDN_BNjSSHWO-GbkIWH6fkGMLw4bqvL_NH6e2wMveX7G-rP2dAqsDSq1mJMOaY&#038;_nc_zt=24&#038;_nc_ht=scontent-gig4-1.xx&#038;_nc_gid=AoBFJeGrT1hVaew_6rchkQ&#038;oh=00_AfX7QmFGhQhG2jAllVgXCiM1ZrWgvtp80-Bfppyexh1QEg&#038;oe=689E923C","article:published_time":"2018-12-21T16:00:01+00:00","article:modified_time":"2018-12-21T21:02:50+00:00","twitter:card":"summary_large_image","twitter:title":"Tire as principais d\u00favidas sobre f\u00e9rias coletivas - A Not\u00edcia Online","twitter:description":"A decis\u00e3o sobre se as empresas terem ou n\u00e3o f\u00e9rias coletivas no fim de ano j\u00e1 deve ser definida pelos administradores de algumas empresas, assim seriam menores as dificuldades na hora de tomar essa decis\u00e3o e realizar esse acordo com os trabalhadores. Uma d\u00favida muito grande \u00e9 em rela\u00e7\u00e3o a mudan\u00e7as nas f\u00e9rias coletivas em fun\u00e7\u00e3o","twitter:image":"https:\/\/scontent-gig4-1.xx.fbcdn.net\/v\/t39.30808-1\/270437624_4564083193639691_6907940295614233970_n.jpg?stp=dst-jpg_s200x200_tt6&_nc_cat=111&ccb=1-7&_nc_sid=f907e8&_nc_ohc=SM1wRlP3lJwQ7kNvwEPuBYA&_nc_oc=AdnqrjDN_BNjSSHWO-GbkIWH6fkGMLw4bqvL_NH6e2wMveX7G-rP2dAqsDSq1mJMOaY&_nc_zt=24&_nc_ht=scontent-gig4-1.xx&_nc_gid=AoBFJeGrT1hVaew_6rchkQ&oh=00_AfX7QmFGhQhG2jAllVgXCiM1ZrWgvtp80-Bfppyexh1QEg&oe=689E923C"},"aioseo_meta_data":{"post_id":"66083","title":null,"description":null,"keywords":null,"keyphrases":null,"primary_term":null,"canonical_url":null,"og_title":null,"og_description":null,"og_object_type":"default","og_image_type":"default","og_image_url":null,"og_image_width":null,"og_image_height":null,"og_image_custom_url":null,"og_image_custom_fields":null,"og_video":null,"og_custom_url":null,"og_article_section":null,"og_article_tags":null,"twitter_use_og":false,"twitter_card":"default","twitter_image_type":"default","twitter_image_url":null,"twitter_image_custom_url":null,"twitter_image_custom_fields":null,"twitter_title":null,"twitter_description":null,"schema":{"blockGraphs":[],"customGraphs":[],"default":{"data":{"Article":[],"Course":[],"Dataset":[],"FAQPage":[],"Movie":[],"Person":[],"Product":[],"ProductReview":[],"Car":[],"Recipe":[],"Service":[],"SoftwareApplication":[],"WebPage":[]},"graphName":"","isEnabled":true},"graphs":[]},"schema_type":"default","schema_type_options":null,"pillar_content":false,"robots_default":true,"robots_noindex":false,"robots_noarchive":false,"robots_nosnippet":false,"robots_nofollow":false,"robots_noimageindex":false,"robots_noodp":false,"robots_notranslate":false,"robots_max_snippet":null,"robots_max_videopreview":null,"robots_max_imagepreview":"large","priority":null,"frequency":null,"local_seo":null,"breadcrumb_settings":null,"limit_modified_date":false,"ai":null,"created":"2025-08-16 22:32:41","updated":"2025-08-16 22:32:41","focus_keyword":null,"additional_keywords":null,"truseo_locale":null,"seo_analyzer_scan_date":null},"aioseo_breadcrumb":"<div class=\"aioseo-breadcrumbs\"><span class=\"aioseo-breadcrumb\">\n\t\t\t<a href=\"https:\/\/anoticiaonline.com.br\/site\" title=\"Home\">Home<\/a>\n\t\t<\/span><span class=\"aioseo-breadcrumb-separator\">&raquo;<\/span><span class=\"aioseo-breadcrumb\">\n\t\t\t<a href=\"https:\/\/anoticiaonline.com.br\/site\/categoria\/muriae\/\" title=\"Blog\">Blog<\/a>\n\t\t<\/span><span class=\"aioseo-breadcrumb-separator\">&raquo;<\/span><span class=\"aioseo-breadcrumb\">\n\t\t\tTire as principais d\u00favidas sobre f\u00e9rias coletivas\n\t\t<\/span><\/div>","aioseo_breadcrumb_json":[{"label":"Home","link":"https:\/\/anoticiaonline.com.br\/site"},{"label":"Blog","link":"https:\/\/anoticiaonline.com.br\/site\/categoria\/muriae\/"},{"label":"Tire as principais d\u00favidas sobre f\u00e9rias coletivas","link":"https:\/\/anoticiaonline.com.br\/site\/tire-as-principais-duvidas-sobre-ferias-coletivas\/"}],"views":156,"_links":{"self":[{"href":"https:\/\/anoticiaonline.com.br\/site\/wp-json\/wp\/v2\/posts\/66083","targetHints":{"allow":["GET"]}}],"collection":[{"href":"https:\/\/anoticiaonline.com.br\/site\/wp-json\/wp\/v2\/posts"}],"about":[{"href":"https:\/\/anoticiaonline.com.br\/site\/wp-json\/wp\/v2\/types\/post"}],"author":[{"embeddable":true,"href":"https:\/\/anoticiaonline.com.br\/site\/wp-json\/wp\/v2\/users\/2"}],"replies":[{"embeddable":true,"href":"https:\/\/anoticiaonline.com.br\/site\/wp-json\/wp\/v2\/comments?post=66083"}],"version-history":[{"count":0,"href":"https:\/\/anoticiaonline.com.br\/site\/wp-json\/wp\/v2\/posts\/66083\/revisions"}],"wp:attachment":[{"href":"https:\/\/anoticiaonline.com.br\/site\/wp-json\/wp\/v2\/media?parent=66083"}],"wp:term":[{"taxonomy":"category","embeddable":true,"href":"https:\/\/anoticiaonline.com.br\/site\/wp-json\/wp\/v2\/categories?post=66083"},{"taxonomy":"post_tag","embeddable":true,"href":"https:\/\/anoticiaonline.com.br\/site\/wp-json\/wp\/v2\/tags?post=66083"}],"curies":[{"name":"wp","href":"https:\/\/api.w.org\/{rel}","templated":true}]}}