{"id":66070,"date":"2018-12-19T10:59:11","date_gmt":"2018-12-19T13:59:11","guid":{"rendered":"http:\/\/anoticiaonline.com.br\/site\/?p=66070"},"modified":"2018-12-19T10:59:11","modified_gmt":"2018-12-19T13:59:11","slug":"prf-lanca-operacao-contra-acidentes-do-natal-ao-carnaval-nas-brs","status":"publish","type":"post","link":"https:\/\/anoticiaonline.com.br\/site\/prf-lanca-operacao-contra-acidentes-do-natal-ao-carnaval-nas-brs\/","title":{"rendered":"PRF lan\u00e7a opera\u00e7\u00e3o contra acidentes do Natal ao carnaval nas BRs"},"content":{"rendered":"<p><em><a href=\"https:\/\/anoticiaonline.com.br\/site\/wp-content\/uploads\/2018\/12\/PRF-lan\u00e7a-opera\u00e7\u00e3o-contra-acidentes-do-Natal-ao-carnaval-nas-BRs.jpg\"><img fetchpriority=\"high\" decoding=\"async\" class=\"alignnone size-full wp-image-66071\" src=\"https:\/\/anoticiaonline.com.br\/site\/wp-content\/uploads\/2018\/12\/PRF-lan\u00e7a-opera\u00e7\u00e3o-contra-acidentes-do-Natal-ao-carnaval-nas-BRs.jpg\" alt=\"\" width=\"820\" height=\"492\" srcset=\"https:\/\/anoticiaonline.com.br\/site\/wp-content\/uploads\/2018\/12\/PRF-lan\u00e7a-opera\u00e7\u00e3o-contra-acidentes-do-Natal-ao-carnaval-nas-BRs.jpg 820w, https:\/\/anoticiaonline.com.br\/site\/wp-content\/uploads\/2018\/12\/PRF-lan\u00e7a-opera\u00e7\u00e3o-contra-acidentes-do-Natal-ao-carnaval-nas-BRs-300x180.jpg 300w, https:\/\/anoticiaonline.com.br\/site\/wp-content\/uploads\/2018\/12\/PRF-lan\u00e7a-opera\u00e7\u00e3o-contra-acidentes-do-Natal-ao-carnaval-nas-BRs-768x461.jpg 768w\" sizes=\"(max-width: 820px) 100vw, 820px\" \/><\/a>Opera\u00e7\u00e3o Rodovida \u00e9 realizada em todo o pa\u00eds e termina em 10 de mar\u00e7o. Agentes refor\u00e7am fiscaliza\u00e7\u00e3o contra infra\u00e7\u00f5es e acidentes nas rodovias federais<\/em><\/p>\n<p>Come\u00e7ou no dia 14 de dezembro e vai at\u00e9 10 de mar\u00e7o de 2019 a Opera\u00e7\u00e3o Integrada Rodovida, da Pol\u00edcia Rodovi\u00e1ria Federal (PRF), para evitar acidentes e infra\u00e7\u00f5es de tr\u00e2nsito nas BRs mineiras. A opera\u00e7\u00e3o cobre um per\u00edodo de f\u00e9rias e feriados prolongados, como o Natal, r\u00e9veillon e o carnaval, quando h\u00e1 aumento no fluxo de ve\u00edculos nas estradas.<!--more--><\/p>\n<p>A opera\u00e7\u00e3o \u00e9 comandada pelo Minist\u00e9rio da Seguran\u00e7a P\u00fablica e \u00e9 realizada em todo o pa\u00eds desde 2011. Em Minas, a a\u00e7\u00e3o come\u00e7ou \u00e0s 9h30 em Juatuba, na Regi\u00e3o Metropolitana de Belo Horizonte, com uma opera\u00e7\u00e3o de combate \u00e0s infra\u00e7\u00f5es de tr\u00e2nsito relacionadas ao excesso de velocidade.<\/p>\n<p>\u201cAl\u00e9m dessas infra\u00e7\u00f5es, o uso correto de equipamentos como cinto de seguran\u00e7a, cadeirinhas para crian\u00e7as e capacetes tamb\u00e9m ser\u00e3o alvos da fiscaliza\u00e7\u00e3o do \u00f3rg\u00e3o, sendo fundamental para a redu\u00e7\u00e3o dos traumas causados em acidentes, podendo at\u00e9 mesmo, evit\u00e1-los\u201d, informa a Pol\u00edcia Rodovi\u00e1ria Federal. \u201cAl\u00e9m da fiscaliza\u00e7\u00e3o intensificada, atividades permanentes de educa\u00e7\u00e3o para o tr\u00e2nsito ser\u00e3o desenvolvidas com foco nos comportamentos de risco para que a sensibiliza\u00e7\u00e3o produza mudan\u00e7a de comportamento e, consequentemente, um tr\u00e2nsito mais seguro\u201d, detalha o \u00f3rg\u00e3o.<\/p>\n<p><strong>Veja as recomenda\u00e7\u00f5es de seguran\u00e7a da PRF para uma viagem segura:\u00a0<\/strong><\/p>\n<p><strong>Planejamento da viagem \u2013\u00a0<\/strong>O motorista deve se informar sobre as dist\u00e2ncias que percorrer\u00e1, condi\u00e7\u00f5es do tempo, pontos de parada. N\u00e3o deve esquecer de portar documenta\u00e7\u00e3o pessoal e do ve\u00edculo;<\/p>\n<p><strong>Revis\u00e3o preventiva \u2013\u00a0<\/strong>Providenciar a checagem do autom\u00f3vel mesmo para pequenas viagens. Pneus calibrados e em bom estado; motor revisado, com \u00f3leo e n\u00edvel da \u00e1gua do radiador em dia. N\u00e3o esquecer de verificar a presen\u00e7a e estado dos equipamentos de porte obrigat\u00f3rio, principalmente pneu estepe, macaco, tri\u00e2ngulo e chave de roda, al\u00e9m dos limpadores de para-brisa e luzes do ve\u00edculo;<\/p>\n<p><strong>Pausas para descanso \u2013<\/strong>\u00a0O condutor deve programar paradas a cada 3 horas. Quem se exp\u00f5e a muitas horas dirigindo fica sujeito ao fen\u00f4meno da \u201chipnose rodovi\u00e1ria\u201d, na qual se mant\u00e9m de olhos abertos, mas sem percep\u00e7\u00e3o da realidade \u00e0 sua volta. Ela vem acompanhada de sonol\u00eancia, perda de reflexos e de for\u00e7a motora; Per\u00edodo noturno \u2013 Evitar circular \u00e0 noite por conta do sono e da redu\u00e7\u00e3o da visibilidade;<\/p>\n<p><strong>Previs\u00e3o do tempo \u2013\u00a0<\/strong>Procurar se informar sobre as condi\u00e7\u00f5es do tempo nos lugares por onde vai passar. O Instituto Nacional de Meteorologia (Inmet) disponibiliza gratuitamente informa\u00e7\u00f5es sobre o clima no endere\u00e7o\u00a0<a href=\"http:\/\/www.inmet.gov.br\/portal\/\">www.inmet.gov.br<\/a>;<\/p>\n<ul>\n<li>Sob neblina ou cerra\u00e7\u00e3o, acenda as luzes de neblina, reduza a sua velocidade. Lembre-se de que nestas condi\u00e7\u00f5es o pavimento fica \u00famido e escorregadio, reduzindo a ader\u00eancia dos pneus;<\/li>\n<li>Durante a chuva, ou com o asfalto molhado, o motorista deve diminuir a velocidade, aumentar a dist\u00e2ncia em rela\u00e7\u00e3o ao ve\u00edculo que trafega a sua frente. Assim, \u00e9 poss\u00edvel evitar freadas bruscas que, nessas condi\u00e7\u00f5es, elevam o risco de derrapagens e aquaplanagens;<\/li>\n<li>As palhetas do limpador de para-brisa precisam estar em bom estado de conserva\u00e7\u00e3o para que a chuva afete o m\u00ednimo poss\u00edvel a dirigibilidade do ve\u00edculo.Os far\u00f3is devem estar sempre acesos.<\/li>\n<\/ul>\n<p>Cr\u00e9ditos: www.estadodeminas.com.br<\/p>\n","protected":false},"excerpt":{"rendered":"<p>Opera\u00e7\u00e3o Rodovida \u00e9 realizada em todo o pa\u00eds e termina em 10 de mar\u00e7o. Agentes refor\u00e7am fiscaliza\u00e7\u00e3o contra infra\u00e7\u00f5es e acidentes nas rodovias federais Come\u00e7ou no dia 14 de dezembro e vai at\u00e9 10 de mar\u00e7o de 2019 a Opera\u00e7\u00e3o Integrada Rodovida, da Pol\u00edcia Rodovi\u00e1ria Federal (PRF), para evitar acidentes e infra\u00e7\u00f5es de tr\u00e2nsito nas &#8230; <a title=\"PRF lan\u00e7a opera\u00e7\u00e3o contra acidentes do Natal ao carnaval nas BRs\" class=\"read-more\" href=\"https:\/\/anoticiaonline.com.br\/site\/prf-lanca-operacao-contra-acidentes-do-natal-ao-carnaval-nas-brs\/\" aria-label=\"Read more about PRF lan\u00e7a opera\u00e7\u00e3o contra acidentes do Natal ao carnaval nas BRs\">Ler mais<\/a><\/p>\n","protected":false},"author":2,"featured_media":66071,"comment_status":"open","ping_status":"open","sticky":false,"template":"","format":"standard","meta":{"_acf_changed":false,"_monsterinsights_skip_tracking":false,"footnotes":""},"categories":[30,2893,1],"tags":[3551,1979,912,1822,1969,1173,404],"class_list":["post-66070","post","type-post","status-publish","format-standard","has-post-thumbnail","hentry","category-muriae","category-cotidiano","category-gerais","tag-dezembro","tag-estradas","tag-feriado","tag-fim-de-ano","tag-mg","tag-prf","tag-regiao"],"acf":[],"aioseo_notices":[],"aioseo_head":"\n\t\t<!-- All in One SEO 5.0.0.1 - aioseo.com -->\n\t<meta name=\"description\" content=\"Opera\u00e7\u00e3o Rodovida \u00e9 realizada em todo o pa\u00eds e termina em 10 de mar\u00e7o. Agentes refor\u00e7am fiscaliza\u00e7\u00e3o contra infra\u00e7\u00f5es e acidentes nas rodovias federais Come\u00e7ou no dia 14 de dezembro e vai at\u00e9 10 de mar\u00e7o de 2019 a Opera\u00e7\u00e3o Integrada Rodovida, da Pol\u00edcia Rodovi\u00e1ria Federal (PRF), para evitar acidentes e infra\u00e7\u00f5es de tr\u00e2nsito nas\" \/>\n\t<meta name=\"robots\" content=\"max-image-preview:large\" \/>\n\t<meta name=\"author\" content=\"Juliana Laviola\"\/>\n\t<link rel=\"canonical\" href=\"https:\/\/anoticiaonline.com.br\/site\/prf-lanca-operacao-contra-acidentes-do-natal-ao-carnaval-nas-brs\/\" \/>\n\t<meta name=\"generator\" content=\"All in One SEO (AIOSEO) 5.0.0.1\" \/>\n\t\t<meta property=\"og:locale\" content=\"pt_BR\" \/>\n\t\t<meta property=\"og:site_name\" content=\"A Not\u00edcia Online - Noticias de Muria\u00e9 e regi\u00e3o\" \/>\n\t\t<meta property=\"og:type\" content=\"article\" \/>\n\t\t<meta property=\"og:title\" content=\"PRF lan\u00e7a opera\u00e7\u00e3o contra acidentes do Natal ao carnaval nas BRs - A Not\u00edcia Online\" \/>\n\t\t<meta property=\"og:description\" content=\"Opera\u00e7\u00e3o Rodovida \u00e9 realizada em todo o pa\u00eds e termina em 10 de mar\u00e7o. Agentes refor\u00e7am fiscaliza\u00e7\u00e3o contra infra\u00e7\u00f5es e acidentes nas rodovias federais Come\u00e7ou no dia 14 de dezembro e vai at\u00e9 10 de mar\u00e7o de 2019 a Opera\u00e7\u00e3o Integrada Rodovida, da Pol\u00edcia Rodovi\u00e1ria Federal (PRF), para evitar acidentes e infra\u00e7\u00f5es de tr\u00e2nsito nas\" \/>\n\t\t<meta property=\"og:url\" content=\"https:\/\/anoticiaonline.com.br\/site\/prf-lanca-operacao-contra-acidentes-do-natal-ao-carnaval-nas-brs\/\" \/>\n\t\t<meta property=\"og:image\" content=\"https:\/\/scontent-gig4-1.xx.fbcdn.net\/v\/t39.30808-1\/270437624_4564083193639691_6907940295614233970_n.jpg?stp=dst-jpg_s200x200_tt6&#038;_nc_cat=111&#038;ccb=1-7&#038;_nc_sid=f907e8&#038;_nc_ohc=SM1wRlP3lJwQ7kNvwEPuBYA&#038;_nc_oc=AdnqrjDN_BNjSSHWO-GbkIWH6fkGMLw4bqvL_NH6e2wMveX7G-rP2dAqsDSq1mJMOaY&#038;_nc_zt=24&#038;_nc_ht=scontent-gig4-1.xx&#038;_nc_gid=AoBFJeGrT1hVaew_6rchkQ&#038;oh=00_AfX7QmFGhQhG2jAllVgXCiM1ZrWgvtp80-Bfppyexh1QEg&#038;oe=689E923C\" \/>\n\t\t<meta property=\"og:image:secure_url\" content=\"https:\/\/scontent-gig4-1.xx.fbcdn.net\/v\/t39.30808-1\/270437624_4564083193639691_6907940295614233970_n.jpg?stp=dst-jpg_s200x200_tt6&#038;_nc_cat=111&#038;ccb=1-7&#038;_nc_sid=f907e8&#038;_nc_ohc=SM1wRlP3lJwQ7kNvwEPuBYA&#038;_nc_oc=AdnqrjDN_BNjSSHWO-GbkIWH6fkGMLw4bqvL_NH6e2wMveX7G-rP2dAqsDSq1mJMOaY&#038;_nc_zt=24&#038;_nc_ht=scontent-gig4-1.xx&#038;_nc_gid=AoBFJeGrT1hVaew_6rchkQ&#038;oh=00_AfX7QmFGhQhG2jAllVgXCiM1ZrWgvtp80-Bfppyexh1QEg&#038;oe=689E923C\" \/>\n\t\t<meta property=\"article:published_time\" content=\"2018-12-19T13:59:11+00:00\" \/>\n\t\t<meta property=\"article:modified_time\" content=\"2018-12-19T13:59:11+00:00\" \/>\n\t\t<meta name=\"twitter:card\" content=\"summary_large_image\" \/>\n\t\t<meta name=\"twitter:title\" content=\"PRF lan\u00e7a opera\u00e7\u00e3o contra acidentes do Natal ao carnaval nas BRs - A Not\u00edcia Online\" \/>\n\t\t<meta name=\"twitter:description\" content=\"Opera\u00e7\u00e3o Rodovida \u00e9 realizada em todo o pa\u00eds e termina em 10 de mar\u00e7o. Agentes refor\u00e7am fiscaliza\u00e7\u00e3o contra infra\u00e7\u00f5es e acidentes nas rodovias federais Come\u00e7ou no dia 14 de dezembro e vai at\u00e9 10 de mar\u00e7o de 2019 a Opera\u00e7\u00e3o Integrada Rodovida, da Pol\u00edcia Rodovi\u00e1ria Federal (PRF), para evitar acidentes e infra\u00e7\u00f5es de tr\u00e2nsito nas\" \/>\n\t\t<meta name=\"twitter:image\" content=\"https:\/\/scontent-gig4-1.xx.fbcdn.net\/v\/t39.30808-1\/270437624_4564083193639691_6907940295614233970_n.jpg?stp=dst-jpg_s200x200_tt6&amp;_nc_cat=111&amp;ccb=1-7&amp;_nc_sid=f907e8&amp;_nc_ohc=SM1wRlP3lJwQ7kNvwEPuBYA&amp;_nc_oc=AdnqrjDN_BNjSSHWO-GbkIWH6fkGMLw4bqvL_NH6e2wMveX7G-rP2dAqsDSq1mJMOaY&amp;_nc_zt=24&amp;_nc_ht=scontent-gig4-1.xx&amp;_nc_gid=AoBFJeGrT1hVaew_6rchkQ&amp;oh=00_AfX7QmFGhQhG2jAllVgXCiM1ZrWgvtp80-Bfppyexh1QEg&amp;oe=689E923C\" \/>\n\t\t<script type=\"application\/ld+json\" class=\"aioseo-schema\">\n\t\t\t{\"@context\":\"https:\\\/\\\/schema.org\",\"@graph\":[{\"@type\":\"BlogPosting\",\"@id\":\"https:\\\/\\\/anoticiaonline.com.br\\\/site\\\/prf-lanca-operacao-contra-acidentes-do-natal-ao-carnaval-nas-brs\\\/#blogposting\",\"name\":\"PRF lan\\u00e7a opera\\u00e7\\u00e3o contra acidentes do Natal ao carnaval nas BRs - A Not\\u00edcia Online\",\"headline\":\"PRF lan\\u00e7a opera\\u00e7\\u00e3o contra acidentes do Natal ao carnaval nas BRs\",\"author\":{\"@id\":\"https:\\\/\\\/anoticiaonline.com.br\\\/site\\\/author\\\/juliana\\\/#author\"},\"publisher\":{\"@id\":\"https:\\\/\\\/anoticiaonline.com.br\\\/site\\\/#organization\"},\"image\":{\"@type\":\"ImageObject\",\"url\":\"https:\\\/\\\/anoticiaonline.com.br\\\/site\\\/wp-content\\\/uploads\\\/2018\\\/12\\\/PRF-lan\\u00e7a-opera\\u00e7\\u00e3o-contra-acidentes-do-Natal-ao-carnaval-nas-BRs.jpg\",\"width\":820,\"height\":492},\"datePublished\":\"2018-12-19T10:59:11-03:00\",\"dateModified\":\"2018-12-19T10:59:11-03:00\",\"inLanguage\":\"pt-BR\",\"mainEntityOfPage\":{\"@id\":\"https:\\\/\\\/anoticiaonline.com.br\\\/site\\\/prf-lanca-operacao-contra-acidentes-do-natal-ao-carnaval-nas-brs\\\/#webpage\"},\"isPartOf\":{\"@id\":\"https:\\\/\\\/anoticiaonline.com.br\\\/site\\\/prf-lanca-operacao-contra-acidentes-do-natal-ao-carnaval-nas-brs\\\/#webpage\"},\"articleSection\":\"Blog, Cotidiano, Gerais, dezembro, estradas, feriado, fim de ano, MG, prf, regi\\u00e3o\"},{\"@type\":\"BreadcrumbList\",\"@id\":\"https:\\\/\\\/anoticiaonline.com.br\\\/site\\\/prf-lanca-operacao-contra-acidentes-do-natal-ao-carnaval-nas-brs\\\/#breadcrumblist\",\"itemListElement\":[{\"@type\":\"ListItem\",\"@id\":\"https:\\\/\\\/anoticiaonline.com.br\\\/site#listItem\",\"position\":1,\"name\":\"Home\",\"item\":\"https:\\\/\\\/anoticiaonline.com.br\\\/site\",\"nextItem\":{\"@type\":\"ListItem\",\"@id\":\"https:\\\/\\\/anoticiaonline.com.br\\\/site\\\/categoria\\\/muriae\\\/#listItem\",\"name\":\"Blog\"}},{\"@type\":\"ListItem\",\"@id\":\"https:\\\/\\\/anoticiaonline.com.br\\\/site\\\/categoria\\\/muriae\\\/#listItem\",\"position\":2,\"name\":\"Blog\",\"item\":\"https:\\\/\\\/anoticiaonline.com.br\\\/site\\\/categoria\\\/muriae\\\/\",\"nextItem\":{\"@type\":\"ListItem\",\"@id\":\"https:\\\/\\\/anoticiaonline.com.br\\\/site\\\/categoria\\\/muriae\\\/cotidiano\\\/#listItem\",\"name\":\"Cotidiano\"},\"previousItem\":{\"@type\":\"ListItem\",\"@id\":\"https:\\\/\\\/anoticiaonline.com.br\\\/site#listItem\",\"name\":\"Home\"}},{\"@type\":\"ListItem\",\"@id\":\"https:\\\/\\\/anoticiaonline.com.br\\\/site\\\/categoria\\\/muriae\\\/cotidiano\\\/#listItem\",\"position\":3,\"name\":\"Cotidiano\",\"item\":\"https:\\\/\\\/anoticiaonline.com.br\\\/site\\\/categoria\\\/muriae\\\/cotidiano\\\/\",\"nextItem\":{\"@type\":\"ListItem\",\"@id\":\"https:\\\/\\\/anoticiaonline.com.br\\\/site\\\/prf-lanca-operacao-contra-acidentes-do-natal-ao-carnaval-nas-brs\\\/#listItem\",\"name\":\"PRF lan\\u00e7a opera\\u00e7\\u00e3o contra acidentes do Natal ao carnaval nas BRs\"},\"previousItem\":{\"@type\":\"ListItem\",\"@id\":\"https:\\\/\\\/anoticiaonline.com.br\\\/site\\\/categoria\\\/muriae\\\/#listItem\",\"name\":\"Blog\"}},{\"@type\":\"ListItem\",\"@id\":\"https:\\\/\\\/anoticiaonline.com.br\\\/site\\\/prf-lanca-operacao-contra-acidentes-do-natal-ao-carnaval-nas-brs\\\/#listItem\",\"position\":4,\"name\":\"PRF lan\\u00e7a opera\\u00e7\\u00e3o contra acidentes do Natal ao carnaval nas BRs\",\"previousItem\":{\"@type\":\"ListItem\",\"@id\":\"https:\\\/\\\/anoticiaonline.com.br\\\/site\\\/categoria\\\/muriae\\\/cotidiano\\\/#listItem\",\"name\":\"Cotidiano\"}}]},{\"@type\":\"Organization\",\"@id\":\"https:\\\/\\\/anoticiaonline.com.br\\\/site\\\/#organization\",\"name\":\"A Not\\u00edcia Online\",\"description\":\"Noticias de Muria\\u00e9 e regi\\u00e3o\",\"url\":\"https:\\\/\\\/anoticiaonline.com.br\\\/site\\\/\",\"logo\":{\"@type\":\"ImageObject\",\"url\":\"https:\\\/\\\/scontent-gig4-1.xx.fbcdn.net\\\/v\\\/t39.30808-1\\\/270437624_4564083193639691_6907940295614233970_n.jpg?stp=dst-jpg_s200x200_tt6&_nc_cat=111&ccb=1-7&_nc_sid=f907e8&_nc_ohc=SM1wRlP3lJwQ7kNvwEPuBYA&_nc_oc=AdnqrjDN_BNjSSHWO-GbkIWH6fkGMLw4bqvL_NH6e2wMveX7G-rP2dAqsDSq1mJMOaY&_nc_zt=24&_nc_ht=scontent-gig4-1.xx&_nc_gid=AoBFJeGrT1hVaew_6rchkQ&oh=00_AfX7QmFGhQhG2jAllVgXCiM1ZrWgvtp80-Bfppyexh1QEg&oe=689E923C\",\"@id\":\"https:\\\/\\\/anoticiaonline.com.br\\\/site\\\/prf-lanca-operacao-contra-acidentes-do-natal-ao-carnaval-nas-brs\\\/#organizationLogo\"},\"image\":{\"@id\":\"https:\\\/\\\/anoticiaonline.com.br\\\/site\\\/prf-lanca-operacao-contra-acidentes-do-natal-ao-carnaval-nas-brs\\\/#organizationLogo\"}},{\"@type\":\"Person\",\"@id\":\"https:\\\/\\\/anoticiaonline.com.br\\\/site\\\/author\\\/juliana\\\/#author\",\"url\":\"https:\\\/\\\/anoticiaonline.com.br\\\/site\\\/author\\\/juliana\\\/\",\"name\":\"Juliana Laviola\",\"image\":{\"@type\":\"ImageObject\",\"@id\":\"https:\\\/\\\/anoticiaonline.com.br\\\/site\\\/prf-lanca-operacao-contra-acidentes-do-natal-ao-carnaval-nas-brs\\\/#authorImage\",\"url\":\"https:\\\/\\\/secure.gravatar.com\\\/avatar\\\/b8d45f5c699b100dfaf0e543582f38f38bf94cb7ae3a5e9abf8d891a34773335?s=96&d=mm&r=g\",\"width\":96,\"height\":96,\"caption\":\"Juliana Laviola\"}},{\"@type\":\"WebPage\",\"@id\":\"https:\\\/\\\/anoticiaonline.com.br\\\/site\\\/prf-lanca-operacao-contra-acidentes-do-natal-ao-carnaval-nas-brs\\\/#webpage\",\"url\":\"https:\\\/\\\/anoticiaonline.com.br\\\/site\\\/prf-lanca-operacao-contra-acidentes-do-natal-ao-carnaval-nas-brs\\\/\",\"name\":\"PRF lan\\u00e7a opera\\u00e7\\u00e3o contra acidentes do Natal ao carnaval nas BRs - A Not\\u00edcia Online\",\"description\":\"Opera\\u00e7\\u00e3o Rodovida \\u00e9 realizada em todo o pa\\u00eds e termina em 10 de mar\\u00e7o. Agentes refor\\u00e7am fiscaliza\\u00e7\\u00e3o contra infra\\u00e7\\u00f5es e acidentes nas rodovias federais Come\\u00e7ou no dia 14 de dezembro e vai at\\u00e9 10 de mar\\u00e7o de 2019 a Opera\\u00e7\\u00e3o Integrada Rodovida, da Pol\\u00edcia Rodovi\\u00e1ria Federal (PRF), para evitar acidentes e infra\\u00e7\\u00f5es de tr\\u00e2nsito nas\",\"inLanguage\":\"pt-BR\",\"isPartOf\":{\"@id\":\"https:\\\/\\\/anoticiaonline.com.br\\\/site\\\/#website\"},\"breadcrumb\":{\"@id\":\"https:\\\/\\\/anoticiaonline.com.br\\\/site\\\/prf-lanca-operacao-contra-acidentes-do-natal-ao-carnaval-nas-brs\\\/#breadcrumblist\"},\"author\":{\"@id\":\"https:\\\/\\\/anoticiaonline.com.br\\\/site\\\/author\\\/juliana\\\/#author\"},\"creator\":{\"@id\":\"https:\\\/\\\/anoticiaonline.com.br\\\/site\\\/author\\\/juliana\\\/#author\"},\"image\":{\"@type\":\"ImageObject\",\"url\":\"https:\\\/\\\/anoticiaonline.com.br\\\/site\\\/wp-content\\\/uploads\\\/2018\\\/12\\\/PRF-lan\\u00e7a-opera\\u00e7\\u00e3o-contra-acidentes-do-Natal-ao-carnaval-nas-BRs.jpg\",\"@id\":\"https:\\\/\\\/anoticiaonline.com.br\\\/site\\\/prf-lanca-operacao-contra-acidentes-do-natal-ao-carnaval-nas-brs\\\/#mainImage\",\"width\":820,\"height\":492},\"primaryImageOfPage\":{\"@id\":\"https:\\\/\\\/anoticiaonline.com.br\\\/site\\\/prf-lanca-operacao-contra-acidentes-do-natal-ao-carnaval-nas-brs\\\/#mainImage\"},\"datePublished\":\"2018-12-19T10:59:11-03:00\",\"dateModified\":\"2018-12-19T10:59:11-03:00\"},{\"@type\":\"WebSite\",\"@id\":\"https:\\\/\\\/anoticiaonline.com.br\\\/site\\\/#website\",\"url\":\"https:\\\/\\\/anoticiaonline.com.br\\\/site\\\/\",\"name\":\"A Not\\u00edcia Online\",\"description\":\"Noticias de Muria\\u00e9 e regi\\u00e3o\",\"inLanguage\":\"pt-BR\",\"publisher\":{\"@id\":\"https:\\\/\\\/anoticiaonline.com.br\\\/site\\\/#organization\"}}]}\n\t\t<\/script>\n\t\t<!-- All in One SEO -->\n\n","aioseo_head_json":{"title":"PRF lan\u00e7a opera\u00e7\u00e3o contra acidentes do Natal ao carnaval nas BRs - A Not\u00edcia Online","description":"Opera\u00e7\u00e3o Rodovida \u00e9 realizada em todo o pa\u00eds e termina em 10 de mar\u00e7o. Agentes refor\u00e7am fiscaliza\u00e7\u00e3o contra infra\u00e7\u00f5es e acidentes nas rodovias federais Come\u00e7ou no dia 14 de dezembro e vai at\u00e9 10 de mar\u00e7o de 2019 a Opera\u00e7\u00e3o Integrada Rodovida, da Pol\u00edcia Rodovi\u00e1ria Federal (PRF), para evitar acidentes e infra\u00e7\u00f5es de tr\u00e2nsito nas","canonical_url":"https:\/\/anoticiaonline.com.br\/site\/prf-lanca-operacao-contra-acidentes-do-natal-ao-carnaval-nas-brs\/","robots":"max-image-preview:large","keywords":"","webmasterTools":{"miscellaneous":""},"schema":{"@context":"https:\/\/schema.org","@graph":[{"@type":"BlogPosting","@id":"https:\/\/anoticiaonline.com.br\/site\/prf-lanca-operacao-contra-acidentes-do-natal-ao-carnaval-nas-brs\/#blogposting","name":"PRF lan\u00e7a opera\u00e7\u00e3o contra acidentes do Natal ao carnaval nas BRs - A Not\u00edcia Online","headline":"PRF lan\u00e7a opera\u00e7\u00e3o contra acidentes do Natal ao carnaval nas BRs","author":{"@id":"https:\/\/anoticiaonline.com.br\/site\/author\/juliana\/#author"},"publisher":{"@id":"https:\/\/anoticiaonline.com.br\/site\/#organization"},"image":{"@type":"ImageObject","url":"https:\/\/anoticiaonline.com.br\/site\/wp-content\/uploads\/2018\/12\/PRF-lan\u00e7a-opera\u00e7\u00e3o-contra-acidentes-do-Natal-ao-carnaval-nas-BRs.jpg","width":820,"height":492},"datePublished":"2018-12-19T10:59:11-03:00","dateModified":"2018-12-19T10:59:11-03:00","inLanguage":"pt-BR","mainEntityOfPage":{"@id":"https:\/\/anoticiaonline.com.br\/site\/prf-lanca-operacao-contra-acidentes-do-natal-ao-carnaval-nas-brs\/#webpage"},"isPartOf":{"@id":"https:\/\/anoticiaonline.com.br\/site\/prf-lanca-operacao-contra-acidentes-do-natal-ao-carnaval-nas-brs\/#webpage"},"articleSection":"Blog, Cotidiano, Gerais, dezembro, estradas, feriado, fim de ano, MG, prf, regi\u00e3o"},{"@type":"BreadcrumbList","@id":"https:\/\/anoticiaonline.com.br\/site\/prf-lanca-operacao-contra-acidentes-do-natal-ao-carnaval-nas-brs\/#breadcrumblist","itemListElement":[{"@type":"ListItem","@id":"https:\/\/anoticiaonline.com.br\/site#listItem","position":1,"name":"Home","item":"https:\/\/anoticiaonline.com.br\/site","nextItem":{"@type":"ListItem","@id":"https:\/\/anoticiaonline.com.br\/site\/categoria\/muriae\/#listItem","name":"Blog"}},{"@type":"ListItem","@id":"https:\/\/anoticiaonline.com.br\/site\/categoria\/muriae\/#listItem","position":2,"name":"Blog","item":"https:\/\/anoticiaonline.com.br\/site\/categoria\/muriae\/","nextItem":{"@type":"ListItem","@id":"https:\/\/anoticiaonline.com.br\/site\/categoria\/muriae\/cotidiano\/#listItem","name":"Cotidiano"},"previousItem":{"@type":"ListItem","@id":"https:\/\/anoticiaonline.com.br\/site#listItem","name":"Home"}},{"@type":"ListItem","@id":"https:\/\/anoticiaonline.com.br\/site\/categoria\/muriae\/cotidiano\/#listItem","position":3,"name":"Cotidiano","item":"https:\/\/anoticiaonline.com.br\/site\/categoria\/muriae\/cotidiano\/","nextItem":{"@type":"ListItem","@id":"https:\/\/anoticiaonline.com.br\/site\/prf-lanca-operacao-contra-acidentes-do-natal-ao-carnaval-nas-brs\/#listItem","name":"PRF lan\u00e7a opera\u00e7\u00e3o contra acidentes do Natal ao carnaval nas BRs"},"previousItem":{"@type":"ListItem","@id":"https:\/\/anoticiaonline.com.br\/site\/categoria\/muriae\/#listItem","name":"Blog"}},{"@type":"ListItem","@id":"https:\/\/anoticiaonline.com.br\/site\/prf-lanca-operacao-contra-acidentes-do-natal-ao-carnaval-nas-brs\/#listItem","position":4,"name":"PRF lan\u00e7a opera\u00e7\u00e3o contra acidentes do Natal ao carnaval nas BRs","previousItem":{"@type":"ListItem","@id":"https:\/\/anoticiaonline.com.br\/site\/categoria\/muriae\/cotidiano\/#listItem","name":"Cotidiano"}}]},{"@type":"Organization","@id":"https:\/\/anoticiaonline.com.br\/site\/#organization","name":"A Not\u00edcia Online","description":"Noticias de Muria\u00e9 e regi\u00e3o","url":"https:\/\/anoticiaonline.com.br\/site\/","logo":{"@type":"ImageObject","url":"https:\/\/scontent-gig4-1.xx.fbcdn.net\/v\/t39.30808-1\/270437624_4564083193639691_6907940295614233970_n.jpg?stp=dst-jpg_s200x200_tt6&_nc_cat=111&ccb=1-7&_nc_sid=f907e8&_nc_ohc=SM1wRlP3lJwQ7kNvwEPuBYA&_nc_oc=AdnqrjDN_BNjSSHWO-GbkIWH6fkGMLw4bqvL_NH6e2wMveX7G-rP2dAqsDSq1mJMOaY&_nc_zt=24&_nc_ht=scontent-gig4-1.xx&_nc_gid=AoBFJeGrT1hVaew_6rchkQ&oh=00_AfX7QmFGhQhG2jAllVgXCiM1ZrWgvtp80-Bfppyexh1QEg&oe=689E923C","@id":"https:\/\/anoticiaonline.com.br\/site\/prf-lanca-operacao-contra-acidentes-do-natal-ao-carnaval-nas-brs\/#organizationLogo"},"image":{"@id":"https:\/\/anoticiaonline.com.br\/site\/prf-lanca-operacao-contra-acidentes-do-natal-ao-carnaval-nas-brs\/#organizationLogo"}},{"@type":"Person","@id":"https:\/\/anoticiaonline.com.br\/site\/author\/juliana\/#author","url":"https:\/\/anoticiaonline.com.br\/site\/author\/juliana\/","name":"Juliana Laviola","image":{"@type":"ImageObject","@id":"https:\/\/anoticiaonline.com.br\/site\/prf-lanca-operacao-contra-acidentes-do-natal-ao-carnaval-nas-brs\/#authorImage","url":"https:\/\/secure.gravatar.com\/avatar\/b8d45f5c699b100dfaf0e543582f38f38bf94cb7ae3a5e9abf8d891a34773335?s=96&d=mm&r=g","width":96,"height":96,"caption":"Juliana Laviola"}},{"@type":"WebPage","@id":"https:\/\/anoticiaonline.com.br\/site\/prf-lanca-operacao-contra-acidentes-do-natal-ao-carnaval-nas-brs\/#webpage","url":"https:\/\/anoticiaonline.com.br\/site\/prf-lanca-operacao-contra-acidentes-do-natal-ao-carnaval-nas-brs\/","name":"PRF lan\u00e7a opera\u00e7\u00e3o contra acidentes do Natal ao carnaval nas BRs - A Not\u00edcia Online","description":"Opera\u00e7\u00e3o Rodovida \u00e9 realizada em todo o pa\u00eds e termina em 10 de mar\u00e7o. Agentes refor\u00e7am fiscaliza\u00e7\u00e3o contra infra\u00e7\u00f5es e acidentes nas rodovias federais Come\u00e7ou no dia 14 de dezembro e vai at\u00e9 10 de mar\u00e7o de 2019 a Opera\u00e7\u00e3o Integrada Rodovida, da Pol\u00edcia Rodovi\u00e1ria Federal (PRF), para evitar acidentes e infra\u00e7\u00f5es de tr\u00e2nsito nas","inLanguage":"pt-BR","isPartOf":{"@id":"https:\/\/anoticiaonline.com.br\/site\/#website"},"breadcrumb":{"@id":"https:\/\/anoticiaonline.com.br\/site\/prf-lanca-operacao-contra-acidentes-do-natal-ao-carnaval-nas-brs\/#breadcrumblist"},"author":{"@id":"https:\/\/anoticiaonline.com.br\/site\/author\/juliana\/#author"},"creator":{"@id":"https:\/\/anoticiaonline.com.br\/site\/author\/juliana\/#author"},"image":{"@type":"ImageObject","url":"https:\/\/anoticiaonline.com.br\/site\/wp-content\/uploads\/2018\/12\/PRF-lan\u00e7a-opera\u00e7\u00e3o-contra-acidentes-do-Natal-ao-carnaval-nas-BRs.jpg","@id":"https:\/\/anoticiaonline.com.br\/site\/prf-lanca-operacao-contra-acidentes-do-natal-ao-carnaval-nas-brs\/#mainImage","width":820,"height":492},"primaryImageOfPage":{"@id":"https:\/\/anoticiaonline.com.br\/site\/prf-lanca-operacao-contra-acidentes-do-natal-ao-carnaval-nas-brs\/#mainImage"},"datePublished":"2018-12-19T10:59:11-03:00","dateModified":"2018-12-19T10:59:11-03:00"},{"@type":"WebSite","@id":"https:\/\/anoticiaonline.com.br\/site\/#website","url":"https:\/\/anoticiaonline.com.br\/site\/","name":"A Not\u00edcia Online","description":"Noticias de Muria\u00e9 e regi\u00e3o","inLanguage":"pt-BR","publisher":{"@id":"https:\/\/anoticiaonline.com.br\/site\/#organization"}}]},"og:locale":"pt_BR","og:site_name":"A Not\u00edcia Online - Noticias de Muria\u00e9 e regi\u00e3o","og:type":"article","og:title":"PRF lan\u00e7a opera\u00e7\u00e3o contra acidentes do Natal ao carnaval nas BRs - A Not\u00edcia Online","og:description":"Opera\u00e7\u00e3o Rodovida \u00e9 realizada em todo o pa\u00eds e termina em 10 de mar\u00e7o. Agentes refor\u00e7am fiscaliza\u00e7\u00e3o contra infra\u00e7\u00f5es e acidentes nas rodovias federais Come\u00e7ou no dia 14 de dezembro e vai at\u00e9 10 de mar\u00e7o de 2019 a Opera\u00e7\u00e3o Integrada Rodovida, da Pol\u00edcia Rodovi\u00e1ria Federal (PRF), para evitar acidentes e infra\u00e7\u00f5es de tr\u00e2nsito nas","og:url":"https:\/\/anoticiaonline.com.br\/site\/prf-lanca-operacao-contra-acidentes-do-natal-ao-carnaval-nas-brs\/","og:image":"https:\/\/scontent-gig4-1.xx.fbcdn.net\/v\/t39.30808-1\/270437624_4564083193639691_6907940295614233970_n.jpg?stp=dst-jpg_s200x200_tt6&#038;_nc_cat=111&#038;ccb=1-7&#038;_nc_sid=f907e8&#038;_nc_ohc=SM1wRlP3lJwQ7kNvwEPuBYA&#038;_nc_oc=AdnqrjDN_BNjSSHWO-GbkIWH6fkGMLw4bqvL_NH6e2wMveX7G-rP2dAqsDSq1mJMOaY&#038;_nc_zt=24&#038;_nc_ht=scontent-gig4-1.xx&#038;_nc_gid=AoBFJeGrT1hVaew_6rchkQ&#038;oh=00_AfX7QmFGhQhG2jAllVgXCiM1ZrWgvtp80-Bfppyexh1QEg&#038;oe=689E923C","og:image:secure_url":"https:\/\/scontent-gig4-1.xx.fbcdn.net\/v\/t39.30808-1\/270437624_4564083193639691_6907940295614233970_n.jpg?stp=dst-jpg_s200x200_tt6&#038;_nc_cat=111&#038;ccb=1-7&#038;_nc_sid=f907e8&#038;_nc_ohc=SM1wRlP3lJwQ7kNvwEPuBYA&#038;_nc_oc=AdnqrjDN_BNjSSHWO-GbkIWH6fkGMLw4bqvL_NH6e2wMveX7G-rP2dAqsDSq1mJMOaY&#038;_nc_zt=24&#038;_nc_ht=scontent-gig4-1.xx&#038;_nc_gid=AoBFJeGrT1hVaew_6rchkQ&#038;oh=00_AfX7QmFGhQhG2jAllVgXCiM1ZrWgvtp80-Bfppyexh1QEg&#038;oe=689E923C","article:published_time":"2018-12-19T13:59:11+00:00","article:modified_time":"2018-12-19T13:59:11+00:00","twitter:card":"summary_large_image","twitter:title":"PRF lan\u00e7a opera\u00e7\u00e3o contra acidentes do Natal ao carnaval nas BRs - A Not\u00edcia Online","twitter:description":"Opera\u00e7\u00e3o Rodovida \u00e9 realizada em todo o pa\u00eds e termina em 10 de mar\u00e7o. Agentes refor\u00e7am fiscaliza\u00e7\u00e3o contra infra\u00e7\u00f5es e acidentes nas rodovias federais Come\u00e7ou no dia 14 de dezembro e vai at\u00e9 10 de mar\u00e7o de 2019 a Opera\u00e7\u00e3o Integrada Rodovida, da Pol\u00edcia Rodovi\u00e1ria Federal (PRF), para evitar acidentes e infra\u00e7\u00f5es de tr\u00e2nsito nas","twitter:image":"https:\/\/scontent-gig4-1.xx.fbcdn.net\/v\/t39.30808-1\/270437624_4564083193639691_6907940295614233970_n.jpg?stp=dst-jpg_s200x200_tt6&_nc_cat=111&ccb=1-7&_nc_sid=f907e8&_nc_ohc=SM1wRlP3lJwQ7kNvwEPuBYA&_nc_oc=AdnqrjDN_BNjSSHWO-GbkIWH6fkGMLw4bqvL_NH6e2wMveX7G-rP2dAqsDSq1mJMOaY&_nc_zt=24&_nc_ht=scontent-gig4-1.xx&_nc_gid=AoBFJeGrT1hVaew_6rchkQ&oh=00_AfX7QmFGhQhG2jAllVgXCiM1ZrWgvtp80-Bfppyexh1QEg&oe=689E923C"},"aioseo_meta_data":{"post_id":"66070","title":null,"description":null,"keywords":null,"keyphrases":null,"primary_term":null,"canonical_url":null,"og_title":null,"og_description":null,"og_object_type":"default","og_image_type":"default","og_image_url":null,"og_image_width":null,"og_image_height":null,"og_image_custom_url":null,"og_image_custom_fields":null,"og_video":null,"og_custom_url":null,"og_article_section":null,"og_article_tags":null,"twitter_use_og":false,"twitter_card":"default","twitter_image_type":"default","twitter_image_url":null,"twitter_image_custom_url":null,"twitter_image_custom_fields":null,"twitter_title":null,"twitter_description":null,"schema":{"blockGraphs":[],"customGraphs":[],"default":{"data":{"Article":[],"Course":[],"Dataset":[],"FAQPage":[],"Movie":[],"Person":[],"Product":[],"ProductReview":[],"Car":[],"Recipe":[],"Service":[],"SoftwareApplication":[],"WebPage":[]},"graphName":"","isEnabled":true},"graphs":[]},"schema_type":"default","schema_type_options":null,"pillar_content":false,"robots_default":true,"robots_noindex":false,"robots_noarchive":false,"robots_nosnippet":false,"robots_nofollow":false,"robots_noimageindex":false,"robots_noodp":false,"robots_notranslate":false,"robots_max_snippet":null,"robots_max_videopreview":null,"robots_max_imagepreview":"large","priority":null,"frequency":null,"local_seo":null,"breadcrumb_settings":null,"limit_modified_date":false,"ai":null,"created":"2025-08-16 22:31:37","updated":"2025-08-16 22:31:37","focus_keyword":null,"additional_keywords":null,"truseo_locale":null,"seo_analyzer_scan_date":null},"aioseo_breadcrumb":"<div class=\"aioseo-breadcrumbs\"><span class=\"aioseo-breadcrumb\">\n\t\t\t<a href=\"https:\/\/anoticiaonline.com.br\/site\" title=\"Home\">Home<\/a>\n\t\t<\/span><span class=\"aioseo-breadcrumb-separator\">&raquo;<\/span><span class=\"aioseo-breadcrumb\">\n\t\t\t<a href=\"https:\/\/anoticiaonline.com.br\/site\/categoria\/muriae\/\" title=\"Blog\">Blog<\/a>\n\t\t<\/span><span class=\"aioseo-breadcrumb-separator\">&raquo;<\/span><span class=\"aioseo-breadcrumb\">\n\t\t\t<a href=\"https:\/\/anoticiaonline.com.br\/site\/categoria\/muriae\/cotidiano\/\" title=\"Cotidiano\">Cotidiano<\/a>\n\t\t<\/span><span class=\"aioseo-breadcrumb-separator\">&raquo;<\/span><span class=\"aioseo-breadcrumb\">\n\t\t\tPRF lan\u00e7a opera\u00e7\u00e3o contra acidentes do Natal ao carnaval nas BRs\n\t\t<\/span><\/div>","aioseo_breadcrumb_json":[{"label":"Home","link":"https:\/\/anoticiaonline.com.br\/site"},{"label":"Blog","link":"https:\/\/anoticiaonline.com.br\/site\/categoria\/muriae\/"},{"label":"Cotidiano","link":"https:\/\/anoticiaonline.com.br\/site\/categoria\/muriae\/cotidiano\/"},{"label":"PRF lan\u00e7a opera\u00e7\u00e3o contra acidentes do Natal ao carnaval nas BRs","link":"https:\/\/anoticiaonline.com.br\/site\/prf-lanca-operacao-contra-acidentes-do-natal-ao-carnaval-nas-brs\/"}],"views":157,"_links":{"self":[{"href":"https:\/\/anoticiaonline.com.br\/site\/wp-json\/wp\/v2\/posts\/66070","targetHints":{"allow":["GET"]}}],"collection":[{"href":"https:\/\/anoticiaonline.com.br\/site\/wp-json\/wp\/v2\/posts"}],"about":[{"href":"https:\/\/anoticiaonline.com.br\/site\/wp-json\/wp\/v2\/types\/post"}],"author":[{"embeddable":true,"href":"https:\/\/anoticiaonline.com.br\/site\/wp-json\/wp\/v2\/users\/2"}],"replies":[{"embeddable":true,"href":"https:\/\/anoticiaonline.com.br\/site\/wp-json\/wp\/v2\/comments?post=66070"}],"version-history":[{"count":0,"href":"https:\/\/anoticiaonline.com.br\/site\/wp-json\/wp\/v2\/posts\/66070\/revisions"}],"wp:featuredmedia":[{"embeddable":true,"href":"https:\/\/anoticiaonline.com.br\/site\/wp-json\/wp\/v2\/media\/66071"}],"wp:attachment":[{"href":"https:\/\/anoticiaonline.com.br\/site\/wp-json\/wp\/v2\/media?parent=66070"}],"wp:term":[{"taxonomy":"category","embeddable":true,"href":"https:\/\/anoticiaonline.com.br\/site\/wp-json\/wp\/v2\/categories?post=66070"},{"taxonomy":"post_tag","embeddable":true,"href":"https:\/\/anoticiaonline.com.br\/site\/wp-json\/wp\/v2\/tags?post=66070"}],"curies":[{"name":"wp","href":"https:\/\/api.w.org\/{rel}","templated":true}]}}