{"id":66059,"date":"2018-12-14T10:58:58","date_gmt":"2018-12-14T13:58:58","guid":{"rendered":"http:\/\/anoticiaonline.com.br\/site\/?p=66059"},"modified":"2018-12-20T08:57:20","modified_gmt":"2018-12-20T11:57:20","slug":"familia-de-muriae-realiza-campanha-para-tratamento-de-menino-de-2-anos","status":"publish","type":"post","link":"https:\/\/anoticiaonline.com.br\/site\/familia-de-muriae-realiza-campanha-para-tratamento-de-menino-de-2-anos\/","title":{"rendered":"Fam\u00edlia de Muria\u00e9 realiza campanha para tratamento de menino de 2 anos"},"content":{"rendered":"<figure id=\"attachment_66063\" aria-describedby=\"caption-attachment-66063\" style=\"width: 971px\" class=\"wp-caption aligncenter\"><a href=\"https:\/\/anoticiaonline.com.br\/site\/wp-content\/uploads\/2018\/12\/45713005_263300997713938_4993764646927204352_n-1.jpg\"><img fetchpriority=\"high\" decoding=\"async\" class=\"size-full wp-image-66063\" src=\"https:\/\/anoticiaonline.com.br\/site\/wp-content\/uploads\/2018\/12\/45713005_263300997713938_4993764646927204352_n-1.jpg\" alt=\"\" width=\"981\" height=\"768\" srcset=\"https:\/\/anoticiaonline.com.br\/site\/wp-content\/uploads\/2018\/12\/45713005_263300997713938_4993764646927204352_n-1.jpg 981w, https:\/\/anoticiaonline.com.br\/site\/wp-content\/uploads\/2018\/12\/45713005_263300997713938_4993764646927204352_n-1-300x235.jpg 300w, https:\/\/anoticiaonline.com.br\/site\/wp-content\/uploads\/2018\/12\/45713005_263300997713938_4993764646927204352_n-1-768x601.jpg 768w\" sizes=\"(max-width: 981px) 100vw, 981px\" \/><\/a><figcaption id=\"caption-attachment-66063\" class=\"wp-caption-text\">Fam\u00edlia de Enzo Gabriel busca ajuda para tratamento do garoto (Reprodu\u00e7\u00e3o\/Facebook)<\/figcaption><\/figure>\n<p>Enzo Gabriel, de 2 anos, \u00e9 um lutador desde seu nascimento. Devido a complica\u00e7\u00f5es no parto, o menino, que vive em Muria\u00e9 com a fam\u00edlia, n\u00e3o teve uma oxigena\u00e7\u00e3o correta do c\u00e9rebro. O fato desencadeou uma s\u00e9rie de consequ\u00eancias \u00e0 crian\u00e7a: encefalopatia cr\u00f4nica grave, epilepsia, mau desenvolvimento \u00f3sseo, convuls\u00f5es de dif\u00edcil controle e m\u00faltiplas alergias. Por isso, exige cuidados especiais e acompanhamento constante com diversos profissionais de sa\u00fade, como m\u00e9dicos e fisioterapeutas.<\/p>\n<p><!--more--><\/p>\n<p>Segundo a fam\u00edlia, uma das formas de melhorar a qualidade de vida do pequeno Enzo seria a compra de uma cadeira adaptada e outros equipamentos, para melhorar sua postura e evitar mais deformidades. Com isso, o garoto poderia se locomover, brincar e diminuir o sofrimento provocado pela dor em ficar tanto tempo na mesma posi\u00e7\u00e3o, seja no colo, sof\u00e1 ou cama.<\/p>\n<p>Sem a cobertura do SUS para todos os itens do dia-a-dia, e buscando auxiliar no tratamento e na compra dos equipamentos, a fam\u00edlia do garoto criou uma \u201cvaquinha virtual\u201d, em que pessoas de qualquer lugar do mundo podem doar para a causa. O objetivo \u00e9 arrecadar R$ 40 mil.<\/p>\n<p><strong>Fam\u00edlia faz alerta sobre golpe<\/strong> &#8211; A campanha #JuntosPeloEnzoGabriel est\u00e1 no site <a href=\"http:\/\/www.vakinha.com.br\/vaquinha\/todos-pelo-enzo-gabriel-joas-de-sousa-leite\">vakinha.com.br<\/a> e a fam\u00edlia tamb\u00e9m disponibilizou contas para dep\u00f3sito. Eles alertam que nenhuma pessoa, al\u00e9m da fam\u00edlia, est\u00e1 autorizada a receber pessoalmente as doa\u00e7\u00f5es para o garoto. Houve den\u00fancia de que um homem estaria pedindo valores em dinheiro pela cidade usando a causa do menino Enzo. Quem for abordado neste sentido, deve entrar em contato e realizar den\u00fancia para a Pol\u00edcia Militar, atrav\u00e9s do 190.<\/p>\n<p>Confira as contas disponibilizadas para dep\u00f3sito:<\/p>\n<p><strong>Bradesco<\/strong><\/p>\n<p>Enzo Gabriel<\/p>\n<p>Ag\u00eancia: 0576<\/p>\n<p>Conta poupan\u00e7a: 1000110-2<\/p>\n<p>&nbsp;<\/p>\n<p><strong>Caixa Econ\u00f4mica<\/strong><\/p>\n<p>Jo\u00e1s de Souza de Leite<\/p>\n<p>Ag\u00eancia: 0133<\/p>\n<p>Opera\u00e7\u00e3o: 013<\/p>\n<p>Conta poupan\u00e7a: 22804-0<\/p>\n<p>&nbsp;<\/p>\n<p><strong>Banco do Brasil<\/strong><\/p>\n<p>Ag\u00eancia: 286-0<\/p>\n<p>Conta corrente: 57091-5<\/p>\n","protected":false},"excerpt":{"rendered":"<p>Enzo Gabriel, de 2 anos, \u00e9 um lutador desde seu nascimento. Devido a complica\u00e7\u00f5es no parto, o menino, que vive em Muria\u00e9 com a fam\u00edlia, n\u00e3o teve uma oxigena\u00e7\u00e3o correta do c\u00e9rebro. O fato desencadeou uma s\u00e9rie de consequ\u00eancias \u00e0 crian\u00e7a: encefalopatia cr\u00f4nica grave, epilepsia, mau desenvolvimento \u00f3sseo, convuls\u00f5es de dif\u00edcil controle e m\u00faltiplas alergias. &#8230; <a title=\"Fam\u00edlia de Muria\u00e9 realiza campanha para tratamento de menino de 2 anos\" class=\"read-more\" href=\"https:\/\/anoticiaonline.com.br\/site\/familia-de-muriae-realiza-campanha-para-tratamento-de-menino-de-2-anos\/\" aria-label=\"Read more about Fam\u00edlia de Muria\u00e9 realiza campanha para tratamento de menino de 2 anos\">Ler mais<\/a><\/p>\n","protected":false},"author":2,"featured_media":0,"comment_status":"open","ping_status":"open","sticky":false,"template":"","format":"standard","meta":{"_acf_changed":false,"_monsterinsights_skip_tracking":false,"footnotes":""},"categories":[30],"tags":[232,3545,74,51,3546],"class_list":["post-66059","post","type-post","status-publish","format-standard","hentry","category-muriae","tag-campanha","tag-enzo-gabriel","tag-muriae","tag-saude","tag-tratamento"],"acf":[],"aioseo_notices":[],"aioseo_head":"\n\t\t<!-- All in One SEO 5.0.0.1 - aioseo.com -->\n\t<meta name=\"description\" content=\"Enzo Gabriel, de 2 anos, \u00e9 um lutador desde seu nascimento. Devido a complica\u00e7\u00f5es no parto, o menino, que vive em Muria\u00e9 com a fam\u00edlia, n\u00e3o teve uma oxigena\u00e7\u00e3o correta do c\u00e9rebro. O fato desencadeou uma s\u00e9rie de consequ\u00eancias \u00e0 crian\u00e7a: encefalopatia cr\u00f4nica grave, epilepsia, mau desenvolvimento \u00f3sseo, convuls\u00f5es de dif\u00edcil controle e m\u00faltiplas alergias.\" \/>\n\t<meta name=\"robots\" content=\"max-image-preview:large\" \/>\n\t<meta name=\"author\" content=\"Juliana Laviola\"\/>\n\t<link rel=\"canonical\" href=\"https:\/\/anoticiaonline.com.br\/site\/familia-de-muriae-realiza-campanha-para-tratamento-de-menino-de-2-anos\/\" \/>\n\t<meta name=\"generator\" content=\"All in One SEO (AIOSEO) 5.0.0.1\" \/>\n\t\t<meta property=\"og:locale\" content=\"pt_BR\" \/>\n\t\t<meta property=\"og:site_name\" content=\"A Not\u00edcia Online - Noticias de Muria\u00e9 e regi\u00e3o\" \/>\n\t\t<meta property=\"og:type\" content=\"article\" \/>\n\t\t<meta property=\"og:title\" content=\"Fam\u00edlia de Muria\u00e9 realiza campanha para tratamento de menino de 2 anos - A Not\u00edcia Online\" \/>\n\t\t<meta property=\"og:description\" content=\"Enzo Gabriel, de 2 anos, \u00e9 um lutador desde seu nascimento. Devido a complica\u00e7\u00f5es no parto, o menino, que vive em Muria\u00e9 com a fam\u00edlia, n\u00e3o teve uma oxigena\u00e7\u00e3o correta do c\u00e9rebro. O fato desencadeou uma s\u00e9rie de consequ\u00eancias \u00e0 crian\u00e7a: encefalopatia cr\u00f4nica grave, epilepsia, mau desenvolvimento \u00f3sseo, convuls\u00f5es de dif\u00edcil controle e m\u00faltiplas alergias.\" \/>\n\t\t<meta property=\"og:url\" content=\"https:\/\/anoticiaonline.com.br\/site\/familia-de-muriae-realiza-campanha-para-tratamento-de-menino-de-2-anos\/\" \/>\n\t\t<meta property=\"og:image\" content=\"https:\/\/scontent-gig4-1.xx.fbcdn.net\/v\/t39.30808-1\/270437624_4564083193639691_6907940295614233970_n.jpg?stp=dst-jpg_s200x200_tt6&#038;_nc_cat=111&#038;ccb=1-7&#038;_nc_sid=f907e8&#038;_nc_ohc=SM1wRlP3lJwQ7kNvwEPuBYA&#038;_nc_oc=AdnqrjDN_BNjSSHWO-GbkIWH6fkGMLw4bqvL_NH6e2wMveX7G-rP2dAqsDSq1mJMOaY&#038;_nc_zt=24&#038;_nc_ht=scontent-gig4-1.xx&#038;_nc_gid=AoBFJeGrT1hVaew_6rchkQ&#038;oh=00_AfX7QmFGhQhG2jAllVgXCiM1ZrWgvtp80-Bfppyexh1QEg&#038;oe=689E923C\" \/>\n\t\t<meta property=\"og:image:secure_url\" content=\"https:\/\/scontent-gig4-1.xx.fbcdn.net\/v\/t39.30808-1\/270437624_4564083193639691_6907940295614233970_n.jpg?stp=dst-jpg_s200x200_tt6&#038;_nc_cat=111&#038;ccb=1-7&#038;_nc_sid=f907e8&#038;_nc_ohc=SM1wRlP3lJwQ7kNvwEPuBYA&#038;_nc_oc=AdnqrjDN_BNjSSHWO-GbkIWH6fkGMLw4bqvL_NH6e2wMveX7G-rP2dAqsDSq1mJMOaY&#038;_nc_zt=24&#038;_nc_ht=scontent-gig4-1.xx&#038;_nc_gid=AoBFJeGrT1hVaew_6rchkQ&#038;oh=00_AfX7QmFGhQhG2jAllVgXCiM1ZrWgvtp80-Bfppyexh1QEg&#038;oe=689E923C\" \/>\n\t\t<meta property=\"article:published_time\" content=\"2018-12-14T13:58:58+00:00\" \/>\n\t\t<meta property=\"article:modified_time\" content=\"2018-12-20T11:57:20+00:00\" \/>\n\t\t<meta name=\"twitter:card\" content=\"summary_large_image\" \/>\n\t\t<meta name=\"twitter:title\" content=\"Fam\u00edlia de Muria\u00e9 realiza campanha para tratamento de menino de 2 anos - A Not\u00edcia Online\" \/>\n\t\t<meta name=\"twitter:description\" content=\"Enzo Gabriel, de 2 anos, \u00e9 um lutador desde seu nascimento. Devido a complica\u00e7\u00f5es no parto, o menino, que vive em Muria\u00e9 com a fam\u00edlia, n\u00e3o teve uma oxigena\u00e7\u00e3o correta do c\u00e9rebro. O fato desencadeou uma s\u00e9rie de consequ\u00eancias \u00e0 crian\u00e7a: encefalopatia cr\u00f4nica grave, epilepsia, mau desenvolvimento \u00f3sseo, convuls\u00f5es de dif\u00edcil controle e m\u00faltiplas alergias.\" \/>\n\t\t<meta name=\"twitter:image\" content=\"https:\/\/scontent-gig4-1.xx.fbcdn.net\/v\/t39.30808-1\/270437624_4564083193639691_6907940295614233970_n.jpg?stp=dst-jpg_s200x200_tt6&amp;_nc_cat=111&amp;ccb=1-7&amp;_nc_sid=f907e8&amp;_nc_ohc=SM1wRlP3lJwQ7kNvwEPuBYA&amp;_nc_oc=AdnqrjDN_BNjSSHWO-GbkIWH6fkGMLw4bqvL_NH6e2wMveX7G-rP2dAqsDSq1mJMOaY&amp;_nc_zt=24&amp;_nc_ht=scontent-gig4-1.xx&amp;_nc_gid=AoBFJeGrT1hVaew_6rchkQ&amp;oh=00_AfX7QmFGhQhG2jAllVgXCiM1ZrWgvtp80-Bfppyexh1QEg&amp;oe=689E923C\" \/>\n\t\t<script type=\"application\/ld+json\" class=\"aioseo-schema\">\n\t\t\t{\"@context\":\"https:\\\/\\\/schema.org\",\"@graph\":[{\"@type\":\"BlogPosting\",\"@id\":\"https:\\\/\\\/anoticiaonline.com.br\\\/site\\\/familia-de-muriae-realiza-campanha-para-tratamento-de-menino-de-2-anos\\\/#blogposting\",\"name\":\"Fam\\u00edlia de Muria\\u00e9 realiza campanha para tratamento de menino de 2 anos - A Not\\u00edcia Online\",\"headline\":\"Fam\\u00edlia de Muria\\u00e9 realiza campanha para tratamento de menino de 2 anos\",\"author\":{\"@id\":\"https:\\\/\\\/anoticiaonline.com.br\\\/site\\\/author\\\/juliana\\\/#author\"},\"publisher\":{\"@id\":\"https:\\\/\\\/anoticiaonline.com.br\\\/site\\\/#organization\"},\"image\":{\"@type\":\"ImageObject\",\"url\":\"https:\\\/\\\/anoticiaonline.com.br\\\/site\\\/wp-content\\\/uploads\\\/2018\\\/12\\\/45713005_263300997713938_4993764646927204352_n-1.jpg\",\"@id\":\"https:\\\/\\\/anoticiaonline.com.br\\\/site\\\/familia-de-muriae-realiza-campanha-para-tratamento-de-menino-de-2-anos\\\/#articleImage\",\"width\":981,\"height\":768,\"caption\":\"Fam\\u00edlia de Enzo Gabriel busca ajuda para tratamento do garoto (Reprodu\\u00e7\\u00e3o\\\/Facebook)\"},\"datePublished\":\"2018-12-14T10:58:58-03:00\",\"dateModified\":\"2018-12-20T08:57:20-03:00\",\"inLanguage\":\"pt-BR\",\"mainEntityOfPage\":{\"@id\":\"https:\\\/\\\/anoticiaonline.com.br\\\/site\\\/familia-de-muriae-realiza-campanha-para-tratamento-de-menino-de-2-anos\\\/#webpage\"},\"isPartOf\":{\"@id\":\"https:\\\/\\\/anoticiaonline.com.br\\\/site\\\/familia-de-muriae-realiza-campanha-para-tratamento-de-menino-de-2-anos\\\/#webpage\"},\"articleSection\":\"Blog, campanha, Enzo Gabriel, Muria\\u00e9, sa\\u00fade, Tratamento\"},{\"@type\":\"BreadcrumbList\",\"@id\":\"https:\\\/\\\/anoticiaonline.com.br\\\/site\\\/familia-de-muriae-realiza-campanha-para-tratamento-de-menino-de-2-anos\\\/#breadcrumblist\",\"itemListElement\":[{\"@type\":\"ListItem\",\"@id\":\"https:\\\/\\\/anoticiaonline.com.br\\\/site#listItem\",\"position\":1,\"name\":\"Home\",\"item\":\"https:\\\/\\\/anoticiaonline.com.br\\\/site\",\"nextItem\":{\"@type\":\"ListItem\",\"@id\":\"https:\\\/\\\/anoticiaonline.com.br\\\/site\\\/categoria\\\/muriae\\\/#listItem\",\"name\":\"Blog\"}},{\"@type\":\"ListItem\",\"@id\":\"https:\\\/\\\/anoticiaonline.com.br\\\/site\\\/categoria\\\/muriae\\\/#listItem\",\"position\":2,\"name\":\"Blog\",\"item\":\"https:\\\/\\\/anoticiaonline.com.br\\\/site\\\/categoria\\\/muriae\\\/\",\"nextItem\":{\"@type\":\"ListItem\",\"@id\":\"https:\\\/\\\/anoticiaonline.com.br\\\/site\\\/familia-de-muriae-realiza-campanha-para-tratamento-de-menino-de-2-anos\\\/#listItem\",\"name\":\"Fam\\u00edlia de Muria\\u00e9 realiza campanha para tratamento de menino de 2 anos\"},\"previousItem\":{\"@type\":\"ListItem\",\"@id\":\"https:\\\/\\\/anoticiaonline.com.br\\\/site#listItem\",\"name\":\"Home\"}},{\"@type\":\"ListItem\",\"@id\":\"https:\\\/\\\/anoticiaonline.com.br\\\/site\\\/familia-de-muriae-realiza-campanha-para-tratamento-de-menino-de-2-anos\\\/#listItem\",\"position\":3,\"name\":\"Fam\\u00edlia de Muria\\u00e9 realiza campanha para tratamento de menino de 2 anos\",\"previousItem\":{\"@type\":\"ListItem\",\"@id\":\"https:\\\/\\\/anoticiaonline.com.br\\\/site\\\/categoria\\\/muriae\\\/#listItem\",\"name\":\"Blog\"}}]},{\"@type\":\"Organization\",\"@id\":\"https:\\\/\\\/anoticiaonline.com.br\\\/site\\\/#organization\",\"name\":\"A Not\\u00edcia Online\",\"description\":\"Noticias de Muria\\u00e9 e regi\\u00e3o\",\"url\":\"https:\\\/\\\/anoticiaonline.com.br\\\/site\\\/\",\"logo\":{\"@type\":\"ImageObject\",\"url\":\"https:\\\/\\\/scontent-gig4-1.xx.fbcdn.net\\\/v\\\/t39.30808-1\\\/270437624_4564083193639691_6907940295614233970_n.jpg?stp=dst-jpg_s200x200_tt6&_nc_cat=111&ccb=1-7&_nc_sid=f907e8&_nc_ohc=SM1wRlP3lJwQ7kNvwEPuBYA&_nc_oc=AdnqrjDN_BNjSSHWO-GbkIWH6fkGMLw4bqvL_NH6e2wMveX7G-rP2dAqsDSq1mJMOaY&_nc_zt=24&_nc_ht=scontent-gig4-1.xx&_nc_gid=AoBFJeGrT1hVaew_6rchkQ&oh=00_AfX7QmFGhQhG2jAllVgXCiM1ZrWgvtp80-Bfppyexh1QEg&oe=689E923C\",\"@id\":\"https:\\\/\\\/anoticiaonline.com.br\\\/site\\\/familia-de-muriae-realiza-campanha-para-tratamento-de-menino-de-2-anos\\\/#organizationLogo\"},\"image\":{\"@id\":\"https:\\\/\\\/anoticiaonline.com.br\\\/site\\\/familia-de-muriae-realiza-campanha-para-tratamento-de-menino-de-2-anos\\\/#organizationLogo\"}},{\"@type\":\"Person\",\"@id\":\"https:\\\/\\\/anoticiaonline.com.br\\\/site\\\/author\\\/juliana\\\/#author\",\"url\":\"https:\\\/\\\/anoticiaonline.com.br\\\/site\\\/author\\\/juliana\\\/\",\"name\":\"Juliana Laviola\",\"image\":{\"@type\":\"ImageObject\",\"@id\":\"https:\\\/\\\/anoticiaonline.com.br\\\/site\\\/familia-de-muriae-realiza-campanha-para-tratamento-de-menino-de-2-anos\\\/#authorImage\",\"url\":\"https:\\\/\\\/secure.gravatar.com\\\/avatar\\\/b8d45f5c699b100dfaf0e543582f38f38bf94cb7ae3a5e9abf8d891a34773335?s=96&d=mm&r=g\",\"width\":96,\"height\":96,\"caption\":\"Juliana Laviola\"}},{\"@type\":\"WebPage\",\"@id\":\"https:\\\/\\\/anoticiaonline.com.br\\\/site\\\/familia-de-muriae-realiza-campanha-para-tratamento-de-menino-de-2-anos\\\/#webpage\",\"url\":\"https:\\\/\\\/anoticiaonline.com.br\\\/site\\\/familia-de-muriae-realiza-campanha-para-tratamento-de-menino-de-2-anos\\\/\",\"name\":\"Fam\\u00edlia de Muria\\u00e9 realiza campanha para tratamento de menino de 2 anos - A Not\\u00edcia Online\",\"description\":\"Enzo Gabriel, de 2 anos, \\u00e9 um lutador desde seu nascimento. Devido a complica\\u00e7\\u00f5es no parto, o menino, que vive em Muria\\u00e9 com a fam\\u00edlia, n\\u00e3o teve uma oxigena\\u00e7\\u00e3o correta do c\\u00e9rebro. O fato desencadeou uma s\\u00e9rie de consequ\\u00eancias \\u00e0 crian\\u00e7a: encefalopatia cr\\u00f4nica grave, epilepsia, mau desenvolvimento \\u00f3sseo, convuls\\u00f5es de dif\\u00edcil controle e m\\u00faltiplas alergias.\",\"inLanguage\":\"pt-BR\",\"isPartOf\":{\"@id\":\"https:\\\/\\\/anoticiaonline.com.br\\\/site\\\/#website\"},\"breadcrumb\":{\"@id\":\"https:\\\/\\\/anoticiaonline.com.br\\\/site\\\/familia-de-muriae-realiza-campanha-para-tratamento-de-menino-de-2-anos\\\/#breadcrumblist\"},\"author\":{\"@id\":\"https:\\\/\\\/anoticiaonline.com.br\\\/site\\\/author\\\/juliana\\\/#author\"},\"creator\":{\"@id\":\"https:\\\/\\\/anoticiaonline.com.br\\\/site\\\/author\\\/juliana\\\/#author\"},\"datePublished\":\"2018-12-14T10:58:58-03:00\",\"dateModified\":\"2018-12-20T08:57:20-03:00\"},{\"@type\":\"WebSite\",\"@id\":\"https:\\\/\\\/anoticiaonline.com.br\\\/site\\\/#website\",\"url\":\"https:\\\/\\\/anoticiaonline.com.br\\\/site\\\/\",\"name\":\"A Not\\u00edcia Online\",\"description\":\"Noticias de Muria\\u00e9 e regi\\u00e3o\",\"inLanguage\":\"pt-BR\",\"publisher\":{\"@id\":\"https:\\\/\\\/anoticiaonline.com.br\\\/site\\\/#organization\"}}]}\n\t\t<\/script>\n\t\t<!-- All in One SEO -->\n\n","aioseo_head_json":{"title":"Fam\u00edlia de Muria\u00e9 realiza campanha para tratamento de menino de 2 anos - A Not\u00edcia Online","description":"Enzo Gabriel, de 2 anos, \u00e9 um lutador desde seu nascimento. Devido a complica\u00e7\u00f5es no parto, o menino, que vive em Muria\u00e9 com a fam\u00edlia, n\u00e3o teve uma oxigena\u00e7\u00e3o correta do c\u00e9rebro. O fato desencadeou uma s\u00e9rie de consequ\u00eancias \u00e0 crian\u00e7a: encefalopatia cr\u00f4nica grave, epilepsia, mau desenvolvimento \u00f3sseo, convuls\u00f5es de dif\u00edcil controle e m\u00faltiplas alergias.","canonical_url":"https:\/\/anoticiaonline.com.br\/site\/familia-de-muriae-realiza-campanha-para-tratamento-de-menino-de-2-anos\/","robots":"max-image-preview:large","keywords":"","webmasterTools":{"miscellaneous":""},"schema":{"@context":"https:\/\/schema.org","@graph":[{"@type":"BlogPosting","@id":"https:\/\/anoticiaonline.com.br\/site\/familia-de-muriae-realiza-campanha-para-tratamento-de-menino-de-2-anos\/#blogposting","name":"Fam\u00edlia de Muria\u00e9 realiza campanha para tratamento de menino de 2 anos - A Not\u00edcia Online","headline":"Fam\u00edlia de Muria\u00e9 realiza campanha para tratamento de menino de 2 anos","author":{"@id":"https:\/\/anoticiaonline.com.br\/site\/author\/juliana\/#author"},"publisher":{"@id":"https:\/\/anoticiaonline.com.br\/site\/#organization"},"image":{"@type":"ImageObject","url":"https:\/\/anoticiaonline.com.br\/site\/wp-content\/uploads\/2018\/12\/45713005_263300997713938_4993764646927204352_n-1.jpg","@id":"https:\/\/anoticiaonline.com.br\/site\/familia-de-muriae-realiza-campanha-para-tratamento-de-menino-de-2-anos\/#articleImage","width":981,"height":768,"caption":"Fam\u00edlia de Enzo Gabriel busca ajuda para tratamento do garoto (Reprodu\u00e7\u00e3o\/Facebook)"},"datePublished":"2018-12-14T10:58:58-03:00","dateModified":"2018-12-20T08:57:20-03:00","inLanguage":"pt-BR","mainEntityOfPage":{"@id":"https:\/\/anoticiaonline.com.br\/site\/familia-de-muriae-realiza-campanha-para-tratamento-de-menino-de-2-anos\/#webpage"},"isPartOf":{"@id":"https:\/\/anoticiaonline.com.br\/site\/familia-de-muriae-realiza-campanha-para-tratamento-de-menino-de-2-anos\/#webpage"},"articleSection":"Blog, campanha, Enzo Gabriel, Muria\u00e9, sa\u00fade, Tratamento"},{"@type":"BreadcrumbList","@id":"https:\/\/anoticiaonline.com.br\/site\/familia-de-muriae-realiza-campanha-para-tratamento-de-menino-de-2-anos\/#breadcrumblist","itemListElement":[{"@type":"ListItem","@id":"https:\/\/anoticiaonline.com.br\/site#listItem","position":1,"name":"Home","item":"https:\/\/anoticiaonline.com.br\/site","nextItem":{"@type":"ListItem","@id":"https:\/\/anoticiaonline.com.br\/site\/categoria\/muriae\/#listItem","name":"Blog"}},{"@type":"ListItem","@id":"https:\/\/anoticiaonline.com.br\/site\/categoria\/muriae\/#listItem","position":2,"name":"Blog","item":"https:\/\/anoticiaonline.com.br\/site\/categoria\/muriae\/","nextItem":{"@type":"ListItem","@id":"https:\/\/anoticiaonline.com.br\/site\/familia-de-muriae-realiza-campanha-para-tratamento-de-menino-de-2-anos\/#listItem","name":"Fam\u00edlia de Muria\u00e9 realiza campanha para tratamento de menino de 2 anos"},"previousItem":{"@type":"ListItem","@id":"https:\/\/anoticiaonline.com.br\/site#listItem","name":"Home"}},{"@type":"ListItem","@id":"https:\/\/anoticiaonline.com.br\/site\/familia-de-muriae-realiza-campanha-para-tratamento-de-menino-de-2-anos\/#listItem","position":3,"name":"Fam\u00edlia de Muria\u00e9 realiza campanha para tratamento de menino de 2 anos","previousItem":{"@type":"ListItem","@id":"https:\/\/anoticiaonline.com.br\/site\/categoria\/muriae\/#listItem","name":"Blog"}}]},{"@type":"Organization","@id":"https:\/\/anoticiaonline.com.br\/site\/#organization","name":"A Not\u00edcia Online","description":"Noticias de Muria\u00e9 e regi\u00e3o","url":"https:\/\/anoticiaonline.com.br\/site\/","logo":{"@type":"ImageObject","url":"https:\/\/scontent-gig4-1.xx.fbcdn.net\/v\/t39.30808-1\/270437624_4564083193639691_6907940295614233970_n.jpg?stp=dst-jpg_s200x200_tt6&_nc_cat=111&ccb=1-7&_nc_sid=f907e8&_nc_ohc=SM1wRlP3lJwQ7kNvwEPuBYA&_nc_oc=AdnqrjDN_BNjSSHWO-GbkIWH6fkGMLw4bqvL_NH6e2wMveX7G-rP2dAqsDSq1mJMOaY&_nc_zt=24&_nc_ht=scontent-gig4-1.xx&_nc_gid=AoBFJeGrT1hVaew_6rchkQ&oh=00_AfX7QmFGhQhG2jAllVgXCiM1ZrWgvtp80-Bfppyexh1QEg&oe=689E923C","@id":"https:\/\/anoticiaonline.com.br\/site\/familia-de-muriae-realiza-campanha-para-tratamento-de-menino-de-2-anos\/#organizationLogo"},"image":{"@id":"https:\/\/anoticiaonline.com.br\/site\/familia-de-muriae-realiza-campanha-para-tratamento-de-menino-de-2-anos\/#organizationLogo"}},{"@type":"Person","@id":"https:\/\/anoticiaonline.com.br\/site\/author\/juliana\/#author","url":"https:\/\/anoticiaonline.com.br\/site\/author\/juliana\/","name":"Juliana Laviola","image":{"@type":"ImageObject","@id":"https:\/\/anoticiaonline.com.br\/site\/familia-de-muriae-realiza-campanha-para-tratamento-de-menino-de-2-anos\/#authorImage","url":"https:\/\/secure.gravatar.com\/avatar\/b8d45f5c699b100dfaf0e543582f38f38bf94cb7ae3a5e9abf8d891a34773335?s=96&d=mm&r=g","width":96,"height":96,"caption":"Juliana Laviola"}},{"@type":"WebPage","@id":"https:\/\/anoticiaonline.com.br\/site\/familia-de-muriae-realiza-campanha-para-tratamento-de-menino-de-2-anos\/#webpage","url":"https:\/\/anoticiaonline.com.br\/site\/familia-de-muriae-realiza-campanha-para-tratamento-de-menino-de-2-anos\/","name":"Fam\u00edlia de Muria\u00e9 realiza campanha para tratamento de menino de 2 anos - A Not\u00edcia Online","description":"Enzo Gabriel, de 2 anos, \u00e9 um lutador desde seu nascimento. Devido a complica\u00e7\u00f5es no parto, o menino, que vive em Muria\u00e9 com a fam\u00edlia, n\u00e3o teve uma oxigena\u00e7\u00e3o correta do c\u00e9rebro. O fato desencadeou uma s\u00e9rie de consequ\u00eancias \u00e0 crian\u00e7a: encefalopatia cr\u00f4nica grave, epilepsia, mau desenvolvimento \u00f3sseo, convuls\u00f5es de dif\u00edcil controle e m\u00faltiplas alergias.","inLanguage":"pt-BR","isPartOf":{"@id":"https:\/\/anoticiaonline.com.br\/site\/#website"},"breadcrumb":{"@id":"https:\/\/anoticiaonline.com.br\/site\/familia-de-muriae-realiza-campanha-para-tratamento-de-menino-de-2-anos\/#breadcrumblist"},"author":{"@id":"https:\/\/anoticiaonline.com.br\/site\/author\/juliana\/#author"},"creator":{"@id":"https:\/\/anoticiaonline.com.br\/site\/author\/juliana\/#author"},"datePublished":"2018-12-14T10:58:58-03:00","dateModified":"2018-12-20T08:57:20-03:00"},{"@type":"WebSite","@id":"https:\/\/anoticiaonline.com.br\/site\/#website","url":"https:\/\/anoticiaonline.com.br\/site\/","name":"A Not\u00edcia Online","description":"Noticias de Muria\u00e9 e regi\u00e3o","inLanguage":"pt-BR","publisher":{"@id":"https:\/\/anoticiaonline.com.br\/site\/#organization"}}]},"og:locale":"pt_BR","og:site_name":"A Not\u00edcia Online - Noticias de Muria\u00e9 e regi\u00e3o","og:type":"article","og:title":"Fam\u00edlia de Muria\u00e9 realiza campanha para tratamento de menino de 2 anos - A Not\u00edcia Online","og:description":"Enzo Gabriel, de 2 anos, \u00e9 um lutador desde seu nascimento. Devido a complica\u00e7\u00f5es no parto, o menino, que vive em Muria\u00e9 com a fam\u00edlia, n\u00e3o teve uma oxigena\u00e7\u00e3o correta do c\u00e9rebro. O fato desencadeou uma s\u00e9rie de consequ\u00eancias \u00e0 crian\u00e7a: encefalopatia cr\u00f4nica grave, epilepsia, mau desenvolvimento \u00f3sseo, convuls\u00f5es de dif\u00edcil controle e m\u00faltiplas alergias.","og:url":"https:\/\/anoticiaonline.com.br\/site\/familia-de-muriae-realiza-campanha-para-tratamento-de-menino-de-2-anos\/","og:image":"https:\/\/scontent-gig4-1.xx.fbcdn.net\/v\/t39.30808-1\/270437624_4564083193639691_6907940295614233970_n.jpg?stp=dst-jpg_s200x200_tt6&#038;_nc_cat=111&#038;ccb=1-7&#038;_nc_sid=f907e8&#038;_nc_ohc=SM1wRlP3lJwQ7kNvwEPuBYA&#038;_nc_oc=AdnqrjDN_BNjSSHWO-GbkIWH6fkGMLw4bqvL_NH6e2wMveX7G-rP2dAqsDSq1mJMOaY&#038;_nc_zt=24&#038;_nc_ht=scontent-gig4-1.xx&#038;_nc_gid=AoBFJeGrT1hVaew_6rchkQ&#038;oh=00_AfX7QmFGhQhG2jAllVgXCiM1ZrWgvtp80-Bfppyexh1QEg&#038;oe=689E923C","og:image:secure_url":"https:\/\/scontent-gig4-1.xx.fbcdn.net\/v\/t39.30808-1\/270437624_4564083193639691_6907940295614233970_n.jpg?stp=dst-jpg_s200x200_tt6&#038;_nc_cat=111&#038;ccb=1-7&#038;_nc_sid=f907e8&#038;_nc_ohc=SM1wRlP3lJwQ7kNvwEPuBYA&#038;_nc_oc=AdnqrjDN_BNjSSHWO-GbkIWH6fkGMLw4bqvL_NH6e2wMveX7G-rP2dAqsDSq1mJMOaY&#038;_nc_zt=24&#038;_nc_ht=scontent-gig4-1.xx&#038;_nc_gid=AoBFJeGrT1hVaew_6rchkQ&#038;oh=00_AfX7QmFGhQhG2jAllVgXCiM1ZrWgvtp80-Bfppyexh1QEg&#038;oe=689E923C","article:published_time":"2018-12-14T13:58:58+00:00","article:modified_time":"2018-12-20T11:57:20+00:00","twitter:card":"summary_large_image","twitter:title":"Fam\u00edlia de Muria\u00e9 realiza campanha para tratamento de menino de 2 anos - A Not\u00edcia Online","twitter:description":"Enzo Gabriel, de 2 anos, \u00e9 um lutador desde seu nascimento. Devido a complica\u00e7\u00f5es no parto, o menino, que vive em Muria\u00e9 com a fam\u00edlia, n\u00e3o teve uma oxigena\u00e7\u00e3o correta do c\u00e9rebro. O fato desencadeou uma s\u00e9rie de consequ\u00eancias \u00e0 crian\u00e7a: encefalopatia cr\u00f4nica grave, epilepsia, mau desenvolvimento \u00f3sseo, convuls\u00f5es de dif\u00edcil controle e m\u00faltiplas alergias.","twitter:image":"https:\/\/scontent-gig4-1.xx.fbcdn.net\/v\/t39.30808-1\/270437624_4564083193639691_6907940295614233970_n.jpg?stp=dst-jpg_s200x200_tt6&_nc_cat=111&ccb=1-7&_nc_sid=f907e8&_nc_ohc=SM1wRlP3lJwQ7kNvwEPuBYA&_nc_oc=AdnqrjDN_BNjSSHWO-GbkIWH6fkGMLw4bqvL_NH6e2wMveX7G-rP2dAqsDSq1mJMOaY&_nc_zt=24&_nc_ht=scontent-gig4-1.xx&_nc_gid=AoBFJeGrT1hVaew_6rchkQ&oh=00_AfX7QmFGhQhG2jAllVgXCiM1ZrWgvtp80-Bfppyexh1QEg&oe=689E923C"},"aioseo_meta_data":{"post_id":"66059","title":null,"description":null,"keywords":null,"keyphrases":null,"primary_term":null,"canonical_url":null,"og_title":null,"og_description":null,"og_object_type":"default","og_image_type":"default","og_image_url":null,"og_image_width":null,"og_image_height":null,"og_image_custom_url":null,"og_image_custom_fields":null,"og_video":null,"og_custom_url":null,"og_article_section":null,"og_article_tags":null,"twitter_use_og":false,"twitter_card":"default","twitter_image_type":"default","twitter_image_url":null,"twitter_image_custom_url":null,"twitter_image_custom_fields":null,"twitter_title":null,"twitter_description":null,"schema":{"blockGraphs":[],"customGraphs":[],"default":{"data":{"Article":[],"Course":[],"Dataset":[],"FAQPage":[],"Movie":[],"Person":[],"Product":[],"ProductReview":[],"Car":[],"Recipe":[],"Service":[],"SoftwareApplication":[],"WebPage":[]},"graphName":"","isEnabled":true},"graphs":[]},"schema_type":"default","schema_type_options":null,"pillar_content":false,"robots_default":true,"robots_noindex":false,"robots_noarchive":false,"robots_nosnippet":false,"robots_nofollow":false,"robots_noimageindex":false,"robots_noodp":false,"robots_notranslate":false,"robots_max_snippet":null,"robots_max_videopreview":null,"robots_max_imagepreview":"large","priority":null,"frequency":null,"local_seo":null,"breadcrumb_settings":null,"limit_modified_date":false,"ai":null,"created":"2025-08-16 22:31:37","updated":"2025-08-16 22:31:37","focus_keyword":null,"additional_keywords":null,"truseo_locale":null,"seo_analyzer_scan_date":null},"aioseo_breadcrumb":"<div class=\"aioseo-breadcrumbs\"><span class=\"aioseo-breadcrumb\">\n\t\t\t<a href=\"https:\/\/anoticiaonline.com.br\/site\" title=\"Home\">Home<\/a>\n\t\t<\/span><span class=\"aioseo-breadcrumb-separator\">&raquo;<\/span><span class=\"aioseo-breadcrumb\">\n\t\t\t<a href=\"https:\/\/anoticiaonline.com.br\/site\/categoria\/muriae\/\" title=\"Blog\">Blog<\/a>\n\t\t<\/span><span class=\"aioseo-breadcrumb-separator\">&raquo;<\/span><span class=\"aioseo-breadcrumb\">\n\t\t\tFam\u00edlia de Muria\u00e9 realiza campanha para tratamento de menino de 2 anos\n\t\t<\/span><\/div>","aioseo_breadcrumb_json":[{"label":"Home","link":"https:\/\/anoticiaonline.com.br\/site"},{"label":"Blog","link":"https:\/\/anoticiaonline.com.br\/site\/categoria\/muriae\/"},{"label":"Fam\u00edlia de Muria\u00e9 realiza campanha para tratamento de menino de 2 anos","link":"https:\/\/anoticiaonline.com.br\/site\/familia-de-muriae-realiza-campanha-para-tratamento-de-menino-de-2-anos\/"}],"views":120,"_links":{"self":[{"href":"https:\/\/anoticiaonline.com.br\/site\/wp-json\/wp\/v2\/posts\/66059","targetHints":{"allow":["GET"]}}],"collection":[{"href":"https:\/\/anoticiaonline.com.br\/site\/wp-json\/wp\/v2\/posts"}],"about":[{"href":"https:\/\/anoticiaonline.com.br\/site\/wp-json\/wp\/v2\/types\/post"}],"author":[{"embeddable":true,"href":"https:\/\/anoticiaonline.com.br\/site\/wp-json\/wp\/v2\/users\/2"}],"replies":[{"embeddable":true,"href":"https:\/\/anoticiaonline.com.br\/site\/wp-json\/wp\/v2\/comments?post=66059"}],"version-history":[{"count":0,"href":"https:\/\/anoticiaonline.com.br\/site\/wp-json\/wp\/v2\/posts\/66059\/revisions"}],"wp:attachment":[{"href":"https:\/\/anoticiaonline.com.br\/site\/wp-json\/wp\/v2\/media?parent=66059"}],"wp:term":[{"taxonomy":"category","embeddable":true,"href":"https:\/\/anoticiaonline.com.br\/site\/wp-json\/wp\/v2\/categories?post=66059"},{"taxonomy":"post_tag","embeddable":true,"href":"https:\/\/anoticiaonline.com.br\/site\/wp-json\/wp\/v2\/tags?post=66059"}],"curies":[{"name":"wp","href":"https:\/\/api.w.org\/{rel}","templated":true}]}}