{"id":65992,"date":"2018-12-13T21:06:32","date_gmt":"2018-12-14T00:06:32","guid":{"rendered":"http:\/\/anoticiaonline.com.br\/site\/?p=65992"},"modified":"2018-12-13T21:06:32","modified_gmt":"2018-12-14T00:06:32","slug":"acidente-deixa-tres-mortos-e-dois-feridos-na-estrada-muriae-mirai","status":"publish","type":"post","link":"https:\/\/anoticiaonline.com.br\/site\/acidente-deixa-tres-mortos-e-dois-feridos-na-estrada-muriae-mirai\/","title":{"rendered":"Acidente deixa tr\u00eas mortos e dois feridos na Estrada Muria\u00e9-Mira\u00ed"},"content":{"rendered":"<p><a href=\"https:\/\/anoticiaonline.com.br\/site\/wp-content\/uploads\/2018\/12\/SITE-2.jpg\"><img fetchpriority=\"high\" decoding=\"async\" class=\"aligncenter size-full wp-image-65995\" src=\"https:\/\/anoticiaonline.com.br\/site\/wp-content\/uploads\/2018\/12\/SITE-2.jpg\" alt=\"\" width=\"1000\" height=\"667\" srcset=\"https:\/\/anoticiaonline.com.br\/site\/wp-content\/uploads\/2018\/12\/SITE-2.jpg 1000w, https:\/\/anoticiaonline.com.br\/site\/wp-content\/uploads\/2018\/12\/SITE-2-300x200.jpg 300w, https:\/\/anoticiaonline.com.br\/site\/wp-content\/uploads\/2018\/12\/SITE-2-768x512.jpg 768w\" sizes=\"(max-width: 1000px) 100vw, 1000px\" \/><\/a><\/p>\n<p>Um homem e duas mulheres morreram, e outras duas pessoas ficaram feridas, em um acidente na manh\u00e3 de quinta-feira (13), na rodovia estadual MGC-265, que faz a liga\u00e7\u00e3o entre Muria\u00e9 e Mira\u00ed. Paulo Moraes de Oliveira, de 75 anos, Tereza Maria Carvalho da Silva, de 70 anos, e Vera Maria da Cruz Nunes, de 78 anos, morreram na hora. Eles foram encontrados j\u00e1 sem vida pelas equipes do SAMU e do Corpo de Bombeiros.<\/p>\n<p>Segundo os bombeiros, o motorista, que sobreviveu, j\u00e1 havia sido levado por populares para o Hospital de Mira\u00ed. A outra sobrevivente foi atendida no local pelo SAMU e encaminhado ao Hospital S\u00e3o Paulo, em Muria\u00e9.<\/p>\n<p>As cinco v\u00edtimas estavam em um Celta com placas de Mira\u00ed e seguiam para aquela cidade, quando o ve\u00edculo saiu da pista, bateu violentamente em uma \u00e1rvore e capotou, pouco depois da entrada para o distrito de Boa Fam\u00edlia. Ap\u00f3s a per\u00edcia da Pol\u00edcia Civil, os corpos das v\u00edtimas fatais seguiram para o Instituto M\u00e9dico Legal (IML) de Muria\u00e9.<\/p>\n<p>A Pol\u00edcia Militar Rodovi\u00e1ria da cidade de Dona Euz\u00e9bia ficou respons\u00e1vel pela ocorr\u00eancia e controlou o tr\u00e2nsito, que teve lentid\u00e3o no trecho em que aconteceu o acidente.<\/p>\n<p><em>Fotos: www.silvanalves.com.br<\/em><\/p>\n","protected":false},"excerpt":{"rendered":"<p>Um homem e duas mulheres morreram, e outras duas pessoas ficaram feridas, em um acidente na manh\u00e3 de quinta-feira (13), na rodovia estadual MGC-265, que faz a liga\u00e7\u00e3o entre Muria\u00e9 e Mira\u00ed. Paulo Moraes de Oliveira, de 75 anos, Tereza Maria Carvalho da Silva, de 70 anos, e Vera Maria da Cruz Nunes, de 78 &#8230; <a title=\"Acidente deixa tr\u00eas mortos e dois feridos na Estrada Muria\u00e9-Mira\u00ed\" class=\"read-more\" href=\"https:\/\/anoticiaonline.com.br\/site\/acidente-deixa-tres-mortos-e-dois-feridos-na-estrada-muriae-mirai\/\" aria-label=\"Read more about Acidente deixa tr\u00eas mortos e dois feridos na Estrada Muria\u00e9-Mira\u00ed\">Ler mais<\/a><\/p>\n","protected":false},"author":2,"featured_media":65994,"comment_status":"open","ping_status":"open","sticky":false,"template":"","format":"standard","meta":{"_acf_changed":false,"_monsterinsights_skip_tracking":false,"footnotes":""},"categories":[30],"tags":[433,956,74],"class_list":["post-65992","post","type-post","status-publish","format-standard","has-post-thumbnail","hentry","category-muriae","tag-acidente","tag-mirai","tag-muriae"],"acf":[],"aioseo_notices":[],"aioseo_head":"\n\t\t<!-- All in One SEO 5.0.0.1 - aioseo.com -->\n\t<meta name=\"description\" content=\"Um homem e duas mulheres morreram, e outras duas pessoas ficaram feridas, em um acidente na manh\u00e3 de quinta-feira (13), na rodovia estadual MGC-265, que faz a liga\u00e7\u00e3o entre Muria\u00e9 e Mira\u00ed. Paulo Moraes de Oliveira, de 75 anos, Tereza Maria Carvalho da Silva, de 70 anos, e Vera Maria da Cruz Nunes, de 78\" \/>\n\t<meta name=\"robots\" content=\"max-image-preview:large\" \/>\n\t<meta name=\"author\" content=\"Juliana Laviola\"\/>\n\t<link rel=\"canonical\" href=\"https:\/\/anoticiaonline.com.br\/site\/acidente-deixa-tres-mortos-e-dois-feridos-na-estrada-muriae-mirai\/\" \/>\n\t<meta name=\"generator\" content=\"All in One SEO (AIOSEO) 5.0.0.1\" \/>\n\t\t<meta property=\"og:locale\" content=\"pt_BR\" \/>\n\t\t<meta property=\"og:site_name\" content=\"A Not\u00edcia Online - Noticias de Muria\u00e9 e regi\u00e3o\" \/>\n\t\t<meta property=\"og:type\" content=\"article\" \/>\n\t\t<meta property=\"og:title\" content=\"Acidente deixa tr\u00eas mortos e dois feridos na Estrada Muria\u00e9-Mira\u00ed - A Not\u00edcia Online\" \/>\n\t\t<meta property=\"og:description\" content=\"Um homem e duas mulheres morreram, e outras duas pessoas ficaram feridas, em um acidente na manh\u00e3 de quinta-feira (13), na rodovia estadual MGC-265, que faz a liga\u00e7\u00e3o entre Muria\u00e9 e Mira\u00ed. Paulo Moraes de Oliveira, de 75 anos, Tereza Maria Carvalho da Silva, de 70 anos, e Vera Maria da Cruz Nunes, de 78\" \/>\n\t\t<meta property=\"og:url\" content=\"https:\/\/anoticiaonline.com.br\/site\/acidente-deixa-tres-mortos-e-dois-feridos-na-estrada-muriae-mirai\/\" \/>\n\t\t<meta property=\"og:image\" content=\"https:\/\/scontent-gig4-1.xx.fbcdn.net\/v\/t39.30808-1\/270437624_4564083193639691_6907940295614233970_n.jpg?stp=dst-jpg_s200x200_tt6&#038;_nc_cat=111&#038;ccb=1-7&#038;_nc_sid=f907e8&#038;_nc_ohc=SM1wRlP3lJwQ7kNvwEPuBYA&#038;_nc_oc=AdnqrjDN_BNjSSHWO-GbkIWH6fkGMLw4bqvL_NH6e2wMveX7G-rP2dAqsDSq1mJMOaY&#038;_nc_zt=24&#038;_nc_ht=scontent-gig4-1.xx&#038;_nc_gid=AoBFJeGrT1hVaew_6rchkQ&#038;oh=00_AfX7QmFGhQhG2jAllVgXCiM1ZrWgvtp80-Bfppyexh1QEg&#038;oe=689E923C\" \/>\n\t\t<meta property=\"og:image:secure_url\" content=\"https:\/\/scontent-gig4-1.xx.fbcdn.net\/v\/t39.30808-1\/270437624_4564083193639691_6907940295614233970_n.jpg?stp=dst-jpg_s200x200_tt6&#038;_nc_cat=111&#038;ccb=1-7&#038;_nc_sid=f907e8&#038;_nc_ohc=SM1wRlP3lJwQ7kNvwEPuBYA&#038;_nc_oc=AdnqrjDN_BNjSSHWO-GbkIWH6fkGMLw4bqvL_NH6e2wMveX7G-rP2dAqsDSq1mJMOaY&#038;_nc_zt=24&#038;_nc_ht=scontent-gig4-1.xx&#038;_nc_gid=AoBFJeGrT1hVaew_6rchkQ&#038;oh=00_AfX7QmFGhQhG2jAllVgXCiM1ZrWgvtp80-Bfppyexh1QEg&#038;oe=689E923C\" \/>\n\t\t<meta property=\"article:published_time\" content=\"2018-12-14T00:06:32+00:00\" \/>\n\t\t<meta property=\"article:modified_time\" content=\"2018-12-14T00:06:32+00:00\" \/>\n\t\t<meta name=\"twitter:card\" content=\"summary_large_image\" \/>\n\t\t<meta name=\"twitter:title\" content=\"Acidente deixa tr\u00eas mortos e dois feridos na Estrada Muria\u00e9-Mira\u00ed - A Not\u00edcia Online\" \/>\n\t\t<meta name=\"twitter:description\" content=\"Um homem e duas mulheres morreram, e outras duas pessoas ficaram feridas, em um acidente na manh\u00e3 de quinta-feira (13), na rodovia estadual MGC-265, que faz a liga\u00e7\u00e3o entre Muria\u00e9 e Mira\u00ed. Paulo Moraes de Oliveira, de 75 anos, Tereza Maria Carvalho da Silva, de 70 anos, e Vera Maria da Cruz Nunes, de 78\" \/>\n\t\t<meta name=\"twitter:image\" content=\"https:\/\/scontent-gig4-1.xx.fbcdn.net\/v\/t39.30808-1\/270437624_4564083193639691_6907940295614233970_n.jpg?stp=dst-jpg_s200x200_tt6&amp;_nc_cat=111&amp;ccb=1-7&amp;_nc_sid=f907e8&amp;_nc_ohc=SM1wRlP3lJwQ7kNvwEPuBYA&amp;_nc_oc=AdnqrjDN_BNjSSHWO-GbkIWH6fkGMLw4bqvL_NH6e2wMveX7G-rP2dAqsDSq1mJMOaY&amp;_nc_zt=24&amp;_nc_ht=scontent-gig4-1.xx&amp;_nc_gid=AoBFJeGrT1hVaew_6rchkQ&amp;oh=00_AfX7QmFGhQhG2jAllVgXCiM1ZrWgvtp80-Bfppyexh1QEg&amp;oe=689E923C\" \/>\n\t\t<script type=\"application\/ld+json\" class=\"aioseo-schema\">\n\t\t\t{\"@context\":\"https:\\\/\\\/schema.org\",\"@graph\":[{\"@type\":\"BlogPosting\",\"@id\":\"https:\\\/\\\/anoticiaonline.com.br\\\/site\\\/acidente-deixa-tres-mortos-e-dois-feridos-na-estrada-muriae-mirai\\\/#blogposting\",\"name\":\"Acidente deixa tr\\u00eas mortos e dois feridos na Estrada Muria\\u00e9-Mira\\u00ed - A Not\\u00edcia Online\",\"headline\":\"Acidente deixa tr\\u00eas mortos e dois feridos na Estrada Muria\\u00e9-Mira\\u00ed\",\"author\":{\"@id\":\"https:\\\/\\\/anoticiaonline.com.br\\\/site\\\/author\\\/juliana\\\/#author\"},\"publisher\":{\"@id\":\"https:\\\/\\\/anoticiaonline.com.br\\\/site\\\/#organization\"},\"image\":{\"@type\":\"ImageObject\",\"url\":\"https:\\\/\\\/anoticiaonline.com.br\\\/site\\\/wp-content\\\/uploads\\\/2018\\\/12\\\/capa-site.jpg\",\"width\":1000,\"height\":350},\"datePublished\":\"2018-12-13T21:06:32-03:00\",\"dateModified\":\"2018-12-13T21:06:32-03:00\",\"inLanguage\":\"pt-BR\",\"mainEntityOfPage\":{\"@id\":\"https:\\\/\\\/anoticiaonline.com.br\\\/site\\\/acidente-deixa-tres-mortos-e-dois-feridos-na-estrada-muriae-mirai\\\/#webpage\"},\"isPartOf\":{\"@id\":\"https:\\\/\\\/anoticiaonline.com.br\\\/site\\\/acidente-deixa-tres-mortos-e-dois-feridos-na-estrada-muriae-mirai\\\/#webpage\"},\"articleSection\":\"Blog, acidente, mira\\u00ed, Muria\\u00e9\"},{\"@type\":\"BreadcrumbList\",\"@id\":\"https:\\\/\\\/anoticiaonline.com.br\\\/site\\\/acidente-deixa-tres-mortos-e-dois-feridos-na-estrada-muriae-mirai\\\/#breadcrumblist\",\"itemListElement\":[{\"@type\":\"ListItem\",\"@id\":\"https:\\\/\\\/anoticiaonline.com.br\\\/site#listItem\",\"position\":1,\"name\":\"Home\",\"item\":\"https:\\\/\\\/anoticiaonline.com.br\\\/site\",\"nextItem\":{\"@type\":\"ListItem\",\"@id\":\"https:\\\/\\\/anoticiaonline.com.br\\\/site\\\/categoria\\\/muriae\\\/#listItem\",\"name\":\"Blog\"}},{\"@type\":\"ListItem\",\"@id\":\"https:\\\/\\\/anoticiaonline.com.br\\\/site\\\/categoria\\\/muriae\\\/#listItem\",\"position\":2,\"name\":\"Blog\",\"item\":\"https:\\\/\\\/anoticiaonline.com.br\\\/site\\\/categoria\\\/muriae\\\/\",\"nextItem\":{\"@type\":\"ListItem\",\"@id\":\"https:\\\/\\\/anoticiaonline.com.br\\\/site\\\/acidente-deixa-tres-mortos-e-dois-feridos-na-estrada-muriae-mirai\\\/#listItem\",\"name\":\"Acidente deixa tr\\u00eas mortos e dois feridos na Estrada Muria\\u00e9-Mira\\u00ed\"},\"previousItem\":{\"@type\":\"ListItem\",\"@id\":\"https:\\\/\\\/anoticiaonline.com.br\\\/site#listItem\",\"name\":\"Home\"}},{\"@type\":\"ListItem\",\"@id\":\"https:\\\/\\\/anoticiaonline.com.br\\\/site\\\/acidente-deixa-tres-mortos-e-dois-feridos-na-estrada-muriae-mirai\\\/#listItem\",\"position\":3,\"name\":\"Acidente deixa tr\\u00eas mortos e dois feridos na Estrada Muria\\u00e9-Mira\\u00ed\",\"previousItem\":{\"@type\":\"ListItem\",\"@id\":\"https:\\\/\\\/anoticiaonline.com.br\\\/site\\\/categoria\\\/muriae\\\/#listItem\",\"name\":\"Blog\"}}]},{\"@type\":\"Organization\",\"@id\":\"https:\\\/\\\/anoticiaonline.com.br\\\/site\\\/#organization\",\"name\":\"A Not\\u00edcia Online\",\"description\":\"Noticias de Muria\\u00e9 e regi\\u00e3o\",\"url\":\"https:\\\/\\\/anoticiaonline.com.br\\\/site\\\/\",\"logo\":{\"@type\":\"ImageObject\",\"url\":\"https:\\\/\\\/scontent-gig4-1.xx.fbcdn.net\\\/v\\\/t39.30808-1\\\/270437624_4564083193639691_6907940295614233970_n.jpg?stp=dst-jpg_s200x200_tt6&_nc_cat=111&ccb=1-7&_nc_sid=f907e8&_nc_ohc=SM1wRlP3lJwQ7kNvwEPuBYA&_nc_oc=AdnqrjDN_BNjSSHWO-GbkIWH6fkGMLw4bqvL_NH6e2wMveX7G-rP2dAqsDSq1mJMOaY&_nc_zt=24&_nc_ht=scontent-gig4-1.xx&_nc_gid=AoBFJeGrT1hVaew_6rchkQ&oh=00_AfX7QmFGhQhG2jAllVgXCiM1ZrWgvtp80-Bfppyexh1QEg&oe=689E923C\",\"@id\":\"https:\\\/\\\/anoticiaonline.com.br\\\/site\\\/acidente-deixa-tres-mortos-e-dois-feridos-na-estrada-muriae-mirai\\\/#organizationLogo\"},\"image\":{\"@id\":\"https:\\\/\\\/anoticiaonline.com.br\\\/site\\\/acidente-deixa-tres-mortos-e-dois-feridos-na-estrada-muriae-mirai\\\/#organizationLogo\"}},{\"@type\":\"Person\",\"@id\":\"https:\\\/\\\/anoticiaonline.com.br\\\/site\\\/author\\\/juliana\\\/#author\",\"url\":\"https:\\\/\\\/anoticiaonline.com.br\\\/site\\\/author\\\/juliana\\\/\",\"name\":\"Juliana Laviola\",\"image\":{\"@type\":\"ImageObject\",\"@id\":\"https:\\\/\\\/anoticiaonline.com.br\\\/site\\\/acidente-deixa-tres-mortos-e-dois-feridos-na-estrada-muriae-mirai\\\/#authorImage\",\"url\":\"https:\\\/\\\/secure.gravatar.com\\\/avatar\\\/b8d45f5c699b100dfaf0e543582f38f38bf94cb7ae3a5e9abf8d891a34773335?s=96&d=mm&r=g\",\"width\":96,\"height\":96,\"caption\":\"Juliana Laviola\"}},{\"@type\":\"WebPage\",\"@id\":\"https:\\\/\\\/anoticiaonline.com.br\\\/site\\\/acidente-deixa-tres-mortos-e-dois-feridos-na-estrada-muriae-mirai\\\/#webpage\",\"url\":\"https:\\\/\\\/anoticiaonline.com.br\\\/site\\\/acidente-deixa-tres-mortos-e-dois-feridos-na-estrada-muriae-mirai\\\/\",\"name\":\"Acidente deixa tr\\u00eas mortos e dois feridos na Estrada Muria\\u00e9-Mira\\u00ed - A Not\\u00edcia Online\",\"description\":\"Um homem e duas mulheres morreram, e outras duas pessoas ficaram feridas, em um acidente na manh\\u00e3 de quinta-feira (13), na rodovia estadual MGC-265, que faz a liga\\u00e7\\u00e3o entre Muria\\u00e9 e Mira\\u00ed. Paulo Moraes de Oliveira, de 75 anos, Tereza Maria Carvalho da Silva, de 70 anos, e Vera Maria da Cruz Nunes, de 78\",\"inLanguage\":\"pt-BR\",\"isPartOf\":{\"@id\":\"https:\\\/\\\/anoticiaonline.com.br\\\/site\\\/#website\"},\"breadcrumb\":{\"@id\":\"https:\\\/\\\/anoticiaonline.com.br\\\/site\\\/acidente-deixa-tres-mortos-e-dois-feridos-na-estrada-muriae-mirai\\\/#breadcrumblist\"},\"author\":{\"@id\":\"https:\\\/\\\/anoticiaonline.com.br\\\/site\\\/author\\\/juliana\\\/#author\"},\"creator\":{\"@id\":\"https:\\\/\\\/anoticiaonline.com.br\\\/site\\\/author\\\/juliana\\\/#author\"},\"image\":{\"@type\":\"ImageObject\",\"url\":\"https:\\\/\\\/anoticiaonline.com.br\\\/site\\\/wp-content\\\/uploads\\\/2018\\\/12\\\/capa-site.jpg\",\"@id\":\"https:\\\/\\\/anoticiaonline.com.br\\\/site\\\/acidente-deixa-tres-mortos-e-dois-feridos-na-estrada-muriae-mirai\\\/#mainImage\",\"width\":1000,\"height\":350},\"primaryImageOfPage\":{\"@id\":\"https:\\\/\\\/anoticiaonline.com.br\\\/site\\\/acidente-deixa-tres-mortos-e-dois-feridos-na-estrada-muriae-mirai\\\/#mainImage\"},\"datePublished\":\"2018-12-13T21:06:32-03:00\",\"dateModified\":\"2018-12-13T21:06:32-03:00\"},{\"@type\":\"WebSite\",\"@id\":\"https:\\\/\\\/anoticiaonline.com.br\\\/site\\\/#website\",\"url\":\"https:\\\/\\\/anoticiaonline.com.br\\\/site\\\/\",\"name\":\"A Not\\u00edcia Online\",\"description\":\"Noticias de Muria\\u00e9 e regi\\u00e3o\",\"inLanguage\":\"pt-BR\",\"publisher\":{\"@id\":\"https:\\\/\\\/anoticiaonline.com.br\\\/site\\\/#organization\"}}]}\n\t\t<\/script>\n\t\t<!-- All in One SEO -->\n\n","aioseo_head_json":{"title":"Acidente deixa tr\u00eas mortos e dois feridos na Estrada Muria\u00e9-Mira\u00ed - A Not\u00edcia Online","description":"Um homem e duas mulheres morreram, e outras duas pessoas ficaram feridas, em um acidente na manh\u00e3 de quinta-feira (13), na rodovia estadual MGC-265, que faz a liga\u00e7\u00e3o entre Muria\u00e9 e Mira\u00ed. Paulo Moraes de Oliveira, de 75 anos, Tereza Maria Carvalho da Silva, de 70 anos, e Vera Maria da Cruz Nunes, de 78","canonical_url":"https:\/\/anoticiaonline.com.br\/site\/acidente-deixa-tres-mortos-e-dois-feridos-na-estrada-muriae-mirai\/","robots":"max-image-preview:large","keywords":"","webmasterTools":{"miscellaneous":""},"schema":{"@context":"https:\/\/schema.org","@graph":[{"@type":"BlogPosting","@id":"https:\/\/anoticiaonline.com.br\/site\/acidente-deixa-tres-mortos-e-dois-feridos-na-estrada-muriae-mirai\/#blogposting","name":"Acidente deixa tr\u00eas mortos e dois feridos na Estrada Muria\u00e9-Mira\u00ed - A Not\u00edcia Online","headline":"Acidente deixa tr\u00eas mortos e dois feridos na Estrada Muria\u00e9-Mira\u00ed","author":{"@id":"https:\/\/anoticiaonline.com.br\/site\/author\/juliana\/#author"},"publisher":{"@id":"https:\/\/anoticiaonline.com.br\/site\/#organization"},"image":{"@type":"ImageObject","url":"https:\/\/anoticiaonline.com.br\/site\/wp-content\/uploads\/2018\/12\/capa-site.jpg","width":1000,"height":350},"datePublished":"2018-12-13T21:06:32-03:00","dateModified":"2018-12-13T21:06:32-03:00","inLanguage":"pt-BR","mainEntityOfPage":{"@id":"https:\/\/anoticiaonline.com.br\/site\/acidente-deixa-tres-mortos-e-dois-feridos-na-estrada-muriae-mirai\/#webpage"},"isPartOf":{"@id":"https:\/\/anoticiaonline.com.br\/site\/acidente-deixa-tres-mortos-e-dois-feridos-na-estrada-muriae-mirai\/#webpage"},"articleSection":"Blog, acidente, mira\u00ed, Muria\u00e9"},{"@type":"BreadcrumbList","@id":"https:\/\/anoticiaonline.com.br\/site\/acidente-deixa-tres-mortos-e-dois-feridos-na-estrada-muriae-mirai\/#breadcrumblist","itemListElement":[{"@type":"ListItem","@id":"https:\/\/anoticiaonline.com.br\/site#listItem","position":1,"name":"Home","item":"https:\/\/anoticiaonline.com.br\/site","nextItem":{"@type":"ListItem","@id":"https:\/\/anoticiaonline.com.br\/site\/categoria\/muriae\/#listItem","name":"Blog"}},{"@type":"ListItem","@id":"https:\/\/anoticiaonline.com.br\/site\/categoria\/muriae\/#listItem","position":2,"name":"Blog","item":"https:\/\/anoticiaonline.com.br\/site\/categoria\/muriae\/","nextItem":{"@type":"ListItem","@id":"https:\/\/anoticiaonline.com.br\/site\/acidente-deixa-tres-mortos-e-dois-feridos-na-estrada-muriae-mirai\/#listItem","name":"Acidente deixa tr\u00eas mortos e dois feridos na Estrada Muria\u00e9-Mira\u00ed"},"previousItem":{"@type":"ListItem","@id":"https:\/\/anoticiaonline.com.br\/site#listItem","name":"Home"}},{"@type":"ListItem","@id":"https:\/\/anoticiaonline.com.br\/site\/acidente-deixa-tres-mortos-e-dois-feridos-na-estrada-muriae-mirai\/#listItem","position":3,"name":"Acidente deixa tr\u00eas mortos e dois feridos na Estrada Muria\u00e9-Mira\u00ed","previousItem":{"@type":"ListItem","@id":"https:\/\/anoticiaonline.com.br\/site\/categoria\/muriae\/#listItem","name":"Blog"}}]},{"@type":"Organization","@id":"https:\/\/anoticiaonline.com.br\/site\/#organization","name":"A Not\u00edcia Online","description":"Noticias de Muria\u00e9 e regi\u00e3o","url":"https:\/\/anoticiaonline.com.br\/site\/","logo":{"@type":"ImageObject","url":"https:\/\/scontent-gig4-1.xx.fbcdn.net\/v\/t39.30808-1\/270437624_4564083193639691_6907940295614233970_n.jpg?stp=dst-jpg_s200x200_tt6&_nc_cat=111&ccb=1-7&_nc_sid=f907e8&_nc_ohc=SM1wRlP3lJwQ7kNvwEPuBYA&_nc_oc=AdnqrjDN_BNjSSHWO-GbkIWH6fkGMLw4bqvL_NH6e2wMveX7G-rP2dAqsDSq1mJMOaY&_nc_zt=24&_nc_ht=scontent-gig4-1.xx&_nc_gid=AoBFJeGrT1hVaew_6rchkQ&oh=00_AfX7QmFGhQhG2jAllVgXCiM1ZrWgvtp80-Bfppyexh1QEg&oe=689E923C","@id":"https:\/\/anoticiaonline.com.br\/site\/acidente-deixa-tres-mortos-e-dois-feridos-na-estrada-muriae-mirai\/#organizationLogo"},"image":{"@id":"https:\/\/anoticiaonline.com.br\/site\/acidente-deixa-tres-mortos-e-dois-feridos-na-estrada-muriae-mirai\/#organizationLogo"}},{"@type":"Person","@id":"https:\/\/anoticiaonline.com.br\/site\/author\/juliana\/#author","url":"https:\/\/anoticiaonline.com.br\/site\/author\/juliana\/","name":"Juliana Laviola","image":{"@type":"ImageObject","@id":"https:\/\/anoticiaonline.com.br\/site\/acidente-deixa-tres-mortos-e-dois-feridos-na-estrada-muriae-mirai\/#authorImage","url":"https:\/\/secure.gravatar.com\/avatar\/b8d45f5c699b100dfaf0e543582f38f38bf94cb7ae3a5e9abf8d891a34773335?s=96&d=mm&r=g","width":96,"height":96,"caption":"Juliana Laviola"}},{"@type":"WebPage","@id":"https:\/\/anoticiaonline.com.br\/site\/acidente-deixa-tres-mortos-e-dois-feridos-na-estrada-muriae-mirai\/#webpage","url":"https:\/\/anoticiaonline.com.br\/site\/acidente-deixa-tres-mortos-e-dois-feridos-na-estrada-muriae-mirai\/","name":"Acidente deixa tr\u00eas mortos e dois feridos na Estrada Muria\u00e9-Mira\u00ed - A Not\u00edcia Online","description":"Um homem e duas mulheres morreram, e outras duas pessoas ficaram feridas, em um acidente na manh\u00e3 de quinta-feira (13), na rodovia estadual MGC-265, que faz a liga\u00e7\u00e3o entre Muria\u00e9 e Mira\u00ed. Paulo Moraes de Oliveira, de 75 anos, Tereza Maria Carvalho da Silva, de 70 anos, e Vera Maria da Cruz Nunes, de 78","inLanguage":"pt-BR","isPartOf":{"@id":"https:\/\/anoticiaonline.com.br\/site\/#website"},"breadcrumb":{"@id":"https:\/\/anoticiaonline.com.br\/site\/acidente-deixa-tres-mortos-e-dois-feridos-na-estrada-muriae-mirai\/#breadcrumblist"},"author":{"@id":"https:\/\/anoticiaonline.com.br\/site\/author\/juliana\/#author"},"creator":{"@id":"https:\/\/anoticiaonline.com.br\/site\/author\/juliana\/#author"},"image":{"@type":"ImageObject","url":"https:\/\/anoticiaonline.com.br\/site\/wp-content\/uploads\/2018\/12\/capa-site.jpg","@id":"https:\/\/anoticiaonline.com.br\/site\/acidente-deixa-tres-mortos-e-dois-feridos-na-estrada-muriae-mirai\/#mainImage","width":1000,"height":350},"primaryImageOfPage":{"@id":"https:\/\/anoticiaonline.com.br\/site\/acidente-deixa-tres-mortos-e-dois-feridos-na-estrada-muriae-mirai\/#mainImage"},"datePublished":"2018-12-13T21:06:32-03:00","dateModified":"2018-12-13T21:06:32-03:00"},{"@type":"WebSite","@id":"https:\/\/anoticiaonline.com.br\/site\/#website","url":"https:\/\/anoticiaonline.com.br\/site\/","name":"A Not\u00edcia Online","description":"Noticias de Muria\u00e9 e regi\u00e3o","inLanguage":"pt-BR","publisher":{"@id":"https:\/\/anoticiaonline.com.br\/site\/#organization"}}]},"og:locale":"pt_BR","og:site_name":"A Not\u00edcia Online - Noticias de Muria\u00e9 e regi\u00e3o","og:type":"article","og:title":"Acidente deixa tr\u00eas mortos e dois feridos na Estrada Muria\u00e9-Mira\u00ed - A Not\u00edcia Online","og:description":"Um homem e duas mulheres morreram, e outras duas pessoas ficaram feridas, em um acidente na manh\u00e3 de quinta-feira (13), na rodovia estadual MGC-265, que faz a liga\u00e7\u00e3o entre Muria\u00e9 e Mira\u00ed. Paulo Moraes de Oliveira, de 75 anos, Tereza Maria Carvalho da Silva, de 70 anos, e Vera Maria da Cruz Nunes, de 78","og:url":"https:\/\/anoticiaonline.com.br\/site\/acidente-deixa-tres-mortos-e-dois-feridos-na-estrada-muriae-mirai\/","og:image":"https:\/\/scontent-gig4-1.xx.fbcdn.net\/v\/t39.30808-1\/270437624_4564083193639691_6907940295614233970_n.jpg?stp=dst-jpg_s200x200_tt6&#038;_nc_cat=111&#038;ccb=1-7&#038;_nc_sid=f907e8&#038;_nc_ohc=SM1wRlP3lJwQ7kNvwEPuBYA&#038;_nc_oc=AdnqrjDN_BNjSSHWO-GbkIWH6fkGMLw4bqvL_NH6e2wMveX7G-rP2dAqsDSq1mJMOaY&#038;_nc_zt=24&#038;_nc_ht=scontent-gig4-1.xx&#038;_nc_gid=AoBFJeGrT1hVaew_6rchkQ&#038;oh=00_AfX7QmFGhQhG2jAllVgXCiM1ZrWgvtp80-Bfppyexh1QEg&#038;oe=689E923C","og:image:secure_url":"https:\/\/scontent-gig4-1.xx.fbcdn.net\/v\/t39.30808-1\/270437624_4564083193639691_6907940295614233970_n.jpg?stp=dst-jpg_s200x200_tt6&#038;_nc_cat=111&#038;ccb=1-7&#038;_nc_sid=f907e8&#038;_nc_ohc=SM1wRlP3lJwQ7kNvwEPuBYA&#038;_nc_oc=AdnqrjDN_BNjSSHWO-GbkIWH6fkGMLw4bqvL_NH6e2wMveX7G-rP2dAqsDSq1mJMOaY&#038;_nc_zt=24&#038;_nc_ht=scontent-gig4-1.xx&#038;_nc_gid=AoBFJeGrT1hVaew_6rchkQ&#038;oh=00_AfX7QmFGhQhG2jAllVgXCiM1ZrWgvtp80-Bfppyexh1QEg&#038;oe=689E923C","article:published_time":"2018-12-14T00:06:32+00:00","article:modified_time":"2018-12-14T00:06:32+00:00","twitter:card":"summary_large_image","twitter:title":"Acidente deixa tr\u00eas mortos e dois feridos na Estrada Muria\u00e9-Mira\u00ed - A Not\u00edcia Online","twitter:description":"Um homem e duas mulheres morreram, e outras duas pessoas ficaram feridas, em um acidente na manh\u00e3 de quinta-feira (13), na rodovia estadual MGC-265, que faz a liga\u00e7\u00e3o entre Muria\u00e9 e Mira\u00ed. Paulo Moraes de Oliveira, de 75 anos, Tereza Maria Carvalho da Silva, de 70 anos, e Vera Maria da Cruz Nunes, de 78","twitter:image":"https:\/\/scontent-gig4-1.xx.fbcdn.net\/v\/t39.30808-1\/270437624_4564083193639691_6907940295614233970_n.jpg?stp=dst-jpg_s200x200_tt6&_nc_cat=111&ccb=1-7&_nc_sid=f907e8&_nc_ohc=SM1wRlP3lJwQ7kNvwEPuBYA&_nc_oc=AdnqrjDN_BNjSSHWO-GbkIWH6fkGMLw4bqvL_NH6e2wMveX7G-rP2dAqsDSq1mJMOaY&_nc_zt=24&_nc_ht=scontent-gig4-1.xx&_nc_gid=AoBFJeGrT1hVaew_6rchkQ&oh=00_AfX7QmFGhQhG2jAllVgXCiM1ZrWgvtp80-Bfppyexh1QEg&oe=689E923C"},"aioseo_meta_data":{"post_id":"65992","title":null,"description":null,"keywords":null,"keyphrases":null,"primary_term":null,"canonical_url":null,"og_title":null,"og_description":null,"og_object_type":"default","og_image_type":"default","og_image_url":null,"og_image_width":null,"og_image_height":null,"og_image_custom_url":null,"og_image_custom_fields":null,"og_video":null,"og_custom_url":null,"og_article_section":null,"og_article_tags":null,"twitter_use_og":false,"twitter_card":"default","twitter_image_type":"default","twitter_image_url":null,"twitter_image_custom_url":null,"twitter_image_custom_fields":null,"twitter_title":null,"twitter_description":null,"schema":{"blockGraphs":[],"customGraphs":[],"default":{"data":{"Article":[],"Course":[],"Dataset":[],"FAQPage":[],"Movie":[],"Person":[],"Product":[],"ProductReview":[],"Car":[],"Recipe":[],"Service":[],"SoftwareApplication":[],"WebPage":[]},"graphName":"","isEnabled":true},"graphs":[]},"schema_type":"default","schema_type_options":null,"pillar_content":false,"robots_default":true,"robots_noindex":false,"robots_noarchive":false,"robots_nosnippet":false,"robots_nofollow":false,"robots_noimageindex":false,"robots_noodp":false,"robots_notranslate":false,"robots_max_snippet":null,"robots_max_videopreview":null,"robots_max_imagepreview":"large","priority":null,"frequency":null,"local_seo":null,"breadcrumb_settings":null,"limit_modified_date":false,"ai":null,"created":"2025-08-16 22:31:37","updated":"2025-08-16 22:31:37","focus_keyword":null,"additional_keywords":null,"truseo_locale":null,"seo_analyzer_scan_date":null},"aioseo_breadcrumb":"<div class=\"aioseo-breadcrumbs\"><span class=\"aioseo-breadcrumb\">\n\t\t\t<a href=\"https:\/\/anoticiaonline.com.br\/site\" title=\"Home\">Home<\/a>\n\t\t<\/span><span class=\"aioseo-breadcrumb-separator\">&raquo;<\/span><span class=\"aioseo-breadcrumb\">\n\t\t\t<a href=\"https:\/\/anoticiaonline.com.br\/site\/categoria\/muriae\/\" title=\"Blog\">Blog<\/a>\n\t\t<\/span><span class=\"aioseo-breadcrumb-separator\">&raquo;<\/span><span class=\"aioseo-breadcrumb\">\n\t\t\tAcidente deixa tr\u00eas mortos e dois feridos na Estrada Muria\u00e9-Mira\u00ed\n\t\t<\/span><\/div>","aioseo_breadcrumb_json":[{"label":"Home","link":"https:\/\/anoticiaonline.com.br\/site"},{"label":"Blog","link":"https:\/\/anoticiaonline.com.br\/site\/categoria\/muriae\/"},{"label":"Acidente deixa tr\u00eas mortos e dois feridos na Estrada Muria\u00e9-Mira\u00ed","link":"https:\/\/anoticiaonline.com.br\/site\/acidente-deixa-tres-mortos-e-dois-feridos-na-estrada-muriae-mirai\/"}],"views":165,"_links":{"self":[{"href":"https:\/\/anoticiaonline.com.br\/site\/wp-json\/wp\/v2\/posts\/65992","targetHints":{"allow":["GET"]}}],"collection":[{"href":"https:\/\/anoticiaonline.com.br\/site\/wp-json\/wp\/v2\/posts"}],"about":[{"href":"https:\/\/anoticiaonline.com.br\/site\/wp-json\/wp\/v2\/types\/post"}],"author":[{"embeddable":true,"href":"https:\/\/anoticiaonline.com.br\/site\/wp-json\/wp\/v2\/users\/2"}],"replies":[{"embeddable":true,"href":"https:\/\/anoticiaonline.com.br\/site\/wp-json\/wp\/v2\/comments?post=65992"}],"version-history":[{"count":0,"href":"https:\/\/anoticiaonline.com.br\/site\/wp-json\/wp\/v2\/posts\/65992\/revisions"}],"wp:featuredmedia":[{"embeddable":true,"href":"https:\/\/anoticiaonline.com.br\/site\/wp-json\/wp\/v2\/media\/65994"}],"wp:attachment":[{"href":"https:\/\/anoticiaonline.com.br\/site\/wp-json\/wp\/v2\/media?parent=65992"}],"wp:term":[{"taxonomy":"category","embeddable":true,"href":"https:\/\/anoticiaonline.com.br\/site\/wp-json\/wp\/v2\/categories?post=65992"},{"taxonomy":"post_tag","embeddable":true,"href":"https:\/\/anoticiaonline.com.br\/site\/wp-json\/wp\/v2\/tags?post=65992"}],"curies":[{"name":"wp","href":"https:\/\/api.w.org\/{rel}","templated":true}]}}