{"id":65950,"date":"2018-12-14T18:00:18","date_gmt":"2018-12-14T21:00:18","guid":{"rendered":"http:\/\/anoticiaonline.com.br\/site\/?p=65950"},"modified":"2018-12-20T08:54:26","modified_gmt":"2018-12-20T11:54:26","slug":"milane-tintas-recebe-clientes-e-amigos-para-reinauguracao","status":"publish","type":"post","link":"https:\/\/anoticiaonline.com.br\/site\/milane-tintas-recebe-clientes-e-amigos-para-reinauguracao\/","title":{"rendered":"Milane Tintas recebe clientes e amigos para reinaugura\u00e7\u00e3o"},"content":{"rendered":"<blockquote><p><a href=\"https:\/\/anoticiaonline.com.br\/site\/wp-content\/uploads\/2018\/12\/DSC_0105.jpg\"><img fetchpriority=\"high\" decoding=\"async\" class=\"aligncenter size-full wp-image-65953\" src=\"https:\/\/anoticiaonline.com.br\/site\/wp-content\/uploads\/2018\/12\/DSC_0105.jpg\" alt=\"\" width=\"1000\" height=\"668\" srcset=\"https:\/\/anoticiaonline.com.br\/site\/wp-content\/uploads\/2018\/12\/DSC_0105.jpg 1000w, https:\/\/anoticiaonline.com.br\/site\/wp-content\/uploads\/2018\/12\/DSC_0105-300x200.jpg 300w, https:\/\/anoticiaonline.com.br\/site\/wp-content\/uploads\/2018\/12\/DSC_0105-768x513.jpg 768w\" sizes=\"(max-width: 1000px) 100vw, 1000px\" \/><\/a><\/p><\/blockquote>\n<p><em>Loja, que est\u00e1 sob nova dire\u00e7\u00e3o, alia qualidade e excelentes pre\u00e7os<\/em><\/p>\n<p>Foi reinaugurada, na sexta-feira (7), a tradicional loja Milane Tintas, presente h\u00e1 25 anos na cidade. A loja, que est\u00e1 sob nova dire\u00e7\u00e3o, continua no mesmo endere\u00e7o e segue com os mesmos princ\u00edpios: produtos e atendimento de qualidade, com os melhores pre\u00e7os.<\/p>\n<p><!--more--><\/p>\n<p>As irm\u00e3s Ana Karolina Milani e Delcimara Milani, al\u00e9m de sua m\u00e3e Marta Milani, receberam clientes e amigos para um caf\u00e9 da manh\u00e3, que marcou a reinaugura\u00e7\u00e3o. De acordo com Ana Karolina, a data foi escolhida em homenagem ao falecido pai, D\u00e9cio Gildo Milani, que faria 61 anos neste dia e foi o fundador da Milane Tintas. \u201cA loja ficou para n\u00f3s ap\u00f3s o falecimento do meu pai e resolvemos dar uma renovada. Mudan\u00e7as s\u00e3o necess\u00e1rias, mas continuamos prezando pela qualidade, bom atendimento e pre\u00e7os baixos\u201d, revelou. \u201cEscolhemos a data em homenagem ao anivers\u00e1rio do meu pai. Queremos mostrar aos nossos clientes que estamos firmes e fortes, com a loja sob nova dire\u00e7\u00e3o e de cara nova\u201d, concluiu.<\/p>\n<p>Na nova Milane Tintas os clientes t\u00eam as melhores condi\u00e7\u00f5es da cidade em toda a linha de tintas de diversas marcas, como as campe\u00e3s de mercado Suvinil, Coral, Argalit, Brasilux e a especializada em tintas automotivas Wanda. A loja est\u00e1 localizada \u00e0 Rua Benedito Valadares, n\u00famero 467, na Barra. Telefone: (32) 3722-1043.<\/p>\n<div id='gallery-1' class='gallery galleryid-65950 gallery-columns-1 gallery-size-large'><figure class='gallery-item'>\n\t\t\t<div class='gallery-icon landscape'>\n\t\t\t\t<a href='https:\/\/anoticiaonline.com.br\/site\/milane-tintas-recebe-clientes-e-amigos-para-reinauguracao\/milane-1\/#main'><img decoding=\"async\" width=\"900\" height=\"601\" src=\"https:\/\/anoticiaonline.com.br\/site\/wp-content\/uploads\/2018\/12\/Milane-1.jpg\" class=\"attachment-large size-large\" alt=\"\" srcset=\"https:\/\/anoticiaonline.com.br\/site\/wp-content\/uploads\/2018\/12\/Milane-1.jpg 1000w, https:\/\/anoticiaonline.com.br\/site\/wp-content\/uploads\/2018\/12\/Milane-1-300x200.jpg 300w, https:\/\/anoticiaonline.com.br\/site\/wp-content\/uploads\/2018\/12\/Milane-1-768x513.jpg 768w\" sizes=\"(max-width: 900px) 100vw, 900px\" \/><\/a>\n\t\t\t<\/div><\/figure><figure class='gallery-item'>\n\t\t\t<div class='gallery-icon landscape'>\n\t\t\t\t<a href='https:\/\/anoticiaonline.com.br\/site\/milane-tintas-recebe-clientes-e-amigos-para-reinauguracao\/milane-2\/#main'><img decoding=\"async\" width=\"900\" height=\"601\" src=\"https:\/\/anoticiaonline.com.br\/site\/wp-content\/uploads\/2018\/12\/Milane-2.jpg\" class=\"attachment-large size-large\" alt=\"\" srcset=\"https:\/\/anoticiaonline.com.br\/site\/wp-content\/uploads\/2018\/12\/Milane-2.jpg 1000w, https:\/\/anoticiaonline.com.br\/site\/wp-content\/uploads\/2018\/12\/Milane-2-300x200.jpg 300w, https:\/\/anoticiaonline.com.br\/site\/wp-content\/uploads\/2018\/12\/Milane-2-768x513.jpg 768w\" sizes=\"(max-width: 900px) 100vw, 900px\" \/><\/a>\n\t\t\t<\/div><\/figure><figure class='gallery-item'>\n\t\t\t<div class='gallery-icon landscape'>\n\t\t\t\t<a href='https:\/\/anoticiaonline.com.br\/site\/milane-tintas-recebe-clientes-e-amigos-para-reinauguracao\/milane-3\/#main'><img loading=\"lazy\" decoding=\"async\" width=\"900\" height=\"601\" src=\"https:\/\/anoticiaonline.com.br\/site\/wp-content\/uploads\/2018\/12\/Milane-3.jpg\" class=\"attachment-large size-large\" alt=\"\" srcset=\"https:\/\/anoticiaonline.com.br\/site\/wp-content\/uploads\/2018\/12\/Milane-3.jpg 1000w, https:\/\/anoticiaonline.com.br\/site\/wp-content\/uploads\/2018\/12\/Milane-3-300x200.jpg 300w, https:\/\/anoticiaonline.com.br\/site\/wp-content\/uploads\/2018\/12\/Milane-3-768x513.jpg 768w\" sizes=\"(max-width: 900px) 100vw, 900px\" \/><\/a>\n\t\t\t<\/div><\/figure><figure class='gallery-item'>\n\t\t\t<div class='gallery-icon landscape'>\n\t\t\t\t<a href='https:\/\/anoticiaonline.com.br\/site\/milane-tintas-recebe-clientes-e-amigos-para-reinauguracao\/milane-4\/#main'><img loading=\"lazy\" decoding=\"async\" width=\"900\" height=\"601\" src=\"https:\/\/anoticiaonline.com.br\/site\/wp-content\/uploads\/2018\/12\/Milane-4.jpg\" class=\"attachment-large size-large\" alt=\"\" srcset=\"https:\/\/anoticiaonline.com.br\/site\/wp-content\/uploads\/2018\/12\/Milane-4.jpg 1000w, https:\/\/anoticiaonline.com.br\/site\/wp-content\/uploads\/2018\/12\/Milane-4-300x200.jpg 300w, https:\/\/anoticiaonline.com.br\/site\/wp-content\/uploads\/2018\/12\/Milane-4-768x513.jpg 768w\" sizes=\"(max-width: 900px) 100vw, 900px\" \/><\/a>\n\t\t\t<\/div><\/figure><figure class='gallery-item'>\n\t\t\t<div class='gallery-icon landscape'>\n\t\t\t\t<a href='https:\/\/anoticiaonline.com.br\/site\/milane-tintas-recebe-clientes-e-amigos-para-reinauguracao\/milane-5\/#main'><img loading=\"lazy\" decoding=\"async\" width=\"900\" height=\"601\" src=\"https:\/\/anoticiaonline.com.br\/site\/wp-content\/uploads\/2018\/12\/Milane-5.jpg\" class=\"attachment-large size-large\" alt=\"\" srcset=\"https:\/\/anoticiaonline.com.br\/site\/wp-content\/uploads\/2018\/12\/Milane-5.jpg 1000w, https:\/\/anoticiaonline.com.br\/site\/wp-content\/uploads\/2018\/12\/Milane-5-300x200.jpg 300w, https:\/\/anoticiaonline.com.br\/site\/wp-content\/uploads\/2018\/12\/Milane-5-768x513.jpg 768w\" sizes=\"(max-width: 900px) 100vw, 900px\" \/><\/a>\n\t\t\t<\/div><\/figure><figure class='gallery-item'>\n\t\t\t<div class='gallery-icon landscape'>\n\t\t\t\t<a href='https:\/\/anoticiaonline.com.br\/site\/milane-tintas-recebe-clientes-e-amigos-para-reinauguracao\/milane-6\/#main'><img loading=\"lazy\" decoding=\"async\" width=\"900\" height=\"601\" src=\"https:\/\/anoticiaonline.com.br\/site\/wp-content\/uploads\/2018\/12\/Milane-6.jpg\" class=\"attachment-large size-large\" alt=\"\" srcset=\"https:\/\/anoticiaonline.com.br\/site\/wp-content\/uploads\/2018\/12\/Milane-6.jpg 1000w, https:\/\/anoticiaonline.com.br\/site\/wp-content\/uploads\/2018\/12\/Milane-6-300x200.jpg 300w, https:\/\/anoticiaonline.com.br\/site\/wp-content\/uploads\/2018\/12\/Milane-6-768x513.jpg 768w\" sizes=\"(max-width: 900px) 100vw, 900px\" \/><\/a>\n\t\t\t<\/div><\/figure><figure class='gallery-item'>\n\t\t\t<div class='gallery-icon portrait'>\n\t\t\t\t<a href='https:\/\/anoticiaonline.com.br\/site\/milane-tintas-recebe-clientes-e-amigos-para-reinauguracao\/milane-7\/#main'><img loading=\"lazy\" decoding=\"async\" width=\"513\" height=\"768\" src=\"https:\/\/anoticiaonline.com.br\/site\/wp-content\/uploads\/2018\/12\/Milane-7.jpg\" class=\"attachment-large size-large\" alt=\"\" srcset=\"https:\/\/anoticiaonline.com.br\/site\/wp-content\/uploads\/2018\/12\/Milane-7.jpg 513w, https:\/\/anoticiaonline.com.br\/site\/wp-content\/uploads\/2018\/12\/Milane-7-200x300.jpg 200w\" sizes=\"(max-width: 513px) 100vw, 513px\" \/><\/a>\n\t\t\t<\/div><\/figure><figure class='gallery-item'>\n\t\t\t<div class='gallery-icon landscape'>\n\t\t\t\t<a href='https:\/\/anoticiaonline.com.br\/site\/milane-tintas-recebe-clientes-e-amigos-para-reinauguracao\/milane-8\/#main'><img loading=\"lazy\" decoding=\"async\" width=\"900\" height=\"601\" src=\"https:\/\/anoticiaonline.com.br\/site\/wp-content\/uploads\/2018\/12\/Milane-8.jpg\" class=\"attachment-large size-large\" alt=\"\" srcset=\"https:\/\/anoticiaonline.com.br\/site\/wp-content\/uploads\/2018\/12\/Milane-8.jpg 1000w, https:\/\/anoticiaonline.com.br\/site\/wp-content\/uploads\/2018\/12\/Milane-8-300x200.jpg 300w, https:\/\/anoticiaonline.com.br\/site\/wp-content\/uploads\/2018\/12\/Milane-8-768x513.jpg 768w\" sizes=\"(max-width: 900px) 100vw, 900px\" \/><\/a>\n\t\t\t<\/div><\/figure><figure class='gallery-item'>\n\t\t\t<div class='gallery-icon landscape'>\n\t\t\t\t<a href='https:\/\/anoticiaonline.com.br\/site\/milane-tintas-recebe-clientes-e-amigos-para-reinauguracao\/milane-9\/#main'><img loading=\"lazy\" decoding=\"async\" width=\"900\" height=\"601\" src=\"https:\/\/anoticiaonline.com.br\/site\/wp-content\/uploads\/2018\/12\/Milane-9.jpg\" class=\"attachment-large size-large\" alt=\"\" srcset=\"https:\/\/anoticiaonline.com.br\/site\/wp-content\/uploads\/2018\/12\/Milane-9.jpg 1000w, https:\/\/anoticiaonline.com.br\/site\/wp-content\/uploads\/2018\/12\/Milane-9-300x200.jpg 300w, https:\/\/anoticiaonline.com.br\/site\/wp-content\/uploads\/2018\/12\/Milane-9-768x513.jpg 768w\" sizes=\"(max-width: 900px) 100vw, 900px\" \/><\/a>\n\t\t\t<\/div><\/figure><figure class='gallery-item'>\n\t\t\t<div class='gallery-icon landscape'>\n\t\t\t\t<a href='https:\/\/anoticiaonline.com.br\/site\/milane-tintas-recebe-clientes-e-amigos-para-reinauguracao\/milane-10\/#main'><img loading=\"lazy\" decoding=\"async\" width=\"900\" height=\"601\" src=\"https:\/\/anoticiaonline.com.br\/site\/wp-content\/uploads\/2018\/12\/Milane-10.jpg\" class=\"attachment-large size-large\" alt=\"\" srcset=\"https:\/\/anoticiaonline.com.br\/site\/wp-content\/uploads\/2018\/12\/Milane-10.jpg 1000w, https:\/\/anoticiaonline.com.br\/site\/wp-content\/uploads\/2018\/12\/Milane-10-300x200.jpg 300w, https:\/\/anoticiaonline.com.br\/site\/wp-content\/uploads\/2018\/12\/Milane-10-768x513.jpg 768w\" sizes=\"(max-width: 900px) 100vw, 900px\" \/><\/a>\n\t\t\t<\/div><\/figure><figure class='gallery-item'>\n\t\t\t<div class='gallery-icon portrait'>\n\t\t\t\t<a href='https:\/\/anoticiaonline.com.br\/site\/milane-tintas-recebe-clientes-e-amigos-para-reinauguracao\/milane-11\/#main'><img loading=\"lazy\" decoding=\"async\" width=\"513\" height=\"768\" src=\"https:\/\/anoticiaonline.com.br\/site\/wp-content\/uploads\/2018\/12\/Milane-11.jpg\" class=\"attachment-large size-large\" alt=\"\" srcset=\"https:\/\/anoticiaonline.com.br\/site\/wp-content\/uploads\/2018\/12\/Milane-11.jpg 513w, https:\/\/anoticiaonline.com.br\/site\/wp-content\/uploads\/2018\/12\/Milane-11-200x300.jpg 200w\" sizes=\"(max-width: 513px) 100vw, 513px\" \/><\/a>\n\t\t\t<\/div><\/figure><figure class='gallery-item'>\n\t\t\t<div class='gallery-icon landscape'>\n\t\t\t\t<a href='https:\/\/anoticiaonline.com.br\/site\/milane-tintas-recebe-clientes-e-amigos-para-reinauguracao\/milane-12\/#main'><img loading=\"lazy\" decoding=\"async\" width=\"900\" height=\"601\" src=\"https:\/\/anoticiaonline.com.br\/site\/wp-content\/uploads\/2018\/12\/Milane-12.jpg\" class=\"attachment-large size-large\" alt=\"\" srcset=\"https:\/\/anoticiaonline.com.br\/site\/wp-content\/uploads\/2018\/12\/Milane-12.jpg 1000w, https:\/\/anoticiaonline.com.br\/site\/wp-content\/uploads\/2018\/12\/Milane-12-300x200.jpg 300w, https:\/\/anoticiaonline.com.br\/site\/wp-content\/uploads\/2018\/12\/Milane-12-768x513.jpg 768w\" sizes=\"(max-width: 900px) 100vw, 900px\" \/><\/a>\n\t\t\t<\/div><\/figure><figure class='gallery-item'>\n\t\t\t<div class='gallery-icon landscape'>\n\t\t\t\t<a href='https:\/\/anoticiaonline.com.br\/site\/milane-tintas-recebe-clientes-e-amigos-para-reinauguracao\/milane-13\/#main'><img loading=\"lazy\" decoding=\"async\" width=\"900\" height=\"601\" src=\"https:\/\/anoticiaonline.com.br\/site\/wp-content\/uploads\/2018\/12\/Milane-13.jpg\" class=\"attachment-large size-large\" alt=\"\" srcset=\"https:\/\/anoticiaonline.com.br\/site\/wp-content\/uploads\/2018\/12\/Milane-13.jpg 1000w, https:\/\/anoticiaonline.com.br\/site\/wp-content\/uploads\/2018\/12\/Milane-13-300x200.jpg 300w, https:\/\/anoticiaonline.com.br\/site\/wp-content\/uploads\/2018\/12\/Milane-13-768x513.jpg 768w\" sizes=\"(max-width: 900px) 100vw, 900px\" \/><\/a>\n\t\t\t<\/div><\/figure><figure class='gallery-item'>\n\t\t\t<div class='gallery-icon landscape'>\n\t\t\t\t<a href='https:\/\/anoticiaonline.com.br\/site\/milane-tintas-recebe-clientes-e-amigos-para-reinauguracao\/milane-14\/#main'><img loading=\"lazy\" decoding=\"async\" width=\"900\" height=\"601\" src=\"https:\/\/anoticiaonline.com.br\/site\/wp-content\/uploads\/2018\/12\/Milane-14.jpg\" class=\"attachment-large size-large\" alt=\"\" srcset=\"https:\/\/anoticiaonline.com.br\/site\/wp-content\/uploads\/2018\/12\/Milane-14.jpg 1000w, https:\/\/anoticiaonline.com.br\/site\/wp-content\/uploads\/2018\/12\/Milane-14-300x200.jpg 300w, https:\/\/anoticiaonline.com.br\/site\/wp-content\/uploads\/2018\/12\/Milane-14-768x513.jpg 768w\" sizes=\"(max-width: 900px) 100vw, 900px\" \/><\/a>\n\t\t\t<\/div><\/figure><figure class='gallery-item'>\n\t\t\t<div class='gallery-icon landscape'>\n\t\t\t\t<a href='https:\/\/anoticiaonline.com.br\/site\/milane-tintas-recebe-clientes-e-amigos-para-reinauguracao\/milane-15\/#main'><img loading=\"lazy\" decoding=\"async\" width=\"900\" height=\"601\" src=\"https:\/\/anoticiaonline.com.br\/site\/wp-content\/uploads\/2018\/12\/Milane-15.jpg\" class=\"attachment-large size-large\" alt=\"\" srcset=\"https:\/\/anoticiaonline.com.br\/site\/wp-content\/uploads\/2018\/12\/Milane-15.jpg 1000w, https:\/\/anoticiaonline.com.br\/site\/wp-content\/uploads\/2018\/12\/Milane-15-300x200.jpg 300w, https:\/\/anoticiaonline.com.br\/site\/wp-content\/uploads\/2018\/12\/Milane-15-768x513.jpg 768w\" sizes=\"(max-width: 900px) 100vw, 900px\" \/><\/a>\n\t\t\t<\/div><\/figure><figure class='gallery-item'>\n\t\t\t<div class='gallery-icon landscape'>\n\t\t\t\t<a href='https:\/\/anoticiaonline.com.br\/site\/milane-tintas-recebe-clientes-e-amigos-para-reinauguracao\/milane-16\/#main'><img loading=\"lazy\" decoding=\"async\" width=\"900\" height=\"601\" src=\"https:\/\/anoticiaonline.com.br\/site\/wp-content\/uploads\/2018\/12\/Milane-16.jpg\" class=\"attachment-large size-large\" alt=\"\" srcset=\"https:\/\/anoticiaonline.com.br\/site\/wp-content\/uploads\/2018\/12\/Milane-16.jpg 1000w, https:\/\/anoticiaonline.com.br\/site\/wp-content\/uploads\/2018\/12\/Milane-16-300x200.jpg 300w, https:\/\/anoticiaonline.com.br\/site\/wp-content\/uploads\/2018\/12\/Milane-16-768x513.jpg 768w\" sizes=\"(max-width: 900px) 100vw, 900px\" \/><\/a>\n\t\t\t<\/div><\/figure><figure class='gallery-item'>\n\t\t\t<div class='gallery-icon landscape'>\n\t\t\t\t<a href='https:\/\/anoticiaonline.com.br\/site\/milane-tintas-recebe-clientes-e-amigos-para-reinauguracao\/milane-17\/#main'><img loading=\"lazy\" decoding=\"async\" width=\"900\" height=\"601\" src=\"https:\/\/anoticiaonline.com.br\/site\/wp-content\/uploads\/2018\/12\/Milane-17.jpg\" class=\"attachment-large size-large\" alt=\"\" srcset=\"https:\/\/anoticiaonline.com.br\/site\/wp-content\/uploads\/2018\/12\/Milane-17.jpg 1000w, https:\/\/anoticiaonline.com.br\/site\/wp-content\/uploads\/2018\/12\/Milane-17-300x200.jpg 300w, https:\/\/anoticiaonline.com.br\/site\/wp-content\/uploads\/2018\/12\/Milane-17-768x513.jpg 768w\" sizes=\"(max-width: 900px) 100vw, 900px\" \/><\/a>\n\t\t\t<\/div><\/figure><figure class='gallery-item'>\n\t\t\t<div class='gallery-icon landscape'>\n\t\t\t\t<a href='https:\/\/anoticiaonline.com.br\/site\/milane-tintas-recebe-clientes-e-amigos-para-reinauguracao\/milane-18\/#main'><img loading=\"lazy\" decoding=\"async\" width=\"900\" height=\"601\" src=\"https:\/\/anoticiaonline.com.br\/site\/wp-content\/uploads\/2018\/12\/Milane-18.jpg\" class=\"attachment-large size-large\" alt=\"\" srcset=\"https:\/\/anoticiaonline.com.br\/site\/wp-content\/uploads\/2018\/12\/Milane-18.jpg 1000w, https:\/\/anoticiaonline.com.br\/site\/wp-content\/uploads\/2018\/12\/Milane-18-300x200.jpg 300w, https:\/\/anoticiaonline.com.br\/site\/wp-content\/uploads\/2018\/12\/Milane-18-768x513.jpg 768w\" sizes=\"(max-width: 900px) 100vw, 900px\" \/><\/a>\n\t\t\t<\/div><\/figure><figure class='gallery-item'>\n\t\t\t<div class='gallery-icon landscape'>\n\t\t\t\t<a href='https:\/\/anoticiaonline.com.br\/site\/milane-tintas-recebe-clientes-e-amigos-para-reinauguracao\/milane-19\/#main'><img loading=\"lazy\" decoding=\"async\" width=\"900\" height=\"601\" src=\"https:\/\/anoticiaonline.com.br\/site\/wp-content\/uploads\/2018\/12\/Milane-19.jpg\" class=\"attachment-large size-large\" alt=\"\" srcset=\"https:\/\/anoticiaonline.com.br\/site\/wp-content\/uploads\/2018\/12\/Milane-19.jpg 1000w, https:\/\/anoticiaonline.com.br\/site\/wp-content\/uploads\/2018\/12\/Milane-19-300x200.jpg 300w, https:\/\/anoticiaonline.com.br\/site\/wp-content\/uploads\/2018\/12\/Milane-19-768x513.jpg 768w\" sizes=\"(max-width: 900px) 100vw, 900px\" \/><\/a>\n\t\t\t<\/div><\/figure><figure class='gallery-item'>\n\t\t\t<div class='gallery-icon landscape'>\n\t\t\t\t<a href='https:\/\/anoticiaonline.com.br\/site\/milane-tintas-recebe-clientes-e-amigos-para-reinauguracao\/milane-20\/#main'><img loading=\"lazy\" decoding=\"async\" width=\"900\" height=\"601\" src=\"https:\/\/anoticiaonline.com.br\/site\/wp-content\/uploads\/2018\/12\/Milane-20.jpg\" class=\"attachment-large size-large\" alt=\"\" srcset=\"https:\/\/anoticiaonline.com.br\/site\/wp-content\/uploads\/2018\/12\/Milane-20.jpg 1000w, https:\/\/anoticiaonline.com.br\/site\/wp-content\/uploads\/2018\/12\/Milane-20-300x200.jpg 300w, https:\/\/anoticiaonline.com.br\/site\/wp-content\/uploads\/2018\/12\/Milane-20-768x513.jpg 768w\" sizes=\"(max-width: 900px) 100vw, 900px\" \/><\/a>\n\t\t\t<\/div><\/figure><figure class='gallery-item'>\n\t\t\t<div class='gallery-icon landscape'>\n\t\t\t\t<a href='https:\/\/anoticiaonline.com.br\/site\/milane-tintas-recebe-clientes-e-amigos-para-reinauguracao\/milane-21\/#main'><img loading=\"lazy\" decoding=\"async\" width=\"900\" height=\"601\" src=\"https:\/\/anoticiaonline.com.br\/site\/wp-content\/uploads\/2018\/12\/Milane-21.jpg\" class=\"attachment-large size-large\" alt=\"\" srcset=\"https:\/\/anoticiaonline.com.br\/site\/wp-content\/uploads\/2018\/12\/Milane-21.jpg 1000w, https:\/\/anoticiaonline.com.br\/site\/wp-content\/uploads\/2018\/12\/Milane-21-300x200.jpg 300w, https:\/\/anoticiaonline.com.br\/site\/wp-content\/uploads\/2018\/12\/Milane-21-768x513.jpg 768w\" sizes=\"(max-width: 900px) 100vw, 900px\" \/><\/a>\n\t\t\t<\/div><\/figure><figure class='gallery-item'>\n\t\t\t<div class='gallery-icon landscape'>\n\t\t\t\t<a href='https:\/\/anoticiaonline.com.br\/site\/milane-tintas-recebe-clientes-e-amigos-para-reinauguracao\/milane-22\/#main'><img loading=\"lazy\" decoding=\"async\" width=\"900\" height=\"601\" src=\"https:\/\/anoticiaonline.com.br\/site\/wp-content\/uploads\/2018\/12\/Milane-22.jpg\" class=\"attachment-large size-large\" alt=\"\" srcset=\"https:\/\/anoticiaonline.com.br\/site\/wp-content\/uploads\/2018\/12\/Milane-22.jpg 1000w, https:\/\/anoticiaonline.com.br\/site\/wp-content\/uploads\/2018\/12\/Milane-22-300x200.jpg 300w, https:\/\/anoticiaonline.com.br\/site\/wp-content\/uploads\/2018\/12\/Milane-22-768x513.jpg 768w\" sizes=\"(max-width: 900px) 100vw, 900px\" \/><\/a>\n\t\t\t<\/div><\/figure><figure class='gallery-item'>\n\t\t\t<div class='gallery-icon landscape'>\n\t\t\t\t<a href='https:\/\/anoticiaonline.com.br\/site\/milane-tintas-recebe-clientes-e-amigos-para-reinauguracao\/milane-23\/#main'><img loading=\"lazy\" decoding=\"async\" width=\"900\" height=\"601\" src=\"https:\/\/anoticiaonline.com.br\/site\/wp-content\/uploads\/2018\/12\/Milane-23.jpg\" class=\"attachment-large size-large\" alt=\"\" srcset=\"https:\/\/anoticiaonline.com.br\/site\/wp-content\/uploads\/2018\/12\/Milane-23.jpg 1000w, https:\/\/anoticiaonline.com.br\/site\/wp-content\/uploads\/2018\/12\/Milane-23-300x200.jpg 300w, https:\/\/anoticiaonline.com.br\/site\/wp-content\/uploads\/2018\/12\/Milane-23-768x513.jpg 768w\" sizes=\"(max-width: 900px) 100vw, 900px\" \/><\/a>\n\t\t\t<\/div><\/figure><figure class='gallery-item'>\n\t\t\t<div class='gallery-icon landscape'>\n\t\t\t\t<a href='https:\/\/anoticiaonline.com.br\/site\/milane-tintas-recebe-clientes-e-amigos-para-reinauguracao\/milane-24\/#main'><img loading=\"lazy\" decoding=\"async\" width=\"900\" height=\"601\" src=\"https:\/\/anoticiaonline.com.br\/site\/wp-content\/uploads\/2018\/12\/Milane-24.jpg\" class=\"attachment-large size-large\" alt=\"\" srcset=\"https:\/\/anoticiaonline.com.br\/site\/wp-content\/uploads\/2018\/12\/Milane-24.jpg 1000w, https:\/\/anoticiaonline.com.br\/site\/wp-content\/uploads\/2018\/12\/Milane-24-300x200.jpg 300w, https:\/\/anoticiaonline.com.br\/site\/wp-content\/uploads\/2018\/12\/Milane-24-768x513.jpg 768w\" sizes=\"(max-width: 900px) 100vw, 900px\" \/><\/a>\n\t\t\t<\/div><\/figure>\n\t\t<\/div>\n\n","protected":false},"excerpt":{"rendered":"<p>Loja, que est\u00e1 sob nova dire\u00e7\u00e3o, alia qualidade e excelentes pre\u00e7os Foi reinaugurada, na sexta-feira (7), a tradicional loja Milane Tintas, presente h\u00e1 25 anos na cidade. A loja, que est\u00e1 sob nova dire\u00e7\u00e3o, continua no mesmo endere\u00e7o e segue com os mesmos princ\u00edpios: produtos e atendimento de qualidade, com os melhores pre\u00e7os.<\/p>\n","protected":false},"author":2,"featured_media":66051,"comment_status":"open","ping_status":"open","sticky":false,"template":"","format":"standard","meta":{"_acf_changed":false,"_monsterinsights_skip_tracking":false,"footnotes":""},"categories":[30],"tags":[],"class_list":["post-65950","post","type-post","status-publish","format-standard","has-post-thumbnail","hentry","category-muriae"],"acf":[],"aioseo_notices":[],"aioseo_head":"\n\t\t<!-- All in One SEO 5.0.0.1 - aioseo.com -->\n\t<meta name=\"description\" content=\"Loja, que est\u00e1 sob nova dire\u00e7\u00e3o, alia qualidade e excelentes pre\u00e7os Foi reinaugurada, na sexta-feira (7), a tradicional loja Milane Tintas, presente h\u00e1 25 anos na cidade. A loja, que est\u00e1 sob nova dire\u00e7\u00e3o, continua no mesmo endere\u00e7o e segue com os mesmos princ\u00edpios: produtos e atendimento de qualidade, com os melhores pre\u00e7os. As irm\u00e3s\" \/>\n\t<meta name=\"robots\" content=\"max-image-preview:large\" \/>\n\t<meta name=\"author\" content=\"Juliana Laviola\"\/>\n\t<link rel=\"canonical\" href=\"https:\/\/anoticiaonline.com.br\/site\/milane-tintas-recebe-clientes-e-amigos-para-reinauguracao\/\" \/>\n\t<meta name=\"generator\" content=\"All in One SEO (AIOSEO) 5.0.0.1\" \/>\n\t\t<meta property=\"og:locale\" content=\"pt_BR\" \/>\n\t\t<meta property=\"og:site_name\" content=\"A Not\u00edcia Online - Noticias de Muria\u00e9 e regi\u00e3o\" \/>\n\t\t<meta property=\"og:type\" content=\"article\" \/>\n\t\t<meta property=\"og:title\" content=\"Milane Tintas recebe clientes e amigos para reinaugura\u00e7\u00e3o - A Not\u00edcia Online\" \/>\n\t\t<meta property=\"og:description\" content=\"Loja, que est\u00e1 sob nova dire\u00e7\u00e3o, alia qualidade e excelentes pre\u00e7os Foi reinaugurada, na sexta-feira (7), a tradicional loja Milane Tintas, presente h\u00e1 25 anos na cidade. A loja, que est\u00e1 sob nova dire\u00e7\u00e3o, continua no mesmo endere\u00e7o e segue com os mesmos princ\u00edpios: produtos e atendimento de qualidade, com os melhores pre\u00e7os. As irm\u00e3s\" \/>\n\t\t<meta property=\"og:url\" content=\"https:\/\/anoticiaonline.com.br\/site\/milane-tintas-recebe-clientes-e-amigos-para-reinauguracao\/\" \/>\n\t\t<meta property=\"og:image\" content=\"https:\/\/scontent-gig4-1.xx.fbcdn.net\/v\/t39.30808-1\/270437624_4564083193639691_6907940295614233970_n.jpg?stp=dst-jpg_s200x200_tt6&#038;_nc_cat=111&#038;ccb=1-7&#038;_nc_sid=f907e8&#038;_nc_ohc=SM1wRlP3lJwQ7kNvwEPuBYA&#038;_nc_oc=AdnqrjDN_BNjSSHWO-GbkIWH6fkGMLw4bqvL_NH6e2wMveX7G-rP2dAqsDSq1mJMOaY&#038;_nc_zt=24&#038;_nc_ht=scontent-gig4-1.xx&#038;_nc_gid=AoBFJeGrT1hVaew_6rchkQ&#038;oh=00_AfX7QmFGhQhG2jAllVgXCiM1ZrWgvtp80-Bfppyexh1QEg&#038;oe=689E923C\" \/>\n\t\t<meta property=\"og:image:secure_url\" content=\"https:\/\/scontent-gig4-1.xx.fbcdn.net\/v\/t39.30808-1\/270437624_4564083193639691_6907940295614233970_n.jpg?stp=dst-jpg_s200x200_tt6&#038;_nc_cat=111&#038;ccb=1-7&#038;_nc_sid=f907e8&#038;_nc_ohc=SM1wRlP3lJwQ7kNvwEPuBYA&#038;_nc_oc=AdnqrjDN_BNjSSHWO-GbkIWH6fkGMLw4bqvL_NH6e2wMveX7G-rP2dAqsDSq1mJMOaY&#038;_nc_zt=24&#038;_nc_ht=scontent-gig4-1.xx&#038;_nc_gid=AoBFJeGrT1hVaew_6rchkQ&#038;oh=00_AfX7QmFGhQhG2jAllVgXCiM1ZrWgvtp80-Bfppyexh1QEg&#038;oe=689E923C\" \/>\n\t\t<meta property=\"article:published_time\" content=\"2018-12-14T21:00:18+00:00\" \/>\n\t\t<meta property=\"article:modified_time\" content=\"2018-12-20T11:54:26+00:00\" \/>\n\t\t<meta name=\"twitter:card\" content=\"summary_large_image\" \/>\n\t\t<meta name=\"twitter:title\" content=\"Milane Tintas recebe clientes e amigos para reinaugura\u00e7\u00e3o - A Not\u00edcia Online\" \/>\n\t\t<meta name=\"twitter:description\" content=\"Loja, que est\u00e1 sob nova dire\u00e7\u00e3o, alia qualidade e excelentes pre\u00e7os Foi reinaugurada, na sexta-feira (7), a tradicional loja Milane Tintas, presente h\u00e1 25 anos na cidade. A loja, que est\u00e1 sob nova dire\u00e7\u00e3o, continua no mesmo endere\u00e7o e segue com os mesmos princ\u00edpios: produtos e atendimento de qualidade, com os melhores pre\u00e7os. As irm\u00e3s\" \/>\n\t\t<meta name=\"twitter:image\" content=\"https:\/\/scontent-gig4-1.xx.fbcdn.net\/v\/t39.30808-1\/270437624_4564083193639691_6907940295614233970_n.jpg?stp=dst-jpg_s200x200_tt6&amp;_nc_cat=111&amp;ccb=1-7&amp;_nc_sid=f907e8&amp;_nc_ohc=SM1wRlP3lJwQ7kNvwEPuBYA&amp;_nc_oc=AdnqrjDN_BNjSSHWO-GbkIWH6fkGMLw4bqvL_NH6e2wMveX7G-rP2dAqsDSq1mJMOaY&amp;_nc_zt=24&amp;_nc_ht=scontent-gig4-1.xx&amp;_nc_gid=AoBFJeGrT1hVaew_6rchkQ&amp;oh=00_AfX7QmFGhQhG2jAllVgXCiM1ZrWgvtp80-Bfppyexh1QEg&amp;oe=689E923C\" \/>\n\t\t<script type=\"application\/ld+json\" class=\"aioseo-schema\">\n\t\t\t{\"@context\":\"https:\\\/\\\/schema.org\",\"@graph\":[{\"@type\":\"BlogPosting\",\"@id\":\"https:\\\/\\\/anoticiaonline.com.br\\\/site\\\/milane-tintas-recebe-clientes-e-amigos-para-reinauguracao\\\/#blogposting\",\"name\":\"Milane Tintas recebe clientes e amigos para reinaugura\\u00e7\\u00e3o - A Not\\u00edcia Online\",\"headline\":\"Milane Tintas recebe clientes e amigos para reinaugura\\u00e7\\u00e3o\",\"author\":{\"@id\":\"https:\\\/\\\/anoticiaonline.com.br\\\/site\\\/author\\\/juliana\\\/#author\"},\"publisher\":{\"@id\":\"https:\\\/\\\/anoticiaonline.com.br\\\/site\\\/#organization\"},\"image\":{\"@type\":\"ImageObject\",\"url\":\"https:\\\/\\\/anoticiaonline.com.br\\\/site\\\/wp-content\\\/uploads\\\/2018\\\/12\\\/capa-2.jpg\",\"width\":1000,\"height\":350},\"datePublished\":\"2018-12-14T18:00:18-03:00\",\"dateModified\":\"2018-12-20T08:54:26-03:00\",\"inLanguage\":\"pt-BR\",\"mainEntityOfPage\":{\"@id\":\"https:\\\/\\\/anoticiaonline.com.br\\\/site\\\/milane-tintas-recebe-clientes-e-amigos-para-reinauguracao\\\/#webpage\"},\"isPartOf\":{\"@id\":\"https:\\\/\\\/anoticiaonline.com.br\\\/site\\\/milane-tintas-recebe-clientes-e-amigos-para-reinauguracao\\\/#webpage\"},\"articleSection\":\"Blog\"},{\"@type\":\"BreadcrumbList\",\"@id\":\"https:\\\/\\\/anoticiaonline.com.br\\\/site\\\/milane-tintas-recebe-clientes-e-amigos-para-reinauguracao\\\/#breadcrumblist\",\"itemListElement\":[{\"@type\":\"ListItem\",\"@id\":\"https:\\\/\\\/anoticiaonline.com.br\\\/site#listItem\",\"position\":1,\"name\":\"Home\",\"item\":\"https:\\\/\\\/anoticiaonline.com.br\\\/site\",\"nextItem\":{\"@type\":\"ListItem\",\"@id\":\"https:\\\/\\\/anoticiaonline.com.br\\\/site\\\/categoria\\\/muriae\\\/#listItem\",\"name\":\"Blog\"}},{\"@type\":\"ListItem\",\"@id\":\"https:\\\/\\\/anoticiaonline.com.br\\\/site\\\/categoria\\\/muriae\\\/#listItem\",\"position\":2,\"name\":\"Blog\",\"item\":\"https:\\\/\\\/anoticiaonline.com.br\\\/site\\\/categoria\\\/muriae\\\/\",\"nextItem\":{\"@type\":\"ListItem\",\"@id\":\"https:\\\/\\\/anoticiaonline.com.br\\\/site\\\/milane-tintas-recebe-clientes-e-amigos-para-reinauguracao\\\/#listItem\",\"name\":\"Milane Tintas recebe clientes e amigos para reinaugura\\u00e7\\u00e3o\"},\"previousItem\":{\"@type\":\"ListItem\",\"@id\":\"https:\\\/\\\/anoticiaonline.com.br\\\/site#listItem\",\"name\":\"Home\"}},{\"@type\":\"ListItem\",\"@id\":\"https:\\\/\\\/anoticiaonline.com.br\\\/site\\\/milane-tintas-recebe-clientes-e-amigos-para-reinauguracao\\\/#listItem\",\"position\":3,\"name\":\"Milane Tintas recebe clientes e amigos para reinaugura\\u00e7\\u00e3o\",\"previousItem\":{\"@type\":\"ListItem\",\"@id\":\"https:\\\/\\\/anoticiaonline.com.br\\\/site\\\/categoria\\\/muriae\\\/#listItem\",\"name\":\"Blog\"}}]},{\"@type\":\"Organization\",\"@id\":\"https:\\\/\\\/anoticiaonline.com.br\\\/site\\\/#organization\",\"name\":\"A Not\\u00edcia Online\",\"description\":\"Noticias de Muria\\u00e9 e regi\\u00e3o\",\"url\":\"https:\\\/\\\/anoticiaonline.com.br\\\/site\\\/\",\"logo\":{\"@type\":\"ImageObject\",\"url\":\"https:\\\/\\\/scontent-gig4-1.xx.fbcdn.net\\\/v\\\/t39.30808-1\\\/270437624_4564083193639691_6907940295614233970_n.jpg?stp=dst-jpg_s200x200_tt6&_nc_cat=111&ccb=1-7&_nc_sid=f907e8&_nc_ohc=SM1wRlP3lJwQ7kNvwEPuBYA&_nc_oc=AdnqrjDN_BNjSSHWO-GbkIWH6fkGMLw4bqvL_NH6e2wMveX7G-rP2dAqsDSq1mJMOaY&_nc_zt=24&_nc_ht=scontent-gig4-1.xx&_nc_gid=AoBFJeGrT1hVaew_6rchkQ&oh=00_AfX7QmFGhQhG2jAllVgXCiM1ZrWgvtp80-Bfppyexh1QEg&oe=689E923C\",\"@id\":\"https:\\\/\\\/anoticiaonline.com.br\\\/site\\\/milane-tintas-recebe-clientes-e-amigos-para-reinauguracao\\\/#organizationLogo\"},\"image\":{\"@id\":\"https:\\\/\\\/anoticiaonline.com.br\\\/site\\\/milane-tintas-recebe-clientes-e-amigos-para-reinauguracao\\\/#organizationLogo\"}},{\"@type\":\"Person\",\"@id\":\"https:\\\/\\\/anoticiaonline.com.br\\\/site\\\/author\\\/juliana\\\/#author\",\"url\":\"https:\\\/\\\/anoticiaonline.com.br\\\/site\\\/author\\\/juliana\\\/\",\"name\":\"Juliana Laviola\",\"image\":{\"@type\":\"ImageObject\",\"@id\":\"https:\\\/\\\/anoticiaonline.com.br\\\/site\\\/milane-tintas-recebe-clientes-e-amigos-para-reinauguracao\\\/#authorImage\",\"url\":\"https:\\\/\\\/secure.gravatar.com\\\/avatar\\\/b8d45f5c699b100dfaf0e543582f38f38bf94cb7ae3a5e9abf8d891a34773335?s=96&d=mm&r=g\",\"width\":96,\"height\":96,\"caption\":\"Juliana Laviola\"}},{\"@type\":\"WebPage\",\"@id\":\"https:\\\/\\\/anoticiaonline.com.br\\\/site\\\/milane-tintas-recebe-clientes-e-amigos-para-reinauguracao\\\/#webpage\",\"url\":\"https:\\\/\\\/anoticiaonline.com.br\\\/site\\\/milane-tintas-recebe-clientes-e-amigos-para-reinauguracao\\\/\",\"name\":\"Milane Tintas recebe clientes e amigos para reinaugura\\u00e7\\u00e3o - A Not\\u00edcia Online\",\"description\":\"Loja, que est\\u00e1 sob nova dire\\u00e7\\u00e3o, alia qualidade e excelentes pre\\u00e7os Foi reinaugurada, na sexta-feira (7), a tradicional loja Milane Tintas, presente h\\u00e1 25 anos na cidade. A loja, que est\\u00e1 sob nova dire\\u00e7\\u00e3o, continua no mesmo endere\\u00e7o e segue com os mesmos princ\\u00edpios: produtos e atendimento de qualidade, com os melhores pre\\u00e7os. As irm\\u00e3s\",\"inLanguage\":\"pt-BR\",\"isPartOf\":{\"@id\":\"https:\\\/\\\/anoticiaonline.com.br\\\/site\\\/#website\"},\"breadcrumb\":{\"@id\":\"https:\\\/\\\/anoticiaonline.com.br\\\/site\\\/milane-tintas-recebe-clientes-e-amigos-para-reinauguracao\\\/#breadcrumblist\"},\"author\":{\"@id\":\"https:\\\/\\\/anoticiaonline.com.br\\\/site\\\/author\\\/juliana\\\/#author\"},\"creator\":{\"@id\":\"https:\\\/\\\/anoticiaonline.com.br\\\/site\\\/author\\\/juliana\\\/#author\"},\"image\":{\"@type\":\"ImageObject\",\"url\":\"https:\\\/\\\/anoticiaonline.com.br\\\/site\\\/wp-content\\\/uploads\\\/2018\\\/12\\\/capa-2.jpg\",\"@id\":\"https:\\\/\\\/anoticiaonline.com.br\\\/site\\\/milane-tintas-recebe-clientes-e-amigos-para-reinauguracao\\\/#mainImage\",\"width\":1000,\"height\":350},\"primaryImageOfPage\":{\"@id\":\"https:\\\/\\\/anoticiaonline.com.br\\\/site\\\/milane-tintas-recebe-clientes-e-amigos-para-reinauguracao\\\/#mainImage\"},\"datePublished\":\"2018-12-14T18:00:18-03:00\",\"dateModified\":\"2018-12-20T08:54:26-03:00\"},{\"@type\":\"WebSite\",\"@id\":\"https:\\\/\\\/anoticiaonline.com.br\\\/site\\\/#website\",\"url\":\"https:\\\/\\\/anoticiaonline.com.br\\\/site\\\/\",\"name\":\"A Not\\u00edcia Online\",\"description\":\"Noticias de Muria\\u00e9 e regi\\u00e3o\",\"inLanguage\":\"pt-BR\",\"publisher\":{\"@id\":\"https:\\\/\\\/anoticiaonline.com.br\\\/site\\\/#organization\"}}]}\n\t\t<\/script>\n\t\t<!-- All in One SEO -->\n\n","aioseo_head_json":{"title":"Milane Tintas recebe clientes e amigos para reinaugura\u00e7\u00e3o - A Not\u00edcia Online","description":"Loja, que est\u00e1 sob nova dire\u00e7\u00e3o, alia qualidade e excelentes pre\u00e7os Foi reinaugurada, na sexta-feira (7), a tradicional loja Milane Tintas, presente h\u00e1 25 anos na cidade. A loja, que est\u00e1 sob nova dire\u00e7\u00e3o, continua no mesmo endere\u00e7o e segue com os mesmos princ\u00edpios: produtos e atendimento de qualidade, com os melhores pre\u00e7os. As irm\u00e3s","canonical_url":"https:\/\/anoticiaonline.com.br\/site\/milane-tintas-recebe-clientes-e-amigos-para-reinauguracao\/","robots":"max-image-preview:large","keywords":"","webmasterTools":{"miscellaneous":""},"schema":{"@context":"https:\/\/schema.org","@graph":[{"@type":"BlogPosting","@id":"https:\/\/anoticiaonline.com.br\/site\/milane-tintas-recebe-clientes-e-amigos-para-reinauguracao\/#blogposting","name":"Milane Tintas recebe clientes e amigos para reinaugura\u00e7\u00e3o - A Not\u00edcia Online","headline":"Milane Tintas recebe clientes e amigos para reinaugura\u00e7\u00e3o","author":{"@id":"https:\/\/anoticiaonline.com.br\/site\/author\/juliana\/#author"},"publisher":{"@id":"https:\/\/anoticiaonline.com.br\/site\/#organization"},"image":{"@type":"ImageObject","url":"https:\/\/anoticiaonline.com.br\/site\/wp-content\/uploads\/2018\/12\/capa-2.jpg","width":1000,"height":350},"datePublished":"2018-12-14T18:00:18-03:00","dateModified":"2018-12-20T08:54:26-03:00","inLanguage":"pt-BR","mainEntityOfPage":{"@id":"https:\/\/anoticiaonline.com.br\/site\/milane-tintas-recebe-clientes-e-amigos-para-reinauguracao\/#webpage"},"isPartOf":{"@id":"https:\/\/anoticiaonline.com.br\/site\/milane-tintas-recebe-clientes-e-amigos-para-reinauguracao\/#webpage"},"articleSection":"Blog"},{"@type":"BreadcrumbList","@id":"https:\/\/anoticiaonline.com.br\/site\/milane-tintas-recebe-clientes-e-amigos-para-reinauguracao\/#breadcrumblist","itemListElement":[{"@type":"ListItem","@id":"https:\/\/anoticiaonline.com.br\/site#listItem","position":1,"name":"Home","item":"https:\/\/anoticiaonline.com.br\/site","nextItem":{"@type":"ListItem","@id":"https:\/\/anoticiaonline.com.br\/site\/categoria\/muriae\/#listItem","name":"Blog"}},{"@type":"ListItem","@id":"https:\/\/anoticiaonline.com.br\/site\/categoria\/muriae\/#listItem","position":2,"name":"Blog","item":"https:\/\/anoticiaonline.com.br\/site\/categoria\/muriae\/","nextItem":{"@type":"ListItem","@id":"https:\/\/anoticiaonline.com.br\/site\/milane-tintas-recebe-clientes-e-amigos-para-reinauguracao\/#listItem","name":"Milane Tintas recebe clientes e amigos para reinaugura\u00e7\u00e3o"},"previousItem":{"@type":"ListItem","@id":"https:\/\/anoticiaonline.com.br\/site#listItem","name":"Home"}},{"@type":"ListItem","@id":"https:\/\/anoticiaonline.com.br\/site\/milane-tintas-recebe-clientes-e-amigos-para-reinauguracao\/#listItem","position":3,"name":"Milane Tintas recebe clientes e amigos para reinaugura\u00e7\u00e3o","previousItem":{"@type":"ListItem","@id":"https:\/\/anoticiaonline.com.br\/site\/categoria\/muriae\/#listItem","name":"Blog"}}]},{"@type":"Organization","@id":"https:\/\/anoticiaonline.com.br\/site\/#organization","name":"A Not\u00edcia Online","description":"Noticias de Muria\u00e9 e regi\u00e3o","url":"https:\/\/anoticiaonline.com.br\/site\/","logo":{"@type":"ImageObject","url":"https:\/\/scontent-gig4-1.xx.fbcdn.net\/v\/t39.30808-1\/270437624_4564083193639691_6907940295614233970_n.jpg?stp=dst-jpg_s200x200_tt6&_nc_cat=111&ccb=1-7&_nc_sid=f907e8&_nc_ohc=SM1wRlP3lJwQ7kNvwEPuBYA&_nc_oc=AdnqrjDN_BNjSSHWO-GbkIWH6fkGMLw4bqvL_NH6e2wMveX7G-rP2dAqsDSq1mJMOaY&_nc_zt=24&_nc_ht=scontent-gig4-1.xx&_nc_gid=AoBFJeGrT1hVaew_6rchkQ&oh=00_AfX7QmFGhQhG2jAllVgXCiM1ZrWgvtp80-Bfppyexh1QEg&oe=689E923C","@id":"https:\/\/anoticiaonline.com.br\/site\/milane-tintas-recebe-clientes-e-amigos-para-reinauguracao\/#organizationLogo"},"image":{"@id":"https:\/\/anoticiaonline.com.br\/site\/milane-tintas-recebe-clientes-e-amigos-para-reinauguracao\/#organizationLogo"}},{"@type":"Person","@id":"https:\/\/anoticiaonline.com.br\/site\/author\/juliana\/#author","url":"https:\/\/anoticiaonline.com.br\/site\/author\/juliana\/","name":"Juliana Laviola","image":{"@type":"ImageObject","@id":"https:\/\/anoticiaonline.com.br\/site\/milane-tintas-recebe-clientes-e-amigos-para-reinauguracao\/#authorImage","url":"https:\/\/secure.gravatar.com\/avatar\/b8d45f5c699b100dfaf0e543582f38f38bf94cb7ae3a5e9abf8d891a34773335?s=96&d=mm&r=g","width":96,"height":96,"caption":"Juliana Laviola"}},{"@type":"WebPage","@id":"https:\/\/anoticiaonline.com.br\/site\/milane-tintas-recebe-clientes-e-amigos-para-reinauguracao\/#webpage","url":"https:\/\/anoticiaonline.com.br\/site\/milane-tintas-recebe-clientes-e-amigos-para-reinauguracao\/","name":"Milane Tintas recebe clientes e amigos para reinaugura\u00e7\u00e3o - A Not\u00edcia Online","description":"Loja, que est\u00e1 sob nova dire\u00e7\u00e3o, alia qualidade e excelentes pre\u00e7os Foi reinaugurada, na sexta-feira (7), a tradicional loja Milane Tintas, presente h\u00e1 25 anos na cidade. A loja, que est\u00e1 sob nova dire\u00e7\u00e3o, continua no mesmo endere\u00e7o e segue com os mesmos princ\u00edpios: produtos e atendimento de qualidade, com os melhores pre\u00e7os. As irm\u00e3s","inLanguage":"pt-BR","isPartOf":{"@id":"https:\/\/anoticiaonline.com.br\/site\/#website"},"breadcrumb":{"@id":"https:\/\/anoticiaonline.com.br\/site\/milane-tintas-recebe-clientes-e-amigos-para-reinauguracao\/#breadcrumblist"},"author":{"@id":"https:\/\/anoticiaonline.com.br\/site\/author\/juliana\/#author"},"creator":{"@id":"https:\/\/anoticiaonline.com.br\/site\/author\/juliana\/#author"},"image":{"@type":"ImageObject","url":"https:\/\/anoticiaonline.com.br\/site\/wp-content\/uploads\/2018\/12\/capa-2.jpg","@id":"https:\/\/anoticiaonline.com.br\/site\/milane-tintas-recebe-clientes-e-amigos-para-reinauguracao\/#mainImage","width":1000,"height":350},"primaryImageOfPage":{"@id":"https:\/\/anoticiaonline.com.br\/site\/milane-tintas-recebe-clientes-e-amigos-para-reinauguracao\/#mainImage"},"datePublished":"2018-12-14T18:00:18-03:00","dateModified":"2018-12-20T08:54:26-03:00"},{"@type":"WebSite","@id":"https:\/\/anoticiaonline.com.br\/site\/#website","url":"https:\/\/anoticiaonline.com.br\/site\/","name":"A Not\u00edcia Online","description":"Noticias de Muria\u00e9 e regi\u00e3o","inLanguage":"pt-BR","publisher":{"@id":"https:\/\/anoticiaonline.com.br\/site\/#organization"}}]},"og:locale":"pt_BR","og:site_name":"A Not\u00edcia Online - Noticias de Muria\u00e9 e regi\u00e3o","og:type":"article","og:title":"Milane Tintas recebe clientes e amigos para reinaugura\u00e7\u00e3o - A Not\u00edcia Online","og:description":"Loja, que est\u00e1 sob nova dire\u00e7\u00e3o, alia qualidade e excelentes pre\u00e7os Foi reinaugurada, na sexta-feira (7), a tradicional loja Milane Tintas, presente h\u00e1 25 anos na cidade. A loja, que est\u00e1 sob nova dire\u00e7\u00e3o, continua no mesmo endere\u00e7o e segue com os mesmos princ\u00edpios: produtos e atendimento de qualidade, com os melhores pre\u00e7os. As irm\u00e3s","og:url":"https:\/\/anoticiaonline.com.br\/site\/milane-tintas-recebe-clientes-e-amigos-para-reinauguracao\/","og:image":"https:\/\/scontent-gig4-1.xx.fbcdn.net\/v\/t39.30808-1\/270437624_4564083193639691_6907940295614233970_n.jpg?stp=dst-jpg_s200x200_tt6&#038;_nc_cat=111&#038;ccb=1-7&#038;_nc_sid=f907e8&#038;_nc_ohc=SM1wRlP3lJwQ7kNvwEPuBYA&#038;_nc_oc=AdnqrjDN_BNjSSHWO-GbkIWH6fkGMLw4bqvL_NH6e2wMveX7G-rP2dAqsDSq1mJMOaY&#038;_nc_zt=24&#038;_nc_ht=scontent-gig4-1.xx&#038;_nc_gid=AoBFJeGrT1hVaew_6rchkQ&#038;oh=00_AfX7QmFGhQhG2jAllVgXCiM1ZrWgvtp80-Bfppyexh1QEg&#038;oe=689E923C","og:image:secure_url":"https:\/\/scontent-gig4-1.xx.fbcdn.net\/v\/t39.30808-1\/270437624_4564083193639691_6907940295614233970_n.jpg?stp=dst-jpg_s200x200_tt6&#038;_nc_cat=111&#038;ccb=1-7&#038;_nc_sid=f907e8&#038;_nc_ohc=SM1wRlP3lJwQ7kNvwEPuBYA&#038;_nc_oc=AdnqrjDN_BNjSSHWO-GbkIWH6fkGMLw4bqvL_NH6e2wMveX7G-rP2dAqsDSq1mJMOaY&#038;_nc_zt=24&#038;_nc_ht=scontent-gig4-1.xx&#038;_nc_gid=AoBFJeGrT1hVaew_6rchkQ&#038;oh=00_AfX7QmFGhQhG2jAllVgXCiM1ZrWgvtp80-Bfppyexh1QEg&#038;oe=689E923C","article:published_time":"2018-12-14T21:00:18+00:00","article:modified_time":"2018-12-20T11:54:26+00:00","twitter:card":"summary_large_image","twitter:title":"Milane Tintas recebe clientes e amigos para reinaugura\u00e7\u00e3o - A Not\u00edcia Online","twitter:description":"Loja, que est\u00e1 sob nova dire\u00e7\u00e3o, alia qualidade e excelentes pre\u00e7os Foi reinaugurada, na sexta-feira (7), a tradicional loja Milane Tintas, presente h\u00e1 25 anos na cidade. A loja, que est\u00e1 sob nova dire\u00e7\u00e3o, continua no mesmo endere\u00e7o e segue com os mesmos princ\u00edpios: produtos e atendimento de qualidade, com os melhores pre\u00e7os. As irm\u00e3s","twitter:image":"https:\/\/scontent-gig4-1.xx.fbcdn.net\/v\/t39.30808-1\/270437624_4564083193639691_6907940295614233970_n.jpg?stp=dst-jpg_s200x200_tt6&_nc_cat=111&ccb=1-7&_nc_sid=f907e8&_nc_ohc=SM1wRlP3lJwQ7kNvwEPuBYA&_nc_oc=AdnqrjDN_BNjSSHWO-GbkIWH6fkGMLw4bqvL_NH6e2wMveX7G-rP2dAqsDSq1mJMOaY&_nc_zt=24&_nc_ht=scontent-gig4-1.xx&_nc_gid=AoBFJeGrT1hVaew_6rchkQ&oh=00_AfX7QmFGhQhG2jAllVgXCiM1ZrWgvtp80-Bfppyexh1QEg&oe=689E923C"},"aioseo_meta_data":{"post_id":"65950","title":null,"description":null,"keywords":null,"keyphrases":null,"primary_term":null,"canonical_url":null,"og_title":null,"og_description":null,"og_object_type":"default","og_image_type":"default","og_image_url":null,"og_image_width":null,"og_image_height":null,"og_image_custom_url":null,"og_image_custom_fields":null,"og_video":null,"og_custom_url":null,"og_article_section":null,"og_article_tags":null,"twitter_use_og":false,"twitter_card":"default","twitter_image_type":"default","twitter_image_url":null,"twitter_image_custom_url":null,"twitter_image_custom_fields":null,"twitter_title":null,"twitter_description":null,"schema":{"blockGraphs":[],"customGraphs":[],"default":{"data":{"Article":[],"Course":[],"Dataset":[],"FAQPage":[],"Movie":[],"Person":[],"Product":[],"ProductReview":[],"Car":[],"Recipe":[],"Service":[],"SoftwareApplication":[],"WebPage":[]},"graphName":"","isEnabled":true},"graphs":[]},"schema_type":"default","schema_type_options":null,"pillar_content":false,"robots_default":true,"robots_noindex":false,"robots_noarchive":false,"robots_nosnippet":false,"robots_nofollow":false,"robots_noimageindex":false,"robots_noodp":false,"robots_notranslate":false,"robots_max_snippet":null,"robots_max_videopreview":null,"robots_max_imagepreview":"large","priority":null,"frequency":null,"local_seo":null,"breadcrumb_settings":null,"limit_modified_date":false,"ai":null,"created":"2025-08-16 22:30:43","updated":"2025-08-16 22:30:43","focus_keyword":null,"additional_keywords":null,"truseo_locale":null,"seo_analyzer_scan_date":null},"aioseo_breadcrumb":"<div class=\"aioseo-breadcrumbs\"><span class=\"aioseo-breadcrumb\">\n\t\t\t<a href=\"https:\/\/anoticiaonline.com.br\/site\" title=\"Home\">Home<\/a>\n\t\t<\/span><span class=\"aioseo-breadcrumb-separator\">&raquo;<\/span><span class=\"aioseo-breadcrumb\">\n\t\t\t<a href=\"https:\/\/anoticiaonline.com.br\/site\/categoria\/muriae\/\" title=\"Blog\">Blog<\/a>\n\t\t<\/span><span class=\"aioseo-breadcrumb-separator\">&raquo;<\/span><span class=\"aioseo-breadcrumb\">\n\t\t\tMilane Tintas recebe clientes e amigos para reinaugura\u00e7\u00e3o\n\t\t<\/span><\/div>","aioseo_breadcrumb_json":[{"label":"Home","link":"https:\/\/anoticiaonline.com.br\/site"},{"label":"Blog","link":"https:\/\/anoticiaonline.com.br\/site\/categoria\/muriae\/"},{"label":"Milane Tintas recebe clientes e amigos para reinaugura\u00e7\u00e3o","link":"https:\/\/anoticiaonline.com.br\/site\/milane-tintas-recebe-clientes-e-amigos-para-reinauguracao\/"}],"views":190,"_links":{"self":[{"href":"https:\/\/anoticiaonline.com.br\/site\/wp-json\/wp\/v2\/posts\/65950","targetHints":{"allow":["GET"]}}],"collection":[{"href":"https:\/\/anoticiaonline.com.br\/site\/wp-json\/wp\/v2\/posts"}],"about":[{"href":"https:\/\/anoticiaonline.com.br\/site\/wp-json\/wp\/v2\/types\/post"}],"author":[{"embeddable":true,"href":"https:\/\/anoticiaonline.com.br\/site\/wp-json\/wp\/v2\/users\/2"}],"replies":[{"embeddable":true,"href":"https:\/\/anoticiaonline.com.br\/site\/wp-json\/wp\/v2\/comments?post=65950"}],"version-history":[{"count":0,"href":"https:\/\/anoticiaonline.com.br\/site\/wp-json\/wp\/v2\/posts\/65950\/revisions"}],"wp:featuredmedia":[{"embeddable":true,"href":"https:\/\/anoticiaonline.com.br\/site\/wp-json\/wp\/v2\/media\/66051"}],"wp:attachment":[{"href":"https:\/\/anoticiaonline.com.br\/site\/wp-json\/wp\/v2\/media?parent=65950"}],"wp:term":[{"taxonomy":"category","embeddable":true,"href":"https:\/\/anoticiaonline.com.br\/site\/wp-json\/wp\/v2\/categories?post=65950"},{"taxonomy":"post_tag","embeddable":true,"href":"https:\/\/anoticiaonline.com.br\/site\/wp-json\/wp\/v2\/tags?post=65950"}],"curies":[{"name":"wp","href":"https:\/\/api.w.org\/{rel}","templated":true}]}}