{"id":65908,"date":"2018-12-14T12:00:28","date_gmt":"2018-12-14T15:00:28","guid":{"rendered":"http:\/\/anoticiaonline.com.br\/site\/?p=65908"},"modified":"2018-12-28T13:00:29","modified_gmt":"2018-12-28T16:00:29","slug":"projeto-ciranda-cultural-e-encerrado-com-espetaculo-gratuito-na-praca-joao-pinheiro","status":"publish","type":"post","link":"https:\/\/anoticiaonline.com.br\/site\/projeto-ciranda-cultural-e-encerrado-com-espetaculo-gratuito-na-praca-joao-pinheiro\/","title":{"rendered":"Projeto Ciranda Cultural \u00e9 encerrado com espet\u00e1culo na Pra\u00e7a Jo\u00e3o Pinheiro"},"content":{"rendered":"<p><a href=\"https:\/\/anoticiaonline.com.br\/site\/wp-content\/uploads\/2018\/12\/Ciranda-14.jpg\"><img fetchpriority=\"high\" decoding=\"async\" class=\"aligncenter size-full wp-image-65934\" src=\"https:\/\/anoticiaonline.com.br\/site\/wp-content\/uploads\/2018\/12\/Ciranda-14.jpg\" alt=\"\" width=\"1000\" height=\"663\" srcset=\"https:\/\/anoticiaonline.com.br\/site\/wp-content\/uploads\/2018\/12\/Ciranda-14.jpg 1000w, https:\/\/anoticiaonline.com.br\/site\/wp-content\/uploads\/2018\/12\/Ciranda-14-300x200.jpg 300w, https:\/\/anoticiaonline.com.br\/site\/wp-content\/uploads\/2018\/12\/Ciranda-14-768x509.jpg 768w, https:\/\/anoticiaonline.com.br\/site\/wp-content\/uploads\/2018\/12\/Ciranda-14-687x455.jpg 687w\" sizes=\"(max-width: 1000px) 100vw, 1000px\" \/><\/a><\/p>\n<p>Participantes do Projeto Ciranda Cultural se reuniram no Coreto da Pra\u00e7a Jo\u00e3o Pinheiro, na noite de sexta-feira (7), em uma \u201cGrande Ciranda\u201d. Com a dire\u00e7\u00e3o de Kalluh Ara\u00fajo e Luiz Alberto De Filippo, o espet\u00e1culo, gratuito, teve como inspira\u00e7\u00e3o a Semana de Arte Moderna de 1922, surpreendendo o p\u00fablico presente.<\/p>\n<p><!--more--><\/p>\n<p>Durante o ano de 2018, o Ciranda Cultural promoveu uma s\u00e9rie de oficinas e encontros de forma\u00e7\u00e3o nas Escolas Estaduais Dr. Olavo Tostes, Engenheiro Orlando Flores e Professor Gon\u00e7alves Couto. Atrav\u00e9s de um edital, premiou 12 iniciativas que circularam pelo munic\u00edpio, potencializando a cria\u00e7\u00e3o de novos territ\u00f3rios, fortalecendo a atua\u00e7\u00e3o de agentes multiplicadores e coletivos culturais de nossa regi\u00e3o.<\/p>\n<p>O Ciranda Cultural tem o patroc\u00ednio da Energisa, atrav\u00e9s da Lei Estadual de Incentivo \u00e0 Cultura de Minas Gerais. Coordenado por Gilca Napier, Fernando Paix\u00e3o Duarte e Alessandra Sexto, o projeto tem o foco na forma\u00e7\u00e3o art\u00edstico-cultural, integrando jovens estudantes, artistas, artes\u00e3os, agentes e produtores culturais com o objetivo de construir uma metodologia criativa de desenvolvimento e gest\u00e3o de projetos, incentivando o protagonismo sociocultural nas comunidades. Tamb\u00e9m fazem parte da equipe do projeto os arte-educadores Diones D\u2019Castro, Elielson Rodrigues e Guilherme Souza, al\u00e9m dos monitores Adilio Silva e Alex Petrillo.<\/p>\n<p>De acordo com Gilca Napier, o Ciranda Cultural foi executado de forma complexa por se tratar de um projeto de forma\u00e7\u00e3o n\u00e3o s\u00f3 art\u00edstica, mas tamb\u00e9m, com o objetivo de trabalhar com jovens e produtores culturais em geral, para que eles pudessem ter uma vis\u00e3o de empreendedores. \u201cN\u00f3s promovemos consultorias para que os participantes pudessem aprender a escrever os pr\u00f3prios projetos e apresent\u00e1-los da melhor maneira poss\u00edvel. Para isso, realizamos encontros semanais e palestras mensais para que os cadastrados no Projeto Ciranda pudessem ser beneficiados. Al\u00e9m disso, oferecemos oficinas de m\u00fasica, de dan\u00e7a e teatro nas tr\u00eas escolas participantes\u201d.<\/p>\n<p>Segundo Gilca, o espet\u00e1culo, apresentado no Coreto da Pra\u00e7a Jo\u00e3o Pinheiro, foi o resultado dos encontros promovidos pelo projeto. \u201cOs grupos art\u00edsticos que se apresentaram no espet\u00e1culo s\u00e3o tradicionais na cidade. O espet\u00e1culo tamb\u00e9m contou com alunos e professores das escolas participantes. Todos eles apresentaram seus projetos durante o ano atrav\u00e9s de um edital de premia\u00e7\u00e3o lan\u00e7ado pelo Projeto Ciranda Cultural. Aproveito a oportunidade para agradecer todos que se envolveram no projeto durante o ano de 2018, em primeiro lugar \u00e0 Lei Estadual de Incentivo \u00e0 Cultura, \u00e0 patrocinadora Energisa, al\u00e9m dos jovens, professores, estudantes, diretores, nossa equipe de apoio e \u00e0 imprensa muriaeense\u201d.<\/p>\n<p>Com o apoio da Funda\u00e7\u00e3o Ormeo Junqueira Botelho e do Polo de Audiovisual da Zona da Mata, o Projeto Ciranda Cultural tamb\u00e9m efetivou importantes parcerias locais que acompanharam o desenvolvimento de todas as atividades durante o ano: Hotel Regina; Ylafrut; Arthur Marinho; Posto Veredas; Papelaria Central; Padaria Imperial; Premium Plaza; Supermercado Bazinho; Fest Trotta e C\u00e2mara de Dirigentes Logistas e Associa\u00e7\u00e3o Comercial, Empresarial e Industrial de Muria\u00e9.<\/p>\n<div id='gallery-1' class='gallery galleryid-65908 gallery-columns-1 gallery-size-large'><figure class='gallery-item'>\n\t\t\t<div class='gallery-icon landscape'>\n\t\t\t\t<a href='https:\/\/anoticiaonline.com.br\/site\/projeto-ciranda-cultural-e-encerrado-com-espetaculo-gratuito-na-praca-joao-pinheiro\/ciranda-19\/#main'><img decoding=\"async\" width=\"900\" height=\"597\" src=\"https:\/\/anoticiaonline.com.br\/site\/wp-content\/uploads\/2018\/12\/Ciranda-19.jpg\" class=\"attachment-large size-large\" alt=\"\" srcset=\"https:\/\/anoticiaonline.com.br\/site\/wp-content\/uploads\/2018\/12\/Ciranda-19.jpg 1000w, https:\/\/anoticiaonline.com.br\/site\/wp-content\/uploads\/2018\/12\/Ciranda-19-300x200.jpg 300w, https:\/\/anoticiaonline.com.br\/site\/wp-content\/uploads\/2018\/12\/Ciranda-19-768x509.jpg 768w, https:\/\/anoticiaonline.com.br\/site\/wp-content\/uploads\/2018\/12\/Ciranda-19-687x455.jpg 687w\" sizes=\"(max-width: 900px) 100vw, 900px\" \/><\/a>\n\t\t\t<\/div><\/figure><figure class='gallery-item'>\n\t\t\t<div class='gallery-icon landscape'>\n\t\t\t\t<a href='https:\/\/anoticiaonline.com.br\/site\/projeto-ciranda-cultural-e-encerrado-com-espetaculo-gratuito-na-praca-joao-pinheiro\/ciranda-18\/#main'><img decoding=\"async\" width=\"900\" height=\"597\" src=\"https:\/\/anoticiaonline.com.br\/site\/wp-content\/uploads\/2018\/12\/Ciranda-18.jpg\" class=\"attachment-large size-large\" alt=\"\" srcset=\"https:\/\/anoticiaonline.com.br\/site\/wp-content\/uploads\/2018\/12\/Ciranda-18.jpg 1000w, https:\/\/anoticiaonline.com.br\/site\/wp-content\/uploads\/2018\/12\/Ciranda-18-300x200.jpg 300w, https:\/\/anoticiaonline.com.br\/site\/wp-content\/uploads\/2018\/12\/Ciranda-18-768x509.jpg 768w, https:\/\/anoticiaonline.com.br\/site\/wp-content\/uploads\/2018\/12\/Ciranda-18-687x455.jpg 687w\" sizes=\"(max-width: 900px) 100vw, 900px\" \/><\/a>\n\t\t\t<\/div><\/figure><figure class='gallery-item'>\n\t\t\t<div class='gallery-icon landscape'>\n\t\t\t\t<a href='https:\/\/anoticiaonline.com.br\/site\/projeto-ciranda-cultural-e-encerrado-com-espetaculo-gratuito-na-praca-joao-pinheiro\/ciranda-17\/#main'><img loading=\"lazy\" decoding=\"async\" width=\"900\" height=\"597\" src=\"https:\/\/anoticiaonline.com.br\/site\/wp-content\/uploads\/2018\/12\/Ciranda-17.jpg\" class=\"attachment-large size-large\" alt=\"\" srcset=\"https:\/\/anoticiaonline.com.br\/site\/wp-content\/uploads\/2018\/12\/Ciranda-17.jpg 1000w, https:\/\/anoticiaonline.com.br\/site\/wp-content\/uploads\/2018\/12\/Ciranda-17-300x200.jpg 300w, https:\/\/anoticiaonline.com.br\/site\/wp-content\/uploads\/2018\/12\/Ciranda-17-768x509.jpg 768w, https:\/\/anoticiaonline.com.br\/site\/wp-content\/uploads\/2018\/12\/Ciranda-17-687x455.jpg 687w\" sizes=\"(max-width: 900px) 100vw, 900px\" \/><\/a>\n\t\t\t<\/div><\/figure><figure class='gallery-item'>\n\t\t\t<div class='gallery-icon landscape'>\n\t\t\t\t<a href='https:\/\/anoticiaonline.com.br\/site\/projeto-ciranda-cultural-e-encerrado-com-espetaculo-gratuito-na-praca-joao-pinheiro\/ciranda-16\/#main'><img loading=\"lazy\" decoding=\"async\" width=\"900\" height=\"597\" src=\"https:\/\/anoticiaonline.com.br\/site\/wp-content\/uploads\/2018\/12\/Ciranda-16.jpg\" class=\"attachment-large size-large\" alt=\"\" srcset=\"https:\/\/anoticiaonline.com.br\/site\/wp-content\/uploads\/2018\/12\/Ciranda-16.jpg 1000w, https:\/\/anoticiaonline.com.br\/site\/wp-content\/uploads\/2018\/12\/Ciranda-16-300x200.jpg 300w, https:\/\/anoticiaonline.com.br\/site\/wp-content\/uploads\/2018\/12\/Ciranda-16-768x509.jpg 768w, https:\/\/anoticiaonline.com.br\/site\/wp-content\/uploads\/2018\/12\/Ciranda-16-687x455.jpg 687w\" sizes=\"(max-width: 900px) 100vw, 900px\" \/><\/a>\n\t\t\t<\/div><\/figure><figure class='gallery-item'>\n\t\t\t<div class='gallery-icon landscape'>\n\t\t\t\t<a href='https:\/\/anoticiaonline.com.br\/site\/projeto-ciranda-cultural-e-encerrado-com-espetaculo-gratuito-na-praca-joao-pinheiro\/ciranda-15\/#main'><img loading=\"lazy\" decoding=\"async\" width=\"900\" height=\"597\" src=\"https:\/\/anoticiaonline.com.br\/site\/wp-content\/uploads\/2018\/12\/Ciranda-15.jpg\" class=\"attachment-large size-large\" alt=\"\" srcset=\"https:\/\/anoticiaonline.com.br\/site\/wp-content\/uploads\/2018\/12\/Ciranda-15.jpg 1000w, https:\/\/anoticiaonline.com.br\/site\/wp-content\/uploads\/2018\/12\/Ciranda-15-300x200.jpg 300w, https:\/\/anoticiaonline.com.br\/site\/wp-content\/uploads\/2018\/12\/Ciranda-15-768x509.jpg 768w, https:\/\/anoticiaonline.com.br\/site\/wp-content\/uploads\/2018\/12\/Ciranda-15-687x455.jpg 687w\" sizes=\"(max-width: 900px) 100vw, 900px\" \/><\/a>\n\t\t\t<\/div><\/figure><figure class='gallery-item'>\n\t\t\t<div class='gallery-icon landscape'>\n\t\t\t\t<a href='https:\/\/anoticiaonline.com.br\/site\/projeto-ciranda-cultural-e-encerrado-com-espetaculo-gratuito-na-praca-joao-pinheiro\/ciranda-14\/#main'><img loading=\"lazy\" decoding=\"async\" width=\"900\" height=\"597\" src=\"https:\/\/anoticiaonline.com.br\/site\/wp-content\/uploads\/2018\/12\/Ciranda-14.jpg\" class=\"attachment-large size-large\" alt=\"\" srcset=\"https:\/\/anoticiaonline.com.br\/site\/wp-content\/uploads\/2018\/12\/Ciranda-14.jpg 1000w, https:\/\/anoticiaonline.com.br\/site\/wp-content\/uploads\/2018\/12\/Ciranda-14-300x200.jpg 300w, https:\/\/anoticiaonline.com.br\/site\/wp-content\/uploads\/2018\/12\/Ciranda-14-768x509.jpg 768w, https:\/\/anoticiaonline.com.br\/site\/wp-content\/uploads\/2018\/12\/Ciranda-14-687x455.jpg 687w\" sizes=\"(max-width: 900px) 100vw, 900px\" \/><\/a>\n\t\t\t<\/div><\/figure><figure class='gallery-item'>\n\t\t\t<div class='gallery-icon landscape'>\n\t\t\t\t<a href='https:\/\/anoticiaonline.com.br\/site\/projeto-ciranda-cultural-e-encerrado-com-espetaculo-gratuito-na-praca-joao-pinheiro\/ciranda-13\/#main'><img loading=\"lazy\" decoding=\"async\" width=\"900\" height=\"597\" src=\"https:\/\/anoticiaonline.com.br\/site\/wp-content\/uploads\/2018\/12\/Ciranda-13.jpg\" class=\"attachment-large size-large\" alt=\"\" srcset=\"https:\/\/anoticiaonline.com.br\/site\/wp-content\/uploads\/2018\/12\/Ciranda-13.jpg 1000w, https:\/\/anoticiaonline.com.br\/site\/wp-content\/uploads\/2018\/12\/Ciranda-13-300x200.jpg 300w, https:\/\/anoticiaonline.com.br\/site\/wp-content\/uploads\/2018\/12\/Ciranda-13-768x509.jpg 768w, https:\/\/anoticiaonline.com.br\/site\/wp-content\/uploads\/2018\/12\/Ciranda-13-687x455.jpg 687w\" sizes=\"(max-width: 900px) 100vw, 900px\" \/><\/a>\n\t\t\t<\/div><\/figure><figure class='gallery-item'>\n\t\t\t<div class='gallery-icon landscape'>\n\t\t\t\t<a href='https:\/\/anoticiaonline.com.br\/site\/projeto-ciranda-cultural-e-encerrado-com-espetaculo-gratuito-na-praca-joao-pinheiro\/ciranda-11\/#main'><img loading=\"lazy\" decoding=\"async\" width=\"900\" height=\"597\" src=\"https:\/\/anoticiaonline.com.br\/site\/wp-content\/uploads\/2018\/12\/Ciranda-11.jpg\" class=\"attachment-large size-large\" alt=\"\" srcset=\"https:\/\/anoticiaonline.com.br\/site\/wp-content\/uploads\/2018\/12\/Ciranda-11.jpg 1000w, https:\/\/anoticiaonline.com.br\/site\/wp-content\/uploads\/2018\/12\/Ciranda-11-300x200.jpg 300w, https:\/\/anoticiaonline.com.br\/site\/wp-content\/uploads\/2018\/12\/Ciranda-11-768x509.jpg 768w, https:\/\/anoticiaonline.com.br\/site\/wp-content\/uploads\/2018\/12\/Ciranda-11-687x455.jpg 687w\" sizes=\"(max-width: 900px) 100vw, 900px\" \/><\/a>\n\t\t\t<\/div><\/figure><figure class='gallery-item'>\n\t\t\t<div class='gallery-icon landscape'>\n\t\t\t\t<a href='https:\/\/anoticiaonline.com.br\/site\/projeto-ciranda-cultural-e-encerrado-com-espetaculo-gratuito-na-praca-joao-pinheiro\/ciranda-12\/#main'><img loading=\"lazy\" decoding=\"async\" width=\"900\" height=\"597\" src=\"https:\/\/anoticiaonline.com.br\/site\/wp-content\/uploads\/2018\/12\/Ciranda-12.jpg\" class=\"attachment-large size-large\" alt=\"\" srcset=\"https:\/\/anoticiaonline.com.br\/site\/wp-content\/uploads\/2018\/12\/Ciranda-12.jpg 1000w, https:\/\/anoticiaonline.com.br\/site\/wp-content\/uploads\/2018\/12\/Ciranda-12-300x200.jpg 300w, https:\/\/anoticiaonline.com.br\/site\/wp-content\/uploads\/2018\/12\/Ciranda-12-768x509.jpg 768w, https:\/\/anoticiaonline.com.br\/site\/wp-content\/uploads\/2018\/12\/Ciranda-12-687x455.jpg 687w\" sizes=\"(max-width: 900px) 100vw, 900px\" \/><\/a>\n\t\t\t<\/div><\/figure><figure class='gallery-item'>\n\t\t\t<div class='gallery-icon landscape'>\n\t\t\t\t<a href='https:\/\/anoticiaonline.com.br\/site\/projeto-ciranda-cultural-e-encerrado-com-espetaculo-gratuito-na-praca-joao-pinheiro\/ciranda-10\/#main'><img loading=\"lazy\" decoding=\"async\" width=\"900\" height=\"597\" src=\"https:\/\/anoticiaonline.com.br\/site\/wp-content\/uploads\/2018\/12\/Ciranda-10.jpg\" class=\"attachment-large size-large\" alt=\"\" srcset=\"https:\/\/anoticiaonline.com.br\/site\/wp-content\/uploads\/2018\/12\/Ciranda-10.jpg 1000w, https:\/\/anoticiaonline.com.br\/site\/wp-content\/uploads\/2018\/12\/Ciranda-10-300x200.jpg 300w, https:\/\/anoticiaonline.com.br\/site\/wp-content\/uploads\/2018\/12\/Ciranda-10-768x509.jpg 768w, https:\/\/anoticiaonline.com.br\/site\/wp-content\/uploads\/2018\/12\/Ciranda-10-687x455.jpg 687w\" sizes=\"(max-width: 900px) 100vw, 900px\" \/><\/a>\n\t\t\t<\/div><\/figure><figure class='gallery-item'>\n\t\t\t<div class='gallery-icon landscape'>\n\t\t\t\t<a href='https:\/\/anoticiaonline.com.br\/site\/projeto-ciranda-cultural-e-encerrado-com-espetaculo-gratuito-na-praca-joao-pinheiro\/ciranda-5\/#main'><img loading=\"lazy\" decoding=\"async\" width=\"900\" height=\"597\" src=\"https:\/\/anoticiaonline.com.br\/site\/wp-content\/uploads\/2018\/12\/Ciranda-5.jpg\" class=\"attachment-large size-large\" alt=\"\" srcset=\"https:\/\/anoticiaonline.com.br\/site\/wp-content\/uploads\/2018\/12\/Ciranda-5.jpg 1000w, https:\/\/anoticiaonline.com.br\/site\/wp-content\/uploads\/2018\/12\/Ciranda-5-300x200.jpg 300w, https:\/\/anoticiaonline.com.br\/site\/wp-content\/uploads\/2018\/12\/Ciranda-5-768x509.jpg 768w, https:\/\/anoticiaonline.com.br\/site\/wp-content\/uploads\/2018\/12\/Ciranda-5-687x455.jpg 687w\" sizes=\"(max-width: 900px) 100vw, 900px\" \/><\/a>\n\t\t\t<\/div><\/figure><figure class='gallery-item'>\n\t\t\t<div class='gallery-icon landscape'>\n\t\t\t\t<a href='https:\/\/anoticiaonline.com.br\/site\/projeto-ciranda-cultural-e-encerrado-com-espetaculo-gratuito-na-praca-joao-pinheiro\/ciranda-6\/#main'><img loading=\"lazy\" decoding=\"async\" width=\"900\" height=\"597\" src=\"https:\/\/anoticiaonline.com.br\/site\/wp-content\/uploads\/2018\/12\/Ciranda-6.jpg\" class=\"attachment-large size-large\" alt=\"\" srcset=\"https:\/\/anoticiaonline.com.br\/site\/wp-content\/uploads\/2018\/12\/Ciranda-6.jpg 1000w, https:\/\/anoticiaonline.com.br\/site\/wp-content\/uploads\/2018\/12\/Ciranda-6-300x200.jpg 300w, https:\/\/anoticiaonline.com.br\/site\/wp-content\/uploads\/2018\/12\/Ciranda-6-768x509.jpg 768w, https:\/\/anoticiaonline.com.br\/site\/wp-content\/uploads\/2018\/12\/Ciranda-6-687x455.jpg 687w\" sizes=\"(max-width: 900px) 100vw, 900px\" \/><\/a>\n\t\t\t<\/div><\/figure><figure class='gallery-item'>\n\t\t\t<div class='gallery-icon landscape'>\n\t\t\t\t<a href='https:\/\/anoticiaonline.com.br\/site\/projeto-ciranda-cultural-e-encerrado-com-espetaculo-gratuito-na-praca-joao-pinheiro\/ciranda-7\/#main'><img loading=\"lazy\" decoding=\"async\" width=\"900\" height=\"597\" src=\"https:\/\/anoticiaonline.com.br\/site\/wp-content\/uploads\/2018\/12\/Ciranda-7.jpg\" class=\"attachment-large size-large\" alt=\"\" srcset=\"https:\/\/anoticiaonline.com.br\/site\/wp-content\/uploads\/2018\/12\/Ciranda-7.jpg 1000w, https:\/\/anoticiaonline.com.br\/site\/wp-content\/uploads\/2018\/12\/Ciranda-7-300x200.jpg 300w, https:\/\/anoticiaonline.com.br\/site\/wp-content\/uploads\/2018\/12\/Ciranda-7-768x509.jpg 768w, https:\/\/anoticiaonline.com.br\/site\/wp-content\/uploads\/2018\/12\/Ciranda-7-687x455.jpg 687w\" sizes=\"(max-width: 900px) 100vw, 900px\" \/><\/a>\n\t\t\t<\/div><\/figure><figure class='gallery-item'>\n\t\t\t<div class='gallery-icon portrait'>\n\t\t\t\t<a href='https:\/\/anoticiaonline.com.br\/site\/projeto-ciranda-cultural-e-encerrado-com-espetaculo-gratuito-na-praca-joao-pinheiro\/ciranda-8\/#main'><img loading=\"lazy\" decoding=\"async\" width=\"508\" height=\"768\" src=\"https:\/\/anoticiaonline.com.br\/site\/wp-content\/uploads\/2018\/12\/Ciranda-8.jpg\" class=\"attachment-large size-large\" alt=\"\" srcset=\"https:\/\/anoticiaonline.com.br\/site\/wp-content\/uploads\/2018\/12\/Ciranda-8.jpg 508w, https:\/\/anoticiaonline.com.br\/site\/wp-content\/uploads\/2018\/12\/Ciranda-8-198x300.jpg 198w\" sizes=\"(max-width: 508px) 100vw, 508px\" \/><\/a>\n\t\t\t<\/div><\/figure><figure class='gallery-item'>\n\t\t\t<div class='gallery-icon landscape'>\n\t\t\t\t<a href='https:\/\/anoticiaonline.com.br\/site\/projeto-ciranda-cultural-e-encerrado-com-espetaculo-gratuito-na-praca-joao-pinheiro\/ciranda-9\/#main'><img loading=\"lazy\" decoding=\"async\" width=\"900\" height=\"597\" src=\"https:\/\/anoticiaonline.com.br\/site\/wp-content\/uploads\/2018\/12\/Ciranda-9.jpg\" class=\"attachment-large size-large\" alt=\"\" srcset=\"https:\/\/anoticiaonline.com.br\/site\/wp-content\/uploads\/2018\/12\/Ciranda-9.jpg 1000w, https:\/\/anoticiaonline.com.br\/site\/wp-content\/uploads\/2018\/12\/Ciranda-9-300x200.jpg 300w, https:\/\/anoticiaonline.com.br\/site\/wp-content\/uploads\/2018\/12\/Ciranda-9-768x509.jpg 768w, https:\/\/anoticiaonline.com.br\/site\/wp-content\/uploads\/2018\/12\/Ciranda-9-687x455.jpg 687w\" sizes=\"(max-width: 900px) 100vw, 900px\" \/><\/a>\n\t\t\t<\/div><\/figure><figure class='gallery-item'>\n\t\t\t<div class='gallery-icon landscape'>\n\t\t\t\t<a href='https:\/\/anoticiaonline.com.br\/site\/projeto-ciranda-cultural-e-encerrado-com-espetaculo-gratuito-na-praca-joao-pinheiro\/ciranda-4\/#main'><img loading=\"lazy\" decoding=\"async\" width=\"900\" height=\"597\" src=\"https:\/\/anoticiaonline.com.br\/site\/wp-content\/uploads\/2018\/12\/Ciranda-4.jpg\" class=\"attachment-large size-large\" alt=\"\" srcset=\"https:\/\/anoticiaonline.com.br\/site\/wp-content\/uploads\/2018\/12\/Ciranda-4.jpg 1000w, https:\/\/anoticiaonline.com.br\/site\/wp-content\/uploads\/2018\/12\/Ciranda-4-300x200.jpg 300w, https:\/\/anoticiaonline.com.br\/site\/wp-content\/uploads\/2018\/12\/Ciranda-4-768x509.jpg 768w, https:\/\/anoticiaonline.com.br\/site\/wp-content\/uploads\/2018\/12\/Ciranda-4-687x455.jpg 687w\" sizes=\"(max-width: 900px) 100vw, 900px\" \/><\/a>\n\t\t\t<\/div><\/figure><figure class='gallery-item'>\n\t\t\t<div class='gallery-icon portrait'>\n\t\t\t\t<a href='https:\/\/anoticiaonline.com.br\/site\/projeto-ciranda-cultural-e-encerrado-com-espetaculo-gratuito-na-praca-joao-pinheiro\/ciranda-2\/#main'><img loading=\"lazy\" decoding=\"async\" width=\"508\" height=\"768\" src=\"https:\/\/anoticiaonline.com.br\/site\/wp-content\/uploads\/2018\/12\/Ciranda-2.jpg\" class=\"attachment-large size-large\" alt=\"\" srcset=\"https:\/\/anoticiaonline.com.br\/site\/wp-content\/uploads\/2018\/12\/Ciranda-2.jpg 508w, https:\/\/anoticiaonline.com.br\/site\/wp-content\/uploads\/2018\/12\/Ciranda-2-198x300.jpg 198w\" sizes=\"(max-width: 508px) 100vw, 508px\" \/><\/a>\n\t\t\t<\/div><\/figure><figure class='gallery-item'>\n\t\t\t<div class='gallery-icon portrait'>\n\t\t\t\t<a href='https:\/\/anoticiaonline.com.br\/site\/projeto-ciranda-cultural-e-encerrado-com-espetaculo-gratuito-na-praca-joao-pinheiro\/ciranda-3\/#main'><img loading=\"lazy\" decoding=\"async\" width=\"508\" height=\"768\" src=\"https:\/\/anoticiaonline.com.br\/site\/wp-content\/uploads\/2018\/12\/Ciranda-3.jpg\" class=\"attachment-large size-large\" alt=\"\" srcset=\"https:\/\/anoticiaonline.com.br\/site\/wp-content\/uploads\/2018\/12\/Ciranda-3.jpg 508w, https:\/\/anoticiaonline.com.br\/site\/wp-content\/uploads\/2018\/12\/Ciranda-3-198x300.jpg 198w\" sizes=\"(max-width: 508px) 100vw, 508px\" \/><\/a>\n\t\t\t<\/div><\/figure><figure class='gallery-item'>\n\t\t\t<div class='gallery-icon landscape'>\n\t\t\t\t<a href='https:\/\/anoticiaonline.com.br\/site\/projeto-ciranda-cultural-e-encerrado-com-espetaculo-gratuito-na-praca-joao-pinheiro\/ciranda-1-2\/#main'><img loading=\"lazy\" decoding=\"async\" width=\"900\" height=\"597\" src=\"https:\/\/anoticiaonline.com.br\/site\/wp-content\/uploads\/2018\/12\/Ciranda-1.jpg\" class=\"attachment-large size-large\" alt=\"\" srcset=\"https:\/\/anoticiaonline.com.br\/site\/wp-content\/uploads\/2018\/12\/Ciranda-1.jpg 1000w, https:\/\/anoticiaonline.com.br\/site\/wp-content\/uploads\/2018\/12\/Ciranda-1-300x200.jpg 300w, https:\/\/anoticiaonline.com.br\/site\/wp-content\/uploads\/2018\/12\/Ciranda-1-768x509.jpg 768w, https:\/\/anoticiaonline.com.br\/site\/wp-content\/uploads\/2018\/12\/Ciranda-1-687x455.jpg 687w\" sizes=\"(max-width: 900px) 100vw, 900px\" \/><\/a>\n\t\t\t<\/div><\/figure><figure class='gallery-item'>\n\t\t\t<div class='gallery-icon landscape'>\n\t\t\t\t<a href='https:\/\/anoticiaonline.com.br\/site\/projeto-ciranda-cultural-e-encerrado-com-espetaculo-gratuito-na-praca-joao-pinheiro\/ciranda-1\/#main'><img loading=\"lazy\" decoding=\"async\" width=\"900\" height=\"598\" src=\"https:\/\/anoticiaonline.com.br\/site\/wp-content\/uploads\/2018\/12\/Ciranda-1.jpeg\" class=\"attachment-large size-large\" alt=\"\" srcset=\"https:\/\/anoticiaonline.com.br\/site\/wp-content\/uploads\/2018\/12\/Ciranda-1.jpeg 1000w, https:\/\/anoticiaonline.com.br\/site\/wp-content\/uploads\/2018\/12\/Ciranda-1-300x200.jpeg 300w, https:\/\/anoticiaonline.com.br\/site\/wp-content\/uploads\/2018\/12\/Ciranda-1-768x510.jpeg 768w, https:\/\/anoticiaonline.com.br\/site\/wp-content\/uploads\/2018\/12\/Ciranda-1-687x455.jpeg 687w\" sizes=\"(max-width: 900px) 100vw, 900px\" \/><\/a>\n\t\t\t<\/div><\/figure><figure class='gallery-item'>\n\t\t\t<div class='gallery-icon landscape'>\n\t\t\t\t<a href='https:\/\/anoticiaonline.com.br\/site\/projeto-ciranda-cultural-e-encerrado-com-espetaculo-gratuito-na-praca-joao-pinheiro\/ciranda-22\/#main'><img loading=\"lazy\" decoding=\"async\" width=\"900\" height=\"597\" src=\"https:\/\/anoticiaonline.com.br\/site\/wp-content\/uploads\/2018\/12\/Ciranda-22.jpg\" class=\"attachment-large size-large\" alt=\"\" srcset=\"https:\/\/anoticiaonline.com.br\/site\/wp-content\/uploads\/2018\/12\/Ciranda-22.jpg 1000w, https:\/\/anoticiaonline.com.br\/site\/wp-content\/uploads\/2018\/12\/Ciranda-22-300x200.jpg 300w, https:\/\/anoticiaonline.com.br\/site\/wp-content\/uploads\/2018\/12\/Ciranda-22-768x509.jpg 768w, https:\/\/anoticiaonline.com.br\/site\/wp-content\/uploads\/2018\/12\/Ciranda-22-687x455.jpg 687w\" sizes=\"(max-width: 900px) 100vw, 900px\" \/><\/a>\n\t\t\t<\/div><\/figure><figure class='gallery-item'>\n\t\t\t<div class='gallery-icon landscape'>\n\t\t\t\t<a href='https:\/\/anoticiaonline.com.br\/site\/projeto-ciranda-cultural-e-encerrado-com-espetaculo-gratuito-na-praca-joao-pinheiro\/ciranda-23\/#main'><img loading=\"lazy\" decoding=\"async\" width=\"900\" height=\"597\" src=\"https:\/\/anoticiaonline.com.br\/site\/wp-content\/uploads\/2018\/12\/Ciranda-23.jpg\" class=\"attachment-large size-large\" alt=\"\" srcset=\"https:\/\/anoticiaonline.com.br\/site\/wp-content\/uploads\/2018\/12\/Ciranda-23.jpg 1000w, https:\/\/anoticiaonline.com.br\/site\/wp-content\/uploads\/2018\/12\/Ciranda-23-300x200.jpg 300w, https:\/\/anoticiaonline.com.br\/site\/wp-content\/uploads\/2018\/12\/Ciranda-23-768x509.jpg 768w, https:\/\/anoticiaonline.com.br\/site\/wp-content\/uploads\/2018\/12\/Ciranda-23-687x455.jpg 687w\" sizes=\"(max-width: 900px) 100vw, 900px\" \/><\/a>\n\t\t\t<\/div><\/figure><figure class='gallery-item'>\n\t\t\t<div class='gallery-icon landscape'>\n\t\t\t\t<a href='https:\/\/anoticiaonline.com.br\/site\/projeto-ciranda-cultural-e-encerrado-com-espetaculo-gratuito-na-praca-joao-pinheiro\/ciranda-24\/#main'><img loading=\"lazy\" decoding=\"async\" width=\"900\" height=\"597\" src=\"https:\/\/anoticiaonline.com.br\/site\/wp-content\/uploads\/2018\/12\/Ciranda-24.jpg\" class=\"attachment-large size-large\" alt=\"\" srcset=\"https:\/\/anoticiaonline.com.br\/site\/wp-content\/uploads\/2018\/12\/Ciranda-24.jpg 1000w, https:\/\/anoticiaonline.com.br\/site\/wp-content\/uploads\/2018\/12\/Ciranda-24-300x200.jpg 300w, https:\/\/anoticiaonline.com.br\/site\/wp-content\/uploads\/2018\/12\/Ciranda-24-768x509.jpg 768w, https:\/\/anoticiaonline.com.br\/site\/wp-content\/uploads\/2018\/12\/Ciranda-24-687x455.jpg 687w\" sizes=\"(max-width: 900px) 100vw, 900px\" \/><\/a>\n\t\t\t<\/div><\/figure><figure class='gallery-item'>\n\t\t\t<div class='gallery-icon landscape'>\n\t\t\t\t<a href='https:\/\/anoticiaonline.com.br\/site\/projeto-ciranda-cultural-e-encerrado-com-espetaculo-gratuito-na-praca-joao-pinheiro\/ciranda-25\/#main'><img loading=\"lazy\" decoding=\"async\" width=\"900\" height=\"597\" src=\"https:\/\/anoticiaonline.com.br\/site\/wp-content\/uploads\/2018\/12\/Ciranda-25.jpg\" class=\"attachment-large size-large\" alt=\"\" srcset=\"https:\/\/anoticiaonline.com.br\/site\/wp-content\/uploads\/2018\/12\/Ciranda-25.jpg 1000w, https:\/\/anoticiaonline.com.br\/site\/wp-content\/uploads\/2018\/12\/Ciranda-25-300x200.jpg 300w, https:\/\/anoticiaonline.com.br\/site\/wp-content\/uploads\/2018\/12\/Ciranda-25-768x509.jpg 768w, https:\/\/anoticiaonline.com.br\/site\/wp-content\/uploads\/2018\/12\/Ciranda-25-687x455.jpg 687w\" sizes=\"(max-width: 900px) 100vw, 900px\" \/><\/a>\n\t\t\t<\/div><\/figure><figure class='gallery-item'>\n\t\t\t<div class='gallery-icon landscape'>\n\t\t\t\t<a href='https:\/\/anoticiaonline.com.br\/site\/projeto-ciranda-cultural-e-encerrado-com-espetaculo-gratuito-na-praca-joao-pinheiro\/ciranda-26\/#main'><img loading=\"lazy\" decoding=\"async\" width=\"900\" height=\"597\" src=\"https:\/\/anoticiaonline.com.br\/site\/wp-content\/uploads\/2018\/12\/Ciranda-26.jpg\" class=\"attachment-large size-large\" alt=\"\" srcset=\"https:\/\/anoticiaonline.com.br\/site\/wp-content\/uploads\/2018\/12\/Ciranda-26.jpg 1000w, https:\/\/anoticiaonline.com.br\/site\/wp-content\/uploads\/2018\/12\/Ciranda-26-300x200.jpg 300w, https:\/\/anoticiaonline.com.br\/site\/wp-content\/uploads\/2018\/12\/Ciranda-26-768x509.jpg 768w, https:\/\/anoticiaonline.com.br\/site\/wp-content\/uploads\/2018\/12\/Ciranda-26-687x455.jpg 687w\" sizes=\"(max-width: 900px) 100vw, 900px\" \/><\/a>\n\t\t\t<\/div><\/figure><figure class='gallery-item'>\n\t\t\t<div class='gallery-icon landscape'>\n\t\t\t\t<a href='https:\/\/anoticiaonline.com.br\/site\/projeto-ciranda-cultural-e-encerrado-com-espetaculo-gratuito-na-praca-joao-pinheiro\/ciranda-21\/#main'><img loading=\"lazy\" decoding=\"async\" width=\"900\" height=\"597\" src=\"https:\/\/anoticiaonline.com.br\/site\/wp-content\/uploads\/2018\/12\/Ciranda-21.jpg\" class=\"attachment-large size-large\" alt=\"\" srcset=\"https:\/\/anoticiaonline.com.br\/site\/wp-content\/uploads\/2018\/12\/Ciranda-21.jpg 1000w, https:\/\/anoticiaonline.com.br\/site\/wp-content\/uploads\/2018\/12\/Ciranda-21-300x200.jpg 300w, https:\/\/anoticiaonline.com.br\/site\/wp-content\/uploads\/2018\/12\/Ciranda-21-768x509.jpg 768w, https:\/\/anoticiaonline.com.br\/site\/wp-content\/uploads\/2018\/12\/Ciranda-21-687x455.jpg 687w\" sizes=\"(max-width: 900px) 100vw, 900px\" \/><\/a>\n\t\t\t<\/div><\/figure><figure class='gallery-item'>\n\t\t\t<div class='gallery-icon portrait'>\n\t\t\t\t<a href='https:\/\/anoticiaonline.com.br\/site\/projeto-ciranda-cultural-e-encerrado-com-espetaculo-gratuito-na-praca-joao-pinheiro\/ciranda-20\/#main'><img loading=\"lazy\" decoding=\"async\" width=\"508\" height=\"768\" src=\"https:\/\/anoticiaonline.com.br\/site\/wp-content\/uploads\/2018\/12\/Ciranda-20.jpg\" class=\"attachment-large size-large\" alt=\"\" srcset=\"https:\/\/anoticiaonline.com.br\/site\/wp-content\/uploads\/2018\/12\/Ciranda-20.jpg 508w, https:\/\/anoticiaonline.com.br\/site\/wp-content\/uploads\/2018\/12\/Ciranda-20-198x300.jpg 198w\" sizes=\"(max-width: 508px) 100vw, 508px\" \/><\/a>\n\t\t\t<\/div><\/figure>\n\t\t<\/div>\n\n","protected":false},"excerpt":{"rendered":"<p>Participantes do Projeto Ciranda Cultural se reuniram no Coreto da Pra\u00e7a Jo\u00e3o Pinheiro, na noite de sexta-feira (7), em uma \u201cGrande Ciranda\u201d. Com a dire\u00e7\u00e3o de Kalluh Ara\u00fajo e Luiz Alberto De Filippo, o espet\u00e1culo, gratuito, teve como inspira\u00e7\u00e3o a Semana de Arte Moderna de 1922, surpreendendo o p\u00fablico presente.<\/p>\n","protected":false},"author":2,"featured_media":65947,"comment_status":"open","ping_status":"open","sticky":false,"template":"","format":"standard","meta":{"_acf_changed":false,"_monsterinsights_skip_tracking":false,"footnotes":""},"categories":[30],"tags":[],"class_list":["post-65908","post","type-post","status-publish","format-standard","has-post-thumbnail","hentry","category-muriae"],"acf":[],"aioseo_notices":[],"aioseo_head":"\n\t\t<!-- All in One SEO 5.0.0.1 - aioseo.com -->\n\t<meta name=\"description\" content=\"Participantes do Projeto Ciranda Cultural se reuniram no Coreto da Pra\u00e7a Jo\u00e3o Pinheiro, na noite de sexta-feira (7), em uma \u201cGrande Ciranda\u201d. Com a dire\u00e7\u00e3o de Kalluh Ara\u00fajo e Luiz Alberto De Filippo, o espet\u00e1culo, gratuito, teve como inspira\u00e7\u00e3o a Semana de Arte Moderna de 1922, surpreendendo o p\u00fablico presente. Durante o ano de 2018,\" \/>\n\t<meta name=\"robots\" content=\"max-image-preview:large\" \/>\n\t<meta name=\"author\" content=\"Juliana Laviola\"\/>\n\t<link rel=\"canonical\" href=\"https:\/\/anoticiaonline.com.br\/site\/projeto-ciranda-cultural-e-encerrado-com-espetaculo-gratuito-na-praca-joao-pinheiro\/\" \/>\n\t<meta name=\"generator\" content=\"All in One SEO (AIOSEO) 5.0.0.1\" \/>\n\t\t<meta property=\"og:locale\" content=\"pt_BR\" \/>\n\t\t<meta property=\"og:site_name\" content=\"A Not\u00edcia Online - Noticias de Muria\u00e9 e regi\u00e3o\" \/>\n\t\t<meta property=\"og:type\" content=\"article\" \/>\n\t\t<meta property=\"og:title\" content=\"Projeto Ciranda Cultural \u00e9 encerrado com espet\u00e1culo na Pra\u00e7a Jo\u00e3o Pinheiro - A Not\u00edcia Online\" \/>\n\t\t<meta property=\"og:description\" content=\"Participantes do Projeto Ciranda Cultural se reuniram no Coreto da Pra\u00e7a Jo\u00e3o Pinheiro, na noite de sexta-feira (7), em uma \u201cGrande Ciranda\u201d. Com a dire\u00e7\u00e3o de Kalluh Ara\u00fajo e Luiz Alberto De Filippo, o espet\u00e1culo, gratuito, teve como inspira\u00e7\u00e3o a Semana de Arte Moderna de 1922, surpreendendo o p\u00fablico presente. Durante o ano de 2018,\" \/>\n\t\t<meta property=\"og:url\" content=\"https:\/\/anoticiaonline.com.br\/site\/projeto-ciranda-cultural-e-encerrado-com-espetaculo-gratuito-na-praca-joao-pinheiro\/\" \/>\n\t\t<meta property=\"og:image\" content=\"https:\/\/scontent-gig4-1.xx.fbcdn.net\/v\/t39.30808-1\/270437624_4564083193639691_6907940295614233970_n.jpg?stp=dst-jpg_s200x200_tt6&#038;_nc_cat=111&#038;ccb=1-7&#038;_nc_sid=f907e8&#038;_nc_ohc=SM1wRlP3lJwQ7kNvwEPuBYA&#038;_nc_oc=AdnqrjDN_BNjSSHWO-GbkIWH6fkGMLw4bqvL_NH6e2wMveX7G-rP2dAqsDSq1mJMOaY&#038;_nc_zt=24&#038;_nc_ht=scontent-gig4-1.xx&#038;_nc_gid=AoBFJeGrT1hVaew_6rchkQ&#038;oh=00_AfX7QmFGhQhG2jAllVgXCiM1ZrWgvtp80-Bfppyexh1QEg&#038;oe=689E923C\" \/>\n\t\t<meta property=\"og:image:secure_url\" content=\"https:\/\/scontent-gig4-1.xx.fbcdn.net\/v\/t39.30808-1\/270437624_4564083193639691_6907940295614233970_n.jpg?stp=dst-jpg_s200x200_tt6&#038;_nc_cat=111&#038;ccb=1-7&#038;_nc_sid=f907e8&#038;_nc_ohc=SM1wRlP3lJwQ7kNvwEPuBYA&#038;_nc_oc=AdnqrjDN_BNjSSHWO-GbkIWH6fkGMLw4bqvL_NH6e2wMveX7G-rP2dAqsDSq1mJMOaY&#038;_nc_zt=24&#038;_nc_ht=scontent-gig4-1.xx&#038;_nc_gid=AoBFJeGrT1hVaew_6rchkQ&#038;oh=00_AfX7QmFGhQhG2jAllVgXCiM1ZrWgvtp80-Bfppyexh1QEg&#038;oe=689E923C\" \/>\n\t\t<meta property=\"article:published_time\" content=\"2018-12-14T15:00:28+00:00\" \/>\n\t\t<meta property=\"article:modified_time\" content=\"2018-12-28T16:00:29+00:00\" \/>\n\t\t<meta name=\"twitter:card\" content=\"summary_large_image\" \/>\n\t\t<meta name=\"twitter:title\" content=\"Projeto Ciranda Cultural \u00e9 encerrado com espet\u00e1culo na Pra\u00e7a Jo\u00e3o Pinheiro - A Not\u00edcia Online\" \/>\n\t\t<meta name=\"twitter:description\" content=\"Participantes do Projeto Ciranda Cultural se reuniram no Coreto da Pra\u00e7a Jo\u00e3o Pinheiro, na noite de sexta-feira (7), em uma \u201cGrande Ciranda\u201d. Com a dire\u00e7\u00e3o de Kalluh Ara\u00fajo e Luiz Alberto De Filippo, o espet\u00e1culo, gratuito, teve como inspira\u00e7\u00e3o a Semana de Arte Moderna de 1922, surpreendendo o p\u00fablico presente. Durante o ano de 2018,\" \/>\n\t\t<meta name=\"twitter:image\" content=\"https:\/\/scontent-gig4-1.xx.fbcdn.net\/v\/t39.30808-1\/270437624_4564083193639691_6907940295614233970_n.jpg?stp=dst-jpg_s200x200_tt6&amp;_nc_cat=111&amp;ccb=1-7&amp;_nc_sid=f907e8&amp;_nc_ohc=SM1wRlP3lJwQ7kNvwEPuBYA&amp;_nc_oc=AdnqrjDN_BNjSSHWO-GbkIWH6fkGMLw4bqvL_NH6e2wMveX7G-rP2dAqsDSq1mJMOaY&amp;_nc_zt=24&amp;_nc_ht=scontent-gig4-1.xx&amp;_nc_gid=AoBFJeGrT1hVaew_6rchkQ&amp;oh=00_AfX7QmFGhQhG2jAllVgXCiM1ZrWgvtp80-Bfppyexh1QEg&amp;oe=689E923C\" \/>\n\t\t<script type=\"application\/ld+json\" class=\"aioseo-schema\">\n\t\t\t{\"@context\":\"https:\\\/\\\/schema.org\",\"@graph\":[{\"@type\":\"BlogPosting\",\"@id\":\"https:\\\/\\\/anoticiaonline.com.br\\\/site\\\/projeto-ciranda-cultural-e-encerrado-com-espetaculo-gratuito-na-praca-joao-pinheiro\\\/#blogposting\",\"name\":\"Projeto Ciranda Cultural \\u00e9 encerrado com espet\\u00e1culo na Pra\\u00e7a Jo\\u00e3o Pinheiro - A Not\\u00edcia Online\",\"headline\":\"Projeto Ciranda Cultural \\u00e9 encerrado com espet\\u00e1culo na Pra\\u00e7a Jo\\u00e3o Pinheiro\",\"author\":{\"@id\":\"https:\\\/\\\/anoticiaonline.com.br\\\/site\\\/author\\\/juliana\\\/#author\"},\"publisher\":{\"@id\":\"https:\\\/\\\/anoticiaonline.com.br\\\/site\\\/#organization\"},\"image\":{\"@type\":\"ImageObject\",\"url\":\"https:\\\/\\\/anoticiaonline.com.br\\\/site\\\/wp-content\\\/uploads\\\/2018\\\/12\\\/destaque-ciranda-01.jpg\",\"width\":1000,\"height\":350},\"datePublished\":\"2018-12-14T12:00:28-03:00\",\"dateModified\":\"2018-12-28T13:00:29-03:00\",\"inLanguage\":\"pt-BR\",\"mainEntityOfPage\":{\"@id\":\"https:\\\/\\\/anoticiaonline.com.br\\\/site\\\/projeto-ciranda-cultural-e-encerrado-com-espetaculo-gratuito-na-praca-joao-pinheiro\\\/#webpage\"},\"isPartOf\":{\"@id\":\"https:\\\/\\\/anoticiaonline.com.br\\\/site\\\/projeto-ciranda-cultural-e-encerrado-com-espetaculo-gratuito-na-praca-joao-pinheiro\\\/#webpage\"},\"articleSection\":\"Blog\"},{\"@type\":\"BreadcrumbList\",\"@id\":\"https:\\\/\\\/anoticiaonline.com.br\\\/site\\\/projeto-ciranda-cultural-e-encerrado-com-espetaculo-gratuito-na-praca-joao-pinheiro\\\/#breadcrumblist\",\"itemListElement\":[{\"@type\":\"ListItem\",\"@id\":\"https:\\\/\\\/anoticiaonline.com.br\\\/site#listItem\",\"position\":1,\"name\":\"Home\",\"item\":\"https:\\\/\\\/anoticiaonline.com.br\\\/site\",\"nextItem\":{\"@type\":\"ListItem\",\"@id\":\"https:\\\/\\\/anoticiaonline.com.br\\\/site\\\/categoria\\\/muriae\\\/#listItem\",\"name\":\"Blog\"}},{\"@type\":\"ListItem\",\"@id\":\"https:\\\/\\\/anoticiaonline.com.br\\\/site\\\/categoria\\\/muriae\\\/#listItem\",\"position\":2,\"name\":\"Blog\",\"item\":\"https:\\\/\\\/anoticiaonline.com.br\\\/site\\\/categoria\\\/muriae\\\/\",\"nextItem\":{\"@type\":\"ListItem\",\"@id\":\"https:\\\/\\\/anoticiaonline.com.br\\\/site\\\/projeto-ciranda-cultural-e-encerrado-com-espetaculo-gratuito-na-praca-joao-pinheiro\\\/#listItem\",\"name\":\"Projeto Ciranda Cultural \\u00e9 encerrado com espet\\u00e1culo na Pra\\u00e7a Jo\\u00e3o Pinheiro\"},\"previousItem\":{\"@type\":\"ListItem\",\"@id\":\"https:\\\/\\\/anoticiaonline.com.br\\\/site#listItem\",\"name\":\"Home\"}},{\"@type\":\"ListItem\",\"@id\":\"https:\\\/\\\/anoticiaonline.com.br\\\/site\\\/projeto-ciranda-cultural-e-encerrado-com-espetaculo-gratuito-na-praca-joao-pinheiro\\\/#listItem\",\"position\":3,\"name\":\"Projeto Ciranda Cultural \\u00e9 encerrado com espet\\u00e1culo na Pra\\u00e7a Jo\\u00e3o Pinheiro\",\"previousItem\":{\"@type\":\"ListItem\",\"@id\":\"https:\\\/\\\/anoticiaonline.com.br\\\/site\\\/categoria\\\/muriae\\\/#listItem\",\"name\":\"Blog\"}}]},{\"@type\":\"Organization\",\"@id\":\"https:\\\/\\\/anoticiaonline.com.br\\\/site\\\/#organization\",\"name\":\"A Not\\u00edcia Online\",\"description\":\"Noticias de Muria\\u00e9 e regi\\u00e3o\",\"url\":\"https:\\\/\\\/anoticiaonline.com.br\\\/site\\\/\",\"logo\":{\"@type\":\"ImageObject\",\"url\":\"https:\\\/\\\/scontent-gig4-1.xx.fbcdn.net\\\/v\\\/t39.30808-1\\\/270437624_4564083193639691_6907940295614233970_n.jpg?stp=dst-jpg_s200x200_tt6&_nc_cat=111&ccb=1-7&_nc_sid=f907e8&_nc_ohc=SM1wRlP3lJwQ7kNvwEPuBYA&_nc_oc=AdnqrjDN_BNjSSHWO-GbkIWH6fkGMLw4bqvL_NH6e2wMveX7G-rP2dAqsDSq1mJMOaY&_nc_zt=24&_nc_ht=scontent-gig4-1.xx&_nc_gid=AoBFJeGrT1hVaew_6rchkQ&oh=00_AfX7QmFGhQhG2jAllVgXCiM1ZrWgvtp80-Bfppyexh1QEg&oe=689E923C\",\"@id\":\"https:\\\/\\\/anoticiaonline.com.br\\\/site\\\/projeto-ciranda-cultural-e-encerrado-com-espetaculo-gratuito-na-praca-joao-pinheiro\\\/#organizationLogo\"},\"image\":{\"@id\":\"https:\\\/\\\/anoticiaonline.com.br\\\/site\\\/projeto-ciranda-cultural-e-encerrado-com-espetaculo-gratuito-na-praca-joao-pinheiro\\\/#organizationLogo\"}},{\"@type\":\"Person\",\"@id\":\"https:\\\/\\\/anoticiaonline.com.br\\\/site\\\/author\\\/juliana\\\/#author\",\"url\":\"https:\\\/\\\/anoticiaonline.com.br\\\/site\\\/author\\\/juliana\\\/\",\"name\":\"Juliana Laviola\",\"image\":{\"@type\":\"ImageObject\",\"@id\":\"https:\\\/\\\/anoticiaonline.com.br\\\/site\\\/projeto-ciranda-cultural-e-encerrado-com-espetaculo-gratuito-na-praca-joao-pinheiro\\\/#authorImage\",\"url\":\"https:\\\/\\\/secure.gravatar.com\\\/avatar\\\/b8d45f5c699b100dfaf0e543582f38f38bf94cb7ae3a5e9abf8d891a34773335?s=96&d=mm&r=g\",\"width\":96,\"height\":96,\"caption\":\"Juliana Laviola\"}},{\"@type\":\"WebPage\",\"@id\":\"https:\\\/\\\/anoticiaonline.com.br\\\/site\\\/projeto-ciranda-cultural-e-encerrado-com-espetaculo-gratuito-na-praca-joao-pinheiro\\\/#webpage\",\"url\":\"https:\\\/\\\/anoticiaonline.com.br\\\/site\\\/projeto-ciranda-cultural-e-encerrado-com-espetaculo-gratuito-na-praca-joao-pinheiro\\\/\",\"name\":\"Projeto Ciranda Cultural \\u00e9 encerrado com espet\\u00e1culo na Pra\\u00e7a Jo\\u00e3o Pinheiro - A Not\\u00edcia Online\",\"description\":\"Participantes do Projeto Ciranda Cultural se reuniram no Coreto da Pra\\u00e7a Jo\\u00e3o Pinheiro, na noite de sexta-feira (7), em uma \\u201cGrande Ciranda\\u201d. Com a dire\\u00e7\\u00e3o de Kalluh Ara\\u00fajo e Luiz Alberto De Filippo, o espet\\u00e1culo, gratuito, teve como inspira\\u00e7\\u00e3o a Semana de Arte Moderna de 1922, surpreendendo o p\\u00fablico presente. Durante o ano de 2018,\",\"inLanguage\":\"pt-BR\",\"isPartOf\":{\"@id\":\"https:\\\/\\\/anoticiaonline.com.br\\\/site\\\/#website\"},\"breadcrumb\":{\"@id\":\"https:\\\/\\\/anoticiaonline.com.br\\\/site\\\/projeto-ciranda-cultural-e-encerrado-com-espetaculo-gratuito-na-praca-joao-pinheiro\\\/#breadcrumblist\"},\"author\":{\"@id\":\"https:\\\/\\\/anoticiaonline.com.br\\\/site\\\/author\\\/juliana\\\/#author\"},\"creator\":{\"@id\":\"https:\\\/\\\/anoticiaonline.com.br\\\/site\\\/author\\\/juliana\\\/#author\"},\"image\":{\"@type\":\"ImageObject\",\"url\":\"https:\\\/\\\/anoticiaonline.com.br\\\/site\\\/wp-content\\\/uploads\\\/2018\\\/12\\\/destaque-ciranda-01.jpg\",\"@id\":\"https:\\\/\\\/anoticiaonline.com.br\\\/site\\\/projeto-ciranda-cultural-e-encerrado-com-espetaculo-gratuito-na-praca-joao-pinheiro\\\/#mainImage\",\"width\":1000,\"height\":350},\"primaryImageOfPage\":{\"@id\":\"https:\\\/\\\/anoticiaonline.com.br\\\/site\\\/projeto-ciranda-cultural-e-encerrado-com-espetaculo-gratuito-na-praca-joao-pinheiro\\\/#mainImage\"},\"datePublished\":\"2018-12-14T12:00:28-03:00\",\"dateModified\":\"2018-12-28T13:00:29-03:00\"},{\"@type\":\"WebSite\",\"@id\":\"https:\\\/\\\/anoticiaonline.com.br\\\/site\\\/#website\",\"url\":\"https:\\\/\\\/anoticiaonline.com.br\\\/site\\\/\",\"name\":\"A Not\\u00edcia Online\",\"description\":\"Noticias de Muria\\u00e9 e regi\\u00e3o\",\"inLanguage\":\"pt-BR\",\"publisher\":{\"@id\":\"https:\\\/\\\/anoticiaonline.com.br\\\/site\\\/#organization\"}}]}\n\t\t<\/script>\n\t\t<!-- All in One SEO -->\n\n","aioseo_head_json":{"title":"Projeto Ciranda Cultural \u00e9 encerrado com espet\u00e1culo na Pra\u00e7a Jo\u00e3o Pinheiro - A Not\u00edcia Online","description":"Participantes do Projeto Ciranda Cultural se reuniram no Coreto da Pra\u00e7a Jo\u00e3o Pinheiro, na noite de sexta-feira (7), em uma \u201cGrande Ciranda\u201d. Com a dire\u00e7\u00e3o de Kalluh Ara\u00fajo e Luiz Alberto De Filippo, o espet\u00e1culo, gratuito, teve como inspira\u00e7\u00e3o a Semana de Arte Moderna de 1922, surpreendendo o p\u00fablico presente. Durante o ano de 2018,","canonical_url":"https:\/\/anoticiaonline.com.br\/site\/projeto-ciranda-cultural-e-encerrado-com-espetaculo-gratuito-na-praca-joao-pinheiro\/","robots":"max-image-preview:large","keywords":"","webmasterTools":{"miscellaneous":""},"schema":{"@context":"https:\/\/schema.org","@graph":[{"@type":"BlogPosting","@id":"https:\/\/anoticiaonline.com.br\/site\/projeto-ciranda-cultural-e-encerrado-com-espetaculo-gratuito-na-praca-joao-pinheiro\/#blogposting","name":"Projeto Ciranda Cultural \u00e9 encerrado com espet\u00e1culo na Pra\u00e7a Jo\u00e3o Pinheiro - A Not\u00edcia Online","headline":"Projeto Ciranda Cultural \u00e9 encerrado com espet\u00e1culo na Pra\u00e7a Jo\u00e3o Pinheiro","author":{"@id":"https:\/\/anoticiaonline.com.br\/site\/author\/juliana\/#author"},"publisher":{"@id":"https:\/\/anoticiaonline.com.br\/site\/#organization"},"image":{"@type":"ImageObject","url":"https:\/\/anoticiaonline.com.br\/site\/wp-content\/uploads\/2018\/12\/destaque-ciranda-01.jpg","width":1000,"height":350},"datePublished":"2018-12-14T12:00:28-03:00","dateModified":"2018-12-28T13:00:29-03:00","inLanguage":"pt-BR","mainEntityOfPage":{"@id":"https:\/\/anoticiaonline.com.br\/site\/projeto-ciranda-cultural-e-encerrado-com-espetaculo-gratuito-na-praca-joao-pinheiro\/#webpage"},"isPartOf":{"@id":"https:\/\/anoticiaonline.com.br\/site\/projeto-ciranda-cultural-e-encerrado-com-espetaculo-gratuito-na-praca-joao-pinheiro\/#webpage"},"articleSection":"Blog"},{"@type":"BreadcrumbList","@id":"https:\/\/anoticiaonline.com.br\/site\/projeto-ciranda-cultural-e-encerrado-com-espetaculo-gratuito-na-praca-joao-pinheiro\/#breadcrumblist","itemListElement":[{"@type":"ListItem","@id":"https:\/\/anoticiaonline.com.br\/site#listItem","position":1,"name":"Home","item":"https:\/\/anoticiaonline.com.br\/site","nextItem":{"@type":"ListItem","@id":"https:\/\/anoticiaonline.com.br\/site\/categoria\/muriae\/#listItem","name":"Blog"}},{"@type":"ListItem","@id":"https:\/\/anoticiaonline.com.br\/site\/categoria\/muriae\/#listItem","position":2,"name":"Blog","item":"https:\/\/anoticiaonline.com.br\/site\/categoria\/muriae\/","nextItem":{"@type":"ListItem","@id":"https:\/\/anoticiaonline.com.br\/site\/projeto-ciranda-cultural-e-encerrado-com-espetaculo-gratuito-na-praca-joao-pinheiro\/#listItem","name":"Projeto Ciranda Cultural \u00e9 encerrado com espet\u00e1culo na Pra\u00e7a Jo\u00e3o Pinheiro"},"previousItem":{"@type":"ListItem","@id":"https:\/\/anoticiaonline.com.br\/site#listItem","name":"Home"}},{"@type":"ListItem","@id":"https:\/\/anoticiaonline.com.br\/site\/projeto-ciranda-cultural-e-encerrado-com-espetaculo-gratuito-na-praca-joao-pinheiro\/#listItem","position":3,"name":"Projeto Ciranda Cultural \u00e9 encerrado com espet\u00e1culo na Pra\u00e7a Jo\u00e3o Pinheiro","previousItem":{"@type":"ListItem","@id":"https:\/\/anoticiaonline.com.br\/site\/categoria\/muriae\/#listItem","name":"Blog"}}]},{"@type":"Organization","@id":"https:\/\/anoticiaonline.com.br\/site\/#organization","name":"A Not\u00edcia Online","description":"Noticias de Muria\u00e9 e regi\u00e3o","url":"https:\/\/anoticiaonline.com.br\/site\/","logo":{"@type":"ImageObject","url":"https:\/\/scontent-gig4-1.xx.fbcdn.net\/v\/t39.30808-1\/270437624_4564083193639691_6907940295614233970_n.jpg?stp=dst-jpg_s200x200_tt6&_nc_cat=111&ccb=1-7&_nc_sid=f907e8&_nc_ohc=SM1wRlP3lJwQ7kNvwEPuBYA&_nc_oc=AdnqrjDN_BNjSSHWO-GbkIWH6fkGMLw4bqvL_NH6e2wMveX7G-rP2dAqsDSq1mJMOaY&_nc_zt=24&_nc_ht=scontent-gig4-1.xx&_nc_gid=AoBFJeGrT1hVaew_6rchkQ&oh=00_AfX7QmFGhQhG2jAllVgXCiM1ZrWgvtp80-Bfppyexh1QEg&oe=689E923C","@id":"https:\/\/anoticiaonline.com.br\/site\/projeto-ciranda-cultural-e-encerrado-com-espetaculo-gratuito-na-praca-joao-pinheiro\/#organizationLogo"},"image":{"@id":"https:\/\/anoticiaonline.com.br\/site\/projeto-ciranda-cultural-e-encerrado-com-espetaculo-gratuito-na-praca-joao-pinheiro\/#organizationLogo"}},{"@type":"Person","@id":"https:\/\/anoticiaonline.com.br\/site\/author\/juliana\/#author","url":"https:\/\/anoticiaonline.com.br\/site\/author\/juliana\/","name":"Juliana Laviola","image":{"@type":"ImageObject","@id":"https:\/\/anoticiaonline.com.br\/site\/projeto-ciranda-cultural-e-encerrado-com-espetaculo-gratuito-na-praca-joao-pinheiro\/#authorImage","url":"https:\/\/secure.gravatar.com\/avatar\/b8d45f5c699b100dfaf0e543582f38f38bf94cb7ae3a5e9abf8d891a34773335?s=96&d=mm&r=g","width":96,"height":96,"caption":"Juliana Laviola"}},{"@type":"WebPage","@id":"https:\/\/anoticiaonline.com.br\/site\/projeto-ciranda-cultural-e-encerrado-com-espetaculo-gratuito-na-praca-joao-pinheiro\/#webpage","url":"https:\/\/anoticiaonline.com.br\/site\/projeto-ciranda-cultural-e-encerrado-com-espetaculo-gratuito-na-praca-joao-pinheiro\/","name":"Projeto Ciranda Cultural \u00e9 encerrado com espet\u00e1culo na Pra\u00e7a Jo\u00e3o Pinheiro - A Not\u00edcia Online","description":"Participantes do Projeto Ciranda Cultural se reuniram no Coreto da Pra\u00e7a Jo\u00e3o Pinheiro, na noite de sexta-feira (7), em uma \u201cGrande Ciranda\u201d. Com a dire\u00e7\u00e3o de Kalluh Ara\u00fajo e Luiz Alberto De Filippo, o espet\u00e1culo, gratuito, teve como inspira\u00e7\u00e3o a Semana de Arte Moderna de 1922, surpreendendo o p\u00fablico presente. Durante o ano de 2018,","inLanguage":"pt-BR","isPartOf":{"@id":"https:\/\/anoticiaonline.com.br\/site\/#website"},"breadcrumb":{"@id":"https:\/\/anoticiaonline.com.br\/site\/projeto-ciranda-cultural-e-encerrado-com-espetaculo-gratuito-na-praca-joao-pinheiro\/#breadcrumblist"},"author":{"@id":"https:\/\/anoticiaonline.com.br\/site\/author\/juliana\/#author"},"creator":{"@id":"https:\/\/anoticiaonline.com.br\/site\/author\/juliana\/#author"},"image":{"@type":"ImageObject","url":"https:\/\/anoticiaonline.com.br\/site\/wp-content\/uploads\/2018\/12\/destaque-ciranda-01.jpg","@id":"https:\/\/anoticiaonline.com.br\/site\/projeto-ciranda-cultural-e-encerrado-com-espetaculo-gratuito-na-praca-joao-pinheiro\/#mainImage","width":1000,"height":350},"primaryImageOfPage":{"@id":"https:\/\/anoticiaonline.com.br\/site\/projeto-ciranda-cultural-e-encerrado-com-espetaculo-gratuito-na-praca-joao-pinheiro\/#mainImage"},"datePublished":"2018-12-14T12:00:28-03:00","dateModified":"2018-12-28T13:00:29-03:00"},{"@type":"WebSite","@id":"https:\/\/anoticiaonline.com.br\/site\/#website","url":"https:\/\/anoticiaonline.com.br\/site\/","name":"A Not\u00edcia Online","description":"Noticias de Muria\u00e9 e regi\u00e3o","inLanguage":"pt-BR","publisher":{"@id":"https:\/\/anoticiaonline.com.br\/site\/#organization"}}]},"og:locale":"pt_BR","og:site_name":"A Not\u00edcia Online - Noticias de Muria\u00e9 e regi\u00e3o","og:type":"article","og:title":"Projeto Ciranda Cultural \u00e9 encerrado com espet\u00e1culo na Pra\u00e7a Jo\u00e3o Pinheiro - A Not\u00edcia Online","og:description":"Participantes do Projeto Ciranda Cultural se reuniram no Coreto da Pra\u00e7a Jo\u00e3o Pinheiro, na noite de sexta-feira (7), em uma \u201cGrande Ciranda\u201d. Com a dire\u00e7\u00e3o de Kalluh Ara\u00fajo e Luiz Alberto De Filippo, o espet\u00e1culo, gratuito, teve como inspira\u00e7\u00e3o a Semana de Arte Moderna de 1922, surpreendendo o p\u00fablico presente. Durante o ano de 2018,","og:url":"https:\/\/anoticiaonline.com.br\/site\/projeto-ciranda-cultural-e-encerrado-com-espetaculo-gratuito-na-praca-joao-pinheiro\/","og:image":"https:\/\/scontent-gig4-1.xx.fbcdn.net\/v\/t39.30808-1\/270437624_4564083193639691_6907940295614233970_n.jpg?stp=dst-jpg_s200x200_tt6&#038;_nc_cat=111&#038;ccb=1-7&#038;_nc_sid=f907e8&#038;_nc_ohc=SM1wRlP3lJwQ7kNvwEPuBYA&#038;_nc_oc=AdnqrjDN_BNjSSHWO-GbkIWH6fkGMLw4bqvL_NH6e2wMveX7G-rP2dAqsDSq1mJMOaY&#038;_nc_zt=24&#038;_nc_ht=scontent-gig4-1.xx&#038;_nc_gid=AoBFJeGrT1hVaew_6rchkQ&#038;oh=00_AfX7QmFGhQhG2jAllVgXCiM1ZrWgvtp80-Bfppyexh1QEg&#038;oe=689E923C","og:image:secure_url":"https:\/\/scontent-gig4-1.xx.fbcdn.net\/v\/t39.30808-1\/270437624_4564083193639691_6907940295614233970_n.jpg?stp=dst-jpg_s200x200_tt6&#038;_nc_cat=111&#038;ccb=1-7&#038;_nc_sid=f907e8&#038;_nc_ohc=SM1wRlP3lJwQ7kNvwEPuBYA&#038;_nc_oc=AdnqrjDN_BNjSSHWO-GbkIWH6fkGMLw4bqvL_NH6e2wMveX7G-rP2dAqsDSq1mJMOaY&#038;_nc_zt=24&#038;_nc_ht=scontent-gig4-1.xx&#038;_nc_gid=AoBFJeGrT1hVaew_6rchkQ&#038;oh=00_AfX7QmFGhQhG2jAllVgXCiM1ZrWgvtp80-Bfppyexh1QEg&#038;oe=689E923C","article:published_time":"2018-12-14T15:00:28+00:00","article:modified_time":"2018-12-28T16:00:29+00:00","twitter:card":"summary_large_image","twitter:title":"Projeto Ciranda Cultural \u00e9 encerrado com espet\u00e1culo na Pra\u00e7a Jo\u00e3o Pinheiro - A Not\u00edcia Online","twitter:description":"Participantes do Projeto Ciranda Cultural se reuniram no Coreto da Pra\u00e7a Jo\u00e3o Pinheiro, na noite de sexta-feira (7), em uma \u201cGrande Ciranda\u201d. Com a dire\u00e7\u00e3o de Kalluh Ara\u00fajo e Luiz Alberto De Filippo, o espet\u00e1culo, gratuito, teve como inspira\u00e7\u00e3o a Semana de Arte Moderna de 1922, surpreendendo o p\u00fablico presente. Durante o ano de 2018,","twitter:image":"https:\/\/scontent-gig4-1.xx.fbcdn.net\/v\/t39.30808-1\/270437624_4564083193639691_6907940295614233970_n.jpg?stp=dst-jpg_s200x200_tt6&_nc_cat=111&ccb=1-7&_nc_sid=f907e8&_nc_ohc=SM1wRlP3lJwQ7kNvwEPuBYA&_nc_oc=AdnqrjDN_BNjSSHWO-GbkIWH6fkGMLw4bqvL_NH6e2wMveX7G-rP2dAqsDSq1mJMOaY&_nc_zt=24&_nc_ht=scontent-gig4-1.xx&_nc_gid=AoBFJeGrT1hVaew_6rchkQ&oh=00_AfX7QmFGhQhG2jAllVgXCiM1ZrWgvtp80-Bfppyexh1QEg&oe=689E923C"},"aioseo_meta_data":{"post_id":"65908","title":null,"description":null,"keywords":null,"keyphrases":null,"primary_term":null,"canonical_url":null,"og_title":null,"og_description":null,"og_object_type":"default","og_image_type":"default","og_image_url":null,"og_image_width":null,"og_image_height":null,"og_image_custom_url":null,"og_image_custom_fields":null,"og_video":null,"og_custom_url":null,"og_article_section":null,"og_article_tags":null,"twitter_use_og":false,"twitter_card":"default","twitter_image_type":"default","twitter_image_url":null,"twitter_image_custom_url":null,"twitter_image_custom_fields":null,"twitter_title":null,"twitter_description":null,"schema":{"blockGraphs":[],"customGraphs":[],"default":{"data":{"Article":[],"Course":[],"Dataset":[],"FAQPage":[],"Movie":[],"Person":[],"Product":[],"ProductReview":[],"Car":[],"Recipe":[],"Service":[],"SoftwareApplication":[],"WebPage":[]},"graphName":"","isEnabled":true},"graphs":[]},"schema_type":"default","schema_type_options":null,"pillar_content":false,"robots_default":true,"robots_noindex":false,"robots_noarchive":false,"robots_nosnippet":false,"robots_nofollow":false,"robots_noimageindex":false,"robots_noodp":false,"robots_notranslate":false,"robots_max_snippet":null,"robots_max_videopreview":null,"robots_max_imagepreview":"large","priority":null,"frequency":null,"local_seo":null,"breadcrumb_settings":null,"limit_modified_date":false,"ai":null,"created":"2025-08-16 22:30:43","updated":"2025-08-16 22:30:43","focus_keyword":null,"additional_keywords":null,"truseo_locale":null,"seo_analyzer_scan_date":null},"aioseo_breadcrumb":"<div class=\"aioseo-breadcrumbs\"><span class=\"aioseo-breadcrumb\">\n\t\t\t<a href=\"https:\/\/anoticiaonline.com.br\/site\" title=\"Home\">Home<\/a>\n\t\t<\/span><span class=\"aioseo-breadcrumb-separator\">&raquo;<\/span><span class=\"aioseo-breadcrumb\">\n\t\t\t<a href=\"https:\/\/anoticiaonline.com.br\/site\/categoria\/muriae\/\" title=\"Blog\">Blog<\/a>\n\t\t<\/span><span class=\"aioseo-breadcrumb-separator\">&raquo;<\/span><span class=\"aioseo-breadcrumb\">\n\t\t\tProjeto Ciranda Cultural \u00e9 encerrado com espet\u00e1culo na Pra\u00e7a Jo\u00e3o Pinheiro\n\t\t<\/span><\/div>","aioseo_breadcrumb_json":[{"label":"Home","link":"https:\/\/anoticiaonline.com.br\/site"},{"label":"Blog","link":"https:\/\/anoticiaonline.com.br\/site\/categoria\/muriae\/"},{"label":"Projeto Ciranda Cultural \u00e9 encerrado com espet\u00e1culo na Pra\u00e7a Jo\u00e3o Pinheiro","link":"https:\/\/anoticiaonline.com.br\/site\/projeto-ciranda-cultural-e-encerrado-com-espetaculo-gratuito-na-praca-joao-pinheiro\/"}],"views":212,"_links":{"self":[{"href":"https:\/\/anoticiaonline.com.br\/site\/wp-json\/wp\/v2\/posts\/65908","targetHints":{"allow":["GET"]}}],"collection":[{"href":"https:\/\/anoticiaonline.com.br\/site\/wp-json\/wp\/v2\/posts"}],"about":[{"href":"https:\/\/anoticiaonline.com.br\/site\/wp-json\/wp\/v2\/types\/post"}],"author":[{"embeddable":true,"href":"https:\/\/anoticiaonline.com.br\/site\/wp-json\/wp\/v2\/users\/2"}],"replies":[{"embeddable":true,"href":"https:\/\/anoticiaonline.com.br\/site\/wp-json\/wp\/v2\/comments?post=65908"}],"version-history":[{"count":0,"href":"https:\/\/anoticiaonline.com.br\/site\/wp-json\/wp\/v2\/posts\/65908\/revisions"}],"wp:featuredmedia":[{"embeddable":true,"href":"https:\/\/anoticiaonline.com.br\/site\/wp-json\/wp\/v2\/media\/65947"}],"wp:attachment":[{"href":"https:\/\/anoticiaonline.com.br\/site\/wp-json\/wp\/v2\/media?parent=65908"}],"wp:term":[{"taxonomy":"category","embeddable":true,"href":"https:\/\/anoticiaonline.com.br\/site\/wp-json\/wp\/v2\/categories?post=65908"},{"taxonomy":"post_tag","embeddable":true,"href":"https:\/\/anoticiaonline.com.br\/site\/wp-json\/wp\/v2\/tags?post=65908"}],"curies":[{"name":"wp","href":"https:\/\/api.w.org\/{rel}","templated":true}]}}