{"id":65850,"date":"2018-12-13T18:22:03","date_gmt":"2018-12-13T21:22:03","guid":{"rendered":"http:\/\/anoticiaonline.com.br\/site\/?p=65850"},"modified":"2018-12-13T18:23:36","modified_gmt":"2018-12-13T21:23:36","slug":"nac-apresenta-nova-diretoria-comissao-tecnica-e-uniformes-para-a-temporada-de-2019","status":"publish","type":"post","link":"https:\/\/anoticiaonline.com.br\/site\/nac-apresenta-nova-diretoria-comissao-tecnica-e-uniformes-para-a-temporada-de-2019\/","title":{"rendered":"NAC apresenta nova diretoria, comiss\u00e3o t\u00e9cnica e uniformes para a temporada de 2019"},"content":{"rendered":"<figure id=\"attachment_65861\" aria-describedby=\"caption-attachment-65861\" style=\"width: 990px\" class=\"wp-caption aligncenter\"><a href=\"https:\/\/anoticiaonline.com.br\/site\/wp-content\/uploads\/2018\/12\/DSC_0015.jpg\"><img fetchpriority=\"high\" decoding=\"async\" class=\"size-full wp-image-65861\" src=\"https:\/\/anoticiaonline.com.br\/site\/wp-content\/uploads\/2018\/12\/DSC_0015.jpg\" alt=\"\" width=\"1000\" height=\"668\" srcset=\"https:\/\/anoticiaonline.com.br\/site\/wp-content\/uploads\/2018\/12\/DSC_0015.jpg 1000w, https:\/\/anoticiaonline.com.br\/site\/wp-content\/uploads\/2018\/12\/DSC_0015-300x200.jpg 300w, https:\/\/anoticiaonline.com.br\/site\/wp-content\/uploads\/2018\/12\/DSC_0015-768x513.jpg 768w\" sizes=\"(max-width: 1000px) 100vw, 1000px\" \/><\/a><figcaption id=\"caption-attachment-65861\" class=\"wp-caption-text\">Clube apresentou uniformes que ser\u00e3o usados no M\u00f3dulo II em 2019<\/figcaption><\/figure>\n<p>O Nacional Atl\u00e9tico Clube (NAC) apresentou, oficialmente, na noite de quarta-feira (12), o novo uniforme para a temporada de 2019, bem como a nova comiss\u00e3o t\u00e9cnica, corpo diretivo e assessoria, durante um jantar realizado no S\u00edtio do Adelmo. O evento tamb\u00e9m teve, como objetivo, apresentar os planos do clube para o pr\u00f3ximo ano.<!--more--><\/p>\n<p>Em novembro, o time muriaeense divulgou o nome do novo t\u00e9cnico. \u00a0Du\u00edlio ser\u00e1 o comandante da equipe na disputa do M\u00f3dulo II do Campeonato Mineiro no ano que vem. A estreia do NAC acontece no s\u00e1bado, dia 9 de fevereiro, contra o Ipatinga, no Est\u00e1dio Municipal Jo\u00e3o Lamego Netto, o Ipating\u00e3o.<\/p>\n<p>Al\u00e9m de Du\u00edlio, marcaram presen\u00e7a no jantar de apresenta\u00e7\u00e3o o presidente, Jos\u00e9 Adelmo Pinheiro, o ex-jogador, Mauro Galv\u00e3o, atual diretor de futebol do clube, demais componentes da diretoria e do conselho gestor do clube.<\/p>\n<p>Em entrevista, Du\u00edlio disse que foi um prazer ter sido convidado pela atual gest\u00e3o para ser t\u00e9cnico do NAC. \u201cEspero ser merecedor de tudo que est\u00e1 acontecendo e por este carinho recebido. Conto com toda a torcida e com o apoio de todos aqueles que querem um \u00f3timo futuro para o Nacional. Espero que, no dia 3 de janeiro, possamos estar com 95% da equipe pronta para darmos continuidade \u00e0quilo que planejamos para 2019\u201d.<\/p>\n<p>De acordo com o presidente, Jos\u00e9 Adelmo, as expectativas para as atua\u00e7\u00f5es do NAC, em 2019, s\u00e3o grandes. \u201cEncontramos uma parceria que, se Deus quiser, dar\u00e1 muito certo. Foi dado um \u2018ponta a p\u00e9\u2019 para que possamos, realmente, contar com o apoio da popula\u00e7\u00e3o. Esperamos que todos possam torcer pelo time, pois temos certeza que o colocaremos na primeira divis\u00e3o. Em fevereiro, daremos in\u00edcio \u00e0s escolinhas, um trabalho social, que acontecer\u00e1 em Muria\u00e9 e regi\u00e3o, para que os jovens possam usar o futebol como uma forma\u00e7\u00e3o de car\u00e1ter e que eles possam representar o NAC da melhor maneira poss\u00edvel no Brasil e, quem sabe, at\u00e9 fora dele\u201d.<\/p>\n<p>Segundo Mauro Galv\u00e3o, a parceria com o NAC \u00e9 uma tentativa de unir for\u00e7as e destacar o time. \u201cMeu trabalho \u00e9 buscar patroc\u00ednios para que o clube possa alcan\u00e7ar bons resultados e possibilitar aos atuais e aos novos jogadores um \u00f3timo desempenho dentro de campo\u201d.<\/p>\n<p><strong>Comiss\u00e3o T\u00e9cnica do NAC<\/strong><\/p>\n<p>Treinador: Du\u00edlio<\/p>\n<p>Auxiliar-t\u00e9cnico: Paulo Vinicius<\/p>\n<p>Preparador-f\u00edsico: Adriano Lancetta<\/p>\n<p>Auxiliar Preparador F\u00edsico: Luiz Henrique Dias<\/p>\n<p>Preparador de Goleiros: J\u00fanior Melo<\/p>\n<p>Fisioterapeutas: Diego Dutra e Gustavo Ribeiro<\/p>\n<p>Roupeiro: Rone Castro<\/p>\n<p><strong>Diretoria<\/strong><\/p>\n<p>Presidente: Jos\u00e9 Adelmo Pinheiro<\/p>\n<p>Vice-Presidente: Valvernaque de Oliveira Silva<\/p>\n<p>Presidente do Conselho Deliberativo: Alexandre F\u00e9res<\/p>\n<p>1\u00ba Secret\u00e1rio: Paulo Roberto Moraes<\/p>\n<p>2\u00ba secret\u00e1rio: C\u00e2ndido Jos\u00e9 Monteiro de Castro Neto<\/p>\n<p>Tesoureiro: Jos\u00e9 Ant\u00f4nio Vilela<\/p>\n<p>Diretor Financeiro: Romero Vital de Freitas<\/p>\n<p>Diretor de Patrim\u00f4nio: Jorge F\u00e9res Filho<\/p>\n<p>Diretor das Categorias de Base: Eduardo de Souza Alves<\/p>\n<p>Coordenador T\u00e9cnico da Base: Ivan Jos\u00e9 da Silva<\/p>\n<p>Diretor de Comunica\u00e7\u00e3o: Silv\u00e9rio dos Reis Machado Amora<\/p>\n<p>Departamento Jur\u00eddico: C\u00e2ndido Jos\u00e9 Monteiro de Castro Neto, Cristiano de Assis, Ednilson Ricardo Torres e T\u00falio Santos Sygili\u00e3o Ribeiro<\/p>\n<p><strong>Conselho Gestor<\/strong><\/p>\n<p>Jos\u00e9 Adelmo Pinheiro<\/p>\n<p>Valvernaque de Oliveira Silva, Jos\u00e9 Ant\u00f4nio Vilela<\/p>\n<p>Paulo Roberto Moraes<\/p>\n<p>Romero Vital de Freitas<\/p>\n<p>Jorge F\u00e9res Filho<\/p>\n<p>C\u00e2ndido Jos\u00e9 Monteiro de castro Neto<\/p>\n<p>T\u00falio Santos Sygili\u00e3o Ribeiro<\/p>\n<p>Miguel Lam\u00f3glia Lopes<\/p>\n<figure id=\"attachment_65862\" aria-describedby=\"caption-attachment-65862\" style=\"width: 990px\" class=\"wp-caption aligncenter\"><a href=\"https:\/\/anoticiaonline.com.br\/site\/wp-content\/uploads\/2018\/12\/DSC_0031.jpg\"><img decoding=\"async\" class=\"size-full wp-image-65862\" src=\"https:\/\/anoticiaonline.com.br\/site\/wp-content\/uploads\/2018\/12\/DSC_0031.jpg\" alt=\"\" width=\"1000\" height=\"510\" srcset=\"https:\/\/anoticiaonline.com.br\/site\/wp-content\/uploads\/2018\/12\/DSC_0031.jpg 1000w, https:\/\/anoticiaonline.com.br\/site\/wp-content\/uploads\/2018\/12\/DSC_0031-300x153.jpg 300w, https:\/\/anoticiaonline.com.br\/site\/wp-content\/uploads\/2018\/12\/DSC_0031-768x392.jpg 768w\" sizes=\"(max-width: 1000px) 100vw, 1000px\" \/><\/a><figcaption id=\"caption-attachment-65862\" class=\"wp-caption-text\">Membros da diretoria<\/figcaption><\/figure>\n<p><a href=\"https:\/\/anoticiaonline.com.br\/site\/wp-content\/uploads\/2018\/12\/Valvernaque-e-Mauro-Galv\u00e3o.jpg\"><img decoding=\"async\" class=\"size-full wp-image-65866\" src=\"https:\/\/anoticiaonline.com.br\/site\/wp-content\/uploads\/2018\/12\/Valvernaque-e-Mauro-Galv\u00e3o.jpg\" alt=\"\" width=\"1000\" height=\"720\" srcset=\"https:\/\/anoticiaonline.com.br\/site\/wp-content\/uploads\/2018\/12\/Valvernaque-e-Mauro-Galv\u00e3o.jpg 1000w, https:\/\/anoticiaonline.com.br\/site\/wp-content\/uploads\/2018\/12\/Valvernaque-e-Mauro-Galv\u00e3o-300x216.jpg 300w, https:\/\/anoticiaonline.com.br\/site\/wp-content\/uploads\/2018\/12\/Valvernaque-e-Mauro-Galv\u00e3o-768x553.jpg 768w\" sizes=\"(max-width: 1000px) 100vw, 1000px\" \/><\/a><\/p>\n<p>Valvernaque e Mauro Galv\u00e3o<a href=\"https:\/\/anoticiaonline.com.br\/site\/wp-content\/uploads\/2018\/12\/T\u00fal\u00edo-Sygili\u00e3o-e-Mauro-Galv\u00e3o.jpg\"><img loading=\"lazy\" decoding=\"async\" class=\"size-full wp-image-65865\" src=\"https:\/\/anoticiaonline.com.br\/site\/wp-content\/uploads\/2018\/12\/T\u00fal\u00edo-Sygili\u00e3o-e-Mauro-Galv\u00e3o.jpg\" alt=\"\" width=\"1000\" height=\"731\" srcset=\"https:\/\/anoticiaonline.com.br\/site\/wp-content\/uploads\/2018\/12\/T\u00fal\u00edo-Sygili\u00e3o-e-Mauro-Galv\u00e3o.jpg 1000w, https:\/\/anoticiaonline.com.br\/site\/wp-content\/uploads\/2018\/12\/T\u00fal\u00edo-Sygili\u00e3o-e-Mauro-Galv\u00e3o-300x219.jpg 300w, https:\/\/anoticiaonline.com.br\/site\/wp-content\/uploads\/2018\/12\/T\u00fal\u00edo-Sygili\u00e3o-e-Mauro-Galv\u00e3o-768x561.jpg 768w\" sizes=\"(max-width: 1000px) 100vw, 1000px\" \/><\/a><\/p>\n<p>T\u00fal\u00edo Sygili\u00e3o e Mauro Galv\u00e3o<a href=\"https:\/\/anoticiaonline.com.br\/site\/wp-content\/uploads\/2018\/12\/Major-Vitor-Dorneli-e-T\u00falio-Tul\u00edo-Sygili\u00e3o.jpg\"><img loading=\"lazy\" decoding=\"async\" class=\"size-full wp-image-65864\" src=\"https:\/\/anoticiaonline.com.br\/site\/wp-content\/uploads\/2018\/12\/Major-Vitor-Dorneli-e-T\u00falio-Tul\u00edo-Sygili\u00e3o.jpg\" alt=\"\" width=\"1000\" height=\"652\" srcset=\"https:\/\/anoticiaonline.com.br\/site\/wp-content\/uploads\/2018\/12\/Major-Vitor-Dorneli-e-T\u00falio-Tul\u00edo-Sygili\u00e3o.jpg 1000w, https:\/\/anoticiaonline.com.br\/site\/wp-content\/uploads\/2018\/12\/Major-Vitor-Dorneli-e-T\u00falio-Tul\u00edo-Sygili\u00e3o-300x196.jpg 300w, https:\/\/anoticiaonline.com.br\/site\/wp-content\/uploads\/2018\/12\/Major-Vitor-Dorneli-e-T\u00falio-Tul\u00edo-Sygili\u00e3o-768x501.jpg 768w\" sizes=\"(max-width: 1000px) 100vw, 1000px\" \/><\/a><\/p>\n<p>Major Vitor, Dornelle e T\u00falio Sygili\u00e3o<a href=\"https:\/\/anoticiaonline.com.br\/site\/wp-content\/uploads\/2018\/12\/DSC_0985.jpg\"><img loading=\"lazy\" decoding=\"async\" class=\"aligncenter size-full wp-image-65863\" src=\"https:\/\/anoticiaonline.com.br\/site\/wp-content\/uploads\/2018\/12\/DSC_0985.jpg\" alt=\"\" width=\"1000\" height=\"668\" srcset=\"https:\/\/anoticiaonline.com.br\/site\/wp-content\/uploads\/2018\/12\/DSC_0985.jpg 1000w, https:\/\/anoticiaonline.com.br\/site\/wp-content\/uploads\/2018\/12\/DSC_0985-300x200.jpg 300w, https:\/\/anoticiaonline.com.br\/site\/wp-content\/uploads\/2018\/12\/DSC_0985-768x513.jpg 768w\" sizes=\"(max-width: 1000px) 100vw, 1000px\" \/><\/a><\/p>\n","protected":false},"excerpt":{"rendered":"<p>O Nacional Atl\u00e9tico Clube (NAC) apresentou, oficialmente, na noite de quarta-feira (12), o novo uniforme para a temporada de 2019, bem como a nova comiss\u00e3o t\u00e9cnica, corpo diretivo e assessoria, durante um jantar realizado no S\u00edtio do Adelmo. O evento tamb\u00e9m teve, como objetivo, apresentar os planos do clube para o pr\u00f3ximo ano.<\/p>\n","protected":false},"author":2,"featured_media":0,"comment_status":"open","ping_status":"open","sticky":false,"template":"","format":"standard","meta":{"_acf_changed":false,"_monsterinsights_skip_tracking":false,"footnotes":""},"categories":[30,29],"tags":[269,47,74,325],"class_list":["post-65850","post","type-post","status-publish","format-standard","hentry","category-muriae","category-esporte","tag-campeonato-mineiro","tag-esporte","tag-muriae","tag-nac"],"acf":[],"aioseo_notices":[],"aioseo_head":"\n\t\t<!-- All in One SEO 5.0.0.1 - aioseo.com -->\n\t<meta name=\"description\" content=\"O Nacional Atl\u00e9tico Clube (NAC) apresentou, oficialmente, na noite de quarta-feira (12), o novo uniforme para a temporada de 2019, bem como a nova comiss\u00e3o t\u00e9cnica, corpo diretivo e assessoria, durante um jantar realizado no S\u00edtio do Adelmo. O evento tamb\u00e9m teve, como objetivo, apresentar os planos do clube para o pr\u00f3ximo ano. Em novembro,\" \/>\n\t<meta name=\"robots\" content=\"max-image-preview:large\" \/>\n\t<meta name=\"author\" content=\"Juliana Laviola\"\/>\n\t<link rel=\"canonical\" href=\"https:\/\/anoticiaonline.com.br\/site\/nac-apresenta-nova-diretoria-comissao-tecnica-e-uniformes-para-a-temporada-de-2019\/\" \/>\n\t<meta name=\"generator\" content=\"All in One SEO (AIOSEO) 5.0.0.1\" \/>\n\t\t<meta property=\"og:locale\" content=\"pt_BR\" \/>\n\t\t<meta property=\"og:site_name\" content=\"A Not\u00edcia Online - Noticias de Muria\u00e9 e regi\u00e3o\" \/>\n\t\t<meta property=\"og:type\" content=\"article\" \/>\n\t\t<meta property=\"og:title\" content=\"NAC apresenta nova diretoria, comiss\u00e3o t\u00e9cnica e uniformes para a temporada de 2019 - A Not\u00edcia Online\" \/>\n\t\t<meta property=\"og:description\" content=\"O Nacional Atl\u00e9tico Clube (NAC) apresentou, oficialmente, na noite de quarta-feira (12), o novo uniforme para a temporada de 2019, bem como a nova comiss\u00e3o t\u00e9cnica, corpo diretivo e assessoria, durante um jantar realizado no S\u00edtio do Adelmo. O evento tamb\u00e9m teve, como objetivo, apresentar os planos do clube para o pr\u00f3ximo ano. Em novembro,\" \/>\n\t\t<meta property=\"og:url\" content=\"https:\/\/anoticiaonline.com.br\/site\/nac-apresenta-nova-diretoria-comissao-tecnica-e-uniformes-para-a-temporada-de-2019\/\" \/>\n\t\t<meta property=\"og:image\" content=\"https:\/\/scontent-gig4-1.xx.fbcdn.net\/v\/t39.30808-1\/270437624_4564083193639691_6907940295614233970_n.jpg?stp=dst-jpg_s200x200_tt6&#038;_nc_cat=111&#038;ccb=1-7&#038;_nc_sid=f907e8&#038;_nc_ohc=SM1wRlP3lJwQ7kNvwEPuBYA&#038;_nc_oc=AdnqrjDN_BNjSSHWO-GbkIWH6fkGMLw4bqvL_NH6e2wMveX7G-rP2dAqsDSq1mJMOaY&#038;_nc_zt=24&#038;_nc_ht=scontent-gig4-1.xx&#038;_nc_gid=AoBFJeGrT1hVaew_6rchkQ&#038;oh=00_AfX7QmFGhQhG2jAllVgXCiM1ZrWgvtp80-Bfppyexh1QEg&#038;oe=689E923C\" \/>\n\t\t<meta property=\"og:image:secure_url\" content=\"https:\/\/scontent-gig4-1.xx.fbcdn.net\/v\/t39.30808-1\/270437624_4564083193639691_6907940295614233970_n.jpg?stp=dst-jpg_s200x200_tt6&#038;_nc_cat=111&#038;ccb=1-7&#038;_nc_sid=f907e8&#038;_nc_ohc=SM1wRlP3lJwQ7kNvwEPuBYA&#038;_nc_oc=AdnqrjDN_BNjSSHWO-GbkIWH6fkGMLw4bqvL_NH6e2wMveX7G-rP2dAqsDSq1mJMOaY&#038;_nc_zt=24&#038;_nc_ht=scontent-gig4-1.xx&#038;_nc_gid=AoBFJeGrT1hVaew_6rchkQ&#038;oh=00_AfX7QmFGhQhG2jAllVgXCiM1ZrWgvtp80-Bfppyexh1QEg&#038;oe=689E923C\" \/>\n\t\t<meta property=\"article:published_time\" content=\"2018-12-13T21:22:03+00:00\" \/>\n\t\t<meta property=\"article:modified_time\" content=\"2018-12-13T21:23:36+00:00\" \/>\n\t\t<meta name=\"twitter:card\" content=\"summary_large_image\" \/>\n\t\t<meta name=\"twitter:title\" content=\"NAC apresenta nova diretoria, comiss\u00e3o t\u00e9cnica e uniformes para a temporada de 2019 - A Not\u00edcia Online\" \/>\n\t\t<meta name=\"twitter:description\" content=\"O Nacional Atl\u00e9tico Clube (NAC) apresentou, oficialmente, na noite de quarta-feira (12), o novo uniforme para a temporada de 2019, bem como a nova comiss\u00e3o t\u00e9cnica, corpo diretivo e assessoria, durante um jantar realizado no S\u00edtio do Adelmo. O evento tamb\u00e9m teve, como objetivo, apresentar os planos do clube para o pr\u00f3ximo ano. Em novembro,\" \/>\n\t\t<meta name=\"twitter:image\" content=\"https:\/\/scontent-gig4-1.xx.fbcdn.net\/v\/t39.30808-1\/270437624_4564083193639691_6907940295614233970_n.jpg?stp=dst-jpg_s200x200_tt6&amp;_nc_cat=111&amp;ccb=1-7&amp;_nc_sid=f907e8&amp;_nc_ohc=SM1wRlP3lJwQ7kNvwEPuBYA&amp;_nc_oc=AdnqrjDN_BNjSSHWO-GbkIWH6fkGMLw4bqvL_NH6e2wMveX7G-rP2dAqsDSq1mJMOaY&amp;_nc_zt=24&amp;_nc_ht=scontent-gig4-1.xx&amp;_nc_gid=AoBFJeGrT1hVaew_6rchkQ&amp;oh=00_AfX7QmFGhQhG2jAllVgXCiM1ZrWgvtp80-Bfppyexh1QEg&amp;oe=689E923C\" \/>\n\t\t<script type=\"application\/ld+json\" class=\"aioseo-schema\">\n\t\t\t{\"@context\":\"https:\\\/\\\/schema.org\",\"@graph\":[{\"@type\":\"BlogPosting\",\"@id\":\"https:\\\/\\\/anoticiaonline.com.br\\\/site\\\/nac-apresenta-nova-diretoria-comissao-tecnica-e-uniformes-para-a-temporada-de-2019\\\/#blogposting\",\"name\":\"NAC apresenta nova diretoria, comiss\\u00e3o t\\u00e9cnica e uniformes para a temporada de 2019 - A Not\\u00edcia Online\",\"headline\":\"NAC apresenta nova diretoria, comiss\\u00e3o t\\u00e9cnica e uniformes para a temporada de 2019\",\"author\":{\"@id\":\"https:\\\/\\\/anoticiaonline.com.br\\\/site\\\/author\\\/juliana\\\/#author\"},\"publisher\":{\"@id\":\"https:\\\/\\\/anoticiaonline.com.br\\\/site\\\/#organization\"},\"image\":{\"@type\":\"ImageObject\",\"url\":\"https:\\\/\\\/anoticiaonline.com.br\\\/site\\\/wp-content\\\/uploads\\\/2018\\\/12\\\/DSC_0015.jpg\",\"@id\":\"https:\\\/\\\/anoticiaonline.com.br\\\/site\\\/nac-apresenta-nova-diretoria-comissao-tecnica-e-uniformes-para-a-temporada-de-2019\\\/#articleImage\",\"width\":1000,\"height\":668,\"caption\":\"Clube apresentou uniformes que ser\\u00e3o usados no M\\u00f3dulo II em 2019\"},\"datePublished\":\"2018-12-13T18:22:03-03:00\",\"dateModified\":\"2018-12-13T18:23:36-03:00\",\"inLanguage\":\"pt-BR\",\"mainEntityOfPage\":{\"@id\":\"https:\\\/\\\/anoticiaonline.com.br\\\/site\\\/nac-apresenta-nova-diretoria-comissao-tecnica-e-uniformes-para-a-temporada-de-2019\\\/#webpage\"},\"isPartOf\":{\"@id\":\"https:\\\/\\\/anoticiaonline.com.br\\\/site\\\/nac-apresenta-nova-diretoria-comissao-tecnica-e-uniformes-para-a-temporada-de-2019\\\/#webpage\"},\"articleSection\":\"Blog, Esporte, campeonato mineiro, esporte, Muria\\u00e9, nac\"},{\"@type\":\"BreadcrumbList\",\"@id\":\"https:\\\/\\\/anoticiaonline.com.br\\\/site\\\/nac-apresenta-nova-diretoria-comissao-tecnica-e-uniformes-para-a-temporada-de-2019\\\/#breadcrumblist\",\"itemListElement\":[{\"@type\":\"ListItem\",\"@id\":\"https:\\\/\\\/anoticiaonline.com.br\\\/site#listItem\",\"position\":1,\"name\":\"Home\",\"item\":\"https:\\\/\\\/anoticiaonline.com.br\\\/site\",\"nextItem\":{\"@type\":\"ListItem\",\"@id\":\"https:\\\/\\\/anoticiaonline.com.br\\\/site\\\/categoria\\\/esporte\\\/#listItem\",\"name\":\"Esporte\"}},{\"@type\":\"ListItem\",\"@id\":\"https:\\\/\\\/anoticiaonline.com.br\\\/site\\\/categoria\\\/esporte\\\/#listItem\",\"position\":2,\"name\":\"Esporte\",\"item\":\"https:\\\/\\\/anoticiaonline.com.br\\\/site\\\/categoria\\\/esporte\\\/\",\"nextItem\":{\"@type\":\"ListItem\",\"@id\":\"https:\\\/\\\/anoticiaonline.com.br\\\/site\\\/nac-apresenta-nova-diretoria-comissao-tecnica-e-uniformes-para-a-temporada-de-2019\\\/#listItem\",\"name\":\"NAC apresenta nova diretoria, comiss\\u00e3o t\\u00e9cnica e uniformes para a temporada de 2019\"},\"previousItem\":{\"@type\":\"ListItem\",\"@id\":\"https:\\\/\\\/anoticiaonline.com.br\\\/site#listItem\",\"name\":\"Home\"}},{\"@type\":\"ListItem\",\"@id\":\"https:\\\/\\\/anoticiaonline.com.br\\\/site\\\/nac-apresenta-nova-diretoria-comissao-tecnica-e-uniformes-para-a-temporada-de-2019\\\/#listItem\",\"position\":3,\"name\":\"NAC apresenta nova diretoria, comiss\\u00e3o t\\u00e9cnica e uniformes para a temporada de 2019\",\"previousItem\":{\"@type\":\"ListItem\",\"@id\":\"https:\\\/\\\/anoticiaonline.com.br\\\/site\\\/categoria\\\/esporte\\\/#listItem\",\"name\":\"Esporte\"}}]},{\"@type\":\"Organization\",\"@id\":\"https:\\\/\\\/anoticiaonline.com.br\\\/site\\\/#organization\",\"name\":\"A Not\\u00edcia Online\",\"description\":\"Noticias de Muria\\u00e9 e regi\\u00e3o\",\"url\":\"https:\\\/\\\/anoticiaonline.com.br\\\/site\\\/\",\"logo\":{\"@type\":\"ImageObject\",\"url\":\"https:\\\/\\\/scontent-gig4-1.xx.fbcdn.net\\\/v\\\/t39.30808-1\\\/270437624_4564083193639691_6907940295614233970_n.jpg?stp=dst-jpg_s200x200_tt6&_nc_cat=111&ccb=1-7&_nc_sid=f907e8&_nc_ohc=SM1wRlP3lJwQ7kNvwEPuBYA&_nc_oc=AdnqrjDN_BNjSSHWO-GbkIWH6fkGMLw4bqvL_NH6e2wMveX7G-rP2dAqsDSq1mJMOaY&_nc_zt=24&_nc_ht=scontent-gig4-1.xx&_nc_gid=AoBFJeGrT1hVaew_6rchkQ&oh=00_AfX7QmFGhQhG2jAllVgXCiM1ZrWgvtp80-Bfppyexh1QEg&oe=689E923C\",\"@id\":\"https:\\\/\\\/anoticiaonline.com.br\\\/site\\\/nac-apresenta-nova-diretoria-comissao-tecnica-e-uniformes-para-a-temporada-de-2019\\\/#organizationLogo\"},\"image\":{\"@id\":\"https:\\\/\\\/anoticiaonline.com.br\\\/site\\\/nac-apresenta-nova-diretoria-comissao-tecnica-e-uniformes-para-a-temporada-de-2019\\\/#organizationLogo\"}},{\"@type\":\"Person\",\"@id\":\"https:\\\/\\\/anoticiaonline.com.br\\\/site\\\/author\\\/juliana\\\/#author\",\"url\":\"https:\\\/\\\/anoticiaonline.com.br\\\/site\\\/author\\\/juliana\\\/\",\"name\":\"Juliana Laviola\",\"image\":{\"@type\":\"ImageObject\",\"@id\":\"https:\\\/\\\/anoticiaonline.com.br\\\/site\\\/nac-apresenta-nova-diretoria-comissao-tecnica-e-uniformes-para-a-temporada-de-2019\\\/#authorImage\",\"url\":\"https:\\\/\\\/secure.gravatar.com\\\/avatar\\\/b8d45f5c699b100dfaf0e543582f38f38bf94cb7ae3a5e9abf8d891a34773335?s=96&d=mm&r=g\",\"width\":96,\"height\":96,\"caption\":\"Juliana Laviola\"}},{\"@type\":\"WebPage\",\"@id\":\"https:\\\/\\\/anoticiaonline.com.br\\\/site\\\/nac-apresenta-nova-diretoria-comissao-tecnica-e-uniformes-para-a-temporada-de-2019\\\/#webpage\",\"url\":\"https:\\\/\\\/anoticiaonline.com.br\\\/site\\\/nac-apresenta-nova-diretoria-comissao-tecnica-e-uniformes-para-a-temporada-de-2019\\\/\",\"name\":\"NAC apresenta nova diretoria, comiss\\u00e3o t\\u00e9cnica e uniformes para a temporada de 2019 - A Not\\u00edcia Online\",\"description\":\"O Nacional Atl\\u00e9tico Clube (NAC) apresentou, oficialmente, na noite de quarta-feira (12), o novo uniforme para a temporada de 2019, bem como a nova comiss\\u00e3o t\\u00e9cnica, corpo diretivo e assessoria, durante um jantar realizado no S\\u00edtio do Adelmo. O evento tamb\\u00e9m teve, como objetivo, apresentar os planos do clube para o pr\\u00f3ximo ano. Em novembro,\",\"inLanguage\":\"pt-BR\",\"isPartOf\":{\"@id\":\"https:\\\/\\\/anoticiaonline.com.br\\\/site\\\/#website\"},\"breadcrumb\":{\"@id\":\"https:\\\/\\\/anoticiaonline.com.br\\\/site\\\/nac-apresenta-nova-diretoria-comissao-tecnica-e-uniformes-para-a-temporada-de-2019\\\/#breadcrumblist\"},\"author\":{\"@id\":\"https:\\\/\\\/anoticiaonline.com.br\\\/site\\\/author\\\/juliana\\\/#author\"},\"creator\":{\"@id\":\"https:\\\/\\\/anoticiaonline.com.br\\\/site\\\/author\\\/juliana\\\/#author\"},\"datePublished\":\"2018-12-13T18:22:03-03:00\",\"dateModified\":\"2018-12-13T18:23:36-03:00\"},{\"@type\":\"WebSite\",\"@id\":\"https:\\\/\\\/anoticiaonline.com.br\\\/site\\\/#website\",\"url\":\"https:\\\/\\\/anoticiaonline.com.br\\\/site\\\/\",\"name\":\"A Not\\u00edcia Online\",\"description\":\"Noticias de Muria\\u00e9 e regi\\u00e3o\",\"inLanguage\":\"pt-BR\",\"publisher\":{\"@id\":\"https:\\\/\\\/anoticiaonline.com.br\\\/site\\\/#organization\"}}]}\n\t\t<\/script>\n\t\t<!-- All in One SEO -->\n\n","aioseo_head_json":{"title":"NAC apresenta nova diretoria, comiss\u00e3o t\u00e9cnica e uniformes para a temporada de 2019 - A Not\u00edcia Online","description":"O Nacional Atl\u00e9tico Clube (NAC) apresentou, oficialmente, na noite de quarta-feira (12), o novo uniforme para a temporada de 2019, bem como a nova comiss\u00e3o t\u00e9cnica, corpo diretivo e assessoria, durante um jantar realizado no S\u00edtio do Adelmo. O evento tamb\u00e9m teve, como objetivo, apresentar os planos do clube para o pr\u00f3ximo ano. Em novembro,","canonical_url":"https:\/\/anoticiaonline.com.br\/site\/nac-apresenta-nova-diretoria-comissao-tecnica-e-uniformes-para-a-temporada-de-2019\/","robots":"max-image-preview:large","keywords":"","webmasterTools":{"miscellaneous":""},"schema":{"@context":"https:\/\/schema.org","@graph":[{"@type":"BlogPosting","@id":"https:\/\/anoticiaonline.com.br\/site\/nac-apresenta-nova-diretoria-comissao-tecnica-e-uniformes-para-a-temporada-de-2019\/#blogposting","name":"NAC apresenta nova diretoria, comiss\u00e3o t\u00e9cnica e uniformes para a temporada de 2019 - A Not\u00edcia Online","headline":"NAC apresenta nova diretoria, comiss\u00e3o t\u00e9cnica e uniformes para a temporada de 2019","author":{"@id":"https:\/\/anoticiaonline.com.br\/site\/author\/juliana\/#author"},"publisher":{"@id":"https:\/\/anoticiaonline.com.br\/site\/#organization"},"image":{"@type":"ImageObject","url":"https:\/\/anoticiaonline.com.br\/site\/wp-content\/uploads\/2018\/12\/DSC_0015.jpg","@id":"https:\/\/anoticiaonline.com.br\/site\/nac-apresenta-nova-diretoria-comissao-tecnica-e-uniformes-para-a-temporada-de-2019\/#articleImage","width":1000,"height":668,"caption":"Clube apresentou uniformes que ser\u00e3o usados no M\u00f3dulo II em 2019"},"datePublished":"2018-12-13T18:22:03-03:00","dateModified":"2018-12-13T18:23:36-03:00","inLanguage":"pt-BR","mainEntityOfPage":{"@id":"https:\/\/anoticiaonline.com.br\/site\/nac-apresenta-nova-diretoria-comissao-tecnica-e-uniformes-para-a-temporada-de-2019\/#webpage"},"isPartOf":{"@id":"https:\/\/anoticiaonline.com.br\/site\/nac-apresenta-nova-diretoria-comissao-tecnica-e-uniformes-para-a-temporada-de-2019\/#webpage"},"articleSection":"Blog, Esporte, campeonato mineiro, esporte, Muria\u00e9, nac"},{"@type":"BreadcrumbList","@id":"https:\/\/anoticiaonline.com.br\/site\/nac-apresenta-nova-diretoria-comissao-tecnica-e-uniformes-para-a-temporada-de-2019\/#breadcrumblist","itemListElement":[{"@type":"ListItem","@id":"https:\/\/anoticiaonline.com.br\/site#listItem","position":1,"name":"Home","item":"https:\/\/anoticiaonline.com.br\/site","nextItem":{"@type":"ListItem","@id":"https:\/\/anoticiaonline.com.br\/site\/categoria\/esporte\/#listItem","name":"Esporte"}},{"@type":"ListItem","@id":"https:\/\/anoticiaonline.com.br\/site\/categoria\/esporte\/#listItem","position":2,"name":"Esporte","item":"https:\/\/anoticiaonline.com.br\/site\/categoria\/esporte\/","nextItem":{"@type":"ListItem","@id":"https:\/\/anoticiaonline.com.br\/site\/nac-apresenta-nova-diretoria-comissao-tecnica-e-uniformes-para-a-temporada-de-2019\/#listItem","name":"NAC apresenta nova diretoria, comiss\u00e3o t\u00e9cnica e uniformes para a temporada de 2019"},"previousItem":{"@type":"ListItem","@id":"https:\/\/anoticiaonline.com.br\/site#listItem","name":"Home"}},{"@type":"ListItem","@id":"https:\/\/anoticiaonline.com.br\/site\/nac-apresenta-nova-diretoria-comissao-tecnica-e-uniformes-para-a-temporada-de-2019\/#listItem","position":3,"name":"NAC apresenta nova diretoria, comiss\u00e3o t\u00e9cnica e uniformes para a temporada de 2019","previousItem":{"@type":"ListItem","@id":"https:\/\/anoticiaonline.com.br\/site\/categoria\/esporte\/#listItem","name":"Esporte"}}]},{"@type":"Organization","@id":"https:\/\/anoticiaonline.com.br\/site\/#organization","name":"A Not\u00edcia Online","description":"Noticias de Muria\u00e9 e regi\u00e3o","url":"https:\/\/anoticiaonline.com.br\/site\/","logo":{"@type":"ImageObject","url":"https:\/\/scontent-gig4-1.xx.fbcdn.net\/v\/t39.30808-1\/270437624_4564083193639691_6907940295614233970_n.jpg?stp=dst-jpg_s200x200_tt6&_nc_cat=111&ccb=1-7&_nc_sid=f907e8&_nc_ohc=SM1wRlP3lJwQ7kNvwEPuBYA&_nc_oc=AdnqrjDN_BNjSSHWO-GbkIWH6fkGMLw4bqvL_NH6e2wMveX7G-rP2dAqsDSq1mJMOaY&_nc_zt=24&_nc_ht=scontent-gig4-1.xx&_nc_gid=AoBFJeGrT1hVaew_6rchkQ&oh=00_AfX7QmFGhQhG2jAllVgXCiM1ZrWgvtp80-Bfppyexh1QEg&oe=689E923C","@id":"https:\/\/anoticiaonline.com.br\/site\/nac-apresenta-nova-diretoria-comissao-tecnica-e-uniformes-para-a-temporada-de-2019\/#organizationLogo"},"image":{"@id":"https:\/\/anoticiaonline.com.br\/site\/nac-apresenta-nova-diretoria-comissao-tecnica-e-uniformes-para-a-temporada-de-2019\/#organizationLogo"}},{"@type":"Person","@id":"https:\/\/anoticiaonline.com.br\/site\/author\/juliana\/#author","url":"https:\/\/anoticiaonline.com.br\/site\/author\/juliana\/","name":"Juliana Laviola","image":{"@type":"ImageObject","@id":"https:\/\/anoticiaonline.com.br\/site\/nac-apresenta-nova-diretoria-comissao-tecnica-e-uniformes-para-a-temporada-de-2019\/#authorImage","url":"https:\/\/secure.gravatar.com\/avatar\/b8d45f5c699b100dfaf0e543582f38f38bf94cb7ae3a5e9abf8d891a34773335?s=96&d=mm&r=g","width":96,"height":96,"caption":"Juliana Laviola"}},{"@type":"WebPage","@id":"https:\/\/anoticiaonline.com.br\/site\/nac-apresenta-nova-diretoria-comissao-tecnica-e-uniformes-para-a-temporada-de-2019\/#webpage","url":"https:\/\/anoticiaonline.com.br\/site\/nac-apresenta-nova-diretoria-comissao-tecnica-e-uniformes-para-a-temporada-de-2019\/","name":"NAC apresenta nova diretoria, comiss\u00e3o t\u00e9cnica e uniformes para a temporada de 2019 - A Not\u00edcia Online","description":"O Nacional Atl\u00e9tico Clube (NAC) apresentou, oficialmente, na noite de quarta-feira (12), o novo uniforme para a temporada de 2019, bem como a nova comiss\u00e3o t\u00e9cnica, corpo diretivo e assessoria, durante um jantar realizado no S\u00edtio do Adelmo. O evento tamb\u00e9m teve, como objetivo, apresentar os planos do clube para o pr\u00f3ximo ano. Em novembro,","inLanguage":"pt-BR","isPartOf":{"@id":"https:\/\/anoticiaonline.com.br\/site\/#website"},"breadcrumb":{"@id":"https:\/\/anoticiaonline.com.br\/site\/nac-apresenta-nova-diretoria-comissao-tecnica-e-uniformes-para-a-temporada-de-2019\/#breadcrumblist"},"author":{"@id":"https:\/\/anoticiaonline.com.br\/site\/author\/juliana\/#author"},"creator":{"@id":"https:\/\/anoticiaonline.com.br\/site\/author\/juliana\/#author"},"datePublished":"2018-12-13T18:22:03-03:00","dateModified":"2018-12-13T18:23:36-03:00"},{"@type":"WebSite","@id":"https:\/\/anoticiaonline.com.br\/site\/#website","url":"https:\/\/anoticiaonline.com.br\/site\/","name":"A Not\u00edcia Online","description":"Noticias de Muria\u00e9 e regi\u00e3o","inLanguage":"pt-BR","publisher":{"@id":"https:\/\/anoticiaonline.com.br\/site\/#organization"}}]},"og:locale":"pt_BR","og:site_name":"A Not\u00edcia Online - Noticias de Muria\u00e9 e regi\u00e3o","og:type":"article","og:title":"NAC apresenta nova diretoria, comiss\u00e3o t\u00e9cnica e uniformes para a temporada de 2019 - A Not\u00edcia Online","og:description":"O Nacional Atl\u00e9tico Clube (NAC) apresentou, oficialmente, na noite de quarta-feira (12), o novo uniforme para a temporada de 2019, bem como a nova comiss\u00e3o t\u00e9cnica, corpo diretivo e assessoria, durante um jantar realizado no S\u00edtio do Adelmo. O evento tamb\u00e9m teve, como objetivo, apresentar os planos do clube para o pr\u00f3ximo ano. Em novembro,","og:url":"https:\/\/anoticiaonline.com.br\/site\/nac-apresenta-nova-diretoria-comissao-tecnica-e-uniformes-para-a-temporada-de-2019\/","og:image":"https:\/\/scontent-gig4-1.xx.fbcdn.net\/v\/t39.30808-1\/270437624_4564083193639691_6907940295614233970_n.jpg?stp=dst-jpg_s200x200_tt6&#038;_nc_cat=111&#038;ccb=1-7&#038;_nc_sid=f907e8&#038;_nc_ohc=SM1wRlP3lJwQ7kNvwEPuBYA&#038;_nc_oc=AdnqrjDN_BNjSSHWO-GbkIWH6fkGMLw4bqvL_NH6e2wMveX7G-rP2dAqsDSq1mJMOaY&#038;_nc_zt=24&#038;_nc_ht=scontent-gig4-1.xx&#038;_nc_gid=AoBFJeGrT1hVaew_6rchkQ&#038;oh=00_AfX7QmFGhQhG2jAllVgXCiM1ZrWgvtp80-Bfppyexh1QEg&#038;oe=689E923C","og:image:secure_url":"https:\/\/scontent-gig4-1.xx.fbcdn.net\/v\/t39.30808-1\/270437624_4564083193639691_6907940295614233970_n.jpg?stp=dst-jpg_s200x200_tt6&#038;_nc_cat=111&#038;ccb=1-7&#038;_nc_sid=f907e8&#038;_nc_ohc=SM1wRlP3lJwQ7kNvwEPuBYA&#038;_nc_oc=AdnqrjDN_BNjSSHWO-GbkIWH6fkGMLw4bqvL_NH6e2wMveX7G-rP2dAqsDSq1mJMOaY&#038;_nc_zt=24&#038;_nc_ht=scontent-gig4-1.xx&#038;_nc_gid=AoBFJeGrT1hVaew_6rchkQ&#038;oh=00_AfX7QmFGhQhG2jAllVgXCiM1ZrWgvtp80-Bfppyexh1QEg&#038;oe=689E923C","article:published_time":"2018-12-13T21:22:03+00:00","article:modified_time":"2018-12-13T21:23:36+00:00","twitter:card":"summary_large_image","twitter:title":"NAC apresenta nova diretoria, comiss\u00e3o t\u00e9cnica e uniformes para a temporada de 2019 - A Not\u00edcia Online","twitter:description":"O Nacional Atl\u00e9tico Clube (NAC) apresentou, oficialmente, na noite de quarta-feira (12), o novo uniforme para a temporada de 2019, bem como a nova comiss\u00e3o t\u00e9cnica, corpo diretivo e assessoria, durante um jantar realizado no S\u00edtio do Adelmo. O evento tamb\u00e9m teve, como objetivo, apresentar os planos do clube para o pr\u00f3ximo ano. Em novembro,","twitter:image":"https:\/\/scontent-gig4-1.xx.fbcdn.net\/v\/t39.30808-1\/270437624_4564083193639691_6907940295614233970_n.jpg?stp=dst-jpg_s200x200_tt6&_nc_cat=111&ccb=1-7&_nc_sid=f907e8&_nc_ohc=SM1wRlP3lJwQ7kNvwEPuBYA&_nc_oc=AdnqrjDN_BNjSSHWO-GbkIWH6fkGMLw4bqvL_NH6e2wMveX7G-rP2dAqsDSq1mJMOaY&_nc_zt=24&_nc_ht=scontent-gig4-1.xx&_nc_gid=AoBFJeGrT1hVaew_6rchkQ&oh=00_AfX7QmFGhQhG2jAllVgXCiM1ZrWgvtp80-Bfppyexh1QEg&oe=689E923C"},"aioseo_meta_data":{"post_id":"65850","title":null,"description":null,"keywords":null,"keyphrases":null,"primary_term":null,"canonical_url":null,"og_title":null,"og_description":null,"og_object_type":"default","og_image_type":"default","og_image_url":null,"og_image_width":null,"og_image_height":null,"og_image_custom_url":null,"og_image_custom_fields":null,"og_video":null,"og_custom_url":null,"og_article_section":null,"og_article_tags":null,"twitter_use_og":false,"twitter_card":"default","twitter_image_type":"default","twitter_image_url":null,"twitter_image_custom_url":null,"twitter_image_custom_fields":null,"twitter_title":null,"twitter_description":null,"schema":{"blockGraphs":[],"customGraphs":[],"default":{"data":{"Article":[],"Course":[],"Dataset":[],"FAQPage":[],"Movie":[],"Person":[],"Product":[],"ProductReview":[],"Car":[],"Recipe":[],"Service":[],"SoftwareApplication":[],"WebPage":[]},"graphName":"","isEnabled":true},"graphs":[]},"schema_type":"default","schema_type_options":null,"pillar_content":false,"robots_default":true,"robots_noindex":false,"robots_noarchive":false,"robots_nosnippet":false,"robots_nofollow":false,"robots_noimageindex":false,"robots_noodp":false,"robots_notranslate":false,"robots_max_snippet":null,"robots_max_videopreview":null,"robots_max_imagepreview":"large","priority":null,"frequency":null,"local_seo":null,"breadcrumb_settings":null,"limit_modified_date":false,"ai":null,"created":"2025-08-16 22:30:41","updated":"2025-08-16 22:30:41","focus_keyword":null,"additional_keywords":null,"truseo_locale":null,"seo_analyzer_scan_date":null},"aioseo_breadcrumb":"<div class=\"aioseo-breadcrumbs\"><span class=\"aioseo-breadcrumb\">\n\t\t\t<a href=\"https:\/\/anoticiaonline.com.br\/site\" title=\"Home\">Home<\/a>\n\t\t<\/span><span class=\"aioseo-breadcrumb-separator\">&raquo;<\/span><span class=\"aioseo-breadcrumb\">\n\t\t\t<a href=\"https:\/\/anoticiaonline.com.br\/site\/categoria\/esporte\/\" title=\"Esporte\">Esporte<\/a>\n\t\t<\/span><span class=\"aioseo-breadcrumb-separator\">&raquo;<\/span><span class=\"aioseo-breadcrumb\">\n\t\t\tNAC apresenta nova diretoria, comiss\u00e3o t\u00e9cnica e uniformes para a temporada de 2019\n\t\t<\/span><\/div>","aioseo_breadcrumb_json":[{"label":"Home","link":"https:\/\/anoticiaonline.com.br\/site"},{"label":"Esporte","link":"https:\/\/anoticiaonline.com.br\/site\/categoria\/esporte\/"},{"label":"NAC apresenta nova diretoria, comiss\u00e3o t\u00e9cnica e uniformes para a temporada de 2019","link":"https:\/\/anoticiaonline.com.br\/site\/nac-apresenta-nova-diretoria-comissao-tecnica-e-uniformes-para-a-temporada-de-2019\/"}],"views":169,"_links":{"self":[{"href":"https:\/\/anoticiaonline.com.br\/site\/wp-json\/wp\/v2\/posts\/65850","targetHints":{"allow":["GET"]}}],"collection":[{"href":"https:\/\/anoticiaonline.com.br\/site\/wp-json\/wp\/v2\/posts"}],"about":[{"href":"https:\/\/anoticiaonline.com.br\/site\/wp-json\/wp\/v2\/types\/post"}],"author":[{"embeddable":true,"href":"https:\/\/anoticiaonline.com.br\/site\/wp-json\/wp\/v2\/users\/2"}],"replies":[{"embeddable":true,"href":"https:\/\/anoticiaonline.com.br\/site\/wp-json\/wp\/v2\/comments?post=65850"}],"version-history":[{"count":0,"href":"https:\/\/anoticiaonline.com.br\/site\/wp-json\/wp\/v2\/posts\/65850\/revisions"}],"wp:attachment":[{"href":"https:\/\/anoticiaonline.com.br\/site\/wp-json\/wp\/v2\/media?parent=65850"}],"wp:term":[{"taxonomy":"category","embeddable":true,"href":"https:\/\/anoticiaonline.com.br\/site\/wp-json\/wp\/v2\/categories?post=65850"},{"taxonomy":"post_tag","embeddable":true,"href":"https:\/\/anoticiaonline.com.br\/site\/wp-json\/wp\/v2\/tags?post=65850"}],"curies":[{"name":"wp","href":"https:\/\/api.w.org\/{rel}","templated":true}]}}