{"id":65829,"date":"2018-12-13T17:26:54","date_gmt":"2018-12-13T20:26:54","guid":{"rendered":"http:\/\/anoticiaonline.com.br\/site\/?p=65829"},"modified":"2018-12-13T22:45:02","modified_gmt":"2018-12-14T01:45:02","slug":"david-lacerda-e-o-novo-presidente-da-camara-municipal-de-muriae","status":"publish","type":"post","link":"https:\/\/anoticiaonline.com.br\/site\/david-lacerda-e-o-novo-presidente-da-camara-municipal-de-muriae\/","title":{"rendered":"Elei\u00e7\u00e3o na C\u00e2mara"},"content":{"rendered":"<h2>David Lacerda \u00e9 o novo presidente da C\u00e2mara Municipal de Muria\u00e9<\/h2>\n<figure id=\"attachment_65841\" aria-describedby=\"caption-attachment-65841\" style=\"width: 990px\" class=\"wp-caption aligncenter\"><a href=\"https:\/\/anoticiaonline.com.br\/site\/wp-content\/uploads\/2018\/12\/DSC_1025.jpg\"><img fetchpriority=\"high\" decoding=\"async\" class=\"size-full wp-image-65841\" src=\"https:\/\/anoticiaonline.com.br\/site\/wp-content\/uploads\/2018\/12\/DSC_1025.jpg\" alt=\"\" width=\"1000\" height=\"643\" srcset=\"https:\/\/anoticiaonline.com.br\/site\/wp-content\/uploads\/2018\/12\/DSC_1025.jpg 1000w, https:\/\/anoticiaonline.com.br\/site\/wp-content\/uploads\/2018\/12\/DSC_1025-300x193.jpg 300w, https:\/\/anoticiaonline.com.br\/site\/wp-content\/uploads\/2018\/12\/DSC_1025-768x494.jpg 768w\" sizes=\"(max-width: 1000px) 100vw, 1000px\" \/><\/a><figcaption id=\"caption-attachment-65841\" class=\"wp-caption-text\">David Lacerda comemora com companheiros de chapa Ademar Camerino, Lelei, Carlos Delfim e Evandro Cheroso<\/figcaption><\/figure>\n<p>O vereador David Lacerda (DEM) foi eleito presidente da C\u00e2mara Municipal de Muria\u00e9 por 9 votos a 8, na noite de ter\u00e7a-feira (11). A Chapa 1, encabe\u00e7ada por Lacerda venceu a Chapa 2, que tinha como candidato o vereador Reginaldo Roriz (PSD).<!--more--><\/p>\n<p>David Lacerda contou com os votos dos seguintes vereadores: David Lacerda (DEM), Sargento Joel (MDB), Ademar Camerino (Pros), Carlos Delfim (PSDB), Lelei (DEM), Evandro Cheroso (PR), Miriam Facchini (PSDB), Helena Carvalho (MDB) e Devail (PP).<\/p>\n<p>Reginaldo Roriz, da Chapa 2, recebeu os votos dos seguintes colegas da Casa Legislativa: Reginaldo Roriz (PSD), Jair Abreu (PT), Prof. J\u00falio Simbra (DEM), Dr. Jos\u00e9 Carlos (PSB), Ciso (PPS), Ivanir do Gaspar (PR), Celsinho (DEM)\u00a0e Carlos Macuco (PR).<\/p>\n<p>Em entrevista ao jornal A Not\u00edcia, David Lacerda disse que este o momento atual \u00e9 de muita alegria e tamb\u00e9m de preocupa\u00e7\u00e3o. \u201cSei o tamanho da minha responsabilidade. At\u00e9 quinta-feira (6), eu n\u00e3o era candidato, mas fui procurado por um grupo que resolveu me apoiar. Gra\u00e7as a Deus tudo ocorreu de forma tranquila. Agora, conto com o apoio da imprensa e dos meus eleitores durante o ano de 2019, que ser\u00e1 de muito trabalho e de coer\u00eancia nas atitudes. Bons dias vir\u00e3o\u201d.<\/p>\n<p><strong>Componentes da chapa vencedora:<\/strong><\/p>\n<p><strong>Chapa 1<\/strong><\/p>\n<p>Presidente: David Lacerda<\/p>\n<p>1\u00ba Vice-presidente: Lelei<\/p>\n<p>2\u00ba Vice-presidente: Ademar Camerino<\/p>\n<p>1\u00ba Secret\u00e1rio: Carlos Delfim<\/p>\n<p>2\u00ba Secret\u00e1rio: Evandro Cheroso<\/p>\n<p><strong>Componentes da chapa advers\u00e1ria:<\/strong><\/p>\n<p><strong>Chapa 2<\/strong><strong>\u00a0<\/strong><\/p>\n<p>Presidente: Reginaldo Roriz<\/p>\n<p>1\u00ba Vice-presidente: J\u00falio Simbra<\/p>\n<p>2\u00ba Vice-presidente: Celsinho<\/p>\n<p>1\u00ba Secret\u00e1rio: Jair Abreu<\/p>\n<p>2\u00ba Secret\u00e1rio: Carlos Macuco<\/p>\n<p><strong>Sobre o vereador David Lacerda &#8211; <\/strong>Nascido no dia 21 de Fevereiro de 1958, David Pinheiro de Lacerda \u00e9 natural de Muria\u00e9, filho dos ruralistas Jo\u00e3o Evangelista de Lacerda e Alzira Chaves de Lacerda. Passou sua inf\u00e2ncia no meio rural, no \u201cS\u00edtio Goiabal\u201d, herdando assim a mesma profiss\u00e3o de seus pais.<\/p>\n<p>No dia 7 de outubro de 2012, David Lacerda foi eleito vereador de Muria\u00e9 com 1175 votos, cumprindo seu mandato de quatro anos, sendo reeleito como vereador no dia 2 de outubro de 2016, com 1244 votos.<\/p>\n<p>&nbsp;<\/p>\n<p><a href=\"https:\/\/anoticiaonline.com.br\/site\/wp-content\/uploads\/2018\/12\/DSC_1035.jpg\"><img decoding=\"async\" class=\"aligncenter size-full wp-image-65843\" src=\"https:\/\/anoticiaonline.com.br\/site\/wp-content\/uploads\/2018\/12\/DSC_1035.jpg\" alt=\"\" width=\"1000\" height=\"629\" srcset=\"https:\/\/anoticiaonline.com.br\/site\/wp-content\/uploads\/2018\/12\/DSC_1035.jpg 1000w, https:\/\/anoticiaonline.com.br\/site\/wp-content\/uploads\/2018\/12\/DSC_1035-300x189.jpg 300w, https:\/\/anoticiaonline.com.br\/site\/wp-content\/uploads\/2018\/12\/DSC_1035-768x483.jpg 768w\" sizes=\"(max-width: 1000px) 100vw, 1000px\" \/><\/a><\/p>\n<p><a href=\"https:\/\/anoticiaonline.com.br\/site\/wp-content\/uploads\/2018\/12\/DSC_1055.jpg\"><img decoding=\"async\" class=\"aligncenter size-full wp-image-65846\" src=\"https:\/\/anoticiaonline.com.br\/site\/wp-content\/uploads\/2018\/12\/DSC_1055.jpg\" alt=\"\" width=\"1000\" height=\"640\" srcset=\"https:\/\/anoticiaonline.com.br\/site\/wp-content\/uploads\/2018\/12\/DSC_1055.jpg 1000w, https:\/\/anoticiaonline.com.br\/site\/wp-content\/uploads\/2018\/12\/DSC_1055-300x192.jpg 300w, https:\/\/anoticiaonline.com.br\/site\/wp-content\/uploads\/2018\/12\/DSC_1055-768x492.jpg 768w\" sizes=\"(max-width: 1000px) 100vw, 1000px\" \/><\/a><\/p>\n<p><a href=\"https:\/\/anoticiaonline.com.br\/site\/wp-content\/uploads\/2018\/12\/DSC_0939.jpg\"><img loading=\"lazy\" decoding=\"async\" class=\"aligncenter size-full wp-image-65840\" src=\"https:\/\/anoticiaonline.com.br\/site\/wp-content\/uploads\/2018\/12\/DSC_0939.jpg\" alt=\"\" width=\"1000\" height=\"762\" srcset=\"https:\/\/anoticiaonline.com.br\/site\/wp-content\/uploads\/2018\/12\/DSC_0939.jpg 1000w, https:\/\/anoticiaonline.com.br\/site\/wp-content\/uploads\/2018\/12\/DSC_0939-300x229.jpg 300w, https:\/\/anoticiaonline.com.br\/site\/wp-content\/uploads\/2018\/12\/DSC_0939-768x585.jpg 768w, https:\/\/anoticiaonline.com.br\/site\/wp-content\/uploads\/2018\/12\/DSC_0939-105x80.jpg 105w\" sizes=\"(max-width: 1000px) 100vw, 1000px\" \/><\/a><\/p>\n<p><a href=\"https:\/\/anoticiaonline.com.br\/site\/wp-content\/uploads\/2018\/12\/DSC_1052.jpg\"><img loading=\"lazy\" decoding=\"async\" class=\"aligncenter size-full wp-image-65845\" src=\"https:\/\/anoticiaonline.com.br\/site\/wp-content\/uploads\/2018\/12\/DSC_1052.jpg\" alt=\"\" width=\"1000\" height=\"613\" srcset=\"https:\/\/anoticiaonline.com.br\/site\/wp-content\/uploads\/2018\/12\/DSC_1052.jpg 1000w, https:\/\/anoticiaonline.com.br\/site\/wp-content\/uploads\/2018\/12\/DSC_1052-300x184.jpg 300w, https:\/\/anoticiaonline.com.br\/site\/wp-content\/uploads\/2018\/12\/DSC_1052-768x471.jpg 768w, https:\/\/anoticiaonline.com.br\/site\/wp-content\/uploads\/2018\/12\/DSC_1052-400x245.jpg 400w\" sizes=\"(max-width: 1000px) 100vw, 1000px\" \/><\/a><\/p>\n<p><a href=\"https:\/\/anoticiaonline.com.br\/site\/wp-content\/uploads\/2018\/12\/DSC_1044.jpg\"><img loading=\"lazy\" decoding=\"async\" class=\"aligncenter size-full wp-image-65844\" src=\"https:\/\/anoticiaonline.com.br\/site\/wp-content\/uploads\/2018\/12\/DSC_1044.jpg\" alt=\"\" width=\"1000\" height=\"646\" srcset=\"https:\/\/anoticiaonline.com.br\/site\/wp-content\/uploads\/2018\/12\/DSC_1044.jpg 1000w, https:\/\/anoticiaonline.com.br\/site\/wp-content\/uploads\/2018\/12\/DSC_1044-300x194.jpg 300w, https:\/\/anoticiaonline.com.br\/site\/wp-content\/uploads\/2018\/12\/DSC_1044-768x496.jpg 768w\" sizes=\"(max-width: 1000px) 100vw, 1000px\" \/><\/a><\/p>\n<p><a href=\"https:\/\/anoticiaonline.com.br\/site\/wp-content\/uploads\/2018\/12\/DSC_1057.jpg\"><img loading=\"lazy\" decoding=\"async\" class=\"aligncenter size-full wp-image-65847\" src=\"https:\/\/anoticiaonline.com.br\/site\/wp-content\/uploads\/2018\/12\/DSC_1057.jpg\" alt=\"\" width=\"1000\" height=\"595\" srcset=\"https:\/\/anoticiaonline.com.br\/site\/wp-content\/uploads\/2018\/12\/DSC_1057.jpg 1000w, https:\/\/anoticiaonline.com.br\/site\/wp-content\/uploads\/2018\/12\/DSC_1057-300x179.jpg 300w, https:\/\/anoticiaonline.com.br\/site\/wp-content\/uploads\/2018\/12\/DSC_1057-768x457.jpg 768w\" sizes=\"(max-width: 1000px) 100vw, 1000px\" \/><\/a><\/p>\n","protected":false},"excerpt":{"rendered":"<p>David Lacerda \u00e9 o novo presidente da C\u00e2mara Municipal de Muria\u00e9 O vereador David Lacerda (DEM) foi eleito presidente da C\u00e2mara Municipal de Muria\u00e9 por 9 votos a 8, na noite de ter\u00e7a-feira (11). A Chapa 1, encabe\u00e7ada por Lacerda venceu a Chapa 2, que tinha como candidato o vereador Reginaldo Roriz (PSD).<\/p>\n","protected":false},"author":2,"featured_media":65841,"comment_status":"open","ping_status":"open","sticky":false,"template":"","format":"standard","meta":{"_acf_changed":false,"_monsterinsights_skip_tracking":false,"footnotes":""},"categories":[30],"tags":[821,74,352],"class_list":["post-65829","post","type-post","status-publish","format-standard","has-post-thumbnail","hentry","category-muriae","tag-camara","tag-muriae","tag-politica"],"acf":[],"aioseo_notices":[],"aioseo_head":"\n\t\t<!-- All in One SEO 5.0.0.1 - aioseo.com -->\n\t<meta name=\"description\" content=\"David Lacerda \u00e9 o novo presidente da C\u00e2mara Municipal de Muria\u00e9 O vereador David Lacerda (DEM) foi eleito presidente da C\u00e2mara Municipal de Muria\u00e9 por 9 votos a 8, na noite de ter\u00e7a-feira (11). A Chapa 1, encabe\u00e7ada por Lacerda venceu a Chapa 2, que tinha como candidato o vereador Reginaldo Roriz (PSD). David Lacerda\" \/>\n\t<meta name=\"robots\" content=\"max-image-preview:large\" \/>\n\t<meta name=\"author\" content=\"Juliana Laviola\"\/>\n\t<link rel=\"canonical\" href=\"https:\/\/anoticiaonline.com.br\/site\/david-lacerda-e-o-novo-presidente-da-camara-municipal-de-muriae\/\" \/>\n\t<meta name=\"generator\" content=\"All in One SEO (AIOSEO) 5.0.0.1\" \/>\n\t\t<meta property=\"og:locale\" content=\"pt_BR\" \/>\n\t\t<meta property=\"og:site_name\" content=\"A Not\u00edcia Online - Noticias de Muria\u00e9 e regi\u00e3o\" \/>\n\t\t<meta property=\"og:type\" content=\"article\" \/>\n\t\t<meta property=\"og:title\" content=\"Elei\u00e7\u00e3o na C\u00e2mara - A Not\u00edcia Online\" \/>\n\t\t<meta property=\"og:description\" content=\"David Lacerda \u00e9 o novo presidente da C\u00e2mara Municipal de Muria\u00e9 O vereador David Lacerda (DEM) foi eleito presidente da C\u00e2mara Municipal de Muria\u00e9 por 9 votos a 8, na noite de ter\u00e7a-feira (11). A Chapa 1, encabe\u00e7ada por Lacerda venceu a Chapa 2, que tinha como candidato o vereador Reginaldo Roriz (PSD). David Lacerda\" \/>\n\t\t<meta property=\"og:url\" content=\"https:\/\/anoticiaonline.com.br\/site\/david-lacerda-e-o-novo-presidente-da-camara-municipal-de-muriae\/\" \/>\n\t\t<meta property=\"og:image\" content=\"https:\/\/scontent-gig4-1.xx.fbcdn.net\/v\/t39.30808-1\/270437624_4564083193639691_6907940295614233970_n.jpg?stp=dst-jpg_s200x200_tt6&#038;_nc_cat=111&#038;ccb=1-7&#038;_nc_sid=f907e8&#038;_nc_ohc=SM1wRlP3lJwQ7kNvwEPuBYA&#038;_nc_oc=AdnqrjDN_BNjSSHWO-GbkIWH6fkGMLw4bqvL_NH6e2wMveX7G-rP2dAqsDSq1mJMOaY&#038;_nc_zt=24&#038;_nc_ht=scontent-gig4-1.xx&#038;_nc_gid=AoBFJeGrT1hVaew_6rchkQ&#038;oh=00_AfX7QmFGhQhG2jAllVgXCiM1ZrWgvtp80-Bfppyexh1QEg&#038;oe=689E923C\" \/>\n\t\t<meta property=\"og:image:secure_url\" content=\"https:\/\/scontent-gig4-1.xx.fbcdn.net\/v\/t39.30808-1\/270437624_4564083193639691_6907940295614233970_n.jpg?stp=dst-jpg_s200x200_tt6&#038;_nc_cat=111&#038;ccb=1-7&#038;_nc_sid=f907e8&#038;_nc_ohc=SM1wRlP3lJwQ7kNvwEPuBYA&#038;_nc_oc=AdnqrjDN_BNjSSHWO-GbkIWH6fkGMLw4bqvL_NH6e2wMveX7G-rP2dAqsDSq1mJMOaY&#038;_nc_zt=24&#038;_nc_ht=scontent-gig4-1.xx&#038;_nc_gid=AoBFJeGrT1hVaew_6rchkQ&#038;oh=00_AfX7QmFGhQhG2jAllVgXCiM1ZrWgvtp80-Bfppyexh1QEg&#038;oe=689E923C\" \/>\n\t\t<meta property=\"article:published_time\" content=\"2018-12-13T20:26:54+00:00\" \/>\n\t\t<meta property=\"article:modified_time\" content=\"2018-12-14T01:45:02+00:00\" \/>\n\t\t<meta name=\"twitter:card\" content=\"summary_large_image\" \/>\n\t\t<meta name=\"twitter:title\" content=\"Elei\u00e7\u00e3o na C\u00e2mara - A Not\u00edcia Online\" \/>\n\t\t<meta name=\"twitter:description\" content=\"David Lacerda \u00e9 o novo presidente da C\u00e2mara Municipal de Muria\u00e9 O vereador David Lacerda (DEM) foi eleito presidente da C\u00e2mara Municipal de Muria\u00e9 por 9 votos a 8, na noite de ter\u00e7a-feira (11). A Chapa 1, encabe\u00e7ada por Lacerda venceu a Chapa 2, que tinha como candidato o vereador Reginaldo Roriz (PSD). David Lacerda\" \/>\n\t\t<meta name=\"twitter:image\" content=\"https:\/\/scontent-gig4-1.xx.fbcdn.net\/v\/t39.30808-1\/270437624_4564083193639691_6907940295614233970_n.jpg?stp=dst-jpg_s200x200_tt6&amp;_nc_cat=111&amp;ccb=1-7&amp;_nc_sid=f907e8&amp;_nc_ohc=SM1wRlP3lJwQ7kNvwEPuBYA&amp;_nc_oc=AdnqrjDN_BNjSSHWO-GbkIWH6fkGMLw4bqvL_NH6e2wMveX7G-rP2dAqsDSq1mJMOaY&amp;_nc_zt=24&amp;_nc_ht=scontent-gig4-1.xx&amp;_nc_gid=AoBFJeGrT1hVaew_6rchkQ&amp;oh=00_AfX7QmFGhQhG2jAllVgXCiM1ZrWgvtp80-Bfppyexh1QEg&amp;oe=689E923C\" \/>\n\t\t<script type=\"application\/ld+json\" class=\"aioseo-schema\">\n\t\t\t{\"@context\":\"https:\\\/\\\/schema.org\",\"@graph\":[{\"@type\":\"BlogPosting\",\"@id\":\"https:\\\/\\\/anoticiaonline.com.br\\\/site\\\/david-lacerda-e-o-novo-presidente-da-camara-municipal-de-muriae\\\/#blogposting\",\"name\":\"Elei\\u00e7\\u00e3o na C\\u00e2mara - A Not\\u00edcia Online\",\"headline\":\"Elei\\u00e7\\u00e3o na C\\u00e2mara\",\"author\":{\"@id\":\"https:\\\/\\\/anoticiaonline.com.br\\\/site\\\/author\\\/juliana\\\/#author\"},\"publisher\":{\"@id\":\"https:\\\/\\\/anoticiaonline.com.br\\\/site\\\/#organization\"},\"image\":{\"@type\":\"ImageObject\",\"url\":\"https:\\\/\\\/anoticiaonline.com.br\\\/site\\\/wp-content\\\/uploads\\\/2018\\\/12\\\/DSC_1025.jpg\",\"width\":1000,\"height\":643,\"caption\":\"David Lacerda comemora com companheiros de chapa\"},\"datePublished\":\"2018-12-13T17:26:54-03:00\",\"dateModified\":\"2018-12-13T22:45:02-03:00\",\"inLanguage\":\"pt-BR\",\"mainEntityOfPage\":{\"@id\":\"https:\\\/\\\/anoticiaonline.com.br\\\/site\\\/david-lacerda-e-o-novo-presidente-da-camara-municipal-de-muriae\\\/#webpage\"},\"isPartOf\":{\"@id\":\"https:\\\/\\\/anoticiaonline.com.br\\\/site\\\/david-lacerda-e-o-novo-presidente-da-camara-municipal-de-muriae\\\/#webpage\"},\"articleSection\":\"Blog, C\\u00e2mara, Muria\\u00e9, pol\\u00edtica\"},{\"@type\":\"BreadcrumbList\",\"@id\":\"https:\\\/\\\/anoticiaonline.com.br\\\/site\\\/david-lacerda-e-o-novo-presidente-da-camara-municipal-de-muriae\\\/#breadcrumblist\",\"itemListElement\":[{\"@type\":\"ListItem\",\"@id\":\"https:\\\/\\\/anoticiaonline.com.br\\\/site#listItem\",\"position\":1,\"name\":\"Home\",\"item\":\"https:\\\/\\\/anoticiaonline.com.br\\\/site\",\"nextItem\":{\"@type\":\"ListItem\",\"@id\":\"https:\\\/\\\/anoticiaonline.com.br\\\/site\\\/categoria\\\/muriae\\\/#listItem\",\"name\":\"Blog\"}},{\"@type\":\"ListItem\",\"@id\":\"https:\\\/\\\/anoticiaonline.com.br\\\/site\\\/categoria\\\/muriae\\\/#listItem\",\"position\":2,\"name\":\"Blog\",\"item\":\"https:\\\/\\\/anoticiaonline.com.br\\\/site\\\/categoria\\\/muriae\\\/\",\"nextItem\":{\"@type\":\"ListItem\",\"@id\":\"https:\\\/\\\/anoticiaonline.com.br\\\/site\\\/david-lacerda-e-o-novo-presidente-da-camara-municipal-de-muriae\\\/#listItem\",\"name\":\"Elei\\u00e7\\u00e3o na C\\u00e2mara\"},\"previousItem\":{\"@type\":\"ListItem\",\"@id\":\"https:\\\/\\\/anoticiaonline.com.br\\\/site#listItem\",\"name\":\"Home\"}},{\"@type\":\"ListItem\",\"@id\":\"https:\\\/\\\/anoticiaonline.com.br\\\/site\\\/david-lacerda-e-o-novo-presidente-da-camara-municipal-de-muriae\\\/#listItem\",\"position\":3,\"name\":\"Elei\\u00e7\\u00e3o na C\\u00e2mara\",\"previousItem\":{\"@type\":\"ListItem\",\"@id\":\"https:\\\/\\\/anoticiaonline.com.br\\\/site\\\/categoria\\\/muriae\\\/#listItem\",\"name\":\"Blog\"}}]},{\"@type\":\"Organization\",\"@id\":\"https:\\\/\\\/anoticiaonline.com.br\\\/site\\\/#organization\",\"name\":\"A Not\\u00edcia Online\",\"description\":\"Noticias de Muria\\u00e9 e regi\\u00e3o\",\"url\":\"https:\\\/\\\/anoticiaonline.com.br\\\/site\\\/\",\"logo\":{\"@type\":\"ImageObject\",\"url\":\"https:\\\/\\\/scontent-gig4-1.xx.fbcdn.net\\\/v\\\/t39.30808-1\\\/270437624_4564083193639691_6907940295614233970_n.jpg?stp=dst-jpg_s200x200_tt6&_nc_cat=111&ccb=1-7&_nc_sid=f907e8&_nc_ohc=SM1wRlP3lJwQ7kNvwEPuBYA&_nc_oc=AdnqrjDN_BNjSSHWO-GbkIWH6fkGMLw4bqvL_NH6e2wMveX7G-rP2dAqsDSq1mJMOaY&_nc_zt=24&_nc_ht=scontent-gig4-1.xx&_nc_gid=AoBFJeGrT1hVaew_6rchkQ&oh=00_AfX7QmFGhQhG2jAllVgXCiM1ZrWgvtp80-Bfppyexh1QEg&oe=689E923C\",\"@id\":\"https:\\\/\\\/anoticiaonline.com.br\\\/site\\\/david-lacerda-e-o-novo-presidente-da-camara-municipal-de-muriae\\\/#organizationLogo\"},\"image\":{\"@id\":\"https:\\\/\\\/anoticiaonline.com.br\\\/site\\\/david-lacerda-e-o-novo-presidente-da-camara-municipal-de-muriae\\\/#organizationLogo\"}},{\"@type\":\"Person\",\"@id\":\"https:\\\/\\\/anoticiaonline.com.br\\\/site\\\/author\\\/juliana\\\/#author\",\"url\":\"https:\\\/\\\/anoticiaonline.com.br\\\/site\\\/author\\\/juliana\\\/\",\"name\":\"Juliana Laviola\",\"image\":{\"@type\":\"ImageObject\",\"@id\":\"https:\\\/\\\/anoticiaonline.com.br\\\/site\\\/david-lacerda-e-o-novo-presidente-da-camara-municipal-de-muriae\\\/#authorImage\",\"url\":\"https:\\\/\\\/secure.gravatar.com\\\/avatar\\\/b8d45f5c699b100dfaf0e543582f38f38bf94cb7ae3a5e9abf8d891a34773335?s=96&d=mm&r=g\",\"width\":96,\"height\":96,\"caption\":\"Juliana Laviola\"}},{\"@type\":\"WebPage\",\"@id\":\"https:\\\/\\\/anoticiaonline.com.br\\\/site\\\/david-lacerda-e-o-novo-presidente-da-camara-municipal-de-muriae\\\/#webpage\",\"url\":\"https:\\\/\\\/anoticiaonline.com.br\\\/site\\\/david-lacerda-e-o-novo-presidente-da-camara-municipal-de-muriae\\\/\",\"name\":\"Elei\\u00e7\\u00e3o na C\\u00e2mara - A Not\\u00edcia Online\",\"description\":\"David Lacerda \\u00e9 o novo presidente da C\\u00e2mara Municipal de Muria\\u00e9 O vereador David Lacerda (DEM) foi eleito presidente da C\\u00e2mara Municipal de Muria\\u00e9 por 9 votos a 8, na noite de ter\\u00e7a-feira (11). A Chapa 1, encabe\\u00e7ada por Lacerda venceu a Chapa 2, que tinha como candidato o vereador Reginaldo Roriz (PSD). David Lacerda\",\"inLanguage\":\"pt-BR\",\"isPartOf\":{\"@id\":\"https:\\\/\\\/anoticiaonline.com.br\\\/site\\\/#website\"},\"breadcrumb\":{\"@id\":\"https:\\\/\\\/anoticiaonline.com.br\\\/site\\\/david-lacerda-e-o-novo-presidente-da-camara-municipal-de-muriae\\\/#breadcrumblist\"},\"author\":{\"@id\":\"https:\\\/\\\/anoticiaonline.com.br\\\/site\\\/author\\\/juliana\\\/#author\"},\"creator\":{\"@id\":\"https:\\\/\\\/anoticiaonline.com.br\\\/site\\\/author\\\/juliana\\\/#author\"},\"image\":{\"@type\":\"ImageObject\",\"url\":\"https:\\\/\\\/anoticiaonline.com.br\\\/site\\\/wp-content\\\/uploads\\\/2018\\\/12\\\/DSC_1025.jpg\",\"@id\":\"https:\\\/\\\/anoticiaonline.com.br\\\/site\\\/david-lacerda-e-o-novo-presidente-da-camara-municipal-de-muriae\\\/#mainImage\",\"width\":1000,\"height\":643,\"caption\":\"David Lacerda comemora com companheiros de chapa\"},\"primaryImageOfPage\":{\"@id\":\"https:\\\/\\\/anoticiaonline.com.br\\\/site\\\/david-lacerda-e-o-novo-presidente-da-camara-municipal-de-muriae\\\/#mainImage\"},\"datePublished\":\"2018-12-13T17:26:54-03:00\",\"dateModified\":\"2018-12-13T22:45:02-03:00\"},{\"@type\":\"WebSite\",\"@id\":\"https:\\\/\\\/anoticiaonline.com.br\\\/site\\\/#website\",\"url\":\"https:\\\/\\\/anoticiaonline.com.br\\\/site\\\/\",\"name\":\"A Not\\u00edcia Online\",\"description\":\"Noticias de Muria\\u00e9 e regi\\u00e3o\",\"inLanguage\":\"pt-BR\",\"publisher\":{\"@id\":\"https:\\\/\\\/anoticiaonline.com.br\\\/site\\\/#organization\"}}]}\n\t\t<\/script>\n\t\t<!-- All in One SEO -->\n\n","aioseo_head_json":{"title":"Elei\u00e7\u00e3o na C\u00e2mara - A Not\u00edcia Online","description":"David Lacerda \u00e9 o novo presidente da C\u00e2mara Municipal de Muria\u00e9 O vereador David Lacerda (DEM) foi eleito presidente da C\u00e2mara Municipal de Muria\u00e9 por 9 votos a 8, na noite de ter\u00e7a-feira (11). A Chapa 1, encabe\u00e7ada por Lacerda venceu a Chapa 2, que tinha como candidato o vereador Reginaldo Roriz (PSD). David Lacerda","canonical_url":"https:\/\/anoticiaonline.com.br\/site\/david-lacerda-e-o-novo-presidente-da-camara-municipal-de-muriae\/","robots":"max-image-preview:large","keywords":"","webmasterTools":{"miscellaneous":""},"schema":{"@context":"https:\/\/schema.org","@graph":[{"@type":"BlogPosting","@id":"https:\/\/anoticiaonline.com.br\/site\/david-lacerda-e-o-novo-presidente-da-camara-municipal-de-muriae\/#blogposting","name":"Elei\u00e7\u00e3o na C\u00e2mara - A Not\u00edcia Online","headline":"Elei\u00e7\u00e3o na C\u00e2mara","author":{"@id":"https:\/\/anoticiaonline.com.br\/site\/author\/juliana\/#author"},"publisher":{"@id":"https:\/\/anoticiaonline.com.br\/site\/#organization"},"image":{"@type":"ImageObject","url":"https:\/\/anoticiaonline.com.br\/site\/wp-content\/uploads\/2018\/12\/DSC_1025.jpg","width":1000,"height":643,"caption":"David Lacerda comemora com companheiros de chapa"},"datePublished":"2018-12-13T17:26:54-03:00","dateModified":"2018-12-13T22:45:02-03:00","inLanguage":"pt-BR","mainEntityOfPage":{"@id":"https:\/\/anoticiaonline.com.br\/site\/david-lacerda-e-o-novo-presidente-da-camara-municipal-de-muriae\/#webpage"},"isPartOf":{"@id":"https:\/\/anoticiaonline.com.br\/site\/david-lacerda-e-o-novo-presidente-da-camara-municipal-de-muriae\/#webpage"},"articleSection":"Blog, C\u00e2mara, Muria\u00e9, pol\u00edtica"},{"@type":"BreadcrumbList","@id":"https:\/\/anoticiaonline.com.br\/site\/david-lacerda-e-o-novo-presidente-da-camara-municipal-de-muriae\/#breadcrumblist","itemListElement":[{"@type":"ListItem","@id":"https:\/\/anoticiaonline.com.br\/site#listItem","position":1,"name":"Home","item":"https:\/\/anoticiaonline.com.br\/site","nextItem":{"@type":"ListItem","@id":"https:\/\/anoticiaonline.com.br\/site\/categoria\/muriae\/#listItem","name":"Blog"}},{"@type":"ListItem","@id":"https:\/\/anoticiaonline.com.br\/site\/categoria\/muriae\/#listItem","position":2,"name":"Blog","item":"https:\/\/anoticiaonline.com.br\/site\/categoria\/muriae\/","nextItem":{"@type":"ListItem","@id":"https:\/\/anoticiaonline.com.br\/site\/david-lacerda-e-o-novo-presidente-da-camara-municipal-de-muriae\/#listItem","name":"Elei\u00e7\u00e3o na C\u00e2mara"},"previousItem":{"@type":"ListItem","@id":"https:\/\/anoticiaonline.com.br\/site#listItem","name":"Home"}},{"@type":"ListItem","@id":"https:\/\/anoticiaonline.com.br\/site\/david-lacerda-e-o-novo-presidente-da-camara-municipal-de-muriae\/#listItem","position":3,"name":"Elei\u00e7\u00e3o na C\u00e2mara","previousItem":{"@type":"ListItem","@id":"https:\/\/anoticiaonline.com.br\/site\/categoria\/muriae\/#listItem","name":"Blog"}}]},{"@type":"Organization","@id":"https:\/\/anoticiaonline.com.br\/site\/#organization","name":"A Not\u00edcia Online","description":"Noticias de Muria\u00e9 e regi\u00e3o","url":"https:\/\/anoticiaonline.com.br\/site\/","logo":{"@type":"ImageObject","url":"https:\/\/scontent-gig4-1.xx.fbcdn.net\/v\/t39.30808-1\/270437624_4564083193639691_6907940295614233970_n.jpg?stp=dst-jpg_s200x200_tt6&_nc_cat=111&ccb=1-7&_nc_sid=f907e8&_nc_ohc=SM1wRlP3lJwQ7kNvwEPuBYA&_nc_oc=AdnqrjDN_BNjSSHWO-GbkIWH6fkGMLw4bqvL_NH6e2wMveX7G-rP2dAqsDSq1mJMOaY&_nc_zt=24&_nc_ht=scontent-gig4-1.xx&_nc_gid=AoBFJeGrT1hVaew_6rchkQ&oh=00_AfX7QmFGhQhG2jAllVgXCiM1ZrWgvtp80-Bfppyexh1QEg&oe=689E923C","@id":"https:\/\/anoticiaonline.com.br\/site\/david-lacerda-e-o-novo-presidente-da-camara-municipal-de-muriae\/#organizationLogo"},"image":{"@id":"https:\/\/anoticiaonline.com.br\/site\/david-lacerda-e-o-novo-presidente-da-camara-municipal-de-muriae\/#organizationLogo"}},{"@type":"Person","@id":"https:\/\/anoticiaonline.com.br\/site\/author\/juliana\/#author","url":"https:\/\/anoticiaonline.com.br\/site\/author\/juliana\/","name":"Juliana Laviola","image":{"@type":"ImageObject","@id":"https:\/\/anoticiaonline.com.br\/site\/david-lacerda-e-o-novo-presidente-da-camara-municipal-de-muriae\/#authorImage","url":"https:\/\/secure.gravatar.com\/avatar\/b8d45f5c699b100dfaf0e543582f38f38bf94cb7ae3a5e9abf8d891a34773335?s=96&d=mm&r=g","width":96,"height":96,"caption":"Juliana Laviola"}},{"@type":"WebPage","@id":"https:\/\/anoticiaonline.com.br\/site\/david-lacerda-e-o-novo-presidente-da-camara-municipal-de-muriae\/#webpage","url":"https:\/\/anoticiaonline.com.br\/site\/david-lacerda-e-o-novo-presidente-da-camara-municipal-de-muriae\/","name":"Elei\u00e7\u00e3o na C\u00e2mara - A Not\u00edcia Online","description":"David Lacerda \u00e9 o novo presidente da C\u00e2mara Municipal de Muria\u00e9 O vereador David Lacerda (DEM) foi eleito presidente da C\u00e2mara Municipal de Muria\u00e9 por 9 votos a 8, na noite de ter\u00e7a-feira (11). A Chapa 1, encabe\u00e7ada por Lacerda venceu a Chapa 2, que tinha como candidato o vereador Reginaldo Roriz (PSD). David Lacerda","inLanguage":"pt-BR","isPartOf":{"@id":"https:\/\/anoticiaonline.com.br\/site\/#website"},"breadcrumb":{"@id":"https:\/\/anoticiaonline.com.br\/site\/david-lacerda-e-o-novo-presidente-da-camara-municipal-de-muriae\/#breadcrumblist"},"author":{"@id":"https:\/\/anoticiaonline.com.br\/site\/author\/juliana\/#author"},"creator":{"@id":"https:\/\/anoticiaonline.com.br\/site\/author\/juliana\/#author"},"image":{"@type":"ImageObject","url":"https:\/\/anoticiaonline.com.br\/site\/wp-content\/uploads\/2018\/12\/DSC_1025.jpg","@id":"https:\/\/anoticiaonline.com.br\/site\/david-lacerda-e-o-novo-presidente-da-camara-municipal-de-muriae\/#mainImage","width":1000,"height":643,"caption":"David Lacerda comemora com companheiros de chapa"},"primaryImageOfPage":{"@id":"https:\/\/anoticiaonline.com.br\/site\/david-lacerda-e-o-novo-presidente-da-camara-municipal-de-muriae\/#mainImage"},"datePublished":"2018-12-13T17:26:54-03:00","dateModified":"2018-12-13T22:45:02-03:00"},{"@type":"WebSite","@id":"https:\/\/anoticiaonline.com.br\/site\/#website","url":"https:\/\/anoticiaonline.com.br\/site\/","name":"A Not\u00edcia Online","description":"Noticias de Muria\u00e9 e regi\u00e3o","inLanguage":"pt-BR","publisher":{"@id":"https:\/\/anoticiaonline.com.br\/site\/#organization"}}]},"og:locale":"pt_BR","og:site_name":"A Not\u00edcia Online - Noticias de Muria\u00e9 e regi\u00e3o","og:type":"article","og:title":"Elei\u00e7\u00e3o na C\u00e2mara - A Not\u00edcia Online","og:description":"David Lacerda \u00e9 o novo presidente da C\u00e2mara Municipal de Muria\u00e9 O vereador David Lacerda (DEM) foi eleito presidente da C\u00e2mara Municipal de Muria\u00e9 por 9 votos a 8, na noite de ter\u00e7a-feira (11). A Chapa 1, encabe\u00e7ada por Lacerda venceu a Chapa 2, que tinha como candidato o vereador Reginaldo Roriz (PSD). David Lacerda","og:url":"https:\/\/anoticiaonline.com.br\/site\/david-lacerda-e-o-novo-presidente-da-camara-municipal-de-muriae\/","og:image":"https:\/\/scontent-gig4-1.xx.fbcdn.net\/v\/t39.30808-1\/270437624_4564083193639691_6907940295614233970_n.jpg?stp=dst-jpg_s200x200_tt6&#038;_nc_cat=111&#038;ccb=1-7&#038;_nc_sid=f907e8&#038;_nc_ohc=SM1wRlP3lJwQ7kNvwEPuBYA&#038;_nc_oc=AdnqrjDN_BNjSSHWO-GbkIWH6fkGMLw4bqvL_NH6e2wMveX7G-rP2dAqsDSq1mJMOaY&#038;_nc_zt=24&#038;_nc_ht=scontent-gig4-1.xx&#038;_nc_gid=AoBFJeGrT1hVaew_6rchkQ&#038;oh=00_AfX7QmFGhQhG2jAllVgXCiM1ZrWgvtp80-Bfppyexh1QEg&#038;oe=689E923C","og:image:secure_url":"https:\/\/scontent-gig4-1.xx.fbcdn.net\/v\/t39.30808-1\/270437624_4564083193639691_6907940295614233970_n.jpg?stp=dst-jpg_s200x200_tt6&#038;_nc_cat=111&#038;ccb=1-7&#038;_nc_sid=f907e8&#038;_nc_ohc=SM1wRlP3lJwQ7kNvwEPuBYA&#038;_nc_oc=AdnqrjDN_BNjSSHWO-GbkIWH6fkGMLw4bqvL_NH6e2wMveX7G-rP2dAqsDSq1mJMOaY&#038;_nc_zt=24&#038;_nc_ht=scontent-gig4-1.xx&#038;_nc_gid=AoBFJeGrT1hVaew_6rchkQ&#038;oh=00_AfX7QmFGhQhG2jAllVgXCiM1ZrWgvtp80-Bfppyexh1QEg&#038;oe=689E923C","article:published_time":"2018-12-13T20:26:54+00:00","article:modified_time":"2018-12-14T01:45:02+00:00","twitter:card":"summary_large_image","twitter:title":"Elei\u00e7\u00e3o na C\u00e2mara - A Not\u00edcia Online","twitter:description":"David Lacerda \u00e9 o novo presidente da C\u00e2mara Municipal de Muria\u00e9 O vereador David Lacerda (DEM) foi eleito presidente da C\u00e2mara Municipal de Muria\u00e9 por 9 votos a 8, na noite de ter\u00e7a-feira (11). A Chapa 1, encabe\u00e7ada por Lacerda venceu a Chapa 2, que tinha como candidato o vereador Reginaldo Roriz (PSD). David Lacerda","twitter:image":"https:\/\/scontent-gig4-1.xx.fbcdn.net\/v\/t39.30808-1\/270437624_4564083193639691_6907940295614233970_n.jpg?stp=dst-jpg_s200x200_tt6&_nc_cat=111&ccb=1-7&_nc_sid=f907e8&_nc_ohc=SM1wRlP3lJwQ7kNvwEPuBYA&_nc_oc=AdnqrjDN_BNjSSHWO-GbkIWH6fkGMLw4bqvL_NH6e2wMveX7G-rP2dAqsDSq1mJMOaY&_nc_zt=24&_nc_ht=scontent-gig4-1.xx&_nc_gid=AoBFJeGrT1hVaew_6rchkQ&oh=00_AfX7QmFGhQhG2jAllVgXCiM1ZrWgvtp80-Bfppyexh1QEg&oe=689E923C"},"aioseo_meta_data":{"post_id":"65829","title":null,"description":null,"keywords":null,"keyphrases":null,"primary_term":null,"canonical_url":null,"og_title":null,"og_description":null,"og_object_type":"default","og_image_type":"default","og_image_url":null,"og_image_width":null,"og_image_height":null,"og_image_custom_url":null,"og_image_custom_fields":null,"og_video":null,"og_custom_url":null,"og_article_section":null,"og_article_tags":null,"twitter_use_og":false,"twitter_card":"default","twitter_image_type":"default","twitter_image_url":null,"twitter_image_custom_url":null,"twitter_image_custom_fields":null,"twitter_title":null,"twitter_description":null,"schema":{"blockGraphs":[],"customGraphs":[],"default":{"data":{"Article":[],"Course":[],"Dataset":[],"FAQPage":[],"Movie":[],"Person":[],"Product":[],"ProductReview":[],"Car":[],"Recipe":[],"Service":[],"SoftwareApplication":[],"WebPage":[]},"graphName":"","isEnabled":true},"graphs":[]},"schema_type":"default","schema_type_options":null,"pillar_content":false,"robots_default":true,"robots_noindex":false,"robots_noarchive":false,"robots_nosnippet":false,"robots_nofollow":false,"robots_noimageindex":false,"robots_noodp":false,"robots_notranslate":false,"robots_max_snippet":null,"robots_max_videopreview":null,"robots_max_imagepreview":"large","priority":null,"frequency":null,"local_seo":null,"breadcrumb_settings":null,"limit_modified_date":false,"ai":null,"created":"2025-08-16 22:29:59","updated":"2025-08-16 22:29:59","focus_keyword":null,"additional_keywords":null,"truseo_locale":null,"seo_analyzer_scan_date":null},"aioseo_breadcrumb":"<div class=\"aioseo-breadcrumbs\"><span class=\"aioseo-breadcrumb\">\n\t\t\t<a href=\"https:\/\/anoticiaonline.com.br\/site\" title=\"Home\">Home<\/a>\n\t\t<\/span><span class=\"aioseo-breadcrumb-separator\">&raquo;<\/span><span class=\"aioseo-breadcrumb\">\n\t\t\t<a href=\"https:\/\/anoticiaonline.com.br\/site\/categoria\/muriae\/\" title=\"Blog\">Blog<\/a>\n\t\t<\/span><span class=\"aioseo-breadcrumb-separator\">&raquo;<\/span><span class=\"aioseo-breadcrumb\">\n\t\t\tElei\u00e7\u00e3o na C\u00e2mara\n\t\t<\/span><\/div>","aioseo_breadcrumb_json":[{"label":"Home","link":"https:\/\/anoticiaonline.com.br\/site"},{"label":"Blog","link":"https:\/\/anoticiaonline.com.br\/site\/categoria\/muriae\/"},{"label":"Elei\u00e7\u00e3o na C\u00e2mara","link":"https:\/\/anoticiaonline.com.br\/site\/david-lacerda-e-o-novo-presidente-da-camara-municipal-de-muriae\/"}],"views":148,"_links":{"self":[{"href":"https:\/\/anoticiaonline.com.br\/site\/wp-json\/wp\/v2\/posts\/65829","targetHints":{"allow":["GET"]}}],"collection":[{"href":"https:\/\/anoticiaonline.com.br\/site\/wp-json\/wp\/v2\/posts"}],"about":[{"href":"https:\/\/anoticiaonline.com.br\/site\/wp-json\/wp\/v2\/types\/post"}],"author":[{"embeddable":true,"href":"https:\/\/anoticiaonline.com.br\/site\/wp-json\/wp\/v2\/users\/2"}],"replies":[{"embeddable":true,"href":"https:\/\/anoticiaonline.com.br\/site\/wp-json\/wp\/v2\/comments?post=65829"}],"version-history":[{"count":0,"href":"https:\/\/anoticiaonline.com.br\/site\/wp-json\/wp\/v2\/posts\/65829\/revisions"}],"wp:featuredmedia":[{"embeddable":true,"href":"https:\/\/anoticiaonline.com.br\/site\/wp-json\/wp\/v2\/media\/65841"}],"wp:attachment":[{"href":"https:\/\/anoticiaonline.com.br\/site\/wp-json\/wp\/v2\/media?parent=65829"}],"wp:term":[{"taxonomy":"category","embeddable":true,"href":"https:\/\/anoticiaonline.com.br\/site\/wp-json\/wp\/v2\/categories?post=65829"},{"taxonomy":"post_tag","embeddable":true,"href":"https:\/\/anoticiaonline.com.br\/site\/wp-json\/wp\/v2\/tags?post=65829"}],"curies":[{"name":"wp","href":"https:\/\/api.w.org\/{rel}","templated":true}]}}