{"id":65807,"date":"2018-12-13T15:07:45","date_gmt":"2018-12-13T18:07:45","guid":{"rendered":"http:\/\/anoticiaonline.com.br\/site\/?p=65807"},"modified":"2018-12-13T22:45:55","modified_gmt":"2018-12-14T01:45:55","slug":"cdl-muriae-apresenta-membros-da-nova-diretoria","status":"publish","type":"post","link":"https:\/\/anoticiaonline.com.br\/site\/cdl-muriae-apresenta-membros-da-nova-diretoria\/","title":{"rendered":"CDL Muria\u00e9 apresenta membros da nova diretoria"},"content":{"rendered":"<p><a href=\"https:\/\/anoticiaonline.com.br\/site\/wp-content\/uploads\/2018\/12\/DSC_0635-1.jpg\"><img fetchpriority=\"high\" decoding=\"async\" class=\"aligncenter size-full wp-image-65809\" src=\"https:\/\/anoticiaonline.com.br\/site\/wp-content\/uploads\/2018\/12\/DSC_0635-1.jpg\" alt=\"\" width=\"1000\" height=\"667\" srcset=\"https:\/\/anoticiaonline.com.br\/site\/wp-content\/uploads\/2018\/12\/DSC_0635-1.jpg 1000w, https:\/\/anoticiaonline.com.br\/site\/wp-content\/uploads\/2018\/12\/DSC_0635-1-300x200.jpg 300w, https:\/\/anoticiaonline.com.br\/site\/wp-content\/uploads\/2018\/12\/DSC_0635-1-768x512.jpg 768w\" sizes=\"(max-width: 1000px) 100vw, 1000px\" \/><\/a> <a href=\"https:\/\/anoticiaonline.com.br\/site\/wp-content\/uploads\/2018\/12\/DSC_0649-1.jpg\"><img decoding=\"async\" class=\"aligncenter size-full wp-image-65810\" src=\"https:\/\/anoticiaonline.com.br\/site\/wp-content\/uploads\/2018\/12\/DSC_0649-1.jpg\" alt=\"\" width=\"1000\" height=\"667\" srcset=\"https:\/\/anoticiaonline.com.br\/site\/wp-content\/uploads\/2018\/12\/DSC_0649-1.jpg 1000w, https:\/\/anoticiaonline.com.br\/site\/wp-content\/uploads\/2018\/12\/DSC_0649-1-300x200.jpg 300w, https:\/\/anoticiaonline.com.br\/site\/wp-content\/uploads\/2018\/12\/DSC_0649-1-768x512.jpg 768w\" sizes=\"(max-width: 1000px) 100vw, 1000px\" \/><\/a>A C\u00e2mara dos Dirigentes Lojistas (CDL) de Muria\u00e9 realizou, na segunda-feira (10), um evento que marcou a posse dos membros da nova diretoria, que assumir\u00e1 a partir de janeiro de 2019. Gustavo Ferreira de Oliveira volta \u00e0 presid\u00eancia para seu terceiro mandato e substitui Leandro Latini Veiga, que passar\u00e1 a ocupar a vice-presid\u00eancia.<\/p>\n<p><!--more--><\/p>\n<p>De acordo com Leandro, a parceria com Gustavo deu certo e rende bons frutos \u00e0 entidade. \u201cEle me antecedeu como presidente e, durante meus quatro anos de mandato, atuou numa das pastas que possui maiores responsabilidades e carga de trabalho. Tem o pensamento alinhado ao meu, com zelo pelos gastos e despesas da entidade e sempre procurando levar benef\u00edcios aos associados. Ent\u00e3o, fico satisfeito com sua volta, pois dar\u00e1 sequ\u00eancia a um trabalho que organizou a entidade apesar das dificuldades financeiras do pa\u00eds e deixou dinheiro em caixa para a continuidade dos projetos\u201d, afirmou o atual presidente.<\/p>\n<p>Leandro ainda lembrou-se da import\u00e2ncia da entidade para todo o munic\u00edpio, com a\u00e7\u00f5es que n\u00e3o atingem apenas o com\u00e9rcio, mas toda a sociedade. \u201cOlhamos para a cidade como um todo, pois sabemos que uma cidade forte se traduz em benef\u00edcios para o com\u00e9rcio e para todos os moradores\u201d, avaliou.<\/p>\n<p>Para o presidente eleito, Gustavo Ferreira de Oliveira, a elei\u00e7\u00e3o de sua chapa representa a valida\u00e7\u00e3o do bom trabalho desenvolvido na entidade nos \u00faltimos anos e o desejo de continuidade dos associados. \u201cFui presidente por dois mandatos, de 2011 a 2014 e o Leandro foi escolhido para ser meu sucessor. Ele foi presidente tamb\u00e9m por dois mandatos e sempre acompanhou o trabalho que fizemos na CDL, com muita responsabilidade e foco no desenvolvimento do com\u00e9rcio local. Agora, continuar\u00e1 nos ajudando como vice-presidente\u201d, contou.<\/p>\n<p>De acordo com Gustavo, as expectativas para os pr\u00f3ximos anos mudaram ap\u00f3s as elei\u00e7\u00f5es deste ano. \u201cVivemos um momento de transi\u00e7\u00e3o pol\u00edtica nos estados e na Federa\u00e7\u00e3o. Esperamos que as mudan\u00e7as realizadas nas urnas sejam ben\u00e9ficas para os empres\u00e1rios e, consequentemente, para todos os brasileiros. Impactos positivos no pa\u00eds certamente ter\u00e3o reflexo no nosso estado e na nossa cidade\u201d, concluiu.<\/p>\n<p><strong>Membros da diretoria falam sobre atua\u00e7\u00e3o conjunta entre CDL e ACE<\/strong><\/p>\n<p>Desde mar\u00e7o, a Associa\u00e7\u00e3o Comercial e Empresarial (ACE) de Muria\u00e9 passou a funcionar no mesmo endere\u00e7o da CDL. A jun\u00e7\u00e3o das entidades trouxe mais for\u00e7a e representatividade ao movimento lojista. Segundo Leandro, a uni\u00e3o era uma vontade antiga. \u201cN\u00e3o conseguimos realizar antes, mas agora essa uni\u00e3o deu certo e s\u00f3 tem a fortalecer a ind\u00fastria e o com\u00e9rcio da cidade. Temos uma associa\u00e7\u00e3o mais forte, com mais associados e mais estrutura para atender a todos\u201d, avaliou, em opini\u00e3o corroborada por Gustavo Ferreira.<\/p>\n<p><strong>CDL Jovem ganha import\u00e2ncia dentro da entidade<\/strong><\/p>\n<p>Uma das recentes inova\u00e7\u00f5es implantadas na CDL de Muria\u00e9 foi a cria\u00e7\u00e3o da \u201cCDL Jovem\u201d, bra\u00e7o da entidade que busca incentivar os jovens empres\u00e1rios da cidade a participarem das decis\u00f5es e atividades. De acordo com Henrique Louren\u00e7o, diretor da CDL Jovem, trata-se da realiza\u00e7\u00e3o de um sonho. \u201cDesde que fui convidado a participar da diretoria da CDL, em 2017, vi a oportunidade de formarmos uma turma de pessoas novas que possa atuar contribuindo para o crescimento da entidade. Os jovens empreendedores, que s\u00e3o nosso p\u00fablico-alvo, ser\u00e3o incentivados a participar de congressos, eventos, workshops e palestras voltados ao crescimento dos seus neg\u00f3cios. Consequentemente, teremos dirigentes lojistas que poder\u00e3o, daqui a alguns anos, ocupar a diretoria s\u00eanior da CDL, com experi\u00eancias de tecnologia e inova\u00e7\u00e3o\u201d, afirmou Henrique, sem deixar de apontar a import\u00e2ncia dos mais experientes no com\u00e9rcio da cidade. \u201cAprendemos muito com os diretores mais experientes, pois j\u00e1 conhecem h\u00e1 mais tempo a parte pr\u00e1tica da atividade comercial e isso \u00e9 fundamental\u201d.<\/p>\n<p>Leandro Latini avalia a CDL Jovem como um investimento para o futuro. \u201cNossa preocupa\u00e7\u00e3o \u00e9 com o futuro da CDL. Vemos que, por mais que sempre haja boa vontade e dedica\u00e7\u00e3o por parte dos diretores, precisamos de gente nova, com ideias novas para buscar esse equil\u00edbrio. Gra\u00e7as a Deus temos uma turma nova e atuante na CDL\u201d, encerrou.<\/p>\n<p><a href=\"https:\/\/anoticiaonline.com.br\/site\/wp-content\/uploads\/2018\/12\/DSC_0431-1.jpg\"><img decoding=\"async\" class=\"aligncenter size-full wp-image-65808\" src=\"https:\/\/anoticiaonline.com.br\/site\/wp-content\/uploads\/2018\/12\/DSC_0431-1.jpg\" alt=\"\" width=\"892\" height=\"596\" srcset=\"https:\/\/anoticiaonline.com.br\/site\/wp-content\/uploads\/2018\/12\/DSC_0431-1.jpg 892w, https:\/\/anoticiaonline.com.br\/site\/wp-content\/uploads\/2018\/12\/DSC_0431-1-300x200.jpg 300w, https:\/\/anoticiaonline.com.br\/site\/wp-content\/uploads\/2018\/12\/DSC_0431-1-768x513.jpg 768w\" sizes=\"(max-width: 892px) 100vw, 892px\" \/><\/a><\/p>\n<p><a href=\"https:\/\/anoticiaonline.com.br\/site\/wp-content\/uploads\/2018\/12\/DSC_0703.jpg\"><img loading=\"lazy\" decoding=\"async\" class=\"aligncenter size-full wp-image-66020\" src=\"https:\/\/anoticiaonline.com.br\/site\/wp-content\/uploads\/2018\/12\/DSC_0703.jpg\" alt=\"\" width=\"1000\" height=\"668\" srcset=\"https:\/\/anoticiaonline.com.br\/site\/wp-content\/uploads\/2018\/12\/DSC_0703.jpg 1000w, https:\/\/anoticiaonline.com.br\/site\/wp-content\/uploads\/2018\/12\/DSC_0703-300x200.jpg 300w, https:\/\/anoticiaonline.com.br\/site\/wp-content\/uploads\/2018\/12\/DSC_0703-768x513.jpg 768w\" sizes=\"(max-width: 1000px) 100vw, 1000px\" \/><\/a> <a href=\"https:\/\/anoticiaonline.com.br\/site\/wp-content\/uploads\/2018\/12\/DSC_0633.jpg\"><img loading=\"lazy\" decoding=\"async\" class=\"aligncenter size-full wp-image-66021\" src=\"https:\/\/anoticiaonline.com.br\/site\/wp-content\/uploads\/2018\/12\/DSC_0633.jpg\" alt=\"\" width=\"1000\" height=\"724\" srcset=\"https:\/\/anoticiaonline.com.br\/site\/wp-content\/uploads\/2018\/12\/DSC_0633.jpg 1000w, https:\/\/anoticiaonline.com.br\/site\/wp-content\/uploads\/2018\/12\/DSC_0633-300x217.jpg 300w, https:\/\/anoticiaonline.com.br\/site\/wp-content\/uploads\/2018\/12\/DSC_0633-768x556.jpg 768w\" sizes=\"(max-width: 1000px) 100vw, 1000px\" \/><\/a><\/p>\n<div id='gallery-1' class='gallery galleryid-65807 gallery-columns-1 gallery-size-large'><figure class='gallery-item'>\n\t\t\t<div class='gallery-icon landscape'>\n\t\t\t\t<a href='https:\/\/anoticiaonline.com.br\/site\/cdl-muriae-apresenta-membros-da-nova-diretoria\/arthur-e-antonio-eugenio\/#main'><img loading=\"lazy\" decoding=\"async\" width=\"900\" height=\"601\" src=\"https:\/\/anoticiaonline.com.br\/site\/wp-content\/uploads\/2018\/12\/Arthur-e-Ant\u00f4nio-Eug\u00eanio.jpg\" class=\"attachment-large size-large\" alt=\"\" srcset=\"https:\/\/anoticiaonline.com.br\/site\/wp-content\/uploads\/2018\/12\/Arthur-e-Ant\u00f4nio-Eug\u00eanio.jpg 1000w, https:\/\/anoticiaonline.com.br\/site\/wp-content\/uploads\/2018\/12\/Arthur-e-Ant\u00f4nio-Eug\u00eanio-300x200.jpg 300w, https:\/\/anoticiaonline.com.br\/site\/wp-content\/uploads\/2018\/12\/Arthur-e-Ant\u00f4nio-Eug\u00eanio-768x513.jpg 768w\" sizes=\"(max-width: 900px) 100vw, 900px\" \/><\/a>\n\t\t\t<\/div><\/figure><figure class='gallery-item'>\n\t\t\t<div class='gallery-icon landscape'>\n\t\t\t\t<a href='https:\/\/anoticiaonline.com.br\/site\/cdl-muriae-apresenta-membros-da-nova-diretoria\/carol-e-o-seu-esposo-leandro-latini\/#main'><img loading=\"lazy\" decoding=\"async\" width=\"900\" height=\"601\" src=\"https:\/\/anoticiaonline.com.br\/site\/wp-content\/uploads\/2018\/12\/Carol-e-o-seu-esposo-Leandro-Latini.jpg\" class=\"attachment-large size-large\" alt=\"\" srcset=\"https:\/\/anoticiaonline.com.br\/site\/wp-content\/uploads\/2018\/12\/Carol-e-o-seu-esposo-Leandro-Latini.jpg 1000w, https:\/\/anoticiaonline.com.br\/site\/wp-content\/uploads\/2018\/12\/Carol-e-o-seu-esposo-Leandro-Latini-300x200.jpg 300w, https:\/\/anoticiaonline.com.br\/site\/wp-content\/uploads\/2018\/12\/Carol-e-o-seu-esposo-Leandro-Latini-768x513.jpg 768w\" sizes=\"(max-width: 900px) 100vw, 900px\" \/><\/a>\n\t\t\t<\/div><\/figure><figure class='gallery-item'>\n\t\t\t<div class='gallery-icon landscape'>\n\t\t\t\t<a href='https:\/\/anoticiaonline.com.br\/site\/cdl-muriae-apresenta-membros-da-nova-diretoria\/dsc_0658-4\/#main'><img loading=\"lazy\" decoding=\"async\" width=\"900\" height=\"601\" src=\"https:\/\/anoticiaonline.com.br\/site\/wp-content\/uploads\/2018\/12\/DSC_0658.jpg\" class=\"attachment-large size-large\" alt=\"\" srcset=\"https:\/\/anoticiaonline.com.br\/site\/wp-content\/uploads\/2018\/12\/DSC_0658.jpg 1000w, https:\/\/anoticiaonline.com.br\/site\/wp-content\/uploads\/2018\/12\/DSC_0658-300x200.jpg 300w, https:\/\/anoticiaonline.com.br\/site\/wp-content\/uploads\/2018\/12\/DSC_0658-768x513.jpg 768w\" sizes=\"(max-width: 900px) 100vw, 900px\" \/><\/a>\n\t\t\t<\/div><\/figure><figure class='gallery-item'>\n\t\t\t<div class='gallery-icon landscape'>\n\t\t\t\t<a href='https:\/\/anoticiaonline.com.br\/site\/cdl-muriae-apresenta-membros-da-nova-diretoria\/dsc_0660-7\/#main'><img loading=\"lazy\" decoding=\"async\" width=\"900\" height=\"601\" src=\"https:\/\/anoticiaonline.com.br\/site\/wp-content\/uploads\/2018\/12\/DSC_0660.jpg\" class=\"attachment-large size-large\" alt=\"\" srcset=\"https:\/\/anoticiaonline.com.br\/site\/wp-content\/uploads\/2018\/12\/DSC_0660.jpg 1000w, https:\/\/anoticiaonline.com.br\/site\/wp-content\/uploads\/2018\/12\/DSC_0660-300x200.jpg 300w, https:\/\/anoticiaonline.com.br\/site\/wp-content\/uploads\/2018\/12\/DSC_0660-768x513.jpg 768w\" sizes=\"(max-width: 900px) 100vw, 900px\" \/><\/a>\n\t\t\t<\/div><\/figure><figure class='gallery-item'>\n\t\t\t<div class='gallery-icon landscape'>\n\t\t\t\t<a href='https:\/\/anoticiaonline.com.br\/site\/cdl-muriae-apresenta-membros-da-nova-diretoria\/dsc_0663-6\/#main'><img loading=\"lazy\" decoding=\"async\" width=\"900\" height=\"601\" src=\"https:\/\/anoticiaonline.com.br\/site\/wp-content\/uploads\/2018\/12\/DSC_0663.jpg\" class=\"attachment-large size-large\" alt=\"\" srcset=\"https:\/\/anoticiaonline.com.br\/site\/wp-content\/uploads\/2018\/12\/DSC_0663.jpg 1000w, https:\/\/anoticiaonline.com.br\/site\/wp-content\/uploads\/2018\/12\/DSC_0663-300x200.jpg 300w, https:\/\/anoticiaonline.com.br\/site\/wp-content\/uploads\/2018\/12\/DSC_0663-768x513.jpg 768w\" sizes=\"(max-width: 900px) 100vw, 900px\" \/><\/a>\n\t\t\t<\/div><\/figure><figure class='gallery-item'>\n\t\t\t<div class='gallery-icon landscape'>\n\t\t\t\t<a href='https:\/\/anoticiaonline.com.br\/site\/cdl-muriae-apresenta-membros-da-nova-diretoria\/dsc_0667-9\/#main'><img loading=\"lazy\" decoding=\"async\" width=\"900\" height=\"601\" src=\"https:\/\/anoticiaonline.com.br\/site\/wp-content\/uploads\/2018\/12\/DSC_0667-1.jpg\" class=\"attachment-large size-large\" alt=\"\" srcset=\"https:\/\/anoticiaonline.com.br\/site\/wp-content\/uploads\/2018\/12\/DSC_0667-1.jpg 1000w, https:\/\/anoticiaonline.com.br\/site\/wp-content\/uploads\/2018\/12\/DSC_0667-1-300x200.jpg 300w, https:\/\/anoticiaonline.com.br\/site\/wp-content\/uploads\/2018\/12\/DSC_0667-1-768x513.jpg 768w\" sizes=\"(max-width: 900px) 100vw, 900px\" \/><\/a>\n\t\t\t<\/div><\/figure><figure class='gallery-item'>\n\t\t\t<div class='gallery-icon landscape'>\n\t\t\t\t<a href='https:\/\/anoticiaonline.com.br\/site\/cdl-muriae-apresenta-membros-da-nova-diretoria\/dsc_0731-3\/#main'><img loading=\"lazy\" decoding=\"async\" width=\"900\" height=\"601\" src=\"https:\/\/anoticiaonline.com.br\/site\/wp-content\/uploads\/2018\/12\/DSC_0731.jpg\" class=\"attachment-large size-large\" alt=\"\" srcset=\"https:\/\/anoticiaonline.com.br\/site\/wp-content\/uploads\/2018\/12\/DSC_0731.jpg 1000w, https:\/\/anoticiaonline.com.br\/site\/wp-content\/uploads\/2018\/12\/DSC_0731-300x200.jpg 300w, https:\/\/anoticiaonline.com.br\/site\/wp-content\/uploads\/2018\/12\/DSC_0731-768x513.jpg 768w\" sizes=\"(max-width: 900px) 100vw, 900px\" \/><\/a>\n\t\t\t<\/div><\/figure><figure class='gallery-item'>\n\t\t\t<div class='gallery-icon landscape'>\n\t\t\t\t<a href='https:\/\/anoticiaonline.com.br\/site\/cdl-muriae-apresenta-membros-da-nova-diretoria\/dsc_0734-2\/#main'><img loading=\"lazy\" decoding=\"async\" width=\"900\" height=\"601\" src=\"https:\/\/anoticiaonline.com.br\/site\/wp-content\/uploads\/2018\/12\/DSC_0734.jpg\" class=\"attachment-large size-large\" alt=\"\" srcset=\"https:\/\/anoticiaonline.com.br\/site\/wp-content\/uploads\/2018\/12\/DSC_0734.jpg 1000w, https:\/\/anoticiaonline.com.br\/site\/wp-content\/uploads\/2018\/12\/DSC_0734-300x200.jpg 300w, https:\/\/anoticiaonline.com.br\/site\/wp-content\/uploads\/2018\/12\/DSC_0734-768x513.jpg 768w\" sizes=\"(max-width: 900px) 100vw, 900px\" \/><\/a>\n\t\t\t<\/div><\/figure><figure class='gallery-item'>\n\t\t\t<div class='gallery-icon portrait'>\n\t\t\t\t<a href='https:\/\/anoticiaonline.com.br\/site\/cdl-muriae-apresenta-membros-da-nova-diretoria\/gustavo-empossando-o-diretor-henrique-dias\/#main'><img loading=\"lazy\" decoding=\"async\" width=\"501\" height=\"750\" src=\"https:\/\/anoticiaonline.com.br\/site\/wp-content\/uploads\/2018\/12\/Gustavo-empossando-o-diretor-Henrique-Dias.jpg\" class=\"attachment-large size-large\" alt=\"\" srcset=\"https:\/\/anoticiaonline.com.br\/site\/wp-content\/uploads\/2018\/12\/Gustavo-empossando-o-diretor-Henrique-Dias.jpg 501w, https:\/\/anoticiaonline.com.br\/site\/wp-content\/uploads\/2018\/12\/Gustavo-empossando-o-diretor-Henrique-Dias-200x300.jpg 200w\" sizes=\"(max-width: 501px) 100vw, 501px\" \/><\/a>\n\t\t\t<\/div><\/figure><figure class='gallery-item'>\n\t\t\t<div class='gallery-icon portrait'>\n\t\t\t\t<a href='https:\/\/anoticiaonline.com.br\/site\/cdl-muriae-apresenta-membros-da-nova-diretoria\/gustavo-empossando-o-diretor-marcio-braga\/#main'><img loading=\"lazy\" decoding=\"async\" width=\"501\" height=\"750\" src=\"https:\/\/anoticiaonline.com.br\/site\/wp-content\/uploads\/2018\/12\/Gustavo-empossando-o-diretor-M\u00e1rcio-Braga.jpg\" class=\"attachment-large size-large\" alt=\"\" srcset=\"https:\/\/anoticiaonline.com.br\/site\/wp-content\/uploads\/2018\/12\/Gustavo-empossando-o-diretor-M\u00e1rcio-Braga.jpg 501w, https:\/\/anoticiaonline.com.br\/site\/wp-content\/uploads\/2018\/12\/Gustavo-empossando-o-diretor-M\u00e1rcio-Braga-200x300.jpg 200w\" sizes=\"(max-width: 501px) 100vw, 501px\" \/><\/a>\n\t\t\t<\/div><\/figure><figure class='gallery-item'>\n\t\t\t<div class='gallery-icon landscape'>\n\t\t\t\t<a href='https:\/\/anoticiaonline.com.br\/site\/cdl-muriae-apresenta-membros-da-nova-diretoria\/joancelio-pecanha-e-sua-esposa-maria-ines\/#main'><img loading=\"lazy\" decoding=\"async\" width=\"900\" height=\"601\" src=\"https:\/\/anoticiaonline.com.br\/site\/wp-content\/uploads\/2018\/12\/Joanc\u00e9lio-Pe\u00e7anha-e-sua-esposa-Maria-In\u00eas.jpg\" class=\"attachment-large size-large\" alt=\"\" srcset=\"https:\/\/anoticiaonline.com.br\/site\/wp-content\/uploads\/2018\/12\/Joanc\u00e9lio-Pe\u00e7anha-e-sua-esposa-Maria-In\u00eas.jpg 1000w, https:\/\/anoticiaonline.com.br\/site\/wp-content\/uploads\/2018\/12\/Joanc\u00e9lio-Pe\u00e7anha-e-sua-esposa-Maria-In\u00eas-300x200.jpg 300w, https:\/\/anoticiaonline.com.br\/site\/wp-content\/uploads\/2018\/12\/Joanc\u00e9lio-Pe\u00e7anha-e-sua-esposa-Maria-In\u00eas-768x513.jpg 768w\" sizes=\"(max-width: 900px) 100vw, 900px\" \/><\/a>\n\t\t\t<\/div><\/figure><figure class='gallery-item'>\n\t\t\t<div class='gallery-icon landscape'>\n\t\t\t\t<a href='https:\/\/anoticiaonline.com.br\/site\/cdl-muriae-apresenta-membros-da-nova-diretoria\/o-direto-haroldo-e-sua-esposa-fabiane\/#main'><img loading=\"lazy\" decoding=\"async\" width=\"900\" height=\"601\" src=\"https:\/\/anoticiaonline.com.br\/site\/wp-content\/uploads\/2018\/12\/O-direto-Haroldo-e-sua-esposa-Fabiane.jpg\" class=\"attachment-large size-large\" alt=\"\" srcset=\"https:\/\/anoticiaonline.com.br\/site\/wp-content\/uploads\/2018\/12\/O-direto-Haroldo-e-sua-esposa-Fabiane.jpg 1000w, https:\/\/anoticiaonline.com.br\/site\/wp-content\/uploads\/2018\/12\/O-direto-Haroldo-e-sua-esposa-Fabiane-300x200.jpg 300w, https:\/\/anoticiaonline.com.br\/site\/wp-content\/uploads\/2018\/12\/O-direto-Haroldo-e-sua-esposa-Fabiane-768x513.jpg 768w\" sizes=\"(max-width: 900px) 100vw, 900px\" \/><\/a>\n\t\t\t<\/div><\/figure><figure class='gallery-item'>\n\t\t\t<div class='gallery-icon portrait'>\n\t\t\t\t<a href='https:\/\/anoticiaonline.com.br\/site\/cdl-muriae-apresenta-membros-da-nova-diretoria\/regina-gustavo-ferreira-talita-e-eduardo\/#main'><img loading=\"lazy\" decoding=\"async\" width=\"501\" height=\"750\" src=\"https:\/\/anoticiaonline.com.br\/site\/wp-content\/uploads\/2018\/12\/Regina-Gustavo-Ferreira-Talita-e-Eduardo.jpg\" class=\"attachment-large size-large\" alt=\"\" srcset=\"https:\/\/anoticiaonline.com.br\/site\/wp-content\/uploads\/2018\/12\/Regina-Gustavo-Ferreira-Talita-e-Eduardo.jpg 501w, https:\/\/anoticiaonline.com.br\/site\/wp-content\/uploads\/2018\/12\/Regina-Gustavo-Ferreira-Talita-e-Eduardo-200x300.jpg 200w\" sizes=\"(max-width: 501px) 100vw, 501px\" \/><\/a>\n\t\t\t<\/div><\/figure><figure class='gallery-item'>\n\t\t\t<div class='gallery-icon landscape'>\n\t\t\t\t<a href='https:\/\/anoticiaonline.com.br\/site\/cdl-muriae-apresenta-membros-da-nova-diretoria\/rosa-homenageando-leandro-com-um-presente-da-cortinas-cia\/#main'><img loading=\"lazy\" decoding=\"async\" width=\"900\" height=\"601\" src=\"https:\/\/anoticiaonline.com.br\/site\/wp-content\/uploads\/2018\/12\/Rosa-homenageando-Leandro-com-um-presente-da-Cortinas-Cia.jpg\" class=\"attachment-large size-large\" alt=\"\" srcset=\"https:\/\/anoticiaonline.com.br\/site\/wp-content\/uploads\/2018\/12\/Rosa-homenageando-Leandro-com-um-presente-da-Cortinas-Cia.jpg 1000w, https:\/\/anoticiaonline.com.br\/site\/wp-content\/uploads\/2018\/12\/Rosa-homenageando-Leandro-com-um-presente-da-Cortinas-Cia-300x200.jpg 300w, https:\/\/anoticiaonline.com.br\/site\/wp-content\/uploads\/2018\/12\/Rosa-homenageando-Leandro-com-um-presente-da-Cortinas-Cia-768x513.jpg 768w\" sizes=\"(max-width: 900px) 100vw, 900px\" \/><\/a>\n\t\t\t<\/div><\/figure><figure class='gallery-item'>\n\t\t\t<div class='gallery-icon landscape'>\n\t\t\t\t<a href='https:\/\/anoticiaonline.com.br\/site\/cdl-muriae-apresenta-membros-da-nova-diretoria\/rose-e-seu-esposo-virgilio-ricardo\/#main'><img loading=\"lazy\" decoding=\"async\" width=\"900\" height=\"601\" src=\"https:\/\/anoticiaonline.com.br\/site\/wp-content\/uploads\/2018\/12\/Rose-e-seu-esposo-Virg\u00edlio-Ricardo.jpg\" class=\"attachment-large size-large\" alt=\"\" srcset=\"https:\/\/anoticiaonline.com.br\/site\/wp-content\/uploads\/2018\/12\/Rose-e-seu-esposo-Virg\u00edlio-Ricardo.jpg 1000w, https:\/\/anoticiaonline.com.br\/site\/wp-content\/uploads\/2018\/12\/Rose-e-seu-esposo-Virg\u00edlio-Ricardo-300x200.jpg 300w, https:\/\/anoticiaonline.com.br\/site\/wp-content\/uploads\/2018\/12\/Rose-e-seu-esposo-Virg\u00edlio-Ricardo-768x513.jpg 768w\" sizes=\"(max-width: 900px) 100vw, 900px\" \/><\/a>\n\t\t\t<\/div><\/figure><figure class='gallery-item'>\n\t\t\t<div class='gallery-icon landscape'>\n\t\t\t\t<a href='https:\/\/anoticiaonline.com.br\/site\/cdl-muriae-apresenta-membros-da-nova-diretoria\/william-bruno-e-a-sua-esposa-juliana-cordeiro-consultora-empresarial-da-uni-gerente\/#main'><img loading=\"lazy\" decoding=\"async\" width=\"900\" height=\"601\" src=\"https:\/\/anoticiaonline.com.br\/site\/wp-content\/uploads\/2018\/12\/William-Bruno-e-a-sua-esposa-Juliana-Cordeiro-consultora-empresarial-da-Uni-Gerente.jpg\" class=\"attachment-large size-large\" alt=\"\" srcset=\"https:\/\/anoticiaonline.com.br\/site\/wp-content\/uploads\/2018\/12\/William-Bruno-e-a-sua-esposa-Juliana-Cordeiro-consultora-empresarial-da-Uni-Gerente.jpg 1000w, https:\/\/anoticiaonline.com.br\/site\/wp-content\/uploads\/2018\/12\/William-Bruno-e-a-sua-esposa-Juliana-Cordeiro-consultora-empresarial-da-Uni-Gerente-300x200.jpg 300w, https:\/\/anoticiaonline.com.br\/site\/wp-content\/uploads\/2018\/12\/William-Bruno-e-a-sua-esposa-Juliana-Cordeiro-consultora-empresarial-da-Uni-Gerente-768x513.jpg 768w\" sizes=\"(max-width: 900px) 100vw, 900px\" \/><\/a>\n\t\t\t<\/div><\/figure>\n\t\t<\/div>\n\n<p>&nbsp;<\/p>\n<p>&nbsp;<\/p>\n<p>&nbsp;<\/p>\n","protected":false},"excerpt":{"rendered":"<p>A C\u00e2mara dos Dirigentes Lojistas (CDL) de Muria\u00e9 realizou, na segunda-feira (10), um evento que marcou a posse dos membros da nova diretoria, que assumir\u00e1 a partir de janeiro de 2019. Gustavo Ferreira de Oliveira volta \u00e0 presid\u00eancia para seu terceiro mandato e substitui Leandro Latini Veiga, que passar\u00e1 a ocupar a vice-presid\u00eancia.<\/p>\n","protected":false},"author":2,"featured_media":65827,"comment_status":"open","ping_status":"open","sticky":false,"template":"","format":"standard","meta":{"_acf_changed":false,"_monsterinsights_skip_tracking":false,"footnotes":""},"categories":[30],"tags":[3537,121,723,3538,3539],"class_list":["post-65807","post","type-post","status-publish","format-standard","has-post-thumbnail","hentry","category-muriae","tag-camara-dos-dirigentes-lojistas-cdl-de-muriae","tag-cdl","tag-cdl-muriae","tag-gustavo-ferreira-de-oliveira","tag-leandro-latini-veiga"],"acf":[],"aioseo_notices":[],"aioseo_head":"\n\t\t<!-- All in One SEO 5.0.0.1 - aioseo.com -->\n\t<meta name=\"description\" content=\"A C\u00e2mara dos Dirigentes Lojistas (CDL) de Muria\u00e9 realizou, na segunda-feira (10), um evento que marcou a posse dos membros da nova diretoria, que assumir\u00e1 a partir de janeiro de 2019. Gustavo Ferreira de Oliveira volta \u00e0 presid\u00eancia para seu terceiro mandato e substitui Leandro Latini Veiga, que passar\u00e1 a ocupar a vice-presid\u00eancia. De acordo\" \/>\n\t<meta name=\"robots\" content=\"max-image-preview:large\" \/>\n\t<meta name=\"author\" content=\"Juliana Laviola\"\/>\n\t<link rel=\"canonical\" href=\"https:\/\/anoticiaonline.com.br\/site\/cdl-muriae-apresenta-membros-da-nova-diretoria\/\" \/>\n\t<meta name=\"generator\" content=\"All in One SEO (AIOSEO) 5.0.0.1\" \/>\n\t\t<meta property=\"og:locale\" content=\"pt_BR\" \/>\n\t\t<meta property=\"og:site_name\" content=\"A Not\u00edcia Online - Noticias de Muria\u00e9 e regi\u00e3o\" \/>\n\t\t<meta property=\"og:type\" content=\"article\" \/>\n\t\t<meta property=\"og:title\" content=\"CDL Muria\u00e9 apresenta membros da nova diretoria - A Not\u00edcia Online\" \/>\n\t\t<meta property=\"og:description\" content=\"A C\u00e2mara dos Dirigentes Lojistas (CDL) de Muria\u00e9 realizou, na segunda-feira (10), um evento que marcou a posse dos membros da nova diretoria, que assumir\u00e1 a partir de janeiro de 2019. Gustavo Ferreira de Oliveira volta \u00e0 presid\u00eancia para seu terceiro mandato e substitui Leandro Latini Veiga, que passar\u00e1 a ocupar a vice-presid\u00eancia. De acordo\" \/>\n\t\t<meta property=\"og:url\" content=\"https:\/\/anoticiaonline.com.br\/site\/cdl-muriae-apresenta-membros-da-nova-diretoria\/\" \/>\n\t\t<meta property=\"og:image\" content=\"https:\/\/scontent-gig4-1.xx.fbcdn.net\/v\/t39.30808-1\/270437624_4564083193639691_6907940295614233970_n.jpg?stp=dst-jpg_s200x200_tt6&#038;_nc_cat=111&#038;ccb=1-7&#038;_nc_sid=f907e8&#038;_nc_ohc=SM1wRlP3lJwQ7kNvwEPuBYA&#038;_nc_oc=AdnqrjDN_BNjSSHWO-GbkIWH6fkGMLw4bqvL_NH6e2wMveX7G-rP2dAqsDSq1mJMOaY&#038;_nc_zt=24&#038;_nc_ht=scontent-gig4-1.xx&#038;_nc_gid=AoBFJeGrT1hVaew_6rchkQ&#038;oh=00_AfX7QmFGhQhG2jAllVgXCiM1ZrWgvtp80-Bfppyexh1QEg&#038;oe=689E923C\" \/>\n\t\t<meta property=\"og:image:secure_url\" content=\"https:\/\/scontent-gig4-1.xx.fbcdn.net\/v\/t39.30808-1\/270437624_4564083193639691_6907940295614233970_n.jpg?stp=dst-jpg_s200x200_tt6&#038;_nc_cat=111&#038;ccb=1-7&#038;_nc_sid=f907e8&#038;_nc_ohc=SM1wRlP3lJwQ7kNvwEPuBYA&#038;_nc_oc=AdnqrjDN_BNjSSHWO-GbkIWH6fkGMLw4bqvL_NH6e2wMveX7G-rP2dAqsDSq1mJMOaY&#038;_nc_zt=24&#038;_nc_ht=scontent-gig4-1.xx&#038;_nc_gid=AoBFJeGrT1hVaew_6rchkQ&#038;oh=00_AfX7QmFGhQhG2jAllVgXCiM1ZrWgvtp80-Bfppyexh1QEg&#038;oe=689E923C\" \/>\n\t\t<meta property=\"article:published_time\" content=\"2018-12-13T18:07:45+00:00\" \/>\n\t\t<meta property=\"article:modified_time\" content=\"2018-12-14T01:45:55+00:00\" \/>\n\t\t<meta name=\"twitter:card\" content=\"summary_large_image\" \/>\n\t\t<meta name=\"twitter:title\" content=\"CDL Muria\u00e9 apresenta membros da nova diretoria - A Not\u00edcia Online\" \/>\n\t\t<meta name=\"twitter:description\" content=\"A C\u00e2mara dos Dirigentes Lojistas (CDL) de Muria\u00e9 realizou, na segunda-feira (10), um evento que marcou a posse dos membros da nova diretoria, que assumir\u00e1 a partir de janeiro de 2019. Gustavo Ferreira de Oliveira volta \u00e0 presid\u00eancia para seu terceiro mandato e substitui Leandro Latini Veiga, que passar\u00e1 a ocupar a vice-presid\u00eancia. De acordo\" \/>\n\t\t<meta name=\"twitter:image\" content=\"https:\/\/scontent-gig4-1.xx.fbcdn.net\/v\/t39.30808-1\/270437624_4564083193639691_6907940295614233970_n.jpg?stp=dst-jpg_s200x200_tt6&amp;_nc_cat=111&amp;ccb=1-7&amp;_nc_sid=f907e8&amp;_nc_ohc=SM1wRlP3lJwQ7kNvwEPuBYA&amp;_nc_oc=AdnqrjDN_BNjSSHWO-GbkIWH6fkGMLw4bqvL_NH6e2wMveX7G-rP2dAqsDSq1mJMOaY&amp;_nc_zt=24&amp;_nc_ht=scontent-gig4-1.xx&amp;_nc_gid=AoBFJeGrT1hVaew_6rchkQ&amp;oh=00_AfX7QmFGhQhG2jAllVgXCiM1ZrWgvtp80-Bfppyexh1QEg&amp;oe=689E923C\" \/>\n\t\t<script type=\"application\/ld+json\" class=\"aioseo-schema\">\n\t\t\t{\"@context\":\"https:\\\/\\\/schema.org\",\"@graph\":[{\"@type\":\"BlogPosting\",\"@id\":\"https:\\\/\\\/anoticiaonline.com.br\\\/site\\\/cdl-muriae-apresenta-membros-da-nova-diretoria\\\/#blogposting\",\"name\":\"CDL Muria\\u00e9 apresenta membros da nova diretoria - A Not\\u00edcia Online\",\"headline\":\"CDL Muria\\u00e9 apresenta membros da nova diretoria\",\"author\":{\"@id\":\"https:\\\/\\\/anoticiaonline.com.br\\\/site\\\/author\\\/juliana\\\/#author\"},\"publisher\":{\"@id\":\"https:\\\/\\\/anoticiaonline.com.br\\\/site\\\/#organization\"},\"image\":{\"@type\":\"ImageObject\",\"url\":\"https:\\\/\\\/anoticiaonline.com.br\\\/site\\\/wp-content\\\/uploads\\\/2018\\\/12\\\/capa-1.jpg\",\"width\":1000,\"height\":350},\"datePublished\":\"2018-12-13T15:07:45-03:00\",\"dateModified\":\"2018-12-13T22:45:55-03:00\",\"inLanguage\":\"pt-BR\",\"mainEntityOfPage\":{\"@id\":\"https:\\\/\\\/anoticiaonline.com.br\\\/site\\\/cdl-muriae-apresenta-membros-da-nova-diretoria\\\/#webpage\"},\"isPartOf\":{\"@id\":\"https:\\\/\\\/anoticiaonline.com.br\\\/site\\\/cdl-muriae-apresenta-membros-da-nova-diretoria\\\/#webpage\"},\"articleSection\":\"Blog, C\\u00e2mara dos Dirigentes Lojistas (CDL) de Muria\\u00e9, cdl, CDL Muria\\u00e9, Gustavo Ferreira de Oliveira, Leandro Latini Veiga\"},{\"@type\":\"BreadcrumbList\",\"@id\":\"https:\\\/\\\/anoticiaonline.com.br\\\/site\\\/cdl-muriae-apresenta-membros-da-nova-diretoria\\\/#breadcrumblist\",\"itemListElement\":[{\"@type\":\"ListItem\",\"@id\":\"https:\\\/\\\/anoticiaonline.com.br\\\/site#listItem\",\"position\":1,\"name\":\"Home\",\"item\":\"https:\\\/\\\/anoticiaonline.com.br\\\/site\",\"nextItem\":{\"@type\":\"ListItem\",\"@id\":\"https:\\\/\\\/anoticiaonline.com.br\\\/site\\\/categoria\\\/muriae\\\/#listItem\",\"name\":\"Blog\"}},{\"@type\":\"ListItem\",\"@id\":\"https:\\\/\\\/anoticiaonline.com.br\\\/site\\\/categoria\\\/muriae\\\/#listItem\",\"position\":2,\"name\":\"Blog\",\"item\":\"https:\\\/\\\/anoticiaonline.com.br\\\/site\\\/categoria\\\/muriae\\\/\",\"nextItem\":{\"@type\":\"ListItem\",\"@id\":\"https:\\\/\\\/anoticiaonline.com.br\\\/site\\\/cdl-muriae-apresenta-membros-da-nova-diretoria\\\/#listItem\",\"name\":\"CDL Muria\\u00e9 apresenta membros da nova diretoria\"},\"previousItem\":{\"@type\":\"ListItem\",\"@id\":\"https:\\\/\\\/anoticiaonline.com.br\\\/site#listItem\",\"name\":\"Home\"}},{\"@type\":\"ListItem\",\"@id\":\"https:\\\/\\\/anoticiaonline.com.br\\\/site\\\/cdl-muriae-apresenta-membros-da-nova-diretoria\\\/#listItem\",\"position\":3,\"name\":\"CDL Muria\\u00e9 apresenta membros da nova diretoria\",\"previousItem\":{\"@type\":\"ListItem\",\"@id\":\"https:\\\/\\\/anoticiaonline.com.br\\\/site\\\/categoria\\\/muriae\\\/#listItem\",\"name\":\"Blog\"}}]},{\"@type\":\"Organization\",\"@id\":\"https:\\\/\\\/anoticiaonline.com.br\\\/site\\\/#organization\",\"name\":\"A Not\\u00edcia Online\",\"description\":\"Noticias de Muria\\u00e9 e regi\\u00e3o\",\"url\":\"https:\\\/\\\/anoticiaonline.com.br\\\/site\\\/\",\"logo\":{\"@type\":\"ImageObject\",\"url\":\"https:\\\/\\\/scontent-gig4-1.xx.fbcdn.net\\\/v\\\/t39.30808-1\\\/270437624_4564083193639691_6907940295614233970_n.jpg?stp=dst-jpg_s200x200_tt6&_nc_cat=111&ccb=1-7&_nc_sid=f907e8&_nc_ohc=SM1wRlP3lJwQ7kNvwEPuBYA&_nc_oc=AdnqrjDN_BNjSSHWO-GbkIWH6fkGMLw4bqvL_NH6e2wMveX7G-rP2dAqsDSq1mJMOaY&_nc_zt=24&_nc_ht=scontent-gig4-1.xx&_nc_gid=AoBFJeGrT1hVaew_6rchkQ&oh=00_AfX7QmFGhQhG2jAllVgXCiM1ZrWgvtp80-Bfppyexh1QEg&oe=689E923C\",\"@id\":\"https:\\\/\\\/anoticiaonline.com.br\\\/site\\\/cdl-muriae-apresenta-membros-da-nova-diretoria\\\/#organizationLogo\"},\"image\":{\"@id\":\"https:\\\/\\\/anoticiaonline.com.br\\\/site\\\/cdl-muriae-apresenta-membros-da-nova-diretoria\\\/#organizationLogo\"}},{\"@type\":\"Person\",\"@id\":\"https:\\\/\\\/anoticiaonline.com.br\\\/site\\\/author\\\/juliana\\\/#author\",\"url\":\"https:\\\/\\\/anoticiaonline.com.br\\\/site\\\/author\\\/juliana\\\/\",\"name\":\"Juliana Laviola\",\"image\":{\"@type\":\"ImageObject\",\"@id\":\"https:\\\/\\\/anoticiaonline.com.br\\\/site\\\/cdl-muriae-apresenta-membros-da-nova-diretoria\\\/#authorImage\",\"url\":\"https:\\\/\\\/secure.gravatar.com\\\/avatar\\\/b8d45f5c699b100dfaf0e543582f38f38bf94cb7ae3a5e9abf8d891a34773335?s=96&d=mm&r=g\",\"width\":96,\"height\":96,\"caption\":\"Juliana Laviola\"}},{\"@type\":\"WebPage\",\"@id\":\"https:\\\/\\\/anoticiaonline.com.br\\\/site\\\/cdl-muriae-apresenta-membros-da-nova-diretoria\\\/#webpage\",\"url\":\"https:\\\/\\\/anoticiaonline.com.br\\\/site\\\/cdl-muriae-apresenta-membros-da-nova-diretoria\\\/\",\"name\":\"CDL Muria\\u00e9 apresenta membros da nova diretoria - A Not\\u00edcia Online\",\"description\":\"A C\\u00e2mara dos Dirigentes Lojistas (CDL) de Muria\\u00e9 realizou, na segunda-feira (10), um evento que marcou a posse dos membros da nova diretoria, que assumir\\u00e1 a partir de janeiro de 2019. Gustavo Ferreira de Oliveira volta \\u00e0 presid\\u00eancia para seu terceiro mandato e substitui Leandro Latini Veiga, que passar\\u00e1 a ocupar a vice-presid\\u00eancia. De acordo\",\"inLanguage\":\"pt-BR\",\"isPartOf\":{\"@id\":\"https:\\\/\\\/anoticiaonline.com.br\\\/site\\\/#website\"},\"breadcrumb\":{\"@id\":\"https:\\\/\\\/anoticiaonline.com.br\\\/site\\\/cdl-muriae-apresenta-membros-da-nova-diretoria\\\/#breadcrumblist\"},\"author\":{\"@id\":\"https:\\\/\\\/anoticiaonline.com.br\\\/site\\\/author\\\/juliana\\\/#author\"},\"creator\":{\"@id\":\"https:\\\/\\\/anoticiaonline.com.br\\\/site\\\/author\\\/juliana\\\/#author\"},\"image\":{\"@type\":\"ImageObject\",\"url\":\"https:\\\/\\\/anoticiaonline.com.br\\\/site\\\/wp-content\\\/uploads\\\/2018\\\/12\\\/capa-1.jpg\",\"@id\":\"https:\\\/\\\/anoticiaonline.com.br\\\/site\\\/cdl-muriae-apresenta-membros-da-nova-diretoria\\\/#mainImage\",\"width\":1000,\"height\":350},\"primaryImageOfPage\":{\"@id\":\"https:\\\/\\\/anoticiaonline.com.br\\\/site\\\/cdl-muriae-apresenta-membros-da-nova-diretoria\\\/#mainImage\"},\"datePublished\":\"2018-12-13T15:07:45-03:00\",\"dateModified\":\"2018-12-13T22:45:55-03:00\"},{\"@type\":\"WebSite\",\"@id\":\"https:\\\/\\\/anoticiaonline.com.br\\\/site\\\/#website\",\"url\":\"https:\\\/\\\/anoticiaonline.com.br\\\/site\\\/\",\"name\":\"A Not\\u00edcia Online\",\"description\":\"Noticias de Muria\\u00e9 e regi\\u00e3o\",\"inLanguage\":\"pt-BR\",\"publisher\":{\"@id\":\"https:\\\/\\\/anoticiaonline.com.br\\\/site\\\/#organization\"}}]}\n\t\t<\/script>\n\t\t<!-- All in One SEO -->\n\n","aioseo_head_json":{"title":"CDL Muria\u00e9 apresenta membros da nova diretoria - A Not\u00edcia Online","description":"A C\u00e2mara dos Dirigentes Lojistas (CDL) de Muria\u00e9 realizou, na segunda-feira (10), um evento que marcou a posse dos membros da nova diretoria, que assumir\u00e1 a partir de janeiro de 2019. Gustavo Ferreira de Oliveira volta \u00e0 presid\u00eancia para seu terceiro mandato e substitui Leandro Latini Veiga, que passar\u00e1 a ocupar a vice-presid\u00eancia. De acordo","canonical_url":"https:\/\/anoticiaonline.com.br\/site\/cdl-muriae-apresenta-membros-da-nova-diretoria\/","robots":"max-image-preview:large","keywords":"","webmasterTools":{"miscellaneous":""},"schema":{"@context":"https:\/\/schema.org","@graph":[{"@type":"BlogPosting","@id":"https:\/\/anoticiaonline.com.br\/site\/cdl-muriae-apresenta-membros-da-nova-diretoria\/#blogposting","name":"CDL Muria\u00e9 apresenta membros da nova diretoria - A Not\u00edcia Online","headline":"CDL Muria\u00e9 apresenta membros da nova diretoria","author":{"@id":"https:\/\/anoticiaonline.com.br\/site\/author\/juliana\/#author"},"publisher":{"@id":"https:\/\/anoticiaonline.com.br\/site\/#organization"},"image":{"@type":"ImageObject","url":"https:\/\/anoticiaonline.com.br\/site\/wp-content\/uploads\/2018\/12\/capa-1.jpg","width":1000,"height":350},"datePublished":"2018-12-13T15:07:45-03:00","dateModified":"2018-12-13T22:45:55-03:00","inLanguage":"pt-BR","mainEntityOfPage":{"@id":"https:\/\/anoticiaonline.com.br\/site\/cdl-muriae-apresenta-membros-da-nova-diretoria\/#webpage"},"isPartOf":{"@id":"https:\/\/anoticiaonline.com.br\/site\/cdl-muriae-apresenta-membros-da-nova-diretoria\/#webpage"},"articleSection":"Blog, C\u00e2mara dos Dirigentes Lojistas (CDL) de Muria\u00e9, cdl, CDL Muria\u00e9, Gustavo Ferreira de Oliveira, Leandro Latini Veiga"},{"@type":"BreadcrumbList","@id":"https:\/\/anoticiaonline.com.br\/site\/cdl-muriae-apresenta-membros-da-nova-diretoria\/#breadcrumblist","itemListElement":[{"@type":"ListItem","@id":"https:\/\/anoticiaonline.com.br\/site#listItem","position":1,"name":"Home","item":"https:\/\/anoticiaonline.com.br\/site","nextItem":{"@type":"ListItem","@id":"https:\/\/anoticiaonline.com.br\/site\/categoria\/muriae\/#listItem","name":"Blog"}},{"@type":"ListItem","@id":"https:\/\/anoticiaonline.com.br\/site\/categoria\/muriae\/#listItem","position":2,"name":"Blog","item":"https:\/\/anoticiaonline.com.br\/site\/categoria\/muriae\/","nextItem":{"@type":"ListItem","@id":"https:\/\/anoticiaonline.com.br\/site\/cdl-muriae-apresenta-membros-da-nova-diretoria\/#listItem","name":"CDL Muria\u00e9 apresenta membros da nova diretoria"},"previousItem":{"@type":"ListItem","@id":"https:\/\/anoticiaonline.com.br\/site#listItem","name":"Home"}},{"@type":"ListItem","@id":"https:\/\/anoticiaonline.com.br\/site\/cdl-muriae-apresenta-membros-da-nova-diretoria\/#listItem","position":3,"name":"CDL Muria\u00e9 apresenta membros da nova diretoria","previousItem":{"@type":"ListItem","@id":"https:\/\/anoticiaonline.com.br\/site\/categoria\/muriae\/#listItem","name":"Blog"}}]},{"@type":"Organization","@id":"https:\/\/anoticiaonline.com.br\/site\/#organization","name":"A Not\u00edcia Online","description":"Noticias de Muria\u00e9 e regi\u00e3o","url":"https:\/\/anoticiaonline.com.br\/site\/","logo":{"@type":"ImageObject","url":"https:\/\/scontent-gig4-1.xx.fbcdn.net\/v\/t39.30808-1\/270437624_4564083193639691_6907940295614233970_n.jpg?stp=dst-jpg_s200x200_tt6&_nc_cat=111&ccb=1-7&_nc_sid=f907e8&_nc_ohc=SM1wRlP3lJwQ7kNvwEPuBYA&_nc_oc=AdnqrjDN_BNjSSHWO-GbkIWH6fkGMLw4bqvL_NH6e2wMveX7G-rP2dAqsDSq1mJMOaY&_nc_zt=24&_nc_ht=scontent-gig4-1.xx&_nc_gid=AoBFJeGrT1hVaew_6rchkQ&oh=00_AfX7QmFGhQhG2jAllVgXCiM1ZrWgvtp80-Bfppyexh1QEg&oe=689E923C","@id":"https:\/\/anoticiaonline.com.br\/site\/cdl-muriae-apresenta-membros-da-nova-diretoria\/#organizationLogo"},"image":{"@id":"https:\/\/anoticiaonline.com.br\/site\/cdl-muriae-apresenta-membros-da-nova-diretoria\/#organizationLogo"}},{"@type":"Person","@id":"https:\/\/anoticiaonline.com.br\/site\/author\/juliana\/#author","url":"https:\/\/anoticiaonline.com.br\/site\/author\/juliana\/","name":"Juliana Laviola","image":{"@type":"ImageObject","@id":"https:\/\/anoticiaonline.com.br\/site\/cdl-muriae-apresenta-membros-da-nova-diretoria\/#authorImage","url":"https:\/\/secure.gravatar.com\/avatar\/b8d45f5c699b100dfaf0e543582f38f38bf94cb7ae3a5e9abf8d891a34773335?s=96&d=mm&r=g","width":96,"height":96,"caption":"Juliana Laviola"}},{"@type":"WebPage","@id":"https:\/\/anoticiaonline.com.br\/site\/cdl-muriae-apresenta-membros-da-nova-diretoria\/#webpage","url":"https:\/\/anoticiaonline.com.br\/site\/cdl-muriae-apresenta-membros-da-nova-diretoria\/","name":"CDL Muria\u00e9 apresenta membros da nova diretoria - A Not\u00edcia Online","description":"A C\u00e2mara dos Dirigentes Lojistas (CDL) de Muria\u00e9 realizou, na segunda-feira (10), um evento que marcou a posse dos membros da nova diretoria, que assumir\u00e1 a partir de janeiro de 2019. Gustavo Ferreira de Oliveira volta \u00e0 presid\u00eancia para seu terceiro mandato e substitui Leandro Latini Veiga, que passar\u00e1 a ocupar a vice-presid\u00eancia. De acordo","inLanguage":"pt-BR","isPartOf":{"@id":"https:\/\/anoticiaonline.com.br\/site\/#website"},"breadcrumb":{"@id":"https:\/\/anoticiaonline.com.br\/site\/cdl-muriae-apresenta-membros-da-nova-diretoria\/#breadcrumblist"},"author":{"@id":"https:\/\/anoticiaonline.com.br\/site\/author\/juliana\/#author"},"creator":{"@id":"https:\/\/anoticiaonline.com.br\/site\/author\/juliana\/#author"},"image":{"@type":"ImageObject","url":"https:\/\/anoticiaonline.com.br\/site\/wp-content\/uploads\/2018\/12\/capa-1.jpg","@id":"https:\/\/anoticiaonline.com.br\/site\/cdl-muriae-apresenta-membros-da-nova-diretoria\/#mainImage","width":1000,"height":350},"primaryImageOfPage":{"@id":"https:\/\/anoticiaonline.com.br\/site\/cdl-muriae-apresenta-membros-da-nova-diretoria\/#mainImage"},"datePublished":"2018-12-13T15:07:45-03:00","dateModified":"2018-12-13T22:45:55-03:00"},{"@type":"WebSite","@id":"https:\/\/anoticiaonline.com.br\/site\/#website","url":"https:\/\/anoticiaonline.com.br\/site\/","name":"A Not\u00edcia Online","description":"Noticias de Muria\u00e9 e regi\u00e3o","inLanguage":"pt-BR","publisher":{"@id":"https:\/\/anoticiaonline.com.br\/site\/#organization"}}]},"og:locale":"pt_BR","og:site_name":"A Not\u00edcia Online - Noticias de Muria\u00e9 e regi\u00e3o","og:type":"article","og:title":"CDL Muria\u00e9 apresenta membros da nova diretoria - A Not\u00edcia Online","og:description":"A C\u00e2mara dos Dirigentes Lojistas (CDL) de Muria\u00e9 realizou, na segunda-feira (10), um evento que marcou a posse dos membros da nova diretoria, que assumir\u00e1 a partir de janeiro de 2019. Gustavo Ferreira de Oliveira volta \u00e0 presid\u00eancia para seu terceiro mandato e substitui Leandro Latini Veiga, que passar\u00e1 a ocupar a vice-presid\u00eancia. De acordo","og:url":"https:\/\/anoticiaonline.com.br\/site\/cdl-muriae-apresenta-membros-da-nova-diretoria\/","og:image":"https:\/\/scontent-gig4-1.xx.fbcdn.net\/v\/t39.30808-1\/270437624_4564083193639691_6907940295614233970_n.jpg?stp=dst-jpg_s200x200_tt6&#038;_nc_cat=111&#038;ccb=1-7&#038;_nc_sid=f907e8&#038;_nc_ohc=SM1wRlP3lJwQ7kNvwEPuBYA&#038;_nc_oc=AdnqrjDN_BNjSSHWO-GbkIWH6fkGMLw4bqvL_NH6e2wMveX7G-rP2dAqsDSq1mJMOaY&#038;_nc_zt=24&#038;_nc_ht=scontent-gig4-1.xx&#038;_nc_gid=AoBFJeGrT1hVaew_6rchkQ&#038;oh=00_AfX7QmFGhQhG2jAllVgXCiM1ZrWgvtp80-Bfppyexh1QEg&#038;oe=689E923C","og:image:secure_url":"https:\/\/scontent-gig4-1.xx.fbcdn.net\/v\/t39.30808-1\/270437624_4564083193639691_6907940295614233970_n.jpg?stp=dst-jpg_s200x200_tt6&#038;_nc_cat=111&#038;ccb=1-7&#038;_nc_sid=f907e8&#038;_nc_ohc=SM1wRlP3lJwQ7kNvwEPuBYA&#038;_nc_oc=AdnqrjDN_BNjSSHWO-GbkIWH6fkGMLw4bqvL_NH6e2wMveX7G-rP2dAqsDSq1mJMOaY&#038;_nc_zt=24&#038;_nc_ht=scontent-gig4-1.xx&#038;_nc_gid=AoBFJeGrT1hVaew_6rchkQ&#038;oh=00_AfX7QmFGhQhG2jAllVgXCiM1ZrWgvtp80-Bfppyexh1QEg&#038;oe=689E923C","article:published_time":"2018-12-13T18:07:45+00:00","article:modified_time":"2018-12-14T01:45:55+00:00","twitter:card":"summary_large_image","twitter:title":"CDL Muria\u00e9 apresenta membros da nova diretoria - A Not\u00edcia Online","twitter:description":"A C\u00e2mara dos Dirigentes Lojistas (CDL) de Muria\u00e9 realizou, na segunda-feira (10), um evento que marcou a posse dos membros da nova diretoria, que assumir\u00e1 a partir de janeiro de 2019. Gustavo Ferreira de Oliveira volta \u00e0 presid\u00eancia para seu terceiro mandato e substitui Leandro Latini Veiga, que passar\u00e1 a ocupar a vice-presid\u00eancia. De acordo","twitter:image":"https:\/\/scontent-gig4-1.xx.fbcdn.net\/v\/t39.30808-1\/270437624_4564083193639691_6907940295614233970_n.jpg?stp=dst-jpg_s200x200_tt6&_nc_cat=111&ccb=1-7&_nc_sid=f907e8&_nc_ohc=SM1wRlP3lJwQ7kNvwEPuBYA&_nc_oc=AdnqrjDN_BNjSSHWO-GbkIWH6fkGMLw4bqvL_NH6e2wMveX7G-rP2dAqsDSq1mJMOaY&_nc_zt=24&_nc_ht=scontent-gig4-1.xx&_nc_gid=AoBFJeGrT1hVaew_6rchkQ&oh=00_AfX7QmFGhQhG2jAllVgXCiM1ZrWgvtp80-Bfppyexh1QEg&oe=689E923C"},"aioseo_meta_data":{"post_id":"65807","title":null,"description":null,"keywords":null,"keyphrases":null,"primary_term":null,"canonical_url":null,"og_title":null,"og_description":null,"og_object_type":"default","og_image_type":"default","og_image_url":null,"og_image_width":null,"og_image_height":null,"og_image_custom_url":null,"og_image_custom_fields":null,"og_video":null,"og_custom_url":null,"og_article_section":null,"og_article_tags":null,"twitter_use_og":false,"twitter_card":"default","twitter_image_type":"default","twitter_image_url":null,"twitter_image_custom_url":null,"twitter_image_custom_fields":null,"twitter_title":null,"twitter_description":null,"schema":{"blockGraphs":[],"customGraphs":[],"default":{"data":{"Article":[],"Course":[],"Dataset":[],"FAQPage":[],"Movie":[],"Person":[],"Product":[],"ProductReview":[],"Car":[],"Recipe":[],"Service":[],"SoftwareApplication":[],"WebPage":[]},"graphName":"","isEnabled":true},"graphs":[]},"schema_type":"default","schema_type_options":null,"pillar_content":false,"robots_default":true,"robots_noindex":false,"robots_noarchive":false,"robots_nosnippet":false,"robots_nofollow":false,"robots_noimageindex":false,"robots_noodp":false,"robots_notranslate":false,"robots_max_snippet":null,"robots_max_videopreview":null,"robots_max_imagepreview":"large","priority":null,"frequency":null,"local_seo":null,"breadcrumb_settings":null,"limit_modified_date":false,"ai":null,"created":"2025-08-16 22:29:59","updated":"2025-08-16 22:29:59","focus_keyword":null,"additional_keywords":null,"truseo_locale":null,"seo_analyzer_scan_date":null},"aioseo_breadcrumb":"<div class=\"aioseo-breadcrumbs\"><span class=\"aioseo-breadcrumb\">\n\t\t\t<a href=\"https:\/\/anoticiaonline.com.br\/site\" title=\"Home\">Home<\/a>\n\t\t<\/span><span class=\"aioseo-breadcrumb-separator\">&raquo;<\/span><span class=\"aioseo-breadcrumb\">\n\t\t\t<a href=\"https:\/\/anoticiaonline.com.br\/site\/categoria\/muriae\/\" title=\"Blog\">Blog<\/a>\n\t\t<\/span><span class=\"aioseo-breadcrumb-separator\">&raquo;<\/span><span class=\"aioseo-breadcrumb\">\n\t\t\tCDL Muria\u00e9 apresenta membros da nova diretoria\n\t\t<\/span><\/div>","aioseo_breadcrumb_json":[{"label":"Home","link":"https:\/\/anoticiaonline.com.br\/site"},{"label":"Blog","link":"https:\/\/anoticiaonline.com.br\/site\/categoria\/muriae\/"},{"label":"CDL Muria\u00e9 apresenta membros da nova diretoria","link":"https:\/\/anoticiaonline.com.br\/site\/cdl-muriae-apresenta-membros-da-nova-diretoria\/"}],"views":223,"_links":{"self":[{"href":"https:\/\/anoticiaonline.com.br\/site\/wp-json\/wp\/v2\/posts\/65807","targetHints":{"allow":["GET"]}}],"collection":[{"href":"https:\/\/anoticiaonline.com.br\/site\/wp-json\/wp\/v2\/posts"}],"about":[{"href":"https:\/\/anoticiaonline.com.br\/site\/wp-json\/wp\/v2\/types\/post"}],"author":[{"embeddable":true,"href":"https:\/\/anoticiaonline.com.br\/site\/wp-json\/wp\/v2\/users\/2"}],"replies":[{"embeddable":true,"href":"https:\/\/anoticiaonline.com.br\/site\/wp-json\/wp\/v2\/comments?post=65807"}],"version-history":[{"count":0,"href":"https:\/\/anoticiaonline.com.br\/site\/wp-json\/wp\/v2\/posts\/65807\/revisions"}],"wp:featuredmedia":[{"embeddable":true,"href":"https:\/\/anoticiaonline.com.br\/site\/wp-json\/wp\/v2\/media\/65827"}],"wp:attachment":[{"href":"https:\/\/anoticiaonline.com.br\/site\/wp-json\/wp\/v2\/media?parent=65807"}],"wp:term":[{"taxonomy":"category","embeddable":true,"href":"https:\/\/anoticiaonline.com.br\/site\/wp-json\/wp\/v2\/categories?post=65807"},{"taxonomy":"post_tag","embeddable":true,"href":"https:\/\/anoticiaonline.com.br\/site\/wp-json\/wp\/v2\/tags?post=65807"}],"curies":[{"name":"wp","href":"https:\/\/api.w.org\/{rel}","templated":true}]}}