{"id":65761,"date":"2018-12-12T15:31:36","date_gmt":"2018-12-12T18:31:36","guid":{"rendered":"http:\/\/anoticiaonline.com.br\/site\/?p=65761"},"modified":"2018-12-12T17:01:23","modified_gmt":"2018-12-12T20:01:23","slug":"detenta-de-eugenopolis-conquista-o-3o-lugar-no-miss-prisional-2018","status":"publish","type":"post","link":"https:\/\/anoticiaonline.com.br\/site\/detenta-de-eugenopolis-conquista-o-3o-lugar-no-miss-prisional-2018\/","title":{"rendered":"Miss Prisional 2018"},"content":{"rendered":"<h2>Detenta de Eugen\u00f3polis conquista o 3\u00ba lugar no Miss Prisional 2018<\/h2>\n<figure id=\"attachment_65767\" aria-describedby=\"caption-attachment-65767\" style=\"width: 990px\" class=\"wp-caption alignnone\"><a href=\"https:\/\/anoticiaonline.com.br\/site\/wp-content\/uploads\/2018\/12\/Detenta-de-Eugen\u00f3polis-conquista-o-3-lugar-no-Miss-Prisional-2018-1-1.jpg\"><img fetchpriority=\"high\" decoding=\"async\" class=\"size-full wp-image-65767\" src=\"https:\/\/anoticiaonline.com.br\/site\/wp-content\/uploads\/2018\/12\/Detenta-de-Eugen\u00f3polis-conquista-o-3-lugar-no-Miss-Prisional-2018-1-1.jpg\" alt=\"\" width=\"1000\" height=\"667\" srcset=\"https:\/\/anoticiaonline.com.br\/site\/wp-content\/uploads\/2018\/12\/Detenta-de-Eugen\u00f3polis-conquista-o-3-lugar-no-Miss-Prisional-2018-1-1.jpg 1000w, https:\/\/anoticiaonline.com.br\/site\/wp-content\/uploads\/2018\/12\/Detenta-de-Eugen\u00f3polis-conquista-o-3-lugar-no-Miss-Prisional-2018-1-1-300x200.jpg 300w, https:\/\/anoticiaonline.com.br\/site\/wp-content\/uploads\/2018\/12\/Detenta-de-Eugen\u00f3polis-conquista-o-3-lugar-no-Miss-Prisional-2018-1-1-768x512.jpg 768w\" sizes=\"(max-width: 1000px) 100vw, 1000px\" \/><\/a><figcaption id=\"caption-attachment-65767\" class=\"wp-caption-text\">Aline de Matos Reis, 31 anos, representou a Zona da Mata no concurso<\/figcaption><\/figure>\n<p>A detenta Aline de Matos Reis, que cumpre pena no Pres\u00eddio de Eugen\u00f3polis, a 20 km de Muria\u00e9, conquistou o 3\u00ba lugar e subiu ao p\u00f3dio do concurso Miss Prisional 2018. O evento, organizado pela Secretaria de Administra\u00e7\u00e3o Prisional, aconteceu na sexta-feira (7), no Complexo Penitenci\u00e1rio Feminino Estev\u00e3o Pinto, em Belo Horizonte.<!--more--><\/p>\n<p>Aline, de 31 anos, representou a Zona da Mata no concurso. A grande vencedora foi Ingrid Suellen da Silva Dias, de 24 anos, presa em Belo Horizonte. Em segundo lugar, ficou Ra\u00edssa Ferreira, de 24 anos, representante do Complexo Prisional de Ponte Nova.<\/p>\n<p>Ao todo, 53 mulheres se candidataram e participaram das seletivas.\u00a0Segundo os organizadores, o concurso\u00a0tem o objetivo de ir al\u00e9m da competi\u00e7\u00e3o de beleza e ser um projeto de resgate de autoestima, valoriza\u00e7\u00e3o da mulher e celebra\u00e7\u00e3o da diversidade, independente dos padr\u00f5es de beleza.<\/p>\n<p>Cr\u00e9ditos: Estado de Minas \/ G1 \/ SouBH<\/p>\n","protected":false},"excerpt":{"rendered":"<p>Detenta de Eugen\u00f3polis conquista o 3\u00ba lugar no Miss Prisional 2018 A detenta Aline de Matos Reis, que cumpre pena no Pres\u00eddio de Eugen\u00f3polis, a 20 km de Muria\u00e9, conquistou o 3\u00ba lugar e subiu ao p\u00f3dio do concurso Miss Prisional 2018. O evento, organizado pela Secretaria de Administra\u00e7\u00e3o Prisional, aconteceu na sexta-feira (7), no &#8230; <a title=\"Miss Prisional 2018\" class=\"read-more\" href=\"https:\/\/anoticiaonline.com.br\/site\/detenta-de-eugenopolis-conquista-o-3o-lugar-no-miss-prisional-2018\/\" aria-label=\"Read more about Miss Prisional 2018\">Ler mais<\/a><\/p>\n","protected":false},"author":2,"featured_media":65767,"comment_status":"open","ping_status":"open","sticky":false,"template":"","format":"standard","meta":{"_acf_changed":false,"_monsterinsights_skip_tracking":false,"footnotes":""},"categories":[30,6],"tags":[74,404],"class_list":["post-65761","post","type-post","status-publish","format-standard","has-post-thumbnail","hentry","category-muriae","category-regiao","tag-muriae","tag-regiao"],"acf":[],"aioseo_notices":[],"aioseo_head":"\n\t\t<!-- All in One SEO 5.0.0.1 - aioseo.com -->\n\t<meta name=\"description\" content=\"Detenta de Eugen\u00f3polis conquista o 3\u00ba lugar no Miss Prisional 2018 A detenta Aline de Matos Reis, que cumpre pena no Pres\u00eddio de Eugen\u00f3polis, a 20 km de Muria\u00e9, conquistou o 3\u00ba lugar e subiu ao p\u00f3dio do concurso Miss Prisional 2018. O evento, organizado pela Secretaria de Administra\u00e7\u00e3o Prisional, aconteceu na sexta-feira (7), no\" \/>\n\t<meta name=\"robots\" content=\"max-image-preview:large\" \/>\n\t<meta name=\"author\" content=\"Juliana Laviola\"\/>\n\t<link rel=\"canonical\" href=\"https:\/\/anoticiaonline.com.br\/site\/detenta-de-eugenopolis-conquista-o-3o-lugar-no-miss-prisional-2018\/\" \/>\n\t<meta name=\"generator\" content=\"All in One SEO (AIOSEO) 5.0.0.1\" \/>\n\t\t<meta property=\"og:locale\" content=\"pt_BR\" \/>\n\t\t<meta property=\"og:site_name\" content=\"A Not\u00edcia Online - Noticias de Muria\u00e9 e regi\u00e3o\" \/>\n\t\t<meta property=\"og:type\" content=\"article\" \/>\n\t\t<meta property=\"og:title\" content=\"Miss Prisional 2018 - A Not\u00edcia Online\" \/>\n\t\t<meta property=\"og:description\" content=\"Detenta de Eugen\u00f3polis conquista o 3\u00ba lugar no Miss Prisional 2018 A detenta Aline de Matos Reis, que cumpre pena no Pres\u00eddio de Eugen\u00f3polis, a 20 km de Muria\u00e9, conquistou o 3\u00ba lugar e subiu ao p\u00f3dio do concurso Miss Prisional 2018. O evento, organizado pela Secretaria de Administra\u00e7\u00e3o Prisional, aconteceu na sexta-feira (7), no\" \/>\n\t\t<meta property=\"og:url\" content=\"https:\/\/anoticiaonline.com.br\/site\/detenta-de-eugenopolis-conquista-o-3o-lugar-no-miss-prisional-2018\/\" \/>\n\t\t<meta property=\"og:image\" content=\"https:\/\/scontent-gig4-1.xx.fbcdn.net\/v\/t39.30808-1\/270437624_4564083193639691_6907940295614233970_n.jpg?stp=dst-jpg_s200x200_tt6&#038;_nc_cat=111&#038;ccb=1-7&#038;_nc_sid=f907e8&#038;_nc_ohc=SM1wRlP3lJwQ7kNvwEPuBYA&#038;_nc_oc=AdnqrjDN_BNjSSHWO-GbkIWH6fkGMLw4bqvL_NH6e2wMveX7G-rP2dAqsDSq1mJMOaY&#038;_nc_zt=24&#038;_nc_ht=scontent-gig4-1.xx&#038;_nc_gid=AoBFJeGrT1hVaew_6rchkQ&#038;oh=00_AfX7QmFGhQhG2jAllVgXCiM1ZrWgvtp80-Bfppyexh1QEg&#038;oe=689E923C\" \/>\n\t\t<meta property=\"og:image:secure_url\" content=\"https:\/\/scontent-gig4-1.xx.fbcdn.net\/v\/t39.30808-1\/270437624_4564083193639691_6907940295614233970_n.jpg?stp=dst-jpg_s200x200_tt6&#038;_nc_cat=111&#038;ccb=1-7&#038;_nc_sid=f907e8&#038;_nc_ohc=SM1wRlP3lJwQ7kNvwEPuBYA&#038;_nc_oc=AdnqrjDN_BNjSSHWO-GbkIWH6fkGMLw4bqvL_NH6e2wMveX7G-rP2dAqsDSq1mJMOaY&#038;_nc_zt=24&#038;_nc_ht=scontent-gig4-1.xx&#038;_nc_gid=AoBFJeGrT1hVaew_6rchkQ&#038;oh=00_AfX7QmFGhQhG2jAllVgXCiM1ZrWgvtp80-Bfppyexh1QEg&#038;oe=689E923C\" \/>\n\t\t<meta property=\"article:published_time\" content=\"2018-12-12T18:31:36+00:00\" \/>\n\t\t<meta property=\"article:modified_time\" content=\"2018-12-12T20:01:23+00:00\" \/>\n\t\t<meta name=\"twitter:card\" content=\"summary_large_image\" \/>\n\t\t<meta name=\"twitter:title\" content=\"Miss Prisional 2018 - A Not\u00edcia Online\" \/>\n\t\t<meta name=\"twitter:description\" content=\"Detenta de Eugen\u00f3polis conquista o 3\u00ba lugar no Miss Prisional 2018 A detenta Aline de Matos Reis, que cumpre pena no Pres\u00eddio de Eugen\u00f3polis, a 20 km de Muria\u00e9, conquistou o 3\u00ba lugar e subiu ao p\u00f3dio do concurso Miss Prisional 2018. O evento, organizado pela Secretaria de Administra\u00e7\u00e3o Prisional, aconteceu na sexta-feira (7), no\" \/>\n\t\t<meta name=\"twitter:image\" content=\"https:\/\/scontent-gig4-1.xx.fbcdn.net\/v\/t39.30808-1\/270437624_4564083193639691_6907940295614233970_n.jpg?stp=dst-jpg_s200x200_tt6&amp;_nc_cat=111&amp;ccb=1-7&amp;_nc_sid=f907e8&amp;_nc_ohc=SM1wRlP3lJwQ7kNvwEPuBYA&amp;_nc_oc=AdnqrjDN_BNjSSHWO-GbkIWH6fkGMLw4bqvL_NH6e2wMveX7G-rP2dAqsDSq1mJMOaY&amp;_nc_zt=24&amp;_nc_ht=scontent-gig4-1.xx&amp;_nc_gid=AoBFJeGrT1hVaew_6rchkQ&amp;oh=00_AfX7QmFGhQhG2jAllVgXCiM1ZrWgvtp80-Bfppyexh1QEg&amp;oe=689E923C\" \/>\n\t\t<script type=\"application\/ld+json\" class=\"aioseo-schema\">\n\t\t\t{\"@context\":\"https:\\\/\\\/schema.org\",\"@graph\":[{\"@type\":\"BlogPosting\",\"@id\":\"https:\\\/\\\/anoticiaonline.com.br\\\/site\\\/detenta-de-eugenopolis-conquista-o-3o-lugar-no-miss-prisional-2018\\\/#blogposting\",\"name\":\"Miss Prisional 2018 - A Not\\u00edcia Online\",\"headline\":\"Miss Prisional 2018\",\"author\":{\"@id\":\"https:\\\/\\\/anoticiaonline.com.br\\\/site\\\/author\\\/juliana\\\/#author\"},\"publisher\":{\"@id\":\"https:\\\/\\\/anoticiaonline.com.br\\\/site\\\/#organization\"},\"image\":{\"@type\":\"ImageObject\",\"url\":\"https:\\\/\\\/anoticiaonline.com.br\\\/site\\\/wp-content\\\/uploads\\\/2018\\\/12\\\/Detenta-de-Eugen\\u00f3polis-conquista-o-3-lugar-no-Miss-Prisional-2018-1-1.jpg\",\"width\":1000,\"height\":667,\"caption\":\"Aline de Matos Reis, 31 anos, representou a Zona da Mata no concurso\"},\"datePublished\":\"2018-12-12T15:31:36-03:00\",\"dateModified\":\"2018-12-12T17:01:23-03:00\",\"inLanguage\":\"pt-BR\",\"mainEntityOfPage\":{\"@id\":\"https:\\\/\\\/anoticiaonline.com.br\\\/site\\\/detenta-de-eugenopolis-conquista-o-3o-lugar-no-miss-prisional-2018\\\/#webpage\"},\"isPartOf\":{\"@id\":\"https:\\\/\\\/anoticiaonline.com.br\\\/site\\\/detenta-de-eugenopolis-conquista-o-3o-lugar-no-miss-prisional-2018\\\/#webpage\"},\"articleSection\":\"Blog, Regi\\u00e3o, Muria\\u00e9, regi\\u00e3o\"},{\"@type\":\"BreadcrumbList\",\"@id\":\"https:\\\/\\\/anoticiaonline.com.br\\\/site\\\/detenta-de-eugenopolis-conquista-o-3o-lugar-no-miss-prisional-2018\\\/#breadcrumblist\",\"itemListElement\":[{\"@type\":\"ListItem\",\"@id\":\"https:\\\/\\\/anoticiaonline.com.br\\\/site#listItem\",\"position\":1,\"name\":\"Home\",\"item\":\"https:\\\/\\\/anoticiaonline.com.br\\\/site\",\"nextItem\":{\"@type\":\"ListItem\",\"@id\":\"https:\\\/\\\/anoticiaonline.com.br\\\/site\\\/categoria\\\/regiao\\\/#listItem\",\"name\":\"Regi\\u00e3o\"}},{\"@type\":\"ListItem\",\"@id\":\"https:\\\/\\\/anoticiaonline.com.br\\\/site\\\/categoria\\\/regiao\\\/#listItem\",\"position\":2,\"name\":\"Regi\\u00e3o\",\"item\":\"https:\\\/\\\/anoticiaonline.com.br\\\/site\\\/categoria\\\/regiao\\\/\",\"nextItem\":{\"@type\":\"ListItem\",\"@id\":\"https:\\\/\\\/anoticiaonline.com.br\\\/site\\\/detenta-de-eugenopolis-conquista-o-3o-lugar-no-miss-prisional-2018\\\/#listItem\",\"name\":\"Miss Prisional 2018\"},\"previousItem\":{\"@type\":\"ListItem\",\"@id\":\"https:\\\/\\\/anoticiaonline.com.br\\\/site#listItem\",\"name\":\"Home\"}},{\"@type\":\"ListItem\",\"@id\":\"https:\\\/\\\/anoticiaonline.com.br\\\/site\\\/detenta-de-eugenopolis-conquista-o-3o-lugar-no-miss-prisional-2018\\\/#listItem\",\"position\":3,\"name\":\"Miss Prisional 2018\",\"previousItem\":{\"@type\":\"ListItem\",\"@id\":\"https:\\\/\\\/anoticiaonline.com.br\\\/site\\\/categoria\\\/regiao\\\/#listItem\",\"name\":\"Regi\\u00e3o\"}}]},{\"@type\":\"Organization\",\"@id\":\"https:\\\/\\\/anoticiaonline.com.br\\\/site\\\/#organization\",\"name\":\"A Not\\u00edcia Online\",\"description\":\"Noticias de Muria\\u00e9 e regi\\u00e3o\",\"url\":\"https:\\\/\\\/anoticiaonline.com.br\\\/site\\\/\",\"logo\":{\"@type\":\"ImageObject\",\"url\":\"https:\\\/\\\/scontent-gig4-1.xx.fbcdn.net\\\/v\\\/t39.30808-1\\\/270437624_4564083193639691_6907940295614233970_n.jpg?stp=dst-jpg_s200x200_tt6&_nc_cat=111&ccb=1-7&_nc_sid=f907e8&_nc_ohc=SM1wRlP3lJwQ7kNvwEPuBYA&_nc_oc=AdnqrjDN_BNjSSHWO-GbkIWH6fkGMLw4bqvL_NH6e2wMveX7G-rP2dAqsDSq1mJMOaY&_nc_zt=24&_nc_ht=scontent-gig4-1.xx&_nc_gid=AoBFJeGrT1hVaew_6rchkQ&oh=00_AfX7QmFGhQhG2jAllVgXCiM1ZrWgvtp80-Bfppyexh1QEg&oe=689E923C\",\"@id\":\"https:\\\/\\\/anoticiaonline.com.br\\\/site\\\/detenta-de-eugenopolis-conquista-o-3o-lugar-no-miss-prisional-2018\\\/#organizationLogo\"},\"image\":{\"@id\":\"https:\\\/\\\/anoticiaonline.com.br\\\/site\\\/detenta-de-eugenopolis-conquista-o-3o-lugar-no-miss-prisional-2018\\\/#organizationLogo\"}},{\"@type\":\"Person\",\"@id\":\"https:\\\/\\\/anoticiaonline.com.br\\\/site\\\/author\\\/juliana\\\/#author\",\"url\":\"https:\\\/\\\/anoticiaonline.com.br\\\/site\\\/author\\\/juliana\\\/\",\"name\":\"Juliana Laviola\",\"image\":{\"@type\":\"ImageObject\",\"@id\":\"https:\\\/\\\/anoticiaonline.com.br\\\/site\\\/detenta-de-eugenopolis-conquista-o-3o-lugar-no-miss-prisional-2018\\\/#authorImage\",\"url\":\"https:\\\/\\\/secure.gravatar.com\\\/avatar\\\/b8d45f5c699b100dfaf0e543582f38f38bf94cb7ae3a5e9abf8d891a34773335?s=96&d=mm&r=g\",\"width\":96,\"height\":96,\"caption\":\"Juliana Laviola\"}},{\"@type\":\"WebPage\",\"@id\":\"https:\\\/\\\/anoticiaonline.com.br\\\/site\\\/detenta-de-eugenopolis-conquista-o-3o-lugar-no-miss-prisional-2018\\\/#webpage\",\"url\":\"https:\\\/\\\/anoticiaonline.com.br\\\/site\\\/detenta-de-eugenopolis-conquista-o-3o-lugar-no-miss-prisional-2018\\\/\",\"name\":\"Miss Prisional 2018 - A Not\\u00edcia Online\",\"description\":\"Detenta de Eugen\\u00f3polis conquista o 3\\u00ba lugar no Miss Prisional 2018 A detenta Aline de Matos Reis, que cumpre pena no Pres\\u00eddio de Eugen\\u00f3polis, a 20 km de Muria\\u00e9, conquistou o 3\\u00ba lugar e subiu ao p\\u00f3dio do concurso Miss Prisional 2018. O evento, organizado pela Secretaria de Administra\\u00e7\\u00e3o Prisional, aconteceu na sexta-feira (7), no\",\"inLanguage\":\"pt-BR\",\"isPartOf\":{\"@id\":\"https:\\\/\\\/anoticiaonline.com.br\\\/site\\\/#website\"},\"breadcrumb\":{\"@id\":\"https:\\\/\\\/anoticiaonline.com.br\\\/site\\\/detenta-de-eugenopolis-conquista-o-3o-lugar-no-miss-prisional-2018\\\/#breadcrumblist\"},\"author\":{\"@id\":\"https:\\\/\\\/anoticiaonline.com.br\\\/site\\\/author\\\/juliana\\\/#author\"},\"creator\":{\"@id\":\"https:\\\/\\\/anoticiaonline.com.br\\\/site\\\/author\\\/juliana\\\/#author\"},\"image\":{\"@type\":\"ImageObject\",\"url\":\"https:\\\/\\\/anoticiaonline.com.br\\\/site\\\/wp-content\\\/uploads\\\/2018\\\/12\\\/Detenta-de-Eugen\\u00f3polis-conquista-o-3-lugar-no-Miss-Prisional-2018-1-1.jpg\",\"@id\":\"https:\\\/\\\/anoticiaonline.com.br\\\/site\\\/detenta-de-eugenopolis-conquista-o-3o-lugar-no-miss-prisional-2018\\\/#mainImage\",\"width\":1000,\"height\":667,\"caption\":\"Aline de Matos Reis, 31 anos, representou a Zona da Mata no concurso\"},\"primaryImageOfPage\":{\"@id\":\"https:\\\/\\\/anoticiaonline.com.br\\\/site\\\/detenta-de-eugenopolis-conquista-o-3o-lugar-no-miss-prisional-2018\\\/#mainImage\"},\"datePublished\":\"2018-12-12T15:31:36-03:00\",\"dateModified\":\"2018-12-12T17:01:23-03:00\"},{\"@type\":\"WebSite\",\"@id\":\"https:\\\/\\\/anoticiaonline.com.br\\\/site\\\/#website\",\"url\":\"https:\\\/\\\/anoticiaonline.com.br\\\/site\\\/\",\"name\":\"A Not\\u00edcia Online\",\"description\":\"Noticias de Muria\\u00e9 e regi\\u00e3o\",\"inLanguage\":\"pt-BR\",\"publisher\":{\"@id\":\"https:\\\/\\\/anoticiaonline.com.br\\\/site\\\/#organization\"}}]}\n\t\t<\/script>\n\t\t<!-- All in One SEO -->\n\n","aioseo_head_json":{"title":"Miss Prisional 2018 - A Not\u00edcia Online","description":"Detenta de Eugen\u00f3polis conquista o 3\u00ba lugar no Miss Prisional 2018 A detenta Aline de Matos Reis, que cumpre pena no Pres\u00eddio de Eugen\u00f3polis, a 20 km de Muria\u00e9, conquistou o 3\u00ba lugar e subiu ao p\u00f3dio do concurso Miss Prisional 2018. O evento, organizado pela Secretaria de Administra\u00e7\u00e3o Prisional, aconteceu na sexta-feira (7), no","canonical_url":"https:\/\/anoticiaonline.com.br\/site\/detenta-de-eugenopolis-conquista-o-3o-lugar-no-miss-prisional-2018\/","robots":"max-image-preview:large","keywords":"","webmasterTools":{"miscellaneous":""},"schema":{"@context":"https:\/\/schema.org","@graph":[{"@type":"BlogPosting","@id":"https:\/\/anoticiaonline.com.br\/site\/detenta-de-eugenopolis-conquista-o-3o-lugar-no-miss-prisional-2018\/#blogposting","name":"Miss Prisional 2018 - A Not\u00edcia Online","headline":"Miss Prisional 2018","author":{"@id":"https:\/\/anoticiaonline.com.br\/site\/author\/juliana\/#author"},"publisher":{"@id":"https:\/\/anoticiaonline.com.br\/site\/#organization"},"image":{"@type":"ImageObject","url":"https:\/\/anoticiaonline.com.br\/site\/wp-content\/uploads\/2018\/12\/Detenta-de-Eugen\u00f3polis-conquista-o-3-lugar-no-Miss-Prisional-2018-1-1.jpg","width":1000,"height":667,"caption":"Aline de Matos Reis, 31 anos, representou a Zona da Mata no concurso"},"datePublished":"2018-12-12T15:31:36-03:00","dateModified":"2018-12-12T17:01:23-03:00","inLanguage":"pt-BR","mainEntityOfPage":{"@id":"https:\/\/anoticiaonline.com.br\/site\/detenta-de-eugenopolis-conquista-o-3o-lugar-no-miss-prisional-2018\/#webpage"},"isPartOf":{"@id":"https:\/\/anoticiaonline.com.br\/site\/detenta-de-eugenopolis-conquista-o-3o-lugar-no-miss-prisional-2018\/#webpage"},"articleSection":"Blog, Regi\u00e3o, Muria\u00e9, regi\u00e3o"},{"@type":"BreadcrumbList","@id":"https:\/\/anoticiaonline.com.br\/site\/detenta-de-eugenopolis-conquista-o-3o-lugar-no-miss-prisional-2018\/#breadcrumblist","itemListElement":[{"@type":"ListItem","@id":"https:\/\/anoticiaonline.com.br\/site#listItem","position":1,"name":"Home","item":"https:\/\/anoticiaonline.com.br\/site","nextItem":{"@type":"ListItem","@id":"https:\/\/anoticiaonline.com.br\/site\/categoria\/regiao\/#listItem","name":"Regi\u00e3o"}},{"@type":"ListItem","@id":"https:\/\/anoticiaonline.com.br\/site\/categoria\/regiao\/#listItem","position":2,"name":"Regi\u00e3o","item":"https:\/\/anoticiaonline.com.br\/site\/categoria\/regiao\/","nextItem":{"@type":"ListItem","@id":"https:\/\/anoticiaonline.com.br\/site\/detenta-de-eugenopolis-conquista-o-3o-lugar-no-miss-prisional-2018\/#listItem","name":"Miss Prisional 2018"},"previousItem":{"@type":"ListItem","@id":"https:\/\/anoticiaonline.com.br\/site#listItem","name":"Home"}},{"@type":"ListItem","@id":"https:\/\/anoticiaonline.com.br\/site\/detenta-de-eugenopolis-conquista-o-3o-lugar-no-miss-prisional-2018\/#listItem","position":3,"name":"Miss Prisional 2018","previousItem":{"@type":"ListItem","@id":"https:\/\/anoticiaonline.com.br\/site\/categoria\/regiao\/#listItem","name":"Regi\u00e3o"}}]},{"@type":"Organization","@id":"https:\/\/anoticiaonline.com.br\/site\/#organization","name":"A Not\u00edcia Online","description":"Noticias de Muria\u00e9 e regi\u00e3o","url":"https:\/\/anoticiaonline.com.br\/site\/","logo":{"@type":"ImageObject","url":"https:\/\/scontent-gig4-1.xx.fbcdn.net\/v\/t39.30808-1\/270437624_4564083193639691_6907940295614233970_n.jpg?stp=dst-jpg_s200x200_tt6&_nc_cat=111&ccb=1-7&_nc_sid=f907e8&_nc_ohc=SM1wRlP3lJwQ7kNvwEPuBYA&_nc_oc=AdnqrjDN_BNjSSHWO-GbkIWH6fkGMLw4bqvL_NH6e2wMveX7G-rP2dAqsDSq1mJMOaY&_nc_zt=24&_nc_ht=scontent-gig4-1.xx&_nc_gid=AoBFJeGrT1hVaew_6rchkQ&oh=00_AfX7QmFGhQhG2jAllVgXCiM1ZrWgvtp80-Bfppyexh1QEg&oe=689E923C","@id":"https:\/\/anoticiaonline.com.br\/site\/detenta-de-eugenopolis-conquista-o-3o-lugar-no-miss-prisional-2018\/#organizationLogo"},"image":{"@id":"https:\/\/anoticiaonline.com.br\/site\/detenta-de-eugenopolis-conquista-o-3o-lugar-no-miss-prisional-2018\/#organizationLogo"}},{"@type":"Person","@id":"https:\/\/anoticiaonline.com.br\/site\/author\/juliana\/#author","url":"https:\/\/anoticiaonline.com.br\/site\/author\/juliana\/","name":"Juliana Laviola","image":{"@type":"ImageObject","@id":"https:\/\/anoticiaonline.com.br\/site\/detenta-de-eugenopolis-conquista-o-3o-lugar-no-miss-prisional-2018\/#authorImage","url":"https:\/\/secure.gravatar.com\/avatar\/b8d45f5c699b100dfaf0e543582f38f38bf94cb7ae3a5e9abf8d891a34773335?s=96&d=mm&r=g","width":96,"height":96,"caption":"Juliana Laviola"}},{"@type":"WebPage","@id":"https:\/\/anoticiaonline.com.br\/site\/detenta-de-eugenopolis-conquista-o-3o-lugar-no-miss-prisional-2018\/#webpage","url":"https:\/\/anoticiaonline.com.br\/site\/detenta-de-eugenopolis-conquista-o-3o-lugar-no-miss-prisional-2018\/","name":"Miss Prisional 2018 - A Not\u00edcia Online","description":"Detenta de Eugen\u00f3polis conquista o 3\u00ba lugar no Miss Prisional 2018 A detenta Aline de Matos Reis, que cumpre pena no Pres\u00eddio de Eugen\u00f3polis, a 20 km de Muria\u00e9, conquistou o 3\u00ba lugar e subiu ao p\u00f3dio do concurso Miss Prisional 2018. O evento, organizado pela Secretaria de Administra\u00e7\u00e3o Prisional, aconteceu na sexta-feira (7), no","inLanguage":"pt-BR","isPartOf":{"@id":"https:\/\/anoticiaonline.com.br\/site\/#website"},"breadcrumb":{"@id":"https:\/\/anoticiaonline.com.br\/site\/detenta-de-eugenopolis-conquista-o-3o-lugar-no-miss-prisional-2018\/#breadcrumblist"},"author":{"@id":"https:\/\/anoticiaonline.com.br\/site\/author\/juliana\/#author"},"creator":{"@id":"https:\/\/anoticiaonline.com.br\/site\/author\/juliana\/#author"},"image":{"@type":"ImageObject","url":"https:\/\/anoticiaonline.com.br\/site\/wp-content\/uploads\/2018\/12\/Detenta-de-Eugen\u00f3polis-conquista-o-3-lugar-no-Miss-Prisional-2018-1-1.jpg","@id":"https:\/\/anoticiaonline.com.br\/site\/detenta-de-eugenopolis-conquista-o-3o-lugar-no-miss-prisional-2018\/#mainImage","width":1000,"height":667,"caption":"Aline de Matos Reis, 31 anos, representou a Zona da Mata no concurso"},"primaryImageOfPage":{"@id":"https:\/\/anoticiaonline.com.br\/site\/detenta-de-eugenopolis-conquista-o-3o-lugar-no-miss-prisional-2018\/#mainImage"},"datePublished":"2018-12-12T15:31:36-03:00","dateModified":"2018-12-12T17:01:23-03:00"},{"@type":"WebSite","@id":"https:\/\/anoticiaonline.com.br\/site\/#website","url":"https:\/\/anoticiaonline.com.br\/site\/","name":"A Not\u00edcia Online","description":"Noticias de Muria\u00e9 e regi\u00e3o","inLanguage":"pt-BR","publisher":{"@id":"https:\/\/anoticiaonline.com.br\/site\/#organization"}}]},"og:locale":"pt_BR","og:site_name":"A Not\u00edcia Online - Noticias de Muria\u00e9 e regi\u00e3o","og:type":"article","og:title":"Miss Prisional 2018 - A Not\u00edcia Online","og:description":"Detenta de Eugen\u00f3polis conquista o 3\u00ba lugar no Miss Prisional 2018 A detenta Aline de Matos Reis, que cumpre pena no Pres\u00eddio de Eugen\u00f3polis, a 20 km de Muria\u00e9, conquistou o 3\u00ba lugar e subiu ao p\u00f3dio do concurso Miss Prisional 2018. O evento, organizado pela Secretaria de Administra\u00e7\u00e3o Prisional, aconteceu na sexta-feira (7), no","og:url":"https:\/\/anoticiaonline.com.br\/site\/detenta-de-eugenopolis-conquista-o-3o-lugar-no-miss-prisional-2018\/","og:image":"https:\/\/scontent-gig4-1.xx.fbcdn.net\/v\/t39.30808-1\/270437624_4564083193639691_6907940295614233970_n.jpg?stp=dst-jpg_s200x200_tt6&#038;_nc_cat=111&#038;ccb=1-7&#038;_nc_sid=f907e8&#038;_nc_ohc=SM1wRlP3lJwQ7kNvwEPuBYA&#038;_nc_oc=AdnqrjDN_BNjSSHWO-GbkIWH6fkGMLw4bqvL_NH6e2wMveX7G-rP2dAqsDSq1mJMOaY&#038;_nc_zt=24&#038;_nc_ht=scontent-gig4-1.xx&#038;_nc_gid=AoBFJeGrT1hVaew_6rchkQ&#038;oh=00_AfX7QmFGhQhG2jAllVgXCiM1ZrWgvtp80-Bfppyexh1QEg&#038;oe=689E923C","og:image:secure_url":"https:\/\/scontent-gig4-1.xx.fbcdn.net\/v\/t39.30808-1\/270437624_4564083193639691_6907940295614233970_n.jpg?stp=dst-jpg_s200x200_tt6&#038;_nc_cat=111&#038;ccb=1-7&#038;_nc_sid=f907e8&#038;_nc_ohc=SM1wRlP3lJwQ7kNvwEPuBYA&#038;_nc_oc=AdnqrjDN_BNjSSHWO-GbkIWH6fkGMLw4bqvL_NH6e2wMveX7G-rP2dAqsDSq1mJMOaY&#038;_nc_zt=24&#038;_nc_ht=scontent-gig4-1.xx&#038;_nc_gid=AoBFJeGrT1hVaew_6rchkQ&#038;oh=00_AfX7QmFGhQhG2jAllVgXCiM1ZrWgvtp80-Bfppyexh1QEg&#038;oe=689E923C","article:published_time":"2018-12-12T18:31:36+00:00","article:modified_time":"2018-12-12T20:01:23+00:00","twitter:card":"summary_large_image","twitter:title":"Miss Prisional 2018 - A Not\u00edcia Online","twitter:description":"Detenta de Eugen\u00f3polis conquista o 3\u00ba lugar no Miss Prisional 2018 A detenta Aline de Matos Reis, que cumpre pena no Pres\u00eddio de Eugen\u00f3polis, a 20 km de Muria\u00e9, conquistou o 3\u00ba lugar e subiu ao p\u00f3dio do concurso Miss Prisional 2018. O evento, organizado pela Secretaria de Administra\u00e7\u00e3o Prisional, aconteceu na sexta-feira (7), no","twitter:image":"https:\/\/scontent-gig4-1.xx.fbcdn.net\/v\/t39.30808-1\/270437624_4564083193639691_6907940295614233970_n.jpg?stp=dst-jpg_s200x200_tt6&_nc_cat=111&ccb=1-7&_nc_sid=f907e8&_nc_ohc=SM1wRlP3lJwQ7kNvwEPuBYA&_nc_oc=AdnqrjDN_BNjSSHWO-GbkIWH6fkGMLw4bqvL_NH6e2wMveX7G-rP2dAqsDSq1mJMOaY&_nc_zt=24&_nc_ht=scontent-gig4-1.xx&_nc_gid=AoBFJeGrT1hVaew_6rchkQ&oh=00_AfX7QmFGhQhG2jAllVgXCiM1ZrWgvtp80-Bfppyexh1QEg&oe=689E923C"},"aioseo_meta_data":{"post_id":"65761","title":null,"description":null,"keywords":null,"keyphrases":null,"primary_term":null,"canonical_url":null,"og_title":null,"og_description":null,"og_object_type":"default","og_image_type":"default","og_image_url":null,"og_image_width":null,"og_image_height":null,"og_image_custom_url":null,"og_image_custom_fields":null,"og_video":null,"og_custom_url":null,"og_article_section":null,"og_article_tags":null,"twitter_use_og":false,"twitter_card":"default","twitter_image_type":"default","twitter_image_url":null,"twitter_image_custom_url":null,"twitter_image_custom_fields":null,"twitter_title":null,"twitter_description":null,"schema":{"blockGraphs":[],"customGraphs":[],"default":{"data":{"Article":[],"Course":[],"Dataset":[],"FAQPage":[],"Movie":[],"Person":[],"Product":[],"ProductReview":[],"Car":[],"Recipe":[],"Service":[],"SoftwareApplication":[],"WebPage":[]},"graphName":"","isEnabled":true},"graphs":[]},"schema_type":"default","schema_type_options":null,"pillar_content":false,"robots_default":true,"robots_noindex":false,"robots_noarchive":false,"robots_nosnippet":false,"robots_nofollow":false,"robots_noimageindex":false,"robots_noodp":false,"robots_notranslate":false,"robots_max_snippet":null,"robots_max_videopreview":null,"robots_max_imagepreview":"large","priority":null,"frequency":null,"local_seo":null,"breadcrumb_settings":null,"limit_modified_date":false,"ai":null,"created":"2025-08-16 22:29:58","updated":"2025-08-16 22:29:58","focus_keyword":null,"additional_keywords":null,"truseo_locale":null,"seo_analyzer_scan_date":null},"aioseo_breadcrumb":"<div class=\"aioseo-breadcrumbs\"><span class=\"aioseo-breadcrumb\">\n\t\t\t<a href=\"https:\/\/anoticiaonline.com.br\/site\" title=\"Home\">Home<\/a>\n\t\t<\/span><span class=\"aioseo-breadcrumb-separator\">&raquo;<\/span><span class=\"aioseo-breadcrumb\">\n\t\t\t<a href=\"https:\/\/anoticiaonline.com.br\/site\/categoria\/regiao\/\" title=\"Regi\u00e3o\">Regi\u00e3o<\/a>\n\t\t<\/span><span class=\"aioseo-breadcrumb-separator\">&raquo;<\/span><span class=\"aioseo-breadcrumb\">\n\t\t\tMiss Prisional 2018\n\t\t<\/span><\/div>","aioseo_breadcrumb_json":[{"label":"Home","link":"https:\/\/anoticiaonline.com.br\/site"},{"label":"Regi\u00e3o","link":"https:\/\/anoticiaonline.com.br\/site\/categoria\/regiao\/"},{"label":"Miss Prisional 2018","link":"https:\/\/anoticiaonline.com.br\/site\/detenta-de-eugenopolis-conquista-o-3o-lugar-no-miss-prisional-2018\/"}],"views":130,"_links":{"self":[{"href":"https:\/\/anoticiaonline.com.br\/site\/wp-json\/wp\/v2\/posts\/65761","targetHints":{"allow":["GET"]}}],"collection":[{"href":"https:\/\/anoticiaonline.com.br\/site\/wp-json\/wp\/v2\/posts"}],"about":[{"href":"https:\/\/anoticiaonline.com.br\/site\/wp-json\/wp\/v2\/types\/post"}],"author":[{"embeddable":true,"href":"https:\/\/anoticiaonline.com.br\/site\/wp-json\/wp\/v2\/users\/2"}],"replies":[{"embeddable":true,"href":"https:\/\/anoticiaonline.com.br\/site\/wp-json\/wp\/v2\/comments?post=65761"}],"version-history":[{"count":0,"href":"https:\/\/anoticiaonline.com.br\/site\/wp-json\/wp\/v2\/posts\/65761\/revisions"}],"wp:featuredmedia":[{"embeddable":true,"href":"https:\/\/anoticiaonline.com.br\/site\/wp-json\/wp\/v2\/media\/65767"}],"wp:attachment":[{"href":"https:\/\/anoticiaonline.com.br\/site\/wp-json\/wp\/v2\/media?parent=65761"}],"wp:term":[{"taxonomy":"category","embeddable":true,"href":"https:\/\/anoticiaonline.com.br\/site\/wp-json\/wp\/v2\/categories?post=65761"},{"taxonomy":"post_tag","embeddable":true,"href":"https:\/\/anoticiaonline.com.br\/site\/wp-json\/wp\/v2\/tags?post=65761"}],"curies":[{"name":"wp","href":"https:\/\/api.w.org\/{rel}","templated":true}]}}