{"id":65757,"date":"2018-12-11T15:50:57","date_gmt":"2018-12-11T18:50:57","guid":{"rendered":"http:\/\/anoticiaonline.com.br\/site\/?p=65757"},"modified":"2018-12-11T15:50:57","modified_gmt":"2018-12-11T18:50:57","slug":"chegada-do-papai-noel-e-apresentacoes-musicais-comemoram-natal-em-muriae-na-proxima-segunda-feira","status":"publish","type":"post","link":"https:\/\/anoticiaonline.com.br\/site\/chegada-do-papai-noel-e-apresentacoes-musicais-comemoram-natal-em-muriae-na-proxima-segunda-feira\/","title":{"rendered":"Chegada do Papai Noel e apresenta\u00e7\u00f5es musicais comemoram Natal em Muria\u00e9 na pr\u00f3xima segunda-feira"},"content":{"rendered":"<p><a href=\"https:\/\/anoticiaonline.com.br\/site\/wp-content\/uploads\/2018\/12\/Chegada-do-Papai-Noel-e-apresenta\u00e7\u00f5es-musicais-comemoram-Natal-em-Muria\u00e9-na-pr\u00f3xima-segunda-feira.jpg\"><img fetchpriority=\"high\" decoding=\"async\" class=\"alignnone size-full wp-image-65758\" src=\"https:\/\/anoticiaonline.com.br\/site\/wp-content\/uploads\/2018\/12\/Chegada-do-Papai-Noel-e-apresenta\u00e7\u00f5es-musicais-comemoram-Natal-em-Muria\u00e9-na-pr\u00f3xima-segunda-feira.jpg\" alt=\"\" width=\"1000\" height=\"667\" srcset=\"https:\/\/anoticiaonline.com.br\/site\/wp-content\/uploads\/2018\/12\/Chegada-do-Papai-Noel-e-apresenta\u00e7\u00f5es-musicais-comemoram-Natal-em-Muria\u00e9-na-pr\u00f3xima-segunda-feira.jpg 1000w, https:\/\/anoticiaonline.com.br\/site\/wp-content\/uploads\/2018\/12\/Chegada-do-Papai-Noel-e-apresenta\u00e7\u00f5es-musicais-comemoram-Natal-em-Muria\u00e9-na-pr\u00f3xima-segunda-feira-300x200.jpg 300w, https:\/\/anoticiaonline.com.br\/site\/wp-content\/uploads\/2018\/12\/Chegada-do-Papai-Noel-e-apresenta\u00e7\u00f5es-musicais-comemoram-Natal-em-Muria\u00e9-na-pr\u00f3xima-segunda-feira-768x512.jpg 768w\" sizes=\"(max-width: 1000px) 100vw, 1000px\" \/><\/a>Para entrar de vez no clima de Natal, na pr\u00f3xima segunda-feira (17), como acontece todos os anos, a Pra\u00e7a Jo\u00e3o Pinheiro ser\u00e1 palco da chegada do Papai Noel a partir das 18h.<\/p>\n<p><!--more--><\/p>\n<p>Antes, o \u201cbom velhinho\u201d percorrer\u00e1 as principais ruas da Barra no caminh\u00e3o do Corpo de Bombeiros em dire\u00e7\u00e3o ao Centro. Na Pra\u00e7a Jo\u00e3o Pinheiro, ele ser\u00e1 recebido ao som da Banda Sociedade Musical Uni\u00e3o dos Artistas. Haver\u00e1 ainda a participa\u00e7\u00e3o da Associa\u00e7\u00e3o de Surdos de Muria\u00e9 (ASM).<\/p>\n<p>Neste mesmo dia, a \u201cCasa do Papai Noel\u201d, localizada tamb\u00e9m na pra\u00e7a, ser\u00e1 aberta para visita\u00e7\u00e3o, onde as crian\u00e7as (e adultos) poder\u00e3o tirar fotos e conhecer o espa\u00e7o.<\/p>\n<p>O evento \u00e9 uma realiza\u00e7\u00e3o da Prefeitura de Muria\u00e9, por meio da Fundarte e Secretaria Municipal de Educa\u00e7\u00e3o, Esporte e Lazer, C\u00e2mara de Dirigentes Lojistas e R\u00e1dio Muria\u00e9.<\/p>\n<p>Cr\u00e9ditos: ASCOM PMM<\/p>\n","protected":false},"excerpt":{"rendered":"<p>Para entrar de vez no clima de Natal, na pr\u00f3xima segunda-feira (17), como acontece todos os anos, a Pra\u00e7a Jo\u00e3o Pinheiro ser\u00e1 palco da chegada do Papai Noel a partir das 18h.<\/p>\n","protected":false},"author":2,"featured_media":65758,"comment_status":"open","ping_status":"open","sticky":false,"template":"","format":"standard","meta":{"_acf_changed":false,"_monsterinsights_skip_tracking":false,"footnotes":""},"categories":[30,1],"tags":[74,1544,3521],"class_list":["post-65757","post","type-post","status-publish","format-standard","has-post-thumbnail","hentry","category-muriae","category-gerais","tag-muriae","tag-natal","tag-papai-noel"],"acf":[],"aioseo_notices":[],"aioseo_head":"\n\t\t<!-- All in One SEO 5.0.0.1 - aioseo.com -->\n\t<meta name=\"description\" content=\"Para entrar de vez no clima de Natal, na pr\u00f3xima segunda-feira (17), como acontece todos os anos, a Pra\u00e7a Jo\u00e3o Pinheiro ser\u00e1 palco da chegada do Papai Noel a partir das 18h. Antes, o \u201cbom velhinho\u201d percorrer\u00e1 as principais ruas da Barra no caminh\u00e3o do Corpo de Bombeiros em dire\u00e7\u00e3o ao Centro. Na Pra\u00e7a Jo\u00e3o\" \/>\n\t<meta name=\"robots\" content=\"max-image-preview:large\" \/>\n\t<meta name=\"author\" content=\"Juliana Laviola\"\/>\n\t<link rel=\"canonical\" href=\"https:\/\/anoticiaonline.com.br\/site\/chegada-do-papai-noel-e-apresentacoes-musicais-comemoram-natal-em-muriae-na-proxima-segunda-feira\/\" \/>\n\t<meta name=\"generator\" content=\"All in One SEO (AIOSEO) 5.0.0.1\" \/>\n\t\t<meta property=\"og:locale\" content=\"pt_BR\" \/>\n\t\t<meta property=\"og:site_name\" content=\"A Not\u00edcia Online - Noticias de Muria\u00e9 e regi\u00e3o\" \/>\n\t\t<meta property=\"og:type\" content=\"article\" \/>\n\t\t<meta property=\"og:title\" content=\"Chegada do Papai Noel e apresenta\u00e7\u00f5es musicais comemoram Natal em Muria\u00e9 na pr\u00f3xima segunda-feira - A Not\u00edcia Online\" \/>\n\t\t<meta property=\"og:description\" content=\"Para entrar de vez no clima de Natal, na pr\u00f3xima segunda-feira (17), como acontece todos os anos, a Pra\u00e7a Jo\u00e3o Pinheiro ser\u00e1 palco da chegada do Papai Noel a partir das 18h. Antes, o \u201cbom velhinho\u201d percorrer\u00e1 as principais ruas da Barra no caminh\u00e3o do Corpo de Bombeiros em dire\u00e7\u00e3o ao Centro. Na Pra\u00e7a Jo\u00e3o\" \/>\n\t\t<meta property=\"og:url\" content=\"https:\/\/anoticiaonline.com.br\/site\/chegada-do-papai-noel-e-apresentacoes-musicais-comemoram-natal-em-muriae-na-proxima-segunda-feira\/\" \/>\n\t\t<meta property=\"og:image\" content=\"https:\/\/scontent-gig4-1.xx.fbcdn.net\/v\/t39.30808-1\/270437624_4564083193639691_6907940295614233970_n.jpg?stp=dst-jpg_s200x200_tt6&#038;_nc_cat=111&#038;ccb=1-7&#038;_nc_sid=f907e8&#038;_nc_ohc=SM1wRlP3lJwQ7kNvwEPuBYA&#038;_nc_oc=AdnqrjDN_BNjSSHWO-GbkIWH6fkGMLw4bqvL_NH6e2wMveX7G-rP2dAqsDSq1mJMOaY&#038;_nc_zt=24&#038;_nc_ht=scontent-gig4-1.xx&#038;_nc_gid=AoBFJeGrT1hVaew_6rchkQ&#038;oh=00_AfX7QmFGhQhG2jAllVgXCiM1ZrWgvtp80-Bfppyexh1QEg&#038;oe=689E923C\" \/>\n\t\t<meta property=\"og:image:secure_url\" content=\"https:\/\/scontent-gig4-1.xx.fbcdn.net\/v\/t39.30808-1\/270437624_4564083193639691_6907940295614233970_n.jpg?stp=dst-jpg_s200x200_tt6&#038;_nc_cat=111&#038;ccb=1-7&#038;_nc_sid=f907e8&#038;_nc_ohc=SM1wRlP3lJwQ7kNvwEPuBYA&#038;_nc_oc=AdnqrjDN_BNjSSHWO-GbkIWH6fkGMLw4bqvL_NH6e2wMveX7G-rP2dAqsDSq1mJMOaY&#038;_nc_zt=24&#038;_nc_ht=scontent-gig4-1.xx&#038;_nc_gid=AoBFJeGrT1hVaew_6rchkQ&#038;oh=00_AfX7QmFGhQhG2jAllVgXCiM1ZrWgvtp80-Bfppyexh1QEg&#038;oe=689E923C\" \/>\n\t\t<meta property=\"article:published_time\" content=\"2018-12-11T18:50:57+00:00\" \/>\n\t\t<meta property=\"article:modified_time\" content=\"2018-12-11T18:50:57+00:00\" \/>\n\t\t<meta name=\"twitter:card\" content=\"summary_large_image\" \/>\n\t\t<meta name=\"twitter:title\" content=\"Chegada do Papai Noel e apresenta\u00e7\u00f5es musicais comemoram Natal em Muria\u00e9 na pr\u00f3xima segunda-feira - A Not\u00edcia Online\" \/>\n\t\t<meta name=\"twitter:description\" content=\"Para entrar de vez no clima de Natal, na pr\u00f3xima segunda-feira (17), como acontece todos os anos, a Pra\u00e7a Jo\u00e3o Pinheiro ser\u00e1 palco da chegada do Papai Noel a partir das 18h. Antes, o \u201cbom velhinho\u201d percorrer\u00e1 as principais ruas da Barra no caminh\u00e3o do Corpo de Bombeiros em dire\u00e7\u00e3o ao Centro. Na Pra\u00e7a Jo\u00e3o\" \/>\n\t\t<meta name=\"twitter:image\" content=\"https:\/\/scontent-gig4-1.xx.fbcdn.net\/v\/t39.30808-1\/270437624_4564083193639691_6907940295614233970_n.jpg?stp=dst-jpg_s200x200_tt6&amp;_nc_cat=111&amp;ccb=1-7&amp;_nc_sid=f907e8&amp;_nc_ohc=SM1wRlP3lJwQ7kNvwEPuBYA&amp;_nc_oc=AdnqrjDN_BNjSSHWO-GbkIWH6fkGMLw4bqvL_NH6e2wMveX7G-rP2dAqsDSq1mJMOaY&amp;_nc_zt=24&amp;_nc_ht=scontent-gig4-1.xx&amp;_nc_gid=AoBFJeGrT1hVaew_6rchkQ&amp;oh=00_AfX7QmFGhQhG2jAllVgXCiM1ZrWgvtp80-Bfppyexh1QEg&amp;oe=689E923C\" \/>\n\t\t<script type=\"application\/ld+json\" class=\"aioseo-schema\">\n\t\t\t{\"@context\":\"https:\\\/\\\/schema.org\",\"@graph\":[{\"@type\":\"BlogPosting\",\"@id\":\"https:\\\/\\\/anoticiaonline.com.br\\\/site\\\/chegada-do-papai-noel-e-apresentacoes-musicais-comemoram-natal-em-muriae-na-proxima-segunda-feira\\\/#blogposting\",\"name\":\"Chegada do Papai Noel e apresenta\\u00e7\\u00f5es musicais comemoram Natal em Muria\\u00e9 na pr\\u00f3xima segunda-feira - A Not\\u00edcia Online\",\"headline\":\"Chegada do Papai Noel e apresenta\\u00e7\\u00f5es musicais comemoram Natal em Muria\\u00e9 na pr\\u00f3xima segunda-feira\",\"author\":{\"@id\":\"https:\\\/\\\/anoticiaonline.com.br\\\/site\\\/author\\\/juliana\\\/#author\"},\"publisher\":{\"@id\":\"https:\\\/\\\/anoticiaonline.com.br\\\/site\\\/#organization\"},\"image\":{\"@type\":\"ImageObject\",\"url\":\"https:\\\/\\\/anoticiaonline.com.br\\\/site\\\/wp-content\\\/uploads\\\/2018\\\/12\\\/Chegada-do-Papai-Noel-e-apresenta\\u00e7\\u00f5es-musicais-comemoram-Natal-em-Muria\\u00e9-na-pr\\u00f3xima-segunda-feira.jpg\",\"width\":1000,\"height\":667},\"datePublished\":\"2018-12-11T15:50:57-03:00\",\"dateModified\":\"2018-12-11T15:50:57-03:00\",\"inLanguage\":\"pt-BR\",\"mainEntityOfPage\":{\"@id\":\"https:\\\/\\\/anoticiaonline.com.br\\\/site\\\/chegada-do-papai-noel-e-apresentacoes-musicais-comemoram-natal-em-muriae-na-proxima-segunda-feira\\\/#webpage\"},\"isPartOf\":{\"@id\":\"https:\\\/\\\/anoticiaonline.com.br\\\/site\\\/chegada-do-papai-noel-e-apresentacoes-musicais-comemoram-natal-em-muriae-na-proxima-segunda-feira\\\/#webpage\"},\"articleSection\":\"Blog, Gerais, Muria\\u00e9, natal, papai noel\"},{\"@type\":\"BreadcrumbList\",\"@id\":\"https:\\\/\\\/anoticiaonline.com.br\\\/site\\\/chegada-do-papai-noel-e-apresentacoes-musicais-comemoram-natal-em-muriae-na-proxima-segunda-feira\\\/#breadcrumblist\",\"itemListElement\":[{\"@type\":\"ListItem\",\"@id\":\"https:\\\/\\\/anoticiaonline.com.br\\\/site#listItem\",\"position\":1,\"name\":\"Home\",\"item\":\"https:\\\/\\\/anoticiaonline.com.br\\\/site\",\"nextItem\":{\"@type\":\"ListItem\",\"@id\":\"https:\\\/\\\/anoticiaonline.com.br\\\/site\\\/categoria\\\/gerais\\\/#listItem\",\"name\":\"Gerais\"}},{\"@type\":\"ListItem\",\"@id\":\"https:\\\/\\\/anoticiaonline.com.br\\\/site\\\/categoria\\\/gerais\\\/#listItem\",\"position\":2,\"name\":\"Gerais\",\"item\":\"https:\\\/\\\/anoticiaonline.com.br\\\/site\\\/categoria\\\/gerais\\\/\",\"nextItem\":{\"@type\":\"ListItem\",\"@id\":\"https:\\\/\\\/anoticiaonline.com.br\\\/site\\\/chegada-do-papai-noel-e-apresentacoes-musicais-comemoram-natal-em-muriae-na-proxima-segunda-feira\\\/#listItem\",\"name\":\"Chegada do Papai Noel e apresenta\\u00e7\\u00f5es musicais comemoram Natal em Muria\\u00e9 na pr\\u00f3xima segunda-feira\"},\"previousItem\":{\"@type\":\"ListItem\",\"@id\":\"https:\\\/\\\/anoticiaonline.com.br\\\/site#listItem\",\"name\":\"Home\"}},{\"@type\":\"ListItem\",\"@id\":\"https:\\\/\\\/anoticiaonline.com.br\\\/site\\\/chegada-do-papai-noel-e-apresentacoes-musicais-comemoram-natal-em-muriae-na-proxima-segunda-feira\\\/#listItem\",\"position\":3,\"name\":\"Chegada do Papai Noel e apresenta\\u00e7\\u00f5es musicais comemoram Natal em Muria\\u00e9 na pr\\u00f3xima segunda-feira\",\"previousItem\":{\"@type\":\"ListItem\",\"@id\":\"https:\\\/\\\/anoticiaonline.com.br\\\/site\\\/categoria\\\/gerais\\\/#listItem\",\"name\":\"Gerais\"}}]},{\"@type\":\"Organization\",\"@id\":\"https:\\\/\\\/anoticiaonline.com.br\\\/site\\\/#organization\",\"name\":\"A Not\\u00edcia Online\",\"description\":\"Noticias de Muria\\u00e9 e regi\\u00e3o\",\"url\":\"https:\\\/\\\/anoticiaonline.com.br\\\/site\\\/\",\"logo\":{\"@type\":\"ImageObject\",\"url\":\"https:\\\/\\\/scontent-gig4-1.xx.fbcdn.net\\\/v\\\/t39.30808-1\\\/270437624_4564083193639691_6907940295614233970_n.jpg?stp=dst-jpg_s200x200_tt6&_nc_cat=111&ccb=1-7&_nc_sid=f907e8&_nc_ohc=SM1wRlP3lJwQ7kNvwEPuBYA&_nc_oc=AdnqrjDN_BNjSSHWO-GbkIWH6fkGMLw4bqvL_NH6e2wMveX7G-rP2dAqsDSq1mJMOaY&_nc_zt=24&_nc_ht=scontent-gig4-1.xx&_nc_gid=AoBFJeGrT1hVaew_6rchkQ&oh=00_AfX7QmFGhQhG2jAllVgXCiM1ZrWgvtp80-Bfppyexh1QEg&oe=689E923C\",\"@id\":\"https:\\\/\\\/anoticiaonline.com.br\\\/site\\\/chegada-do-papai-noel-e-apresentacoes-musicais-comemoram-natal-em-muriae-na-proxima-segunda-feira\\\/#organizationLogo\"},\"image\":{\"@id\":\"https:\\\/\\\/anoticiaonline.com.br\\\/site\\\/chegada-do-papai-noel-e-apresentacoes-musicais-comemoram-natal-em-muriae-na-proxima-segunda-feira\\\/#organizationLogo\"}},{\"@type\":\"Person\",\"@id\":\"https:\\\/\\\/anoticiaonline.com.br\\\/site\\\/author\\\/juliana\\\/#author\",\"url\":\"https:\\\/\\\/anoticiaonline.com.br\\\/site\\\/author\\\/juliana\\\/\",\"name\":\"Juliana Laviola\",\"image\":{\"@type\":\"ImageObject\",\"@id\":\"https:\\\/\\\/anoticiaonline.com.br\\\/site\\\/chegada-do-papai-noel-e-apresentacoes-musicais-comemoram-natal-em-muriae-na-proxima-segunda-feira\\\/#authorImage\",\"url\":\"https:\\\/\\\/secure.gravatar.com\\\/avatar\\\/b8d45f5c699b100dfaf0e543582f38f38bf94cb7ae3a5e9abf8d891a34773335?s=96&d=mm&r=g\",\"width\":96,\"height\":96,\"caption\":\"Juliana Laviola\"}},{\"@type\":\"WebPage\",\"@id\":\"https:\\\/\\\/anoticiaonline.com.br\\\/site\\\/chegada-do-papai-noel-e-apresentacoes-musicais-comemoram-natal-em-muriae-na-proxima-segunda-feira\\\/#webpage\",\"url\":\"https:\\\/\\\/anoticiaonline.com.br\\\/site\\\/chegada-do-papai-noel-e-apresentacoes-musicais-comemoram-natal-em-muriae-na-proxima-segunda-feira\\\/\",\"name\":\"Chegada do Papai Noel e apresenta\\u00e7\\u00f5es musicais comemoram Natal em Muria\\u00e9 na pr\\u00f3xima segunda-feira - A Not\\u00edcia Online\",\"description\":\"Para entrar de vez no clima de Natal, na pr\\u00f3xima segunda-feira (17), como acontece todos os anos, a Pra\\u00e7a Jo\\u00e3o Pinheiro ser\\u00e1 palco da chegada do Papai Noel a partir das 18h. Antes, o \\u201cbom velhinho\\u201d percorrer\\u00e1 as principais ruas da Barra no caminh\\u00e3o do Corpo de Bombeiros em dire\\u00e7\\u00e3o ao Centro. Na Pra\\u00e7a Jo\\u00e3o\",\"inLanguage\":\"pt-BR\",\"isPartOf\":{\"@id\":\"https:\\\/\\\/anoticiaonline.com.br\\\/site\\\/#website\"},\"breadcrumb\":{\"@id\":\"https:\\\/\\\/anoticiaonline.com.br\\\/site\\\/chegada-do-papai-noel-e-apresentacoes-musicais-comemoram-natal-em-muriae-na-proxima-segunda-feira\\\/#breadcrumblist\"},\"author\":{\"@id\":\"https:\\\/\\\/anoticiaonline.com.br\\\/site\\\/author\\\/juliana\\\/#author\"},\"creator\":{\"@id\":\"https:\\\/\\\/anoticiaonline.com.br\\\/site\\\/author\\\/juliana\\\/#author\"},\"image\":{\"@type\":\"ImageObject\",\"url\":\"https:\\\/\\\/anoticiaonline.com.br\\\/site\\\/wp-content\\\/uploads\\\/2018\\\/12\\\/Chegada-do-Papai-Noel-e-apresenta\\u00e7\\u00f5es-musicais-comemoram-Natal-em-Muria\\u00e9-na-pr\\u00f3xima-segunda-feira.jpg\",\"@id\":\"https:\\\/\\\/anoticiaonline.com.br\\\/site\\\/chegada-do-papai-noel-e-apresentacoes-musicais-comemoram-natal-em-muriae-na-proxima-segunda-feira\\\/#mainImage\",\"width\":1000,\"height\":667},\"primaryImageOfPage\":{\"@id\":\"https:\\\/\\\/anoticiaonline.com.br\\\/site\\\/chegada-do-papai-noel-e-apresentacoes-musicais-comemoram-natal-em-muriae-na-proxima-segunda-feira\\\/#mainImage\"},\"datePublished\":\"2018-12-11T15:50:57-03:00\",\"dateModified\":\"2018-12-11T15:50:57-03:00\"},{\"@type\":\"WebSite\",\"@id\":\"https:\\\/\\\/anoticiaonline.com.br\\\/site\\\/#website\",\"url\":\"https:\\\/\\\/anoticiaonline.com.br\\\/site\\\/\",\"name\":\"A Not\\u00edcia Online\",\"description\":\"Noticias de Muria\\u00e9 e regi\\u00e3o\",\"inLanguage\":\"pt-BR\",\"publisher\":{\"@id\":\"https:\\\/\\\/anoticiaonline.com.br\\\/site\\\/#organization\"}}]}\n\t\t<\/script>\n\t\t<!-- All in One SEO -->\n\n","aioseo_head_json":{"title":"Chegada do Papai Noel e apresenta\u00e7\u00f5es musicais comemoram Natal em Muria\u00e9 na pr\u00f3xima segunda-feira - A Not\u00edcia Online","description":"Para entrar de vez no clima de Natal, na pr\u00f3xima segunda-feira (17), como acontece todos os anos, a Pra\u00e7a Jo\u00e3o Pinheiro ser\u00e1 palco da chegada do Papai Noel a partir das 18h. Antes, o \u201cbom velhinho\u201d percorrer\u00e1 as principais ruas da Barra no caminh\u00e3o do Corpo de Bombeiros em dire\u00e7\u00e3o ao Centro. Na Pra\u00e7a Jo\u00e3o","canonical_url":"https:\/\/anoticiaonline.com.br\/site\/chegada-do-papai-noel-e-apresentacoes-musicais-comemoram-natal-em-muriae-na-proxima-segunda-feira\/","robots":"max-image-preview:large","keywords":"","webmasterTools":{"miscellaneous":""},"schema":{"@context":"https:\/\/schema.org","@graph":[{"@type":"BlogPosting","@id":"https:\/\/anoticiaonline.com.br\/site\/chegada-do-papai-noel-e-apresentacoes-musicais-comemoram-natal-em-muriae-na-proxima-segunda-feira\/#blogposting","name":"Chegada do Papai Noel e apresenta\u00e7\u00f5es musicais comemoram Natal em Muria\u00e9 na pr\u00f3xima segunda-feira - A Not\u00edcia Online","headline":"Chegada do Papai Noel e apresenta\u00e7\u00f5es musicais comemoram Natal em Muria\u00e9 na pr\u00f3xima segunda-feira","author":{"@id":"https:\/\/anoticiaonline.com.br\/site\/author\/juliana\/#author"},"publisher":{"@id":"https:\/\/anoticiaonline.com.br\/site\/#organization"},"image":{"@type":"ImageObject","url":"https:\/\/anoticiaonline.com.br\/site\/wp-content\/uploads\/2018\/12\/Chegada-do-Papai-Noel-e-apresenta\u00e7\u00f5es-musicais-comemoram-Natal-em-Muria\u00e9-na-pr\u00f3xima-segunda-feira.jpg","width":1000,"height":667},"datePublished":"2018-12-11T15:50:57-03:00","dateModified":"2018-12-11T15:50:57-03:00","inLanguage":"pt-BR","mainEntityOfPage":{"@id":"https:\/\/anoticiaonline.com.br\/site\/chegada-do-papai-noel-e-apresentacoes-musicais-comemoram-natal-em-muriae-na-proxima-segunda-feira\/#webpage"},"isPartOf":{"@id":"https:\/\/anoticiaonline.com.br\/site\/chegada-do-papai-noel-e-apresentacoes-musicais-comemoram-natal-em-muriae-na-proxima-segunda-feira\/#webpage"},"articleSection":"Blog, Gerais, Muria\u00e9, natal, papai noel"},{"@type":"BreadcrumbList","@id":"https:\/\/anoticiaonline.com.br\/site\/chegada-do-papai-noel-e-apresentacoes-musicais-comemoram-natal-em-muriae-na-proxima-segunda-feira\/#breadcrumblist","itemListElement":[{"@type":"ListItem","@id":"https:\/\/anoticiaonline.com.br\/site#listItem","position":1,"name":"Home","item":"https:\/\/anoticiaonline.com.br\/site","nextItem":{"@type":"ListItem","@id":"https:\/\/anoticiaonline.com.br\/site\/categoria\/gerais\/#listItem","name":"Gerais"}},{"@type":"ListItem","@id":"https:\/\/anoticiaonline.com.br\/site\/categoria\/gerais\/#listItem","position":2,"name":"Gerais","item":"https:\/\/anoticiaonline.com.br\/site\/categoria\/gerais\/","nextItem":{"@type":"ListItem","@id":"https:\/\/anoticiaonline.com.br\/site\/chegada-do-papai-noel-e-apresentacoes-musicais-comemoram-natal-em-muriae-na-proxima-segunda-feira\/#listItem","name":"Chegada do Papai Noel e apresenta\u00e7\u00f5es musicais comemoram Natal em Muria\u00e9 na pr\u00f3xima segunda-feira"},"previousItem":{"@type":"ListItem","@id":"https:\/\/anoticiaonline.com.br\/site#listItem","name":"Home"}},{"@type":"ListItem","@id":"https:\/\/anoticiaonline.com.br\/site\/chegada-do-papai-noel-e-apresentacoes-musicais-comemoram-natal-em-muriae-na-proxima-segunda-feira\/#listItem","position":3,"name":"Chegada do Papai Noel e apresenta\u00e7\u00f5es musicais comemoram Natal em Muria\u00e9 na pr\u00f3xima segunda-feira","previousItem":{"@type":"ListItem","@id":"https:\/\/anoticiaonline.com.br\/site\/categoria\/gerais\/#listItem","name":"Gerais"}}]},{"@type":"Organization","@id":"https:\/\/anoticiaonline.com.br\/site\/#organization","name":"A Not\u00edcia Online","description":"Noticias de Muria\u00e9 e regi\u00e3o","url":"https:\/\/anoticiaonline.com.br\/site\/","logo":{"@type":"ImageObject","url":"https:\/\/scontent-gig4-1.xx.fbcdn.net\/v\/t39.30808-1\/270437624_4564083193639691_6907940295614233970_n.jpg?stp=dst-jpg_s200x200_tt6&_nc_cat=111&ccb=1-7&_nc_sid=f907e8&_nc_ohc=SM1wRlP3lJwQ7kNvwEPuBYA&_nc_oc=AdnqrjDN_BNjSSHWO-GbkIWH6fkGMLw4bqvL_NH6e2wMveX7G-rP2dAqsDSq1mJMOaY&_nc_zt=24&_nc_ht=scontent-gig4-1.xx&_nc_gid=AoBFJeGrT1hVaew_6rchkQ&oh=00_AfX7QmFGhQhG2jAllVgXCiM1ZrWgvtp80-Bfppyexh1QEg&oe=689E923C","@id":"https:\/\/anoticiaonline.com.br\/site\/chegada-do-papai-noel-e-apresentacoes-musicais-comemoram-natal-em-muriae-na-proxima-segunda-feira\/#organizationLogo"},"image":{"@id":"https:\/\/anoticiaonline.com.br\/site\/chegada-do-papai-noel-e-apresentacoes-musicais-comemoram-natal-em-muriae-na-proxima-segunda-feira\/#organizationLogo"}},{"@type":"Person","@id":"https:\/\/anoticiaonline.com.br\/site\/author\/juliana\/#author","url":"https:\/\/anoticiaonline.com.br\/site\/author\/juliana\/","name":"Juliana Laviola","image":{"@type":"ImageObject","@id":"https:\/\/anoticiaonline.com.br\/site\/chegada-do-papai-noel-e-apresentacoes-musicais-comemoram-natal-em-muriae-na-proxima-segunda-feira\/#authorImage","url":"https:\/\/secure.gravatar.com\/avatar\/b8d45f5c699b100dfaf0e543582f38f38bf94cb7ae3a5e9abf8d891a34773335?s=96&d=mm&r=g","width":96,"height":96,"caption":"Juliana Laviola"}},{"@type":"WebPage","@id":"https:\/\/anoticiaonline.com.br\/site\/chegada-do-papai-noel-e-apresentacoes-musicais-comemoram-natal-em-muriae-na-proxima-segunda-feira\/#webpage","url":"https:\/\/anoticiaonline.com.br\/site\/chegada-do-papai-noel-e-apresentacoes-musicais-comemoram-natal-em-muriae-na-proxima-segunda-feira\/","name":"Chegada do Papai Noel e apresenta\u00e7\u00f5es musicais comemoram Natal em Muria\u00e9 na pr\u00f3xima segunda-feira - A Not\u00edcia Online","description":"Para entrar de vez no clima de Natal, na pr\u00f3xima segunda-feira (17), como acontece todos os anos, a Pra\u00e7a Jo\u00e3o Pinheiro ser\u00e1 palco da chegada do Papai Noel a partir das 18h. Antes, o \u201cbom velhinho\u201d percorrer\u00e1 as principais ruas da Barra no caminh\u00e3o do Corpo de Bombeiros em dire\u00e7\u00e3o ao Centro. Na Pra\u00e7a Jo\u00e3o","inLanguage":"pt-BR","isPartOf":{"@id":"https:\/\/anoticiaonline.com.br\/site\/#website"},"breadcrumb":{"@id":"https:\/\/anoticiaonline.com.br\/site\/chegada-do-papai-noel-e-apresentacoes-musicais-comemoram-natal-em-muriae-na-proxima-segunda-feira\/#breadcrumblist"},"author":{"@id":"https:\/\/anoticiaonline.com.br\/site\/author\/juliana\/#author"},"creator":{"@id":"https:\/\/anoticiaonline.com.br\/site\/author\/juliana\/#author"},"image":{"@type":"ImageObject","url":"https:\/\/anoticiaonline.com.br\/site\/wp-content\/uploads\/2018\/12\/Chegada-do-Papai-Noel-e-apresenta\u00e7\u00f5es-musicais-comemoram-Natal-em-Muria\u00e9-na-pr\u00f3xima-segunda-feira.jpg","@id":"https:\/\/anoticiaonline.com.br\/site\/chegada-do-papai-noel-e-apresentacoes-musicais-comemoram-natal-em-muriae-na-proxima-segunda-feira\/#mainImage","width":1000,"height":667},"primaryImageOfPage":{"@id":"https:\/\/anoticiaonline.com.br\/site\/chegada-do-papai-noel-e-apresentacoes-musicais-comemoram-natal-em-muriae-na-proxima-segunda-feira\/#mainImage"},"datePublished":"2018-12-11T15:50:57-03:00","dateModified":"2018-12-11T15:50:57-03:00"},{"@type":"WebSite","@id":"https:\/\/anoticiaonline.com.br\/site\/#website","url":"https:\/\/anoticiaonline.com.br\/site\/","name":"A Not\u00edcia Online","description":"Noticias de Muria\u00e9 e regi\u00e3o","inLanguage":"pt-BR","publisher":{"@id":"https:\/\/anoticiaonline.com.br\/site\/#organization"}}]},"og:locale":"pt_BR","og:site_name":"A Not\u00edcia Online - Noticias de Muria\u00e9 e regi\u00e3o","og:type":"article","og:title":"Chegada do Papai Noel e apresenta\u00e7\u00f5es musicais comemoram Natal em Muria\u00e9 na pr\u00f3xima segunda-feira - A Not\u00edcia Online","og:description":"Para entrar de vez no clima de Natal, na pr\u00f3xima segunda-feira (17), como acontece todos os anos, a Pra\u00e7a Jo\u00e3o Pinheiro ser\u00e1 palco da chegada do Papai Noel a partir das 18h. Antes, o \u201cbom velhinho\u201d percorrer\u00e1 as principais ruas da Barra no caminh\u00e3o do Corpo de Bombeiros em dire\u00e7\u00e3o ao Centro. Na Pra\u00e7a Jo\u00e3o","og:url":"https:\/\/anoticiaonline.com.br\/site\/chegada-do-papai-noel-e-apresentacoes-musicais-comemoram-natal-em-muriae-na-proxima-segunda-feira\/","og:image":"https:\/\/scontent-gig4-1.xx.fbcdn.net\/v\/t39.30808-1\/270437624_4564083193639691_6907940295614233970_n.jpg?stp=dst-jpg_s200x200_tt6&#038;_nc_cat=111&#038;ccb=1-7&#038;_nc_sid=f907e8&#038;_nc_ohc=SM1wRlP3lJwQ7kNvwEPuBYA&#038;_nc_oc=AdnqrjDN_BNjSSHWO-GbkIWH6fkGMLw4bqvL_NH6e2wMveX7G-rP2dAqsDSq1mJMOaY&#038;_nc_zt=24&#038;_nc_ht=scontent-gig4-1.xx&#038;_nc_gid=AoBFJeGrT1hVaew_6rchkQ&#038;oh=00_AfX7QmFGhQhG2jAllVgXCiM1ZrWgvtp80-Bfppyexh1QEg&#038;oe=689E923C","og:image:secure_url":"https:\/\/scontent-gig4-1.xx.fbcdn.net\/v\/t39.30808-1\/270437624_4564083193639691_6907940295614233970_n.jpg?stp=dst-jpg_s200x200_tt6&#038;_nc_cat=111&#038;ccb=1-7&#038;_nc_sid=f907e8&#038;_nc_ohc=SM1wRlP3lJwQ7kNvwEPuBYA&#038;_nc_oc=AdnqrjDN_BNjSSHWO-GbkIWH6fkGMLw4bqvL_NH6e2wMveX7G-rP2dAqsDSq1mJMOaY&#038;_nc_zt=24&#038;_nc_ht=scontent-gig4-1.xx&#038;_nc_gid=AoBFJeGrT1hVaew_6rchkQ&#038;oh=00_AfX7QmFGhQhG2jAllVgXCiM1ZrWgvtp80-Bfppyexh1QEg&#038;oe=689E923C","article:published_time":"2018-12-11T18:50:57+00:00","article:modified_time":"2018-12-11T18:50:57+00:00","twitter:card":"summary_large_image","twitter:title":"Chegada do Papai Noel e apresenta\u00e7\u00f5es musicais comemoram Natal em Muria\u00e9 na pr\u00f3xima segunda-feira - A Not\u00edcia Online","twitter:description":"Para entrar de vez no clima de Natal, na pr\u00f3xima segunda-feira (17), como acontece todos os anos, a Pra\u00e7a Jo\u00e3o Pinheiro ser\u00e1 palco da chegada do Papai Noel a partir das 18h. Antes, o \u201cbom velhinho\u201d percorrer\u00e1 as principais ruas da Barra no caminh\u00e3o do Corpo de Bombeiros em dire\u00e7\u00e3o ao Centro. Na Pra\u00e7a Jo\u00e3o","twitter:image":"https:\/\/scontent-gig4-1.xx.fbcdn.net\/v\/t39.30808-1\/270437624_4564083193639691_6907940295614233970_n.jpg?stp=dst-jpg_s200x200_tt6&_nc_cat=111&ccb=1-7&_nc_sid=f907e8&_nc_ohc=SM1wRlP3lJwQ7kNvwEPuBYA&_nc_oc=AdnqrjDN_BNjSSHWO-GbkIWH6fkGMLw4bqvL_NH6e2wMveX7G-rP2dAqsDSq1mJMOaY&_nc_zt=24&_nc_ht=scontent-gig4-1.xx&_nc_gid=AoBFJeGrT1hVaew_6rchkQ&oh=00_AfX7QmFGhQhG2jAllVgXCiM1ZrWgvtp80-Bfppyexh1QEg&oe=689E923C"},"aioseo_meta_data":{"post_id":"65757","title":null,"description":null,"keywords":null,"keyphrases":null,"primary_term":null,"canonical_url":null,"og_title":null,"og_description":null,"og_object_type":"default","og_image_type":"default","og_image_url":null,"og_image_width":null,"og_image_height":null,"og_image_custom_url":null,"og_image_custom_fields":null,"og_video":null,"og_custom_url":null,"og_article_section":null,"og_article_tags":null,"twitter_use_og":false,"twitter_card":"default","twitter_image_type":"default","twitter_image_url":null,"twitter_image_custom_url":null,"twitter_image_custom_fields":null,"twitter_title":null,"twitter_description":null,"schema":{"blockGraphs":[],"customGraphs":[],"default":{"data":{"Article":[],"Course":[],"Dataset":[],"FAQPage":[],"Movie":[],"Person":[],"Product":[],"ProductReview":[],"Car":[],"Recipe":[],"Service":[],"SoftwareApplication":[],"WebPage":[]},"graphName":"","isEnabled":true},"graphs":[]},"schema_type":"default","schema_type_options":null,"pillar_content":false,"robots_default":true,"robots_noindex":false,"robots_noarchive":false,"robots_nosnippet":false,"robots_nofollow":false,"robots_noimageindex":false,"robots_noodp":false,"robots_notranslate":false,"robots_max_snippet":null,"robots_max_videopreview":null,"robots_max_imagepreview":"large","priority":null,"frequency":null,"local_seo":null,"breadcrumb_settings":null,"limit_modified_date":false,"ai":null,"created":"2025-08-16 22:29:58","updated":"2025-08-16 22:29:58","focus_keyword":null,"additional_keywords":null,"truseo_locale":null,"seo_analyzer_scan_date":null},"aioseo_breadcrumb":"<div class=\"aioseo-breadcrumbs\"><span class=\"aioseo-breadcrumb\">\n\t\t\t<a href=\"https:\/\/anoticiaonline.com.br\/site\" title=\"Home\">Home<\/a>\n\t\t<\/span><span class=\"aioseo-breadcrumb-separator\">&raquo;<\/span><span class=\"aioseo-breadcrumb\">\n\t\t\t<a href=\"https:\/\/anoticiaonline.com.br\/site\/categoria\/gerais\/\" title=\"Gerais\">Gerais<\/a>\n\t\t<\/span><span class=\"aioseo-breadcrumb-separator\">&raquo;<\/span><span class=\"aioseo-breadcrumb\">\n\t\t\tChegada do Papai Noel e apresenta\u00e7\u00f5es musicais comemoram Natal em Muria\u00e9 na pr\u00f3xima segunda-feira\n\t\t<\/span><\/div>","aioseo_breadcrumb_json":[{"label":"Home","link":"https:\/\/anoticiaonline.com.br\/site"},{"label":"Gerais","link":"https:\/\/anoticiaonline.com.br\/site\/categoria\/gerais\/"},{"label":"Chegada do Papai Noel e apresenta\u00e7\u00f5es musicais comemoram Natal em Muria\u00e9 na pr\u00f3xima segunda-feira","link":"https:\/\/anoticiaonline.com.br\/site\/chegada-do-papai-noel-e-apresentacoes-musicais-comemoram-natal-em-muriae-na-proxima-segunda-feira\/"}],"views":132,"_links":{"self":[{"href":"https:\/\/anoticiaonline.com.br\/site\/wp-json\/wp\/v2\/posts\/65757","targetHints":{"allow":["GET"]}}],"collection":[{"href":"https:\/\/anoticiaonline.com.br\/site\/wp-json\/wp\/v2\/posts"}],"about":[{"href":"https:\/\/anoticiaonline.com.br\/site\/wp-json\/wp\/v2\/types\/post"}],"author":[{"embeddable":true,"href":"https:\/\/anoticiaonline.com.br\/site\/wp-json\/wp\/v2\/users\/2"}],"replies":[{"embeddable":true,"href":"https:\/\/anoticiaonline.com.br\/site\/wp-json\/wp\/v2\/comments?post=65757"}],"version-history":[{"count":0,"href":"https:\/\/anoticiaonline.com.br\/site\/wp-json\/wp\/v2\/posts\/65757\/revisions"}],"wp:featuredmedia":[{"embeddable":true,"href":"https:\/\/anoticiaonline.com.br\/site\/wp-json\/wp\/v2\/media\/65758"}],"wp:attachment":[{"href":"https:\/\/anoticiaonline.com.br\/site\/wp-json\/wp\/v2\/media?parent=65757"}],"wp:term":[{"taxonomy":"category","embeddable":true,"href":"https:\/\/anoticiaonline.com.br\/site\/wp-json\/wp\/v2\/categories?post=65757"},{"taxonomy":"post_tag","embeddable":true,"href":"https:\/\/anoticiaonline.com.br\/site\/wp-json\/wp\/v2\/tags?post=65757"}],"curies":[{"name":"wp","href":"https:\/\/api.w.org\/{rel}","templated":true}]}}