{"id":65746,"date":"2018-12-10T10:56:49","date_gmt":"2018-12-10T13:56:49","guid":{"rendered":"http:\/\/anoticiaonline.com.br\/site\/?p=65746"},"modified":"2018-12-10T10:56:49","modified_gmt":"2018-12-10T13:56:49","slug":"duas-chapas-disputam-a-mesa-diretora-da-camara-municipal-de-muriae-nesta-terca-feira","status":"publish","type":"post","link":"https:\/\/anoticiaonline.com.br\/site\/duas-chapas-disputam-a-mesa-diretora-da-camara-municipal-de-muriae-nesta-terca-feira\/","title":{"rendered":"Duas chapas disputam a Mesa Diretora da C\u00e2mara Municipal de Muria\u00e9 nesta ter\u00e7a-feira"},"content":{"rendered":"<p><a href=\"https:\/\/anoticiaonline.com.br\/site\/wp-content\/uploads\/2018\/12\/Duas-chapas-disputam-a-Mesa-Diretora-da-C\u00e2mara-Municipal-de-Muria\u00e9-nesta-ter\u00e7a-feira.jpg\"><img fetchpriority=\"high\" decoding=\"async\" class=\"alignnone size-full wp-image-65747\" src=\"https:\/\/anoticiaonline.com.br\/site\/wp-content\/uploads\/2018\/12\/Duas-chapas-disputam-a-Mesa-Diretora-da-C\u00e2mara-Municipal-de-Muria\u00e9-nesta-ter\u00e7a-feira.jpg\" alt=\"\" width=\"1000\" height=\"667\" srcset=\"https:\/\/anoticiaonline.com.br\/site\/wp-content\/uploads\/2018\/12\/Duas-chapas-disputam-a-Mesa-Diretora-da-C\u00e2mara-Municipal-de-Muria\u00e9-nesta-ter\u00e7a-feira.jpg 1000w, https:\/\/anoticiaonline.com.br\/site\/wp-content\/uploads\/2018\/12\/Duas-chapas-disputam-a-Mesa-Diretora-da-C\u00e2mara-Municipal-de-Muria\u00e9-nesta-ter\u00e7a-feira-300x200.jpg 300w, https:\/\/anoticiaonline.com.br\/site\/wp-content\/uploads\/2018\/12\/Duas-chapas-disputam-a-Mesa-Diretora-da-C\u00e2mara-Municipal-de-Muria\u00e9-nesta-ter\u00e7a-feira-768x512.jpg 768w\" sizes=\"(max-width: 1000px) 100vw, 1000px\" \/><\/a>Duas chapas disputam a Mesa Diretora da C\u00e2mara Municipal de Muria\u00e9 para o ano de 2019. A elei\u00e7\u00e3o acontecer\u00e1 nesta ter\u00e7a-feira (11), a partir das 18h, no Plen\u00e1rio da Casa Legislativa.<\/p>\n<p><!--more--><\/p>\n<p>A Chapa 1 tem como candidato o vereador Davi Lacerda (DEM). A Chapa 2 tem como candidato o vereador Reginaldo Roriz (PSD).<\/p>\n<figure id=\"attachment_65748\" aria-describedby=\"caption-attachment-65748\" style=\"width: 494px\" class=\"wp-caption alignnone\"><a href=\"https:\/\/anoticiaonline.com.br\/site\/wp-content\/uploads\/2018\/12\/Duas-chapas-disputam-a-Mesa-Diretora-da-C\u00e2mara-Municipal-de-Muria\u00e9-nesta-ter\u00e7a-feira-2.jpg\"><img decoding=\"async\" class=\"size-full wp-image-65748\" src=\"https:\/\/anoticiaonline.com.br\/site\/wp-content\/uploads\/2018\/12\/Duas-chapas-disputam-a-Mesa-Diretora-da-C\u00e2mara-Municipal-de-Muria\u00e9-nesta-ter\u00e7a-feira-2.jpg\" alt=\"\" width=\"504\" height=\"750\" srcset=\"https:\/\/anoticiaonline.com.br\/site\/wp-content\/uploads\/2018\/12\/Duas-chapas-disputam-a-Mesa-Diretora-da-C\u00e2mara-Municipal-de-Muria\u00e9-nesta-ter\u00e7a-feira-2.jpg 504w, https:\/\/anoticiaonline.com.br\/site\/wp-content\/uploads\/2018\/12\/Duas-chapas-disputam-a-Mesa-Diretora-da-C\u00e2mara-Municipal-de-Muria\u00e9-nesta-ter\u00e7a-feira-2-202x300.jpg 202w\" sizes=\"(max-width: 504px) 100vw, 504px\" \/><\/a><figcaption id=\"caption-attachment-65748\" class=\"wp-caption-text\">Chapa 1 tem como candidato o vereador Davi Lacerda (DEM)<\/figcaption><\/figure>\n<figure id=\"attachment_65749\" aria-describedby=\"caption-attachment-65749\" style=\"width: 520px\" class=\"wp-caption alignnone\"><a href=\"https:\/\/anoticiaonline.com.br\/site\/wp-content\/uploads\/2018\/12\/Duas-chapas-disputam-a-Mesa-Diretora-da-C\u00e2mara-Municipal-de-Muria\u00e9-nesta-ter\u00e7a-feira-3.jpg\"><img decoding=\"async\" class=\"size-full wp-image-65749\" src=\"https:\/\/anoticiaonline.com.br\/site\/wp-content\/uploads\/2018\/12\/Duas-chapas-disputam-a-Mesa-Diretora-da-C\u00e2mara-Municipal-de-Muria\u00e9-nesta-ter\u00e7a-feira-3.jpg\" alt=\"\" width=\"530\" height=\"750\" srcset=\"https:\/\/anoticiaonline.com.br\/site\/wp-content\/uploads\/2018\/12\/Duas-chapas-disputam-a-Mesa-Diretora-da-C\u00e2mara-Municipal-de-Muria\u00e9-nesta-ter\u00e7a-feira-3.jpg 530w, https:\/\/anoticiaonline.com.br\/site\/wp-content\/uploads\/2018\/12\/Duas-chapas-disputam-a-Mesa-Diretora-da-C\u00e2mara-Municipal-de-Muria\u00e9-nesta-ter\u00e7a-feira-3-212x300.jpg 212w\" sizes=\"(max-width: 530px) 100vw, 530px\" \/><\/a><figcaption id=\"caption-attachment-65749\" class=\"wp-caption-text\">A Chapa 2 tem como candidato o vereador Reginaldo Roriz (PSD)<\/figcaption><\/figure>\n<p><strong>Demais componentes das chapas:<\/strong><\/p>\n<p><strong>Chapa 1<\/strong><\/p>\n<p>Presidente: Davi Lacerda<\/p>\n<p>1\u00ba Vice-presidente: Lelei<\/p>\n<p>2\u00ba Vice-presidente: Ademar Camerino<\/p>\n<p>1\u00ba Secret\u00e1rio: Carlos Delfim<\/p>\n<p>2\u00ba Secret\u00e1rio: Evandro Cheroso<\/p>\n<p><strong>Chapa 2<\/strong><\/p>\n<p>Presidente: Reginaldo Roriz<\/p>\n<p>1\u00ba Vice-presidente: J\u00falio Simbra<\/p>\n<p>2\u00ba Vice-presidente: Celsinho<\/p>\n<p>1\u00ba Secret\u00e1rio: Jair Abreu<\/p>\n<p>2\u00ba Secret\u00e1rio: Carlos Macuco<\/p>\n","protected":false},"excerpt":{"rendered":"<p>Duas chapas disputam a Mesa Diretora da C\u00e2mara Municipal de Muria\u00e9 para o ano de 2019. A elei\u00e7\u00e3o acontecer\u00e1 nesta ter\u00e7a-feira (11), a partir das 18h, no Plen\u00e1rio da Casa Legislativa.<\/p>\n","protected":false},"author":2,"featured_media":65747,"comment_status":"open","ping_status":"open","sticky":false,"template":"","format":"standard","meta":{"_acf_changed":false,"_monsterinsights_skip_tracking":false,"footnotes":""},"categories":[30,2893,1],"tags":[821,3533,74,820,62],"class_list":["post-65746","post","type-post","status-publish","format-standard","has-post-thumbnail","hentry","category-muriae","category-cotidiano","category-gerais","tag-camara","tag-davi-lacerda","tag-muriae","tag-reginaldo-roriz","tag-vereadores"],"acf":[],"aioseo_notices":[],"aioseo_head":"\n\t\t<!-- All in One SEO 5.0.0.1 - aioseo.com -->\n\t<meta name=\"description\" content=\"Duas chapas disputam a Mesa Diretora da C\u00e2mara Municipal de Muria\u00e9 para o ano de 2019. A elei\u00e7\u00e3o acontecer\u00e1 nesta ter\u00e7a-feira (11), a partir das 18h, no Plen\u00e1rio da Casa Legislativa. A Chapa 1 tem como candidato o vereador Davi Lacerda (DEM). A Chapa 2 tem como candidato o vereador Reginaldo Roriz (PSD). Demais componentes\" \/>\n\t<meta name=\"robots\" content=\"max-image-preview:large\" \/>\n\t<meta name=\"author\" content=\"Juliana Laviola\"\/>\n\t<link rel=\"canonical\" href=\"https:\/\/anoticiaonline.com.br\/site\/duas-chapas-disputam-a-mesa-diretora-da-camara-municipal-de-muriae-nesta-terca-feira\/\" \/>\n\t<meta name=\"generator\" content=\"All in One SEO (AIOSEO) 5.0.0.1\" \/>\n\t\t<meta property=\"og:locale\" content=\"pt_BR\" \/>\n\t\t<meta property=\"og:site_name\" content=\"A Not\u00edcia Online - Noticias de Muria\u00e9 e regi\u00e3o\" \/>\n\t\t<meta property=\"og:type\" content=\"article\" \/>\n\t\t<meta property=\"og:title\" content=\"Duas chapas disputam a Mesa Diretora da C\u00e2mara Municipal de Muria\u00e9 nesta ter\u00e7a-feira - A Not\u00edcia Online\" \/>\n\t\t<meta property=\"og:description\" content=\"Duas chapas disputam a Mesa Diretora da C\u00e2mara Municipal de Muria\u00e9 para o ano de 2019. A elei\u00e7\u00e3o acontecer\u00e1 nesta ter\u00e7a-feira (11), a partir das 18h, no Plen\u00e1rio da Casa Legislativa. A Chapa 1 tem como candidato o vereador Davi Lacerda (DEM). A Chapa 2 tem como candidato o vereador Reginaldo Roriz (PSD). Demais componentes\" \/>\n\t\t<meta property=\"og:url\" content=\"https:\/\/anoticiaonline.com.br\/site\/duas-chapas-disputam-a-mesa-diretora-da-camara-municipal-de-muriae-nesta-terca-feira\/\" \/>\n\t\t<meta property=\"og:image\" content=\"https:\/\/scontent-gig4-1.xx.fbcdn.net\/v\/t39.30808-1\/270437624_4564083193639691_6907940295614233970_n.jpg?stp=dst-jpg_s200x200_tt6&#038;_nc_cat=111&#038;ccb=1-7&#038;_nc_sid=f907e8&#038;_nc_ohc=SM1wRlP3lJwQ7kNvwEPuBYA&#038;_nc_oc=AdnqrjDN_BNjSSHWO-GbkIWH6fkGMLw4bqvL_NH6e2wMveX7G-rP2dAqsDSq1mJMOaY&#038;_nc_zt=24&#038;_nc_ht=scontent-gig4-1.xx&#038;_nc_gid=AoBFJeGrT1hVaew_6rchkQ&#038;oh=00_AfX7QmFGhQhG2jAllVgXCiM1ZrWgvtp80-Bfppyexh1QEg&#038;oe=689E923C\" \/>\n\t\t<meta property=\"og:image:secure_url\" content=\"https:\/\/scontent-gig4-1.xx.fbcdn.net\/v\/t39.30808-1\/270437624_4564083193639691_6907940295614233970_n.jpg?stp=dst-jpg_s200x200_tt6&#038;_nc_cat=111&#038;ccb=1-7&#038;_nc_sid=f907e8&#038;_nc_ohc=SM1wRlP3lJwQ7kNvwEPuBYA&#038;_nc_oc=AdnqrjDN_BNjSSHWO-GbkIWH6fkGMLw4bqvL_NH6e2wMveX7G-rP2dAqsDSq1mJMOaY&#038;_nc_zt=24&#038;_nc_ht=scontent-gig4-1.xx&#038;_nc_gid=AoBFJeGrT1hVaew_6rchkQ&#038;oh=00_AfX7QmFGhQhG2jAllVgXCiM1ZrWgvtp80-Bfppyexh1QEg&#038;oe=689E923C\" \/>\n\t\t<meta property=\"article:published_time\" content=\"2018-12-10T13:56:49+00:00\" \/>\n\t\t<meta property=\"article:modified_time\" content=\"2018-12-10T13:56:49+00:00\" \/>\n\t\t<meta name=\"twitter:card\" content=\"summary_large_image\" \/>\n\t\t<meta name=\"twitter:title\" content=\"Duas chapas disputam a Mesa Diretora da C\u00e2mara Municipal de Muria\u00e9 nesta ter\u00e7a-feira - A Not\u00edcia Online\" \/>\n\t\t<meta name=\"twitter:description\" content=\"Duas chapas disputam a Mesa Diretora da C\u00e2mara Municipal de Muria\u00e9 para o ano de 2019. A elei\u00e7\u00e3o acontecer\u00e1 nesta ter\u00e7a-feira (11), a partir das 18h, no Plen\u00e1rio da Casa Legislativa. A Chapa 1 tem como candidato o vereador Davi Lacerda (DEM). A Chapa 2 tem como candidato o vereador Reginaldo Roriz (PSD). Demais componentes\" \/>\n\t\t<meta name=\"twitter:image\" content=\"https:\/\/scontent-gig4-1.xx.fbcdn.net\/v\/t39.30808-1\/270437624_4564083193639691_6907940295614233970_n.jpg?stp=dst-jpg_s200x200_tt6&amp;_nc_cat=111&amp;ccb=1-7&amp;_nc_sid=f907e8&amp;_nc_ohc=SM1wRlP3lJwQ7kNvwEPuBYA&amp;_nc_oc=AdnqrjDN_BNjSSHWO-GbkIWH6fkGMLw4bqvL_NH6e2wMveX7G-rP2dAqsDSq1mJMOaY&amp;_nc_zt=24&amp;_nc_ht=scontent-gig4-1.xx&amp;_nc_gid=AoBFJeGrT1hVaew_6rchkQ&amp;oh=00_AfX7QmFGhQhG2jAllVgXCiM1ZrWgvtp80-Bfppyexh1QEg&amp;oe=689E923C\" \/>\n\t\t<script type=\"application\/ld+json\" class=\"aioseo-schema\">\n\t\t\t{\"@context\":\"https:\\\/\\\/schema.org\",\"@graph\":[{\"@type\":\"BlogPosting\",\"@id\":\"https:\\\/\\\/anoticiaonline.com.br\\\/site\\\/duas-chapas-disputam-a-mesa-diretora-da-camara-municipal-de-muriae-nesta-terca-feira\\\/#blogposting\",\"name\":\"Duas chapas disputam a Mesa Diretora da C\\u00e2mara Municipal de Muria\\u00e9 nesta ter\\u00e7a-feira - A Not\\u00edcia Online\",\"headline\":\"Duas chapas disputam a Mesa Diretora da C\\u00e2mara Municipal de Muria\\u00e9 nesta ter\\u00e7a-feira\",\"author\":{\"@id\":\"https:\\\/\\\/anoticiaonline.com.br\\\/site\\\/author\\\/juliana\\\/#author\"},\"publisher\":{\"@id\":\"https:\\\/\\\/anoticiaonline.com.br\\\/site\\\/#organization\"},\"image\":{\"@type\":\"ImageObject\",\"url\":\"https:\\\/\\\/anoticiaonline.com.br\\\/site\\\/wp-content\\\/uploads\\\/2018\\\/12\\\/Duas-chapas-disputam-a-Mesa-Diretora-da-C\\u00e2mara-Municipal-de-Muria\\u00e9-nesta-ter\\u00e7a-feira.jpg\",\"width\":1000,\"height\":667},\"datePublished\":\"2018-12-10T10:56:49-03:00\",\"dateModified\":\"2018-12-10T10:56:49-03:00\",\"inLanguage\":\"pt-BR\",\"mainEntityOfPage\":{\"@id\":\"https:\\\/\\\/anoticiaonline.com.br\\\/site\\\/duas-chapas-disputam-a-mesa-diretora-da-camara-municipal-de-muriae-nesta-terca-feira\\\/#webpage\"},\"isPartOf\":{\"@id\":\"https:\\\/\\\/anoticiaonline.com.br\\\/site\\\/duas-chapas-disputam-a-mesa-diretora-da-camara-municipal-de-muriae-nesta-terca-feira\\\/#webpage\"},\"articleSection\":\"Blog, Cotidiano, Gerais, C\\u00e2mara, davi lacerda, Muria\\u00e9, Reginaldo Roriz, vereadores\"},{\"@type\":\"BreadcrumbList\",\"@id\":\"https:\\\/\\\/anoticiaonline.com.br\\\/site\\\/duas-chapas-disputam-a-mesa-diretora-da-camara-municipal-de-muriae-nesta-terca-feira\\\/#breadcrumblist\",\"itemListElement\":[{\"@type\":\"ListItem\",\"@id\":\"https:\\\/\\\/anoticiaonline.com.br\\\/site#listItem\",\"position\":1,\"name\":\"Home\",\"item\":\"https:\\\/\\\/anoticiaonline.com.br\\\/site\",\"nextItem\":{\"@type\":\"ListItem\",\"@id\":\"https:\\\/\\\/anoticiaonline.com.br\\\/site\\\/categoria\\\/muriae\\\/#listItem\",\"name\":\"Blog\"}},{\"@type\":\"ListItem\",\"@id\":\"https:\\\/\\\/anoticiaonline.com.br\\\/site\\\/categoria\\\/muriae\\\/#listItem\",\"position\":2,\"name\":\"Blog\",\"item\":\"https:\\\/\\\/anoticiaonline.com.br\\\/site\\\/categoria\\\/muriae\\\/\",\"nextItem\":{\"@type\":\"ListItem\",\"@id\":\"https:\\\/\\\/anoticiaonline.com.br\\\/site\\\/categoria\\\/muriae\\\/cotidiano\\\/#listItem\",\"name\":\"Cotidiano\"},\"previousItem\":{\"@type\":\"ListItem\",\"@id\":\"https:\\\/\\\/anoticiaonline.com.br\\\/site#listItem\",\"name\":\"Home\"}},{\"@type\":\"ListItem\",\"@id\":\"https:\\\/\\\/anoticiaonline.com.br\\\/site\\\/categoria\\\/muriae\\\/cotidiano\\\/#listItem\",\"position\":3,\"name\":\"Cotidiano\",\"item\":\"https:\\\/\\\/anoticiaonline.com.br\\\/site\\\/categoria\\\/muriae\\\/cotidiano\\\/\",\"nextItem\":{\"@type\":\"ListItem\",\"@id\":\"https:\\\/\\\/anoticiaonline.com.br\\\/site\\\/duas-chapas-disputam-a-mesa-diretora-da-camara-municipal-de-muriae-nesta-terca-feira\\\/#listItem\",\"name\":\"Duas chapas disputam a Mesa Diretora da C\\u00e2mara Municipal de Muria\\u00e9 nesta ter\\u00e7a-feira\"},\"previousItem\":{\"@type\":\"ListItem\",\"@id\":\"https:\\\/\\\/anoticiaonline.com.br\\\/site\\\/categoria\\\/muriae\\\/#listItem\",\"name\":\"Blog\"}},{\"@type\":\"ListItem\",\"@id\":\"https:\\\/\\\/anoticiaonline.com.br\\\/site\\\/duas-chapas-disputam-a-mesa-diretora-da-camara-municipal-de-muriae-nesta-terca-feira\\\/#listItem\",\"position\":4,\"name\":\"Duas chapas disputam a Mesa Diretora da C\\u00e2mara Municipal de Muria\\u00e9 nesta ter\\u00e7a-feira\",\"previousItem\":{\"@type\":\"ListItem\",\"@id\":\"https:\\\/\\\/anoticiaonline.com.br\\\/site\\\/categoria\\\/muriae\\\/cotidiano\\\/#listItem\",\"name\":\"Cotidiano\"}}]},{\"@type\":\"Organization\",\"@id\":\"https:\\\/\\\/anoticiaonline.com.br\\\/site\\\/#organization\",\"name\":\"A Not\\u00edcia Online\",\"description\":\"Noticias de Muria\\u00e9 e regi\\u00e3o\",\"url\":\"https:\\\/\\\/anoticiaonline.com.br\\\/site\\\/\",\"logo\":{\"@type\":\"ImageObject\",\"url\":\"https:\\\/\\\/scontent-gig4-1.xx.fbcdn.net\\\/v\\\/t39.30808-1\\\/270437624_4564083193639691_6907940295614233970_n.jpg?stp=dst-jpg_s200x200_tt6&_nc_cat=111&ccb=1-7&_nc_sid=f907e8&_nc_ohc=SM1wRlP3lJwQ7kNvwEPuBYA&_nc_oc=AdnqrjDN_BNjSSHWO-GbkIWH6fkGMLw4bqvL_NH6e2wMveX7G-rP2dAqsDSq1mJMOaY&_nc_zt=24&_nc_ht=scontent-gig4-1.xx&_nc_gid=AoBFJeGrT1hVaew_6rchkQ&oh=00_AfX7QmFGhQhG2jAllVgXCiM1ZrWgvtp80-Bfppyexh1QEg&oe=689E923C\",\"@id\":\"https:\\\/\\\/anoticiaonline.com.br\\\/site\\\/duas-chapas-disputam-a-mesa-diretora-da-camara-municipal-de-muriae-nesta-terca-feira\\\/#organizationLogo\"},\"image\":{\"@id\":\"https:\\\/\\\/anoticiaonline.com.br\\\/site\\\/duas-chapas-disputam-a-mesa-diretora-da-camara-municipal-de-muriae-nesta-terca-feira\\\/#organizationLogo\"}},{\"@type\":\"Person\",\"@id\":\"https:\\\/\\\/anoticiaonline.com.br\\\/site\\\/author\\\/juliana\\\/#author\",\"url\":\"https:\\\/\\\/anoticiaonline.com.br\\\/site\\\/author\\\/juliana\\\/\",\"name\":\"Juliana Laviola\",\"image\":{\"@type\":\"ImageObject\",\"@id\":\"https:\\\/\\\/anoticiaonline.com.br\\\/site\\\/duas-chapas-disputam-a-mesa-diretora-da-camara-municipal-de-muriae-nesta-terca-feira\\\/#authorImage\",\"url\":\"https:\\\/\\\/secure.gravatar.com\\\/avatar\\\/b8d45f5c699b100dfaf0e543582f38f38bf94cb7ae3a5e9abf8d891a34773335?s=96&d=mm&r=g\",\"width\":96,\"height\":96,\"caption\":\"Juliana Laviola\"}},{\"@type\":\"WebPage\",\"@id\":\"https:\\\/\\\/anoticiaonline.com.br\\\/site\\\/duas-chapas-disputam-a-mesa-diretora-da-camara-municipal-de-muriae-nesta-terca-feira\\\/#webpage\",\"url\":\"https:\\\/\\\/anoticiaonline.com.br\\\/site\\\/duas-chapas-disputam-a-mesa-diretora-da-camara-municipal-de-muriae-nesta-terca-feira\\\/\",\"name\":\"Duas chapas disputam a Mesa Diretora da C\\u00e2mara Municipal de Muria\\u00e9 nesta ter\\u00e7a-feira - A Not\\u00edcia Online\",\"description\":\"Duas chapas disputam a Mesa Diretora da C\\u00e2mara Municipal de Muria\\u00e9 para o ano de 2019. A elei\\u00e7\\u00e3o acontecer\\u00e1 nesta ter\\u00e7a-feira (11), a partir das 18h, no Plen\\u00e1rio da Casa Legislativa. A Chapa 1 tem como candidato o vereador Davi Lacerda (DEM). A Chapa 2 tem como candidato o vereador Reginaldo Roriz (PSD). Demais componentes\",\"inLanguage\":\"pt-BR\",\"isPartOf\":{\"@id\":\"https:\\\/\\\/anoticiaonline.com.br\\\/site\\\/#website\"},\"breadcrumb\":{\"@id\":\"https:\\\/\\\/anoticiaonline.com.br\\\/site\\\/duas-chapas-disputam-a-mesa-diretora-da-camara-municipal-de-muriae-nesta-terca-feira\\\/#breadcrumblist\"},\"author\":{\"@id\":\"https:\\\/\\\/anoticiaonline.com.br\\\/site\\\/author\\\/juliana\\\/#author\"},\"creator\":{\"@id\":\"https:\\\/\\\/anoticiaonline.com.br\\\/site\\\/author\\\/juliana\\\/#author\"},\"image\":{\"@type\":\"ImageObject\",\"url\":\"https:\\\/\\\/anoticiaonline.com.br\\\/site\\\/wp-content\\\/uploads\\\/2018\\\/12\\\/Duas-chapas-disputam-a-Mesa-Diretora-da-C\\u00e2mara-Municipal-de-Muria\\u00e9-nesta-ter\\u00e7a-feira.jpg\",\"@id\":\"https:\\\/\\\/anoticiaonline.com.br\\\/site\\\/duas-chapas-disputam-a-mesa-diretora-da-camara-municipal-de-muriae-nesta-terca-feira\\\/#mainImage\",\"width\":1000,\"height\":667},\"primaryImageOfPage\":{\"@id\":\"https:\\\/\\\/anoticiaonline.com.br\\\/site\\\/duas-chapas-disputam-a-mesa-diretora-da-camara-municipal-de-muriae-nesta-terca-feira\\\/#mainImage\"},\"datePublished\":\"2018-12-10T10:56:49-03:00\",\"dateModified\":\"2018-12-10T10:56:49-03:00\"},{\"@type\":\"WebSite\",\"@id\":\"https:\\\/\\\/anoticiaonline.com.br\\\/site\\\/#website\",\"url\":\"https:\\\/\\\/anoticiaonline.com.br\\\/site\\\/\",\"name\":\"A Not\\u00edcia Online\",\"description\":\"Noticias de Muria\\u00e9 e regi\\u00e3o\",\"inLanguage\":\"pt-BR\",\"publisher\":{\"@id\":\"https:\\\/\\\/anoticiaonline.com.br\\\/site\\\/#organization\"}}]}\n\t\t<\/script>\n\t\t<!-- All in One SEO -->\n\n","aioseo_head_json":{"title":"Duas chapas disputam a Mesa Diretora da C\u00e2mara Municipal de Muria\u00e9 nesta ter\u00e7a-feira - A Not\u00edcia Online","description":"Duas chapas disputam a Mesa Diretora da C\u00e2mara Municipal de Muria\u00e9 para o ano de 2019. A elei\u00e7\u00e3o acontecer\u00e1 nesta ter\u00e7a-feira (11), a partir das 18h, no Plen\u00e1rio da Casa Legislativa. A Chapa 1 tem como candidato o vereador Davi Lacerda (DEM). A Chapa 2 tem como candidato o vereador Reginaldo Roriz (PSD). Demais componentes","canonical_url":"https:\/\/anoticiaonline.com.br\/site\/duas-chapas-disputam-a-mesa-diretora-da-camara-municipal-de-muriae-nesta-terca-feira\/","robots":"max-image-preview:large","keywords":"","webmasterTools":{"miscellaneous":""},"schema":{"@context":"https:\/\/schema.org","@graph":[{"@type":"BlogPosting","@id":"https:\/\/anoticiaonline.com.br\/site\/duas-chapas-disputam-a-mesa-diretora-da-camara-municipal-de-muriae-nesta-terca-feira\/#blogposting","name":"Duas chapas disputam a Mesa Diretora da C\u00e2mara Municipal de Muria\u00e9 nesta ter\u00e7a-feira - A Not\u00edcia Online","headline":"Duas chapas disputam a Mesa Diretora da C\u00e2mara Municipal de Muria\u00e9 nesta ter\u00e7a-feira","author":{"@id":"https:\/\/anoticiaonline.com.br\/site\/author\/juliana\/#author"},"publisher":{"@id":"https:\/\/anoticiaonline.com.br\/site\/#organization"},"image":{"@type":"ImageObject","url":"https:\/\/anoticiaonline.com.br\/site\/wp-content\/uploads\/2018\/12\/Duas-chapas-disputam-a-Mesa-Diretora-da-C\u00e2mara-Municipal-de-Muria\u00e9-nesta-ter\u00e7a-feira.jpg","width":1000,"height":667},"datePublished":"2018-12-10T10:56:49-03:00","dateModified":"2018-12-10T10:56:49-03:00","inLanguage":"pt-BR","mainEntityOfPage":{"@id":"https:\/\/anoticiaonline.com.br\/site\/duas-chapas-disputam-a-mesa-diretora-da-camara-municipal-de-muriae-nesta-terca-feira\/#webpage"},"isPartOf":{"@id":"https:\/\/anoticiaonline.com.br\/site\/duas-chapas-disputam-a-mesa-diretora-da-camara-municipal-de-muriae-nesta-terca-feira\/#webpage"},"articleSection":"Blog, Cotidiano, Gerais, C\u00e2mara, davi lacerda, Muria\u00e9, Reginaldo Roriz, vereadores"},{"@type":"BreadcrumbList","@id":"https:\/\/anoticiaonline.com.br\/site\/duas-chapas-disputam-a-mesa-diretora-da-camara-municipal-de-muriae-nesta-terca-feira\/#breadcrumblist","itemListElement":[{"@type":"ListItem","@id":"https:\/\/anoticiaonline.com.br\/site#listItem","position":1,"name":"Home","item":"https:\/\/anoticiaonline.com.br\/site","nextItem":{"@type":"ListItem","@id":"https:\/\/anoticiaonline.com.br\/site\/categoria\/muriae\/#listItem","name":"Blog"}},{"@type":"ListItem","@id":"https:\/\/anoticiaonline.com.br\/site\/categoria\/muriae\/#listItem","position":2,"name":"Blog","item":"https:\/\/anoticiaonline.com.br\/site\/categoria\/muriae\/","nextItem":{"@type":"ListItem","@id":"https:\/\/anoticiaonline.com.br\/site\/categoria\/muriae\/cotidiano\/#listItem","name":"Cotidiano"},"previousItem":{"@type":"ListItem","@id":"https:\/\/anoticiaonline.com.br\/site#listItem","name":"Home"}},{"@type":"ListItem","@id":"https:\/\/anoticiaonline.com.br\/site\/categoria\/muriae\/cotidiano\/#listItem","position":3,"name":"Cotidiano","item":"https:\/\/anoticiaonline.com.br\/site\/categoria\/muriae\/cotidiano\/","nextItem":{"@type":"ListItem","@id":"https:\/\/anoticiaonline.com.br\/site\/duas-chapas-disputam-a-mesa-diretora-da-camara-municipal-de-muriae-nesta-terca-feira\/#listItem","name":"Duas chapas disputam a Mesa Diretora da C\u00e2mara Municipal de Muria\u00e9 nesta ter\u00e7a-feira"},"previousItem":{"@type":"ListItem","@id":"https:\/\/anoticiaonline.com.br\/site\/categoria\/muriae\/#listItem","name":"Blog"}},{"@type":"ListItem","@id":"https:\/\/anoticiaonline.com.br\/site\/duas-chapas-disputam-a-mesa-diretora-da-camara-municipal-de-muriae-nesta-terca-feira\/#listItem","position":4,"name":"Duas chapas disputam a Mesa Diretora da C\u00e2mara Municipal de Muria\u00e9 nesta ter\u00e7a-feira","previousItem":{"@type":"ListItem","@id":"https:\/\/anoticiaonline.com.br\/site\/categoria\/muriae\/cotidiano\/#listItem","name":"Cotidiano"}}]},{"@type":"Organization","@id":"https:\/\/anoticiaonline.com.br\/site\/#organization","name":"A Not\u00edcia Online","description":"Noticias de Muria\u00e9 e regi\u00e3o","url":"https:\/\/anoticiaonline.com.br\/site\/","logo":{"@type":"ImageObject","url":"https:\/\/scontent-gig4-1.xx.fbcdn.net\/v\/t39.30808-1\/270437624_4564083193639691_6907940295614233970_n.jpg?stp=dst-jpg_s200x200_tt6&_nc_cat=111&ccb=1-7&_nc_sid=f907e8&_nc_ohc=SM1wRlP3lJwQ7kNvwEPuBYA&_nc_oc=AdnqrjDN_BNjSSHWO-GbkIWH6fkGMLw4bqvL_NH6e2wMveX7G-rP2dAqsDSq1mJMOaY&_nc_zt=24&_nc_ht=scontent-gig4-1.xx&_nc_gid=AoBFJeGrT1hVaew_6rchkQ&oh=00_AfX7QmFGhQhG2jAllVgXCiM1ZrWgvtp80-Bfppyexh1QEg&oe=689E923C","@id":"https:\/\/anoticiaonline.com.br\/site\/duas-chapas-disputam-a-mesa-diretora-da-camara-municipal-de-muriae-nesta-terca-feira\/#organizationLogo"},"image":{"@id":"https:\/\/anoticiaonline.com.br\/site\/duas-chapas-disputam-a-mesa-diretora-da-camara-municipal-de-muriae-nesta-terca-feira\/#organizationLogo"}},{"@type":"Person","@id":"https:\/\/anoticiaonline.com.br\/site\/author\/juliana\/#author","url":"https:\/\/anoticiaonline.com.br\/site\/author\/juliana\/","name":"Juliana Laviola","image":{"@type":"ImageObject","@id":"https:\/\/anoticiaonline.com.br\/site\/duas-chapas-disputam-a-mesa-diretora-da-camara-municipal-de-muriae-nesta-terca-feira\/#authorImage","url":"https:\/\/secure.gravatar.com\/avatar\/b8d45f5c699b100dfaf0e543582f38f38bf94cb7ae3a5e9abf8d891a34773335?s=96&d=mm&r=g","width":96,"height":96,"caption":"Juliana Laviola"}},{"@type":"WebPage","@id":"https:\/\/anoticiaonline.com.br\/site\/duas-chapas-disputam-a-mesa-diretora-da-camara-municipal-de-muriae-nesta-terca-feira\/#webpage","url":"https:\/\/anoticiaonline.com.br\/site\/duas-chapas-disputam-a-mesa-diretora-da-camara-municipal-de-muriae-nesta-terca-feira\/","name":"Duas chapas disputam a Mesa Diretora da C\u00e2mara Municipal de Muria\u00e9 nesta ter\u00e7a-feira - A Not\u00edcia Online","description":"Duas chapas disputam a Mesa Diretora da C\u00e2mara Municipal de Muria\u00e9 para o ano de 2019. A elei\u00e7\u00e3o acontecer\u00e1 nesta ter\u00e7a-feira (11), a partir das 18h, no Plen\u00e1rio da Casa Legislativa. A Chapa 1 tem como candidato o vereador Davi Lacerda (DEM). A Chapa 2 tem como candidato o vereador Reginaldo Roriz (PSD). Demais componentes","inLanguage":"pt-BR","isPartOf":{"@id":"https:\/\/anoticiaonline.com.br\/site\/#website"},"breadcrumb":{"@id":"https:\/\/anoticiaonline.com.br\/site\/duas-chapas-disputam-a-mesa-diretora-da-camara-municipal-de-muriae-nesta-terca-feira\/#breadcrumblist"},"author":{"@id":"https:\/\/anoticiaonline.com.br\/site\/author\/juliana\/#author"},"creator":{"@id":"https:\/\/anoticiaonline.com.br\/site\/author\/juliana\/#author"},"image":{"@type":"ImageObject","url":"https:\/\/anoticiaonline.com.br\/site\/wp-content\/uploads\/2018\/12\/Duas-chapas-disputam-a-Mesa-Diretora-da-C\u00e2mara-Municipal-de-Muria\u00e9-nesta-ter\u00e7a-feira.jpg","@id":"https:\/\/anoticiaonline.com.br\/site\/duas-chapas-disputam-a-mesa-diretora-da-camara-municipal-de-muriae-nesta-terca-feira\/#mainImage","width":1000,"height":667},"primaryImageOfPage":{"@id":"https:\/\/anoticiaonline.com.br\/site\/duas-chapas-disputam-a-mesa-diretora-da-camara-municipal-de-muriae-nesta-terca-feira\/#mainImage"},"datePublished":"2018-12-10T10:56:49-03:00","dateModified":"2018-12-10T10:56:49-03:00"},{"@type":"WebSite","@id":"https:\/\/anoticiaonline.com.br\/site\/#website","url":"https:\/\/anoticiaonline.com.br\/site\/","name":"A Not\u00edcia Online","description":"Noticias de Muria\u00e9 e regi\u00e3o","inLanguage":"pt-BR","publisher":{"@id":"https:\/\/anoticiaonline.com.br\/site\/#organization"}}]},"og:locale":"pt_BR","og:site_name":"A Not\u00edcia Online - Noticias de Muria\u00e9 e regi\u00e3o","og:type":"article","og:title":"Duas chapas disputam a Mesa Diretora da C\u00e2mara Municipal de Muria\u00e9 nesta ter\u00e7a-feira - A Not\u00edcia Online","og:description":"Duas chapas disputam a Mesa Diretora da C\u00e2mara Municipal de Muria\u00e9 para o ano de 2019. A elei\u00e7\u00e3o acontecer\u00e1 nesta ter\u00e7a-feira (11), a partir das 18h, no Plen\u00e1rio da Casa Legislativa. A Chapa 1 tem como candidato o vereador Davi Lacerda (DEM). A Chapa 2 tem como candidato o vereador Reginaldo Roriz (PSD). Demais componentes","og:url":"https:\/\/anoticiaonline.com.br\/site\/duas-chapas-disputam-a-mesa-diretora-da-camara-municipal-de-muriae-nesta-terca-feira\/","og:image":"https:\/\/scontent-gig4-1.xx.fbcdn.net\/v\/t39.30808-1\/270437624_4564083193639691_6907940295614233970_n.jpg?stp=dst-jpg_s200x200_tt6&#038;_nc_cat=111&#038;ccb=1-7&#038;_nc_sid=f907e8&#038;_nc_ohc=SM1wRlP3lJwQ7kNvwEPuBYA&#038;_nc_oc=AdnqrjDN_BNjSSHWO-GbkIWH6fkGMLw4bqvL_NH6e2wMveX7G-rP2dAqsDSq1mJMOaY&#038;_nc_zt=24&#038;_nc_ht=scontent-gig4-1.xx&#038;_nc_gid=AoBFJeGrT1hVaew_6rchkQ&#038;oh=00_AfX7QmFGhQhG2jAllVgXCiM1ZrWgvtp80-Bfppyexh1QEg&#038;oe=689E923C","og:image:secure_url":"https:\/\/scontent-gig4-1.xx.fbcdn.net\/v\/t39.30808-1\/270437624_4564083193639691_6907940295614233970_n.jpg?stp=dst-jpg_s200x200_tt6&#038;_nc_cat=111&#038;ccb=1-7&#038;_nc_sid=f907e8&#038;_nc_ohc=SM1wRlP3lJwQ7kNvwEPuBYA&#038;_nc_oc=AdnqrjDN_BNjSSHWO-GbkIWH6fkGMLw4bqvL_NH6e2wMveX7G-rP2dAqsDSq1mJMOaY&#038;_nc_zt=24&#038;_nc_ht=scontent-gig4-1.xx&#038;_nc_gid=AoBFJeGrT1hVaew_6rchkQ&#038;oh=00_AfX7QmFGhQhG2jAllVgXCiM1ZrWgvtp80-Bfppyexh1QEg&#038;oe=689E923C","article:published_time":"2018-12-10T13:56:49+00:00","article:modified_time":"2018-12-10T13:56:49+00:00","twitter:card":"summary_large_image","twitter:title":"Duas chapas disputam a Mesa Diretora da C\u00e2mara Municipal de Muria\u00e9 nesta ter\u00e7a-feira - A Not\u00edcia Online","twitter:description":"Duas chapas disputam a Mesa Diretora da C\u00e2mara Municipal de Muria\u00e9 para o ano de 2019. A elei\u00e7\u00e3o acontecer\u00e1 nesta ter\u00e7a-feira (11), a partir das 18h, no Plen\u00e1rio da Casa Legislativa. A Chapa 1 tem como candidato o vereador Davi Lacerda (DEM). A Chapa 2 tem como candidato o vereador Reginaldo Roriz (PSD). Demais componentes","twitter:image":"https:\/\/scontent-gig4-1.xx.fbcdn.net\/v\/t39.30808-1\/270437624_4564083193639691_6907940295614233970_n.jpg?stp=dst-jpg_s200x200_tt6&_nc_cat=111&ccb=1-7&_nc_sid=f907e8&_nc_ohc=SM1wRlP3lJwQ7kNvwEPuBYA&_nc_oc=AdnqrjDN_BNjSSHWO-GbkIWH6fkGMLw4bqvL_NH6e2wMveX7G-rP2dAqsDSq1mJMOaY&_nc_zt=24&_nc_ht=scontent-gig4-1.xx&_nc_gid=AoBFJeGrT1hVaew_6rchkQ&oh=00_AfX7QmFGhQhG2jAllVgXCiM1ZrWgvtp80-Bfppyexh1QEg&oe=689E923C"},"aioseo_meta_data":{"post_id":"65746","title":null,"description":null,"keywords":null,"keyphrases":null,"primary_term":null,"canonical_url":null,"og_title":null,"og_description":null,"og_object_type":"default","og_image_type":"default","og_image_url":null,"og_image_width":null,"og_image_height":null,"og_image_custom_url":null,"og_image_custom_fields":null,"og_video":null,"og_custom_url":null,"og_article_section":null,"og_article_tags":null,"twitter_use_og":false,"twitter_card":"default","twitter_image_type":"default","twitter_image_url":null,"twitter_image_custom_url":null,"twitter_image_custom_fields":null,"twitter_title":null,"twitter_description":null,"schema":{"blockGraphs":[],"customGraphs":[],"default":{"data":{"Article":[],"Course":[],"Dataset":[],"FAQPage":[],"Movie":[],"Person":[],"Product":[],"ProductReview":[],"Car":[],"Recipe":[],"Service":[],"SoftwareApplication":[],"WebPage":[]},"graphName":"","isEnabled":true},"graphs":[]},"schema_type":"default","schema_type_options":null,"pillar_content":false,"robots_default":true,"robots_noindex":false,"robots_noarchive":false,"robots_nosnippet":false,"robots_nofollow":false,"robots_noimageindex":false,"robots_noodp":false,"robots_notranslate":false,"robots_max_snippet":null,"robots_max_videopreview":null,"robots_max_imagepreview":"large","priority":null,"frequency":null,"local_seo":null,"breadcrumb_settings":null,"limit_modified_date":false,"ai":null,"created":"2025-08-16 22:26:05","updated":"2025-08-16 22:26:05","focus_keyword":null,"additional_keywords":null,"truseo_locale":null,"seo_analyzer_scan_date":null},"aioseo_breadcrumb":"<div class=\"aioseo-breadcrumbs\"><span class=\"aioseo-breadcrumb\">\n\t\t\t<a href=\"https:\/\/anoticiaonline.com.br\/site\" title=\"Home\">Home<\/a>\n\t\t<\/span><span class=\"aioseo-breadcrumb-separator\">&raquo;<\/span><span class=\"aioseo-breadcrumb\">\n\t\t\t<a href=\"https:\/\/anoticiaonline.com.br\/site\/categoria\/muriae\/\" title=\"Blog\">Blog<\/a>\n\t\t<\/span><span class=\"aioseo-breadcrumb-separator\">&raquo;<\/span><span class=\"aioseo-breadcrumb\">\n\t\t\t<a href=\"https:\/\/anoticiaonline.com.br\/site\/categoria\/muriae\/cotidiano\/\" title=\"Cotidiano\">Cotidiano<\/a>\n\t\t<\/span><span class=\"aioseo-breadcrumb-separator\">&raquo;<\/span><span class=\"aioseo-breadcrumb\">\n\t\t\tDuas chapas disputam a Mesa Diretora da C\u00e2mara Municipal de Muria\u00e9 nesta ter\u00e7a-feira\n\t\t<\/span><\/div>","aioseo_breadcrumb_json":[{"label":"Home","link":"https:\/\/anoticiaonline.com.br\/site"},{"label":"Blog","link":"https:\/\/anoticiaonline.com.br\/site\/categoria\/muriae\/"},{"label":"Cotidiano","link":"https:\/\/anoticiaonline.com.br\/site\/categoria\/muriae\/cotidiano\/"},{"label":"Duas chapas disputam a Mesa Diretora da C\u00e2mara Municipal de Muria\u00e9 nesta ter\u00e7a-feira","link":"https:\/\/anoticiaonline.com.br\/site\/duas-chapas-disputam-a-mesa-diretora-da-camara-municipal-de-muriae-nesta-terca-feira\/"}],"views":177,"_links":{"self":[{"href":"https:\/\/anoticiaonline.com.br\/site\/wp-json\/wp\/v2\/posts\/65746","targetHints":{"allow":["GET"]}}],"collection":[{"href":"https:\/\/anoticiaonline.com.br\/site\/wp-json\/wp\/v2\/posts"}],"about":[{"href":"https:\/\/anoticiaonline.com.br\/site\/wp-json\/wp\/v2\/types\/post"}],"author":[{"embeddable":true,"href":"https:\/\/anoticiaonline.com.br\/site\/wp-json\/wp\/v2\/users\/2"}],"replies":[{"embeddable":true,"href":"https:\/\/anoticiaonline.com.br\/site\/wp-json\/wp\/v2\/comments?post=65746"}],"version-history":[{"count":0,"href":"https:\/\/anoticiaonline.com.br\/site\/wp-json\/wp\/v2\/posts\/65746\/revisions"}],"wp:featuredmedia":[{"embeddable":true,"href":"https:\/\/anoticiaonline.com.br\/site\/wp-json\/wp\/v2\/media\/65747"}],"wp:attachment":[{"href":"https:\/\/anoticiaonline.com.br\/site\/wp-json\/wp\/v2\/media?parent=65746"}],"wp:term":[{"taxonomy":"category","embeddable":true,"href":"https:\/\/anoticiaonline.com.br\/site\/wp-json\/wp\/v2\/categories?post=65746"},{"taxonomy":"post_tag","embeddable":true,"href":"https:\/\/anoticiaonline.com.br\/site\/wp-json\/wp\/v2\/tags?post=65746"}],"curies":[{"name":"wp","href":"https:\/\/api.w.org\/{rel}","templated":true}]}}