{"id":65705,"date":"2018-12-06T18:53:00","date_gmt":"2018-12-06T21:53:00","guid":{"rendered":"http:\/\/anoticiaonline.com.br\/site\/?p=65705"},"modified":"2018-12-06T18:53:00","modified_gmt":"2018-12-06T21:53:00","slug":"coral-de-criancas-da-aabb-comunidade-se-apresenta-no-centro-de-muriae","status":"publish","type":"post","link":"https:\/\/anoticiaonline.com.br\/site\/coral-de-criancas-da-aabb-comunidade-se-apresenta-no-centro-de-muriae\/","title":{"rendered":"Coral de crian\u00e7as da AABB Comunidade se apresenta no Centro de Muria\u00e9"},"content":{"rendered":"<p><a href=\"https:\/\/anoticiaonline.com.br\/site\/wp-content\/uploads\/2018\/12\/DSC_0959-1.jpg\"><img fetchpriority=\"high\" decoding=\"async\" class=\"alignnone size-full wp-image-65706\" src=\"https:\/\/anoticiaonline.com.br\/site\/wp-content\/uploads\/2018\/12\/DSC_0959-1.jpg\" alt=\"\" width=\"1000\" height=\"665\" srcset=\"https:\/\/anoticiaonline.com.br\/site\/wp-content\/uploads\/2018\/12\/DSC_0959-1.jpg 1000w, https:\/\/anoticiaonline.com.br\/site\/wp-content\/uploads\/2018\/12\/DSC_0959-1-300x200.jpg 300w, https:\/\/anoticiaonline.com.br\/site\/wp-content\/uploads\/2018\/12\/DSC_0959-1-768x511.jpg 768w\" sizes=\"(max-width: 1000px) 100vw, 1000px\" \/><\/a><\/p>\n<p>Crian\u00e7as que fazem parte do Programa AABB Comunidade realizaram uma apresenta\u00e7\u00e3o de Natal na manh\u00e3 de quarta-feira (5), em frente ao Banco do Brasil, no Centro de Muria\u00e9. Na ocasi\u00e3o, as crian\u00e7as do Servi\u00e7o de Conviv\u00eancia e Fortalecimento de V\u00ednculos (Prefeitura)\/Programa Integra\u00e7\u00e3o AABB Comunidade formaram um coral e apresentaram ao p\u00fablico can\u00e7\u00f5es natalinas, com o acompanhamento da percuss\u00e3o do Grupo For\u00e7a da Ra\u00e7a.<\/p>\n<p><!--more--><\/p>\n<p>Segundo Rita de C\u00e1ssia, presidente da AABB Muria\u00e9, o objetivo da apresenta\u00e7\u00e3o foi levar alegria \u00e0 popula\u00e7\u00e3o muriaeense e divulgar a import\u00e2ncia do Programa AABB Comunidade na vida de centenas de crian\u00e7as carentes.<\/p>\n<p>\u201c\u00c9 um lindo trabalho que atende 120 crian\u00e7as por ano disponibilizando uniformes, material did\u00e1tico, de higiene pessoal, alimenta\u00e7\u00e3o, refor\u00e7o escolar e incentivando a pr\u00e1tica esportiva. O programa existe h\u00e1 20 anos e conta com a parceria da Funda\u00e7\u00e3o Banco do Brasil, AABB e Prefeitura de Muria\u00e9\u201d.<\/p>\n<p><a href=\"https:\/\/anoticiaonline.com.br\/site\/wp-content\/uploads\/2018\/12\/DSC_0948-1.jpg\"><img decoding=\"async\" class=\"alignnone size-full wp-image-65707\" src=\"https:\/\/anoticiaonline.com.br\/site\/wp-content\/uploads\/2018\/12\/DSC_0948-1.jpg\" alt=\"\" width=\"1000\" height=\"665\" srcset=\"https:\/\/anoticiaonline.com.br\/site\/wp-content\/uploads\/2018\/12\/DSC_0948-1.jpg 1000w, https:\/\/anoticiaonline.com.br\/site\/wp-content\/uploads\/2018\/12\/DSC_0948-1-300x200.jpg 300w, https:\/\/anoticiaonline.com.br\/site\/wp-content\/uploads\/2018\/12\/DSC_0948-1-768x511.jpg 768w\" sizes=\"(max-width: 1000px) 100vw, 1000px\" \/><\/a> <a href=\"https:\/\/anoticiaonline.com.br\/site\/wp-content\/uploads\/2018\/12\/DSC_0950.jpg\"><img decoding=\"async\" class=\"alignnone size-full wp-image-65708\" src=\"https:\/\/anoticiaonline.com.br\/site\/wp-content\/uploads\/2018\/12\/DSC_0950.jpg\" alt=\"\" width=\"1000\" height=\"665\" srcset=\"https:\/\/anoticiaonline.com.br\/site\/wp-content\/uploads\/2018\/12\/DSC_0950.jpg 1000w, https:\/\/anoticiaonline.com.br\/site\/wp-content\/uploads\/2018\/12\/DSC_0950-300x200.jpg 300w, https:\/\/anoticiaonline.com.br\/site\/wp-content\/uploads\/2018\/12\/DSC_0950-768x511.jpg 768w\" sizes=\"(max-width: 1000px) 100vw, 1000px\" \/><\/a> <a href=\"https:\/\/anoticiaonline.com.br\/site\/wp-content\/uploads\/2018\/12\/DSC_0952-1.jpg\"><img loading=\"lazy\" decoding=\"async\" class=\"alignnone size-full wp-image-65709\" src=\"https:\/\/anoticiaonline.com.br\/site\/wp-content\/uploads\/2018\/12\/DSC_0952-1.jpg\" alt=\"\" width=\"1000\" height=\"665\" srcset=\"https:\/\/anoticiaonline.com.br\/site\/wp-content\/uploads\/2018\/12\/DSC_0952-1.jpg 1000w, https:\/\/anoticiaonline.com.br\/site\/wp-content\/uploads\/2018\/12\/DSC_0952-1-300x200.jpg 300w, https:\/\/anoticiaonline.com.br\/site\/wp-content\/uploads\/2018\/12\/DSC_0952-1-768x511.jpg 768w\" sizes=\"(max-width: 1000px) 100vw, 1000px\" \/><\/a> <a href=\"https:\/\/anoticiaonline.com.br\/site\/wp-content\/uploads\/2018\/12\/DSC_0955.jpg\"><img loading=\"lazy\" decoding=\"async\" class=\"alignnone size-full wp-image-65710\" src=\"https:\/\/anoticiaonline.com.br\/site\/wp-content\/uploads\/2018\/12\/DSC_0955.jpg\" alt=\"\" width=\"1000\" height=\"665\" srcset=\"https:\/\/anoticiaonline.com.br\/site\/wp-content\/uploads\/2018\/12\/DSC_0955.jpg 1000w, https:\/\/anoticiaonline.com.br\/site\/wp-content\/uploads\/2018\/12\/DSC_0955-300x200.jpg 300w, https:\/\/anoticiaonline.com.br\/site\/wp-content\/uploads\/2018\/12\/DSC_0955-768x511.jpg 768w\" sizes=\"(max-width: 1000px) 100vw, 1000px\" \/><\/a> <a href=\"https:\/\/anoticiaonline.com.br\/site\/wp-content\/uploads\/2018\/12\/DSC_0965-1.jpg\"><img loading=\"lazy\" decoding=\"async\" class=\"alignnone size-full wp-image-65711\" src=\"https:\/\/anoticiaonline.com.br\/site\/wp-content\/uploads\/2018\/12\/DSC_0965-1.jpg\" alt=\"\" width=\"1000\" height=\"665\" srcset=\"https:\/\/anoticiaonline.com.br\/site\/wp-content\/uploads\/2018\/12\/DSC_0965-1.jpg 1000w, https:\/\/anoticiaonline.com.br\/site\/wp-content\/uploads\/2018\/12\/DSC_0965-1-300x200.jpg 300w, https:\/\/anoticiaonline.com.br\/site\/wp-content\/uploads\/2018\/12\/DSC_0965-1-768x511.jpg 768w\" sizes=\"(max-width: 1000px) 100vw, 1000px\" \/><\/a><\/p>\n","protected":false},"excerpt":{"rendered":"<p>Crian\u00e7as que fazem parte do Programa AABB Comunidade realizaram uma apresenta\u00e7\u00e3o de Natal na manh\u00e3 de quarta-feira (5), em frente ao Banco do Brasil, no Centro de Muria\u00e9. Na ocasi\u00e3o, as crian\u00e7as do Servi\u00e7o de Conviv\u00eancia e Fortalecimento de V\u00ednculos (Prefeitura)\/Programa Integra\u00e7\u00e3o AABB Comunidade formaram um coral e apresentaram ao p\u00fablico can\u00e7\u00f5es natalinas, com o &#8230; <a title=\"Coral de crian\u00e7as da AABB Comunidade se apresenta no Centro de Muria\u00e9\" class=\"read-more\" href=\"https:\/\/anoticiaonline.com.br\/site\/coral-de-criancas-da-aabb-comunidade-se-apresenta-no-centro-de-muriae\/\" aria-label=\"Read more about Coral de crian\u00e7as da AABB Comunidade se apresenta no Centro de Muria\u00e9\">Ler mais<\/a><\/p>\n","protected":false},"author":2,"featured_media":65706,"comment_status":"open","ping_status":"open","sticky":false,"template":"","format":"standard","meta":{"_acf_changed":false,"_monsterinsights_skip_tracking":false,"footnotes":""},"categories":[30,2893,19],"tags":[933,1001,2475,3056,879,1544],"class_list":["post-65705","post","type-post","status-publish","format-standard","has-post-thumbnail","hentry","category-muriae","category-cotidiano","category-cultura","tag-aabb","tag-banco-do-brasil","tag-comunidade","tag-coral","tag-criancas","tag-natal"],"acf":[],"aioseo_notices":[],"aioseo_head":"\n\t\t<!-- All in One SEO 5.0.0.1 - aioseo.com -->\n\t<meta name=\"description\" content=\"Crian\u00e7as que fazem parte do Programa AABB Comunidade realizaram uma apresenta\u00e7\u00e3o de Natal na manh\u00e3 de quarta-feira (5), em frente ao Banco do Brasil, no Centro de Muria\u00e9. Na ocasi\u00e3o, as crian\u00e7as do Servi\u00e7o de Conviv\u00eancia e Fortalecimento de V\u00ednculos (Prefeitura)\/Programa Integra\u00e7\u00e3o AABB Comunidade formaram um coral e apresentaram ao p\u00fablico can\u00e7\u00f5es natalinas, com o\" \/>\n\t<meta name=\"robots\" content=\"max-image-preview:large\" \/>\n\t<meta name=\"author\" content=\"Juliana Laviola\"\/>\n\t<link rel=\"canonical\" href=\"https:\/\/anoticiaonline.com.br\/site\/coral-de-criancas-da-aabb-comunidade-se-apresenta-no-centro-de-muriae\/\" \/>\n\t<meta name=\"generator\" content=\"All in One SEO (AIOSEO) 5.0.0.1\" \/>\n\t\t<meta property=\"og:locale\" content=\"pt_BR\" \/>\n\t\t<meta property=\"og:site_name\" content=\"A Not\u00edcia Online - Noticias de Muria\u00e9 e regi\u00e3o\" \/>\n\t\t<meta property=\"og:type\" content=\"article\" \/>\n\t\t<meta property=\"og:title\" content=\"Coral de crian\u00e7as da AABB Comunidade se apresenta no Centro de Muria\u00e9 - A Not\u00edcia Online\" \/>\n\t\t<meta property=\"og:description\" content=\"Crian\u00e7as que fazem parte do Programa AABB Comunidade realizaram uma apresenta\u00e7\u00e3o de Natal na manh\u00e3 de quarta-feira (5), em frente ao Banco do Brasil, no Centro de Muria\u00e9. Na ocasi\u00e3o, as crian\u00e7as do Servi\u00e7o de Conviv\u00eancia e Fortalecimento de V\u00ednculos (Prefeitura)\/Programa Integra\u00e7\u00e3o AABB Comunidade formaram um coral e apresentaram ao p\u00fablico can\u00e7\u00f5es natalinas, com o\" \/>\n\t\t<meta property=\"og:url\" content=\"https:\/\/anoticiaonline.com.br\/site\/coral-de-criancas-da-aabb-comunidade-se-apresenta-no-centro-de-muriae\/\" \/>\n\t\t<meta property=\"og:image\" content=\"https:\/\/scontent-gig4-1.xx.fbcdn.net\/v\/t39.30808-1\/270437624_4564083193639691_6907940295614233970_n.jpg?stp=dst-jpg_s200x200_tt6&#038;_nc_cat=111&#038;ccb=1-7&#038;_nc_sid=f907e8&#038;_nc_ohc=SM1wRlP3lJwQ7kNvwEPuBYA&#038;_nc_oc=AdnqrjDN_BNjSSHWO-GbkIWH6fkGMLw4bqvL_NH6e2wMveX7G-rP2dAqsDSq1mJMOaY&#038;_nc_zt=24&#038;_nc_ht=scontent-gig4-1.xx&#038;_nc_gid=AoBFJeGrT1hVaew_6rchkQ&#038;oh=00_AfX7QmFGhQhG2jAllVgXCiM1ZrWgvtp80-Bfppyexh1QEg&#038;oe=689E923C\" \/>\n\t\t<meta property=\"og:image:secure_url\" content=\"https:\/\/scontent-gig4-1.xx.fbcdn.net\/v\/t39.30808-1\/270437624_4564083193639691_6907940295614233970_n.jpg?stp=dst-jpg_s200x200_tt6&#038;_nc_cat=111&#038;ccb=1-7&#038;_nc_sid=f907e8&#038;_nc_ohc=SM1wRlP3lJwQ7kNvwEPuBYA&#038;_nc_oc=AdnqrjDN_BNjSSHWO-GbkIWH6fkGMLw4bqvL_NH6e2wMveX7G-rP2dAqsDSq1mJMOaY&#038;_nc_zt=24&#038;_nc_ht=scontent-gig4-1.xx&#038;_nc_gid=AoBFJeGrT1hVaew_6rchkQ&#038;oh=00_AfX7QmFGhQhG2jAllVgXCiM1ZrWgvtp80-Bfppyexh1QEg&#038;oe=689E923C\" \/>\n\t\t<meta property=\"article:published_time\" content=\"2018-12-06T21:53:00+00:00\" \/>\n\t\t<meta property=\"article:modified_time\" content=\"2018-12-06T21:53:00+00:00\" \/>\n\t\t<meta name=\"twitter:card\" content=\"summary_large_image\" \/>\n\t\t<meta name=\"twitter:title\" content=\"Coral de crian\u00e7as da AABB Comunidade se apresenta no Centro de Muria\u00e9 - A Not\u00edcia Online\" \/>\n\t\t<meta name=\"twitter:description\" content=\"Crian\u00e7as que fazem parte do Programa AABB Comunidade realizaram uma apresenta\u00e7\u00e3o de Natal na manh\u00e3 de quarta-feira (5), em frente ao Banco do Brasil, no Centro de Muria\u00e9. Na ocasi\u00e3o, as crian\u00e7as do Servi\u00e7o de Conviv\u00eancia e Fortalecimento de V\u00ednculos (Prefeitura)\/Programa Integra\u00e7\u00e3o AABB Comunidade formaram um coral e apresentaram ao p\u00fablico can\u00e7\u00f5es natalinas, com o\" \/>\n\t\t<meta name=\"twitter:image\" content=\"https:\/\/scontent-gig4-1.xx.fbcdn.net\/v\/t39.30808-1\/270437624_4564083193639691_6907940295614233970_n.jpg?stp=dst-jpg_s200x200_tt6&amp;_nc_cat=111&amp;ccb=1-7&amp;_nc_sid=f907e8&amp;_nc_ohc=SM1wRlP3lJwQ7kNvwEPuBYA&amp;_nc_oc=AdnqrjDN_BNjSSHWO-GbkIWH6fkGMLw4bqvL_NH6e2wMveX7G-rP2dAqsDSq1mJMOaY&amp;_nc_zt=24&amp;_nc_ht=scontent-gig4-1.xx&amp;_nc_gid=AoBFJeGrT1hVaew_6rchkQ&amp;oh=00_AfX7QmFGhQhG2jAllVgXCiM1ZrWgvtp80-Bfppyexh1QEg&amp;oe=689E923C\" \/>\n\t\t<script type=\"application\/ld+json\" class=\"aioseo-schema\">\n\t\t\t{\"@context\":\"https:\\\/\\\/schema.org\",\"@graph\":[{\"@type\":\"BlogPosting\",\"@id\":\"https:\\\/\\\/anoticiaonline.com.br\\\/site\\\/coral-de-criancas-da-aabb-comunidade-se-apresenta-no-centro-de-muriae\\\/#blogposting\",\"name\":\"Coral de crian\\u00e7as da AABB Comunidade se apresenta no Centro de Muria\\u00e9 - A Not\\u00edcia Online\",\"headline\":\"Coral de crian\\u00e7as da AABB Comunidade se apresenta no Centro de Muria\\u00e9\",\"author\":{\"@id\":\"https:\\\/\\\/anoticiaonline.com.br\\\/site\\\/author\\\/juliana\\\/#author\"},\"publisher\":{\"@id\":\"https:\\\/\\\/anoticiaonline.com.br\\\/site\\\/#organization\"},\"image\":{\"@type\":\"ImageObject\",\"url\":\"https:\\\/\\\/anoticiaonline.com.br\\\/site\\\/wp-content\\\/uploads\\\/2018\\\/12\\\/DSC_0959-1.jpg\",\"width\":1000,\"height\":665},\"datePublished\":\"2018-12-06T18:53:00-03:00\",\"dateModified\":\"2018-12-06T18:53:00-03:00\",\"inLanguage\":\"pt-BR\",\"mainEntityOfPage\":{\"@id\":\"https:\\\/\\\/anoticiaonline.com.br\\\/site\\\/coral-de-criancas-da-aabb-comunidade-se-apresenta-no-centro-de-muriae\\\/#webpage\"},\"isPartOf\":{\"@id\":\"https:\\\/\\\/anoticiaonline.com.br\\\/site\\\/coral-de-criancas-da-aabb-comunidade-se-apresenta-no-centro-de-muriae\\\/#webpage\"},\"articleSection\":\"Blog, Cotidiano, Cultura, AABB, Banco do Brasil, comunidade, coral, crian\\u00e7as, natal\"},{\"@type\":\"BreadcrumbList\",\"@id\":\"https:\\\/\\\/anoticiaonline.com.br\\\/site\\\/coral-de-criancas-da-aabb-comunidade-se-apresenta-no-centro-de-muriae\\\/#breadcrumblist\",\"itemListElement\":[{\"@type\":\"ListItem\",\"@id\":\"https:\\\/\\\/anoticiaonline.com.br\\\/site#listItem\",\"position\":1,\"name\":\"Home\",\"item\":\"https:\\\/\\\/anoticiaonline.com.br\\\/site\",\"nextItem\":{\"@type\":\"ListItem\",\"@id\":\"https:\\\/\\\/anoticiaonline.com.br\\\/site\\\/categoria\\\/muriae\\\/#listItem\",\"name\":\"Blog\"}},{\"@type\":\"ListItem\",\"@id\":\"https:\\\/\\\/anoticiaonline.com.br\\\/site\\\/categoria\\\/muriae\\\/#listItem\",\"position\":2,\"name\":\"Blog\",\"item\":\"https:\\\/\\\/anoticiaonline.com.br\\\/site\\\/categoria\\\/muriae\\\/\",\"nextItem\":{\"@type\":\"ListItem\",\"@id\":\"https:\\\/\\\/anoticiaonline.com.br\\\/site\\\/categoria\\\/muriae\\\/cultura\\\/#listItem\",\"name\":\"Cultura\"},\"previousItem\":{\"@type\":\"ListItem\",\"@id\":\"https:\\\/\\\/anoticiaonline.com.br\\\/site#listItem\",\"name\":\"Home\"}},{\"@type\":\"ListItem\",\"@id\":\"https:\\\/\\\/anoticiaonline.com.br\\\/site\\\/categoria\\\/muriae\\\/cultura\\\/#listItem\",\"position\":3,\"name\":\"Cultura\",\"item\":\"https:\\\/\\\/anoticiaonline.com.br\\\/site\\\/categoria\\\/muriae\\\/cultura\\\/\",\"nextItem\":{\"@type\":\"ListItem\",\"@id\":\"https:\\\/\\\/anoticiaonline.com.br\\\/site\\\/coral-de-criancas-da-aabb-comunidade-se-apresenta-no-centro-de-muriae\\\/#listItem\",\"name\":\"Coral de crian\\u00e7as da AABB Comunidade se apresenta no Centro de Muria\\u00e9\"},\"previousItem\":{\"@type\":\"ListItem\",\"@id\":\"https:\\\/\\\/anoticiaonline.com.br\\\/site\\\/categoria\\\/muriae\\\/#listItem\",\"name\":\"Blog\"}},{\"@type\":\"ListItem\",\"@id\":\"https:\\\/\\\/anoticiaonline.com.br\\\/site\\\/coral-de-criancas-da-aabb-comunidade-se-apresenta-no-centro-de-muriae\\\/#listItem\",\"position\":4,\"name\":\"Coral de crian\\u00e7as da AABB Comunidade se apresenta no Centro de Muria\\u00e9\",\"previousItem\":{\"@type\":\"ListItem\",\"@id\":\"https:\\\/\\\/anoticiaonline.com.br\\\/site\\\/categoria\\\/muriae\\\/cultura\\\/#listItem\",\"name\":\"Cultura\"}}]},{\"@type\":\"Organization\",\"@id\":\"https:\\\/\\\/anoticiaonline.com.br\\\/site\\\/#organization\",\"name\":\"A Not\\u00edcia Online\",\"description\":\"Noticias de Muria\\u00e9 e regi\\u00e3o\",\"url\":\"https:\\\/\\\/anoticiaonline.com.br\\\/site\\\/\",\"logo\":{\"@type\":\"ImageObject\",\"url\":\"https:\\\/\\\/scontent-gig4-1.xx.fbcdn.net\\\/v\\\/t39.30808-1\\\/270437624_4564083193639691_6907940295614233970_n.jpg?stp=dst-jpg_s200x200_tt6&_nc_cat=111&ccb=1-7&_nc_sid=f907e8&_nc_ohc=SM1wRlP3lJwQ7kNvwEPuBYA&_nc_oc=AdnqrjDN_BNjSSHWO-GbkIWH6fkGMLw4bqvL_NH6e2wMveX7G-rP2dAqsDSq1mJMOaY&_nc_zt=24&_nc_ht=scontent-gig4-1.xx&_nc_gid=AoBFJeGrT1hVaew_6rchkQ&oh=00_AfX7QmFGhQhG2jAllVgXCiM1ZrWgvtp80-Bfppyexh1QEg&oe=689E923C\",\"@id\":\"https:\\\/\\\/anoticiaonline.com.br\\\/site\\\/coral-de-criancas-da-aabb-comunidade-se-apresenta-no-centro-de-muriae\\\/#organizationLogo\"},\"image\":{\"@id\":\"https:\\\/\\\/anoticiaonline.com.br\\\/site\\\/coral-de-criancas-da-aabb-comunidade-se-apresenta-no-centro-de-muriae\\\/#organizationLogo\"}},{\"@type\":\"Person\",\"@id\":\"https:\\\/\\\/anoticiaonline.com.br\\\/site\\\/author\\\/juliana\\\/#author\",\"url\":\"https:\\\/\\\/anoticiaonline.com.br\\\/site\\\/author\\\/juliana\\\/\",\"name\":\"Juliana Laviola\",\"image\":{\"@type\":\"ImageObject\",\"@id\":\"https:\\\/\\\/anoticiaonline.com.br\\\/site\\\/coral-de-criancas-da-aabb-comunidade-se-apresenta-no-centro-de-muriae\\\/#authorImage\",\"url\":\"https:\\\/\\\/secure.gravatar.com\\\/avatar\\\/b8d45f5c699b100dfaf0e543582f38f38bf94cb7ae3a5e9abf8d891a34773335?s=96&d=mm&r=g\",\"width\":96,\"height\":96,\"caption\":\"Juliana Laviola\"}},{\"@type\":\"WebPage\",\"@id\":\"https:\\\/\\\/anoticiaonline.com.br\\\/site\\\/coral-de-criancas-da-aabb-comunidade-se-apresenta-no-centro-de-muriae\\\/#webpage\",\"url\":\"https:\\\/\\\/anoticiaonline.com.br\\\/site\\\/coral-de-criancas-da-aabb-comunidade-se-apresenta-no-centro-de-muriae\\\/\",\"name\":\"Coral de crian\\u00e7as da AABB Comunidade se apresenta no Centro de Muria\\u00e9 - A Not\\u00edcia Online\",\"description\":\"Crian\\u00e7as que fazem parte do Programa AABB Comunidade realizaram uma apresenta\\u00e7\\u00e3o de Natal na manh\\u00e3 de quarta-feira (5), em frente ao Banco do Brasil, no Centro de Muria\\u00e9. Na ocasi\\u00e3o, as crian\\u00e7as do Servi\\u00e7o de Conviv\\u00eancia e Fortalecimento de V\\u00ednculos (Prefeitura)\\\/Programa Integra\\u00e7\\u00e3o AABB Comunidade formaram um coral e apresentaram ao p\\u00fablico can\\u00e7\\u00f5es natalinas, com o\",\"inLanguage\":\"pt-BR\",\"isPartOf\":{\"@id\":\"https:\\\/\\\/anoticiaonline.com.br\\\/site\\\/#website\"},\"breadcrumb\":{\"@id\":\"https:\\\/\\\/anoticiaonline.com.br\\\/site\\\/coral-de-criancas-da-aabb-comunidade-se-apresenta-no-centro-de-muriae\\\/#breadcrumblist\"},\"author\":{\"@id\":\"https:\\\/\\\/anoticiaonline.com.br\\\/site\\\/author\\\/juliana\\\/#author\"},\"creator\":{\"@id\":\"https:\\\/\\\/anoticiaonline.com.br\\\/site\\\/author\\\/juliana\\\/#author\"},\"image\":{\"@type\":\"ImageObject\",\"url\":\"https:\\\/\\\/anoticiaonline.com.br\\\/site\\\/wp-content\\\/uploads\\\/2018\\\/12\\\/DSC_0959-1.jpg\",\"@id\":\"https:\\\/\\\/anoticiaonline.com.br\\\/site\\\/coral-de-criancas-da-aabb-comunidade-se-apresenta-no-centro-de-muriae\\\/#mainImage\",\"width\":1000,\"height\":665},\"primaryImageOfPage\":{\"@id\":\"https:\\\/\\\/anoticiaonline.com.br\\\/site\\\/coral-de-criancas-da-aabb-comunidade-se-apresenta-no-centro-de-muriae\\\/#mainImage\"},\"datePublished\":\"2018-12-06T18:53:00-03:00\",\"dateModified\":\"2018-12-06T18:53:00-03:00\"},{\"@type\":\"WebSite\",\"@id\":\"https:\\\/\\\/anoticiaonline.com.br\\\/site\\\/#website\",\"url\":\"https:\\\/\\\/anoticiaonline.com.br\\\/site\\\/\",\"name\":\"A Not\\u00edcia Online\",\"description\":\"Noticias de Muria\\u00e9 e regi\\u00e3o\",\"inLanguage\":\"pt-BR\",\"publisher\":{\"@id\":\"https:\\\/\\\/anoticiaonline.com.br\\\/site\\\/#organization\"}}]}\n\t\t<\/script>\n\t\t<!-- All in One SEO -->\n\n","aioseo_head_json":{"title":"Coral de crian\u00e7as da AABB Comunidade se apresenta no Centro de Muria\u00e9 - A Not\u00edcia Online","description":"Crian\u00e7as que fazem parte do Programa AABB Comunidade realizaram uma apresenta\u00e7\u00e3o de Natal na manh\u00e3 de quarta-feira (5), em frente ao Banco do Brasil, no Centro de Muria\u00e9. Na ocasi\u00e3o, as crian\u00e7as do Servi\u00e7o de Conviv\u00eancia e Fortalecimento de V\u00ednculos (Prefeitura)\/Programa Integra\u00e7\u00e3o AABB Comunidade formaram um coral e apresentaram ao p\u00fablico can\u00e7\u00f5es natalinas, com o","canonical_url":"https:\/\/anoticiaonline.com.br\/site\/coral-de-criancas-da-aabb-comunidade-se-apresenta-no-centro-de-muriae\/","robots":"max-image-preview:large","keywords":"","webmasterTools":{"miscellaneous":""},"schema":{"@context":"https:\/\/schema.org","@graph":[{"@type":"BlogPosting","@id":"https:\/\/anoticiaonline.com.br\/site\/coral-de-criancas-da-aabb-comunidade-se-apresenta-no-centro-de-muriae\/#blogposting","name":"Coral de crian\u00e7as da AABB Comunidade se apresenta no Centro de Muria\u00e9 - A Not\u00edcia Online","headline":"Coral de crian\u00e7as da AABB Comunidade se apresenta no Centro de Muria\u00e9","author":{"@id":"https:\/\/anoticiaonline.com.br\/site\/author\/juliana\/#author"},"publisher":{"@id":"https:\/\/anoticiaonline.com.br\/site\/#organization"},"image":{"@type":"ImageObject","url":"https:\/\/anoticiaonline.com.br\/site\/wp-content\/uploads\/2018\/12\/DSC_0959-1.jpg","width":1000,"height":665},"datePublished":"2018-12-06T18:53:00-03:00","dateModified":"2018-12-06T18:53:00-03:00","inLanguage":"pt-BR","mainEntityOfPage":{"@id":"https:\/\/anoticiaonline.com.br\/site\/coral-de-criancas-da-aabb-comunidade-se-apresenta-no-centro-de-muriae\/#webpage"},"isPartOf":{"@id":"https:\/\/anoticiaonline.com.br\/site\/coral-de-criancas-da-aabb-comunidade-se-apresenta-no-centro-de-muriae\/#webpage"},"articleSection":"Blog, Cotidiano, Cultura, AABB, Banco do Brasil, comunidade, coral, crian\u00e7as, natal"},{"@type":"BreadcrumbList","@id":"https:\/\/anoticiaonline.com.br\/site\/coral-de-criancas-da-aabb-comunidade-se-apresenta-no-centro-de-muriae\/#breadcrumblist","itemListElement":[{"@type":"ListItem","@id":"https:\/\/anoticiaonline.com.br\/site#listItem","position":1,"name":"Home","item":"https:\/\/anoticiaonline.com.br\/site","nextItem":{"@type":"ListItem","@id":"https:\/\/anoticiaonline.com.br\/site\/categoria\/muriae\/#listItem","name":"Blog"}},{"@type":"ListItem","@id":"https:\/\/anoticiaonline.com.br\/site\/categoria\/muriae\/#listItem","position":2,"name":"Blog","item":"https:\/\/anoticiaonline.com.br\/site\/categoria\/muriae\/","nextItem":{"@type":"ListItem","@id":"https:\/\/anoticiaonline.com.br\/site\/categoria\/muriae\/cultura\/#listItem","name":"Cultura"},"previousItem":{"@type":"ListItem","@id":"https:\/\/anoticiaonline.com.br\/site#listItem","name":"Home"}},{"@type":"ListItem","@id":"https:\/\/anoticiaonline.com.br\/site\/categoria\/muriae\/cultura\/#listItem","position":3,"name":"Cultura","item":"https:\/\/anoticiaonline.com.br\/site\/categoria\/muriae\/cultura\/","nextItem":{"@type":"ListItem","@id":"https:\/\/anoticiaonline.com.br\/site\/coral-de-criancas-da-aabb-comunidade-se-apresenta-no-centro-de-muriae\/#listItem","name":"Coral de crian\u00e7as da AABB Comunidade se apresenta no Centro de Muria\u00e9"},"previousItem":{"@type":"ListItem","@id":"https:\/\/anoticiaonline.com.br\/site\/categoria\/muriae\/#listItem","name":"Blog"}},{"@type":"ListItem","@id":"https:\/\/anoticiaonline.com.br\/site\/coral-de-criancas-da-aabb-comunidade-se-apresenta-no-centro-de-muriae\/#listItem","position":4,"name":"Coral de crian\u00e7as da AABB Comunidade se apresenta no Centro de Muria\u00e9","previousItem":{"@type":"ListItem","@id":"https:\/\/anoticiaonline.com.br\/site\/categoria\/muriae\/cultura\/#listItem","name":"Cultura"}}]},{"@type":"Organization","@id":"https:\/\/anoticiaonline.com.br\/site\/#organization","name":"A Not\u00edcia Online","description":"Noticias de Muria\u00e9 e regi\u00e3o","url":"https:\/\/anoticiaonline.com.br\/site\/","logo":{"@type":"ImageObject","url":"https:\/\/scontent-gig4-1.xx.fbcdn.net\/v\/t39.30808-1\/270437624_4564083193639691_6907940295614233970_n.jpg?stp=dst-jpg_s200x200_tt6&_nc_cat=111&ccb=1-7&_nc_sid=f907e8&_nc_ohc=SM1wRlP3lJwQ7kNvwEPuBYA&_nc_oc=AdnqrjDN_BNjSSHWO-GbkIWH6fkGMLw4bqvL_NH6e2wMveX7G-rP2dAqsDSq1mJMOaY&_nc_zt=24&_nc_ht=scontent-gig4-1.xx&_nc_gid=AoBFJeGrT1hVaew_6rchkQ&oh=00_AfX7QmFGhQhG2jAllVgXCiM1ZrWgvtp80-Bfppyexh1QEg&oe=689E923C","@id":"https:\/\/anoticiaonline.com.br\/site\/coral-de-criancas-da-aabb-comunidade-se-apresenta-no-centro-de-muriae\/#organizationLogo"},"image":{"@id":"https:\/\/anoticiaonline.com.br\/site\/coral-de-criancas-da-aabb-comunidade-se-apresenta-no-centro-de-muriae\/#organizationLogo"}},{"@type":"Person","@id":"https:\/\/anoticiaonline.com.br\/site\/author\/juliana\/#author","url":"https:\/\/anoticiaonline.com.br\/site\/author\/juliana\/","name":"Juliana Laviola","image":{"@type":"ImageObject","@id":"https:\/\/anoticiaonline.com.br\/site\/coral-de-criancas-da-aabb-comunidade-se-apresenta-no-centro-de-muriae\/#authorImage","url":"https:\/\/secure.gravatar.com\/avatar\/b8d45f5c699b100dfaf0e543582f38f38bf94cb7ae3a5e9abf8d891a34773335?s=96&d=mm&r=g","width":96,"height":96,"caption":"Juliana Laviola"}},{"@type":"WebPage","@id":"https:\/\/anoticiaonline.com.br\/site\/coral-de-criancas-da-aabb-comunidade-se-apresenta-no-centro-de-muriae\/#webpage","url":"https:\/\/anoticiaonline.com.br\/site\/coral-de-criancas-da-aabb-comunidade-se-apresenta-no-centro-de-muriae\/","name":"Coral de crian\u00e7as da AABB Comunidade se apresenta no Centro de Muria\u00e9 - A Not\u00edcia Online","description":"Crian\u00e7as que fazem parte do Programa AABB Comunidade realizaram uma apresenta\u00e7\u00e3o de Natal na manh\u00e3 de quarta-feira (5), em frente ao Banco do Brasil, no Centro de Muria\u00e9. Na ocasi\u00e3o, as crian\u00e7as do Servi\u00e7o de Conviv\u00eancia e Fortalecimento de V\u00ednculos (Prefeitura)\/Programa Integra\u00e7\u00e3o AABB Comunidade formaram um coral e apresentaram ao p\u00fablico can\u00e7\u00f5es natalinas, com o","inLanguage":"pt-BR","isPartOf":{"@id":"https:\/\/anoticiaonline.com.br\/site\/#website"},"breadcrumb":{"@id":"https:\/\/anoticiaonline.com.br\/site\/coral-de-criancas-da-aabb-comunidade-se-apresenta-no-centro-de-muriae\/#breadcrumblist"},"author":{"@id":"https:\/\/anoticiaonline.com.br\/site\/author\/juliana\/#author"},"creator":{"@id":"https:\/\/anoticiaonline.com.br\/site\/author\/juliana\/#author"},"image":{"@type":"ImageObject","url":"https:\/\/anoticiaonline.com.br\/site\/wp-content\/uploads\/2018\/12\/DSC_0959-1.jpg","@id":"https:\/\/anoticiaonline.com.br\/site\/coral-de-criancas-da-aabb-comunidade-se-apresenta-no-centro-de-muriae\/#mainImage","width":1000,"height":665},"primaryImageOfPage":{"@id":"https:\/\/anoticiaonline.com.br\/site\/coral-de-criancas-da-aabb-comunidade-se-apresenta-no-centro-de-muriae\/#mainImage"},"datePublished":"2018-12-06T18:53:00-03:00","dateModified":"2018-12-06T18:53:00-03:00"},{"@type":"WebSite","@id":"https:\/\/anoticiaonline.com.br\/site\/#website","url":"https:\/\/anoticiaonline.com.br\/site\/","name":"A Not\u00edcia Online","description":"Noticias de Muria\u00e9 e regi\u00e3o","inLanguage":"pt-BR","publisher":{"@id":"https:\/\/anoticiaonline.com.br\/site\/#organization"}}]},"og:locale":"pt_BR","og:site_name":"A Not\u00edcia Online - Noticias de Muria\u00e9 e regi\u00e3o","og:type":"article","og:title":"Coral de crian\u00e7as da AABB Comunidade se apresenta no Centro de Muria\u00e9 - A Not\u00edcia Online","og:description":"Crian\u00e7as que fazem parte do Programa AABB Comunidade realizaram uma apresenta\u00e7\u00e3o de Natal na manh\u00e3 de quarta-feira (5), em frente ao Banco do Brasil, no Centro de Muria\u00e9. Na ocasi\u00e3o, as crian\u00e7as do Servi\u00e7o de Conviv\u00eancia e Fortalecimento de V\u00ednculos (Prefeitura)\/Programa Integra\u00e7\u00e3o AABB Comunidade formaram um coral e apresentaram ao p\u00fablico can\u00e7\u00f5es natalinas, com o","og:url":"https:\/\/anoticiaonline.com.br\/site\/coral-de-criancas-da-aabb-comunidade-se-apresenta-no-centro-de-muriae\/","og:image":"https:\/\/scontent-gig4-1.xx.fbcdn.net\/v\/t39.30808-1\/270437624_4564083193639691_6907940295614233970_n.jpg?stp=dst-jpg_s200x200_tt6&#038;_nc_cat=111&#038;ccb=1-7&#038;_nc_sid=f907e8&#038;_nc_ohc=SM1wRlP3lJwQ7kNvwEPuBYA&#038;_nc_oc=AdnqrjDN_BNjSSHWO-GbkIWH6fkGMLw4bqvL_NH6e2wMveX7G-rP2dAqsDSq1mJMOaY&#038;_nc_zt=24&#038;_nc_ht=scontent-gig4-1.xx&#038;_nc_gid=AoBFJeGrT1hVaew_6rchkQ&#038;oh=00_AfX7QmFGhQhG2jAllVgXCiM1ZrWgvtp80-Bfppyexh1QEg&#038;oe=689E923C","og:image:secure_url":"https:\/\/scontent-gig4-1.xx.fbcdn.net\/v\/t39.30808-1\/270437624_4564083193639691_6907940295614233970_n.jpg?stp=dst-jpg_s200x200_tt6&#038;_nc_cat=111&#038;ccb=1-7&#038;_nc_sid=f907e8&#038;_nc_ohc=SM1wRlP3lJwQ7kNvwEPuBYA&#038;_nc_oc=AdnqrjDN_BNjSSHWO-GbkIWH6fkGMLw4bqvL_NH6e2wMveX7G-rP2dAqsDSq1mJMOaY&#038;_nc_zt=24&#038;_nc_ht=scontent-gig4-1.xx&#038;_nc_gid=AoBFJeGrT1hVaew_6rchkQ&#038;oh=00_AfX7QmFGhQhG2jAllVgXCiM1ZrWgvtp80-Bfppyexh1QEg&#038;oe=689E923C","article:published_time":"2018-12-06T21:53:00+00:00","article:modified_time":"2018-12-06T21:53:00+00:00","twitter:card":"summary_large_image","twitter:title":"Coral de crian\u00e7as da AABB Comunidade se apresenta no Centro de Muria\u00e9 - A Not\u00edcia Online","twitter:description":"Crian\u00e7as que fazem parte do Programa AABB Comunidade realizaram uma apresenta\u00e7\u00e3o de Natal na manh\u00e3 de quarta-feira (5), em frente ao Banco do Brasil, no Centro de Muria\u00e9. Na ocasi\u00e3o, as crian\u00e7as do Servi\u00e7o de Conviv\u00eancia e Fortalecimento de V\u00ednculos (Prefeitura)\/Programa Integra\u00e7\u00e3o AABB Comunidade formaram um coral e apresentaram ao p\u00fablico can\u00e7\u00f5es natalinas, com o","twitter:image":"https:\/\/scontent-gig4-1.xx.fbcdn.net\/v\/t39.30808-1\/270437624_4564083193639691_6907940295614233970_n.jpg?stp=dst-jpg_s200x200_tt6&_nc_cat=111&ccb=1-7&_nc_sid=f907e8&_nc_ohc=SM1wRlP3lJwQ7kNvwEPuBYA&_nc_oc=AdnqrjDN_BNjSSHWO-GbkIWH6fkGMLw4bqvL_NH6e2wMveX7G-rP2dAqsDSq1mJMOaY&_nc_zt=24&_nc_ht=scontent-gig4-1.xx&_nc_gid=AoBFJeGrT1hVaew_6rchkQ&oh=00_AfX7QmFGhQhG2jAllVgXCiM1ZrWgvtp80-Bfppyexh1QEg&oe=689E923C"},"aioseo_meta_data":{"post_id":"65705","title":null,"description":null,"keywords":null,"keyphrases":null,"primary_term":null,"canonical_url":null,"og_title":null,"og_description":null,"og_object_type":"default","og_image_type":"default","og_image_url":null,"og_image_width":null,"og_image_height":null,"og_image_custom_url":null,"og_image_custom_fields":null,"og_video":null,"og_custom_url":null,"og_article_section":null,"og_article_tags":null,"twitter_use_og":false,"twitter_card":"default","twitter_image_type":"default","twitter_image_url":null,"twitter_image_custom_url":null,"twitter_image_custom_fields":null,"twitter_title":null,"twitter_description":null,"schema":{"blockGraphs":[],"customGraphs":[],"default":{"data":{"Article":[],"Course":[],"Dataset":[],"FAQPage":[],"Movie":[],"Person":[],"Product":[],"ProductReview":[],"Car":[],"Recipe":[],"Service":[],"SoftwareApplication":[],"WebPage":[]},"graphName":"","isEnabled":true},"graphs":[]},"schema_type":"default","schema_type_options":null,"pillar_content":false,"robots_default":true,"robots_noindex":false,"robots_noarchive":false,"robots_nosnippet":false,"robots_nofollow":false,"robots_noimageindex":false,"robots_noodp":false,"robots_notranslate":false,"robots_max_snippet":null,"robots_max_videopreview":null,"robots_max_imagepreview":"large","priority":null,"frequency":null,"local_seo":null,"breadcrumb_settings":null,"limit_modified_date":false,"ai":null,"created":"2025-08-16 22:26:05","updated":"2025-08-16 22:26:05","focus_keyword":null,"additional_keywords":null,"truseo_locale":null,"seo_analyzer_scan_date":null},"aioseo_breadcrumb":"<div class=\"aioseo-breadcrumbs\"><span class=\"aioseo-breadcrumb\">\n\t\t\t<a href=\"https:\/\/anoticiaonline.com.br\/site\" title=\"Home\">Home<\/a>\n\t\t<\/span><span class=\"aioseo-breadcrumb-separator\">&raquo;<\/span><span class=\"aioseo-breadcrumb\">\n\t\t\t<a href=\"https:\/\/anoticiaonline.com.br\/site\/categoria\/muriae\/\" title=\"Blog\">Blog<\/a>\n\t\t<\/span><span class=\"aioseo-breadcrumb-separator\">&raquo;<\/span><span class=\"aioseo-breadcrumb\">\n\t\t\t<a href=\"https:\/\/anoticiaonline.com.br\/site\/categoria\/muriae\/cultura\/\" title=\"Cultura\">Cultura<\/a>\n\t\t<\/span><span class=\"aioseo-breadcrumb-separator\">&raquo;<\/span><span class=\"aioseo-breadcrumb\">\n\t\t\tCoral de crian\u00e7as da AABB Comunidade se apresenta no Centro de Muria\u00e9\n\t\t<\/span><\/div>","aioseo_breadcrumb_json":[{"label":"Home","link":"https:\/\/anoticiaonline.com.br\/site"},{"label":"Blog","link":"https:\/\/anoticiaonline.com.br\/site\/categoria\/muriae\/"},{"label":"Cultura","link":"https:\/\/anoticiaonline.com.br\/site\/categoria\/muriae\/cultura\/"},{"label":"Coral de crian\u00e7as da AABB Comunidade se apresenta no Centro de Muria\u00e9","link":"https:\/\/anoticiaonline.com.br\/site\/coral-de-criancas-da-aabb-comunidade-se-apresenta-no-centro-de-muriae\/"}],"views":168,"_links":{"self":[{"href":"https:\/\/anoticiaonline.com.br\/site\/wp-json\/wp\/v2\/posts\/65705","targetHints":{"allow":["GET"]}}],"collection":[{"href":"https:\/\/anoticiaonline.com.br\/site\/wp-json\/wp\/v2\/posts"}],"about":[{"href":"https:\/\/anoticiaonline.com.br\/site\/wp-json\/wp\/v2\/types\/post"}],"author":[{"embeddable":true,"href":"https:\/\/anoticiaonline.com.br\/site\/wp-json\/wp\/v2\/users\/2"}],"replies":[{"embeddable":true,"href":"https:\/\/anoticiaonline.com.br\/site\/wp-json\/wp\/v2\/comments?post=65705"}],"version-history":[{"count":0,"href":"https:\/\/anoticiaonline.com.br\/site\/wp-json\/wp\/v2\/posts\/65705\/revisions"}],"wp:featuredmedia":[{"embeddable":true,"href":"https:\/\/anoticiaonline.com.br\/site\/wp-json\/wp\/v2\/media\/65706"}],"wp:attachment":[{"href":"https:\/\/anoticiaonline.com.br\/site\/wp-json\/wp\/v2\/media?parent=65705"}],"wp:term":[{"taxonomy":"category","embeddable":true,"href":"https:\/\/anoticiaonline.com.br\/site\/wp-json\/wp\/v2\/categories?post=65705"},{"taxonomy":"post_tag","embeddable":true,"href":"https:\/\/anoticiaonline.com.br\/site\/wp-json\/wp\/v2\/tags?post=65705"}],"curies":[{"name":"wp","href":"https:\/\/api.w.org\/{rel}","templated":true}]}}