{"id":65591,"date":"2018-12-06T16:03:54","date_gmt":"2018-12-06T19:03:54","guid":{"rendered":"http:\/\/anoticiaonline.com.br\/site\/?p=65591"},"modified":"2018-12-06T16:06:13","modified_gmt":"2018-12-06T19:06:13","slug":"profissionais-de-seguranca-do-trabalho-de-muriae-recebem-homenagem-da-camara-municipal","status":"publish","type":"post","link":"https:\/\/anoticiaonline.com.br\/site\/profissionais-de-seguranca-do-trabalho-de-muriae-recebem-homenagem-da-camara-municipal\/","title":{"rendered":"Profissionais de Seguran\u00e7a do Trabalho de Muria\u00e9 recebem homenagem da C\u00e2mara Municipal"},"content":{"rendered":"<p><a href=\"https:\/\/anoticiaonline.com.br\/site\/wp-content\/uploads\/2018\/12\/Profissionais-de-Seguran\u00e7a-do-Trabalho-de-Muria\u00e9-recebem-homenagem-da-C\u00e2mara-Municipal.jpg\"><img fetchpriority=\"high\" decoding=\"async\" class=\"alignnone size-full wp-image-65592\" src=\"https:\/\/anoticiaonline.com.br\/site\/wp-content\/uploads\/2018\/12\/Profissionais-de-Seguran\u00e7a-do-Trabalho-de-Muria\u00e9-recebem-homenagem-da-C\u00e2mara-Municipal.jpg\" alt=\"\" width=\"1000\" height=\"750\" srcset=\"https:\/\/anoticiaonline.com.br\/site\/wp-content\/uploads\/2018\/12\/Profissionais-de-Seguran\u00e7a-do-Trabalho-de-Muria\u00e9-recebem-homenagem-da-C\u00e2mara-Municipal.jpg 1000w, https:\/\/anoticiaonline.com.br\/site\/wp-content\/uploads\/2018\/12\/Profissionais-de-Seguran\u00e7a-do-Trabalho-de-Muria\u00e9-recebem-homenagem-da-C\u00e2mara-Municipal-300x225.jpg 300w, https:\/\/anoticiaonline.com.br\/site\/wp-content\/uploads\/2018\/12\/Profissionais-de-Seguran\u00e7a-do-Trabalho-de-Muria\u00e9-recebem-homenagem-da-C\u00e2mara-Municipal-768x576.jpg 768w, https:\/\/anoticiaonline.com.br\/site\/wp-content\/uploads\/2018\/12\/Profissionais-de-Seguran\u00e7a-do-Trabalho-de-Muria\u00e9-recebem-homenagem-da-C\u00e2mara-Municipal-105x80.jpg 105w\" sizes=\"(max-width: 1000px) 100vw, 1000px\" \/><\/a>Durante a primeira reuni\u00e3o de dezembro (4) da C\u00e2mara de Vereadores cidad\u00e3os e entidades foram homenageadas com Mo\u00e7\u00f5es de Congratula\u00e7\u00f5es e Aplausos.<\/p>\n<p><!--more--><\/p>\n<p>A vereadora Miriam Facchini (PSDB) entregou as mo\u00e7\u00f5es aprovadas na sess\u00e3o anterior a v\u00e1rios profissionais de Seguran\u00e7a do Trabalho de Muria\u00e9 em comemora\u00e7\u00e3o ao Dia destes profissionais, comemorado em 27 de novembro.<\/p>\n<p><strong>Os homenageados foram:<\/strong><\/p>\n<p><strong>T\u00e9cnicos de Seguran\u00e7a do Trabalho:<\/strong><\/p>\n<p>Rosiane dos Reis da Silva<\/p>\n<p>Wilson de Freitas Soares<\/p>\n<p>Vinicius Luiz Camargo carvalho<\/p>\n<p>Rog\u00e9rio Cezar Santos Baptista J\u00fanior<\/p>\n<p>Roseni Maria de Farias Lopes<\/p>\n<p>Marlons Vinicius de Paula Nacari<\/p>\n<p>Fernando Carneiro da Rocha Aguiar<\/p>\n<p>Jos\u00e9 Nicodemos Couto<\/p>\n<p>Bruna Oliveira Silva<\/p>\n<p><strong>Engenheiro de Seguran\u00e7a do Trabalho: <\/strong><\/p>\n<p>Jos\u00e9 Augusto Dala Paula Abreu<\/p>\n<p>Cr\u00e9ditos: ASCOM CMM<\/p>\n","protected":false},"excerpt":{"rendered":"<p>Durante a primeira reuni\u00e3o de dezembro (4) da C\u00e2mara de Vereadores cidad\u00e3os e entidades foram homenageadas com Mo\u00e7\u00f5es de Congratula\u00e7\u00f5es e Aplausos.<\/p>\n","protected":false},"author":2,"featured_media":65592,"comment_status":"open","ping_status":"open","sticky":false,"template":"","format":"standard","meta":{"_acf_changed":false,"_monsterinsights_skip_tracking":false,"footnotes":""},"categories":[30,2893],"tags":[821,3522,3523,74],"class_list":["post-65591","post","type-post","status-publish","format-standard","has-post-thumbnail","hentry","category-muriae","category-cotidiano","tag-camara","tag-homenagens","tag-miriam-facchini","tag-muriae"],"acf":[],"aioseo_notices":[],"aioseo_head":"\n\t\t<!-- All in One SEO 5.0.0.1 - aioseo.com -->\n\t<meta name=\"description\" content=\"Durante a primeira reuni\u00e3o de dezembro (4) da C\u00e2mara de Vereadores cidad\u00e3os e entidades foram homenageadas com Mo\u00e7\u00f5es de Congratula\u00e7\u00f5es e Aplausos. A vereadora Miriam Facchini (PSDB) entregou as mo\u00e7\u00f5es aprovadas na sess\u00e3o anterior a v\u00e1rios profissionais de Seguran\u00e7a do Trabalho de Muria\u00e9 em comemora\u00e7\u00e3o ao Dia destes profissionais, comemorado em 27 de novembro. Os\" \/>\n\t<meta name=\"robots\" content=\"max-image-preview:large\" \/>\n\t<meta name=\"author\" content=\"Juliana Laviola\"\/>\n\t<link rel=\"canonical\" href=\"https:\/\/anoticiaonline.com.br\/site\/profissionais-de-seguranca-do-trabalho-de-muriae-recebem-homenagem-da-camara-municipal\/\" \/>\n\t<meta name=\"generator\" content=\"All in One SEO (AIOSEO) 5.0.0.1\" \/>\n\t\t<meta property=\"og:locale\" content=\"pt_BR\" \/>\n\t\t<meta property=\"og:site_name\" content=\"A Not\u00edcia Online - Noticias de Muria\u00e9 e regi\u00e3o\" \/>\n\t\t<meta property=\"og:type\" content=\"article\" \/>\n\t\t<meta property=\"og:title\" content=\"Profissionais de Seguran\u00e7a do Trabalho de Muria\u00e9 recebem homenagem da C\u00e2mara Municipal - A Not\u00edcia Online\" \/>\n\t\t<meta property=\"og:description\" content=\"Durante a primeira reuni\u00e3o de dezembro (4) da C\u00e2mara de Vereadores cidad\u00e3os e entidades foram homenageadas com Mo\u00e7\u00f5es de Congratula\u00e7\u00f5es e Aplausos. A vereadora Miriam Facchini (PSDB) entregou as mo\u00e7\u00f5es aprovadas na sess\u00e3o anterior a v\u00e1rios profissionais de Seguran\u00e7a do Trabalho de Muria\u00e9 em comemora\u00e7\u00e3o ao Dia destes profissionais, comemorado em 27 de novembro. Os\" \/>\n\t\t<meta property=\"og:url\" content=\"https:\/\/anoticiaonline.com.br\/site\/profissionais-de-seguranca-do-trabalho-de-muriae-recebem-homenagem-da-camara-municipal\/\" \/>\n\t\t<meta property=\"og:image\" content=\"https:\/\/scontent-gig4-1.xx.fbcdn.net\/v\/t39.30808-1\/270437624_4564083193639691_6907940295614233970_n.jpg?stp=dst-jpg_s200x200_tt6&#038;_nc_cat=111&#038;ccb=1-7&#038;_nc_sid=f907e8&#038;_nc_ohc=SM1wRlP3lJwQ7kNvwEPuBYA&#038;_nc_oc=AdnqrjDN_BNjSSHWO-GbkIWH6fkGMLw4bqvL_NH6e2wMveX7G-rP2dAqsDSq1mJMOaY&#038;_nc_zt=24&#038;_nc_ht=scontent-gig4-1.xx&#038;_nc_gid=AoBFJeGrT1hVaew_6rchkQ&#038;oh=00_AfX7QmFGhQhG2jAllVgXCiM1ZrWgvtp80-Bfppyexh1QEg&#038;oe=689E923C\" \/>\n\t\t<meta property=\"og:image:secure_url\" content=\"https:\/\/scontent-gig4-1.xx.fbcdn.net\/v\/t39.30808-1\/270437624_4564083193639691_6907940295614233970_n.jpg?stp=dst-jpg_s200x200_tt6&#038;_nc_cat=111&#038;ccb=1-7&#038;_nc_sid=f907e8&#038;_nc_ohc=SM1wRlP3lJwQ7kNvwEPuBYA&#038;_nc_oc=AdnqrjDN_BNjSSHWO-GbkIWH6fkGMLw4bqvL_NH6e2wMveX7G-rP2dAqsDSq1mJMOaY&#038;_nc_zt=24&#038;_nc_ht=scontent-gig4-1.xx&#038;_nc_gid=AoBFJeGrT1hVaew_6rchkQ&#038;oh=00_AfX7QmFGhQhG2jAllVgXCiM1ZrWgvtp80-Bfppyexh1QEg&#038;oe=689E923C\" \/>\n\t\t<meta property=\"article:published_time\" content=\"2018-12-06T19:03:54+00:00\" \/>\n\t\t<meta property=\"article:modified_time\" content=\"2018-12-06T19:06:13+00:00\" \/>\n\t\t<meta name=\"twitter:card\" content=\"summary_large_image\" \/>\n\t\t<meta name=\"twitter:title\" content=\"Profissionais de Seguran\u00e7a do Trabalho de Muria\u00e9 recebem homenagem da C\u00e2mara Municipal - A Not\u00edcia Online\" \/>\n\t\t<meta name=\"twitter:description\" content=\"Durante a primeira reuni\u00e3o de dezembro (4) da C\u00e2mara de Vereadores cidad\u00e3os e entidades foram homenageadas com Mo\u00e7\u00f5es de Congratula\u00e7\u00f5es e Aplausos. A vereadora Miriam Facchini (PSDB) entregou as mo\u00e7\u00f5es aprovadas na sess\u00e3o anterior a v\u00e1rios profissionais de Seguran\u00e7a do Trabalho de Muria\u00e9 em comemora\u00e7\u00e3o ao Dia destes profissionais, comemorado em 27 de novembro. Os\" \/>\n\t\t<meta name=\"twitter:image\" content=\"https:\/\/scontent-gig4-1.xx.fbcdn.net\/v\/t39.30808-1\/270437624_4564083193639691_6907940295614233970_n.jpg?stp=dst-jpg_s200x200_tt6&amp;_nc_cat=111&amp;ccb=1-7&amp;_nc_sid=f907e8&amp;_nc_ohc=SM1wRlP3lJwQ7kNvwEPuBYA&amp;_nc_oc=AdnqrjDN_BNjSSHWO-GbkIWH6fkGMLw4bqvL_NH6e2wMveX7G-rP2dAqsDSq1mJMOaY&amp;_nc_zt=24&amp;_nc_ht=scontent-gig4-1.xx&amp;_nc_gid=AoBFJeGrT1hVaew_6rchkQ&amp;oh=00_AfX7QmFGhQhG2jAllVgXCiM1ZrWgvtp80-Bfppyexh1QEg&amp;oe=689E923C\" \/>\n\t\t<script type=\"application\/ld+json\" class=\"aioseo-schema\">\n\t\t\t{\"@context\":\"https:\\\/\\\/schema.org\",\"@graph\":[{\"@type\":\"BlogPosting\",\"@id\":\"https:\\\/\\\/anoticiaonline.com.br\\\/site\\\/profissionais-de-seguranca-do-trabalho-de-muriae-recebem-homenagem-da-camara-municipal\\\/#blogposting\",\"name\":\"Profissionais de Seguran\\u00e7a do Trabalho de Muria\\u00e9 recebem homenagem da C\\u00e2mara Municipal - A Not\\u00edcia Online\",\"headline\":\"Profissionais de Seguran\\u00e7a do Trabalho de Muria\\u00e9 recebem homenagem da C\\u00e2mara Municipal\",\"author\":{\"@id\":\"https:\\\/\\\/anoticiaonline.com.br\\\/site\\\/author\\\/juliana\\\/#author\"},\"publisher\":{\"@id\":\"https:\\\/\\\/anoticiaonline.com.br\\\/site\\\/#organization\"},\"image\":{\"@type\":\"ImageObject\",\"url\":\"https:\\\/\\\/anoticiaonline.com.br\\\/site\\\/wp-content\\\/uploads\\\/2018\\\/12\\\/Profissionais-de-Seguran\\u00e7a-do-Trabalho-de-Muria\\u00e9-recebem-homenagem-da-C\\u00e2mara-Municipal.jpg\",\"width\":1000,\"height\":750},\"datePublished\":\"2018-12-06T16:03:54-03:00\",\"dateModified\":\"2018-12-06T16:06:13-03:00\",\"inLanguage\":\"pt-BR\",\"mainEntityOfPage\":{\"@id\":\"https:\\\/\\\/anoticiaonline.com.br\\\/site\\\/profissionais-de-seguranca-do-trabalho-de-muriae-recebem-homenagem-da-camara-municipal\\\/#webpage\"},\"isPartOf\":{\"@id\":\"https:\\\/\\\/anoticiaonline.com.br\\\/site\\\/profissionais-de-seguranca-do-trabalho-de-muriae-recebem-homenagem-da-camara-municipal\\\/#webpage\"},\"articleSection\":\"Blog, Cotidiano, C\\u00e2mara, homenagens, Miriam Facchini, Muria\\u00e9\"},{\"@type\":\"BreadcrumbList\",\"@id\":\"https:\\\/\\\/anoticiaonline.com.br\\\/site\\\/profissionais-de-seguranca-do-trabalho-de-muriae-recebem-homenagem-da-camara-municipal\\\/#breadcrumblist\",\"itemListElement\":[{\"@type\":\"ListItem\",\"@id\":\"https:\\\/\\\/anoticiaonline.com.br\\\/site#listItem\",\"position\":1,\"name\":\"Home\",\"item\":\"https:\\\/\\\/anoticiaonline.com.br\\\/site\",\"nextItem\":{\"@type\":\"ListItem\",\"@id\":\"https:\\\/\\\/anoticiaonline.com.br\\\/site\\\/categoria\\\/muriae\\\/#listItem\",\"name\":\"Blog\"}},{\"@type\":\"ListItem\",\"@id\":\"https:\\\/\\\/anoticiaonline.com.br\\\/site\\\/categoria\\\/muriae\\\/#listItem\",\"position\":2,\"name\":\"Blog\",\"item\":\"https:\\\/\\\/anoticiaonline.com.br\\\/site\\\/categoria\\\/muriae\\\/\",\"nextItem\":{\"@type\":\"ListItem\",\"@id\":\"https:\\\/\\\/anoticiaonline.com.br\\\/site\\\/categoria\\\/muriae\\\/cotidiano\\\/#listItem\",\"name\":\"Cotidiano\"},\"previousItem\":{\"@type\":\"ListItem\",\"@id\":\"https:\\\/\\\/anoticiaonline.com.br\\\/site#listItem\",\"name\":\"Home\"}},{\"@type\":\"ListItem\",\"@id\":\"https:\\\/\\\/anoticiaonline.com.br\\\/site\\\/categoria\\\/muriae\\\/cotidiano\\\/#listItem\",\"position\":3,\"name\":\"Cotidiano\",\"item\":\"https:\\\/\\\/anoticiaonline.com.br\\\/site\\\/categoria\\\/muriae\\\/cotidiano\\\/\",\"nextItem\":{\"@type\":\"ListItem\",\"@id\":\"https:\\\/\\\/anoticiaonline.com.br\\\/site\\\/profissionais-de-seguranca-do-trabalho-de-muriae-recebem-homenagem-da-camara-municipal\\\/#listItem\",\"name\":\"Profissionais de Seguran\\u00e7a do Trabalho de Muria\\u00e9 recebem homenagem da C\\u00e2mara Municipal\"},\"previousItem\":{\"@type\":\"ListItem\",\"@id\":\"https:\\\/\\\/anoticiaonline.com.br\\\/site\\\/categoria\\\/muriae\\\/#listItem\",\"name\":\"Blog\"}},{\"@type\":\"ListItem\",\"@id\":\"https:\\\/\\\/anoticiaonline.com.br\\\/site\\\/profissionais-de-seguranca-do-trabalho-de-muriae-recebem-homenagem-da-camara-municipal\\\/#listItem\",\"position\":4,\"name\":\"Profissionais de Seguran\\u00e7a do Trabalho de Muria\\u00e9 recebem homenagem da C\\u00e2mara Municipal\",\"previousItem\":{\"@type\":\"ListItem\",\"@id\":\"https:\\\/\\\/anoticiaonline.com.br\\\/site\\\/categoria\\\/muriae\\\/cotidiano\\\/#listItem\",\"name\":\"Cotidiano\"}}]},{\"@type\":\"Organization\",\"@id\":\"https:\\\/\\\/anoticiaonline.com.br\\\/site\\\/#organization\",\"name\":\"A Not\\u00edcia Online\",\"description\":\"Noticias de Muria\\u00e9 e regi\\u00e3o\",\"url\":\"https:\\\/\\\/anoticiaonline.com.br\\\/site\\\/\",\"logo\":{\"@type\":\"ImageObject\",\"url\":\"https:\\\/\\\/scontent-gig4-1.xx.fbcdn.net\\\/v\\\/t39.30808-1\\\/270437624_4564083193639691_6907940295614233970_n.jpg?stp=dst-jpg_s200x200_tt6&_nc_cat=111&ccb=1-7&_nc_sid=f907e8&_nc_ohc=SM1wRlP3lJwQ7kNvwEPuBYA&_nc_oc=AdnqrjDN_BNjSSHWO-GbkIWH6fkGMLw4bqvL_NH6e2wMveX7G-rP2dAqsDSq1mJMOaY&_nc_zt=24&_nc_ht=scontent-gig4-1.xx&_nc_gid=AoBFJeGrT1hVaew_6rchkQ&oh=00_AfX7QmFGhQhG2jAllVgXCiM1ZrWgvtp80-Bfppyexh1QEg&oe=689E923C\",\"@id\":\"https:\\\/\\\/anoticiaonline.com.br\\\/site\\\/profissionais-de-seguranca-do-trabalho-de-muriae-recebem-homenagem-da-camara-municipal\\\/#organizationLogo\"},\"image\":{\"@id\":\"https:\\\/\\\/anoticiaonline.com.br\\\/site\\\/profissionais-de-seguranca-do-trabalho-de-muriae-recebem-homenagem-da-camara-municipal\\\/#organizationLogo\"}},{\"@type\":\"Person\",\"@id\":\"https:\\\/\\\/anoticiaonline.com.br\\\/site\\\/author\\\/juliana\\\/#author\",\"url\":\"https:\\\/\\\/anoticiaonline.com.br\\\/site\\\/author\\\/juliana\\\/\",\"name\":\"Juliana Laviola\",\"image\":{\"@type\":\"ImageObject\",\"@id\":\"https:\\\/\\\/anoticiaonline.com.br\\\/site\\\/profissionais-de-seguranca-do-trabalho-de-muriae-recebem-homenagem-da-camara-municipal\\\/#authorImage\",\"url\":\"https:\\\/\\\/secure.gravatar.com\\\/avatar\\\/b8d45f5c699b100dfaf0e543582f38f38bf94cb7ae3a5e9abf8d891a34773335?s=96&d=mm&r=g\",\"width\":96,\"height\":96,\"caption\":\"Juliana Laviola\"}},{\"@type\":\"WebPage\",\"@id\":\"https:\\\/\\\/anoticiaonline.com.br\\\/site\\\/profissionais-de-seguranca-do-trabalho-de-muriae-recebem-homenagem-da-camara-municipal\\\/#webpage\",\"url\":\"https:\\\/\\\/anoticiaonline.com.br\\\/site\\\/profissionais-de-seguranca-do-trabalho-de-muriae-recebem-homenagem-da-camara-municipal\\\/\",\"name\":\"Profissionais de Seguran\\u00e7a do Trabalho de Muria\\u00e9 recebem homenagem da C\\u00e2mara Municipal - A Not\\u00edcia Online\",\"description\":\"Durante a primeira reuni\\u00e3o de dezembro (4) da C\\u00e2mara de Vereadores cidad\\u00e3os e entidades foram homenageadas com Mo\\u00e7\\u00f5es de Congratula\\u00e7\\u00f5es e Aplausos. A vereadora Miriam Facchini (PSDB) entregou as mo\\u00e7\\u00f5es aprovadas na sess\\u00e3o anterior a v\\u00e1rios profissionais de Seguran\\u00e7a do Trabalho de Muria\\u00e9 em comemora\\u00e7\\u00e3o ao Dia destes profissionais, comemorado em 27 de novembro. Os\",\"inLanguage\":\"pt-BR\",\"isPartOf\":{\"@id\":\"https:\\\/\\\/anoticiaonline.com.br\\\/site\\\/#website\"},\"breadcrumb\":{\"@id\":\"https:\\\/\\\/anoticiaonline.com.br\\\/site\\\/profissionais-de-seguranca-do-trabalho-de-muriae-recebem-homenagem-da-camara-municipal\\\/#breadcrumblist\"},\"author\":{\"@id\":\"https:\\\/\\\/anoticiaonline.com.br\\\/site\\\/author\\\/juliana\\\/#author\"},\"creator\":{\"@id\":\"https:\\\/\\\/anoticiaonline.com.br\\\/site\\\/author\\\/juliana\\\/#author\"},\"image\":{\"@type\":\"ImageObject\",\"url\":\"https:\\\/\\\/anoticiaonline.com.br\\\/site\\\/wp-content\\\/uploads\\\/2018\\\/12\\\/Profissionais-de-Seguran\\u00e7a-do-Trabalho-de-Muria\\u00e9-recebem-homenagem-da-C\\u00e2mara-Municipal.jpg\",\"@id\":\"https:\\\/\\\/anoticiaonline.com.br\\\/site\\\/profissionais-de-seguranca-do-trabalho-de-muriae-recebem-homenagem-da-camara-municipal\\\/#mainImage\",\"width\":1000,\"height\":750},\"primaryImageOfPage\":{\"@id\":\"https:\\\/\\\/anoticiaonline.com.br\\\/site\\\/profissionais-de-seguranca-do-trabalho-de-muriae-recebem-homenagem-da-camara-municipal\\\/#mainImage\"},\"datePublished\":\"2018-12-06T16:03:54-03:00\",\"dateModified\":\"2018-12-06T16:06:13-03:00\"},{\"@type\":\"WebSite\",\"@id\":\"https:\\\/\\\/anoticiaonline.com.br\\\/site\\\/#website\",\"url\":\"https:\\\/\\\/anoticiaonline.com.br\\\/site\\\/\",\"name\":\"A Not\\u00edcia Online\",\"description\":\"Noticias de Muria\\u00e9 e regi\\u00e3o\",\"inLanguage\":\"pt-BR\",\"publisher\":{\"@id\":\"https:\\\/\\\/anoticiaonline.com.br\\\/site\\\/#organization\"}}]}\n\t\t<\/script>\n\t\t<!-- All in One SEO -->\n\n","aioseo_head_json":{"title":"Profissionais de Seguran\u00e7a do Trabalho de Muria\u00e9 recebem homenagem da C\u00e2mara Municipal - A Not\u00edcia Online","description":"Durante a primeira reuni\u00e3o de dezembro (4) da C\u00e2mara de Vereadores cidad\u00e3os e entidades foram homenageadas com Mo\u00e7\u00f5es de Congratula\u00e7\u00f5es e Aplausos. A vereadora Miriam Facchini (PSDB) entregou as mo\u00e7\u00f5es aprovadas na sess\u00e3o anterior a v\u00e1rios profissionais de Seguran\u00e7a do Trabalho de Muria\u00e9 em comemora\u00e7\u00e3o ao Dia destes profissionais, comemorado em 27 de novembro. Os","canonical_url":"https:\/\/anoticiaonline.com.br\/site\/profissionais-de-seguranca-do-trabalho-de-muriae-recebem-homenagem-da-camara-municipal\/","robots":"max-image-preview:large","keywords":"","webmasterTools":{"miscellaneous":""},"schema":{"@context":"https:\/\/schema.org","@graph":[{"@type":"BlogPosting","@id":"https:\/\/anoticiaonline.com.br\/site\/profissionais-de-seguranca-do-trabalho-de-muriae-recebem-homenagem-da-camara-municipal\/#blogposting","name":"Profissionais de Seguran\u00e7a do Trabalho de Muria\u00e9 recebem homenagem da C\u00e2mara Municipal - A Not\u00edcia Online","headline":"Profissionais de Seguran\u00e7a do Trabalho de Muria\u00e9 recebem homenagem da C\u00e2mara Municipal","author":{"@id":"https:\/\/anoticiaonline.com.br\/site\/author\/juliana\/#author"},"publisher":{"@id":"https:\/\/anoticiaonline.com.br\/site\/#organization"},"image":{"@type":"ImageObject","url":"https:\/\/anoticiaonline.com.br\/site\/wp-content\/uploads\/2018\/12\/Profissionais-de-Seguran\u00e7a-do-Trabalho-de-Muria\u00e9-recebem-homenagem-da-C\u00e2mara-Municipal.jpg","width":1000,"height":750},"datePublished":"2018-12-06T16:03:54-03:00","dateModified":"2018-12-06T16:06:13-03:00","inLanguage":"pt-BR","mainEntityOfPage":{"@id":"https:\/\/anoticiaonline.com.br\/site\/profissionais-de-seguranca-do-trabalho-de-muriae-recebem-homenagem-da-camara-municipal\/#webpage"},"isPartOf":{"@id":"https:\/\/anoticiaonline.com.br\/site\/profissionais-de-seguranca-do-trabalho-de-muriae-recebem-homenagem-da-camara-municipal\/#webpage"},"articleSection":"Blog, Cotidiano, C\u00e2mara, homenagens, Miriam Facchini, Muria\u00e9"},{"@type":"BreadcrumbList","@id":"https:\/\/anoticiaonline.com.br\/site\/profissionais-de-seguranca-do-trabalho-de-muriae-recebem-homenagem-da-camara-municipal\/#breadcrumblist","itemListElement":[{"@type":"ListItem","@id":"https:\/\/anoticiaonline.com.br\/site#listItem","position":1,"name":"Home","item":"https:\/\/anoticiaonline.com.br\/site","nextItem":{"@type":"ListItem","@id":"https:\/\/anoticiaonline.com.br\/site\/categoria\/muriae\/#listItem","name":"Blog"}},{"@type":"ListItem","@id":"https:\/\/anoticiaonline.com.br\/site\/categoria\/muriae\/#listItem","position":2,"name":"Blog","item":"https:\/\/anoticiaonline.com.br\/site\/categoria\/muriae\/","nextItem":{"@type":"ListItem","@id":"https:\/\/anoticiaonline.com.br\/site\/categoria\/muriae\/cotidiano\/#listItem","name":"Cotidiano"},"previousItem":{"@type":"ListItem","@id":"https:\/\/anoticiaonline.com.br\/site#listItem","name":"Home"}},{"@type":"ListItem","@id":"https:\/\/anoticiaonline.com.br\/site\/categoria\/muriae\/cotidiano\/#listItem","position":3,"name":"Cotidiano","item":"https:\/\/anoticiaonline.com.br\/site\/categoria\/muriae\/cotidiano\/","nextItem":{"@type":"ListItem","@id":"https:\/\/anoticiaonline.com.br\/site\/profissionais-de-seguranca-do-trabalho-de-muriae-recebem-homenagem-da-camara-municipal\/#listItem","name":"Profissionais de Seguran\u00e7a do Trabalho de Muria\u00e9 recebem homenagem da C\u00e2mara Municipal"},"previousItem":{"@type":"ListItem","@id":"https:\/\/anoticiaonline.com.br\/site\/categoria\/muriae\/#listItem","name":"Blog"}},{"@type":"ListItem","@id":"https:\/\/anoticiaonline.com.br\/site\/profissionais-de-seguranca-do-trabalho-de-muriae-recebem-homenagem-da-camara-municipal\/#listItem","position":4,"name":"Profissionais de Seguran\u00e7a do Trabalho de Muria\u00e9 recebem homenagem da C\u00e2mara Municipal","previousItem":{"@type":"ListItem","@id":"https:\/\/anoticiaonline.com.br\/site\/categoria\/muriae\/cotidiano\/#listItem","name":"Cotidiano"}}]},{"@type":"Organization","@id":"https:\/\/anoticiaonline.com.br\/site\/#organization","name":"A Not\u00edcia Online","description":"Noticias de Muria\u00e9 e regi\u00e3o","url":"https:\/\/anoticiaonline.com.br\/site\/","logo":{"@type":"ImageObject","url":"https:\/\/scontent-gig4-1.xx.fbcdn.net\/v\/t39.30808-1\/270437624_4564083193639691_6907940295614233970_n.jpg?stp=dst-jpg_s200x200_tt6&_nc_cat=111&ccb=1-7&_nc_sid=f907e8&_nc_ohc=SM1wRlP3lJwQ7kNvwEPuBYA&_nc_oc=AdnqrjDN_BNjSSHWO-GbkIWH6fkGMLw4bqvL_NH6e2wMveX7G-rP2dAqsDSq1mJMOaY&_nc_zt=24&_nc_ht=scontent-gig4-1.xx&_nc_gid=AoBFJeGrT1hVaew_6rchkQ&oh=00_AfX7QmFGhQhG2jAllVgXCiM1ZrWgvtp80-Bfppyexh1QEg&oe=689E923C","@id":"https:\/\/anoticiaonline.com.br\/site\/profissionais-de-seguranca-do-trabalho-de-muriae-recebem-homenagem-da-camara-municipal\/#organizationLogo"},"image":{"@id":"https:\/\/anoticiaonline.com.br\/site\/profissionais-de-seguranca-do-trabalho-de-muriae-recebem-homenagem-da-camara-municipal\/#organizationLogo"}},{"@type":"Person","@id":"https:\/\/anoticiaonline.com.br\/site\/author\/juliana\/#author","url":"https:\/\/anoticiaonline.com.br\/site\/author\/juliana\/","name":"Juliana Laviola","image":{"@type":"ImageObject","@id":"https:\/\/anoticiaonline.com.br\/site\/profissionais-de-seguranca-do-trabalho-de-muriae-recebem-homenagem-da-camara-municipal\/#authorImage","url":"https:\/\/secure.gravatar.com\/avatar\/b8d45f5c699b100dfaf0e543582f38f38bf94cb7ae3a5e9abf8d891a34773335?s=96&d=mm&r=g","width":96,"height":96,"caption":"Juliana Laviola"}},{"@type":"WebPage","@id":"https:\/\/anoticiaonline.com.br\/site\/profissionais-de-seguranca-do-trabalho-de-muriae-recebem-homenagem-da-camara-municipal\/#webpage","url":"https:\/\/anoticiaonline.com.br\/site\/profissionais-de-seguranca-do-trabalho-de-muriae-recebem-homenagem-da-camara-municipal\/","name":"Profissionais de Seguran\u00e7a do Trabalho de Muria\u00e9 recebem homenagem da C\u00e2mara Municipal - A Not\u00edcia Online","description":"Durante a primeira reuni\u00e3o de dezembro (4) da C\u00e2mara de Vereadores cidad\u00e3os e entidades foram homenageadas com Mo\u00e7\u00f5es de Congratula\u00e7\u00f5es e Aplausos. A vereadora Miriam Facchini (PSDB) entregou as mo\u00e7\u00f5es aprovadas na sess\u00e3o anterior a v\u00e1rios profissionais de Seguran\u00e7a do Trabalho de Muria\u00e9 em comemora\u00e7\u00e3o ao Dia destes profissionais, comemorado em 27 de novembro. Os","inLanguage":"pt-BR","isPartOf":{"@id":"https:\/\/anoticiaonline.com.br\/site\/#website"},"breadcrumb":{"@id":"https:\/\/anoticiaonline.com.br\/site\/profissionais-de-seguranca-do-trabalho-de-muriae-recebem-homenagem-da-camara-municipal\/#breadcrumblist"},"author":{"@id":"https:\/\/anoticiaonline.com.br\/site\/author\/juliana\/#author"},"creator":{"@id":"https:\/\/anoticiaonline.com.br\/site\/author\/juliana\/#author"},"image":{"@type":"ImageObject","url":"https:\/\/anoticiaonline.com.br\/site\/wp-content\/uploads\/2018\/12\/Profissionais-de-Seguran\u00e7a-do-Trabalho-de-Muria\u00e9-recebem-homenagem-da-C\u00e2mara-Municipal.jpg","@id":"https:\/\/anoticiaonline.com.br\/site\/profissionais-de-seguranca-do-trabalho-de-muriae-recebem-homenagem-da-camara-municipal\/#mainImage","width":1000,"height":750},"primaryImageOfPage":{"@id":"https:\/\/anoticiaonline.com.br\/site\/profissionais-de-seguranca-do-trabalho-de-muriae-recebem-homenagem-da-camara-municipal\/#mainImage"},"datePublished":"2018-12-06T16:03:54-03:00","dateModified":"2018-12-06T16:06:13-03:00"},{"@type":"WebSite","@id":"https:\/\/anoticiaonline.com.br\/site\/#website","url":"https:\/\/anoticiaonline.com.br\/site\/","name":"A Not\u00edcia Online","description":"Noticias de Muria\u00e9 e regi\u00e3o","inLanguage":"pt-BR","publisher":{"@id":"https:\/\/anoticiaonline.com.br\/site\/#organization"}}]},"og:locale":"pt_BR","og:site_name":"A Not\u00edcia Online - Noticias de Muria\u00e9 e regi\u00e3o","og:type":"article","og:title":"Profissionais de Seguran\u00e7a do Trabalho de Muria\u00e9 recebem homenagem da C\u00e2mara Municipal - A Not\u00edcia Online","og:description":"Durante a primeira reuni\u00e3o de dezembro (4) da C\u00e2mara de Vereadores cidad\u00e3os e entidades foram homenageadas com Mo\u00e7\u00f5es de Congratula\u00e7\u00f5es e Aplausos. A vereadora Miriam Facchini (PSDB) entregou as mo\u00e7\u00f5es aprovadas na sess\u00e3o anterior a v\u00e1rios profissionais de Seguran\u00e7a do Trabalho de Muria\u00e9 em comemora\u00e7\u00e3o ao Dia destes profissionais, comemorado em 27 de novembro. Os","og:url":"https:\/\/anoticiaonline.com.br\/site\/profissionais-de-seguranca-do-trabalho-de-muriae-recebem-homenagem-da-camara-municipal\/","og:image":"https:\/\/scontent-gig4-1.xx.fbcdn.net\/v\/t39.30808-1\/270437624_4564083193639691_6907940295614233970_n.jpg?stp=dst-jpg_s200x200_tt6&#038;_nc_cat=111&#038;ccb=1-7&#038;_nc_sid=f907e8&#038;_nc_ohc=SM1wRlP3lJwQ7kNvwEPuBYA&#038;_nc_oc=AdnqrjDN_BNjSSHWO-GbkIWH6fkGMLw4bqvL_NH6e2wMveX7G-rP2dAqsDSq1mJMOaY&#038;_nc_zt=24&#038;_nc_ht=scontent-gig4-1.xx&#038;_nc_gid=AoBFJeGrT1hVaew_6rchkQ&#038;oh=00_AfX7QmFGhQhG2jAllVgXCiM1ZrWgvtp80-Bfppyexh1QEg&#038;oe=689E923C","og:image:secure_url":"https:\/\/scontent-gig4-1.xx.fbcdn.net\/v\/t39.30808-1\/270437624_4564083193639691_6907940295614233970_n.jpg?stp=dst-jpg_s200x200_tt6&#038;_nc_cat=111&#038;ccb=1-7&#038;_nc_sid=f907e8&#038;_nc_ohc=SM1wRlP3lJwQ7kNvwEPuBYA&#038;_nc_oc=AdnqrjDN_BNjSSHWO-GbkIWH6fkGMLw4bqvL_NH6e2wMveX7G-rP2dAqsDSq1mJMOaY&#038;_nc_zt=24&#038;_nc_ht=scontent-gig4-1.xx&#038;_nc_gid=AoBFJeGrT1hVaew_6rchkQ&#038;oh=00_AfX7QmFGhQhG2jAllVgXCiM1ZrWgvtp80-Bfppyexh1QEg&#038;oe=689E923C","article:published_time":"2018-12-06T19:03:54+00:00","article:modified_time":"2018-12-06T19:06:13+00:00","twitter:card":"summary_large_image","twitter:title":"Profissionais de Seguran\u00e7a do Trabalho de Muria\u00e9 recebem homenagem da C\u00e2mara Municipal - A Not\u00edcia Online","twitter:description":"Durante a primeira reuni\u00e3o de dezembro (4) da C\u00e2mara de Vereadores cidad\u00e3os e entidades foram homenageadas com Mo\u00e7\u00f5es de Congratula\u00e7\u00f5es e Aplausos. A vereadora Miriam Facchini (PSDB) entregou as mo\u00e7\u00f5es aprovadas na sess\u00e3o anterior a v\u00e1rios profissionais de Seguran\u00e7a do Trabalho de Muria\u00e9 em comemora\u00e7\u00e3o ao Dia destes profissionais, comemorado em 27 de novembro. Os","twitter:image":"https:\/\/scontent-gig4-1.xx.fbcdn.net\/v\/t39.30808-1\/270437624_4564083193639691_6907940295614233970_n.jpg?stp=dst-jpg_s200x200_tt6&_nc_cat=111&ccb=1-7&_nc_sid=f907e8&_nc_ohc=SM1wRlP3lJwQ7kNvwEPuBYA&_nc_oc=AdnqrjDN_BNjSSHWO-GbkIWH6fkGMLw4bqvL_NH6e2wMveX7G-rP2dAqsDSq1mJMOaY&_nc_zt=24&_nc_ht=scontent-gig4-1.xx&_nc_gid=AoBFJeGrT1hVaew_6rchkQ&oh=00_AfX7QmFGhQhG2jAllVgXCiM1ZrWgvtp80-Bfppyexh1QEg&oe=689E923C"},"aioseo_meta_data":{"post_id":"65591","title":null,"description":null,"keywords":null,"keyphrases":null,"primary_term":null,"canonical_url":null,"og_title":null,"og_description":null,"og_object_type":"default","og_image_type":"default","og_image_url":null,"og_image_width":null,"og_image_height":null,"og_image_custom_url":null,"og_image_custom_fields":null,"og_video":null,"og_custom_url":null,"og_article_section":null,"og_article_tags":null,"twitter_use_og":false,"twitter_card":"default","twitter_image_type":"default","twitter_image_url":null,"twitter_image_custom_url":null,"twitter_image_custom_fields":null,"twitter_title":null,"twitter_description":null,"schema":{"blockGraphs":[],"customGraphs":[],"default":{"data":{"Article":[],"Course":[],"Dataset":[],"FAQPage":[],"Movie":[],"Person":[],"Product":[],"ProductReview":[],"Car":[],"Recipe":[],"Service":[],"SoftwareApplication":[],"WebPage":[]},"graphName":"","isEnabled":true},"graphs":[]},"schema_type":"default","schema_type_options":null,"pillar_content":false,"robots_default":true,"robots_noindex":false,"robots_noarchive":false,"robots_nosnippet":false,"robots_nofollow":false,"robots_noimageindex":false,"robots_noodp":false,"robots_notranslate":false,"robots_max_snippet":null,"robots_max_videopreview":null,"robots_max_imagepreview":"large","priority":null,"frequency":null,"local_seo":null,"breadcrumb_settings":null,"limit_modified_date":false,"ai":null,"created":"2025-08-16 22:26:05","updated":"2025-08-16 22:26:05","focus_keyword":null,"additional_keywords":null,"truseo_locale":null,"seo_analyzer_scan_date":null},"aioseo_breadcrumb":"<div class=\"aioseo-breadcrumbs\"><span class=\"aioseo-breadcrumb\">\n\t\t\t<a href=\"https:\/\/anoticiaonline.com.br\/site\" title=\"Home\">Home<\/a>\n\t\t<\/span><span class=\"aioseo-breadcrumb-separator\">&raquo;<\/span><span class=\"aioseo-breadcrumb\">\n\t\t\t<a href=\"https:\/\/anoticiaonline.com.br\/site\/categoria\/muriae\/\" title=\"Blog\">Blog<\/a>\n\t\t<\/span><span class=\"aioseo-breadcrumb-separator\">&raquo;<\/span><span class=\"aioseo-breadcrumb\">\n\t\t\t<a href=\"https:\/\/anoticiaonline.com.br\/site\/categoria\/muriae\/cotidiano\/\" title=\"Cotidiano\">Cotidiano<\/a>\n\t\t<\/span><span class=\"aioseo-breadcrumb-separator\">&raquo;<\/span><span class=\"aioseo-breadcrumb\">\n\t\t\tProfissionais de Seguran\u00e7a do Trabalho de Muria\u00e9 recebem homenagem da C\u00e2mara Municipal\n\t\t<\/span><\/div>","aioseo_breadcrumb_json":[{"label":"Home","link":"https:\/\/anoticiaonline.com.br\/site"},{"label":"Blog","link":"https:\/\/anoticiaonline.com.br\/site\/categoria\/muriae\/"},{"label":"Cotidiano","link":"https:\/\/anoticiaonline.com.br\/site\/categoria\/muriae\/cotidiano\/"},{"label":"Profissionais de Seguran\u00e7a do Trabalho de Muria\u00e9 recebem homenagem da C\u00e2mara Municipal","link":"https:\/\/anoticiaonline.com.br\/site\/profissionais-de-seguranca-do-trabalho-de-muriae-recebem-homenagem-da-camara-municipal\/"}],"views":137,"_links":{"self":[{"href":"https:\/\/anoticiaonline.com.br\/site\/wp-json\/wp\/v2\/posts\/65591","targetHints":{"allow":["GET"]}}],"collection":[{"href":"https:\/\/anoticiaonline.com.br\/site\/wp-json\/wp\/v2\/posts"}],"about":[{"href":"https:\/\/anoticiaonline.com.br\/site\/wp-json\/wp\/v2\/types\/post"}],"author":[{"embeddable":true,"href":"https:\/\/anoticiaonline.com.br\/site\/wp-json\/wp\/v2\/users\/2"}],"replies":[{"embeddable":true,"href":"https:\/\/anoticiaonline.com.br\/site\/wp-json\/wp\/v2\/comments?post=65591"}],"version-history":[{"count":0,"href":"https:\/\/anoticiaonline.com.br\/site\/wp-json\/wp\/v2\/posts\/65591\/revisions"}],"wp:featuredmedia":[{"embeddable":true,"href":"https:\/\/anoticiaonline.com.br\/site\/wp-json\/wp\/v2\/media\/65592"}],"wp:attachment":[{"href":"https:\/\/anoticiaonline.com.br\/site\/wp-json\/wp\/v2\/media?parent=65591"}],"wp:term":[{"taxonomy":"category","embeddable":true,"href":"https:\/\/anoticiaonline.com.br\/site\/wp-json\/wp\/v2\/categories?post=65591"},{"taxonomy":"post_tag","embeddable":true,"href":"https:\/\/anoticiaonline.com.br\/site\/wp-json\/wp\/v2\/tags?post=65591"}],"curies":[{"name":"wp","href":"https:\/\/api.w.org\/{rel}","templated":true}]}}