{"id":65588,"date":"2018-12-06T15:54:07","date_gmt":"2018-12-06T18:54:07","guid":{"rendered":"http:\/\/anoticiaonline.com.br\/site\/?p=65588"},"modified":"2018-12-06T15:54:07","modified_gmt":"2018-12-06T18:54:07","slug":"missa-de-setimo-dia-de-sebastiao-de-lima-coelho","status":"publish","type":"post","link":"https:\/\/anoticiaonline.com.br\/site\/missa-de-setimo-dia-de-sebastiao-de-lima-coelho\/","title":{"rendered":"Missa de S\u00e9timo Dia de Sebasti\u00e3o de Lima Coelho"},"content":{"rendered":"<p><a href=\"https:\/\/anoticiaonline.com.br\/site\/wp-content\/uploads\/2018\/12\/Missa-de-S\u00e9timo-Dia-de-Sebasti\u00e3o-de-Lima-Coelho.jpeg\"><img fetchpriority=\"high\" decoding=\"async\" class=\"size-full wp-image-65589 alignleft\" src=\"https:\/\/anoticiaonline.com.br\/site\/wp-content\/uploads\/2018\/12\/Missa-de-S\u00e9timo-Dia-de-Sebasti\u00e3o-de-Lima-Coelho.jpeg\" alt=\"\" width=\"268\" height=\"313\" srcset=\"https:\/\/anoticiaonline.com.br\/site\/wp-content\/uploads\/2018\/12\/Missa-de-S\u00e9timo-Dia-de-Sebasti\u00e3o-de-Lima-Coelho.jpeg 268w, https:\/\/anoticiaonline.com.br\/site\/wp-content\/uploads\/2018\/12\/Missa-de-S\u00e9timo-Dia-de-Sebasti\u00e3o-de-Lima-Coelho-257x300.jpeg 257w\" sizes=\"(max-width: 268px) 100vw, 268px\" \/><\/a><\/p>\n<p>O jornal A Not\u00edcia comunica que a Missa de S\u00e9timo Dia de Sebasti\u00e3o de Lima Coelho, falecido no dia 1\u00ba de dezembro, ser\u00e1 na Matriz S\u00e3o Paulo, \u00e0s 19h30, neste s\u00e1bado (8). O celebrante ser\u00e1 o padre, Rafael Lima Coelho, primo de Sebasti\u00e3o.<\/p>\n","protected":false},"excerpt":{"rendered":"<p>O jornal A Not\u00edcia comunica que a Missa de S\u00e9timo Dia de Sebasti\u00e3o de Lima Coelho, falecido no dia 1\u00ba de dezembro, ser\u00e1 na Matriz S\u00e3o Paulo, \u00e0s 19h30, neste s\u00e1bado (8). O celebrante ser\u00e1 o padre, Rafael Lima Coelho, primo de Sebasti\u00e3o.<\/p>\n","protected":false},"author":2,"featured_media":65589,"comment_status":"open","ping_status":"open","sticky":false,"template":"","format":"standard","meta":{"_acf_changed":false,"_monsterinsights_skip_tracking":false,"footnotes":""},"categories":[30],"tags":[1868,74],"class_list":["post-65588","post","type-post","status-publish","format-standard","has-post-thumbnail","hentry","category-muriae","tag-missa","tag-muriae"],"acf":[],"aioseo_notices":[],"aioseo_head":"\n\t\t<!-- All in One SEO 5.0.0.1 - aioseo.com -->\n\t<meta name=\"description\" content=\"O jornal A Not\u00edcia comunica que a Missa de S\u00e9timo Dia de Sebasti\u00e3o de Lima Coelho, falecido no dia 1\u00ba de dezembro, ser\u00e1 na Matriz S\u00e3o Paulo, \u00e0s 19h30, neste s\u00e1bado (8). O celebrante ser\u00e1 o padre, Rafael Lima Coelho, primo de Sebasti\u00e3o.\" \/>\n\t<meta name=\"robots\" content=\"max-image-preview:large\" \/>\n\t<meta name=\"author\" content=\"Juliana Laviola\"\/>\n\t<link rel=\"canonical\" href=\"https:\/\/anoticiaonline.com.br\/site\/missa-de-setimo-dia-de-sebastiao-de-lima-coelho\/\" \/>\n\t<meta name=\"generator\" content=\"All in One SEO (AIOSEO) 5.0.0.1\" \/>\n\t\t<meta property=\"og:locale\" content=\"pt_BR\" \/>\n\t\t<meta property=\"og:site_name\" content=\"A Not\u00edcia Online - Noticias de Muria\u00e9 e regi\u00e3o\" \/>\n\t\t<meta property=\"og:type\" content=\"article\" \/>\n\t\t<meta property=\"og:title\" content=\"Missa de S\u00e9timo Dia de Sebasti\u00e3o de Lima Coelho - A Not\u00edcia Online\" \/>\n\t\t<meta property=\"og:description\" content=\"O jornal A Not\u00edcia comunica que a Missa de S\u00e9timo Dia de Sebasti\u00e3o de Lima Coelho, falecido no dia 1\u00ba de dezembro, ser\u00e1 na Matriz S\u00e3o Paulo, \u00e0s 19h30, neste s\u00e1bado (8). O celebrante ser\u00e1 o padre, Rafael Lima Coelho, primo de Sebasti\u00e3o.\" \/>\n\t\t<meta property=\"og:url\" content=\"https:\/\/anoticiaonline.com.br\/site\/missa-de-setimo-dia-de-sebastiao-de-lima-coelho\/\" \/>\n\t\t<meta property=\"og:image\" content=\"https:\/\/scontent-gig4-1.xx.fbcdn.net\/v\/t39.30808-1\/270437624_4564083193639691_6907940295614233970_n.jpg?stp=dst-jpg_s200x200_tt6&#038;_nc_cat=111&#038;ccb=1-7&#038;_nc_sid=f907e8&#038;_nc_ohc=SM1wRlP3lJwQ7kNvwEPuBYA&#038;_nc_oc=AdnqrjDN_BNjSSHWO-GbkIWH6fkGMLw4bqvL_NH6e2wMveX7G-rP2dAqsDSq1mJMOaY&#038;_nc_zt=24&#038;_nc_ht=scontent-gig4-1.xx&#038;_nc_gid=AoBFJeGrT1hVaew_6rchkQ&#038;oh=00_AfX7QmFGhQhG2jAllVgXCiM1ZrWgvtp80-Bfppyexh1QEg&#038;oe=689E923C\" \/>\n\t\t<meta property=\"og:image:secure_url\" content=\"https:\/\/scontent-gig4-1.xx.fbcdn.net\/v\/t39.30808-1\/270437624_4564083193639691_6907940295614233970_n.jpg?stp=dst-jpg_s200x200_tt6&#038;_nc_cat=111&#038;ccb=1-7&#038;_nc_sid=f907e8&#038;_nc_ohc=SM1wRlP3lJwQ7kNvwEPuBYA&#038;_nc_oc=AdnqrjDN_BNjSSHWO-GbkIWH6fkGMLw4bqvL_NH6e2wMveX7G-rP2dAqsDSq1mJMOaY&#038;_nc_zt=24&#038;_nc_ht=scontent-gig4-1.xx&#038;_nc_gid=AoBFJeGrT1hVaew_6rchkQ&#038;oh=00_AfX7QmFGhQhG2jAllVgXCiM1ZrWgvtp80-Bfppyexh1QEg&#038;oe=689E923C\" \/>\n\t\t<meta property=\"article:published_time\" content=\"2018-12-06T18:54:07+00:00\" \/>\n\t\t<meta property=\"article:modified_time\" content=\"2018-12-06T18:54:07+00:00\" \/>\n\t\t<meta name=\"twitter:card\" content=\"summary_large_image\" \/>\n\t\t<meta name=\"twitter:title\" content=\"Missa de S\u00e9timo Dia de Sebasti\u00e3o de Lima Coelho - A Not\u00edcia Online\" \/>\n\t\t<meta name=\"twitter:description\" content=\"O jornal A Not\u00edcia comunica que a Missa de S\u00e9timo Dia de Sebasti\u00e3o de Lima Coelho, falecido no dia 1\u00ba de dezembro, ser\u00e1 na Matriz S\u00e3o Paulo, \u00e0s 19h30, neste s\u00e1bado (8). O celebrante ser\u00e1 o padre, Rafael Lima Coelho, primo de Sebasti\u00e3o.\" \/>\n\t\t<meta name=\"twitter:image\" content=\"https:\/\/scontent-gig4-1.xx.fbcdn.net\/v\/t39.30808-1\/270437624_4564083193639691_6907940295614233970_n.jpg?stp=dst-jpg_s200x200_tt6&amp;_nc_cat=111&amp;ccb=1-7&amp;_nc_sid=f907e8&amp;_nc_ohc=SM1wRlP3lJwQ7kNvwEPuBYA&amp;_nc_oc=AdnqrjDN_BNjSSHWO-GbkIWH6fkGMLw4bqvL_NH6e2wMveX7G-rP2dAqsDSq1mJMOaY&amp;_nc_zt=24&amp;_nc_ht=scontent-gig4-1.xx&amp;_nc_gid=AoBFJeGrT1hVaew_6rchkQ&amp;oh=00_AfX7QmFGhQhG2jAllVgXCiM1ZrWgvtp80-Bfppyexh1QEg&amp;oe=689E923C\" \/>\n\t\t<script type=\"application\/ld+json\" class=\"aioseo-schema\">\n\t\t\t{\"@context\":\"https:\\\/\\\/schema.org\",\"@graph\":[{\"@type\":\"BlogPosting\",\"@id\":\"https:\\\/\\\/anoticiaonline.com.br\\\/site\\\/missa-de-setimo-dia-de-sebastiao-de-lima-coelho\\\/#blogposting\",\"name\":\"Missa de S\\u00e9timo Dia de Sebasti\\u00e3o de Lima Coelho - A Not\\u00edcia Online\",\"headline\":\"Missa de S\\u00e9timo Dia de Sebasti\\u00e3o de Lima Coelho\",\"author\":{\"@id\":\"https:\\\/\\\/anoticiaonline.com.br\\\/site\\\/author\\\/juliana\\\/#author\"},\"publisher\":{\"@id\":\"https:\\\/\\\/anoticiaonline.com.br\\\/site\\\/#organization\"},\"image\":{\"@type\":\"ImageObject\",\"url\":\"https:\\\/\\\/anoticiaonline.com.br\\\/site\\\/wp-content\\\/uploads\\\/2018\\\/12\\\/Missa-de-S\\u00e9timo-Dia-de-Sebasti\\u00e3o-de-Lima-Coelho.jpeg\",\"width\":268,\"height\":313},\"datePublished\":\"2018-12-06T15:54:07-03:00\",\"dateModified\":\"2018-12-06T15:54:07-03:00\",\"inLanguage\":\"pt-BR\",\"mainEntityOfPage\":{\"@id\":\"https:\\\/\\\/anoticiaonline.com.br\\\/site\\\/missa-de-setimo-dia-de-sebastiao-de-lima-coelho\\\/#webpage\"},\"isPartOf\":{\"@id\":\"https:\\\/\\\/anoticiaonline.com.br\\\/site\\\/missa-de-setimo-dia-de-sebastiao-de-lima-coelho\\\/#webpage\"},\"articleSection\":\"Blog, missa, Muria\\u00e9\"},{\"@type\":\"BreadcrumbList\",\"@id\":\"https:\\\/\\\/anoticiaonline.com.br\\\/site\\\/missa-de-setimo-dia-de-sebastiao-de-lima-coelho\\\/#breadcrumblist\",\"itemListElement\":[{\"@type\":\"ListItem\",\"@id\":\"https:\\\/\\\/anoticiaonline.com.br\\\/site#listItem\",\"position\":1,\"name\":\"Home\",\"item\":\"https:\\\/\\\/anoticiaonline.com.br\\\/site\",\"nextItem\":{\"@type\":\"ListItem\",\"@id\":\"https:\\\/\\\/anoticiaonline.com.br\\\/site\\\/categoria\\\/muriae\\\/#listItem\",\"name\":\"Blog\"}},{\"@type\":\"ListItem\",\"@id\":\"https:\\\/\\\/anoticiaonline.com.br\\\/site\\\/categoria\\\/muriae\\\/#listItem\",\"position\":2,\"name\":\"Blog\",\"item\":\"https:\\\/\\\/anoticiaonline.com.br\\\/site\\\/categoria\\\/muriae\\\/\",\"nextItem\":{\"@type\":\"ListItem\",\"@id\":\"https:\\\/\\\/anoticiaonline.com.br\\\/site\\\/missa-de-setimo-dia-de-sebastiao-de-lima-coelho\\\/#listItem\",\"name\":\"Missa de S\\u00e9timo Dia de Sebasti\\u00e3o de Lima Coelho\"},\"previousItem\":{\"@type\":\"ListItem\",\"@id\":\"https:\\\/\\\/anoticiaonline.com.br\\\/site#listItem\",\"name\":\"Home\"}},{\"@type\":\"ListItem\",\"@id\":\"https:\\\/\\\/anoticiaonline.com.br\\\/site\\\/missa-de-setimo-dia-de-sebastiao-de-lima-coelho\\\/#listItem\",\"position\":3,\"name\":\"Missa de S\\u00e9timo Dia de Sebasti\\u00e3o de Lima Coelho\",\"previousItem\":{\"@type\":\"ListItem\",\"@id\":\"https:\\\/\\\/anoticiaonline.com.br\\\/site\\\/categoria\\\/muriae\\\/#listItem\",\"name\":\"Blog\"}}]},{\"@type\":\"Organization\",\"@id\":\"https:\\\/\\\/anoticiaonline.com.br\\\/site\\\/#organization\",\"name\":\"A Not\\u00edcia Online\",\"description\":\"Noticias de Muria\\u00e9 e regi\\u00e3o\",\"url\":\"https:\\\/\\\/anoticiaonline.com.br\\\/site\\\/\",\"logo\":{\"@type\":\"ImageObject\",\"url\":\"https:\\\/\\\/scontent-gig4-1.xx.fbcdn.net\\\/v\\\/t39.30808-1\\\/270437624_4564083193639691_6907940295614233970_n.jpg?stp=dst-jpg_s200x200_tt6&_nc_cat=111&ccb=1-7&_nc_sid=f907e8&_nc_ohc=SM1wRlP3lJwQ7kNvwEPuBYA&_nc_oc=AdnqrjDN_BNjSSHWO-GbkIWH6fkGMLw4bqvL_NH6e2wMveX7G-rP2dAqsDSq1mJMOaY&_nc_zt=24&_nc_ht=scontent-gig4-1.xx&_nc_gid=AoBFJeGrT1hVaew_6rchkQ&oh=00_AfX7QmFGhQhG2jAllVgXCiM1ZrWgvtp80-Bfppyexh1QEg&oe=689E923C\",\"@id\":\"https:\\\/\\\/anoticiaonline.com.br\\\/site\\\/missa-de-setimo-dia-de-sebastiao-de-lima-coelho\\\/#organizationLogo\"},\"image\":{\"@id\":\"https:\\\/\\\/anoticiaonline.com.br\\\/site\\\/missa-de-setimo-dia-de-sebastiao-de-lima-coelho\\\/#organizationLogo\"}},{\"@type\":\"Person\",\"@id\":\"https:\\\/\\\/anoticiaonline.com.br\\\/site\\\/author\\\/juliana\\\/#author\",\"url\":\"https:\\\/\\\/anoticiaonline.com.br\\\/site\\\/author\\\/juliana\\\/\",\"name\":\"Juliana Laviola\",\"image\":{\"@type\":\"ImageObject\",\"@id\":\"https:\\\/\\\/anoticiaonline.com.br\\\/site\\\/missa-de-setimo-dia-de-sebastiao-de-lima-coelho\\\/#authorImage\",\"url\":\"https:\\\/\\\/secure.gravatar.com\\\/avatar\\\/b8d45f5c699b100dfaf0e543582f38f38bf94cb7ae3a5e9abf8d891a34773335?s=96&d=mm&r=g\",\"width\":96,\"height\":96,\"caption\":\"Juliana Laviola\"}},{\"@type\":\"WebPage\",\"@id\":\"https:\\\/\\\/anoticiaonline.com.br\\\/site\\\/missa-de-setimo-dia-de-sebastiao-de-lima-coelho\\\/#webpage\",\"url\":\"https:\\\/\\\/anoticiaonline.com.br\\\/site\\\/missa-de-setimo-dia-de-sebastiao-de-lima-coelho\\\/\",\"name\":\"Missa de S\\u00e9timo Dia de Sebasti\\u00e3o de Lima Coelho - A Not\\u00edcia Online\",\"description\":\"O jornal A Not\\u00edcia comunica que a Missa de S\\u00e9timo Dia de Sebasti\\u00e3o de Lima Coelho, falecido no dia 1\\u00ba de dezembro, ser\\u00e1 na Matriz S\\u00e3o Paulo, \\u00e0s 19h30, neste s\\u00e1bado (8). O celebrante ser\\u00e1 o padre, Rafael Lima Coelho, primo de Sebasti\\u00e3o.\",\"inLanguage\":\"pt-BR\",\"isPartOf\":{\"@id\":\"https:\\\/\\\/anoticiaonline.com.br\\\/site\\\/#website\"},\"breadcrumb\":{\"@id\":\"https:\\\/\\\/anoticiaonline.com.br\\\/site\\\/missa-de-setimo-dia-de-sebastiao-de-lima-coelho\\\/#breadcrumblist\"},\"author\":{\"@id\":\"https:\\\/\\\/anoticiaonline.com.br\\\/site\\\/author\\\/juliana\\\/#author\"},\"creator\":{\"@id\":\"https:\\\/\\\/anoticiaonline.com.br\\\/site\\\/author\\\/juliana\\\/#author\"},\"image\":{\"@type\":\"ImageObject\",\"url\":\"https:\\\/\\\/anoticiaonline.com.br\\\/site\\\/wp-content\\\/uploads\\\/2018\\\/12\\\/Missa-de-S\\u00e9timo-Dia-de-Sebasti\\u00e3o-de-Lima-Coelho.jpeg\",\"@id\":\"https:\\\/\\\/anoticiaonline.com.br\\\/site\\\/missa-de-setimo-dia-de-sebastiao-de-lima-coelho\\\/#mainImage\",\"width\":268,\"height\":313},\"primaryImageOfPage\":{\"@id\":\"https:\\\/\\\/anoticiaonline.com.br\\\/site\\\/missa-de-setimo-dia-de-sebastiao-de-lima-coelho\\\/#mainImage\"},\"datePublished\":\"2018-12-06T15:54:07-03:00\",\"dateModified\":\"2018-12-06T15:54:07-03:00\"},{\"@type\":\"WebSite\",\"@id\":\"https:\\\/\\\/anoticiaonline.com.br\\\/site\\\/#website\",\"url\":\"https:\\\/\\\/anoticiaonline.com.br\\\/site\\\/\",\"name\":\"A Not\\u00edcia Online\",\"description\":\"Noticias de Muria\\u00e9 e regi\\u00e3o\",\"inLanguage\":\"pt-BR\",\"publisher\":{\"@id\":\"https:\\\/\\\/anoticiaonline.com.br\\\/site\\\/#organization\"}}]}\n\t\t<\/script>\n\t\t<!-- All in One SEO -->\n\n","aioseo_head_json":{"title":"Missa de S\u00e9timo Dia de Sebasti\u00e3o de Lima Coelho - A Not\u00edcia Online","description":"O jornal A Not\u00edcia comunica que a Missa de S\u00e9timo Dia de Sebasti\u00e3o de Lima Coelho, falecido no dia 1\u00ba de dezembro, ser\u00e1 na Matriz S\u00e3o Paulo, \u00e0s 19h30, neste s\u00e1bado (8). O celebrante ser\u00e1 o padre, Rafael Lima Coelho, primo de Sebasti\u00e3o.","canonical_url":"https:\/\/anoticiaonline.com.br\/site\/missa-de-setimo-dia-de-sebastiao-de-lima-coelho\/","robots":"max-image-preview:large","keywords":"","webmasterTools":{"miscellaneous":""},"schema":{"@context":"https:\/\/schema.org","@graph":[{"@type":"BlogPosting","@id":"https:\/\/anoticiaonline.com.br\/site\/missa-de-setimo-dia-de-sebastiao-de-lima-coelho\/#blogposting","name":"Missa de S\u00e9timo Dia de Sebasti\u00e3o de Lima Coelho - A Not\u00edcia Online","headline":"Missa de S\u00e9timo Dia de Sebasti\u00e3o de Lima Coelho","author":{"@id":"https:\/\/anoticiaonline.com.br\/site\/author\/juliana\/#author"},"publisher":{"@id":"https:\/\/anoticiaonline.com.br\/site\/#organization"},"image":{"@type":"ImageObject","url":"https:\/\/anoticiaonline.com.br\/site\/wp-content\/uploads\/2018\/12\/Missa-de-S\u00e9timo-Dia-de-Sebasti\u00e3o-de-Lima-Coelho.jpeg","width":268,"height":313},"datePublished":"2018-12-06T15:54:07-03:00","dateModified":"2018-12-06T15:54:07-03:00","inLanguage":"pt-BR","mainEntityOfPage":{"@id":"https:\/\/anoticiaonline.com.br\/site\/missa-de-setimo-dia-de-sebastiao-de-lima-coelho\/#webpage"},"isPartOf":{"@id":"https:\/\/anoticiaonline.com.br\/site\/missa-de-setimo-dia-de-sebastiao-de-lima-coelho\/#webpage"},"articleSection":"Blog, missa, Muria\u00e9"},{"@type":"BreadcrumbList","@id":"https:\/\/anoticiaonline.com.br\/site\/missa-de-setimo-dia-de-sebastiao-de-lima-coelho\/#breadcrumblist","itemListElement":[{"@type":"ListItem","@id":"https:\/\/anoticiaonline.com.br\/site#listItem","position":1,"name":"Home","item":"https:\/\/anoticiaonline.com.br\/site","nextItem":{"@type":"ListItem","@id":"https:\/\/anoticiaonline.com.br\/site\/categoria\/muriae\/#listItem","name":"Blog"}},{"@type":"ListItem","@id":"https:\/\/anoticiaonline.com.br\/site\/categoria\/muriae\/#listItem","position":2,"name":"Blog","item":"https:\/\/anoticiaonline.com.br\/site\/categoria\/muriae\/","nextItem":{"@type":"ListItem","@id":"https:\/\/anoticiaonline.com.br\/site\/missa-de-setimo-dia-de-sebastiao-de-lima-coelho\/#listItem","name":"Missa de S\u00e9timo Dia de Sebasti\u00e3o de Lima Coelho"},"previousItem":{"@type":"ListItem","@id":"https:\/\/anoticiaonline.com.br\/site#listItem","name":"Home"}},{"@type":"ListItem","@id":"https:\/\/anoticiaonline.com.br\/site\/missa-de-setimo-dia-de-sebastiao-de-lima-coelho\/#listItem","position":3,"name":"Missa de S\u00e9timo Dia de Sebasti\u00e3o de Lima Coelho","previousItem":{"@type":"ListItem","@id":"https:\/\/anoticiaonline.com.br\/site\/categoria\/muriae\/#listItem","name":"Blog"}}]},{"@type":"Organization","@id":"https:\/\/anoticiaonline.com.br\/site\/#organization","name":"A Not\u00edcia Online","description":"Noticias de Muria\u00e9 e regi\u00e3o","url":"https:\/\/anoticiaonline.com.br\/site\/","logo":{"@type":"ImageObject","url":"https:\/\/scontent-gig4-1.xx.fbcdn.net\/v\/t39.30808-1\/270437624_4564083193639691_6907940295614233970_n.jpg?stp=dst-jpg_s200x200_tt6&_nc_cat=111&ccb=1-7&_nc_sid=f907e8&_nc_ohc=SM1wRlP3lJwQ7kNvwEPuBYA&_nc_oc=AdnqrjDN_BNjSSHWO-GbkIWH6fkGMLw4bqvL_NH6e2wMveX7G-rP2dAqsDSq1mJMOaY&_nc_zt=24&_nc_ht=scontent-gig4-1.xx&_nc_gid=AoBFJeGrT1hVaew_6rchkQ&oh=00_AfX7QmFGhQhG2jAllVgXCiM1ZrWgvtp80-Bfppyexh1QEg&oe=689E923C","@id":"https:\/\/anoticiaonline.com.br\/site\/missa-de-setimo-dia-de-sebastiao-de-lima-coelho\/#organizationLogo"},"image":{"@id":"https:\/\/anoticiaonline.com.br\/site\/missa-de-setimo-dia-de-sebastiao-de-lima-coelho\/#organizationLogo"}},{"@type":"Person","@id":"https:\/\/anoticiaonline.com.br\/site\/author\/juliana\/#author","url":"https:\/\/anoticiaonline.com.br\/site\/author\/juliana\/","name":"Juliana Laviola","image":{"@type":"ImageObject","@id":"https:\/\/anoticiaonline.com.br\/site\/missa-de-setimo-dia-de-sebastiao-de-lima-coelho\/#authorImage","url":"https:\/\/secure.gravatar.com\/avatar\/b8d45f5c699b100dfaf0e543582f38f38bf94cb7ae3a5e9abf8d891a34773335?s=96&d=mm&r=g","width":96,"height":96,"caption":"Juliana Laviola"}},{"@type":"WebPage","@id":"https:\/\/anoticiaonline.com.br\/site\/missa-de-setimo-dia-de-sebastiao-de-lima-coelho\/#webpage","url":"https:\/\/anoticiaonline.com.br\/site\/missa-de-setimo-dia-de-sebastiao-de-lima-coelho\/","name":"Missa de S\u00e9timo Dia de Sebasti\u00e3o de Lima Coelho - A Not\u00edcia Online","description":"O jornal A Not\u00edcia comunica que a Missa de S\u00e9timo Dia de Sebasti\u00e3o de Lima Coelho, falecido no dia 1\u00ba de dezembro, ser\u00e1 na Matriz S\u00e3o Paulo, \u00e0s 19h30, neste s\u00e1bado (8). O celebrante ser\u00e1 o padre, Rafael Lima Coelho, primo de Sebasti\u00e3o.","inLanguage":"pt-BR","isPartOf":{"@id":"https:\/\/anoticiaonline.com.br\/site\/#website"},"breadcrumb":{"@id":"https:\/\/anoticiaonline.com.br\/site\/missa-de-setimo-dia-de-sebastiao-de-lima-coelho\/#breadcrumblist"},"author":{"@id":"https:\/\/anoticiaonline.com.br\/site\/author\/juliana\/#author"},"creator":{"@id":"https:\/\/anoticiaonline.com.br\/site\/author\/juliana\/#author"},"image":{"@type":"ImageObject","url":"https:\/\/anoticiaonline.com.br\/site\/wp-content\/uploads\/2018\/12\/Missa-de-S\u00e9timo-Dia-de-Sebasti\u00e3o-de-Lima-Coelho.jpeg","@id":"https:\/\/anoticiaonline.com.br\/site\/missa-de-setimo-dia-de-sebastiao-de-lima-coelho\/#mainImage","width":268,"height":313},"primaryImageOfPage":{"@id":"https:\/\/anoticiaonline.com.br\/site\/missa-de-setimo-dia-de-sebastiao-de-lima-coelho\/#mainImage"},"datePublished":"2018-12-06T15:54:07-03:00","dateModified":"2018-12-06T15:54:07-03:00"},{"@type":"WebSite","@id":"https:\/\/anoticiaonline.com.br\/site\/#website","url":"https:\/\/anoticiaonline.com.br\/site\/","name":"A Not\u00edcia Online","description":"Noticias de Muria\u00e9 e regi\u00e3o","inLanguage":"pt-BR","publisher":{"@id":"https:\/\/anoticiaonline.com.br\/site\/#organization"}}]},"og:locale":"pt_BR","og:site_name":"A Not\u00edcia Online - Noticias de Muria\u00e9 e regi\u00e3o","og:type":"article","og:title":"Missa de S\u00e9timo Dia de Sebasti\u00e3o de Lima Coelho - A Not\u00edcia Online","og:description":"O jornal A Not\u00edcia comunica que a Missa de S\u00e9timo Dia de Sebasti\u00e3o de Lima Coelho, falecido no dia 1\u00ba de dezembro, ser\u00e1 na Matriz S\u00e3o Paulo, \u00e0s 19h30, neste s\u00e1bado (8). O celebrante ser\u00e1 o padre, Rafael Lima Coelho, primo de Sebasti\u00e3o.","og:url":"https:\/\/anoticiaonline.com.br\/site\/missa-de-setimo-dia-de-sebastiao-de-lima-coelho\/","og:image":"https:\/\/scontent-gig4-1.xx.fbcdn.net\/v\/t39.30808-1\/270437624_4564083193639691_6907940295614233970_n.jpg?stp=dst-jpg_s200x200_tt6&#038;_nc_cat=111&#038;ccb=1-7&#038;_nc_sid=f907e8&#038;_nc_ohc=SM1wRlP3lJwQ7kNvwEPuBYA&#038;_nc_oc=AdnqrjDN_BNjSSHWO-GbkIWH6fkGMLw4bqvL_NH6e2wMveX7G-rP2dAqsDSq1mJMOaY&#038;_nc_zt=24&#038;_nc_ht=scontent-gig4-1.xx&#038;_nc_gid=AoBFJeGrT1hVaew_6rchkQ&#038;oh=00_AfX7QmFGhQhG2jAllVgXCiM1ZrWgvtp80-Bfppyexh1QEg&#038;oe=689E923C","og:image:secure_url":"https:\/\/scontent-gig4-1.xx.fbcdn.net\/v\/t39.30808-1\/270437624_4564083193639691_6907940295614233970_n.jpg?stp=dst-jpg_s200x200_tt6&#038;_nc_cat=111&#038;ccb=1-7&#038;_nc_sid=f907e8&#038;_nc_ohc=SM1wRlP3lJwQ7kNvwEPuBYA&#038;_nc_oc=AdnqrjDN_BNjSSHWO-GbkIWH6fkGMLw4bqvL_NH6e2wMveX7G-rP2dAqsDSq1mJMOaY&#038;_nc_zt=24&#038;_nc_ht=scontent-gig4-1.xx&#038;_nc_gid=AoBFJeGrT1hVaew_6rchkQ&#038;oh=00_AfX7QmFGhQhG2jAllVgXCiM1ZrWgvtp80-Bfppyexh1QEg&#038;oe=689E923C","article:published_time":"2018-12-06T18:54:07+00:00","article:modified_time":"2018-12-06T18:54:07+00:00","twitter:card":"summary_large_image","twitter:title":"Missa de S\u00e9timo Dia de Sebasti\u00e3o de Lima Coelho - A Not\u00edcia Online","twitter:description":"O jornal A Not\u00edcia comunica que a Missa de S\u00e9timo Dia de Sebasti\u00e3o de Lima Coelho, falecido no dia 1\u00ba de dezembro, ser\u00e1 na Matriz S\u00e3o Paulo, \u00e0s 19h30, neste s\u00e1bado (8). O celebrante ser\u00e1 o padre, Rafael Lima Coelho, primo de Sebasti\u00e3o.","twitter:image":"https:\/\/scontent-gig4-1.xx.fbcdn.net\/v\/t39.30808-1\/270437624_4564083193639691_6907940295614233970_n.jpg?stp=dst-jpg_s200x200_tt6&_nc_cat=111&ccb=1-7&_nc_sid=f907e8&_nc_ohc=SM1wRlP3lJwQ7kNvwEPuBYA&_nc_oc=AdnqrjDN_BNjSSHWO-GbkIWH6fkGMLw4bqvL_NH6e2wMveX7G-rP2dAqsDSq1mJMOaY&_nc_zt=24&_nc_ht=scontent-gig4-1.xx&_nc_gid=AoBFJeGrT1hVaew_6rchkQ&oh=00_AfX7QmFGhQhG2jAllVgXCiM1ZrWgvtp80-Bfppyexh1QEg&oe=689E923C"},"aioseo_meta_data":{"post_id":"65588","title":null,"description":null,"keywords":null,"keyphrases":null,"primary_term":null,"canonical_url":null,"og_title":null,"og_description":null,"og_object_type":"default","og_image_type":"default","og_image_url":null,"og_image_width":null,"og_image_height":null,"og_image_custom_url":null,"og_image_custom_fields":null,"og_video":null,"og_custom_url":null,"og_article_section":null,"og_article_tags":null,"twitter_use_og":false,"twitter_card":"default","twitter_image_type":"default","twitter_image_url":null,"twitter_image_custom_url":null,"twitter_image_custom_fields":null,"twitter_title":null,"twitter_description":null,"schema":{"blockGraphs":[],"customGraphs":[],"default":{"data":{"Article":[],"Course":[],"Dataset":[],"FAQPage":[],"Movie":[],"Person":[],"Product":[],"ProductReview":[],"Car":[],"Recipe":[],"Service":[],"SoftwareApplication":[],"WebPage":[]},"graphName":"","isEnabled":true},"graphs":[]},"schema_type":"default","schema_type_options":null,"pillar_content":false,"robots_default":true,"robots_noindex":false,"robots_noarchive":false,"robots_nosnippet":false,"robots_nofollow":false,"robots_noimageindex":false,"robots_noodp":false,"robots_notranslate":false,"robots_max_snippet":null,"robots_max_videopreview":null,"robots_max_imagepreview":"large","priority":null,"frequency":null,"local_seo":null,"breadcrumb_settings":null,"limit_modified_date":false,"ai":null,"created":"2025-08-16 22:26:05","updated":"2025-08-16 22:26:05","focus_keyword":null,"additional_keywords":null,"truseo_locale":null,"seo_analyzer_scan_date":null},"aioseo_breadcrumb":"<div class=\"aioseo-breadcrumbs\"><span class=\"aioseo-breadcrumb\">\n\t\t\t<a href=\"https:\/\/anoticiaonline.com.br\/site\" title=\"Home\">Home<\/a>\n\t\t<\/span><span class=\"aioseo-breadcrumb-separator\">&raquo;<\/span><span class=\"aioseo-breadcrumb\">\n\t\t\t<a href=\"https:\/\/anoticiaonline.com.br\/site\/categoria\/muriae\/\" title=\"Blog\">Blog<\/a>\n\t\t<\/span><span class=\"aioseo-breadcrumb-separator\">&raquo;<\/span><span class=\"aioseo-breadcrumb\">\n\t\t\tMissa de S\u00e9timo Dia de Sebasti\u00e3o de Lima Coelho\n\t\t<\/span><\/div>","aioseo_breadcrumb_json":[{"label":"Home","link":"https:\/\/anoticiaonline.com.br\/site"},{"label":"Blog","link":"https:\/\/anoticiaonline.com.br\/site\/categoria\/muriae\/"},{"label":"Missa de S\u00e9timo Dia de Sebasti\u00e3o de Lima Coelho","link":"https:\/\/anoticiaonline.com.br\/site\/missa-de-setimo-dia-de-sebastiao-de-lima-coelho\/"}],"views":130,"_links":{"self":[{"href":"https:\/\/anoticiaonline.com.br\/site\/wp-json\/wp\/v2\/posts\/65588","targetHints":{"allow":["GET"]}}],"collection":[{"href":"https:\/\/anoticiaonline.com.br\/site\/wp-json\/wp\/v2\/posts"}],"about":[{"href":"https:\/\/anoticiaonline.com.br\/site\/wp-json\/wp\/v2\/types\/post"}],"author":[{"embeddable":true,"href":"https:\/\/anoticiaonline.com.br\/site\/wp-json\/wp\/v2\/users\/2"}],"replies":[{"embeddable":true,"href":"https:\/\/anoticiaonline.com.br\/site\/wp-json\/wp\/v2\/comments?post=65588"}],"version-history":[{"count":0,"href":"https:\/\/anoticiaonline.com.br\/site\/wp-json\/wp\/v2\/posts\/65588\/revisions"}],"wp:featuredmedia":[{"embeddable":true,"href":"https:\/\/anoticiaonline.com.br\/site\/wp-json\/wp\/v2\/media\/65589"}],"wp:attachment":[{"href":"https:\/\/anoticiaonline.com.br\/site\/wp-json\/wp\/v2\/media?parent=65588"}],"wp:term":[{"taxonomy":"category","embeddable":true,"href":"https:\/\/anoticiaonline.com.br\/site\/wp-json\/wp\/v2\/categories?post=65588"},{"taxonomy":"post_tag","embeddable":true,"href":"https:\/\/anoticiaonline.com.br\/site\/wp-json\/wp\/v2\/tags?post=65588"}],"curies":[{"name":"wp","href":"https:\/\/api.w.org\/{rel}","templated":true}]}}