{"id":65581,"date":"2018-12-06T15:28:47","date_gmt":"2018-12-06T18:28:47","guid":{"rendered":"http:\/\/anoticiaonline.com.br\/site\/?p=65581"},"modified":"2018-12-06T15:28:47","modified_gmt":"2018-12-06T18:28:47","slug":"cartinhas-do-natal-dos-correios-podem-ser-adotadas","status":"publish","type":"post","link":"https:\/\/anoticiaonline.com.br\/site\/cartinhas-do-natal-dos-correios-podem-ser-adotadas\/","title":{"rendered":"Cartinhas do \u201cNatal dos Correios\u201d podem ser adotadas"},"content":{"rendered":"<p><a href=\"https:\/\/anoticiaonline.com.br\/site\/wp-content\/uploads\/2018\/12\/Cartinhas-do-\u201cNatal-dos-Correios\u201d-podem-ser-adotadas.jpg\"><img fetchpriority=\"high\" decoding=\"async\" class=\"alignnone size-full wp-image-65582\" src=\"https:\/\/anoticiaonline.com.br\/site\/wp-content\/uploads\/2018\/12\/Cartinhas-do-\u201cNatal-dos-Correios\u201d-podem-ser-adotadas.jpg\" alt=\"\" width=\"1000\" height=\"667\" srcset=\"https:\/\/anoticiaonline.com.br\/site\/wp-content\/uploads\/2018\/12\/Cartinhas-do-\u201cNatal-dos-Correios\u201d-podem-ser-adotadas.jpg 1000w, https:\/\/anoticiaonline.com.br\/site\/wp-content\/uploads\/2018\/12\/Cartinhas-do-\u201cNatal-dos-Correios\u201d-podem-ser-adotadas-300x200.jpg 300w, https:\/\/anoticiaonline.com.br\/site\/wp-content\/uploads\/2018\/12\/Cartinhas-do-\u201cNatal-dos-Correios\u201d-podem-ser-adotadas-768x512.jpg 768w\" sizes=\"(max-width: 1000px) 100vw, 1000px\" \/><\/a>A tradicional campanha das cartinhas do \u201cNatal dos Correios\u201d come\u00e7ou no dia 16 de novembro em Muria\u00e9. O programa \u00e9 realizado h\u00e1 alguns anos em todo o pa\u00eds, atendendo crian\u00e7as carentes.<\/p>\n<p>As cartinhas podem ser retiradas na ag\u00eancia dos Correios, localizada na Pra\u00e7a Cel. Pacheco de Medeiros, at\u00e9 o dia 12 de dezembro. As crian\u00e7as que escrevem as cartas fazem parte da Rede P\u00fablica de Ensino da cidade. Os Correios entram em contato com as escolas e as ficam dispon\u00edveis para quem deseja apadrinhar uma ou mais crian\u00e7as. Basta chegar e escolher, n\u00e3o \u00e9 necess\u00e1rio senha e atendimento.<\/p>\n<p>Quando as cartas chegam \u00e0 ag\u00eancia dos Correios, \u00e9 feito um cadastramento e uma distribui\u00e7\u00e3o de etiquetas de endere\u00e7amento, que ser\u00e3o utilizadas pelos padrinhos para colarem nas embalagens dos presentes. A entrega \u00e9 realizada pelo carteiro em nome do Papai Noel.<\/p>\n<p>O presente deve estar enumerado com a mesma numera\u00e7\u00e3o da carta para ser entregue corretamente. A ag\u00eancia dos Correios funciona de segunda a sexta, das 9h \u00e0s 17h30. Informa\u00e7\u00f5es pelo telefone: (32) 3722-4870.<\/p>\n","protected":false},"excerpt":{"rendered":"<p>A tradicional campanha das cartinhas do \u201cNatal dos Correios\u201d come\u00e7ou no dia 16 de novembro em Muria\u00e9. O programa \u00e9 realizado h\u00e1 alguns anos em todo o pa\u00eds, atendendo crian\u00e7as carentes. As cartinhas podem ser retiradas na ag\u00eancia dos Correios, localizada na Pra\u00e7a Cel. Pacheco de Medeiros, at\u00e9 o dia 12 de dezembro. As crian\u00e7as &#8230; <a title=\"Cartinhas do \u201cNatal dos Correios\u201d podem ser adotadas\" class=\"read-more\" href=\"https:\/\/anoticiaonline.com.br\/site\/cartinhas-do-natal-dos-correios-podem-ser-adotadas\/\" aria-label=\"Read more about Cartinhas do \u201cNatal dos Correios\u201d podem ser adotadas\">Ler mais<\/a><\/p>\n","protected":false},"author":2,"featured_media":65582,"comment_status":"open","ping_status":"open","sticky":false,"template":"","format":"standard","meta":{"_acf_changed":false,"_monsterinsights_skip_tracking":false,"footnotes":""},"categories":[30,2893,1],"tags":[232,1613,233,1544,3521],"class_list":["post-65581","post","type-post","status-publish","format-standard","has-post-thumbnail","hentry","category-muriae","category-cotidiano","category-gerais","tag-campanha","tag-cartinhas","tag-correios","tag-natal","tag-papai-noel"],"acf":[],"aioseo_notices":[],"aioseo_head":"\n\t\t<!-- All in One SEO 5.0.0.1 - aioseo.com -->\n\t<meta name=\"description\" content=\"A tradicional campanha das cartinhas do \u201cNatal dos Correios\u201d come\u00e7ou no dia 16 de novembro em Muria\u00e9. O programa \u00e9 realizado h\u00e1 alguns anos em todo o pa\u00eds, atendendo crian\u00e7as carentes. As cartinhas podem ser retiradas na ag\u00eancia dos Correios, localizada na Pra\u00e7a Cel. Pacheco de Medeiros, at\u00e9 o dia 12 de dezembro. As crian\u00e7as\" \/>\n\t<meta name=\"robots\" content=\"max-image-preview:large\" \/>\n\t<meta name=\"author\" content=\"Juliana Laviola\"\/>\n\t<link rel=\"canonical\" href=\"https:\/\/anoticiaonline.com.br\/site\/cartinhas-do-natal-dos-correios-podem-ser-adotadas\/\" \/>\n\t<meta name=\"generator\" content=\"All in One SEO (AIOSEO) 5.0.0.1\" \/>\n\t\t<meta property=\"og:locale\" content=\"pt_BR\" \/>\n\t\t<meta property=\"og:site_name\" content=\"A Not\u00edcia Online - Noticias de Muria\u00e9 e regi\u00e3o\" \/>\n\t\t<meta property=\"og:type\" content=\"article\" \/>\n\t\t<meta property=\"og:title\" content=\"Cartinhas do \u201cNatal dos Correios\u201d podem ser adotadas - A Not\u00edcia Online\" \/>\n\t\t<meta property=\"og:description\" content=\"A tradicional campanha das cartinhas do \u201cNatal dos Correios\u201d come\u00e7ou no dia 16 de novembro em Muria\u00e9. O programa \u00e9 realizado h\u00e1 alguns anos em todo o pa\u00eds, atendendo crian\u00e7as carentes. As cartinhas podem ser retiradas na ag\u00eancia dos Correios, localizada na Pra\u00e7a Cel. Pacheco de Medeiros, at\u00e9 o dia 12 de dezembro. As crian\u00e7as\" \/>\n\t\t<meta property=\"og:url\" content=\"https:\/\/anoticiaonline.com.br\/site\/cartinhas-do-natal-dos-correios-podem-ser-adotadas\/\" \/>\n\t\t<meta property=\"og:image\" content=\"https:\/\/scontent-gig4-1.xx.fbcdn.net\/v\/t39.30808-1\/270437624_4564083193639691_6907940295614233970_n.jpg?stp=dst-jpg_s200x200_tt6&#038;_nc_cat=111&#038;ccb=1-7&#038;_nc_sid=f907e8&#038;_nc_ohc=SM1wRlP3lJwQ7kNvwEPuBYA&#038;_nc_oc=AdnqrjDN_BNjSSHWO-GbkIWH6fkGMLw4bqvL_NH6e2wMveX7G-rP2dAqsDSq1mJMOaY&#038;_nc_zt=24&#038;_nc_ht=scontent-gig4-1.xx&#038;_nc_gid=AoBFJeGrT1hVaew_6rchkQ&#038;oh=00_AfX7QmFGhQhG2jAllVgXCiM1ZrWgvtp80-Bfppyexh1QEg&#038;oe=689E923C\" \/>\n\t\t<meta property=\"og:image:secure_url\" content=\"https:\/\/scontent-gig4-1.xx.fbcdn.net\/v\/t39.30808-1\/270437624_4564083193639691_6907940295614233970_n.jpg?stp=dst-jpg_s200x200_tt6&#038;_nc_cat=111&#038;ccb=1-7&#038;_nc_sid=f907e8&#038;_nc_ohc=SM1wRlP3lJwQ7kNvwEPuBYA&#038;_nc_oc=AdnqrjDN_BNjSSHWO-GbkIWH6fkGMLw4bqvL_NH6e2wMveX7G-rP2dAqsDSq1mJMOaY&#038;_nc_zt=24&#038;_nc_ht=scontent-gig4-1.xx&#038;_nc_gid=AoBFJeGrT1hVaew_6rchkQ&#038;oh=00_AfX7QmFGhQhG2jAllVgXCiM1ZrWgvtp80-Bfppyexh1QEg&#038;oe=689E923C\" \/>\n\t\t<meta property=\"article:published_time\" content=\"2018-12-06T18:28:47+00:00\" \/>\n\t\t<meta property=\"article:modified_time\" content=\"2018-12-06T18:28:47+00:00\" \/>\n\t\t<meta name=\"twitter:card\" content=\"summary_large_image\" \/>\n\t\t<meta name=\"twitter:title\" content=\"Cartinhas do \u201cNatal dos Correios\u201d podem ser adotadas - A Not\u00edcia Online\" \/>\n\t\t<meta name=\"twitter:description\" content=\"A tradicional campanha das cartinhas do \u201cNatal dos Correios\u201d come\u00e7ou no dia 16 de novembro em Muria\u00e9. O programa \u00e9 realizado h\u00e1 alguns anos em todo o pa\u00eds, atendendo crian\u00e7as carentes. As cartinhas podem ser retiradas na ag\u00eancia dos Correios, localizada na Pra\u00e7a Cel. Pacheco de Medeiros, at\u00e9 o dia 12 de dezembro. As crian\u00e7as\" \/>\n\t\t<meta name=\"twitter:image\" content=\"https:\/\/scontent-gig4-1.xx.fbcdn.net\/v\/t39.30808-1\/270437624_4564083193639691_6907940295614233970_n.jpg?stp=dst-jpg_s200x200_tt6&amp;_nc_cat=111&amp;ccb=1-7&amp;_nc_sid=f907e8&amp;_nc_ohc=SM1wRlP3lJwQ7kNvwEPuBYA&amp;_nc_oc=AdnqrjDN_BNjSSHWO-GbkIWH6fkGMLw4bqvL_NH6e2wMveX7G-rP2dAqsDSq1mJMOaY&amp;_nc_zt=24&amp;_nc_ht=scontent-gig4-1.xx&amp;_nc_gid=AoBFJeGrT1hVaew_6rchkQ&amp;oh=00_AfX7QmFGhQhG2jAllVgXCiM1ZrWgvtp80-Bfppyexh1QEg&amp;oe=689E923C\" \/>\n\t\t<script type=\"application\/ld+json\" class=\"aioseo-schema\">\n\t\t\t{\"@context\":\"https:\\\/\\\/schema.org\",\"@graph\":[{\"@type\":\"BlogPosting\",\"@id\":\"https:\\\/\\\/anoticiaonline.com.br\\\/site\\\/cartinhas-do-natal-dos-correios-podem-ser-adotadas\\\/#blogposting\",\"name\":\"Cartinhas do \\u201cNatal dos Correios\\u201d podem ser adotadas - A Not\\u00edcia Online\",\"headline\":\"Cartinhas do \\u201cNatal dos Correios\\u201d podem ser adotadas\",\"author\":{\"@id\":\"https:\\\/\\\/anoticiaonline.com.br\\\/site\\\/author\\\/juliana\\\/#author\"},\"publisher\":{\"@id\":\"https:\\\/\\\/anoticiaonline.com.br\\\/site\\\/#organization\"},\"image\":{\"@type\":\"ImageObject\",\"url\":\"https:\\\/\\\/anoticiaonline.com.br\\\/site\\\/wp-content\\\/uploads\\\/2018\\\/12\\\/Cartinhas-do-\\u201cNatal-dos-Correios\\u201d-podem-ser-adotadas.jpg\",\"width\":1000,\"height\":667},\"datePublished\":\"2018-12-06T15:28:47-03:00\",\"dateModified\":\"2018-12-06T15:28:47-03:00\",\"inLanguage\":\"pt-BR\",\"mainEntityOfPage\":{\"@id\":\"https:\\\/\\\/anoticiaonline.com.br\\\/site\\\/cartinhas-do-natal-dos-correios-podem-ser-adotadas\\\/#webpage\"},\"isPartOf\":{\"@id\":\"https:\\\/\\\/anoticiaonline.com.br\\\/site\\\/cartinhas-do-natal-dos-correios-podem-ser-adotadas\\\/#webpage\"},\"articleSection\":\"Blog, Cotidiano, Gerais, campanha, cartinhas, correios, natal, papai noel\"},{\"@type\":\"BreadcrumbList\",\"@id\":\"https:\\\/\\\/anoticiaonline.com.br\\\/site\\\/cartinhas-do-natal-dos-correios-podem-ser-adotadas\\\/#breadcrumblist\",\"itemListElement\":[{\"@type\":\"ListItem\",\"@id\":\"https:\\\/\\\/anoticiaonline.com.br\\\/site#listItem\",\"position\":1,\"name\":\"Home\",\"item\":\"https:\\\/\\\/anoticiaonline.com.br\\\/site\",\"nextItem\":{\"@type\":\"ListItem\",\"@id\":\"https:\\\/\\\/anoticiaonline.com.br\\\/site\\\/categoria\\\/muriae\\\/#listItem\",\"name\":\"Blog\"}},{\"@type\":\"ListItem\",\"@id\":\"https:\\\/\\\/anoticiaonline.com.br\\\/site\\\/categoria\\\/muriae\\\/#listItem\",\"position\":2,\"name\":\"Blog\",\"item\":\"https:\\\/\\\/anoticiaonline.com.br\\\/site\\\/categoria\\\/muriae\\\/\",\"nextItem\":{\"@type\":\"ListItem\",\"@id\":\"https:\\\/\\\/anoticiaonline.com.br\\\/site\\\/categoria\\\/muriae\\\/cotidiano\\\/#listItem\",\"name\":\"Cotidiano\"},\"previousItem\":{\"@type\":\"ListItem\",\"@id\":\"https:\\\/\\\/anoticiaonline.com.br\\\/site#listItem\",\"name\":\"Home\"}},{\"@type\":\"ListItem\",\"@id\":\"https:\\\/\\\/anoticiaonline.com.br\\\/site\\\/categoria\\\/muriae\\\/cotidiano\\\/#listItem\",\"position\":3,\"name\":\"Cotidiano\",\"item\":\"https:\\\/\\\/anoticiaonline.com.br\\\/site\\\/categoria\\\/muriae\\\/cotidiano\\\/\",\"nextItem\":{\"@type\":\"ListItem\",\"@id\":\"https:\\\/\\\/anoticiaonline.com.br\\\/site\\\/cartinhas-do-natal-dos-correios-podem-ser-adotadas\\\/#listItem\",\"name\":\"Cartinhas do \\u201cNatal dos Correios\\u201d podem ser adotadas\"},\"previousItem\":{\"@type\":\"ListItem\",\"@id\":\"https:\\\/\\\/anoticiaonline.com.br\\\/site\\\/categoria\\\/muriae\\\/#listItem\",\"name\":\"Blog\"}},{\"@type\":\"ListItem\",\"@id\":\"https:\\\/\\\/anoticiaonline.com.br\\\/site\\\/cartinhas-do-natal-dos-correios-podem-ser-adotadas\\\/#listItem\",\"position\":4,\"name\":\"Cartinhas do \\u201cNatal dos Correios\\u201d podem ser adotadas\",\"previousItem\":{\"@type\":\"ListItem\",\"@id\":\"https:\\\/\\\/anoticiaonline.com.br\\\/site\\\/categoria\\\/muriae\\\/cotidiano\\\/#listItem\",\"name\":\"Cotidiano\"}}]},{\"@type\":\"Organization\",\"@id\":\"https:\\\/\\\/anoticiaonline.com.br\\\/site\\\/#organization\",\"name\":\"A Not\\u00edcia Online\",\"description\":\"Noticias de Muria\\u00e9 e regi\\u00e3o\",\"url\":\"https:\\\/\\\/anoticiaonline.com.br\\\/site\\\/\",\"logo\":{\"@type\":\"ImageObject\",\"url\":\"https:\\\/\\\/scontent-gig4-1.xx.fbcdn.net\\\/v\\\/t39.30808-1\\\/270437624_4564083193639691_6907940295614233970_n.jpg?stp=dst-jpg_s200x200_tt6&_nc_cat=111&ccb=1-7&_nc_sid=f907e8&_nc_ohc=SM1wRlP3lJwQ7kNvwEPuBYA&_nc_oc=AdnqrjDN_BNjSSHWO-GbkIWH6fkGMLw4bqvL_NH6e2wMveX7G-rP2dAqsDSq1mJMOaY&_nc_zt=24&_nc_ht=scontent-gig4-1.xx&_nc_gid=AoBFJeGrT1hVaew_6rchkQ&oh=00_AfX7QmFGhQhG2jAllVgXCiM1ZrWgvtp80-Bfppyexh1QEg&oe=689E923C\",\"@id\":\"https:\\\/\\\/anoticiaonline.com.br\\\/site\\\/cartinhas-do-natal-dos-correios-podem-ser-adotadas\\\/#organizationLogo\"},\"image\":{\"@id\":\"https:\\\/\\\/anoticiaonline.com.br\\\/site\\\/cartinhas-do-natal-dos-correios-podem-ser-adotadas\\\/#organizationLogo\"}},{\"@type\":\"Person\",\"@id\":\"https:\\\/\\\/anoticiaonline.com.br\\\/site\\\/author\\\/juliana\\\/#author\",\"url\":\"https:\\\/\\\/anoticiaonline.com.br\\\/site\\\/author\\\/juliana\\\/\",\"name\":\"Juliana Laviola\",\"image\":{\"@type\":\"ImageObject\",\"@id\":\"https:\\\/\\\/anoticiaonline.com.br\\\/site\\\/cartinhas-do-natal-dos-correios-podem-ser-adotadas\\\/#authorImage\",\"url\":\"https:\\\/\\\/secure.gravatar.com\\\/avatar\\\/b8d45f5c699b100dfaf0e543582f38f38bf94cb7ae3a5e9abf8d891a34773335?s=96&d=mm&r=g\",\"width\":96,\"height\":96,\"caption\":\"Juliana Laviola\"}},{\"@type\":\"WebPage\",\"@id\":\"https:\\\/\\\/anoticiaonline.com.br\\\/site\\\/cartinhas-do-natal-dos-correios-podem-ser-adotadas\\\/#webpage\",\"url\":\"https:\\\/\\\/anoticiaonline.com.br\\\/site\\\/cartinhas-do-natal-dos-correios-podem-ser-adotadas\\\/\",\"name\":\"Cartinhas do \\u201cNatal dos Correios\\u201d podem ser adotadas - A Not\\u00edcia Online\",\"description\":\"A tradicional campanha das cartinhas do \\u201cNatal dos Correios\\u201d come\\u00e7ou no dia 16 de novembro em Muria\\u00e9. O programa \\u00e9 realizado h\\u00e1 alguns anos em todo o pa\\u00eds, atendendo crian\\u00e7as carentes. As cartinhas podem ser retiradas na ag\\u00eancia dos Correios, localizada na Pra\\u00e7a Cel. Pacheco de Medeiros, at\\u00e9 o dia 12 de dezembro. As crian\\u00e7as\",\"inLanguage\":\"pt-BR\",\"isPartOf\":{\"@id\":\"https:\\\/\\\/anoticiaonline.com.br\\\/site\\\/#website\"},\"breadcrumb\":{\"@id\":\"https:\\\/\\\/anoticiaonline.com.br\\\/site\\\/cartinhas-do-natal-dos-correios-podem-ser-adotadas\\\/#breadcrumblist\"},\"author\":{\"@id\":\"https:\\\/\\\/anoticiaonline.com.br\\\/site\\\/author\\\/juliana\\\/#author\"},\"creator\":{\"@id\":\"https:\\\/\\\/anoticiaonline.com.br\\\/site\\\/author\\\/juliana\\\/#author\"},\"image\":{\"@type\":\"ImageObject\",\"url\":\"https:\\\/\\\/anoticiaonline.com.br\\\/site\\\/wp-content\\\/uploads\\\/2018\\\/12\\\/Cartinhas-do-\\u201cNatal-dos-Correios\\u201d-podem-ser-adotadas.jpg\",\"@id\":\"https:\\\/\\\/anoticiaonline.com.br\\\/site\\\/cartinhas-do-natal-dos-correios-podem-ser-adotadas\\\/#mainImage\",\"width\":1000,\"height\":667},\"primaryImageOfPage\":{\"@id\":\"https:\\\/\\\/anoticiaonline.com.br\\\/site\\\/cartinhas-do-natal-dos-correios-podem-ser-adotadas\\\/#mainImage\"},\"datePublished\":\"2018-12-06T15:28:47-03:00\",\"dateModified\":\"2018-12-06T15:28:47-03:00\"},{\"@type\":\"WebSite\",\"@id\":\"https:\\\/\\\/anoticiaonline.com.br\\\/site\\\/#website\",\"url\":\"https:\\\/\\\/anoticiaonline.com.br\\\/site\\\/\",\"name\":\"A Not\\u00edcia Online\",\"description\":\"Noticias de Muria\\u00e9 e regi\\u00e3o\",\"inLanguage\":\"pt-BR\",\"publisher\":{\"@id\":\"https:\\\/\\\/anoticiaonline.com.br\\\/site\\\/#organization\"}}]}\n\t\t<\/script>\n\t\t<!-- All in One SEO -->\n\n","aioseo_head_json":{"title":"Cartinhas do \u201cNatal dos Correios\u201d podem ser adotadas - A Not\u00edcia Online","description":"A tradicional campanha das cartinhas do \u201cNatal dos Correios\u201d come\u00e7ou no dia 16 de novembro em Muria\u00e9. O programa \u00e9 realizado h\u00e1 alguns anos em todo o pa\u00eds, atendendo crian\u00e7as carentes. As cartinhas podem ser retiradas na ag\u00eancia dos Correios, localizada na Pra\u00e7a Cel. Pacheco de Medeiros, at\u00e9 o dia 12 de dezembro. As crian\u00e7as","canonical_url":"https:\/\/anoticiaonline.com.br\/site\/cartinhas-do-natal-dos-correios-podem-ser-adotadas\/","robots":"max-image-preview:large","keywords":"","webmasterTools":{"miscellaneous":""},"schema":{"@context":"https:\/\/schema.org","@graph":[{"@type":"BlogPosting","@id":"https:\/\/anoticiaonline.com.br\/site\/cartinhas-do-natal-dos-correios-podem-ser-adotadas\/#blogposting","name":"Cartinhas do \u201cNatal dos Correios\u201d podem ser adotadas - A Not\u00edcia Online","headline":"Cartinhas do \u201cNatal dos Correios\u201d podem ser adotadas","author":{"@id":"https:\/\/anoticiaonline.com.br\/site\/author\/juliana\/#author"},"publisher":{"@id":"https:\/\/anoticiaonline.com.br\/site\/#organization"},"image":{"@type":"ImageObject","url":"https:\/\/anoticiaonline.com.br\/site\/wp-content\/uploads\/2018\/12\/Cartinhas-do-\u201cNatal-dos-Correios\u201d-podem-ser-adotadas.jpg","width":1000,"height":667},"datePublished":"2018-12-06T15:28:47-03:00","dateModified":"2018-12-06T15:28:47-03:00","inLanguage":"pt-BR","mainEntityOfPage":{"@id":"https:\/\/anoticiaonline.com.br\/site\/cartinhas-do-natal-dos-correios-podem-ser-adotadas\/#webpage"},"isPartOf":{"@id":"https:\/\/anoticiaonline.com.br\/site\/cartinhas-do-natal-dos-correios-podem-ser-adotadas\/#webpage"},"articleSection":"Blog, Cotidiano, Gerais, campanha, cartinhas, correios, natal, papai noel"},{"@type":"BreadcrumbList","@id":"https:\/\/anoticiaonline.com.br\/site\/cartinhas-do-natal-dos-correios-podem-ser-adotadas\/#breadcrumblist","itemListElement":[{"@type":"ListItem","@id":"https:\/\/anoticiaonline.com.br\/site#listItem","position":1,"name":"Home","item":"https:\/\/anoticiaonline.com.br\/site","nextItem":{"@type":"ListItem","@id":"https:\/\/anoticiaonline.com.br\/site\/categoria\/muriae\/#listItem","name":"Blog"}},{"@type":"ListItem","@id":"https:\/\/anoticiaonline.com.br\/site\/categoria\/muriae\/#listItem","position":2,"name":"Blog","item":"https:\/\/anoticiaonline.com.br\/site\/categoria\/muriae\/","nextItem":{"@type":"ListItem","@id":"https:\/\/anoticiaonline.com.br\/site\/categoria\/muriae\/cotidiano\/#listItem","name":"Cotidiano"},"previousItem":{"@type":"ListItem","@id":"https:\/\/anoticiaonline.com.br\/site#listItem","name":"Home"}},{"@type":"ListItem","@id":"https:\/\/anoticiaonline.com.br\/site\/categoria\/muriae\/cotidiano\/#listItem","position":3,"name":"Cotidiano","item":"https:\/\/anoticiaonline.com.br\/site\/categoria\/muriae\/cotidiano\/","nextItem":{"@type":"ListItem","@id":"https:\/\/anoticiaonline.com.br\/site\/cartinhas-do-natal-dos-correios-podem-ser-adotadas\/#listItem","name":"Cartinhas do \u201cNatal dos Correios\u201d podem ser adotadas"},"previousItem":{"@type":"ListItem","@id":"https:\/\/anoticiaonline.com.br\/site\/categoria\/muriae\/#listItem","name":"Blog"}},{"@type":"ListItem","@id":"https:\/\/anoticiaonline.com.br\/site\/cartinhas-do-natal-dos-correios-podem-ser-adotadas\/#listItem","position":4,"name":"Cartinhas do \u201cNatal dos Correios\u201d podem ser adotadas","previousItem":{"@type":"ListItem","@id":"https:\/\/anoticiaonline.com.br\/site\/categoria\/muriae\/cotidiano\/#listItem","name":"Cotidiano"}}]},{"@type":"Organization","@id":"https:\/\/anoticiaonline.com.br\/site\/#organization","name":"A Not\u00edcia Online","description":"Noticias de Muria\u00e9 e regi\u00e3o","url":"https:\/\/anoticiaonline.com.br\/site\/","logo":{"@type":"ImageObject","url":"https:\/\/scontent-gig4-1.xx.fbcdn.net\/v\/t39.30808-1\/270437624_4564083193639691_6907940295614233970_n.jpg?stp=dst-jpg_s200x200_tt6&_nc_cat=111&ccb=1-7&_nc_sid=f907e8&_nc_ohc=SM1wRlP3lJwQ7kNvwEPuBYA&_nc_oc=AdnqrjDN_BNjSSHWO-GbkIWH6fkGMLw4bqvL_NH6e2wMveX7G-rP2dAqsDSq1mJMOaY&_nc_zt=24&_nc_ht=scontent-gig4-1.xx&_nc_gid=AoBFJeGrT1hVaew_6rchkQ&oh=00_AfX7QmFGhQhG2jAllVgXCiM1ZrWgvtp80-Bfppyexh1QEg&oe=689E923C","@id":"https:\/\/anoticiaonline.com.br\/site\/cartinhas-do-natal-dos-correios-podem-ser-adotadas\/#organizationLogo"},"image":{"@id":"https:\/\/anoticiaonline.com.br\/site\/cartinhas-do-natal-dos-correios-podem-ser-adotadas\/#organizationLogo"}},{"@type":"Person","@id":"https:\/\/anoticiaonline.com.br\/site\/author\/juliana\/#author","url":"https:\/\/anoticiaonline.com.br\/site\/author\/juliana\/","name":"Juliana Laviola","image":{"@type":"ImageObject","@id":"https:\/\/anoticiaonline.com.br\/site\/cartinhas-do-natal-dos-correios-podem-ser-adotadas\/#authorImage","url":"https:\/\/secure.gravatar.com\/avatar\/b8d45f5c699b100dfaf0e543582f38f38bf94cb7ae3a5e9abf8d891a34773335?s=96&d=mm&r=g","width":96,"height":96,"caption":"Juliana Laviola"}},{"@type":"WebPage","@id":"https:\/\/anoticiaonline.com.br\/site\/cartinhas-do-natal-dos-correios-podem-ser-adotadas\/#webpage","url":"https:\/\/anoticiaonline.com.br\/site\/cartinhas-do-natal-dos-correios-podem-ser-adotadas\/","name":"Cartinhas do \u201cNatal dos Correios\u201d podem ser adotadas - A Not\u00edcia Online","description":"A tradicional campanha das cartinhas do \u201cNatal dos Correios\u201d come\u00e7ou no dia 16 de novembro em Muria\u00e9. O programa \u00e9 realizado h\u00e1 alguns anos em todo o pa\u00eds, atendendo crian\u00e7as carentes. As cartinhas podem ser retiradas na ag\u00eancia dos Correios, localizada na Pra\u00e7a Cel. Pacheco de Medeiros, at\u00e9 o dia 12 de dezembro. As crian\u00e7as","inLanguage":"pt-BR","isPartOf":{"@id":"https:\/\/anoticiaonline.com.br\/site\/#website"},"breadcrumb":{"@id":"https:\/\/anoticiaonline.com.br\/site\/cartinhas-do-natal-dos-correios-podem-ser-adotadas\/#breadcrumblist"},"author":{"@id":"https:\/\/anoticiaonline.com.br\/site\/author\/juliana\/#author"},"creator":{"@id":"https:\/\/anoticiaonline.com.br\/site\/author\/juliana\/#author"},"image":{"@type":"ImageObject","url":"https:\/\/anoticiaonline.com.br\/site\/wp-content\/uploads\/2018\/12\/Cartinhas-do-\u201cNatal-dos-Correios\u201d-podem-ser-adotadas.jpg","@id":"https:\/\/anoticiaonline.com.br\/site\/cartinhas-do-natal-dos-correios-podem-ser-adotadas\/#mainImage","width":1000,"height":667},"primaryImageOfPage":{"@id":"https:\/\/anoticiaonline.com.br\/site\/cartinhas-do-natal-dos-correios-podem-ser-adotadas\/#mainImage"},"datePublished":"2018-12-06T15:28:47-03:00","dateModified":"2018-12-06T15:28:47-03:00"},{"@type":"WebSite","@id":"https:\/\/anoticiaonline.com.br\/site\/#website","url":"https:\/\/anoticiaonline.com.br\/site\/","name":"A Not\u00edcia Online","description":"Noticias de Muria\u00e9 e regi\u00e3o","inLanguage":"pt-BR","publisher":{"@id":"https:\/\/anoticiaonline.com.br\/site\/#organization"}}]},"og:locale":"pt_BR","og:site_name":"A Not\u00edcia Online - Noticias de Muria\u00e9 e regi\u00e3o","og:type":"article","og:title":"Cartinhas do \u201cNatal dos Correios\u201d podem ser adotadas - A Not\u00edcia Online","og:description":"A tradicional campanha das cartinhas do \u201cNatal dos Correios\u201d come\u00e7ou no dia 16 de novembro em Muria\u00e9. O programa \u00e9 realizado h\u00e1 alguns anos em todo o pa\u00eds, atendendo crian\u00e7as carentes. As cartinhas podem ser retiradas na ag\u00eancia dos Correios, localizada na Pra\u00e7a Cel. Pacheco de Medeiros, at\u00e9 o dia 12 de dezembro. As crian\u00e7as","og:url":"https:\/\/anoticiaonline.com.br\/site\/cartinhas-do-natal-dos-correios-podem-ser-adotadas\/","og:image":"https:\/\/scontent-gig4-1.xx.fbcdn.net\/v\/t39.30808-1\/270437624_4564083193639691_6907940295614233970_n.jpg?stp=dst-jpg_s200x200_tt6&#038;_nc_cat=111&#038;ccb=1-7&#038;_nc_sid=f907e8&#038;_nc_ohc=SM1wRlP3lJwQ7kNvwEPuBYA&#038;_nc_oc=AdnqrjDN_BNjSSHWO-GbkIWH6fkGMLw4bqvL_NH6e2wMveX7G-rP2dAqsDSq1mJMOaY&#038;_nc_zt=24&#038;_nc_ht=scontent-gig4-1.xx&#038;_nc_gid=AoBFJeGrT1hVaew_6rchkQ&#038;oh=00_AfX7QmFGhQhG2jAllVgXCiM1ZrWgvtp80-Bfppyexh1QEg&#038;oe=689E923C","og:image:secure_url":"https:\/\/scontent-gig4-1.xx.fbcdn.net\/v\/t39.30808-1\/270437624_4564083193639691_6907940295614233970_n.jpg?stp=dst-jpg_s200x200_tt6&#038;_nc_cat=111&#038;ccb=1-7&#038;_nc_sid=f907e8&#038;_nc_ohc=SM1wRlP3lJwQ7kNvwEPuBYA&#038;_nc_oc=AdnqrjDN_BNjSSHWO-GbkIWH6fkGMLw4bqvL_NH6e2wMveX7G-rP2dAqsDSq1mJMOaY&#038;_nc_zt=24&#038;_nc_ht=scontent-gig4-1.xx&#038;_nc_gid=AoBFJeGrT1hVaew_6rchkQ&#038;oh=00_AfX7QmFGhQhG2jAllVgXCiM1ZrWgvtp80-Bfppyexh1QEg&#038;oe=689E923C","article:published_time":"2018-12-06T18:28:47+00:00","article:modified_time":"2018-12-06T18:28:47+00:00","twitter:card":"summary_large_image","twitter:title":"Cartinhas do \u201cNatal dos Correios\u201d podem ser adotadas - A Not\u00edcia Online","twitter:description":"A tradicional campanha das cartinhas do \u201cNatal dos Correios\u201d come\u00e7ou no dia 16 de novembro em Muria\u00e9. O programa \u00e9 realizado h\u00e1 alguns anos em todo o pa\u00eds, atendendo crian\u00e7as carentes. As cartinhas podem ser retiradas na ag\u00eancia dos Correios, localizada na Pra\u00e7a Cel. Pacheco de Medeiros, at\u00e9 o dia 12 de dezembro. As crian\u00e7as","twitter:image":"https:\/\/scontent-gig4-1.xx.fbcdn.net\/v\/t39.30808-1\/270437624_4564083193639691_6907940295614233970_n.jpg?stp=dst-jpg_s200x200_tt6&_nc_cat=111&ccb=1-7&_nc_sid=f907e8&_nc_ohc=SM1wRlP3lJwQ7kNvwEPuBYA&_nc_oc=AdnqrjDN_BNjSSHWO-GbkIWH6fkGMLw4bqvL_NH6e2wMveX7G-rP2dAqsDSq1mJMOaY&_nc_zt=24&_nc_ht=scontent-gig4-1.xx&_nc_gid=AoBFJeGrT1hVaew_6rchkQ&oh=00_AfX7QmFGhQhG2jAllVgXCiM1ZrWgvtp80-Bfppyexh1QEg&oe=689E923C"},"aioseo_meta_data":{"post_id":"65581","title":null,"description":null,"keywords":null,"keyphrases":null,"primary_term":null,"canonical_url":null,"og_title":null,"og_description":null,"og_object_type":"default","og_image_type":"default","og_image_url":null,"og_image_width":null,"og_image_height":null,"og_image_custom_url":null,"og_image_custom_fields":null,"og_video":null,"og_custom_url":null,"og_article_section":null,"og_article_tags":null,"twitter_use_og":false,"twitter_card":"default","twitter_image_type":"default","twitter_image_url":null,"twitter_image_custom_url":null,"twitter_image_custom_fields":null,"twitter_title":null,"twitter_description":null,"schema":{"blockGraphs":[],"customGraphs":[],"default":{"data":{"Article":[],"Course":[],"Dataset":[],"FAQPage":[],"Movie":[],"Person":[],"Product":[],"ProductReview":[],"Car":[],"Recipe":[],"Service":[],"SoftwareApplication":[],"WebPage":[]},"graphName":"","isEnabled":true},"graphs":[]},"schema_type":"default","schema_type_options":null,"pillar_content":false,"robots_default":true,"robots_noindex":false,"robots_noarchive":false,"robots_nosnippet":false,"robots_nofollow":false,"robots_noimageindex":false,"robots_noodp":false,"robots_notranslate":false,"robots_max_snippet":null,"robots_max_videopreview":null,"robots_max_imagepreview":"large","priority":null,"frequency":null,"local_seo":null,"breadcrumb_settings":null,"limit_modified_date":false,"ai":null,"created":"2025-08-16 22:24:10","updated":"2025-08-16 22:24:10","focus_keyword":null,"additional_keywords":null,"truseo_locale":null,"seo_analyzer_scan_date":null},"aioseo_breadcrumb":"<div class=\"aioseo-breadcrumbs\"><span class=\"aioseo-breadcrumb\">\n\t\t\t<a href=\"https:\/\/anoticiaonline.com.br\/site\" title=\"Home\">Home<\/a>\n\t\t<\/span><span class=\"aioseo-breadcrumb-separator\">&raquo;<\/span><span class=\"aioseo-breadcrumb\">\n\t\t\t<a href=\"https:\/\/anoticiaonline.com.br\/site\/categoria\/muriae\/\" title=\"Blog\">Blog<\/a>\n\t\t<\/span><span class=\"aioseo-breadcrumb-separator\">&raquo;<\/span><span class=\"aioseo-breadcrumb\">\n\t\t\t<a href=\"https:\/\/anoticiaonline.com.br\/site\/categoria\/muriae\/cotidiano\/\" title=\"Cotidiano\">Cotidiano<\/a>\n\t\t<\/span><span class=\"aioseo-breadcrumb-separator\">&raquo;<\/span><span class=\"aioseo-breadcrumb\">\n\t\t\tCartinhas do \u201cNatal dos Correios\u201d podem ser adotadas\n\t\t<\/span><\/div>","aioseo_breadcrumb_json":[{"label":"Home","link":"https:\/\/anoticiaonline.com.br\/site"},{"label":"Blog","link":"https:\/\/anoticiaonline.com.br\/site\/categoria\/muriae\/"},{"label":"Cotidiano","link":"https:\/\/anoticiaonline.com.br\/site\/categoria\/muriae\/cotidiano\/"},{"label":"Cartinhas do \u201cNatal dos Correios\u201d podem ser adotadas","link":"https:\/\/anoticiaonline.com.br\/site\/cartinhas-do-natal-dos-correios-podem-ser-adotadas\/"}],"views":145,"_links":{"self":[{"href":"https:\/\/anoticiaonline.com.br\/site\/wp-json\/wp\/v2\/posts\/65581","targetHints":{"allow":["GET"]}}],"collection":[{"href":"https:\/\/anoticiaonline.com.br\/site\/wp-json\/wp\/v2\/posts"}],"about":[{"href":"https:\/\/anoticiaonline.com.br\/site\/wp-json\/wp\/v2\/types\/post"}],"author":[{"embeddable":true,"href":"https:\/\/anoticiaonline.com.br\/site\/wp-json\/wp\/v2\/users\/2"}],"replies":[{"embeddable":true,"href":"https:\/\/anoticiaonline.com.br\/site\/wp-json\/wp\/v2\/comments?post=65581"}],"version-history":[{"count":0,"href":"https:\/\/anoticiaonline.com.br\/site\/wp-json\/wp\/v2\/posts\/65581\/revisions"}],"wp:featuredmedia":[{"embeddable":true,"href":"https:\/\/anoticiaonline.com.br\/site\/wp-json\/wp\/v2\/media\/65582"}],"wp:attachment":[{"href":"https:\/\/anoticiaonline.com.br\/site\/wp-json\/wp\/v2\/media?parent=65581"}],"wp:term":[{"taxonomy":"category","embeddable":true,"href":"https:\/\/anoticiaonline.com.br\/site\/wp-json\/wp\/v2\/categories?post=65581"},{"taxonomy":"post_tag","embeddable":true,"href":"https:\/\/anoticiaonline.com.br\/site\/wp-json\/wp\/v2\/tags?post=65581"}],"curies":[{"name":"wp","href":"https:\/\/api.w.org\/{rel}","templated":true}]}}