{"id":65573,"date":"2018-12-06T15:09:19","date_gmt":"2018-12-06T18:09:19","guid":{"rendered":"http:\/\/anoticiaonline.com.br\/site\/?p=65573"},"modified":"2018-12-06T15:11:57","modified_gmt":"2018-12-06T18:11:57","slug":"trabalhador-morre-ao-cair-de-uma-altura-de-aproximadamente-50-metros","status":"publish","type":"post","link":"https:\/\/anoticiaonline.com.br\/site\/trabalhador-morre-ao-cair-de-uma-altura-de-aproximadamente-50-metros\/","title":{"rendered":"Trabalhador morre ao cair de uma altura de, aproximadamente, 50 metros"},"content":{"rendered":"<p><a href=\"https:\/\/anoticiaonline.com.br\/site\/wp-content\/uploads\/2018\/12\/CAPA.jpg\"><img fetchpriority=\"high\" decoding=\"async\" class=\"alignnone size-full wp-image-65574\" src=\"https:\/\/anoticiaonline.com.br\/site\/wp-content\/uploads\/2018\/12\/CAPA.jpg\" alt=\"\" width=\"1000\" height=\"553\" srcset=\"https:\/\/anoticiaonline.com.br\/site\/wp-content\/uploads\/2018\/12\/CAPA.jpg 1000w, https:\/\/anoticiaonline.com.br\/site\/wp-content\/uploads\/2018\/12\/CAPA-300x166.jpg 300w, https:\/\/anoticiaonline.com.br\/site\/wp-content\/uploads\/2018\/12\/CAPA-768x425.jpg 768w\" sizes=\"(max-width: 1000px) 100vw, 1000px\" \/><\/a>As autoridades de Muria\u00e9 registraram um tr\u00e1gico acidente de trabalho, no fim da manh\u00e3 de quarta-feira\u00a0(5), quando um trabalhador de uma empresa de concreto caiu de uma altura de, aproximadamente, 50 metros, da obra de conten\u00e7\u00e3o da BR-116, na Serra do Belvedere, a 6 Km de Muria\u00e9.<\/p>\n<p><!--more--><\/p>\n<p>O Corpo de Bombeiros e o SAMU foram acionados com urg\u00eancia e se deslocaram de imediato para o local, onde iniciaram uma batalha para salvar Valdi\u00e9rio Sebasti\u00e3o da Silva, de 29 anos, que morreu a caminho do Hospital S\u00e3o Paulo.<\/p>\n<p>Valdi\u00e9rio foi sepultado nesta quinta-feira (6), no distrito de S\u00e3o Fernando (Muria\u00e9). Ele era casado, pai de um filho e morador do Bairro Santo Ant\u00f4nio.<\/p>\n<p><a href=\"https:\/\/anoticiaonline.com.br\/site\/wp-content\/uploads\/2018\/12\/rapaz_707x522.jpg\"><img decoding=\"async\" class=\"alignnone wp-image-65578\" src=\"https:\/\/anoticiaonline.com.br\/site\/wp-content\/uploads\/2018\/12\/rapaz_707x522.jpg\" alt=\"\" width=\"823\" height=\"608\" srcset=\"https:\/\/anoticiaonline.com.br\/site\/wp-content\/uploads\/2018\/12\/rapaz_707x522.jpg 707w, https:\/\/anoticiaonline.com.br\/site\/wp-content\/uploads\/2018\/12\/rapaz_707x522-300x221.jpg 300w\" sizes=\"(max-width: 823px) 100vw, 823px\" \/><\/a><\/p>\n<p><a href=\"https:\/\/anoticiaonline.com.br\/site\/wp-content\/uploads\/2018\/12\/Trabalhador-morre-ao-cair-de-uma-altura-de-aproximadamente-50-metros-2.jpg\"><img decoding=\"async\" class=\"alignnone size-full wp-image-65576\" src=\"https:\/\/anoticiaonline.com.br\/site\/wp-content\/uploads\/2018\/12\/Trabalhador-morre-ao-cair-de-uma-altura-de-aproximadamente-50-metros-2.jpg\" alt=\"\" width=\"1000\" height=\"666\" srcset=\"https:\/\/anoticiaonline.com.br\/site\/wp-content\/uploads\/2018\/12\/Trabalhador-morre-ao-cair-de-uma-altura-de-aproximadamente-50-metros-2.jpg 1000w, https:\/\/anoticiaonline.com.br\/site\/wp-content\/uploads\/2018\/12\/Trabalhador-morre-ao-cair-de-uma-altura-de-aproximadamente-50-metros-2-300x200.jpg 300w, https:\/\/anoticiaonline.com.br\/site\/wp-content\/uploads\/2018\/12\/Trabalhador-morre-ao-cair-de-uma-altura-de-aproximadamente-50-metros-2-768x511.jpg 768w\" sizes=\"(max-width: 1000px) 100vw, 1000px\" \/><\/a> <a href=\"https:\/\/anoticiaonline.com.br\/site\/wp-content\/uploads\/2018\/12\/Trabalhador-morre-ao-cair-de-uma-altura-de-aproximadamente-50-metros.jpg\"><img loading=\"lazy\" decoding=\"async\" class=\"alignnone size-full wp-image-65577\" src=\"https:\/\/anoticiaonline.com.br\/site\/wp-content\/uploads\/2018\/12\/Trabalhador-morre-ao-cair-de-uma-altura-de-aproximadamente-50-metros.jpg\" alt=\"\" width=\"1000\" height=\"666\" srcset=\"https:\/\/anoticiaonline.com.br\/site\/wp-content\/uploads\/2018\/12\/Trabalhador-morre-ao-cair-de-uma-altura-de-aproximadamente-50-metros.jpg 1000w, https:\/\/anoticiaonline.com.br\/site\/wp-content\/uploads\/2018\/12\/Trabalhador-morre-ao-cair-de-uma-altura-de-aproximadamente-50-metros-300x200.jpg 300w, https:\/\/anoticiaonline.com.br\/site\/wp-content\/uploads\/2018\/12\/Trabalhador-morre-ao-cair-de-uma-altura-de-aproximadamente-50-metros-768x511.jpg 768w\" sizes=\"(max-width: 1000px) 100vw, 1000px\" \/><\/a><\/p>\n<p>Cr\u00e9ditos: www.silvanalves.com.br<\/p>\n","protected":false},"excerpt":{"rendered":"<p>As autoridades de Muria\u00e9 registraram um tr\u00e1gico acidente de trabalho, no fim da manh\u00e3 de quarta-feira\u00a0(5), quando um trabalhador de uma empresa de concreto caiu de uma altura de, aproximadamente, 50 metros, da obra de conten\u00e7\u00e3o da BR-116, na Serra do Belvedere, a 6 Km de Muria\u00e9.<\/p>\n","protected":false},"author":2,"featured_media":65574,"comment_status":"open","ping_status":"open","sticky":false,"template":"","format":"standard","meta":{"_acf_changed":false,"_monsterinsights_skip_tracking":false,"footnotes":""},"categories":[30,19,1],"tags":[433,558,74,2824,3514],"class_list":["post-65573","post","type-post","status-publish","format-standard","has-post-thumbnail","hentry","category-muriae","category-cultura","category-gerais","tag-acidente","tag-morte","tag-muriae","tag-serra","tag-trabalhador"],"acf":[],"aioseo_notices":[],"aioseo_head":"\n\t\t<!-- All in One SEO 5.0.0.1 - aioseo.com -->\n\t<meta name=\"description\" content=\"As autoridades de Muria\u00e9 registraram um tr\u00e1gico acidente de trabalho, no fim da manh\u00e3 de quarta-feira (5), quando um trabalhador de uma empresa de concreto caiu de uma altura de, aproximadamente, 50 metros, da obra de conten\u00e7\u00e3o da BR-116, na Serra do Belvedere, a 6 Km de Muria\u00e9. O Corpo de Bombeiros e o SAMU foram\" \/>\n\t<meta name=\"robots\" content=\"max-image-preview:large\" \/>\n\t<meta name=\"author\" content=\"Juliana Laviola\"\/>\n\t<link rel=\"canonical\" href=\"https:\/\/anoticiaonline.com.br\/site\/trabalhador-morre-ao-cair-de-uma-altura-de-aproximadamente-50-metros\/\" \/>\n\t<meta name=\"generator\" content=\"All in One SEO (AIOSEO) 5.0.0.1\" \/>\n\t\t<meta property=\"og:locale\" content=\"pt_BR\" \/>\n\t\t<meta property=\"og:site_name\" content=\"A Not\u00edcia Online - Noticias de Muria\u00e9 e regi\u00e3o\" \/>\n\t\t<meta property=\"og:type\" content=\"article\" \/>\n\t\t<meta property=\"og:title\" content=\"Trabalhador morre ao cair de uma altura de, aproximadamente, 50 metros - A Not\u00edcia Online\" \/>\n\t\t<meta property=\"og:description\" content=\"As autoridades de Muria\u00e9 registraram um tr\u00e1gico acidente de trabalho, no fim da manh\u00e3 de quarta-feira (5), quando um trabalhador de uma empresa de concreto caiu de uma altura de, aproximadamente, 50 metros, da obra de conten\u00e7\u00e3o da BR-116, na Serra do Belvedere, a 6 Km de Muria\u00e9. O Corpo de Bombeiros e o SAMU foram\" \/>\n\t\t<meta property=\"og:url\" content=\"https:\/\/anoticiaonline.com.br\/site\/trabalhador-morre-ao-cair-de-uma-altura-de-aproximadamente-50-metros\/\" \/>\n\t\t<meta property=\"og:image\" content=\"https:\/\/scontent-gig4-1.xx.fbcdn.net\/v\/t39.30808-1\/270437624_4564083193639691_6907940295614233970_n.jpg?stp=dst-jpg_s200x200_tt6&#038;_nc_cat=111&#038;ccb=1-7&#038;_nc_sid=f907e8&#038;_nc_ohc=SM1wRlP3lJwQ7kNvwEPuBYA&#038;_nc_oc=AdnqrjDN_BNjSSHWO-GbkIWH6fkGMLw4bqvL_NH6e2wMveX7G-rP2dAqsDSq1mJMOaY&#038;_nc_zt=24&#038;_nc_ht=scontent-gig4-1.xx&#038;_nc_gid=AoBFJeGrT1hVaew_6rchkQ&#038;oh=00_AfX7QmFGhQhG2jAllVgXCiM1ZrWgvtp80-Bfppyexh1QEg&#038;oe=689E923C\" \/>\n\t\t<meta property=\"og:image:secure_url\" content=\"https:\/\/scontent-gig4-1.xx.fbcdn.net\/v\/t39.30808-1\/270437624_4564083193639691_6907940295614233970_n.jpg?stp=dst-jpg_s200x200_tt6&#038;_nc_cat=111&#038;ccb=1-7&#038;_nc_sid=f907e8&#038;_nc_ohc=SM1wRlP3lJwQ7kNvwEPuBYA&#038;_nc_oc=AdnqrjDN_BNjSSHWO-GbkIWH6fkGMLw4bqvL_NH6e2wMveX7G-rP2dAqsDSq1mJMOaY&#038;_nc_zt=24&#038;_nc_ht=scontent-gig4-1.xx&#038;_nc_gid=AoBFJeGrT1hVaew_6rchkQ&#038;oh=00_AfX7QmFGhQhG2jAllVgXCiM1ZrWgvtp80-Bfppyexh1QEg&#038;oe=689E923C\" \/>\n\t\t<meta property=\"article:published_time\" content=\"2018-12-06T18:09:19+00:00\" \/>\n\t\t<meta property=\"article:modified_time\" content=\"2018-12-06T18:11:57+00:00\" \/>\n\t\t<meta name=\"twitter:card\" content=\"summary_large_image\" \/>\n\t\t<meta name=\"twitter:title\" content=\"Trabalhador morre ao cair de uma altura de, aproximadamente, 50 metros - A Not\u00edcia Online\" \/>\n\t\t<meta name=\"twitter:description\" content=\"As autoridades de Muria\u00e9 registraram um tr\u00e1gico acidente de trabalho, no fim da manh\u00e3 de quarta-feira (5), quando um trabalhador de uma empresa de concreto caiu de uma altura de, aproximadamente, 50 metros, da obra de conten\u00e7\u00e3o da BR-116, na Serra do Belvedere, a 6 Km de Muria\u00e9. O Corpo de Bombeiros e o SAMU foram\" \/>\n\t\t<meta name=\"twitter:image\" content=\"https:\/\/scontent-gig4-1.xx.fbcdn.net\/v\/t39.30808-1\/270437624_4564083193639691_6907940295614233970_n.jpg?stp=dst-jpg_s200x200_tt6&amp;_nc_cat=111&amp;ccb=1-7&amp;_nc_sid=f907e8&amp;_nc_ohc=SM1wRlP3lJwQ7kNvwEPuBYA&amp;_nc_oc=AdnqrjDN_BNjSSHWO-GbkIWH6fkGMLw4bqvL_NH6e2wMveX7G-rP2dAqsDSq1mJMOaY&amp;_nc_zt=24&amp;_nc_ht=scontent-gig4-1.xx&amp;_nc_gid=AoBFJeGrT1hVaew_6rchkQ&amp;oh=00_AfX7QmFGhQhG2jAllVgXCiM1ZrWgvtp80-Bfppyexh1QEg&amp;oe=689E923C\" \/>\n\t\t<script type=\"application\/ld+json\" class=\"aioseo-schema\">\n\t\t\t{\"@context\":\"https:\\\/\\\/schema.org\",\"@graph\":[{\"@type\":\"BlogPosting\",\"@id\":\"https:\\\/\\\/anoticiaonline.com.br\\\/site\\\/trabalhador-morre-ao-cair-de-uma-altura-de-aproximadamente-50-metros\\\/#blogposting\",\"name\":\"Trabalhador morre ao cair de uma altura de, aproximadamente, 50 metros - A Not\\u00edcia Online\",\"headline\":\"Trabalhador morre ao cair de uma altura de, aproximadamente, 50 metros\",\"author\":{\"@id\":\"https:\\\/\\\/anoticiaonline.com.br\\\/site\\\/author\\\/juliana\\\/#author\"},\"publisher\":{\"@id\":\"https:\\\/\\\/anoticiaonline.com.br\\\/site\\\/#organization\"},\"image\":{\"@type\":\"ImageObject\",\"url\":\"https:\\\/\\\/anoticiaonline.com.br\\\/site\\\/wp-content\\\/uploads\\\/2018\\\/12\\\/CAPA.jpg\",\"width\":1000,\"height\":553},\"datePublished\":\"2018-12-06T15:09:19-03:00\",\"dateModified\":\"2018-12-06T15:11:57-03:00\",\"inLanguage\":\"pt-BR\",\"mainEntityOfPage\":{\"@id\":\"https:\\\/\\\/anoticiaonline.com.br\\\/site\\\/trabalhador-morre-ao-cair-de-uma-altura-de-aproximadamente-50-metros\\\/#webpage\"},\"isPartOf\":{\"@id\":\"https:\\\/\\\/anoticiaonline.com.br\\\/site\\\/trabalhador-morre-ao-cair-de-uma-altura-de-aproximadamente-50-metros\\\/#webpage\"},\"articleSection\":\"Blog, Cultura, Gerais, acidente, morte, Muria\\u00e9, serra, trabalhador\"},{\"@type\":\"BreadcrumbList\",\"@id\":\"https:\\\/\\\/anoticiaonline.com.br\\\/site\\\/trabalhador-morre-ao-cair-de-uma-altura-de-aproximadamente-50-metros\\\/#breadcrumblist\",\"itemListElement\":[{\"@type\":\"ListItem\",\"@id\":\"https:\\\/\\\/anoticiaonline.com.br\\\/site#listItem\",\"position\":1,\"name\":\"Home\",\"item\":\"https:\\\/\\\/anoticiaonline.com.br\\\/site\",\"nextItem\":{\"@type\":\"ListItem\",\"@id\":\"https:\\\/\\\/anoticiaonline.com.br\\\/site\\\/categoria\\\/muriae\\\/#listItem\",\"name\":\"Blog\"}},{\"@type\":\"ListItem\",\"@id\":\"https:\\\/\\\/anoticiaonline.com.br\\\/site\\\/categoria\\\/muriae\\\/#listItem\",\"position\":2,\"name\":\"Blog\",\"item\":\"https:\\\/\\\/anoticiaonline.com.br\\\/site\\\/categoria\\\/muriae\\\/\",\"nextItem\":{\"@type\":\"ListItem\",\"@id\":\"https:\\\/\\\/anoticiaonline.com.br\\\/site\\\/categoria\\\/muriae\\\/cultura\\\/#listItem\",\"name\":\"Cultura\"},\"previousItem\":{\"@type\":\"ListItem\",\"@id\":\"https:\\\/\\\/anoticiaonline.com.br\\\/site#listItem\",\"name\":\"Home\"}},{\"@type\":\"ListItem\",\"@id\":\"https:\\\/\\\/anoticiaonline.com.br\\\/site\\\/categoria\\\/muriae\\\/cultura\\\/#listItem\",\"position\":3,\"name\":\"Cultura\",\"item\":\"https:\\\/\\\/anoticiaonline.com.br\\\/site\\\/categoria\\\/muriae\\\/cultura\\\/\",\"nextItem\":{\"@type\":\"ListItem\",\"@id\":\"https:\\\/\\\/anoticiaonline.com.br\\\/site\\\/trabalhador-morre-ao-cair-de-uma-altura-de-aproximadamente-50-metros\\\/#listItem\",\"name\":\"Trabalhador morre ao cair de uma altura de, aproximadamente, 50 metros\"},\"previousItem\":{\"@type\":\"ListItem\",\"@id\":\"https:\\\/\\\/anoticiaonline.com.br\\\/site\\\/categoria\\\/muriae\\\/#listItem\",\"name\":\"Blog\"}},{\"@type\":\"ListItem\",\"@id\":\"https:\\\/\\\/anoticiaonline.com.br\\\/site\\\/trabalhador-morre-ao-cair-de-uma-altura-de-aproximadamente-50-metros\\\/#listItem\",\"position\":4,\"name\":\"Trabalhador morre ao cair de uma altura de, aproximadamente, 50 metros\",\"previousItem\":{\"@type\":\"ListItem\",\"@id\":\"https:\\\/\\\/anoticiaonline.com.br\\\/site\\\/categoria\\\/muriae\\\/cultura\\\/#listItem\",\"name\":\"Cultura\"}}]},{\"@type\":\"Organization\",\"@id\":\"https:\\\/\\\/anoticiaonline.com.br\\\/site\\\/#organization\",\"name\":\"A Not\\u00edcia Online\",\"description\":\"Noticias de Muria\\u00e9 e regi\\u00e3o\",\"url\":\"https:\\\/\\\/anoticiaonline.com.br\\\/site\\\/\",\"logo\":{\"@type\":\"ImageObject\",\"url\":\"https:\\\/\\\/scontent-gig4-1.xx.fbcdn.net\\\/v\\\/t39.30808-1\\\/270437624_4564083193639691_6907940295614233970_n.jpg?stp=dst-jpg_s200x200_tt6&_nc_cat=111&ccb=1-7&_nc_sid=f907e8&_nc_ohc=SM1wRlP3lJwQ7kNvwEPuBYA&_nc_oc=AdnqrjDN_BNjSSHWO-GbkIWH6fkGMLw4bqvL_NH6e2wMveX7G-rP2dAqsDSq1mJMOaY&_nc_zt=24&_nc_ht=scontent-gig4-1.xx&_nc_gid=AoBFJeGrT1hVaew_6rchkQ&oh=00_AfX7QmFGhQhG2jAllVgXCiM1ZrWgvtp80-Bfppyexh1QEg&oe=689E923C\",\"@id\":\"https:\\\/\\\/anoticiaonline.com.br\\\/site\\\/trabalhador-morre-ao-cair-de-uma-altura-de-aproximadamente-50-metros\\\/#organizationLogo\"},\"image\":{\"@id\":\"https:\\\/\\\/anoticiaonline.com.br\\\/site\\\/trabalhador-morre-ao-cair-de-uma-altura-de-aproximadamente-50-metros\\\/#organizationLogo\"}},{\"@type\":\"Person\",\"@id\":\"https:\\\/\\\/anoticiaonline.com.br\\\/site\\\/author\\\/juliana\\\/#author\",\"url\":\"https:\\\/\\\/anoticiaonline.com.br\\\/site\\\/author\\\/juliana\\\/\",\"name\":\"Juliana Laviola\",\"image\":{\"@type\":\"ImageObject\",\"@id\":\"https:\\\/\\\/anoticiaonline.com.br\\\/site\\\/trabalhador-morre-ao-cair-de-uma-altura-de-aproximadamente-50-metros\\\/#authorImage\",\"url\":\"https:\\\/\\\/secure.gravatar.com\\\/avatar\\\/b8d45f5c699b100dfaf0e543582f38f38bf94cb7ae3a5e9abf8d891a34773335?s=96&d=mm&r=g\",\"width\":96,\"height\":96,\"caption\":\"Juliana Laviola\"}},{\"@type\":\"WebPage\",\"@id\":\"https:\\\/\\\/anoticiaonline.com.br\\\/site\\\/trabalhador-morre-ao-cair-de-uma-altura-de-aproximadamente-50-metros\\\/#webpage\",\"url\":\"https:\\\/\\\/anoticiaonline.com.br\\\/site\\\/trabalhador-morre-ao-cair-de-uma-altura-de-aproximadamente-50-metros\\\/\",\"name\":\"Trabalhador morre ao cair de uma altura de, aproximadamente, 50 metros - A Not\\u00edcia Online\",\"description\":\"As autoridades de Muria\\u00e9 registraram um tr\\u00e1gico acidente de trabalho, no fim da manh\\u00e3 de quarta-feira (5), quando um trabalhador de uma empresa de concreto caiu de uma altura de, aproximadamente, 50 metros, da obra de conten\\u00e7\\u00e3o da BR-116, na Serra do Belvedere, a 6 Km de Muria\\u00e9. O Corpo de Bombeiros e o SAMU foram\",\"inLanguage\":\"pt-BR\",\"isPartOf\":{\"@id\":\"https:\\\/\\\/anoticiaonline.com.br\\\/site\\\/#website\"},\"breadcrumb\":{\"@id\":\"https:\\\/\\\/anoticiaonline.com.br\\\/site\\\/trabalhador-morre-ao-cair-de-uma-altura-de-aproximadamente-50-metros\\\/#breadcrumblist\"},\"author\":{\"@id\":\"https:\\\/\\\/anoticiaonline.com.br\\\/site\\\/author\\\/juliana\\\/#author\"},\"creator\":{\"@id\":\"https:\\\/\\\/anoticiaonline.com.br\\\/site\\\/author\\\/juliana\\\/#author\"},\"image\":{\"@type\":\"ImageObject\",\"url\":\"https:\\\/\\\/anoticiaonline.com.br\\\/site\\\/wp-content\\\/uploads\\\/2018\\\/12\\\/CAPA.jpg\",\"@id\":\"https:\\\/\\\/anoticiaonline.com.br\\\/site\\\/trabalhador-morre-ao-cair-de-uma-altura-de-aproximadamente-50-metros\\\/#mainImage\",\"width\":1000,\"height\":553},\"primaryImageOfPage\":{\"@id\":\"https:\\\/\\\/anoticiaonline.com.br\\\/site\\\/trabalhador-morre-ao-cair-de-uma-altura-de-aproximadamente-50-metros\\\/#mainImage\"},\"datePublished\":\"2018-12-06T15:09:19-03:00\",\"dateModified\":\"2018-12-06T15:11:57-03:00\"},{\"@type\":\"WebSite\",\"@id\":\"https:\\\/\\\/anoticiaonline.com.br\\\/site\\\/#website\",\"url\":\"https:\\\/\\\/anoticiaonline.com.br\\\/site\\\/\",\"name\":\"A Not\\u00edcia Online\",\"description\":\"Noticias de Muria\\u00e9 e regi\\u00e3o\",\"inLanguage\":\"pt-BR\",\"publisher\":{\"@id\":\"https:\\\/\\\/anoticiaonline.com.br\\\/site\\\/#organization\"}}]}\n\t\t<\/script>\n\t\t<!-- All in One SEO -->\n\n","aioseo_head_json":{"title":"Trabalhador morre ao cair de uma altura de, aproximadamente, 50 metros - A Not\u00edcia Online","description":"As autoridades de Muria\u00e9 registraram um tr\u00e1gico acidente de trabalho, no fim da manh\u00e3 de quarta-feira (5), quando um trabalhador de uma empresa de concreto caiu de uma altura de, aproximadamente, 50 metros, da obra de conten\u00e7\u00e3o da BR-116, na Serra do Belvedere, a 6 Km de Muria\u00e9. O Corpo de Bombeiros e o SAMU foram","canonical_url":"https:\/\/anoticiaonline.com.br\/site\/trabalhador-morre-ao-cair-de-uma-altura-de-aproximadamente-50-metros\/","robots":"max-image-preview:large","keywords":"","webmasterTools":{"miscellaneous":""},"schema":{"@context":"https:\/\/schema.org","@graph":[{"@type":"BlogPosting","@id":"https:\/\/anoticiaonline.com.br\/site\/trabalhador-morre-ao-cair-de-uma-altura-de-aproximadamente-50-metros\/#blogposting","name":"Trabalhador morre ao cair de uma altura de, aproximadamente, 50 metros - A Not\u00edcia Online","headline":"Trabalhador morre ao cair de uma altura de, aproximadamente, 50 metros","author":{"@id":"https:\/\/anoticiaonline.com.br\/site\/author\/juliana\/#author"},"publisher":{"@id":"https:\/\/anoticiaonline.com.br\/site\/#organization"},"image":{"@type":"ImageObject","url":"https:\/\/anoticiaonline.com.br\/site\/wp-content\/uploads\/2018\/12\/CAPA.jpg","width":1000,"height":553},"datePublished":"2018-12-06T15:09:19-03:00","dateModified":"2018-12-06T15:11:57-03:00","inLanguage":"pt-BR","mainEntityOfPage":{"@id":"https:\/\/anoticiaonline.com.br\/site\/trabalhador-morre-ao-cair-de-uma-altura-de-aproximadamente-50-metros\/#webpage"},"isPartOf":{"@id":"https:\/\/anoticiaonline.com.br\/site\/trabalhador-morre-ao-cair-de-uma-altura-de-aproximadamente-50-metros\/#webpage"},"articleSection":"Blog, Cultura, Gerais, acidente, morte, Muria\u00e9, serra, trabalhador"},{"@type":"BreadcrumbList","@id":"https:\/\/anoticiaonline.com.br\/site\/trabalhador-morre-ao-cair-de-uma-altura-de-aproximadamente-50-metros\/#breadcrumblist","itemListElement":[{"@type":"ListItem","@id":"https:\/\/anoticiaonline.com.br\/site#listItem","position":1,"name":"Home","item":"https:\/\/anoticiaonline.com.br\/site","nextItem":{"@type":"ListItem","@id":"https:\/\/anoticiaonline.com.br\/site\/categoria\/muriae\/#listItem","name":"Blog"}},{"@type":"ListItem","@id":"https:\/\/anoticiaonline.com.br\/site\/categoria\/muriae\/#listItem","position":2,"name":"Blog","item":"https:\/\/anoticiaonline.com.br\/site\/categoria\/muriae\/","nextItem":{"@type":"ListItem","@id":"https:\/\/anoticiaonline.com.br\/site\/categoria\/muriae\/cultura\/#listItem","name":"Cultura"},"previousItem":{"@type":"ListItem","@id":"https:\/\/anoticiaonline.com.br\/site#listItem","name":"Home"}},{"@type":"ListItem","@id":"https:\/\/anoticiaonline.com.br\/site\/categoria\/muriae\/cultura\/#listItem","position":3,"name":"Cultura","item":"https:\/\/anoticiaonline.com.br\/site\/categoria\/muriae\/cultura\/","nextItem":{"@type":"ListItem","@id":"https:\/\/anoticiaonline.com.br\/site\/trabalhador-morre-ao-cair-de-uma-altura-de-aproximadamente-50-metros\/#listItem","name":"Trabalhador morre ao cair de uma altura de, aproximadamente, 50 metros"},"previousItem":{"@type":"ListItem","@id":"https:\/\/anoticiaonline.com.br\/site\/categoria\/muriae\/#listItem","name":"Blog"}},{"@type":"ListItem","@id":"https:\/\/anoticiaonline.com.br\/site\/trabalhador-morre-ao-cair-de-uma-altura-de-aproximadamente-50-metros\/#listItem","position":4,"name":"Trabalhador morre ao cair de uma altura de, aproximadamente, 50 metros","previousItem":{"@type":"ListItem","@id":"https:\/\/anoticiaonline.com.br\/site\/categoria\/muriae\/cultura\/#listItem","name":"Cultura"}}]},{"@type":"Organization","@id":"https:\/\/anoticiaonline.com.br\/site\/#organization","name":"A Not\u00edcia Online","description":"Noticias de Muria\u00e9 e regi\u00e3o","url":"https:\/\/anoticiaonline.com.br\/site\/","logo":{"@type":"ImageObject","url":"https:\/\/scontent-gig4-1.xx.fbcdn.net\/v\/t39.30808-1\/270437624_4564083193639691_6907940295614233970_n.jpg?stp=dst-jpg_s200x200_tt6&_nc_cat=111&ccb=1-7&_nc_sid=f907e8&_nc_ohc=SM1wRlP3lJwQ7kNvwEPuBYA&_nc_oc=AdnqrjDN_BNjSSHWO-GbkIWH6fkGMLw4bqvL_NH6e2wMveX7G-rP2dAqsDSq1mJMOaY&_nc_zt=24&_nc_ht=scontent-gig4-1.xx&_nc_gid=AoBFJeGrT1hVaew_6rchkQ&oh=00_AfX7QmFGhQhG2jAllVgXCiM1ZrWgvtp80-Bfppyexh1QEg&oe=689E923C","@id":"https:\/\/anoticiaonline.com.br\/site\/trabalhador-morre-ao-cair-de-uma-altura-de-aproximadamente-50-metros\/#organizationLogo"},"image":{"@id":"https:\/\/anoticiaonline.com.br\/site\/trabalhador-morre-ao-cair-de-uma-altura-de-aproximadamente-50-metros\/#organizationLogo"}},{"@type":"Person","@id":"https:\/\/anoticiaonline.com.br\/site\/author\/juliana\/#author","url":"https:\/\/anoticiaonline.com.br\/site\/author\/juliana\/","name":"Juliana Laviola","image":{"@type":"ImageObject","@id":"https:\/\/anoticiaonline.com.br\/site\/trabalhador-morre-ao-cair-de-uma-altura-de-aproximadamente-50-metros\/#authorImage","url":"https:\/\/secure.gravatar.com\/avatar\/b8d45f5c699b100dfaf0e543582f38f38bf94cb7ae3a5e9abf8d891a34773335?s=96&d=mm&r=g","width":96,"height":96,"caption":"Juliana Laviola"}},{"@type":"WebPage","@id":"https:\/\/anoticiaonline.com.br\/site\/trabalhador-morre-ao-cair-de-uma-altura-de-aproximadamente-50-metros\/#webpage","url":"https:\/\/anoticiaonline.com.br\/site\/trabalhador-morre-ao-cair-de-uma-altura-de-aproximadamente-50-metros\/","name":"Trabalhador morre ao cair de uma altura de, aproximadamente, 50 metros - A Not\u00edcia Online","description":"As autoridades de Muria\u00e9 registraram um tr\u00e1gico acidente de trabalho, no fim da manh\u00e3 de quarta-feira (5), quando um trabalhador de uma empresa de concreto caiu de uma altura de, aproximadamente, 50 metros, da obra de conten\u00e7\u00e3o da BR-116, na Serra do Belvedere, a 6 Km de Muria\u00e9. O Corpo de Bombeiros e o SAMU foram","inLanguage":"pt-BR","isPartOf":{"@id":"https:\/\/anoticiaonline.com.br\/site\/#website"},"breadcrumb":{"@id":"https:\/\/anoticiaonline.com.br\/site\/trabalhador-morre-ao-cair-de-uma-altura-de-aproximadamente-50-metros\/#breadcrumblist"},"author":{"@id":"https:\/\/anoticiaonline.com.br\/site\/author\/juliana\/#author"},"creator":{"@id":"https:\/\/anoticiaonline.com.br\/site\/author\/juliana\/#author"},"image":{"@type":"ImageObject","url":"https:\/\/anoticiaonline.com.br\/site\/wp-content\/uploads\/2018\/12\/CAPA.jpg","@id":"https:\/\/anoticiaonline.com.br\/site\/trabalhador-morre-ao-cair-de-uma-altura-de-aproximadamente-50-metros\/#mainImage","width":1000,"height":553},"primaryImageOfPage":{"@id":"https:\/\/anoticiaonline.com.br\/site\/trabalhador-morre-ao-cair-de-uma-altura-de-aproximadamente-50-metros\/#mainImage"},"datePublished":"2018-12-06T15:09:19-03:00","dateModified":"2018-12-06T15:11:57-03:00"},{"@type":"WebSite","@id":"https:\/\/anoticiaonline.com.br\/site\/#website","url":"https:\/\/anoticiaonline.com.br\/site\/","name":"A Not\u00edcia Online","description":"Noticias de Muria\u00e9 e regi\u00e3o","inLanguage":"pt-BR","publisher":{"@id":"https:\/\/anoticiaonline.com.br\/site\/#organization"}}]},"og:locale":"pt_BR","og:site_name":"A Not\u00edcia Online - Noticias de Muria\u00e9 e regi\u00e3o","og:type":"article","og:title":"Trabalhador morre ao cair de uma altura de, aproximadamente, 50 metros - A Not\u00edcia Online","og:description":"As autoridades de Muria\u00e9 registraram um tr\u00e1gico acidente de trabalho, no fim da manh\u00e3 de quarta-feira (5), quando um trabalhador de uma empresa de concreto caiu de uma altura de, aproximadamente, 50 metros, da obra de conten\u00e7\u00e3o da BR-116, na Serra do Belvedere, a 6 Km de Muria\u00e9. O Corpo de Bombeiros e o SAMU foram","og:url":"https:\/\/anoticiaonline.com.br\/site\/trabalhador-morre-ao-cair-de-uma-altura-de-aproximadamente-50-metros\/","og:image":"https:\/\/scontent-gig4-1.xx.fbcdn.net\/v\/t39.30808-1\/270437624_4564083193639691_6907940295614233970_n.jpg?stp=dst-jpg_s200x200_tt6&#038;_nc_cat=111&#038;ccb=1-7&#038;_nc_sid=f907e8&#038;_nc_ohc=SM1wRlP3lJwQ7kNvwEPuBYA&#038;_nc_oc=AdnqrjDN_BNjSSHWO-GbkIWH6fkGMLw4bqvL_NH6e2wMveX7G-rP2dAqsDSq1mJMOaY&#038;_nc_zt=24&#038;_nc_ht=scontent-gig4-1.xx&#038;_nc_gid=AoBFJeGrT1hVaew_6rchkQ&#038;oh=00_AfX7QmFGhQhG2jAllVgXCiM1ZrWgvtp80-Bfppyexh1QEg&#038;oe=689E923C","og:image:secure_url":"https:\/\/scontent-gig4-1.xx.fbcdn.net\/v\/t39.30808-1\/270437624_4564083193639691_6907940295614233970_n.jpg?stp=dst-jpg_s200x200_tt6&#038;_nc_cat=111&#038;ccb=1-7&#038;_nc_sid=f907e8&#038;_nc_ohc=SM1wRlP3lJwQ7kNvwEPuBYA&#038;_nc_oc=AdnqrjDN_BNjSSHWO-GbkIWH6fkGMLw4bqvL_NH6e2wMveX7G-rP2dAqsDSq1mJMOaY&#038;_nc_zt=24&#038;_nc_ht=scontent-gig4-1.xx&#038;_nc_gid=AoBFJeGrT1hVaew_6rchkQ&#038;oh=00_AfX7QmFGhQhG2jAllVgXCiM1ZrWgvtp80-Bfppyexh1QEg&#038;oe=689E923C","article:published_time":"2018-12-06T18:09:19+00:00","article:modified_time":"2018-12-06T18:11:57+00:00","twitter:card":"summary_large_image","twitter:title":"Trabalhador morre ao cair de uma altura de, aproximadamente, 50 metros - A Not\u00edcia Online","twitter:description":"As autoridades de Muria\u00e9 registraram um tr\u00e1gico acidente de trabalho, no fim da manh\u00e3 de quarta-feira (5), quando um trabalhador de uma empresa de concreto caiu de uma altura de, aproximadamente, 50 metros, da obra de conten\u00e7\u00e3o da BR-116, na Serra do Belvedere, a 6 Km de Muria\u00e9. O Corpo de Bombeiros e o SAMU foram","twitter:image":"https:\/\/scontent-gig4-1.xx.fbcdn.net\/v\/t39.30808-1\/270437624_4564083193639691_6907940295614233970_n.jpg?stp=dst-jpg_s200x200_tt6&_nc_cat=111&ccb=1-7&_nc_sid=f907e8&_nc_ohc=SM1wRlP3lJwQ7kNvwEPuBYA&_nc_oc=AdnqrjDN_BNjSSHWO-GbkIWH6fkGMLw4bqvL_NH6e2wMveX7G-rP2dAqsDSq1mJMOaY&_nc_zt=24&_nc_ht=scontent-gig4-1.xx&_nc_gid=AoBFJeGrT1hVaew_6rchkQ&oh=00_AfX7QmFGhQhG2jAllVgXCiM1ZrWgvtp80-Bfppyexh1QEg&oe=689E923C"},"aioseo_meta_data":{"post_id":"65573","title":null,"description":null,"keywords":null,"keyphrases":null,"primary_term":null,"canonical_url":null,"og_title":null,"og_description":null,"og_object_type":"default","og_image_type":"default","og_image_url":null,"og_image_width":null,"og_image_height":null,"og_image_custom_url":null,"og_image_custom_fields":null,"og_video":null,"og_custom_url":null,"og_article_section":null,"og_article_tags":null,"twitter_use_og":false,"twitter_card":"default","twitter_image_type":"default","twitter_image_url":null,"twitter_image_custom_url":null,"twitter_image_custom_fields":null,"twitter_title":null,"twitter_description":null,"schema":{"blockGraphs":[],"customGraphs":[],"default":{"data":{"Article":[],"Course":[],"Dataset":[],"FAQPage":[],"Movie":[],"Person":[],"Product":[],"ProductReview":[],"Car":[],"Recipe":[],"Service":[],"SoftwareApplication":[],"WebPage":[]},"graphName":"","isEnabled":true},"graphs":[]},"schema_type":"default","schema_type_options":null,"pillar_content":false,"robots_default":true,"robots_noindex":false,"robots_noarchive":false,"robots_nosnippet":false,"robots_nofollow":false,"robots_noimageindex":false,"robots_noodp":false,"robots_notranslate":false,"robots_max_snippet":null,"robots_max_videopreview":null,"robots_max_imagepreview":"large","priority":null,"frequency":null,"local_seo":null,"breadcrumb_settings":null,"limit_modified_date":false,"ai":null,"created":"2025-08-16 22:24:10","updated":"2025-08-16 22:24:10","focus_keyword":null,"additional_keywords":null,"truseo_locale":null,"seo_analyzer_scan_date":null},"aioseo_breadcrumb":"<div class=\"aioseo-breadcrumbs\"><span class=\"aioseo-breadcrumb\">\n\t\t\t<a href=\"https:\/\/anoticiaonline.com.br\/site\" title=\"Home\">Home<\/a>\n\t\t<\/span><span class=\"aioseo-breadcrumb-separator\">&raquo;<\/span><span class=\"aioseo-breadcrumb\">\n\t\t\t<a href=\"https:\/\/anoticiaonline.com.br\/site\/categoria\/muriae\/\" title=\"Blog\">Blog<\/a>\n\t\t<\/span><span class=\"aioseo-breadcrumb-separator\">&raquo;<\/span><span class=\"aioseo-breadcrumb\">\n\t\t\t<a href=\"https:\/\/anoticiaonline.com.br\/site\/categoria\/muriae\/cultura\/\" title=\"Cultura\">Cultura<\/a>\n\t\t<\/span><span class=\"aioseo-breadcrumb-separator\">&raquo;<\/span><span class=\"aioseo-breadcrumb\">\n\t\t\tTrabalhador morre ao cair de uma altura de, aproximadamente, 50 metros\n\t\t<\/span><\/div>","aioseo_breadcrumb_json":[{"label":"Home","link":"https:\/\/anoticiaonline.com.br\/site"},{"label":"Blog","link":"https:\/\/anoticiaonline.com.br\/site\/categoria\/muriae\/"},{"label":"Cultura","link":"https:\/\/anoticiaonline.com.br\/site\/categoria\/muriae\/cultura\/"},{"label":"Trabalhador morre ao cair de uma altura de, aproximadamente, 50 metros","link":"https:\/\/anoticiaonline.com.br\/site\/trabalhador-morre-ao-cair-de-uma-altura-de-aproximadamente-50-metros\/"}],"views":147,"_links":{"self":[{"href":"https:\/\/anoticiaonline.com.br\/site\/wp-json\/wp\/v2\/posts\/65573","targetHints":{"allow":["GET"]}}],"collection":[{"href":"https:\/\/anoticiaonline.com.br\/site\/wp-json\/wp\/v2\/posts"}],"about":[{"href":"https:\/\/anoticiaonline.com.br\/site\/wp-json\/wp\/v2\/types\/post"}],"author":[{"embeddable":true,"href":"https:\/\/anoticiaonline.com.br\/site\/wp-json\/wp\/v2\/users\/2"}],"replies":[{"embeddable":true,"href":"https:\/\/anoticiaonline.com.br\/site\/wp-json\/wp\/v2\/comments?post=65573"}],"version-history":[{"count":0,"href":"https:\/\/anoticiaonline.com.br\/site\/wp-json\/wp\/v2\/posts\/65573\/revisions"}],"wp:featuredmedia":[{"embeddable":true,"href":"https:\/\/anoticiaonline.com.br\/site\/wp-json\/wp\/v2\/media\/65574"}],"wp:attachment":[{"href":"https:\/\/anoticiaonline.com.br\/site\/wp-json\/wp\/v2\/media?parent=65573"}],"wp:term":[{"taxonomy":"category","embeddable":true,"href":"https:\/\/anoticiaonline.com.br\/site\/wp-json\/wp\/v2\/categories?post=65573"},{"taxonomy":"post_tag","embeddable":true,"href":"https:\/\/anoticiaonline.com.br\/site\/wp-json\/wp\/v2\/tags?post=65573"}],"curies":[{"name":"wp","href":"https:\/\/api.w.org\/{rel}","templated":true}]}}