{"id":65563,"date":"2018-12-06T14:53:58","date_gmt":"2018-12-06T17:53:58","guid":{"rendered":"http:\/\/anoticiaonline.com.br\/site\/?p=65563"},"modified":"2018-12-06T14:53:58","modified_gmt":"2018-12-06T17:53:58","slug":"sociarte-6-12","status":"publish","type":"post","link":"https:\/\/anoticiaonline.com.br\/site\/sociarte-6-12\/","title":{"rendered":"Sociarte 6\/12:"},"content":{"rendered":"<p><a href=\"https:\/\/anoticiaonline.com.br\/site\/wp-content\/uploads\/2018\/12\/Parab\u00e9ns-Ana-Elisa.jpg\"><img fetchpriority=\"high\" decoding=\"async\" class=\"alignnone size-full wp-image-65564\" src=\"https:\/\/anoticiaonline.com.br\/site\/wp-content\/uploads\/2018\/12\/Parab\u00e9ns-Ana-Elisa.jpg\" alt=\"\" width=\"800\" height=\"800\" srcset=\"https:\/\/anoticiaonline.com.br\/site\/wp-content\/uploads\/2018\/12\/Parab\u00e9ns-Ana-Elisa.jpg 800w, https:\/\/anoticiaonline.com.br\/site\/wp-content\/uploads\/2018\/12\/Parab\u00e9ns-Ana-Elisa-150x150.jpg 150w, https:\/\/anoticiaonline.com.br\/site\/wp-content\/uploads\/2018\/12\/Parab\u00e9ns-Ana-Elisa-300x300.jpg 300w, https:\/\/anoticiaonline.com.br\/site\/wp-content\/uploads\/2018\/12\/Parab\u00e9ns-Ana-Elisa-768x768.jpg 768w\" sizes=\"(max-width: 800px) 100vw, 800px\" \/><\/a><\/p>\n<p><strong>Parab\u00e9ns, Ana Elisa<\/strong><\/p>\n<p>A advogada muriaeense, Ana Elisa Marum Braga, comemorou seu anivers\u00e1rio na quinta-feira (6), no Rio de Janeiro, cidade onde mora. Ela \u00e9 filha de Ivete F\u00e9lix Marum e irm\u00e3 de Mariana Marum e de Jorge Augusto Marum. Parab\u00e9ns, Aninha! Tudo de melhor para voc\u00ea sempre!<\/p>\n<p><a href=\"https:\/\/anoticiaonline.com.br\/site\/wp-content\/uploads\/2018\/12\/Parab\u00e9ns-Guilherme.jpg\"><img decoding=\"async\" class=\"alignnone size-full wp-image-65565\" src=\"https:\/\/anoticiaonline.com.br\/site\/wp-content\/uploads\/2018\/12\/Parab\u00e9ns-Guilherme.jpg\" alt=\"\" width=\"811\" height=\"800\" srcset=\"https:\/\/anoticiaonline.com.br\/site\/wp-content\/uploads\/2018\/12\/Parab\u00e9ns-Guilherme.jpg 811w, https:\/\/anoticiaonline.com.br\/site\/wp-content\/uploads\/2018\/12\/Parab\u00e9ns-Guilherme-300x296.jpg 300w, https:\/\/anoticiaonline.com.br\/site\/wp-content\/uploads\/2018\/12\/Parab\u00e9ns-Guilherme-768x758.jpg 768w\" sizes=\"(max-width: 811px) 100vw, 811px\" \/><\/a><\/p>\n<p><strong>Parab\u00e9ns, Guilherme<\/strong><\/p>\n<p>Guilherme Marum de Carvalho completa idade nova neste s\u00e1bado (8). Ele \u00e9 filho de Ernane Lomeu de Carvalho e Ivone F\u00e9lix Marum. Felicidades, Guilherme! Sucesso e sa\u00fade para voc\u00ea!<\/p>\n<p><a href=\"https:\/\/anoticiaonline.com.br\/site\/wp-content\/uploads\/2018\/12\/Parab\u00e9ns-La\u00eds.jpg\"><img decoding=\"async\" class=\"alignnone size-full wp-image-65566\" src=\"https:\/\/anoticiaonline.com.br\/site\/wp-content\/uploads\/2018\/12\/Parab\u00e9ns-La\u00eds.jpg\" alt=\"\" width=\"626\" height=\"626\" srcset=\"https:\/\/anoticiaonline.com.br\/site\/wp-content\/uploads\/2018\/12\/Parab\u00e9ns-La\u00eds.jpg 626w, https:\/\/anoticiaonline.com.br\/site\/wp-content\/uploads\/2018\/12\/Parab\u00e9ns-La\u00eds-150x150.jpg 150w, https:\/\/anoticiaonline.com.br\/site\/wp-content\/uploads\/2018\/12\/Parab\u00e9ns-La\u00eds-300x300.jpg 300w\" sizes=\"(max-width: 626px) 100vw, 626px\" \/><\/a><\/p>\n<p><strong>Parab\u00e9ns, La\u00eds<\/strong><\/p>\n<p>A dentista, La\u00eds Bonato, filha de Jos\u00e9 Ronaldo e Maril\u00e9ia Bonato, soprou velinhas na \u00faltima quarta-feira (5). Felicidades, querida La\u00eds! Que todos os seus sonhos se realizem!<\/p>\n<p><a href=\"https:\/\/anoticiaonline.com.br\/site\/wp-content\/uploads\/2018\/12\/I-Moto-Rock-de-Pirapanema.jpg\"><img loading=\"lazy\" decoding=\"async\" class=\"alignnone size-full wp-image-65567\" src=\"https:\/\/anoticiaonline.com.br\/site\/wp-content\/uploads\/2018\/12\/I-Moto-Rock-de-Pirapanema.jpg\" alt=\"\" width=\"640\" height=\"427\" srcset=\"https:\/\/anoticiaonline.com.br\/site\/wp-content\/uploads\/2018\/12\/I-Moto-Rock-de-Pirapanema.jpg 640w, https:\/\/anoticiaonline.com.br\/site\/wp-content\/uploads\/2018\/12\/I-Moto-Rock-de-Pirapanema-300x200.jpg 300w\" sizes=\"(max-width: 640px) 100vw, 640px\" \/><\/a><\/p>\n<p><strong>I Moto Rock de Pirapanema<\/strong><\/p>\n<p>O I Moto Rock de Pirapanema aconteceu no \u00faltimo s\u00e1bado (1\u00ba). O distrito de Pirapanema, localizado na regi\u00e3o montanhosa de Muria\u00e9, na Serra do Brigadeiro, reuniu grupos de motociclistas da cidade e da regi\u00e3o. O encontro contou com os shows das bandas Lost Highway (tributo a Bon Jovi), Alenha Rock Band, Queima de Arquivo, Olaria Harm\u00f4nica e Backlands. Foto: ceuazulnews.com.<\/p>\n<p><a href=\"https:\/\/anoticiaonline.com.br\/site\/wp-content\/uploads\/2018\/12\/Bem-vinda-Luiza.jpeg\"><img loading=\"lazy\" decoding=\"async\" class=\"alignnone size-full wp-image-65568\" src=\"https:\/\/anoticiaonline.com.br\/site\/wp-content\/uploads\/2018\/12\/Bem-vinda-Luiza.jpeg\" alt=\"\" width=\"540\" height=\"800\" srcset=\"https:\/\/anoticiaonline.com.br\/site\/wp-content\/uploads\/2018\/12\/Bem-vinda-Luiza.jpeg 540w, https:\/\/anoticiaonline.com.br\/site\/wp-content\/uploads\/2018\/12\/Bem-vinda-Luiza-203x300.jpeg 203w\" sizes=\"(max-width: 540px) 100vw, 540px\" \/><\/a><\/p>\n<p><strong>Bem-vinda, Luiza<\/strong><\/p>\n<p>A linda Luiza Bizarro Prata, filha da amiga, Juliana Pereira Bizarro, veio ao mundo no dia 2 de dezembro, no Hospital S\u00e3o Paulo. Seja bem-vinda, Luiza! Muita sa\u00fade e felicidade em sua vida!<\/p>\n<p><a href=\"https:\/\/anoticiaonline.com.br\/site\/wp-content\/uploads\/2018\/12\/Niver-de-Carla.jpeg\"><img loading=\"lazy\" decoding=\"async\" class=\"alignnone size-full wp-image-65569\" src=\"https:\/\/anoticiaonline.com.br\/site\/wp-content\/uploads\/2018\/12\/Niver-de-Carla.jpeg\" alt=\"\" width=\"651\" height=\"800\" srcset=\"https:\/\/anoticiaonline.com.br\/site\/wp-content\/uploads\/2018\/12\/Niver-de-Carla.jpeg 651w, https:\/\/anoticiaonline.com.br\/site\/wp-content\/uploads\/2018\/12\/Niver-de-Carla-244x300.jpeg 244w\" sizes=\"(max-width: 651px) 100vw, 651px\" \/><\/a><\/p>\n<p><strong>Niver de Carla<\/strong><\/p>\n<p>O jornal A Not\u00edcia deseja felicidades \u00e0 amiga Carla Mendanha, que completou idade nova no \u00faltimo s\u00e1bado (1\u00ba). Parab\u00e9ns, Carla! Tudo de melhor sempre!<\/p>\n<p><a href=\"https:\/\/anoticiaonline.com.br\/site\/wp-content\/uploads\/2018\/12\/Destaque.jpg\"><img loading=\"lazy\" decoding=\"async\" class=\"alignnone size-full wp-image-65570\" src=\"https:\/\/anoticiaonline.com.br\/site\/wp-content\/uploads\/2018\/12\/Destaque.jpg\" alt=\"\" width=\"1000\" height=\"668\" srcset=\"https:\/\/anoticiaonline.com.br\/site\/wp-content\/uploads\/2018\/12\/Destaque.jpg 1000w, https:\/\/anoticiaonline.com.br\/site\/wp-content\/uploads\/2018\/12\/Destaque-300x200.jpg 300w, https:\/\/anoticiaonline.com.br\/site\/wp-content\/uploads\/2018\/12\/Destaque-768x513.jpg 768w\" sizes=\"(max-width: 1000px) 100vw, 1000px\" \/><\/a><\/p>\n<p><strong>Destaque<\/strong><\/p>\n<p>O destaque desta semana vai para o cantor Daniel Houston, que se apresentou ao lado de Carol Pereira, no palco do Colina Country Clube, na sexta-feira (30), durante a abertura do inesquec\u00edvel show da diva Alcione.<\/p>\n<p><a href=\"https:\/\/anoticiaonline.com.br\/site\/wp-content\/uploads\/2018\/12\/Parab\u00e9ns-Luiz-Oliveira.jpeg\"><img loading=\"lazy\" decoding=\"async\" class=\"alignnone size-full wp-image-65571\" src=\"https:\/\/anoticiaonline.com.br\/site\/wp-content\/uploads\/2018\/12\/Parab\u00e9ns-Luiz-Oliveira.jpeg\" alt=\"\" width=\"1000\" height=\"671\" srcset=\"https:\/\/anoticiaonline.com.br\/site\/wp-content\/uploads\/2018\/12\/Parab\u00e9ns-Luiz-Oliveira.jpeg 1000w, https:\/\/anoticiaonline.com.br\/site\/wp-content\/uploads\/2018\/12\/Parab\u00e9ns-Luiz-Oliveira-300x200.jpeg 300w, https:\/\/anoticiaonline.com.br\/site\/wp-content\/uploads\/2018\/12\/Parab\u00e9ns-Luiz-Oliveira-768x515.jpeg 768w\" sizes=\"(max-width: 1000px) 100vw, 1000px\" \/><\/a><\/p>\n<p><strong>Parab\u00e9ns, Luiz Oliveira<\/strong><\/p>\n<p>Luiz Oliveira, da M\u00e1ximo Produtora, completa idade nova neste s\u00e1bado (8). O jornal A Not\u00edcia deseja sa\u00fade, sucesso e paz ao amigo. Parab\u00e9ns, Luiz!<\/p>\n","protected":false},"excerpt":{"rendered":"<p>Parab\u00e9ns, Ana Elisa A advogada muriaeense, Ana Elisa Marum Braga, comemorou seu anivers\u00e1rio na quinta-feira (6), no Rio de Janeiro, cidade onde mora. Ela \u00e9 filha de Ivete F\u00e9lix Marum e irm\u00e3 de Mariana Marum e de Jorge Augusto Marum. Parab\u00e9ns, Aninha! Tudo de melhor para voc\u00ea sempre! Parab\u00e9ns, Guilherme Guilherme Marum de Carvalho completa &#8230; <a title=\"Sociarte 6\/12:\" class=\"read-more\" href=\"https:\/\/anoticiaonline.com.br\/site\/sociarte-6-12\/\" aria-label=\"Read more about Sociarte 6\/12:\">Ler mais<\/a><\/p>\n","protected":false},"author":2,"featured_media":0,"comment_status":"open","ping_status":"open","sticky":false,"template":"","format":"standard","meta":{"_acf_changed":false,"_monsterinsights_skip_tracking":false,"footnotes":""},"categories":[31,38],"tags":[],"class_list":["post-65563","post","type-post","status-publish","format-standard","hentry","category-colunistas","category-sociarte"],"acf":[],"aioseo_notices":[],"aioseo_head":"\n\t\t<!-- All in One SEO 5.0.0.1 - aioseo.com -->\n\t<meta name=\"description\" content=\"Parab\u00e9ns, Ana Elisa A advogada muriaeense, Ana Elisa Marum Braga, comemorou seu anivers\u00e1rio na quinta-feira (6), no Rio de Janeiro, cidade onde mora. Ela \u00e9 filha de Ivete F\u00e9lix Marum e irm\u00e3 de Mariana Marum e de Jorge Augusto Marum. Parab\u00e9ns, Aninha! Tudo de melhor para voc\u00ea sempre! Parab\u00e9ns, Guilherme Guilherme Marum de Carvalho completa\" \/>\n\t<meta name=\"robots\" content=\"max-image-preview:large\" \/>\n\t<meta name=\"author\" content=\"Juliana Laviola\"\/>\n\t<link rel=\"canonical\" href=\"https:\/\/anoticiaonline.com.br\/site\/sociarte-6-12\/\" \/>\n\t<meta name=\"generator\" content=\"All in One SEO (AIOSEO) 5.0.0.1\" \/>\n\t\t<meta property=\"og:locale\" content=\"pt_BR\" \/>\n\t\t<meta property=\"og:site_name\" content=\"A Not\u00edcia Online - Noticias de Muria\u00e9 e regi\u00e3o\" \/>\n\t\t<meta property=\"og:type\" content=\"article\" \/>\n\t\t<meta property=\"og:title\" content=\"Sociarte 6\/12: - A Not\u00edcia Online\" \/>\n\t\t<meta property=\"og:description\" content=\"Parab\u00e9ns, Ana Elisa A advogada muriaeense, Ana Elisa Marum Braga, comemorou seu anivers\u00e1rio na quinta-feira (6), no Rio de Janeiro, cidade onde mora. Ela \u00e9 filha de Ivete F\u00e9lix Marum e irm\u00e3 de Mariana Marum e de Jorge Augusto Marum. Parab\u00e9ns, Aninha! Tudo de melhor para voc\u00ea sempre! Parab\u00e9ns, Guilherme Guilherme Marum de Carvalho completa\" \/>\n\t\t<meta property=\"og:url\" content=\"https:\/\/anoticiaonline.com.br\/site\/sociarte-6-12\/\" \/>\n\t\t<meta property=\"og:image\" content=\"https:\/\/scontent-gig4-1.xx.fbcdn.net\/v\/t39.30808-1\/270437624_4564083193639691_6907940295614233970_n.jpg?stp=dst-jpg_s200x200_tt6&#038;_nc_cat=111&#038;ccb=1-7&#038;_nc_sid=f907e8&#038;_nc_ohc=SM1wRlP3lJwQ7kNvwEPuBYA&#038;_nc_oc=AdnqrjDN_BNjSSHWO-GbkIWH6fkGMLw4bqvL_NH6e2wMveX7G-rP2dAqsDSq1mJMOaY&#038;_nc_zt=24&#038;_nc_ht=scontent-gig4-1.xx&#038;_nc_gid=AoBFJeGrT1hVaew_6rchkQ&#038;oh=00_AfX7QmFGhQhG2jAllVgXCiM1ZrWgvtp80-Bfppyexh1QEg&#038;oe=689E923C\" \/>\n\t\t<meta property=\"og:image:secure_url\" content=\"https:\/\/scontent-gig4-1.xx.fbcdn.net\/v\/t39.30808-1\/270437624_4564083193639691_6907940295614233970_n.jpg?stp=dst-jpg_s200x200_tt6&#038;_nc_cat=111&#038;ccb=1-7&#038;_nc_sid=f907e8&#038;_nc_ohc=SM1wRlP3lJwQ7kNvwEPuBYA&#038;_nc_oc=AdnqrjDN_BNjSSHWO-GbkIWH6fkGMLw4bqvL_NH6e2wMveX7G-rP2dAqsDSq1mJMOaY&#038;_nc_zt=24&#038;_nc_ht=scontent-gig4-1.xx&#038;_nc_gid=AoBFJeGrT1hVaew_6rchkQ&#038;oh=00_AfX7QmFGhQhG2jAllVgXCiM1ZrWgvtp80-Bfppyexh1QEg&#038;oe=689E923C\" \/>\n\t\t<meta property=\"article:published_time\" content=\"2018-12-06T17:53:58+00:00\" \/>\n\t\t<meta property=\"article:modified_time\" content=\"2018-12-06T17:53:58+00:00\" \/>\n\t\t<meta name=\"twitter:card\" content=\"summary_large_image\" \/>\n\t\t<meta name=\"twitter:title\" content=\"Sociarte 6\/12: - A Not\u00edcia Online\" \/>\n\t\t<meta name=\"twitter:description\" content=\"Parab\u00e9ns, Ana Elisa A advogada muriaeense, Ana Elisa Marum Braga, comemorou seu anivers\u00e1rio na quinta-feira (6), no Rio de Janeiro, cidade onde mora. Ela \u00e9 filha de Ivete F\u00e9lix Marum e irm\u00e3 de Mariana Marum e de Jorge Augusto Marum. Parab\u00e9ns, Aninha! Tudo de melhor para voc\u00ea sempre! Parab\u00e9ns, Guilherme Guilherme Marum de Carvalho completa\" \/>\n\t\t<meta name=\"twitter:image\" content=\"https:\/\/scontent-gig4-1.xx.fbcdn.net\/v\/t39.30808-1\/270437624_4564083193639691_6907940295614233970_n.jpg?stp=dst-jpg_s200x200_tt6&amp;_nc_cat=111&amp;ccb=1-7&amp;_nc_sid=f907e8&amp;_nc_ohc=SM1wRlP3lJwQ7kNvwEPuBYA&amp;_nc_oc=AdnqrjDN_BNjSSHWO-GbkIWH6fkGMLw4bqvL_NH6e2wMveX7G-rP2dAqsDSq1mJMOaY&amp;_nc_zt=24&amp;_nc_ht=scontent-gig4-1.xx&amp;_nc_gid=AoBFJeGrT1hVaew_6rchkQ&amp;oh=00_AfX7QmFGhQhG2jAllVgXCiM1ZrWgvtp80-Bfppyexh1QEg&amp;oe=689E923C\" \/>\n\t\t<script type=\"application\/ld+json\" class=\"aioseo-schema\">\n\t\t\t{\"@context\":\"https:\\\/\\\/schema.org\",\"@graph\":[{\"@type\":\"BlogPosting\",\"@id\":\"https:\\\/\\\/anoticiaonline.com.br\\\/site\\\/sociarte-6-12\\\/#blogposting\",\"name\":\"Sociarte 6\\\/12: - A Not\\u00edcia Online\",\"headline\":\"Sociarte 6\\\/12:\",\"author\":{\"@id\":\"https:\\\/\\\/anoticiaonline.com.br\\\/site\\\/author\\\/juliana\\\/#author\"},\"publisher\":{\"@id\":\"https:\\\/\\\/anoticiaonline.com.br\\\/site\\\/#organization\"},\"image\":{\"@type\":\"ImageObject\",\"url\":\"https:\\\/\\\/anoticiaonline.com.br\\\/site\\\/wp-content\\\/uploads\\\/2018\\\/12\\\/Parab\\u00e9ns-Ana-Elisa.jpg\",\"@id\":\"https:\\\/\\\/anoticiaonline.com.br\\\/site\\\/sociarte-6-12\\\/#articleImage\",\"width\":800,\"height\":800},\"datePublished\":\"2018-12-06T14:53:58-03:00\",\"dateModified\":\"2018-12-06T14:53:58-03:00\",\"inLanguage\":\"pt-BR\",\"mainEntityOfPage\":{\"@id\":\"https:\\\/\\\/anoticiaonline.com.br\\\/site\\\/sociarte-6-12\\\/#webpage\"},\"isPartOf\":{\"@id\":\"https:\\\/\\\/anoticiaonline.com.br\\\/site\\\/sociarte-6-12\\\/#webpage\"},\"articleSection\":\"Colunistas, Sociarte\"},{\"@type\":\"BreadcrumbList\",\"@id\":\"https:\\\/\\\/anoticiaonline.com.br\\\/site\\\/sociarte-6-12\\\/#breadcrumblist\",\"itemListElement\":[{\"@type\":\"ListItem\",\"@id\":\"https:\\\/\\\/anoticiaonline.com.br\\\/site#listItem\",\"position\":1,\"name\":\"Home\",\"item\":\"https:\\\/\\\/anoticiaonline.com.br\\\/site\",\"nextItem\":{\"@type\":\"ListItem\",\"@id\":\"https:\\\/\\\/anoticiaonline.com.br\\\/site\\\/categoria\\\/colunistas\\\/#listItem\",\"name\":\"Colunistas\"}},{\"@type\":\"ListItem\",\"@id\":\"https:\\\/\\\/anoticiaonline.com.br\\\/site\\\/categoria\\\/colunistas\\\/#listItem\",\"position\":2,\"name\":\"Colunistas\",\"item\":\"https:\\\/\\\/anoticiaonline.com.br\\\/site\\\/categoria\\\/colunistas\\\/\",\"nextItem\":{\"@type\":\"ListItem\",\"@id\":\"https:\\\/\\\/anoticiaonline.com.br\\\/site\\\/categoria\\\/colunistas\\\/sociarte\\\/#listItem\",\"name\":\"Sociarte\"},\"previousItem\":{\"@type\":\"ListItem\",\"@id\":\"https:\\\/\\\/anoticiaonline.com.br\\\/site#listItem\",\"name\":\"Home\"}},{\"@type\":\"ListItem\",\"@id\":\"https:\\\/\\\/anoticiaonline.com.br\\\/site\\\/categoria\\\/colunistas\\\/sociarte\\\/#listItem\",\"position\":3,\"name\":\"Sociarte\",\"item\":\"https:\\\/\\\/anoticiaonline.com.br\\\/site\\\/categoria\\\/colunistas\\\/sociarte\\\/\",\"nextItem\":{\"@type\":\"ListItem\",\"@id\":\"https:\\\/\\\/anoticiaonline.com.br\\\/site\\\/sociarte-6-12\\\/#listItem\",\"name\":\"Sociarte 6\\\/12:\"},\"previousItem\":{\"@type\":\"ListItem\",\"@id\":\"https:\\\/\\\/anoticiaonline.com.br\\\/site\\\/categoria\\\/colunistas\\\/#listItem\",\"name\":\"Colunistas\"}},{\"@type\":\"ListItem\",\"@id\":\"https:\\\/\\\/anoticiaonline.com.br\\\/site\\\/sociarte-6-12\\\/#listItem\",\"position\":4,\"name\":\"Sociarte 6\\\/12:\",\"previousItem\":{\"@type\":\"ListItem\",\"@id\":\"https:\\\/\\\/anoticiaonline.com.br\\\/site\\\/categoria\\\/colunistas\\\/sociarte\\\/#listItem\",\"name\":\"Sociarte\"}}]},{\"@type\":\"Organization\",\"@id\":\"https:\\\/\\\/anoticiaonline.com.br\\\/site\\\/#organization\",\"name\":\"A Not\\u00edcia Online\",\"description\":\"Noticias de Muria\\u00e9 e regi\\u00e3o\",\"url\":\"https:\\\/\\\/anoticiaonline.com.br\\\/site\\\/\",\"logo\":{\"@type\":\"ImageObject\",\"url\":\"https:\\\/\\\/scontent-gig4-1.xx.fbcdn.net\\\/v\\\/t39.30808-1\\\/270437624_4564083193639691_6907940295614233970_n.jpg?stp=dst-jpg_s200x200_tt6&_nc_cat=111&ccb=1-7&_nc_sid=f907e8&_nc_ohc=SM1wRlP3lJwQ7kNvwEPuBYA&_nc_oc=AdnqrjDN_BNjSSHWO-GbkIWH6fkGMLw4bqvL_NH6e2wMveX7G-rP2dAqsDSq1mJMOaY&_nc_zt=24&_nc_ht=scontent-gig4-1.xx&_nc_gid=AoBFJeGrT1hVaew_6rchkQ&oh=00_AfX7QmFGhQhG2jAllVgXCiM1ZrWgvtp80-Bfppyexh1QEg&oe=689E923C\",\"@id\":\"https:\\\/\\\/anoticiaonline.com.br\\\/site\\\/sociarte-6-12\\\/#organizationLogo\"},\"image\":{\"@id\":\"https:\\\/\\\/anoticiaonline.com.br\\\/site\\\/sociarte-6-12\\\/#organizationLogo\"}},{\"@type\":\"Person\",\"@id\":\"https:\\\/\\\/anoticiaonline.com.br\\\/site\\\/author\\\/juliana\\\/#author\",\"url\":\"https:\\\/\\\/anoticiaonline.com.br\\\/site\\\/author\\\/juliana\\\/\",\"name\":\"Juliana Laviola\",\"image\":{\"@type\":\"ImageObject\",\"@id\":\"https:\\\/\\\/anoticiaonline.com.br\\\/site\\\/sociarte-6-12\\\/#authorImage\",\"url\":\"https:\\\/\\\/secure.gravatar.com\\\/avatar\\\/b8d45f5c699b100dfaf0e543582f38f38bf94cb7ae3a5e9abf8d891a34773335?s=96&d=mm&r=g\",\"width\":96,\"height\":96,\"caption\":\"Juliana Laviola\"}},{\"@type\":\"WebPage\",\"@id\":\"https:\\\/\\\/anoticiaonline.com.br\\\/site\\\/sociarte-6-12\\\/#webpage\",\"url\":\"https:\\\/\\\/anoticiaonline.com.br\\\/site\\\/sociarte-6-12\\\/\",\"name\":\"Sociarte 6\\\/12: - A Not\\u00edcia Online\",\"description\":\"Parab\\u00e9ns, Ana Elisa A advogada muriaeense, Ana Elisa Marum Braga, comemorou seu anivers\\u00e1rio na quinta-feira (6), no Rio de Janeiro, cidade onde mora. Ela \\u00e9 filha de Ivete F\\u00e9lix Marum e irm\\u00e3 de Mariana Marum e de Jorge Augusto Marum. Parab\\u00e9ns, Aninha! Tudo de melhor para voc\\u00ea sempre! Parab\\u00e9ns, Guilherme Guilherme Marum de Carvalho completa\",\"inLanguage\":\"pt-BR\",\"isPartOf\":{\"@id\":\"https:\\\/\\\/anoticiaonline.com.br\\\/site\\\/#website\"},\"breadcrumb\":{\"@id\":\"https:\\\/\\\/anoticiaonline.com.br\\\/site\\\/sociarte-6-12\\\/#breadcrumblist\"},\"author\":{\"@id\":\"https:\\\/\\\/anoticiaonline.com.br\\\/site\\\/author\\\/juliana\\\/#author\"},\"creator\":{\"@id\":\"https:\\\/\\\/anoticiaonline.com.br\\\/site\\\/author\\\/juliana\\\/#author\"},\"datePublished\":\"2018-12-06T14:53:58-03:00\",\"dateModified\":\"2018-12-06T14:53:58-03:00\"},{\"@type\":\"WebSite\",\"@id\":\"https:\\\/\\\/anoticiaonline.com.br\\\/site\\\/#website\",\"url\":\"https:\\\/\\\/anoticiaonline.com.br\\\/site\\\/\",\"name\":\"A Not\\u00edcia Online\",\"description\":\"Noticias de Muria\\u00e9 e regi\\u00e3o\",\"inLanguage\":\"pt-BR\",\"publisher\":{\"@id\":\"https:\\\/\\\/anoticiaonline.com.br\\\/site\\\/#organization\"}}]}\n\t\t<\/script>\n\t\t<!-- All in One SEO -->\n\n","aioseo_head_json":{"title":"Sociarte 6\/12: - A Not\u00edcia Online","description":"Parab\u00e9ns, Ana Elisa A advogada muriaeense, Ana Elisa Marum Braga, comemorou seu anivers\u00e1rio na quinta-feira (6), no Rio de Janeiro, cidade onde mora. Ela \u00e9 filha de Ivete F\u00e9lix Marum e irm\u00e3 de Mariana Marum e de Jorge Augusto Marum. Parab\u00e9ns, Aninha! Tudo de melhor para voc\u00ea sempre! Parab\u00e9ns, Guilherme Guilherme Marum de Carvalho completa","canonical_url":"https:\/\/anoticiaonline.com.br\/site\/sociarte-6-12\/","robots":"max-image-preview:large","keywords":"","webmasterTools":{"miscellaneous":""},"schema":{"@context":"https:\/\/schema.org","@graph":[{"@type":"BlogPosting","@id":"https:\/\/anoticiaonline.com.br\/site\/sociarte-6-12\/#blogposting","name":"Sociarte 6\/12: - A Not\u00edcia Online","headline":"Sociarte 6\/12:","author":{"@id":"https:\/\/anoticiaonline.com.br\/site\/author\/juliana\/#author"},"publisher":{"@id":"https:\/\/anoticiaonline.com.br\/site\/#organization"},"image":{"@type":"ImageObject","url":"https:\/\/anoticiaonline.com.br\/site\/wp-content\/uploads\/2018\/12\/Parab\u00e9ns-Ana-Elisa.jpg","@id":"https:\/\/anoticiaonline.com.br\/site\/sociarte-6-12\/#articleImage","width":800,"height":800},"datePublished":"2018-12-06T14:53:58-03:00","dateModified":"2018-12-06T14:53:58-03:00","inLanguage":"pt-BR","mainEntityOfPage":{"@id":"https:\/\/anoticiaonline.com.br\/site\/sociarte-6-12\/#webpage"},"isPartOf":{"@id":"https:\/\/anoticiaonline.com.br\/site\/sociarte-6-12\/#webpage"},"articleSection":"Colunistas, Sociarte"},{"@type":"BreadcrumbList","@id":"https:\/\/anoticiaonline.com.br\/site\/sociarte-6-12\/#breadcrumblist","itemListElement":[{"@type":"ListItem","@id":"https:\/\/anoticiaonline.com.br\/site#listItem","position":1,"name":"Home","item":"https:\/\/anoticiaonline.com.br\/site","nextItem":{"@type":"ListItem","@id":"https:\/\/anoticiaonline.com.br\/site\/categoria\/colunistas\/#listItem","name":"Colunistas"}},{"@type":"ListItem","@id":"https:\/\/anoticiaonline.com.br\/site\/categoria\/colunistas\/#listItem","position":2,"name":"Colunistas","item":"https:\/\/anoticiaonline.com.br\/site\/categoria\/colunistas\/","nextItem":{"@type":"ListItem","@id":"https:\/\/anoticiaonline.com.br\/site\/categoria\/colunistas\/sociarte\/#listItem","name":"Sociarte"},"previousItem":{"@type":"ListItem","@id":"https:\/\/anoticiaonline.com.br\/site#listItem","name":"Home"}},{"@type":"ListItem","@id":"https:\/\/anoticiaonline.com.br\/site\/categoria\/colunistas\/sociarte\/#listItem","position":3,"name":"Sociarte","item":"https:\/\/anoticiaonline.com.br\/site\/categoria\/colunistas\/sociarte\/","nextItem":{"@type":"ListItem","@id":"https:\/\/anoticiaonline.com.br\/site\/sociarte-6-12\/#listItem","name":"Sociarte 6\/12:"},"previousItem":{"@type":"ListItem","@id":"https:\/\/anoticiaonline.com.br\/site\/categoria\/colunistas\/#listItem","name":"Colunistas"}},{"@type":"ListItem","@id":"https:\/\/anoticiaonline.com.br\/site\/sociarte-6-12\/#listItem","position":4,"name":"Sociarte 6\/12:","previousItem":{"@type":"ListItem","@id":"https:\/\/anoticiaonline.com.br\/site\/categoria\/colunistas\/sociarte\/#listItem","name":"Sociarte"}}]},{"@type":"Organization","@id":"https:\/\/anoticiaonline.com.br\/site\/#organization","name":"A Not\u00edcia Online","description":"Noticias de Muria\u00e9 e regi\u00e3o","url":"https:\/\/anoticiaonline.com.br\/site\/","logo":{"@type":"ImageObject","url":"https:\/\/scontent-gig4-1.xx.fbcdn.net\/v\/t39.30808-1\/270437624_4564083193639691_6907940295614233970_n.jpg?stp=dst-jpg_s200x200_tt6&_nc_cat=111&ccb=1-7&_nc_sid=f907e8&_nc_ohc=SM1wRlP3lJwQ7kNvwEPuBYA&_nc_oc=AdnqrjDN_BNjSSHWO-GbkIWH6fkGMLw4bqvL_NH6e2wMveX7G-rP2dAqsDSq1mJMOaY&_nc_zt=24&_nc_ht=scontent-gig4-1.xx&_nc_gid=AoBFJeGrT1hVaew_6rchkQ&oh=00_AfX7QmFGhQhG2jAllVgXCiM1ZrWgvtp80-Bfppyexh1QEg&oe=689E923C","@id":"https:\/\/anoticiaonline.com.br\/site\/sociarte-6-12\/#organizationLogo"},"image":{"@id":"https:\/\/anoticiaonline.com.br\/site\/sociarte-6-12\/#organizationLogo"}},{"@type":"Person","@id":"https:\/\/anoticiaonline.com.br\/site\/author\/juliana\/#author","url":"https:\/\/anoticiaonline.com.br\/site\/author\/juliana\/","name":"Juliana Laviola","image":{"@type":"ImageObject","@id":"https:\/\/anoticiaonline.com.br\/site\/sociarte-6-12\/#authorImage","url":"https:\/\/secure.gravatar.com\/avatar\/b8d45f5c699b100dfaf0e543582f38f38bf94cb7ae3a5e9abf8d891a34773335?s=96&d=mm&r=g","width":96,"height":96,"caption":"Juliana Laviola"}},{"@type":"WebPage","@id":"https:\/\/anoticiaonline.com.br\/site\/sociarte-6-12\/#webpage","url":"https:\/\/anoticiaonline.com.br\/site\/sociarte-6-12\/","name":"Sociarte 6\/12: - A Not\u00edcia Online","description":"Parab\u00e9ns, Ana Elisa A advogada muriaeense, Ana Elisa Marum Braga, comemorou seu anivers\u00e1rio na quinta-feira (6), no Rio de Janeiro, cidade onde mora. Ela \u00e9 filha de Ivete F\u00e9lix Marum e irm\u00e3 de Mariana Marum e de Jorge Augusto Marum. Parab\u00e9ns, Aninha! Tudo de melhor para voc\u00ea sempre! Parab\u00e9ns, Guilherme Guilherme Marum de Carvalho completa","inLanguage":"pt-BR","isPartOf":{"@id":"https:\/\/anoticiaonline.com.br\/site\/#website"},"breadcrumb":{"@id":"https:\/\/anoticiaonline.com.br\/site\/sociarte-6-12\/#breadcrumblist"},"author":{"@id":"https:\/\/anoticiaonline.com.br\/site\/author\/juliana\/#author"},"creator":{"@id":"https:\/\/anoticiaonline.com.br\/site\/author\/juliana\/#author"},"datePublished":"2018-12-06T14:53:58-03:00","dateModified":"2018-12-06T14:53:58-03:00"},{"@type":"WebSite","@id":"https:\/\/anoticiaonline.com.br\/site\/#website","url":"https:\/\/anoticiaonline.com.br\/site\/","name":"A Not\u00edcia Online","description":"Noticias de Muria\u00e9 e regi\u00e3o","inLanguage":"pt-BR","publisher":{"@id":"https:\/\/anoticiaonline.com.br\/site\/#organization"}}]},"og:locale":"pt_BR","og:site_name":"A Not\u00edcia Online - Noticias de Muria\u00e9 e regi\u00e3o","og:type":"article","og:title":"Sociarte 6\/12: - A Not\u00edcia Online","og:description":"Parab\u00e9ns, Ana Elisa A advogada muriaeense, Ana Elisa Marum Braga, comemorou seu anivers\u00e1rio na quinta-feira (6), no Rio de Janeiro, cidade onde mora. Ela \u00e9 filha de Ivete F\u00e9lix Marum e irm\u00e3 de Mariana Marum e de Jorge Augusto Marum. Parab\u00e9ns, Aninha! Tudo de melhor para voc\u00ea sempre! Parab\u00e9ns, Guilherme Guilherme Marum de Carvalho completa","og:url":"https:\/\/anoticiaonline.com.br\/site\/sociarte-6-12\/","og:image":"https:\/\/scontent-gig4-1.xx.fbcdn.net\/v\/t39.30808-1\/270437624_4564083193639691_6907940295614233970_n.jpg?stp=dst-jpg_s200x200_tt6&#038;_nc_cat=111&#038;ccb=1-7&#038;_nc_sid=f907e8&#038;_nc_ohc=SM1wRlP3lJwQ7kNvwEPuBYA&#038;_nc_oc=AdnqrjDN_BNjSSHWO-GbkIWH6fkGMLw4bqvL_NH6e2wMveX7G-rP2dAqsDSq1mJMOaY&#038;_nc_zt=24&#038;_nc_ht=scontent-gig4-1.xx&#038;_nc_gid=AoBFJeGrT1hVaew_6rchkQ&#038;oh=00_AfX7QmFGhQhG2jAllVgXCiM1ZrWgvtp80-Bfppyexh1QEg&#038;oe=689E923C","og:image:secure_url":"https:\/\/scontent-gig4-1.xx.fbcdn.net\/v\/t39.30808-1\/270437624_4564083193639691_6907940295614233970_n.jpg?stp=dst-jpg_s200x200_tt6&#038;_nc_cat=111&#038;ccb=1-7&#038;_nc_sid=f907e8&#038;_nc_ohc=SM1wRlP3lJwQ7kNvwEPuBYA&#038;_nc_oc=AdnqrjDN_BNjSSHWO-GbkIWH6fkGMLw4bqvL_NH6e2wMveX7G-rP2dAqsDSq1mJMOaY&#038;_nc_zt=24&#038;_nc_ht=scontent-gig4-1.xx&#038;_nc_gid=AoBFJeGrT1hVaew_6rchkQ&#038;oh=00_AfX7QmFGhQhG2jAllVgXCiM1ZrWgvtp80-Bfppyexh1QEg&#038;oe=689E923C","article:published_time":"2018-12-06T17:53:58+00:00","article:modified_time":"2018-12-06T17:53:58+00:00","twitter:card":"summary_large_image","twitter:title":"Sociarte 6\/12: - A Not\u00edcia Online","twitter:description":"Parab\u00e9ns, Ana Elisa A advogada muriaeense, Ana Elisa Marum Braga, comemorou seu anivers\u00e1rio na quinta-feira (6), no Rio de Janeiro, cidade onde mora. Ela \u00e9 filha de Ivete F\u00e9lix Marum e irm\u00e3 de Mariana Marum e de Jorge Augusto Marum. Parab\u00e9ns, Aninha! Tudo de melhor para voc\u00ea sempre! Parab\u00e9ns, Guilherme Guilherme Marum de Carvalho completa","twitter:image":"https:\/\/scontent-gig4-1.xx.fbcdn.net\/v\/t39.30808-1\/270437624_4564083193639691_6907940295614233970_n.jpg?stp=dst-jpg_s200x200_tt6&_nc_cat=111&ccb=1-7&_nc_sid=f907e8&_nc_ohc=SM1wRlP3lJwQ7kNvwEPuBYA&_nc_oc=AdnqrjDN_BNjSSHWO-GbkIWH6fkGMLw4bqvL_NH6e2wMveX7G-rP2dAqsDSq1mJMOaY&_nc_zt=24&_nc_ht=scontent-gig4-1.xx&_nc_gid=AoBFJeGrT1hVaew_6rchkQ&oh=00_AfX7QmFGhQhG2jAllVgXCiM1ZrWgvtp80-Bfppyexh1QEg&oe=689E923C"},"aioseo_meta_data":{"post_id":"65563","title":null,"description":null,"keywords":null,"keyphrases":null,"primary_term":null,"canonical_url":null,"og_title":null,"og_description":null,"og_object_type":"default","og_image_type":"default","og_image_url":null,"og_image_width":null,"og_image_height":null,"og_image_custom_url":null,"og_image_custom_fields":null,"og_video":null,"og_custom_url":null,"og_article_section":null,"og_article_tags":null,"twitter_use_og":false,"twitter_card":"default","twitter_image_type":"default","twitter_image_url":null,"twitter_image_custom_url":null,"twitter_image_custom_fields":null,"twitter_title":null,"twitter_description":null,"schema":{"blockGraphs":[],"customGraphs":[],"default":{"data":{"Article":[],"Course":[],"Dataset":[],"FAQPage":[],"Movie":[],"Person":[],"Product":[],"ProductReview":[],"Car":[],"Recipe":[],"Service":[],"SoftwareApplication":[],"WebPage":[]},"graphName":"","isEnabled":true},"graphs":[]},"schema_type":"default","schema_type_options":null,"pillar_content":false,"robots_default":true,"robots_noindex":false,"robots_noarchive":false,"robots_nosnippet":false,"robots_nofollow":false,"robots_noimageindex":false,"robots_noodp":false,"robots_notranslate":false,"robots_max_snippet":null,"robots_max_videopreview":null,"robots_max_imagepreview":"large","priority":null,"frequency":null,"local_seo":null,"breadcrumb_settings":null,"limit_modified_date":false,"ai":null,"created":"2025-08-16 22:24:10","updated":"2025-08-16 22:24:10","focus_keyword":null,"additional_keywords":null,"truseo_locale":null,"seo_analyzer_scan_date":null},"aioseo_breadcrumb":"<div class=\"aioseo-breadcrumbs\"><span class=\"aioseo-breadcrumb\">\n\t\t\t<a href=\"https:\/\/anoticiaonline.com.br\/site\" title=\"Home\">Home<\/a>\n\t\t<\/span><span class=\"aioseo-breadcrumb-separator\">&raquo;<\/span><span class=\"aioseo-breadcrumb\">\n\t\t\t<a href=\"https:\/\/anoticiaonline.com.br\/site\/categoria\/colunistas\/\" title=\"Colunistas\">Colunistas<\/a>\n\t\t<\/span><span class=\"aioseo-breadcrumb-separator\">&raquo;<\/span><span class=\"aioseo-breadcrumb\">\n\t\t\t<a href=\"https:\/\/anoticiaonline.com.br\/site\/categoria\/colunistas\/sociarte\/\" title=\"Sociarte\">Sociarte<\/a>\n\t\t<\/span><span class=\"aioseo-breadcrumb-separator\">&raquo;<\/span><span class=\"aioseo-breadcrumb\">\n\t\t\tSociarte 6\/12:\n\t\t<\/span><\/div>","aioseo_breadcrumb_json":[{"label":"Home","link":"https:\/\/anoticiaonline.com.br\/site"},{"label":"Colunistas","link":"https:\/\/anoticiaonline.com.br\/site\/categoria\/colunistas\/"},{"label":"Sociarte","link":"https:\/\/anoticiaonline.com.br\/site\/categoria\/colunistas\/sociarte\/"},{"label":"Sociarte 6\/12:","link":"https:\/\/anoticiaonline.com.br\/site\/sociarte-6-12\/"}],"views":147,"_links":{"self":[{"href":"https:\/\/anoticiaonline.com.br\/site\/wp-json\/wp\/v2\/posts\/65563","targetHints":{"allow":["GET"]}}],"collection":[{"href":"https:\/\/anoticiaonline.com.br\/site\/wp-json\/wp\/v2\/posts"}],"about":[{"href":"https:\/\/anoticiaonline.com.br\/site\/wp-json\/wp\/v2\/types\/post"}],"author":[{"embeddable":true,"href":"https:\/\/anoticiaonline.com.br\/site\/wp-json\/wp\/v2\/users\/2"}],"replies":[{"embeddable":true,"href":"https:\/\/anoticiaonline.com.br\/site\/wp-json\/wp\/v2\/comments?post=65563"}],"version-history":[{"count":0,"href":"https:\/\/anoticiaonline.com.br\/site\/wp-json\/wp\/v2\/posts\/65563\/revisions"}],"wp:attachment":[{"href":"https:\/\/anoticiaonline.com.br\/site\/wp-json\/wp\/v2\/media?parent=65563"}],"wp:term":[{"taxonomy":"category","embeddable":true,"href":"https:\/\/anoticiaonline.com.br\/site\/wp-json\/wp\/v2\/categories?post=65563"},{"taxonomy":"post_tag","embeddable":true,"href":"https:\/\/anoticiaonline.com.br\/site\/wp-json\/wp\/v2\/tags?post=65563"}],"curies":[{"name":"wp","href":"https:\/\/api.w.org\/{rel}","templated":true}]}}