{"id":65517,"date":"2018-12-04T07:56:03","date_gmt":"2018-12-04T10:56:03","guid":{"rendered":"http:\/\/anoticiaonline.com.br\/site\/?p=65517"},"modified":"2018-12-04T07:56:03","modified_gmt":"2018-12-04T10:56:03","slug":"nivel-do-rio-muriae-esta-baixando-informa-defesa-civil","status":"publish","type":"post","link":"https:\/\/anoticiaonline.com.br\/site\/nivel-do-rio-muriae-esta-baixando-informa-defesa-civil\/","title":{"rendered":"N\u00edvel do Rio Muria\u00e9 est\u00e1 baixando, informa Defesa Civil"},"content":{"rendered":"<p><a href=\"https:\/\/anoticiaonline.com.br\/site\/wp-content\/uploads\/2018\/12\/9737E098-F055-4104-8638-A05EC18E7B93.jpeg\"><img fetchpriority=\"high\" decoding=\"async\" class=\"aligncenter size-full wp-image-65512\" src=\"https:\/\/anoticiaonline.com.br\/site\/wp-content\/uploads\/2018\/12\/9737E098-F055-4104-8638-A05EC18E7B93.jpeg\" alt=\"\" width=\"800\" height=\"800\" srcset=\"https:\/\/anoticiaonline.com.br\/site\/wp-content\/uploads\/2018\/12\/9737E098-F055-4104-8638-A05EC18E7B93.jpeg 800w, https:\/\/anoticiaonline.com.br\/site\/wp-content\/uploads\/2018\/12\/9737E098-F055-4104-8638-A05EC18E7B93-150x150.jpeg 150w, https:\/\/anoticiaonline.com.br\/site\/wp-content\/uploads\/2018\/12\/9737E098-F055-4104-8638-A05EC18E7B93-300x300.jpeg 300w, https:\/\/anoticiaonline.com.br\/site\/wp-content\/uploads\/2018\/12\/9737E098-F055-4104-8638-A05EC18E7B93-768x768.jpeg 768w\" sizes=\"(max-width: 800px) 100vw, 800px\" \/><\/a>A Coordenadoria Municipal de Prote\u00e7\u00e3o e Defesa Civil (COMPDEC) informa que o n\u00edvel do Rio Muria\u00e9 est\u00e1 com escoamento r\u00e1pido.<\/p>\n<p><!--more--><\/p>\n<p>Ap\u00f3s ter atingido o \u00e1pice \u00e0s 3h, quando chegou a 2m, o n\u00edvel come\u00e7ou a diminuir de maneira consider\u00e1vel. No momento se encontra em 1,73m &#8211; entre o per\u00edodo chuvoso (de outubro e mar\u00e7o), a varia\u00e7\u00e3o de seu n\u00edvel \u00e9 de 1,00m a 1,20m.<span class=\"Apple-converted-space\">\u00a0<\/span><\/p>\n<p>A COMPDEC informa tamb\u00e9m que n\u00e3o h\u00e1 previs\u00e3o de chuva para esta ter\u00e7a, quarta e quinta-feira na cidade, o que facilita o escoamento do Rio Muria\u00e9.<\/p>\n<p>A Defesa Civil est\u00e1 em constante monitoramento da previs\u00e3o clim\u00e1tica, de encostas e tamb\u00e9m dos n\u00edveis dos rios Muria\u00e9 e Preto. A popula\u00e7\u00e3o pode entrar em contato com o \u00f3rg\u00e3o pelos telefones 199 e 98826-9846 e tamb\u00e9m acompanhar pelo Facebook\/CompedcMuria\u00e9.<\/p>\n","protected":false},"excerpt":{"rendered":"<p>A Coordenadoria Municipal de Prote\u00e7\u00e3o e Defesa Civil (COMPDEC) informa que o n\u00edvel do Rio Muria\u00e9 est\u00e1 com escoamento r\u00e1pido.<\/p>\n","protected":false},"author":2,"featured_media":65512,"comment_status":"open","ping_status":"open","sticky":false,"template":"","format":"standard","meta":{"_acf_changed":false,"_monsterinsights_skip_tracking":false,"footnotes":""},"categories":[30,2893],"tags":[386,882,3515,3517,3516],"class_list":["post-65517","post","type-post","status-publish","format-standard","has-post-thumbnail","hentry","category-muriae","category-cotidiano","tag-chuvas","tag-defesa-civil","tag-defesa-civil-muriae","tag-enchentes-em-muriae","tag-periodo-de-chuvas"],"acf":[],"aioseo_notices":[],"aioseo_head":"\n\t\t<!-- All in One SEO 5.0.0.1 - aioseo.com -->\n\t<meta name=\"description\" content=\"A Coordenadoria Municipal de Prote\u00e7\u00e3o e Defesa Civil (COMPDEC) informa que o n\u00edvel do Rio Muria\u00e9 est\u00e1 com escoamento r\u00e1pido. Ap\u00f3s ter atingido o \u00e1pice \u00e0s 3h, quando chegou a 2m, o n\u00edvel come\u00e7ou a diminuir de maneira consider\u00e1vel. No momento se encontra em 1,73m - entre o per\u00edodo chuvoso (de outubro e mar\u00e7o), a\" \/>\n\t<meta name=\"robots\" content=\"max-image-preview:large\" \/>\n\t<meta name=\"author\" content=\"Juliana Laviola\"\/>\n\t<link rel=\"canonical\" href=\"https:\/\/anoticiaonline.com.br\/site\/nivel-do-rio-muriae-esta-baixando-informa-defesa-civil\/\" \/>\n\t<meta name=\"generator\" content=\"All in One SEO (AIOSEO) 5.0.0.1\" \/>\n\t\t<meta property=\"og:locale\" content=\"pt_BR\" \/>\n\t\t<meta property=\"og:site_name\" content=\"A Not\u00edcia Online - Noticias de Muria\u00e9 e regi\u00e3o\" \/>\n\t\t<meta property=\"og:type\" content=\"article\" \/>\n\t\t<meta property=\"og:title\" content=\"N\u00edvel do Rio Muria\u00e9 est\u00e1 baixando, informa Defesa Civil - A Not\u00edcia Online\" \/>\n\t\t<meta property=\"og:description\" content=\"A Coordenadoria Municipal de Prote\u00e7\u00e3o e Defesa Civil (COMPDEC) informa que o n\u00edvel do Rio Muria\u00e9 est\u00e1 com escoamento r\u00e1pido. Ap\u00f3s ter atingido o \u00e1pice \u00e0s 3h, quando chegou a 2m, o n\u00edvel come\u00e7ou a diminuir de maneira consider\u00e1vel. No momento se encontra em 1,73m - entre o per\u00edodo chuvoso (de outubro e mar\u00e7o), a\" \/>\n\t\t<meta property=\"og:url\" content=\"https:\/\/anoticiaonline.com.br\/site\/nivel-do-rio-muriae-esta-baixando-informa-defesa-civil\/\" \/>\n\t\t<meta property=\"og:image\" content=\"https:\/\/scontent-gig4-1.xx.fbcdn.net\/v\/t39.30808-1\/270437624_4564083193639691_6907940295614233970_n.jpg?stp=dst-jpg_s200x200_tt6&#038;_nc_cat=111&#038;ccb=1-7&#038;_nc_sid=f907e8&#038;_nc_ohc=SM1wRlP3lJwQ7kNvwEPuBYA&#038;_nc_oc=AdnqrjDN_BNjSSHWO-GbkIWH6fkGMLw4bqvL_NH6e2wMveX7G-rP2dAqsDSq1mJMOaY&#038;_nc_zt=24&#038;_nc_ht=scontent-gig4-1.xx&#038;_nc_gid=AoBFJeGrT1hVaew_6rchkQ&#038;oh=00_AfX7QmFGhQhG2jAllVgXCiM1ZrWgvtp80-Bfppyexh1QEg&#038;oe=689E923C\" \/>\n\t\t<meta property=\"og:image:secure_url\" content=\"https:\/\/scontent-gig4-1.xx.fbcdn.net\/v\/t39.30808-1\/270437624_4564083193639691_6907940295614233970_n.jpg?stp=dst-jpg_s200x200_tt6&#038;_nc_cat=111&#038;ccb=1-7&#038;_nc_sid=f907e8&#038;_nc_ohc=SM1wRlP3lJwQ7kNvwEPuBYA&#038;_nc_oc=AdnqrjDN_BNjSSHWO-GbkIWH6fkGMLw4bqvL_NH6e2wMveX7G-rP2dAqsDSq1mJMOaY&#038;_nc_zt=24&#038;_nc_ht=scontent-gig4-1.xx&#038;_nc_gid=AoBFJeGrT1hVaew_6rchkQ&#038;oh=00_AfX7QmFGhQhG2jAllVgXCiM1ZrWgvtp80-Bfppyexh1QEg&#038;oe=689E923C\" \/>\n\t\t<meta property=\"article:published_time\" content=\"2018-12-04T10:56:03+00:00\" \/>\n\t\t<meta property=\"article:modified_time\" content=\"2018-12-04T10:56:03+00:00\" \/>\n\t\t<meta name=\"twitter:card\" content=\"summary_large_image\" \/>\n\t\t<meta name=\"twitter:title\" content=\"N\u00edvel do Rio Muria\u00e9 est\u00e1 baixando, informa Defesa Civil - A Not\u00edcia Online\" \/>\n\t\t<meta name=\"twitter:description\" content=\"A Coordenadoria Municipal de Prote\u00e7\u00e3o e Defesa Civil (COMPDEC) informa que o n\u00edvel do Rio Muria\u00e9 est\u00e1 com escoamento r\u00e1pido. Ap\u00f3s ter atingido o \u00e1pice \u00e0s 3h, quando chegou a 2m, o n\u00edvel come\u00e7ou a diminuir de maneira consider\u00e1vel. No momento se encontra em 1,73m - entre o per\u00edodo chuvoso (de outubro e mar\u00e7o), a\" \/>\n\t\t<meta name=\"twitter:image\" content=\"https:\/\/scontent-gig4-1.xx.fbcdn.net\/v\/t39.30808-1\/270437624_4564083193639691_6907940295614233970_n.jpg?stp=dst-jpg_s200x200_tt6&amp;_nc_cat=111&amp;ccb=1-7&amp;_nc_sid=f907e8&amp;_nc_ohc=SM1wRlP3lJwQ7kNvwEPuBYA&amp;_nc_oc=AdnqrjDN_BNjSSHWO-GbkIWH6fkGMLw4bqvL_NH6e2wMveX7G-rP2dAqsDSq1mJMOaY&amp;_nc_zt=24&amp;_nc_ht=scontent-gig4-1.xx&amp;_nc_gid=AoBFJeGrT1hVaew_6rchkQ&amp;oh=00_AfX7QmFGhQhG2jAllVgXCiM1ZrWgvtp80-Bfppyexh1QEg&amp;oe=689E923C\" \/>\n\t\t<script type=\"application\/ld+json\" class=\"aioseo-schema\">\n\t\t\t{\"@context\":\"https:\\\/\\\/schema.org\",\"@graph\":[{\"@type\":\"BlogPosting\",\"@id\":\"https:\\\/\\\/anoticiaonline.com.br\\\/site\\\/nivel-do-rio-muriae-esta-baixando-informa-defesa-civil\\\/#blogposting\",\"name\":\"N\\u00edvel do Rio Muria\\u00e9 est\\u00e1 baixando, informa Defesa Civil - A Not\\u00edcia Online\",\"headline\":\"N\\u00edvel do Rio Muria\\u00e9 est\\u00e1 baixando, informa Defesa Civil\",\"author\":{\"@id\":\"https:\\\/\\\/anoticiaonline.com.br\\\/site\\\/author\\\/juliana\\\/#author\"},\"publisher\":{\"@id\":\"https:\\\/\\\/anoticiaonline.com.br\\\/site\\\/#organization\"},\"image\":{\"@type\":\"ImageObject\",\"url\":\"https:\\\/\\\/anoticiaonline.com.br\\\/site\\\/wp-content\\\/uploads\\\/2018\\\/12\\\/9737E098-F055-4104-8638-A05EC18E7B93.jpeg\",\"width\":800,\"height\":800},\"datePublished\":\"2018-12-04T07:56:03-03:00\",\"dateModified\":\"2018-12-04T07:56:03-03:00\",\"inLanguage\":\"pt-BR\",\"mainEntityOfPage\":{\"@id\":\"https:\\\/\\\/anoticiaonline.com.br\\\/site\\\/nivel-do-rio-muriae-esta-baixando-informa-defesa-civil\\\/#webpage\"},\"isPartOf\":{\"@id\":\"https:\\\/\\\/anoticiaonline.com.br\\\/site\\\/nivel-do-rio-muriae-esta-baixando-informa-defesa-civil\\\/#webpage\"},\"articleSection\":\"Blog, Cotidiano, chuvas, defesa civil, Defesa civil Muria\\u00e9, Enchentes em Muria\\u00e9, Per\\u00edodo de chuvas\"},{\"@type\":\"BreadcrumbList\",\"@id\":\"https:\\\/\\\/anoticiaonline.com.br\\\/site\\\/nivel-do-rio-muriae-esta-baixando-informa-defesa-civil\\\/#breadcrumblist\",\"itemListElement\":[{\"@type\":\"ListItem\",\"@id\":\"https:\\\/\\\/anoticiaonline.com.br\\\/site#listItem\",\"position\":1,\"name\":\"Home\",\"item\":\"https:\\\/\\\/anoticiaonline.com.br\\\/site\",\"nextItem\":{\"@type\":\"ListItem\",\"@id\":\"https:\\\/\\\/anoticiaonline.com.br\\\/site\\\/categoria\\\/muriae\\\/#listItem\",\"name\":\"Blog\"}},{\"@type\":\"ListItem\",\"@id\":\"https:\\\/\\\/anoticiaonline.com.br\\\/site\\\/categoria\\\/muriae\\\/#listItem\",\"position\":2,\"name\":\"Blog\",\"item\":\"https:\\\/\\\/anoticiaonline.com.br\\\/site\\\/categoria\\\/muriae\\\/\",\"nextItem\":{\"@type\":\"ListItem\",\"@id\":\"https:\\\/\\\/anoticiaonline.com.br\\\/site\\\/categoria\\\/muriae\\\/cotidiano\\\/#listItem\",\"name\":\"Cotidiano\"},\"previousItem\":{\"@type\":\"ListItem\",\"@id\":\"https:\\\/\\\/anoticiaonline.com.br\\\/site#listItem\",\"name\":\"Home\"}},{\"@type\":\"ListItem\",\"@id\":\"https:\\\/\\\/anoticiaonline.com.br\\\/site\\\/categoria\\\/muriae\\\/cotidiano\\\/#listItem\",\"position\":3,\"name\":\"Cotidiano\",\"item\":\"https:\\\/\\\/anoticiaonline.com.br\\\/site\\\/categoria\\\/muriae\\\/cotidiano\\\/\",\"nextItem\":{\"@type\":\"ListItem\",\"@id\":\"https:\\\/\\\/anoticiaonline.com.br\\\/site\\\/nivel-do-rio-muriae-esta-baixando-informa-defesa-civil\\\/#listItem\",\"name\":\"N\\u00edvel do Rio Muria\\u00e9 est\\u00e1 baixando, informa Defesa Civil\"},\"previousItem\":{\"@type\":\"ListItem\",\"@id\":\"https:\\\/\\\/anoticiaonline.com.br\\\/site\\\/categoria\\\/muriae\\\/#listItem\",\"name\":\"Blog\"}},{\"@type\":\"ListItem\",\"@id\":\"https:\\\/\\\/anoticiaonline.com.br\\\/site\\\/nivel-do-rio-muriae-esta-baixando-informa-defesa-civil\\\/#listItem\",\"position\":4,\"name\":\"N\\u00edvel do Rio Muria\\u00e9 est\\u00e1 baixando, informa Defesa Civil\",\"previousItem\":{\"@type\":\"ListItem\",\"@id\":\"https:\\\/\\\/anoticiaonline.com.br\\\/site\\\/categoria\\\/muriae\\\/cotidiano\\\/#listItem\",\"name\":\"Cotidiano\"}}]},{\"@type\":\"Organization\",\"@id\":\"https:\\\/\\\/anoticiaonline.com.br\\\/site\\\/#organization\",\"name\":\"A Not\\u00edcia Online\",\"description\":\"Noticias de Muria\\u00e9 e regi\\u00e3o\",\"url\":\"https:\\\/\\\/anoticiaonline.com.br\\\/site\\\/\",\"logo\":{\"@type\":\"ImageObject\",\"url\":\"https:\\\/\\\/scontent-gig4-1.xx.fbcdn.net\\\/v\\\/t39.30808-1\\\/270437624_4564083193639691_6907940295614233970_n.jpg?stp=dst-jpg_s200x200_tt6&_nc_cat=111&ccb=1-7&_nc_sid=f907e8&_nc_ohc=SM1wRlP3lJwQ7kNvwEPuBYA&_nc_oc=AdnqrjDN_BNjSSHWO-GbkIWH6fkGMLw4bqvL_NH6e2wMveX7G-rP2dAqsDSq1mJMOaY&_nc_zt=24&_nc_ht=scontent-gig4-1.xx&_nc_gid=AoBFJeGrT1hVaew_6rchkQ&oh=00_AfX7QmFGhQhG2jAllVgXCiM1ZrWgvtp80-Bfppyexh1QEg&oe=689E923C\",\"@id\":\"https:\\\/\\\/anoticiaonline.com.br\\\/site\\\/nivel-do-rio-muriae-esta-baixando-informa-defesa-civil\\\/#organizationLogo\"},\"image\":{\"@id\":\"https:\\\/\\\/anoticiaonline.com.br\\\/site\\\/nivel-do-rio-muriae-esta-baixando-informa-defesa-civil\\\/#organizationLogo\"}},{\"@type\":\"Person\",\"@id\":\"https:\\\/\\\/anoticiaonline.com.br\\\/site\\\/author\\\/juliana\\\/#author\",\"url\":\"https:\\\/\\\/anoticiaonline.com.br\\\/site\\\/author\\\/juliana\\\/\",\"name\":\"Juliana Laviola\",\"image\":{\"@type\":\"ImageObject\",\"@id\":\"https:\\\/\\\/anoticiaonline.com.br\\\/site\\\/nivel-do-rio-muriae-esta-baixando-informa-defesa-civil\\\/#authorImage\",\"url\":\"https:\\\/\\\/secure.gravatar.com\\\/avatar\\\/b8d45f5c699b100dfaf0e543582f38f38bf94cb7ae3a5e9abf8d891a34773335?s=96&d=mm&r=g\",\"width\":96,\"height\":96,\"caption\":\"Juliana Laviola\"}},{\"@type\":\"WebPage\",\"@id\":\"https:\\\/\\\/anoticiaonline.com.br\\\/site\\\/nivel-do-rio-muriae-esta-baixando-informa-defesa-civil\\\/#webpage\",\"url\":\"https:\\\/\\\/anoticiaonline.com.br\\\/site\\\/nivel-do-rio-muriae-esta-baixando-informa-defesa-civil\\\/\",\"name\":\"N\\u00edvel do Rio Muria\\u00e9 est\\u00e1 baixando, informa Defesa Civil - A Not\\u00edcia Online\",\"description\":\"A Coordenadoria Municipal de Prote\\u00e7\\u00e3o e Defesa Civil (COMPDEC) informa que o n\\u00edvel do Rio Muria\\u00e9 est\\u00e1 com escoamento r\\u00e1pido. Ap\\u00f3s ter atingido o \\u00e1pice \\u00e0s 3h, quando chegou a 2m, o n\\u00edvel come\\u00e7ou a diminuir de maneira consider\\u00e1vel. No momento se encontra em 1,73m - entre o per\\u00edodo chuvoso (de outubro e mar\\u00e7o), a\",\"inLanguage\":\"pt-BR\",\"isPartOf\":{\"@id\":\"https:\\\/\\\/anoticiaonline.com.br\\\/site\\\/#website\"},\"breadcrumb\":{\"@id\":\"https:\\\/\\\/anoticiaonline.com.br\\\/site\\\/nivel-do-rio-muriae-esta-baixando-informa-defesa-civil\\\/#breadcrumblist\"},\"author\":{\"@id\":\"https:\\\/\\\/anoticiaonline.com.br\\\/site\\\/author\\\/juliana\\\/#author\"},\"creator\":{\"@id\":\"https:\\\/\\\/anoticiaonline.com.br\\\/site\\\/author\\\/juliana\\\/#author\"},\"image\":{\"@type\":\"ImageObject\",\"url\":\"https:\\\/\\\/anoticiaonline.com.br\\\/site\\\/wp-content\\\/uploads\\\/2018\\\/12\\\/9737E098-F055-4104-8638-A05EC18E7B93.jpeg\",\"@id\":\"https:\\\/\\\/anoticiaonline.com.br\\\/site\\\/nivel-do-rio-muriae-esta-baixando-informa-defesa-civil\\\/#mainImage\",\"width\":800,\"height\":800},\"primaryImageOfPage\":{\"@id\":\"https:\\\/\\\/anoticiaonline.com.br\\\/site\\\/nivel-do-rio-muriae-esta-baixando-informa-defesa-civil\\\/#mainImage\"},\"datePublished\":\"2018-12-04T07:56:03-03:00\",\"dateModified\":\"2018-12-04T07:56:03-03:00\"},{\"@type\":\"WebSite\",\"@id\":\"https:\\\/\\\/anoticiaonline.com.br\\\/site\\\/#website\",\"url\":\"https:\\\/\\\/anoticiaonline.com.br\\\/site\\\/\",\"name\":\"A Not\\u00edcia Online\",\"description\":\"Noticias de Muria\\u00e9 e regi\\u00e3o\",\"inLanguage\":\"pt-BR\",\"publisher\":{\"@id\":\"https:\\\/\\\/anoticiaonline.com.br\\\/site\\\/#organization\"}}]}\n\t\t<\/script>\n\t\t<!-- All in One SEO -->\n\n","aioseo_head_json":{"title":"N\u00edvel do Rio Muria\u00e9 est\u00e1 baixando, informa Defesa Civil - A Not\u00edcia Online","description":"A Coordenadoria Municipal de Prote\u00e7\u00e3o e Defesa Civil (COMPDEC) informa que o n\u00edvel do Rio Muria\u00e9 est\u00e1 com escoamento r\u00e1pido. Ap\u00f3s ter atingido o \u00e1pice \u00e0s 3h, quando chegou a 2m, o n\u00edvel come\u00e7ou a diminuir de maneira consider\u00e1vel. No momento se encontra em 1,73m - entre o per\u00edodo chuvoso (de outubro e mar\u00e7o), a","canonical_url":"https:\/\/anoticiaonline.com.br\/site\/nivel-do-rio-muriae-esta-baixando-informa-defesa-civil\/","robots":"max-image-preview:large","keywords":"","webmasterTools":{"miscellaneous":""},"schema":{"@context":"https:\/\/schema.org","@graph":[{"@type":"BlogPosting","@id":"https:\/\/anoticiaonline.com.br\/site\/nivel-do-rio-muriae-esta-baixando-informa-defesa-civil\/#blogposting","name":"N\u00edvel do Rio Muria\u00e9 est\u00e1 baixando, informa Defesa Civil - A Not\u00edcia Online","headline":"N\u00edvel do Rio Muria\u00e9 est\u00e1 baixando, informa Defesa Civil","author":{"@id":"https:\/\/anoticiaonline.com.br\/site\/author\/juliana\/#author"},"publisher":{"@id":"https:\/\/anoticiaonline.com.br\/site\/#organization"},"image":{"@type":"ImageObject","url":"https:\/\/anoticiaonline.com.br\/site\/wp-content\/uploads\/2018\/12\/9737E098-F055-4104-8638-A05EC18E7B93.jpeg","width":800,"height":800},"datePublished":"2018-12-04T07:56:03-03:00","dateModified":"2018-12-04T07:56:03-03:00","inLanguage":"pt-BR","mainEntityOfPage":{"@id":"https:\/\/anoticiaonline.com.br\/site\/nivel-do-rio-muriae-esta-baixando-informa-defesa-civil\/#webpage"},"isPartOf":{"@id":"https:\/\/anoticiaonline.com.br\/site\/nivel-do-rio-muriae-esta-baixando-informa-defesa-civil\/#webpage"},"articleSection":"Blog, Cotidiano, chuvas, defesa civil, Defesa civil Muria\u00e9, Enchentes em Muria\u00e9, Per\u00edodo de chuvas"},{"@type":"BreadcrumbList","@id":"https:\/\/anoticiaonline.com.br\/site\/nivel-do-rio-muriae-esta-baixando-informa-defesa-civil\/#breadcrumblist","itemListElement":[{"@type":"ListItem","@id":"https:\/\/anoticiaonline.com.br\/site#listItem","position":1,"name":"Home","item":"https:\/\/anoticiaonline.com.br\/site","nextItem":{"@type":"ListItem","@id":"https:\/\/anoticiaonline.com.br\/site\/categoria\/muriae\/#listItem","name":"Blog"}},{"@type":"ListItem","@id":"https:\/\/anoticiaonline.com.br\/site\/categoria\/muriae\/#listItem","position":2,"name":"Blog","item":"https:\/\/anoticiaonline.com.br\/site\/categoria\/muriae\/","nextItem":{"@type":"ListItem","@id":"https:\/\/anoticiaonline.com.br\/site\/categoria\/muriae\/cotidiano\/#listItem","name":"Cotidiano"},"previousItem":{"@type":"ListItem","@id":"https:\/\/anoticiaonline.com.br\/site#listItem","name":"Home"}},{"@type":"ListItem","@id":"https:\/\/anoticiaonline.com.br\/site\/categoria\/muriae\/cotidiano\/#listItem","position":3,"name":"Cotidiano","item":"https:\/\/anoticiaonline.com.br\/site\/categoria\/muriae\/cotidiano\/","nextItem":{"@type":"ListItem","@id":"https:\/\/anoticiaonline.com.br\/site\/nivel-do-rio-muriae-esta-baixando-informa-defesa-civil\/#listItem","name":"N\u00edvel do Rio Muria\u00e9 est\u00e1 baixando, informa Defesa Civil"},"previousItem":{"@type":"ListItem","@id":"https:\/\/anoticiaonline.com.br\/site\/categoria\/muriae\/#listItem","name":"Blog"}},{"@type":"ListItem","@id":"https:\/\/anoticiaonline.com.br\/site\/nivel-do-rio-muriae-esta-baixando-informa-defesa-civil\/#listItem","position":4,"name":"N\u00edvel do Rio Muria\u00e9 est\u00e1 baixando, informa Defesa Civil","previousItem":{"@type":"ListItem","@id":"https:\/\/anoticiaonline.com.br\/site\/categoria\/muriae\/cotidiano\/#listItem","name":"Cotidiano"}}]},{"@type":"Organization","@id":"https:\/\/anoticiaonline.com.br\/site\/#organization","name":"A Not\u00edcia Online","description":"Noticias de Muria\u00e9 e regi\u00e3o","url":"https:\/\/anoticiaonline.com.br\/site\/","logo":{"@type":"ImageObject","url":"https:\/\/scontent-gig4-1.xx.fbcdn.net\/v\/t39.30808-1\/270437624_4564083193639691_6907940295614233970_n.jpg?stp=dst-jpg_s200x200_tt6&_nc_cat=111&ccb=1-7&_nc_sid=f907e8&_nc_ohc=SM1wRlP3lJwQ7kNvwEPuBYA&_nc_oc=AdnqrjDN_BNjSSHWO-GbkIWH6fkGMLw4bqvL_NH6e2wMveX7G-rP2dAqsDSq1mJMOaY&_nc_zt=24&_nc_ht=scontent-gig4-1.xx&_nc_gid=AoBFJeGrT1hVaew_6rchkQ&oh=00_AfX7QmFGhQhG2jAllVgXCiM1ZrWgvtp80-Bfppyexh1QEg&oe=689E923C","@id":"https:\/\/anoticiaonline.com.br\/site\/nivel-do-rio-muriae-esta-baixando-informa-defesa-civil\/#organizationLogo"},"image":{"@id":"https:\/\/anoticiaonline.com.br\/site\/nivel-do-rio-muriae-esta-baixando-informa-defesa-civil\/#organizationLogo"}},{"@type":"Person","@id":"https:\/\/anoticiaonline.com.br\/site\/author\/juliana\/#author","url":"https:\/\/anoticiaonline.com.br\/site\/author\/juliana\/","name":"Juliana Laviola","image":{"@type":"ImageObject","@id":"https:\/\/anoticiaonline.com.br\/site\/nivel-do-rio-muriae-esta-baixando-informa-defesa-civil\/#authorImage","url":"https:\/\/secure.gravatar.com\/avatar\/b8d45f5c699b100dfaf0e543582f38f38bf94cb7ae3a5e9abf8d891a34773335?s=96&d=mm&r=g","width":96,"height":96,"caption":"Juliana Laviola"}},{"@type":"WebPage","@id":"https:\/\/anoticiaonline.com.br\/site\/nivel-do-rio-muriae-esta-baixando-informa-defesa-civil\/#webpage","url":"https:\/\/anoticiaonline.com.br\/site\/nivel-do-rio-muriae-esta-baixando-informa-defesa-civil\/","name":"N\u00edvel do Rio Muria\u00e9 est\u00e1 baixando, informa Defesa Civil - A Not\u00edcia Online","description":"A Coordenadoria Municipal de Prote\u00e7\u00e3o e Defesa Civil (COMPDEC) informa que o n\u00edvel do Rio Muria\u00e9 est\u00e1 com escoamento r\u00e1pido. Ap\u00f3s ter atingido o \u00e1pice \u00e0s 3h, quando chegou a 2m, o n\u00edvel come\u00e7ou a diminuir de maneira consider\u00e1vel. No momento se encontra em 1,73m - entre o per\u00edodo chuvoso (de outubro e mar\u00e7o), a","inLanguage":"pt-BR","isPartOf":{"@id":"https:\/\/anoticiaonline.com.br\/site\/#website"},"breadcrumb":{"@id":"https:\/\/anoticiaonline.com.br\/site\/nivel-do-rio-muriae-esta-baixando-informa-defesa-civil\/#breadcrumblist"},"author":{"@id":"https:\/\/anoticiaonline.com.br\/site\/author\/juliana\/#author"},"creator":{"@id":"https:\/\/anoticiaonline.com.br\/site\/author\/juliana\/#author"},"image":{"@type":"ImageObject","url":"https:\/\/anoticiaonline.com.br\/site\/wp-content\/uploads\/2018\/12\/9737E098-F055-4104-8638-A05EC18E7B93.jpeg","@id":"https:\/\/anoticiaonline.com.br\/site\/nivel-do-rio-muriae-esta-baixando-informa-defesa-civil\/#mainImage","width":800,"height":800},"primaryImageOfPage":{"@id":"https:\/\/anoticiaonline.com.br\/site\/nivel-do-rio-muriae-esta-baixando-informa-defesa-civil\/#mainImage"},"datePublished":"2018-12-04T07:56:03-03:00","dateModified":"2018-12-04T07:56:03-03:00"},{"@type":"WebSite","@id":"https:\/\/anoticiaonline.com.br\/site\/#website","url":"https:\/\/anoticiaonline.com.br\/site\/","name":"A Not\u00edcia Online","description":"Noticias de Muria\u00e9 e regi\u00e3o","inLanguage":"pt-BR","publisher":{"@id":"https:\/\/anoticiaonline.com.br\/site\/#organization"}}]},"og:locale":"pt_BR","og:site_name":"A Not\u00edcia Online - Noticias de Muria\u00e9 e regi\u00e3o","og:type":"article","og:title":"N\u00edvel do Rio Muria\u00e9 est\u00e1 baixando, informa Defesa Civil - A Not\u00edcia Online","og:description":"A Coordenadoria Municipal de Prote\u00e7\u00e3o e Defesa Civil (COMPDEC) informa que o n\u00edvel do Rio Muria\u00e9 est\u00e1 com escoamento r\u00e1pido. Ap\u00f3s ter atingido o \u00e1pice \u00e0s 3h, quando chegou a 2m, o n\u00edvel come\u00e7ou a diminuir de maneira consider\u00e1vel. No momento se encontra em 1,73m - entre o per\u00edodo chuvoso (de outubro e mar\u00e7o), a","og:url":"https:\/\/anoticiaonline.com.br\/site\/nivel-do-rio-muriae-esta-baixando-informa-defesa-civil\/","og:image":"https:\/\/scontent-gig4-1.xx.fbcdn.net\/v\/t39.30808-1\/270437624_4564083193639691_6907940295614233970_n.jpg?stp=dst-jpg_s200x200_tt6&#038;_nc_cat=111&#038;ccb=1-7&#038;_nc_sid=f907e8&#038;_nc_ohc=SM1wRlP3lJwQ7kNvwEPuBYA&#038;_nc_oc=AdnqrjDN_BNjSSHWO-GbkIWH6fkGMLw4bqvL_NH6e2wMveX7G-rP2dAqsDSq1mJMOaY&#038;_nc_zt=24&#038;_nc_ht=scontent-gig4-1.xx&#038;_nc_gid=AoBFJeGrT1hVaew_6rchkQ&#038;oh=00_AfX7QmFGhQhG2jAllVgXCiM1ZrWgvtp80-Bfppyexh1QEg&#038;oe=689E923C","og:image:secure_url":"https:\/\/scontent-gig4-1.xx.fbcdn.net\/v\/t39.30808-1\/270437624_4564083193639691_6907940295614233970_n.jpg?stp=dst-jpg_s200x200_tt6&#038;_nc_cat=111&#038;ccb=1-7&#038;_nc_sid=f907e8&#038;_nc_ohc=SM1wRlP3lJwQ7kNvwEPuBYA&#038;_nc_oc=AdnqrjDN_BNjSSHWO-GbkIWH6fkGMLw4bqvL_NH6e2wMveX7G-rP2dAqsDSq1mJMOaY&#038;_nc_zt=24&#038;_nc_ht=scontent-gig4-1.xx&#038;_nc_gid=AoBFJeGrT1hVaew_6rchkQ&#038;oh=00_AfX7QmFGhQhG2jAllVgXCiM1ZrWgvtp80-Bfppyexh1QEg&#038;oe=689E923C","article:published_time":"2018-12-04T10:56:03+00:00","article:modified_time":"2018-12-04T10:56:03+00:00","twitter:card":"summary_large_image","twitter:title":"N\u00edvel do Rio Muria\u00e9 est\u00e1 baixando, informa Defesa Civil - A Not\u00edcia Online","twitter:description":"A Coordenadoria Municipal de Prote\u00e7\u00e3o e Defesa Civil (COMPDEC) informa que o n\u00edvel do Rio Muria\u00e9 est\u00e1 com escoamento r\u00e1pido. Ap\u00f3s ter atingido o \u00e1pice \u00e0s 3h, quando chegou a 2m, o n\u00edvel come\u00e7ou a diminuir de maneira consider\u00e1vel. No momento se encontra em 1,73m - entre o per\u00edodo chuvoso (de outubro e mar\u00e7o), a","twitter:image":"https:\/\/scontent-gig4-1.xx.fbcdn.net\/v\/t39.30808-1\/270437624_4564083193639691_6907940295614233970_n.jpg?stp=dst-jpg_s200x200_tt6&_nc_cat=111&ccb=1-7&_nc_sid=f907e8&_nc_ohc=SM1wRlP3lJwQ7kNvwEPuBYA&_nc_oc=AdnqrjDN_BNjSSHWO-GbkIWH6fkGMLw4bqvL_NH6e2wMveX7G-rP2dAqsDSq1mJMOaY&_nc_zt=24&_nc_ht=scontent-gig4-1.xx&_nc_gid=AoBFJeGrT1hVaew_6rchkQ&oh=00_AfX7QmFGhQhG2jAllVgXCiM1ZrWgvtp80-Bfppyexh1QEg&oe=689E923C"},"aioseo_meta_data":{"post_id":"65517","title":null,"description":null,"keywords":null,"keyphrases":null,"primary_term":null,"canonical_url":null,"og_title":null,"og_description":null,"og_object_type":"default","og_image_type":"default","og_image_url":null,"og_image_width":null,"og_image_height":null,"og_image_custom_url":null,"og_image_custom_fields":null,"og_video":null,"og_custom_url":null,"og_article_section":null,"og_article_tags":null,"twitter_use_og":false,"twitter_card":"default","twitter_image_type":"default","twitter_image_url":null,"twitter_image_custom_url":null,"twitter_image_custom_fields":null,"twitter_title":null,"twitter_description":null,"schema":{"blockGraphs":[],"customGraphs":[],"default":{"data":{"Article":[],"Course":[],"Dataset":[],"FAQPage":[],"Movie":[],"Person":[],"Product":[],"ProductReview":[],"Car":[],"Recipe":[],"Service":[],"SoftwareApplication":[],"WebPage":[]},"graphName":"","isEnabled":true},"graphs":[]},"schema_type":"default","schema_type_options":null,"pillar_content":false,"robots_default":true,"robots_noindex":false,"robots_noarchive":false,"robots_nosnippet":false,"robots_nofollow":false,"robots_noimageindex":false,"robots_noodp":false,"robots_notranslate":false,"robots_max_snippet":null,"robots_max_videopreview":null,"robots_max_imagepreview":"large","priority":null,"frequency":null,"local_seo":null,"breadcrumb_settings":null,"limit_modified_date":false,"ai":null,"created":"2025-08-16 22:24:09","updated":"2025-08-16 22:24:09","focus_keyword":null,"additional_keywords":null,"truseo_locale":null,"seo_analyzer_scan_date":null},"aioseo_breadcrumb":"<div class=\"aioseo-breadcrumbs\"><span class=\"aioseo-breadcrumb\">\n\t\t\t<a href=\"https:\/\/anoticiaonline.com.br\/site\" title=\"Home\">Home<\/a>\n\t\t<\/span><span class=\"aioseo-breadcrumb-separator\">&raquo;<\/span><span class=\"aioseo-breadcrumb\">\n\t\t\t<a href=\"https:\/\/anoticiaonline.com.br\/site\/categoria\/muriae\/\" title=\"Blog\">Blog<\/a>\n\t\t<\/span><span class=\"aioseo-breadcrumb-separator\">&raquo;<\/span><span class=\"aioseo-breadcrumb\">\n\t\t\t<a href=\"https:\/\/anoticiaonline.com.br\/site\/categoria\/muriae\/cotidiano\/\" title=\"Cotidiano\">Cotidiano<\/a>\n\t\t<\/span><span class=\"aioseo-breadcrumb-separator\">&raquo;<\/span><span class=\"aioseo-breadcrumb\">\n\t\t\tN\u00edvel do Rio Muria\u00e9 est\u00e1 baixando, informa Defesa Civil\n\t\t<\/span><\/div>","aioseo_breadcrumb_json":[{"label":"Home","link":"https:\/\/anoticiaonline.com.br\/site"},{"label":"Blog","link":"https:\/\/anoticiaonline.com.br\/site\/categoria\/muriae\/"},{"label":"Cotidiano","link":"https:\/\/anoticiaonline.com.br\/site\/categoria\/muriae\/cotidiano\/"},{"label":"N\u00edvel do Rio Muria\u00e9 est\u00e1 baixando, informa Defesa Civil","link":"https:\/\/anoticiaonline.com.br\/site\/nivel-do-rio-muriae-esta-baixando-informa-defesa-civil\/"}],"views":154,"_links":{"self":[{"href":"https:\/\/anoticiaonline.com.br\/site\/wp-json\/wp\/v2\/posts\/65517","targetHints":{"allow":["GET"]}}],"collection":[{"href":"https:\/\/anoticiaonline.com.br\/site\/wp-json\/wp\/v2\/posts"}],"about":[{"href":"https:\/\/anoticiaonline.com.br\/site\/wp-json\/wp\/v2\/types\/post"}],"author":[{"embeddable":true,"href":"https:\/\/anoticiaonline.com.br\/site\/wp-json\/wp\/v2\/users\/2"}],"replies":[{"embeddable":true,"href":"https:\/\/anoticiaonline.com.br\/site\/wp-json\/wp\/v2\/comments?post=65517"}],"version-history":[{"count":0,"href":"https:\/\/anoticiaonline.com.br\/site\/wp-json\/wp\/v2\/posts\/65517\/revisions"}],"wp:featuredmedia":[{"embeddable":true,"href":"https:\/\/anoticiaonline.com.br\/site\/wp-json\/wp\/v2\/media\/65512"}],"wp:attachment":[{"href":"https:\/\/anoticiaonline.com.br\/site\/wp-json\/wp\/v2\/media?parent=65517"}],"wp:term":[{"taxonomy":"category","embeddable":true,"href":"https:\/\/anoticiaonline.com.br\/site\/wp-json\/wp\/v2\/categories?post=65517"},{"taxonomy":"post_tag","embeddable":true,"href":"https:\/\/anoticiaonline.com.br\/site\/wp-json\/wp\/v2\/tags?post=65517"}],"curies":[{"name":"wp","href":"https:\/\/api.w.org\/{rel}","templated":true}]}}