{"id":65456,"date":"2018-11-29T20:46:18","date_gmt":"2018-11-29T23:46:18","guid":{"rendered":"http:\/\/anoticiaonline.com.br\/site\/?p=65456"},"modified":"2018-11-29T20:46:18","modified_gmt":"2018-11-29T23:46:18","slug":"camara-realiza-semana-municipal-de-combate-a-violencia-contra-a-mulher","status":"publish","type":"post","link":"https:\/\/anoticiaonline.com.br\/site\/camara-realiza-semana-municipal-de-combate-a-violencia-contra-a-mulher\/","title":{"rendered":"C\u00e2mara realiza Semana Municipal de Combate \u00e0 Viol\u00eancia Contra a Mulher"},"content":{"rendered":"<p><a href=\"https:\/\/anoticiaonline.com.br\/site\/wp-content\/uploads\/2018\/11\/DSC_0612.jpg\"><img fetchpriority=\"high\" decoding=\"async\" class=\"alignnone size-full wp-image-65486\" src=\"https:\/\/anoticiaonline.com.br\/site\/wp-content\/uploads\/2018\/11\/DSC_0612.jpg\" alt=\"\" width=\"1000\" height=\"668\" srcset=\"https:\/\/anoticiaonline.com.br\/site\/wp-content\/uploads\/2018\/11\/DSC_0612.jpg 1000w, https:\/\/anoticiaonline.com.br\/site\/wp-content\/uploads\/2018\/11\/DSC_0612-300x200.jpg 300w, https:\/\/anoticiaonline.com.br\/site\/wp-content\/uploads\/2018\/11\/DSC_0612-768x513.jpg 768w\" sizes=\"(max-width: 1000px) 100vw, 1000px\" \/><\/a>Na sess\u00e3o da C\u00e2mara de Muria\u00e9 do dia 20 de novembro foi aberta a II Semana Municipal de Preven\u00e7\u00e3o e Combate \u00e0 Viol\u00eancia Contra a Mulher que teve como tema este ano\u00a0<em>\u201c#quebreociclo \u2013 enfrentamento de todas as formas de viol\u00eancia contra a mulher<\/em>\u201d.\u00a0\u00a0\u00a0A abertura foi realizada com uma palestra do delegado da Pol\u00edcia Civil de Minas Gerais, Rangel Martino, que contou com a participa\u00e7\u00e3o dos vereadores por meio de depoimentos, cr\u00edticas e sugest\u00f5es acerca do tema.<\/p>\n<p><!--more--><\/p>\n<p>A II Semana Municipal de Preven\u00e7\u00e3o e Combate \u00e0 Viol\u00eancia Contra a Mulher realizada com base na Lei Municipal N\u00ba 5.429\/2017, de autoria do vereador Dr. Jos\u00e9 Carlos (PSB). Com grande experi\u00eancia no combate \u00e0 viol\u00eancia na regi\u00e3o, o delegado Rangel falou sobre a legisla\u00e7\u00e3o espec\u00edfica de prote\u00e7\u00e3o \u00e0 mulher, seus avan\u00e7os e os problemas de g\u00eanero enfrentados de forma geral, especificando casos ocorridos no munic\u00edpio. O objetivo de sua apresenta\u00e7\u00e3o foi sensibilizar os presentes para que seja destinado pela comunidade um tratamento especial, com mais respeito e prote\u00e7\u00e3o \u00e0s mulheres.<\/p>\n<p>De acordo com o vereador, Dr. Jos\u00e9 Carlos, a Semana Municipal de Preven\u00e7\u00e3o e Combate \u00e0 Viol\u00eancia Contra a Mulher faz parte do calend\u00e1rio oficial da Prefeitura e da C\u00e2mara de Muria\u00e9. \u201cA viol\u00eancia contra a mulher \u00e9 um ato vergonhoso e triste em nossa sociedade. O Brasil, infelizmente, atinge \u00edndices alarmantes neste quesito. Em 2016, 5 mil mulheres foram assassinadas no pa\u00eds, mesmo com a exist\u00eancia da Lei Maria da Penha\u201d.<\/p>\n<p>O evento, organizado pela C\u00e2mara de Muria\u00e9, ainda contou com dois encontros com a comunidade. Na quinta-feira (22), no Senai, foi montada uma mesa redonda com a presen\u00e7a de Maria Luiza de Oliveira Moraes, coordenadora da Casa da Mulher em Juiz de Fora; Nat\u00e1lia Magalh\u00e3es, delegada de Mulheres de Muria\u00e9,\u00a0\u00a0dentre outras autoridades apara debater o tema. No s\u00e1bado (24), foi realizado um trabalho de conscientiza\u00e7\u00e3o na Pra\u00e7a Jo\u00e3o Pinheiro por meio de panfletagem e orienta\u00e7\u00f5es.<\/p>\n<p>Segundo, Franciane Silva Duarte Ven\u00e2ncio, escriv\u00e3 da Pol\u00edcia Civil de Minas Gerais, que atua na Delegacia de Mulheres juntamente com a delegada Nat\u00e1lia Magalh\u00e3es, esta foi a primeira participa\u00e7\u00e3o da Pol\u00edcia Civil no evento. \u201cNosso objetivo foi conscientizar a popula\u00e7\u00e3o sobre a viol\u00eancia contra a mulher no pa\u00eds e no mundo, celebrado sempre no dia 25 de novembro. Vale ressaltar que o n\u00famero de atos violentos contra a mulher aumentou na cidade e o n\u00famero de medidas protetivas dobrou este ano. Precisamos divulgar mais a campanha, principalmente para o p\u00fablico masculino, combatendo o machismo e a agress\u00e3o contra a mulher\u201d.<\/p>\n<div id='gallery-1' class='gallery galleryid-65456 gallery-columns-1 gallery-size-full'><figure class='gallery-item'>\n\t\t\t<div class='gallery-icon landscape'>\n\t\t\t\t<a href='https:\/\/anoticiaonline.com.br\/site\/wp-content\/uploads\/2018\/11\/DSC_0580-1.jpg'><img decoding=\"async\" width=\"1000\" height=\"668\" src=\"https:\/\/anoticiaonline.com.br\/site\/wp-content\/uploads\/2018\/11\/DSC_0580-1.jpg\" class=\"attachment-full size-full\" alt=\"\" srcset=\"https:\/\/anoticiaonline.com.br\/site\/wp-content\/uploads\/2018\/11\/DSC_0580-1.jpg 1000w, https:\/\/anoticiaonline.com.br\/site\/wp-content\/uploads\/2018\/11\/DSC_0580-1-300x200.jpg 300w, https:\/\/anoticiaonline.com.br\/site\/wp-content\/uploads\/2018\/11\/DSC_0580-1-768x513.jpg 768w\" sizes=\"(max-width: 1000px) 100vw, 1000px\" \/><\/a>\n\t\t\t<\/div><\/figure><figure class='gallery-item'>\n\t\t\t<div class='gallery-icon landscape'>\n\t\t\t\t<a href='https:\/\/anoticiaonline.com.br\/site\/wp-content\/uploads\/2018\/11\/DSC_0590.jpg'><img decoding=\"async\" width=\"1000\" height=\"750\" src=\"https:\/\/anoticiaonline.com.br\/site\/wp-content\/uploads\/2018\/11\/DSC_0590.jpg\" class=\"attachment-full size-full\" alt=\"\" srcset=\"https:\/\/anoticiaonline.com.br\/site\/wp-content\/uploads\/2018\/11\/DSC_0590.jpg 1000w, https:\/\/anoticiaonline.com.br\/site\/wp-content\/uploads\/2018\/11\/DSC_0590-300x225.jpg 300w, https:\/\/anoticiaonline.com.br\/site\/wp-content\/uploads\/2018\/11\/DSC_0590-768x576.jpg 768w, https:\/\/anoticiaonline.com.br\/site\/wp-content\/uploads\/2018\/11\/DSC_0590-105x80.jpg 105w\" sizes=\"(max-width: 1000px) 100vw, 1000px\" \/><\/a>\n\t\t\t<\/div><\/figure><figure class='gallery-item'>\n\t\t\t<div class='gallery-icon landscape'>\n\t\t\t\t<a href='https:\/\/anoticiaonline.com.br\/site\/wp-content\/uploads\/2018\/11\/DSC_0594.jpg'><img loading=\"lazy\" decoding=\"async\" width=\"1000\" height=\"668\" src=\"https:\/\/anoticiaonline.com.br\/site\/wp-content\/uploads\/2018\/11\/DSC_0594.jpg\" class=\"attachment-full size-full\" alt=\"\" srcset=\"https:\/\/anoticiaonline.com.br\/site\/wp-content\/uploads\/2018\/11\/DSC_0594.jpg 1000w, https:\/\/anoticiaonline.com.br\/site\/wp-content\/uploads\/2018\/11\/DSC_0594-300x200.jpg 300w, https:\/\/anoticiaonline.com.br\/site\/wp-content\/uploads\/2018\/11\/DSC_0594-768x513.jpg 768w\" sizes=\"(max-width: 1000px) 100vw, 1000px\" \/><\/a>\n\t\t\t<\/div><\/figure><figure class='gallery-item'>\n\t\t\t<div class='gallery-icon landscape'>\n\t\t\t\t<a href='https:\/\/anoticiaonline.com.br\/site\/wp-content\/uploads\/2018\/11\/PLEN\u00c1RIO-47-1.jpg'><img loading=\"lazy\" decoding=\"async\" width=\"1000\" height=\"750\" src=\"https:\/\/anoticiaonline.com.br\/site\/wp-content\/uploads\/2018\/11\/PLEN\u00c1RIO-47-1.jpg\" class=\"attachment-full size-full\" alt=\"\" srcset=\"https:\/\/anoticiaonline.com.br\/site\/wp-content\/uploads\/2018\/11\/PLEN\u00c1RIO-47-1.jpg 1000w, https:\/\/anoticiaonline.com.br\/site\/wp-content\/uploads\/2018\/11\/PLEN\u00c1RIO-47-1-300x225.jpg 300w, https:\/\/anoticiaonline.com.br\/site\/wp-content\/uploads\/2018\/11\/PLEN\u00c1RIO-47-1-768x576.jpg 768w, https:\/\/anoticiaonline.com.br\/site\/wp-content\/uploads\/2018\/11\/PLEN\u00c1RIO-47-1-105x80.jpg 105w\" sizes=\"(max-width: 1000px) 100vw, 1000px\" \/><\/a>\n\t\t\t<\/div><\/figure><figure class='gallery-item'>\n\t\t\t<div class='gallery-icon landscape'>\n\t\t\t\t<a href='https:\/\/anoticiaonline.com.br\/site\/wp-content\/uploads\/2018\/11\/RANGEL-47-3-2.jpg'><img loading=\"lazy\" decoding=\"async\" width=\"1000\" height=\"750\" src=\"https:\/\/anoticiaonline.com.br\/site\/wp-content\/uploads\/2018\/11\/RANGEL-47-3-2.jpg\" class=\"attachment-full size-full\" alt=\"\" srcset=\"https:\/\/anoticiaonline.com.br\/site\/wp-content\/uploads\/2018\/11\/RANGEL-47-3-2.jpg 1000w, https:\/\/anoticiaonline.com.br\/site\/wp-content\/uploads\/2018\/11\/RANGEL-47-3-2-300x225.jpg 300w, https:\/\/anoticiaonline.com.br\/site\/wp-content\/uploads\/2018\/11\/RANGEL-47-3-2-768x576.jpg 768w, https:\/\/anoticiaonline.com.br\/site\/wp-content\/uploads\/2018\/11\/RANGEL-47-3-2-105x80.jpg 105w\" sizes=\"(max-width: 1000px) 100vw, 1000px\" \/><\/a>\n\t\t\t<\/div><\/figure>\n\t\t<\/div>\n\n","protected":false},"excerpt":{"rendered":"<p>Na sess\u00e3o da C\u00e2mara de Muria\u00e9 do dia 20 de novembro foi aberta a II Semana Municipal de Preven\u00e7\u00e3o e Combate \u00e0 Viol\u00eancia Contra a Mulher que teve como tema este ano\u00a0\u201c#quebreociclo \u2013 enfrentamento de todas as formas de viol\u00eancia contra a mulher\u201d.\u00a0\u00a0\u00a0A abertura foi realizada com uma palestra do delegado da Pol\u00edcia Civil de &#8230; <a title=\"C\u00e2mara realiza Semana Municipal de Combate \u00e0 Viol\u00eancia Contra a Mulher\" class=\"read-more\" href=\"https:\/\/anoticiaonline.com.br\/site\/camara-realiza-semana-municipal-de-combate-a-violencia-contra-a-mulher\/\" aria-label=\"Read more about C\u00e2mara realiza Semana Municipal de Combate \u00e0 Viol\u00eancia Contra a Mulher\">Ler mais<\/a><\/p>\n","protected":false},"author":2,"featured_media":65486,"comment_status":"open","ping_status":"open","sticky":false,"template":"","format":"standard","meta":{"_acf_changed":false,"_monsterinsights_skip_tracking":false,"footnotes":""},"categories":[30,24],"tags":[294,232,1063,154,74,3507],"class_list":["post-65456","post","type-post","status-publish","format-standard","has-post-thumbnail","hentry","category-muriae","category-eventos","tag-camara-municipal","tag-campanha","tag-eventos","tag-mulher","tag-muriae","tag-violancia"],"acf":[],"aioseo_notices":[],"aioseo_head":"\n\t\t<!-- All in One SEO 5.0.0.1 - aioseo.com -->\n\t<meta name=\"description\" content=\"Na sess\u00e3o da C\u00e2mara de Muria\u00e9 do dia 20 de novembro foi aberta a II Semana Municipal de Preven\u00e7\u00e3o e Combate \u00e0 Viol\u00eancia Contra a Mulher que teve como tema este ano \u201c#quebreociclo \u2013 enfrentamento de todas as formas de viol\u00eancia contra a mulher\u201d. A abertura foi realizada com uma palestra do delegado da Pol\u00edcia Civil de\" \/>\n\t<meta name=\"robots\" content=\"max-image-preview:large\" \/>\n\t<meta name=\"author\" content=\"Juliana Laviola\"\/>\n\t<link rel=\"canonical\" href=\"https:\/\/anoticiaonline.com.br\/site\/camara-realiza-semana-municipal-de-combate-a-violencia-contra-a-mulher\/\" \/>\n\t<meta name=\"generator\" content=\"All in One SEO (AIOSEO) 5.0.0.1\" \/>\n\t\t<meta property=\"og:locale\" content=\"pt_BR\" \/>\n\t\t<meta property=\"og:site_name\" content=\"A Not\u00edcia Online - Noticias de Muria\u00e9 e regi\u00e3o\" \/>\n\t\t<meta property=\"og:type\" content=\"article\" \/>\n\t\t<meta property=\"og:title\" content=\"C\u00e2mara realiza Semana Municipal de Combate \u00e0 Viol\u00eancia Contra a Mulher - A Not\u00edcia Online\" \/>\n\t\t<meta property=\"og:description\" content=\"Na sess\u00e3o da C\u00e2mara de Muria\u00e9 do dia 20 de novembro foi aberta a II Semana Municipal de Preven\u00e7\u00e3o e Combate \u00e0 Viol\u00eancia Contra a Mulher que teve como tema este ano \u201c#quebreociclo \u2013 enfrentamento de todas as formas de viol\u00eancia contra a mulher\u201d. A abertura foi realizada com uma palestra do delegado da Pol\u00edcia Civil de\" \/>\n\t\t<meta property=\"og:url\" content=\"https:\/\/anoticiaonline.com.br\/site\/camara-realiza-semana-municipal-de-combate-a-violencia-contra-a-mulher\/\" \/>\n\t\t<meta property=\"og:image\" content=\"https:\/\/scontent-gig4-1.xx.fbcdn.net\/v\/t39.30808-1\/270437624_4564083193639691_6907940295614233970_n.jpg?stp=dst-jpg_s200x200_tt6&#038;_nc_cat=111&#038;ccb=1-7&#038;_nc_sid=f907e8&#038;_nc_ohc=SM1wRlP3lJwQ7kNvwEPuBYA&#038;_nc_oc=AdnqrjDN_BNjSSHWO-GbkIWH6fkGMLw4bqvL_NH6e2wMveX7G-rP2dAqsDSq1mJMOaY&#038;_nc_zt=24&#038;_nc_ht=scontent-gig4-1.xx&#038;_nc_gid=AoBFJeGrT1hVaew_6rchkQ&#038;oh=00_AfX7QmFGhQhG2jAllVgXCiM1ZrWgvtp80-Bfppyexh1QEg&#038;oe=689E923C\" \/>\n\t\t<meta property=\"og:image:secure_url\" content=\"https:\/\/scontent-gig4-1.xx.fbcdn.net\/v\/t39.30808-1\/270437624_4564083193639691_6907940295614233970_n.jpg?stp=dst-jpg_s200x200_tt6&#038;_nc_cat=111&#038;ccb=1-7&#038;_nc_sid=f907e8&#038;_nc_ohc=SM1wRlP3lJwQ7kNvwEPuBYA&#038;_nc_oc=AdnqrjDN_BNjSSHWO-GbkIWH6fkGMLw4bqvL_NH6e2wMveX7G-rP2dAqsDSq1mJMOaY&#038;_nc_zt=24&#038;_nc_ht=scontent-gig4-1.xx&#038;_nc_gid=AoBFJeGrT1hVaew_6rchkQ&#038;oh=00_AfX7QmFGhQhG2jAllVgXCiM1ZrWgvtp80-Bfppyexh1QEg&#038;oe=689E923C\" \/>\n\t\t<meta property=\"article:published_time\" content=\"2018-11-29T23:46:18+00:00\" \/>\n\t\t<meta property=\"article:modified_time\" content=\"2018-11-29T23:46:18+00:00\" \/>\n\t\t<meta name=\"twitter:card\" content=\"summary_large_image\" \/>\n\t\t<meta name=\"twitter:title\" content=\"C\u00e2mara realiza Semana Municipal de Combate \u00e0 Viol\u00eancia Contra a Mulher - A Not\u00edcia Online\" \/>\n\t\t<meta name=\"twitter:description\" content=\"Na sess\u00e3o da C\u00e2mara de Muria\u00e9 do dia 20 de novembro foi aberta a II Semana Municipal de Preven\u00e7\u00e3o e Combate \u00e0 Viol\u00eancia Contra a Mulher que teve como tema este ano \u201c#quebreociclo \u2013 enfrentamento de todas as formas de viol\u00eancia contra a mulher\u201d. A abertura foi realizada com uma palestra do delegado da Pol\u00edcia Civil de\" \/>\n\t\t<meta name=\"twitter:image\" content=\"https:\/\/scontent-gig4-1.xx.fbcdn.net\/v\/t39.30808-1\/270437624_4564083193639691_6907940295614233970_n.jpg?stp=dst-jpg_s200x200_tt6&amp;_nc_cat=111&amp;ccb=1-7&amp;_nc_sid=f907e8&amp;_nc_ohc=SM1wRlP3lJwQ7kNvwEPuBYA&amp;_nc_oc=AdnqrjDN_BNjSSHWO-GbkIWH6fkGMLw4bqvL_NH6e2wMveX7G-rP2dAqsDSq1mJMOaY&amp;_nc_zt=24&amp;_nc_ht=scontent-gig4-1.xx&amp;_nc_gid=AoBFJeGrT1hVaew_6rchkQ&amp;oh=00_AfX7QmFGhQhG2jAllVgXCiM1ZrWgvtp80-Bfppyexh1QEg&amp;oe=689E923C\" \/>\n\t\t<script type=\"application\/ld+json\" class=\"aioseo-schema\">\n\t\t\t{\"@context\":\"https:\\\/\\\/schema.org\",\"@graph\":[{\"@type\":\"BlogPosting\",\"@id\":\"https:\\\/\\\/anoticiaonline.com.br\\\/site\\\/camara-realiza-semana-municipal-de-combate-a-violencia-contra-a-mulher\\\/#blogposting\",\"name\":\"C\\u00e2mara realiza Semana Municipal de Combate \\u00e0 Viol\\u00eancia Contra a Mulher - A Not\\u00edcia Online\",\"headline\":\"C\\u00e2mara realiza Semana Municipal de Combate \\u00e0 Viol\\u00eancia Contra a Mulher\",\"author\":{\"@id\":\"https:\\\/\\\/anoticiaonline.com.br\\\/site\\\/author\\\/juliana\\\/#author\"},\"publisher\":{\"@id\":\"https:\\\/\\\/anoticiaonline.com.br\\\/site\\\/#organization\"},\"image\":{\"@type\":\"ImageObject\",\"url\":\"https:\\\/\\\/anoticiaonline.com.br\\\/site\\\/wp-content\\\/uploads\\\/2018\\\/11\\\/DSC_0612.jpg\",\"width\":1000,\"height\":668},\"datePublished\":\"2018-11-29T20:46:18-03:00\",\"dateModified\":\"2018-11-29T20:46:18-03:00\",\"inLanguage\":\"pt-BR\",\"mainEntityOfPage\":{\"@id\":\"https:\\\/\\\/anoticiaonline.com.br\\\/site\\\/camara-realiza-semana-municipal-de-combate-a-violencia-contra-a-mulher\\\/#webpage\"},\"isPartOf\":{\"@id\":\"https:\\\/\\\/anoticiaonline.com.br\\\/site\\\/camara-realiza-semana-municipal-de-combate-a-violencia-contra-a-mulher\\\/#webpage\"},\"articleSection\":\"Blog, Eventos, c\\u00e2mara municipal, campanha, eventos, mulher, Muria\\u00e9, viol\\u00e2ncia\"},{\"@type\":\"BreadcrumbList\",\"@id\":\"https:\\\/\\\/anoticiaonline.com.br\\\/site\\\/camara-realiza-semana-municipal-de-combate-a-violencia-contra-a-mulher\\\/#breadcrumblist\",\"itemListElement\":[{\"@type\":\"ListItem\",\"@id\":\"https:\\\/\\\/anoticiaonline.com.br\\\/site#listItem\",\"position\":1,\"name\":\"Home\",\"item\":\"https:\\\/\\\/anoticiaonline.com.br\\\/site\",\"nextItem\":{\"@type\":\"ListItem\",\"@id\":\"https:\\\/\\\/anoticiaonline.com.br\\\/site\\\/categoria\\\/eventos\\\/#listItem\",\"name\":\"Eventos\"}},{\"@type\":\"ListItem\",\"@id\":\"https:\\\/\\\/anoticiaonline.com.br\\\/site\\\/categoria\\\/eventos\\\/#listItem\",\"position\":2,\"name\":\"Eventos\",\"item\":\"https:\\\/\\\/anoticiaonline.com.br\\\/site\\\/categoria\\\/eventos\\\/\",\"nextItem\":{\"@type\":\"ListItem\",\"@id\":\"https:\\\/\\\/anoticiaonline.com.br\\\/site\\\/camara-realiza-semana-municipal-de-combate-a-violencia-contra-a-mulher\\\/#listItem\",\"name\":\"C\\u00e2mara realiza Semana Municipal de Combate \\u00e0 Viol\\u00eancia Contra a Mulher\"},\"previousItem\":{\"@type\":\"ListItem\",\"@id\":\"https:\\\/\\\/anoticiaonline.com.br\\\/site#listItem\",\"name\":\"Home\"}},{\"@type\":\"ListItem\",\"@id\":\"https:\\\/\\\/anoticiaonline.com.br\\\/site\\\/camara-realiza-semana-municipal-de-combate-a-violencia-contra-a-mulher\\\/#listItem\",\"position\":3,\"name\":\"C\\u00e2mara realiza Semana Municipal de Combate \\u00e0 Viol\\u00eancia Contra a Mulher\",\"previousItem\":{\"@type\":\"ListItem\",\"@id\":\"https:\\\/\\\/anoticiaonline.com.br\\\/site\\\/categoria\\\/eventos\\\/#listItem\",\"name\":\"Eventos\"}}]},{\"@type\":\"Organization\",\"@id\":\"https:\\\/\\\/anoticiaonline.com.br\\\/site\\\/#organization\",\"name\":\"A Not\\u00edcia Online\",\"description\":\"Noticias de Muria\\u00e9 e regi\\u00e3o\",\"url\":\"https:\\\/\\\/anoticiaonline.com.br\\\/site\\\/\",\"logo\":{\"@type\":\"ImageObject\",\"url\":\"https:\\\/\\\/scontent-gig4-1.xx.fbcdn.net\\\/v\\\/t39.30808-1\\\/270437624_4564083193639691_6907940295614233970_n.jpg?stp=dst-jpg_s200x200_tt6&_nc_cat=111&ccb=1-7&_nc_sid=f907e8&_nc_ohc=SM1wRlP3lJwQ7kNvwEPuBYA&_nc_oc=AdnqrjDN_BNjSSHWO-GbkIWH6fkGMLw4bqvL_NH6e2wMveX7G-rP2dAqsDSq1mJMOaY&_nc_zt=24&_nc_ht=scontent-gig4-1.xx&_nc_gid=AoBFJeGrT1hVaew_6rchkQ&oh=00_AfX7QmFGhQhG2jAllVgXCiM1ZrWgvtp80-Bfppyexh1QEg&oe=689E923C\",\"@id\":\"https:\\\/\\\/anoticiaonline.com.br\\\/site\\\/camara-realiza-semana-municipal-de-combate-a-violencia-contra-a-mulher\\\/#organizationLogo\"},\"image\":{\"@id\":\"https:\\\/\\\/anoticiaonline.com.br\\\/site\\\/camara-realiza-semana-municipal-de-combate-a-violencia-contra-a-mulher\\\/#organizationLogo\"}},{\"@type\":\"Person\",\"@id\":\"https:\\\/\\\/anoticiaonline.com.br\\\/site\\\/author\\\/juliana\\\/#author\",\"url\":\"https:\\\/\\\/anoticiaonline.com.br\\\/site\\\/author\\\/juliana\\\/\",\"name\":\"Juliana Laviola\",\"image\":{\"@type\":\"ImageObject\",\"@id\":\"https:\\\/\\\/anoticiaonline.com.br\\\/site\\\/camara-realiza-semana-municipal-de-combate-a-violencia-contra-a-mulher\\\/#authorImage\",\"url\":\"https:\\\/\\\/secure.gravatar.com\\\/avatar\\\/b8d45f5c699b100dfaf0e543582f38f38bf94cb7ae3a5e9abf8d891a34773335?s=96&d=mm&r=g\",\"width\":96,\"height\":96,\"caption\":\"Juliana Laviola\"}},{\"@type\":\"WebPage\",\"@id\":\"https:\\\/\\\/anoticiaonline.com.br\\\/site\\\/camara-realiza-semana-municipal-de-combate-a-violencia-contra-a-mulher\\\/#webpage\",\"url\":\"https:\\\/\\\/anoticiaonline.com.br\\\/site\\\/camara-realiza-semana-municipal-de-combate-a-violencia-contra-a-mulher\\\/\",\"name\":\"C\\u00e2mara realiza Semana Municipal de Combate \\u00e0 Viol\\u00eancia Contra a Mulher - A Not\\u00edcia Online\",\"description\":\"Na sess\\u00e3o da C\\u00e2mara de Muria\\u00e9 do dia 20 de novembro foi aberta a II Semana Municipal de Preven\\u00e7\\u00e3o e Combate \\u00e0 Viol\\u00eancia Contra a Mulher que teve como tema este ano \\u201c#quebreociclo \\u2013 enfrentamento de todas as formas de viol\\u00eancia contra a mulher\\u201d. A abertura foi realizada com uma palestra do delegado da Pol\\u00edcia Civil de\",\"inLanguage\":\"pt-BR\",\"isPartOf\":{\"@id\":\"https:\\\/\\\/anoticiaonline.com.br\\\/site\\\/#website\"},\"breadcrumb\":{\"@id\":\"https:\\\/\\\/anoticiaonline.com.br\\\/site\\\/camara-realiza-semana-municipal-de-combate-a-violencia-contra-a-mulher\\\/#breadcrumblist\"},\"author\":{\"@id\":\"https:\\\/\\\/anoticiaonline.com.br\\\/site\\\/author\\\/juliana\\\/#author\"},\"creator\":{\"@id\":\"https:\\\/\\\/anoticiaonline.com.br\\\/site\\\/author\\\/juliana\\\/#author\"},\"image\":{\"@type\":\"ImageObject\",\"url\":\"https:\\\/\\\/anoticiaonline.com.br\\\/site\\\/wp-content\\\/uploads\\\/2018\\\/11\\\/DSC_0612.jpg\",\"@id\":\"https:\\\/\\\/anoticiaonline.com.br\\\/site\\\/camara-realiza-semana-municipal-de-combate-a-violencia-contra-a-mulher\\\/#mainImage\",\"width\":1000,\"height\":668},\"primaryImageOfPage\":{\"@id\":\"https:\\\/\\\/anoticiaonline.com.br\\\/site\\\/camara-realiza-semana-municipal-de-combate-a-violencia-contra-a-mulher\\\/#mainImage\"},\"datePublished\":\"2018-11-29T20:46:18-03:00\",\"dateModified\":\"2018-11-29T20:46:18-03:00\"},{\"@type\":\"WebSite\",\"@id\":\"https:\\\/\\\/anoticiaonline.com.br\\\/site\\\/#website\",\"url\":\"https:\\\/\\\/anoticiaonline.com.br\\\/site\\\/\",\"name\":\"A Not\\u00edcia Online\",\"description\":\"Noticias de Muria\\u00e9 e regi\\u00e3o\",\"inLanguage\":\"pt-BR\",\"publisher\":{\"@id\":\"https:\\\/\\\/anoticiaonline.com.br\\\/site\\\/#organization\"}}]}\n\t\t<\/script>\n\t\t<!-- All in One SEO -->\n\n","aioseo_head_json":{"title":"C\u00e2mara realiza Semana Municipal de Combate \u00e0 Viol\u00eancia Contra a Mulher - A Not\u00edcia Online","description":"Na sess\u00e3o da C\u00e2mara de Muria\u00e9 do dia 20 de novembro foi aberta a II Semana Municipal de Preven\u00e7\u00e3o e Combate \u00e0 Viol\u00eancia Contra a Mulher que teve como tema este ano \u201c#quebreociclo \u2013 enfrentamento de todas as formas de viol\u00eancia contra a mulher\u201d. A abertura foi realizada com uma palestra do delegado da Pol\u00edcia Civil de","canonical_url":"https:\/\/anoticiaonline.com.br\/site\/camara-realiza-semana-municipal-de-combate-a-violencia-contra-a-mulher\/","robots":"max-image-preview:large","keywords":"","webmasterTools":{"miscellaneous":""},"schema":{"@context":"https:\/\/schema.org","@graph":[{"@type":"BlogPosting","@id":"https:\/\/anoticiaonline.com.br\/site\/camara-realiza-semana-municipal-de-combate-a-violencia-contra-a-mulher\/#blogposting","name":"C\u00e2mara realiza Semana Municipal de Combate \u00e0 Viol\u00eancia Contra a Mulher - A Not\u00edcia Online","headline":"C\u00e2mara realiza Semana Municipal de Combate \u00e0 Viol\u00eancia Contra a Mulher","author":{"@id":"https:\/\/anoticiaonline.com.br\/site\/author\/juliana\/#author"},"publisher":{"@id":"https:\/\/anoticiaonline.com.br\/site\/#organization"},"image":{"@type":"ImageObject","url":"https:\/\/anoticiaonline.com.br\/site\/wp-content\/uploads\/2018\/11\/DSC_0612.jpg","width":1000,"height":668},"datePublished":"2018-11-29T20:46:18-03:00","dateModified":"2018-11-29T20:46:18-03:00","inLanguage":"pt-BR","mainEntityOfPage":{"@id":"https:\/\/anoticiaonline.com.br\/site\/camara-realiza-semana-municipal-de-combate-a-violencia-contra-a-mulher\/#webpage"},"isPartOf":{"@id":"https:\/\/anoticiaonline.com.br\/site\/camara-realiza-semana-municipal-de-combate-a-violencia-contra-a-mulher\/#webpage"},"articleSection":"Blog, Eventos, c\u00e2mara municipal, campanha, eventos, mulher, Muria\u00e9, viol\u00e2ncia"},{"@type":"BreadcrumbList","@id":"https:\/\/anoticiaonline.com.br\/site\/camara-realiza-semana-municipal-de-combate-a-violencia-contra-a-mulher\/#breadcrumblist","itemListElement":[{"@type":"ListItem","@id":"https:\/\/anoticiaonline.com.br\/site#listItem","position":1,"name":"Home","item":"https:\/\/anoticiaonline.com.br\/site","nextItem":{"@type":"ListItem","@id":"https:\/\/anoticiaonline.com.br\/site\/categoria\/eventos\/#listItem","name":"Eventos"}},{"@type":"ListItem","@id":"https:\/\/anoticiaonline.com.br\/site\/categoria\/eventos\/#listItem","position":2,"name":"Eventos","item":"https:\/\/anoticiaonline.com.br\/site\/categoria\/eventos\/","nextItem":{"@type":"ListItem","@id":"https:\/\/anoticiaonline.com.br\/site\/camara-realiza-semana-municipal-de-combate-a-violencia-contra-a-mulher\/#listItem","name":"C\u00e2mara realiza Semana Municipal de Combate \u00e0 Viol\u00eancia Contra a Mulher"},"previousItem":{"@type":"ListItem","@id":"https:\/\/anoticiaonline.com.br\/site#listItem","name":"Home"}},{"@type":"ListItem","@id":"https:\/\/anoticiaonline.com.br\/site\/camara-realiza-semana-municipal-de-combate-a-violencia-contra-a-mulher\/#listItem","position":3,"name":"C\u00e2mara realiza Semana Municipal de Combate \u00e0 Viol\u00eancia Contra a Mulher","previousItem":{"@type":"ListItem","@id":"https:\/\/anoticiaonline.com.br\/site\/categoria\/eventos\/#listItem","name":"Eventos"}}]},{"@type":"Organization","@id":"https:\/\/anoticiaonline.com.br\/site\/#organization","name":"A Not\u00edcia Online","description":"Noticias de Muria\u00e9 e regi\u00e3o","url":"https:\/\/anoticiaonline.com.br\/site\/","logo":{"@type":"ImageObject","url":"https:\/\/scontent-gig4-1.xx.fbcdn.net\/v\/t39.30808-1\/270437624_4564083193639691_6907940295614233970_n.jpg?stp=dst-jpg_s200x200_tt6&_nc_cat=111&ccb=1-7&_nc_sid=f907e8&_nc_ohc=SM1wRlP3lJwQ7kNvwEPuBYA&_nc_oc=AdnqrjDN_BNjSSHWO-GbkIWH6fkGMLw4bqvL_NH6e2wMveX7G-rP2dAqsDSq1mJMOaY&_nc_zt=24&_nc_ht=scontent-gig4-1.xx&_nc_gid=AoBFJeGrT1hVaew_6rchkQ&oh=00_AfX7QmFGhQhG2jAllVgXCiM1ZrWgvtp80-Bfppyexh1QEg&oe=689E923C","@id":"https:\/\/anoticiaonline.com.br\/site\/camara-realiza-semana-municipal-de-combate-a-violencia-contra-a-mulher\/#organizationLogo"},"image":{"@id":"https:\/\/anoticiaonline.com.br\/site\/camara-realiza-semana-municipal-de-combate-a-violencia-contra-a-mulher\/#organizationLogo"}},{"@type":"Person","@id":"https:\/\/anoticiaonline.com.br\/site\/author\/juliana\/#author","url":"https:\/\/anoticiaonline.com.br\/site\/author\/juliana\/","name":"Juliana Laviola","image":{"@type":"ImageObject","@id":"https:\/\/anoticiaonline.com.br\/site\/camara-realiza-semana-municipal-de-combate-a-violencia-contra-a-mulher\/#authorImage","url":"https:\/\/secure.gravatar.com\/avatar\/b8d45f5c699b100dfaf0e543582f38f38bf94cb7ae3a5e9abf8d891a34773335?s=96&d=mm&r=g","width":96,"height":96,"caption":"Juliana Laviola"}},{"@type":"WebPage","@id":"https:\/\/anoticiaonline.com.br\/site\/camara-realiza-semana-municipal-de-combate-a-violencia-contra-a-mulher\/#webpage","url":"https:\/\/anoticiaonline.com.br\/site\/camara-realiza-semana-municipal-de-combate-a-violencia-contra-a-mulher\/","name":"C\u00e2mara realiza Semana Municipal de Combate \u00e0 Viol\u00eancia Contra a Mulher - A Not\u00edcia Online","description":"Na sess\u00e3o da C\u00e2mara de Muria\u00e9 do dia 20 de novembro foi aberta a II Semana Municipal de Preven\u00e7\u00e3o e Combate \u00e0 Viol\u00eancia Contra a Mulher que teve como tema este ano \u201c#quebreociclo \u2013 enfrentamento de todas as formas de viol\u00eancia contra a mulher\u201d. A abertura foi realizada com uma palestra do delegado da Pol\u00edcia Civil de","inLanguage":"pt-BR","isPartOf":{"@id":"https:\/\/anoticiaonline.com.br\/site\/#website"},"breadcrumb":{"@id":"https:\/\/anoticiaonline.com.br\/site\/camara-realiza-semana-municipal-de-combate-a-violencia-contra-a-mulher\/#breadcrumblist"},"author":{"@id":"https:\/\/anoticiaonline.com.br\/site\/author\/juliana\/#author"},"creator":{"@id":"https:\/\/anoticiaonline.com.br\/site\/author\/juliana\/#author"},"image":{"@type":"ImageObject","url":"https:\/\/anoticiaonline.com.br\/site\/wp-content\/uploads\/2018\/11\/DSC_0612.jpg","@id":"https:\/\/anoticiaonline.com.br\/site\/camara-realiza-semana-municipal-de-combate-a-violencia-contra-a-mulher\/#mainImage","width":1000,"height":668},"primaryImageOfPage":{"@id":"https:\/\/anoticiaonline.com.br\/site\/camara-realiza-semana-municipal-de-combate-a-violencia-contra-a-mulher\/#mainImage"},"datePublished":"2018-11-29T20:46:18-03:00","dateModified":"2018-11-29T20:46:18-03:00"},{"@type":"WebSite","@id":"https:\/\/anoticiaonline.com.br\/site\/#website","url":"https:\/\/anoticiaonline.com.br\/site\/","name":"A Not\u00edcia Online","description":"Noticias de Muria\u00e9 e regi\u00e3o","inLanguage":"pt-BR","publisher":{"@id":"https:\/\/anoticiaonline.com.br\/site\/#organization"}}]},"og:locale":"pt_BR","og:site_name":"A Not\u00edcia Online - Noticias de Muria\u00e9 e regi\u00e3o","og:type":"article","og:title":"C\u00e2mara realiza Semana Municipal de Combate \u00e0 Viol\u00eancia Contra a Mulher - A Not\u00edcia Online","og:description":"Na sess\u00e3o da C\u00e2mara de Muria\u00e9 do dia 20 de novembro foi aberta a II Semana Municipal de Preven\u00e7\u00e3o e Combate \u00e0 Viol\u00eancia Contra a Mulher que teve como tema este ano \u201c#quebreociclo \u2013 enfrentamento de todas as formas de viol\u00eancia contra a mulher\u201d. A abertura foi realizada com uma palestra do delegado da Pol\u00edcia Civil de","og:url":"https:\/\/anoticiaonline.com.br\/site\/camara-realiza-semana-municipal-de-combate-a-violencia-contra-a-mulher\/","og:image":"https:\/\/scontent-gig4-1.xx.fbcdn.net\/v\/t39.30808-1\/270437624_4564083193639691_6907940295614233970_n.jpg?stp=dst-jpg_s200x200_tt6&#038;_nc_cat=111&#038;ccb=1-7&#038;_nc_sid=f907e8&#038;_nc_ohc=SM1wRlP3lJwQ7kNvwEPuBYA&#038;_nc_oc=AdnqrjDN_BNjSSHWO-GbkIWH6fkGMLw4bqvL_NH6e2wMveX7G-rP2dAqsDSq1mJMOaY&#038;_nc_zt=24&#038;_nc_ht=scontent-gig4-1.xx&#038;_nc_gid=AoBFJeGrT1hVaew_6rchkQ&#038;oh=00_AfX7QmFGhQhG2jAllVgXCiM1ZrWgvtp80-Bfppyexh1QEg&#038;oe=689E923C","og:image:secure_url":"https:\/\/scontent-gig4-1.xx.fbcdn.net\/v\/t39.30808-1\/270437624_4564083193639691_6907940295614233970_n.jpg?stp=dst-jpg_s200x200_tt6&#038;_nc_cat=111&#038;ccb=1-7&#038;_nc_sid=f907e8&#038;_nc_ohc=SM1wRlP3lJwQ7kNvwEPuBYA&#038;_nc_oc=AdnqrjDN_BNjSSHWO-GbkIWH6fkGMLw4bqvL_NH6e2wMveX7G-rP2dAqsDSq1mJMOaY&#038;_nc_zt=24&#038;_nc_ht=scontent-gig4-1.xx&#038;_nc_gid=AoBFJeGrT1hVaew_6rchkQ&#038;oh=00_AfX7QmFGhQhG2jAllVgXCiM1ZrWgvtp80-Bfppyexh1QEg&#038;oe=689E923C","article:published_time":"2018-11-29T23:46:18+00:00","article:modified_time":"2018-11-29T23:46:18+00:00","twitter:card":"summary_large_image","twitter:title":"C\u00e2mara realiza Semana Municipal de Combate \u00e0 Viol\u00eancia Contra a Mulher - A Not\u00edcia Online","twitter:description":"Na sess\u00e3o da C\u00e2mara de Muria\u00e9 do dia 20 de novembro foi aberta a II Semana Municipal de Preven\u00e7\u00e3o e Combate \u00e0 Viol\u00eancia Contra a Mulher que teve como tema este ano \u201c#quebreociclo \u2013 enfrentamento de todas as formas de viol\u00eancia contra a mulher\u201d. A abertura foi realizada com uma palestra do delegado da Pol\u00edcia Civil de","twitter:image":"https:\/\/scontent-gig4-1.xx.fbcdn.net\/v\/t39.30808-1\/270437624_4564083193639691_6907940295614233970_n.jpg?stp=dst-jpg_s200x200_tt6&_nc_cat=111&ccb=1-7&_nc_sid=f907e8&_nc_ohc=SM1wRlP3lJwQ7kNvwEPuBYA&_nc_oc=AdnqrjDN_BNjSSHWO-GbkIWH6fkGMLw4bqvL_NH6e2wMveX7G-rP2dAqsDSq1mJMOaY&_nc_zt=24&_nc_ht=scontent-gig4-1.xx&_nc_gid=AoBFJeGrT1hVaew_6rchkQ&oh=00_AfX7QmFGhQhG2jAllVgXCiM1ZrWgvtp80-Bfppyexh1QEg&oe=689E923C"},"aioseo_meta_data":{"post_id":"65456","title":null,"description":null,"keywords":null,"keyphrases":null,"primary_term":null,"canonical_url":null,"og_title":null,"og_description":null,"og_object_type":"default","og_image_type":"default","og_image_url":null,"og_image_width":null,"og_image_height":null,"og_image_custom_url":null,"og_image_custom_fields":null,"og_video":null,"og_custom_url":null,"og_article_section":null,"og_article_tags":null,"twitter_use_og":false,"twitter_card":"default","twitter_image_type":"default","twitter_image_url":null,"twitter_image_custom_url":null,"twitter_image_custom_fields":null,"twitter_title":null,"twitter_description":null,"schema":{"blockGraphs":[],"customGraphs":[],"default":{"data":{"Article":[],"Course":[],"Dataset":[],"FAQPage":[],"Movie":[],"Person":[],"Product":[],"ProductReview":[],"Car":[],"Recipe":[],"Service":[],"SoftwareApplication":[],"WebPage":[]},"graphName":"","isEnabled":true},"graphs":[]},"schema_type":"default","schema_type_options":null,"pillar_content":false,"robots_default":true,"robots_noindex":false,"robots_noarchive":false,"robots_nosnippet":false,"robots_nofollow":false,"robots_noimageindex":false,"robots_noodp":false,"robots_notranslate":false,"robots_max_snippet":null,"robots_max_videopreview":null,"robots_max_imagepreview":"large","priority":null,"frequency":null,"local_seo":null,"breadcrumb_settings":null,"limit_modified_date":false,"ai":null,"created":"2025-08-16 22:22:08","updated":"2025-08-16 22:22:08","focus_keyword":null,"additional_keywords":null,"truseo_locale":null,"seo_analyzer_scan_date":null},"aioseo_breadcrumb":"<div class=\"aioseo-breadcrumbs\"><span class=\"aioseo-breadcrumb\">\n\t\t\t<a href=\"https:\/\/anoticiaonline.com.br\/site\" title=\"Home\">Home<\/a>\n\t\t<\/span><span class=\"aioseo-breadcrumb-separator\">&raquo;<\/span><span class=\"aioseo-breadcrumb\">\n\t\t\t<a href=\"https:\/\/anoticiaonline.com.br\/site\/categoria\/eventos\/\" title=\"Eventos\">Eventos<\/a>\n\t\t<\/span><span class=\"aioseo-breadcrumb-separator\">&raquo;<\/span><span class=\"aioseo-breadcrumb\">\n\t\t\tC\u00e2mara realiza Semana Municipal de Combate \u00e0 Viol\u00eancia Contra a Mulher\n\t\t<\/span><\/div>","aioseo_breadcrumb_json":[{"label":"Home","link":"https:\/\/anoticiaonline.com.br\/site"},{"label":"Eventos","link":"https:\/\/anoticiaonline.com.br\/site\/categoria\/eventos\/"},{"label":"C\u00e2mara realiza Semana Municipal de Combate \u00e0 Viol\u00eancia Contra a Mulher","link":"https:\/\/anoticiaonline.com.br\/site\/camara-realiza-semana-municipal-de-combate-a-violencia-contra-a-mulher\/"}],"views":149,"_links":{"self":[{"href":"https:\/\/anoticiaonline.com.br\/site\/wp-json\/wp\/v2\/posts\/65456","targetHints":{"allow":["GET"]}}],"collection":[{"href":"https:\/\/anoticiaonline.com.br\/site\/wp-json\/wp\/v2\/posts"}],"about":[{"href":"https:\/\/anoticiaonline.com.br\/site\/wp-json\/wp\/v2\/types\/post"}],"author":[{"embeddable":true,"href":"https:\/\/anoticiaonline.com.br\/site\/wp-json\/wp\/v2\/users\/2"}],"replies":[{"embeddable":true,"href":"https:\/\/anoticiaonline.com.br\/site\/wp-json\/wp\/v2\/comments?post=65456"}],"version-history":[{"count":0,"href":"https:\/\/anoticiaonline.com.br\/site\/wp-json\/wp\/v2\/posts\/65456\/revisions"}],"wp:featuredmedia":[{"embeddable":true,"href":"https:\/\/anoticiaonline.com.br\/site\/wp-json\/wp\/v2\/media\/65486"}],"wp:attachment":[{"href":"https:\/\/anoticiaonline.com.br\/site\/wp-json\/wp\/v2\/media?parent=65456"}],"wp:term":[{"taxonomy":"category","embeddable":true,"href":"https:\/\/anoticiaonline.com.br\/site\/wp-json\/wp\/v2\/categories?post=65456"},{"taxonomy":"post_tag","embeddable":true,"href":"https:\/\/anoticiaonline.com.br\/site\/wp-json\/wp\/v2\/tags?post=65456"}],"curies":[{"name":"wp","href":"https:\/\/api.w.org\/{rel}","templated":true}]}}