{"id":65388,"date":"2018-12-01T09:06:49","date_gmt":"2018-12-01T12:06:49","guid":{"rendered":"http:\/\/anoticiaonline.com.br\/site\/?p=65388"},"modified":"2018-11-29T19:28:08","modified_gmt":"2018-11-29T22:28:08","slug":"pre-if-2018-da-esp","status":"publish","type":"post","link":"https:\/\/anoticiaonline.com.br\/site\/pre-if-2018-da-esp\/","title":{"rendered":"Pr\u00e9-IF 2018 da ESP"},"content":{"rendered":"<h2>Alunos do\u00a0Pr\u00e9-IF 2018 da ESP participam de processo seletivo<\/h2>\n<p><a href=\"https:\/\/anoticiaonline.com.br\/site\/wp-content\/uploads\/2018\/11\/DSC_0497.jpg\"><img fetchpriority=\"high\" decoding=\"async\" class=\"aligncenter size-full wp-image-65389\" src=\"https:\/\/anoticiaonline.com.br\/site\/wp-content\/uploads\/2018\/11\/DSC_0497.jpg\" alt=\"\" width=\"1000\" height=\"668\" srcset=\"https:\/\/anoticiaonline.com.br\/site\/wp-content\/uploads\/2018\/11\/DSC_0497.jpg 1000w, https:\/\/anoticiaonline.com.br\/site\/wp-content\/uploads\/2018\/11\/DSC_0497-300x200.jpg 300w, https:\/\/anoticiaonline.com.br\/site\/wp-content\/uploads\/2018\/11\/DSC_0497-768x513.jpg 768w\" sizes=\"(max-width: 1000px) 100vw, 1000px\" \/><\/a> <a href=\"https:\/\/anoticiaonline.com.br\/site\/wp-content\/uploads\/2018\/11\/DSC_0522-1.jpg\"><img decoding=\"async\" class=\"aligncenter size-full wp-image-65390\" src=\"https:\/\/anoticiaonline.com.br\/site\/wp-content\/uploads\/2018\/11\/DSC_0522-1.jpg\" alt=\"\" width=\"1000\" height=\"668\" srcset=\"https:\/\/anoticiaonline.com.br\/site\/wp-content\/uploads\/2018\/11\/DSC_0522-1.jpg 1000w, https:\/\/anoticiaonline.com.br\/site\/wp-content\/uploads\/2018\/11\/DSC_0522-1-300x200.jpg 300w, https:\/\/anoticiaonline.com.br\/site\/wp-content\/uploads\/2018\/11\/DSC_0522-1-768x513.jpg 768w\" sizes=\"(max-width: 1000px) 100vw, 1000px\" \/><\/a> <a href=\"https:\/\/anoticiaonline.com.br\/site\/wp-content\/uploads\/2018\/11\/IMG_5953.jpg\"><img decoding=\"async\" class=\"aligncenter size-full wp-image-65391\" src=\"https:\/\/anoticiaonline.com.br\/site\/wp-content\/uploads\/2018\/11\/IMG_5953.jpg\" alt=\"\" width=\"1000\" height=\"750\" srcset=\"https:\/\/anoticiaonline.com.br\/site\/wp-content\/uploads\/2018\/11\/IMG_5953.jpg 1000w, https:\/\/anoticiaonline.com.br\/site\/wp-content\/uploads\/2018\/11\/IMG_5953-300x225.jpg 300w, https:\/\/anoticiaonline.com.br\/site\/wp-content\/uploads\/2018\/11\/IMG_5953-768x576.jpg 768w, https:\/\/anoticiaonline.com.br\/site\/wp-content\/uploads\/2018\/11\/IMG_5953-105x80.jpg 105w\" sizes=\"(max-width: 1000px) 100vw, 1000px\" \/><\/a>Os alunos do curso Pr\u00e9-IF 2018 da Escola S\u00e3o Paulo (ESP) participaram, no \u00faltimo s\u00e1bado (24), do processo seletivo para ingressar no Instituto Federal de Educa\u00e7\u00e3o, Ci\u00eancia e Tecnologia do Sudeste de Minas Gerais \u2013 Campus Muria\u00e9.<\/p>\n<p>De acordo com o diretor da Escola S\u00e3o Paulo, professor Jos\u00e9 Nicodemos Couto,\u00a0esta foi a 3\u00aa edi\u00e7\u00e3o do curso, que teve in\u00edcio em mar\u00e7o. \u201cEste \u00e9 o terceiro ano que a Escola S\u00e3o Paulo prepara um curso voltado exclusivamente para os alunos da rede p\u00fablica de ensino de Muria\u00e9, com estudantes do 9\u00ba de escolas estaduais e municipais. Tivemos uma turma de 60 alunos, que come\u00e7aram a se preparar para o processo em mar\u00e7o e terminaram os estudos na v\u00e9spera da prova. Vale lembrar que, n\u00e3o apenas alunos do Pr\u00e9-IF 2018 realizaram a prova, mas tamb\u00e9m 20 alunos da Escola S\u00e3o Paulo, que disputaram vagas de ampla concorr\u00eancia. Estou muito feliz e satisfeito, como diretor da Escola S\u00e3o Paulo, em poder dar esta oportunidade aos alunos da rede p\u00fablica, e tamb\u00e9m aos nossos alunos da ESP, para se prepararam para a prova durante o Ensino Fundamental, atrav\u00e9s dos conte\u00fados ministrados em sala de aula. Espero que o resultado seja t\u00e3o expressivo quanto \u00e0s edi\u00e7\u00f5es anteriores\u201d.<\/p>\n<p><!--more--><\/p>\n<p>Segundo o diretor, no \u00faltimo ano, os cinco primeiros lugares, dos grupos de acesso, foram de alunos da Escola S\u00e3o Paulo.\u00a0\u201cSem d\u00favida, nossa institui\u00e7\u00e3o \u00e9 a que melhor prepara seus alunos para ingressarem no IF Sudeste. Aproveito a oportunidade para dizer aos pais e respons\u00e1veis que j\u00e1 estamos com inscri\u00e7\u00f5es abertas para o Pr\u00e9-IF 2019. Vale lembrar que s\u00e3o apenas 150 vagas e que o sucesso \u00e9 comprovado, uma satisfa\u00e7\u00e3o para os professores, alunos e seus familiares\u201d.<\/p>\n<p>L\u00e9o Ramos Ferreira, professor de rob\u00f3tica da Escola S\u00e3o Paulo e um dos respons\u00e1veis pelo curso Pr\u00e9-IF 2018,\u00a0disse que se sente orgulhoso ao ver seus alunos ingressando no IF Muria\u00e9. \u201cV\u00ea-los ingressando em um curso que contempla o Ensino M\u00e9dio e t\u00e9cnico \u00e9 uma grande satisfa\u00e7\u00e3o, pois, quando eles sa\u00edrem da institui\u00e7\u00e3o, podem entrar em uma excelente faculdade ou no mercado de trabalho. As aulas do Pr\u00e9-IF 2019 come\u00e7am em fevereiro e o curso \u00e9 voltado para alunos do 9\u00ba ano da rede p\u00fablica de educa\u00e7\u00e3o\u201d.<\/p>\n<p><strong>Palavra dos alunos \u2013 <\/strong>Jo\u00e3o Victor Carvalho de Andrade Silva, de 15 anos, aluno da Escola Estadual Professor Gon\u00e7alves Couto, que frequentou o Pr\u00e9-IF 2018, disse que o curso ajudou na sua prepara\u00e7\u00e3o. \u201cAjudou bastante. Meus estudos melhoraram com o curso na Escola S\u00e3o Paulo, at\u00e9 mesmo na hora de fazer a prova. Estava bem confiante e tranquilo. Recomendo a todos os interessados\u201d.<\/p>\n<p>Vitor Oliveira Silva, aluno da Escola Estadual Ant\u00f4nio Vi\u00e7oso Magalh\u00e3es, disse que a sua prepara\u00e7\u00e3o no Pr\u00e9-IF 2018 foi completa. \u201cRecomendo muito o curso. Sem d\u00favida, me deu uma \u00f3tima base\u201d.<\/p>\n<p>Camila Vieira, aluna da Escola Municipal Gilberto Tanus Braz, disse que o Pr\u00e9-IF 2018 complementou seus estudos. \u201cFrequentar o curso foi a melhor escolha que fiz no ano. Foi um excelente investimento. No simulado realizado antes da prova, fiquei em terceiro lugar e isso me deu muita seguran\u00e7a no dia de hoje\u201d.<\/p>\n<p>Lara Vardiero Neri, tamb\u00e9m aluna da Escola Municipal Gilberto Tanus Braz, disse que o valeu a pena se preparar no Pr\u00e9-IF 2018 da Escola S\u00e3o Paulo. \u201cTive uma \u00f3tima prepara\u00e7\u00e3o. Recomento a todos os interessados\u201d.<\/p>\n<div id='gallery-1' class='gallery galleryid-65388 gallery-columns-1 gallery-size-large'><figure class='gallery-item'>\n\t\t\t<div class='gallery-icon landscape'>\n\t\t\t\t<a href='https:\/\/anoticiaonline.com.br\/site\/pre-if-2018-da-esp\/46651189_1934392979980514_3697141271832297472_n\/#main'><img loading=\"lazy\" decoding=\"async\" width=\"900\" height=\"506\" src=\"https:\/\/anoticiaonline.com.br\/site\/wp-content\/uploads\/2018\/11\/46651189_1934392979980514_3697141271832297472_n.jpg\" class=\"attachment-large size-large\" alt=\"\" srcset=\"https:\/\/anoticiaonline.com.br\/site\/wp-content\/uploads\/2018\/11\/46651189_1934392979980514_3697141271832297472_n.jpg 960w, https:\/\/anoticiaonline.com.br\/site\/wp-content\/uploads\/2018\/11\/46651189_1934392979980514_3697141271832297472_n-300x169.jpg 300w, https:\/\/anoticiaonline.com.br\/site\/wp-content\/uploads\/2018\/11\/46651189_1934392979980514_3697141271832297472_n-768x432.jpg 768w\" sizes=\"(max-width: 900px) 100vw, 900px\" \/><\/a>\n\t\t\t<\/div><\/figure><figure class='gallery-item'>\n\t\t\t<div class='gallery-icon landscape'>\n\t\t\t\t<a href='https:\/\/anoticiaonline.com.br\/site\/pre-if-2018-da-esp\/46818516_1934392643313881_942738853251252224_n\/#main'><img loading=\"lazy\" decoding=\"async\" width=\"900\" height=\"507\" src=\"https:\/\/anoticiaonline.com.br\/site\/wp-content\/uploads\/2018\/11\/46818516_1934392643313881_942738853251252224_n.jpg\" class=\"attachment-large size-large\" alt=\"\" srcset=\"https:\/\/anoticiaonline.com.br\/site\/wp-content\/uploads\/2018\/11\/46818516_1934392643313881_942738853251252224_n.jpg 1000w, https:\/\/anoticiaonline.com.br\/site\/wp-content\/uploads\/2018\/11\/46818516_1934392643313881_942738853251252224_n-300x169.jpg 300w, https:\/\/anoticiaonline.com.br\/site\/wp-content\/uploads\/2018\/11\/46818516_1934392643313881_942738853251252224_n-768x432.jpg 768w\" sizes=\"(max-width: 900px) 100vw, 900px\" \/><\/a>\n\t\t\t<\/div><\/figure><figure class='gallery-item'>\n\t\t\t<div class='gallery-icon portrait'>\n\t\t\t\t<a href='https:\/\/anoticiaonline.com.br\/site\/pre-if-2018-da-esp\/dsc_0563-10\/#main'><img loading=\"lazy\" decoding=\"async\" width=\"535\" height=\"800\" src=\"https:\/\/anoticiaonline.com.br\/site\/wp-content\/uploads\/2018\/11\/DSC_0563-1.jpg\" class=\"attachment-large size-large\" alt=\"\" srcset=\"https:\/\/anoticiaonline.com.br\/site\/wp-content\/uploads\/2018\/11\/DSC_0563-1.jpg 535w, https:\/\/anoticiaonline.com.br\/site\/wp-content\/uploads\/2018\/11\/DSC_0563-1-201x300.jpg 201w\" sizes=\"(max-width: 535px) 100vw, 535px\" \/><\/a>\n\t\t\t<\/div><\/figure><figure class='gallery-item'>\n\t\t\t<div class='gallery-icon portrait'>\n\t\t\t\t<a href='https:\/\/anoticiaonline.com.br\/site\/pre-if-2018-da-esp\/dsc_0570-10\/#main'><img loading=\"lazy\" decoding=\"async\" width=\"535\" height=\"800\" src=\"https:\/\/anoticiaonline.com.br\/site\/wp-content\/uploads\/2018\/11\/DSC_0570-3.jpg\" class=\"attachment-large size-large\" alt=\"\" srcset=\"https:\/\/anoticiaonline.com.br\/site\/wp-content\/uploads\/2018\/11\/DSC_0570-3.jpg 535w, https:\/\/anoticiaonline.com.br\/site\/wp-content\/uploads\/2018\/11\/DSC_0570-3-201x300.jpg 201w\" sizes=\"(max-width: 535px) 100vw, 535px\" \/><\/a>\n\t\t\t<\/div><\/figure><figure class='gallery-item'>\n\t\t\t<div class='gallery-icon landscape'>\n\t\t\t\t<a href='https:\/\/anoticiaonline.com.br\/site\/pre-if-2018-da-esp\/dsc_0581-6\/#main'><img loading=\"lazy\" decoding=\"async\" width=\"900\" height=\"601\" src=\"https:\/\/anoticiaonline.com.br\/site\/wp-content\/uploads\/2018\/11\/DSC_0581.jpg\" class=\"attachment-large size-large\" alt=\"\" srcset=\"https:\/\/anoticiaonline.com.br\/site\/wp-content\/uploads\/2018\/11\/DSC_0581.jpg 1000w, https:\/\/anoticiaonline.com.br\/site\/wp-content\/uploads\/2018\/11\/DSC_0581-300x200.jpg 300w, https:\/\/anoticiaonline.com.br\/site\/wp-content\/uploads\/2018\/11\/DSC_0581-768x513.jpg 768w\" sizes=\"(max-width: 900px) 100vw, 900px\" \/><\/a>\n\t\t\t<\/div><\/figure><figure class='gallery-item'>\n\t\t\t<div class='gallery-icon portrait'>\n\t\t\t\t<a href='https:\/\/anoticiaonline.com.br\/site\/pre-if-2018-da-esp\/dsc_0585-5\/#main'><img loading=\"lazy\" decoding=\"async\" width=\"535\" height=\"800\" src=\"https:\/\/anoticiaonline.com.br\/site\/wp-content\/uploads\/2018\/11\/DSC_0585-1.jpg\" class=\"attachment-large size-large\" alt=\"\" srcset=\"https:\/\/anoticiaonline.com.br\/site\/wp-content\/uploads\/2018\/11\/DSC_0585-1.jpg 535w, https:\/\/anoticiaonline.com.br\/site\/wp-content\/uploads\/2018\/11\/DSC_0585-1-201x300.jpg 201w\" sizes=\"(max-width: 535px) 100vw, 535px\" \/><\/a>\n\t\t\t<\/div><\/figure><figure class='gallery-item'>\n\t\t\t<div class='gallery-icon portrait'>\n\t\t\t\t<a href='https:\/\/anoticiaonline.com.br\/site\/pre-if-2018-da-esp\/dsc_0592-4\/#main'><img loading=\"lazy\" decoding=\"async\" width=\"535\" height=\"800\" src=\"https:\/\/anoticiaonline.com.br\/site\/wp-content\/uploads\/2018\/11\/DSC_0592-1.jpg\" class=\"attachment-large size-large\" alt=\"\" srcset=\"https:\/\/anoticiaonline.com.br\/site\/wp-content\/uploads\/2018\/11\/DSC_0592-1.jpg 535w, https:\/\/anoticiaonline.com.br\/site\/wp-content\/uploads\/2018\/11\/DSC_0592-1-201x300.jpg 201w\" sizes=\"(max-width: 535px) 100vw, 535px\" \/><\/a>\n\t\t\t<\/div><\/figure><figure class='gallery-item'>\n\t\t\t<div class='gallery-icon landscape'>\n\t\t\t\t<a href='https:\/\/anoticiaonline.com.br\/site\/pre-if-2018-da-esp\/dsc_0604-9\/#main'><img loading=\"lazy\" decoding=\"async\" width=\"900\" height=\"601\" src=\"https:\/\/anoticiaonline.com.br\/site\/wp-content\/uploads\/2018\/11\/DSC_0604-2.jpg\" class=\"attachment-large size-large\" alt=\"\" srcset=\"https:\/\/anoticiaonline.com.br\/site\/wp-content\/uploads\/2018\/11\/DSC_0604-2.jpg 1000w, https:\/\/anoticiaonline.com.br\/site\/wp-content\/uploads\/2018\/11\/DSC_0604-2-300x200.jpg 300w, https:\/\/anoticiaonline.com.br\/site\/wp-content\/uploads\/2018\/11\/DSC_0604-2-768x513.jpg 768w\" sizes=\"(max-width: 900px) 100vw, 900px\" \/><\/a>\n\t\t\t<\/div><\/figure><figure class='gallery-item'>\n\t\t\t<div class='gallery-icon landscape'>\n\t\t\t\t<a href='https:\/\/anoticiaonline.com.br\/site\/pre-if-2018-da-esp\/img_5934\/#main'><img loading=\"lazy\" decoding=\"async\" width=\"900\" height=\"675\" src=\"https:\/\/anoticiaonline.com.br\/site\/wp-content\/uploads\/2018\/11\/IMG_5934.jpg\" class=\"attachment-large size-large\" alt=\"\" srcset=\"https:\/\/anoticiaonline.com.br\/site\/wp-content\/uploads\/2018\/11\/IMG_5934.jpg 1000w, https:\/\/anoticiaonline.com.br\/site\/wp-content\/uploads\/2018\/11\/IMG_5934-300x225.jpg 300w, https:\/\/anoticiaonline.com.br\/site\/wp-content\/uploads\/2018\/11\/IMG_5934-768x576.jpg 768w, https:\/\/anoticiaonline.com.br\/site\/wp-content\/uploads\/2018\/11\/IMG_5934-105x80.jpg 105w\" sizes=\"(max-width: 900px) 100vw, 900px\" \/><\/a>\n\t\t\t<\/div><\/figure><figure class='gallery-item'>\n\t\t\t<div class='gallery-icon landscape'>\n\t\t\t\t<a href='https:\/\/anoticiaonline.com.br\/site\/pre-if-2018-da-esp\/img_5959\/#main'><img loading=\"lazy\" decoding=\"async\" width=\"900\" height=\"675\" src=\"https:\/\/anoticiaonline.com.br\/site\/wp-content\/uploads\/2018\/11\/IMG_5959.jpg\" class=\"attachment-large size-large\" alt=\"\" srcset=\"https:\/\/anoticiaonline.com.br\/site\/wp-content\/uploads\/2018\/11\/IMG_5959.jpg 1000w, https:\/\/anoticiaonline.com.br\/site\/wp-content\/uploads\/2018\/11\/IMG_5959-300x225.jpg 300w, https:\/\/anoticiaonline.com.br\/site\/wp-content\/uploads\/2018\/11\/IMG_5959-768x576.jpg 768w, https:\/\/anoticiaonline.com.br\/site\/wp-content\/uploads\/2018\/11\/IMG_5959-105x80.jpg 105w\" sizes=\"(max-width: 900px) 100vw, 900px\" \/><\/a>\n\t\t\t<\/div><\/figure><figure class='gallery-item'>\n\t\t\t<div class='gallery-icon landscape'>\n\t\t\t\t<a href='https:\/\/anoticiaonline.com.br\/site\/pre-if-2018-da-esp\/img_6007\/#main'><img loading=\"lazy\" decoding=\"async\" width=\"900\" height=\"507\" src=\"https:\/\/anoticiaonline.com.br\/site\/wp-content\/uploads\/2018\/11\/IMG_6007.jpg\" class=\"attachment-large size-large\" alt=\"\" srcset=\"https:\/\/anoticiaonline.com.br\/site\/wp-content\/uploads\/2018\/11\/IMG_6007.jpg 1000w, https:\/\/anoticiaonline.com.br\/site\/wp-content\/uploads\/2018\/11\/IMG_6007-300x169.jpg 300w, https:\/\/anoticiaonline.com.br\/site\/wp-content\/uploads\/2018\/11\/IMG_6007-768x432.jpg 768w\" sizes=\"(max-width: 900px) 100vw, 900px\" \/><\/a>\n\t\t\t<\/div><\/figure>\n\t\t<\/div>\n\n<p>&nbsp;<\/p>\n<p>&nbsp;<\/p>\n<p>&nbsp;<\/p>\n","protected":false},"excerpt":{"rendered":"<p>Alunos do\u00a0Pr\u00e9-IF 2018 da ESP participam de processo seletivo Os alunos do curso Pr\u00e9-IF 2018 da Escola S\u00e3o Paulo (ESP) participaram, no \u00faltimo s\u00e1bado (24), do processo seletivo para ingressar no Instituto Federal de Educa\u00e7\u00e3o, Ci\u00eancia e Tecnologia do Sudeste de Minas Gerais \u2013 Campus Muria\u00e9. De acordo com o diretor da Escola S\u00e3o Paulo, &#8230; <a title=\"Pr\u00e9-IF 2018 da ESP\" class=\"read-more\" href=\"https:\/\/anoticiaonline.com.br\/site\/pre-if-2018-da-esp\/\" aria-label=\"Read more about Pr\u00e9-IF 2018 da ESP\">Ler mais<\/a><\/p>\n","protected":false},"author":2,"featured_media":65391,"comment_status":"open","ping_status":"open","sticky":false,"template":"","format":"standard","meta":{"_acf_changed":false,"_monsterinsights_skip_tracking":false,"footnotes":""},"categories":[30,2893],"tags":[3498,2118,249,547,368,1271,2117,3497,3499],"class_list":["post-65388","post","type-post","status-publish","format-standard","has-post-thumbnail","hentry","category-muriae","category-cotidiano","tag-ciencia-e-tecnologia-do-sudeste-de-minas-gerais","tag-ciencia-e-tecnologia-do-sudeste-de-minas-gerais-campus-muriae","tag-escola-sao-paulo","tag-esp","tag-if-sudeste","tag-instituto-federal-de-educacao","tag-pre-if","tag-pre-if-2018","tag-pre-if-2019"],"acf":[],"aioseo_notices":[],"aioseo_head":"\n\t\t<!-- All in One SEO 5.0.0.1 - aioseo.com -->\n\t<meta name=\"description\" content=\"Alunos do Pr\u00e9-IF 2018 da ESP participam de processo seletivo Os alunos do curso Pr\u00e9-IF 2018 da Escola S\u00e3o Paulo (ESP) participaram, no \u00faltimo s\u00e1bado (24), do processo seletivo para ingressar no Instituto Federal de Educa\u00e7\u00e3o, Ci\u00eancia e Tecnologia do Sudeste de Minas Gerais \u2013 Campus Muria\u00e9. De acordo com o diretor da Escola S\u00e3o Paulo,\" \/>\n\t<meta name=\"robots\" content=\"max-image-preview:large\" \/>\n\t<meta name=\"author\" content=\"Juliana Laviola\"\/>\n\t<link rel=\"canonical\" href=\"https:\/\/anoticiaonline.com.br\/site\/pre-if-2018-da-esp\/\" \/>\n\t<meta name=\"generator\" content=\"All in One SEO (AIOSEO) 5.0.0.1\" \/>\n\t\t<meta property=\"og:locale\" content=\"pt_BR\" \/>\n\t\t<meta property=\"og:site_name\" content=\"A Not\u00edcia Online - Noticias de Muria\u00e9 e regi\u00e3o\" \/>\n\t\t<meta property=\"og:type\" content=\"article\" \/>\n\t\t<meta property=\"og:title\" content=\"Pr\u00e9-IF 2018 da ESP - A Not\u00edcia Online\" \/>\n\t\t<meta property=\"og:description\" content=\"Alunos do Pr\u00e9-IF 2018 da ESP participam de processo seletivo Os alunos do curso Pr\u00e9-IF 2018 da Escola S\u00e3o Paulo (ESP) participaram, no \u00faltimo s\u00e1bado (24), do processo seletivo para ingressar no Instituto Federal de Educa\u00e7\u00e3o, Ci\u00eancia e Tecnologia do Sudeste de Minas Gerais \u2013 Campus Muria\u00e9. De acordo com o diretor da Escola S\u00e3o Paulo,\" \/>\n\t\t<meta property=\"og:url\" content=\"https:\/\/anoticiaonline.com.br\/site\/pre-if-2018-da-esp\/\" \/>\n\t\t<meta property=\"og:image\" content=\"https:\/\/scontent-gig4-1.xx.fbcdn.net\/v\/t39.30808-1\/270437624_4564083193639691_6907940295614233970_n.jpg?stp=dst-jpg_s200x200_tt6&#038;_nc_cat=111&#038;ccb=1-7&#038;_nc_sid=f907e8&#038;_nc_ohc=SM1wRlP3lJwQ7kNvwEPuBYA&#038;_nc_oc=AdnqrjDN_BNjSSHWO-GbkIWH6fkGMLw4bqvL_NH6e2wMveX7G-rP2dAqsDSq1mJMOaY&#038;_nc_zt=24&#038;_nc_ht=scontent-gig4-1.xx&#038;_nc_gid=AoBFJeGrT1hVaew_6rchkQ&#038;oh=00_AfX7QmFGhQhG2jAllVgXCiM1ZrWgvtp80-Bfppyexh1QEg&#038;oe=689E923C\" \/>\n\t\t<meta property=\"og:image:secure_url\" content=\"https:\/\/scontent-gig4-1.xx.fbcdn.net\/v\/t39.30808-1\/270437624_4564083193639691_6907940295614233970_n.jpg?stp=dst-jpg_s200x200_tt6&#038;_nc_cat=111&#038;ccb=1-7&#038;_nc_sid=f907e8&#038;_nc_ohc=SM1wRlP3lJwQ7kNvwEPuBYA&#038;_nc_oc=AdnqrjDN_BNjSSHWO-GbkIWH6fkGMLw4bqvL_NH6e2wMveX7G-rP2dAqsDSq1mJMOaY&#038;_nc_zt=24&#038;_nc_ht=scontent-gig4-1.xx&#038;_nc_gid=AoBFJeGrT1hVaew_6rchkQ&#038;oh=00_AfX7QmFGhQhG2jAllVgXCiM1ZrWgvtp80-Bfppyexh1QEg&#038;oe=689E923C\" \/>\n\t\t<meta property=\"article:published_time\" content=\"2018-12-01T12:06:49+00:00\" \/>\n\t\t<meta property=\"article:modified_time\" content=\"2018-11-29T22:28:08+00:00\" \/>\n\t\t<meta name=\"twitter:card\" content=\"summary_large_image\" \/>\n\t\t<meta name=\"twitter:title\" content=\"Pr\u00e9-IF 2018 da ESP - A Not\u00edcia Online\" \/>\n\t\t<meta name=\"twitter:description\" content=\"Alunos do Pr\u00e9-IF 2018 da ESP participam de processo seletivo Os alunos do curso Pr\u00e9-IF 2018 da Escola S\u00e3o Paulo (ESP) participaram, no \u00faltimo s\u00e1bado (24), do processo seletivo para ingressar no Instituto Federal de Educa\u00e7\u00e3o, Ci\u00eancia e Tecnologia do Sudeste de Minas Gerais \u2013 Campus Muria\u00e9. De acordo com o diretor da Escola S\u00e3o Paulo,\" \/>\n\t\t<meta name=\"twitter:image\" content=\"https:\/\/scontent-gig4-1.xx.fbcdn.net\/v\/t39.30808-1\/270437624_4564083193639691_6907940295614233970_n.jpg?stp=dst-jpg_s200x200_tt6&amp;_nc_cat=111&amp;ccb=1-7&amp;_nc_sid=f907e8&amp;_nc_ohc=SM1wRlP3lJwQ7kNvwEPuBYA&amp;_nc_oc=AdnqrjDN_BNjSSHWO-GbkIWH6fkGMLw4bqvL_NH6e2wMveX7G-rP2dAqsDSq1mJMOaY&amp;_nc_zt=24&amp;_nc_ht=scontent-gig4-1.xx&amp;_nc_gid=AoBFJeGrT1hVaew_6rchkQ&amp;oh=00_AfX7QmFGhQhG2jAllVgXCiM1ZrWgvtp80-Bfppyexh1QEg&amp;oe=689E923C\" \/>\n\t\t<script type=\"application\/ld+json\" class=\"aioseo-schema\">\n\t\t\t{\"@context\":\"https:\\\/\\\/schema.org\",\"@graph\":[{\"@type\":\"BlogPosting\",\"@id\":\"https:\\\/\\\/anoticiaonline.com.br\\\/site\\\/pre-if-2018-da-esp\\\/#blogposting\",\"name\":\"Pr\\u00e9-IF 2018 da ESP - A Not\\u00edcia Online\",\"headline\":\"Pr\\u00e9-IF 2018 da ESP\",\"author\":{\"@id\":\"https:\\\/\\\/anoticiaonline.com.br\\\/site\\\/author\\\/juliana\\\/#author\"},\"publisher\":{\"@id\":\"https:\\\/\\\/anoticiaonline.com.br\\\/site\\\/#organization\"},\"image\":{\"@type\":\"ImageObject\",\"url\":\"https:\\\/\\\/anoticiaonline.com.br\\\/site\\\/wp-content\\\/uploads\\\/2018\\\/11\\\/IMG_5953.jpg\",\"width\":1000,\"height\":750},\"datePublished\":\"2018-12-01T09:06:49-03:00\",\"dateModified\":\"2018-11-29T19:28:08-03:00\",\"inLanguage\":\"pt-BR\",\"mainEntityOfPage\":{\"@id\":\"https:\\\/\\\/anoticiaonline.com.br\\\/site\\\/pre-if-2018-da-esp\\\/#webpage\"},\"isPartOf\":{\"@id\":\"https:\\\/\\\/anoticiaonline.com.br\\\/site\\\/pre-if-2018-da-esp\\\/#webpage\"},\"articleSection\":\"Blog, Cotidiano, Ci\\u00eancia e Tecnologia do Sudeste de Minas Gerais, Ci\\u00eancia e Tecnologia do Sudeste de Minas Gerais \\u2013 Campus Muria\\u00e9, escola s\\u00e3o paulo, ESP, IF Sudeste, Instituto Federal de Educa\\u00e7\\u00e3o, Pr\\u00e9 IF, Pr\\u00e9-IF 2018, Pr\\u00e9-IF 2019\"},{\"@type\":\"BreadcrumbList\",\"@id\":\"https:\\\/\\\/anoticiaonline.com.br\\\/site\\\/pre-if-2018-da-esp\\\/#breadcrumblist\",\"itemListElement\":[{\"@type\":\"ListItem\",\"@id\":\"https:\\\/\\\/anoticiaonline.com.br\\\/site#listItem\",\"position\":1,\"name\":\"Home\",\"item\":\"https:\\\/\\\/anoticiaonline.com.br\\\/site\",\"nextItem\":{\"@type\":\"ListItem\",\"@id\":\"https:\\\/\\\/anoticiaonline.com.br\\\/site\\\/categoria\\\/muriae\\\/#listItem\",\"name\":\"Blog\"}},{\"@type\":\"ListItem\",\"@id\":\"https:\\\/\\\/anoticiaonline.com.br\\\/site\\\/categoria\\\/muriae\\\/#listItem\",\"position\":2,\"name\":\"Blog\",\"item\":\"https:\\\/\\\/anoticiaonline.com.br\\\/site\\\/categoria\\\/muriae\\\/\",\"nextItem\":{\"@type\":\"ListItem\",\"@id\":\"https:\\\/\\\/anoticiaonline.com.br\\\/site\\\/categoria\\\/muriae\\\/cotidiano\\\/#listItem\",\"name\":\"Cotidiano\"},\"previousItem\":{\"@type\":\"ListItem\",\"@id\":\"https:\\\/\\\/anoticiaonline.com.br\\\/site#listItem\",\"name\":\"Home\"}},{\"@type\":\"ListItem\",\"@id\":\"https:\\\/\\\/anoticiaonline.com.br\\\/site\\\/categoria\\\/muriae\\\/cotidiano\\\/#listItem\",\"position\":3,\"name\":\"Cotidiano\",\"item\":\"https:\\\/\\\/anoticiaonline.com.br\\\/site\\\/categoria\\\/muriae\\\/cotidiano\\\/\",\"nextItem\":{\"@type\":\"ListItem\",\"@id\":\"https:\\\/\\\/anoticiaonline.com.br\\\/site\\\/pre-if-2018-da-esp\\\/#listItem\",\"name\":\"Pr\\u00e9-IF 2018 da ESP\"},\"previousItem\":{\"@type\":\"ListItem\",\"@id\":\"https:\\\/\\\/anoticiaonline.com.br\\\/site\\\/categoria\\\/muriae\\\/#listItem\",\"name\":\"Blog\"}},{\"@type\":\"ListItem\",\"@id\":\"https:\\\/\\\/anoticiaonline.com.br\\\/site\\\/pre-if-2018-da-esp\\\/#listItem\",\"position\":4,\"name\":\"Pr\\u00e9-IF 2018 da ESP\",\"previousItem\":{\"@type\":\"ListItem\",\"@id\":\"https:\\\/\\\/anoticiaonline.com.br\\\/site\\\/categoria\\\/muriae\\\/cotidiano\\\/#listItem\",\"name\":\"Cotidiano\"}}]},{\"@type\":\"Organization\",\"@id\":\"https:\\\/\\\/anoticiaonline.com.br\\\/site\\\/#organization\",\"name\":\"A Not\\u00edcia Online\",\"description\":\"Noticias de Muria\\u00e9 e regi\\u00e3o\",\"url\":\"https:\\\/\\\/anoticiaonline.com.br\\\/site\\\/\",\"logo\":{\"@type\":\"ImageObject\",\"url\":\"https:\\\/\\\/scontent-gig4-1.xx.fbcdn.net\\\/v\\\/t39.30808-1\\\/270437624_4564083193639691_6907940295614233970_n.jpg?stp=dst-jpg_s200x200_tt6&_nc_cat=111&ccb=1-7&_nc_sid=f907e8&_nc_ohc=SM1wRlP3lJwQ7kNvwEPuBYA&_nc_oc=AdnqrjDN_BNjSSHWO-GbkIWH6fkGMLw4bqvL_NH6e2wMveX7G-rP2dAqsDSq1mJMOaY&_nc_zt=24&_nc_ht=scontent-gig4-1.xx&_nc_gid=AoBFJeGrT1hVaew_6rchkQ&oh=00_AfX7QmFGhQhG2jAllVgXCiM1ZrWgvtp80-Bfppyexh1QEg&oe=689E923C\",\"@id\":\"https:\\\/\\\/anoticiaonline.com.br\\\/site\\\/pre-if-2018-da-esp\\\/#organizationLogo\"},\"image\":{\"@id\":\"https:\\\/\\\/anoticiaonline.com.br\\\/site\\\/pre-if-2018-da-esp\\\/#organizationLogo\"}},{\"@type\":\"Person\",\"@id\":\"https:\\\/\\\/anoticiaonline.com.br\\\/site\\\/author\\\/juliana\\\/#author\",\"url\":\"https:\\\/\\\/anoticiaonline.com.br\\\/site\\\/author\\\/juliana\\\/\",\"name\":\"Juliana Laviola\",\"image\":{\"@type\":\"ImageObject\",\"@id\":\"https:\\\/\\\/anoticiaonline.com.br\\\/site\\\/pre-if-2018-da-esp\\\/#authorImage\",\"url\":\"https:\\\/\\\/secure.gravatar.com\\\/avatar\\\/b8d45f5c699b100dfaf0e543582f38f38bf94cb7ae3a5e9abf8d891a34773335?s=96&d=mm&r=g\",\"width\":96,\"height\":96,\"caption\":\"Juliana Laviola\"}},{\"@type\":\"WebPage\",\"@id\":\"https:\\\/\\\/anoticiaonline.com.br\\\/site\\\/pre-if-2018-da-esp\\\/#webpage\",\"url\":\"https:\\\/\\\/anoticiaonline.com.br\\\/site\\\/pre-if-2018-da-esp\\\/\",\"name\":\"Pr\\u00e9-IF 2018 da ESP - A Not\\u00edcia Online\",\"description\":\"Alunos do Pr\\u00e9-IF 2018 da ESP participam de processo seletivo Os alunos do curso Pr\\u00e9-IF 2018 da Escola S\\u00e3o Paulo (ESP) participaram, no \\u00faltimo s\\u00e1bado (24), do processo seletivo para ingressar no Instituto Federal de Educa\\u00e7\\u00e3o, Ci\\u00eancia e Tecnologia do Sudeste de Minas Gerais \\u2013 Campus Muria\\u00e9. De acordo com o diretor da Escola S\\u00e3o Paulo,\",\"inLanguage\":\"pt-BR\",\"isPartOf\":{\"@id\":\"https:\\\/\\\/anoticiaonline.com.br\\\/site\\\/#website\"},\"breadcrumb\":{\"@id\":\"https:\\\/\\\/anoticiaonline.com.br\\\/site\\\/pre-if-2018-da-esp\\\/#breadcrumblist\"},\"author\":{\"@id\":\"https:\\\/\\\/anoticiaonline.com.br\\\/site\\\/author\\\/juliana\\\/#author\"},\"creator\":{\"@id\":\"https:\\\/\\\/anoticiaonline.com.br\\\/site\\\/author\\\/juliana\\\/#author\"},\"image\":{\"@type\":\"ImageObject\",\"url\":\"https:\\\/\\\/anoticiaonline.com.br\\\/site\\\/wp-content\\\/uploads\\\/2018\\\/11\\\/IMG_5953.jpg\",\"@id\":\"https:\\\/\\\/anoticiaonline.com.br\\\/site\\\/pre-if-2018-da-esp\\\/#mainImage\",\"width\":1000,\"height\":750},\"primaryImageOfPage\":{\"@id\":\"https:\\\/\\\/anoticiaonline.com.br\\\/site\\\/pre-if-2018-da-esp\\\/#mainImage\"},\"datePublished\":\"2018-12-01T09:06:49-03:00\",\"dateModified\":\"2018-11-29T19:28:08-03:00\"},{\"@type\":\"WebSite\",\"@id\":\"https:\\\/\\\/anoticiaonline.com.br\\\/site\\\/#website\",\"url\":\"https:\\\/\\\/anoticiaonline.com.br\\\/site\\\/\",\"name\":\"A Not\\u00edcia Online\",\"description\":\"Noticias de Muria\\u00e9 e regi\\u00e3o\",\"inLanguage\":\"pt-BR\",\"publisher\":{\"@id\":\"https:\\\/\\\/anoticiaonline.com.br\\\/site\\\/#organization\"}}]}\n\t\t<\/script>\n\t\t<!-- All in One SEO -->\n\n","aioseo_head_json":{"title":"Pr\u00e9-IF 2018 da ESP - A Not\u00edcia Online","description":"Alunos do Pr\u00e9-IF 2018 da ESP participam de processo seletivo Os alunos do curso Pr\u00e9-IF 2018 da Escola S\u00e3o Paulo (ESP) participaram, no \u00faltimo s\u00e1bado (24), do processo seletivo para ingressar no Instituto Federal de Educa\u00e7\u00e3o, Ci\u00eancia e Tecnologia do Sudeste de Minas Gerais \u2013 Campus Muria\u00e9. De acordo com o diretor da Escola S\u00e3o Paulo,","canonical_url":"https:\/\/anoticiaonline.com.br\/site\/pre-if-2018-da-esp\/","robots":"max-image-preview:large","keywords":"","webmasterTools":{"miscellaneous":""},"schema":{"@context":"https:\/\/schema.org","@graph":[{"@type":"BlogPosting","@id":"https:\/\/anoticiaonline.com.br\/site\/pre-if-2018-da-esp\/#blogposting","name":"Pr\u00e9-IF 2018 da ESP - A Not\u00edcia Online","headline":"Pr\u00e9-IF 2018 da ESP","author":{"@id":"https:\/\/anoticiaonline.com.br\/site\/author\/juliana\/#author"},"publisher":{"@id":"https:\/\/anoticiaonline.com.br\/site\/#organization"},"image":{"@type":"ImageObject","url":"https:\/\/anoticiaonline.com.br\/site\/wp-content\/uploads\/2018\/11\/IMG_5953.jpg","width":1000,"height":750},"datePublished":"2018-12-01T09:06:49-03:00","dateModified":"2018-11-29T19:28:08-03:00","inLanguage":"pt-BR","mainEntityOfPage":{"@id":"https:\/\/anoticiaonline.com.br\/site\/pre-if-2018-da-esp\/#webpage"},"isPartOf":{"@id":"https:\/\/anoticiaonline.com.br\/site\/pre-if-2018-da-esp\/#webpage"},"articleSection":"Blog, Cotidiano, Ci\u00eancia e Tecnologia do Sudeste de Minas Gerais, Ci\u00eancia e Tecnologia do Sudeste de Minas Gerais \u2013 Campus Muria\u00e9, escola s\u00e3o paulo, ESP, IF Sudeste, Instituto Federal de Educa\u00e7\u00e3o, Pr\u00e9 IF, Pr\u00e9-IF 2018, Pr\u00e9-IF 2019"},{"@type":"BreadcrumbList","@id":"https:\/\/anoticiaonline.com.br\/site\/pre-if-2018-da-esp\/#breadcrumblist","itemListElement":[{"@type":"ListItem","@id":"https:\/\/anoticiaonline.com.br\/site#listItem","position":1,"name":"Home","item":"https:\/\/anoticiaonline.com.br\/site","nextItem":{"@type":"ListItem","@id":"https:\/\/anoticiaonline.com.br\/site\/categoria\/muriae\/#listItem","name":"Blog"}},{"@type":"ListItem","@id":"https:\/\/anoticiaonline.com.br\/site\/categoria\/muriae\/#listItem","position":2,"name":"Blog","item":"https:\/\/anoticiaonline.com.br\/site\/categoria\/muriae\/","nextItem":{"@type":"ListItem","@id":"https:\/\/anoticiaonline.com.br\/site\/categoria\/muriae\/cotidiano\/#listItem","name":"Cotidiano"},"previousItem":{"@type":"ListItem","@id":"https:\/\/anoticiaonline.com.br\/site#listItem","name":"Home"}},{"@type":"ListItem","@id":"https:\/\/anoticiaonline.com.br\/site\/categoria\/muriae\/cotidiano\/#listItem","position":3,"name":"Cotidiano","item":"https:\/\/anoticiaonline.com.br\/site\/categoria\/muriae\/cotidiano\/","nextItem":{"@type":"ListItem","@id":"https:\/\/anoticiaonline.com.br\/site\/pre-if-2018-da-esp\/#listItem","name":"Pr\u00e9-IF 2018 da ESP"},"previousItem":{"@type":"ListItem","@id":"https:\/\/anoticiaonline.com.br\/site\/categoria\/muriae\/#listItem","name":"Blog"}},{"@type":"ListItem","@id":"https:\/\/anoticiaonline.com.br\/site\/pre-if-2018-da-esp\/#listItem","position":4,"name":"Pr\u00e9-IF 2018 da ESP","previousItem":{"@type":"ListItem","@id":"https:\/\/anoticiaonline.com.br\/site\/categoria\/muriae\/cotidiano\/#listItem","name":"Cotidiano"}}]},{"@type":"Organization","@id":"https:\/\/anoticiaonline.com.br\/site\/#organization","name":"A Not\u00edcia Online","description":"Noticias de Muria\u00e9 e regi\u00e3o","url":"https:\/\/anoticiaonline.com.br\/site\/","logo":{"@type":"ImageObject","url":"https:\/\/scontent-gig4-1.xx.fbcdn.net\/v\/t39.30808-1\/270437624_4564083193639691_6907940295614233970_n.jpg?stp=dst-jpg_s200x200_tt6&_nc_cat=111&ccb=1-7&_nc_sid=f907e8&_nc_ohc=SM1wRlP3lJwQ7kNvwEPuBYA&_nc_oc=AdnqrjDN_BNjSSHWO-GbkIWH6fkGMLw4bqvL_NH6e2wMveX7G-rP2dAqsDSq1mJMOaY&_nc_zt=24&_nc_ht=scontent-gig4-1.xx&_nc_gid=AoBFJeGrT1hVaew_6rchkQ&oh=00_AfX7QmFGhQhG2jAllVgXCiM1ZrWgvtp80-Bfppyexh1QEg&oe=689E923C","@id":"https:\/\/anoticiaonline.com.br\/site\/pre-if-2018-da-esp\/#organizationLogo"},"image":{"@id":"https:\/\/anoticiaonline.com.br\/site\/pre-if-2018-da-esp\/#organizationLogo"}},{"@type":"Person","@id":"https:\/\/anoticiaonline.com.br\/site\/author\/juliana\/#author","url":"https:\/\/anoticiaonline.com.br\/site\/author\/juliana\/","name":"Juliana Laviola","image":{"@type":"ImageObject","@id":"https:\/\/anoticiaonline.com.br\/site\/pre-if-2018-da-esp\/#authorImage","url":"https:\/\/secure.gravatar.com\/avatar\/b8d45f5c699b100dfaf0e543582f38f38bf94cb7ae3a5e9abf8d891a34773335?s=96&d=mm&r=g","width":96,"height":96,"caption":"Juliana Laviola"}},{"@type":"WebPage","@id":"https:\/\/anoticiaonline.com.br\/site\/pre-if-2018-da-esp\/#webpage","url":"https:\/\/anoticiaonline.com.br\/site\/pre-if-2018-da-esp\/","name":"Pr\u00e9-IF 2018 da ESP - A Not\u00edcia Online","description":"Alunos do Pr\u00e9-IF 2018 da ESP participam de processo seletivo Os alunos do curso Pr\u00e9-IF 2018 da Escola S\u00e3o Paulo (ESP) participaram, no \u00faltimo s\u00e1bado (24), do processo seletivo para ingressar no Instituto Federal de Educa\u00e7\u00e3o, Ci\u00eancia e Tecnologia do Sudeste de Minas Gerais \u2013 Campus Muria\u00e9. De acordo com o diretor da Escola S\u00e3o Paulo,","inLanguage":"pt-BR","isPartOf":{"@id":"https:\/\/anoticiaonline.com.br\/site\/#website"},"breadcrumb":{"@id":"https:\/\/anoticiaonline.com.br\/site\/pre-if-2018-da-esp\/#breadcrumblist"},"author":{"@id":"https:\/\/anoticiaonline.com.br\/site\/author\/juliana\/#author"},"creator":{"@id":"https:\/\/anoticiaonline.com.br\/site\/author\/juliana\/#author"},"image":{"@type":"ImageObject","url":"https:\/\/anoticiaonline.com.br\/site\/wp-content\/uploads\/2018\/11\/IMG_5953.jpg","@id":"https:\/\/anoticiaonline.com.br\/site\/pre-if-2018-da-esp\/#mainImage","width":1000,"height":750},"primaryImageOfPage":{"@id":"https:\/\/anoticiaonline.com.br\/site\/pre-if-2018-da-esp\/#mainImage"},"datePublished":"2018-12-01T09:06:49-03:00","dateModified":"2018-11-29T19:28:08-03:00"},{"@type":"WebSite","@id":"https:\/\/anoticiaonline.com.br\/site\/#website","url":"https:\/\/anoticiaonline.com.br\/site\/","name":"A Not\u00edcia Online","description":"Noticias de Muria\u00e9 e regi\u00e3o","inLanguage":"pt-BR","publisher":{"@id":"https:\/\/anoticiaonline.com.br\/site\/#organization"}}]},"og:locale":"pt_BR","og:site_name":"A Not\u00edcia Online - Noticias de Muria\u00e9 e regi\u00e3o","og:type":"article","og:title":"Pr\u00e9-IF 2018 da ESP - A Not\u00edcia Online","og:description":"Alunos do Pr\u00e9-IF 2018 da ESP participam de processo seletivo Os alunos do curso Pr\u00e9-IF 2018 da Escola S\u00e3o Paulo (ESP) participaram, no \u00faltimo s\u00e1bado (24), do processo seletivo para ingressar no Instituto Federal de Educa\u00e7\u00e3o, Ci\u00eancia e Tecnologia do Sudeste de Minas Gerais \u2013 Campus Muria\u00e9. De acordo com o diretor da Escola S\u00e3o Paulo,","og:url":"https:\/\/anoticiaonline.com.br\/site\/pre-if-2018-da-esp\/","og:image":"https:\/\/scontent-gig4-1.xx.fbcdn.net\/v\/t39.30808-1\/270437624_4564083193639691_6907940295614233970_n.jpg?stp=dst-jpg_s200x200_tt6&#038;_nc_cat=111&#038;ccb=1-7&#038;_nc_sid=f907e8&#038;_nc_ohc=SM1wRlP3lJwQ7kNvwEPuBYA&#038;_nc_oc=AdnqrjDN_BNjSSHWO-GbkIWH6fkGMLw4bqvL_NH6e2wMveX7G-rP2dAqsDSq1mJMOaY&#038;_nc_zt=24&#038;_nc_ht=scontent-gig4-1.xx&#038;_nc_gid=AoBFJeGrT1hVaew_6rchkQ&#038;oh=00_AfX7QmFGhQhG2jAllVgXCiM1ZrWgvtp80-Bfppyexh1QEg&#038;oe=689E923C","og:image:secure_url":"https:\/\/scontent-gig4-1.xx.fbcdn.net\/v\/t39.30808-1\/270437624_4564083193639691_6907940295614233970_n.jpg?stp=dst-jpg_s200x200_tt6&#038;_nc_cat=111&#038;ccb=1-7&#038;_nc_sid=f907e8&#038;_nc_ohc=SM1wRlP3lJwQ7kNvwEPuBYA&#038;_nc_oc=AdnqrjDN_BNjSSHWO-GbkIWH6fkGMLw4bqvL_NH6e2wMveX7G-rP2dAqsDSq1mJMOaY&#038;_nc_zt=24&#038;_nc_ht=scontent-gig4-1.xx&#038;_nc_gid=AoBFJeGrT1hVaew_6rchkQ&#038;oh=00_AfX7QmFGhQhG2jAllVgXCiM1ZrWgvtp80-Bfppyexh1QEg&#038;oe=689E923C","article:published_time":"2018-12-01T12:06:49+00:00","article:modified_time":"2018-11-29T22:28:08+00:00","twitter:card":"summary_large_image","twitter:title":"Pr\u00e9-IF 2018 da ESP - A Not\u00edcia Online","twitter:description":"Alunos do Pr\u00e9-IF 2018 da ESP participam de processo seletivo Os alunos do curso Pr\u00e9-IF 2018 da Escola S\u00e3o Paulo (ESP) participaram, no \u00faltimo s\u00e1bado (24), do processo seletivo para ingressar no Instituto Federal de Educa\u00e7\u00e3o, Ci\u00eancia e Tecnologia do Sudeste de Minas Gerais \u2013 Campus Muria\u00e9. De acordo com o diretor da Escola S\u00e3o Paulo,","twitter:image":"https:\/\/scontent-gig4-1.xx.fbcdn.net\/v\/t39.30808-1\/270437624_4564083193639691_6907940295614233970_n.jpg?stp=dst-jpg_s200x200_tt6&_nc_cat=111&ccb=1-7&_nc_sid=f907e8&_nc_ohc=SM1wRlP3lJwQ7kNvwEPuBYA&_nc_oc=AdnqrjDN_BNjSSHWO-GbkIWH6fkGMLw4bqvL_NH6e2wMveX7G-rP2dAqsDSq1mJMOaY&_nc_zt=24&_nc_ht=scontent-gig4-1.xx&_nc_gid=AoBFJeGrT1hVaew_6rchkQ&oh=00_AfX7QmFGhQhG2jAllVgXCiM1ZrWgvtp80-Bfppyexh1QEg&oe=689E923C"},"aioseo_meta_data":{"post_id":"65388","title":null,"description":null,"keywords":null,"keyphrases":null,"primary_term":null,"canonical_url":null,"og_title":null,"og_description":null,"og_object_type":"default","og_image_type":"default","og_image_url":null,"og_image_width":null,"og_image_height":null,"og_image_custom_url":null,"og_image_custom_fields":null,"og_video":null,"og_custom_url":null,"og_article_section":null,"og_article_tags":null,"twitter_use_og":false,"twitter_card":"default","twitter_image_type":"default","twitter_image_url":null,"twitter_image_custom_url":null,"twitter_image_custom_fields":null,"twitter_title":null,"twitter_description":null,"schema":{"blockGraphs":[],"customGraphs":[],"default":{"data":{"Article":[],"Course":[],"Dataset":[],"FAQPage":[],"Movie":[],"Person":[],"Product":[],"ProductReview":[],"Car":[],"Recipe":[],"Service":[],"SoftwareApplication":[],"WebPage":[]},"graphName":"","isEnabled":true},"graphs":[]},"schema_type":"default","schema_type_options":null,"pillar_content":false,"robots_default":true,"robots_noindex":false,"robots_noarchive":false,"robots_nosnippet":false,"robots_nofollow":false,"robots_noimageindex":false,"robots_noodp":false,"robots_notranslate":false,"robots_max_snippet":null,"robots_max_videopreview":null,"robots_max_imagepreview":"large","priority":null,"frequency":null,"local_seo":null,"breadcrumb_settings":null,"limit_modified_date":false,"ai":null,"created":"2025-08-16 22:22:07","updated":"2025-08-16 22:22:07","focus_keyword":null,"additional_keywords":null,"truseo_locale":null,"seo_analyzer_scan_date":null},"aioseo_breadcrumb":"<div class=\"aioseo-breadcrumbs\"><span class=\"aioseo-breadcrumb\">\n\t\t\t<a href=\"https:\/\/anoticiaonline.com.br\/site\" title=\"Home\">Home<\/a>\n\t\t<\/span><span class=\"aioseo-breadcrumb-separator\">&raquo;<\/span><span class=\"aioseo-breadcrumb\">\n\t\t\t<a href=\"https:\/\/anoticiaonline.com.br\/site\/categoria\/muriae\/\" title=\"Blog\">Blog<\/a>\n\t\t<\/span><span class=\"aioseo-breadcrumb-separator\">&raquo;<\/span><span class=\"aioseo-breadcrumb\">\n\t\t\t<a href=\"https:\/\/anoticiaonline.com.br\/site\/categoria\/muriae\/cotidiano\/\" title=\"Cotidiano\">Cotidiano<\/a>\n\t\t<\/span><span class=\"aioseo-breadcrumb-separator\">&raquo;<\/span><span class=\"aioseo-breadcrumb\">\n\t\t\tPr\u00e9-IF 2018 da ESP\n\t\t<\/span><\/div>","aioseo_breadcrumb_json":[{"label":"Home","link":"https:\/\/anoticiaonline.com.br\/site"},{"label":"Blog","link":"https:\/\/anoticiaonline.com.br\/site\/categoria\/muriae\/"},{"label":"Cotidiano","link":"https:\/\/anoticiaonline.com.br\/site\/categoria\/muriae\/cotidiano\/"},{"label":"Pr\u00e9-IF 2018 da ESP","link":"https:\/\/anoticiaonline.com.br\/site\/pre-if-2018-da-esp\/"}],"views":155,"_links":{"self":[{"href":"https:\/\/anoticiaonline.com.br\/site\/wp-json\/wp\/v2\/posts\/65388","targetHints":{"allow":["GET"]}}],"collection":[{"href":"https:\/\/anoticiaonline.com.br\/site\/wp-json\/wp\/v2\/posts"}],"about":[{"href":"https:\/\/anoticiaonline.com.br\/site\/wp-json\/wp\/v2\/types\/post"}],"author":[{"embeddable":true,"href":"https:\/\/anoticiaonline.com.br\/site\/wp-json\/wp\/v2\/users\/2"}],"replies":[{"embeddable":true,"href":"https:\/\/anoticiaonline.com.br\/site\/wp-json\/wp\/v2\/comments?post=65388"}],"version-history":[{"count":0,"href":"https:\/\/anoticiaonline.com.br\/site\/wp-json\/wp\/v2\/posts\/65388\/revisions"}],"wp:featuredmedia":[{"embeddable":true,"href":"https:\/\/anoticiaonline.com.br\/site\/wp-json\/wp\/v2\/media\/65391"}],"wp:attachment":[{"href":"https:\/\/anoticiaonline.com.br\/site\/wp-json\/wp\/v2\/media?parent=65388"}],"wp:term":[{"taxonomy":"category","embeddable":true,"href":"https:\/\/anoticiaonline.com.br\/site\/wp-json\/wp\/v2\/categories?post=65388"},{"taxonomy":"post_tag","embeddable":true,"href":"https:\/\/anoticiaonline.com.br\/site\/wp-json\/wp\/v2\/tags?post=65388"}],"curies":[{"name":"wp","href":"https:\/\/api.w.org\/{rel}","templated":true}]}}