{"id":6537,"date":"2015-11-19T13:35:18","date_gmt":"2015-11-19T16:35:18","guid":{"rendered":"http:\/\/anoticiaonline.com.br\/site\/?p=6537"},"modified":"2015-11-19T13:35:18","modified_gmt":"2015-11-19T16:35:18","slug":"editorial-15","status":"publish","type":"post","link":"https:\/\/anoticiaonline.com.br\/site\/editorial-15\/","title":{"rendered":"Editorial"},"content":{"rendered":"<p>Comemora-se no Brasil, neste dia 20 de novembro, o Dia da Consci\u00eancia Negra. Foi nesse dia, no ano de 1695, que morreu Zumbi dos Palmares, uma das lideran\u00e7as mais positivas que j\u00e1 aconteceram no pa\u00eds durante a Era da escravid\u00e3o.<\/p>\n<p>A for\u00e7a da sua lideran\u00e7a ficou marcada como s\u00edmbolo da resist\u00eancia contra a escravid\u00e3o cuja data de morte foi escolhida pelo movimento negro brasileiro para representar o Dia da Consci\u00eancia Negra no pa\u00eds, marcado legalmente pela Lei n\u00ba 12.519\/2011.<\/p>\n<p>A import\u00e2ncia da contribui\u00e7\u00e3o cultural dos negros na forma\u00e7\u00e3o da sociedade brasileira \u00e9 enorme. A sua contribui\u00e7\u00e3o hist\u00f3rica encontra-se vis\u00edvel na religi\u00e3o, na l\u00edngua, na m\u00fasica, na dan\u00e7a e, principalmente, na mistura da ra\u00e7a que comp\u00f5e a beleza da popula\u00e7\u00e3o brasileira, t\u00e3o decantada pelo mundo afora.<\/p>\n<p>Al\u00e9m disso, jamais se poder\u00e1 esquecer de que o progresso do Brasil Col\u00f4nia foi implementado pelo trabalho dos negros, o que constitui uma d\u00edvida impag\u00e1vel da sociedade brasileira.<\/p>\n<p>\u00c9 imposs\u00edvel pensar em crescimento deste pa\u00eds sem a colabora\u00e7\u00e3o da nossa popula\u00e7\u00e3o negra, a qual se deve respeito e a garantia de todos os direitos de igualdade como um marco da cidadania. Salve 20 de novembro, o Dia da Consci\u00eancia Negra!<\/p>\n","protected":false},"excerpt":{"rendered":"<p>Comemora-se no Brasil, neste dia 20 de novembro, o Dia da Consci\u00eancia Negra. Foi nesse dia, no ano de 1695, que morreu Zumbi dos Palmares, uma das lideran\u00e7as mais positivas que j\u00e1 aconteceram no pa\u00eds durante a Era da escravid\u00e3o. A for\u00e7a da sua lideran\u00e7a ficou marcada como s\u00edmbolo da resist\u00eancia contra a escravid\u00e3o cuja &#8230; <a title=\"Editorial\" class=\"read-more\" href=\"https:\/\/anoticiaonline.com.br\/site\/editorial-15\/\" aria-label=\"Read more about Editorial\">Ler mais<\/a><\/p>\n","protected":false},"author":2,"featured_media":0,"comment_status":"open","ping_status":"open","sticky":false,"template":"","format":"standard","meta":{"_acf_changed":false,"_monsterinsights_skip_tracking":false,"footnotes":""},"categories":[34],"tags":[],"class_list":["post-6537","post","type-post","status-publish","format-standard","hentry","category-editorial"],"acf":[],"aioseo_notices":[],"aioseo_head":"\n\t\t<!-- All in One SEO 5.0.0.1 - aioseo.com -->\n\t<meta name=\"description\" content=\"Comemora-se no Brasil, neste dia 20 de novembro, o Dia da Consci\u00eancia Negra. Foi nesse dia, no ano de 1695, que morreu Zumbi dos Palmares, uma das lideran\u00e7as mais positivas que j\u00e1 aconteceram no pa\u00eds durante a Era da escravid\u00e3o. A for\u00e7a da sua lideran\u00e7a ficou marcada como s\u00edmbolo da resist\u00eancia contra a escravid\u00e3o cuja\" \/>\n\t<meta name=\"robots\" content=\"max-image-preview:large\" \/>\n\t<meta name=\"author\" content=\"Juliana Laviola\"\/>\n\t<link rel=\"canonical\" href=\"https:\/\/anoticiaonline.com.br\/site\/editorial-15\/\" \/>\n\t<meta name=\"generator\" content=\"All in One SEO (AIOSEO) 5.0.0.1\" \/>\n\t\t<meta property=\"og:locale\" content=\"pt_BR\" \/>\n\t\t<meta property=\"og:site_name\" content=\"A Not\u00edcia Online - Noticias de Muria\u00e9 e regi\u00e3o\" \/>\n\t\t<meta property=\"og:type\" content=\"article\" \/>\n\t\t<meta property=\"og:title\" content=\"Editorial - A Not\u00edcia Online\" \/>\n\t\t<meta property=\"og:description\" content=\"Comemora-se no Brasil, neste dia 20 de novembro, o Dia da Consci\u00eancia Negra. Foi nesse dia, no ano de 1695, que morreu Zumbi dos Palmares, uma das lideran\u00e7as mais positivas que j\u00e1 aconteceram no pa\u00eds durante a Era da escravid\u00e3o. A for\u00e7a da sua lideran\u00e7a ficou marcada como s\u00edmbolo da resist\u00eancia contra a escravid\u00e3o cuja\" \/>\n\t\t<meta property=\"og:url\" content=\"https:\/\/anoticiaonline.com.br\/site\/editorial-15\/\" \/>\n\t\t<meta property=\"og:image\" content=\"https:\/\/scontent-gig4-1.xx.fbcdn.net\/v\/t39.30808-1\/270437624_4564083193639691_6907940295614233970_n.jpg?stp=dst-jpg_s200x200_tt6&#038;_nc_cat=111&#038;ccb=1-7&#038;_nc_sid=f907e8&#038;_nc_ohc=SM1wRlP3lJwQ7kNvwEPuBYA&#038;_nc_oc=AdnqrjDN_BNjSSHWO-GbkIWH6fkGMLw4bqvL_NH6e2wMveX7G-rP2dAqsDSq1mJMOaY&#038;_nc_zt=24&#038;_nc_ht=scontent-gig4-1.xx&#038;_nc_gid=AoBFJeGrT1hVaew_6rchkQ&#038;oh=00_AfX7QmFGhQhG2jAllVgXCiM1ZrWgvtp80-Bfppyexh1QEg&#038;oe=689E923C\" \/>\n\t\t<meta property=\"og:image:secure_url\" content=\"https:\/\/scontent-gig4-1.xx.fbcdn.net\/v\/t39.30808-1\/270437624_4564083193639691_6907940295614233970_n.jpg?stp=dst-jpg_s200x200_tt6&#038;_nc_cat=111&#038;ccb=1-7&#038;_nc_sid=f907e8&#038;_nc_ohc=SM1wRlP3lJwQ7kNvwEPuBYA&#038;_nc_oc=AdnqrjDN_BNjSSHWO-GbkIWH6fkGMLw4bqvL_NH6e2wMveX7G-rP2dAqsDSq1mJMOaY&#038;_nc_zt=24&#038;_nc_ht=scontent-gig4-1.xx&#038;_nc_gid=AoBFJeGrT1hVaew_6rchkQ&#038;oh=00_AfX7QmFGhQhG2jAllVgXCiM1ZrWgvtp80-Bfppyexh1QEg&#038;oe=689E923C\" \/>\n\t\t<meta property=\"article:published_time\" content=\"2015-11-19T16:35:18+00:00\" \/>\n\t\t<meta property=\"article:modified_time\" content=\"2015-11-19T16:35:18+00:00\" \/>\n\t\t<meta name=\"twitter:card\" content=\"summary_large_image\" \/>\n\t\t<meta name=\"twitter:title\" content=\"Editorial - A Not\u00edcia Online\" \/>\n\t\t<meta name=\"twitter:description\" content=\"Comemora-se no Brasil, neste dia 20 de novembro, o Dia da Consci\u00eancia Negra. Foi nesse dia, no ano de 1695, que morreu Zumbi dos Palmares, uma das lideran\u00e7as mais positivas que j\u00e1 aconteceram no pa\u00eds durante a Era da escravid\u00e3o. A for\u00e7a da sua lideran\u00e7a ficou marcada como s\u00edmbolo da resist\u00eancia contra a escravid\u00e3o cuja\" \/>\n\t\t<meta name=\"twitter:image\" content=\"https:\/\/scontent-gig4-1.xx.fbcdn.net\/v\/t39.30808-1\/270437624_4564083193639691_6907940295614233970_n.jpg?stp=dst-jpg_s200x200_tt6&amp;_nc_cat=111&amp;ccb=1-7&amp;_nc_sid=f907e8&amp;_nc_ohc=SM1wRlP3lJwQ7kNvwEPuBYA&amp;_nc_oc=AdnqrjDN_BNjSSHWO-GbkIWH6fkGMLw4bqvL_NH6e2wMveX7G-rP2dAqsDSq1mJMOaY&amp;_nc_zt=24&amp;_nc_ht=scontent-gig4-1.xx&amp;_nc_gid=AoBFJeGrT1hVaew_6rchkQ&amp;oh=00_AfX7QmFGhQhG2jAllVgXCiM1ZrWgvtp80-Bfppyexh1QEg&amp;oe=689E923C\" \/>\n\t\t<script type=\"application\/ld+json\" class=\"aioseo-schema\">\n\t\t\t{\"@context\":\"https:\\\/\\\/schema.org\",\"@graph\":[{\"@type\":\"BlogPosting\",\"@id\":\"https:\\\/\\\/anoticiaonline.com.br\\\/site\\\/editorial-15\\\/#blogposting\",\"name\":\"Editorial - A Not\\u00edcia Online\",\"headline\":\"Editorial\",\"author\":{\"@id\":\"https:\\\/\\\/anoticiaonline.com.br\\\/site\\\/author\\\/juliana\\\/#author\"},\"publisher\":{\"@id\":\"https:\\\/\\\/anoticiaonline.com.br\\\/site\\\/#organization\"},\"image\":{\"@type\":\"ImageObject\",\"url\":\"https:\\\/\\\/scontent-gig4-1.xx.fbcdn.net\\\/v\\\/t39.30808-1\\\/270437624_4564083193639691_6907940295614233970_n.jpg?stp=dst-jpg_s200x200_tt6&_nc_cat=111&ccb=1-7&_nc_sid=f907e8&_nc_ohc=SM1wRlP3lJwQ7kNvwEPuBYA&_nc_oc=AdnqrjDN_BNjSSHWO-GbkIWH6fkGMLw4bqvL_NH6e2wMveX7G-rP2dAqsDSq1mJMOaY&_nc_zt=24&_nc_ht=scontent-gig4-1.xx&_nc_gid=AoBFJeGrT1hVaew_6rchkQ&oh=00_AfX7QmFGhQhG2jAllVgXCiM1ZrWgvtp80-Bfppyexh1QEg&oe=689E923C\",\"@id\":\"https:\\\/\\\/anoticiaonline.com.br\\\/site\\\/#articleImage\"},\"datePublished\":\"2015-11-19T13:35:18-03:00\",\"dateModified\":\"2015-11-19T13:35:18-03:00\",\"inLanguage\":\"pt-BR\",\"mainEntityOfPage\":{\"@id\":\"https:\\\/\\\/anoticiaonline.com.br\\\/site\\\/editorial-15\\\/#webpage\"},\"isPartOf\":{\"@id\":\"https:\\\/\\\/anoticiaonline.com.br\\\/site\\\/editorial-15\\\/#webpage\"},\"articleSection\":\"Editorial\"},{\"@type\":\"BreadcrumbList\",\"@id\":\"https:\\\/\\\/anoticiaonline.com.br\\\/site\\\/editorial-15\\\/#breadcrumblist\",\"itemListElement\":[{\"@type\":\"ListItem\",\"@id\":\"https:\\\/\\\/anoticiaonline.com.br\\\/site#listItem\",\"position\":1,\"name\":\"Home\",\"item\":\"https:\\\/\\\/anoticiaonline.com.br\\\/site\",\"nextItem\":{\"@type\":\"ListItem\",\"@id\":\"https:\\\/\\\/anoticiaonline.com.br\\\/site\\\/categoria\\\/colunistas\\\/#listItem\",\"name\":\"Colunistas\"}},{\"@type\":\"ListItem\",\"@id\":\"https:\\\/\\\/anoticiaonline.com.br\\\/site\\\/categoria\\\/colunistas\\\/#listItem\",\"position\":2,\"name\":\"Colunistas\",\"item\":\"https:\\\/\\\/anoticiaonline.com.br\\\/site\\\/categoria\\\/colunistas\\\/\",\"nextItem\":{\"@type\":\"ListItem\",\"@id\":\"https:\\\/\\\/anoticiaonline.com.br\\\/site\\\/categoria\\\/colunistas\\\/editorial\\\/#listItem\",\"name\":\"Editorial\"},\"previousItem\":{\"@type\":\"ListItem\",\"@id\":\"https:\\\/\\\/anoticiaonline.com.br\\\/site#listItem\",\"name\":\"Home\"}},{\"@type\":\"ListItem\",\"@id\":\"https:\\\/\\\/anoticiaonline.com.br\\\/site\\\/categoria\\\/colunistas\\\/editorial\\\/#listItem\",\"position\":3,\"name\":\"Editorial\",\"item\":\"https:\\\/\\\/anoticiaonline.com.br\\\/site\\\/categoria\\\/colunistas\\\/editorial\\\/\",\"nextItem\":{\"@type\":\"ListItem\",\"@id\":\"https:\\\/\\\/anoticiaonline.com.br\\\/site\\\/editorial-15\\\/#listItem\",\"name\":\"Editorial\"},\"previousItem\":{\"@type\":\"ListItem\",\"@id\":\"https:\\\/\\\/anoticiaonline.com.br\\\/site\\\/categoria\\\/colunistas\\\/#listItem\",\"name\":\"Colunistas\"}},{\"@type\":\"ListItem\",\"@id\":\"https:\\\/\\\/anoticiaonline.com.br\\\/site\\\/editorial-15\\\/#listItem\",\"position\":4,\"name\":\"Editorial\",\"previousItem\":{\"@type\":\"ListItem\",\"@id\":\"https:\\\/\\\/anoticiaonline.com.br\\\/site\\\/categoria\\\/colunistas\\\/editorial\\\/#listItem\",\"name\":\"Editorial\"}}]},{\"@type\":\"Organization\",\"@id\":\"https:\\\/\\\/anoticiaonline.com.br\\\/site\\\/#organization\",\"name\":\"A Not\\u00edcia Online\",\"description\":\"Noticias de Muria\\u00e9 e regi\\u00e3o\",\"url\":\"https:\\\/\\\/anoticiaonline.com.br\\\/site\\\/\",\"logo\":{\"@type\":\"ImageObject\",\"url\":\"https:\\\/\\\/scontent-gig4-1.xx.fbcdn.net\\\/v\\\/t39.30808-1\\\/270437624_4564083193639691_6907940295614233970_n.jpg?stp=dst-jpg_s200x200_tt6&_nc_cat=111&ccb=1-7&_nc_sid=f907e8&_nc_ohc=SM1wRlP3lJwQ7kNvwEPuBYA&_nc_oc=AdnqrjDN_BNjSSHWO-GbkIWH6fkGMLw4bqvL_NH6e2wMveX7G-rP2dAqsDSq1mJMOaY&_nc_zt=24&_nc_ht=scontent-gig4-1.xx&_nc_gid=AoBFJeGrT1hVaew_6rchkQ&oh=00_AfX7QmFGhQhG2jAllVgXCiM1ZrWgvtp80-Bfppyexh1QEg&oe=689E923C\",\"@id\":\"https:\\\/\\\/anoticiaonline.com.br\\\/site\\\/editorial-15\\\/#organizationLogo\"},\"image\":{\"@id\":\"https:\\\/\\\/anoticiaonline.com.br\\\/site\\\/editorial-15\\\/#organizationLogo\"}},{\"@type\":\"Person\",\"@id\":\"https:\\\/\\\/anoticiaonline.com.br\\\/site\\\/author\\\/juliana\\\/#author\",\"url\":\"https:\\\/\\\/anoticiaonline.com.br\\\/site\\\/author\\\/juliana\\\/\",\"name\":\"Juliana Laviola\",\"image\":{\"@type\":\"ImageObject\",\"@id\":\"https:\\\/\\\/anoticiaonline.com.br\\\/site\\\/editorial-15\\\/#authorImage\",\"url\":\"https:\\\/\\\/secure.gravatar.com\\\/avatar\\\/b8d45f5c699b100dfaf0e543582f38f38bf94cb7ae3a5e9abf8d891a34773335?s=96&d=mm&r=g\",\"width\":96,\"height\":96,\"caption\":\"Juliana Laviola\"}},{\"@type\":\"WebPage\",\"@id\":\"https:\\\/\\\/anoticiaonline.com.br\\\/site\\\/editorial-15\\\/#webpage\",\"url\":\"https:\\\/\\\/anoticiaonline.com.br\\\/site\\\/editorial-15\\\/\",\"name\":\"Editorial - A Not\\u00edcia Online\",\"description\":\"Comemora-se no Brasil, neste dia 20 de novembro, o Dia da Consci\\u00eancia Negra. Foi nesse dia, no ano de 1695, que morreu Zumbi dos Palmares, uma das lideran\\u00e7as mais positivas que j\\u00e1 aconteceram no pa\\u00eds durante a Era da escravid\\u00e3o. A for\\u00e7a da sua lideran\\u00e7a ficou marcada como s\\u00edmbolo da resist\\u00eancia contra a escravid\\u00e3o cuja\",\"inLanguage\":\"pt-BR\",\"isPartOf\":{\"@id\":\"https:\\\/\\\/anoticiaonline.com.br\\\/site\\\/#website\"},\"breadcrumb\":{\"@id\":\"https:\\\/\\\/anoticiaonline.com.br\\\/site\\\/editorial-15\\\/#breadcrumblist\"},\"author\":{\"@id\":\"https:\\\/\\\/anoticiaonline.com.br\\\/site\\\/author\\\/juliana\\\/#author\"},\"creator\":{\"@id\":\"https:\\\/\\\/anoticiaonline.com.br\\\/site\\\/author\\\/juliana\\\/#author\"},\"datePublished\":\"2015-11-19T13:35:18-03:00\",\"dateModified\":\"2015-11-19T13:35:18-03:00\"},{\"@type\":\"WebSite\",\"@id\":\"https:\\\/\\\/anoticiaonline.com.br\\\/site\\\/#website\",\"url\":\"https:\\\/\\\/anoticiaonline.com.br\\\/site\\\/\",\"name\":\"A Not\\u00edcia Online\",\"description\":\"Noticias de Muria\\u00e9 e regi\\u00e3o\",\"inLanguage\":\"pt-BR\",\"publisher\":{\"@id\":\"https:\\\/\\\/anoticiaonline.com.br\\\/site\\\/#organization\"}}]}\n\t\t<\/script>\n\t\t<!-- All in One SEO -->\n\n","aioseo_head_json":{"title":"Editorial - A Not\u00edcia Online","description":"Comemora-se no Brasil, neste dia 20 de novembro, o Dia da Consci\u00eancia Negra. Foi nesse dia, no ano de 1695, que morreu Zumbi dos Palmares, uma das lideran\u00e7as mais positivas que j\u00e1 aconteceram no pa\u00eds durante a Era da escravid\u00e3o. A for\u00e7a da sua lideran\u00e7a ficou marcada como s\u00edmbolo da resist\u00eancia contra a escravid\u00e3o cuja","canonical_url":"https:\/\/anoticiaonline.com.br\/site\/editorial-15\/","robots":"max-image-preview:large","keywords":"","webmasterTools":{"miscellaneous":""},"schema":{"@context":"https:\/\/schema.org","@graph":[{"@type":"BlogPosting","@id":"https:\/\/anoticiaonline.com.br\/site\/editorial-15\/#blogposting","name":"Editorial - A Not\u00edcia Online","headline":"Editorial","author":{"@id":"https:\/\/anoticiaonline.com.br\/site\/author\/juliana\/#author"},"publisher":{"@id":"https:\/\/anoticiaonline.com.br\/site\/#organization"},"image":{"@type":"ImageObject","url":"https:\/\/scontent-gig4-1.xx.fbcdn.net\/v\/t39.30808-1\/270437624_4564083193639691_6907940295614233970_n.jpg?stp=dst-jpg_s200x200_tt6&_nc_cat=111&ccb=1-7&_nc_sid=f907e8&_nc_ohc=SM1wRlP3lJwQ7kNvwEPuBYA&_nc_oc=AdnqrjDN_BNjSSHWO-GbkIWH6fkGMLw4bqvL_NH6e2wMveX7G-rP2dAqsDSq1mJMOaY&_nc_zt=24&_nc_ht=scontent-gig4-1.xx&_nc_gid=AoBFJeGrT1hVaew_6rchkQ&oh=00_AfX7QmFGhQhG2jAllVgXCiM1ZrWgvtp80-Bfppyexh1QEg&oe=689E923C","@id":"https:\/\/anoticiaonline.com.br\/site\/#articleImage"},"datePublished":"2015-11-19T13:35:18-03:00","dateModified":"2015-11-19T13:35:18-03:00","inLanguage":"pt-BR","mainEntityOfPage":{"@id":"https:\/\/anoticiaonline.com.br\/site\/editorial-15\/#webpage"},"isPartOf":{"@id":"https:\/\/anoticiaonline.com.br\/site\/editorial-15\/#webpage"},"articleSection":"Editorial"},{"@type":"BreadcrumbList","@id":"https:\/\/anoticiaonline.com.br\/site\/editorial-15\/#breadcrumblist","itemListElement":[{"@type":"ListItem","@id":"https:\/\/anoticiaonline.com.br\/site#listItem","position":1,"name":"Home","item":"https:\/\/anoticiaonline.com.br\/site","nextItem":{"@type":"ListItem","@id":"https:\/\/anoticiaonline.com.br\/site\/categoria\/colunistas\/#listItem","name":"Colunistas"}},{"@type":"ListItem","@id":"https:\/\/anoticiaonline.com.br\/site\/categoria\/colunistas\/#listItem","position":2,"name":"Colunistas","item":"https:\/\/anoticiaonline.com.br\/site\/categoria\/colunistas\/","nextItem":{"@type":"ListItem","@id":"https:\/\/anoticiaonline.com.br\/site\/categoria\/colunistas\/editorial\/#listItem","name":"Editorial"},"previousItem":{"@type":"ListItem","@id":"https:\/\/anoticiaonline.com.br\/site#listItem","name":"Home"}},{"@type":"ListItem","@id":"https:\/\/anoticiaonline.com.br\/site\/categoria\/colunistas\/editorial\/#listItem","position":3,"name":"Editorial","item":"https:\/\/anoticiaonline.com.br\/site\/categoria\/colunistas\/editorial\/","nextItem":{"@type":"ListItem","@id":"https:\/\/anoticiaonline.com.br\/site\/editorial-15\/#listItem","name":"Editorial"},"previousItem":{"@type":"ListItem","@id":"https:\/\/anoticiaonline.com.br\/site\/categoria\/colunistas\/#listItem","name":"Colunistas"}},{"@type":"ListItem","@id":"https:\/\/anoticiaonline.com.br\/site\/editorial-15\/#listItem","position":4,"name":"Editorial","previousItem":{"@type":"ListItem","@id":"https:\/\/anoticiaonline.com.br\/site\/categoria\/colunistas\/editorial\/#listItem","name":"Editorial"}}]},{"@type":"Organization","@id":"https:\/\/anoticiaonline.com.br\/site\/#organization","name":"A Not\u00edcia Online","description":"Noticias de Muria\u00e9 e regi\u00e3o","url":"https:\/\/anoticiaonline.com.br\/site\/","logo":{"@type":"ImageObject","url":"https:\/\/scontent-gig4-1.xx.fbcdn.net\/v\/t39.30808-1\/270437624_4564083193639691_6907940295614233970_n.jpg?stp=dst-jpg_s200x200_tt6&_nc_cat=111&ccb=1-7&_nc_sid=f907e8&_nc_ohc=SM1wRlP3lJwQ7kNvwEPuBYA&_nc_oc=AdnqrjDN_BNjSSHWO-GbkIWH6fkGMLw4bqvL_NH6e2wMveX7G-rP2dAqsDSq1mJMOaY&_nc_zt=24&_nc_ht=scontent-gig4-1.xx&_nc_gid=AoBFJeGrT1hVaew_6rchkQ&oh=00_AfX7QmFGhQhG2jAllVgXCiM1ZrWgvtp80-Bfppyexh1QEg&oe=689E923C","@id":"https:\/\/anoticiaonline.com.br\/site\/editorial-15\/#organizationLogo"},"image":{"@id":"https:\/\/anoticiaonline.com.br\/site\/editorial-15\/#organizationLogo"}},{"@type":"Person","@id":"https:\/\/anoticiaonline.com.br\/site\/author\/juliana\/#author","url":"https:\/\/anoticiaonline.com.br\/site\/author\/juliana\/","name":"Juliana Laviola","image":{"@type":"ImageObject","@id":"https:\/\/anoticiaonline.com.br\/site\/editorial-15\/#authorImage","url":"https:\/\/secure.gravatar.com\/avatar\/b8d45f5c699b100dfaf0e543582f38f38bf94cb7ae3a5e9abf8d891a34773335?s=96&d=mm&r=g","width":96,"height":96,"caption":"Juliana Laviola"}},{"@type":"WebPage","@id":"https:\/\/anoticiaonline.com.br\/site\/editorial-15\/#webpage","url":"https:\/\/anoticiaonline.com.br\/site\/editorial-15\/","name":"Editorial - A Not\u00edcia Online","description":"Comemora-se no Brasil, neste dia 20 de novembro, o Dia da Consci\u00eancia Negra. Foi nesse dia, no ano de 1695, que morreu Zumbi dos Palmares, uma das lideran\u00e7as mais positivas que j\u00e1 aconteceram no pa\u00eds durante a Era da escravid\u00e3o. A for\u00e7a da sua lideran\u00e7a ficou marcada como s\u00edmbolo da resist\u00eancia contra a escravid\u00e3o cuja","inLanguage":"pt-BR","isPartOf":{"@id":"https:\/\/anoticiaonline.com.br\/site\/#website"},"breadcrumb":{"@id":"https:\/\/anoticiaonline.com.br\/site\/editorial-15\/#breadcrumblist"},"author":{"@id":"https:\/\/anoticiaonline.com.br\/site\/author\/juliana\/#author"},"creator":{"@id":"https:\/\/anoticiaonline.com.br\/site\/author\/juliana\/#author"},"datePublished":"2015-11-19T13:35:18-03:00","dateModified":"2015-11-19T13:35:18-03:00"},{"@type":"WebSite","@id":"https:\/\/anoticiaonline.com.br\/site\/#website","url":"https:\/\/anoticiaonline.com.br\/site\/","name":"A Not\u00edcia Online","description":"Noticias de Muria\u00e9 e regi\u00e3o","inLanguage":"pt-BR","publisher":{"@id":"https:\/\/anoticiaonline.com.br\/site\/#organization"}}]},"og:locale":"pt_BR","og:site_name":"A Not\u00edcia Online - Noticias de Muria\u00e9 e regi\u00e3o","og:type":"article","og:title":"Editorial - A Not\u00edcia Online","og:description":"Comemora-se no Brasil, neste dia 20 de novembro, o Dia da Consci\u00eancia Negra. Foi nesse dia, no ano de 1695, que morreu Zumbi dos Palmares, uma das lideran\u00e7as mais positivas que j\u00e1 aconteceram no pa\u00eds durante a Era da escravid\u00e3o. A for\u00e7a da sua lideran\u00e7a ficou marcada como s\u00edmbolo da resist\u00eancia contra a escravid\u00e3o cuja","og:url":"https:\/\/anoticiaonline.com.br\/site\/editorial-15\/","og:image":"https:\/\/scontent-gig4-1.xx.fbcdn.net\/v\/t39.30808-1\/270437624_4564083193639691_6907940295614233970_n.jpg?stp=dst-jpg_s200x200_tt6&#038;_nc_cat=111&#038;ccb=1-7&#038;_nc_sid=f907e8&#038;_nc_ohc=SM1wRlP3lJwQ7kNvwEPuBYA&#038;_nc_oc=AdnqrjDN_BNjSSHWO-GbkIWH6fkGMLw4bqvL_NH6e2wMveX7G-rP2dAqsDSq1mJMOaY&#038;_nc_zt=24&#038;_nc_ht=scontent-gig4-1.xx&#038;_nc_gid=AoBFJeGrT1hVaew_6rchkQ&#038;oh=00_AfX7QmFGhQhG2jAllVgXCiM1ZrWgvtp80-Bfppyexh1QEg&#038;oe=689E923C","og:image:secure_url":"https:\/\/scontent-gig4-1.xx.fbcdn.net\/v\/t39.30808-1\/270437624_4564083193639691_6907940295614233970_n.jpg?stp=dst-jpg_s200x200_tt6&#038;_nc_cat=111&#038;ccb=1-7&#038;_nc_sid=f907e8&#038;_nc_ohc=SM1wRlP3lJwQ7kNvwEPuBYA&#038;_nc_oc=AdnqrjDN_BNjSSHWO-GbkIWH6fkGMLw4bqvL_NH6e2wMveX7G-rP2dAqsDSq1mJMOaY&#038;_nc_zt=24&#038;_nc_ht=scontent-gig4-1.xx&#038;_nc_gid=AoBFJeGrT1hVaew_6rchkQ&#038;oh=00_AfX7QmFGhQhG2jAllVgXCiM1ZrWgvtp80-Bfppyexh1QEg&#038;oe=689E923C","article:published_time":"2015-11-19T16:35:18+00:00","article:modified_time":"2015-11-19T16:35:18+00:00","twitter:card":"summary_large_image","twitter:title":"Editorial - A Not\u00edcia Online","twitter:description":"Comemora-se no Brasil, neste dia 20 de novembro, o Dia da Consci\u00eancia Negra. Foi nesse dia, no ano de 1695, que morreu Zumbi dos Palmares, uma das lideran\u00e7as mais positivas que j\u00e1 aconteceram no pa\u00eds durante a Era da escravid\u00e3o. A for\u00e7a da sua lideran\u00e7a ficou marcada como s\u00edmbolo da resist\u00eancia contra a escravid\u00e3o cuja","twitter:image":"https:\/\/scontent-gig4-1.xx.fbcdn.net\/v\/t39.30808-1\/270437624_4564083193639691_6907940295614233970_n.jpg?stp=dst-jpg_s200x200_tt6&_nc_cat=111&ccb=1-7&_nc_sid=f907e8&_nc_ohc=SM1wRlP3lJwQ7kNvwEPuBYA&_nc_oc=AdnqrjDN_BNjSSHWO-GbkIWH6fkGMLw4bqvL_NH6e2wMveX7G-rP2dAqsDSq1mJMOaY&_nc_zt=24&_nc_ht=scontent-gig4-1.xx&_nc_gid=AoBFJeGrT1hVaew_6rchkQ&oh=00_AfX7QmFGhQhG2jAllVgXCiM1ZrWgvtp80-Bfppyexh1QEg&oe=689E923C"},"aioseo_meta_data":{"post_id":"6537","title":null,"description":null,"keywords":null,"keyphrases":null,"primary_term":null,"canonical_url":null,"og_title":null,"og_description":null,"og_object_type":"default","og_image_type":"default","og_image_url":null,"og_image_width":null,"og_image_height":null,"og_image_custom_url":null,"og_image_custom_fields":null,"og_video":null,"og_custom_url":null,"og_article_section":null,"og_article_tags":null,"twitter_use_og":false,"twitter_card":"default","twitter_image_type":"default","twitter_image_url":null,"twitter_image_custom_url":null,"twitter_image_custom_fields":null,"twitter_title":null,"twitter_description":null,"schema":{"blockGraphs":[],"customGraphs":[],"default":{"data":{"Article":[],"Course":[],"Dataset":[],"FAQPage":[],"Movie":[],"Person":[],"Product":[],"ProductReview":[],"Car":[],"Recipe":[],"Service":[],"SoftwareApplication":[],"WebPage":[]},"graphName":"","isEnabled":true},"graphs":[]},"schema_type":"default","schema_type_options":null,"pillar_content":false,"robots_default":true,"robots_noindex":false,"robots_noarchive":false,"robots_nosnippet":false,"robots_nofollow":false,"robots_noimageindex":false,"robots_noodp":false,"robots_notranslate":false,"robots_max_snippet":null,"robots_max_videopreview":null,"robots_max_imagepreview":"large","priority":null,"frequency":null,"local_seo":null,"breadcrumb_settings":null,"limit_modified_date":false,"ai":null,"created":"2025-08-16 14:03:37","updated":"2025-08-16 14:03:37","focus_keyword":null,"additional_keywords":null,"truseo_locale":null,"seo_analyzer_scan_date":null},"aioseo_breadcrumb":"<div class=\"aioseo-breadcrumbs\"><span class=\"aioseo-breadcrumb\">\n\t\t\t<a href=\"https:\/\/anoticiaonline.com.br\/site\" title=\"Home\">Home<\/a>\n\t\t<\/span><span class=\"aioseo-breadcrumb-separator\">&raquo;<\/span><span class=\"aioseo-breadcrumb\">\n\t\t\t<a href=\"https:\/\/anoticiaonline.com.br\/site\/categoria\/colunistas\/\" title=\"Colunistas\">Colunistas<\/a>\n\t\t<\/span><span class=\"aioseo-breadcrumb-separator\">&raquo;<\/span><span class=\"aioseo-breadcrumb\">\n\t\t\t<a href=\"https:\/\/anoticiaonline.com.br\/site\/categoria\/colunistas\/editorial\/\" title=\"Editorial\">Editorial<\/a>\n\t\t<\/span><span class=\"aioseo-breadcrumb-separator\">&raquo;<\/span><span class=\"aioseo-breadcrumb\">\n\t\t\tEditorial\n\t\t<\/span><\/div>","aioseo_breadcrumb_json":[{"label":"Home","link":"https:\/\/anoticiaonline.com.br\/site"},{"label":"Colunistas","link":"https:\/\/anoticiaonline.com.br\/site\/categoria\/colunistas\/"},{"label":"Editorial","link":"https:\/\/anoticiaonline.com.br\/site\/categoria\/colunistas\/editorial\/"},{"label":"Editorial","link":"https:\/\/anoticiaonline.com.br\/site\/editorial-15\/"}],"views":130,"_links":{"self":[{"href":"https:\/\/anoticiaonline.com.br\/site\/wp-json\/wp\/v2\/posts\/6537","targetHints":{"allow":["GET"]}}],"collection":[{"href":"https:\/\/anoticiaonline.com.br\/site\/wp-json\/wp\/v2\/posts"}],"about":[{"href":"https:\/\/anoticiaonline.com.br\/site\/wp-json\/wp\/v2\/types\/post"}],"author":[{"embeddable":true,"href":"https:\/\/anoticiaonline.com.br\/site\/wp-json\/wp\/v2\/users\/2"}],"replies":[{"embeddable":true,"href":"https:\/\/anoticiaonline.com.br\/site\/wp-json\/wp\/v2\/comments?post=6537"}],"version-history":[{"count":0,"href":"https:\/\/anoticiaonline.com.br\/site\/wp-json\/wp\/v2\/posts\/6537\/revisions"}],"wp:attachment":[{"href":"https:\/\/anoticiaonline.com.br\/site\/wp-json\/wp\/v2\/media?parent=6537"}],"wp:term":[{"taxonomy":"category","embeddable":true,"href":"https:\/\/anoticiaonline.com.br\/site\/wp-json\/wp\/v2\/categories?post=6537"},{"taxonomy":"post_tag","embeddable":true,"href":"https:\/\/anoticiaonline.com.br\/site\/wp-json\/wp\/v2\/tags?post=6537"}],"curies":[{"name":"wp","href":"https:\/\/api.w.org\/{rel}","templated":true}]}}