{"id":65295,"date":"2018-11-29T13:28:03","date_gmt":"2018-11-29T16:28:03","guid":{"rendered":"http:\/\/anoticiaonline.com.br\/site\/?p=65295"},"modified":"2018-11-29T13:28:03","modified_gmt":"2018-11-29T16:28:03","slug":"academia-performance-promove-5a-corrida-e-caminhada-natal-solidario","status":"publish","type":"post","link":"https:\/\/anoticiaonline.com.br\/site\/academia-performance-promove-5a-corrida-e-caminhada-natal-solidario\/","title":{"rendered":"Academia Performance promove 5\u00aa Corrida e Caminhada Natal Solid\u00e1rio"},"content":{"rendered":"<p><a href=\"https:\/\/anoticiaonline.com.br\/site\/wp-content\/uploads\/2018\/11\/DSC_0025.jpg\"><img fetchpriority=\"high\" decoding=\"async\" class=\"aligncenter size-full wp-image-65296\" src=\"https:\/\/anoticiaonline.com.br\/site\/wp-content\/uploads\/2018\/11\/DSC_0025.jpg\" alt=\"\" width=\"1000\" height=\"668\" srcset=\"https:\/\/anoticiaonline.com.br\/site\/wp-content\/uploads\/2018\/11\/DSC_0025.jpg 1000w, https:\/\/anoticiaonline.com.br\/site\/wp-content\/uploads\/2018\/11\/DSC_0025-300x200.jpg 300w, https:\/\/anoticiaonline.com.br\/site\/wp-content\/uploads\/2018\/11\/DSC_0025-768x513.jpg 768w\" sizes=\"(max-width: 1000px) 100vw, 1000px\" \/><\/a> <a href=\"https:\/\/anoticiaonline.com.br\/site\/wp-content\/uploads\/2018\/11\/DSC_0738.jpg\"><img decoding=\"async\" class=\"aligncenter size-full wp-image-65297\" src=\"https:\/\/anoticiaonline.com.br\/site\/wp-content\/uploads\/2018\/11\/DSC_0738.jpg\" alt=\"\" width=\"1000\" height=\"668\" srcset=\"https:\/\/anoticiaonline.com.br\/site\/wp-content\/uploads\/2018\/11\/DSC_0738.jpg 1000w, https:\/\/anoticiaonline.com.br\/site\/wp-content\/uploads\/2018\/11\/DSC_0738-300x200.jpg 300w, https:\/\/anoticiaonline.com.br\/site\/wp-content\/uploads\/2018\/11\/DSC_0738-768x513.jpg 768w\" sizes=\"(max-width: 1000px) 100vw, 1000px\" \/><\/a> <a href=\"https:\/\/anoticiaonline.com.br\/site\/wp-content\/uploads\/2018\/11\/IMG_6018.jpg\"><img decoding=\"async\" class=\"aligncenter size-full wp-image-65298\" src=\"https:\/\/anoticiaonline.com.br\/site\/wp-content\/uploads\/2018\/11\/IMG_6018.jpg\" alt=\"\" width=\"562\" height=\"750\" srcset=\"https:\/\/anoticiaonline.com.br\/site\/wp-content\/uploads\/2018\/11\/IMG_6018.jpg 562w, https:\/\/anoticiaonline.com.br\/site\/wp-content\/uploads\/2018\/11\/IMG_6018-225x300.jpg 225w\" sizes=\"(max-width: 562px) 100vw, 562px\" \/><\/a>Corredores de Muria\u00e9 e regi\u00e3o participaram da 5\u00aa Corrida e Caminhada Natal Solid\u00e1rio da Academia Performance, evento promovido em parceria com a Prefeitura Municipal, que aconteceu no \u00faltimo domingo (25). O valor arrecadado das inscri\u00e7\u00f5es ser\u00e1 doado para a Pastoral da Crian\u00e7a da Par\u00f3quia Nossa Senhora da Imaculada Concei\u00e7\u00e3o, localizada na Barra.<\/p>\n<p>Com percurso de 5km pelas principais ruas da Barra e Centro, a cronometragem foi feita por chip, dando mais precis\u00e3o aos resultados. Assim como no ano passado, a 5\u00aa edi\u00e7\u00e3o contou tamb\u00e9m com a categoria infantil, com crian\u00e7as de 6 a 15 anos e inscri\u00e7\u00e3o gratuita.<\/p>\n<p><!--more--><\/p>\n<p>Ao final, houve premia\u00e7\u00e3o em dinheiro e trof\u00e9u para os tr\u00eas primeiros colocados no geral e para os atletas da cidade, nas categorias masculino e feminino.<\/p>\n<p>Simone Martins Gomes Muniz, propriet\u00e1ria da Academia Performance, aproveitou a oportunidade para agradecer todos os corredores de Muria\u00e9 e de cidades vizinhas. \u201cCom a realiza\u00e7\u00e3o da 5\u00ba edi\u00e7\u00e3o da corrida, n\u00f3s superamos, mais uma vez, as nossas expectativas. Primeiramente, gostaria de agradecer a Deus, toda equipe da Academia Performance e aos participantes, que vieram de diversas cidades como Pedra Dourada, Manhua\u00e7u, Carangola, Cataguases, Santo Ant\u00f4nio de P\u00e1dua Natividade, Abre-Campo, Vi\u00e7osa e Bom Jesus do Itabapoana\u201d.<\/p>\n<p>Lucimar de Souza Amora Freire, coordenadora da Pastoral da Crian\u00e7a da Par\u00f3quia Nossa Senhora da Imaculada Concei\u00e7\u00e3o, disse que a organiza\u00e7\u00e3o religiosa atende diversos bairros da cidade. \u201cAtendemos as comunidades do Aeroporto, Santa Luzia, S\u00e3o Jos\u00e9, Gaspar, Uni\u00e3o e Barra. Trabalhamos em prol da vida come\u00e7ando pela sa\u00fade da gestante, acompanhando a crian\u00e7a at\u00e9 os sete anos de idade. A Pastoral da Crian\u00e7a est\u00e1 de portas abertas para qualquer volunt\u00e1rio que queira ajudar, todos s\u00e3o muito bem-vindos\u201d, diz.<\/p>\n<p>&nbsp;<\/p>\n<p><strong>Resultado da 5\u00aa Corrida e Caminhada Natal Solid\u00e1rio:<\/strong><\/p>\n<p><strong>Categoria Geral Masculino:<\/strong><\/p>\n<p>1\u00ba lugar: Ant\u00f4nio Carlos Oliveira Alves 00:15:29<\/p>\n<p>2\u00ba lugar: Sidinei Fernandes Rosa 00:16:04<\/p>\n<p>3\u00ba lugar: Jos\u00e9 Geraldo Valad\u00e3o 00:16:09<\/p>\n<p>&nbsp;<\/p>\n<p><strong>Categoria Geral Feminino: <\/strong><\/p>\n<p>1\u00ba lugar: M\u00e1rcia Alves Martins da Silva 00:20:20<\/p>\n<p>2\u00ba lugar: Silvane Aparecida da Silva Fonseca 00:20:31<\/p>\n<p>3\u00ba lugar: Nat\u00e1lia Cust\u00f3dia Miguel Mendes 00:21:17<\/p>\n<p>&nbsp;<\/p>\n<div id='gallery-1' class='gallery galleryid-65295 gallery-columns-1 gallery-size-large'><figure class='gallery-item'>\n\t\t\t<div class='gallery-icon landscape'>\n\t\t\t\t<a href='https:\/\/anoticiaonline.com.br\/site\/academia-performance-promove-5a-corrida-e-caminhada-natal-solidario\/dsc_0014-8\/#main'><img loading=\"lazy\" decoding=\"async\" width=\"900\" height=\"601\" src=\"https:\/\/anoticiaonline.com.br\/site\/wp-content\/uploads\/2018\/11\/DSC_0014.jpg\" class=\"attachment-large size-large\" alt=\"\" srcset=\"https:\/\/anoticiaonline.com.br\/site\/wp-content\/uploads\/2018\/11\/DSC_0014.jpg 1000w, https:\/\/anoticiaonline.com.br\/site\/wp-content\/uploads\/2018\/11\/DSC_0014-300x200.jpg 300w, https:\/\/anoticiaonline.com.br\/site\/wp-content\/uploads\/2018\/11\/DSC_0014-768x513.jpg 768w\" sizes=\"(max-width: 900px) 100vw, 900px\" \/><\/a>\n\t\t\t<\/div><\/figure><figure class='gallery-item'>\n\t\t\t<div class='gallery-icon landscape'>\n\t\t\t\t<a href='https:\/\/anoticiaonline.com.br\/site\/academia-performance-promove-5a-corrida-e-caminhada-natal-solidario\/dsc_0031-5\/#main'><img loading=\"lazy\" decoding=\"async\" width=\"900\" height=\"601\" src=\"https:\/\/anoticiaonline.com.br\/site\/wp-content\/uploads\/2018\/11\/DSC_0031.jpg\" class=\"attachment-large size-large\" alt=\"\" srcset=\"https:\/\/anoticiaonline.com.br\/site\/wp-content\/uploads\/2018\/11\/DSC_0031.jpg 1000w, https:\/\/anoticiaonline.com.br\/site\/wp-content\/uploads\/2018\/11\/DSC_0031-300x200.jpg 300w, https:\/\/anoticiaonline.com.br\/site\/wp-content\/uploads\/2018\/11\/DSC_0031-768x513.jpg 768w\" sizes=\"(max-width: 900px) 100vw, 900px\" \/><\/a>\n\t\t\t<\/div><\/figure><figure class='gallery-item'>\n\t\t\t<div class='gallery-icon landscape'>\n\t\t\t\t<a href='https:\/\/anoticiaonline.com.br\/site\/academia-performance-promove-5a-corrida-e-caminhada-natal-solidario\/dsc_0041-5\/#main'><img loading=\"lazy\" decoding=\"async\" width=\"900\" height=\"601\" src=\"https:\/\/anoticiaonline.com.br\/site\/wp-content\/uploads\/2018\/11\/DSC_0041.jpg\" class=\"attachment-large size-large\" alt=\"\" srcset=\"https:\/\/anoticiaonline.com.br\/site\/wp-content\/uploads\/2018\/11\/DSC_0041.jpg 1000w, https:\/\/anoticiaonline.com.br\/site\/wp-content\/uploads\/2018\/11\/DSC_0041-300x200.jpg 300w, https:\/\/anoticiaonline.com.br\/site\/wp-content\/uploads\/2018\/11\/DSC_0041-768x513.jpg 768w\" sizes=\"(max-width: 900px) 100vw, 900px\" \/><\/a>\n\t\t\t<\/div><\/figure><figure class='gallery-item'>\n\t\t\t<div class='gallery-icon landscape'>\n\t\t\t\t<a href='https:\/\/anoticiaonline.com.br\/site\/academia-performance-promove-5a-corrida-e-caminhada-natal-solidario\/dsc_0046-4\/#main'><img loading=\"lazy\" decoding=\"async\" width=\"900\" height=\"601\" src=\"https:\/\/anoticiaonline.com.br\/site\/wp-content\/uploads\/2018\/11\/DSC_0046.jpg\" class=\"attachment-large size-large\" alt=\"\" srcset=\"https:\/\/anoticiaonline.com.br\/site\/wp-content\/uploads\/2018\/11\/DSC_0046.jpg 1000w, https:\/\/anoticiaonline.com.br\/site\/wp-content\/uploads\/2018\/11\/DSC_0046-300x200.jpg 300w, https:\/\/anoticiaonline.com.br\/site\/wp-content\/uploads\/2018\/11\/DSC_0046-768x513.jpg 768w\" sizes=\"(max-width: 900px) 100vw, 900px\" \/><\/a>\n\t\t\t<\/div><\/figure><figure class='gallery-item'>\n\t\t\t<div class='gallery-icon landscape'>\n\t\t\t\t<a href='https:\/\/anoticiaonline.com.br\/site\/academia-performance-promove-5a-corrida-e-caminhada-natal-solidario\/dsc_0067-7\/#main'><img loading=\"lazy\" decoding=\"async\" width=\"900\" height=\"601\" src=\"https:\/\/anoticiaonline.com.br\/site\/wp-content\/uploads\/2018\/11\/DSC_0067-2.jpg\" class=\"attachment-large size-large\" alt=\"\" srcset=\"https:\/\/anoticiaonline.com.br\/site\/wp-content\/uploads\/2018\/11\/DSC_0067-2.jpg 1000w, https:\/\/anoticiaonline.com.br\/site\/wp-content\/uploads\/2018\/11\/DSC_0067-2-300x200.jpg 300w, https:\/\/anoticiaonline.com.br\/site\/wp-content\/uploads\/2018\/11\/DSC_0067-2-768x513.jpg 768w\" sizes=\"(max-width: 900px) 100vw, 900px\" \/><\/a>\n\t\t\t<\/div><\/figure><figure class='gallery-item'>\n\t\t\t<div class='gallery-icon landscape'>\n\t\t\t\t<a href='https:\/\/anoticiaonline.com.br\/site\/academia-performance-promove-5a-corrida-e-caminhada-natal-solidario\/dsc_0079-5\/#main'><img loading=\"lazy\" decoding=\"async\" width=\"900\" height=\"601\" src=\"https:\/\/anoticiaonline.com.br\/site\/wp-content\/uploads\/2018\/11\/DSC_0079-1.jpg\" class=\"attachment-large size-large\" alt=\"\" srcset=\"https:\/\/anoticiaonline.com.br\/site\/wp-content\/uploads\/2018\/11\/DSC_0079-1.jpg 1000w, https:\/\/anoticiaonline.com.br\/site\/wp-content\/uploads\/2018\/11\/DSC_0079-1-300x200.jpg 300w, https:\/\/anoticiaonline.com.br\/site\/wp-content\/uploads\/2018\/11\/DSC_0079-1-768x513.jpg 768w\" sizes=\"(max-width: 900px) 100vw, 900px\" \/><\/a>\n\t\t\t<\/div><\/figure><figure class='gallery-item'>\n\t\t\t<div class='gallery-icon landscape'>\n\t\t\t\t<a href='https:\/\/anoticiaonline.com.br\/site\/academia-performance-promove-5a-corrida-e-caminhada-natal-solidario\/dsc_0100-7\/#main'><img loading=\"lazy\" decoding=\"async\" width=\"900\" height=\"601\" src=\"https:\/\/anoticiaonline.com.br\/site\/wp-content\/uploads\/2018\/11\/DSC_0100.jpg\" class=\"attachment-large size-large\" alt=\"\" srcset=\"https:\/\/anoticiaonline.com.br\/site\/wp-content\/uploads\/2018\/11\/DSC_0100.jpg 1000w, https:\/\/anoticiaonline.com.br\/site\/wp-content\/uploads\/2018\/11\/DSC_0100-300x200.jpg 300w, https:\/\/anoticiaonline.com.br\/site\/wp-content\/uploads\/2018\/11\/DSC_0100-768x513.jpg 768w\" sizes=\"(max-width: 900px) 100vw, 900px\" \/><\/a>\n\t\t\t<\/div><\/figure><figure class='gallery-item'>\n\t\t\t<div class='gallery-icon landscape'>\n\t\t\t\t<a href='https:\/\/anoticiaonline.com.br\/site\/academia-performance-promove-5a-corrida-e-caminhada-natal-solidario\/dsc_0765-3\/#main'><img loading=\"lazy\" decoding=\"async\" width=\"900\" height=\"601\" src=\"https:\/\/anoticiaonline.com.br\/site\/wp-content\/uploads\/2018\/11\/DSC_0765.jpg\" class=\"attachment-large size-large\" alt=\"\" srcset=\"https:\/\/anoticiaonline.com.br\/site\/wp-content\/uploads\/2018\/11\/DSC_0765.jpg 1000w, https:\/\/anoticiaonline.com.br\/site\/wp-content\/uploads\/2018\/11\/DSC_0765-300x200.jpg 300w, https:\/\/anoticiaonline.com.br\/site\/wp-content\/uploads\/2018\/11\/DSC_0765-768x513.jpg 768w\" sizes=\"(max-width: 900px) 100vw, 900px\" \/><\/a>\n\t\t\t<\/div><\/figure><figure class='gallery-item'>\n\t\t\t<div class='gallery-icon landscape'>\n\t\t\t\t<a href='https:\/\/anoticiaonline.com.br\/site\/academia-performance-promove-5a-corrida-e-caminhada-natal-solidario\/dsc_0777-6\/#main'><img loading=\"lazy\" decoding=\"async\" width=\"900\" height=\"601\" src=\"https:\/\/anoticiaonline.com.br\/site\/wp-content\/uploads\/2018\/11\/DSC_0777.jpg\" class=\"attachment-large size-large\" alt=\"\" srcset=\"https:\/\/anoticiaonline.com.br\/site\/wp-content\/uploads\/2018\/11\/DSC_0777.jpg 1000w, https:\/\/anoticiaonline.com.br\/site\/wp-content\/uploads\/2018\/11\/DSC_0777-300x200.jpg 300w, https:\/\/anoticiaonline.com.br\/site\/wp-content\/uploads\/2018\/11\/DSC_0777-768x513.jpg 768w\" sizes=\"(max-width: 900px) 100vw, 900px\" \/><\/a>\n\t\t\t<\/div><\/figure><figure class='gallery-item'>\n\t\t\t<div class='gallery-icon landscape'>\n\t\t\t\t<a href='https:\/\/anoticiaonline.com.br\/site\/academia-performance-promove-5a-corrida-e-caminhada-natal-solidario\/dsc_0836-6\/#main'><img loading=\"lazy\" decoding=\"async\" width=\"900\" height=\"601\" src=\"https:\/\/anoticiaonline.com.br\/site\/wp-content\/uploads\/2018\/11\/DSC_0836.jpg\" class=\"attachment-large size-large\" alt=\"\" srcset=\"https:\/\/anoticiaonline.com.br\/site\/wp-content\/uploads\/2018\/11\/DSC_0836.jpg 1000w, https:\/\/anoticiaonline.com.br\/site\/wp-content\/uploads\/2018\/11\/DSC_0836-300x200.jpg 300w, https:\/\/anoticiaonline.com.br\/site\/wp-content\/uploads\/2018\/11\/DSC_0836-768x513.jpg 768w\" sizes=\"(max-width: 900px) 100vw, 900px\" \/><\/a>\n\t\t\t<\/div><\/figure><figure class='gallery-item'>\n\t\t\t<div class='gallery-icon landscape'>\n\t\t\t\t<a href='https:\/\/anoticiaonline.com.br\/site\/academia-performance-promove-5a-corrida-e-caminhada-natal-solidario\/dsc_0846-7\/#main'><img loading=\"lazy\" decoding=\"async\" width=\"900\" height=\"601\" src=\"https:\/\/anoticiaonline.com.br\/site\/wp-content\/uploads\/2018\/11\/DSC_0846-1.jpg\" class=\"attachment-large size-large\" alt=\"\" srcset=\"https:\/\/anoticiaonline.com.br\/site\/wp-content\/uploads\/2018\/11\/DSC_0846-1.jpg 1000w, https:\/\/anoticiaonline.com.br\/site\/wp-content\/uploads\/2018\/11\/DSC_0846-1-300x200.jpg 300w, https:\/\/anoticiaonline.com.br\/site\/wp-content\/uploads\/2018\/11\/DSC_0846-1-768x513.jpg 768w\" sizes=\"(max-width: 900px) 100vw, 900px\" \/><\/a>\n\t\t\t<\/div><\/figure><figure class='gallery-item'>\n\t\t\t<div class='gallery-icon landscape'>\n\t\t\t\t<a href='https:\/\/anoticiaonline.com.br\/site\/academia-performance-promove-5a-corrida-e-caminhada-natal-solidario\/dsc_0865-4\/#main'><img loading=\"lazy\" decoding=\"async\" width=\"900\" height=\"601\" src=\"https:\/\/anoticiaonline.com.br\/site\/wp-content\/uploads\/2018\/11\/DSC_0865-1.jpg\" class=\"attachment-large size-large\" alt=\"\" srcset=\"https:\/\/anoticiaonline.com.br\/site\/wp-content\/uploads\/2018\/11\/DSC_0865-1.jpg 1000w, https:\/\/anoticiaonline.com.br\/site\/wp-content\/uploads\/2018\/11\/DSC_0865-1-300x200.jpg 300w, https:\/\/anoticiaonline.com.br\/site\/wp-content\/uploads\/2018\/11\/DSC_0865-1-768x513.jpg 768w\" sizes=\"(max-width: 900px) 100vw, 900px\" \/><\/a>\n\t\t\t<\/div><\/figure><figure class='gallery-item'>\n\t\t\t<div class='gallery-icon landscape'>\n\t\t\t\t<a href='https:\/\/anoticiaonline.com.br\/site\/academia-performance-promove-5a-corrida-e-caminhada-natal-solidario\/dsc_0975-8\/#main'><img loading=\"lazy\" decoding=\"async\" width=\"900\" height=\"601\" src=\"https:\/\/anoticiaonline.com.br\/site\/wp-content\/uploads\/2018\/11\/DSC_0975.jpg\" class=\"attachment-large size-large\" alt=\"\" srcset=\"https:\/\/anoticiaonline.com.br\/site\/wp-content\/uploads\/2018\/11\/DSC_0975.jpg 1000w, https:\/\/anoticiaonline.com.br\/site\/wp-content\/uploads\/2018\/11\/DSC_0975-300x200.jpg 300w, https:\/\/anoticiaonline.com.br\/site\/wp-content\/uploads\/2018\/11\/DSC_0975-768x513.jpg 768w\" sizes=\"(max-width: 900px) 100vw, 900px\" \/><\/a>\n\t\t\t<\/div><\/figure><figure class='gallery-item'>\n\t\t\t<div class='gallery-icon landscape'>\n\t\t\t\t<a href='https:\/\/anoticiaonline.com.br\/site\/academia-performance-promove-5a-corrida-e-caminhada-natal-solidario\/dsc_0990-5\/#main'><img loading=\"lazy\" decoding=\"async\" width=\"900\" height=\"601\" src=\"https:\/\/anoticiaonline.com.br\/site\/wp-content\/uploads\/2018\/11\/DSC_0990-1.jpg\" class=\"attachment-large size-large\" alt=\"\" srcset=\"https:\/\/anoticiaonline.com.br\/site\/wp-content\/uploads\/2018\/11\/DSC_0990-1.jpg 1000w, https:\/\/anoticiaonline.com.br\/site\/wp-content\/uploads\/2018\/11\/DSC_0990-1-300x200.jpg 300w, https:\/\/anoticiaonline.com.br\/site\/wp-content\/uploads\/2018\/11\/DSC_0990-1-768x513.jpg 768w\" sizes=\"(max-width: 900px) 100vw, 900px\" \/><\/a>\n\t\t\t<\/div><\/figure><figure class='gallery-item'>\n\t\t\t<div class='gallery-icon landscape'>\n\t\t\t\t<a href='https:\/\/anoticiaonline.com.br\/site\/academia-performance-promove-5a-corrida-e-caminhada-natal-solidario\/dsc_0992-3\/#main'><img loading=\"lazy\" decoding=\"async\" width=\"900\" height=\"600\" src=\"https:\/\/anoticiaonline.com.br\/site\/wp-content\/uploads\/2018\/11\/DSC_0992.jpg\" class=\"attachment-large size-large\" alt=\"\" srcset=\"https:\/\/anoticiaonline.com.br\/site\/wp-content\/uploads\/2018\/11\/DSC_0992.jpg 1000w, https:\/\/anoticiaonline.com.br\/site\/wp-content\/uploads\/2018\/11\/DSC_0992-300x200.jpg 300w, https:\/\/anoticiaonline.com.br\/site\/wp-content\/uploads\/2018\/11\/DSC_0992-768x512.jpg 768w\" sizes=\"(max-width: 900px) 100vw, 900px\" \/><\/a>\n\t\t\t<\/div><\/figure><figure class='gallery-item'>\n\t\t\t<div class='gallery-icon portrait'>\n\t\t\t\t<a href='https:\/\/anoticiaonline.com.br\/site\/academia-performance-promove-5a-corrida-e-caminhada-natal-solidario\/dsc_0999-5\/#main'><img loading=\"lazy\" decoding=\"async\" width=\"501\" height=\"750\" src=\"https:\/\/anoticiaonline.com.br\/site\/wp-content\/uploads\/2018\/11\/DSC_0999.jpg\" class=\"attachment-large size-large\" alt=\"\" srcset=\"https:\/\/anoticiaonline.com.br\/site\/wp-content\/uploads\/2018\/11\/DSC_0999.jpg 501w, https:\/\/anoticiaonline.com.br\/site\/wp-content\/uploads\/2018\/11\/DSC_0999-200x300.jpg 200w\" sizes=\"(max-width: 501px) 100vw, 501px\" \/><\/a>\n\t\t\t<\/div><\/figure><figure class='gallery-item'>\n\t\t\t<div class='gallery-icon landscape'>\n\t\t\t\t<a href='https:\/\/anoticiaonline.com.br\/site\/academia-performance-promove-5a-corrida-e-caminhada-natal-solidario\/img_6024\/#main'><img loading=\"lazy\" decoding=\"async\" width=\"900\" height=\"674\" src=\"https:\/\/anoticiaonline.com.br\/site\/wp-content\/uploads\/2018\/11\/IMG_6024.jpg\" class=\"attachment-large size-large\" alt=\"\" srcset=\"https:\/\/anoticiaonline.com.br\/site\/wp-content\/uploads\/2018\/11\/IMG_6024.jpg 1000w, https:\/\/anoticiaonline.com.br\/site\/wp-content\/uploads\/2018\/11\/IMG_6024-300x225.jpg 300w, https:\/\/anoticiaonline.com.br\/site\/wp-content\/uploads\/2018\/11\/IMG_6024-768x575.jpg 768w, https:\/\/anoticiaonline.com.br\/site\/wp-content\/uploads\/2018\/11\/IMG_6024-105x80.jpg 105w\" sizes=\"(max-width: 900px) 100vw, 900px\" \/><\/a>\n\t\t\t<\/div><\/figure>\n\t\t<\/div>\n\n","protected":false},"excerpt":{"rendered":"<p>Corredores de Muria\u00e9 e regi\u00e3o participaram da 5\u00aa Corrida e Caminhada Natal Solid\u00e1rio da Academia Performance, evento promovido em parceria com a Prefeitura Municipal, que aconteceu no \u00faltimo domingo (25). O valor arrecadado das inscri\u00e7\u00f5es ser\u00e1 doado para a Pastoral da Crian\u00e7a da Par\u00f3quia Nossa Senhora da Imaculada Concei\u00e7\u00e3o, localizada na Barra. Com percurso de &#8230; <a title=\"Academia Performance promove 5\u00aa Corrida e Caminhada Natal Solid\u00e1rio\" class=\"read-more\" href=\"https:\/\/anoticiaonline.com.br\/site\/academia-performance-promove-5a-corrida-e-caminhada-natal-solidario\/\" aria-label=\"Read more about Academia Performance promove 5\u00aa Corrida e Caminhada Natal Solid\u00e1rio\">Ler mais<\/a><\/p>\n","protected":false},"author":2,"featured_media":65316,"comment_status":"open","ping_status":"open","sticky":false,"template":"","format":"standard","meta":{"_acf_changed":false,"_monsterinsights_skip_tracking":false,"footnotes":""},"categories":[30,2893],"tags":[3484,3490,1661,3487,23,3491,409,142,3492,3488,3485,1668,1667,3486,1311,3489,1664,2303],"class_list":["post-65295","post","type-post","status-publish","format-standard","has-post-thumbnail","hentry","category-muriae","category-cotidiano","tag-5a-corrida-e-caminhada-natal-solidario","tag-abre-campo","tag-academia-performance","tag-bairro-da-barra","tag-barra","tag-bom-jesus-do-itabapoana","tag-carangola","tag-cataguases","tag-coordenadora-da-pastoral-da-crianca","tag-manhuacu","tag-natal-solidario","tag-paroquia-nossa-senhora-da-imaculada-conceicao","tag-pastoral-da-crianca","tag-pastoral-da-crianca-da-paroquia-nossa-senhora-da-imaculada-conceicao","tag-pedra-dourada","tag-santo-antonio-de-padua-natividade","tag-simone-martins-gomes-muniz","tag-vicosa"],"acf":[],"aioseo_notices":[],"aioseo_head":"\n\t\t<!-- All in One SEO 5.0.0.1 - aioseo.com -->\n\t<meta name=\"description\" content=\"Corredores de Muria\u00e9 e regi\u00e3o participaram da 5\u00aa Corrida e Caminhada Natal Solid\u00e1rio da Academia Performance, evento promovido em parceria com a Prefeitura Municipal, que aconteceu no \u00faltimo domingo (25). O valor arrecadado das inscri\u00e7\u00f5es ser\u00e1 doado para a Pastoral da Crian\u00e7a da Par\u00f3quia Nossa Senhora da Imaculada Concei\u00e7\u00e3o, localizada na Barra. Com percurso de\" \/>\n\t<meta name=\"robots\" content=\"max-image-preview:large\" \/>\n\t<meta name=\"author\" content=\"Juliana Laviola\"\/>\n\t<link rel=\"canonical\" href=\"https:\/\/anoticiaonline.com.br\/site\/academia-performance-promove-5a-corrida-e-caminhada-natal-solidario\/\" \/>\n\t<meta name=\"generator\" content=\"All in One SEO (AIOSEO) 5.0.0.1\" \/>\n\t\t<meta property=\"og:locale\" content=\"pt_BR\" \/>\n\t\t<meta property=\"og:site_name\" content=\"A Not\u00edcia Online - Noticias de Muria\u00e9 e regi\u00e3o\" \/>\n\t\t<meta property=\"og:type\" content=\"article\" \/>\n\t\t<meta property=\"og:title\" content=\"Academia Performance promove 5\u00aa Corrida e Caminhada Natal Solid\u00e1rio - A Not\u00edcia Online\" \/>\n\t\t<meta property=\"og:description\" content=\"Corredores de Muria\u00e9 e regi\u00e3o participaram da 5\u00aa Corrida e Caminhada Natal Solid\u00e1rio da Academia Performance, evento promovido em parceria com a Prefeitura Municipal, que aconteceu no \u00faltimo domingo (25). O valor arrecadado das inscri\u00e7\u00f5es ser\u00e1 doado para a Pastoral da Crian\u00e7a da Par\u00f3quia Nossa Senhora da Imaculada Concei\u00e7\u00e3o, localizada na Barra. Com percurso de\" \/>\n\t\t<meta property=\"og:url\" content=\"https:\/\/anoticiaonline.com.br\/site\/academia-performance-promove-5a-corrida-e-caminhada-natal-solidario\/\" \/>\n\t\t<meta property=\"og:image\" content=\"https:\/\/scontent-gig4-1.xx.fbcdn.net\/v\/t39.30808-1\/270437624_4564083193639691_6907940295614233970_n.jpg?stp=dst-jpg_s200x200_tt6&#038;_nc_cat=111&#038;ccb=1-7&#038;_nc_sid=f907e8&#038;_nc_ohc=SM1wRlP3lJwQ7kNvwEPuBYA&#038;_nc_oc=AdnqrjDN_BNjSSHWO-GbkIWH6fkGMLw4bqvL_NH6e2wMveX7G-rP2dAqsDSq1mJMOaY&#038;_nc_zt=24&#038;_nc_ht=scontent-gig4-1.xx&#038;_nc_gid=AoBFJeGrT1hVaew_6rchkQ&#038;oh=00_AfX7QmFGhQhG2jAllVgXCiM1ZrWgvtp80-Bfppyexh1QEg&#038;oe=689E923C\" \/>\n\t\t<meta property=\"og:image:secure_url\" content=\"https:\/\/scontent-gig4-1.xx.fbcdn.net\/v\/t39.30808-1\/270437624_4564083193639691_6907940295614233970_n.jpg?stp=dst-jpg_s200x200_tt6&#038;_nc_cat=111&#038;ccb=1-7&#038;_nc_sid=f907e8&#038;_nc_ohc=SM1wRlP3lJwQ7kNvwEPuBYA&#038;_nc_oc=AdnqrjDN_BNjSSHWO-GbkIWH6fkGMLw4bqvL_NH6e2wMveX7G-rP2dAqsDSq1mJMOaY&#038;_nc_zt=24&#038;_nc_ht=scontent-gig4-1.xx&#038;_nc_gid=AoBFJeGrT1hVaew_6rchkQ&#038;oh=00_AfX7QmFGhQhG2jAllVgXCiM1ZrWgvtp80-Bfppyexh1QEg&#038;oe=689E923C\" \/>\n\t\t<meta property=\"article:published_time\" content=\"2018-11-29T16:28:03+00:00\" \/>\n\t\t<meta property=\"article:modified_time\" content=\"2018-11-29T16:28:03+00:00\" \/>\n\t\t<meta name=\"twitter:card\" content=\"summary_large_image\" \/>\n\t\t<meta name=\"twitter:title\" content=\"Academia Performance promove 5\u00aa Corrida e Caminhada Natal Solid\u00e1rio - A Not\u00edcia Online\" \/>\n\t\t<meta name=\"twitter:description\" content=\"Corredores de Muria\u00e9 e regi\u00e3o participaram da 5\u00aa Corrida e Caminhada Natal Solid\u00e1rio da Academia Performance, evento promovido em parceria com a Prefeitura Municipal, que aconteceu no \u00faltimo domingo (25). O valor arrecadado das inscri\u00e7\u00f5es ser\u00e1 doado para a Pastoral da Crian\u00e7a da Par\u00f3quia Nossa Senhora da Imaculada Concei\u00e7\u00e3o, localizada na Barra. Com percurso de\" \/>\n\t\t<meta name=\"twitter:image\" content=\"https:\/\/scontent-gig4-1.xx.fbcdn.net\/v\/t39.30808-1\/270437624_4564083193639691_6907940295614233970_n.jpg?stp=dst-jpg_s200x200_tt6&amp;_nc_cat=111&amp;ccb=1-7&amp;_nc_sid=f907e8&amp;_nc_ohc=SM1wRlP3lJwQ7kNvwEPuBYA&amp;_nc_oc=AdnqrjDN_BNjSSHWO-GbkIWH6fkGMLw4bqvL_NH6e2wMveX7G-rP2dAqsDSq1mJMOaY&amp;_nc_zt=24&amp;_nc_ht=scontent-gig4-1.xx&amp;_nc_gid=AoBFJeGrT1hVaew_6rchkQ&amp;oh=00_AfX7QmFGhQhG2jAllVgXCiM1ZrWgvtp80-Bfppyexh1QEg&amp;oe=689E923C\" \/>\n\t\t<script type=\"application\/ld+json\" class=\"aioseo-schema\">\n\t\t\t{\"@context\":\"https:\\\/\\\/schema.org\",\"@graph\":[{\"@type\":\"BlogPosting\",\"@id\":\"https:\\\/\\\/anoticiaonline.com.br\\\/site\\\/academia-performance-promove-5a-corrida-e-caminhada-natal-solidario\\\/#blogposting\",\"name\":\"Academia Performance promove 5\\u00aa Corrida e Caminhada Natal Solid\\u00e1rio - A Not\\u00edcia Online\",\"headline\":\"Academia Performance promove 5\\u00aa Corrida e Caminhada Natal Solid\\u00e1rio\",\"author\":{\"@id\":\"https:\\\/\\\/anoticiaonline.com.br\\\/site\\\/author\\\/juliana\\\/#author\"},\"publisher\":{\"@id\":\"https:\\\/\\\/anoticiaonline.com.br\\\/site\\\/#organization\"},\"image\":{\"@type\":\"ImageObject\",\"url\":\"https:\\\/\\\/anoticiaonline.com.br\\\/site\\\/wp-content\\\/uploads\\\/2018\\\/11\\\/capa-10.jpg\",\"width\":1000,\"height\":350},\"datePublished\":\"2018-11-29T13:28:03-03:00\",\"dateModified\":\"2018-11-29T13:28:03-03:00\",\"inLanguage\":\"pt-BR\",\"mainEntityOfPage\":{\"@id\":\"https:\\\/\\\/anoticiaonline.com.br\\\/site\\\/academia-performance-promove-5a-corrida-e-caminhada-natal-solidario\\\/#webpage\"},\"isPartOf\":{\"@id\":\"https:\\\/\\\/anoticiaonline.com.br\\\/site\\\/academia-performance-promove-5a-corrida-e-caminhada-natal-solidario\\\/#webpage\"},\"articleSection\":\"Blog, Cotidiano, 5\\u00aa Corrida e Caminhada Natal Solid\\u00e1rio, Abre-Campo, Academia Performance, bairro da Barra, barra, Bom Jesus do Itabapoana, carangola, cataguases, coordenadora da Pastoral da Crian\\u00e7a, Manhua\\u00e7u, Natal Solid\\u00e1rio, Par\\u00f3quia Nossa Senhora da Imaculada Concei\\u00e7\\u00e3o, Pastoral da Crian\\u00e7a, Pastoral da Crian\\u00e7a da Par\\u00f3quia Nossa Senhora da Imaculada Concei\\u00e7\\u00e3o, Pedra Dourada, Santo Ant\\u00f4nio de P\\u00e1dua Natividade, Simone Martins Gomes Muniz, Vi\\u00e7osa\"},{\"@type\":\"BreadcrumbList\",\"@id\":\"https:\\\/\\\/anoticiaonline.com.br\\\/site\\\/academia-performance-promove-5a-corrida-e-caminhada-natal-solidario\\\/#breadcrumblist\",\"itemListElement\":[{\"@type\":\"ListItem\",\"@id\":\"https:\\\/\\\/anoticiaonline.com.br\\\/site#listItem\",\"position\":1,\"name\":\"Home\",\"item\":\"https:\\\/\\\/anoticiaonline.com.br\\\/site\",\"nextItem\":{\"@type\":\"ListItem\",\"@id\":\"https:\\\/\\\/anoticiaonline.com.br\\\/site\\\/categoria\\\/muriae\\\/#listItem\",\"name\":\"Blog\"}},{\"@type\":\"ListItem\",\"@id\":\"https:\\\/\\\/anoticiaonline.com.br\\\/site\\\/categoria\\\/muriae\\\/#listItem\",\"position\":2,\"name\":\"Blog\",\"item\":\"https:\\\/\\\/anoticiaonline.com.br\\\/site\\\/categoria\\\/muriae\\\/\",\"nextItem\":{\"@type\":\"ListItem\",\"@id\":\"https:\\\/\\\/anoticiaonline.com.br\\\/site\\\/categoria\\\/muriae\\\/cotidiano\\\/#listItem\",\"name\":\"Cotidiano\"},\"previousItem\":{\"@type\":\"ListItem\",\"@id\":\"https:\\\/\\\/anoticiaonline.com.br\\\/site#listItem\",\"name\":\"Home\"}},{\"@type\":\"ListItem\",\"@id\":\"https:\\\/\\\/anoticiaonline.com.br\\\/site\\\/categoria\\\/muriae\\\/cotidiano\\\/#listItem\",\"position\":3,\"name\":\"Cotidiano\",\"item\":\"https:\\\/\\\/anoticiaonline.com.br\\\/site\\\/categoria\\\/muriae\\\/cotidiano\\\/\",\"nextItem\":{\"@type\":\"ListItem\",\"@id\":\"https:\\\/\\\/anoticiaonline.com.br\\\/site\\\/academia-performance-promove-5a-corrida-e-caminhada-natal-solidario\\\/#listItem\",\"name\":\"Academia Performance promove 5\\u00aa Corrida e Caminhada Natal Solid\\u00e1rio\"},\"previousItem\":{\"@type\":\"ListItem\",\"@id\":\"https:\\\/\\\/anoticiaonline.com.br\\\/site\\\/categoria\\\/muriae\\\/#listItem\",\"name\":\"Blog\"}},{\"@type\":\"ListItem\",\"@id\":\"https:\\\/\\\/anoticiaonline.com.br\\\/site\\\/academia-performance-promove-5a-corrida-e-caminhada-natal-solidario\\\/#listItem\",\"position\":4,\"name\":\"Academia Performance promove 5\\u00aa Corrida e Caminhada Natal Solid\\u00e1rio\",\"previousItem\":{\"@type\":\"ListItem\",\"@id\":\"https:\\\/\\\/anoticiaonline.com.br\\\/site\\\/categoria\\\/muriae\\\/cotidiano\\\/#listItem\",\"name\":\"Cotidiano\"}}]},{\"@type\":\"Organization\",\"@id\":\"https:\\\/\\\/anoticiaonline.com.br\\\/site\\\/#organization\",\"name\":\"A Not\\u00edcia Online\",\"description\":\"Noticias de Muria\\u00e9 e regi\\u00e3o\",\"url\":\"https:\\\/\\\/anoticiaonline.com.br\\\/site\\\/\",\"logo\":{\"@type\":\"ImageObject\",\"url\":\"https:\\\/\\\/scontent-gig4-1.xx.fbcdn.net\\\/v\\\/t39.30808-1\\\/270437624_4564083193639691_6907940295614233970_n.jpg?stp=dst-jpg_s200x200_tt6&_nc_cat=111&ccb=1-7&_nc_sid=f907e8&_nc_ohc=SM1wRlP3lJwQ7kNvwEPuBYA&_nc_oc=AdnqrjDN_BNjSSHWO-GbkIWH6fkGMLw4bqvL_NH6e2wMveX7G-rP2dAqsDSq1mJMOaY&_nc_zt=24&_nc_ht=scontent-gig4-1.xx&_nc_gid=AoBFJeGrT1hVaew_6rchkQ&oh=00_AfX7QmFGhQhG2jAllVgXCiM1ZrWgvtp80-Bfppyexh1QEg&oe=689E923C\",\"@id\":\"https:\\\/\\\/anoticiaonline.com.br\\\/site\\\/academia-performance-promove-5a-corrida-e-caminhada-natal-solidario\\\/#organizationLogo\"},\"image\":{\"@id\":\"https:\\\/\\\/anoticiaonline.com.br\\\/site\\\/academia-performance-promove-5a-corrida-e-caminhada-natal-solidario\\\/#organizationLogo\"}},{\"@type\":\"Person\",\"@id\":\"https:\\\/\\\/anoticiaonline.com.br\\\/site\\\/author\\\/juliana\\\/#author\",\"url\":\"https:\\\/\\\/anoticiaonline.com.br\\\/site\\\/author\\\/juliana\\\/\",\"name\":\"Juliana Laviola\",\"image\":{\"@type\":\"ImageObject\",\"@id\":\"https:\\\/\\\/anoticiaonline.com.br\\\/site\\\/academia-performance-promove-5a-corrida-e-caminhada-natal-solidario\\\/#authorImage\",\"url\":\"https:\\\/\\\/secure.gravatar.com\\\/avatar\\\/b8d45f5c699b100dfaf0e543582f38f38bf94cb7ae3a5e9abf8d891a34773335?s=96&d=mm&r=g\",\"width\":96,\"height\":96,\"caption\":\"Juliana Laviola\"}},{\"@type\":\"WebPage\",\"@id\":\"https:\\\/\\\/anoticiaonline.com.br\\\/site\\\/academia-performance-promove-5a-corrida-e-caminhada-natal-solidario\\\/#webpage\",\"url\":\"https:\\\/\\\/anoticiaonline.com.br\\\/site\\\/academia-performance-promove-5a-corrida-e-caminhada-natal-solidario\\\/\",\"name\":\"Academia Performance promove 5\\u00aa Corrida e Caminhada Natal Solid\\u00e1rio - A Not\\u00edcia Online\",\"description\":\"Corredores de Muria\\u00e9 e regi\\u00e3o participaram da 5\\u00aa Corrida e Caminhada Natal Solid\\u00e1rio da Academia Performance, evento promovido em parceria com a Prefeitura Municipal, que aconteceu no \\u00faltimo domingo (25). O valor arrecadado das inscri\\u00e7\\u00f5es ser\\u00e1 doado para a Pastoral da Crian\\u00e7a da Par\\u00f3quia Nossa Senhora da Imaculada Concei\\u00e7\\u00e3o, localizada na Barra. Com percurso de\",\"inLanguage\":\"pt-BR\",\"isPartOf\":{\"@id\":\"https:\\\/\\\/anoticiaonline.com.br\\\/site\\\/#website\"},\"breadcrumb\":{\"@id\":\"https:\\\/\\\/anoticiaonline.com.br\\\/site\\\/academia-performance-promove-5a-corrida-e-caminhada-natal-solidario\\\/#breadcrumblist\"},\"author\":{\"@id\":\"https:\\\/\\\/anoticiaonline.com.br\\\/site\\\/author\\\/juliana\\\/#author\"},\"creator\":{\"@id\":\"https:\\\/\\\/anoticiaonline.com.br\\\/site\\\/author\\\/juliana\\\/#author\"},\"image\":{\"@type\":\"ImageObject\",\"url\":\"https:\\\/\\\/anoticiaonline.com.br\\\/site\\\/wp-content\\\/uploads\\\/2018\\\/11\\\/capa-10.jpg\",\"@id\":\"https:\\\/\\\/anoticiaonline.com.br\\\/site\\\/academia-performance-promove-5a-corrida-e-caminhada-natal-solidario\\\/#mainImage\",\"width\":1000,\"height\":350},\"primaryImageOfPage\":{\"@id\":\"https:\\\/\\\/anoticiaonline.com.br\\\/site\\\/academia-performance-promove-5a-corrida-e-caminhada-natal-solidario\\\/#mainImage\"},\"datePublished\":\"2018-11-29T13:28:03-03:00\",\"dateModified\":\"2018-11-29T13:28:03-03:00\"},{\"@type\":\"WebSite\",\"@id\":\"https:\\\/\\\/anoticiaonline.com.br\\\/site\\\/#website\",\"url\":\"https:\\\/\\\/anoticiaonline.com.br\\\/site\\\/\",\"name\":\"A Not\\u00edcia Online\",\"description\":\"Noticias de Muria\\u00e9 e regi\\u00e3o\",\"inLanguage\":\"pt-BR\",\"publisher\":{\"@id\":\"https:\\\/\\\/anoticiaonline.com.br\\\/site\\\/#organization\"}}]}\n\t\t<\/script>\n\t\t<!-- All in One SEO -->\n\n","aioseo_head_json":{"title":"Academia Performance promove 5\u00aa Corrida e Caminhada Natal Solid\u00e1rio - A Not\u00edcia Online","description":"Corredores de Muria\u00e9 e regi\u00e3o participaram da 5\u00aa Corrida e Caminhada Natal Solid\u00e1rio da Academia Performance, evento promovido em parceria com a Prefeitura Municipal, que aconteceu no \u00faltimo domingo (25). O valor arrecadado das inscri\u00e7\u00f5es ser\u00e1 doado para a Pastoral da Crian\u00e7a da Par\u00f3quia Nossa Senhora da Imaculada Concei\u00e7\u00e3o, localizada na Barra. Com percurso de","canonical_url":"https:\/\/anoticiaonline.com.br\/site\/academia-performance-promove-5a-corrida-e-caminhada-natal-solidario\/","robots":"max-image-preview:large","keywords":"","webmasterTools":{"miscellaneous":""},"schema":{"@context":"https:\/\/schema.org","@graph":[{"@type":"BlogPosting","@id":"https:\/\/anoticiaonline.com.br\/site\/academia-performance-promove-5a-corrida-e-caminhada-natal-solidario\/#blogposting","name":"Academia Performance promove 5\u00aa Corrida e Caminhada Natal Solid\u00e1rio - A Not\u00edcia Online","headline":"Academia Performance promove 5\u00aa Corrida e Caminhada Natal Solid\u00e1rio","author":{"@id":"https:\/\/anoticiaonline.com.br\/site\/author\/juliana\/#author"},"publisher":{"@id":"https:\/\/anoticiaonline.com.br\/site\/#organization"},"image":{"@type":"ImageObject","url":"https:\/\/anoticiaonline.com.br\/site\/wp-content\/uploads\/2018\/11\/capa-10.jpg","width":1000,"height":350},"datePublished":"2018-11-29T13:28:03-03:00","dateModified":"2018-11-29T13:28:03-03:00","inLanguage":"pt-BR","mainEntityOfPage":{"@id":"https:\/\/anoticiaonline.com.br\/site\/academia-performance-promove-5a-corrida-e-caminhada-natal-solidario\/#webpage"},"isPartOf":{"@id":"https:\/\/anoticiaonline.com.br\/site\/academia-performance-promove-5a-corrida-e-caminhada-natal-solidario\/#webpage"},"articleSection":"Blog, Cotidiano, 5\u00aa Corrida e Caminhada Natal Solid\u00e1rio, Abre-Campo, Academia Performance, bairro da Barra, barra, Bom Jesus do Itabapoana, carangola, cataguases, coordenadora da Pastoral da Crian\u00e7a, Manhua\u00e7u, Natal Solid\u00e1rio, Par\u00f3quia Nossa Senhora da Imaculada Concei\u00e7\u00e3o, Pastoral da Crian\u00e7a, Pastoral da Crian\u00e7a da Par\u00f3quia Nossa Senhora da Imaculada Concei\u00e7\u00e3o, Pedra Dourada, Santo Ant\u00f4nio de P\u00e1dua Natividade, Simone Martins Gomes Muniz, Vi\u00e7osa"},{"@type":"BreadcrumbList","@id":"https:\/\/anoticiaonline.com.br\/site\/academia-performance-promove-5a-corrida-e-caminhada-natal-solidario\/#breadcrumblist","itemListElement":[{"@type":"ListItem","@id":"https:\/\/anoticiaonline.com.br\/site#listItem","position":1,"name":"Home","item":"https:\/\/anoticiaonline.com.br\/site","nextItem":{"@type":"ListItem","@id":"https:\/\/anoticiaonline.com.br\/site\/categoria\/muriae\/#listItem","name":"Blog"}},{"@type":"ListItem","@id":"https:\/\/anoticiaonline.com.br\/site\/categoria\/muriae\/#listItem","position":2,"name":"Blog","item":"https:\/\/anoticiaonline.com.br\/site\/categoria\/muriae\/","nextItem":{"@type":"ListItem","@id":"https:\/\/anoticiaonline.com.br\/site\/categoria\/muriae\/cotidiano\/#listItem","name":"Cotidiano"},"previousItem":{"@type":"ListItem","@id":"https:\/\/anoticiaonline.com.br\/site#listItem","name":"Home"}},{"@type":"ListItem","@id":"https:\/\/anoticiaonline.com.br\/site\/categoria\/muriae\/cotidiano\/#listItem","position":3,"name":"Cotidiano","item":"https:\/\/anoticiaonline.com.br\/site\/categoria\/muriae\/cotidiano\/","nextItem":{"@type":"ListItem","@id":"https:\/\/anoticiaonline.com.br\/site\/academia-performance-promove-5a-corrida-e-caminhada-natal-solidario\/#listItem","name":"Academia Performance promove 5\u00aa Corrida e Caminhada Natal Solid\u00e1rio"},"previousItem":{"@type":"ListItem","@id":"https:\/\/anoticiaonline.com.br\/site\/categoria\/muriae\/#listItem","name":"Blog"}},{"@type":"ListItem","@id":"https:\/\/anoticiaonline.com.br\/site\/academia-performance-promove-5a-corrida-e-caminhada-natal-solidario\/#listItem","position":4,"name":"Academia Performance promove 5\u00aa Corrida e Caminhada Natal Solid\u00e1rio","previousItem":{"@type":"ListItem","@id":"https:\/\/anoticiaonline.com.br\/site\/categoria\/muriae\/cotidiano\/#listItem","name":"Cotidiano"}}]},{"@type":"Organization","@id":"https:\/\/anoticiaonline.com.br\/site\/#organization","name":"A Not\u00edcia Online","description":"Noticias de Muria\u00e9 e regi\u00e3o","url":"https:\/\/anoticiaonline.com.br\/site\/","logo":{"@type":"ImageObject","url":"https:\/\/scontent-gig4-1.xx.fbcdn.net\/v\/t39.30808-1\/270437624_4564083193639691_6907940295614233970_n.jpg?stp=dst-jpg_s200x200_tt6&_nc_cat=111&ccb=1-7&_nc_sid=f907e8&_nc_ohc=SM1wRlP3lJwQ7kNvwEPuBYA&_nc_oc=AdnqrjDN_BNjSSHWO-GbkIWH6fkGMLw4bqvL_NH6e2wMveX7G-rP2dAqsDSq1mJMOaY&_nc_zt=24&_nc_ht=scontent-gig4-1.xx&_nc_gid=AoBFJeGrT1hVaew_6rchkQ&oh=00_AfX7QmFGhQhG2jAllVgXCiM1ZrWgvtp80-Bfppyexh1QEg&oe=689E923C","@id":"https:\/\/anoticiaonline.com.br\/site\/academia-performance-promove-5a-corrida-e-caminhada-natal-solidario\/#organizationLogo"},"image":{"@id":"https:\/\/anoticiaonline.com.br\/site\/academia-performance-promove-5a-corrida-e-caminhada-natal-solidario\/#organizationLogo"}},{"@type":"Person","@id":"https:\/\/anoticiaonline.com.br\/site\/author\/juliana\/#author","url":"https:\/\/anoticiaonline.com.br\/site\/author\/juliana\/","name":"Juliana Laviola","image":{"@type":"ImageObject","@id":"https:\/\/anoticiaonline.com.br\/site\/academia-performance-promove-5a-corrida-e-caminhada-natal-solidario\/#authorImage","url":"https:\/\/secure.gravatar.com\/avatar\/b8d45f5c699b100dfaf0e543582f38f38bf94cb7ae3a5e9abf8d891a34773335?s=96&d=mm&r=g","width":96,"height":96,"caption":"Juliana Laviola"}},{"@type":"WebPage","@id":"https:\/\/anoticiaonline.com.br\/site\/academia-performance-promove-5a-corrida-e-caminhada-natal-solidario\/#webpage","url":"https:\/\/anoticiaonline.com.br\/site\/academia-performance-promove-5a-corrida-e-caminhada-natal-solidario\/","name":"Academia Performance promove 5\u00aa Corrida e Caminhada Natal Solid\u00e1rio - A Not\u00edcia Online","description":"Corredores de Muria\u00e9 e regi\u00e3o participaram da 5\u00aa Corrida e Caminhada Natal Solid\u00e1rio da Academia Performance, evento promovido em parceria com a Prefeitura Municipal, que aconteceu no \u00faltimo domingo (25). O valor arrecadado das inscri\u00e7\u00f5es ser\u00e1 doado para a Pastoral da Crian\u00e7a da Par\u00f3quia Nossa Senhora da Imaculada Concei\u00e7\u00e3o, localizada na Barra. Com percurso de","inLanguage":"pt-BR","isPartOf":{"@id":"https:\/\/anoticiaonline.com.br\/site\/#website"},"breadcrumb":{"@id":"https:\/\/anoticiaonline.com.br\/site\/academia-performance-promove-5a-corrida-e-caminhada-natal-solidario\/#breadcrumblist"},"author":{"@id":"https:\/\/anoticiaonline.com.br\/site\/author\/juliana\/#author"},"creator":{"@id":"https:\/\/anoticiaonline.com.br\/site\/author\/juliana\/#author"},"image":{"@type":"ImageObject","url":"https:\/\/anoticiaonline.com.br\/site\/wp-content\/uploads\/2018\/11\/capa-10.jpg","@id":"https:\/\/anoticiaonline.com.br\/site\/academia-performance-promove-5a-corrida-e-caminhada-natal-solidario\/#mainImage","width":1000,"height":350},"primaryImageOfPage":{"@id":"https:\/\/anoticiaonline.com.br\/site\/academia-performance-promove-5a-corrida-e-caminhada-natal-solidario\/#mainImage"},"datePublished":"2018-11-29T13:28:03-03:00","dateModified":"2018-11-29T13:28:03-03:00"},{"@type":"WebSite","@id":"https:\/\/anoticiaonline.com.br\/site\/#website","url":"https:\/\/anoticiaonline.com.br\/site\/","name":"A Not\u00edcia Online","description":"Noticias de Muria\u00e9 e regi\u00e3o","inLanguage":"pt-BR","publisher":{"@id":"https:\/\/anoticiaonline.com.br\/site\/#organization"}}]},"og:locale":"pt_BR","og:site_name":"A Not\u00edcia Online - Noticias de Muria\u00e9 e regi\u00e3o","og:type":"article","og:title":"Academia Performance promove 5\u00aa Corrida e Caminhada Natal Solid\u00e1rio - A Not\u00edcia Online","og:description":"Corredores de Muria\u00e9 e regi\u00e3o participaram da 5\u00aa Corrida e Caminhada Natal Solid\u00e1rio da Academia Performance, evento promovido em parceria com a Prefeitura Municipal, que aconteceu no \u00faltimo domingo (25). O valor arrecadado das inscri\u00e7\u00f5es ser\u00e1 doado para a Pastoral da Crian\u00e7a da Par\u00f3quia Nossa Senhora da Imaculada Concei\u00e7\u00e3o, localizada na Barra. Com percurso de","og:url":"https:\/\/anoticiaonline.com.br\/site\/academia-performance-promove-5a-corrida-e-caminhada-natal-solidario\/","og:image":"https:\/\/scontent-gig4-1.xx.fbcdn.net\/v\/t39.30808-1\/270437624_4564083193639691_6907940295614233970_n.jpg?stp=dst-jpg_s200x200_tt6&#038;_nc_cat=111&#038;ccb=1-7&#038;_nc_sid=f907e8&#038;_nc_ohc=SM1wRlP3lJwQ7kNvwEPuBYA&#038;_nc_oc=AdnqrjDN_BNjSSHWO-GbkIWH6fkGMLw4bqvL_NH6e2wMveX7G-rP2dAqsDSq1mJMOaY&#038;_nc_zt=24&#038;_nc_ht=scontent-gig4-1.xx&#038;_nc_gid=AoBFJeGrT1hVaew_6rchkQ&#038;oh=00_AfX7QmFGhQhG2jAllVgXCiM1ZrWgvtp80-Bfppyexh1QEg&#038;oe=689E923C","og:image:secure_url":"https:\/\/scontent-gig4-1.xx.fbcdn.net\/v\/t39.30808-1\/270437624_4564083193639691_6907940295614233970_n.jpg?stp=dst-jpg_s200x200_tt6&#038;_nc_cat=111&#038;ccb=1-7&#038;_nc_sid=f907e8&#038;_nc_ohc=SM1wRlP3lJwQ7kNvwEPuBYA&#038;_nc_oc=AdnqrjDN_BNjSSHWO-GbkIWH6fkGMLw4bqvL_NH6e2wMveX7G-rP2dAqsDSq1mJMOaY&#038;_nc_zt=24&#038;_nc_ht=scontent-gig4-1.xx&#038;_nc_gid=AoBFJeGrT1hVaew_6rchkQ&#038;oh=00_AfX7QmFGhQhG2jAllVgXCiM1ZrWgvtp80-Bfppyexh1QEg&#038;oe=689E923C","article:published_time":"2018-11-29T16:28:03+00:00","article:modified_time":"2018-11-29T16:28:03+00:00","twitter:card":"summary_large_image","twitter:title":"Academia Performance promove 5\u00aa Corrida e Caminhada Natal Solid\u00e1rio - A Not\u00edcia Online","twitter:description":"Corredores de Muria\u00e9 e regi\u00e3o participaram da 5\u00aa Corrida e Caminhada Natal Solid\u00e1rio da Academia Performance, evento promovido em parceria com a Prefeitura Municipal, que aconteceu no \u00faltimo domingo (25). O valor arrecadado das inscri\u00e7\u00f5es ser\u00e1 doado para a Pastoral da Crian\u00e7a da Par\u00f3quia Nossa Senhora da Imaculada Concei\u00e7\u00e3o, localizada na Barra. Com percurso de","twitter:image":"https:\/\/scontent-gig4-1.xx.fbcdn.net\/v\/t39.30808-1\/270437624_4564083193639691_6907940295614233970_n.jpg?stp=dst-jpg_s200x200_tt6&_nc_cat=111&ccb=1-7&_nc_sid=f907e8&_nc_ohc=SM1wRlP3lJwQ7kNvwEPuBYA&_nc_oc=AdnqrjDN_BNjSSHWO-GbkIWH6fkGMLw4bqvL_NH6e2wMveX7G-rP2dAqsDSq1mJMOaY&_nc_zt=24&_nc_ht=scontent-gig4-1.xx&_nc_gid=AoBFJeGrT1hVaew_6rchkQ&oh=00_AfX7QmFGhQhG2jAllVgXCiM1ZrWgvtp80-Bfppyexh1QEg&oe=689E923C"},"aioseo_meta_data":{"post_id":"65295","title":null,"description":null,"keywords":null,"keyphrases":null,"primary_term":null,"canonical_url":null,"og_title":null,"og_description":null,"og_object_type":"default","og_image_type":"default","og_image_url":null,"og_image_width":null,"og_image_height":null,"og_image_custom_url":null,"og_image_custom_fields":null,"og_video":null,"og_custom_url":null,"og_article_section":null,"og_article_tags":null,"twitter_use_og":false,"twitter_card":"default","twitter_image_type":"default","twitter_image_url":null,"twitter_image_custom_url":null,"twitter_image_custom_fields":null,"twitter_title":null,"twitter_description":null,"schema":{"blockGraphs":[],"customGraphs":[],"default":{"data":{"Article":[],"Course":[],"Dataset":[],"FAQPage":[],"Movie":[],"Person":[],"Product":[],"ProductReview":[],"Car":[],"Recipe":[],"Service":[],"SoftwareApplication":[],"WebPage":[]},"graphName":"","isEnabled":true},"graphs":[]},"schema_type":"default","schema_type_options":null,"pillar_content":false,"robots_default":true,"robots_noindex":false,"robots_noarchive":false,"robots_nosnippet":false,"robots_nofollow":false,"robots_noimageindex":false,"robots_noodp":false,"robots_notranslate":false,"robots_max_snippet":null,"robots_max_videopreview":null,"robots_max_imagepreview":"large","priority":null,"frequency":null,"local_seo":null,"breadcrumb_settings":null,"limit_modified_date":false,"ai":null,"created":"2025-08-16 22:21:22","updated":"2025-08-16 22:21:22","focus_keyword":null,"additional_keywords":null,"truseo_locale":null,"seo_analyzer_scan_date":null},"aioseo_breadcrumb":"<div class=\"aioseo-breadcrumbs\"><span class=\"aioseo-breadcrumb\">\n\t\t\t<a href=\"https:\/\/anoticiaonline.com.br\/site\" title=\"Home\">Home<\/a>\n\t\t<\/span><span class=\"aioseo-breadcrumb-separator\">&raquo;<\/span><span class=\"aioseo-breadcrumb\">\n\t\t\t<a href=\"https:\/\/anoticiaonline.com.br\/site\/categoria\/muriae\/\" title=\"Blog\">Blog<\/a>\n\t\t<\/span><span class=\"aioseo-breadcrumb-separator\">&raquo;<\/span><span class=\"aioseo-breadcrumb\">\n\t\t\t<a href=\"https:\/\/anoticiaonline.com.br\/site\/categoria\/muriae\/cotidiano\/\" title=\"Cotidiano\">Cotidiano<\/a>\n\t\t<\/span><span class=\"aioseo-breadcrumb-separator\">&raquo;<\/span><span class=\"aioseo-breadcrumb\">\n\t\t\tAcademia Performance promove 5\u00aa Corrida e Caminhada Natal Solid\u00e1rio\n\t\t<\/span><\/div>","aioseo_breadcrumb_json":[{"label":"Home","link":"https:\/\/anoticiaonline.com.br\/site"},{"label":"Blog","link":"https:\/\/anoticiaonline.com.br\/site\/categoria\/muriae\/"},{"label":"Cotidiano","link":"https:\/\/anoticiaonline.com.br\/site\/categoria\/muriae\/cotidiano\/"},{"label":"Academia Performance promove 5\u00aa Corrida e Caminhada Natal Solid\u00e1rio","link":"https:\/\/anoticiaonline.com.br\/site\/academia-performance-promove-5a-corrida-e-caminhada-natal-solidario\/"}],"views":207,"_links":{"self":[{"href":"https:\/\/anoticiaonline.com.br\/site\/wp-json\/wp\/v2\/posts\/65295","targetHints":{"allow":["GET"]}}],"collection":[{"href":"https:\/\/anoticiaonline.com.br\/site\/wp-json\/wp\/v2\/posts"}],"about":[{"href":"https:\/\/anoticiaonline.com.br\/site\/wp-json\/wp\/v2\/types\/post"}],"author":[{"embeddable":true,"href":"https:\/\/anoticiaonline.com.br\/site\/wp-json\/wp\/v2\/users\/2"}],"replies":[{"embeddable":true,"href":"https:\/\/anoticiaonline.com.br\/site\/wp-json\/wp\/v2\/comments?post=65295"}],"version-history":[{"count":0,"href":"https:\/\/anoticiaonline.com.br\/site\/wp-json\/wp\/v2\/posts\/65295\/revisions"}],"wp:featuredmedia":[{"embeddable":true,"href":"https:\/\/anoticiaonline.com.br\/site\/wp-json\/wp\/v2\/media\/65316"}],"wp:attachment":[{"href":"https:\/\/anoticiaonline.com.br\/site\/wp-json\/wp\/v2\/media?parent=65295"}],"wp:term":[{"taxonomy":"category","embeddable":true,"href":"https:\/\/anoticiaonline.com.br\/site\/wp-json\/wp\/v2\/categories?post=65295"},{"taxonomy":"post_tag","embeddable":true,"href":"https:\/\/anoticiaonline.com.br\/site\/wp-json\/wp\/v2\/tags?post=65295"}],"curies":[{"name":"wp","href":"https:\/\/api.w.org\/{rel}","templated":true}]}}