{"id":65163,"date":"2018-11-29T20:55:41","date_gmt":"2018-11-29T23:55:41","guid":{"rendered":"http:\/\/anoticiaonline.com.br\/site\/?p=65163"},"modified":"2018-11-29T09:03:54","modified_gmt":"2018-11-29T12:03:54","slug":"justa-homenagem","status":"publish","type":"post","link":"https:\/\/anoticiaonline.com.br\/site\/justa-homenagem\/","title":{"rendered":"Justa Homenagem"},"content":{"rendered":"<h2>Prefeitura Municipal de Ros\u00e1rio da Limeira homenageia profissionais da \u00e1rea de seguran\u00e7a p\u00fablica<\/h2>\n<p><a href=\"https:\/\/anoticiaonline.com.br\/site\/wp-content\/uploads\/2018\/11\/67f6b1e4-b1fe-42df-b58b-495ad2d9548d.jpg\"><img fetchpriority=\"high\" decoding=\"async\" class=\"aligncenter size-full wp-image-65164\" src=\"https:\/\/anoticiaonline.com.br\/site\/wp-content\/uploads\/2018\/11\/67f6b1e4-b1fe-42df-b58b-495ad2d9548d.jpg\" alt=\"\" width=\"1000\" height=\"792\" srcset=\"https:\/\/anoticiaonline.com.br\/site\/wp-content\/uploads\/2018\/11\/67f6b1e4-b1fe-42df-b58b-495ad2d9548d.jpg 1000w, https:\/\/anoticiaonline.com.br\/site\/wp-content\/uploads\/2018\/11\/67f6b1e4-b1fe-42df-b58b-495ad2d9548d-300x238.jpg 300w, https:\/\/anoticiaonline.com.br\/site\/wp-content\/uploads\/2018\/11\/67f6b1e4-b1fe-42df-b58b-495ad2d9548d-768x608.jpg 768w\" sizes=\"(max-width: 1000px) 100vw, 1000px\" \/><\/a> <a href=\"https:\/\/anoticiaonline.com.br\/site\/wp-content\/uploads\/2018\/11\/cde42acd-170b-498d-80a3-41b5bcca4de5.jpg\"><img decoding=\"async\" class=\"aligncenter size-full wp-image-65165\" src=\"https:\/\/anoticiaonline.com.br\/site\/wp-content\/uploads\/2018\/11\/cde42acd-170b-498d-80a3-41b5bcca4de5.jpg\" alt=\"\" width=\"1000\" height=\"750\" srcset=\"https:\/\/anoticiaonline.com.br\/site\/wp-content\/uploads\/2018\/11\/cde42acd-170b-498d-80a3-41b5bcca4de5.jpg 1000w, https:\/\/anoticiaonline.com.br\/site\/wp-content\/uploads\/2018\/11\/cde42acd-170b-498d-80a3-41b5bcca4de5-300x225.jpg 300w, https:\/\/anoticiaonline.com.br\/site\/wp-content\/uploads\/2018\/11\/cde42acd-170b-498d-80a3-41b5bcca4de5-768x576.jpg 768w, https:\/\/anoticiaonline.com.br\/site\/wp-content\/uploads\/2018\/11\/cde42acd-170b-498d-80a3-41b5bcca4de5-105x80.jpg 105w\" sizes=\"(max-width: 1000px) 100vw, 1000px\" \/><\/a>A Prefeitura Municipal de Ros\u00e1rio da Limeira, Administra\u00e7\u00e3o 2017\/2020, realizou na sexta-feira (23), a II\u00aa Homenagem a Pol\u00edcia Militar, Pol\u00edcia Civil e Conselho Municipal de Seguran\u00e7a. O evento foi uma forma de agradecer e parabenizar os profissionais pelo empenho, afinco e proatividade no cumprimento da atividade de pol\u00edcia e da seguran\u00e7a preventiva.<\/p>\n<p><!--more--><\/p>\n<p>A confraterniza\u00e7\u00e3o contou com o apoio e a contribui\u00e7\u00e3o do com\u00e9rcio local. Quinze profissionais foram homenageados, dentre eles o comandante do 2\u00ba Pelot\u00e3o da Pol\u00edcia Militar, tenente Henrique Martins Benevides, que falou da import\u00e2ncia do evento: \u201cA Pol\u00edcia Militar se sente lisonjeada em participar desse tipo de confraterniza\u00e7\u00e3o, uma vez que se trata de forma de integra\u00e7\u00e3o entre a sociedade e a pol\u00edcia e cada vez mais essa aproxima\u00e7\u00e3o \u00e9 fundamental para garantir uma seguran\u00e7a efetiva\u201d.<\/p>\n<p>Na ocasi\u00e3o, o prefeito Jos\u00e9 Maria destacou os diversos trabalhos desenvolvidos pelas Pol\u00edcias Civil e Militar no munic\u00edpio, como palestras nas escolas, o Programa de Resist\u00eancia \u00e0s Drogas e \u00e0 Viol\u00eancia (Proerd) e de seguran\u00e7a no tr\u00e2nsito: \u201cS\u00e3o trabalhos que deixaram resultados imediatos em Ros\u00e1rio da Limeira e que acredito ainda dar\u00e3o frutos maiores no futuro, por isso vamos dar continuidade a essa parceria entre a administra\u00e7\u00e3o e os \u00f3rg\u00e3os de seguran\u00e7a p\u00fablica\u201d.<\/p>\n<p><strong>Confira os homenageados:<\/strong><\/p>\n<ul>\n<li>Tenente Coronel Joedson Flaviano Gomes;<\/li>\n<li>Major Jeferson V\u00edtor;<\/li>\n<li>1\u00ba Tenente Andr\u00e9 Carvalho da Silva;<\/li>\n<li>2\u00ba Tenente Henrique Martins Benevides;<\/li>\n<li>2\u00ba Sargento Mauro Pedro Lopes de Abreu;<\/li>\n<li>3\u00ba Sargento Sidiclei Xavier Borges;<\/li>\n<li>3\u00ba Sargento Paulo Henrique Alves Melo;<\/li>\n<li>3\u00ba Sargento Kaiser Paiva de Morais;<\/li>\n<li>Cabo Vinicius Barbosa Manhanini;<\/li>\n<li>Cabo Eisler Lu\u00eds dos Reis Silva;<\/li>\n<li>Soldado Luan Carlos de Freitas Leal;<\/li>\n<li>Delegado regional da Pol\u00edcia Civil Dr. Jos\u00e9 Roberto Machado Dem\u00e9trio;<\/li>\n<li>Investigador da Pol\u00edcia Civil Arthur Davi Bouzada Fraga;<\/li>\n<li>2\u00ba Tenente Jorge Dornellas dos Santos J\u00fanior (Corpo de Bombeiros);<\/li>\n<li>Presidente do Consep Lenir Rodrigues da Silva Vieira.<\/li>\n<\/ul>\n<div id='gallery-1' class='gallery galleryid-65163 gallery-columns-1 gallery-size-large'><figure class='gallery-item'>\n\t\t\t<div class='gallery-icon landscape'>\n\t\t\t\t<a href='https:\/\/anoticiaonline.com.br\/site\/justa-homenagem\/6e1a9bf1-6a0f-4b6d-a1e5-4f90b35bab5f\/#main'><img decoding=\"async\" width=\"900\" height=\"528\" src=\"https:\/\/anoticiaonline.com.br\/site\/wp-content\/uploads\/2018\/11\/6e1a9bf1-6a0f-4b6d-a1e5-4f90b35bab5f.jpg\" class=\"attachment-large size-large\" alt=\"\" srcset=\"https:\/\/anoticiaonline.com.br\/site\/wp-content\/uploads\/2018\/11\/6e1a9bf1-6a0f-4b6d-a1e5-4f90b35bab5f.jpg 1000w, https:\/\/anoticiaonline.com.br\/site\/wp-content\/uploads\/2018\/11\/6e1a9bf1-6a0f-4b6d-a1e5-4f90b35bab5f-300x176.jpg 300w, https:\/\/anoticiaonline.com.br\/site\/wp-content\/uploads\/2018\/11\/6e1a9bf1-6a0f-4b6d-a1e5-4f90b35bab5f-768x451.jpg 768w\" sizes=\"(max-width: 900px) 100vw, 900px\" \/><\/a>\n\t\t\t<\/div><\/figure><figure class='gallery-item'>\n\t\t\t<div class='gallery-icon landscape'>\n\t\t\t\t<a href='https:\/\/anoticiaonline.com.br\/site\/justa-homenagem\/7fc5141d-7517-4eaf-b816-5af2e699ee38\/#main'><img loading=\"lazy\" decoding=\"async\" width=\"900\" height=\"514\" src=\"https:\/\/anoticiaonline.com.br\/site\/wp-content\/uploads\/2018\/11\/7fc5141d-7517-4eaf-b816-5af2e699ee38.jpg\" class=\"attachment-large size-large\" alt=\"\" srcset=\"https:\/\/anoticiaonline.com.br\/site\/wp-content\/uploads\/2018\/11\/7fc5141d-7517-4eaf-b816-5af2e699ee38.jpg 1000w, https:\/\/anoticiaonline.com.br\/site\/wp-content\/uploads\/2018\/11\/7fc5141d-7517-4eaf-b816-5af2e699ee38-300x171.jpg 300w, https:\/\/anoticiaonline.com.br\/site\/wp-content\/uploads\/2018\/11\/7fc5141d-7517-4eaf-b816-5af2e699ee38-768x439.jpg 768w\" sizes=\"(max-width: 900px) 100vw, 900px\" \/><\/a>\n\t\t\t<\/div><\/figure><figure class='gallery-item'>\n\t\t\t<div class='gallery-icon landscape'>\n\t\t\t\t<a href='https:\/\/anoticiaonline.com.br\/site\/justa-homenagem\/37f4dd9d-94a4-4304-8c55-da5fe7664d72\/#main'><img loading=\"lazy\" decoding=\"async\" width=\"900\" height=\"535\" src=\"https:\/\/anoticiaonline.com.br\/site\/wp-content\/uploads\/2018\/11\/37f4dd9d-94a4-4304-8c55-da5fe7664d72.jpg\" class=\"attachment-large size-large\" alt=\"\" srcset=\"https:\/\/anoticiaonline.com.br\/site\/wp-content\/uploads\/2018\/11\/37f4dd9d-94a4-4304-8c55-da5fe7664d72.jpg 1000w, https:\/\/anoticiaonline.com.br\/site\/wp-content\/uploads\/2018\/11\/37f4dd9d-94a4-4304-8c55-da5fe7664d72-300x178.jpg 300w, https:\/\/anoticiaonline.com.br\/site\/wp-content\/uploads\/2018\/11\/37f4dd9d-94a4-4304-8c55-da5fe7664d72-768x456.jpg 768w\" sizes=\"(max-width: 900px) 100vw, 900px\" \/><\/a>\n\t\t\t<\/div><\/figure><figure class='gallery-item'>\n\t\t\t<div class='gallery-icon landscape'>\n\t\t\t\t<a href='https:\/\/anoticiaonline.com.br\/site\/justa-homenagem\/61b20481-3742-415c-9aad-e37945ba0a69\/#main'><img loading=\"lazy\" decoding=\"async\" width=\"900\" height=\"543\" src=\"https:\/\/anoticiaonline.com.br\/site\/wp-content\/uploads\/2018\/11\/61b20481-3742-415c-9aad-e37945ba0a69.jpg\" class=\"attachment-large size-large\" alt=\"\" srcset=\"https:\/\/anoticiaonline.com.br\/site\/wp-content\/uploads\/2018\/11\/61b20481-3742-415c-9aad-e37945ba0a69.jpg 1000w, https:\/\/anoticiaonline.com.br\/site\/wp-content\/uploads\/2018\/11\/61b20481-3742-415c-9aad-e37945ba0a69-300x181.jpg 300w, https:\/\/anoticiaonline.com.br\/site\/wp-content\/uploads\/2018\/11\/61b20481-3742-415c-9aad-e37945ba0a69-768x463.jpg 768w\" sizes=\"(max-width: 900px) 100vw, 900px\" \/><\/a>\n\t\t\t<\/div><\/figure><figure class='gallery-item'>\n\t\t\t<div class='gallery-icon landscape'>\n\t\t\t\t<a href='https:\/\/anoticiaonline.com.br\/site\/justa-homenagem\/0275e3f4-c3d5-4e0c-bd3f-95687f337381\/#main'><img loading=\"lazy\" decoding=\"async\" width=\"900\" height=\"528\" src=\"https:\/\/anoticiaonline.com.br\/site\/wp-content\/uploads\/2018\/11\/0275e3f4-c3d5-4e0c-bd3f-95687f337381.jpg\" class=\"attachment-large size-large\" alt=\"\" srcset=\"https:\/\/anoticiaonline.com.br\/site\/wp-content\/uploads\/2018\/11\/0275e3f4-c3d5-4e0c-bd3f-95687f337381.jpg 1000w, https:\/\/anoticiaonline.com.br\/site\/wp-content\/uploads\/2018\/11\/0275e3f4-c3d5-4e0c-bd3f-95687f337381-300x176.jpg 300w, https:\/\/anoticiaonline.com.br\/site\/wp-content\/uploads\/2018\/11\/0275e3f4-c3d5-4e0c-bd3f-95687f337381-768x451.jpg 768w\" sizes=\"(max-width: 900px) 100vw, 900px\" \/><\/a>\n\t\t\t<\/div><\/figure><figure class='gallery-item'>\n\t\t\t<div class='gallery-icon landscape'>\n\t\t\t\t<a href='https:\/\/anoticiaonline.com.br\/site\/justa-homenagem\/16238b13-2af7-42d1-9ed6-bbac9114ed7e\/#main'><img loading=\"lazy\" decoding=\"async\" width=\"900\" height=\"549\" src=\"https:\/\/anoticiaonline.com.br\/site\/wp-content\/uploads\/2018\/11\/16238b13-2af7-42d1-9ed6-bbac9114ed7e.jpg\" class=\"attachment-large size-large\" alt=\"\" srcset=\"https:\/\/anoticiaonline.com.br\/site\/wp-content\/uploads\/2018\/11\/16238b13-2af7-42d1-9ed6-bbac9114ed7e.jpg 1000w, https:\/\/anoticiaonline.com.br\/site\/wp-content\/uploads\/2018\/11\/16238b13-2af7-42d1-9ed6-bbac9114ed7e-300x183.jpg 300w, https:\/\/anoticiaonline.com.br\/site\/wp-content\/uploads\/2018\/11\/16238b13-2af7-42d1-9ed6-bbac9114ed7e-768x468.jpg 768w, https:\/\/anoticiaonline.com.br\/site\/wp-content\/uploads\/2018\/11\/16238b13-2af7-42d1-9ed6-bbac9114ed7e-400x245.jpg 400w\" sizes=\"(max-width: 900px) 100vw, 900px\" \/><\/a>\n\t\t\t<\/div><\/figure><figure class='gallery-item'>\n\t\t\t<div class='gallery-icon landscape'>\n\t\t\t\t<a href='https:\/\/anoticiaonline.com.br\/site\/justa-homenagem\/c400dce2-4a6a-418c-a267-e1a9396fe7e0\/#main'><img loading=\"lazy\" decoding=\"async\" width=\"900\" height=\"437\" src=\"https:\/\/anoticiaonline.com.br\/site\/wp-content\/uploads\/2018\/11\/c400dce2-4a6a-418c-a267-e1a9396fe7e0.jpg\" class=\"attachment-large size-large\" alt=\"\" srcset=\"https:\/\/anoticiaonline.com.br\/site\/wp-content\/uploads\/2018\/11\/c400dce2-4a6a-418c-a267-e1a9396fe7e0.jpg 1000w, https:\/\/anoticiaonline.com.br\/site\/wp-content\/uploads\/2018\/11\/c400dce2-4a6a-418c-a267-e1a9396fe7e0-300x146.jpg 300w, https:\/\/anoticiaonline.com.br\/site\/wp-content\/uploads\/2018\/11\/c400dce2-4a6a-418c-a267-e1a9396fe7e0-768x373.jpg 768w\" sizes=\"(max-width: 900px) 100vw, 900px\" \/><\/a>\n\t\t\t<\/div><\/figure><figure class='gallery-item'>\n\t\t\t<div class='gallery-icon landscape'>\n\t\t\t\t<a href='https:\/\/anoticiaonline.com.br\/site\/justa-homenagem\/ddf96fa5-45f4-4e3a-936f-366f1602c494\/#main'><img loading=\"lazy\" decoding=\"async\" width=\"900\" height=\"508\" src=\"https:\/\/anoticiaonline.com.br\/site\/wp-content\/uploads\/2018\/11\/ddf96fa5-45f4-4e3a-936f-366f1602c494.jpg\" class=\"attachment-large size-large\" alt=\"\" srcset=\"https:\/\/anoticiaonline.com.br\/site\/wp-content\/uploads\/2018\/11\/ddf96fa5-45f4-4e3a-936f-366f1602c494.jpg 1000w, https:\/\/anoticiaonline.com.br\/site\/wp-content\/uploads\/2018\/11\/ddf96fa5-45f4-4e3a-936f-366f1602c494-300x169.jpg 300w, https:\/\/anoticiaonline.com.br\/site\/wp-content\/uploads\/2018\/11\/ddf96fa5-45f4-4e3a-936f-366f1602c494-768x433.jpg 768w\" sizes=\"(max-width: 900px) 100vw, 900px\" \/><\/a>\n\t\t\t<\/div><\/figure>\n\t\t<\/div>\n\n<p>Fotos e informa\u00e7\u00f5es: Prefeitura Municipal de Ros\u00e1rio da Limeira.<\/p>\n<p>&nbsp;<\/p>\n","protected":false},"excerpt":{"rendered":"<p>Prefeitura Municipal de Ros\u00e1rio da Limeira homenageia profissionais da \u00e1rea de seguran\u00e7a p\u00fablica A Prefeitura Municipal de Ros\u00e1rio da Limeira, Administra\u00e7\u00e3o 2017\/2020, realizou na sexta-feira (23), a II\u00aa Homenagem a Pol\u00edcia Militar, Pol\u00edcia Civil e Conselho Municipal de Seguran\u00e7a. O evento foi uma forma de agradecer e parabenizar os profissionais pelo empenho, afinco e proatividade &#8230; <a title=\"Justa Homenagem\" class=\"read-more\" href=\"https:\/\/anoticiaonline.com.br\/site\/justa-homenagem\/\" aria-label=\"Read more about Justa Homenagem\">Ler mais<\/a><\/p>\n","protected":false},"author":2,"featured_media":65164,"comment_status":"open","ping_status":"open","sticky":false,"template":"","format":"standard","meta":{"_acf_changed":false,"_monsterinsights_skip_tracking":false,"footnotes":""},"categories":[30],"tags":[3465,3468,3466,95,3467,93,3464,846],"class_list":["post-65163","post","type-post","status-publish","format-standard","has-post-thumbnail","hentry","category-muriae","tag-administracao-2017-2020","tag-conselho-municipal-de-seguranca","tag-iia-homenagem-a-policia-militar","tag-policia-civil","tag-policia-civil-e-conselho-municipal-de-seguranca","tag-policia-militar","tag-prefeitura-municipal-de-rosario-da-limeira","tag-rosario-da-limeira"],"acf":[],"aioseo_notices":[],"aioseo_head":"\n\t\t<!-- All in One SEO 5.0.0.1 - aioseo.com -->\n\t<meta name=\"description\" content=\"Prefeitura Municipal de Ros\u00e1rio da Limeira homenageia profissionais da \u00e1rea de seguran\u00e7a p\u00fablica A Prefeitura Municipal de Ros\u00e1rio da Limeira, Administra\u00e7\u00e3o 2017\/2020, realizou na sexta-feira (23), a II\u00aa Homenagem a Pol\u00edcia Militar, Pol\u00edcia Civil e Conselho Municipal de Seguran\u00e7a. O evento foi uma forma de agradecer e parabenizar os profissionais pelo empenho, afinco e proatividade\" \/>\n\t<meta name=\"robots\" content=\"max-image-preview:large\" \/>\n\t<meta name=\"author\" content=\"Juliana Laviola\"\/>\n\t<link rel=\"canonical\" href=\"https:\/\/anoticiaonline.com.br\/site\/justa-homenagem\/\" \/>\n\t<meta name=\"generator\" content=\"All in One SEO (AIOSEO) 5.0.0.1\" \/>\n\t\t<meta property=\"og:locale\" content=\"pt_BR\" \/>\n\t\t<meta property=\"og:site_name\" content=\"A Not\u00edcia Online - Noticias de Muria\u00e9 e regi\u00e3o\" \/>\n\t\t<meta property=\"og:type\" content=\"article\" \/>\n\t\t<meta property=\"og:title\" content=\"Justa Homenagem - A Not\u00edcia Online\" \/>\n\t\t<meta property=\"og:description\" content=\"Prefeitura Municipal de Ros\u00e1rio da Limeira homenageia profissionais da \u00e1rea de seguran\u00e7a p\u00fablica A Prefeitura Municipal de Ros\u00e1rio da Limeira, Administra\u00e7\u00e3o 2017\/2020, realizou na sexta-feira (23), a II\u00aa Homenagem a Pol\u00edcia Militar, Pol\u00edcia Civil e Conselho Municipal de Seguran\u00e7a. O evento foi uma forma de agradecer e parabenizar os profissionais pelo empenho, afinco e proatividade\" \/>\n\t\t<meta property=\"og:url\" content=\"https:\/\/anoticiaonline.com.br\/site\/justa-homenagem\/\" \/>\n\t\t<meta property=\"og:image\" content=\"https:\/\/scontent-gig4-1.xx.fbcdn.net\/v\/t39.30808-1\/270437624_4564083193639691_6907940295614233970_n.jpg?stp=dst-jpg_s200x200_tt6&#038;_nc_cat=111&#038;ccb=1-7&#038;_nc_sid=f907e8&#038;_nc_ohc=SM1wRlP3lJwQ7kNvwEPuBYA&#038;_nc_oc=AdnqrjDN_BNjSSHWO-GbkIWH6fkGMLw4bqvL_NH6e2wMveX7G-rP2dAqsDSq1mJMOaY&#038;_nc_zt=24&#038;_nc_ht=scontent-gig4-1.xx&#038;_nc_gid=AoBFJeGrT1hVaew_6rchkQ&#038;oh=00_AfX7QmFGhQhG2jAllVgXCiM1ZrWgvtp80-Bfppyexh1QEg&#038;oe=689E923C\" \/>\n\t\t<meta property=\"og:image:secure_url\" content=\"https:\/\/scontent-gig4-1.xx.fbcdn.net\/v\/t39.30808-1\/270437624_4564083193639691_6907940295614233970_n.jpg?stp=dst-jpg_s200x200_tt6&#038;_nc_cat=111&#038;ccb=1-7&#038;_nc_sid=f907e8&#038;_nc_ohc=SM1wRlP3lJwQ7kNvwEPuBYA&#038;_nc_oc=AdnqrjDN_BNjSSHWO-GbkIWH6fkGMLw4bqvL_NH6e2wMveX7G-rP2dAqsDSq1mJMOaY&#038;_nc_zt=24&#038;_nc_ht=scontent-gig4-1.xx&#038;_nc_gid=AoBFJeGrT1hVaew_6rchkQ&#038;oh=00_AfX7QmFGhQhG2jAllVgXCiM1ZrWgvtp80-Bfppyexh1QEg&#038;oe=689E923C\" \/>\n\t\t<meta property=\"article:published_time\" content=\"2018-11-29T23:55:41+00:00\" \/>\n\t\t<meta property=\"article:modified_time\" content=\"2018-11-29T12:03:54+00:00\" \/>\n\t\t<meta name=\"twitter:card\" content=\"summary_large_image\" \/>\n\t\t<meta name=\"twitter:title\" content=\"Justa Homenagem - A Not\u00edcia Online\" \/>\n\t\t<meta name=\"twitter:description\" content=\"Prefeitura Municipal de Ros\u00e1rio da Limeira homenageia profissionais da \u00e1rea de seguran\u00e7a p\u00fablica A Prefeitura Municipal de Ros\u00e1rio da Limeira, Administra\u00e7\u00e3o 2017\/2020, realizou na sexta-feira (23), a II\u00aa Homenagem a Pol\u00edcia Militar, Pol\u00edcia Civil e Conselho Municipal de Seguran\u00e7a. O evento foi uma forma de agradecer e parabenizar os profissionais pelo empenho, afinco e proatividade\" \/>\n\t\t<meta name=\"twitter:image\" content=\"https:\/\/scontent-gig4-1.xx.fbcdn.net\/v\/t39.30808-1\/270437624_4564083193639691_6907940295614233970_n.jpg?stp=dst-jpg_s200x200_tt6&amp;_nc_cat=111&amp;ccb=1-7&amp;_nc_sid=f907e8&amp;_nc_ohc=SM1wRlP3lJwQ7kNvwEPuBYA&amp;_nc_oc=AdnqrjDN_BNjSSHWO-GbkIWH6fkGMLw4bqvL_NH6e2wMveX7G-rP2dAqsDSq1mJMOaY&amp;_nc_zt=24&amp;_nc_ht=scontent-gig4-1.xx&amp;_nc_gid=AoBFJeGrT1hVaew_6rchkQ&amp;oh=00_AfX7QmFGhQhG2jAllVgXCiM1ZrWgvtp80-Bfppyexh1QEg&amp;oe=689E923C\" \/>\n\t\t<script type=\"application\/ld+json\" class=\"aioseo-schema\">\n\t\t\t{\"@context\":\"https:\\\/\\\/schema.org\",\"@graph\":[{\"@type\":\"BlogPosting\",\"@id\":\"https:\\\/\\\/anoticiaonline.com.br\\\/site\\\/justa-homenagem\\\/#blogposting\",\"name\":\"Justa Homenagem - A Not\\u00edcia Online\",\"headline\":\"Justa Homenagem\",\"author\":{\"@id\":\"https:\\\/\\\/anoticiaonline.com.br\\\/site\\\/author\\\/juliana\\\/#author\"},\"publisher\":{\"@id\":\"https:\\\/\\\/anoticiaonline.com.br\\\/site\\\/#organization\"},\"image\":{\"@type\":\"ImageObject\",\"url\":\"https:\\\/\\\/anoticiaonline.com.br\\\/site\\\/wp-content\\\/uploads\\\/2018\\\/11\\\/67f6b1e4-b1fe-42df-b58b-495ad2d9548d.jpg\",\"width\":1000,\"height\":792},\"datePublished\":\"2018-11-29T20:55:41-03:00\",\"dateModified\":\"2018-11-29T09:03:54-03:00\",\"inLanguage\":\"pt-BR\",\"mainEntityOfPage\":{\"@id\":\"https:\\\/\\\/anoticiaonline.com.br\\\/site\\\/justa-homenagem\\\/#webpage\"},\"isPartOf\":{\"@id\":\"https:\\\/\\\/anoticiaonline.com.br\\\/site\\\/justa-homenagem\\\/#webpage\"},\"articleSection\":\"Blog, Administra\\u00e7\\u00e3o 2017\\\/2020, Conselho Municipal de Seguran\\u00e7a, II\\u00aa Homenagem a Pol\\u00edcia Militar, pol\\u00edcia civil, Pol\\u00edcia Civil e Conselho Municipal de Seguran\\u00e7a, pol\\u00edcia militar, Prefeitura Municipal de Ros\\u00e1rio da Limeira, Ros\\u00e1rio da Limeira\"},{\"@type\":\"BreadcrumbList\",\"@id\":\"https:\\\/\\\/anoticiaonline.com.br\\\/site\\\/justa-homenagem\\\/#breadcrumblist\",\"itemListElement\":[{\"@type\":\"ListItem\",\"@id\":\"https:\\\/\\\/anoticiaonline.com.br\\\/site#listItem\",\"position\":1,\"name\":\"Home\",\"item\":\"https:\\\/\\\/anoticiaonline.com.br\\\/site\",\"nextItem\":{\"@type\":\"ListItem\",\"@id\":\"https:\\\/\\\/anoticiaonline.com.br\\\/site\\\/categoria\\\/muriae\\\/#listItem\",\"name\":\"Blog\"}},{\"@type\":\"ListItem\",\"@id\":\"https:\\\/\\\/anoticiaonline.com.br\\\/site\\\/categoria\\\/muriae\\\/#listItem\",\"position\":2,\"name\":\"Blog\",\"item\":\"https:\\\/\\\/anoticiaonline.com.br\\\/site\\\/categoria\\\/muriae\\\/\",\"nextItem\":{\"@type\":\"ListItem\",\"@id\":\"https:\\\/\\\/anoticiaonline.com.br\\\/site\\\/justa-homenagem\\\/#listItem\",\"name\":\"Justa Homenagem\"},\"previousItem\":{\"@type\":\"ListItem\",\"@id\":\"https:\\\/\\\/anoticiaonline.com.br\\\/site#listItem\",\"name\":\"Home\"}},{\"@type\":\"ListItem\",\"@id\":\"https:\\\/\\\/anoticiaonline.com.br\\\/site\\\/justa-homenagem\\\/#listItem\",\"position\":3,\"name\":\"Justa Homenagem\",\"previousItem\":{\"@type\":\"ListItem\",\"@id\":\"https:\\\/\\\/anoticiaonline.com.br\\\/site\\\/categoria\\\/muriae\\\/#listItem\",\"name\":\"Blog\"}}]},{\"@type\":\"Organization\",\"@id\":\"https:\\\/\\\/anoticiaonline.com.br\\\/site\\\/#organization\",\"name\":\"A Not\\u00edcia Online\",\"description\":\"Noticias de Muria\\u00e9 e regi\\u00e3o\",\"url\":\"https:\\\/\\\/anoticiaonline.com.br\\\/site\\\/\",\"logo\":{\"@type\":\"ImageObject\",\"url\":\"https:\\\/\\\/scontent-gig4-1.xx.fbcdn.net\\\/v\\\/t39.30808-1\\\/270437624_4564083193639691_6907940295614233970_n.jpg?stp=dst-jpg_s200x200_tt6&_nc_cat=111&ccb=1-7&_nc_sid=f907e8&_nc_ohc=SM1wRlP3lJwQ7kNvwEPuBYA&_nc_oc=AdnqrjDN_BNjSSHWO-GbkIWH6fkGMLw4bqvL_NH6e2wMveX7G-rP2dAqsDSq1mJMOaY&_nc_zt=24&_nc_ht=scontent-gig4-1.xx&_nc_gid=AoBFJeGrT1hVaew_6rchkQ&oh=00_AfX7QmFGhQhG2jAllVgXCiM1ZrWgvtp80-Bfppyexh1QEg&oe=689E923C\",\"@id\":\"https:\\\/\\\/anoticiaonline.com.br\\\/site\\\/justa-homenagem\\\/#organizationLogo\"},\"image\":{\"@id\":\"https:\\\/\\\/anoticiaonline.com.br\\\/site\\\/justa-homenagem\\\/#organizationLogo\"}},{\"@type\":\"Person\",\"@id\":\"https:\\\/\\\/anoticiaonline.com.br\\\/site\\\/author\\\/juliana\\\/#author\",\"url\":\"https:\\\/\\\/anoticiaonline.com.br\\\/site\\\/author\\\/juliana\\\/\",\"name\":\"Juliana Laviola\",\"image\":{\"@type\":\"ImageObject\",\"@id\":\"https:\\\/\\\/anoticiaonline.com.br\\\/site\\\/justa-homenagem\\\/#authorImage\",\"url\":\"https:\\\/\\\/secure.gravatar.com\\\/avatar\\\/b8d45f5c699b100dfaf0e543582f38f38bf94cb7ae3a5e9abf8d891a34773335?s=96&d=mm&r=g\",\"width\":96,\"height\":96,\"caption\":\"Juliana Laviola\"}},{\"@type\":\"WebPage\",\"@id\":\"https:\\\/\\\/anoticiaonline.com.br\\\/site\\\/justa-homenagem\\\/#webpage\",\"url\":\"https:\\\/\\\/anoticiaonline.com.br\\\/site\\\/justa-homenagem\\\/\",\"name\":\"Justa Homenagem - A Not\\u00edcia Online\",\"description\":\"Prefeitura Municipal de Ros\\u00e1rio da Limeira homenageia profissionais da \\u00e1rea de seguran\\u00e7a p\\u00fablica A Prefeitura Municipal de Ros\\u00e1rio da Limeira, Administra\\u00e7\\u00e3o 2017\\\/2020, realizou na sexta-feira (23), a II\\u00aa Homenagem a Pol\\u00edcia Militar, Pol\\u00edcia Civil e Conselho Municipal de Seguran\\u00e7a. O evento foi uma forma de agradecer e parabenizar os profissionais pelo empenho, afinco e proatividade\",\"inLanguage\":\"pt-BR\",\"isPartOf\":{\"@id\":\"https:\\\/\\\/anoticiaonline.com.br\\\/site\\\/#website\"},\"breadcrumb\":{\"@id\":\"https:\\\/\\\/anoticiaonline.com.br\\\/site\\\/justa-homenagem\\\/#breadcrumblist\"},\"author\":{\"@id\":\"https:\\\/\\\/anoticiaonline.com.br\\\/site\\\/author\\\/juliana\\\/#author\"},\"creator\":{\"@id\":\"https:\\\/\\\/anoticiaonline.com.br\\\/site\\\/author\\\/juliana\\\/#author\"},\"image\":{\"@type\":\"ImageObject\",\"url\":\"https:\\\/\\\/anoticiaonline.com.br\\\/site\\\/wp-content\\\/uploads\\\/2018\\\/11\\\/67f6b1e4-b1fe-42df-b58b-495ad2d9548d.jpg\",\"@id\":\"https:\\\/\\\/anoticiaonline.com.br\\\/site\\\/justa-homenagem\\\/#mainImage\",\"width\":1000,\"height\":792},\"primaryImageOfPage\":{\"@id\":\"https:\\\/\\\/anoticiaonline.com.br\\\/site\\\/justa-homenagem\\\/#mainImage\"},\"datePublished\":\"2018-11-29T20:55:41-03:00\",\"dateModified\":\"2018-11-29T09:03:54-03:00\"},{\"@type\":\"WebSite\",\"@id\":\"https:\\\/\\\/anoticiaonline.com.br\\\/site\\\/#website\",\"url\":\"https:\\\/\\\/anoticiaonline.com.br\\\/site\\\/\",\"name\":\"A Not\\u00edcia Online\",\"description\":\"Noticias de Muria\\u00e9 e regi\\u00e3o\",\"inLanguage\":\"pt-BR\",\"publisher\":{\"@id\":\"https:\\\/\\\/anoticiaonline.com.br\\\/site\\\/#organization\"}}]}\n\t\t<\/script>\n\t\t<!-- All in One SEO -->\n\n","aioseo_head_json":{"title":"Justa Homenagem - A Not\u00edcia Online","description":"Prefeitura Municipal de Ros\u00e1rio da Limeira homenageia profissionais da \u00e1rea de seguran\u00e7a p\u00fablica A Prefeitura Municipal de Ros\u00e1rio da Limeira, Administra\u00e7\u00e3o 2017\/2020, realizou na sexta-feira (23), a II\u00aa Homenagem a Pol\u00edcia Militar, Pol\u00edcia Civil e Conselho Municipal de Seguran\u00e7a. O evento foi uma forma de agradecer e parabenizar os profissionais pelo empenho, afinco e proatividade","canonical_url":"https:\/\/anoticiaonline.com.br\/site\/justa-homenagem\/","robots":"max-image-preview:large","keywords":"","webmasterTools":{"miscellaneous":""},"schema":{"@context":"https:\/\/schema.org","@graph":[{"@type":"BlogPosting","@id":"https:\/\/anoticiaonline.com.br\/site\/justa-homenagem\/#blogposting","name":"Justa Homenagem - A Not\u00edcia Online","headline":"Justa Homenagem","author":{"@id":"https:\/\/anoticiaonline.com.br\/site\/author\/juliana\/#author"},"publisher":{"@id":"https:\/\/anoticiaonline.com.br\/site\/#organization"},"image":{"@type":"ImageObject","url":"https:\/\/anoticiaonline.com.br\/site\/wp-content\/uploads\/2018\/11\/67f6b1e4-b1fe-42df-b58b-495ad2d9548d.jpg","width":1000,"height":792},"datePublished":"2018-11-29T20:55:41-03:00","dateModified":"2018-11-29T09:03:54-03:00","inLanguage":"pt-BR","mainEntityOfPage":{"@id":"https:\/\/anoticiaonline.com.br\/site\/justa-homenagem\/#webpage"},"isPartOf":{"@id":"https:\/\/anoticiaonline.com.br\/site\/justa-homenagem\/#webpage"},"articleSection":"Blog, Administra\u00e7\u00e3o 2017\/2020, Conselho Municipal de Seguran\u00e7a, II\u00aa Homenagem a Pol\u00edcia Militar, pol\u00edcia civil, Pol\u00edcia Civil e Conselho Municipal de Seguran\u00e7a, pol\u00edcia militar, Prefeitura Municipal de Ros\u00e1rio da Limeira, Ros\u00e1rio da Limeira"},{"@type":"BreadcrumbList","@id":"https:\/\/anoticiaonline.com.br\/site\/justa-homenagem\/#breadcrumblist","itemListElement":[{"@type":"ListItem","@id":"https:\/\/anoticiaonline.com.br\/site#listItem","position":1,"name":"Home","item":"https:\/\/anoticiaonline.com.br\/site","nextItem":{"@type":"ListItem","@id":"https:\/\/anoticiaonline.com.br\/site\/categoria\/muriae\/#listItem","name":"Blog"}},{"@type":"ListItem","@id":"https:\/\/anoticiaonline.com.br\/site\/categoria\/muriae\/#listItem","position":2,"name":"Blog","item":"https:\/\/anoticiaonline.com.br\/site\/categoria\/muriae\/","nextItem":{"@type":"ListItem","@id":"https:\/\/anoticiaonline.com.br\/site\/justa-homenagem\/#listItem","name":"Justa Homenagem"},"previousItem":{"@type":"ListItem","@id":"https:\/\/anoticiaonline.com.br\/site#listItem","name":"Home"}},{"@type":"ListItem","@id":"https:\/\/anoticiaonline.com.br\/site\/justa-homenagem\/#listItem","position":3,"name":"Justa Homenagem","previousItem":{"@type":"ListItem","@id":"https:\/\/anoticiaonline.com.br\/site\/categoria\/muriae\/#listItem","name":"Blog"}}]},{"@type":"Organization","@id":"https:\/\/anoticiaonline.com.br\/site\/#organization","name":"A Not\u00edcia Online","description":"Noticias de Muria\u00e9 e regi\u00e3o","url":"https:\/\/anoticiaonline.com.br\/site\/","logo":{"@type":"ImageObject","url":"https:\/\/scontent-gig4-1.xx.fbcdn.net\/v\/t39.30808-1\/270437624_4564083193639691_6907940295614233970_n.jpg?stp=dst-jpg_s200x200_tt6&_nc_cat=111&ccb=1-7&_nc_sid=f907e8&_nc_ohc=SM1wRlP3lJwQ7kNvwEPuBYA&_nc_oc=AdnqrjDN_BNjSSHWO-GbkIWH6fkGMLw4bqvL_NH6e2wMveX7G-rP2dAqsDSq1mJMOaY&_nc_zt=24&_nc_ht=scontent-gig4-1.xx&_nc_gid=AoBFJeGrT1hVaew_6rchkQ&oh=00_AfX7QmFGhQhG2jAllVgXCiM1ZrWgvtp80-Bfppyexh1QEg&oe=689E923C","@id":"https:\/\/anoticiaonline.com.br\/site\/justa-homenagem\/#organizationLogo"},"image":{"@id":"https:\/\/anoticiaonline.com.br\/site\/justa-homenagem\/#organizationLogo"}},{"@type":"Person","@id":"https:\/\/anoticiaonline.com.br\/site\/author\/juliana\/#author","url":"https:\/\/anoticiaonline.com.br\/site\/author\/juliana\/","name":"Juliana Laviola","image":{"@type":"ImageObject","@id":"https:\/\/anoticiaonline.com.br\/site\/justa-homenagem\/#authorImage","url":"https:\/\/secure.gravatar.com\/avatar\/b8d45f5c699b100dfaf0e543582f38f38bf94cb7ae3a5e9abf8d891a34773335?s=96&d=mm&r=g","width":96,"height":96,"caption":"Juliana Laviola"}},{"@type":"WebPage","@id":"https:\/\/anoticiaonline.com.br\/site\/justa-homenagem\/#webpage","url":"https:\/\/anoticiaonline.com.br\/site\/justa-homenagem\/","name":"Justa Homenagem - A Not\u00edcia Online","description":"Prefeitura Municipal de Ros\u00e1rio da Limeira homenageia profissionais da \u00e1rea de seguran\u00e7a p\u00fablica A Prefeitura Municipal de Ros\u00e1rio da Limeira, Administra\u00e7\u00e3o 2017\/2020, realizou na sexta-feira (23), a II\u00aa Homenagem a Pol\u00edcia Militar, Pol\u00edcia Civil e Conselho Municipal de Seguran\u00e7a. O evento foi uma forma de agradecer e parabenizar os profissionais pelo empenho, afinco e proatividade","inLanguage":"pt-BR","isPartOf":{"@id":"https:\/\/anoticiaonline.com.br\/site\/#website"},"breadcrumb":{"@id":"https:\/\/anoticiaonline.com.br\/site\/justa-homenagem\/#breadcrumblist"},"author":{"@id":"https:\/\/anoticiaonline.com.br\/site\/author\/juliana\/#author"},"creator":{"@id":"https:\/\/anoticiaonline.com.br\/site\/author\/juliana\/#author"},"image":{"@type":"ImageObject","url":"https:\/\/anoticiaonline.com.br\/site\/wp-content\/uploads\/2018\/11\/67f6b1e4-b1fe-42df-b58b-495ad2d9548d.jpg","@id":"https:\/\/anoticiaonline.com.br\/site\/justa-homenagem\/#mainImage","width":1000,"height":792},"primaryImageOfPage":{"@id":"https:\/\/anoticiaonline.com.br\/site\/justa-homenagem\/#mainImage"},"datePublished":"2018-11-29T20:55:41-03:00","dateModified":"2018-11-29T09:03:54-03:00"},{"@type":"WebSite","@id":"https:\/\/anoticiaonline.com.br\/site\/#website","url":"https:\/\/anoticiaonline.com.br\/site\/","name":"A Not\u00edcia Online","description":"Noticias de Muria\u00e9 e regi\u00e3o","inLanguage":"pt-BR","publisher":{"@id":"https:\/\/anoticiaonline.com.br\/site\/#organization"}}]},"og:locale":"pt_BR","og:site_name":"A Not\u00edcia Online - Noticias de Muria\u00e9 e regi\u00e3o","og:type":"article","og:title":"Justa Homenagem - A Not\u00edcia Online","og:description":"Prefeitura Municipal de Ros\u00e1rio da Limeira homenageia profissionais da \u00e1rea de seguran\u00e7a p\u00fablica A Prefeitura Municipal de Ros\u00e1rio da Limeira, Administra\u00e7\u00e3o 2017\/2020, realizou na sexta-feira (23), a II\u00aa Homenagem a Pol\u00edcia Militar, Pol\u00edcia Civil e Conselho Municipal de Seguran\u00e7a. O evento foi uma forma de agradecer e parabenizar os profissionais pelo empenho, afinco e proatividade","og:url":"https:\/\/anoticiaonline.com.br\/site\/justa-homenagem\/","og:image":"https:\/\/scontent-gig4-1.xx.fbcdn.net\/v\/t39.30808-1\/270437624_4564083193639691_6907940295614233970_n.jpg?stp=dst-jpg_s200x200_tt6&#038;_nc_cat=111&#038;ccb=1-7&#038;_nc_sid=f907e8&#038;_nc_ohc=SM1wRlP3lJwQ7kNvwEPuBYA&#038;_nc_oc=AdnqrjDN_BNjSSHWO-GbkIWH6fkGMLw4bqvL_NH6e2wMveX7G-rP2dAqsDSq1mJMOaY&#038;_nc_zt=24&#038;_nc_ht=scontent-gig4-1.xx&#038;_nc_gid=AoBFJeGrT1hVaew_6rchkQ&#038;oh=00_AfX7QmFGhQhG2jAllVgXCiM1ZrWgvtp80-Bfppyexh1QEg&#038;oe=689E923C","og:image:secure_url":"https:\/\/scontent-gig4-1.xx.fbcdn.net\/v\/t39.30808-1\/270437624_4564083193639691_6907940295614233970_n.jpg?stp=dst-jpg_s200x200_tt6&#038;_nc_cat=111&#038;ccb=1-7&#038;_nc_sid=f907e8&#038;_nc_ohc=SM1wRlP3lJwQ7kNvwEPuBYA&#038;_nc_oc=AdnqrjDN_BNjSSHWO-GbkIWH6fkGMLw4bqvL_NH6e2wMveX7G-rP2dAqsDSq1mJMOaY&#038;_nc_zt=24&#038;_nc_ht=scontent-gig4-1.xx&#038;_nc_gid=AoBFJeGrT1hVaew_6rchkQ&#038;oh=00_AfX7QmFGhQhG2jAllVgXCiM1ZrWgvtp80-Bfppyexh1QEg&#038;oe=689E923C","article:published_time":"2018-11-29T23:55:41+00:00","article:modified_time":"2018-11-29T12:03:54+00:00","twitter:card":"summary_large_image","twitter:title":"Justa Homenagem - A Not\u00edcia Online","twitter:description":"Prefeitura Municipal de Ros\u00e1rio da Limeira homenageia profissionais da \u00e1rea de seguran\u00e7a p\u00fablica A Prefeitura Municipal de Ros\u00e1rio da Limeira, Administra\u00e7\u00e3o 2017\/2020, realizou na sexta-feira (23), a II\u00aa Homenagem a Pol\u00edcia Militar, Pol\u00edcia Civil e Conselho Municipal de Seguran\u00e7a. O evento foi uma forma de agradecer e parabenizar os profissionais pelo empenho, afinco e proatividade","twitter:image":"https:\/\/scontent-gig4-1.xx.fbcdn.net\/v\/t39.30808-1\/270437624_4564083193639691_6907940295614233970_n.jpg?stp=dst-jpg_s200x200_tt6&_nc_cat=111&ccb=1-7&_nc_sid=f907e8&_nc_ohc=SM1wRlP3lJwQ7kNvwEPuBYA&_nc_oc=AdnqrjDN_BNjSSHWO-GbkIWH6fkGMLw4bqvL_NH6e2wMveX7G-rP2dAqsDSq1mJMOaY&_nc_zt=24&_nc_ht=scontent-gig4-1.xx&_nc_gid=AoBFJeGrT1hVaew_6rchkQ&oh=00_AfX7QmFGhQhG2jAllVgXCiM1ZrWgvtp80-Bfppyexh1QEg&oe=689E923C"},"aioseo_meta_data":{"post_id":"65163","title":null,"description":null,"keywords":null,"keyphrases":null,"primary_term":null,"canonical_url":null,"og_title":null,"og_description":null,"og_object_type":"default","og_image_type":"default","og_image_url":null,"og_image_width":null,"og_image_height":null,"og_image_custom_url":null,"og_image_custom_fields":null,"og_video":null,"og_custom_url":null,"og_article_section":null,"og_article_tags":null,"twitter_use_og":false,"twitter_card":"default","twitter_image_type":"default","twitter_image_url":null,"twitter_image_custom_url":null,"twitter_image_custom_fields":null,"twitter_title":null,"twitter_description":null,"schema":{"blockGraphs":[],"customGraphs":[],"default":{"data":{"Article":[],"Course":[],"Dataset":[],"FAQPage":[],"Movie":[],"Person":[],"Product":[],"ProductReview":[],"Car":[],"Recipe":[],"Service":[],"SoftwareApplication":[],"WebPage":[]},"graphName":"","isEnabled":true},"graphs":[]},"schema_type":"default","schema_type_options":null,"pillar_content":false,"robots_default":true,"robots_noindex":false,"robots_noarchive":false,"robots_nosnippet":false,"robots_nofollow":false,"robots_noimageindex":false,"robots_noodp":false,"robots_notranslate":false,"robots_max_snippet":null,"robots_max_videopreview":null,"robots_max_imagepreview":"large","priority":null,"frequency":null,"local_seo":null,"breadcrumb_settings":null,"limit_modified_date":false,"ai":null,"created":"2025-08-16 22:19:44","updated":"2025-08-16 22:19:44","focus_keyword":null,"additional_keywords":null,"truseo_locale":null,"seo_analyzer_scan_date":null},"aioseo_breadcrumb":"<div class=\"aioseo-breadcrumbs\"><span class=\"aioseo-breadcrumb\">\n\t\t\t<a href=\"https:\/\/anoticiaonline.com.br\/site\" title=\"Home\">Home<\/a>\n\t\t<\/span><span class=\"aioseo-breadcrumb-separator\">&raquo;<\/span><span class=\"aioseo-breadcrumb\">\n\t\t\t<a href=\"https:\/\/anoticiaonline.com.br\/site\/categoria\/muriae\/\" title=\"Blog\">Blog<\/a>\n\t\t<\/span><span class=\"aioseo-breadcrumb-separator\">&raquo;<\/span><span class=\"aioseo-breadcrumb\">\n\t\t\tJusta Homenagem\n\t\t<\/span><\/div>","aioseo_breadcrumb_json":[{"label":"Home","link":"https:\/\/anoticiaonline.com.br\/site"},{"label":"Blog","link":"https:\/\/anoticiaonline.com.br\/site\/categoria\/muriae\/"},{"label":"Justa Homenagem","link":"https:\/\/anoticiaonline.com.br\/site\/justa-homenagem\/"}],"views":153,"_links":{"self":[{"href":"https:\/\/anoticiaonline.com.br\/site\/wp-json\/wp\/v2\/posts\/65163","targetHints":{"allow":["GET"]}}],"collection":[{"href":"https:\/\/anoticiaonline.com.br\/site\/wp-json\/wp\/v2\/posts"}],"about":[{"href":"https:\/\/anoticiaonline.com.br\/site\/wp-json\/wp\/v2\/types\/post"}],"author":[{"embeddable":true,"href":"https:\/\/anoticiaonline.com.br\/site\/wp-json\/wp\/v2\/users\/2"}],"replies":[{"embeddable":true,"href":"https:\/\/anoticiaonline.com.br\/site\/wp-json\/wp\/v2\/comments?post=65163"}],"version-history":[{"count":0,"href":"https:\/\/anoticiaonline.com.br\/site\/wp-json\/wp\/v2\/posts\/65163\/revisions"}],"wp:featuredmedia":[{"embeddable":true,"href":"https:\/\/anoticiaonline.com.br\/site\/wp-json\/wp\/v2\/media\/65164"}],"wp:attachment":[{"href":"https:\/\/anoticiaonline.com.br\/site\/wp-json\/wp\/v2\/media?parent=65163"}],"wp:term":[{"taxonomy":"category","embeddable":true,"href":"https:\/\/anoticiaonline.com.br\/site\/wp-json\/wp\/v2\/categories?post=65163"},{"taxonomy":"post_tag","embeddable":true,"href":"https:\/\/anoticiaonline.com.br\/site\/wp-json\/wp\/v2\/tags?post=65163"}],"curies":[{"name":"wp","href":"https:\/\/api.w.org\/{rel}","templated":true}]}}