{"id":65126,"date":"2018-11-28T13:53:06","date_gmt":"2018-11-28T16:53:06","guid":{"rendered":"http:\/\/anoticiaonline.com.br\/site\/?p=65126"},"modified":"2018-11-28T13:53:06","modified_gmt":"2018-11-28T16:53:06","slug":"demuttran-promove-ciclo-de-palestras-em-escolas-de-muriae","status":"publish","type":"post","link":"https:\/\/anoticiaonline.com.br\/site\/demuttran-promove-ciclo-de-palestras-em-escolas-de-muriae\/","title":{"rendered":"Demuttran promove ciclo de palestras em escolas de Muria\u00e9"},"content":{"rendered":"<p><i>\u00d3rg\u00e3o da Prefeitura levou conhecimentos sobre tr\u00e2nsito para alunos durante Semana de Educa\u00e7\u00e3o para a Vida<\/i><\/p>\n<div><a href=\"https:\/\/anoticiaonline.com.br\/site\/wp-content\/uploads\/2018\/11\/01.jpg\"><img fetchpriority=\"high\" decoding=\"async\" class=\"aligncenter size-full wp-image-65127\" src=\"https:\/\/anoticiaonline.com.br\/site\/wp-content\/uploads\/2018\/11\/01.jpg\" alt=\"\" width=\"1000\" height=\"667\" srcset=\"https:\/\/anoticiaonline.com.br\/site\/wp-content\/uploads\/2018\/11\/01.jpg 1000w, https:\/\/anoticiaonline.com.br\/site\/wp-content\/uploads\/2018\/11\/01-300x200.jpg 300w, https:\/\/anoticiaonline.com.br\/site\/wp-content\/uploads\/2018\/11\/01-768x512.jpg 768w\" sizes=\"(max-width: 1000px) 100vw, 1000px\" \/><\/a>Em comemora\u00e7\u00e3o \u00e0 Semana de Educa\u00e7\u00e3o para a Vida desenvolvida em escolas da rede estadual, a equipe do Departamento Municipal de Transportes e Tr\u00e2nsito de Muria\u00e9 (Demuttran) realizou, ao longo da \u00faltima semana, uma s\u00e9rie de palestras em diversas institui\u00e7\u00f5es da cidade. Os encontros tiveram o objetivo de despertar nos estudantes, desde pequenos, a conscientiza\u00e7\u00e3o para os assuntos pertinentes \u00e0 educa\u00e7\u00e3o no tr\u00e2nsito.<\/div>\n<div><\/div>\n<div>As atividades tiveram in\u00edcio na segunda-feira (19), pela Escola Estadual Jo\u00e3o Alves Bittencourt Sobrinho, no distrito de Bom Jesus da Cachoeira, onde tamb\u00e9m foi promovida a campanha \u201cE Se Fosse Uma Blitz?\u201d (ver mais informa\u00e7\u00f5es abaixo). De quarta at\u00e9 sexta-feira, foi a vez das escolas Professor Gon\u00e7alves Couto (Porto), Doutor Olavo Tostes (Barra) e Julieta de Oliveira Macedo (Planalto), todas da rede estadual, receberem a iniciativa.<\/div>\n<div><\/div>\n<p><!--more--><\/p>\n<div><\/div>\n<div>As palestras foram direcionadas para turmas dos ensinos Fundamental e M\u00e9dio. Com abordagem mais leve e did\u00e1tica, a primeira turma recebeu orienta\u00e7\u00f5es da chefe do Servi\u00e7o de Apoio Administrativo do Demuttran, K\u00e9zia Magalh\u00e3es; j\u00e1 as classes mais avan\u00e7adas ficaram sob a responsabilidade do chefe de An\u00e1lise e Estat\u00edsticas de Tr\u00e2nsito do departamento, Jackson Fernandes.<\/div>\n<div><\/div>\n<div>\u201cPara esses alunos, que j\u00e1 est\u00e3o se aproximando da idade de dirigir, procuramos mostrar os riscos gerados pela imprud\u00eancia ao volante, apresentando informa\u00e7\u00f5es e registros de acidentes ocorridos na regi\u00e3o de Muria\u00e9\u201d, conta Jackson.<\/div>\n<div><\/div>\n<div><b><a href=\"https:\/\/anoticiaonline.com.br\/site\/wp-content\/uploads\/2018\/11\/02.jpg\"><img decoding=\"async\" class=\"aligncenter size-full wp-image-65128\" src=\"https:\/\/anoticiaonline.com.br\/site\/wp-content\/uploads\/2018\/11\/02.jpg\" alt=\"\" width=\"1000\" height=\"667\" srcset=\"https:\/\/anoticiaonline.com.br\/site\/wp-content\/uploads\/2018\/11\/02.jpg 1000w, https:\/\/anoticiaonline.com.br\/site\/wp-content\/uploads\/2018\/11\/02-300x200.jpg 300w, https:\/\/anoticiaonline.com.br\/site\/wp-content\/uploads\/2018\/11\/02-768x512.jpg 768w\" sizes=\"(max-width: 1000px) 100vw, 1000px\" \/><\/a>Campanha alerta para infra\u00e7\u00f5es de tr\u00e2nsito<\/b><\/div>\n<div>No primeiro dia do ciclo de palestras, a equipe do Demuttran tamb\u00e9m levou para o distrito de Bom Jesus da Cachoeira a campanha educativa \u201cE Se Fosse Uma Blitz?\u201d. Durante cerca de duas horas, alunos da Escola Estadual Jo\u00e3o Alves Bittencourt Sobrinho observaram o movimento de ve\u00edculos na regi\u00e3o da Pra\u00e7a da Matriz, realizando a contagem de infra\u00e7\u00f5es cometidas pelos motoristas.<\/div>\n<div><\/div>\n<div>Ao todo, nos 99 ve\u00edculos (carros e motos) que passaram pelo local durante o per\u00edodo, foram contabilizadas 113 irregularidades. A mais frequente foi a n\u00e3o utiliza\u00e7\u00e3o do cinto de seguran\u00e7a, verificada em 44 situa\u00e7\u00f5es.<\/div>\n<div><\/div>\n<div>Motociclistas com viseira do capacete levantada (36) ou que n\u00e3o utilizavam cal\u00e7ado adequado para pilotar (27) tamb\u00e9m chamaram a aten\u00e7\u00e3o. Tamb\u00e9m foram registradas cinco ocorr\u00eancias de transporte de crian\u00e7as sem uso da cadeirinha especial, al\u00e9m de uma de utiliza\u00e7\u00e3o de aparelho celular ao volante.<\/div>\n<div><a href=\"https:\/\/anoticiaonline.com.br\/site\/wp-content\/uploads\/2018\/11\/03.jpg\"><img decoding=\"async\" class=\"aligncenter size-full wp-image-65129\" src=\"https:\/\/anoticiaonline.com.br\/site\/wp-content\/uploads\/2018\/11\/03.jpg\" alt=\"\" width=\"1000\" height=\"667\" srcset=\"https:\/\/anoticiaonline.com.br\/site\/wp-content\/uploads\/2018\/11\/03.jpg 1000w, https:\/\/anoticiaonline.com.br\/site\/wp-content\/uploads\/2018\/11\/03-300x200.jpg 300w, https:\/\/anoticiaonline.com.br\/site\/wp-content\/uploads\/2018\/11\/03-768x512.jpg 768w\" sizes=\"(max-width: 1000px) 100vw, 1000px\" \/><\/a> <a href=\"https:\/\/anoticiaonline.com.br\/site\/wp-content\/uploads\/2018\/11\/04.jpg\"><img loading=\"lazy\" decoding=\"async\" class=\"aligncenter size-full wp-image-65130\" src=\"https:\/\/anoticiaonline.com.br\/site\/wp-content\/uploads\/2018\/11\/04.jpg\" alt=\"\" width=\"1000\" height=\"667\" srcset=\"https:\/\/anoticiaonline.com.br\/site\/wp-content\/uploads\/2018\/11\/04.jpg 1000w, https:\/\/anoticiaonline.com.br\/site\/wp-content\/uploads\/2018\/11\/04-300x200.jpg 300w, https:\/\/anoticiaonline.com.br\/site\/wp-content\/uploads\/2018\/11\/04-768x512.jpg 768w\" sizes=\"(max-width: 1000px) 100vw, 1000px\" \/><\/a><\/div>\n","protected":false},"excerpt":{"rendered":"<p>\u00d3rg\u00e3o da Prefeitura levou conhecimentos sobre tr\u00e2nsito para alunos durante Semana de Educa\u00e7\u00e3o para a Vida Em comemora\u00e7\u00e3o \u00e0 Semana de Educa\u00e7\u00e3o para a Vida desenvolvida em escolas da rede estadual, a equipe do Departamento Municipal de Transportes e Tr\u00e2nsito de Muria\u00e9 (Demuttran) realizou, ao longo da \u00faltima semana, uma s\u00e9rie de palestras em diversas &#8230; <a title=\"Demuttran promove ciclo de palestras em escolas de Muria\u00e9\" class=\"read-more\" href=\"https:\/\/anoticiaonline.com.br\/site\/demuttran-promove-ciclo-de-palestras-em-escolas-de-muriae\/\" aria-label=\"Read more about Demuttran promove ciclo de palestras em escolas de Muria\u00e9\">Ler mais<\/a><\/p>\n","protected":false},"author":7,"featured_media":65127,"comment_status":"open","ping_status":"open","sticky":false,"template":"","format":"standard","meta":{"_acf_changed":false,"_monsterinsights_skip_tracking":false,"footnotes":""},"categories":[30,45],"tags":[1174],"class_list":["post-65126","post","type-post","status-publish","format-standard","has-post-thumbnail","hentry","category-muriae","category-transito","tag-demuttran"],"acf":[],"aioseo_notices":[],"aioseo_head":"\n\t\t<!-- All in One SEO 5.0.0.1 - aioseo.com -->\n\t<meta name=\"description\" content=\"\u00d3rg\u00e3o da Prefeitura levou conhecimentos sobre tr\u00e2nsito para alunos durante Semana de Educa\u00e7\u00e3o para a Vida Em comemora\u00e7\u00e3o \u00e0 Semana de Educa\u00e7\u00e3o para a Vida desenvolvida em escolas da rede estadual, a equipe do Departamento Municipal de Transportes e Tr\u00e2nsito de Muria\u00e9 (Demuttran) realizou, ao longo da \u00faltima semana, uma s\u00e9rie de palestras em diversas\" \/>\n\t<meta name=\"robots\" content=\"max-image-preview:large\" \/>\n\t<meta name=\"author\" content=\"Leandro Bebiano\"\/>\n\t<link rel=\"canonical\" href=\"https:\/\/anoticiaonline.com.br\/site\/demuttran-promove-ciclo-de-palestras-em-escolas-de-muriae\/\" \/>\n\t<meta name=\"generator\" content=\"All in One SEO (AIOSEO) 5.0.0.1\" \/>\n\t\t<meta property=\"og:locale\" content=\"pt_BR\" \/>\n\t\t<meta property=\"og:site_name\" content=\"A Not\u00edcia Online - Noticias de Muria\u00e9 e regi\u00e3o\" \/>\n\t\t<meta property=\"og:type\" content=\"article\" \/>\n\t\t<meta property=\"og:title\" content=\"Demuttran promove ciclo de palestras em escolas de Muria\u00e9 - A Not\u00edcia Online\" \/>\n\t\t<meta property=\"og:description\" content=\"\u00d3rg\u00e3o da Prefeitura levou conhecimentos sobre tr\u00e2nsito para alunos durante Semana de Educa\u00e7\u00e3o para a Vida Em comemora\u00e7\u00e3o \u00e0 Semana de Educa\u00e7\u00e3o para a Vida desenvolvida em escolas da rede estadual, a equipe do Departamento Municipal de Transportes e Tr\u00e2nsito de Muria\u00e9 (Demuttran) realizou, ao longo da \u00faltima semana, uma s\u00e9rie de palestras em diversas\" \/>\n\t\t<meta property=\"og:url\" content=\"https:\/\/anoticiaonline.com.br\/site\/demuttran-promove-ciclo-de-palestras-em-escolas-de-muriae\/\" \/>\n\t\t<meta property=\"og:image\" content=\"https:\/\/scontent-gig4-1.xx.fbcdn.net\/v\/t39.30808-1\/270437624_4564083193639691_6907940295614233970_n.jpg?stp=dst-jpg_s200x200_tt6&#038;_nc_cat=111&#038;ccb=1-7&#038;_nc_sid=f907e8&#038;_nc_ohc=SM1wRlP3lJwQ7kNvwEPuBYA&#038;_nc_oc=AdnqrjDN_BNjSSHWO-GbkIWH6fkGMLw4bqvL_NH6e2wMveX7G-rP2dAqsDSq1mJMOaY&#038;_nc_zt=24&#038;_nc_ht=scontent-gig4-1.xx&#038;_nc_gid=AoBFJeGrT1hVaew_6rchkQ&#038;oh=00_AfX7QmFGhQhG2jAllVgXCiM1ZrWgvtp80-Bfppyexh1QEg&#038;oe=689E923C\" \/>\n\t\t<meta property=\"og:image:secure_url\" content=\"https:\/\/scontent-gig4-1.xx.fbcdn.net\/v\/t39.30808-1\/270437624_4564083193639691_6907940295614233970_n.jpg?stp=dst-jpg_s200x200_tt6&#038;_nc_cat=111&#038;ccb=1-7&#038;_nc_sid=f907e8&#038;_nc_ohc=SM1wRlP3lJwQ7kNvwEPuBYA&#038;_nc_oc=AdnqrjDN_BNjSSHWO-GbkIWH6fkGMLw4bqvL_NH6e2wMveX7G-rP2dAqsDSq1mJMOaY&#038;_nc_zt=24&#038;_nc_ht=scontent-gig4-1.xx&#038;_nc_gid=AoBFJeGrT1hVaew_6rchkQ&#038;oh=00_AfX7QmFGhQhG2jAllVgXCiM1ZrWgvtp80-Bfppyexh1QEg&#038;oe=689E923C\" \/>\n\t\t<meta property=\"article:published_time\" content=\"2018-11-28T16:53:06+00:00\" \/>\n\t\t<meta property=\"article:modified_time\" content=\"2018-11-28T16:53:06+00:00\" \/>\n\t\t<meta name=\"twitter:card\" content=\"summary_large_image\" \/>\n\t\t<meta name=\"twitter:title\" content=\"Demuttran promove ciclo de palestras em escolas de Muria\u00e9 - A Not\u00edcia Online\" \/>\n\t\t<meta name=\"twitter:description\" content=\"\u00d3rg\u00e3o da Prefeitura levou conhecimentos sobre tr\u00e2nsito para alunos durante Semana de Educa\u00e7\u00e3o para a Vida Em comemora\u00e7\u00e3o \u00e0 Semana de Educa\u00e7\u00e3o para a Vida desenvolvida em escolas da rede estadual, a equipe do Departamento Municipal de Transportes e Tr\u00e2nsito de Muria\u00e9 (Demuttran) realizou, ao longo da \u00faltima semana, uma s\u00e9rie de palestras em diversas\" \/>\n\t\t<meta name=\"twitter:image\" content=\"https:\/\/scontent-gig4-1.xx.fbcdn.net\/v\/t39.30808-1\/270437624_4564083193639691_6907940295614233970_n.jpg?stp=dst-jpg_s200x200_tt6&amp;_nc_cat=111&amp;ccb=1-7&amp;_nc_sid=f907e8&amp;_nc_ohc=SM1wRlP3lJwQ7kNvwEPuBYA&amp;_nc_oc=AdnqrjDN_BNjSSHWO-GbkIWH6fkGMLw4bqvL_NH6e2wMveX7G-rP2dAqsDSq1mJMOaY&amp;_nc_zt=24&amp;_nc_ht=scontent-gig4-1.xx&amp;_nc_gid=AoBFJeGrT1hVaew_6rchkQ&amp;oh=00_AfX7QmFGhQhG2jAllVgXCiM1ZrWgvtp80-Bfppyexh1QEg&amp;oe=689E923C\" \/>\n\t\t<script type=\"application\/ld+json\" class=\"aioseo-schema\">\n\t\t\t{\"@context\":\"https:\\\/\\\/schema.org\",\"@graph\":[{\"@type\":\"BlogPosting\",\"@id\":\"https:\\\/\\\/anoticiaonline.com.br\\\/site\\\/demuttran-promove-ciclo-de-palestras-em-escolas-de-muriae\\\/#blogposting\",\"name\":\"Demuttran promove ciclo de palestras em escolas de Muria\\u00e9 - A Not\\u00edcia Online\",\"headline\":\"Demuttran promove ciclo de palestras em escolas de Muria\\u00e9\",\"author\":{\"@id\":\"https:\\\/\\\/anoticiaonline.com.br\\\/site\\\/author\\\/leandro\\\/#author\"},\"publisher\":{\"@id\":\"https:\\\/\\\/anoticiaonline.com.br\\\/site\\\/#organization\"},\"image\":{\"@type\":\"ImageObject\",\"url\":\"https:\\\/\\\/anoticiaonline.com.br\\\/site\\\/wp-content\\\/uploads\\\/2018\\\/11\\\/01.jpg\",\"width\":1000,\"height\":667},\"datePublished\":\"2018-11-28T13:53:06-03:00\",\"dateModified\":\"2018-11-28T13:53:06-03:00\",\"inLanguage\":\"pt-BR\",\"mainEntityOfPage\":{\"@id\":\"https:\\\/\\\/anoticiaonline.com.br\\\/site\\\/demuttran-promove-ciclo-de-palestras-em-escolas-de-muriae\\\/#webpage\"},\"isPartOf\":{\"@id\":\"https:\\\/\\\/anoticiaonline.com.br\\\/site\\\/demuttran-promove-ciclo-de-palestras-em-escolas-de-muriae\\\/#webpage\"},\"articleSection\":\"Blog, Tr\\u00e2nsito, demuttran\"},{\"@type\":\"BreadcrumbList\",\"@id\":\"https:\\\/\\\/anoticiaonline.com.br\\\/site\\\/demuttran-promove-ciclo-de-palestras-em-escolas-de-muriae\\\/#breadcrumblist\",\"itemListElement\":[{\"@type\":\"ListItem\",\"@id\":\"https:\\\/\\\/anoticiaonline.com.br\\\/site#listItem\",\"position\":1,\"name\":\"Home\",\"item\":\"https:\\\/\\\/anoticiaonline.com.br\\\/site\",\"nextItem\":{\"@type\":\"ListItem\",\"@id\":\"https:\\\/\\\/anoticiaonline.com.br\\\/site\\\/categoria\\\/muriae\\\/#listItem\",\"name\":\"Blog\"}},{\"@type\":\"ListItem\",\"@id\":\"https:\\\/\\\/anoticiaonline.com.br\\\/site\\\/categoria\\\/muriae\\\/#listItem\",\"position\":2,\"name\":\"Blog\",\"item\":\"https:\\\/\\\/anoticiaonline.com.br\\\/site\\\/categoria\\\/muriae\\\/\",\"nextItem\":{\"@type\":\"ListItem\",\"@id\":\"https:\\\/\\\/anoticiaonline.com.br\\\/site\\\/categoria\\\/muriae\\\/transito\\\/#listItem\",\"name\":\"Tr\\u00e2nsito\"},\"previousItem\":{\"@type\":\"ListItem\",\"@id\":\"https:\\\/\\\/anoticiaonline.com.br\\\/site#listItem\",\"name\":\"Home\"}},{\"@type\":\"ListItem\",\"@id\":\"https:\\\/\\\/anoticiaonline.com.br\\\/site\\\/categoria\\\/muriae\\\/transito\\\/#listItem\",\"position\":3,\"name\":\"Tr\\u00e2nsito\",\"item\":\"https:\\\/\\\/anoticiaonline.com.br\\\/site\\\/categoria\\\/muriae\\\/transito\\\/\",\"nextItem\":{\"@type\":\"ListItem\",\"@id\":\"https:\\\/\\\/anoticiaonline.com.br\\\/site\\\/demuttran-promove-ciclo-de-palestras-em-escolas-de-muriae\\\/#listItem\",\"name\":\"Demuttran promove ciclo de palestras em escolas de Muria\\u00e9\"},\"previousItem\":{\"@type\":\"ListItem\",\"@id\":\"https:\\\/\\\/anoticiaonline.com.br\\\/site\\\/categoria\\\/muriae\\\/#listItem\",\"name\":\"Blog\"}},{\"@type\":\"ListItem\",\"@id\":\"https:\\\/\\\/anoticiaonline.com.br\\\/site\\\/demuttran-promove-ciclo-de-palestras-em-escolas-de-muriae\\\/#listItem\",\"position\":4,\"name\":\"Demuttran promove ciclo de palestras em escolas de Muria\\u00e9\",\"previousItem\":{\"@type\":\"ListItem\",\"@id\":\"https:\\\/\\\/anoticiaonline.com.br\\\/site\\\/categoria\\\/muriae\\\/transito\\\/#listItem\",\"name\":\"Tr\\u00e2nsito\"}}]},{\"@type\":\"Organization\",\"@id\":\"https:\\\/\\\/anoticiaonline.com.br\\\/site\\\/#organization\",\"name\":\"A Not\\u00edcia Online\",\"description\":\"Noticias de Muria\\u00e9 e regi\\u00e3o\",\"url\":\"https:\\\/\\\/anoticiaonline.com.br\\\/site\\\/\",\"logo\":{\"@type\":\"ImageObject\",\"url\":\"https:\\\/\\\/scontent-gig4-1.xx.fbcdn.net\\\/v\\\/t39.30808-1\\\/270437624_4564083193639691_6907940295614233970_n.jpg?stp=dst-jpg_s200x200_tt6&_nc_cat=111&ccb=1-7&_nc_sid=f907e8&_nc_ohc=SM1wRlP3lJwQ7kNvwEPuBYA&_nc_oc=AdnqrjDN_BNjSSHWO-GbkIWH6fkGMLw4bqvL_NH6e2wMveX7G-rP2dAqsDSq1mJMOaY&_nc_zt=24&_nc_ht=scontent-gig4-1.xx&_nc_gid=AoBFJeGrT1hVaew_6rchkQ&oh=00_AfX7QmFGhQhG2jAllVgXCiM1ZrWgvtp80-Bfppyexh1QEg&oe=689E923C\",\"@id\":\"https:\\\/\\\/anoticiaonline.com.br\\\/site\\\/demuttran-promove-ciclo-de-palestras-em-escolas-de-muriae\\\/#organizationLogo\"},\"image\":{\"@id\":\"https:\\\/\\\/anoticiaonline.com.br\\\/site\\\/demuttran-promove-ciclo-de-palestras-em-escolas-de-muriae\\\/#organizationLogo\"}},{\"@type\":\"Person\",\"@id\":\"https:\\\/\\\/anoticiaonline.com.br\\\/site\\\/author\\\/leandro\\\/#author\",\"url\":\"https:\\\/\\\/anoticiaonline.com.br\\\/site\\\/author\\\/leandro\\\/\",\"name\":\"Leandro Bebiano\",\"image\":{\"@type\":\"ImageObject\",\"@id\":\"https:\\\/\\\/anoticiaonline.com.br\\\/site\\\/demuttran-promove-ciclo-de-palestras-em-escolas-de-muriae\\\/#authorImage\",\"url\":\"https:\\\/\\\/secure.gravatar.com\\\/avatar\\\/99966a20c143db97c8590c2013307c7c234a4cca48ed5657cbb47e22a400bd5f?s=96&d=mm&r=g\",\"width\":96,\"height\":96,\"caption\":\"Leandro Bebiano\"}},{\"@type\":\"WebPage\",\"@id\":\"https:\\\/\\\/anoticiaonline.com.br\\\/site\\\/demuttran-promove-ciclo-de-palestras-em-escolas-de-muriae\\\/#webpage\",\"url\":\"https:\\\/\\\/anoticiaonline.com.br\\\/site\\\/demuttran-promove-ciclo-de-palestras-em-escolas-de-muriae\\\/\",\"name\":\"Demuttran promove ciclo de palestras em escolas de Muria\\u00e9 - A Not\\u00edcia Online\",\"description\":\"\\u00d3rg\\u00e3o da Prefeitura levou conhecimentos sobre tr\\u00e2nsito para alunos durante Semana de Educa\\u00e7\\u00e3o para a Vida Em comemora\\u00e7\\u00e3o \\u00e0 Semana de Educa\\u00e7\\u00e3o para a Vida desenvolvida em escolas da rede estadual, a equipe do Departamento Municipal de Transportes e Tr\\u00e2nsito de Muria\\u00e9 (Demuttran) realizou, ao longo da \\u00faltima semana, uma s\\u00e9rie de palestras em diversas\",\"inLanguage\":\"pt-BR\",\"isPartOf\":{\"@id\":\"https:\\\/\\\/anoticiaonline.com.br\\\/site\\\/#website\"},\"breadcrumb\":{\"@id\":\"https:\\\/\\\/anoticiaonline.com.br\\\/site\\\/demuttran-promove-ciclo-de-palestras-em-escolas-de-muriae\\\/#breadcrumblist\"},\"author\":{\"@id\":\"https:\\\/\\\/anoticiaonline.com.br\\\/site\\\/author\\\/leandro\\\/#author\"},\"creator\":{\"@id\":\"https:\\\/\\\/anoticiaonline.com.br\\\/site\\\/author\\\/leandro\\\/#author\"},\"image\":{\"@type\":\"ImageObject\",\"url\":\"https:\\\/\\\/anoticiaonline.com.br\\\/site\\\/wp-content\\\/uploads\\\/2018\\\/11\\\/01.jpg\",\"@id\":\"https:\\\/\\\/anoticiaonline.com.br\\\/site\\\/demuttran-promove-ciclo-de-palestras-em-escolas-de-muriae\\\/#mainImage\",\"width\":1000,\"height\":667},\"primaryImageOfPage\":{\"@id\":\"https:\\\/\\\/anoticiaonline.com.br\\\/site\\\/demuttran-promove-ciclo-de-palestras-em-escolas-de-muriae\\\/#mainImage\"},\"datePublished\":\"2018-11-28T13:53:06-03:00\",\"dateModified\":\"2018-11-28T13:53:06-03:00\"},{\"@type\":\"WebSite\",\"@id\":\"https:\\\/\\\/anoticiaonline.com.br\\\/site\\\/#website\",\"url\":\"https:\\\/\\\/anoticiaonline.com.br\\\/site\\\/\",\"name\":\"A Not\\u00edcia Online\",\"description\":\"Noticias de Muria\\u00e9 e regi\\u00e3o\",\"inLanguage\":\"pt-BR\",\"publisher\":{\"@id\":\"https:\\\/\\\/anoticiaonline.com.br\\\/site\\\/#organization\"}}]}\n\t\t<\/script>\n\t\t<!-- All in One SEO -->\n\n","aioseo_head_json":{"title":"Demuttran promove ciclo de palestras em escolas de Muria\u00e9 - A Not\u00edcia Online","description":"\u00d3rg\u00e3o da Prefeitura levou conhecimentos sobre tr\u00e2nsito para alunos durante Semana de Educa\u00e7\u00e3o para a Vida Em comemora\u00e7\u00e3o \u00e0 Semana de Educa\u00e7\u00e3o para a Vida desenvolvida em escolas da rede estadual, a equipe do Departamento Municipal de Transportes e Tr\u00e2nsito de Muria\u00e9 (Demuttran) realizou, ao longo da \u00faltima semana, uma s\u00e9rie de palestras em diversas","canonical_url":"https:\/\/anoticiaonline.com.br\/site\/demuttran-promove-ciclo-de-palestras-em-escolas-de-muriae\/","robots":"max-image-preview:large","keywords":"","webmasterTools":{"miscellaneous":""},"schema":{"@context":"https:\/\/schema.org","@graph":[{"@type":"BlogPosting","@id":"https:\/\/anoticiaonline.com.br\/site\/demuttran-promove-ciclo-de-palestras-em-escolas-de-muriae\/#blogposting","name":"Demuttran promove ciclo de palestras em escolas de Muria\u00e9 - A Not\u00edcia Online","headline":"Demuttran promove ciclo de palestras em escolas de Muria\u00e9","author":{"@id":"https:\/\/anoticiaonline.com.br\/site\/author\/leandro\/#author"},"publisher":{"@id":"https:\/\/anoticiaonline.com.br\/site\/#organization"},"image":{"@type":"ImageObject","url":"https:\/\/anoticiaonline.com.br\/site\/wp-content\/uploads\/2018\/11\/01.jpg","width":1000,"height":667},"datePublished":"2018-11-28T13:53:06-03:00","dateModified":"2018-11-28T13:53:06-03:00","inLanguage":"pt-BR","mainEntityOfPage":{"@id":"https:\/\/anoticiaonline.com.br\/site\/demuttran-promove-ciclo-de-palestras-em-escolas-de-muriae\/#webpage"},"isPartOf":{"@id":"https:\/\/anoticiaonline.com.br\/site\/demuttran-promove-ciclo-de-palestras-em-escolas-de-muriae\/#webpage"},"articleSection":"Blog, Tr\u00e2nsito, demuttran"},{"@type":"BreadcrumbList","@id":"https:\/\/anoticiaonline.com.br\/site\/demuttran-promove-ciclo-de-palestras-em-escolas-de-muriae\/#breadcrumblist","itemListElement":[{"@type":"ListItem","@id":"https:\/\/anoticiaonline.com.br\/site#listItem","position":1,"name":"Home","item":"https:\/\/anoticiaonline.com.br\/site","nextItem":{"@type":"ListItem","@id":"https:\/\/anoticiaonline.com.br\/site\/categoria\/muriae\/#listItem","name":"Blog"}},{"@type":"ListItem","@id":"https:\/\/anoticiaonline.com.br\/site\/categoria\/muriae\/#listItem","position":2,"name":"Blog","item":"https:\/\/anoticiaonline.com.br\/site\/categoria\/muriae\/","nextItem":{"@type":"ListItem","@id":"https:\/\/anoticiaonline.com.br\/site\/categoria\/muriae\/transito\/#listItem","name":"Tr\u00e2nsito"},"previousItem":{"@type":"ListItem","@id":"https:\/\/anoticiaonline.com.br\/site#listItem","name":"Home"}},{"@type":"ListItem","@id":"https:\/\/anoticiaonline.com.br\/site\/categoria\/muriae\/transito\/#listItem","position":3,"name":"Tr\u00e2nsito","item":"https:\/\/anoticiaonline.com.br\/site\/categoria\/muriae\/transito\/","nextItem":{"@type":"ListItem","@id":"https:\/\/anoticiaonline.com.br\/site\/demuttran-promove-ciclo-de-palestras-em-escolas-de-muriae\/#listItem","name":"Demuttran promove ciclo de palestras em escolas de Muria\u00e9"},"previousItem":{"@type":"ListItem","@id":"https:\/\/anoticiaonline.com.br\/site\/categoria\/muriae\/#listItem","name":"Blog"}},{"@type":"ListItem","@id":"https:\/\/anoticiaonline.com.br\/site\/demuttran-promove-ciclo-de-palestras-em-escolas-de-muriae\/#listItem","position":4,"name":"Demuttran promove ciclo de palestras em escolas de Muria\u00e9","previousItem":{"@type":"ListItem","@id":"https:\/\/anoticiaonline.com.br\/site\/categoria\/muriae\/transito\/#listItem","name":"Tr\u00e2nsito"}}]},{"@type":"Organization","@id":"https:\/\/anoticiaonline.com.br\/site\/#organization","name":"A Not\u00edcia Online","description":"Noticias de Muria\u00e9 e regi\u00e3o","url":"https:\/\/anoticiaonline.com.br\/site\/","logo":{"@type":"ImageObject","url":"https:\/\/scontent-gig4-1.xx.fbcdn.net\/v\/t39.30808-1\/270437624_4564083193639691_6907940295614233970_n.jpg?stp=dst-jpg_s200x200_tt6&_nc_cat=111&ccb=1-7&_nc_sid=f907e8&_nc_ohc=SM1wRlP3lJwQ7kNvwEPuBYA&_nc_oc=AdnqrjDN_BNjSSHWO-GbkIWH6fkGMLw4bqvL_NH6e2wMveX7G-rP2dAqsDSq1mJMOaY&_nc_zt=24&_nc_ht=scontent-gig4-1.xx&_nc_gid=AoBFJeGrT1hVaew_6rchkQ&oh=00_AfX7QmFGhQhG2jAllVgXCiM1ZrWgvtp80-Bfppyexh1QEg&oe=689E923C","@id":"https:\/\/anoticiaonline.com.br\/site\/demuttran-promove-ciclo-de-palestras-em-escolas-de-muriae\/#organizationLogo"},"image":{"@id":"https:\/\/anoticiaonline.com.br\/site\/demuttran-promove-ciclo-de-palestras-em-escolas-de-muriae\/#organizationLogo"}},{"@type":"Person","@id":"https:\/\/anoticiaonline.com.br\/site\/author\/leandro\/#author","url":"https:\/\/anoticiaonline.com.br\/site\/author\/leandro\/","name":"Leandro Bebiano","image":{"@type":"ImageObject","@id":"https:\/\/anoticiaonline.com.br\/site\/demuttran-promove-ciclo-de-palestras-em-escolas-de-muriae\/#authorImage","url":"https:\/\/secure.gravatar.com\/avatar\/99966a20c143db97c8590c2013307c7c234a4cca48ed5657cbb47e22a400bd5f?s=96&d=mm&r=g","width":96,"height":96,"caption":"Leandro Bebiano"}},{"@type":"WebPage","@id":"https:\/\/anoticiaonline.com.br\/site\/demuttran-promove-ciclo-de-palestras-em-escolas-de-muriae\/#webpage","url":"https:\/\/anoticiaonline.com.br\/site\/demuttran-promove-ciclo-de-palestras-em-escolas-de-muriae\/","name":"Demuttran promove ciclo de palestras em escolas de Muria\u00e9 - A Not\u00edcia Online","description":"\u00d3rg\u00e3o da Prefeitura levou conhecimentos sobre tr\u00e2nsito para alunos durante Semana de Educa\u00e7\u00e3o para a Vida Em comemora\u00e7\u00e3o \u00e0 Semana de Educa\u00e7\u00e3o para a Vida desenvolvida em escolas da rede estadual, a equipe do Departamento Municipal de Transportes e Tr\u00e2nsito de Muria\u00e9 (Demuttran) realizou, ao longo da \u00faltima semana, uma s\u00e9rie de palestras em diversas","inLanguage":"pt-BR","isPartOf":{"@id":"https:\/\/anoticiaonline.com.br\/site\/#website"},"breadcrumb":{"@id":"https:\/\/anoticiaonline.com.br\/site\/demuttran-promove-ciclo-de-palestras-em-escolas-de-muriae\/#breadcrumblist"},"author":{"@id":"https:\/\/anoticiaonline.com.br\/site\/author\/leandro\/#author"},"creator":{"@id":"https:\/\/anoticiaonline.com.br\/site\/author\/leandro\/#author"},"image":{"@type":"ImageObject","url":"https:\/\/anoticiaonline.com.br\/site\/wp-content\/uploads\/2018\/11\/01.jpg","@id":"https:\/\/anoticiaonline.com.br\/site\/demuttran-promove-ciclo-de-palestras-em-escolas-de-muriae\/#mainImage","width":1000,"height":667},"primaryImageOfPage":{"@id":"https:\/\/anoticiaonline.com.br\/site\/demuttran-promove-ciclo-de-palestras-em-escolas-de-muriae\/#mainImage"},"datePublished":"2018-11-28T13:53:06-03:00","dateModified":"2018-11-28T13:53:06-03:00"},{"@type":"WebSite","@id":"https:\/\/anoticiaonline.com.br\/site\/#website","url":"https:\/\/anoticiaonline.com.br\/site\/","name":"A Not\u00edcia Online","description":"Noticias de Muria\u00e9 e regi\u00e3o","inLanguage":"pt-BR","publisher":{"@id":"https:\/\/anoticiaonline.com.br\/site\/#organization"}}]},"og:locale":"pt_BR","og:site_name":"A Not\u00edcia Online - Noticias de Muria\u00e9 e regi\u00e3o","og:type":"article","og:title":"Demuttran promove ciclo de palestras em escolas de Muria\u00e9 - A Not\u00edcia Online","og:description":"\u00d3rg\u00e3o da Prefeitura levou conhecimentos sobre tr\u00e2nsito para alunos durante Semana de Educa\u00e7\u00e3o para a Vida Em comemora\u00e7\u00e3o \u00e0 Semana de Educa\u00e7\u00e3o para a Vida desenvolvida em escolas da rede estadual, a equipe do Departamento Municipal de Transportes e Tr\u00e2nsito de Muria\u00e9 (Demuttran) realizou, ao longo da \u00faltima semana, uma s\u00e9rie de palestras em diversas","og:url":"https:\/\/anoticiaonline.com.br\/site\/demuttran-promove-ciclo-de-palestras-em-escolas-de-muriae\/","og:image":"https:\/\/scontent-gig4-1.xx.fbcdn.net\/v\/t39.30808-1\/270437624_4564083193639691_6907940295614233970_n.jpg?stp=dst-jpg_s200x200_tt6&#038;_nc_cat=111&#038;ccb=1-7&#038;_nc_sid=f907e8&#038;_nc_ohc=SM1wRlP3lJwQ7kNvwEPuBYA&#038;_nc_oc=AdnqrjDN_BNjSSHWO-GbkIWH6fkGMLw4bqvL_NH6e2wMveX7G-rP2dAqsDSq1mJMOaY&#038;_nc_zt=24&#038;_nc_ht=scontent-gig4-1.xx&#038;_nc_gid=AoBFJeGrT1hVaew_6rchkQ&#038;oh=00_AfX7QmFGhQhG2jAllVgXCiM1ZrWgvtp80-Bfppyexh1QEg&#038;oe=689E923C","og:image:secure_url":"https:\/\/scontent-gig4-1.xx.fbcdn.net\/v\/t39.30808-1\/270437624_4564083193639691_6907940295614233970_n.jpg?stp=dst-jpg_s200x200_tt6&#038;_nc_cat=111&#038;ccb=1-7&#038;_nc_sid=f907e8&#038;_nc_ohc=SM1wRlP3lJwQ7kNvwEPuBYA&#038;_nc_oc=AdnqrjDN_BNjSSHWO-GbkIWH6fkGMLw4bqvL_NH6e2wMveX7G-rP2dAqsDSq1mJMOaY&#038;_nc_zt=24&#038;_nc_ht=scontent-gig4-1.xx&#038;_nc_gid=AoBFJeGrT1hVaew_6rchkQ&#038;oh=00_AfX7QmFGhQhG2jAllVgXCiM1ZrWgvtp80-Bfppyexh1QEg&#038;oe=689E923C","article:published_time":"2018-11-28T16:53:06+00:00","article:modified_time":"2018-11-28T16:53:06+00:00","twitter:card":"summary_large_image","twitter:title":"Demuttran promove ciclo de palestras em escolas de Muria\u00e9 - A Not\u00edcia Online","twitter:description":"\u00d3rg\u00e3o da Prefeitura levou conhecimentos sobre tr\u00e2nsito para alunos durante Semana de Educa\u00e7\u00e3o para a Vida Em comemora\u00e7\u00e3o \u00e0 Semana de Educa\u00e7\u00e3o para a Vida desenvolvida em escolas da rede estadual, a equipe do Departamento Municipal de Transportes e Tr\u00e2nsito de Muria\u00e9 (Demuttran) realizou, ao longo da \u00faltima semana, uma s\u00e9rie de palestras em diversas","twitter:image":"https:\/\/scontent-gig4-1.xx.fbcdn.net\/v\/t39.30808-1\/270437624_4564083193639691_6907940295614233970_n.jpg?stp=dst-jpg_s200x200_tt6&_nc_cat=111&ccb=1-7&_nc_sid=f907e8&_nc_ohc=SM1wRlP3lJwQ7kNvwEPuBYA&_nc_oc=AdnqrjDN_BNjSSHWO-GbkIWH6fkGMLw4bqvL_NH6e2wMveX7G-rP2dAqsDSq1mJMOaY&_nc_zt=24&_nc_ht=scontent-gig4-1.xx&_nc_gid=AoBFJeGrT1hVaew_6rchkQ&oh=00_AfX7QmFGhQhG2jAllVgXCiM1ZrWgvtp80-Bfppyexh1QEg&oe=689E923C"},"aioseo_meta_data":{"post_id":"65126","title":null,"description":null,"keywords":null,"keyphrases":null,"primary_term":null,"canonical_url":null,"og_title":null,"og_description":null,"og_object_type":"default","og_image_type":"default","og_image_url":null,"og_image_width":null,"og_image_height":null,"og_image_custom_url":null,"og_image_custom_fields":null,"og_video":null,"og_custom_url":null,"og_article_section":null,"og_article_tags":null,"twitter_use_og":false,"twitter_card":"default","twitter_image_type":"default","twitter_image_url":null,"twitter_image_custom_url":null,"twitter_image_custom_fields":null,"twitter_title":null,"twitter_description":null,"schema":{"blockGraphs":[],"customGraphs":[],"default":{"data":{"Article":[],"Course":[],"Dataset":[],"FAQPage":[],"Movie":[],"Person":[],"Product":[],"ProductReview":[],"Car":[],"Recipe":[],"Service":[],"SoftwareApplication":[],"WebPage":[]},"graphName":"","isEnabled":true},"graphs":[]},"schema_type":"default","schema_type_options":null,"pillar_content":false,"robots_default":true,"robots_noindex":false,"robots_noarchive":false,"robots_nosnippet":false,"robots_nofollow":false,"robots_noimageindex":false,"robots_noodp":false,"robots_notranslate":false,"robots_max_snippet":null,"robots_max_videopreview":null,"robots_max_imagepreview":"large","priority":null,"frequency":null,"local_seo":null,"breadcrumb_settings":null,"limit_modified_date":false,"ai":null,"created":"2025-08-16 22:19:44","updated":"2025-08-16 22:19:44","focus_keyword":null,"additional_keywords":null,"truseo_locale":null,"seo_analyzer_scan_date":null},"aioseo_breadcrumb":"<div class=\"aioseo-breadcrumbs\"><span class=\"aioseo-breadcrumb\">\n\t\t\t<a href=\"https:\/\/anoticiaonline.com.br\/site\" title=\"Home\">Home<\/a>\n\t\t<\/span><span class=\"aioseo-breadcrumb-separator\">&raquo;<\/span><span class=\"aioseo-breadcrumb\">\n\t\t\t<a href=\"https:\/\/anoticiaonline.com.br\/site\/categoria\/muriae\/\" title=\"Blog\">Blog<\/a>\n\t\t<\/span><span class=\"aioseo-breadcrumb-separator\">&raquo;<\/span><span class=\"aioseo-breadcrumb\">\n\t\t\t<a href=\"https:\/\/anoticiaonline.com.br\/site\/categoria\/muriae\/transito\/\" title=\"Tr\u00e2nsito\">Tr\u00e2nsito<\/a>\n\t\t<\/span><span class=\"aioseo-breadcrumb-separator\">&raquo;<\/span><span class=\"aioseo-breadcrumb\">\n\t\t\tDemuttran promove ciclo de palestras em escolas de Muria\u00e9\n\t\t<\/span><\/div>","aioseo_breadcrumb_json":[{"label":"Home","link":"https:\/\/anoticiaonline.com.br\/site"},{"label":"Blog","link":"https:\/\/anoticiaonline.com.br\/site\/categoria\/muriae\/"},{"label":"Tr\u00e2nsito","link":"https:\/\/anoticiaonline.com.br\/site\/categoria\/muriae\/transito\/"},{"label":"Demuttran promove ciclo de palestras em escolas de Muria\u00e9","link":"https:\/\/anoticiaonline.com.br\/site\/demuttran-promove-ciclo-de-palestras-em-escolas-de-muriae\/"}],"views":153,"_links":{"self":[{"href":"https:\/\/anoticiaonline.com.br\/site\/wp-json\/wp\/v2\/posts\/65126","targetHints":{"allow":["GET"]}}],"collection":[{"href":"https:\/\/anoticiaonline.com.br\/site\/wp-json\/wp\/v2\/posts"}],"about":[{"href":"https:\/\/anoticiaonline.com.br\/site\/wp-json\/wp\/v2\/types\/post"}],"author":[{"embeddable":true,"href":"https:\/\/anoticiaonline.com.br\/site\/wp-json\/wp\/v2\/users\/7"}],"replies":[{"embeddable":true,"href":"https:\/\/anoticiaonline.com.br\/site\/wp-json\/wp\/v2\/comments?post=65126"}],"version-history":[{"count":0,"href":"https:\/\/anoticiaonline.com.br\/site\/wp-json\/wp\/v2\/posts\/65126\/revisions"}],"wp:featuredmedia":[{"embeddable":true,"href":"https:\/\/anoticiaonline.com.br\/site\/wp-json\/wp\/v2\/media\/65127"}],"wp:attachment":[{"href":"https:\/\/anoticiaonline.com.br\/site\/wp-json\/wp\/v2\/media?parent=65126"}],"wp:term":[{"taxonomy":"category","embeddable":true,"href":"https:\/\/anoticiaonline.com.br\/site\/wp-json\/wp\/v2\/categories?post=65126"},{"taxonomy":"post_tag","embeddable":true,"href":"https:\/\/anoticiaonline.com.br\/site\/wp-json\/wp\/v2\/tags?post=65126"}],"curies":[{"name":"wp","href":"https:\/\/api.w.org\/{rel}","templated":true}]}}