{"id":65123,"date":"2018-11-28T13:42:17","date_gmt":"2018-11-28T16:42:17","guid":{"rendered":"http:\/\/anoticiaonline.com.br\/site\/?p=65123"},"modified":"2018-11-28T13:42:17","modified_gmt":"2018-11-28T16:42:17","slug":"seguem-abertas-inscricoes-para-2o-forum-municipal-de-lixo-e-cidadania-promovido-pelo-demsur","status":"publish","type":"post","link":"https:\/\/anoticiaonline.com.br\/site\/seguem-abertas-inscricoes-para-2o-forum-municipal-de-lixo-e-cidadania-promovido-pelo-demsur\/","title":{"rendered":"Seguem abertas inscri\u00e7\u00f5es para 2\u00ba F\u00f3rum Municipal de Lixo e Cidadania promovido pelo Demsur"},"content":{"rendered":"<p style=\"font-weight: 400;\"><a href=\"https:\/\/anoticiaonline.com.br\/site\/wp-content\/uploads\/2018\/11\/Banner2.jpg\"><img fetchpriority=\"high\" decoding=\"async\" class=\"aligncenter size-full wp-image-65124\" src=\"https:\/\/anoticiaonline.com.br\/site\/wp-content\/uploads\/2018\/11\/Banner2.jpg\" alt=\"\" width=\"1000\" height=\"750\" srcset=\"https:\/\/anoticiaonline.com.br\/site\/wp-content\/uploads\/2018\/11\/Banner2.jpg 1000w, https:\/\/anoticiaonline.com.br\/site\/wp-content\/uploads\/2018\/11\/Banner2-300x225.jpg 300w, https:\/\/anoticiaonline.com.br\/site\/wp-content\/uploads\/2018\/11\/Banner2-768x576.jpg 768w, https:\/\/anoticiaonline.com.br\/site\/wp-content\/uploads\/2018\/11\/Banner2-105x80.jpg 105w\" sizes=\"(max-width: 1000px) 100vw, 1000px\" \/><\/a>As inscri\u00e7\u00f5es para o 2\u00b0 F\u00f3rum Municipal de Lixo e Cidadania, promovido pelo Demsur, ainda est\u00e3o abertas e podem ser feitas gratuitamente pelo site da autarquia. O evento acontecer\u00e1 na pr\u00f3xima quinta-feira (29) no Audit\u00f3rio do IF Sudeste e ter\u00e1 como tema principal \u201cLixo Zero\u201d.<\/p>\n<p style=\"font-weight: 400;\">O objetivo \u00e9 destacar o processo da Coleta Seletiva e sua relev\u00e2ncia na preserva\u00e7\u00e3o do meio ambiente. A programa\u00e7\u00e3o inclui palestra com o Engenheiro Ambiental da Universidade Federal de Vi\u00e7osa \u2013 UFV, Ulisses Bifano, que abordar\u00e1 o tema \u201cPassos para uma cidade Lixo Zero!\u201d<\/p>\n<p style=\"font-weight: 400;\">Representantes do setor p\u00fablico, empresa privada, organiza\u00e7\u00e3o n\u00e3o governamental, institui\u00e7\u00e3o de ensino, hospital e ind\u00fastrias participar\u00e3o de uma mesa redonda e ir\u00e3o apresentar medidas adotadas pelas institui\u00e7\u00f5es que reduzem a quantidade de res\u00edduos s\u00f3lidos que s\u00e3o descartados.<!--more--><\/p>\n<p style=\"font-weight: 400;\">Com o evento, o Demsur pretende incentivar a popula\u00e7\u00e3o a adotar medidas sustent\u00e1veis visando a melhor gest\u00e3o de res\u00edduos.<\/p>\n<p style=\"font-weight: 400;\">Participar\u00e3o do debate representantes da Energisa, Hospital do C\u00e2ncer de Muria\u00e9 \u2013 Funda\u00e7\u00e3o Cristiano Varella, CristalTemper, ONG Iracambi e IF Sudeste.<\/p>\n<p style=\"font-weight: 400;\">A pr\u00e9-inscri\u00e7\u00e3o j\u00e1 come\u00e7ou e pode ser feita gratuitamente atrav\u00e9s do link\u00a0\u00a0<a href=\"http:\/\/bit.ly\/demsur-inscricao\" data-saferedirecturl=\"http:\/\/www.google.com\/url?q=http:\/\/bit.ly\/demsur-inscricao&amp;source=gmail&amp;ust=1543495529049000&amp;usg=AFQjCNFbB7RCSe57W1KaHXWwO0n0WTx_5w\">http:\/\/bit.ly\/demsur-inscricao<\/a><\/p>\n<p style=\"font-weight: 400;\"><strong><u>Cronograma do evento:<\/u><\/strong><\/p>\n<p style=\"font-weight: 400;\">17:30 \u2013 credenciamento<\/p>\n<p style=\"font-weight: 400;\">18:00 \u2013 Abertura<\/p>\n<p style=\"font-weight: 400;\">18:15 \u2013 Apresenta\u00e7\u00e3o Cultural<\/p>\n<p style=\"font-weight: 400;\">18:30 \u2013 Palestra: \u201cPassos para uma cidade Lixo Zero\u201d &#8211; Ulisses Bifano (Eng\u00ba Ambiental \u2013 UFV)<\/p>\n<p style=\"font-weight: 400;\">19:00 \u2013 Intervalo<\/p>\n<p style=\"font-weight: 400;\">19:15 \u2013 Composi\u00e7\u00e3o da mesa redonda<\/p>\n<p style=\"font-weight: 400;\">19:25 \u2013 Exposi\u00e7\u00e3o dos convidados<\/p>\n<p style=\"font-weight: 400;\">20:30 \u2013 Debate (Identifica\u00e7\u00e3o e an\u00e1lise de problemas ou situa\u00e7\u00f5es de conflito)<\/p>\n<p style=\"font-weight: 400;\">21:20 \u2013 Formula\u00e7\u00e3o de alternativas de solu\u00e7\u00f5es poss\u00edveis para os problemas<\/p>\n<p style=\"font-weight: 400;\">22:00 \u2013 Encerramento<\/p>\n<p style=\"font-weight: 400;\">Local: Audit\u00f3rio do IF Sudeste \u2013 Av. Cel. Monteiro de Castro, 550 \u2013 Barra, Muria\u00e9<\/p>\n","protected":false},"excerpt":{"rendered":"<p>As inscri\u00e7\u00f5es para o 2\u00b0 F\u00f3rum Municipal de Lixo e Cidadania, promovido pelo Demsur, ainda est\u00e3o abertas e podem ser feitas gratuitamente pelo site da autarquia. O evento acontecer\u00e1 na pr\u00f3xima quinta-feira (29) no Audit\u00f3rio do IF Sudeste e ter\u00e1 como tema principal \u201cLixo Zero\u201d. O objetivo \u00e9 destacar o processo da Coleta Seletiva e &#8230; <a title=\"Seguem abertas inscri\u00e7\u00f5es para 2\u00ba F\u00f3rum Municipal de Lixo e Cidadania promovido pelo Demsur\" class=\"read-more\" href=\"https:\/\/anoticiaonline.com.br\/site\/seguem-abertas-inscricoes-para-2o-forum-municipal-de-lixo-e-cidadania-promovido-pelo-demsur\/\" aria-label=\"Read more about Seguem abertas inscri\u00e7\u00f5es para 2\u00ba F\u00f3rum Municipal de Lixo e Cidadania promovido pelo Demsur\">Ler mais<\/a><\/p>\n","protected":false},"author":7,"featured_media":65124,"comment_status":"open","ping_status":"open","sticky":false,"template":"","format":"standard","meta":{"_acf_changed":false,"_monsterinsights_skip_tracking":false,"footnotes":""},"categories":[30,2893],"tags":[3460,3462,115,84,3212,368,3461],"class_list":["post-65123","post","type-post","status-publish","format-standard","has-post-thumbnail","hentry","category-muriae","category-cotidiano","tag-2-forum-municipal-de-lixo-e-cidadania","tag-cristaltemper","tag-demsur","tag-fundacao-cristiano-varella","tag-hospital-do-cancer-de-muriae","tag-if-sudeste","tag-ufv"],"acf":[],"aioseo_notices":[],"aioseo_head":"\n\t\t<!-- All in One SEO 5.0.0.1 - aioseo.com -->\n\t<meta name=\"description\" content=\"As inscri\u00e7\u00f5es para o 2\u00b0 F\u00f3rum Municipal de Lixo e Cidadania, promovido pelo Demsur, ainda est\u00e3o abertas e podem ser feitas gratuitamente pelo site da autarquia. O evento acontecer\u00e1 na pr\u00f3xima quinta-feira (29) no Audit\u00f3rio do IF Sudeste e ter\u00e1 como tema principal \u201cLixo Zero\u201d. O objetivo \u00e9 destacar o processo da Coleta Seletiva e\" \/>\n\t<meta name=\"robots\" content=\"max-image-preview:large\" \/>\n\t<meta name=\"author\" content=\"Leandro Bebiano\"\/>\n\t<link rel=\"canonical\" href=\"https:\/\/anoticiaonline.com.br\/site\/seguem-abertas-inscricoes-para-2o-forum-municipal-de-lixo-e-cidadania-promovido-pelo-demsur\/\" \/>\n\t<meta name=\"generator\" content=\"All in One SEO (AIOSEO) 5.0.0.1\" \/>\n\t\t<meta property=\"og:locale\" content=\"pt_BR\" \/>\n\t\t<meta property=\"og:site_name\" content=\"A Not\u00edcia Online - Noticias de Muria\u00e9 e regi\u00e3o\" \/>\n\t\t<meta property=\"og:type\" content=\"article\" \/>\n\t\t<meta property=\"og:title\" content=\"Seguem abertas inscri\u00e7\u00f5es para 2\u00ba F\u00f3rum Municipal de Lixo e Cidadania promovido pelo Demsur - A Not\u00edcia Online\" \/>\n\t\t<meta property=\"og:description\" content=\"As inscri\u00e7\u00f5es para o 2\u00b0 F\u00f3rum Municipal de Lixo e Cidadania, promovido pelo Demsur, ainda est\u00e3o abertas e podem ser feitas gratuitamente pelo site da autarquia. O evento acontecer\u00e1 na pr\u00f3xima quinta-feira (29) no Audit\u00f3rio do IF Sudeste e ter\u00e1 como tema principal \u201cLixo Zero\u201d. O objetivo \u00e9 destacar o processo da Coleta Seletiva e\" \/>\n\t\t<meta property=\"og:url\" content=\"https:\/\/anoticiaonline.com.br\/site\/seguem-abertas-inscricoes-para-2o-forum-municipal-de-lixo-e-cidadania-promovido-pelo-demsur\/\" \/>\n\t\t<meta property=\"og:image\" content=\"https:\/\/scontent-gig4-1.xx.fbcdn.net\/v\/t39.30808-1\/270437624_4564083193639691_6907940295614233970_n.jpg?stp=dst-jpg_s200x200_tt6&#038;_nc_cat=111&#038;ccb=1-7&#038;_nc_sid=f907e8&#038;_nc_ohc=SM1wRlP3lJwQ7kNvwEPuBYA&#038;_nc_oc=AdnqrjDN_BNjSSHWO-GbkIWH6fkGMLw4bqvL_NH6e2wMveX7G-rP2dAqsDSq1mJMOaY&#038;_nc_zt=24&#038;_nc_ht=scontent-gig4-1.xx&#038;_nc_gid=AoBFJeGrT1hVaew_6rchkQ&#038;oh=00_AfX7QmFGhQhG2jAllVgXCiM1ZrWgvtp80-Bfppyexh1QEg&#038;oe=689E923C\" \/>\n\t\t<meta property=\"og:image:secure_url\" content=\"https:\/\/scontent-gig4-1.xx.fbcdn.net\/v\/t39.30808-1\/270437624_4564083193639691_6907940295614233970_n.jpg?stp=dst-jpg_s200x200_tt6&#038;_nc_cat=111&#038;ccb=1-7&#038;_nc_sid=f907e8&#038;_nc_ohc=SM1wRlP3lJwQ7kNvwEPuBYA&#038;_nc_oc=AdnqrjDN_BNjSSHWO-GbkIWH6fkGMLw4bqvL_NH6e2wMveX7G-rP2dAqsDSq1mJMOaY&#038;_nc_zt=24&#038;_nc_ht=scontent-gig4-1.xx&#038;_nc_gid=AoBFJeGrT1hVaew_6rchkQ&#038;oh=00_AfX7QmFGhQhG2jAllVgXCiM1ZrWgvtp80-Bfppyexh1QEg&#038;oe=689E923C\" \/>\n\t\t<meta property=\"article:published_time\" content=\"2018-11-28T16:42:17+00:00\" \/>\n\t\t<meta property=\"article:modified_time\" content=\"2018-11-28T16:42:17+00:00\" \/>\n\t\t<meta name=\"twitter:card\" content=\"summary_large_image\" \/>\n\t\t<meta name=\"twitter:title\" content=\"Seguem abertas inscri\u00e7\u00f5es para 2\u00ba F\u00f3rum Municipal de Lixo e Cidadania promovido pelo Demsur - A Not\u00edcia Online\" \/>\n\t\t<meta name=\"twitter:description\" content=\"As inscri\u00e7\u00f5es para o 2\u00b0 F\u00f3rum Municipal de Lixo e Cidadania, promovido pelo Demsur, ainda est\u00e3o abertas e podem ser feitas gratuitamente pelo site da autarquia. O evento acontecer\u00e1 na pr\u00f3xima quinta-feira (29) no Audit\u00f3rio do IF Sudeste e ter\u00e1 como tema principal \u201cLixo Zero\u201d. O objetivo \u00e9 destacar o processo da Coleta Seletiva e\" \/>\n\t\t<meta name=\"twitter:image\" content=\"https:\/\/scontent-gig4-1.xx.fbcdn.net\/v\/t39.30808-1\/270437624_4564083193639691_6907940295614233970_n.jpg?stp=dst-jpg_s200x200_tt6&amp;_nc_cat=111&amp;ccb=1-7&amp;_nc_sid=f907e8&amp;_nc_ohc=SM1wRlP3lJwQ7kNvwEPuBYA&amp;_nc_oc=AdnqrjDN_BNjSSHWO-GbkIWH6fkGMLw4bqvL_NH6e2wMveX7G-rP2dAqsDSq1mJMOaY&amp;_nc_zt=24&amp;_nc_ht=scontent-gig4-1.xx&amp;_nc_gid=AoBFJeGrT1hVaew_6rchkQ&amp;oh=00_AfX7QmFGhQhG2jAllVgXCiM1ZrWgvtp80-Bfppyexh1QEg&amp;oe=689E923C\" \/>\n\t\t<script type=\"application\/ld+json\" class=\"aioseo-schema\">\n\t\t\t{\"@context\":\"https:\\\/\\\/schema.org\",\"@graph\":[{\"@type\":\"BlogPosting\",\"@id\":\"https:\\\/\\\/anoticiaonline.com.br\\\/site\\\/seguem-abertas-inscricoes-para-2o-forum-municipal-de-lixo-e-cidadania-promovido-pelo-demsur\\\/#blogposting\",\"name\":\"Seguem abertas inscri\\u00e7\\u00f5es para 2\\u00ba F\\u00f3rum Municipal de Lixo e Cidadania promovido pelo Demsur - A Not\\u00edcia Online\",\"headline\":\"Seguem abertas inscri\\u00e7\\u00f5es para 2\\u00ba F\\u00f3rum Municipal de Lixo e Cidadania promovido pelo Demsur\",\"author\":{\"@id\":\"https:\\\/\\\/anoticiaonline.com.br\\\/site\\\/author\\\/leandro\\\/#author\"},\"publisher\":{\"@id\":\"https:\\\/\\\/anoticiaonline.com.br\\\/site\\\/#organization\"},\"image\":{\"@type\":\"ImageObject\",\"url\":\"https:\\\/\\\/anoticiaonline.com.br\\\/site\\\/wp-content\\\/uploads\\\/2018\\\/11\\\/Banner2.jpg\",\"width\":1000,\"height\":750},\"datePublished\":\"2018-11-28T13:42:17-03:00\",\"dateModified\":\"2018-11-28T13:42:17-03:00\",\"inLanguage\":\"pt-BR\",\"mainEntityOfPage\":{\"@id\":\"https:\\\/\\\/anoticiaonline.com.br\\\/site\\\/seguem-abertas-inscricoes-para-2o-forum-municipal-de-lixo-e-cidadania-promovido-pelo-demsur\\\/#webpage\"},\"isPartOf\":{\"@id\":\"https:\\\/\\\/anoticiaonline.com.br\\\/site\\\/seguem-abertas-inscricoes-para-2o-forum-municipal-de-lixo-e-cidadania-promovido-pelo-demsur\\\/#webpage\"},\"articleSection\":\"Blog, Cotidiano, 2\\u00b0 F\\u00f3rum Municipal de Lixo e Cidadania, CristalTemper, demsur, funda\\u00e7\\u00e3o cristiano varella, Hospital do C\\u00e2ncer de Muria\\u00e9, IF Sudeste, UFV\"},{\"@type\":\"BreadcrumbList\",\"@id\":\"https:\\\/\\\/anoticiaonline.com.br\\\/site\\\/seguem-abertas-inscricoes-para-2o-forum-municipal-de-lixo-e-cidadania-promovido-pelo-demsur\\\/#breadcrumblist\",\"itemListElement\":[{\"@type\":\"ListItem\",\"@id\":\"https:\\\/\\\/anoticiaonline.com.br\\\/site#listItem\",\"position\":1,\"name\":\"Home\",\"item\":\"https:\\\/\\\/anoticiaonline.com.br\\\/site\",\"nextItem\":{\"@type\":\"ListItem\",\"@id\":\"https:\\\/\\\/anoticiaonline.com.br\\\/site\\\/categoria\\\/muriae\\\/#listItem\",\"name\":\"Blog\"}},{\"@type\":\"ListItem\",\"@id\":\"https:\\\/\\\/anoticiaonline.com.br\\\/site\\\/categoria\\\/muriae\\\/#listItem\",\"position\":2,\"name\":\"Blog\",\"item\":\"https:\\\/\\\/anoticiaonline.com.br\\\/site\\\/categoria\\\/muriae\\\/\",\"nextItem\":{\"@type\":\"ListItem\",\"@id\":\"https:\\\/\\\/anoticiaonline.com.br\\\/site\\\/categoria\\\/muriae\\\/cotidiano\\\/#listItem\",\"name\":\"Cotidiano\"},\"previousItem\":{\"@type\":\"ListItem\",\"@id\":\"https:\\\/\\\/anoticiaonline.com.br\\\/site#listItem\",\"name\":\"Home\"}},{\"@type\":\"ListItem\",\"@id\":\"https:\\\/\\\/anoticiaonline.com.br\\\/site\\\/categoria\\\/muriae\\\/cotidiano\\\/#listItem\",\"position\":3,\"name\":\"Cotidiano\",\"item\":\"https:\\\/\\\/anoticiaonline.com.br\\\/site\\\/categoria\\\/muriae\\\/cotidiano\\\/\",\"nextItem\":{\"@type\":\"ListItem\",\"@id\":\"https:\\\/\\\/anoticiaonline.com.br\\\/site\\\/seguem-abertas-inscricoes-para-2o-forum-municipal-de-lixo-e-cidadania-promovido-pelo-demsur\\\/#listItem\",\"name\":\"Seguem abertas inscri\\u00e7\\u00f5es para 2\\u00ba F\\u00f3rum Municipal de Lixo e Cidadania promovido pelo Demsur\"},\"previousItem\":{\"@type\":\"ListItem\",\"@id\":\"https:\\\/\\\/anoticiaonline.com.br\\\/site\\\/categoria\\\/muriae\\\/#listItem\",\"name\":\"Blog\"}},{\"@type\":\"ListItem\",\"@id\":\"https:\\\/\\\/anoticiaonline.com.br\\\/site\\\/seguem-abertas-inscricoes-para-2o-forum-municipal-de-lixo-e-cidadania-promovido-pelo-demsur\\\/#listItem\",\"position\":4,\"name\":\"Seguem abertas inscri\\u00e7\\u00f5es para 2\\u00ba F\\u00f3rum Municipal de Lixo e Cidadania promovido pelo Demsur\",\"previousItem\":{\"@type\":\"ListItem\",\"@id\":\"https:\\\/\\\/anoticiaonline.com.br\\\/site\\\/categoria\\\/muriae\\\/cotidiano\\\/#listItem\",\"name\":\"Cotidiano\"}}]},{\"@type\":\"Organization\",\"@id\":\"https:\\\/\\\/anoticiaonline.com.br\\\/site\\\/#organization\",\"name\":\"A Not\\u00edcia Online\",\"description\":\"Noticias de Muria\\u00e9 e regi\\u00e3o\",\"url\":\"https:\\\/\\\/anoticiaonline.com.br\\\/site\\\/\",\"logo\":{\"@type\":\"ImageObject\",\"url\":\"https:\\\/\\\/scontent-gig4-1.xx.fbcdn.net\\\/v\\\/t39.30808-1\\\/270437624_4564083193639691_6907940295614233970_n.jpg?stp=dst-jpg_s200x200_tt6&_nc_cat=111&ccb=1-7&_nc_sid=f907e8&_nc_ohc=SM1wRlP3lJwQ7kNvwEPuBYA&_nc_oc=AdnqrjDN_BNjSSHWO-GbkIWH6fkGMLw4bqvL_NH6e2wMveX7G-rP2dAqsDSq1mJMOaY&_nc_zt=24&_nc_ht=scontent-gig4-1.xx&_nc_gid=AoBFJeGrT1hVaew_6rchkQ&oh=00_AfX7QmFGhQhG2jAllVgXCiM1ZrWgvtp80-Bfppyexh1QEg&oe=689E923C\",\"@id\":\"https:\\\/\\\/anoticiaonline.com.br\\\/site\\\/seguem-abertas-inscricoes-para-2o-forum-municipal-de-lixo-e-cidadania-promovido-pelo-demsur\\\/#organizationLogo\"},\"image\":{\"@id\":\"https:\\\/\\\/anoticiaonline.com.br\\\/site\\\/seguem-abertas-inscricoes-para-2o-forum-municipal-de-lixo-e-cidadania-promovido-pelo-demsur\\\/#organizationLogo\"}},{\"@type\":\"Person\",\"@id\":\"https:\\\/\\\/anoticiaonline.com.br\\\/site\\\/author\\\/leandro\\\/#author\",\"url\":\"https:\\\/\\\/anoticiaonline.com.br\\\/site\\\/author\\\/leandro\\\/\",\"name\":\"Leandro Bebiano\",\"image\":{\"@type\":\"ImageObject\",\"@id\":\"https:\\\/\\\/anoticiaonline.com.br\\\/site\\\/seguem-abertas-inscricoes-para-2o-forum-municipal-de-lixo-e-cidadania-promovido-pelo-demsur\\\/#authorImage\",\"url\":\"https:\\\/\\\/secure.gravatar.com\\\/avatar\\\/99966a20c143db97c8590c2013307c7c234a4cca48ed5657cbb47e22a400bd5f?s=96&d=mm&r=g\",\"width\":96,\"height\":96,\"caption\":\"Leandro Bebiano\"}},{\"@type\":\"WebPage\",\"@id\":\"https:\\\/\\\/anoticiaonline.com.br\\\/site\\\/seguem-abertas-inscricoes-para-2o-forum-municipal-de-lixo-e-cidadania-promovido-pelo-demsur\\\/#webpage\",\"url\":\"https:\\\/\\\/anoticiaonline.com.br\\\/site\\\/seguem-abertas-inscricoes-para-2o-forum-municipal-de-lixo-e-cidadania-promovido-pelo-demsur\\\/\",\"name\":\"Seguem abertas inscri\\u00e7\\u00f5es para 2\\u00ba F\\u00f3rum Municipal de Lixo e Cidadania promovido pelo Demsur - A Not\\u00edcia Online\",\"description\":\"As inscri\\u00e7\\u00f5es para o 2\\u00b0 F\\u00f3rum Municipal de Lixo e Cidadania, promovido pelo Demsur, ainda est\\u00e3o abertas e podem ser feitas gratuitamente pelo site da autarquia. O evento acontecer\\u00e1 na pr\\u00f3xima quinta-feira (29) no Audit\\u00f3rio do IF Sudeste e ter\\u00e1 como tema principal \\u201cLixo Zero\\u201d. O objetivo \\u00e9 destacar o processo da Coleta Seletiva e\",\"inLanguage\":\"pt-BR\",\"isPartOf\":{\"@id\":\"https:\\\/\\\/anoticiaonline.com.br\\\/site\\\/#website\"},\"breadcrumb\":{\"@id\":\"https:\\\/\\\/anoticiaonline.com.br\\\/site\\\/seguem-abertas-inscricoes-para-2o-forum-municipal-de-lixo-e-cidadania-promovido-pelo-demsur\\\/#breadcrumblist\"},\"author\":{\"@id\":\"https:\\\/\\\/anoticiaonline.com.br\\\/site\\\/author\\\/leandro\\\/#author\"},\"creator\":{\"@id\":\"https:\\\/\\\/anoticiaonline.com.br\\\/site\\\/author\\\/leandro\\\/#author\"},\"image\":{\"@type\":\"ImageObject\",\"url\":\"https:\\\/\\\/anoticiaonline.com.br\\\/site\\\/wp-content\\\/uploads\\\/2018\\\/11\\\/Banner2.jpg\",\"@id\":\"https:\\\/\\\/anoticiaonline.com.br\\\/site\\\/seguem-abertas-inscricoes-para-2o-forum-municipal-de-lixo-e-cidadania-promovido-pelo-demsur\\\/#mainImage\",\"width\":1000,\"height\":750},\"primaryImageOfPage\":{\"@id\":\"https:\\\/\\\/anoticiaonline.com.br\\\/site\\\/seguem-abertas-inscricoes-para-2o-forum-municipal-de-lixo-e-cidadania-promovido-pelo-demsur\\\/#mainImage\"},\"datePublished\":\"2018-11-28T13:42:17-03:00\",\"dateModified\":\"2018-11-28T13:42:17-03:00\"},{\"@type\":\"WebSite\",\"@id\":\"https:\\\/\\\/anoticiaonline.com.br\\\/site\\\/#website\",\"url\":\"https:\\\/\\\/anoticiaonline.com.br\\\/site\\\/\",\"name\":\"A Not\\u00edcia Online\",\"description\":\"Noticias de Muria\\u00e9 e regi\\u00e3o\",\"inLanguage\":\"pt-BR\",\"publisher\":{\"@id\":\"https:\\\/\\\/anoticiaonline.com.br\\\/site\\\/#organization\"}}]}\n\t\t<\/script>\n\t\t<!-- All in One SEO -->\n\n","aioseo_head_json":{"title":"Seguem abertas inscri\u00e7\u00f5es para 2\u00ba F\u00f3rum Municipal de Lixo e Cidadania promovido pelo Demsur - A Not\u00edcia Online","description":"As inscri\u00e7\u00f5es para o 2\u00b0 F\u00f3rum Municipal de Lixo e Cidadania, promovido pelo Demsur, ainda est\u00e3o abertas e podem ser feitas gratuitamente pelo site da autarquia. O evento acontecer\u00e1 na pr\u00f3xima quinta-feira (29) no Audit\u00f3rio do IF Sudeste e ter\u00e1 como tema principal \u201cLixo Zero\u201d. O objetivo \u00e9 destacar o processo da Coleta Seletiva e","canonical_url":"https:\/\/anoticiaonline.com.br\/site\/seguem-abertas-inscricoes-para-2o-forum-municipal-de-lixo-e-cidadania-promovido-pelo-demsur\/","robots":"max-image-preview:large","keywords":"","webmasterTools":{"miscellaneous":""},"schema":{"@context":"https:\/\/schema.org","@graph":[{"@type":"BlogPosting","@id":"https:\/\/anoticiaonline.com.br\/site\/seguem-abertas-inscricoes-para-2o-forum-municipal-de-lixo-e-cidadania-promovido-pelo-demsur\/#blogposting","name":"Seguem abertas inscri\u00e7\u00f5es para 2\u00ba F\u00f3rum Municipal de Lixo e Cidadania promovido pelo Demsur - A Not\u00edcia Online","headline":"Seguem abertas inscri\u00e7\u00f5es para 2\u00ba F\u00f3rum Municipal de Lixo e Cidadania promovido pelo Demsur","author":{"@id":"https:\/\/anoticiaonline.com.br\/site\/author\/leandro\/#author"},"publisher":{"@id":"https:\/\/anoticiaonline.com.br\/site\/#organization"},"image":{"@type":"ImageObject","url":"https:\/\/anoticiaonline.com.br\/site\/wp-content\/uploads\/2018\/11\/Banner2.jpg","width":1000,"height":750},"datePublished":"2018-11-28T13:42:17-03:00","dateModified":"2018-11-28T13:42:17-03:00","inLanguage":"pt-BR","mainEntityOfPage":{"@id":"https:\/\/anoticiaonline.com.br\/site\/seguem-abertas-inscricoes-para-2o-forum-municipal-de-lixo-e-cidadania-promovido-pelo-demsur\/#webpage"},"isPartOf":{"@id":"https:\/\/anoticiaonline.com.br\/site\/seguem-abertas-inscricoes-para-2o-forum-municipal-de-lixo-e-cidadania-promovido-pelo-demsur\/#webpage"},"articleSection":"Blog, Cotidiano, 2\u00b0 F\u00f3rum Municipal de Lixo e Cidadania, CristalTemper, demsur, funda\u00e7\u00e3o cristiano varella, Hospital do C\u00e2ncer de Muria\u00e9, IF Sudeste, UFV"},{"@type":"BreadcrumbList","@id":"https:\/\/anoticiaonline.com.br\/site\/seguem-abertas-inscricoes-para-2o-forum-municipal-de-lixo-e-cidadania-promovido-pelo-demsur\/#breadcrumblist","itemListElement":[{"@type":"ListItem","@id":"https:\/\/anoticiaonline.com.br\/site#listItem","position":1,"name":"Home","item":"https:\/\/anoticiaonline.com.br\/site","nextItem":{"@type":"ListItem","@id":"https:\/\/anoticiaonline.com.br\/site\/categoria\/muriae\/#listItem","name":"Blog"}},{"@type":"ListItem","@id":"https:\/\/anoticiaonline.com.br\/site\/categoria\/muriae\/#listItem","position":2,"name":"Blog","item":"https:\/\/anoticiaonline.com.br\/site\/categoria\/muriae\/","nextItem":{"@type":"ListItem","@id":"https:\/\/anoticiaonline.com.br\/site\/categoria\/muriae\/cotidiano\/#listItem","name":"Cotidiano"},"previousItem":{"@type":"ListItem","@id":"https:\/\/anoticiaonline.com.br\/site#listItem","name":"Home"}},{"@type":"ListItem","@id":"https:\/\/anoticiaonline.com.br\/site\/categoria\/muriae\/cotidiano\/#listItem","position":3,"name":"Cotidiano","item":"https:\/\/anoticiaonline.com.br\/site\/categoria\/muriae\/cotidiano\/","nextItem":{"@type":"ListItem","@id":"https:\/\/anoticiaonline.com.br\/site\/seguem-abertas-inscricoes-para-2o-forum-municipal-de-lixo-e-cidadania-promovido-pelo-demsur\/#listItem","name":"Seguem abertas inscri\u00e7\u00f5es para 2\u00ba F\u00f3rum Municipal de Lixo e Cidadania promovido pelo Demsur"},"previousItem":{"@type":"ListItem","@id":"https:\/\/anoticiaonline.com.br\/site\/categoria\/muriae\/#listItem","name":"Blog"}},{"@type":"ListItem","@id":"https:\/\/anoticiaonline.com.br\/site\/seguem-abertas-inscricoes-para-2o-forum-municipal-de-lixo-e-cidadania-promovido-pelo-demsur\/#listItem","position":4,"name":"Seguem abertas inscri\u00e7\u00f5es para 2\u00ba F\u00f3rum Municipal de Lixo e Cidadania promovido pelo Demsur","previousItem":{"@type":"ListItem","@id":"https:\/\/anoticiaonline.com.br\/site\/categoria\/muriae\/cotidiano\/#listItem","name":"Cotidiano"}}]},{"@type":"Organization","@id":"https:\/\/anoticiaonline.com.br\/site\/#organization","name":"A Not\u00edcia Online","description":"Noticias de Muria\u00e9 e regi\u00e3o","url":"https:\/\/anoticiaonline.com.br\/site\/","logo":{"@type":"ImageObject","url":"https:\/\/scontent-gig4-1.xx.fbcdn.net\/v\/t39.30808-1\/270437624_4564083193639691_6907940295614233970_n.jpg?stp=dst-jpg_s200x200_tt6&_nc_cat=111&ccb=1-7&_nc_sid=f907e8&_nc_ohc=SM1wRlP3lJwQ7kNvwEPuBYA&_nc_oc=AdnqrjDN_BNjSSHWO-GbkIWH6fkGMLw4bqvL_NH6e2wMveX7G-rP2dAqsDSq1mJMOaY&_nc_zt=24&_nc_ht=scontent-gig4-1.xx&_nc_gid=AoBFJeGrT1hVaew_6rchkQ&oh=00_AfX7QmFGhQhG2jAllVgXCiM1ZrWgvtp80-Bfppyexh1QEg&oe=689E923C","@id":"https:\/\/anoticiaonline.com.br\/site\/seguem-abertas-inscricoes-para-2o-forum-municipal-de-lixo-e-cidadania-promovido-pelo-demsur\/#organizationLogo"},"image":{"@id":"https:\/\/anoticiaonline.com.br\/site\/seguem-abertas-inscricoes-para-2o-forum-municipal-de-lixo-e-cidadania-promovido-pelo-demsur\/#organizationLogo"}},{"@type":"Person","@id":"https:\/\/anoticiaonline.com.br\/site\/author\/leandro\/#author","url":"https:\/\/anoticiaonline.com.br\/site\/author\/leandro\/","name":"Leandro Bebiano","image":{"@type":"ImageObject","@id":"https:\/\/anoticiaonline.com.br\/site\/seguem-abertas-inscricoes-para-2o-forum-municipal-de-lixo-e-cidadania-promovido-pelo-demsur\/#authorImage","url":"https:\/\/secure.gravatar.com\/avatar\/99966a20c143db97c8590c2013307c7c234a4cca48ed5657cbb47e22a400bd5f?s=96&d=mm&r=g","width":96,"height":96,"caption":"Leandro Bebiano"}},{"@type":"WebPage","@id":"https:\/\/anoticiaonline.com.br\/site\/seguem-abertas-inscricoes-para-2o-forum-municipal-de-lixo-e-cidadania-promovido-pelo-demsur\/#webpage","url":"https:\/\/anoticiaonline.com.br\/site\/seguem-abertas-inscricoes-para-2o-forum-municipal-de-lixo-e-cidadania-promovido-pelo-demsur\/","name":"Seguem abertas inscri\u00e7\u00f5es para 2\u00ba F\u00f3rum Municipal de Lixo e Cidadania promovido pelo Demsur - A Not\u00edcia Online","description":"As inscri\u00e7\u00f5es para o 2\u00b0 F\u00f3rum Municipal de Lixo e Cidadania, promovido pelo Demsur, ainda est\u00e3o abertas e podem ser feitas gratuitamente pelo site da autarquia. O evento acontecer\u00e1 na pr\u00f3xima quinta-feira (29) no Audit\u00f3rio do IF Sudeste e ter\u00e1 como tema principal \u201cLixo Zero\u201d. O objetivo \u00e9 destacar o processo da Coleta Seletiva e","inLanguage":"pt-BR","isPartOf":{"@id":"https:\/\/anoticiaonline.com.br\/site\/#website"},"breadcrumb":{"@id":"https:\/\/anoticiaonline.com.br\/site\/seguem-abertas-inscricoes-para-2o-forum-municipal-de-lixo-e-cidadania-promovido-pelo-demsur\/#breadcrumblist"},"author":{"@id":"https:\/\/anoticiaonline.com.br\/site\/author\/leandro\/#author"},"creator":{"@id":"https:\/\/anoticiaonline.com.br\/site\/author\/leandro\/#author"},"image":{"@type":"ImageObject","url":"https:\/\/anoticiaonline.com.br\/site\/wp-content\/uploads\/2018\/11\/Banner2.jpg","@id":"https:\/\/anoticiaonline.com.br\/site\/seguem-abertas-inscricoes-para-2o-forum-municipal-de-lixo-e-cidadania-promovido-pelo-demsur\/#mainImage","width":1000,"height":750},"primaryImageOfPage":{"@id":"https:\/\/anoticiaonline.com.br\/site\/seguem-abertas-inscricoes-para-2o-forum-municipal-de-lixo-e-cidadania-promovido-pelo-demsur\/#mainImage"},"datePublished":"2018-11-28T13:42:17-03:00","dateModified":"2018-11-28T13:42:17-03:00"},{"@type":"WebSite","@id":"https:\/\/anoticiaonline.com.br\/site\/#website","url":"https:\/\/anoticiaonline.com.br\/site\/","name":"A Not\u00edcia Online","description":"Noticias de Muria\u00e9 e regi\u00e3o","inLanguage":"pt-BR","publisher":{"@id":"https:\/\/anoticiaonline.com.br\/site\/#organization"}}]},"og:locale":"pt_BR","og:site_name":"A Not\u00edcia Online - Noticias de Muria\u00e9 e regi\u00e3o","og:type":"article","og:title":"Seguem abertas inscri\u00e7\u00f5es para 2\u00ba F\u00f3rum Municipal de Lixo e Cidadania promovido pelo Demsur - A Not\u00edcia Online","og:description":"As inscri\u00e7\u00f5es para o 2\u00b0 F\u00f3rum Municipal de Lixo e Cidadania, promovido pelo Demsur, ainda est\u00e3o abertas e podem ser feitas gratuitamente pelo site da autarquia. O evento acontecer\u00e1 na pr\u00f3xima quinta-feira (29) no Audit\u00f3rio do IF Sudeste e ter\u00e1 como tema principal \u201cLixo Zero\u201d. O objetivo \u00e9 destacar o processo da Coleta Seletiva e","og:url":"https:\/\/anoticiaonline.com.br\/site\/seguem-abertas-inscricoes-para-2o-forum-municipal-de-lixo-e-cidadania-promovido-pelo-demsur\/","og:image":"https:\/\/scontent-gig4-1.xx.fbcdn.net\/v\/t39.30808-1\/270437624_4564083193639691_6907940295614233970_n.jpg?stp=dst-jpg_s200x200_tt6&#038;_nc_cat=111&#038;ccb=1-7&#038;_nc_sid=f907e8&#038;_nc_ohc=SM1wRlP3lJwQ7kNvwEPuBYA&#038;_nc_oc=AdnqrjDN_BNjSSHWO-GbkIWH6fkGMLw4bqvL_NH6e2wMveX7G-rP2dAqsDSq1mJMOaY&#038;_nc_zt=24&#038;_nc_ht=scontent-gig4-1.xx&#038;_nc_gid=AoBFJeGrT1hVaew_6rchkQ&#038;oh=00_AfX7QmFGhQhG2jAllVgXCiM1ZrWgvtp80-Bfppyexh1QEg&#038;oe=689E923C","og:image:secure_url":"https:\/\/scontent-gig4-1.xx.fbcdn.net\/v\/t39.30808-1\/270437624_4564083193639691_6907940295614233970_n.jpg?stp=dst-jpg_s200x200_tt6&#038;_nc_cat=111&#038;ccb=1-7&#038;_nc_sid=f907e8&#038;_nc_ohc=SM1wRlP3lJwQ7kNvwEPuBYA&#038;_nc_oc=AdnqrjDN_BNjSSHWO-GbkIWH6fkGMLw4bqvL_NH6e2wMveX7G-rP2dAqsDSq1mJMOaY&#038;_nc_zt=24&#038;_nc_ht=scontent-gig4-1.xx&#038;_nc_gid=AoBFJeGrT1hVaew_6rchkQ&#038;oh=00_AfX7QmFGhQhG2jAllVgXCiM1ZrWgvtp80-Bfppyexh1QEg&#038;oe=689E923C","article:published_time":"2018-11-28T16:42:17+00:00","article:modified_time":"2018-11-28T16:42:17+00:00","twitter:card":"summary_large_image","twitter:title":"Seguem abertas inscri\u00e7\u00f5es para 2\u00ba F\u00f3rum Municipal de Lixo e Cidadania promovido pelo Demsur - A Not\u00edcia Online","twitter:description":"As inscri\u00e7\u00f5es para o 2\u00b0 F\u00f3rum Municipal de Lixo e Cidadania, promovido pelo Demsur, ainda est\u00e3o abertas e podem ser feitas gratuitamente pelo site da autarquia. O evento acontecer\u00e1 na pr\u00f3xima quinta-feira (29) no Audit\u00f3rio do IF Sudeste e ter\u00e1 como tema principal \u201cLixo Zero\u201d. O objetivo \u00e9 destacar o processo da Coleta Seletiva e","twitter:image":"https:\/\/scontent-gig4-1.xx.fbcdn.net\/v\/t39.30808-1\/270437624_4564083193639691_6907940295614233970_n.jpg?stp=dst-jpg_s200x200_tt6&_nc_cat=111&ccb=1-7&_nc_sid=f907e8&_nc_ohc=SM1wRlP3lJwQ7kNvwEPuBYA&_nc_oc=AdnqrjDN_BNjSSHWO-GbkIWH6fkGMLw4bqvL_NH6e2wMveX7G-rP2dAqsDSq1mJMOaY&_nc_zt=24&_nc_ht=scontent-gig4-1.xx&_nc_gid=AoBFJeGrT1hVaew_6rchkQ&oh=00_AfX7QmFGhQhG2jAllVgXCiM1ZrWgvtp80-Bfppyexh1QEg&oe=689E923C"},"aioseo_meta_data":{"post_id":"65123","title":null,"description":null,"keywords":null,"keyphrases":null,"primary_term":null,"canonical_url":null,"og_title":null,"og_description":null,"og_object_type":"default","og_image_type":"default","og_image_url":null,"og_image_width":null,"og_image_height":null,"og_image_custom_url":null,"og_image_custom_fields":null,"og_video":null,"og_custom_url":null,"og_article_section":null,"og_article_tags":null,"twitter_use_og":false,"twitter_card":"default","twitter_image_type":"default","twitter_image_url":null,"twitter_image_custom_url":null,"twitter_image_custom_fields":null,"twitter_title":null,"twitter_description":null,"schema":{"blockGraphs":[],"customGraphs":[],"default":{"data":{"Article":[],"Course":[],"Dataset":[],"FAQPage":[],"Movie":[],"Person":[],"Product":[],"ProductReview":[],"Car":[],"Recipe":[],"Service":[],"SoftwareApplication":[],"WebPage":[]},"graphName":"","isEnabled":true},"graphs":[]},"schema_type":"default","schema_type_options":null,"pillar_content":false,"robots_default":true,"robots_noindex":false,"robots_noarchive":false,"robots_nosnippet":false,"robots_nofollow":false,"robots_noimageindex":false,"robots_noodp":false,"robots_notranslate":false,"robots_max_snippet":null,"robots_max_videopreview":null,"robots_max_imagepreview":"large","priority":null,"frequency":null,"local_seo":null,"breadcrumb_settings":null,"limit_modified_date":false,"ai":null,"created":"2025-08-16 22:19:44","updated":"2025-08-16 22:19:44","focus_keyword":null,"additional_keywords":null,"truseo_locale":null,"seo_analyzer_scan_date":null},"aioseo_breadcrumb":"<div class=\"aioseo-breadcrumbs\"><span class=\"aioseo-breadcrumb\">\n\t\t\t<a href=\"https:\/\/anoticiaonline.com.br\/site\" title=\"Home\">Home<\/a>\n\t\t<\/span><span class=\"aioseo-breadcrumb-separator\">&raquo;<\/span><span class=\"aioseo-breadcrumb\">\n\t\t\t<a href=\"https:\/\/anoticiaonline.com.br\/site\/categoria\/muriae\/\" title=\"Blog\">Blog<\/a>\n\t\t<\/span><span class=\"aioseo-breadcrumb-separator\">&raquo;<\/span><span class=\"aioseo-breadcrumb\">\n\t\t\t<a href=\"https:\/\/anoticiaonline.com.br\/site\/categoria\/muriae\/cotidiano\/\" title=\"Cotidiano\">Cotidiano<\/a>\n\t\t<\/span><span class=\"aioseo-breadcrumb-separator\">&raquo;<\/span><span class=\"aioseo-breadcrumb\">\n\t\t\tSeguem abertas inscri\u00e7\u00f5es para 2\u00ba F\u00f3rum Municipal de Lixo e Cidadania promovido pelo Demsur\n\t\t<\/span><\/div>","aioseo_breadcrumb_json":[{"label":"Home","link":"https:\/\/anoticiaonline.com.br\/site"},{"label":"Blog","link":"https:\/\/anoticiaonline.com.br\/site\/categoria\/muriae\/"},{"label":"Cotidiano","link":"https:\/\/anoticiaonline.com.br\/site\/categoria\/muriae\/cotidiano\/"},{"label":"Seguem abertas inscri\u00e7\u00f5es para 2\u00ba F\u00f3rum Municipal de Lixo e Cidadania promovido pelo Demsur","link":"https:\/\/anoticiaonline.com.br\/site\/seguem-abertas-inscricoes-para-2o-forum-municipal-de-lixo-e-cidadania-promovido-pelo-demsur\/"}],"views":148,"_links":{"self":[{"href":"https:\/\/anoticiaonline.com.br\/site\/wp-json\/wp\/v2\/posts\/65123","targetHints":{"allow":["GET"]}}],"collection":[{"href":"https:\/\/anoticiaonline.com.br\/site\/wp-json\/wp\/v2\/posts"}],"about":[{"href":"https:\/\/anoticiaonline.com.br\/site\/wp-json\/wp\/v2\/types\/post"}],"author":[{"embeddable":true,"href":"https:\/\/anoticiaonline.com.br\/site\/wp-json\/wp\/v2\/users\/7"}],"replies":[{"embeddable":true,"href":"https:\/\/anoticiaonline.com.br\/site\/wp-json\/wp\/v2\/comments?post=65123"}],"version-history":[{"count":0,"href":"https:\/\/anoticiaonline.com.br\/site\/wp-json\/wp\/v2\/posts\/65123\/revisions"}],"wp:featuredmedia":[{"embeddable":true,"href":"https:\/\/anoticiaonline.com.br\/site\/wp-json\/wp\/v2\/media\/65124"}],"wp:attachment":[{"href":"https:\/\/anoticiaonline.com.br\/site\/wp-json\/wp\/v2\/media?parent=65123"}],"wp:term":[{"taxonomy":"category","embeddable":true,"href":"https:\/\/anoticiaonline.com.br\/site\/wp-json\/wp\/v2\/categories?post=65123"},{"taxonomy":"post_tag","embeddable":true,"href":"https:\/\/anoticiaonline.com.br\/site\/wp-json\/wp\/v2\/tags?post=65123"}],"curies":[{"name":"wp","href":"https:\/\/api.w.org\/{rel}","templated":true}]}}