{"id":65112,"date":"2018-11-28T10:58:54","date_gmt":"2018-11-28T13:58:54","guid":{"rendered":"http:\/\/anoticiaonline.com.br\/site\/?p=65112"},"modified":"2018-11-28T10:58:54","modified_gmt":"2018-11-28T13:58:54","slug":"festival-afro-e-realizado-na-escola-estadual-professor-orlando-de-lima-faria","status":"publish","type":"post","link":"https:\/\/anoticiaonline.com.br\/site\/festival-afro-e-realizado-na-escola-estadual-professor-orlando-de-lima-faria\/","title":{"rendered":"Festival Afro \u00e9 realizado na Escola Estadual Professor Orlando de Lima Faria"},"content":{"rendered":"<p><a href=\"https:\/\/anoticiaonline.com.br\/site\/wp-content\/uploads\/2018\/11\/MG_3635.jpg\"><img fetchpriority=\"high\" decoding=\"async\" class=\"aligncenter size-full wp-image-65116\" src=\"https:\/\/anoticiaonline.com.br\/site\/wp-content\/uploads\/2018\/11\/MG_3635.jpg\" alt=\"\" width=\"1000\" height=\"667\" srcset=\"https:\/\/anoticiaonline.com.br\/site\/wp-content\/uploads\/2018\/11\/MG_3635.jpg 1000w, https:\/\/anoticiaonline.com.br\/site\/wp-content\/uploads\/2018\/11\/MG_3635-300x200.jpg 300w, https:\/\/anoticiaonline.com.br\/site\/wp-content\/uploads\/2018\/11\/MG_3635-768x512.jpg 768w\" sizes=\"(max-width: 1000px) 100vw, 1000px\" \/><\/a> <a href=\"https:\/\/anoticiaonline.com.br\/site\/wp-content\/uploads\/2018\/11\/MG_3689.jpg\"><img decoding=\"async\" class=\"aligncenter size-full wp-image-65117\" src=\"https:\/\/anoticiaonline.com.br\/site\/wp-content\/uploads\/2018\/11\/MG_3689.jpg\" alt=\"\" width=\"1000\" height=\"685\" srcset=\"https:\/\/anoticiaonline.com.br\/site\/wp-content\/uploads\/2018\/11\/MG_3689.jpg 1000w, https:\/\/anoticiaonline.com.br\/site\/wp-content\/uploads\/2018\/11\/MG_3689-300x206.jpg 300w, https:\/\/anoticiaonline.com.br\/site\/wp-content\/uploads\/2018\/11\/MG_3689-768x526.jpg 768w\" sizes=\"(max-width: 1000px) 100vw, 1000px\" \/><\/a> <a href=\"https:\/\/anoticiaonline.com.br\/site\/wp-content\/uploads\/2018\/11\/MG_3734.jpg\"><img decoding=\"async\" class=\"aligncenter size-full wp-image-65118\" src=\"https:\/\/anoticiaonline.com.br\/site\/wp-content\/uploads\/2018\/11\/MG_3734.jpg\" alt=\"\" width=\"1000\" height=\"667\" srcset=\"https:\/\/anoticiaonline.com.br\/site\/wp-content\/uploads\/2018\/11\/MG_3734.jpg 1000w, https:\/\/anoticiaonline.com.br\/site\/wp-content\/uploads\/2018\/11\/MG_3734-300x200.jpg 300w, https:\/\/anoticiaonline.com.br\/site\/wp-content\/uploads\/2018\/11\/MG_3734-768x512.jpg 768w\" sizes=\"(max-width: 1000px) 100vw, 1000px\" \/><\/a>A 4\u00aa edi\u00e7\u00e3o do Festival Afro, promovida pela professora de Artes, \u00c2ngela Morelli, na Escola Estadual Professor Orlando de Lima Faria, aconteceu na sexta-feira (23). A atividade foi fechamento do 1\u00ba Semin\u00e1rio Ubuntu, realizado na escola durante a Semana da Consci\u00eancia Negra, que teve uma programa\u00e7\u00e3o com palestras, oficinas e exibi\u00e7\u00e3o de filmes voltados para a tem\u00e1tica \u00e9tnico-racial e africanidade.<\/p>\n<p><!--more--><\/p>\n<p>A festa de encerramento foi o pr\u00f3prio Festival que acontece desde 2015, que tem como objetivo valorizar e promover a cultura africana e afrodescendente. A edi\u00e7\u00e3o contou com apresenta\u00e7\u00f5es de dan\u00e7a e teatro dos alunos, assim como da banda Jimmy22 e da Cia Corpo e Alma. O auge da noite foi Desfile Afro, com a premia\u00e7\u00e3o do Mister e Miss Afro 2018, al\u00e9m dos segundo e terceiro lugares. Ao final, os DJ&#8217;s Webster e Baruc fecharam a noite. O evento teve apoio do DJ Filipe Massa, Papelaria Top, Hakuna Batata, Tio Pizza e do sal\u00e3o Lays Trotta.<\/p>\n<p>Fotos &#8211;\u00a0Nadja Angelo<\/p>\n<p><a href=\"https:\/\/anoticiaonline.com.br\/site\/wp-content\/uploads\/2018\/11\/MG_3561.jpg\"><img loading=\"lazy\" decoding=\"async\" class=\"aligncenter size-full wp-image-65114\" src=\"https:\/\/anoticiaonline.com.br\/site\/wp-content\/uploads\/2018\/11\/MG_3561.jpg\" alt=\"\" width=\"1000\" height=\"667\" srcset=\"https:\/\/anoticiaonline.com.br\/site\/wp-content\/uploads\/2018\/11\/MG_3561.jpg 1000w, https:\/\/anoticiaonline.com.br\/site\/wp-content\/uploads\/2018\/11\/MG_3561-300x200.jpg 300w, https:\/\/anoticiaonline.com.br\/site\/wp-content\/uploads\/2018\/11\/MG_3561-768x512.jpg 768w\" sizes=\"(max-width: 1000px) 100vw, 1000px\" \/><\/a><\/p>\n<p><a href=\"https:\/\/anoticiaonline.com.br\/site\/wp-content\/uploads\/2018\/11\/MG_3585.jpg\"><img loading=\"lazy\" decoding=\"async\" class=\"aligncenter size-full wp-image-65115\" src=\"https:\/\/anoticiaonline.com.br\/site\/wp-content\/uploads\/2018\/11\/MG_3585.jpg\" alt=\"\" width=\"1000\" height=\"667\" srcset=\"https:\/\/anoticiaonline.com.br\/site\/wp-content\/uploads\/2018\/11\/MG_3585.jpg 1000w, https:\/\/anoticiaonline.com.br\/site\/wp-content\/uploads\/2018\/11\/MG_3585-300x200.jpg 300w, https:\/\/anoticiaonline.com.br\/site\/wp-content\/uploads\/2018\/11\/MG_3585-768x512.jpg 768w\" sizes=\"(max-width: 1000px) 100vw, 1000px\" \/><\/a><\/p>\n<p><a href=\"https:\/\/anoticiaonline.com.br\/site\/wp-content\/uploads\/2018\/11\/MG_3542.jpg\"><img loading=\"lazy\" decoding=\"async\" class=\"aligncenter size-full wp-image-65113\" src=\"https:\/\/anoticiaonline.com.br\/site\/wp-content\/uploads\/2018\/11\/MG_3542.jpg\" alt=\"\" width=\"1000\" height=\"667\" srcset=\"https:\/\/anoticiaonline.com.br\/site\/wp-content\/uploads\/2018\/11\/MG_3542.jpg 1000w, https:\/\/anoticiaonline.com.br\/site\/wp-content\/uploads\/2018\/11\/MG_3542-300x200.jpg 300w, https:\/\/anoticiaonline.com.br\/site\/wp-content\/uploads\/2018\/11\/MG_3542-768x512.jpg 768w\" sizes=\"(max-width: 1000px) 100vw, 1000px\" \/><\/a><\/p>\n<p><a href=\"https:\/\/anoticiaonline.com.br\/site\/wp-content\/uploads\/2018\/11\/MG_3761.jpg\"><img loading=\"lazy\" decoding=\"async\" class=\"aligncenter size-full wp-image-65119\" src=\"https:\/\/anoticiaonline.com.br\/site\/wp-content\/uploads\/2018\/11\/MG_3761.jpg\" alt=\"\" width=\"1000\" height=\"667\" srcset=\"https:\/\/anoticiaonline.com.br\/site\/wp-content\/uploads\/2018\/11\/MG_3761.jpg 1000w, https:\/\/anoticiaonline.com.br\/site\/wp-content\/uploads\/2018\/11\/MG_3761-300x200.jpg 300w, https:\/\/anoticiaonline.com.br\/site\/wp-content\/uploads\/2018\/11\/MG_3761-768x512.jpg 768w\" sizes=\"(max-width: 1000px) 100vw, 1000px\" \/><\/a><\/p>\n","protected":false},"excerpt":{"rendered":"<p>A 4\u00aa edi\u00e7\u00e3o do Festival Afro, promovida pela professora de Artes, \u00c2ngela Morelli, na Escola Estadual Professor Orlando de Lima Faria, aconteceu na sexta-feira (23). A atividade foi fechamento do 1\u00ba Semin\u00e1rio Ubuntu, realizado na escola durante a Semana da Consci\u00eancia Negra, que teve uma programa\u00e7\u00e3o com palestras, oficinas e exibi\u00e7\u00e3o de filmes voltados para &#8230; <a title=\"Festival Afro \u00e9 realizado na Escola Estadual Professor Orlando de Lima Faria\" class=\"read-more\" href=\"https:\/\/anoticiaonline.com.br\/site\/festival-afro-e-realizado-na-escola-estadual-professor-orlando-de-lima-faria\/\" aria-label=\"Read more about Festival Afro \u00e9 realizado na Escola Estadual Professor Orlando de Lima Faria\">Ler mais<\/a><\/p>\n","protected":false},"author":2,"featured_media":65120,"comment_status":"open","ping_status":"open","sticky":false,"template":"","format":"standard","meta":{"_acf_changed":false,"_monsterinsights_skip_tracking":false,"footnotes":""},"categories":[30,2893],"tags":[3458,3457,1569,3459,3454,3452,3453,3456,3455],"class_list":["post-65112","post","type-post","status-publish","format-standard","has-post-thumbnail","hentry","category-muriae","category-cotidiano","tag-4a-edicao-do-festival-afro","tag-angela-morelli","tag-escola-estadual-professor-orlando-de-lima-faria","tag-festival-afro","tag-hakuna-batata","tag-j-filipe-massa","tag-papelaria-top","tag-salao-lays-trotta","tag-tio-pizza"],"acf":[],"aioseo_notices":[],"aioseo_head":"\n\t\t<!-- All in One SEO 5.0.0.1 - aioseo.com -->\n\t<meta name=\"description\" content=\"A 4\u00aa edi\u00e7\u00e3o do Festival Afro, promovida pela professora de Artes, \u00c2ngela Morelli, na Escola Estadual Professor Orlando de Lima Faria, aconteceu na sexta-feira (23). A atividade foi fechamento do 1\u00ba Semin\u00e1rio Ubuntu, realizado na escola durante a Semana da Consci\u00eancia Negra, que teve uma programa\u00e7\u00e3o com palestras, oficinas e exibi\u00e7\u00e3o de filmes voltados para\" \/>\n\t<meta name=\"robots\" content=\"max-image-preview:large\" \/>\n\t<meta name=\"author\" content=\"Juliana Laviola\"\/>\n\t<link rel=\"canonical\" href=\"https:\/\/anoticiaonline.com.br\/site\/festival-afro-e-realizado-na-escola-estadual-professor-orlando-de-lima-faria\/\" \/>\n\t<meta name=\"generator\" content=\"All in One SEO (AIOSEO) 5.0.0.1\" \/>\n\t\t<meta property=\"og:locale\" content=\"pt_BR\" \/>\n\t\t<meta property=\"og:site_name\" content=\"A Not\u00edcia Online - Noticias de Muria\u00e9 e regi\u00e3o\" \/>\n\t\t<meta property=\"og:type\" content=\"article\" \/>\n\t\t<meta property=\"og:title\" content=\"Festival Afro \u00e9 realizado na Escola Estadual Professor Orlando de Lima Faria - A Not\u00edcia Online\" \/>\n\t\t<meta property=\"og:description\" content=\"A 4\u00aa edi\u00e7\u00e3o do Festival Afro, promovida pela professora de Artes, \u00c2ngela Morelli, na Escola Estadual Professor Orlando de Lima Faria, aconteceu na sexta-feira (23). A atividade foi fechamento do 1\u00ba Semin\u00e1rio Ubuntu, realizado na escola durante a Semana da Consci\u00eancia Negra, que teve uma programa\u00e7\u00e3o com palestras, oficinas e exibi\u00e7\u00e3o de filmes voltados para\" \/>\n\t\t<meta property=\"og:url\" content=\"https:\/\/anoticiaonline.com.br\/site\/festival-afro-e-realizado-na-escola-estadual-professor-orlando-de-lima-faria\/\" \/>\n\t\t<meta property=\"og:image\" content=\"https:\/\/scontent-gig4-1.xx.fbcdn.net\/v\/t39.30808-1\/270437624_4564083193639691_6907940295614233970_n.jpg?stp=dst-jpg_s200x200_tt6&#038;_nc_cat=111&#038;ccb=1-7&#038;_nc_sid=f907e8&#038;_nc_ohc=SM1wRlP3lJwQ7kNvwEPuBYA&#038;_nc_oc=AdnqrjDN_BNjSSHWO-GbkIWH6fkGMLw4bqvL_NH6e2wMveX7G-rP2dAqsDSq1mJMOaY&#038;_nc_zt=24&#038;_nc_ht=scontent-gig4-1.xx&#038;_nc_gid=AoBFJeGrT1hVaew_6rchkQ&#038;oh=00_AfX7QmFGhQhG2jAllVgXCiM1ZrWgvtp80-Bfppyexh1QEg&#038;oe=689E923C\" \/>\n\t\t<meta property=\"og:image:secure_url\" content=\"https:\/\/scontent-gig4-1.xx.fbcdn.net\/v\/t39.30808-1\/270437624_4564083193639691_6907940295614233970_n.jpg?stp=dst-jpg_s200x200_tt6&#038;_nc_cat=111&#038;ccb=1-7&#038;_nc_sid=f907e8&#038;_nc_ohc=SM1wRlP3lJwQ7kNvwEPuBYA&#038;_nc_oc=AdnqrjDN_BNjSSHWO-GbkIWH6fkGMLw4bqvL_NH6e2wMveX7G-rP2dAqsDSq1mJMOaY&#038;_nc_zt=24&#038;_nc_ht=scontent-gig4-1.xx&#038;_nc_gid=AoBFJeGrT1hVaew_6rchkQ&#038;oh=00_AfX7QmFGhQhG2jAllVgXCiM1ZrWgvtp80-Bfppyexh1QEg&#038;oe=689E923C\" \/>\n\t\t<meta property=\"article:published_time\" content=\"2018-11-28T13:58:54+00:00\" \/>\n\t\t<meta property=\"article:modified_time\" content=\"2018-11-28T13:58:54+00:00\" \/>\n\t\t<meta name=\"twitter:card\" content=\"summary_large_image\" \/>\n\t\t<meta name=\"twitter:title\" content=\"Festival Afro \u00e9 realizado na Escola Estadual Professor Orlando de Lima Faria - A Not\u00edcia Online\" \/>\n\t\t<meta name=\"twitter:description\" content=\"A 4\u00aa edi\u00e7\u00e3o do Festival Afro, promovida pela professora de Artes, \u00c2ngela Morelli, na Escola Estadual Professor Orlando de Lima Faria, aconteceu na sexta-feira (23). A atividade foi fechamento do 1\u00ba Semin\u00e1rio Ubuntu, realizado na escola durante a Semana da Consci\u00eancia Negra, que teve uma programa\u00e7\u00e3o com palestras, oficinas e exibi\u00e7\u00e3o de filmes voltados para\" \/>\n\t\t<meta name=\"twitter:image\" content=\"https:\/\/scontent-gig4-1.xx.fbcdn.net\/v\/t39.30808-1\/270437624_4564083193639691_6907940295614233970_n.jpg?stp=dst-jpg_s200x200_tt6&amp;_nc_cat=111&amp;ccb=1-7&amp;_nc_sid=f907e8&amp;_nc_ohc=SM1wRlP3lJwQ7kNvwEPuBYA&amp;_nc_oc=AdnqrjDN_BNjSSHWO-GbkIWH6fkGMLw4bqvL_NH6e2wMveX7G-rP2dAqsDSq1mJMOaY&amp;_nc_zt=24&amp;_nc_ht=scontent-gig4-1.xx&amp;_nc_gid=AoBFJeGrT1hVaew_6rchkQ&amp;oh=00_AfX7QmFGhQhG2jAllVgXCiM1ZrWgvtp80-Bfppyexh1QEg&amp;oe=689E923C\" \/>\n\t\t<script type=\"application\/ld+json\" class=\"aioseo-schema\">\n\t\t\t{\"@context\":\"https:\\\/\\\/schema.org\",\"@graph\":[{\"@type\":\"BlogPosting\",\"@id\":\"https:\\\/\\\/anoticiaonline.com.br\\\/site\\\/festival-afro-e-realizado-na-escola-estadual-professor-orlando-de-lima-faria\\\/#blogposting\",\"name\":\"Festival Afro \\u00e9 realizado na Escola Estadual Professor Orlando de Lima Faria - A Not\\u00edcia Online\",\"headline\":\"Festival Afro \\u00e9 realizado na Escola Estadual Professor Orlando de Lima Faria\",\"author\":{\"@id\":\"https:\\\/\\\/anoticiaonline.com.br\\\/site\\\/author\\\/juliana\\\/#author\"},\"publisher\":{\"@id\":\"https:\\\/\\\/anoticiaonline.com.br\\\/site\\\/#organization\"},\"image\":{\"@type\":\"ImageObject\",\"url\":\"https:\\\/\\\/anoticiaonline.com.br\\\/site\\\/wp-content\\\/uploads\\\/2018\\\/11\\\/capa-5.jpg\",\"width\":1000,\"height\":350},\"datePublished\":\"2018-11-28T10:58:54-03:00\",\"dateModified\":\"2018-11-28T10:58:54-03:00\",\"inLanguage\":\"pt-BR\",\"mainEntityOfPage\":{\"@id\":\"https:\\\/\\\/anoticiaonline.com.br\\\/site\\\/festival-afro-e-realizado-na-escola-estadual-professor-orlando-de-lima-faria\\\/#webpage\"},\"isPartOf\":{\"@id\":\"https:\\\/\\\/anoticiaonline.com.br\\\/site\\\/festival-afro-e-realizado-na-escola-estadual-professor-orlando-de-lima-faria\\\/#webpage\"},\"articleSection\":\"Blog, Cotidiano, 4\\u00aa edi\\u00e7\\u00e3o do Festival Afro, \\u00c2ngela Morelli, Escola Estadual Professor Orlando de Lima Faria, Festival Afro, Hakuna Batata, J Filipe Massa, Papelaria Top, sal\\u00e3o Lays Trotta, Tio Pizza\"},{\"@type\":\"BreadcrumbList\",\"@id\":\"https:\\\/\\\/anoticiaonline.com.br\\\/site\\\/festival-afro-e-realizado-na-escola-estadual-professor-orlando-de-lima-faria\\\/#breadcrumblist\",\"itemListElement\":[{\"@type\":\"ListItem\",\"@id\":\"https:\\\/\\\/anoticiaonline.com.br\\\/site#listItem\",\"position\":1,\"name\":\"Home\",\"item\":\"https:\\\/\\\/anoticiaonline.com.br\\\/site\",\"nextItem\":{\"@type\":\"ListItem\",\"@id\":\"https:\\\/\\\/anoticiaonline.com.br\\\/site\\\/categoria\\\/muriae\\\/#listItem\",\"name\":\"Blog\"}},{\"@type\":\"ListItem\",\"@id\":\"https:\\\/\\\/anoticiaonline.com.br\\\/site\\\/categoria\\\/muriae\\\/#listItem\",\"position\":2,\"name\":\"Blog\",\"item\":\"https:\\\/\\\/anoticiaonline.com.br\\\/site\\\/categoria\\\/muriae\\\/\",\"nextItem\":{\"@type\":\"ListItem\",\"@id\":\"https:\\\/\\\/anoticiaonline.com.br\\\/site\\\/categoria\\\/muriae\\\/cotidiano\\\/#listItem\",\"name\":\"Cotidiano\"},\"previousItem\":{\"@type\":\"ListItem\",\"@id\":\"https:\\\/\\\/anoticiaonline.com.br\\\/site#listItem\",\"name\":\"Home\"}},{\"@type\":\"ListItem\",\"@id\":\"https:\\\/\\\/anoticiaonline.com.br\\\/site\\\/categoria\\\/muriae\\\/cotidiano\\\/#listItem\",\"position\":3,\"name\":\"Cotidiano\",\"item\":\"https:\\\/\\\/anoticiaonline.com.br\\\/site\\\/categoria\\\/muriae\\\/cotidiano\\\/\",\"nextItem\":{\"@type\":\"ListItem\",\"@id\":\"https:\\\/\\\/anoticiaonline.com.br\\\/site\\\/festival-afro-e-realizado-na-escola-estadual-professor-orlando-de-lima-faria\\\/#listItem\",\"name\":\"Festival Afro \\u00e9 realizado na Escola Estadual Professor Orlando de Lima Faria\"},\"previousItem\":{\"@type\":\"ListItem\",\"@id\":\"https:\\\/\\\/anoticiaonline.com.br\\\/site\\\/categoria\\\/muriae\\\/#listItem\",\"name\":\"Blog\"}},{\"@type\":\"ListItem\",\"@id\":\"https:\\\/\\\/anoticiaonline.com.br\\\/site\\\/festival-afro-e-realizado-na-escola-estadual-professor-orlando-de-lima-faria\\\/#listItem\",\"position\":4,\"name\":\"Festival Afro \\u00e9 realizado na Escola Estadual Professor Orlando de Lima Faria\",\"previousItem\":{\"@type\":\"ListItem\",\"@id\":\"https:\\\/\\\/anoticiaonline.com.br\\\/site\\\/categoria\\\/muriae\\\/cotidiano\\\/#listItem\",\"name\":\"Cotidiano\"}}]},{\"@type\":\"Organization\",\"@id\":\"https:\\\/\\\/anoticiaonline.com.br\\\/site\\\/#organization\",\"name\":\"A Not\\u00edcia Online\",\"description\":\"Noticias de Muria\\u00e9 e regi\\u00e3o\",\"url\":\"https:\\\/\\\/anoticiaonline.com.br\\\/site\\\/\",\"logo\":{\"@type\":\"ImageObject\",\"url\":\"https:\\\/\\\/scontent-gig4-1.xx.fbcdn.net\\\/v\\\/t39.30808-1\\\/270437624_4564083193639691_6907940295614233970_n.jpg?stp=dst-jpg_s200x200_tt6&_nc_cat=111&ccb=1-7&_nc_sid=f907e8&_nc_ohc=SM1wRlP3lJwQ7kNvwEPuBYA&_nc_oc=AdnqrjDN_BNjSSHWO-GbkIWH6fkGMLw4bqvL_NH6e2wMveX7G-rP2dAqsDSq1mJMOaY&_nc_zt=24&_nc_ht=scontent-gig4-1.xx&_nc_gid=AoBFJeGrT1hVaew_6rchkQ&oh=00_AfX7QmFGhQhG2jAllVgXCiM1ZrWgvtp80-Bfppyexh1QEg&oe=689E923C\",\"@id\":\"https:\\\/\\\/anoticiaonline.com.br\\\/site\\\/festival-afro-e-realizado-na-escola-estadual-professor-orlando-de-lima-faria\\\/#organizationLogo\"},\"image\":{\"@id\":\"https:\\\/\\\/anoticiaonline.com.br\\\/site\\\/festival-afro-e-realizado-na-escola-estadual-professor-orlando-de-lima-faria\\\/#organizationLogo\"}},{\"@type\":\"Person\",\"@id\":\"https:\\\/\\\/anoticiaonline.com.br\\\/site\\\/author\\\/juliana\\\/#author\",\"url\":\"https:\\\/\\\/anoticiaonline.com.br\\\/site\\\/author\\\/juliana\\\/\",\"name\":\"Juliana Laviola\",\"image\":{\"@type\":\"ImageObject\",\"@id\":\"https:\\\/\\\/anoticiaonline.com.br\\\/site\\\/festival-afro-e-realizado-na-escola-estadual-professor-orlando-de-lima-faria\\\/#authorImage\",\"url\":\"https:\\\/\\\/secure.gravatar.com\\\/avatar\\\/b8d45f5c699b100dfaf0e543582f38f38bf94cb7ae3a5e9abf8d891a34773335?s=96&d=mm&r=g\",\"width\":96,\"height\":96,\"caption\":\"Juliana Laviola\"}},{\"@type\":\"WebPage\",\"@id\":\"https:\\\/\\\/anoticiaonline.com.br\\\/site\\\/festival-afro-e-realizado-na-escola-estadual-professor-orlando-de-lima-faria\\\/#webpage\",\"url\":\"https:\\\/\\\/anoticiaonline.com.br\\\/site\\\/festival-afro-e-realizado-na-escola-estadual-professor-orlando-de-lima-faria\\\/\",\"name\":\"Festival Afro \\u00e9 realizado na Escola Estadual Professor Orlando de Lima Faria - A Not\\u00edcia Online\",\"description\":\"A 4\\u00aa edi\\u00e7\\u00e3o do Festival Afro, promovida pela professora de Artes, \\u00c2ngela Morelli, na Escola Estadual Professor Orlando de Lima Faria, aconteceu na sexta-feira (23). A atividade foi fechamento do 1\\u00ba Semin\\u00e1rio Ubuntu, realizado na escola durante a Semana da Consci\\u00eancia Negra, que teve uma programa\\u00e7\\u00e3o com palestras, oficinas e exibi\\u00e7\\u00e3o de filmes voltados para\",\"inLanguage\":\"pt-BR\",\"isPartOf\":{\"@id\":\"https:\\\/\\\/anoticiaonline.com.br\\\/site\\\/#website\"},\"breadcrumb\":{\"@id\":\"https:\\\/\\\/anoticiaonline.com.br\\\/site\\\/festival-afro-e-realizado-na-escola-estadual-professor-orlando-de-lima-faria\\\/#breadcrumblist\"},\"author\":{\"@id\":\"https:\\\/\\\/anoticiaonline.com.br\\\/site\\\/author\\\/juliana\\\/#author\"},\"creator\":{\"@id\":\"https:\\\/\\\/anoticiaonline.com.br\\\/site\\\/author\\\/juliana\\\/#author\"},\"image\":{\"@type\":\"ImageObject\",\"url\":\"https:\\\/\\\/anoticiaonline.com.br\\\/site\\\/wp-content\\\/uploads\\\/2018\\\/11\\\/capa-5.jpg\",\"@id\":\"https:\\\/\\\/anoticiaonline.com.br\\\/site\\\/festival-afro-e-realizado-na-escola-estadual-professor-orlando-de-lima-faria\\\/#mainImage\",\"width\":1000,\"height\":350},\"primaryImageOfPage\":{\"@id\":\"https:\\\/\\\/anoticiaonline.com.br\\\/site\\\/festival-afro-e-realizado-na-escola-estadual-professor-orlando-de-lima-faria\\\/#mainImage\"},\"datePublished\":\"2018-11-28T10:58:54-03:00\",\"dateModified\":\"2018-11-28T10:58:54-03:00\"},{\"@type\":\"WebSite\",\"@id\":\"https:\\\/\\\/anoticiaonline.com.br\\\/site\\\/#website\",\"url\":\"https:\\\/\\\/anoticiaonline.com.br\\\/site\\\/\",\"name\":\"A Not\\u00edcia Online\",\"description\":\"Noticias de Muria\\u00e9 e regi\\u00e3o\",\"inLanguage\":\"pt-BR\",\"publisher\":{\"@id\":\"https:\\\/\\\/anoticiaonline.com.br\\\/site\\\/#organization\"}}]}\n\t\t<\/script>\n\t\t<!-- All in One SEO -->\n\n","aioseo_head_json":{"title":"Festival Afro \u00e9 realizado na Escola Estadual Professor Orlando de Lima Faria - A Not\u00edcia Online","description":"A 4\u00aa edi\u00e7\u00e3o do Festival Afro, promovida pela professora de Artes, \u00c2ngela Morelli, na Escola Estadual Professor Orlando de Lima Faria, aconteceu na sexta-feira (23). A atividade foi fechamento do 1\u00ba Semin\u00e1rio Ubuntu, realizado na escola durante a Semana da Consci\u00eancia Negra, que teve uma programa\u00e7\u00e3o com palestras, oficinas e exibi\u00e7\u00e3o de filmes voltados para","canonical_url":"https:\/\/anoticiaonline.com.br\/site\/festival-afro-e-realizado-na-escola-estadual-professor-orlando-de-lima-faria\/","robots":"max-image-preview:large","keywords":"","webmasterTools":{"miscellaneous":""},"schema":{"@context":"https:\/\/schema.org","@graph":[{"@type":"BlogPosting","@id":"https:\/\/anoticiaonline.com.br\/site\/festival-afro-e-realizado-na-escola-estadual-professor-orlando-de-lima-faria\/#blogposting","name":"Festival Afro \u00e9 realizado na Escola Estadual Professor Orlando de Lima Faria - A Not\u00edcia Online","headline":"Festival Afro \u00e9 realizado na Escola Estadual Professor Orlando de Lima Faria","author":{"@id":"https:\/\/anoticiaonline.com.br\/site\/author\/juliana\/#author"},"publisher":{"@id":"https:\/\/anoticiaonline.com.br\/site\/#organization"},"image":{"@type":"ImageObject","url":"https:\/\/anoticiaonline.com.br\/site\/wp-content\/uploads\/2018\/11\/capa-5.jpg","width":1000,"height":350},"datePublished":"2018-11-28T10:58:54-03:00","dateModified":"2018-11-28T10:58:54-03:00","inLanguage":"pt-BR","mainEntityOfPage":{"@id":"https:\/\/anoticiaonline.com.br\/site\/festival-afro-e-realizado-na-escola-estadual-professor-orlando-de-lima-faria\/#webpage"},"isPartOf":{"@id":"https:\/\/anoticiaonline.com.br\/site\/festival-afro-e-realizado-na-escola-estadual-professor-orlando-de-lima-faria\/#webpage"},"articleSection":"Blog, Cotidiano, 4\u00aa edi\u00e7\u00e3o do Festival Afro, \u00c2ngela Morelli, Escola Estadual Professor Orlando de Lima Faria, Festival Afro, Hakuna Batata, J Filipe Massa, Papelaria Top, sal\u00e3o Lays Trotta, Tio Pizza"},{"@type":"BreadcrumbList","@id":"https:\/\/anoticiaonline.com.br\/site\/festival-afro-e-realizado-na-escola-estadual-professor-orlando-de-lima-faria\/#breadcrumblist","itemListElement":[{"@type":"ListItem","@id":"https:\/\/anoticiaonline.com.br\/site#listItem","position":1,"name":"Home","item":"https:\/\/anoticiaonline.com.br\/site","nextItem":{"@type":"ListItem","@id":"https:\/\/anoticiaonline.com.br\/site\/categoria\/muriae\/#listItem","name":"Blog"}},{"@type":"ListItem","@id":"https:\/\/anoticiaonline.com.br\/site\/categoria\/muriae\/#listItem","position":2,"name":"Blog","item":"https:\/\/anoticiaonline.com.br\/site\/categoria\/muriae\/","nextItem":{"@type":"ListItem","@id":"https:\/\/anoticiaonline.com.br\/site\/categoria\/muriae\/cotidiano\/#listItem","name":"Cotidiano"},"previousItem":{"@type":"ListItem","@id":"https:\/\/anoticiaonline.com.br\/site#listItem","name":"Home"}},{"@type":"ListItem","@id":"https:\/\/anoticiaonline.com.br\/site\/categoria\/muriae\/cotidiano\/#listItem","position":3,"name":"Cotidiano","item":"https:\/\/anoticiaonline.com.br\/site\/categoria\/muriae\/cotidiano\/","nextItem":{"@type":"ListItem","@id":"https:\/\/anoticiaonline.com.br\/site\/festival-afro-e-realizado-na-escola-estadual-professor-orlando-de-lima-faria\/#listItem","name":"Festival Afro \u00e9 realizado na Escola Estadual Professor Orlando de Lima Faria"},"previousItem":{"@type":"ListItem","@id":"https:\/\/anoticiaonline.com.br\/site\/categoria\/muriae\/#listItem","name":"Blog"}},{"@type":"ListItem","@id":"https:\/\/anoticiaonline.com.br\/site\/festival-afro-e-realizado-na-escola-estadual-professor-orlando-de-lima-faria\/#listItem","position":4,"name":"Festival Afro \u00e9 realizado na Escola Estadual Professor Orlando de Lima Faria","previousItem":{"@type":"ListItem","@id":"https:\/\/anoticiaonline.com.br\/site\/categoria\/muriae\/cotidiano\/#listItem","name":"Cotidiano"}}]},{"@type":"Organization","@id":"https:\/\/anoticiaonline.com.br\/site\/#organization","name":"A Not\u00edcia Online","description":"Noticias de Muria\u00e9 e regi\u00e3o","url":"https:\/\/anoticiaonline.com.br\/site\/","logo":{"@type":"ImageObject","url":"https:\/\/scontent-gig4-1.xx.fbcdn.net\/v\/t39.30808-1\/270437624_4564083193639691_6907940295614233970_n.jpg?stp=dst-jpg_s200x200_tt6&_nc_cat=111&ccb=1-7&_nc_sid=f907e8&_nc_ohc=SM1wRlP3lJwQ7kNvwEPuBYA&_nc_oc=AdnqrjDN_BNjSSHWO-GbkIWH6fkGMLw4bqvL_NH6e2wMveX7G-rP2dAqsDSq1mJMOaY&_nc_zt=24&_nc_ht=scontent-gig4-1.xx&_nc_gid=AoBFJeGrT1hVaew_6rchkQ&oh=00_AfX7QmFGhQhG2jAllVgXCiM1ZrWgvtp80-Bfppyexh1QEg&oe=689E923C","@id":"https:\/\/anoticiaonline.com.br\/site\/festival-afro-e-realizado-na-escola-estadual-professor-orlando-de-lima-faria\/#organizationLogo"},"image":{"@id":"https:\/\/anoticiaonline.com.br\/site\/festival-afro-e-realizado-na-escola-estadual-professor-orlando-de-lima-faria\/#organizationLogo"}},{"@type":"Person","@id":"https:\/\/anoticiaonline.com.br\/site\/author\/juliana\/#author","url":"https:\/\/anoticiaonline.com.br\/site\/author\/juliana\/","name":"Juliana Laviola","image":{"@type":"ImageObject","@id":"https:\/\/anoticiaonline.com.br\/site\/festival-afro-e-realizado-na-escola-estadual-professor-orlando-de-lima-faria\/#authorImage","url":"https:\/\/secure.gravatar.com\/avatar\/b8d45f5c699b100dfaf0e543582f38f38bf94cb7ae3a5e9abf8d891a34773335?s=96&d=mm&r=g","width":96,"height":96,"caption":"Juliana Laviola"}},{"@type":"WebPage","@id":"https:\/\/anoticiaonline.com.br\/site\/festival-afro-e-realizado-na-escola-estadual-professor-orlando-de-lima-faria\/#webpage","url":"https:\/\/anoticiaonline.com.br\/site\/festival-afro-e-realizado-na-escola-estadual-professor-orlando-de-lima-faria\/","name":"Festival Afro \u00e9 realizado na Escola Estadual Professor Orlando de Lima Faria - A Not\u00edcia Online","description":"A 4\u00aa edi\u00e7\u00e3o do Festival Afro, promovida pela professora de Artes, \u00c2ngela Morelli, na Escola Estadual Professor Orlando de Lima Faria, aconteceu na sexta-feira (23). A atividade foi fechamento do 1\u00ba Semin\u00e1rio Ubuntu, realizado na escola durante a Semana da Consci\u00eancia Negra, que teve uma programa\u00e7\u00e3o com palestras, oficinas e exibi\u00e7\u00e3o de filmes voltados para","inLanguage":"pt-BR","isPartOf":{"@id":"https:\/\/anoticiaonline.com.br\/site\/#website"},"breadcrumb":{"@id":"https:\/\/anoticiaonline.com.br\/site\/festival-afro-e-realizado-na-escola-estadual-professor-orlando-de-lima-faria\/#breadcrumblist"},"author":{"@id":"https:\/\/anoticiaonline.com.br\/site\/author\/juliana\/#author"},"creator":{"@id":"https:\/\/anoticiaonline.com.br\/site\/author\/juliana\/#author"},"image":{"@type":"ImageObject","url":"https:\/\/anoticiaonline.com.br\/site\/wp-content\/uploads\/2018\/11\/capa-5.jpg","@id":"https:\/\/anoticiaonline.com.br\/site\/festival-afro-e-realizado-na-escola-estadual-professor-orlando-de-lima-faria\/#mainImage","width":1000,"height":350},"primaryImageOfPage":{"@id":"https:\/\/anoticiaonline.com.br\/site\/festival-afro-e-realizado-na-escola-estadual-professor-orlando-de-lima-faria\/#mainImage"},"datePublished":"2018-11-28T10:58:54-03:00","dateModified":"2018-11-28T10:58:54-03:00"},{"@type":"WebSite","@id":"https:\/\/anoticiaonline.com.br\/site\/#website","url":"https:\/\/anoticiaonline.com.br\/site\/","name":"A Not\u00edcia Online","description":"Noticias de Muria\u00e9 e regi\u00e3o","inLanguage":"pt-BR","publisher":{"@id":"https:\/\/anoticiaonline.com.br\/site\/#organization"}}]},"og:locale":"pt_BR","og:site_name":"A Not\u00edcia Online - Noticias de Muria\u00e9 e regi\u00e3o","og:type":"article","og:title":"Festival Afro \u00e9 realizado na Escola Estadual Professor Orlando de Lima Faria - A Not\u00edcia Online","og:description":"A 4\u00aa edi\u00e7\u00e3o do Festival Afro, promovida pela professora de Artes, \u00c2ngela Morelli, na Escola Estadual Professor Orlando de Lima Faria, aconteceu na sexta-feira (23). A atividade foi fechamento do 1\u00ba Semin\u00e1rio Ubuntu, realizado na escola durante a Semana da Consci\u00eancia Negra, que teve uma programa\u00e7\u00e3o com palestras, oficinas e exibi\u00e7\u00e3o de filmes voltados para","og:url":"https:\/\/anoticiaonline.com.br\/site\/festival-afro-e-realizado-na-escola-estadual-professor-orlando-de-lima-faria\/","og:image":"https:\/\/scontent-gig4-1.xx.fbcdn.net\/v\/t39.30808-1\/270437624_4564083193639691_6907940295614233970_n.jpg?stp=dst-jpg_s200x200_tt6&#038;_nc_cat=111&#038;ccb=1-7&#038;_nc_sid=f907e8&#038;_nc_ohc=SM1wRlP3lJwQ7kNvwEPuBYA&#038;_nc_oc=AdnqrjDN_BNjSSHWO-GbkIWH6fkGMLw4bqvL_NH6e2wMveX7G-rP2dAqsDSq1mJMOaY&#038;_nc_zt=24&#038;_nc_ht=scontent-gig4-1.xx&#038;_nc_gid=AoBFJeGrT1hVaew_6rchkQ&#038;oh=00_AfX7QmFGhQhG2jAllVgXCiM1ZrWgvtp80-Bfppyexh1QEg&#038;oe=689E923C","og:image:secure_url":"https:\/\/scontent-gig4-1.xx.fbcdn.net\/v\/t39.30808-1\/270437624_4564083193639691_6907940295614233970_n.jpg?stp=dst-jpg_s200x200_tt6&#038;_nc_cat=111&#038;ccb=1-7&#038;_nc_sid=f907e8&#038;_nc_ohc=SM1wRlP3lJwQ7kNvwEPuBYA&#038;_nc_oc=AdnqrjDN_BNjSSHWO-GbkIWH6fkGMLw4bqvL_NH6e2wMveX7G-rP2dAqsDSq1mJMOaY&#038;_nc_zt=24&#038;_nc_ht=scontent-gig4-1.xx&#038;_nc_gid=AoBFJeGrT1hVaew_6rchkQ&#038;oh=00_AfX7QmFGhQhG2jAllVgXCiM1ZrWgvtp80-Bfppyexh1QEg&#038;oe=689E923C","article:published_time":"2018-11-28T13:58:54+00:00","article:modified_time":"2018-11-28T13:58:54+00:00","twitter:card":"summary_large_image","twitter:title":"Festival Afro \u00e9 realizado na Escola Estadual Professor Orlando de Lima Faria - A Not\u00edcia Online","twitter:description":"A 4\u00aa edi\u00e7\u00e3o do Festival Afro, promovida pela professora de Artes, \u00c2ngela Morelli, na Escola Estadual Professor Orlando de Lima Faria, aconteceu na sexta-feira (23). A atividade foi fechamento do 1\u00ba Semin\u00e1rio Ubuntu, realizado na escola durante a Semana da Consci\u00eancia Negra, que teve uma programa\u00e7\u00e3o com palestras, oficinas e exibi\u00e7\u00e3o de filmes voltados para","twitter:image":"https:\/\/scontent-gig4-1.xx.fbcdn.net\/v\/t39.30808-1\/270437624_4564083193639691_6907940295614233970_n.jpg?stp=dst-jpg_s200x200_tt6&_nc_cat=111&ccb=1-7&_nc_sid=f907e8&_nc_ohc=SM1wRlP3lJwQ7kNvwEPuBYA&_nc_oc=AdnqrjDN_BNjSSHWO-GbkIWH6fkGMLw4bqvL_NH6e2wMveX7G-rP2dAqsDSq1mJMOaY&_nc_zt=24&_nc_ht=scontent-gig4-1.xx&_nc_gid=AoBFJeGrT1hVaew_6rchkQ&oh=00_AfX7QmFGhQhG2jAllVgXCiM1ZrWgvtp80-Bfppyexh1QEg&oe=689E923C"},"aioseo_meta_data":{"post_id":"65112","title":null,"description":null,"keywords":null,"keyphrases":null,"primary_term":null,"canonical_url":null,"og_title":null,"og_description":null,"og_object_type":"default","og_image_type":"default","og_image_url":null,"og_image_width":null,"og_image_height":null,"og_image_custom_url":null,"og_image_custom_fields":null,"og_video":null,"og_custom_url":null,"og_article_section":null,"og_article_tags":null,"twitter_use_og":false,"twitter_card":"default","twitter_image_type":"default","twitter_image_url":null,"twitter_image_custom_url":null,"twitter_image_custom_fields":null,"twitter_title":null,"twitter_description":null,"schema":{"blockGraphs":[],"customGraphs":[],"default":{"data":{"Article":[],"Course":[],"Dataset":[],"FAQPage":[],"Movie":[],"Person":[],"Product":[],"ProductReview":[],"Car":[],"Recipe":[],"Service":[],"SoftwareApplication":[],"WebPage":[]},"graphName":"","isEnabled":true},"graphs":[]},"schema_type":"default","schema_type_options":null,"pillar_content":false,"robots_default":true,"robots_noindex":false,"robots_noarchive":false,"robots_nosnippet":false,"robots_nofollow":false,"robots_noimageindex":false,"robots_noodp":false,"robots_notranslate":false,"robots_max_snippet":null,"robots_max_videopreview":null,"robots_max_imagepreview":"large","priority":null,"frequency":null,"local_seo":null,"breadcrumb_settings":null,"limit_modified_date":false,"ai":null,"created":"2025-08-16 22:17:33","updated":"2025-08-16 22:17:33","focus_keyword":null,"additional_keywords":null,"truseo_locale":null,"seo_analyzer_scan_date":null},"aioseo_breadcrumb":"<div class=\"aioseo-breadcrumbs\"><span class=\"aioseo-breadcrumb\">\n\t\t\t<a href=\"https:\/\/anoticiaonline.com.br\/site\" title=\"Home\">Home<\/a>\n\t\t<\/span><span class=\"aioseo-breadcrumb-separator\">&raquo;<\/span><span class=\"aioseo-breadcrumb\">\n\t\t\t<a href=\"https:\/\/anoticiaonline.com.br\/site\/categoria\/muriae\/\" title=\"Blog\">Blog<\/a>\n\t\t<\/span><span class=\"aioseo-breadcrumb-separator\">&raquo;<\/span><span class=\"aioseo-breadcrumb\">\n\t\t\t<a href=\"https:\/\/anoticiaonline.com.br\/site\/categoria\/muriae\/cotidiano\/\" title=\"Cotidiano\">Cotidiano<\/a>\n\t\t<\/span><span class=\"aioseo-breadcrumb-separator\">&raquo;<\/span><span class=\"aioseo-breadcrumb\">\n\t\t\tFestival Afro \u00e9 realizado na Escola Estadual Professor Orlando de Lima Faria\n\t\t<\/span><\/div>","aioseo_breadcrumb_json":[{"label":"Home","link":"https:\/\/anoticiaonline.com.br\/site"},{"label":"Blog","link":"https:\/\/anoticiaonline.com.br\/site\/categoria\/muriae\/"},{"label":"Cotidiano","link":"https:\/\/anoticiaonline.com.br\/site\/categoria\/muriae\/cotidiano\/"},{"label":"Festival Afro \u00e9 realizado na Escola Estadual Professor Orlando de Lima Faria","link":"https:\/\/anoticiaonline.com.br\/site\/festival-afro-e-realizado-na-escola-estadual-professor-orlando-de-lima-faria\/"}],"views":236,"_links":{"self":[{"href":"https:\/\/anoticiaonline.com.br\/site\/wp-json\/wp\/v2\/posts\/65112","targetHints":{"allow":["GET"]}}],"collection":[{"href":"https:\/\/anoticiaonline.com.br\/site\/wp-json\/wp\/v2\/posts"}],"about":[{"href":"https:\/\/anoticiaonline.com.br\/site\/wp-json\/wp\/v2\/types\/post"}],"author":[{"embeddable":true,"href":"https:\/\/anoticiaonline.com.br\/site\/wp-json\/wp\/v2\/users\/2"}],"replies":[{"embeddable":true,"href":"https:\/\/anoticiaonline.com.br\/site\/wp-json\/wp\/v2\/comments?post=65112"}],"version-history":[{"count":0,"href":"https:\/\/anoticiaonline.com.br\/site\/wp-json\/wp\/v2\/posts\/65112\/revisions"}],"wp:featuredmedia":[{"embeddable":true,"href":"https:\/\/anoticiaonline.com.br\/site\/wp-json\/wp\/v2\/media\/65120"}],"wp:attachment":[{"href":"https:\/\/anoticiaonline.com.br\/site\/wp-json\/wp\/v2\/media?parent=65112"}],"wp:term":[{"taxonomy":"category","embeddable":true,"href":"https:\/\/anoticiaonline.com.br\/site\/wp-json\/wp\/v2\/categories?post=65112"},{"taxonomy":"post_tag","embeddable":true,"href":"https:\/\/anoticiaonline.com.br\/site\/wp-json\/wp\/v2\/tags?post=65112"}],"curies":[{"name":"wp","href":"https:\/\/api.w.org\/{rel}","templated":true}]}}