{"id":64989,"date":"2018-11-22T20:13:24","date_gmt":"2018-11-22T23:13:24","guid":{"rendered":"http:\/\/anoticiaonline.com.br\/site\/?p=64989"},"modified":"2018-11-23T09:35:29","modified_gmt":"2018-11-23T12:35:29","slug":"comunidade-sao-joao-evangelista-promove-noite-de-musica-ao-vivo-com-o-grupo-couro-corda","status":"publish","type":"post","link":"https:\/\/anoticiaonline.com.br\/site\/comunidade-sao-joao-evangelista-promove-noite-de-musica-ao-vivo-com-o-grupo-couro-corda\/","title":{"rendered":"Comunidade S\u00e3o Jo\u00e3o Evangelista promove noite de m\u00fasica ao vivo com o grupo Couro &#038; Corda"},"content":{"rendered":"<p><a href=\"https:\/\/anoticiaonline.com.br\/site\/wp-content\/uploads\/2018\/11\/DSC_0991.jpg\"><img fetchpriority=\"high\" decoding=\"async\" class=\"aligncenter size-full wp-image-65002\" src=\"https:\/\/anoticiaonline.com.br\/site\/wp-content\/uploads\/2018\/11\/DSC_0991.jpg\" alt=\"\" width=\"1000\" height=\"668\" srcset=\"https:\/\/anoticiaonline.com.br\/site\/wp-content\/uploads\/2018\/11\/DSC_0991.jpg 1000w, https:\/\/anoticiaonline.com.br\/site\/wp-content\/uploads\/2018\/11\/DSC_0991-300x200.jpg 300w, https:\/\/anoticiaonline.com.br\/site\/wp-content\/uploads\/2018\/11\/DSC_0991-768x513.jpg 768w\" sizes=\"(max-width: 1000px) 100vw, 1000px\" \/><\/a>A Comunidade S\u00e3o Jo\u00e3o Evangelista promoveu, uma noite de m\u00fasica, no s\u00e1bado, 10 de novembro, ao vivo, com o grupo Couro &amp; Corda, para os seus moradores, amigos e visitantes do Jo\u00e3o XXIII. Os recursos arrecadados, durante o evento, ser\u00e3o destinados aos diversos servi\u00e7os realizados pelo Sal\u00e3o Paroquial da Igreja do bairro.<\/p>\n<p><!--more--><\/p>\n<p>De acordo com Jos\u00e9 Henrique Dias Maia, que faz parte do Conselho Administrativo da Comunidade S\u00e3o Jo\u00e3o Evangelista, Igreja que faz parte da Par\u00f3quia Santa Cruz, disse que a ideia de criar o evento surgiu ap\u00f3s as celebra\u00e7\u00f5es do m\u00eas de maio, em homenagem \u00e0 Maria.<\/p>\n<p>\u201cDurante as comemora\u00e7\u00f5es do M\u00eas de Maria, quando colocamos m\u00fasica ao vivo para os participantes da festa, n\u00f3s percebemos que a comunidade ficou mais pr\u00f3xima e mais entrosada. Por isso, decidimos criar mais uma noite com o grupo Couro &amp; Corda, que tamb\u00e9m participou conosco das festividades de maio. Com isso, nossa expectativa \u00e9 continuar promovendo mais eventos como este de hoje, nesta noite fant\u00e1stica\u201d.<\/p>\n<p>Eduardo Marques Silva, o Dudu do Couro &amp; Corda, disse que a apresenta\u00e7\u00e3o do grupo no M\u00eas de Maria foi muito bonita e marcou a carreira dos integrantes. \u201cFoi um evento beneficente, no qual o Couro &amp; Corda doou o show. Com a aprova\u00e7\u00e3o dos moradores e visitantes do Bairro Jo\u00e3o XXIII e o sucesso daquela noite, n\u00f3s fomos convidados a retornar. O que nos deixou extremamente honrados. Em nome do Couro &amp; Corda, quero agradecer toda a equipe da Comunidade S\u00e3o Jo\u00e3o Evangelista pelo convite, mais uma vez, e tamb\u00e9m aos moradores do Jo\u00e3o XXIII, que sempre nos acolheu muito bem. Estaremos sempre \u00e0 disposi\u00e7\u00e3o para contribuir e participar dos eventos promovidos pela Igreja do bairro\u201d.<\/p>\n<div id='gallery-1' class='gallery galleryid-64989 gallery-columns-1 gallery-size-full'><figure class='gallery-item'>\n\t\t\t<div class='gallery-icon portrait'>\n\t\t\t\t<a href='https:\/\/anoticiaonline.com.br\/site\/wp-content\/uploads\/2018\/11\/d569937e-6c65-43f5-9200-d5a898529b9d.jpg'><img decoding=\"async\" width=\"665\" height=\"669\" src=\"https:\/\/anoticiaonline.com.br\/site\/wp-content\/uploads\/2018\/11\/d569937e-6c65-43f5-9200-d5a898529b9d.jpg\" class=\"attachment-full size-full\" alt=\"\" srcset=\"https:\/\/anoticiaonline.com.br\/site\/wp-content\/uploads\/2018\/11\/d569937e-6c65-43f5-9200-d5a898529b9d.jpg 665w, https:\/\/anoticiaonline.com.br\/site\/wp-content\/uploads\/2018\/11\/d569937e-6c65-43f5-9200-d5a898529b9d-150x150.jpg 150w, https:\/\/anoticiaonline.com.br\/site\/wp-content\/uploads\/2018\/11\/d569937e-6c65-43f5-9200-d5a898529b9d-298x300.jpg 298w\" sizes=\"(max-width: 665px) 100vw, 665px\" \/><\/a>\n\t\t\t<\/div><\/figure><figure class='gallery-item'>\n\t\t\t<div class='gallery-icon landscape'>\n\t\t\t\t<a href='https:\/\/anoticiaonline.com.br\/site\/wp-content\/uploads\/2018\/11\/DSC_0001-3.jpg'><img decoding=\"async\" width=\"1000\" height=\"668\" src=\"https:\/\/anoticiaonline.com.br\/site\/wp-content\/uploads\/2018\/11\/DSC_0001-3.jpg\" class=\"attachment-full size-full\" alt=\"\" srcset=\"https:\/\/anoticiaonline.com.br\/site\/wp-content\/uploads\/2018\/11\/DSC_0001-3.jpg 1000w, https:\/\/anoticiaonline.com.br\/site\/wp-content\/uploads\/2018\/11\/DSC_0001-3-300x200.jpg 300w, https:\/\/anoticiaonline.com.br\/site\/wp-content\/uploads\/2018\/11\/DSC_0001-3-768x513.jpg 768w\" sizes=\"(max-width: 1000px) 100vw, 1000px\" \/><\/a>\n\t\t\t<\/div><\/figure><figure class='gallery-item'>\n\t\t\t<div class='gallery-icon landscape'>\n\t\t\t\t<a href='https:\/\/anoticiaonline.com.br\/site\/wp-content\/uploads\/2018\/11\/DSC_0988-1.jpg'><img loading=\"lazy\" decoding=\"async\" width=\"1000\" height=\"668\" src=\"https:\/\/anoticiaonline.com.br\/site\/wp-content\/uploads\/2018\/11\/DSC_0988-1.jpg\" class=\"attachment-full size-full\" alt=\"\" srcset=\"https:\/\/anoticiaonline.com.br\/site\/wp-content\/uploads\/2018\/11\/DSC_0988-1.jpg 1000w, https:\/\/anoticiaonline.com.br\/site\/wp-content\/uploads\/2018\/11\/DSC_0988-1-300x200.jpg 300w, https:\/\/anoticiaonline.com.br\/site\/wp-content\/uploads\/2018\/11\/DSC_0988-1-768x513.jpg 768w\" sizes=\"(max-width: 1000px) 100vw, 1000px\" \/><\/a>\n\t\t\t<\/div><\/figure><figure class='gallery-item'>\n\t\t\t<div class='gallery-icon landscape'>\n\t\t\t\t<a href='https:\/\/anoticiaonline.com.br\/site\/wp-content\/uploads\/2018\/11\/DSC_0990.jpg'><img loading=\"lazy\" decoding=\"async\" width=\"1000\" height=\"668\" src=\"https:\/\/anoticiaonline.com.br\/site\/wp-content\/uploads\/2018\/11\/DSC_0990.jpg\" class=\"attachment-full size-full\" alt=\"\" srcset=\"https:\/\/anoticiaonline.com.br\/site\/wp-content\/uploads\/2018\/11\/DSC_0990.jpg 1000w, https:\/\/anoticiaonline.com.br\/site\/wp-content\/uploads\/2018\/11\/DSC_0990-300x200.jpg 300w, https:\/\/anoticiaonline.com.br\/site\/wp-content\/uploads\/2018\/11\/DSC_0990-768x513.jpg 768w\" sizes=\"(max-width: 1000px) 100vw, 1000px\" \/><\/a>\n\t\t\t<\/div><\/figure>\n\t\t<\/div>\n\n","protected":false},"excerpt":{"rendered":"<p>A Comunidade S\u00e3o Jo\u00e3o Evangelista promoveu, uma noite de m\u00fasica, no s\u00e1bado, 10 de novembro, ao vivo, com o grupo Couro &amp; Corda, para os seus moradores, amigos e visitantes do Jo\u00e3o XXIII. Os recursos arrecadados, durante o evento, ser\u00e3o destinados aos diversos servi\u00e7os realizados pelo Sal\u00e3o Paroquial da Igreja do bairro.<\/p>\n","protected":false},"author":7,"featured_media":65002,"comment_status":"open","ping_status":"open","sticky":false,"template":"","format":"standard","meta":{"_acf_changed":false,"_monsterinsights_skip_tracking":false,"footnotes":""},"categories":[30,24],"tags":[2346,3444,3445],"class_list":["post-64989","post","type-post","status-publish","format-standard","has-post-thumbnail","hentry","category-muriae","category-eventos","tag-bairro-joao-xxiii","tag-couro-corda","tag-paroquia-santa-cruz"],"acf":[],"aioseo_notices":[],"aioseo_head":"\n\t\t<!-- All in One SEO 5.0.0.1 - aioseo.com -->\n\t<meta name=\"description\" content=\"A Comunidade S\u00e3o Jo\u00e3o Evangelista promoveu, uma noite de m\u00fasica, no s\u00e1bado, 10 de novembro, ao vivo, com o grupo Couro &amp; Corda, para os seus moradores, amigos e visitantes do Jo\u00e3o XXIII. Os recursos arrecadados, durante o evento, ser\u00e3o destinados aos diversos servi\u00e7os realizados pelo Sal\u00e3o Paroquial da Igreja do bairro. De acordo com\" \/>\n\t<meta name=\"robots\" content=\"max-image-preview:large\" \/>\n\t<meta name=\"author\" content=\"Leandro Bebiano\"\/>\n\t<link rel=\"canonical\" href=\"https:\/\/anoticiaonline.com.br\/site\/comunidade-sao-joao-evangelista-promove-noite-de-musica-ao-vivo-com-o-grupo-couro-corda\/\" \/>\n\t<meta name=\"generator\" content=\"All in One SEO (AIOSEO) 5.0.0.1\" \/>\n\t\t<meta property=\"og:locale\" content=\"pt_BR\" \/>\n\t\t<meta property=\"og:site_name\" content=\"A Not\u00edcia Online - Noticias de Muria\u00e9 e regi\u00e3o\" \/>\n\t\t<meta property=\"og:type\" content=\"article\" \/>\n\t\t<meta property=\"og:title\" content=\"Comunidade S\u00e3o Jo\u00e3o Evangelista promove noite de m\u00fasica ao vivo com o grupo Couro &amp; Corda - A Not\u00edcia Online\" \/>\n\t\t<meta property=\"og:description\" content=\"A Comunidade S\u00e3o Jo\u00e3o Evangelista promoveu, uma noite de m\u00fasica, no s\u00e1bado, 10 de novembro, ao vivo, com o grupo Couro &amp; Corda, para os seus moradores, amigos e visitantes do Jo\u00e3o XXIII. Os recursos arrecadados, durante o evento, ser\u00e3o destinados aos diversos servi\u00e7os realizados pelo Sal\u00e3o Paroquial da Igreja do bairro. De acordo com\" \/>\n\t\t<meta property=\"og:url\" content=\"https:\/\/anoticiaonline.com.br\/site\/comunidade-sao-joao-evangelista-promove-noite-de-musica-ao-vivo-com-o-grupo-couro-corda\/\" \/>\n\t\t<meta property=\"og:image\" content=\"https:\/\/scontent-gig4-1.xx.fbcdn.net\/v\/t39.30808-1\/270437624_4564083193639691_6907940295614233970_n.jpg?stp=dst-jpg_s200x200_tt6&#038;_nc_cat=111&#038;ccb=1-7&#038;_nc_sid=f907e8&#038;_nc_ohc=SM1wRlP3lJwQ7kNvwEPuBYA&#038;_nc_oc=AdnqrjDN_BNjSSHWO-GbkIWH6fkGMLw4bqvL_NH6e2wMveX7G-rP2dAqsDSq1mJMOaY&#038;_nc_zt=24&#038;_nc_ht=scontent-gig4-1.xx&#038;_nc_gid=AoBFJeGrT1hVaew_6rchkQ&#038;oh=00_AfX7QmFGhQhG2jAllVgXCiM1ZrWgvtp80-Bfppyexh1QEg&#038;oe=689E923C\" \/>\n\t\t<meta property=\"og:image:secure_url\" content=\"https:\/\/scontent-gig4-1.xx.fbcdn.net\/v\/t39.30808-1\/270437624_4564083193639691_6907940295614233970_n.jpg?stp=dst-jpg_s200x200_tt6&#038;_nc_cat=111&#038;ccb=1-7&#038;_nc_sid=f907e8&#038;_nc_ohc=SM1wRlP3lJwQ7kNvwEPuBYA&#038;_nc_oc=AdnqrjDN_BNjSSHWO-GbkIWH6fkGMLw4bqvL_NH6e2wMveX7G-rP2dAqsDSq1mJMOaY&#038;_nc_zt=24&#038;_nc_ht=scontent-gig4-1.xx&#038;_nc_gid=AoBFJeGrT1hVaew_6rchkQ&#038;oh=00_AfX7QmFGhQhG2jAllVgXCiM1ZrWgvtp80-Bfppyexh1QEg&#038;oe=689E923C\" \/>\n\t\t<meta property=\"article:published_time\" content=\"2018-11-22T23:13:24+00:00\" \/>\n\t\t<meta property=\"article:modified_time\" content=\"2018-11-23T12:35:29+00:00\" \/>\n\t\t<meta name=\"twitter:card\" content=\"summary_large_image\" \/>\n\t\t<meta name=\"twitter:title\" content=\"Comunidade S\u00e3o Jo\u00e3o Evangelista promove noite de m\u00fasica ao vivo com o grupo Couro &amp; Corda - A Not\u00edcia Online\" \/>\n\t\t<meta name=\"twitter:description\" content=\"A Comunidade S\u00e3o Jo\u00e3o Evangelista promoveu, uma noite de m\u00fasica, no s\u00e1bado, 10 de novembro, ao vivo, com o grupo Couro &amp; Corda, para os seus moradores, amigos e visitantes do Jo\u00e3o XXIII. Os recursos arrecadados, durante o evento, ser\u00e3o destinados aos diversos servi\u00e7os realizados pelo Sal\u00e3o Paroquial da Igreja do bairro. De acordo com\" \/>\n\t\t<meta name=\"twitter:image\" content=\"https:\/\/scontent-gig4-1.xx.fbcdn.net\/v\/t39.30808-1\/270437624_4564083193639691_6907940295614233970_n.jpg?stp=dst-jpg_s200x200_tt6&amp;_nc_cat=111&amp;ccb=1-7&amp;_nc_sid=f907e8&amp;_nc_ohc=SM1wRlP3lJwQ7kNvwEPuBYA&amp;_nc_oc=AdnqrjDN_BNjSSHWO-GbkIWH6fkGMLw4bqvL_NH6e2wMveX7G-rP2dAqsDSq1mJMOaY&amp;_nc_zt=24&amp;_nc_ht=scontent-gig4-1.xx&amp;_nc_gid=AoBFJeGrT1hVaew_6rchkQ&amp;oh=00_AfX7QmFGhQhG2jAllVgXCiM1ZrWgvtp80-Bfppyexh1QEg&amp;oe=689E923C\" \/>\n\t\t<script type=\"application\/ld+json\" class=\"aioseo-schema\">\n\t\t\t{\"@context\":\"https:\\\/\\\/schema.org\",\"@graph\":[{\"@type\":\"BlogPosting\",\"@id\":\"https:\\\/\\\/anoticiaonline.com.br\\\/site\\\/comunidade-sao-joao-evangelista-promove-noite-de-musica-ao-vivo-com-o-grupo-couro-corda\\\/#blogposting\",\"name\":\"Comunidade S\\u00e3o Jo\\u00e3o Evangelista promove noite de m\\u00fasica ao vivo com o grupo Couro & Corda - A Not\\u00edcia Online\",\"headline\":\"Comunidade S\\u00e3o Jo\\u00e3o Evangelista promove noite de m\\u00fasica ao vivo com o grupo Couro &#038; Corda\",\"author\":{\"@id\":\"https:\\\/\\\/anoticiaonline.com.br\\\/site\\\/author\\\/leandro\\\/#author\"},\"publisher\":{\"@id\":\"https:\\\/\\\/anoticiaonline.com.br\\\/site\\\/#organization\"},\"image\":{\"@type\":\"ImageObject\",\"url\":\"https:\\\/\\\/anoticiaonline.com.br\\\/site\\\/wp-content\\\/uploads\\\/2018\\\/11\\\/DSC_0991.jpg\",\"width\":1000,\"height\":668},\"datePublished\":\"2018-11-22T20:13:24-03:00\",\"dateModified\":\"2018-11-23T09:35:29-03:00\",\"inLanguage\":\"pt-BR\",\"mainEntityOfPage\":{\"@id\":\"https:\\\/\\\/anoticiaonline.com.br\\\/site\\\/comunidade-sao-joao-evangelista-promove-noite-de-musica-ao-vivo-com-o-grupo-couro-corda\\\/#webpage\"},\"isPartOf\":{\"@id\":\"https:\\\/\\\/anoticiaonline.com.br\\\/site\\\/comunidade-sao-joao-evangelista-promove-noite-de-musica-ao-vivo-com-o-grupo-couro-corda\\\/#webpage\"},\"articleSection\":\"Blog, Eventos, Bairro Jo\\u00e3o XXIII, Couro &amp; Corda, Par\\u00f3quia Santa Cruz\"},{\"@type\":\"BreadcrumbList\",\"@id\":\"https:\\\/\\\/anoticiaonline.com.br\\\/site\\\/comunidade-sao-joao-evangelista-promove-noite-de-musica-ao-vivo-com-o-grupo-couro-corda\\\/#breadcrumblist\",\"itemListElement\":[{\"@type\":\"ListItem\",\"@id\":\"https:\\\/\\\/anoticiaonline.com.br\\\/site#listItem\",\"position\":1,\"name\":\"Home\",\"item\":\"https:\\\/\\\/anoticiaonline.com.br\\\/site\",\"nextItem\":{\"@type\":\"ListItem\",\"@id\":\"https:\\\/\\\/anoticiaonline.com.br\\\/site\\\/categoria\\\/eventos\\\/#listItem\",\"name\":\"Eventos\"}},{\"@type\":\"ListItem\",\"@id\":\"https:\\\/\\\/anoticiaonline.com.br\\\/site\\\/categoria\\\/eventos\\\/#listItem\",\"position\":2,\"name\":\"Eventos\",\"item\":\"https:\\\/\\\/anoticiaonline.com.br\\\/site\\\/categoria\\\/eventos\\\/\",\"nextItem\":{\"@type\":\"ListItem\",\"@id\":\"https:\\\/\\\/anoticiaonline.com.br\\\/site\\\/comunidade-sao-joao-evangelista-promove-noite-de-musica-ao-vivo-com-o-grupo-couro-corda\\\/#listItem\",\"name\":\"Comunidade S\\u00e3o Jo\\u00e3o Evangelista promove noite de m\\u00fasica ao vivo com o grupo Couro &#038; Corda\"},\"previousItem\":{\"@type\":\"ListItem\",\"@id\":\"https:\\\/\\\/anoticiaonline.com.br\\\/site#listItem\",\"name\":\"Home\"}},{\"@type\":\"ListItem\",\"@id\":\"https:\\\/\\\/anoticiaonline.com.br\\\/site\\\/comunidade-sao-joao-evangelista-promove-noite-de-musica-ao-vivo-com-o-grupo-couro-corda\\\/#listItem\",\"position\":3,\"name\":\"Comunidade S\\u00e3o Jo\\u00e3o Evangelista promove noite de m\\u00fasica ao vivo com o grupo Couro &#038; Corda\",\"previousItem\":{\"@type\":\"ListItem\",\"@id\":\"https:\\\/\\\/anoticiaonline.com.br\\\/site\\\/categoria\\\/eventos\\\/#listItem\",\"name\":\"Eventos\"}}]},{\"@type\":\"Organization\",\"@id\":\"https:\\\/\\\/anoticiaonline.com.br\\\/site\\\/#organization\",\"name\":\"A Not\\u00edcia Online\",\"description\":\"Noticias de Muria\\u00e9 e regi\\u00e3o\",\"url\":\"https:\\\/\\\/anoticiaonline.com.br\\\/site\\\/\",\"logo\":{\"@type\":\"ImageObject\",\"url\":\"https:\\\/\\\/scontent-gig4-1.xx.fbcdn.net\\\/v\\\/t39.30808-1\\\/270437624_4564083193639691_6907940295614233970_n.jpg?stp=dst-jpg_s200x200_tt6&_nc_cat=111&ccb=1-7&_nc_sid=f907e8&_nc_ohc=SM1wRlP3lJwQ7kNvwEPuBYA&_nc_oc=AdnqrjDN_BNjSSHWO-GbkIWH6fkGMLw4bqvL_NH6e2wMveX7G-rP2dAqsDSq1mJMOaY&_nc_zt=24&_nc_ht=scontent-gig4-1.xx&_nc_gid=AoBFJeGrT1hVaew_6rchkQ&oh=00_AfX7QmFGhQhG2jAllVgXCiM1ZrWgvtp80-Bfppyexh1QEg&oe=689E923C\",\"@id\":\"https:\\\/\\\/anoticiaonline.com.br\\\/site\\\/comunidade-sao-joao-evangelista-promove-noite-de-musica-ao-vivo-com-o-grupo-couro-corda\\\/#organizationLogo\"},\"image\":{\"@id\":\"https:\\\/\\\/anoticiaonline.com.br\\\/site\\\/comunidade-sao-joao-evangelista-promove-noite-de-musica-ao-vivo-com-o-grupo-couro-corda\\\/#organizationLogo\"}},{\"@type\":\"Person\",\"@id\":\"https:\\\/\\\/anoticiaonline.com.br\\\/site\\\/author\\\/leandro\\\/#author\",\"url\":\"https:\\\/\\\/anoticiaonline.com.br\\\/site\\\/author\\\/leandro\\\/\",\"name\":\"Leandro Bebiano\",\"image\":{\"@type\":\"ImageObject\",\"@id\":\"https:\\\/\\\/anoticiaonline.com.br\\\/site\\\/comunidade-sao-joao-evangelista-promove-noite-de-musica-ao-vivo-com-o-grupo-couro-corda\\\/#authorImage\",\"url\":\"https:\\\/\\\/secure.gravatar.com\\\/avatar\\\/99966a20c143db97c8590c2013307c7c234a4cca48ed5657cbb47e22a400bd5f?s=96&d=mm&r=g\",\"width\":96,\"height\":96,\"caption\":\"Leandro Bebiano\"}},{\"@type\":\"WebPage\",\"@id\":\"https:\\\/\\\/anoticiaonline.com.br\\\/site\\\/comunidade-sao-joao-evangelista-promove-noite-de-musica-ao-vivo-com-o-grupo-couro-corda\\\/#webpage\",\"url\":\"https:\\\/\\\/anoticiaonline.com.br\\\/site\\\/comunidade-sao-joao-evangelista-promove-noite-de-musica-ao-vivo-com-o-grupo-couro-corda\\\/\",\"name\":\"Comunidade S\\u00e3o Jo\\u00e3o Evangelista promove noite de m\\u00fasica ao vivo com o grupo Couro & Corda - A Not\\u00edcia Online\",\"description\":\"A Comunidade S\\u00e3o Jo\\u00e3o Evangelista promoveu, uma noite de m\\u00fasica, no s\\u00e1bado, 10 de novembro, ao vivo, com o grupo Couro & Corda, para os seus moradores, amigos e visitantes do Jo\\u00e3o XXIII. Os recursos arrecadados, durante o evento, ser\\u00e3o destinados aos diversos servi\\u00e7os realizados pelo Sal\\u00e3o Paroquial da Igreja do bairro. De acordo com\",\"inLanguage\":\"pt-BR\",\"isPartOf\":{\"@id\":\"https:\\\/\\\/anoticiaonline.com.br\\\/site\\\/#website\"},\"breadcrumb\":{\"@id\":\"https:\\\/\\\/anoticiaonline.com.br\\\/site\\\/comunidade-sao-joao-evangelista-promove-noite-de-musica-ao-vivo-com-o-grupo-couro-corda\\\/#breadcrumblist\"},\"author\":{\"@id\":\"https:\\\/\\\/anoticiaonline.com.br\\\/site\\\/author\\\/leandro\\\/#author\"},\"creator\":{\"@id\":\"https:\\\/\\\/anoticiaonline.com.br\\\/site\\\/author\\\/leandro\\\/#author\"},\"image\":{\"@type\":\"ImageObject\",\"url\":\"https:\\\/\\\/anoticiaonline.com.br\\\/site\\\/wp-content\\\/uploads\\\/2018\\\/11\\\/DSC_0991.jpg\",\"@id\":\"https:\\\/\\\/anoticiaonline.com.br\\\/site\\\/comunidade-sao-joao-evangelista-promove-noite-de-musica-ao-vivo-com-o-grupo-couro-corda\\\/#mainImage\",\"width\":1000,\"height\":668},\"primaryImageOfPage\":{\"@id\":\"https:\\\/\\\/anoticiaonline.com.br\\\/site\\\/comunidade-sao-joao-evangelista-promove-noite-de-musica-ao-vivo-com-o-grupo-couro-corda\\\/#mainImage\"},\"datePublished\":\"2018-11-22T20:13:24-03:00\",\"dateModified\":\"2018-11-23T09:35:29-03:00\"},{\"@type\":\"WebSite\",\"@id\":\"https:\\\/\\\/anoticiaonline.com.br\\\/site\\\/#website\",\"url\":\"https:\\\/\\\/anoticiaonline.com.br\\\/site\\\/\",\"name\":\"A Not\\u00edcia Online\",\"description\":\"Noticias de Muria\\u00e9 e regi\\u00e3o\",\"inLanguage\":\"pt-BR\",\"publisher\":{\"@id\":\"https:\\\/\\\/anoticiaonline.com.br\\\/site\\\/#organization\"}}]}\n\t\t<\/script>\n\t\t<!-- All in One SEO -->\n\n","aioseo_head_json":{"title":"Comunidade S\u00e3o Jo\u00e3o Evangelista promove noite de m\u00fasica ao vivo com o grupo Couro & Corda - A Not\u00edcia Online","description":"A Comunidade S\u00e3o Jo\u00e3o Evangelista promoveu, uma noite de m\u00fasica, no s\u00e1bado, 10 de novembro, ao vivo, com o grupo Couro & Corda, para os seus moradores, amigos e visitantes do Jo\u00e3o XXIII. Os recursos arrecadados, durante o evento, ser\u00e3o destinados aos diversos servi\u00e7os realizados pelo Sal\u00e3o Paroquial da Igreja do bairro. De acordo com","canonical_url":"https:\/\/anoticiaonline.com.br\/site\/comunidade-sao-joao-evangelista-promove-noite-de-musica-ao-vivo-com-o-grupo-couro-corda\/","robots":"max-image-preview:large","keywords":"","webmasterTools":{"miscellaneous":""},"schema":{"@context":"https:\/\/schema.org","@graph":[{"@type":"BlogPosting","@id":"https:\/\/anoticiaonline.com.br\/site\/comunidade-sao-joao-evangelista-promove-noite-de-musica-ao-vivo-com-o-grupo-couro-corda\/#blogposting","name":"Comunidade S\u00e3o Jo\u00e3o Evangelista promove noite de m\u00fasica ao vivo com o grupo Couro & Corda - A Not\u00edcia Online","headline":"Comunidade S\u00e3o Jo\u00e3o Evangelista promove noite de m\u00fasica ao vivo com o grupo Couro &#038; Corda","author":{"@id":"https:\/\/anoticiaonline.com.br\/site\/author\/leandro\/#author"},"publisher":{"@id":"https:\/\/anoticiaonline.com.br\/site\/#organization"},"image":{"@type":"ImageObject","url":"https:\/\/anoticiaonline.com.br\/site\/wp-content\/uploads\/2018\/11\/DSC_0991.jpg","width":1000,"height":668},"datePublished":"2018-11-22T20:13:24-03:00","dateModified":"2018-11-23T09:35:29-03:00","inLanguage":"pt-BR","mainEntityOfPage":{"@id":"https:\/\/anoticiaonline.com.br\/site\/comunidade-sao-joao-evangelista-promove-noite-de-musica-ao-vivo-com-o-grupo-couro-corda\/#webpage"},"isPartOf":{"@id":"https:\/\/anoticiaonline.com.br\/site\/comunidade-sao-joao-evangelista-promove-noite-de-musica-ao-vivo-com-o-grupo-couro-corda\/#webpage"},"articleSection":"Blog, Eventos, Bairro Jo\u00e3o XXIII, Couro &amp; Corda, Par\u00f3quia Santa Cruz"},{"@type":"BreadcrumbList","@id":"https:\/\/anoticiaonline.com.br\/site\/comunidade-sao-joao-evangelista-promove-noite-de-musica-ao-vivo-com-o-grupo-couro-corda\/#breadcrumblist","itemListElement":[{"@type":"ListItem","@id":"https:\/\/anoticiaonline.com.br\/site#listItem","position":1,"name":"Home","item":"https:\/\/anoticiaonline.com.br\/site","nextItem":{"@type":"ListItem","@id":"https:\/\/anoticiaonline.com.br\/site\/categoria\/eventos\/#listItem","name":"Eventos"}},{"@type":"ListItem","@id":"https:\/\/anoticiaonline.com.br\/site\/categoria\/eventos\/#listItem","position":2,"name":"Eventos","item":"https:\/\/anoticiaonline.com.br\/site\/categoria\/eventos\/","nextItem":{"@type":"ListItem","@id":"https:\/\/anoticiaonline.com.br\/site\/comunidade-sao-joao-evangelista-promove-noite-de-musica-ao-vivo-com-o-grupo-couro-corda\/#listItem","name":"Comunidade S\u00e3o Jo\u00e3o Evangelista promove noite de m\u00fasica ao vivo com o grupo Couro &#038; Corda"},"previousItem":{"@type":"ListItem","@id":"https:\/\/anoticiaonline.com.br\/site#listItem","name":"Home"}},{"@type":"ListItem","@id":"https:\/\/anoticiaonline.com.br\/site\/comunidade-sao-joao-evangelista-promove-noite-de-musica-ao-vivo-com-o-grupo-couro-corda\/#listItem","position":3,"name":"Comunidade S\u00e3o Jo\u00e3o Evangelista promove noite de m\u00fasica ao vivo com o grupo Couro &#038; Corda","previousItem":{"@type":"ListItem","@id":"https:\/\/anoticiaonline.com.br\/site\/categoria\/eventos\/#listItem","name":"Eventos"}}]},{"@type":"Organization","@id":"https:\/\/anoticiaonline.com.br\/site\/#organization","name":"A Not\u00edcia Online","description":"Noticias de Muria\u00e9 e regi\u00e3o","url":"https:\/\/anoticiaonline.com.br\/site\/","logo":{"@type":"ImageObject","url":"https:\/\/scontent-gig4-1.xx.fbcdn.net\/v\/t39.30808-1\/270437624_4564083193639691_6907940295614233970_n.jpg?stp=dst-jpg_s200x200_tt6&_nc_cat=111&ccb=1-7&_nc_sid=f907e8&_nc_ohc=SM1wRlP3lJwQ7kNvwEPuBYA&_nc_oc=AdnqrjDN_BNjSSHWO-GbkIWH6fkGMLw4bqvL_NH6e2wMveX7G-rP2dAqsDSq1mJMOaY&_nc_zt=24&_nc_ht=scontent-gig4-1.xx&_nc_gid=AoBFJeGrT1hVaew_6rchkQ&oh=00_AfX7QmFGhQhG2jAllVgXCiM1ZrWgvtp80-Bfppyexh1QEg&oe=689E923C","@id":"https:\/\/anoticiaonline.com.br\/site\/comunidade-sao-joao-evangelista-promove-noite-de-musica-ao-vivo-com-o-grupo-couro-corda\/#organizationLogo"},"image":{"@id":"https:\/\/anoticiaonline.com.br\/site\/comunidade-sao-joao-evangelista-promove-noite-de-musica-ao-vivo-com-o-grupo-couro-corda\/#organizationLogo"}},{"@type":"Person","@id":"https:\/\/anoticiaonline.com.br\/site\/author\/leandro\/#author","url":"https:\/\/anoticiaonline.com.br\/site\/author\/leandro\/","name":"Leandro Bebiano","image":{"@type":"ImageObject","@id":"https:\/\/anoticiaonline.com.br\/site\/comunidade-sao-joao-evangelista-promove-noite-de-musica-ao-vivo-com-o-grupo-couro-corda\/#authorImage","url":"https:\/\/secure.gravatar.com\/avatar\/99966a20c143db97c8590c2013307c7c234a4cca48ed5657cbb47e22a400bd5f?s=96&d=mm&r=g","width":96,"height":96,"caption":"Leandro Bebiano"}},{"@type":"WebPage","@id":"https:\/\/anoticiaonline.com.br\/site\/comunidade-sao-joao-evangelista-promove-noite-de-musica-ao-vivo-com-o-grupo-couro-corda\/#webpage","url":"https:\/\/anoticiaonline.com.br\/site\/comunidade-sao-joao-evangelista-promove-noite-de-musica-ao-vivo-com-o-grupo-couro-corda\/","name":"Comunidade S\u00e3o Jo\u00e3o Evangelista promove noite de m\u00fasica ao vivo com o grupo Couro & Corda - A Not\u00edcia Online","description":"A Comunidade S\u00e3o Jo\u00e3o Evangelista promoveu, uma noite de m\u00fasica, no s\u00e1bado, 10 de novembro, ao vivo, com o grupo Couro & Corda, para os seus moradores, amigos e visitantes do Jo\u00e3o XXIII. Os recursos arrecadados, durante o evento, ser\u00e3o destinados aos diversos servi\u00e7os realizados pelo Sal\u00e3o Paroquial da Igreja do bairro. De acordo com","inLanguage":"pt-BR","isPartOf":{"@id":"https:\/\/anoticiaonline.com.br\/site\/#website"},"breadcrumb":{"@id":"https:\/\/anoticiaonline.com.br\/site\/comunidade-sao-joao-evangelista-promove-noite-de-musica-ao-vivo-com-o-grupo-couro-corda\/#breadcrumblist"},"author":{"@id":"https:\/\/anoticiaonline.com.br\/site\/author\/leandro\/#author"},"creator":{"@id":"https:\/\/anoticiaonline.com.br\/site\/author\/leandro\/#author"},"image":{"@type":"ImageObject","url":"https:\/\/anoticiaonline.com.br\/site\/wp-content\/uploads\/2018\/11\/DSC_0991.jpg","@id":"https:\/\/anoticiaonline.com.br\/site\/comunidade-sao-joao-evangelista-promove-noite-de-musica-ao-vivo-com-o-grupo-couro-corda\/#mainImage","width":1000,"height":668},"primaryImageOfPage":{"@id":"https:\/\/anoticiaonline.com.br\/site\/comunidade-sao-joao-evangelista-promove-noite-de-musica-ao-vivo-com-o-grupo-couro-corda\/#mainImage"},"datePublished":"2018-11-22T20:13:24-03:00","dateModified":"2018-11-23T09:35:29-03:00"},{"@type":"WebSite","@id":"https:\/\/anoticiaonline.com.br\/site\/#website","url":"https:\/\/anoticiaonline.com.br\/site\/","name":"A Not\u00edcia Online","description":"Noticias de Muria\u00e9 e regi\u00e3o","inLanguage":"pt-BR","publisher":{"@id":"https:\/\/anoticiaonline.com.br\/site\/#organization"}}]},"og:locale":"pt_BR","og:site_name":"A Not\u00edcia Online - Noticias de Muria\u00e9 e regi\u00e3o","og:type":"article","og:title":"Comunidade S\u00e3o Jo\u00e3o Evangelista promove noite de m\u00fasica ao vivo com o grupo Couro &amp; Corda - A Not\u00edcia Online","og:description":"A Comunidade S\u00e3o Jo\u00e3o Evangelista promoveu, uma noite de m\u00fasica, no s\u00e1bado, 10 de novembro, ao vivo, com o grupo Couro &amp; Corda, para os seus moradores, amigos e visitantes do Jo\u00e3o XXIII. Os recursos arrecadados, durante o evento, ser\u00e3o destinados aos diversos servi\u00e7os realizados pelo Sal\u00e3o Paroquial da Igreja do bairro. De acordo com","og:url":"https:\/\/anoticiaonline.com.br\/site\/comunidade-sao-joao-evangelista-promove-noite-de-musica-ao-vivo-com-o-grupo-couro-corda\/","og:image":"https:\/\/scontent-gig4-1.xx.fbcdn.net\/v\/t39.30808-1\/270437624_4564083193639691_6907940295614233970_n.jpg?stp=dst-jpg_s200x200_tt6&#038;_nc_cat=111&#038;ccb=1-7&#038;_nc_sid=f907e8&#038;_nc_ohc=SM1wRlP3lJwQ7kNvwEPuBYA&#038;_nc_oc=AdnqrjDN_BNjSSHWO-GbkIWH6fkGMLw4bqvL_NH6e2wMveX7G-rP2dAqsDSq1mJMOaY&#038;_nc_zt=24&#038;_nc_ht=scontent-gig4-1.xx&#038;_nc_gid=AoBFJeGrT1hVaew_6rchkQ&#038;oh=00_AfX7QmFGhQhG2jAllVgXCiM1ZrWgvtp80-Bfppyexh1QEg&#038;oe=689E923C","og:image:secure_url":"https:\/\/scontent-gig4-1.xx.fbcdn.net\/v\/t39.30808-1\/270437624_4564083193639691_6907940295614233970_n.jpg?stp=dst-jpg_s200x200_tt6&#038;_nc_cat=111&#038;ccb=1-7&#038;_nc_sid=f907e8&#038;_nc_ohc=SM1wRlP3lJwQ7kNvwEPuBYA&#038;_nc_oc=AdnqrjDN_BNjSSHWO-GbkIWH6fkGMLw4bqvL_NH6e2wMveX7G-rP2dAqsDSq1mJMOaY&#038;_nc_zt=24&#038;_nc_ht=scontent-gig4-1.xx&#038;_nc_gid=AoBFJeGrT1hVaew_6rchkQ&#038;oh=00_AfX7QmFGhQhG2jAllVgXCiM1ZrWgvtp80-Bfppyexh1QEg&#038;oe=689E923C","article:published_time":"2018-11-22T23:13:24+00:00","article:modified_time":"2018-11-23T12:35:29+00:00","twitter:card":"summary_large_image","twitter:title":"Comunidade S\u00e3o Jo\u00e3o Evangelista promove noite de m\u00fasica ao vivo com o grupo Couro &amp; Corda - A Not\u00edcia Online","twitter:description":"A Comunidade S\u00e3o Jo\u00e3o Evangelista promoveu, uma noite de m\u00fasica, no s\u00e1bado, 10 de novembro, ao vivo, com o grupo Couro &amp; Corda, para os seus moradores, amigos e visitantes do Jo\u00e3o XXIII. Os recursos arrecadados, durante o evento, ser\u00e3o destinados aos diversos servi\u00e7os realizados pelo Sal\u00e3o Paroquial da Igreja do bairro. De acordo com","twitter:image":"https:\/\/scontent-gig4-1.xx.fbcdn.net\/v\/t39.30808-1\/270437624_4564083193639691_6907940295614233970_n.jpg?stp=dst-jpg_s200x200_tt6&_nc_cat=111&ccb=1-7&_nc_sid=f907e8&_nc_ohc=SM1wRlP3lJwQ7kNvwEPuBYA&_nc_oc=AdnqrjDN_BNjSSHWO-GbkIWH6fkGMLw4bqvL_NH6e2wMveX7G-rP2dAqsDSq1mJMOaY&_nc_zt=24&_nc_ht=scontent-gig4-1.xx&_nc_gid=AoBFJeGrT1hVaew_6rchkQ&oh=00_AfX7QmFGhQhG2jAllVgXCiM1ZrWgvtp80-Bfppyexh1QEg&oe=689E923C"},"aioseo_meta_data":{"post_id":"64989","title":null,"description":null,"keywords":null,"keyphrases":null,"primary_term":null,"canonical_url":null,"og_title":null,"og_description":null,"og_object_type":"default","og_image_type":"default","og_image_url":null,"og_image_width":null,"og_image_height":null,"og_image_custom_url":null,"og_image_custom_fields":null,"og_video":null,"og_custom_url":null,"og_article_section":null,"og_article_tags":null,"twitter_use_og":false,"twitter_card":"default","twitter_image_type":"default","twitter_image_url":null,"twitter_image_custom_url":null,"twitter_image_custom_fields":null,"twitter_title":null,"twitter_description":null,"schema":{"blockGraphs":[],"customGraphs":[],"default":{"data":{"Article":[],"Course":[],"Dataset":[],"FAQPage":[],"Movie":[],"Person":[],"Product":[],"ProductReview":[],"Car":[],"Recipe":[],"Service":[],"SoftwareApplication":[],"WebPage":[]},"graphName":"","isEnabled":true},"graphs":[]},"schema_type":"default","schema_type_options":null,"pillar_content":false,"robots_default":true,"robots_noindex":false,"robots_noarchive":false,"robots_nosnippet":false,"robots_nofollow":false,"robots_noimageindex":false,"robots_noodp":false,"robots_notranslate":false,"robots_max_snippet":null,"robots_max_videopreview":null,"robots_max_imagepreview":"large","priority":null,"frequency":null,"local_seo":null,"breadcrumb_settings":null,"limit_modified_date":false,"ai":null,"created":"2025-08-16 22:17:32","updated":"2025-08-16 22:17:32","focus_keyword":null,"additional_keywords":null,"truseo_locale":null,"seo_analyzer_scan_date":null},"aioseo_breadcrumb":"<div class=\"aioseo-breadcrumbs\"><span class=\"aioseo-breadcrumb\">\n\t\t\t<a href=\"https:\/\/anoticiaonline.com.br\/site\" title=\"Home\">Home<\/a>\n\t\t<\/span><span class=\"aioseo-breadcrumb-separator\">&raquo;<\/span><span class=\"aioseo-breadcrumb\">\n\t\t\t<a href=\"https:\/\/anoticiaonline.com.br\/site\/categoria\/eventos\/\" title=\"Eventos\">Eventos<\/a>\n\t\t<\/span><span class=\"aioseo-breadcrumb-separator\">&raquo;<\/span><span class=\"aioseo-breadcrumb\">\n\t\t\tComunidade S\u00e3o Jo\u00e3o Evangelista promove noite de m\u00fasica ao vivo com o grupo Couro &amp; Corda\n\t\t<\/span><\/div>","aioseo_breadcrumb_json":[{"label":"Home","link":"https:\/\/anoticiaonline.com.br\/site"},{"label":"Eventos","link":"https:\/\/anoticiaonline.com.br\/site\/categoria\/eventos\/"},{"label":"Comunidade S\u00e3o Jo\u00e3o Evangelista promove noite de m\u00fasica ao vivo com o grupo Couro &#038; Corda","link":"https:\/\/anoticiaonline.com.br\/site\/comunidade-sao-joao-evangelista-promove-noite-de-musica-ao-vivo-com-o-grupo-couro-corda\/"}],"views":151,"_links":{"self":[{"href":"https:\/\/anoticiaonline.com.br\/site\/wp-json\/wp\/v2\/posts\/64989","targetHints":{"allow":["GET"]}}],"collection":[{"href":"https:\/\/anoticiaonline.com.br\/site\/wp-json\/wp\/v2\/posts"}],"about":[{"href":"https:\/\/anoticiaonline.com.br\/site\/wp-json\/wp\/v2\/types\/post"}],"author":[{"embeddable":true,"href":"https:\/\/anoticiaonline.com.br\/site\/wp-json\/wp\/v2\/users\/7"}],"replies":[{"embeddable":true,"href":"https:\/\/anoticiaonline.com.br\/site\/wp-json\/wp\/v2\/comments?post=64989"}],"version-history":[{"count":0,"href":"https:\/\/anoticiaonline.com.br\/site\/wp-json\/wp\/v2\/posts\/64989\/revisions"}],"wp:featuredmedia":[{"embeddable":true,"href":"https:\/\/anoticiaonline.com.br\/site\/wp-json\/wp\/v2\/media\/65002"}],"wp:attachment":[{"href":"https:\/\/anoticiaonline.com.br\/site\/wp-json\/wp\/v2\/media?parent=64989"}],"wp:term":[{"taxonomy":"category","embeddable":true,"href":"https:\/\/anoticiaonline.com.br\/site\/wp-json\/wp\/v2\/categories?post=64989"},{"taxonomy":"post_tag","embeddable":true,"href":"https:\/\/anoticiaonline.com.br\/site\/wp-json\/wp\/v2\/tags?post=64989"}],"curies":[{"name":"wp","href":"https:\/\/api.w.org\/{rel}","templated":true}]}}