{"id":64975,"date":"2018-11-22T20:07:18","date_gmt":"2018-11-22T23:07:18","guid":{"rendered":"http:\/\/anoticiaonline.com.br\/site\/?p=64975"},"modified":"2018-11-23T09:38:38","modified_gmt":"2018-11-23T12:38:38","slug":"banda-14-bis-se-apresenta-durante-o-festival-de-food-trucks","status":"publish","type":"post","link":"https:\/\/anoticiaonline.com.br\/site\/banda-14-bis-se-apresenta-durante-o-festival-de-food-trucks\/","title":{"rendered":"Banda 14 Bis se apresenta durante o Festival de Food Trucks"},"content":{"rendered":"<p><a href=\"https:\/\/anoticiaonline.com.br\/site\/wp-content\/uploads\/2018\/11\/DSC_0488-1.jpg\"><img fetchpriority=\"high\" decoding=\"async\" class=\"aligncenter size-full wp-image-64976\" src=\"https:\/\/anoticiaonline.com.br\/site\/wp-content\/uploads\/2018\/11\/DSC_0488-1.jpg\" alt=\"\" width=\"1000\" height=\"668\" srcset=\"https:\/\/anoticiaonline.com.br\/site\/wp-content\/uploads\/2018\/11\/DSC_0488-1.jpg 1000w, https:\/\/anoticiaonline.com.br\/site\/wp-content\/uploads\/2018\/11\/DSC_0488-1-300x200.jpg 300w, https:\/\/anoticiaonline.com.br\/site\/wp-content\/uploads\/2018\/11\/DSC_0488-1-768x513.jpg 768w\" sizes=\"(max-width: 1000px) 100vw, 1000px\" \/><\/a>O Festival de Food Trucks, evento que fez parte da Virada Cultural 2018, atraiu milhares de pessoas para o Parque de Exposi\u00e7\u00f5es Lael Varella durante o show da banda 14 Bis, que retornou a Muria\u00e9, no \u00faltimo s\u00e1bado (17), para apresentar sucessos como \u201cTodo azul do mar\u201d, \u201cEspanhola\u201d, \u201cLinda Juventude\u201d e \u201cMais uma vez\u201d. Em seguida, foi a vez da Banda Caravelas agitar o p\u00fablico.<\/p>\n<p><!--more--><\/p>\n<p>A segunda edi\u00e7\u00e3o da Virada Cultural movimentou a cidade no s\u00e1bado e domingo (17 e 18). Foram dois dias de atividades culturais variadas, que levaram lazer e entretenimento para o p\u00fablico muriaeense. Parte do projeto Circuito Cultural Grande Hotel Muriahe, o evento foi criado pela prefeitura ano passado em comemora\u00e7\u00e3o ao anivers\u00e1rio da Fundarte, que em 2018 completa 21 anos.<\/p>\n<p>A banda 14 Bis\u00a0 surgiu em\u00a0<a href=\"http:\/\/pt.wikipedia.org\/wiki\/Belo_Horizonte\">Belo Horizonte<\/a>, no fim da d\u00e9cada de 70, criada pelos irm\u00e3os\u00a0<a href=\"http:\/\/pt.wikipedia.org\/wiki\/Fl%C3%A1vio_Venturini\">Fl\u00e1vio<\/a>\u00a0e\u00a0<a href=\"http:\/\/pt.wikipedia.org\/wiki\/Cl%C3%A1udio_Venturini\">Cl\u00e1udio Venturini<\/a>,\u00a0<a href=\"http:\/\/pt.wikipedia.org\/wiki\/Hely_Rodrigues\">Hely Rodrigues<\/a>,\u00a0<a href=\"http:\/\/pt.wikipedia.org\/wiki\/Vermelho_(m%C3%BAsico)\">Vermelho<\/a>\u00a0e\u00a0<a href=\"http:\/\/pt.wikipedia.org\/wiki\/S%C3%A9rgio_Magr%C3%A3o\">S\u00e9rgio Magr\u00e3o<\/a>. Assim como o\u00a0<a href=\"http:\/\/pt.wikipedia.org\/wiki\/Roupa_Nova\">Grupo Roupa Nova<\/a>, o integrantes da 14 Bis foram apadrinhados por\u00a0<a href=\"http:\/\/pt.wikipedia.org\/wiki\/Milton_Nascimento\">Milton Nascimento<\/a>.<\/p>\n<div id='gallery-1' class='gallery galleryid-64975 gallery-columns-1 gallery-size-full'><figure class='gallery-item'>\n\t\t\t<div class='gallery-icon landscape'>\n\t\t\t\t<a href='https:\/\/anoticiaonline.com.br\/site\/wp-content\/uploads\/2018\/11\/DSC_0701.jpg'><img decoding=\"async\" width=\"1000\" height=\"668\" src=\"https:\/\/anoticiaonline.com.br\/site\/wp-content\/uploads\/2018\/11\/DSC_0701.jpg\" class=\"attachment-full size-full\" alt=\"\" srcset=\"https:\/\/anoticiaonline.com.br\/site\/wp-content\/uploads\/2018\/11\/DSC_0701.jpg 1000w, https:\/\/anoticiaonline.com.br\/site\/wp-content\/uploads\/2018\/11\/DSC_0701-300x200.jpg 300w, https:\/\/anoticiaonline.com.br\/site\/wp-content\/uploads\/2018\/11\/DSC_0701-768x513.jpg 768w\" sizes=\"(max-width: 1000px) 100vw, 1000px\" \/><\/a>\n\t\t\t<\/div><\/figure><figure class='gallery-item'>\n\t\t\t<div class='gallery-icon landscape'>\n\t\t\t\t<a href='https:\/\/anoticiaonline.com.br\/site\/wp-content\/uploads\/2018\/11\/DSC_0237_707x471.jpg'><img decoding=\"async\" width=\"1000\" height=\"666\" src=\"https:\/\/anoticiaonline.com.br\/site\/wp-content\/uploads\/2018\/11\/DSC_0237_707x471.jpg\" class=\"attachment-full size-full\" alt=\"\" srcset=\"https:\/\/anoticiaonline.com.br\/site\/wp-content\/uploads\/2018\/11\/DSC_0237_707x471.jpg 1000w, https:\/\/anoticiaonline.com.br\/site\/wp-content\/uploads\/2018\/11\/DSC_0237_707x471-300x200.jpg 300w, https:\/\/anoticiaonline.com.br\/site\/wp-content\/uploads\/2018\/11\/DSC_0237_707x471-768x511.jpg 768w\" sizes=\"(max-width: 1000px) 100vw, 1000px\" \/><\/a>\n\t\t\t<\/div><\/figure><figure class='gallery-item'>\n\t\t\t<div class='gallery-icon landscape'>\n\t\t\t\t<a href='https:\/\/anoticiaonline.com.br\/site\/wp-content\/uploads\/2018\/11\/DSC_0215_707x471-1.jpg'><img loading=\"lazy\" decoding=\"async\" width=\"1000\" height=\"666\" src=\"https:\/\/anoticiaonline.com.br\/site\/wp-content\/uploads\/2018\/11\/DSC_0215_707x471-1.jpg\" class=\"attachment-full size-full\" alt=\"\" srcset=\"https:\/\/anoticiaonline.com.br\/site\/wp-content\/uploads\/2018\/11\/DSC_0215_707x471-1.jpg 1000w, https:\/\/anoticiaonline.com.br\/site\/wp-content\/uploads\/2018\/11\/DSC_0215_707x471-1-300x200.jpg 300w, https:\/\/anoticiaonline.com.br\/site\/wp-content\/uploads\/2018\/11\/DSC_0215_707x471-1-768x511.jpg 768w\" sizes=\"(max-width: 1000px) 100vw, 1000px\" \/><\/a>\n\t\t\t<\/div><\/figure><figure class='gallery-item'>\n\t\t\t<div class='gallery-icon portrait'>\n\t\t\t\t<a href='https:\/\/anoticiaonline.com.br\/site\/wp-content\/uploads\/2018\/11\/DSC_0492.jpg'><img loading=\"lazy\" decoding=\"async\" width=\"447\" height=\"669\" src=\"https:\/\/anoticiaonline.com.br\/site\/wp-content\/uploads\/2018\/11\/DSC_0492.jpg\" class=\"attachment-full size-full\" alt=\"\" srcset=\"https:\/\/anoticiaonline.com.br\/site\/wp-content\/uploads\/2018\/11\/DSC_0492.jpg 447w, https:\/\/anoticiaonline.com.br\/site\/wp-content\/uploads\/2018\/11\/DSC_0492-200x300.jpg 200w\" sizes=\"(max-width: 447px) 100vw, 447px\" \/><\/a>\n\t\t\t<\/div><\/figure><figure class='gallery-item'>\n\t\t\t<div class='gallery-icon landscape'>\n\t\t\t\t<a href='https:\/\/anoticiaonline.com.br\/site\/wp-content\/uploads\/2018\/11\/DSC_0822.jpg'><img loading=\"lazy\" decoding=\"async\" width=\"1000\" height=\"668\" src=\"https:\/\/anoticiaonline.com.br\/site\/wp-content\/uploads\/2018\/11\/DSC_0822.jpg\" class=\"attachment-full size-full\" alt=\"\" srcset=\"https:\/\/anoticiaonline.com.br\/site\/wp-content\/uploads\/2018\/11\/DSC_0822.jpg 1000w, https:\/\/anoticiaonline.com.br\/site\/wp-content\/uploads\/2018\/11\/DSC_0822-300x200.jpg 300w, https:\/\/anoticiaonline.com.br\/site\/wp-content\/uploads\/2018\/11\/DSC_0822-768x513.jpg 768w\" sizes=\"(max-width: 1000px) 100vw, 1000px\" \/><\/a>\n\t\t\t<\/div><\/figure><figure class='gallery-item'>\n\t\t\t<div class='gallery-icon portrait'>\n\t\t\t\t<a href='https:\/\/anoticiaonline.com.br\/site\/wp-content\/uploads\/2018\/11\/DSC_0837-1.jpg'><img loading=\"lazy\" decoding=\"async\" width=\"447\" height=\"669\" src=\"https:\/\/anoticiaonline.com.br\/site\/wp-content\/uploads\/2018\/11\/DSC_0837-1.jpg\" class=\"attachment-full size-full\" alt=\"\" srcset=\"https:\/\/anoticiaonline.com.br\/site\/wp-content\/uploads\/2018\/11\/DSC_0837-1.jpg 447w, https:\/\/anoticiaonline.com.br\/site\/wp-content\/uploads\/2018\/11\/DSC_0837-1-200x300.jpg 200w\" sizes=\"(max-width: 447px) 100vw, 447px\" \/><\/a>\n\t\t\t<\/div><\/figure><figure class='gallery-item'>\n\t\t\t<div class='gallery-icon portrait'>\n\t\t\t\t<a href='https:\/\/anoticiaonline.com.br\/site\/wp-content\/uploads\/2018\/11\/DSC_0839-1.jpg'><img loading=\"lazy\" decoding=\"async\" width=\"447\" height=\"669\" src=\"https:\/\/anoticiaonline.com.br\/site\/wp-content\/uploads\/2018\/11\/DSC_0839-1.jpg\" class=\"attachment-full size-full\" alt=\"\" srcset=\"https:\/\/anoticiaonline.com.br\/site\/wp-content\/uploads\/2018\/11\/DSC_0839-1.jpg 447w, https:\/\/anoticiaonline.com.br\/site\/wp-content\/uploads\/2018\/11\/DSC_0839-1-200x300.jpg 200w\" sizes=\"(max-width: 447px) 100vw, 447px\" \/><\/a>\n\t\t\t<\/div><\/figure><figure class='gallery-item'>\n\t\t\t<div class='gallery-icon landscape'>\n\t\t\t\t<a href='https:\/\/anoticiaonline.com.br\/site\/wp-content\/uploads\/2018\/11\/foto-14.jpg'><img loading=\"lazy\" decoding=\"async\" width=\"892\" height=\"636\" src=\"https:\/\/anoticiaonline.com.br\/site\/wp-content\/uploads\/2018\/11\/foto-14.jpg\" class=\"attachment-full size-full\" alt=\"\" srcset=\"https:\/\/anoticiaonline.com.br\/site\/wp-content\/uploads\/2018\/11\/foto-14.jpg 892w, https:\/\/anoticiaonline.com.br\/site\/wp-content\/uploads\/2018\/11\/foto-14-300x214.jpg 300w, https:\/\/anoticiaonline.com.br\/site\/wp-content\/uploads\/2018\/11\/foto-14-768x548.jpg 768w\" sizes=\"(max-width: 892px) 100vw, 892px\" \/><\/a>\n\t\t\t<\/div><\/figure>\n\t\t<\/div>\n\n","protected":false},"excerpt":{"rendered":"<p>O Festival de Food Trucks, evento que fez parte da Virada Cultural 2018, atraiu milhares de pessoas para o Parque de Exposi\u00e7\u00f5es Lael Varella durante o show da banda 14 Bis, que retornou a Muria\u00e9, no \u00faltimo s\u00e1bado (17), para apresentar sucessos como \u201cTodo azul do mar\u201d, \u201cEspanhola\u201d, \u201cLinda Juventude\u201d e \u201cMais uma vez\u201d. Em &#8230; <a title=\"Banda 14 Bis se apresenta durante o Festival de Food Trucks\" class=\"read-more\" href=\"https:\/\/anoticiaonline.com.br\/site\/banda-14-bis-se-apresenta-durante-o-festival-de-food-trucks\/\" aria-label=\"Read more about Banda 14 Bis se apresenta durante o Festival de Food Trucks\">Ler mais<\/a><\/p>\n","protected":false},"author":7,"featured_media":64976,"comment_status":"open","ping_status":"open","sticky":false,"template":"","format":"standard","meta":{"_acf_changed":false,"_monsterinsights_skip_tracking":false,"footnotes":""},"categories":[30,19],"tags":[3393,3441,3442],"class_list":["post-64975","post","type-post","status-publish","format-standard","has-post-thumbnail","hentry","category-muriae","category-cultura","tag-14-bis","tag-food-trucks","tag-virada-cultural-2018"],"acf":[],"aioseo_notices":[],"aioseo_head":"\n\t\t<!-- All in One SEO 5.0.0.1 - aioseo.com -->\n\t<meta name=\"description\" content=\"O Festival de Food Trucks, evento que fez parte da Virada Cultural 2018, atraiu milhares de pessoas para o Parque de Exposi\u00e7\u00f5es Lael Varella durante o show da banda 14 Bis, que retornou a Muria\u00e9, no \u00faltimo s\u00e1bado (17), para apresentar sucessos como \u201cTodo azul do mar\u201d, \u201cEspanhola\u201d, \u201cLinda Juventude\u201d e \u201cMais uma vez\u201d. Em\" \/>\n\t<meta name=\"robots\" content=\"max-image-preview:large\" \/>\n\t<meta name=\"author\" content=\"Leandro Bebiano\"\/>\n\t<link rel=\"canonical\" href=\"https:\/\/anoticiaonline.com.br\/site\/banda-14-bis-se-apresenta-durante-o-festival-de-food-trucks\/\" \/>\n\t<meta name=\"generator\" content=\"All in One SEO (AIOSEO) 5.0.0.1\" \/>\n\t\t<meta property=\"og:locale\" content=\"pt_BR\" \/>\n\t\t<meta property=\"og:site_name\" content=\"A Not\u00edcia Online - Noticias de Muria\u00e9 e regi\u00e3o\" \/>\n\t\t<meta property=\"og:type\" content=\"article\" \/>\n\t\t<meta property=\"og:title\" content=\"Banda 14 Bis se apresenta durante o Festival de Food Trucks - A Not\u00edcia Online\" \/>\n\t\t<meta property=\"og:description\" content=\"O Festival de Food Trucks, evento que fez parte da Virada Cultural 2018, atraiu milhares de pessoas para o Parque de Exposi\u00e7\u00f5es Lael Varella durante o show da banda 14 Bis, que retornou a Muria\u00e9, no \u00faltimo s\u00e1bado (17), para apresentar sucessos como \u201cTodo azul do mar\u201d, \u201cEspanhola\u201d, \u201cLinda Juventude\u201d e \u201cMais uma vez\u201d. Em\" \/>\n\t\t<meta property=\"og:url\" content=\"https:\/\/anoticiaonline.com.br\/site\/banda-14-bis-se-apresenta-durante-o-festival-de-food-trucks\/\" \/>\n\t\t<meta property=\"og:image\" content=\"https:\/\/scontent-gig4-1.xx.fbcdn.net\/v\/t39.30808-1\/270437624_4564083193639691_6907940295614233970_n.jpg?stp=dst-jpg_s200x200_tt6&#038;_nc_cat=111&#038;ccb=1-7&#038;_nc_sid=f907e8&#038;_nc_ohc=SM1wRlP3lJwQ7kNvwEPuBYA&#038;_nc_oc=AdnqrjDN_BNjSSHWO-GbkIWH6fkGMLw4bqvL_NH6e2wMveX7G-rP2dAqsDSq1mJMOaY&#038;_nc_zt=24&#038;_nc_ht=scontent-gig4-1.xx&#038;_nc_gid=AoBFJeGrT1hVaew_6rchkQ&#038;oh=00_AfX7QmFGhQhG2jAllVgXCiM1ZrWgvtp80-Bfppyexh1QEg&#038;oe=689E923C\" \/>\n\t\t<meta property=\"og:image:secure_url\" content=\"https:\/\/scontent-gig4-1.xx.fbcdn.net\/v\/t39.30808-1\/270437624_4564083193639691_6907940295614233970_n.jpg?stp=dst-jpg_s200x200_tt6&#038;_nc_cat=111&#038;ccb=1-7&#038;_nc_sid=f907e8&#038;_nc_ohc=SM1wRlP3lJwQ7kNvwEPuBYA&#038;_nc_oc=AdnqrjDN_BNjSSHWO-GbkIWH6fkGMLw4bqvL_NH6e2wMveX7G-rP2dAqsDSq1mJMOaY&#038;_nc_zt=24&#038;_nc_ht=scontent-gig4-1.xx&#038;_nc_gid=AoBFJeGrT1hVaew_6rchkQ&#038;oh=00_AfX7QmFGhQhG2jAllVgXCiM1ZrWgvtp80-Bfppyexh1QEg&#038;oe=689E923C\" \/>\n\t\t<meta property=\"article:published_time\" content=\"2018-11-22T23:07:18+00:00\" \/>\n\t\t<meta property=\"article:modified_time\" content=\"2018-11-23T12:38:38+00:00\" \/>\n\t\t<meta name=\"twitter:card\" content=\"summary_large_image\" \/>\n\t\t<meta name=\"twitter:title\" content=\"Banda 14 Bis se apresenta durante o Festival de Food Trucks - A Not\u00edcia Online\" \/>\n\t\t<meta name=\"twitter:description\" content=\"O Festival de Food Trucks, evento que fez parte da Virada Cultural 2018, atraiu milhares de pessoas para o Parque de Exposi\u00e7\u00f5es Lael Varella durante o show da banda 14 Bis, que retornou a Muria\u00e9, no \u00faltimo s\u00e1bado (17), para apresentar sucessos como \u201cTodo azul do mar\u201d, \u201cEspanhola\u201d, \u201cLinda Juventude\u201d e \u201cMais uma vez\u201d. Em\" \/>\n\t\t<meta name=\"twitter:image\" content=\"https:\/\/scontent-gig4-1.xx.fbcdn.net\/v\/t39.30808-1\/270437624_4564083193639691_6907940295614233970_n.jpg?stp=dst-jpg_s200x200_tt6&amp;_nc_cat=111&amp;ccb=1-7&amp;_nc_sid=f907e8&amp;_nc_ohc=SM1wRlP3lJwQ7kNvwEPuBYA&amp;_nc_oc=AdnqrjDN_BNjSSHWO-GbkIWH6fkGMLw4bqvL_NH6e2wMveX7G-rP2dAqsDSq1mJMOaY&amp;_nc_zt=24&amp;_nc_ht=scontent-gig4-1.xx&amp;_nc_gid=AoBFJeGrT1hVaew_6rchkQ&amp;oh=00_AfX7QmFGhQhG2jAllVgXCiM1ZrWgvtp80-Bfppyexh1QEg&amp;oe=689E923C\" \/>\n\t\t<script type=\"application\/ld+json\" class=\"aioseo-schema\">\n\t\t\t{\"@context\":\"https:\\\/\\\/schema.org\",\"@graph\":[{\"@type\":\"BlogPosting\",\"@id\":\"https:\\\/\\\/anoticiaonline.com.br\\\/site\\\/banda-14-bis-se-apresenta-durante-o-festival-de-food-trucks\\\/#blogposting\",\"name\":\"Banda 14 Bis se apresenta durante o Festival de Food Trucks - A Not\\u00edcia Online\",\"headline\":\"Banda 14 Bis se apresenta durante o Festival de Food Trucks\",\"author\":{\"@id\":\"https:\\\/\\\/anoticiaonline.com.br\\\/site\\\/author\\\/leandro\\\/#author\"},\"publisher\":{\"@id\":\"https:\\\/\\\/anoticiaonline.com.br\\\/site\\\/#organization\"},\"image\":{\"@type\":\"ImageObject\",\"url\":\"https:\\\/\\\/anoticiaonline.com.br\\\/site\\\/wp-content\\\/uploads\\\/2018\\\/11\\\/DSC_0488-1.jpg\",\"width\":1000,\"height\":668},\"datePublished\":\"2018-11-22T20:07:18-03:00\",\"dateModified\":\"2018-11-23T09:38:38-03:00\",\"inLanguage\":\"pt-BR\",\"mainEntityOfPage\":{\"@id\":\"https:\\\/\\\/anoticiaonline.com.br\\\/site\\\/banda-14-bis-se-apresenta-durante-o-festival-de-food-trucks\\\/#webpage\"},\"isPartOf\":{\"@id\":\"https:\\\/\\\/anoticiaonline.com.br\\\/site\\\/banda-14-bis-se-apresenta-durante-o-festival-de-food-trucks\\\/#webpage\"},\"articleSection\":\"Blog, Cultura, 14 Bis, Food Trucks, Virada Cultural 2018\"},{\"@type\":\"BreadcrumbList\",\"@id\":\"https:\\\/\\\/anoticiaonline.com.br\\\/site\\\/banda-14-bis-se-apresenta-durante-o-festival-de-food-trucks\\\/#breadcrumblist\",\"itemListElement\":[{\"@type\":\"ListItem\",\"@id\":\"https:\\\/\\\/anoticiaonline.com.br\\\/site#listItem\",\"position\":1,\"name\":\"Home\",\"item\":\"https:\\\/\\\/anoticiaonline.com.br\\\/site\",\"nextItem\":{\"@type\":\"ListItem\",\"@id\":\"https:\\\/\\\/anoticiaonline.com.br\\\/site\\\/categoria\\\/muriae\\\/#listItem\",\"name\":\"Blog\"}},{\"@type\":\"ListItem\",\"@id\":\"https:\\\/\\\/anoticiaonline.com.br\\\/site\\\/categoria\\\/muriae\\\/#listItem\",\"position\":2,\"name\":\"Blog\",\"item\":\"https:\\\/\\\/anoticiaonline.com.br\\\/site\\\/categoria\\\/muriae\\\/\",\"nextItem\":{\"@type\":\"ListItem\",\"@id\":\"https:\\\/\\\/anoticiaonline.com.br\\\/site\\\/categoria\\\/muriae\\\/cultura\\\/#listItem\",\"name\":\"Cultura\"},\"previousItem\":{\"@type\":\"ListItem\",\"@id\":\"https:\\\/\\\/anoticiaonline.com.br\\\/site#listItem\",\"name\":\"Home\"}},{\"@type\":\"ListItem\",\"@id\":\"https:\\\/\\\/anoticiaonline.com.br\\\/site\\\/categoria\\\/muriae\\\/cultura\\\/#listItem\",\"position\":3,\"name\":\"Cultura\",\"item\":\"https:\\\/\\\/anoticiaonline.com.br\\\/site\\\/categoria\\\/muriae\\\/cultura\\\/\",\"nextItem\":{\"@type\":\"ListItem\",\"@id\":\"https:\\\/\\\/anoticiaonline.com.br\\\/site\\\/banda-14-bis-se-apresenta-durante-o-festival-de-food-trucks\\\/#listItem\",\"name\":\"Banda 14 Bis se apresenta durante o Festival de Food Trucks\"},\"previousItem\":{\"@type\":\"ListItem\",\"@id\":\"https:\\\/\\\/anoticiaonline.com.br\\\/site\\\/categoria\\\/muriae\\\/#listItem\",\"name\":\"Blog\"}},{\"@type\":\"ListItem\",\"@id\":\"https:\\\/\\\/anoticiaonline.com.br\\\/site\\\/banda-14-bis-se-apresenta-durante-o-festival-de-food-trucks\\\/#listItem\",\"position\":4,\"name\":\"Banda 14 Bis se apresenta durante o Festival de Food Trucks\",\"previousItem\":{\"@type\":\"ListItem\",\"@id\":\"https:\\\/\\\/anoticiaonline.com.br\\\/site\\\/categoria\\\/muriae\\\/cultura\\\/#listItem\",\"name\":\"Cultura\"}}]},{\"@type\":\"Organization\",\"@id\":\"https:\\\/\\\/anoticiaonline.com.br\\\/site\\\/#organization\",\"name\":\"A Not\\u00edcia Online\",\"description\":\"Noticias de Muria\\u00e9 e regi\\u00e3o\",\"url\":\"https:\\\/\\\/anoticiaonline.com.br\\\/site\\\/\",\"logo\":{\"@type\":\"ImageObject\",\"url\":\"https:\\\/\\\/scontent-gig4-1.xx.fbcdn.net\\\/v\\\/t39.30808-1\\\/270437624_4564083193639691_6907940295614233970_n.jpg?stp=dst-jpg_s200x200_tt6&_nc_cat=111&ccb=1-7&_nc_sid=f907e8&_nc_ohc=SM1wRlP3lJwQ7kNvwEPuBYA&_nc_oc=AdnqrjDN_BNjSSHWO-GbkIWH6fkGMLw4bqvL_NH6e2wMveX7G-rP2dAqsDSq1mJMOaY&_nc_zt=24&_nc_ht=scontent-gig4-1.xx&_nc_gid=AoBFJeGrT1hVaew_6rchkQ&oh=00_AfX7QmFGhQhG2jAllVgXCiM1ZrWgvtp80-Bfppyexh1QEg&oe=689E923C\",\"@id\":\"https:\\\/\\\/anoticiaonline.com.br\\\/site\\\/banda-14-bis-se-apresenta-durante-o-festival-de-food-trucks\\\/#organizationLogo\"},\"image\":{\"@id\":\"https:\\\/\\\/anoticiaonline.com.br\\\/site\\\/banda-14-bis-se-apresenta-durante-o-festival-de-food-trucks\\\/#organizationLogo\"}},{\"@type\":\"Person\",\"@id\":\"https:\\\/\\\/anoticiaonline.com.br\\\/site\\\/author\\\/leandro\\\/#author\",\"url\":\"https:\\\/\\\/anoticiaonline.com.br\\\/site\\\/author\\\/leandro\\\/\",\"name\":\"Leandro Bebiano\",\"image\":{\"@type\":\"ImageObject\",\"@id\":\"https:\\\/\\\/anoticiaonline.com.br\\\/site\\\/banda-14-bis-se-apresenta-durante-o-festival-de-food-trucks\\\/#authorImage\",\"url\":\"https:\\\/\\\/secure.gravatar.com\\\/avatar\\\/99966a20c143db97c8590c2013307c7c234a4cca48ed5657cbb47e22a400bd5f?s=96&d=mm&r=g\",\"width\":96,\"height\":96,\"caption\":\"Leandro Bebiano\"}},{\"@type\":\"WebPage\",\"@id\":\"https:\\\/\\\/anoticiaonline.com.br\\\/site\\\/banda-14-bis-se-apresenta-durante-o-festival-de-food-trucks\\\/#webpage\",\"url\":\"https:\\\/\\\/anoticiaonline.com.br\\\/site\\\/banda-14-bis-se-apresenta-durante-o-festival-de-food-trucks\\\/\",\"name\":\"Banda 14 Bis se apresenta durante o Festival de Food Trucks - A Not\\u00edcia Online\",\"description\":\"O Festival de Food Trucks, evento que fez parte da Virada Cultural 2018, atraiu milhares de pessoas para o Parque de Exposi\\u00e7\\u00f5es Lael Varella durante o show da banda 14 Bis, que retornou a Muria\\u00e9, no \\u00faltimo s\\u00e1bado (17), para apresentar sucessos como \\u201cTodo azul do mar\\u201d, \\u201cEspanhola\\u201d, \\u201cLinda Juventude\\u201d e \\u201cMais uma vez\\u201d. Em\",\"inLanguage\":\"pt-BR\",\"isPartOf\":{\"@id\":\"https:\\\/\\\/anoticiaonline.com.br\\\/site\\\/#website\"},\"breadcrumb\":{\"@id\":\"https:\\\/\\\/anoticiaonline.com.br\\\/site\\\/banda-14-bis-se-apresenta-durante-o-festival-de-food-trucks\\\/#breadcrumblist\"},\"author\":{\"@id\":\"https:\\\/\\\/anoticiaonline.com.br\\\/site\\\/author\\\/leandro\\\/#author\"},\"creator\":{\"@id\":\"https:\\\/\\\/anoticiaonline.com.br\\\/site\\\/author\\\/leandro\\\/#author\"},\"image\":{\"@type\":\"ImageObject\",\"url\":\"https:\\\/\\\/anoticiaonline.com.br\\\/site\\\/wp-content\\\/uploads\\\/2018\\\/11\\\/DSC_0488-1.jpg\",\"@id\":\"https:\\\/\\\/anoticiaonline.com.br\\\/site\\\/banda-14-bis-se-apresenta-durante-o-festival-de-food-trucks\\\/#mainImage\",\"width\":1000,\"height\":668},\"primaryImageOfPage\":{\"@id\":\"https:\\\/\\\/anoticiaonline.com.br\\\/site\\\/banda-14-bis-se-apresenta-durante-o-festival-de-food-trucks\\\/#mainImage\"},\"datePublished\":\"2018-11-22T20:07:18-03:00\",\"dateModified\":\"2018-11-23T09:38:38-03:00\"},{\"@type\":\"WebSite\",\"@id\":\"https:\\\/\\\/anoticiaonline.com.br\\\/site\\\/#website\",\"url\":\"https:\\\/\\\/anoticiaonline.com.br\\\/site\\\/\",\"name\":\"A Not\\u00edcia Online\",\"description\":\"Noticias de Muria\\u00e9 e regi\\u00e3o\",\"inLanguage\":\"pt-BR\",\"publisher\":{\"@id\":\"https:\\\/\\\/anoticiaonline.com.br\\\/site\\\/#organization\"}}]}\n\t\t<\/script>\n\t\t<!-- All in One SEO -->\n\n","aioseo_head_json":{"title":"Banda 14 Bis se apresenta durante o Festival de Food Trucks - A Not\u00edcia Online","description":"O Festival de Food Trucks, evento que fez parte da Virada Cultural 2018, atraiu milhares de pessoas para o Parque de Exposi\u00e7\u00f5es Lael Varella durante o show da banda 14 Bis, que retornou a Muria\u00e9, no \u00faltimo s\u00e1bado (17), para apresentar sucessos como \u201cTodo azul do mar\u201d, \u201cEspanhola\u201d, \u201cLinda Juventude\u201d e \u201cMais uma vez\u201d. Em","canonical_url":"https:\/\/anoticiaonline.com.br\/site\/banda-14-bis-se-apresenta-durante-o-festival-de-food-trucks\/","robots":"max-image-preview:large","keywords":"","webmasterTools":{"miscellaneous":""},"schema":{"@context":"https:\/\/schema.org","@graph":[{"@type":"BlogPosting","@id":"https:\/\/anoticiaonline.com.br\/site\/banda-14-bis-se-apresenta-durante-o-festival-de-food-trucks\/#blogposting","name":"Banda 14 Bis se apresenta durante o Festival de Food Trucks - A Not\u00edcia Online","headline":"Banda 14 Bis se apresenta durante o Festival de Food Trucks","author":{"@id":"https:\/\/anoticiaonline.com.br\/site\/author\/leandro\/#author"},"publisher":{"@id":"https:\/\/anoticiaonline.com.br\/site\/#organization"},"image":{"@type":"ImageObject","url":"https:\/\/anoticiaonline.com.br\/site\/wp-content\/uploads\/2018\/11\/DSC_0488-1.jpg","width":1000,"height":668},"datePublished":"2018-11-22T20:07:18-03:00","dateModified":"2018-11-23T09:38:38-03:00","inLanguage":"pt-BR","mainEntityOfPage":{"@id":"https:\/\/anoticiaonline.com.br\/site\/banda-14-bis-se-apresenta-durante-o-festival-de-food-trucks\/#webpage"},"isPartOf":{"@id":"https:\/\/anoticiaonline.com.br\/site\/banda-14-bis-se-apresenta-durante-o-festival-de-food-trucks\/#webpage"},"articleSection":"Blog, Cultura, 14 Bis, Food Trucks, Virada Cultural 2018"},{"@type":"BreadcrumbList","@id":"https:\/\/anoticiaonline.com.br\/site\/banda-14-bis-se-apresenta-durante-o-festival-de-food-trucks\/#breadcrumblist","itemListElement":[{"@type":"ListItem","@id":"https:\/\/anoticiaonline.com.br\/site#listItem","position":1,"name":"Home","item":"https:\/\/anoticiaonline.com.br\/site","nextItem":{"@type":"ListItem","@id":"https:\/\/anoticiaonline.com.br\/site\/categoria\/muriae\/#listItem","name":"Blog"}},{"@type":"ListItem","@id":"https:\/\/anoticiaonline.com.br\/site\/categoria\/muriae\/#listItem","position":2,"name":"Blog","item":"https:\/\/anoticiaonline.com.br\/site\/categoria\/muriae\/","nextItem":{"@type":"ListItem","@id":"https:\/\/anoticiaonline.com.br\/site\/categoria\/muriae\/cultura\/#listItem","name":"Cultura"},"previousItem":{"@type":"ListItem","@id":"https:\/\/anoticiaonline.com.br\/site#listItem","name":"Home"}},{"@type":"ListItem","@id":"https:\/\/anoticiaonline.com.br\/site\/categoria\/muriae\/cultura\/#listItem","position":3,"name":"Cultura","item":"https:\/\/anoticiaonline.com.br\/site\/categoria\/muriae\/cultura\/","nextItem":{"@type":"ListItem","@id":"https:\/\/anoticiaonline.com.br\/site\/banda-14-bis-se-apresenta-durante-o-festival-de-food-trucks\/#listItem","name":"Banda 14 Bis se apresenta durante o Festival de Food Trucks"},"previousItem":{"@type":"ListItem","@id":"https:\/\/anoticiaonline.com.br\/site\/categoria\/muriae\/#listItem","name":"Blog"}},{"@type":"ListItem","@id":"https:\/\/anoticiaonline.com.br\/site\/banda-14-bis-se-apresenta-durante-o-festival-de-food-trucks\/#listItem","position":4,"name":"Banda 14 Bis se apresenta durante o Festival de Food Trucks","previousItem":{"@type":"ListItem","@id":"https:\/\/anoticiaonline.com.br\/site\/categoria\/muriae\/cultura\/#listItem","name":"Cultura"}}]},{"@type":"Organization","@id":"https:\/\/anoticiaonline.com.br\/site\/#organization","name":"A Not\u00edcia Online","description":"Noticias de Muria\u00e9 e regi\u00e3o","url":"https:\/\/anoticiaonline.com.br\/site\/","logo":{"@type":"ImageObject","url":"https:\/\/scontent-gig4-1.xx.fbcdn.net\/v\/t39.30808-1\/270437624_4564083193639691_6907940295614233970_n.jpg?stp=dst-jpg_s200x200_tt6&_nc_cat=111&ccb=1-7&_nc_sid=f907e8&_nc_ohc=SM1wRlP3lJwQ7kNvwEPuBYA&_nc_oc=AdnqrjDN_BNjSSHWO-GbkIWH6fkGMLw4bqvL_NH6e2wMveX7G-rP2dAqsDSq1mJMOaY&_nc_zt=24&_nc_ht=scontent-gig4-1.xx&_nc_gid=AoBFJeGrT1hVaew_6rchkQ&oh=00_AfX7QmFGhQhG2jAllVgXCiM1ZrWgvtp80-Bfppyexh1QEg&oe=689E923C","@id":"https:\/\/anoticiaonline.com.br\/site\/banda-14-bis-se-apresenta-durante-o-festival-de-food-trucks\/#organizationLogo"},"image":{"@id":"https:\/\/anoticiaonline.com.br\/site\/banda-14-bis-se-apresenta-durante-o-festival-de-food-trucks\/#organizationLogo"}},{"@type":"Person","@id":"https:\/\/anoticiaonline.com.br\/site\/author\/leandro\/#author","url":"https:\/\/anoticiaonline.com.br\/site\/author\/leandro\/","name":"Leandro Bebiano","image":{"@type":"ImageObject","@id":"https:\/\/anoticiaonline.com.br\/site\/banda-14-bis-se-apresenta-durante-o-festival-de-food-trucks\/#authorImage","url":"https:\/\/secure.gravatar.com\/avatar\/99966a20c143db97c8590c2013307c7c234a4cca48ed5657cbb47e22a400bd5f?s=96&d=mm&r=g","width":96,"height":96,"caption":"Leandro Bebiano"}},{"@type":"WebPage","@id":"https:\/\/anoticiaonline.com.br\/site\/banda-14-bis-se-apresenta-durante-o-festival-de-food-trucks\/#webpage","url":"https:\/\/anoticiaonline.com.br\/site\/banda-14-bis-se-apresenta-durante-o-festival-de-food-trucks\/","name":"Banda 14 Bis se apresenta durante o Festival de Food Trucks - A Not\u00edcia Online","description":"O Festival de Food Trucks, evento que fez parte da Virada Cultural 2018, atraiu milhares de pessoas para o Parque de Exposi\u00e7\u00f5es Lael Varella durante o show da banda 14 Bis, que retornou a Muria\u00e9, no \u00faltimo s\u00e1bado (17), para apresentar sucessos como \u201cTodo azul do mar\u201d, \u201cEspanhola\u201d, \u201cLinda Juventude\u201d e \u201cMais uma vez\u201d. Em","inLanguage":"pt-BR","isPartOf":{"@id":"https:\/\/anoticiaonline.com.br\/site\/#website"},"breadcrumb":{"@id":"https:\/\/anoticiaonline.com.br\/site\/banda-14-bis-se-apresenta-durante-o-festival-de-food-trucks\/#breadcrumblist"},"author":{"@id":"https:\/\/anoticiaonline.com.br\/site\/author\/leandro\/#author"},"creator":{"@id":"https:\/\/anoticiaonline.com.br\/site\/author\/leandro\/#author"},"image":{"@type":"ImageObject","url":"https:\/\/anoticiaonline.com.br\/site\/wp-content\/uploads\/2018\/11\/DSC_0488-1.jpg","@id":"https:\/\/anoticiaonline.com.br\/site\/banda-14-bis-se-apresenta-durante-o-festival-de-food-trucks\/#mainImage","width":1000,"height":668},"primaryImageOfPage":{"@id":"https:\/\/anoticiaonline.com.br\/site\/banda-14-bis-se-apresenta-durante-o-festival-de-food-trucks\/#mainImage"},"datePublished":"2018-11-22T20:07:18-03:00","dateModified":"2018-11-23T09:38:38-03:00"},{"@type":"WebSite","@id":"https:\/\/anoticiaonline.com.br\/site\/#website","url":"https:\/\/anoticiaonline.com.br\/site\/","name":"A Not\u00edcia Online","description":"Noticias de Muria\u00e9 e regi\u00e3o","inLanguage":"pt-BR","publisher":{"@id":"https:\/\/anoticiaonline.com.br\/site\/#organization"}}]},"og:locale":"pt_BR","og:site_name":"A Not\u00edcia Online - Noticias de Muria\u00e9 e regi\u00e3o","og:type":"article","og:title":"Banda 14 Bis se apresenta durante o Festival de Food Trucks - A Not\u00edcia Online","og:description":"O Festival de Food Trucks, evento que fez parte da Virada Cultural 2018, atraiu milhares de pessoas para o Parque de Exposi\u00e7\u00f5es Lael Varella durante o show da banda 14 Bis, que retornou a Muria\u00e9, no \u00faltimo s\u00e1bado (17), para apresentar sucessos como \u201cTodo azul do mar\u201d, \u201cEspanhola\u201d, \u201cLinda Juventude\u201d e \u201cMais uma vez\u201d. Em","og:url":"https:\/\/anoticiaonline.com.br\/site\/banda-14-bis-se-apresenta-durante-o-festival-de-food-trucks\/","og:image":"https:\/\/scontent-gig4-1.xx.fbcdn.net\/v\/t39.30808-1\/270437624_4564083193639691_6907940295614233970_n.jpg?stp=dst-jpg_s200x200_tt6&#038;_nc_cat=111&#038;ccb=1-7&#038;_nc_sid=f907e8&#038;_nc_ohc=SM1wRlP3lJwQ7kNvwEPuBYA&#038;_nc_oc=AdnqrjDN_BNjSSHWO-GbkIWH6fkGMLw4bqvL_NH6e2wMveX7G-rP2dAqsDSq1mJMOaY&#038;_nc_zt=24&#038;_nc_ht=scontent-gig4-1.xx&#038;_nc_gid=AoBFJeGrT1hVaew_6rchkQ&#038;oh=00_AfX7QmFGhQhG2jAllVgXCiM1ZrWgvtp80-Bfppyexh1QEg&#038;oe=689E923C","og:image:secure_url":"https:\/\/scontent-gig4-1.xx.fbcdn.net\/v\/t39.30808-1\/270437624_4564083193639691_6907940295614233970_n.jpg?stp=dst-jpg_s200x200_tt6&#038;_nc_cat=111&#038;ccb=1-7&#038;_nc_sid=f907e8&#038;_nc_ohc=SM1wRlP3lJwQ7kNvwEPuBYA&#038;_nc_oc=AdnqrjDN_BNjSSHWO-GbkIWH6fkGMLw4bqvL_NH6e2wMveX7G-rP2dAqsDSq1mJMOaY&#038;_nc_zt=24&#038;_nc_ht=scontent-gig4-1.xx&#038;_nc_gid=AoBFJeGrT1hVaew_6rchkQ&#038;oh=00_AfX7QmFGhQhG2jAllVgXCiM1ZrWgvtp80-Bfppyexh1QEg&#038;oe=689E923C","article:published_time":"2018-11-22T23:07:18+00:00","article:modified_time":"2018-11-23T12:38:38+00:00","twitter:card":"summary_large_image","twitter:title":"Banda 14 Bis se apresenta durante o Festival de Food Trucks - A Not\u00edcia Online","twitter:description":"O Festival de Food Trucks, evento que fez parte da Virada Cultural 2018, atraiu milhares de pessoas para o Parque de Exposi\u00e7\u00f5es Lael Varella durante o show da banda 14 Bis, que retornou a Muria\u00e9, no \u00faltimo s\u00e1bado (17), para apresentar sucessos como \u201cTodo azul do mar\u201d, \u201cEspanhola\u201d, \u201cLinda Juventude\u201d e \u201cMais uma vez\u201d. Em","twitter:image":"https:\/\/scontent-gig4-1.xx.fbcdn.net\/v\/t39.30808-1\/270437624_4564083193639691_6907940295614233970_n.jpg?stp=dst-jpg_s200x200_tt6&_nc_cat=111&ccb=1-7&_nc_sid=f907e8&_nc_ohc=SM1wRlP3lJwQ7kNvwEPuBYA&_nc_oc=AdnqrjDN_BNjSSHWO-GbkIWH6fkGMLw4bqvL_NH6e2wMveX7G-rP2dAqsDSq1mJMOaY&_nc_zt=24&_nc_ht=scontent-gig4-1.xx&_nc_gid=AoBFJeGrT1hVaew_6rchkQ&oh=00_AfX7QmFGhQhG2jAllVgXCiM1ZrWgvtp80-Bfppyexh1QEg&oe=689E923C"},"aioseo_meta_data":{"post_id":"64975","title":null,"description":null,"keywords":null,"keyphrases":null,"primary_term":null,"canonical_url":null,"og_title":null,"og_description":null,"og_object_type":"default","og_image_type":"default","og_image_url":null,"og_image_width":null,"og_image_height":null,"og_image_custom_url":null,"og_image_custom_fields":null,"og_video":null,"og_custom_url":null,"og_article_section":null,"og_article_tags":null,"twitter_use_og":false,"twitter_card":"default","twitter_image_type":"default","twitter_image_url":null,"twitter_image_custom_url":null,"twitter_image_custom_fields":null,"twitter_title":null,"twitter_description":null,"schema":{"blockGraphs":[],"customGraphs":[],"default":{"data":{"Article":[],"Course":[],"Dataset":[],"FAQPage":[],"Movie":[],"Person":[],"Product":[],"ProductReview":[],"Car":[],"Recipe":[],"Service":[],"SoftwareApplication":[],"WebPage":[]},"graphName":"","isEnabled":true},"graphs":[]},"schema_type":"default","schema_type_options":null,"pillar_content":false,"robots_default":true,"robots_noindex":false,"robots_noarchive":false,"robots_nosnippet":false,"robots_nofollow":false,"robots_noimageindex":false,"robots_noodp":false,"robots_notranslate":false,"robots_max_snippet":null,"robots_max_videopreview":null,"robots_max_imagepreview":"large","priority":null,"frequency":null,"local_seo":null,"breadcrumb_settings":null,"limit_modified_date":false,"ai":null,"created":"2025-08-16 22:17:32","updated":"2025-08-16 22:17:32","focus_keyword":null,"additional_keywords":null,"truseo_locale":null,"seo_analyzer_scan_date":null},"aioseo_breadcrumb":"<div class=\"aioseo-breadcrumbs\"><span class=\"aioseo-breadcrumb\">\n\t\t\t<a href=\"https:\/\/anoticiaonline.com.br\/site\" title=\"Home\">Home<\/a>\n\t\t<\/span><span class=\"aioseo-breadcrumb-separator\">&raquo;<\/span><span class=\"aioseo-breadcrumb\">\n\t\t\t<a href=\"https:\/\/anoticiaonline.com.br\/site\/categoria\/muriae\/\" title=\"Blog\">Blog<\/a>\n\t\t<\/span><span class=\"aioseo-breadcrumb-separator\">&raquo;<\/span><span class=\"aioseo-breadcrumb\">\n\t\t\t<a href=\"https:\/\/anoticiaonline.com.br\/site\/categoria\/muriae\/cultura\/\" title=\"Cultura\">Cultura<\/a>\n\t\t<\/span><span class=\"aioseo-breadcrumb-separator\">&raquo;<\/span><span class=\"aioseo-breadcrumb\">\n\t\t\tBanda 14 Bis se apresenta durante o Festival de Food Trucks\n\t\t<\/span><\/div>","aioseo_breadcrumb_json":[{"label":"Home","link":"https:\/\/anoticiaonline.com.br\/site"},{"label":"Blog","link":"https:\/\/anoticiaonline.com.br\/site\/categoria\/muriae\/"},{"label":"Cultura","link":"https:\/\/anoticiaonline.com.br\/site\/categoria\/muriae\/cultura\/"},{"label":"Banda 14 Bis se apresenta durante o Festival de Food Trucks","link":"https:\/\/anoticiaonline.com.br\/site\/banda-14-bis-se-apresenta-durante-o-festival-de-food-trucks\/"}],"views":144,"_links":{"self":[{"href":"https:\/\/anoticiaonline.com.br\/site\/wp-json\/wp\/v2\/posts\/64975","targetHints":{"allow":["GET"]}}],"collection":[{"href":"https:\/\/anoticiaonline.com.br\/site\/wp-json\/wp\/v2\/posts"}],"about":[{"href":"https:\/\/anoticiaonline.com.br\/site\/wp-json\/wp\/v2\/types\/post"}],"author":[{"embeddable":true,"href":"https:\/\/anoticiaonline.com.br\/site\/wp-json\/wp\/v2\/users\/7"}],"replies":[{"embeddable":true,"href":"https:\/\/anoticiaonline.com.br\/site\/wp-json\/wp\/v2\/comments?post=64975"}],"version-history":[{"count":0,"href":"https:\/\/anoticiaonline.com.br\/site\/wp-json\/wp\/v2\/posts\/64975\/revisions"}],"wp:featuredmedia":[{"embeddable":true,"href":"https:\/\/anoticiaonline.com.br\/site\/wp-json\/wp\/v2\/media\/64976"}],"wp:attachment":[{"href":"https:\/\/anoticiaonline.com.br\/site\/wp-json\/wp\/v2\/media?parent=64975"}],"wp:term":[{"taxonomy":"category","embeddable":true,"href":"https:\/\/anoticiaonline.com.br\/site\/wp-json\/wp\/v2\/categories?post=64975"},{"taxonomy":"post_tag","embeddable":true,"href":"https:\/\/anoticiaonline.com.br\/site\/wp-json\/wp\/v2\/tags?post=64975"}],"curies":[{"name":"wp","href":"https:\/\/api.w.org\/{rel}","templated":true}]}}