{"id":64935,"date":"2018-11-22T19:53:46","date_gmt":"2018-11-22T22:53:46","guid":{"rendered":"http:\/\/anoticiaonline.com.br\/site\/?p=64935"},"modified":"2018-11-26T09:14:58","modified_gmt":"2018-11-26T12:14:58","slug":"pro-fitness-marca-presenca-no-minas-fashion-days","status":"publish","type":"post","link":"https:\/\/anoticiaonline.com.br\/site\/pro-fitness-marca-presenca-no-minas-fashion-days\/","title":{"rendered":"Pro Fitness marca presen\u00e7a no Minas Fashion Days"},"content":{"rendered":"<p><a href=\"https:\/\/anoticiaonline.com.br\/site\/wp-content\/uploads\/2018\/11\/DSC_0688.jpg\"><img fetchpriority=\"high\" decoding=\"async\" class=\"aligncenter size-full wp-image-65097\" src=\"https:\/\/anoticiaonline.com.br\/site\/wp-content\/uploads\/2018\/11\/DSC_0688.jpg\" alt=\"\" width=\"1000\" height=\"668\" srcset=\"https:\/\/anoticiaonline.com.br\/site\/wp-content\/uploads\/2018\/11\/DSC_0688.jpg 1000w, https:\/\/anoticiaonline.com.br\/site\/wp-content\/uploads\/2018\/11\/DSC_0688-300x200.jpg 300w, https:\/\/anoticiaonline.com.br\/site\/wp-content\/uploads\/2018\/11\/DSC_0688-768x513.jpg 768w\" sizes=\"(max-width: 1000px) 100vw, 1000px\" \/><\/a>A loja Pro Fitness marcou presen\u00e7a no Minas Fashion Days, desfile beneficente em prol da Obra Unida Lar Ozanam, que aconteceu na quarta-feira (14), no Cristo Redentor de Muria\u00e9, com a presen\u00e7a dos atores Tha\u00e9rcio Ribeiro e Ana Isabela Godinho. Na ocasi\u00e3o, a marca apresentou as \u00faltimas novidades em moda fitness, tanto para quem curte academia ou esporte ao ar livre.<\/p>\n<p><!--more--><\/p>\n<p><a href=\"https:\/\/anoticiaonline.com.br\/site\/wp-content\/uploads\/2018\/11\/DSC_0754.jpg\"><img decoding=\"async\" class=\"aligncenter size-full wp-image-64939\" src=\"https:\/\/anoticiaonline.com.br\/site\/wp-content\/uploads\/2018\/11\/DSC_0754.jpg\" alt=\"\" width=\"501\" height=\"750\" srcset=\"https:\/\/anoticiaonline.com.br\/site\/wp-content\/uploads\/2018\/11\/DSC_0754.jpg 501w, https:\/\/anoticiaonline.com.br\/site\/wp-content\/uploads\/2018\/11\/DSC_0754-200x300.jpg 200w\" sizes=\"(max-width: 501px) 100vw, 501px\" \/><\/a><a href=\"https:\/\/anoticiaonline.com.br\/site\/wp-content\/uploads\/2018\/11\/DSC_0758.jpg\"><img decoding=\"async\" class=\"alignnone size-full wp-image-64940\" src=\"https:\/\/anoticiaonline.com.br\/site\/wp-content\/uploads\/2018\/11\/DSC_0758.jpg\" alt=\"\" width=\"501\" height=\"750\" srcset=\"https:\/\/anoticiaonline.com.br\/site\/wp-content\/uploads\/2018\/11\/DSC_0758.jpg 501w, https:\/\/anoticiaonline.com.br\/site\/wp-content\/uploads\/2018\/11\/DSC_0758-200x300.jpg 200w\" sizes=\"(max-width: 501px) 100vw, 501px\" \/><\/a> <a href=\"https:\/\/anoticiaonline.com.br\/site\/wp-content\/uploads\/2018\/11\/DSC_0761.jpg\"><img loading=\"lazy\" decoding=\"async\" class=\"alignnone size-full wp-image-64941\" src=\"https:\/\/anoticiaonline.com.br\/site\/wp-content\/uploads\/2018\/11\/DSC_0761.jpg\" alt=\"\" width=\"501\" height=\"750\" srcset=\"https:\/\/anoticiaonline.com.br\/site\/wp-content\/uploads\/2018\/11\/DSC_0761.jpg 501w, https:\/\/anoticiaonline.com.br\/site\/wp-content\/uploads\/2018\/11\/DSC_0761-200x300.jpg 200w\" sizes=\"(max-width: 501px) 100vw, 501px\" \/><\/a> <a href=\"https:\/\/anoticiaonline.com.br\/site\/wp-content\/uploads\/2018\/11\/DSC_0764-1.jpg\"><img loading=\"lazy\" decoding=\"async\" class=\"alignnone size-full wp-image-64942\" src=\"https:\/\/anoticiaonline.com.br\/site\/wp-content\/uploads\/2018\/11\/DSC_0764-1.jpg\" alt=\"\" width=\"501\" height=\"750\" srcset=\"https:\/\/anoticiaonline.com.br\/site\/wp-content\/uploads\/2018\/11\/DSC_0764-1.jpg 501w, https:\/\/anoticiaonline.com.br\/site\/wp-content\/uploads\/2018\/11\/DSC_0764-1-200x300.jpg 200w\" sizes=\"(max-width: 501px) 100vw, 501px\" \/><\/a> <a href=\"https:\/\/anoticiaonline.com.br\/site\/wp-content\/uploads\/2018\/11\/DSC_0769.jpg\"><img loading=\"lazy\" decoding=\"async\" class=\"alignnone size-full wp-image-64943\" src=\"https:\/\/anoticiaonline.com.br\/site\/wp-content\/uploads\/2018\/11\/DSC_0769.jpg\" alt=\"\" width=\"501\" height=\"750\" srcset=\"https:\/\/anoticiaonline.com.br\/site\/wp-content\/uploads\/2018\/11\/DSC_0769.jpg 501w, https:\/\/anoticiaonline.com.br\/site\/wp-content\/uploads\/2018\/11\/DSC_0769-200x300.jpg 200w\" sizes=\"(max-width: 501px) 100vw, 501px\" \/><\/a> <a href=\"https:\/\/anoticiaonline.com.br\/site\/wp-content\/uploads\/2018\/11\/DSC_0770.jpg\"><img loading=\"lazy\" decoding=\"async\" class=\"alignnone size-full wp-image-64944\" src=\"https:\/\/anoticiaonline.com.br\/site\/wp-content\/uploads\/2018\/11\/DSC_0770.jpg\" alt=\"\" width=\"501\" height=\"750\" srcset=\"https:\/\/anoticiaonline.com.br\/site\/wp-content\/uploads\/2018\/11\/DSC_0770.jpg 501w, https:\/\/anoticiaonline.com.br\/site\/wp-content\/uploads\/2018\/11\/DSC_0770-200x300.jpg 200w\" sizes=\"(max-width: 501px) 100vw, 501px\" \/><\/a> <a href=\"https:\/\/anoticiaonline.com.br\/site\/wp-content\/uploads\/2018\/11\/DSC_0774.jpg\"><img loading=\"lazy\" decoding=\"async\" class=\"alignnone size-full wp-image-64945\" src=\"https:\/\/anoticiaonline.com.br\/site\/wp-content\/uploads\/2018\/11\/DSC_0774.jpg\" alt=\"\" width=\"501\" height=\"750\" srcset=\"https:\/\/anoticiaonline.com.br\/site\/wp-content\/uploads\/2018\/11\/DSC_0774.jpg 501w, https:\/\/anoticiaonline.com.br\/site\/wp-content\/uploads\/2018\/11\/DSC_0774-200x300.jpg 200w\" sizes=\"(max-width: 501px) 100vw, 501px\" \/><\/a> <a href=\"https:\/\/anoticiaonline.com.br\/site\/wp-content\/uploads\/2018\/11\/DSC_0778.jpg\"><img loading=\"lazy\" decoding=\"async\" class=\"alignnone size-full wp-image-64946\" src=\"https:\/\/anoticiaonline.com.br\/site\/wp-content\/uploads\/2018\/11\/DSC_0778.jpg\" alt=\"\" width=\"501\" height=\"750\" srcset=\"https:\/\/anoticiaonline.com.br\/site\/wp-content\/uploads\/2018\/11\/DSC_0778.jpg 501w, https:\/\/anoticiaonline.com.br\/site\/wp-content\/uploads\/2018\/11\/DSC_0778-200x300.jpg 200w\" sizes=\"(max-width: 501px) 100vw, 501px\" \/><\/a> <a href=\"https:\/\/anoticiaonline.com.br\/site\/wp-content\/uploads\/2018\/11\/DSC_0782.jpg\"><img loading=\"lazy\" decoding=\"async\" class=\"alignnone size-full wp-image-64947\" src=\"https:\/\/anoticiaonline.com.br\/site\/wp-content\/uploads\/2018\/11\/DSC_0782.jpg\" alt=\"\" width=\"501\" height=\"750\" srcset=\"https:\/\/anoticiaonline.com.br\/site\/wp-content\/uploads\/2018\/11\/DSC_0782.jpg 501w, https:\/\/anoticiaonline.com.br\/site\/wp-content\/uploads\/2018\/11\/DSC_0782-200x300.jpg 200w\" sizes=\"(max-width: 501px) 100vw, 501px\" \/><\/a> <a href=\"https:\/\/anoticiaonline.com.br\/site\/wp-content\/uploads\/2018\/11\/DSC_0786.jpg\"><img loading=\"lazy\" decoding=\"async\" class=\"alignnone size-full wp-image-64948\" src=\"https:\/\/anoticiaonline.com.br\/site\/wp-content\/uploads\/2018\/11\/DSC_0786.jpg\" alt=\"\" width=\"501\" height=\"750\" srcset=\"https:\/\/anoticiaonline.com.br\/site\/wp-content\/uploads\/2018\/11\/DSC_0786.jpg 501w, https:\/\/anoticiaonline.com.br\/site\/wp-content\/uploads\/2018\/11\/DSC_0786-200x300.jpg 200w\" sizes=\"(max-width: 501px) 100vw, 501px\" \/><\/a> <a href=\"https:\/\/anoticiaonline.com.br\/site\/wp-content\/uploads\/2018\/11\/DSC_0790.jpg\"><img loading=\"lazy\" decoding=\"async\" class=\"alignnone size-full wp-image-64949\" src=\"https:\/\/anoticiaonline.com.br\/site\/wp-content\/uploads\/2018\/11\/DSC_0790.jpg\" alt=\"\" width=\"501\" height=\"750\" srcset=\"https:\/\/anoticiaonline.com.br\/site\/wp-content\/uploads\/2018\/11\/DSC_0790.jpg 501w, https:\/\/anoticiaonline.com.br\/site\/wp-content\/uploads\/2018\/11\/DSC_0790-200x300.jpg 200w\" sizes=\"(max-width: 501px) 100vw, 501px\" \/><\/a> <a href=\"https:\/\/anoticiaonline.com.br\/site\/wp-content\/uploads\/2018\/11\/DSC_0792.jpg\"><img loading=\"lazy\" decoding=\"async\" class=\"alignnone size-full wp-image-64950\" src=\"https:\/\/anoticiaonline.com.br\/site\/wp-content\/uploads\/2018\/11\/DSC_0792.jpg\" alt=\"\" width=\"501\" height=\"750\" srcset=\"https:\/\/anoticiaonline.com.br\/site\/wp-content\/uploads\/2018\/11\/DSC_0792.jpg 501w, https:\/\/anoticiaonline.com.br\/site\/wp-content\/uploads\/2018\/11\/DSC_0792-200x300.jpg 200w\" sizes=\"(max-width: 501px) 100vw, 501px\" \/><\/a> <a href=\"https:\/\/anoticiaonline.com.br\/site\/wp-content\/uploads\/2018\/11\/DSC_0799.jpg\"><img loading=\"lazy\" decoding=\"async\" class=\"alignnone size-full wp-image-64951\" src=\"https:\/\/anoticiaonline.com.br\/site\/wp-content\/uploads\/2018\/11\/DSC_0799.jpg\" alt=\"\" width=\"501\" height=\"750\" srcset=\"https:\/\/anoticiaonline.com.br\/site\/wp-content\/uploads\/2018\/11\/DSC_0799.jpg 501w, https:\/\/anoticiaonline.com.br\/site\/wp-content\/uploads\/2018\/11\/DSC_0799-200x300.jpg 200w\" sizes=\"(max-width: 501px) 100vw, 501px\" \/><\/a> <a href=\"https:\/\/anoticiaonline.com.br\/site\/wp-content\/uploads\/2018\/11\/DSC_0803-2.jpg\"><img loading=\"lazy\" decoding=\"async\" class=\"alignnone size-full wp-image-64952\" src=\"https:\/\/anoticiaonline.com.br\/site\/wp-content\/uploads\/2018\/11\/DSC_0803-2.jpg\" alt=\"\" width=\"501\" height=\"750\" srcset=\"https:\/\/anoticiaonline.com.br\/site\/wp-content\/uploads\/2018\/11\/DSC_0803-2.jpg 501w, https:\/\/anoticiaonline.com.br\/site\/wp-content\/uploads\/2018\/11\/DSC_0803-2-200x300.jpg 200w\" sizes=\"(max-width: 501px) 100vw, 501px\" \/><\/a> <a href=\"https:\/\/anoticiaonline.com.br\/site\/wp-content\/uploads\/2018\/11\/DSC_0807.jpg\"><img loading=\"lazy\" decoding=\"async\" class=\"alignnone size-full wp-image-64953\" src=\"https:\/\/anoticiaonline.com.br\/site\/wp-content\/uploads\/2018\/11\/DSC_0807.jpg\" alt=\"\" width=\"501\" height=\"750\" srcset=\"https:\/\/anoticiaonline.com.br\/site\/wp-content\/uploads\/2018\/11\/DSC_0807.jpg 501w, https:\/\/anoticiaonline.com.br\/site\/wp-content\/uploads\/2018\/11\/DSC_0807-200x300.jpg 200w\" sizes=\"(max-width: 501px) 100vw, 501px\" \/><\/a> <a href=\"https:\/\/anoticiaonline.com.br\/site\/wp-content\/uploads\/2018\/11\/DSC_0813.jpg\"><img loading=\"lazy\" decoding=\"async\" class=\"alignnone size-full wp-image-64954\" src=\"https:\/\/anoticiaonline.com.br\/site\/wp-content\/uploads\/2018\/11\/DSC_0813.jpg\" alt=\"\" width=\"501\" height=\"750\" srcset=\"https:\/\/anoticiaonline.com.br\/site\/wp-content\/uploads\/2018\/11\/DSC_0813.jpg 501w, https:\/\/anoticiaonline.com.br\/site\/wp-content\/uploads\/2018\/11\/DSC_0813-200x300.jpg 200w\" sizes=\"(max-width: 501px) 100vw, 501px\" \/><\/a><\/p>\n","protected":false},"excerpt":{"rendered":"<p>A loja Pro Fitness marcou presen\u00e7a no Minas Fashion Days, desfile beneficente em prol da Obra Unida Lar Ozanam, que aconteceu na quarta-feira (14), no Cristo Redentor de Muria\u00e9, com a presen\u00e7a dos atores Tha\u00e9rcio Ribeiro e Ana Isabela Godinho. Na ocasi\u00e3o, a marca apresentou as \u00faltimas novidades em moda fitness, tanto para quem curte &#8230; <a title=\"Pro Fitness marca presen\u00e7a no Minas Fashion Days\" class=\"read-more\" href=\"https:\/\/anoticiaonline.com.br\/site\/pro-fitness-marca-presenca-no-minas-fashion-days\/\" aria-label=\"Read more about Pro Fitness marca presen\u00e7a no Minas Fashion Days\">Ler mais<\/a><\/p>\n","protected":false},"author":2,"featured_media":64938,"comment_status":"open","ping_status":"open","sticky":false,"template":"","format":"standard","meta":{"_acf_changed":false,"_monsterinsights_skip_tracking":false,"footnotes":""},"categories":[30],"tags":[2341,1083,490,74,3439],"class_list":["post-64935","post","type-post","status-publish","format-standard","has-post-thumbnail","hentry","category-muriae","tag-cristo-redentor","tag-desfile","tag-moda","tag-muriae","tag-pro-fitness"],"acf":[],"aioseo_notices":[],"aioseo_head":"\n\t\t<!-- All in One SEO 5.0.0.1 - aioseo.com -->\n\t<meta name=\"description\" content=\"A loja Pro Fitness marcou presen\u00e7a no Minas Fashion Days, desfile beneficente em prol da Obra Unida Lar Ozanam, que aconteceu na quarta-feira (14), no Cristo Redentor de Muria\u00e9, com a presen\u00e7a dos atores Tha\u00e9rcio Ribeiro e Ana Isabela Godinho. Na ocasi\u00e3o, a marca apresentou as \u00faltimas novidades em moda fitness, tanto para quem curte\" \/>\n\t<meta name=\"robots\" content=\"max-image-preview:large\" \/>\n\t<meta name=\"author\" content=\"Juliana Laviola\"\/>\n\t<link rel=\"canonical\" href=\"https:\/\/anoticiaonline.com.br\/site\/pro-fitness-marca-presenca-no-minas-fashion-days\/\" \/>\n\t<meta name=\"generator\" content=\"All in One SEO (AIOSEO) 5.0.0.1\" \/>\n\t\t<meta property=\"og:locale\" content=\"pt_BR\" \/>\n\t\t<meta property=\"og:site_name\" content=\"A Not\u00edcia Online - Noticias de Muria\u00e9 e regi\u00e3o\" \/>\n\t\t<meta property=\"og:type\" content=\"article\" \/>\n\t\t<meta property=\"og:title\" content=\"Pro Fitness marca presen\u00e7a no Minas Fashion Days - A Not\u00edcia Online\" \/>\n\t\t<meta property=\"og:description\" content=\"A loja Pro Fitness marcou presen\u00e7a no Minas Fashion Days, desfile beneficente em prol da Obra Unida Lar Ozanam, que aconteceu na quarta-feira (14), no Cristo Redentor de Muria\u00e9, com a presen\u00e7a dos atores Tha\u00e9rcio Ribeiro e Ana Isabela Godinho. Na ocasi\u00e3o, a marca apresentou as \u00faltimas novidades em moda fitness, tanto para quem curte\" \/>\n\t\t<meta property=\"og:url\" content=\"https:\/\/anoticiaonline.com.br\/site\/pro-fitness-marca-presenca-no-minas-fashion-days\/\" \/>\n\t\t<meta property=\"og:image\" content=\"https:\/\/scontent-gig4-1.xx.fbcdn.net\/v\/t39.30808-1\/270437624_4564083193639691_6907940295614233970_n.jpg?stp=dst-jpg_s200x200_tt6&#038;_nc_cat=111&#038;ccb=1-7&#038;_nc_sid=f907e8&#038;_nc_ohc=SM1wRlP3lJwQ7kNvwEPuBYA&#038;_nc_oc=AdnqrjDN_BNjSSHWO-GbkIWH6fkGMLw4bqvL_NH6e2wMveX7G-rP2dAqsDSq1mJMOaY&#038;_nc_zt=24&#038;_nc_ht=scontent-gig4-1.xx&#038;_nc_gid=AoBFJeGrT1hVaew_6rchkQ&#038;oh=00_AfX7QmFGhQhG2jAllVgXCiM1ZrWgvtp80-Bfppyexh1QEg&#038;oe=689E923C\" \/>\n\t\t<meta property=\"og:image:secure_url\" content=\"https:\/\/scontent-gig4-1.xx.fbcdn.net\/v\/t39.30808-1\/270437624_4564083193639691_6907940295614233970_n.jpg?stp=dst-jpg_s200x200_tt6&#038;_nc_cat=111&#038;ccb=1-7&#038;_nc_sid=f907e8&#038;_nc_ohc=SM1wRlP3lJwQ7kNvwEPuBYA&#038;_nc_oc=AdnqrjDN_BNjSSHWO-GbkIWH6fkGMLw4bqvL_NH6e2wMveX7G-rP2dAqsDSq1mJMOaY&#038;_nc_zt=24&#038;_nc_ht=scontent-gig4-1.xx&#038;_nc_gid=AoBFJeGrT1hVaew_6rchkQ&#038;oh=00_AfX7QmFGhQhG2jAllVgXCiM1ZrWgvtp80-Bfppyexh1QEg&#038;oe=689E923C\" \/>\n\t\t<meta property=\"article:published_time\" content=\"2018-11-22T22:53:46+00:00\" \/>\n\t\t<meta property=\"article:modified_time\" content=\"2018-11-26T12:14:58+00:00\" \/>\n\t\t<meta name=\"twitter:card\" content=\"summary_large_image\" \/>\n\t\t<meta name=\"twitter:title\" content=\"Pro Fitness marca presen\u00e7a no Minas Fashion Days - A Not\u00edcia Online\" \/>\n\t\t<meta name=\"twitter:description\" content=\"A loja Pro Fitness marcou presen\u00e7a no Minas Fashion Days, desfile beneficente em prol da Obra Unida Lar Ozanam, que aconteceu na quarta-feira (14), no Cristo Redentor de Muria\u00e9, com a presen\u00e7a dos atores Tha\u00e9rcio Ribeiro e Ana Isabela Godinho. Na ocasi\u00e3o, a marca apresentou as \u00faltimas novidades em moda fitness, tanto para quem curte\" \/>\n\t\t<meta name=\"twitter:image\" content=\"https:\/\/scontent-gig4-1.xx.fbcdn.net\/v\/t39.30808-1\/270437624_4564083193639691_6907940295614233970_n.jpg?stp=dst-jpg_s200x200_tt6&amp;_nc_cat=111&amp;ccb=1-7&amp;_nc_sid=f907e8&amp;_nc_ohc=SM1wRlP3lJwQ7kNvwEPuBYA&amp;_nc_oc=AdnqrjDN_BNjSSHWO-GbkIWH6fkGMLw4bqvL_NH6e2wMveX7G-rP2dAqsDSq1mJMOaY&amp;_nc_zt=24&amp;_nc_ht=scontent-gig4-1.xx&amp;_nc_gid=AoBFJeGrT1hVaew_6rchkQ&amp;oh=00_AfX7QmFGhQhG2jAllVgXCiM1ZrWgvtp80-Bfppyexh1QEg&amp;oe=689E923C\" \/>\n\t\t<script type=\"application\/ld+json\" class=\"aioseo-schema\">\n\t\t\t{\"@context\":\"https:\\\/\\\/schema.org\",\"@graph\":[{\"@type\":\"BlogPosting\",\"@id\":\"https:\\\/\\\/anoticiaonline.com.br\\\/site\\\/pro-fitness-marca-presenca-no-minas-fashion-days\\\/#blogposting\",\"name\":\"Pro Fitness marca presen\\u00e7a no Minas Fashion Days - A Not\\u00edcia Online\",\"headline\":\"Pro Fitness marca presen\\u00e7a no Minas Fashion Days\",\"author\":{\"@id\":\"https:\\\/\\\/anoticiaonline.com.br\\\/site\\\/author\\\/juliana\\\/#author\"},\"publisher\":{\"@id\":\"https:\\\/\\\/anoticiaonline.com.br\\\/site\\\/#organization\"},\"image\":{\"@type\":\"ImageObject\",\"url\":\"https:\\\/\\\/anoticiaonline.com.br\\\/site\\\/wp-content\\\/uploads\\\/2018\\\/11\\\/capa-pro.jpg\",\"width\":1000,\"height\":350},\"datePublished\":\"2018-11-22T19:53:46-03:00\",\"dateModified\":\"2018-11-26T09:14:58-03:00\",\"inLanguage\":\"pt-BR\",\"mainEntityOfPage\":{\"@id\":\"https:\\\/\\\/anoticiaonline.com.br\\\/site\\\/pro-fitness-marca-presenca-no-minas-fashion-days\\\/#webpage\"},\"isPartOf\":{\"@id\":\"https:\\\/\\\/anoticiaonline.com.br\\\/site\\\/pro-fitness-marca-presenca-no-minas-fashion-days\\\/#webpage\"},\"articleSection\":\"Blog, cristo redentor, desfile, moda, Muria\\u00e9, pro fitness\"},{\"@type\":\"BreadcrumbList\",\"@id\":\"https:\\\/\\\/anoticiaonline.com.br\\\/site\\\/pro-fitness-marca-presenca-no-minas-fashion-days\\\/#breadcrumblist\",\"itemListElement\":[{\"@type\":\"ListItem\",\"@id\":\"https:\\\/\\\/anoticiaonline.com.br\\\/site#listItem\",\"position\":1,\"name\":\"Home\",\"item\":\"https:\\\/\\\/anoticiaonline.com.br\\\/site\",\"nextItem\":{\"@type\":\"ListItem\",\"@id\":\"https:\\\/\\\/anoticiaonline.com.br\\\/site\\\/categoria\\\/muriae\\\/#listItem\",\"name\":\"Blog\"}},{\"@type\":\"ListItem\",\"@id\":\"https:\\\/\\\/anoticiaonline.com.br\\\/site\\\/categoria\\\/muriae\\\/#listItem\",\"position\":2,\"name\":\"Blog\",\"item\":\"https:\\\/\\\/anoticiaonline.com.br\\\/site\\\/categoria\\\/muriae\\\/\",\"nextItem\":{\"@type\":\"ListItem\",\"@id\":\"https:\\\/\\\/anoticiaonline.com.br\\\/site\\\/pro-fitness-marca-presenca-no-minas-fashion-days\\\/#listItem\",\"name\":\"Pro Fitness marca presen\\u00e7a no Minas Fashion Days\"},\"previousItem\":{\"@type\":\"ListItem\",\"@id\":\"https:\\\/\\\/anoticiaonline.com.br\\\/site#listItem\",\"name\":\"Home\"}},{\"@type\":\"ListItem\",\"@id\":\"https:\\\/\\\/anoticiaonline.com.br\\\/site\\\/pro-fitness-marca-presenca-no-minas-fashion-days\\\/#listItem\",\"position\":3,\"name\":\"Pro Fitness marca presen\\u00e7a no Minas Fashion Days\",\"previousItem\":{\"@type\":\"ListItem\",\"@id\":\"https:\\\/\\\/anoticiaonline.com.br\\\/site\\\/categoria\\\/muriae\\\/#listItem\",\"name\":\"Blog\"}}]},{\"@type\":\"Organization\",\"@id\":\"https:\\\/\\\/anoticiaonline.com.br\\\/site\\\/#organization\",\"name\":\"A Not\\u00edcia Online\",\"description\":\"Noticias de Muria\\u00e9 e regi\\u00e3o\",\"url\":\"https:\\\/\\\/anoticiaonline.com.br\\\/site\\\/\",\"logo\":{\"@type\":\"ImageObject\",\"url\":\"https:\\\/\\\/scontent-gig4-1.xx.fbcdn.net\\\/v\\\/t39.30808-1\\\/270437624_4564083193639691_6907940295614233970_n.jpg?stp=dst-jpg_s200x200_tt6&_nc_cat=111&ccb=1-7&_nc_sid=f907e8&_nc_ohc=SM1wRlP3lJwQ7kNvwEPuBYA&_nc_oc=AdnqrjDN_BNjSSHWO-GbkIWH6fkGMLw4bqvL_NH6e2wMveX7G-rP2dAqsDSq1mJMOaY&_nc_zt=24&_nc_ht=scontent-gig4-1.xx&_nc_gid=AoBFJeGrT1hVaew_6rchkQ&oh=00_AfX7QmFGhQhG2jAllVgXCiM1ZrWgvtp80-Bfppyexh1QEg&oe=689E923C\",\"@id\":\"https:\\\/\\\/anoticiaonline.com.br\\\/site\\\/pro-fitness-marca-presenca-no-minas-fashion-days\\\/#organizationLogo\"},\"image\":{\"@id\":\"https:\\\/\\\/anoticiaonline.com.br\\\/site\\\/pro-fitness-marca-presenca-no-minas-fashion-days\\\/#organizationLogo\"}},{\"@type\":\"Person\",\"@id\":\"https:\\\/\\\/anoticiaonline.com.br\\\/site\\\/author\\\/juliana\\\/#author\",\"url\":\"https:\\\/\\\/anoticiaonline.com.br\\\/site\\\/author\\\/juliana\\\/\",\"name\":\"Juliana Laviola\",\"image\":{\"@type\":\"ImageObject\",\"@id\":\"https:\\\/\\\/anoticiaonline.com.br\\\/site\\\/pro-fitness-marca-presenca-no-minas-fashion-days\\\/#authorImage\",\"url\":\"https:\\\/\\\/secure.gravatar.com\\\/avatar\\\/b8d45f5c699b100dfaf0e543582f38f38bf94cb7ae3a5e9abf8d891a34773335?s=96&d=mm&r=g\",\"width\":96,\"height\":96,\"caption\":\"Juliana Laviola\"}},{\"@type\":\"WebPage\",\"@id\":\"https:\\\/\\\/anoticiaonline.com.br\\\/site\\\/pro-fitness-marca-presenca-no-minas-fashion-days\\\/#webpage\",\"url\":\"https:\\\/\\\/anoticiaonline.com.br\\\/site\\\/pro-fitness-marca-presenca-no-minas-fashion-days\\\/\",\"name\":\"Pro Fitness marca presen\\u00e7a no Minas Fashion Days - A Not\\u00edcia Online\",\"description\":\"A loja Pro Fitness marcou presen\\u00e7a no Minas Fashion Days, desfile beneficente em prol da Obra Unida Lar Ozanam, que aconteceu na quarta-feira (14), no Cristo Redentor de Muria\\u00e9, com a presen\\u00e7a dos atores Tha\\u00e9rcio Ribeiro e Ana Isabela Godinho. Na ocasi\\u00e3o, a marca apresentou as \\u00faltimas novidades em moda fitness, tanto para quem curte\",\"inLanguage\":\"pt-BR\",\"isPartOf\":{\"@id\":\"https:\\\/\\\/anoticiaonline.com.br\\\/site\\\/#website\"},\"breadcrumb\":{\"@id\":\"https:\\\/\\\/anoticiaonline.com.br\\\/site\\\/pro-fitness-marca-presenca-no-minas-fashion-days\\\/#breadcrumblist\"},\"author\":{\"@id\":\"https:\\\/\\\/anoticiaonline.com.br\\\/site\\\/author\\\/juliana\\\/#author\"},\"creator\":{\"@id\":\"https:\\\/\\\/anoticiaonline.com.br\\\/site\\\/author\\\/juliana\\\/#author\"},\"image\":{\"@type\":\"ImageObject\",\"url\":\"https:\\\/\\\/anoticiaonline.com.br\\\/site\\\/wp-content\\\/uploads\\\/2018\\\/11\\\/capa-pro.jpg\",\"@id\":\"https:\\\/\\\/anoticiaonline.com.br\\\/site\\\/pro-fitness-marca-presenca-no-minas-fashion-days\\\/#mainImage\",\"width\":1000,\"height\":350},\"primaryImageOfPage\":{\"@id\":\"https:\\\/\\\/anoticiaonline.com.br\\\/site\\\/pro-fitness-marca-presenca-no-minas-fashion-days\\\/#mainImage\"},\"datePublished\":\"2018-11-22T19:53:46-03:00\",\"dateModified\":\"2018-11-26T09:14:58-03:00\"},{\"@type\":\"WebSite\",\"@id\":\"https:\\\/\\\/anoticiaonline.com.br\\\/site\\\/#website\",\"url\":\"https:\\\/\\\/anoticiaonline.com.br\\\/site\\\/\",\"name\":\"A Not\\u00edcia Online\",\"description\":\"Noticias de Muria\\u00e9 e regi\\u00e3o\",\"inLanguage\":\"pt-BR\",\"publisher\":{\"@id\":\"https:\\\/\\\/anoticiaonline.com.br\\\/site\\\/#organization\"}}]}\n\t\t<\/script>\n\t\t<!-- All in One SEO -->\n\n","aioseo_head_json":{"title":"Pro Fitness marca presen\u00e7a no Minas Fashion Days - A Not\u00edcia Online","description":"A loja Pro Fitness marcou presen\u00e7a no Minas Fashion Days, desfile beneficente em prol da Obra Unida Lar Ozanam, que aconteceu na quarta-feira (14), no Cristo Redentor de Muria\u00e9, com a presen\u00e7a dos atores Tha\u00e9rcio Ribeiro e Ana Isabela Godinho. Na ocasi\u00e3o, a marca apresentou as \u00faltimas novidades em moda fitness, tanto para quem curte","canonical_url":"https:\/\/anoticiaonline.com.br\/site\/pro-fitness-marca-presenca-no-minas-fashion-days\/","robots":"max-image-preview:large","keywords":"","webmasterTools":{"miscellaneous":""},"schema":{"@context":"https:\/\/schema.org","@graph":[{"@type":"BlogPosting","@id":"https:\/\/anoticiaonline.com.br\/site\/pro-fitness-marca-presenca-no-minas-fashion-days\/#blogposting","name":"Pro Fitness marca presen\u00e7a no Minas Fashion Days - A Not\u00edcia Online","headline":"Pro Fitness marca presen\u00e7a no Minas Fashion Days","author":{"@id":"https:\/\/anoticiaonline.com.br\/site\/author\/juliana\/#author"},"publisher":{"@id":"https:\/\/anoticiaonline.com.br\/site\/#organization"},"image":{"@type":"ImageObject","url":"https:\/\/anoticiaonline.com.br\/site\/wp-content\/uploads\/2018\/11\/capa-pro.jpg","width":1000,"height":350},"datePublished":"2018-11-22T19:53:46-03:00","dateModified":"2018-11-26T09:14:58-03:00","inLanguage":"pt-BR","mainEntityOfPage":{"@id":"https:\/\/anoticiaonline.com.br\/site\/pro-fitness-marca-presenca-no-minas-fashion-days\/#webpage"},"isPartOf":{"@id":"https:\/\/anoticiaonline.com.br\/site\/pro-fitness-marca-presenca-no-minas-fashion-days\/#webpage"},"articleSection":"Blog, cristo redentor, desfile, moda, Muria\u00e9, pro fitness"},{"@type":"BreadcrumbList","@id":"https:\/\/anoticiaonline.com.br\/site\/pro-fitness-marca-presenca-no-minas-fashion-days\/#breadcrumblist","itemListElement":[{"@type":"ListItem","@id":"https:\/\/anoticiaonline.com.br\/site#listItem","position":1,"name":"Home","item":"https:\/\/anoticiaonline.com.br\/site","nextItem":{"@type":"ListItem","@id":"https:\/\/anoticiaonline.com.br\/site\/categoria\/muriae\/#listItem","name":"Blog"}},{"@type":"ListItem","@id":"https:\/\/anoticiaonline.com.br\/site\/categoria\/muriae\/#listItem","position":2,"name":"Blog","item":"https:\/\/anoticiaonline.com.br\/site\/categoria\/muriae\/","nextItem":{"@type":"ListItem","@id":"https:\/\/anoticiaonline.com.br\/site\/pro-fitness-marca-presenca-no-minas-fashion-days\/#listItem","name":"Pro Fitness marca presen\u00e7a no Minas Fashion Days"},"previousItem":{"@type":"ListItem","@id":"https:\/\/anoticiaonline.com.br\/site#listItem","name":"Home"}},{"@type":"ListItem","@id":"https:\/\/anoticiaonline.com.br\/site\/pro-fitness-marca-presenca-no-minas-fashion-days\/#listItem","position":3,"name":"Pro Fitness marca presen\u00e7a no Minas Fashion Days","previousItem":{"@type":"ListItem","@id":"https:\/\/anoticiaonline.com.br\/site\/categoria\/muriae\/#listItem","name":"Blog"}}]},{"@type":"Organization","@id":"https:\/\/anoticiaonline.com.br\/site\/#organization","name":"A Not\u00edcia Online","description":"Noticias de Muria\u00e9 e regi\u00e3o","url":"https:\/\/anoticiaonline.com.br\/site\/","logo":{"@type":"ImageObject","url":"https:\/\/scontent-gig4-1.xx.fbcdn.net\/v\/t39.30808-1\/270437624_4564083193639691_6907940295614233970_n.jpg?stp=dst-jpg_s200x200_tt6&_nc_cat=111&ccb=1-7&_nc_sid=f907e8&_nc_ohc=SM1wRlP3lJwQ7kNvwEPuBYA&_nc_oc=AdnqrjDN_BNjSSHWO-GbkIWH6fkGMLw4bqvL_NH6e2wMveX7G-rP2dAqsDSq1mJMOaY&_nc_zt=24&_nc_ht=scontent-gig4-1.xx&_nc_gid=AoBFJeGrT1hVaew_6rchkQ&oh=00_AfX7QmFGhQhG2jAllVgXCiM1ZrWgvtp80-Bfppyexh1QEg&oe=689E923C","@id":"https:\/\/anoticiaonline.com.br\/site\/pro-fitness-marca-presenca-no-minas-fashion-days\/#organizationLogo"},"image":{"@id":"https:\/\/anoticiaonline.com.br\/site\/pro-fitness-marca-presenca-no-minas-fashion-days\/#organizationLogo"}},{"@type":"Person","@id":"https:\/\/anoticiaonline.com.br\/site\/author\/juliana\/#author","url":"https:\/\/anoticiaonline.com.br\/site\/author\/juliana\/","name":"Juliana Laviola","image":{"@type":"ImageObject","@id":"https:\/\/anoticiaonline.com.br\/site\/pro-fitness-marca-presenca-no-minas-fashion-days\/#authorImage","url":"https:\/\/secure.gravatar.com\/avatar\/b8d45f5c699b100dfaf0e543582f38f38bf94cb7ae3a5e9abf8d891a34773335?s=96&d=mm&r=g","width":96,"height":96,"caption":"Juliana Laviola"}},{"@type":"WebPage","@id":"https:\/\/anoticiaonline.com.br\/site\/pro-fitness-marca-presenca-no-minas-fashion-days\/#webpage","url":"https:\/\/anoticiaonline.com.br\/site\/pro-fitness-marca-presenca-no-minas-fashion-days\/","name":"Pro Fitness marca presen\u00e7a no Minas Fashion Days - A Not\u00edcia Online","description":"A loja Pro Fitness marcou presen\u00e7a no Minas Fashion Days, desfile beneficente em prol da Obra Unida Lar Ozanam, que aconteceu na quarta-feira (14), no Cristo Redentor de Muria\u00e9, com a presen\u00e7a dos atores Tha\u00e9rcio Ribeiro e Ana Isabela Godinho. Na ocasi\u00e3o, a marca apresentou as \u00faltimas novidades em moda fitness, tanto para quem curte","inLanguage":"pt-BR","isPartOf":{"@id":"https:\/\/anoticiaonline.com.br\/site\/#website"},"breadcrumb":{"@id":"https:\/\/anoticiaonline.com.br\/site\/pro-fitness-marca-presenca-no-minas-fashion-days\/#breadcrumblist"},"author":{"@id":"https:\/\/anoticiaonline.com.br\/site\/author\/juliana\/#author"},"creator":{"@id":"https:\/\/anoticiaonline.com.br\/site\/author\/juliana\/#author"},"image":{"@type":"ImageObject","url":"https:\/\/anoticiaonline.com.br\/site\/wp-content\/uploads\/2018\/11\/capa-pro.jpg","@id":"https:\/\/anoticiaonline.com.br\/site\/pro-fitness-marca-presenca-no-minas-fashion-days\/#mainImage","width":1000,"height":350},"primaryImageOfPage":{"@id":"https:\/\/anoticiaonline.com.br\/site\/pro-fitness-marca-presenca-no-minas-fashion-days\/#mainImage"},"datePublished":"2018-11-22T19:53:46-03:00","dateModified":"2018-11-26T09:14:58-03:00"},{"@type":"WebSite","@id":"https:\/\/anoticiaonline.com.br\/site\/#website","url":"https:\/\/anoticiaonline.com.br\/site\/","name":"A Not\u00edcia Online","description":"Noticias de Muria\u00e9 e regi\u00e3o","inLanguage":"pt-BR","publisher":{"@id":"https:\/\/anoticiaonline.com.br\/site\/#organization"}}]},"og:locale":"pt_BR","og:site_name":"A Not\u00edcia Online - Noticias de Muria\u00e9 e regi\u00e3o","og:type":"article","og:title":"Pro Fitness marca presen\u00e7a no Minas Fashion Days - A Not\u00edcia Online","og:description":"A loja Pro Fitness marcou presen\u00e7a no Minas Fashion Days, desfile beneficente em prol da Obra Unida Lar Ozanam, que aconteceu na quarta-feira (14), no Cristo Redentor de Muria\u00e9, com a presen\u00e7a dos atores Tha\u00e9rcio Ribeiro e Ana Isabela Godinho. Na ocasi\u00e3o, a marca apresentou as \u00faltimas novidades em moda fitness, tanto para quem curte","og:url":"https:\/\/anoticiaonline.com.br\/site\/pro-fitness-marca-presenca-no-minas-fashion-days\/","og:image":"https:\/\/scontent-gig4-1.xx.fbcdn.net\/v\/t39.30808-1\/270437624_4564083193639691_6907940295614233970_n.jpg?stp=dst-jpg_s200x200_tt6&#038;_nc_cat=111&#038;ccb=1-7&#038;_nc_sid=f907e8&#038;_nc_ohc=SM1wRlP3lJwQ7kNvwEPuBYA&#038;_nc_oc=AdnqrjDN_BNjSSHWO-GbkIWH6fkGMLw4bqvL_NH6e2wMveX7G-rP2dAqsDSq1mJMOaY&#038;_nc_zt=24&#038;_nc_ht=scontent-gig4-1.xx&#038;_nc_gid=AoBFJeGrT1hVaew_6rchkQ&#038;oh=00_AfX7QmFGhQhG2jAllVgXCiM1ZrWgvtp80-Bfppyexh1QEg&#038;oe=689E923C","og:image:secure_url":"https:\/\/scontent-gig4-1.xx.fbcdn.net\/v\/t39.30808-1\/270437624_4564083193639691_6907940295614233970_n.jpg?stp=dst-jpg_s200x200_tt6&#038;_nc_cat=111&#038;ccb=1-7&#038;_nc_sid=f907e8&#038;_nc_ohc=SM1wRlP3lJwQ7kNvwEPuBYA&#038;_nc_oc=AdnqrjDN_BNjSSHWO-GbkIWH6fkGMLw4bqvL_NH6e2wMveX7G-rP2dAqsDSq1mJMOaY&#038;_nc_zt=24&#038;_nc_ht=scontent-gig4-1.xx&#038;_nc_gid=AoBFJeGrT1hVaew_6rchkQ&#038;oh=00_AfX7QmFGhQhG2jAllVgXCiM1ZrWgvtp80-Bfppyexh1QEg&#038;oe=689E923C","article:published_time":"2018-11-22T22:53:46+00:00","article:modified_time":"2018-11-26T12:14:58+00:00","twitter:card":"summary_large_image","twitter:title":"Pro Fitness marca presen\u00e7a no Minas Fashion Days - A Not\u00edcia Online","twitter:description":"A loja Pro Fitness marcou presen\u00e7a no Minas Fashion Days, desfile beneficente em prol da Obra Unida Lar Ozanam, que aconteceu na quarta-feira (14), no Cristo Redentor de Muria\u00e9, com a presen\u00e7a dos atores Tha\u00e9rcio Ribeiro e Ana Isabela Godinho. Na ocasi\u00e3o, a marca apresentou as \u00faltimas novidades em moda fitness, tanto para quem curte","twitter:image":"https:\/\/scontent-gig4-1.xx.fbcdn.net\/v\/t39.30808-1\/270437624_4564083193639691_6907940295614233970_n.jpg?stp=dst-jpg_s200x200_tt6&_nc_cat=111&ccb=1-7&_nc_sid=f907e8&_nc_ohc=SM1wRlP3lJwQ7kNvwEPuBYA&_nc_oc=AdnqrjDN_BNjSSHWO-GbkIWH6fkGMLw4bqvL_NH6e2wMveX7G-rP2dAqsDSq1mJMOaY&_nc_zt=24&_nc_ht=scontent-gig4-1.xx&_nc_gid=AoBFJeGrT1hVaew_6rchkQ&oh=00_AfX7QmFGhQhG2jAllVgXCiM1ZrWgvtp80-Bfppyexh1QEg&oe=689E923C"},"aioseo_meta_data":{"post_id":"64935","title":null,"description":null,"keywords":null,"keyphrases":null,"primary_term":null,"canonical_url":null,"og_title":null,"og_description":null,"og_object_type":"default","og_image_type":"default","og_image_url":null,"og_image_width":null,"og_image_height":null,"og_image_custom_url":null,"og_image_custom_fields":null,"og_video":null,"og_custom_url":null,"og_article_section":null,"og_article_tags":null,"twitter_use_og":false,"twitter_card":"default","twitter_image_type":"default","twitter_image_url":null,"twitter_image_custom_url":null,"twitter_image_custom_fields":null,"twitter_title":null,"twitter_description":null,"schema":{"blockGraphs":[],"customGraphs":[],"default":{"data":{"Article":[],"Course":[],"Dataset":[],"FAQPage":[],"Movie":[],"Person":[],"Product":[],"ProductReview":[],"Car":[],"Recipe":[],"Service":[],"SoftwareApplication":[],"WebPage":[]},"graphName":"","isEnabled":true},"graphs":[]},"schema_type":"default","schema_type_options":null,"pillar_content":false,"robots_default":true,"robots_noindex":false,"robots_noarchive":false,"robots_nosnippet":false,"robots_nofollow":false,"robots_noimageindex":false,"robots_noodp":false,"robots_notranslate":false,"robots_max_snippet":null,"robots_max_videopreview":null,"robots_max_imagepreview":"large","priority":null,"frequency":null,"local_seo":null,"breadcrumb_settings":null,"limit_modified_date":false,"ai":null,"created":"2025-08-16 22:15:04","updated":"2025-08-16 22:15:04","focus_keyword":null,"additional_keywords":null,"truseo_locale":null,"seo_analyzer_scan_date":null},"aioseo_breadcrumb":"<div class=\"aioseo-breadcrumbs\"><span class=\"aioseo-breadcrumb\">\n\t\t\t<a href=\"https:\/\/anoticiaonline.com.br\/site\" title=\"Home\">Home<\/a>\n\t\t<\/span><span class=\"aioseo-breadcrumb-separator\">&raquo;<\/span><span class=\"aioseo-breadcrumb\">\n\t\t\t<a href=\"https:\/\/anoticiaonline.com.br\/site\/categoria\/muriae\/\" title=\"Blog\">Blog<\/a>\n\t\t<\/span><span class=\"aioseo-breadcrumb-separator\">&raquo;<\/span><span class=\"aioseo-breadcrumb\">\n\t\t\tPro Fitness marca presen\u00e7a no Minas Fashion Days\n\t\t<\/span><\/div>","aioseo_breadcrumb_json":[{"label":"Home","link":"https:\/\/anoticiaonline.com.br\/site"},{"label":"Blog","link":"https:\/\/anoticiaonline.com.br\/site\/categoria\/muriae\/"},{"label":"Pro Fitness marca presen\u00e7a no Minas Fashion Days","link":"https:\/\/anoticiaonline.com.br\/site\/pro-fitness-marca-presenca-no-minas-fashion-days\/"}],"views":126,"_links":{"self":[{"href":"https:\/\/anoticiaonline.com.br\/site\/wp-json\/wp\/v2\/posts\/64935","targetHints":{"allow":["GET"]}}],"collection":[{"href":"https:\/\/anoticiaonline.com.br\/site\/wp-json\/wp\/v2\/posts"}],"about":[{"href":"https:\/\/anoticiaonline.com.br\/site\/wp-json\/wp\/v2\/types\/post"}],"author":[{"embeddable":true,"href":"https:\/\/anoticiaonline.com.br\/site\/wp-json\/wp\/v2\/users\/2"}],"replies":[{"embeddable":true,"href":"https:\/\/anoticiaonline.com.br\/site\/wp-json\/wp\/v2\/comments?post=64935"}],"version-history":[{"count":0,"href":"https:\/\/anoticiaonline.com.br\/site\/wp-json\/wp\/v2\/posts\/64935\/revisions"}],"wp:featuredmedia":[{"embeddable":true,"href":"https:\/\/anoticiaonline.com.br\/site\/wp-json\/wp\/v2\/media\/64938"}],"wp:attachment":[{"href":"https:\/\/anoticiaonline.com.br\/site\/wp-json\/wp\/v2\/media?parent=64935"}],"wp:term":[{"taxonomy":"category","embeddable":true,"href":"https:\/\/anoticiaonline.com.br\/site\/wp-json\/wp\/v2\/categories?post=64935"},{"taxonomy":"post_tag","embeddable":true,"href":"https:\/\/anoticiaonline.com.br\/site\/wp-json\/wp\/v2\/tags?post=64935"}],"curies":[{"name":"wp","href":"https:\/\/api.w.org\/{rel}","templated":true}]}}