{"id":6489,"date":"2015-11-18T14:00:09","date_gmt":"2015-11-18T17:00:09","guid":{"rendered":"http:\/\/anoticiaonline.com.br\/site\/?p=6489"},"modified":"2015-11-18T14:27:26","modified_gmt":"2015-11-18T17:27:26","slug":"mutirao-bota-fora-acontece-a-partir-de-segunda-feira-em-muriae","status":"publish","type":"post","link":"https:\/\/anoticiaonline.com.br\/site\/mutirao-bota-fora-acontece-a-partir-de-segunda-feira-em-muriae\/","title":{"rendered":"Mutir\u00e3o &#8220;Bota-Fora&#8221; acontece a partir de segunda-feira em Muria\u00e9"},"content":{"rendered":"<p><a href=\"https:\/\/anoticiaonline.com.br\/site\/wp-content\/uploads\/2015\/11\/Mutir\u00e3o-Bota-Fora-acontece-a-partir-de-segunda-feira-em-Muria\u00e9.jpg\"><img fetchpriority=\"high\" decoding=\"async\" class=\" size-medium wp-image-6490 alignleft\" src=\"https:\/\/anoticiaonline.com.br\/site\/wp-content\/uploads\/2015\/11\/Mutir\u00e3o-Bota-Fora-acontece-a-partir-de-segunda-feira-em-Muria\u00e9-300x225.jpg\" alt=\"Mutir\u00e3o Bota-Fora acontece a partir de segunda-feira em Muria\u00e9\" width=\"300\" height=\"225\" srcset=\"https:\/\/anoticiaonline.com.br\/site\/wp-content\/uploads\/2015\/11\/Mutir\u00e3o-Bota-Fora-acontece-a-partir-de-segunda-feira-em-Muria\u00e9-300x225.jpg 300w, https:\/\/anoticiaonline.com.br\/site\/wp-content\/uploads\/2015\/11\/Mutir\u00e3o-Bota-Fora-acontece-a-partir-de-segunda-feira-em-Muria\u00e9.jpg 640w\" sizes=\"(max-width: 300px) 100vw, 300px\" \/><\/a>Com a chegada do per\u00edodo de chuvas, o setor de Controle de Endemias da Secretaria Municipal de Sa\u00fade prepara a realiza\u00e7\u00e3o do mutir\u00e3o &#8220;Bota-Fora&#8221; nos bairros de Muria\u00e9. O plano de a\u00e7\u00e3o, que acontece de 23 de novembro e segue at\u00e9 23 de dezembro, tem o objetivo de promover a remo\u00e7\u00e3o de dep\u00f3sitos de \u00e1gua que possam se tornar criadouros do aedes aegypti, o mosquito transmissor da dengue.<\/p>\n<p>&#8220;\u00c9 importante a participa\u00e7\u00e3o efetiva da popula\u00e7\u00e3o, no sentido de eliminar pneus, bacias, recipientes e outros objetos que possam acumular \u00e1gua parada. O combate \u00e0 dengue \u00e9 um dever de todos n\u00f3s, e se cada um fizer a sua parte, os resultados ser\u00e3o muito melhores&#8221;, destaca o coordenador de Controle de Endemias, Ademar Pedrosa.<\/p>\n<p>O mutir\u00e3o passar\u00e1 por 44 bairros do munic\u00edpio, de acordo com o seguinte calend\u00e1rio:<\/p>\n<p>23\/11 &#8211; Santana I e II<br \/>\n24\/11 &#8211; Aeroporto e Napole\u00e3o<br \/>\n25\/11 &#8211; Cardoso de Melo e Bom Pastor<br \/>\n26\/11 &#8211; S\u00e3o Joaquim e Joan\u00f3polis<br \/>\n27\/11 &#8211; Jos\u00e9 Cirilo<br \/>\n30\/11 &#8211; Dornelas<br \/>\n01\/12 &#8211; Planalto<br \/>\n02\/12 &#8211; Arma\u00e7\u00e3o<br \/>\n03\/12 &#8211; Barra e Uni\u00e3o<br \/>\n04\/12 &#8211; Safira<br \/>\n07\/12 &#8211; Gaspar e Santa Luzia<br \/>\n08\/12 &#8211; Santa Terezinha e Porto<br \/>\n09\/12 &#8211; Vila Concei\u00e7\u00e3o e S\u00e3o Pedro (incluindo regi\u00e3o da AABB)<br \/>\n10\/12 &#8211; Chal\u00e9, Porto Belo, Inconfid\u00eancia I e II<br \/>\n11\/12 &#8211; S\u00e3o Crist\u00f3v\u00e3o<br \/>\n14\/12 &#8211; Padre Tiago (Marambaia e Vale Verde)<br \/>\n15\/12 &#8211; Ros\u00e1rio e Centro<br \/>\n16\/12 &#8211; S\u00e3o Francisco, Alto do Castelo e Vale do Castelo<br \/>\n17\/12 &#8211; Primavera, S\u00e3o Gotardo e Quinta das Flores<br \/>\n18\/12 &#8211; Jo\u00e3o XXIII e Jo\u00e3o VI<br \/>\n21\/12 &#8211; Santo Ant\u00f4nio e Pontilh\u00e3o<br \/>\n22\/12 &#8211; G\u00e1vea, Boa Vista, Recanto Verde e Coronel Izalino<br \/>\n23\/12 &#8211; Jardim das Palmeiras<\/p>\n<p>&nbsp;<\/p>\n","protected":false},"excerpt":{"rendered":"<p>Com a chegada do per\u00edodo de chuvas, o setor de Controle de Endemias da Secretaria Municipal de Sa\u00fade prepara a realiza\u00e7\u00e3o do mutir\u00e3o &#8220;Bota-Fora&#8221; nos bairros de Muria\u00e9. O plano de a\u00e7\u00e3o, que acontece de 23 de novembro e segue at\u00e9 23 de dezembro, tem o objetivo de promover a remo\u00e7\u00e3o de dep\u00f3sitos de \u00e1gua &#8230; <a title=\"Mutir\u00e3o &#8220;Bota-Fora&#8221; acontece a partir de segunda-feira em Muria\u00e9\" class=\"read-more\" href=\"https:\/\/anoticiaonline.com.br\/site\/mutirao-bota-fora-acontece-a-partir-de-segunda-feira-em-muriae\/\" aria-label=\"Read more about Mutir\u00e3o &#8220;Bota-Fora&#8221; acontece a partir de segunda-feira em Muria\u00e9\">Ler mais<\/a><\/p>\n","protected":false},"author":2,"featured_media":6490,"comment_status":"open","ping_status":"open","sticky":false,"template":"","format":"standard","meta":{"_acf_changed":false,"_monsterinsights_skip_tracking":false,"footnotes":""},"categories":[30],"tags":[3],"class_list":["post-6489","post","type-post","status-publish","format-standard","has-post-thumbnail","hentry","category-muriae","tag-slide"],"acf":[],"aioseo_notices":[],"aioseo_head":"\n\t\t<!-- All in One SEO 5.0.0.1 - aioseo.com -->\n\t<meta name=\"description\" content=\"Com a chegada do per\u00edodo de chuvas, o setor de Controle de Endemias da Secretaria Municipal de Sa\u00fade prepara a realiza\u00e7\u00e3o do mutir\u00e3o &quot;Bota-Fora&quot; nos bairros de Muria\u00e9. O plano de a\u00e7\u00e3o, que acontece de 23 de novembro e segue at\u00e9 23 de dezembro, tem o objetivo de promover a remo\u00e7\u00e3o de dep\u00f3sitos de \u00e1gua\" \/>\n\t<meta name=\"robots\" content=\"max-image-preview:large\" \/>\n\t<meta name=\"author\" content=\"Juliana Laviola\"\/>\n\t<link rel=\"canonical\" href=\"https:\/\/anoticiaonline.com.br\/site\/mutirao-bota-fora-acontece-a-partir-de-segunda-feira-em-muriae\/\" \/>\n\t<meta name=\"generator\" content=\"All in One SEO (AIOSEO) 5.0.0.1\" \/>\n\t\t<meta property=\"og:locale\" content=\"pt_BR\" \/>\n\t\t<meta property=\"og:site_name\" content=\"A Not\u00edcia Online - Noticias de Muria\u00e9 e regi\u00e3o\" \/>\n\t\t<meta property=\"og:type\" content=\"article\" \/>\n\t\t<meta property=\"og:title\" content=\"Mutir\u00e3o \u201cBota-Fora\u201d acontece a partir de segunda-feira em Muria\u00e9 - A Not\u00edcia Online\" \/>\n\t\t<meta property=\"og:description\" content=\"Com a chegada do per\u00edodo de chuvas, o setor de Controle de Endemias da Secretaria Municipal de Sa\u00fade prepara a realiza\u00e7\u00e3o do mutir\u00e3o &quot;Bota-Fora&quot; nos bairros de Muria\u00e9. O plano de a\u00e7\u00e3o, que acontece de 23 de novembro e segue at\u00e9 23 de dezembro, tem o objetivo de promover a remo\u00e7\u00e3o de dep\u00f3sitos de \u00e1gua\" \/>\n\t\t<meta property=\"og:url\" content=\"https:\/\/anoticiaonline.com.br\/site\/mutirao-bota-fora-acontece-a-partir-de-segunda-feira-em-muriae\/\" \/>\n\t\t<meta property=\"og:image\" content=\"https:\/\/scontent-gig4-1.xx.fbcdn.net\/v\/t39.30808-1\/270437624_4564083193639691_6907940295614233970_n.jpg?stp=dst-jpg_s200x200_tt6&#038;_nc_cat=111&#038;ccb=1-7&#038;_nc_sid=f907e8&#038;_nc_ohc=SM1wRlP3lJwQ7kNvwEPuBYA&#038;_nc_oc=AdnqrjDN_BNjSSHWO-GbkIWH6fkGMLw4bqvL_NH6e2wMveX7G-rP2dAqsDSq1mJMOaY&#038;_nc_zt=24&#038;_nc_ht=scontent-gig4-1.xx&#038;_nc_gid=AoBFJeGrT1hVaew_6rchkQ&#038;oh=00_AfX7QmFGhQhG2jAllVgXCiM1ZrWgvtp80-Bfppyexh1QEg&#038;oe=689E923C\" \/>\n\t\t<meta property=\"og:image:secure_url\" content=\"https:\/\/scontent-gig4-1.xx.fbcdn.net\/v\/t39.30808-1\/270437624_4564083193639691_6907940295614233970_n.jpg?stp=dst-jpg_s200x200_tt6&#038;_nc_cat=111&#038;ccb=1-7&#038;_nc_sid=f907e8&#038;_nc_ohc=SM1wRlP3lJwQ7kNvwEPuBYA&#038;_nc_oc=AdnqrjDN_BNjSSHWO-GbkIWH6fkGMLw4bqvL_NH6e2wMveX7G-rP2dAqsDSq1mJMOaY&#038;_nc_zt=24&#038;_nc_ht=scontent-gig4-1.xx&#038;_nc_gid=AoBFJeGrT1hVaew_6rchkQ&#038;oh=00_AfX7QmFGhQhG2jAllVgXCiM1ZrWgvtp80-Bfppyexh1QEg&#038;oe=689E923C\" \/>\n\t\t<meta property=\"article:published_time\" content=\"2015-11-18T17:00:09+00:00\" \/>\n\t\t<meta property=\"article:modified_time\" content=\"2015-11-18T17:27:26+00:00\" \/>\n\t\t<meta name=\"twitter:card\" content=\"summary_large_image\" \/>\n\t\t<meta name=\"twitter:title\" content=\"Mutir\u00e3o \u201cBota-Fora\u201d acontece a partir de segunda-feira em Muria\u00e9 - A Not\u00edcia Online\" \/>\n\t\t<meta name=\"twitter:description\" content=\"Com a chegada do per\u00edodo de chuvas, o setor de Controle de Endemias da Secretaria Municipal de Sa\u00fade prepara a realiza\u00e7\u00e3o do mutir\u00e3o &quot;Bota-Fora&quot; nos bairros de Muria\u00e9. O plano de a\u00e7\u00e3o, que acontece de 23 de novembro e segue at\u00e9 23 de dezembro, tem o objetivo de promover a remo\u00e7\u00e3o de dep\u00f3sitos de \u00e1gua\" \/>\n\t\t<meta name=\"twitter:image\" content=\"https:\/\/scontent-gig4-1.xx.fbcdn.net\/v\/t39.30808-1\/270437624_4564083193639691_6907940295614233970_n.jpg?stp=dst-jpg_s200x200_tt6&amp;_nc_cat=111&amp;ccb=1-7&amp;_nc_sid=f907e8&amp;_nc_ohc=SM1wRlP3lJwQ7kNvwEPuBYA&amp;_nc_oc=AdnqrjDN_BNjSSHWO-GbkIWH6fkGMLw4bqvL_NH6e2wMveX7G-rP2dAqsDSq1mJMOaY&amp;_nc_zt=24&amp;_nc_ht=scontent-gig4-1.xx&amp;_nc_gid=AoBFJeGrT1hVaew_6rchkQ&amp;oh=00_AfX7QmFGhQhG2jAllVgXCiM1ZrWgvtp80-Bfppyexh1QEg&amp;oe=689E923C\" \/>\n\t\t<script type=\"application\/ld+json\" class=\"aioseo-schema\">\n\t\t\t{\"@context\":\"https:\\\/\\\/schema.org\",\"@graph\":[{\"@type\":\"BlogPosting\",\"@id\":\"https:\\\/\\\/anoticiaonline.com.br\\\/site\\\/mutirao-bota-fora-acontece-a-partir-de-segunda-feira-em-muriae\\\/#blogposting\",\"name\":\"Mutir\\u00e3o \\u201cBota-Fora\\u201d acontece a partir de segunda-feira em Muria\\u00e9 - A Not\\u00edcia Online\",\"headline\":\"Mutir\\u00e3o &#8220;Bota-Fora&#8221; acontece a partir de segunda-feira em Muria\\u00e9\",\"author\":{\"@id\":\"https:\\\/\\\/anoticiaonline.com.br\\\/site\\\/author\\\/juliana\\\/#author\"},\"publisher\":{\"@id\":\"https:\\\/\\\/anoticiaonline.com.br\\\/site\\\/#organization\"},\"image\":{\"@type\":\"ImageObject\",\"url\":\"https:\\\/\\\/anoticiaonline.com.br\\\/site\\\/wp-content\\\/uploads\\\/2015\\\/11\\\/Mutir\\u00e3o-Bota-Fora-acontece-a-partir-de-segunda-feira-em-Muria\\u00e9.jpg\",\"width\":640,\"height\":479},\"datePublished\":\"2015-11-18T14:00:09-03:00\",\"dateModified\":\"2015-11-18T14:27:26-03:00\",\"inLanguage\":\"pt-BR\",\"mainEntityOfPage\":{\"@id\":\"https:\\\/\\\/anoticiaonline.com.br\\\/site\\\/mutirao-bota-fora-acontece-a-partir-de-segunda-feira-em-muriae\\\/#webpage\"},\"isPartOf\":{\"@id\":\"https:\\\/\\\/anoticiaonline.com.br\\\/site\\\/mutirao-bota-fora-acontece-a-partir-de-segunda-feira-em-muriae\\\/#webpage\"},\"articleSection\":\"Blog, slide\"},{\"@type\":\"BreadcrumbList\",\"@id\":\"https:\\\/\\\/anoticiaonline.com.br\\\/site\\\/mutirao-bota-fora-acontece-a-partir-de-segunda-feira-em-muriae\\\/#breadcrumblist\",\"itemListElement\":[{\"@type\":\"ListItem\",\"@id\":\"https:\\\/\\\/anoticiaonline.com.br\\\/site#listItem\",\"position\":1,\"name\":\"Home\",\"item\":\"https:\\\/\\\/anoticiaonline.com.br\\\/site\",\"nextItem\":{\"@type\":\"ListItem\",\"@id\":\"https:\\\/\\\/anoticiaonline.com.br\\\/site\\\/categoria\\\/muriae\\\/#listItem\",\"name\":\"Blog\"}},{\"@type\":\"ListItem\",\"@id\":\"https:\\\/\\\/anoticiaonline.com.br\\\/site\\\/categoria\\\/muriae\\\/#listItem\",\"position\":2,\"name\":\"Blog\",\"item\":\"https:\\\/\\\/anoticiaonline.com.br\\\/site\\\/categoria\\\/muriae\\\/\",\"nextItem\":{\"@type\":\"ListItem\",\"@id\":\"https:\\\/\\\/anoticiaonline.com.br\\\/site\\\/mutirao-bota-fora-acontece-a-partir-de-segunda-feira-em-muriae\\\/#listItem\",\"name\":\"Mutir\\u00e3o &#8220;Bota-Fora&#8221; acontece a partir de segunda-feira em Muria\\u00e9\"},\"previousItem\":{\"@type\":\"ListItem\",\"@id\":\"https:\\\/\\\/anoticiaonline.com.br\\\/site#listItem\",\"name\":\"Home\"}},{\"@type\":\"ListItem\",\"@id\":\"https:\\\/\\\/anoticiaonline.com.br\\\/site\\\/mutirao-bota-fora-acontece-a-partir-de-segunda-feira-em-muriae\\\/#listItem\",\"position\":3,\"name\":\"Mutir\\u00e3o &#8220;Bota-Fora&#8221; acontece a partir de segunda-feira em Muria\\u00e9\",\"previousItem\":{\"@type\":\"ListItem\",\"@id\":\"https:\\\/\\\/anoticiaonline.com.br\\\/site\\\/categoria\\\/muriae\\\/#listItem\",\"name\":\"Blog\"}}]},{\"@type\":\"Organization\",\"@id\":\"https:\\\/\\\/anoticiaonline.com.br\\\/site\\\/#organization\",\"name\":\"A Not\\u00edcia Online\",\"description\":\"Noticias de Muria\\u00e9 e regi\\u00e3o\",\"url\":\"https:\\\/\\\/anoticiaonline.com.br\\\/site\\\/\",\"logo\":{\"@type\":\"ImageObject\",\"url\":\"https:\\\/\\\/scontent-gig4-1.xx.fbcdn.net\\\/v\\\/t39.30808-1\\\/270437624_4564083193639691_6907940295614233970_n.jpg?stp=dst-jpg_s200x200_tt6&_nc_cat=111&ccb=1-7&_nc_sid=f907e8&_nc_ohc=SM1wRlP3lJwQ7kNvwEPuBYA&_nc_oc=AdnqrjDN_BNjSSHWO-GbkIWH6fkGMLw4bqvL_NH6e2wMveX7G-rP2dAqsDSq1mJMOaY&_nc_zt=24&_nc_ht=scontent-gig4-1.xx&_nc_gid=AoBFJeGrT1hVaew_6rchkQ&oh=00_AfX7QmFGhQhG2jAllVgXCiM1ZrWgvtp80-Bfppyexh1QEg&oe=689E923C\",\"@id\":\"https:\\\/\\\/anoticiaonline.com.br\\\/site\\\/mutirao-bota-fora-acontece-a-partir-de-segunda-feira-em-muriae\\\/#organizationLogo\"},\"image\":{\"@id\":\"https:\\\/\\\/anoticiaonline.com.br\\\/site\\\/mutirao-bota-fora-acontece-a-partir-de-segunda-feira-em-muriae\\\/#organizationLogo\"}},{\"@type\":\"Person\",\"@id\":\"https:\\\/\\\/anoticiaonline.com.br\\\/site\\\/author\\\/juliana\\\/#author\",\"url\":\"https:\\\/\\\/anoticiaonline.com.br\\\/site\\\/author\\\/juliana\\\/\",\"name\":\"Juliana Laviola\",\"image\":{\"@type\":\"ImageObject\",\"@id\":\"https:\\\/\\\/anoticiaonline.com.br\\\/site\\\/mutirao-bota-fora-acontece-a-partir-de-segunda-feira-em-muriae\\\/#authorImage\",\"url\":\"https:\\\/\\\/secure.gravatar.com\\\/avatar\\\/b8d45f5c699b100dfaf0e543582f38f38bf94cb7ae3a5e9abf8d891a34773335?s=96&d=mm&r=g\",\"width\":96,\"height\":96,\"caption\":\"Juliana Laviola\"}},{\"@type\":\"WebPage\",\"@id\":\"https:\\\/\\\/anoticiaonline.com.br\\\/site\\\/mutirao-bota-fora-acontece-a-partir-de-segunda-feira-em-muriae\\\/#webpage\",\"url\":\"https:\\\/\\\/anoticiaonline.com.br\\\/site\\\/mutirao-bota-fora-acontece-a-partir-de-segunda-feira-em-muriae\\\/\",\"name\":\"Mutir\\u00e3o \\u201cBota-Fora\\u201d acontece a partir de segunda-feira em Muria\\u00e9 - A Not\\u00edcia Online\",\"description\":\"Com a chegada do per\\u00edodo de chuvas, o setor de Controle de Endemias da Secretaria Municipal de Sa\\u00fade prepara a realiza\\u00e7\\u00e3o do mutir\\u00e3o \\\"Bota-Fora\\\" nos bairros de Muria\\u00e9. O plano de a\\u00e7\\u00e3o, que acontece de 23 de novembro e segue at\\u00e9 23 de dezembro, tem o objetivo de promover a remo\\u00e7\\u00e3o de dep\\u00f3sitos de \\u00e1gua\",\"inLanguage\":\"pt-BR\",\"isPartOf\":{\"@id\":\"https:\\\/\\\/anoticiaonline.com.br\\\/site\\\/#website\"},\"breadcrumb\":{\"@id\":\"https:\\\/\\\/anoticiaonline.com.br\\\/site\\\/mutirao-bota-fora-acontece-a-partir-de-segunda-feira-em-muriae\\\/#breadcrumblist\"},\"author\":{\"@id\":\"https:\\\/\\\/anoticiaonline.com.br\\\/site\\\/author\\\/juliana\\\/#author\"},\"creator\":{\"@id\":\"https:\\\/\\\/anoticiaonline.com.br\\\/site\\\/author\\\/juliana\\\/#author\"},\"image\":{\"@type\":\"ImageObject\",\"url\":\"https:\\\/\\\/anoticiaonline.com.br\\\/site\\\/wp-content\\\/uploads\\\/2015\\\/11\\\/Mutir\\u00e3o-Bota-Fora-acontece-a-partir-de-segunda-feira-em-Muria\\u00e9.jpg\",\"@id\":\"https:\\\/\\\/anoticiaonline.com.br\\\/site\\\/mutirao-bota-fora-acontece-a-partir-de-segunda-feira-em-muriae\\\/#mainImage\",\"width\":640,\"height\":479},\"primaryImageOfPage\":{\"@id\":\"https:\\\/\\\/anoticiaonline.com.br\\\/site\\\/mutirao-bota-fora-acontece-a-partir-de-segunda-feira-em-muriae\\\/#mainImage\"},\"datePublished\":\"2015-11-18T14:00:09-03:00\",\"dateModified\":\"2015-11-18T14:27:26-03:00\"},{\"@type\":\"WebSite\",\"@id\":\"https:\\\/\\\/anoticiaonline.com.br\\\/site\\\/#website\",\"url\":\"https:\\\/\\\/anoticiaonline.com.br\\\/site\\\/\",\"name\":\"A Not\\u00edcia Online\",\"description\":\"Noticias de Muria\\u00e9 e regi\\u00e3o\",\"inLanguage\":\"pt-BR\",\"publisher\":{\"@id\":\"https:\\\/\\\/anoticiaonline.com.br\\\/site\\\/#organization\"}}]}\n\t\t<\/script>\n\t\t<!-- All in One SEO -->\n\n","aioseo_head_json":{"title":"Mutir\u00e3o \u201cBota-Fora\u201d acontece a partir de segunda-feira em Muria\u00e9 - A Not\u00edcia Online","description":"Com a chegada do per\u00edodo de chuvas, o setor de Controle de Endemias da Secretaria Municipal de Sa\u00fade prepara a realiza\u00e7\u00e3o do mutir\u00e3o \"Bota-Fora\" nos bairros de Muria\u00e9. O plano de a\u00e7\u00e3o, que acontece de 23 de novembro e segue at\u00e9 23 de dezembro, tem o objetivo de promover a remo\u00e7\u00e3o de dep\u00f3sitos de \u00e1gua","canonical_url":"https:\/\/anoticiaonline.com.br\/site\/mutirao-bota-fora-acontece-a-partir-de-segunda-feira-em-muriae\/","robots":"max-image-preview:large","keywords":"","webmasterTools":{"miscellaneous":""},"schema":{"@context":"https:\/\/schema.org","@graph":[{"@type":"BlogPosting","@id":"https:\/\/anoticiaonline.com.br\/site\/mutirao-bota-fora-acontece-a-partir-de-segunda-feira-em-muriae\/#blogposting","name":"Mutir\u00e3o \u201cBota-Fora\u201d acontece a partir de segunda-feira em Muria\u00e9 - A Not\u00edcia Online","headline":"Mutir\u00e3o &#8220;Bota-Fora&#8221; acontece a partir de segunda-feira em Muria\u00e9","author":{"@id":"https:\/\/anoticiaonline.com.br\/site\/author\/juliana\/#author"},"publisher":{"@id":"https:\/\/anoticiaonline.com.br\/site\/#organization"},"image":{"@type":"ImageObject","url":"https:\/\/anoticiaonline.com.br\/site\/wp-content\/uploads\/2015\/11\/Mutir\u00e3o-Bota-Fora-acontece-a-partir-de-segunda-feira-em-Muria\u00e9.jpg","width":640,"height":479},"datePublished":"2015-11-18T14:00:09-03:00","dateModified":"2015-11-18T14:27:26-03:00","inLanguage":"pt-BR","mainEntityOfPage":{"@id":"https:\/\/anoticiaonline.com.br\/site\/mutirao-bota-fora-acontece-a-partir-de-segunda-feira-em-muriae\/#webpage"},"isPartOf":{"@id":"https:\/\/anoticiaonline.com.br\/site\/mutirao-bota-fora-acontece-a-partir-de-segunda-feira-em-muriae\/#webpage"},"articleSection":"Blog, slide"},{"@type":"BreadcrumbList","@id":"https:\/\/anoticiaonline.com.br\/site\/mutirao-bota-fora-acontece-a-partir-de-segunda-feira-em-muriae\/#breadcrumblist","itemListElement":[{"@type":"ListItem","@id":"https:\/\/anoticiaonline.com.br\/site#listItem","position":1,"name":"Home","item":"https:\/\/anoticiaonline.com.br\/site","nextItem":{"@type":"ListItem","@id":"https:\/\/anoticiaonline.com.br\/site\/categoria\/muriae\/#listItem","name":"Blog"}},{"@type":"ListItem","@id":"https:\/\/anoticiaonline.com.br\/site\/categoria\/muriae\/#listItem","position":2,"name":"Blog","item":"https:\/\/anoticiaonline.com.br\/site\/categoria\/muriae\/","nextItem":{"@type":"ListItem","@id":"https:\/\/anoticiaonline.com.br\/site\/mutirao-bota-fora-acontece-a-partir-de-segunda-feira-em-muriae\/#listItem","name":"Mutir\u00e3o &#8220;Bota-Fora&#8221; acontece a partir de segunda-feira em Muria\u00e9"},"previousItem":{"@type":"ListItem","@id":"https:\/\/anoticiaonline.com.br\/site#listItem","name":"Home"}},{"@type":"ListItem","@id":"https:\/\/anoticiaonline.com.br\/site\/mutirao-bota-fora-acontece-a-partir-de-segunda-feira-em-muriae\/#listItem","position":3,"name":"Mutir\u00e3o &#8220;Bota-Fora&#8221; acontece a partir de segunda-feira em Muria\u00e9","previousItem":{"@type":"ListItem","@id":"https:\/\/anoticiaonline.com.br\/site\/categoria\/muriae\/#listItem","name":"Blog"}}]},{"@type":"Organization","@id":"https:\/\/anoticiaonline.com.br\/site\/#organization","name":"A Not\u00edcia Online","description":"Noticias de Muria\u00e9 e regi\u00e3o","url":"https:\/\/anoticiaonline.com.br\/site\/","logo":{"@type":"ImageObject","url":"https:\/\/scontent-gig4-1.xx.fbcdn.net\/v\/t39.30808-1\/270437624_4564083193639691_6907940295614233970_n.jpg?stp=dst-jpg_s200x200_tt6&_nc_cat=111&ccb=1-7&_nc_sid=f907e8&_nc_ohc=SM1wRlP3lJwQ7kNvwEPuBYA&_nc_oc=AdnqrjDN_BNjSSHWO-GbkIWH6fkGMLw4bqvL_NH6e2wMveX7G-rP2dAqsDSq1mJMOaY&_nc_zt=24&_nc_ht=scontent-gig4-1.xx&_nc_gid=AoBFJeGrT1hVaew_6rchkQ&oh=00_AfX7QmFGhQhG2jAllVgXCiM1ZrWgvtp80-Bfppyexh1QEg&oe=689E923C","@id":"https:\/\/anoticiaonline.com.br\/site\/mutirao-bota-fora-acontece-a-partir-de-segunda-feira-em-muriae\/#organizationLogo"},"image":{"@id":"https:\/\/anoticiaonline.com.br\/site\/mutirao-bota-fora-acontece-a-partir-de-segunda-feira-em-muriae\/#organizationLogo"}},{"@type":"Person","@id":"https:\/\/anoticiaonline.com.br\/site\/author\/juliana\/#author","url":"https:\/\/anoticiaonline.com.br\/site\/author\/juliana\/","name":"Juliana Laviola","image":{"@type":"ImageObject","@id":"https:\/\/anoticiaonline.com.br\/site\/mutirao-bota-fora-acontece-a-partir-de-segunda-feira-em-muriae\/#authorImage","url":"https:\/\/secure.gravatar.com\/avatar\/b8d45f5c699b100dfaf0e543582f38f38bf94cb7ae3a5e9abf8d891a34773335?s=96&d=mm&r=g","width":96,"height":96,"caption":"Juliana Laviola"}},{"@type":"WebPage","@id":"https:\/\/anoticiaonline.com.br\/site\/mutirao-bota-fora-acontece-a-partir-de-segunda-feira-em-muriae\/#webpage","url":"https:\/\/anoticiaonline.com.br\/site\/mutirao-bota-fora-acontece-a-partir-de-segunda-feira-em-muriae\/","name":"Mutir\u00e3o \u201cBota-Fora\u201d acontece a partir de segunda-feira em Muria\u00e9 - A Not\u00edcia Online","description":"Com a chegada do per\u00edodo de chuvas, o setor de Controle de Endemias da Secretaria Municipal de Sa\u00fade prepara a realiza\u00e7\u00e3o do mutir\u00e3o \"Bota-Fora\" nos bairros de Muria\u00e9. O plano de a\u00e7\u00e3o, que acontece de 23 de novembro e segue at\u00e9 23 de dezembro, tem o objetivo de promover a remo\u00e7\u00e3o de dep\u00f3sitos de \u00e1gua","inLanguage":"pt-BR","isPartOf":{"@id":"https:\/\/anoticiaonline.com.br\/site\/#website"},"breadcrumb":{"@id":"https:\/\/anoticiaonline.com.br\/site\/mutirao-bota-fora-acontece-a-partir-de-segunda-feira-em-muriae\/#breadcrumblist"},"author":{"@id":"https:\/\/anoticiaonline.com.br\/site\/author\/juliana\/#author"},"creator":{"@id":"https:\/\/anoticiaonline.com.br\/site\/author\/juliana\/#author"},"image":{"@type":"ImageObject","url":"https:\/\/anoticiaonline.com.br\/site\/wp-content\/uploads\/2015\/11\/Mutir\u00e3o-Bota-Fora-acontece-a-partir-de-segunda-feira-em-Muria\u00e9.jpg","@id":"https:\/\/anoticiaonline.com.br\/site\/mutirao-bota-fora-acontece-a-partir-de-segunda-feira-em-muriae\/#mainImage","width":640,"height":479},"primaryImageOfPage":{"@id":"https:\/\/anoticiaonline.com.br\/site\/mutirao-bota-fora-acontece-a-partir-de-segunda-feira-em-muriae\/#mainImage"},"datePublished":"2015-11-18T14:00:09-03:00","dateModified":"2015-11-18T14:27:26-03:00"},{"@type":"WebSite","@id":"https:\/\/anoticiaonline.com.br\/site\/#website","url":"https:\/\/anoticiaonline.com.br\/site\/","name":"A Not\u00edcia Online","description":"Noticias de Muria\u00e9 e regi\u00e3o","inLanguage":"pt-BR","publisher":{"@id":"https:\/\/anoticiaonline.com.br\/site\/#organization"}}]},"og:locale":"pt_BR","og:site_name":"A Not\u00edcia Online - Noticias de Muria\u00e9 e regi\u00e3o","og:type":"article","og:title":"Mutir\u00e3o \u201cBota-Fora\u201d acontece a partir de segunda-feira em Muria\u00e9 - A Not\u00edcia Online","og:description":"Com a chegada do per\u00edodo de chuvas, o setor de Controle de Endemias da Secretaria Municipal de Sa\u00fade prepara a realiza\u00e7\u00e3o do mutir\u00e3o &quot;Bota-Fora&quot; nos bairros de Muria\u00e9. O plano de a\u00e7\u00e3o, que acontece de 23 de novembro e segue at\u00e9 23 de dezembro, tem o objetivo de promover a remo\u00e7\u00e3o de dep\u00f3sitos de \u00e1gua","og:url":"https:\/\/anoticiaonline.com.br\/site\/mutirao-bota-fora-acontece-a-partir-de-segunda-feira-em-muriae\/","og:image":"https:\/\/scontent-gig4-1.xx.fbcdn.net\/v\/t39.30808-1\/270437624_4564083193639691_6907940295614233970_n.jpg?stp=dst-jpg_s200x200_tt6&#038;_nc_cat=111&#038;ccb=1-7&#038;_nc_sid=f907e8&#038;_nc_ohc=SM1wRlP3lJwQ7kNvwEPuBYA&#038;_nc_oc=AdnqrjDN_BNjSSHWO-GbkIWH6fkGMLw4bqvL_NH6e2wMveX7G-rP2dAqsDSq1mJMOaY&#038;_nc_zt=24&#038;_nc_ht=scontent-gig4-1.xx&#038;_nc_gid=AoBFJeGrT1hVaew_6rchkQ&#038;oh=00_AfX7QmFGhQhG2jAllVgXCiM1ZrWgvtp80-Bfppyexh1QEg&#038;oe=689E923C","og:image:secure_url":"https:\/\/scontent-gig4-1.xx.fbcdn.net\/v\/t39.30808-1\/270437624_4564083193639691_6907940295614233970_n.jpg?stp=dst-jpg_s200x200_tt6&#038;_nc_cat=111&#038;ccb=1-7&#038;_nc_sid=f907e8&#038;_nc_ohc=SM1wRlP3lJwQ7kNvwEPuBYA&#038;_nc_oc=AdnqrjDN_BNjSSHWO-GbkIWH6fkGMLw4bqvL_NH6e2wMveX7G-rP2dAqsDSq1mJMOaY&#038;_nc_zt=24&#038;_nc_ht=scontent-gig4-1.xx&#038;_nc_gid=AoBFJeGrT1hVaew_6rchkQ&#038;oh=00_AfX7QmFGhQhG2jAllVgXCiM1ZrWgvtp80-Bfppyexh1QEg&#038;oe=689E923C","article:published_time":"2015-11-18T17:00:09+00:00","article:modified_time":"2015-11-18T17:27:26+00:00","twitter:card":"summary_large_image","twitter:title":"Mutir\u00e3o \u201cBota-Fora\u201d acontece a partir de segunda-feira em Muria\u00e9 - A Not\u00edcia Online","twitter:description":"Com a chegada do per\u00edodo de chuvas, o setor de Controle de Endemias da Secretaria Municipal de Sa\u00fade prepara a realiza\u00e7\u00e3o do mutir\u00e3o &quot;Bota-Fora&quot; nos bairros de Muria\u00e9. O plano de a\u00e7\u00e3o, que acontece de 23 de novembro e segue at\u00e9 23 de dezembro, tem o objetivo de promover a remo\u00e7\u00e3o de dep\u00f3sitos de \u00e1gua","twitter:image":"https:\/\/scontent-gig4-1.xx.fbcdn.net\/v\/t39.30808-1\/270437624_4564083193639691_6907940295614233970_n.jpg?stp=dst-jpg_s200x200_tt6&_nc_cat=111&ccb=1-7&_nc_sid=f907e8&_nc_ohc=SM1wRlP3lJwQ7kNvwEPuBYA&_nc_oc=AdnqrjDN_BNjSSHWO-GbkIWH6fkGMLw4bqvL_NH6e2wMveX7G-rP2dAqsDSq1mJMOaY&_nc_zt=24&_nc_ht=scontent-gig4-1.xx&_nc_gid=AoBFJeGrT1hVaew_6rchkQ&oh=00_AfX7QmFGhQhG2jAllVgXCiM1ZrWgvtp80-Bfppyexh1QEg&oe=689E923C"},"aioseo_meta_data":{"post_id":"6489","title":null,"description":null,"keywords":null,"keyphrases":null,"primary_term":null,"canonical_url":null,"og_title":null,"og_description":null,"og_object_type":"default","og_image_type":"default","og_image_url":null,"og_image_width":null,"og_image_height":null,"og_image_custom_url":null,"og_image_custom_fields":null,"og_video":null,"og_custom_url":null,"og_article_section":null,"og_article_tags":null,"twitter_use_og":false,"twitter_card":"default","twitter_image_type":"default","twitter_image_url":null,"twitter_image_custom_url":null,"twitter_image_custom_fields":null,"twitter_title":null,"twitter_description":null,"schema":{"blockGraphs":[],"customGraphs":[],"default":{"data":{"Article":[],"Course":[],"Dataset":[],"FAQPage":[],"Movie":[],"Person":[],"Product":[],"ProductReview":[],"Car":[],"Recipe":[],"Service":[],"SoftwareApplication":[],"WebPage":[]},"graphName":"","isEnabled":true},"graphs":[]},"schema_type":"default","schema_type_options":null,"pillar_content":false,"robots_default":true,"robots_noindex":false,"robots_noarchive":false,"robots_nosnippet":false,"robots_nofollow":false,"robots_noimageindex":false,"robots_noodp":false,"robots_notranslate":false,"robots_max_snippet":null,"robots_max_videopreview":null,"robots_max_imagepreview":"large","priority":null,"frequency":null,"local_seo":null,"breadcrumb_settings":null,"limit_modified_date":false,"ai":null,"created":"2025-08-16 13:59:02","updated":"2025-08-16 13:59:02","focus_keyword":null,"additional_keywords":null,"truseo_locale":null,"seo_analyzer_scan_date":null},"aioseo_breadcrumb":"<div class=\"aioseo-breadcrumbs\"><span class=\"aioseo-breadcrumb\">\n\t\t\t<a href=\"https:\/\/anoticiaonline.com.br\/site\" title=\"Home\">Home<\/a>\n\t\t<\/span><span class=\"aioseo-breadcrumb-separator\">&raquo;<\/span><span class=\"aioseo-breadcrumb\">\n\t\t\t<a href=\"https:\/\/anoticiaonline.com.br\/site\/categoria\/muriae\/\" title=\"Blog\">Blog<\/a>\n\t\t<\/span><span class=\"aioseo-breadcrumb-separator\">&raquo;<\/span><span class=\"aioseo-breadcrumb\">\n\t\t\tMutir\u00e3o \u201cBota-Fora\u201d acontece a partir de segunda-feira em Muria\u00e9\n\t\t<\/span><\/div>","aioseo_breadcrumb_json":[{"label":"Home","link":"https:\/\/anoticiaonline.com.br\/site"},{"label":"Blog","link":"https:\/\/anoticiaonline.com.br\/site\/categoria\/muriae\/"},{"label":"Mutir\u00e3o &#8220;Bota-Fora&#8221; acontece a partir de segunda-feira em Muria\u00e9","link":"https:\/\/anoticiaonline.com.br\/site\/mutirao-bota-fora-acontece-a-partir-de-segunda-feira-em-muriae\/"}],"views":183,"_links":{"self":[{"href":"https:\/\/anoticiaonline.com.br\/site\/wp-json\/wp\/v2\/posts\/6489","targetHints":{"allow":["GET"]}}],"collection":[{"href":"https:\/\/anoticiaonline.com.br\/site\/wp-json\/wp\/v2\/posts"}],"about":[{"href":"https:\/\/anoticiaonline.com.br\/site\/wp-json\/wp\/v2\/types\/post"}],"author":[{"embeddable":true,"href":"https:\/\/anoticiaonline.com.br\/site\/wp-json\/wp\/v2\/users\/2"}],"replies":[{"embeddable":true,"href":"https:\/\/anoticiaonline.com.br\/site\/wp-json\/wp\/v2\/comments?post=6489"}],"version-history":[{"count":0,"href":"https:\/\/anoticiaonline.com.br\/site\/wp-json\/wp\/v2\/posts\/6489\/revisions"}],"wp:featuredmedia":[{"embeddable":true,"href":"https:\/\/anoticiaonline.com.br\/site\/wp-json\/wp\/v2\/media\/6490"}],"wp:attachment":[{"href":"https:\/\/anoticiaonline.com.br\/site\/wp-json\/wp\/v2\/media?parent=6489"}],"wp:term":[{"taxonomy":"category","embeddable":true,"href":"https:\/\/anoticiaonline.com.br\/site\/wp-json\/wp\/v2\/categories?post=6489"},{"taxonomy":"post_tag","embeddable":true,"href":"https:\/\/anoticiaonline.com.br\/site\/wp-json\/wp\/v2\/tags?post=6489"}],"curies":[{"name":"wp","href":"https:\/\/api.w.org\/{rel}","templated":true}]}}