{"id":64841,"date":"2018-11-22T19:35:05","date_gmt":"2018-11-22T22:35:05","guid":{"rendered":"http:\/\/anoticiaonline.com.br\/site\/?p=64841"},"modified":"2018-11-23T09:41:34","modified_gmt":"2018-11-23T12:41:34","slug":"associacao-de-violeiros-de-muriae-participa-da-2a-virada-cultural","status":"publish","type":"post","link":"https:\/\/anoticiaonline.com.br\/site\/associacao-de-violeiros-de-muriae-participa-da-2a-virada-cultural\/","title":{"rendered":"Associa\u00e7\u00e3o de Violeiros de Muria\u00e9 participa da 2\u00aa Virada Cultural"},"content":{"rendered":"<p>&nbsp;<\/p>\n<p><a href=\"https:\/\/anoticiaonline.com.br\/site\/wp-content\/uploads\/2018\/11\/capa-violeiros.jpg\"><img fetchpriority=\"high\" decoding=\"async\" class=\"alignnone size-full wp-image-64886\" src=\"https:\/\/anoticiaonline.com.br\/site\/wp-content\/uploads\/2018\/11\/capa-violeiros.jpg\" alt=\"\" width=\"1000\" height=\"350\" srcset=\"https:\/\/anoticiaonline.com.br\/site\/wp-content\/uploads\/2018\/11\/capa-violeiros.jpg 1000w, https:\/\/anoticiaonline.com.br\/site\/wp-content\/uploads\/2018\/11\/capa-violeiros-300x105.jpg 300w, https:\/\/anoticiaonline.com.br\/site\/wp-content\/uploads\/2018\/11\/capa-violeiros-768x269.jpg 768w\" sizes=\"(max-width: 1000px) 100vw, 1000px\" \/><\/a><\/p>\n<p><em><a href=\"https:\/\/anoticiaonline.com.br\/site\/wp-content\/uploads\/2018\/11\/DSC_0467.jpg\"><img decoding=\"async\" class=\"alignnone size-full wp-image-64904\" src=\"https:\/\/anoticiaonline.com.br\/site\/wp-content\/uploads\/2018\/11\/DSC_0467.jpg\" alt=\"\" width=\"998\" height=\"667\" srcset=\"https:\/\/anoticiaonline.com.br\/site\/wp-content\/uploads\/2018\/11\/DSC_0467.jpg 998w, https:\/\/anoticiaonline.com.br\/site\/wp-content\/uploads\/2018\/11\/DSC_0467-300x201.jpg 300w, https:\/\/anoticiaonline.com.br\/site\/wp-content\/uploads\/2018\/11\/DSC_0467-768x513.jpg 768w\" sizes=\"(max-width: 998px) 100vw, 998px\" \/><\/a>A Associa\u00e7\u00e3o de Violeiros de Muria\u00e9 participou da 2\u00aa Virada Cultural, durante uma apresenta\u00e7\u00e3o no s\u00e1bado (17) \u00e0 tarde.<\/em><\/p>\n<p>A segunda edi\u00e7\u00e3o da Virada Cultural movimentou a cidade no s\u00e1bado e domingo (17 e 18). Foram dois dias de atividades culturais variadas, que levaram lazer e entretenimento para o p\u00fablico muriaeense. Parte do projeto Circuito Cultural Grande Hotel Muriahe, o evento foi criado pela Prefeitura ano passado em comemora\u00e7\u00e3o ao anivers\u00e1rio da Fundarte, que em 2018 completa 21 anos.<\/p>\n<p><!--more--><\/p>\n<p>A Associa\u00e7\u00e3o, que conta com os poetas Lauro Fernandes, Passarinho e Jos\u00e9 Carlos Ferreira da Silva, atrav\u00e9s de sua presidente Erotilde Francisca de Souza, agradece \u00e0 Funda\u00e7\u00e3o de Cultura e Artes de Muria\u00e9 (Fundarte) e sua diretora geral, Fl\u00e1via Neves, pelo convite para participar do evento.<\/p>\n<p><a href=\"https:\/\/anoticiaonline.com.br\/site\/wp-content\/uploads\/2018\/11\/DSC_0395-C\u00f3pia.jpg\"><img decoding=\"async\" class=\"alignnone size-full wp-image-64888\" src=\"https:\/\/anoticiaonline.com.br\/site\/wp-content\/uploads\/2018\/11\/DSC_0395-C\u00f3pia.jpg\" alt=\"\" width=\"998\" height=\"667\" srcset=\"https:\/\/anoticiaonline.com.br\/site\/wp-content\/uploads\/2018\/11\/DSC_0395-C\u00f3pia.jpg 998w, https:\/\/anoticiaonline.com.br\/site\/wp-content\/uploads\/2018\/11\/DSC_0395-C\u00f3pia-300x201.jpg 300w, https:\/\/anoticiaonline.com.br\/site\/wp-content\/uploads\/2018\/11\/DSC_0395-C\u00f3pia-768x513.jpg 768w\" sizes=\"(max-width: 998px) 100vw, 998px\" \/><\/a> \u00a0<a href=\"https:\/\/anoticiaonline.com.br\/site\/wp-content\/uploads\/2018\/11\/DSC_0419-C\u00f3pia.jpg\"><img loading=\"lazy\" decoding=\"async\" class=\"alignnone size-full wp-image-64890\" src=\"https:\/\/anoticiaonline.com.br\/site\/wp-content\/uploads\/2018\/11\/DSC_0419-C\u00f3pia.jpg\" alt=\"\" width=\"998\" height=\"667\" srcset=\"https:\/\/anoticiaonline.com.br\/site\/wp-content\/uploads\/2018\/11\/DSC_0419-C\u00f3pia.jpg 998w, https:\/\/anoticiaonline.com.br\/site\/wp-content\/uploads\/2018\/11\/DSC_0419-C\u00f3pia-300x201.jpg 300w, https:\/\/anoticiaonline.com.br\/site\/wp-content\/uploads\/2018\/11\/DSC_0419-C\u00f3pia-768x513.jpg 768w\" sizes=\"(max-width: 998px) 100vw, 998px\" \/><\/a> \u00a0<a href=\"https:\/\/anoticiaonline.com.br\/site\/wp-content\/uploads\/2018\/11\/DSC_0427-C\u00f3pia.jpg\"><img loading=\"lazy\" decoding=\"async\" class=\"alignnone size-full wp-image-64892\" src=\"https:\/\/anoticiaonline.com.br\/site\/wp-content\/uploads\/2018\/11\/DSC_0427-C\u00f3pia.jpg\" alt=\"\" width=\"998\" height=\"667\" srcset=\"https:\/\/anoticiaonline.com.br\/site\/wp-content\/uploads\/2018\/11\/DSC_0427-C\u00f3pia.jpg 998w, https:\/\/anoticiaonline.com.br\/site\/wp-content\/uploads\/2018\/11\/DSC_0427-C\u00f3pia-300x201.jpg 300w, https:\/\/anoticiaonline.com.br\/site\/wp-content\/uploads\/2018\/11\/DSC_0427-C\u00f3pia-768x513.jpg 768w\" sizes=\"(max-width: 998px) 100vw, 998px\" \/><\/a> \u00a0<a href=\"https:\/\/anoticiaonline.com.br\/site\/wp-content\/uploads\/2018\/11\/DSC_0433-C\u00f3pia.jpg\"><img loading=\"lazy\" decoding=\"async\" class=\"alignnone size-full wp-image-64894\" src=\"https:\/\/anoticiaonline.com.br\/site\/wp-content\/uploads\/2018\/11\/DSC_0433-C\u00f3pia.jpg\" alt=\"\" width=\"998\" height=\"667\" srcset=\"https:\/\/anoticiaonline.com.br\/site\/wp-content\/uploads\/2018\/11\/DSC_0433-C\u00f3pia.jpg 998w, https:\/\/anoticiaonline.com.br\/site\/wp-content\/uploads\/2018\/11\/DSC_0433-C\u00f3pia-300x201.jpg 300w, https:\/\/anoticiaonline.com.br\/site\/wp-content\/uploads\/2018\/11\/DSC_0433-C\u00f3pia-768x513.jpg 768w\" sizes=\"(max-width: 998px) 100vw, 998px\" \/><\/a> \u00a0<a href=\"https:\/\/anoticiaonline.com.br\/site\/wp-content\/uploads\/2018\/11\/DSC_0440-C\u00f3pia.jpg\"><img loading=\"lazy\" decoding=\"async\" class=\"alignnone size-full wp-image-64896\" src=\"https:\/\/anoticiaonline.com.br\/site\/wp-content\/uploads\/2018\/11\/DSC_0440-C\u00f3pia.jpg\" alt=\"\" width=\"998\" height=\"667\" srcset=\"https:\/\/anoticiaonline.com.br\/site\/wp-content\/uploads\/2018\/11\/DSC_0440-C\u00f3pia.jpg 998w, https:\/\/anoticiaonline.com.br\/site\/wp-content\/uploads\/2018\/11\/DSC_0440-C\u00f3pia-300x201.jpg 300w, https:\/\/anoticiaonline.com.br\/site\/wp-content\/uploads\/2018\/11\/DSC_0440-C\u00f3pia-768x513.jpg 768w\" sizes=\"(max-width: 998px) 100vw, 998px\" \/><\/a> \u00a0<a href=\"https:\/\/anoticiaonline.com.br\/site\/wp-content\/uploads\/2018\/11\/DSC_0449-C\u00f3pia.jpg\"><img loading=\"lazy\" decoding=\"async\" class=\"alignnone size-full wp-image-64898\" src=\"https:\/\/anoticiaonline.com.br\/site\/wp-content\/uploads\/2018\/11\/DSC_0449-C\u00f3pia.jpg\" alt=\"\" width=\"998\" height=\"667\" srcset=\"https:\/\/anoticiaonline.com.br\/site\/wp-content\/uploads\/2018\/11\/DSC_0449-C\u00f3pia.jpg 998w, https:\/\/anoticiaonline.com.br\/site\/wp-content\/uploads\/2018\/11\/DSC_0449-C\u00f3pia-300x201.jpg 300w, https:\/\/anoticiaonline.com.br\/site\/wp-content\/uploads\/2018\/11\/DSC_0449-C\u00f3pia-768x513.jpg 768w\" sizes=\"(max-width: 998px) 100vw, 998px\" \/><\/a> \u00a0<a href=\"https:\/\/anoticiaonline.com.br\/site\/wp-content\/uploads\/2018\/11\/DSC_0452.jpg\"><img loading=\"lazy\" decoding=\"async\" class=\"alignnone size-full wp-image-64900\" src=\"https:\/\/anoticiaonline.com.br\/site\/wp-content\/uploads\/2018\/11\/DSC_0452.jpg\" alt=\"\" width=\"998\" height=\"667\" srcset=\"https:\/\/anoticiaonline.com.br\/site\/wp-content\/uploads\/2018\/11\/DSC_0452.jpg 998w, https:\/\/anoticiaonline.com.br\/site\/wp-content\/uploads\/2018\/11\/DSC_0452-300x201.jpg 300w, https:\/\/anoticiaonline.com.br\/site\/wp-content\/uploads\/2018\/11\/DSC_0452-768x513.jpg 768w\" sizes=\"(max-width: 998px) 100vw, 998px\" \/><\/a> <a href=\"https:\/\/anoticiaonline.com.br\/site\/wp-content\/uploads\/2018\/11\/DSC_0456.jpg\"><img loading=\"lazy\" decoding=\"async\" class=\"alignnone size-full wp-image-64901\" src=\"https:\/\/anoticiaonline.com.br\/site\/wp-content\/uploads\/2018\/11\/DSC_0456.jpg\" alt=\"\" width=\"998\" height=\"667\" srcset=\"https:\/\/anoticiaonline.com.br\/site\/wp-content\/uploads\/2018\/11\/DSC_0456.jpg 998w, https:\/\/anoticiaonline.com.br\/site\/wp-content\/uploads\/2018\/11\/DSC_0456-300x201.jpg 300w, https:\/\/anoticiaonline.com.br\/site\/wp-content\/uploads\/2018\/11\/DSC_0456-768x513.jpg 768w\" sizes=\"(max-width: 998px) 100vw, 998px\" \/><\/a> <a href=\"https:\/\/anoticiaonline.com.br\/site\/wp-content\/uploads\/2018\/11\/DSC_0460.jpg\"><img loading=\"lazy\" decoding=\"async\" class=\"alignnone size-full wp-image-64903\" src=\"https:\/\/anoticiaonline.com.br\/site\/wp-content\/uploads\/2018\/11\/DSC_0460.jpg\" alt=\"\" width=\"998\" height=\"667\" srcset=\"https:\/\/anoticiaonline.com.br\/site\/wp-content\/uploads\/2018\/11\/DSC_0460.jpg 998w, https:\/\/anoticiaonline.com.br\/site\/wp-content\/uploads\/2018\/11\/DSC_0460-300x201.jpg 300w, https:\/\/anoticiaonline.com.br\/site\/wp-content\/uploads\/2018\/11\/DSC_0460-768x513.jpg 768w\" sizes=\"(max-width: 998px) 100vw, 998px\" \/><\/a><\/p>\n<p>&nbsp;<\/p>\n","protected":false},"excerpt":{"rendered":"<p>&nbsp; A Associa\u00e7\u00e3o de Violeiros de Muria\u00e9 participou da 2\u00aa Virada Cultural, durante uma apresenta\u00e7\u00e3o no s\u00e1bado (17) \u00e0 tarde. A segunda edi\u00e7\u00e3o da Virada Cultural movimentou a cidade no s\u00e1bado e domingo (17 e 18). Foram dois dias de atividades culturais variadas, que levaram lazer e entretenimento para o p\u00fablico muriaeense. Parte do projeto &#8230; <a title=\"Associa\u00e7\u00e3o de Violeiros de Muria\u00e9 participa da 2\u00aa Virada Cultural\" class=\"read-more\" href=\"https:\/\/anoticiaonline.com.br\/site\/associacao-de-violeiros-de-muriae-participa-da-2a-virada-cultural\/\" aria-label=\"Read more about Associa\u00e7\u00e3o de Violeiros de Muria\u00e9 participa da 2\u00aa Virada Cultural\">Ler mais<\/a><\/p>\n","protected":false},"author":2,"featured_media":64886,"comment_status":"open","ping_status":"open","sticky":false,"template":"","format":"standard","meta":{"_acf_changed":false,"_monsterinsights_skip_tracking":false,"footnotes":""},"categories":[30],"tags":[],"class_list":["post-64841","post","type-post","status-publish","format-standard","has-post-thumbnail","hentry","category-muriae"],"acf":[],"aioseo_notices":[],"aioseo_head":"\n\t\t<!-- All in One SEO 5.0.0.1 - aioseo.com -->\n\t<meta name=\"description\" content=\"A Associa\u00e7\u00e3o de Violeiros de Muria\u00e9 participou da 2\u00aa Virada Cultural, durante uma apresenta\u00e7\u00e3o no s\u00e1bado (17) \u00e0 tarde. A segunda edi\u00e7\u00e3o da Virada Cultural movimentou a cidade no s\u00e1bado e domingo (17 e 18). Foram dois dias de atividades culturais variadas, que levaram lazer e entretenimento para o p\u00fablico muriaeense. Parte do projeto\" \/>\n\t<meta name=\"robots\" content=\"max-image-preview:large\" \/>\n\t<meta name=\"author\" content=\"Juliana Laviola\"\/>\n\t<link rel=\"canonical\" href=\"https:\/\/anoticiaonline.com.br\/site\/associacao-de-violeiros-de-muriae-participa-da-2a-virada-cultural\/\" \/>\n\t<meta name=\"generator\" content=\"All in One SEO (AIOSEO) 5.0.0.1\" \/>\n\t\t<meta property=\"og:locale\" content=\"pt_BR\" \/>\n\t\t<meta property=\"og:site_name\" content=\"A Not\u00edcia Online - Noticias de Muria\u00e9 e regi\u00e3o\" \/>\n\t\t<meta property=\"og:type\" content=\"article\" \/>\n\t\t<meta property=\"og:title\" content=\"Associa\u00e7\u00e3o de Violeiros de Muria\u00e9 participa da 2\u00aa Virada Cultural - A Not\u00edcia Online\" \/>\n\t\t<meta property=\"og:description\" content=\"A Associa\u00e7\u00e3o de Violeiros de Muria\u00e9 participou da 2\u00aa Virada Cultural, durante uma apresenta\u00e7\u00e3o no s\u00e1bado (17) \u00e0 tarde. A segunda edi\u00e7\u00e3o da Virada Cultural movimentou a cidade no s\u00e1bado e domingo (17 e 18). Foram dois dias de atividades culturais variadas, que levaram lazer e entretenimento para o p\u00fablico muriaeense. Parte do projeto\" \/>\n\t\t<meta property=\"og:url\" content=\"https:\/\/anoticiaonline.com.br\/site\/associacao-de-violeiros-de-muriae-participa-da-2a-virada-cultural\/\" \/>\n\t\t<meta property=\"og:image\" content=\"https:\/\/scontent-gig4-1.xx.fbcdn.net\/v\/t39.30808-1\/270437624_4564083193639691_6907940295614233970_n.jpg?stp=dst-jpg_s200x200_tt6&#038;_nc_cat=111&#038;ccb=1-7&#038;_nc_sid=f907e8&#038;_nc_ohc=SM1wRlP3lJwQ7kNvwEPuBYA&#038;_nc_oc=AdnqrjDN_BNjSSHWO-GbkIWH6fkGMLw4bqvL_NH6e2wMveX7G-rP2dAqsDSq1mJMOaY&#038;_nc_zt=24&#038;_nc_ht=scontent-gig4-1.xx&#038;_nc_gid=AoBFJeGrT1hVaew_6rchkQ&#038;oh=00_AfX7QmFGhQhG2jAllVgXCiM1ZrWgvtp80-Bfppyexh1QEg&#038;oe=689E923C\" \/>\n\t\t<meta property=\"og:image:secure_url\" content=\"https:\/\/scontent-gig4-1.xx.fbcdn.net\/v\/t39.30808-1\/270437624_4564083193639691_6907940295614233970_n.jpg?stp=dst-jpg_s200x200_tt6&#038;_nc_cat=111&#038;ccb=1-7&#038;_nc_sid=f907e8&#038;_nc_ohc=SM1wRlP3lJwQ7kNvwEPuBYA&#038;_nc_oc=AdnqrjDN_BNjSSHWO-GbkIWH6fkGMLw4bqvL_NH6e2wMveX7G-rP2dAqsDSq1mJMOaY&#038;_nc_zt=24&#038;_nc_ht=scontent-gig4-1.xx&#038;_nc_gid=AoBFJeGrT1hVaew_6rchkQ&#038;oh=00_AfX7QmFGhQhG2jAllVgXCiM1ZrWgvtp80-Bfppyexh1QEg&#038;oe=689E923C\" \/>\n\t\t<meta property=\"article:published_time\" content=\"2018-11-22T22:35:05+00:00\" \/>\n\t\t<meta property=\"article:modified_time\" content=\"2018-11-23T12:41:34+00:00\" \/>\n\t\t<meta name=\"twitter:card\" content=\"summary_large_image\" \/>\n\t\t<meta name=\"twitter:title\" content=\"Associa\u00e7\u00e3o de Violeiros de Muria\u00e9 participa da 2\u00aa Virada Cultural - A Not\u00edcia Online\" \/>\n\t\t<meta name=\"twitter:description\" content=\"A Associa\u00e7\u00e3o de Violeiros de Muria\u00e9 participou da 2\u00aa Virada Cultural, durante uma apresenta\u00e7\u00e3o no s\u00e1bado (17) \u00e0 tarde. A segunda edi\u00e7\u00e3o da Virada Cultural movimentou a cidade no s\u00e1bado e domingo (17 e 18). Foram dois dias de atividades culturais variadas, que levaram lazer e entretenimento para o p\u00fablico muriaeense. Parte do projeto\" \/>\n\t\t<meta name=\"twitter:image\" content=\"https:\/\/scontent-gig4-1.xx.fbcdn.net\/v\/t39.30808-1\/270437624_4564083193639691_6907940295614233970_n.jpg?stp=dst-jpg_s200x200_tt6&amp;_nc_cat=111&amp;ccb=1-7&amp;_nc_sid=f907e8&amp;_nc_ohc=SM1wRlP3lJwQ7kNvwEPuBYA&amp;_nc_oc=AdnqrjDN_BNjSSHWO-GbkIWH6fkGMLw4bqvL_NH6e2wMveX7G-rP2dAqsDSq1mJMOaY&amp;_nc_zt=24&amp;_nc_ht=scontent-gig4-1.xx&amp;_nc_gid=AoBFJeGrT1hVaew_6rchkQ&amp;oh=00_AfX7QmFGhQhG2jAllVgXCiM1ZrWgvtp80-Bfppyexh1QEg&amp;oe=689E923C\" \/>\n\t\t<script type=\"application\/ld+json\" class=\"aioseo-schema\">\n\t\t\t{\"@context\":\"https:\\\/\\\/schema.org\",\"@graph\":[{\"@type\":\"BlogPosting\",\"@id\":\"https:\\\/\\\/anoticiaonline.com.br\\\/site\\\/associacao-de-violeiros-de-muriae-participa-da-2a-virada-cultural\\\/#blogposting\",\"name\":\"Associa\\u00e7\\u00e3o de Violeiros de Muria\\u00e9 participa da 2\\u00aa Virada Cultural - A Not\\u00edcia Online\",\"headline\":\"Associa\\u00e7\\u00e3o de Violeiros de Muria\\u00e9 participa da 2\\u00aa Virada Cultural\",\"author\":{\"@id\":\"https:\\\/\\\/anoticiaonline.com.br\\\/site\\\/author\\\/juliana\\\/#author\"},\"publisher\":{\"@id\":\"https:\\\/\\\/anoticiaonline.com.br\\\/site\\\/#organization\"},\"image\":{\"@type\":\"ImageObject\",\"url\":\"https:\\\/\\\/anoticiaonline.com.br\\\/site\\\/wp-content\\\/uploads\\\/2018\\\/11\\\/capa-violeiros.jpg\",\"width\":1000,\"height\":350},\"datePublished\":\"2018-11-22T19:35:05-03:00\",\"dateModified\":\"2018-11-23T09:41:34-03:00\",\"inLanguage\":\"pt-BR\",\"mainEntityOfPage\":{\"@id\":\"https:\\\/\\\/anoticiaonline.com.br\\\/site\\\/associacao-de-violeiros-de-muriae-participa-da-2a-virada-cultural\\\/#webpage\"},\"isPartOf\":{\"@id\":\"https:\\\/\\\/anoticiaonline.com.br\\\/site\\\/associacao-de-violeiros-de-muriae-participa-da-2a-virada-cultural\\\/#webpage\"},\"articleSection\":\"Blog\"},{\"@type\":\"BreadcrumbList\",\"@id\":\"https:\\\/\\\/anoticiaonline.com.br\\\/site\\\/associacao-de-violeiros-de-muriae-participa-da-2a-virada-cultural\\\/#breadcrumblist\",\"itemListElement\":[{\"@type\":\"ListItem\",\"@id\":\"https:\\\/\\\/anoticiaonline.com.br\\\/site#listItem\",\"position\":1,\"name\":\"Home\",\"item\":\"https:\\\/\\\/anoticiaonline.com.br\\\/site\",\"nextItem\":{\"@type\":\"ListItem\",\"@id\":\"https:\\\/\\\/anoticiaonline.com.br\\\/site\\\/categoria\\\/muriae\\\/#listItem\",\"name\":\"Blog\"}},{\"@type\":\"ListItem\",\"@id\":\"https:\\\/\\\/anoticiaonline.com.br\\\/site\\\/categoria\\\/muriae\\\/#listItem\",\"position\":2,\"name\":\"Blog\",\"item\":\"https:\\\/\\\/anoticiaonline.com.br\\\/site\\\/categoria\\\/muriae\\\/\",\"nextItem\":{\"@type\":\"ListItem\",\"@id\":\"https:\\\/\\\/anoticiaonline.com.br\\\/site\\\/associacao-de-violeiros-de-muriae-participa-da-2a-virada-cultural\\\/#listItem\",\"name\":\"Associa\\u00e7\\u00e3o de Violeiros de Muria\\u00e9 participa da 2\\u00aa Virada Cultural\"},\"previousItem\":{\"@type\":\"ListItem\",\"@id\":\"https:\\\/\\\/anoticiaonline.com.br\\\/site#listItem\",\"name\":\"Home\"}},{\"@type\":\"ListItem\",\"@id\":\"https:\\\/\\\/anoticiaonline.com.br\\\/site\\\/associacao-de-violeiros-de-muriae-participa-da-2a-virada-cultural\\\/#listItem\",\"position\":3,\"name\":\"Associa\\u00e7\\u00e3o de Violeiros de Muria\\u00e9 participa da 2\\u00aa Virada Cultural\",\"previousItem\":{\"@type\":\"ListItem\",\"@id\":\"https:\\\/\\\/anoticiaonline.com.br\\\/site\\\/categoria\\\/muriae\\\/#listItem\",\"name\":\"Blog\"}}]},{\"@type\":\"Organization\",\"@id\":\"https:\\\/\\\/anoticiaonline.com.br\\\/site\\\/#organization\",\"name\":\"A Not\\u00edcia Online\",\"description\":\"Noticias de Muria\\u00e9 e regi\\u00e3o\",\"url\":\"https:\\\/\\\/anoticiaonline.com.br\\\/site\\\/\",\"logo\":{\"@type\":\"ImageObject\",\"url\":\"https:\\\/\\\/scontent-gig4-1.xx.fbcdn.net\\\/v\\\/t39.30808-1\\\/270437624_4564083193639691_6907940295614233970_n.jpg?stp=dst-jpg_s200x200_tt6&_nc_cat=111&ccb=1-7&_nc_sid=f907e8&_nc_ohc=SM1wRlP3lJwQ7kNvwEPuBYA&_nc_oc=AdnqrjDN_BNjSSHWO-GbkIWH6fkGMLw4bqvL_NH6e2wMveX7G-rP2dAqsDSq1mJMOaY&_nc_zt=24&_nc_ht=scontent-gig4-1.xx&_nc_gid=AoBFJeGrT1hVaew_6rchkQ&oh=00_AfX7QmFGhQhG2jAllVgXCiM1ZrWgvtp80-Bfppyexh1QEg&oe=689E923C\",\"@id\":\"https:\\\/\\\/anoticiaonline.com.br\\\/site\\\/associacao-de-violeiros-de-muriae-participa-da-2a-virada-cultural\\\/#organizationLogo\"},\"image\":{\"@id\":\"https:\\\/\\\/anoticiaonline.com.br\\\/site\\\/associacao-de-violeiros-de-muriae-participa-da-2a-virada-cultural\\\/#organizationLogo\"}},{\"@type\":\"Person\",\"@id\":\"https:\\\/\\\/anoticiaonline.com.br\\\/site\\\/author\\\/juliana\\\/#author\",\"url\":\"https:\\\/\\\/anoticiaonline.com.br\\\/site\\\/author\\\/juliana\\\/\",\"name\":\"Juliana Laviola\",\"image\":{\"@type\":\"ImageObject\",\"@id\":\"https:\\\/\\\/anoticiaonline.com.br\\\/site\\\/associacao-de-violeiros-de-muriae-participa-da-2a-virada-cultural\\\/#authorImage\",\"url\":\"https:\\\/\\\/secure.gravatar.com\\\/avatar\\\/b8d45f5c699b100dfaf0e543582f38f38bf94cb7ae3a5e9abf8d891a34773335?s=96&d=mm&r=g\",\"width\":96,\"height\":96,\"caption\":\"Juliana Laviola\"}},{\"@type\":\"WebPage\",\"@id\":\"https:\\\/\\\/anoticiaonline.com.br\\\/site\\\/associacao-de-violeiros-de-muriae-participa-da-2a-virada-cultural\\\/#webpage\",\"url\":\"https:\\\/\\\/anoticiaonline.com.br\\\/site\\\/associacao-de-violeiros-de-muriae-participa-da-2a-virada-cultural\\\/\",\"name\":\"Associa\\u00e7\\u00e3o de Violeiros de Muria\\u00e9 participa da 2\\u00aa Virada Cultural - A Not\\u00edcia Online\",\"description\":\"A Associa\\u00e7\\u00e3o de Violeiros de Muria\\u00e9 participou da 2\\u00aa Virada Cultural, durante uma apresenta\\u00e7\\u00e3o no s\\u00e1bado (17) \\u00e0 tarde. A segunda edi\\u00e7\\u00e3o da Virada Cultural movimentou a cidade no s\\u00e1bado e domingo (17 e 18). Foram dois dias de atividades culturais variadas, que levaram lazer e entretenimento para o p\\u00fablico muriaeense. Parte do projeto\",\"inLanguage\":\"pt-BR\",\"isPartOf\":{\"@id\":\"https:\\\/\\\/anoticiaonline.com.br\\\/site\\\/#website\"},\"breadcrumb\":{\"@id\":\"https:\\\/\\\/anoticiaonline.com.br\\\/site\\\/associacao-de-violeiros-de-muriae-participa-da-2a-virada-cultural\\\/#breadcrumblist\"},\"author\":{\"@id\":\"https:\\\/\\\/anoticiaonline.com.br\\\/site\\\/author\\\/juliana\\\/#author\"},\"creator\":{\"@id\":\"https:\\\/\\\/anoticiaonline.com.br\\\/site\\\/author\\\/juliana\\\/#author\"},\"image\":{\"@type\":\"ImageObject\",\"url\":\"https:\\\/\\\/anoticiaonline.com.br\\\/site\\\/wp-content\\\/uploads\\\/2018\\\/11\\\/capa-violeiros.jpg\",\"@id\":\"https:\\\/\\\/anoticiaonline.com.br\\\/site\\\/associacao-de-violeiros-de-muriae-participa-da-2a-virada-cultural\\\/#mainImage\",\"width\":1000,\"height\":350},\"primaryImageOfPage\":{\"@id\":\"https:\\\/\\\/anoticiaonline.com.br\\\/site\\\/associacao-de-violeiros-de-muriae-participa-da-2a-virada-cultural\\\/#mainImage\"},\"datePublished\":\"2018-11-22T19:35:05-03:00\",\"dateModified\":\"2018-11-23T09:41:34-03:00\"},{\"@type\":\"WebSite\",\"@id\":\"https:\\\/\\\/anoticiaonline.com.br\\\/site\\\/#website\",\"url\":\"https:\\\/\\\/anoticiaonline.com.br\\\/site\\\/\",\"name\":\"A Not\\u00edcia Online\",\"description\":\"Noticias de Muria\\u00e9 e regi\\u00e3o\",\"inLanguage\":\"pt-BR\",\"publisher\":{\"@id\":\"https:\\\/\\\/anoticiaonline.com.br\\\/site\\\/#organization\"}}]}\n\t\t<\/script>\n\t\t<!-- All in One SEO -->\n\n","aioseo_head_json":{"title":"Associa\u00e7\u00e3o de Violeiros de Muria\u00e9 participa da 2\u00aa Virada Cultural - A Not\u00edcia Online","description":"A Associa\u00e7\u00e3o de Violeiros de Muria\u00e9 participou da 2\u00aa Virada Cultural, durante uma apresenta\u00e7\u00e3o no s\u00e1bado (17) \u00e0 tarde. A segunda edi\u00e7\u00e3o da Virada Cultural movimentou a cidade no s\u00e1bado e domingo (17 e 18). Foram dois dias de atividades culturais variadas, que levaram lazer e entretenimento para o p\u00fablico muriaeense. Parte do projeto","canonical_url":"https:\/\/anoticiaonline.com.br\/site\/associacao-de-violeiros-de-muriae-participa-da-2a-virada-cultural\/","robots":"max-image-preview:large","keywords":"","webmasterTools":{"miscellaneous":""},"schema":{"@context":"https:\/\/schema.org","@graph":[{"@type":"BlogPosting","@id":"https:\/\/anoticiaonline.com.br\/site\/associacao-de-violeiros-de-muriae-participa-da-2a-virada-cultural\/#blogposting","name":"Associa\u00e7\u00e3o de Violeiros de Muria\u00e9 participa da 2\u00aa Virada Cultural - A Not\u00edcia Online","headline":"Associa\u00e7\u00e3o de Violeiros de Muria\u00e9 participa da 2\u00aa Virada Cultural","author":{"@id":"https:\/\/anoticiaonline.com.br\/site\/author\/juliana\/#author"},"publisher":{"@id":"https:\/\/anoticiaonline.com.br\/site\/#organization"},"image":{"@type":"ImageObject","url":"https:\/\/anoticiaonline.com.br\/site\/wp-content\/uploads\/2018\/11\/capa-violeiros.jpg","width":1000,"height":350},"datePublished":"2018-11-22T19:35:05-03:00","dateModified":"2018-11-23T09:41:34-03:00","inLanguage":"pt-BR","mainEntityOfPage":{"@id":"https:\/\/anoticiaonline.com.br\/site\/associacao-de-violeiros-de-muriae-participa-da-2a-virada-cultural\/#webpage"},"isPartOf":{"@id":"https:\/\/anoticiaonline.com.br\/site\/associacao-de-violeiros-de-muriae-participa-da-2a-virada-cultural\/#webpage"},"articleSection":"Blog"},{"@type":"BreadcrumbList","@id":"https:\/\/anoticiaonline.com.br\/site\/associacao-de-violeiros-de-muriae-participa-da-2a-virada-cultural\/#breadcrumblist","itemListElement":[{"@type":"ListItem","@id":"https:\/\/anoticiaonline.com.br\/site#listItem","position":1,"name":"Home","item":"https:\/\/anoticiaonline.com.br\/site","nextItem":{"@type":"ListItem","@id":"https:\/\/anoticiaonline.com.br\/site\/categoria\/muriae\/#listItem","name":"Blog"}},{"@type":"ListItem","@id":"https:\/\/anoticiaonline.com.br\/site\/categoria\/muriae\/#listItem","position":2,"name":"Blog","item":"https:\/\/anoticiaonline.com.br\/site\/categoria\/muriae\/","nextItem":{"@type":"ListItem","@id":"https:\/\/anoticiaonline.com.br\/site\/associacao-de-violeiros-de-muriae-participa-da-2a-virada-cultural\/#listItem","name":"Associa\u00e7\u00e3o de Violeiros de Muria\u00e9 participa da 2\u00aa Virada Cultural"},"previousItem":{"@type":"ListItem","@id":"https:\/\/anoticiaonline.com.br\/site#listItem","name":"Home"}},{"@type":"ListItem","@id":"https:\/\/anoticiaonline.com.br\/site\/associacao-de-violeiros-de-muriae-participa-da-2a-virada-cultural\/#listItem","position":3,"name":"Associa\u00e7\u00e3o de Violeiros de Muria\u00e9 participa da 2\u00aa Virada Cultural","previousItem":{"@type":"ListItem","@id":"https:\/\/anoticiaonline.com.br\/site\/categoria\/muriae\/#listItem","name":"Blog"}}]},{"@type":"Organization","@id":"https:\/\/anoticiaonline.com.br\/site\/#organization","name":"A Not\u00edcia Online","description":"Noticias de Muria\u00e9 e regi\u00e3o","url":"https:\/\/anoticiaonline.com.br\/site\/","logo":{"@type":"ImageObject","url":"https:\/\/scontent-gig4-1.xx.fbcdn.net\/v\/t39.30808-1\/270437624_4564083193639691_6907940295614233970_n.jpg?stp=dst-jpg_s200x200_tt6&_nc_cat=111&ccb=1-7&_nc_sid=f907e8&_nc_ohc=SM1wRlP3lJwQ7kNvwEPuBYA&_nc_oc=AdnqrjDN_BNjSSHWO-GbkIWH6fkGMLw4bqvL_NH6e2wMveX7G-rP2dAqsDSq1mJMOaY&_nc_zt=24&_nc_ht=scontent-gig4-1.xx&_nc_gid=AoBFJeGrT1hVaew_6rchkQ&oh=00_AfX7QmFGhQhG2jAllVgXCiM1ZrWgvtp80-Bfppyexh1QEg&oe=689E923C","@id":"https:\/\/anoticiaonline.com.br\/site\/associacao-de-violeiros-de-muriae-participa-da-2a-virada-cultural\/#organizationLogo"},"image":{"@id":"https:\/\/anoticiaonline.com.br\/site\/associacao-de-violeiros-de-muriae-participa-da-2a-virada-cultural\/#organizationLogo"}},{"@type":"Person","@id":"https:\/\/anoticiaonline.com.br\/site\/author\/juliana\/#author","url":"https:\/\/anoticiaonline.com.br\/site\/author\/juliana\/","name":"Juliana Laviola","image":{"@type":"ImageObject","@id":"https:\/\/anoticiaonline.com.br\/site\/associacao-de-violeiros-de-muriae-participa-da-2a-virada-cultural\/#authorImage","url":"https:\/\/secure.gravatar.com\/avatar\/b8d45f5c699b100dfaf0e543582f38f38bf94cb7ae3a5e9abf8d891a34773335?s=96&d=mm&r=g","width":96,"height":96,"caption":"Juliana Laviola"}},{"@type":"WebPage","@id":"https:\/\/anoticiaonline.com.br\/site\/associacao-de-violeiros-de-muriae-participa-da-2a-virada-cultural\/#webpage","url":"https:\/\/anoticiaonline.com.br\/site\/associacao-de-violeiros-de-muriae-participa-da-2a-virada-cultural\/","name":"Associa\u00e7\u00e3o de Violeiros de Muria\u00e9 participa da 2\u00aa Virada Cultural - A Not\u00edcia Online","description":"A Associa\u00e7\u00e3o de Violeiros de Muria\u00e9 participou da 2\u00aa Virada Cultural, durante uma apresenta\u00e7\u00e3o no s\u00e1bado (17) \u00e0 tarde. A segunda edi\u00e7\u00e3o da Virada Cultural movimentou a cidade no s\u00e1bado e domingo (17 e 18). Foram dois dias de atividades culturais variadas, que levaram lazer e entretenimento para o p\u00fablico muriaeense. Parte do projeto","inLanguage":"pt-BR","isPartOf":{"@id":"https:\/\/anoticiaonline.com.br\/site\/#website"},"breadcrumb":{"@id":"https:\/\/anoticiaonline.com.br\/site\/associacao-de-violeiros-de-muriae-participa-da-2a-virada-cultural\/#breadcrumblist"},"author":{"@id":"https:\/\/anoticiaonline.com.br\/site\/author\/juliana\/#author"},"creator":{"@id":"https:\/\/anoticiaonline.com.br\/site\/author\/juliana\/#author"},"image":{"@type":"ImageObject","url":"https:\/\/anoticiaonline.com.br\/site\/wp-content\/uploads\/2018\/11\/capa-violeiros.jpg","@id":"https:\/\/anoticiaonline.com.br\/site\/associacao-de-violeiros-de-muriae-participa-da-2a-virada-cultural\/#mainImage","width":1000,"height":350},"primaryImageOfPage":{"@id":"https:\/\/anoticiaonline.com.br\/site\/associacao-de-violeiros-de-muriae-participa-da-2a-virada-cultural\/#mainImage"},"datePublished":"2018-11-22T19:35:05-03:00","dateModified":"2018-11-23T09:41:34-03:00"},{"@type":"WebSite","@id":"https:\/\/anoticiaonline.com.br\/site\/#website","url":"https:\/\/anoticiaonline.com.br\/site\/","name":"A Not\u00edcia Online","description":"Noticias de Muria\u00e9 e regi\u00e3o","inLanguage":"pt-BR","publisher":{"@id":"https:\/\/anoticiaonline.com.br\/site\/#organization"}}]},"og:locale":"pt_BR","og:site_name":"A Not\u00edcia Online - Noticias de Muria\u00e9 e regi\u00e3o","og:type":"article","og:title":"Associa\u00e7\u00e3o de Violeiros de Muria\u00e9 participa da 2\u00aa Virada Cultural - A Not\u00edcia Online","og:description":"A Associa\u00e7\u00e3o de Violeiros de Muria\u00e9 participou da 2\u00aa Virada Cultural, durante uma apresenta\u00e7\u00e3o no s\u00e1bado (17) \u00e0 tarde. A segunda edi\u00e7\u00e3o da Virada Cultural movimentou a cidade no s\u00e1bado e domingo (17 e 18). Foram dois dias de atividades culturais variadas, que levaram lazer e entretenimento para o p\u00fablico muriaeense. Parte do projeto","og:url":"https:\/\/anoticiaonline.com.br\/site\/associacao-de-violeiros-de-muriae-participa-da-2a-virada-cultural\/","og:image":"https:\/\/scontent-gig4-1.xx.fbcdn.net\/v\/t39.30808-1\/270437624_4564083193639691_6907940295614233970_n.jpg?stp=dst-jpg_s200x200_tt6&#038;_nc_cat=111&#038;ccb=1-7&#038;_nc_sid=f907e8&#038;_nc_ohc=SM1wRlP3lJwQ7kNvwEPuBYA&#038;_nc_oc=AdnqrjDN_BNjSSHWO-GbkIWH6fkGMLw4bqvL_NH6e2wMveX7G-rP2dAqsDSq1mJMOaY&#038;_nc_zt=24&#038;_nc_ht=scontent-gig4-1.xx&#038;_nc_gid=AoBFJeGrT1hVaew_6rchkQ&#038;oh=00_AfX7QmFGhQhG2jAllVgXCiM1ZrWgvtp80-Bfppyexh1QEg&#038;oe=689E923C","og:image:secure_url":"https:\/\/scontent-gig4-1.xx.fbcdn.net\/v\/t39.30808-1\/270437624_4564083193639691_6907940295614233970_n.jpg?stp=dst-jpg_s200x200_tt6&#038;_nc_cat=111&#038;ccb=1-7&#038;_nc_sid=f907e8&#038;_nc_ohc=SM1wRlP3lJwQ7kNvwEPuBYA&#038;_nc_oc=AdnqrjDN_BNjSSHWO-GbkIWH6fkGMLw4bqvL_NH6e2wMveX7G-rP2dAqsDSq1mJMOaY&#038;_nc_zt=24&#038;_nc_ht=scontent-gig4-1.xx&#038;_nc_gid=AoBFJeGrT1hVaew_6rchkQ&#038;oh=00_AfX7QmFGhQhG2jAllVgXCiM1ZrWgvtp80-Bfppyexh1QEg&#038;oe=689E923C","article:published_time":"2018-11-22T22:35:05+00:00","article:modified_time":"2018-11-23T12:41:34+00:00","twitter:card":"summary_large_image","twitter:title":"Associa\u00e7\u00e3o de Violeiros de Muria\u00e9 participa da 2\u00aa Virada Cultural - A Not\u00edcia Online","twitter:description":"A Associa\u00e7\u00e3o de Violeiros de Muria\u00e9 participou da 2\u00aa Virada Cultural, durante uma apresenta\u00e7\u00e3o no s\u00e1bado (17) \u00e0 tarde. A segunda edi\u00e7\u00e3o da Virada Cultural movimentou a cidade no s\u00e1bado e domingo (17 e 18). Foram dois dias de atividades culturais variadas, que levaram lazer e entretenimento para o p\u00fablico muriaeense. Parte do projeto","twitter:image":"https:\/\/scontent-gig4-1.xx.fbcdn.net\/v\/t39.30808-1\/270437624_4564083193639691_6907940295614233970_n.jpg?stp=dst-jpg_s200x200_tt6&_nc_cat=111&ccb=1-7&_nc_sid=f907e8&_nc_ohc=SM1wRlP3lJwQ7kNvwEPuBYA&_nc_oc=AdnqrjDN_BNjSSHWO-GbkIWH6fkGMLw4bqvL_NH6e2wMveX7G-rP2dAqsDSq1mJMOaY&_nc_zt=24&_nc_ht=scontent-gig4-1.xx&_nc_gid=AoBFJeGrT1hVaew_6rchkQ&oh=00_AfX7QmFGhQhG2jAllVgXCiM1ZrWgvtp80-Bfppyexh1QEg&oe=689E923C"},"aioseo_meta_data":{"post_id":"64841","title":null,"description":null,"keywords":null,"keyphrases":null,"primary_term":null,"canonical_url":null,"og_title":null,"og_description":null,"og_object_type":"default","og_image_type":"default","og_image_url":null,"og_image_width":null,"og_image_height":null,"og_image_custom_url":null,"og_image_custom_fields":null,"og_video":null,"og_custom_url":null,"og_article_section":null,"og_article_tags":null,"twitter_use_og":false,"twitter_card":"default","twitter_image_type":"default","twitter_image_url":null,"twitter_image_custom_url":null,"twitter_image_custom_fields":null,"twitter_title":null,"twitter_description":null,"schema":{"blockGraphs":[],"customGraphs":[],"default":{"data":{"Article":[],"Course":[],"Dataset":[],"FAQPage":[],"Movie":[],"Person":[],"Product":[],"ProductReview":[],"Car":[],"Recipe":[],"Service":[],"SoftwareApplication":[],"WebPage":[]},"graphName":"","isEnabled":true},"graphs":[]},"schema_type":"default","schema_type_options":null,"pillar_content":false,"robots_default":true,"robots_noindex":false,"robots_noarchive":false,"robots_nosnippet":false,"robots_nofollow":false,"robots_noimageindex":false,"robots_noodp":false,"robots_notranslate":false,"robots_max_snippet":null,"robots_max_videopreview":null,"robots_max_imagepreview":"large","priority":null,"frequency":null,"local_seo":null,"breadcrumb_settings":null,"limit_modified_date":false,"ai":null,"created":"2025-08-16 22:15:03","updated":"2025-08-16 22:15:03","focus_keyword":null,"additional_keywords":null,"truseo_locale":null,"seo_analyzer_scan_date":null},"aioseo_breadcrumb":"<div class=\"aioseo-breadcrumbs\"><span class=\"aioseo-breadcrumb\">\n\t\t\t<a href=\"https:\/\/anoticiaonline.com.br\/site\" title=\"Home\">Home<\/a>\n\t\t<\/span><span class=\"aioseo-breadcrumb-separator\">&raquo;<\/span><span class=\"aioseo-breadcrumb\">\n\t\t\t<a href=\"https:\/\/anoticiaonline.com.br\/site\/categoria\/muriae\/\" title=\"Blog\">Blog<\/a>\n\t\t<\/span><span class=\"aioseo-breadcrumb-separator\">&raquo;<\/span><span class=\"aioseo-breadcrumb\">\n\t\t\tAssocia\u00e7\u00e3o de Violeiros de Muria\u00e9 participa da 2\u00aa Virada Cultural\n\t\t<\/span><\/div>","aioseo_breadcrumb_json":[{"label":"Home","link":"https:\/\/anoticiaonline.com.br\/site"},{"label":"Blog","link":"https:\/\/anoticiaonline.com.br\/site\/categoria\/muriae\/"},{"label":"Associa\u00e7\u00e3o de Violeiros de Muria\u00e9 participa da 2\u00aa Virada Cultural","link":"https:\/\/anoticiaonline.com.br\/site\/associacao-de-violeiros-de-muriae-participa-da-2a-virada-cultural\/"}],"views":161,"_links":{"self":[{"href":"https:\/\/anoticiaonline.com.br\/site\/wp-json\/wp\/v2\/posts\/64841","targetHints":{"allow":["GET"]}}],"collection":[{"href":"https:\/\/anoticiaonline.com.br\/site\/wp-json\/wp\/v2\/posts"}],"about":[{"href":"https:\/\/anoticiaonline.com.br\/site\/wp-json\/wp\/v2\/types\/post"}],"author":[{"embeddable":true,"href":"https:\/\/anoticiaonline.com.br\/site\/wp-json\/wp\/v2\/users\/2"}],"replies":[{"embeddable":true,"href":"https:\/\/anoticiaonline.com.br\/site\/wp-json\/wp\/v2\/comments?post=64841"}],"version-history":[{"count":0,"href":"https:\/\/anoticiaonline.com.br\/site\/wp-json\/wp\/v2\/posts\/64841\/revisions"}],"wp:featuredmedia":[{"embeddable":true,"href":"https:\/\/anoticiaonline.com.br\/site\/wp-json\/wp\/v2\/media\/64886"}],"wp:attachment":[{"href":"https:\/\/anoticiaonline.com.br\/site\/wp-json\/wp\/v2\/media?parent=64841"}],"wp:term":[{"taxonomy":"category","embeddable":true,"href":"https:\/\/anoticiaonline.com.br\/site\/wp-json\/wp\/v2\/categories?post=64841"},{"taxonomy":"post_tag","embeddable":true,"href":"https:\/\/anoticiaonline.com.br\/site\/wp-json\/wp\/v2\/tags?post=64841"}],"curies":[{"name":"wp","href":"https:\/\/api.w.org\/{rel}","templated":true}]}}