{"id":6482,"date":"2015-11-17T16:07:35","date_gmt":"2015-11-17T19:07:35","guid":{"rendered":"http:\/\/anoticiaonline.com.br\/site\/?p=6482"},"modified":"2015-11-17T16:07:35","modified_gmt":"2015-11-17T19:07:35","slug":"chuvas-levam-empresa-de-onibus-a-interromper-viagens-ao-alto-do-castelo","status":"publish","type":"post","link":"https:\/\/anoticiaonline.com.br\/site\/chuvas-levam-empresa-de-onibus-a-interromper-viagens-ao-alto-do-castelo\/","title":{"rendered":"Chuvas levam empresa de \u00f4nibus a interromper viagens ao Alto do Castelo"},"content":{"rendered":"<p><a href=\"https:\/\/anoticiaonline.com.br\/site\/wp-content\/uploads\/2015\/11\/rua.jpg\"><img fetchpriority=\"high\" decoding=\"async\" class=\" size-medium wp-image-6418 alignleft\" src=\"https:\/\/anoticiaonline.com.br\/site\/wp-content\/uploads\/2015\/11\/rua-300x200.jpg\" alt=\"rua\" width=\"300\" height=\"200\" srcset=\"https:\/\/anoticiaonline.com.br\/site\/wp-content\/uploads\/2015\/11\/rua-300x200.jpg 300w, https:\/\/anoticiaonline.com.br\/site\/wp-content\/uploads\/2015\/11\/rua.jpg 640w\" sizes=\"(max-width: 300px) 100vw, 300px\" \/><\/a>Atrav\u00e9s de documento enviado ao Departamento Municipal de Transportes e Tr\u00e2nsito (Demuttran), a empresa Coletivos Muriaeense comunicou a interrup\u00e7\u00e3o tempor\u00e1ria das viagens realizadas pela linha Circular ao bairro Vale do Castelo.<\/p>\n<p>A via\u00e7\u00e3o alega que a paralisa\u00e7\u00e3o no servi\u00e7o se d\u00e1 por quest\u00f5es de seguran\u00e7a, afirmando que, em raz\u00e3o das chuvas recentes e que devem perdurar pelos pr\u00f3ximos dias, os ve\u00edculos que fazem a rota em quest\u00e3o est\u00e3o tendo problemas de ader\u00eancia ao cal\u00e7amento, o que resulta em &#8220;alto risco&#8221; para o transporte dos passageiros.<\/p>\n<p>De acordo com o Demuttran, a rota ao Alto do Castelo voltar\u00e1 a ser realizada caso a previs\u00e3o de chuvas para os pr\u00f3ximos dias n\u00e3o se confirme. Vale lembrar que o itiner\u00e1rio da linha Circular foi temporariamente alterado em virtude da realiza\u00e7\u00e3o de obras na Rua Luiz Ant\u00f4nio Faria, principal via de acesso ao bairro em quest\u00e3o.<\/p>\n<p>Veja abaixo o comunicado:<\/p>\n<p><a href=\"https:\/\/anoticiaonline.com.br\/site\/wp-content\/uploads\/2015\/11\/coletivos-site.jpg\"><img decoding=\"async\" class=\"alignnone size-medium wp-image-6483\" src=\"https:\/\/anoticiaonline.com.br\/site\/wp-content\/uploads\/2015\/11\/coletivos-site-218x300.jpg\" alt=\"coletivos site\" width=\"218\" height=\"300\" srcset=\"https:\/\/anoticiaonline.com.br\/site\/wp-content\/uploads\/2015\/11\/coletivos-site-218x300.jpg 218w, https:\/\/anoticiaonline.com.br\/site\/wp-content\/uploads\/2015\/11\/coletivos-site.jpg 465w\" sizes=\"(max-width: 218px) 100vw, 218px\" \/><\/a><\/p>\n<p>&nbsp;<\/p>\n<p>&nbsp;<\/p>\n","protected":false},"excerpt":{"rendered":"<p>Atrav\u00e9s de documento enviado ao Departamento Municipal de Transportes e Tr\u00e2nsito (Demuttran), a empresa Coletivos Muriaeense comunicou a interrup\u00e7\u00e3o tempor\u00e1ria das viagens realizadas pela linha Circular ao bairro Vale do Castelo. A via\u00e7\u00e3o alega que a paralisa\u00e7\u00e3o no servi\u00e7o se d\u00e1 por quest\u00f5es de seguran\u00e7a, afirmando que, em raz\u00e3o das chuvas recentes e que devem &#8230; <a title=\"Chuvas levam empresa de \u00f4nibus a interromper viagens ao Alto do Castelo\" class=\"read-more\" href=\"https:\/\/anoticiaonline.com.br\/site\/chuvas-levam-empresa-de-onibus-a-interromper-viagens-ao-alto-do-castelo\/\" aria-label=\"Read more about Chuvas levam empresa de \u00f4nibus a interromper viagens ao Alto do Castelo\">Ler mais<\/a><\/p>\n","protected":false},"author":2,"featured_media":6418,"comment_status":"open","ping_status":"open","sticky":false,"template":"","format":"standard","meta":{"_acf_changed":false,"_monsterinsights_skip_tracking":false,"footnotes":""},"categories":[30],"tags":[3],"class_list":["post-6482","post","type-post","status-publish","format-standard","has-post-thumbnail","hentry","category-muriae","tag-slide"],"acf":[],"aioseo_notices":[],"aioseo_head":"\n\t\t<!-- All in One SEO 5.0.0.1 - aioseo.com -->\n\t<meta name=\"description\" content=\"Atrav\u00e9s de documento enviado ao Departamento Municipal de Transportes e Tr\u00e2nsito (Demuttran), a empresa Coletivos Muriaeense comunicou a interrup\u00e7\u00e3o tempor\u00e1ria das viagens realizadas pela linha Circular ao bairro Vale do Castelo. A via\u00e7\u00e3o alega que a paralisa\u00e7\u00e3o no servi\u00e7o se d\u00e1 por quest\u00f5es de seguran\u00e7a, afirmando que, em raz\u00e3o das chuvas recentes e que devem\" \/>\n\t<meta name=\"robots\" content=\"max-image-preview:large\" \/>\n\t<meta name=\"author\" content=\"Juliana Laviola\"\/>\n\t<link rel=\"canonical\" href=\"https:\/\/anoticiaonline.com.br\/site\/chuvas-levam-empresa-de-onibus-a-interromper-viagens-ao-alto-do-castelo\/\" \/>\n\t<meta name=\"generator\" content=\"All in One SEO (AIOSEO) 5.0.0.1\" \/>\n\t\t<meta property=\"og:locale\" content=\"pt_BR\" \/>\n\t\t<meta property=\"og:site_name\" content=\"A Not\u00edcia Online - Noticias de Muria\u00e9 e regi\u00e3o\" \/>\n\t\t<meta property=\"og:type\" content=\"article\" \/>\n\t\t<meta property=\"og:title\" content=\"Chuvas levam empresa de \u00f4nibus a interromper viagens ao Alto do Castelo - A Not\u00edcia Online\" \/>\n\t\t<meta property=\"og:description\" content=\"Atrav\u00e9s de documento enviado ao Departamento Municipal de Transportes e Tr\u00e2nsito (Demuttran), a empresa Coletivos Muriaeense comunicou a interrup\u00e7\u00e3o tempor\u00e1ria das viagens realizadas pela linha Circular ao bairro Vale do Castelo. A via\u00e7\u00e3o alega que a paralisa\u00e7\u00e3o no servi\u00e7o se d\u00e1 por quest\u00f5es de seguran\u00e7a, afirmando que, em raz\u00e3o das chuvas recentes e que devem\" \/>\n\t\t<meta property=\"og:url\" content=\"https:\/\/anoticiaonline.com.br\/site\/chuvas-levam-empresa-de-onibus-a-interromper-viagens-ao-alto-do-castelo\/\" \/>\n\t\t<meta property=\"og:image\" content=\"https:\/\/scontent-gig4-1.xx.fbcdn.net\/v\/t39.30808-1\/270437624_4564083193639691_6907940295614233970_n.jpg?stp=dst-jpg_s200x200_tt6&#038;_nc_cat=111&#038;ccb=1-7&#038;_nc_sid=f907e8&#038;_nc_ohc=SM1wRlP3lJwQ7kNvwEPuBYA&#038;_nc_oc=AdnqrjDN_BNjSSHWO-GbkIWH6fkGMLw4bqvL_NH6e2wMveX7G-rP2dAqsDSq1mJMOaY&#038;_nc_zt=24&#038;_nc_ht=scontent-gig4-1.xx&#038;_nc_gid=AoBFJeGrT1hVaew_6rchkQ&#038;oh=00_AfX7QmFGhQhG2jAllVgXCiM1ZrWgvtp80-Bfppyexh1QEg&#038;oe=689E923C\" \/>\n\t\t<meta property=\"og:image:secure_url\" content=\"https:\/\/scontent-gig4-1.xx.fbcdn.net\/v\/t39.30808-1\/270437624_4564083193639691_6907940295614233970_n.jpg?stp=dst-jpg_s200x200_tt6&#038;_nc_cat=111&#038;ccb=1-7&#038;_nc_sid=f907e8&#038;_nc_ohc=SM1wRlP3lJwQ7kNvwEPuBYA&#038;_nc_oc=AdnqrjDN_BNjSSHWO-GbkIWH6fkGMLw4bqvL_NH6e2wMveX7G-rP2dAqsDSq1mJMOaY&#038;_nc_zt=24&#038;_nc_ht=scontent-gig4-1.xx&#038;_nc_gid=AoBFJeGrT1hVaew_6rchkQ&#038;oh=00_AfX7QmFGhQhG2jAllVgXCiM1ZrWgvtp80-Bfppyexh1QEg&#038;oe=689E923C\" \/>\n\t\t<meta property=\"article:published_time\" content=\"2015-11-17T19:07:35+00:00\" \/>\n\t\t<meta property=\"article:modified_time\" content=\"2015-11-17T19:07:35+00:00\" \/>\n\t\t<meta name=\"twitter:card\" content=\"summary_large_image\" \/>\n\t\t<meta name=\"twitter:title\" content=\"Chuvas levam empresa de \u00f4nibus a interromper viagens ao Alto do Castelo - A Not\u00edcia Online\" \/>\n\t\t<meta name=\"twitter:description\" content=\"Atrav\u00e9s de documento enviado ao Departamento Municipal de Transportes e Tr\u00e2nsito (Demuttran), a empresa Coletivos Muriaeense comunicou a interrup\u00e7\u00e3o tempor\u00e1ria das viagens realizadas pela linha Circular ao bairro Vale do Castelo. A via\u00e7\u00e3o alega que a paralisa\u00e7\u00e3o no servi\u00e7o se d\u00e1 por quest\u00f5es de seguran\u00e7a, afirmando que, em raz\u00e3o das chuvas recentes e que devem\" \/>\n\t\t<meta name=\"twitter:image\" content=\"https:\/\/scontent-gig4-1.xx.fbcdn.net\/v\/t39.30808-1\/270437624_4564083193639691_6907940295614233970_n.jpg?stp=dst-jpg_s200x200_tt6&amp;_nc_cat=111&amp;ccb=1-7&amp;_nc_sid=f907e8&amp;_nc_ohc=SM1wRlP3lJwQ7kNvwEPuBYA&amp;_nc_oc=AdnqrjDN_BNjSSHWO-GbkIWH6fkGMLw4bqvL_NH6e2wMveX7G-rP2dAqsDSq1mJMOaY&amp;_nc_zt=24&amp;_nc_ht=scontent-gig4-1.xx&amp;_nc_gid=AoBFJeGrT1hVaew_6rchkQ&amp;oh=00_AfX7QmFGhQhG2jAllVgXCiM1ZrWgvtp80-Bfppyexh1QEg&amp;oe=689E923C\" \/>\n\t\t<script type=\"application\/ld+json\" class=\"aioseo-schema\">\n\t\t\t{\"@context\":\"https:\\\/\\\/schema.org\",\"@graph\":[{\"@type\":\"BlogPosting\",\"@id\":\"https:\\\/\\\/anoticiaonline.com.br\\\/site\\\/chuvas-levam-empresa-de-onibus-a-interromper-viagens-ao-alto-do-castelo\\\/#blogposting\",\"name\":\"Chuvas levam empresa de \\u00f4nibus a interromper viagens ao Alto do Castelo - A Not\\u00edcia Online\",\"headline\":\"Chuvas levam empresa de \\u00f4nibus a interromper viagens ao Alto do Castelo\",\"author\":{\"@id\":\"https:\\\/\\\/anoticiaonline.com.br\\\/site\\\/author\\\/juliana\\\/#author\"},\"publisher\":{\"@id\":\"https:\\\/\\\/anoticiaonline.com.br\\\/site\\\/#organization\"},\"image\":{\"@type\":\"ImageObject\",\"url\":\"https:\\\/\\\/anoticiaonline.com.br\\\/site\\\/wp-content\\\/uploads\\\/2015\\\/11\\\/rua.jpg\",\"width\":640,\"height\":426},\"datePublished\":\"2015-11-17T16:07:35-03:00\",\"dateModified\":\"2015-11-17T16:07:35-03:00\",\"inLanguage\":\"pt-BR\",\"mainEntityOfPage\":{\"@id\":\"https:\\\/\\\/anoticiaonline.com.br\\\/site\\\/chuvas-levam-empresa-de-onibus-a-interromper-viagens-ao-alto-do-castelo\\\/#webpage\"},\"isPartOf\":{\"@id\":\"https:\\\/\\\/anoticiaonline.com.br\\\/site\\\/chuvas-levam-empresa-de-onibus-a-interromper-viagens-ao-alto-do-castelo\\\/#webpage\"},\"articleSection\":\"Blog, slide\"},{\"@type\":\"BreadcrumbList\",\"@id\":\"https:\\\/\\\/anoticiaonline.com.br\\\/site\\\/chuvas-levam-empresa-de-onibus-a-interromper-viagens-ao-alto-do-castelo\\\/#breadcrumblist\",\"itemListElement\":[{\"@type\":\"ListItem\",\"@id\":\"https:\\\/\\\/anoticiaonline.com.br\\\/site#listItem\",\"position\":1,\"name\":\"Home\",\"item\":\"https:\\\/\\\/anoticiaonline.com.br\\\/site\",\"nextItem\":{\"@type\":\"ListItem\",\"@id\":\"https:\\\/\\\/anoticiaonline.com.br\\\/site\\\/categoria\\\/muriae\\\/#listItem\",\"name\":\"Blog\"}},{\"@type\":\"ListItem\",\"@id\":\"https:\\\/\\\/anoticiaonline.com.br\\\/site\\\/categoria\\\/muriae\\\/#listItem\",\"position\":2,\"name\":\"Blog\",\"item\":\"https:\\\/\\\/anoticiaonline.com.br\\\/site\\\/categoria\\\/muriae\\\/\",\"nextItem\":{\"@type\":\"ListItem\",\"@id\":\"https:\\\/\\\/anoticiaonline.com.br\\\/site\\\/chuvas-levam-empresa-de-onibus-a-interromper-viagens-ao-alto-do-castelo\\\/#listItem\",\"name\":\"Chuvas levam empresa de \\u00f4nibus a interromper viagens ao Alto do Castelo\"},\"previousItem\":{\"@type\":\"ListItem\",\"@id\":\"https:\\\/\\\/anoticiaonline.com.br\\\/site#listItem\",\"name\":\"Home\"}},{\"@type\":\"ListItem\",\"@id\":\"https:\\\/\\\/anoticiaonline.com.br\\\/site\\\/chuvas-levam-empresa-de-onibus-a-interromper-viagens-ao-alto-do-castelo\\\/#listItem\",\"position\":3,\"name\":\"Chuvas levam empresa de \\u00f4nibus a interromper viagens ao Alto do Castelo\",\"previousItem\":{\"@type\":\"ListItem\",\"@id\":\"https:\\\/\\\/anoticiaonline.com.br\\\/site\\\/categoria\\\/muriae\\\/#listItem\",\"name\":\"Blog\"}}]},{\"@type\":\"Organization\",\"@id\":\"https:\\\/\\\/anoticiaonline.com.br\\\/site\\\/#organization\",\"name\":\"A Not\\u00edcia Online\",\"description\":\"Noticias de Muria\\u00e9 e regi\\u00e3o\",\"url\":\"https:\\\/\\\/anoticiaonline.com.br\\\/site\\\/\",\"logo\":{\"@type\":\"ImageObject\",\"url\":\"https:\\\/\\\/scontent-gig4-1.xx.fbcdn.net\\\/v\\\/t39.30808-1\\\/270437624_4564083193639691_6907940295614233970_n.jpg?stp=dst-jpg_s200x200_tt6&_nc_cat=111&ccb=1-7&_nc_sid=f907e8&_nc_ohc=SM1wRlP3lJwQ7kNvwEPuBYA&_nc_oc=AdnqrjDN_BNjSSHWO-GbkIWH6fkGMLw4bqvL_NH6e2wMveX7G-rP2dAqsDSq1mJMOaY&_nc_zt=24&_nc_ht=scontent-gig4-1.xx&_nc_gid=AoBFJeGrT1hVaew_6rchkQ&oh=00_AfX7QmFGhQhG2jAllVgXCiM1ZrWgvtp80-Bfppyexh1QEg&oe=689E923C\",\"@id\":\"https:\\\/\\\/anoticiaonline.com.br\\\/site\\\/chuvas-levam-empresa-de-onibus-a-interromper-viagens-ao-alto-do-castelo\\\/#organizationLogo\"},\"image\":{\"@id\":\"https:\\\/\\\/anoticiaonline.com.br\\\/site\\\/chuvas-levam-empresa-de-onibus-a-interromper-viagens-ao-alto-do-castelo\\\/#organizationLogo\"}},{\"@type\":\"Person\",\"@id\":\"https:\\\/\\\/anoticiaonline.com.br\\\/site\\\/author\\\/juliana\\\/#author\",\"url\":\"https:\\\/\\\/anoticiaonline.com.br\\\/site\\\/author\\\/juliana\\\/\",\"name\":\"Juliana Laviola\",\"image\":{\"@type\":\"ImageObject\",\"@id\":\"https:\\\/\\\/anoticiaonline.com.br\\\/site\\\/chuvas-levam-empresa-de-onibus-a-interromper-viagens-ao-alto-do-castelo\\\/#authorImage\",\"url\":\"https:\\\/\\\/secure.gravatar.com\\\/avatar\\\/b8d45f5c699b100dfaf0e543582f38f38bf94cb7ae3a5e9abf8d891a34773335?s=96&d=mm&r=g\",\"width\":96,\"height\":96,\"caption\":\"Juliana Laviola\"}},{\"@type\":\"WebPage\",\"@id\":\"https:\\\/\\\/anoticiaonline.com.br\\\/site\\\/chuvas-levam-empresa-de-onibus-a-interromper-viagens-ao-alto-do-castelo\\\/#webpage\",\"url\":\"https:\\\/\\\/anoticiaonline.com.br\\\/site\\\/chuvas-levam-empresa-de-onibus-a-interromper-viagens-ao-alto-do-castelo\\\/\",\"name\":\"Chuvas levam empresa de \\u00f4nibus a interromper viagens ao Alto do Castelo - A Not\\u00edcia Online\",\"description\":\"Atrav\\u00e9s de documento enviado ao Departamento Municipal de Transportes e Tr\\u00e2nsito (Demuttran), a empresa Coletivos Muriaeense comunicou a interrup\\u00e7\\u00e3o tempor\\u00e1ria das viagens realizadas pela linha Circular ao bairro Vale do Castelo. A via\\u00e7\\u00e3o alega que a paralisa\\u00e7\\u00e3o no servi\\u00e7o se d\\u00e1 por quest\\u00f5es de seguran\\u00e7a, afirmando que, em raz\\u00e3o das chuvas recentes e que devem\",\"inLanguage\":\"pt-BR\",\"isPartOf\":{\"@id\":\"https:\\\/\\\/anoticiaonline.com.br\\\/site\\\/#website\"},\"breadcrumb\":{\"@id\":\"https:\\\/\\\/anoticiaonline.com.br\\\/site\\\/chuvas-levam-empresa-de-onibus-a-interromper-viagens-ao-alto-do-castelo\\\/#breadcrumblist\"},\"author\":{\"@id\":\"https:\\\/\\\/anoticiaonline.com.br\\\/site\\\/author\\\/juliana\\\/#author\"},\"creator\":{\"@id\":\"https:\\\/\\\/anoticiaonline.com.br\\\/site\\\/author\\\/juliana\\\/#author\"},\"image\":{\"@type\":\"ImageObject\",\"url\":\"https:\\\/\\\/anoticiaonline.com.br\\\/site\\\/wp-content\\\/uploads\\\/2015\\\/11\\\/rua.jpg\",\"@id\":\"https:\\\/\\\/anoticiaonline.com.br\\\/site\\\/chuvas-levam-empresa-de-onibus-a-interromper-viagens-ao-alto-do-castelo\\\/#mainImage\",\"width\":640,\"height\":426},\"primaryImageOfPage\":{\"@id\":\"https:\\\/\\\/anoticiaonline.com.br\\\/site\\\/chuvas-levam-empresa-de-onibus-a-interromper-viagens-ao-alto-do-castelo\\\/#mainImage\"},\"datePublished\":\"2015-11-17T16:07:35-03:00\",\"dateModified\":\"2015-11-17T16:07:35-03:00\"},{\"@type\":\"WebSite\",\"@id\":\"https:\\\/\\\/anoticiaonline.com.br\\\/site\\\/#website\",\"url\":\"https:\\\/\\\/anoticiaonline.com.br\\\/site\\\/\",\"name\":\"A Not\\u00edcia Online\",\"description\":\"Noticias de Muria\\u00e9 e regi\\u00e3o\",\"inLanguage\":\"pt-BR\",\"publisher\":{\"@id\":\"https:\\\/\\\/anoticiaonline.com.br\\\/site\\\/#organization\"}}]}\n\t\t<\/script>\n\t\t<!-- All in One SEO -->\n\n","aioseo_head_json":{"title":"Chuvas levam empresa de \u00f4nibus a interromper viagens ao Alto do Castelo - A Not\u00edcia Online","description":"Atrav\u00e9s de documento enviado ao Departamento Municipal de Transportes e Tr\u00e2nsito (Demuttran), a empresa Coletivos Muriaeense comunicou a interrup\u00e7\u00e3o tempor\u00e1ria das viagens realizadas pela linha Circular ao bairro Vale do Castelo. A via\u00e7\u00e3o alega que a paralisa\u00e7\u00e3o no servi\u00e7o se d\u00e1 por quest\u00f5es de seguran\u00e7a, afirmando que, em raz\u00e3o das chuvas recentes e que devem","canonical_url":"https:\/\/anoticiaonline.com.br\/site\/chuvas-levam-empresa-de-onibus-a-interromper-viagens-ao-alto-do-castelo\/","robots":"max-image-preview:large","keywords":"","webmasterTools":{"miscellaneous":""},"schema":{"@context":"https:\/\/schema.org","@graph":[{"@type":"BlogPosting","@id":"https:\/\/anoticiaonline.com.br\/site\/chuvas-levam-empresa-de-onibus-a-interromper-viagens-ao-alto-do-castelo\/#blogposting","name":"Chuvas levam empresa de \u00f4nibus a interromper viagens ao Alto do Castelo - A Not\u00edcia Online","headline":"Chuvas levam empresa de \u00f4nibus a interromper viagens ao Alto do Castelo","author":{"@id":"https:\/\/anoticiaonline.com.br\/site\/author\/juliana\/#author"},"publisher":{"@id":"https:\/\/anoticiaonline.com.br\/site\/#organization"},"image":{"@type":"ImageObject","url":"https:\/\/anoticiaonline.com.br\/site\/wp-content\/uploads\/2015\/11\/rua.jpg","width":640,"height":426},"datePublished":"2015-11-17T16:07:35-03:00","dateModified":"2015-11-17T16:07:35-03:00","inLanguage":"pt-BR","mainEntityOfPage":{"@id":"https:\/\/anoticiaonline.com.br\/site\/chuvas-levam-empresa-de-onibus-a-interromper-viagens-ao-alto-do-castelo\/#webpage"},"isPartOf":{"@id":"https:\/\/anoticiaonline.com.br\/site\/chuvas-levam-empresa-de-onibus-a-interromper-viagens-ao-alto-do-castelo\/#webpage"},"articleSection":"Blog, slide"},{"@type":"BreadcrumbList","@id":"https:\/\/anoticiaonline.com.br\/site\/chuvas-levam-empresa-de-onibus-a-interromper-viagens-ao-alto-do-castelo\/#breadcrumblist","itemListElement":[{"@type":"ListItem","@id":"https:\/\/anoticiaonline.com.br\/site#listItem","position":1,"name":"Home","item":"https:\/\/anoticiaonline.com.br\/site","nextItem":{"@type":"ListItem","@id":"https:\/\/anoticiaonline.com.br\/site\/categoria\/muriae\/#listItem","name":"Blog"}},{"@type":"ListItem","@id":"https:\/\/anoticiaonline.com.br\/site\/categoria\/muriae\/#listItem","position":2,"name":"Blog","item":"https:\/\/anoticiaonline.com.br\/site\/categoria\/muriae\/","nextItem":{"@type":"ListItem","@id":"https:\/\/anoticiaonline.com.br\/site\/chuvas-levam-empresa-de-onibus-a-interromper-viagens-ao-alto-do-castelo\/#listItem","name":"Chuvas levam empresa de \u00f4nibus a interromper viagens ao Alto do Castelo"},"previousItem":{"@type":"ListItem","@id":"https:\/\/anoticiaonline.com.br\/site#listItem","name":"Home"}},{"@type":"ListItem","@id":"https:\/\/anoticiaonline.com.br\/site\/chuvas-levam-empresa-de-onibus-a-interromper-viagens-ao-alto-do-castelo\/#listItem","position":3,"name":"Chuvas levam empresa de \u00f4nibus a interromper viagens ao Alto do Castelo","previousItem":{"@type":"ListItem","@id":"https:\/\/anoticiaonline.com.br\/site\/categoria\/muriae\/#listItem","name":"Blog"}}]},{"@type":"Organization","@id":"https:\/\/anoticiaonline.com.br\/site\/#organization","name":"A Not\u00edcia Online","description":"Noticias de Muria\u00e9 e regi\u00e3o","url":"https:\/\/anoticiaonline.com.br\/site\/","logo":{"@type":"ImageObject","url":"https:\/\/scontent-gig4-1.xx.fbcdn.net\/v\/t39.30808-1\/270437624_4564083193639691_6907940295614233970_n.jpg?stp=dst-jpg_s200x200_tt6&_nc_cat=111&ccb=1-7&_nc_sid=f907e8&_nc_ohc=SM1wRlP3lJwQ7kNvwEPuBYA&_nc_oc=AdnqrjDN_BNjSSHWO-GbkIWH6fkGMLw4bqvL_NH6e2wMveX7G-rP2dAqsDSq1mJMOaY&_nc_zt=24&_nc_ht=scontent-gig4-1.xx&_nc_gid=AoBFJeGrT1hVaew_6rchkQ&oh=00_AfX7QmFGhQhG2jAllVgXCiM1ZrWgvtp80-Bfppyexh1QEg&oe=689E923C","@id":"https:\/\/anoticiaonline.com.br\/site\/chuvas-levam-empresa-de-onibus-a-interromper-viagens-ao-alto-do-castelo\/#organizationLogo"},"image":{"@id":"https:\/\/anoticiaonline.com.br\/site\/chuvas-levam-empresa-de-onibus-a-interromper-viagens-ao-alto-do-castelo\/#organizationLogo"}},{"@type":"Person","@id":"https:\/\/anoticiaonline.com.br\/site\/author\/juliana\/#author","url":"https:\/\/anoticiaonline.com.br\/site\/author\/juliana\/","name":"Juliana Laviola","image":{"@type":"ImageObject","@id":"https:\/\/anoticiaonline.com.br\/site\/chuvas-levam-empresa-de-onibus-a-interromper-viagens-ao-alto-do-castelo\/#authorImage","url":"https:\/\/secure.gravatar.com\/avatar\/b8d45f5c699b100dfaf0e543582f38f38bf94cb7ae3a5e9abf8d891a34773335?s=96&d=mm&r=g","width":96,"height":96,"caption":"Juliana Laviola"}},{"@type":"WebPage","@id":"https:\/\/anoticiaonline.com.br\/site\/chuvas-levam-empresa-de-onibus-a-interromper-viagens-ao-alto-do-castelo\/#webpage","url":"https:\/\/anoticiaonline.com.br\/site\/chuvas-levam-empresa-de-onibus-a-interromper-viagens-ao-alto-do-castelo\/","name":"Chuvas levam empresa de \u00f4nibus a interromper viagens ao Alto do Castelo - A Not\u00edcia Online","description":"Atrav\u00e9s de documento enviado ao Departamento Municipal de Transportes e Tr\u00e2nsito (Demuttran), a empresa Coletivos Muriaeense comunicou a interrup\u00e7\u00e3o tempor\u00e1ria das viagens realizadas pela linha Circular ao bairro Vale do Castelo. A via\u00e7\u00e3o alega que a paralisa\u00e7\u00e3o no servi\u00e7o se d\u00e1 por quest\u00f5es de seguran\u00e7a, afirmando que, em raz\u00e3o das chuvas recentes e que devem","inLanguage":"pt-BR","isPartOf":{"@id":"https:\/\/anoticiaonline.com.br\/site\/#website"},"breadcrumb":{"@id":"https:\/\/anoticiaonline.com.br\/site\/chuvas-levam-empresa-de-onibus-a-interromper-viagens-ao-alto-do-castelo\/#breadcrumblist"},"author":{"@id":"https:\/\/anoticiaonline.com.br\/site\/author\/juliana\/#author"},"creator":{"@id":"https:\/\/anoticiaonline.com.br\/site\/author\/juliana\/#author"},"image":{"@type":"ImageObject","url":"https:\/\/anoticiaonline.com.br\/site\/wp-content\/uploads\/2015\/11\/rua.jpg","@id":"https:\/\/anoticiaonline.com.br\/site\/chuvas-levam-empresa-de-onibus-a-interromper-viagens-ao-alto-do-castelo\/#mainImage","width":640,"height":426},"primaryImageOfPage":{"@id":"https:\/\/anoticiaonline.com.br\/site\/chuvas-levam-empresa-de-onibus-a-interromper-viagens-ao-alto-do-castelo\/#mainImage"},"datePublished":"2015-11-17T16:07:35-03:00","dateModified":"2015-11-17T16:07:35-03:00"},{"@type":"WebSite","@id":"https:\/\/anoticiaonline.com.br\/site\/#website","url":"https:\/\/anoticiaonline.com.br\/site\/","name":"A Not\u00edcia Online","description":"Noticias de Muria\u00e9 e regi\u00e3o","inLanguage":"pt-BR","publisher":{"@id":"https:\/\/anoticiaonline.com.br\/site\/#organization"}}]},"og:locale":"pt_BR","og:site_name":"A Not\u00edcia Online - Noticias de Muria\u00e9 e regi\u00e3o","og:type":"article","og:title":"Chuvas levam empresa de \u00f4nibus a interromper viagens ao Alto do Castelo - A Not\u00edcia Online","og:description":"Atrav\u00e9s de documento enviado ao Departamento Municipal de Transportes e Tr\u00e2nsito (Demuttran), a empresa Coletivos Muriaeense comunicou a interrup\u00e7\u00e3o tempor\u00e1ria das viagens realizadas pela linha Circular ao bairro Vale do Castelo. A via\u00e7\u00e3o alega que a paralisa\u00e7\u00e3o no servi\u00e7o se d\u00e1 por quest\u00f5es de seguran\u00e7a, afirmando que, em raz\u00e3o das chuvas recentes e que devem","og:url":"https:\/\/anoticiaonline.com.br\/site\/chuvas-levam-empresa-de-onibus-a-interromper-viagens-ao-alto-do-castelo\/","og:image":"https:\/\/scontent-gig4-1.xx.fbcdn.net\/v\/t39.30808-1\/270437624_4564083193639691_6907940295614233970_n.jpg?stp=dst-jpg_s200x200_tt6&#038;_nc_cat=111&#038;ccb=1-7&#038;_nc_sid=f907e8&#038;_nc_ohc=SM1wRlP3lJwQ7kNvwEPuBYA&#038;_nc_oc=AdnqrjDN_BNjSSHWO-GbkIWH6fkGMLw4bqvL_NH6e2wMveX7G-rP2dAqsDSq1mJMOaY&#038;_nc_zt=24&#038;_nc_ht=scontent-gig4-1.xx&#038;_nc_gid=AoBFJeGrT1hVaew_6rchkQ&#038;oh=00_AfX7QmFGhQhG2jAllVgXCiM1ZrWgvtp80-Bfppyexh1QEg&#038;oe=689E923C","og:image:secure_url":"https:\/\/scontent-gig4-1.xx.fbcdn.net\/v\/t39.30808-1\/270437624_4564083193639691_6907940295614233970_n.jpg?stp=dst-jpg_s200x200_tt6&#038;_nc_cat=111&#038;ccb=1-7&#038;_nc_sid=f907e8&#038;_nc_ohc=SM1wRlP3lJwQ7kNvwEPuBYA&#038;_nc_oc=AdnqrjDN_BNjSSHWO-GbkIWH6fkGMLw4bqvL_NH6e2wMveX7G-rP2dAqsDSq1mJMOaY&#038;_nc_zt=24&#038;_nc_ht=scontent-gig4-1.xx&#038;_nc_gid=AoBFJeGrT1hVaew_6rchkQ&#038;oh=00_AfX7QmFGhQhG2jAllVgXCiM1ZrWgvtp80-Bfppyexh1QEg&#038;oe=689E923C","article:published_time":"2015-11-17T19:07:35+00:00","article:modified_time":"2015-11-17T19:07:35+00:00","twitter:card":"summary_large_image","twitter:title":"Chuvas levam empresa de \u00f4nibus a interromper viagens ao Alto do Castelo - A Not\u00edcia Online","twitter:description":"Atrav\u00e9s de documento enviado ao Departamento Municipal de Transportes e Tr\u00e2nsito (Demuttran), a empresa Coletivos Muriaeense comunicou a interrup\u00e7\u00e3o tempor\u00e1ria das viagens realizadas pela linha Circular ao bairro Vale do Castelo. A via\u00e7\u00e3o alega que a paralisa\u00e7\u00e3o no servi\u00e7o se d\u00e1 por quest\u00f5es de seguran\u00e7a, afirmando que, em raz\u00e3o das chuvas recentes e que devem","twitter:image":"https:\/\/scontent-gig4-1.xx.fbcdn.net\/v\/t39.30808-1\/270437624_4564083193639691_6907940295614233970_n.jpg?stp=dst-jpg_s200x200_tt6&_nc_cat=111&ccb=1-7&_nc_sid=f907e8&_nc_ohc=SM1wRlP3lJwQ7kNvwEPuBYA&_nc_oc=AdnqrjDN_BNjSSHWO-GbkIWH6fkGMLw4bqvL_NH6e2wMveX7G-rP2dAqsDSq1mJMOaY&_nc_zt=24&_nc_ht=scontent-gig4-1.xx&_nc_gid=AoBFJeGrT1hVaew_6rchkQ&oh=00_AfX7QmFGhQhG2jAllVgXCiM1ZrWgvtp80-Bfppyexh1QEg&oe=689E923C"},"aioseo_meta_data":{"post_id":"6482","title":null,"description":null,"keywords":null,"keyphrases":null,"primary_term":null,"canonical_url":null,"og_title":null,"og_description":null,"og_object_type":"default","og_image_type":"default","og_image_url":null,"og_image_width":null,"og_image_height":null,"og_image_custom_url":null,"og_image_custom_fields":null,"og_video":null,"og_custom_url":null,"og_article_section":null,"og_article_tags":null,"twitter_use_og":false,"twitter_card":"default","twitter_image_type":"default","twitter_image_url":null,"twitter_image_custom_url":null,"twitter_image_custom_fields":null,"twitter_title":null,"twitter_description":null,"schema":{"blockGraphs":[],"customGraphs":[],"default":{"data":{"Article":[],"Course":[],"Dataset":[],"FAQPage":[],"Movie":[],"Person":[],"Product":[],"ProductReview":[],"Car":[],"Recipe":[],"Service":[],"SoftwareApplication":[],"WebPage":[]},"graphName":"","isEnabled":true},"graphs":[]},"schema_type":"default","schema_type_options":null,"pillar_content":false,"robots_default":true,"robots_noindex":false,"robots_noarchive":false,"robots_nosnippet":false,"robots_nofollow":false,"robots_noimageindex":false,"robots_noodp":false,"robots_notranslate":false,"robots_max_snippet":null,"robots_max_videopreview":null,"robots_max_imagepreview":"large","priority":null,"frequency":null,"local_seo":null,"breadcrumb_settings":null,"limit_modified_date":false,"ai":null,"created":"2025-08-16 13:59:02","updated":"2025-08-16 13:59:02","focus_keyword":null,"additional_keywords":null,"truseo_locale":null,"seo_analyzer_scan_date":null},"aioseo_breadcrumb":"<div class=\"aioseo-breadcrumbs\"><span class=\"aioseo-breadcrumb\">\n\t\t\t<a href=\"https:\/\/anoticiaonline.com.br\/site\" title=\"Home\">Home<\/a>\n\t\t<\/span><span class=\"aioseo-breadcrumb-separator\">&raquo;<\/span><span class=\"aioseo-breadcrumb\">\n\t\t\t<a href=\"https:\/\/anoticiaonline.com.br\/site\/categoria\/muriae\/\" title=\"Blog\">Blog<\/a>\n\t\t<\/span><span class=\"aioseo-breadcrumb-separator\">&raquo;<\/span><span class=\"aioseo-breadcrumb\">\n\t\t\tChuvas levam empresa de \u00f4nibus a interromper viagens ao Alto do Castelo\n\t\t<\/span><\/div>","aioseo_breadcrumb_json":[{"label":"Home","link":"https:\/\/anoticiaonline.com.br\/site"},{"label":"Blog","link":"https:\/\/anoticiaonline.com.br\/site\/categoria\/muriae\/"},{"label":"Chuvas levam empresa de \u00f4nibus a interromper viagens ao Alto do Castelo","link":"https:\/\/anoticiaonline.com.br\/site\/chuvas-levam-empresa-de-onibus-a-interromper-viagens-ao-alto-do-castelo\/"}],"views":151,"_links":{"self":[{"href":"https:\/\/anoticiaonline.com.br\/site\/wp-json\/wp\/v2\/posts\/6482","targetHints":{"allow":["GET"]}}],"collection":[{"href":"https:\/\/anoticiaonline.com.br\/site\/wp-json\/wp\/v2\/posts"}],"about":[{"href":"https:\/\/anoticiaonline.com.br\/site\/wp-json\/wp\/v2\/types\/post"}],"author":[{"embeddable":true,"href":"https:\/\/anoticiaonline.com.br\/site\/wp-json\/wp\/v2\/users\/2"}],"replies":[{"embeddable":true,"href":"https:\/\/anoticiaonline.com.br\/site\/wp-json\/wp\/v2\/comments?post=6482"}],"version-history":[{"count":0,"href":"https:\/\/anoticiaonline.com.br\/site\/wp-json\/wp\/v2\/posts\/6482\/revisions"}],"wp:featuredmedia":[{"embeddable":true,"href":"https:\/\/anoticiaonline.com.br\/site\/wp-json\/wp\/v2\/media\/6418"}],"wp:attachment":[{"href":"https:\/\/anoticiaonline.com.br\/site\/wp-json\/wp\/v2\/media?parent=6482"}],"wp:term":[{"taxonomy":"category","embeddable":true,"href":"https:\/\/anoticiaonline.com.br\/site\/wp-json\/wp\/v2\/categories?post=6482"},{"taxonomy":"post_tag","embeddable":true,"href":"https:\/\/anoticiaonline.com.br\/site\/wp-json\/wp\/v2\/tags?post=6482"}],"curies":[{"name":"wp","href":"https:\/\/api.w.org\/{rel}","templated":true}]}}